{"id":1004,"date":"2015-07-23T09:51:31","date_gmt":"2015-07-23T09:51:31","guid":{"rendered":"http:\/\/www.ahmadiyya-islam.org\/es\/?p=1004"},"modified":"2015-07-30T09:56:00","modified_gmt":"2015-07-30T09:56:00","slug":"lider-de-la-comunidad-musulmana-ahmadia-pronuncia-el-sermon-del-eid-en-londres","status":"publish","type":"post","link":"https:\/\/www.ahmadiyya-islam.org\/es\/comunicados-de-prensa\/lider-de-la-comunidad-musulmana-ahmadia-pronuncia-el-sermon-del-eid-en-londres\/","title":{"rendered":"L\u00edder de la Comunidad musulmana Ahmad\u00eda pronuncia el serm\u00f3n del Eid en Londres"},"content":{"rendered":"<p><strong>Hazrat Mirza Masrur Ahmad or\u00f3 por la paz en el mundo<\/strong><\/p>\n<p>El<em> l\u00edder mundial de la Comunidad musulmana Ahmad\u00eda, el Quinto Jalifa<\/em>, Su Santidad, Hazrat Mirza Masrur Ahmad, pronunci\u00f3 el serm\u00f3n del <em>Eid-ul-Fitr<\/em> el 19 de julio de 2015 en la mezquita de <em>Baitul Futuh<\/em> de Londres.<\/p>\n<p>Refiri\u00e9ndose a la importancia del Eid, Hazrat Mirza Masrur Ahmad dijo:<\/p>\n<blockquote><p><strong>\u201cHoy los j\u00f3venes y los mayores, hombres y mujeres se han reunido porque este d\u00eda tiene un significado especial. El Islam ha decretado el d\u00eda de Eid como un d\u00eda de felicidad en el cual los musulmanes deben juntarse con sus seres queridos.\u201d<\/strong><\/p><\/blockquote>\n<p><a href=\"http:\/\/www.ahmadiyya-islam.org\/es\/wp-content\/uploads\/sites\/10\/2015\/07\/2015-07-19-Eid-ul-Fitr-002.jpg\"><img loading=\"lazy\" decoding=\"async\" class=\"alignnone size-full wp-image-1005\" src=\"http:\/\/www.ahmadiyya-islam.org\/es\/wp-content\/uploads\/sites\/10\/2015\/07\/2015-07-19-Eid-ul-Fitr-002.jpg\" alt=\"2015-07-19-Eid-ul-Fitr-002\" width=\"1467\" height=\"989\" srcset=\"https:\/\/www.ahmadiyya-islam.org\/es\/wp-content\/uploads\/sites\/10\/2015\/07\/2015-07-19-Eid-ul-Fitr-002.jpg 1467w, https:\/\/www.ahmadiyya-islam.org\/es\/wp-content\/uploads\/sites\/10\/2015\/07\/2015-07-19-Eid-ul-Fitr-002-300x202.jpg 300w, https:\/\/www.ahmadiyya-islam.org\/es\/wp-content\/uploads\/sites\/10\/2015\/07\/2015-07-19-Eid-ul-Fitr-002-1024x690.jpg 1024w\" sizes=\"auto, (max-width: 1467px) 100vw, 1467px\" \/><\/a>Su Santidad dijo que diferentes naciones y comunidades celebran distintos festivales y el \u00fanico prop\u00f3sito es disfrutar y recrearse. No obstante, los d\u00edas de celebraci\u00f3n isl\u00e1mica gu\u00edan a la humanidad para que cumplan los derechos de Dios y el servicio humanitario.<\/p>\n<p>Hazrat Mirza Masrur Ahmad dijo:<\/p>\n<blockquote><p><strong>\u201cUn aspecto distintivo del Eid es que los musulmanes tienen la responsabilidad de congregarse en la mezquita, ofrecer la oraci\u00f3n del Eid y escuchar el serm\u00f3n. El prop\u00f3sito de esta instrucci\u00f3n es que cuando la gente se junte para celebrar y disfrutar de su d\u00eda de Eid, tambi\u00e9n deben reunirse para escuchar las palabras de Dios Todopoderoso y adorarLe.\u201d<\/strong><\/p><\/blockquote>\n<p><a href=\"http:\/\/www.ahmadiyya-islam.org\/es\/wp-content\/uploads\/sites\/10\/2015\/07\/2015-07-19-Eid-ul-Fitr-003.jpg\"><img loading=\"lazy\" decoding=\"async\" class=\"alignnone size-full wp-image-1006\" src=\"http:\/\/www.ahmadiyya-islam.org\/es\/wp-content\/uploads\/sites\/10\/2015\/07\/2015-07-19-Eid-ul-Fitr-003.jpg\" alt=\"2015-07-19-Eid-ul-Fitr-003\" width=\"1464\" height=\"895\" srcset=\"https:\/\/www.ahmadiyya-islam.org\/es\/wp-content\/uploads\/sites\/10\/2015\/07\/2015-07-19-Eid-ul-Fitr-003.jpg 1464w, https:\/\/www.ahmadiyya-islam.org\/es\/wp-content\/uploads\/sites\/10\/2015\/07\/2015-07-19-Eid-ul-Fitr-003-300x183.jpg 300w, https:\/\/www.ahmadiyya-islam.org\/es\/wp-content\/uploads\/sites\/10\/2015\/07\/2015-07-19-Eid-ul-Fitr-003-1024x626.jpg 1024w\" sizes=\"auto, (max-width: 1464px) 100vw, 1464px\" \/><\/a>Hazrat Mirza Masrur Ahmad continu\u00f3 diciendo:<\/p>\n<blockquote><p><strong>\u201cLos musulmanes son conscientes de que durante las celebraciones del Eid no deben olvidarse de cumplir con los derechos que corresponden a Dios ni de aquellos que corresponden a la creaci\u00f3n de Dios.\u201d<\/strong><\/p><\/blockquote>\n<p>Hazrat Mirza Masrur Ahmad dijo que el Islam ense\u00f1a a los musulmanes a dar precedencia a las instrucciones de Dios sobre sus propios deseos.<\/p>\n<p>Hazrat Mirza Masrur Ahmad said:<\/p>\n<blockquote><p><strong>\u201cEl Islam nos ense\u00f1a que nunca se debe renunciar a la verdad a cambio de cumplir con los derechos de uno mismo y nunca se debe declarar como legal aquello que es ilegal. En lugar de ello, uno debe adherirse a los l\u00edmites establecidos por Dios Todopoderoso. Por ejemplo, una persona que disfruta de una buena situaci\u00f3n financiera puede comprar algo que sea legal. Sin embargo, si una persona que no puede permitirse comprar algo trata de adquirirlo utilizando medios ilegales o incurriendo en una deuda enorme con el prop\u00f3sito de satisfacer sus deseos personales, su situaci\u00f3n es similar a la de aquel que da preferencia a sus propios deseos ego\u00edstas por encima de las instrucciones de Dios Todopoderoso.\u201d<\/strong><\/p><\/blockquote>\n<p>Hazrat Mirza Masrur Ahmad dijo que el Islam no proh\u00edbe a la gente cumplir con sus propios derechos. De hecho, Dios nos ordena cumplir con nuestros propios derechos as\u00ed como los de nuestros seres queridos y dem\u00e1s.<\/p>\n<p>Sin embargo, cuando tratemos de cumplir con nuestros propios derechos, no debemos ser ego\u00edstas. Su Santidad cit\u00f3 el ejemplo de un compa\u00f1ero del Santo Profeta del Islam (la paz sea con \u00e9l) que pose\u00eda muchas riquezas, sin embargo, nunca fue ego\u00edsta y en una ocasi\u00f3n don\u00f3 una caravana de 700 camellos cargados con riquezas por la causa de Dios.<\/p>\n<p>Durante su serm\u00f3n, Su Santidad habl\u00f3 con pesar sobre el estado lamentable del mundo musulm\u00e1n.<\/p>\n<p>Hazrat Mirza Masrur Ahmad dijo:<\/p>\n<blockquote><p><strong>\u201cActualmente las injusticias perpetradas por ciertos musulmanes no s\u00f3lo est\u00e1n difamando el Islam sino que adem\u00e1s son una forma de despreciar los valores humanos m\u00e1s b\u00e1sicos. Uno tiembla al ver los actos inhumanos que est\u00e1n teniendo lugar en el mundo musulm\u00e1n. Vemos a musulmanes matando a musulmanes y acabando con las vidas de ni\u00f1os inocentes. Incluso este d\u00eda de Eid, que es un d\u00eda de celebraci\u00f3n y alegr\u00eda, se ha transformado en un d\u00eda de luto. No muestran compasi\u00f3n y se enorgullecen de su crueldad. Justifican el derramamiento de sangre y el asesinato en las diferencias sectarias o las distintas creencias de las v\u00edctimas.\u201d<\/strong><\/p><\/blockquote>\n<p>Hazrat Mirza Masrur Ahmad continu\u00f3 diciendo:<\/p>\n<blockquote><p><strong>\u201cEn algunos pa\u00edses musulmanes los gobiernos est\u00e1n actuando de forma injusta para que su poder no se vea amenazado, mientras que la oposici\u00f3n act\u00faa de forma injusta para derrocar a los gobiernos incluso a costa de vidas inocentes. Y la mayor injusticia es que todo esto se est\u00e1 perpetrando en nombre de la religi\u00f3n de Dios Todopoderoso y Su Profeta (la paz sea con \u00e9l) y en nombre del Islam.\u201d<\/strong><\/p><\/blockquote>\n<p>Hazrat Mirza Masrur Ahmad dijo que s\u00f3lo a trav\u00e9s de la oraci\u00f3n el Islam progresar\u00e1. Su Santidad dijo que todos los musulmanes \u00c1hmadis deben orar por la paz en el mundo.<\/p>\n<p>Hazrat Mirza Masrur Ahmad dijo:<\/p>\n<blockquote><p><strong>\u201cHoy, si un musulm\u00e1n \u00c1hmadi desea celebrar el Eid en el verdadero sentido de la palabra, debe tratar de obtener las bendiciones del verdadero Eid llevando a cabo una reforma moral interna. Tambi\u00e9n debe esforzarse en liberar al mundo de las injusticias y orar continua y firmemente para que el mundo musulm\u00e1n se vea liberado del desorden y de los problemas en los que se ha sumergido.\u201d<\/strong><\/p><\/blockquote>\n","protected":false},"excerpt":{"rendered":"<p>Hazrat Mirza Masrur Ahmad or\u00f3 por la paz en el mundo El l\u00edder mundial de la Comunidad musulmana Ahmad\u00eda, el Quinto Jalifa, Su Santidad, Hazrat Mirza Masrur Ahmad, pronunci\u00f3 el serm\u00f3n del Eid-ul-Fitr el 19 de julio de 2015 en la mezquita de Baitul Futuh de Londres. Refiri\u00e9ndose a la importancia del Eid, Hazrat Mirza<\/p>\n","protected":false},"author":15,"featured_media":1007,"comment_status":"closed","ping_status":"closed","sticky":false,"template":"","format":"standard","meta":{"_acf_changed":false,"footnotes":""},"categories":[1],"tags":[14],"authors":[],"content_source":[],"class_list":["post-1004","post","type-post","status-publish","format-standard","has-post-thumbnail","hentry","category-comunicados-de-prensa","tag-londres","topics-eid"],"acf":[],"yoast_head":"<!-- This site is optimized with the Yoast SEO Premium plugin v21.1 (Yoast SEO v27.4) - https:\/\/yoast.com\/product\/yoast-seo-premium-wordpress\/ -->\n<title>L\u00edder de la Comunidad musulmana Ahmad\u00eda pronuncia el serm\u00f3n del Eid en Londres<\/title>\n<meta name=\"description\" content=\"Hazrat Mirza Masrur Ahmad or\u00f3 por la paz en el mundo El l\u00edder mundial de la Comunidad musulmana Ahmad\u00eda, el Quinto Jalifa, Su Santidad, Hazrat Mirza\" \/>\n<meta name=\"robots\" content=\"index, follow, max-snippet:-1, max-image-preview:large, max-video-preview:-1\" \/>\n<link rel=\"canonical\" href=\"https:\/\/www.ahmadiyya-islam.org\/es\/comunicados-de-prensa\/lider-de-la-comunidad-musulmana-ahmadia-pronuncia-el-sermon-del-eid-en-londres\/\" \/>\n<meta property=\"og:locale\" content=\"es_ES\" \/>\n<meta property=\"og:type\" content=\"article\" \/>\n<meta property=\"og:title\" content=\"L\u00edder de la Comunidad musulmana Ahmad\u00eda pronuncia el serm\u00f3n del Eid en Londres\" \/>\n<meta property=\"og:description\" content=\"Hazrat Mirza Masrur Ahmad or\u00f3 por la paz en el mundo El l\u00edder mundial de la Comunidad musulmana Ahmad\u00eda, el Quinto Jalifa, Su Santidad, Hazrat Mirza\" \/>\n<meta property=\"og:url\" content=\"https:\/\/www.ahmadiyya-islam.org\/es\/comunicados-de-prensa\/lider-de-la-comunidad-musulmana-ahmadia-pronuncia-el-sermon-del-eid-en-londres\/\" \/>\n<meta property=\"og:site_name\" content=\"Comunidad Musulmana Ahmad\u00eda\" \/>\n<meta property=\"article:published_time\" content=\"2015-07-23T09:51:31+00:00\" \/>\n<meta property=\"article:modified_time\" content=\"2015-07-30T09:56:00+00:00\" \/>\n<meta property=\"og:image\" content=\"https:\/\/www.ahmadiyya-islam.org\/es\/wp-content\/uploads\/sites\/10\/2015\/07\/2015-07-19-Eid-ul-Fitr-001.jpg\" \/>\n\t<meta property=\"og:image:width\" content=\"1464\" \/>\n\t<meta property=\"og:image:height\" content=\"700\" \/>\n\t<meta property=\"og:image:type\" content=\"image\/jpeg\" \/>\n<meta name=\"author\" content=\"es1tarikara\" \/>\n<meta name=\"twitter:card\" content=\"summary_large_image\" \/>\n<meta name=\"twitter:label1\" content=\"Written by\" \/>\n\t<meta name=\"twitter:data1\" content=\"es1tarikara\" \/>\n\t<meta name=\"twitter:label2\" content=\"Est. reading time\" \/>\n\t<meta name=\"twitter:data2\" content=\"4 minutes\" \/>\n<script type=\"application\/ld+json\" class=\"yoast-schema-graph\">{\"@context\":\"https:\\\/\\\/schema.org\",\"@graph\":[{\"@type\":\"Article\",\"@id\":\"https:\\\/\\\/www.ahmadiyya-islam.org\\\/es\\\/comunicados-de-prensa\\\/lider-de-la-comunidad-musulmana-ahmadia-pronuncia-el-sermon-del-eid-en-londres\\\/#article\",\"isPartOf\":{\"@id\":\"https:\\\/\\\/www.ahmadiyya-islam.org\\\/es\\\/comunicados-de-prensa\\\/lider-de-la-comunidad-musulmana-ahmadia-pronuncia-el-sermon-del-eid-en-londres\\\/\"},\"author\":{\"name\":\"es1tarikara\",\"@id\":\"https:\\\/\\\/www.ahmadiyya-islam.org\\\/es\\\/#\\\/schema\\\/person\\\/ac4c08c7012bbfe73a43476371042f59\"},\"headline\":\"L\u00edder de la Comunidad musulmana Ahmad\u00eda pronuncia el serm\u00f3n del Eid en Londres\",\"datePublished\":\"2015-07-23T09:51:31+00:00\",\"dateModified\":\"2015-07-30T09:56:00+00:00\",\"mainEntityOfPage\":{\"@id\":\"https:\\\/\\\/www.ahmadiyya-islam.org\\\/es\\\/comunicados-de-prensa\\\/lider-de-la-comunidad-musulmana-ahmadia-pronuncia-el-sermon-del-eid-en-londres\\\/\"},\"wordCount\":867,\"publisher\":{\"@id\":\"https:\\\/\\\/www.ahmadiyya-islam.org\\\/es\\\/#organization\"},\"image\":{\"@id\":\"https:\\\/\\\/www.ahmadiyya-islam.org\\\/es\\\/comunicados-de-prensa\\\/lider-de-la-comunidad-musulmana-ahmadia-pronuncia-el-sermon-del-eid-en-londres\\\/#primaryimage\"},\"thumbnailUrl\":\"https:\\\/\\\/www.ahmadiyya-islam.org\\\/es\\\/wp-content\\\/uploads\\\/sites\\\/10\\\/2015\\\/07\\\/2015-07-19-Eid-ul-Fitr-001.jpg\",\"keywords\":[\"Londres\"],\"articleSection\":[\"Comunicados de prensa\"],\"inLanguage\":\"es-ES\"},{\"@type\":\"WebPage\",\"@id\":\"https:\\\/\\\/www.ahmadiyya-islam.org\\\/es\\\/comunicados-de-prensa\\\/lider-de-la-comunidad-musulmana-ahmadia-pronuncia-el-sermon-del-eid-en-londres\\\/\",\"url\":\"https:\\\/\\\/www.ahmadiyya-islam.org\\\/es\\\/comunicados-de-prensa\\\/lider-de-la-comunidad-musulmana-ahmadia-pronuncia-el-sermon-del-eid-en-londres\\\/\",\"name\":\"L\u00edder de la Comunidad musulmana Ahmad\u00eda pronuncia el serm\u00f3n del Eid en Londres\",\"isPartOf\":{\"@id\":\"https:\\\/\\\/www.ahmadiyya-islam.org\\\/es\\\/#website\"},\"primaryImageOfPage\":{\"@id\":\"https:\\\/\\\/www.ahmadiyya-islam.org\\\/es\\\/comunicados-de-prensa\\\/lider-de-la-comunidad-musulmana-ahmadia-pronuncia-el-sermon-del-eid-en-londres\\\/#primaryimage\"},\"image\":{\"@id\":\"https:\\\/\\\/www.ahmadiyya-islam.org\\\/es\\\/comunicados-de-prensa\\\/lider-de-la-comunidad-musulmana-ahmadia-pronuncia-el-sermon-del-eid-en-londres\\\/#primaryimage\"},\"thumbnailUrl\":\"https:\\\/\\\/www.ahmadiyya-islam.org\\\/es\\\/wp-content\\\/uploads\\\/sites\\\/10\\\/2015\\\/07\\\/2015-07-19-Eid-ul-Fitr-001.jpg\",\"datePublished\":\"2015-07-23T09:51:31+00:00\",\"dateModified\":\"2015-07-30T09:56:00+00:00\",\"description\":\"Hazrat Mirza Masrur Ahmad or\u00f3 por la paz en el mundo El l\u00edder mundial de la Comunidad musulmana Ahmad\u00eda, el Quinto Jalifa, Su Santidad, Hazrat Mirza\",\"breadcrumb\":{\"@id\":\"https:\\\/\\\/www.ahmadiyya-islam.org\\\/es\\\/comunicados-de-prensa\\\/lider-de-la-comunidad-musulmana-ahmadia-pronuncia-el-sermon-del-eid-en-londres\\\/#breadcrumb\"},\"inLanguage\":\"es-ES\",\"potentialAction\":[{\"@type\":\"ReadAction\",\"target\":[\"https:\\\/\\\/www.ahmadiyya-islam.org\\\/es\\\/comunicados-de-prensa\\\/lider-de-la-comunidad-musulmana-ahmadia-pronuncia-el-sermon-del-eid-en-londres\\\/\"]}]},{\"@type\":\"ImageObject\",\"inLanguage\":\"es-ES\",\"@id\":\"https:\\\/\\\/www.ahmadiyya-islam.org\\\/es\\\/comunicados-de-prensa\\\/lider-de-la-comunidad-musulmana-ahmadia-pronuncia-el-sermon-del-eid-en-londres\\\/#primaryimage\",\"url\":\"https:\\\/\\\/www.ahmadiyya-islam.org\\\/es\\\/wp-content\\\/uploads\\\/sites\\\/10\\\/2015\\\/07\\\/2015-07-19-Eid-ul-Fitr-001.jpg\",\"contentUrl\":\"https:\\\/\\\/www.ahmadiyya-islam.org\\\/es\\\/wp-content\\\/uploads\\\/sites\\\/10\\\/2015\\\/07\\\/2015-07-19-Eid-ul-Fitr-001.jpg\",\"width\":1464,\"height\":700},{\"@type\":\"BreadcrumbList\",\"@id\":\"https:\\\/\\\/www.ahmadiyya-islam.org\\\/es\\\/comunicados-de-prensa\\\/lider-de-la-comunidad-musulmana-ahmadia-pronuncia-el-sermon-del-eid-en-londres\\\/#breadcrumb\",\"itemListElement\":[{\"@type\":\"ListItem\",\"position\":1,\"name\":\"Home\",\"item\":\"https:\\\/\\\/www.ahmadiyya-islam.org\\\/es\\\/\"},{\"@type\":\"ListItem\",\"position\":2,\"name\":\"L\u00edder de la Comunidad musulmana Ahmad\u00eda pronuncia el serm\u00f3n del Eid en Londres\"}]},{\"@type\":\"WebSite\",\"@id\":\"https:\\\/\\\/www.ahmadiyya-islam.org\\\/es\\\/#website\",\"url\":\"https:\\\/\\\/www.ahmadiyya-islam.org\\\/es\\\/\",\"name\":\"Comunidad Musulmana Ahmad\u00eda\",\"description\":\"Internacional\",\"publisher\":{\"@id\":\"https:\\\/\\\/www.ahmadiyya-islam.org\\\/es\\\/#organization\"},\"potentialAction\":[{\"@type\":\"SearchAction\",\"target\":{\"@type\":\"EntryPoint\",\"urlTemplate\":\"https:\\\/\\\/www.ahmadiyya-islam.org\\\/es\\\/?s={search_term_string}\"},\"query-input\":{\"@type\":\"PropertyValueSpecification\",\"valueRequired\":true,\"valueName\":\"search_term_string\"}}],\"inLanguage\":\"es-ES\"},{\"@type\":\"Organization\",\"@id\":\"https:\\\/\\\/www.ahmadiyya-islam.org\\\/es\\\/#organization\",\"name\":\"Comunidad Musulmana Ahmad\u00eda\",\"url\":\"https:\\\/\\\/www.ahmadiyya-islam.org\\\/es\\\/\",\"logo\":{\"@type\":\"ImageObject\",\"inLanguage\":\"es-ES\",\"@id\":\"https:\\\/\\\/www.ahmadiyya-islam.org\\\/es\\\/#\\\/schema\\\/logo\\\/image\\\/\",\"url\":\"https:\\\/\\\/www.ahmadiyya-islam.org\\\/es\\\/wp-content\\\/uploads\\\/sites\\\/10\\\/2015\\\/06\\\/alislam-logo.png\",\"contentUrl\":\"https:\\\/\\\/www.ahmadiyya-islam.org\\\/es\\\/wp-content\\\/uploads\\\/sites\\\/10\\\/2015\\\/06\\\/alislam-logo.png\",\"width\":1859,\"height\":1859,\"caption\":\"Comunidad Musulmana Ahmad\u00eda\"},\"image\":{\"@id\":\"https:\\\/\\\/www.ahmadiyya-islam.org\\\/es\\\/#\\\/schema\\\/logo\\\/image\\\/\"}},{\"@type\":\"Person\",\"@id\":\"https:\\\/\\\/www.ahmadiyya-islam.org\\\/es\\\/#\\\/schema\\\/person\\\/ac4c08c7012bbfe73a43476371042f59\",\"name\":\"es1tarikara\"}]}<\/script>\n<!-- \/ Yoast SEO Premium plugin. -->","yoast_head_json":{"title":"L\u00edder de la Comunidad musulmana Ahmad\u00eda pronuncia el serm\u00f3n del Eid en Londres","description":"Hazrat Mirza Masrur Ahmad or\u00f3 por la paz en el mundo El l\u00edder mundial de la Comunidad musulmana Ahmad\u00eda, el Quinto Jalifa, Su Santidad, Hazrat Mirza","robots":{"index":"index","follow":"follow","max-snippet":"max-snippet:-1","max-image-preview":"max-image-preview:large","max-video-preview":"max-video-preview:-1"},"canonical":"https:\/\/www.ahmadiyya-islam.org\/es\/comunicados-de-prensa\/lider-de-la-comunidad-musulmana-ahmadia-pronuncia-el-sermon-del-eid-en-londres\/","og_locale":"es_ES","og_type":"article","og_title":"L\u00edder de la Comunidad musulmana Ahmad\u00eda pronuncia el serm\u00f3n del Eid en Londres","og_description":"Hazrat Mirza Masrur Ahmad or\u00f3 por la paz en el mundo El l\u00edder mundial de la Comunidad musulmana Ahmad\u00eda, el Quinto Jalifa, Su Santidad, Hazrat Mirza","og_url":"https:\/\/www.ahmadiyya-islam.org\/es\/comunicados-de-prensa\/lider-de-la-comunidad-musulmana-ahmadia-pronuncia-el-sermon-del-eid-en-londres\/","og_site_name":"Comunidad Musulmana Ahmad\u00eda","article_published_time":"2015-07-23T09:51:31+00:00","article_modified_time":"2015-07-30T09:56:00+00:00","og_image":[{"width":1464,"height":700,"url":"https:\/\/www.ahmadiyya-islam.org\/es\/wp-content\/uploads\/sites\/10\/2015\/07\/2015-07-19-Eid-ul-Fitr-001.jpg","type":"image\/jpeg"}],"author":"es1tarikara","twitter_card":"summary_large_image","twitter_misc":{"Written by":"es1tarikara","Est. reading time":"4 minutes"},"schema":{"@context":"https:\/\/schema.org","@graph":[{"@type":"Article","@id":"https:\/\/www.ahmadiyya-islam.org\/es\/comunicados-de-prensa\/lider-de-la-comunidad-musulmana-ahmadia-pronuncia-el-sermon-del-eid-en-londres\/#article","isPartOf":{"@id":"https:\/\/www.ahmadiyya-islam.org\/es\/comunicados-de-prensa\/lider-de-la-comunidad-musulmana-ahmadia-pronuncia-el-sermon-del-eid-en-londres\/"},"author":{"name":"es1tarikara","@id":"https:\/\/www.ahmadiyya-islam.org\/es\/#\/schema\/person\/ac4c08c7012bbfe73a43476371042f59"},"headline":"L\u00edder de la Comunidad musulmana Ahmad\u00eda pronuncia el serm\u00f3n del Eid en Londres","datePublished":"2015-07-23T09:51:31+00:00","dateModified":"2015-07-30T09:56:00+00:00","mainEntityOfPage":{"@id":"https:\/\/www.ahmadiyya-islam.org\/es\/comunicados-de-prensa\/lider-de-la-comunidad-musulmana-ahmadia-pronuncia-el-sermon-del-eid-en-londres\/"},"wordCount":867,"publisher":{"@id":"https:\/\/www.ahmadiyya-islam.org\/es\/#organization"},"image":{"@id":"https:\/\/www.ahmadiyya-islam.org\/es\/comunicados-de-prensa\/lider-de-la-comunidad-musulmana-ahmadia-pronuncia-el-sermon-del-eid-en-londres\/#primaryimage"},"thumbnailUrl":"https:\/\/www.ahmadiyya-islam.org\/es\/wp-content\/uploads\/sites\/10\/2015\/07\/2015-07-19-Eid-ul-Fitr-001.jpg","keywords":["Londres"],"articleSection":["Comunicados de prensa"],"inLanguage":"es-ES"},{"@type":"WebPage","@id":"https:\/\/www.ahmadiyya-islam.org\/es\/comunicados-de-prensa\/lider-de-la-comunidad-musulmana-ahmadia-pronuncia-el-sermon-del-eid-en-londres\/","url":"https:\/\/www.ahmadiyya-islam.org\/es\/comunicados-de-prensa\/lider-de-la-comunidad-musulmana-ahmadia-pronuncia-el-sermon-del-eid-en-londres\/","name":"L\u00edder de la Comunidad musulmana Ahmad\u00eda pronuncia el serm\u00f3n del Eid en Londres","isPartOf":{"@id":"https:\/\/www.ahmadiyya-islam.org\/es\/#website"},"primaryImageOfPage":{"@id":"https:\/\/www.ahmadiyya-islam.org\/es\/comunicados-de-prensa\/lider-de-la-comunidad-musulmana-ahmadia-pronuncia-el-sermon-del-eid-en-londres\/#primaryimage"},"image":{"@id":"https:\/\/www.ahmadiyya-islam.org\/es\/comunicados-de-prensa\/lider-de-la-comunidad-musulmana-ahmadia-pronuncia-el-sermon-del-eid-en-londres\/#primaryimage"},"thumbnailUrl":"https:\/\/www.ahmadiyya-islam.org\/es\/wp-content\/uploads\/sites\/10\/2015\/07\/2015-07-19-Eid-ul-Fitr-001.jpg","datePublished":"2015-07-23T09:51:31+00:00","dateModified":"2015-07-30T09:56:00+00:00","description":"Hazrat Mirza Masrur Ahmad or\u00f3 por la paz en el mundo El l\u00edder mundial de la Comunidad musulmana Ahmad\u00eda, el Quinto Jalifa, Su Santidad, Hazrat Mirza","breadcrumb":{"@id":"https:\/\/www.ahmadiyya-islam.org\/es\/comunicados-de-prensa\/lider-de-la-comunidad-musulmana-ahmadia-pronuncia-el-sermon-del-eid-en-londres\/#breadcrumb"},"inLanguage":"es-ES","potentialAction":[{"@type":"ReadAction","target":["https:\/\/www.ahmadiyya-islam.org\/es\/comunicados-de-prensa\/lider-de-la-comunidad-musulmana-ahmadia-pronuncia-el-sermon-del-eid-en-londres\/"]}]},{"@type":"ImageObject","inLanguage":"es-ES","@id":"https:\/\/www.ahmadiyya-islam.org\/es\/comunicados-de-prensa\/lider-de-la-comunidad-musulmana-ahmadia-pronuncia-el-sermon-del-eid-en-londres\/#primaryimage","url":"https:\/\/www.ahmadiyya-islam.org\/es\/wp-content\/uploads\/sites\/10\/2015\/07\/2015-07-19-Eid-ul-Fitr-001.jpg","contentUrl":"https:\/\/www.ahmadiyya-islam.org\/es\/wp-content\/uploads\/sites\/10\/2015\/07\/2015-07-19-Eid-ul-Fitr-001.jpg","width":1464,"height":700},{"@type":"BreadcrumbList","@id":"https:\/\/www.ahmadiyya-islam.org\/es\/comunicados-de-prensa\/lider-de-la-comunidad-musulmana-ahmadia-pronuncia-el-sermon-del-eid-en-londres\/#breadcrumb","itemListElement":[{"@type":"ListItem","position":1,"name":"Home","item":"https:\/\/www.ahmadiyya-islam.org\/es\/"},{"@type":"ListItem","position":2,"name":"L\u00edder de la Comunidad musulmana Ahmad\u00eda pronuncia el serm\u00f3n del Eid en Londres"}]},{"@type":"WebSite","@id":"https:\/\/www.ahmadiyya-islam.org\/es\/#website","url":"https:\/\/www.ahmadiyya-islam.org\/es\/","name":"Comunidad Musulmana Ahmad\u00eda","description":"Internacional","publisher":{"@id":"https:\/\/www.ahmadiyya-islam.org\/es\/#organization"},"potentialAction":[{"@type":"SearchAction","target":{"@type":"EntryPoint","urlTemplate":"https:\/\/www.ahmadiyya-islam.org\/es\/?s={search_term_string}"},"query-input":{"@type":"PropertyValueSpecification","valueRequired":true,"valueName":"search_term_string"}}],"inLanguage":"es-ES"},{"@type":"Organization","@id":"https:\/\/www.ahmadiyya-islam.org\/es\/#organization","name":"Comunidad Musulmana Ahmad\u00eda","url":"https:\/\/www.ahmadiyya-islam.org\/es\/","logo":{"@type":"ImageObject","inLanguage":"es-ES","@id":"https:\/\/www.ahmadiyya-islam.org\/es\/#\/schema\/logo\/image\/","url":"https:\/\/www.ahmadiyya-islam.org\/es\/wp-content\/uploads\/sites\/10\/2015\/06\/alislam-logo.png","contentUrl":"https:\/\/www.ahmadiyya-islam.org\/es\/wp-content\/uploads\/sites\/10\/2015\/06\/alislam-logo.png","width":1859,"height":1859,"caption":"Comunidad Musulmana Ahmad\u00eda"},"image":{"@id":"https:\/\/www.ahmadiyya-islam.org\/es\/#\/schema\/logo\/image\/"}},{"@type":"Person","@id":"https:\/\/www.ahmadiyya-islam.org\/es\/#\/schema\/person\/ac4c08c7012bbfe73a43476371042f59","name":"es1tarikara"}]}},"_links":{"self":[{"href":"https:\/\/www.ahmadiyya-islam.org\/es\/wp-json\/wp\/v2\/posts\/1004","targetHints":{"allow":["GET"]}}],"collection":[{"href":"https:\/\/www.ahmadiyya-islam.org\/es\/wp-json\/wp\/v2\/posts"}],"about":[{"href":"https:\/\/www.ahmadiyya-islam.org\/es\/wp-json\/wp\/v2\/types\/post"}],"author":[{"embeddable":true,"href":"https:\/\/www.ahmadiyya-islam.org\/es\/wp-json\/wp\/v2\/users\/15"}],"replies":[{"embeddable":true,"href":"https:\/\/www.ahmadiyya-islam.org\/es\/wp-json\/wp\/v2\/comments?post=1004"}],"version-history":[{"count":0,"href":"https:\/\/www.ahmadiyya-islam.org\/es\/wp-json\/wp\/v2\/posts\/1004\/revisions"}],"wp:featuredmedia":[{"embeddable":true,"href":"https:\/\/www.ahmadiyya-islam.org\/es\/wp-json\/wp\/v2\/media\/1007"}],"wp:attachment":[{"href":"https:\/\/www.ahmadiyya-islam.org\/es\/wp-json\/wp\/v2\/media?parent=1004"}],"wp:term":[{"taxonomy":"category","embeddable":true,"href":"https:\/\/www.ahmadiyya-islam.org\/es\/wp-json\/wp\/v2\/categories?post=1004"},{"taxonomy":"post_tag","embeddable":true,"href":"https:\/\/www.ahmadiyya-islam.org\/es\/wp-json\/wp\/v2\/tags?post=1004"},{"taxonomy":"authors","embeddable":true,"href":"https:\/\/www.ahmadiyya-islam.org\/es\/wp-json\/wp\/v2\/authors?post=1004"},{"taxonomy":"content_source","embeddable":true,"href":"https:\/\/www.ahmadiyya-islam.org\/es\/wp-json\/wp\/v2\/content_source?post=1004"}],"curies":[{"name":"wp","href":"https:\/\/api.w.org\/{rel}","templated":true}]}}