{"id":4740,"date":"2016-07-15T10:00:05","date_gmt":"2016-07-15T08:00:05","guid":{"rendered":"http:\/\/www.ahmadiyya-islam.org\/be-nl\/?p=4740"},"modified":"2016-07-18T17:51:45","modified_gmt":"2016-07-18T15:51:45","slug":"de-ahmadiyya-moslim-gemeenschap-belgie-veroordeelt-de-bloedige-aanslag-in-nice","status":"publish","type":"post","link":"https:\/\/www.ahmadiyya-islam.org\/be-nl\/persberichten\/de-ahmadiyya-moslim-gemeenschap-belgie-veroordeelt-de-bloedige-aanslag-in-nice\/","title":{"rendered":"De Ahmadiyya moslim gemeenschap Belgi\u00eb  veroordeelt de  bloedige aanslag  in Nice"},"content":{"rendered":"<h2><a href=\"http:\/\/www.ahmadiyya-islam.org\/be-nl\/wp-content\/uploads\/sites\/7\/2016\/07\/Press-release-France-14-July-2016-BE-compressed3.pdf\" target=\"_blank\"><span id=\"result_box\" class=\"\" lang=\"fr\"><span class=\"\">Fran\u00e7ais<\/span><\/span><\/a><\/h2>\n<p>Dilbeek, 15 juli 2016<\/p>\n<p><strong>PERSMEDEDELING<\/strong><\/p>\n<p><strong>DE AHMADIYYA MOSLIM GEMEENSCHAP IN BELGI\u00cb VEROORDEELT TEN STRENGSTE DE TERRORISTISCHE AANSLAG DIE PLAATSVOND IN NICE IN FRANKRIJK OP 14 JULI 2016 EN BIDT VOOR VREDE IN DE WERELD<\/strong><\/p>\n<p>De Ahmadiyya Moslim Gemeenschap in Belgi\u00eb veroordeelt met klem de terroristische aanslagen tegen Frankrijk en betuigt haar innige deelneming aan alle slachtoffers van deze aanslagen. Deze verwerpelijke aanslagen hebben geen enkele grondslag in de ware islamitische leer. De Ahmadiyya Moslim Gemeenschap in Belgi\u00eb hoopt dat de daders van deze misdaden tegen de mensheid, en al diegenen die erbij betrokken zijn, gestraft zullen worden binnen de letter van de wet.<\/p>\n<p>De Ahmadiyya Moslim Gemeenschap hoopt dat deze aanslagen niet zullen leiden naar een verdere stigmatisering van de Islam als religie of naar ongerechtvaardigde aanvallen ertegen, omdat een dergelijke reactie ertoe kan leiden dat de kloof tussen moslims en niet-moslims in Europa en het Westen nog breder wordt. Wij verzoeken alle betrokken partijen om geduld en terughoudendheid uit te oefenen in een poging om de samenleving te verenigen.<\/p>\n<p>De Ahmadiyya Moslim Gemeenschap in Belgi\u00eb betuigt nogmaals haar innige deelneming met de slachtoffers, hun naasten en de Franse bevolking.<\/p>\n<p>\u201cMoge de Almachtige Allah ervoor zorgen dat de wereld wordt bevrijd van alle vormen van wanorde en dat de actuele conflictsituatie wordt omgezet in een staat van vrede en harmonie.\u201d<\/p>\n<p>&nbsp;<\/p>\n<p>Raja Abdul Latif<br \/>\nInterim-President<\/p>\n","protected":false},"excerpt":{"rendered":"<p>Fran\u00e7ais Dilbeek, 15 juli 2016 PERSMEDEDELING DE AHMADIYYA MOSLIM GEMEENSCHAP IN BELGI\u00cb VEROORDEELT TEN STRENGSTE DE TERRORISTISCHE AANSLAG DIE PLAATSVOND IN NICE IN FRANKRIJK OP 14 JULI 2016 EN BIDT&#8230;<\/p>\n<p><a class='more-link' href='https:\/\/www.ahmadiyya-islam.org\/be-nl\/persberichten\/de-ahmadiyya-moslim-gemeenschap-belgie-veroordeelt-de-bloedige-aanslag-in-nice\/'>Lees meer <span class='screen-reader-text'>De Ahmadiyya moslim gemeenschap Belgi\u00eb  veroordeelt de  bloedige aanslag  in Nice<\/span><\/a><\/p>","protected":false},"author":11,"featured_media":4742,"comment_status":"open","ping_status":"closed","sticky":false,"template":"","format":"standard","meta":{"_acf_changed":false,"footnotes":""},"categories":[1],"tags":[],"class_list":{"1":"post","2":"publish","3":"author-beadmin","4":"post-4740","6":"format-standard","7":"has-post-thumbnail","8":"category-persberichten","9":"excerpt"},"acf":[],"yoast_head":"<!-- This site is optimized with the Yoast SEO Premium plugin v21.1 (Yoast SEO v27.4) - https:\/\/yoast.com\/product\/yoast-seo-premium-wordpress\/ -->\n<title>De Ahmadiyya moslim gemeenschap Belgi\u00eb veroordeelt de bloedige aanslag in Nice - Ahmadiyya Moslim Gemeenschap Belgi\u00eb<\/title>\n<meta name=\"robots\" content=\"index, follow, max-snippet:-1, max-image-preview:large, max-video-preview:-1\" \/>\n<link rel=\"canonical\" href=\"https:\/\/www.ahmadiyya-islam.org\/be-nl\/persberichten\/de-ahmadiyya-moslim-gemeenschap-belgie-veroordeelt-de-bloedige-aanslag-in-nice\/\" \/>\n<meta property=\"og:locale\" content=\"nl_BE\" \/>\n<meta property=\"og:type\" content=\"article\" \/>\n<meta property=\"og:title\" content=\"De Ahmadiyya moslim gemeenschap Belgi\u00eb veroordeelt de bloedige aanslag in Nice\" \/>\n<meta property=\"og:description\" content=\"Fran\u00e7ais Dilbeek, 15 juli 2016 PERSMEDEDELING DE AHMADIYYA MOSLIM GEMEENSCHAP IN BELGI\u00cb VEROORDEELT TEN STRENGSTE DE TERRORISTISCHE AANSLAG DIE PLAATSVOND IN NICE IN FRANKRIJK OP 14 JULI 2016 EN BIDT&#8230;\" \/>\n<meta property=\"og:url\" content=\"https:\/\/www.ahmadiyya-islam.org\/be-nl\/persberichten\/de-ahmadiyya-moslim-gemeenschap-belgie-veroordeelt-de-bloedige-aanslag-in-nice\/\" \/>\n<meta property=\"og:site_name\" content=\"Ahmadiyya Moslim Gemeenschap Belgi\u00eb\" \/>\n<meta property=\"article:published_time\" content=\"2016-07-15T08:00:05+00:00\" \/>\n<meta property=\"article:modified_time\" content=\"2016-07-18T15:51:45+00:00\" \/>\n<meta property=\"og:image\" content=\"https:\/\/www.ahmadiyya-islam.org\/be-nl\/wp-content\/uploads\/sites\/7\/2016\/07\/terroristische-aanslag-frankrijk-jul-2016-01.jpg\" \/>\n\t<meta property=\"og:image:width\" content=\"1198\" \/>\n\t<meta property=\"og:image:height\" content=\"600\" \/>\n\t<meta property=\"og:image:type\" content=\"image\/jpeg\" \/>\n<meta name=\"author\" content=\"beadmin1\" \/>\n<meta name=\"twitter:card\" content=\"summary_large_image\" \/>\n<meta name=\"twitter:label1\" content=\"Geschreven door\" \/>\n\t<meta name=\"twitter:data1\" content=\"beadmin1\" \/>\n\t<meta name=\"twitter:label2\" content=\"Geschatte leestijd\" \/>\n\t<meta name=\"twitter:data2\" content=\"1 minuut\" \/>\n<script type=\"application\/ld+json\" class=\"yoast-schema-graph\">{\"@context\":\"https:\\\/\\\/schema.org\",\"@graph\":[{\"@type\":\"Article\",\"@id\":\"https:\\\/\\\/www.ahmadiyya-islam.org\\\/be-nl\\\/persberichten\\\/de-ahmadiyya-moslim-gemeenschap-belgie-veroordeelt-de-bloedige-aanslag-in-nice\\\/#article\",\"isPartOf\":{\"@id\":\"https:\\\/\\\/www.ahmadiyya-islam.org\\\/be-nl\\\/persberichten\\\/de-ahmadiyya-moslim-gemeenschap-belgie-veroordeelt-de-bloedige-aanslag-in-nice\\\/\"},\"author\":{\"name\":\"beadmin1\",\"@id\":\"https:\\\/\\\/www.ahmadiyya-islam.org\\\/be-nl\\\/#\\\/schema\\\/person\\\/ba2c45734c5d978a64f06e5b2cbe4030\"},\"headline\":\"De Ahmadiyya moslim gemeenschap Belgi\u00eb veroordeelt de bloedige aanslag in Nice\",\"datePublished\":\"2016-07-15T08:00:05+00:00\",\"dateModified\":\"2016-07-18T15:51:45+00:00\",\"mainEntityOfPage\":{\"@id\":\"https:\\\/\\\/www.ahmadiyya-islam.org\\\/be-nl\\\/persberichten\\\/de-ahmadiyya-moslim-gemeenschap-belgie-veroordeelt-de-bloedige-aanslag-in-nice\\\/\"},\"wordCount\":234,\"commentCount\":0,\"image\":{\"@id\":\"https:\\\/\\\/www.ahmadiyya-islam.org\\\/be-nl\\\/persberichten\\\/de-ahmadiyya-moslim-gemeenschap-belgie-veroordeelt-de-bloedige-aanslag-in-nice\\\/#primaryimage\"},\"thumbnailUrl\":\"https:\\\/\\\/www.ahmadiyya-islam.org\\\/be-nl\\\/wp-content\\\/uploads\\\/sites\\\/7\\\/2016\\\/07\\\/terroristische-aanslag-frankrijk-jul-2016-01.jpg\",\"articleSection\":[\"Persberichten\"],\"inLanguage\":\"nl-BE\"},{\"@type\":\"WebPage\",\"@id\":\"https:\\\/\\\/www.ahmadiyya-islam.org\\\/be-nl\\\/persberichten\\\/de-ahmadiyya-moslim-gemeenschap-belgie-veroordeelt-de-bloedige-aanslag-in-nice\\\/\",\"url\":\"https:\\\/\\\/www.ahmadiyya-islam.org\\\/be-nl\\\/persberichten\\\/de-ahmadiyya-moslim-gemeenschap-belgie-veroordeelt-de-bloedige-aanslag-in-nice\\\/\",\"name\":\"De Ahmadiyya moslim gemeenschap Belgi\u00eb veroordeelt de bloedige aanslag in Nice - Ahmadiyya Moslim Gemeenschap Belgi\u00eb\",\"isPartOf\":{\"@id\":\"https:\\\/\\\/www.ahmadiyya-islam.org\\\/be-nl\\\/#website\"},\"primaryImageOfPage\":{\"@id\":\"https:\\\/\\\/www.ahmadiyya-islam.org\\\/be-nl\\\/persberichten\\\/de-ahmadiyya-moslim-gemeenschap-belgie-veroordeelt-de-bloedige-aanslag-in-nice\\\/#primaryimage\"},\"image\":{\"@id\":\"https:\\\/\\\/www.ahmadiyya-islam.org\\\/be-nl\\\/persberichten\\\/de-ahmadiyya-moslim-gemeenschap-belgie-veroordeelt-de-bloedige-aanslag-in-nice\\\/#primaryimage\"},\"thumbnailUrl\":\"https:\\\/\\\/www.ahmadiyya-islam.org\\\/be-nl\\\/wp-content\\\/uploads\\\/sites\\\/7\\\/2016\\\/07\\\/terroristische-aanslag-frankrijk-jul-2016-01.jpg\",\"datePublished\":\"2016-07-15T08:00:05+00:00\",\"dateModified\":\"2016-07-18T15:51:45+00:00\",\"author\":{\"@id\":\"https:\\\/\\\/www.ahmadiyya-islam.org\\\/be-nl\\\/#\\\/schema\\\/person\\\/ba2c45734c5d978a64f06e5b2cbe4030\"},\"breadcrumb\":{\"@id\":\"https:\\\/\\\/www.ahmadiyya-islam.org\\\/be-nl\\\/persberichten\\\/de-ahmadiyya-moslim-gemeenschap-belgie-veroordeelt-de-bloedige-aanslag-in-nice\\\/#breadcrumb\"},\"inLanguage\":\"nl-BE\",\"potentialAction\":[{\"@type\":\"ReadAction\",\"target\":[\"https:\\\/\\\/www.ahmadiyya-islam.org\\\/be-nl\\\/persberichten\\\/de-ahmadiyya-moslim-gemeenschap-belgie-veroordeelt-de-bloedige-aanslag-in-nice\\\/\"]}]},{\"@type\":\"ImageObject\",\"inLanguage\":\"nl-BE\",\"@id\":\"https:\\\/\\\/www.ahmadiyya-islam.org\\\/be-nl\\\/persberichten\\\/de-ahmadiyya-moslim-gemeenschap-belgie-veroordeelt-de-bloedige-aanslag-in-nice\\\/#primaryimage\",\"url\":\"https:\\\/\\\/www.ahmadiyya-islam.org\\\/be-nl\\\/wp-content\\\/uploads\\\/sites\\\/7\\\/2016\\\/07\\\/terroristische-aanslag-frankrijk-jul-2016-01.jpg\",\"contentUrl\":\"https:\\\/\\\/www.ahmadiyya-islam.org\\\/be-nl\\\/wp-content\\\/uploads\\\/sites\\\/7\\\/2016\\\/07\\\/terroristische-aanslag-frankrijk-jul-2016-01.jpg\",\"width\":1198,\"height\":600},{\"@type\":\"BreadcrumbList\",\"@id\":\"https:\\\/\\\/www.ahmadiyya-islam.org\\\/be-nl\\\/persberichten\\\/de-ahmadiyya-moslim-gemeenschap-belgie-veroordeelt-de-bloedige-aanslag-in-nice\\\/#breadcrumb\",\"itemListElement\":[{\"@type\":\"ListItem\",\"position\":1,\"name\":\"Home\",\"item\":\"https:\\\/\\\/www.ahmadiyya-islam.org\\\/be-nl\\\/\"},{\"@type\":\"ListItem\",\"position\":2,\"name\":\"De Ahmadiyya moslim gemeenschap Belgi\u00eb veroordeelt de bloedige aanslag in Nice\"}]},{\"@type\":\"WebSite\",\"@id\":\"https:\\\/\\\/www.ahmadiyya-islam.org\\\/be-nl\\\/#website\",\"url\":\"https:\\\/\\\/www.ahmadiyya-islam.org\\\/be-nl\\\/\",\"name\":\"Ahmadiyya Moslim Gemeenschap Belgi\u00eb\",\"description\":\"\",\"potentialAction\":[{\"@type\":\"SearchAction\",\"target\":{\"@type\":\"EntryPoint\",\"urlTemplate\":\"https:\\\/\\\/www.ahmadiyya-islam.org\\\/be-nl\\\/?s={search_term_string}\"},\"query-input\":{\"@type\":\"PropertyValueSpecification\",\"valueRequired\":true,\"valueName\":\"search_term_string\"}}],\"inLanguage\":\"nl-BE\"},{\"@type\":\"Person\",\"@id\":\"https:\\\/\\\/www.ahmadiyya-islam.org\\\/be-nl\\\/#\\\/schema\\\/person\\\/ba2c45734c5d978a64f06e5b2cbe4030\",\"name\":\"beadmin1\",\"url\":\"https:\\\/\\\/www.ahmadiyya-islam.org\\\/be-nl\\\/author\\\/beadmin\\\/\"}]}<\/script>\n<!-- \/ Yoast SEO Premium plugin. -->","yoast_head_json":{"title":"De Ahmadiyya moslim gemeenschap Belgi\u00eb veroordeelt de bloedige aanslag in Nice - Ahmadiyya Moslim Gemeenschap Belgi\u00eb","robots":{"index":"index","follow":"follow","max-snippet":"max-snippet:-1","max-image-preview":"max-image-preview:large","max-video-preview":"max-video-preview:-1"},"canonical":"https:\/\/www.ahmadiyya-islam.org\/be-nl\/persberichten\/de-ahmadiyya-moslim-gemeenschap-belgie-veroordeelt-de-bloedige-aanslag-in-nice\/","og_locale":"nl_BE","og_type":"article","og_title":"De Ahmadiyya moslim gemeenschap Belgi\u00eb veroordeelt de bloedige aanslag in Nice","og_description":"Fran\u00e7ais Dilbeek, 15 juli 2016 PERSMEDEDELING DE AHMADIYYA MOSLIM GEMEENSCHAP IN BELGI\u00cb VEROORDEELT TEN STRENGSTE DE TERRORISTISCHE AANSLAG DIE PLAATSVOND IN NICE IN FRANKRIJK OP 14 JULI 2016 EN BIDT&#8230;","og_url":"https:\/\/www.ahmadiyya-islam.org\/be-nl\/persberichten\/de-ahmadiyya-moslim-gemeenschap-belgie-veroordeelt-de-bloedige-aanslag-in-nice\/","og_site_name":"Ahmadiyya Moslim Gemeenschap Belgi\u00eb","article_published_time":"2016-07-15T08:00:05+00:00","article_modified_time":"2016-07-18T15:51:45+00:00","og_image":[{"width":1198,"height":600,"url":"https:\/\/www.ahmadiyya-islam.org\/be-nl\/wp-content\/uploads\/sites\/7\/2016\/07\/terroristische-aanslag-frankrijk-jul-2016-01.jpg","type":"image\/jpeg"}],"author":"beadmin1","twitter_card":"summary_large_image","twitter_misc":{"Geschreven door":"beadmin1","Geschatte leestijd":"1 minuut"},"schema":{"@context":"https:\/\/schema.org","@graph":[{"@type":"Article","@id":"https:\/\/www.ahmadiyya-islam.org\/be-nl\/persberichten\/de-ahmadiyya-moslim-gemeenschap-belgie-veroordeelt-de-bloedige-aanslag-in-nice\/#article","isPartOf":{"@id":"https:\/\/www.ahmadiyya-islam.org\/be-nl\/persberichten\/de-ahmadiyya-moslim-gemeenschap-belgie-veroordeelt-de-bloedige-aanslag-in-nice\/"},"author":{"name":"beadmin1","@id":"https:\/\/www.ahmadiyya-islam.org\/be-nl\/#\/schema\/person\/ba2c45734c5d978a64f06e5b2cbe4030"},"headline":"De Ahmadiyya moslim gemeenschap Belgi\u00eb veroordeelt de bloedige aanslag in Nice","datePublished":"2016-07-15T08:00:05+00:00","dateModified":"2016-07-18T15:51:45+00:00","mainEntityOfPage":{"@id":"https:\/\/www.ahmadiyya-islam.org\/be-nl\/persberichten\/de-ahmadiyya-moslim-gemeenschap-belgie-veroordeelt-de-bloedige-aanslag-in-nice\/"},"wordCount":234,"commentCount":0,"image":{"@id":"https:\/\/www.ahmadiyya-islam.org\/be-nl\/persberichten\/de-ahmadiyya-moslim-gemeenschap-belgie-veroordeelt-de-bloedige-aanslag-in-nice\/#primaryimage"},"thumbnailUrl":"https:\/\/www.ahmadiyya-islam.org\/be-nl\/wp-content\/uploads\/sites\/7\/2016\/07\/terroristische-aanslag-frankrijk-jul-2016-01.jpg","articleSection":["Persberichten"],"inLanguage":"nl-BE"},{"@type":"WebPage","@id":"https:\/\/www.ahmadiyya-islam.org\/be-nl\/persberichten\/de-ahmadiyya-moslim-gemeenschap-belgie-veroordeelt-de-bloedige-aanslag-in-nice\/","url":"https:\/\/www.ahmadiyya-islam.org\/be-nl\/persberichten\/de-ahmadiyya-moslim-gemeenschap-belgie-veroordeelt-de-bloedige-aanslag-in-nice\/","name":"De Ahmadiyya moslim gemeenschap Belgi\u00eb veroordeelt de bloedige aanslag in Nice - Ahmadiyya Moslim Gemeenschap Belgi\u00eb","isPartOf":{"@id":"https:\/\/www.ahmadiyya-islam.org\/be-nl\/#website"},"primaryImageOfPage":{"@id":"https:\/\/www.ahmadiyya-islam.org\/be-nl\/persberichten\/de-ahmadiyya-moslim-gemeenschap-belgie-veroordeelt-de-bloedige-aanslag-in-nice\/#primaryimage"},"image":{"@id":"https:\/\/www.ahmadiyya-islam.org\/be-nl\/persberichten\/de-ahmadiyya-moslim-gemeenschap-belgie-veroordeelt-de-bloedige-aanslag-in-nice\/#primaryimage"},"thumbnailUrl":"https:\/\/www.ahmadiyya-islam.org\/be-nl\/wp-content\/uploads\/sites\/7\/2016\/07\/terroristische-aanslag-frankrijk-jul-2016-01.jpg","datePublished":"2016-07-15T08:00:05+00:00","dateModified":"2016-07-18T15:51:45+00:00","author":{"@id":"https:\/\/www.ahmadiyya-islam.org\/be-nl\/#\/schema\/person\/ba2c45734c5d978a64f06e5b2cbe4030"},"breadcrumb":{"@id":"https:\/\/www.ahmadiyya-islam.org\/be-nl\/persberichten\/de-ahmadiyya-moslim-gemeenschap-belgie-veroordeelt-de-bloedige-aanslag-in-nice\/#breadcrumb"},"inLanguage":"nl-BE","potentialAction":[{"@type":"ReadAction","target":["https:\/\/www.ahmadiyya-islam.org\/be-nl\/persberichten\/de-ahmadiyya-moslim-gemeenschap-belgie-veroordeelt-de-bloedige-aanslag-in-nice\/"]}]},{"@type":"ImageObject","inLanguage":"nl-BE","@id":"https:\/\/www.ahmadiyya-islam.org\/be-nl\/persberichten\/de-ahmadiyya-moslim-gemeenschap-belgie-veroordeelt-de-bloedige-aanslag-in-nice\/#primaryimage","url":"https:\/\/www.ahmadiyya-islam.org\/be-nl\/wp-content\/uploads\/sites\/7\/2016\/07\/terroristische-aanslag-frankrijk-jul-2016-01.jpg","contentUrl":"https:\/\/www.ahmadiyya-islam.org\/be-nl\/wp-content\/uploads\/sites\/7\/2016\/07\/terroristische-aanslag-frankrijk-jul-2016-01.jpg","width":1198,"height":600},{"@type":"BreadcrumbList","@id":"https:\/\/www.ahmadiyya-islam.org\/be-nl\/persberichten\/de-ahmadiyya-moslim-gemeenschap-belgie-veroordeelt-de-bloedige-aanslag-in-nice\/#breadcrumb","itemListElement":[{"@type":"ListItem","position":1,"name":"Home","item":"https:\/\/www.ahmadiyya-islam.org\/be-nl\/"},{"@type":"ListItem","position":2,"name":"De Ahmadiyya moslim gemeenschap Belgi\u00eb veroordeelt de bloedige aanslag in Nice"}]},{"@type":"WebSite","@id":"https:\/\/www.ahmadiyya-islam.org\/be-nl\/#website","url":"https:\/\/www.ahmadiyya-islam.org\/be-nl\/","name":"Ahmadiyya Moslim Gemeenschap Belgi\u00eb","description":"","potentialAction":[{"@type":"SearchAction","target":{"@type":"EntryPoint","urlTemplate":"https:\/\/www.ahmadiyya-islam.org\/be-nl\/?s={search_term_string}"},"query-input":{"@type":"PropertyValueSpecification","valueRequired":true,"valueName":"search_term_string"}}],"inLanguage":"nl-BE"},{"@type":"Person","@id":"https:\/\/www.ahmadiyya-islam.org\/be-nl\/#\/schema\/person\/ba2c45734c5d978a64f06e5b2cbe4030","name":"beadmin1","url":"https:\/\/www.ahmadiyya-islam.org\/be-nl\/author\/beadmin\/"}]}},"_links":{"self":[{"href":"https:\/\/www.ahmadiyya-islam.org\/be-nl\/wp-json\/wp\/v2\/posts\/4740","targetHints":{"allow":["GET"]}}],"collection":[{"href":"https:\/\/www.ahmadiyya-islam.org\/be-nl\/wp-json\/wp\/v2\/posts"}],"about":[{"href":"https:\/\/www.ahmadiyya-islam.org\/be-nl\/wp-json\/wp\/v2\/types\/post"}],"author":[{"embeddable":true,"href":"https:\/\/www.ahmadiyya-islam.org\/be-nl\/wp-json\/wp\/v2\/users\/11"}],"replies":[{"embeddable":true,"href":"https:\/\/www.ahmadiyya-islam.org\/be-nl\/wp-json\/wp\/v2\/comments?post=4740"}],"version-history":[{"count":0,"href":"https:\/\/www.ahmadiyya-islam.org\/be-nl\/wp-json\/wp\/v2\/posts\/4740\/revisions"}],"wp:featuredmedia":[{"embeddable":true,"href":"https:\/\/www.ahmadiyya-islam.org\/be-nl\/wp-json\/wp\/v2\/media\/4742"}],"wp:attachment":[{"href":"https:\/\/www.ahmadiyya-islam.org\/be-nl\/wp-json\/wp\/v2\/media?parent=4740"}],"wp:term":[{"taxonomy":"category","embeddable":true,"href":"https:\/\/www.ahmadiyya-islam.org\/be-nl\/wp-json\/wp\/v2\/categories?post=4740"},{"taxonomy":"post_tag","embeddable":true,"href":"https:\/\/www.ahmadiyya-islam.org\/be-nl\/wp-json\/wp\/v2\/tags?post=4740"}],"curies":[{"name":"wp","href":"https:\/\/api.w.org\/{rel}","templated":true}]}}