{"id":172,"date":"2014-09-27T20:25:39","date_gmt":"2014-09-27T20:25:39","guid":{"rendered":"http:\/\/www.ahmadiyya-islam.org\/be-nl\/?p=172"},"modified":"2015-05-28T12:38:33","modified_gmt":"2015-05-28T12:38:33","slug":"de-eerste-ahmadiyya-moskee-opent-in-ierland-galway","status":"publish","type":"post","link":"https:\/\/www.ahmadiyya-islam.org\/be-nl\/persberichten\/de-eerste-ahmadiyya-moskee-opent-in-ierland-galway\/","title":{"rendered":"De eerste Ahmadiyya moskee opent in Ierland Galway"},"content":{"rendered":"<p>De Ahmadiyya Moslim Gemeenschap kondigt met veel blijdschap aan dat de wereldleider van de Ahmadiyya Moslim Gemeenschap, Zijne Heiligheid Hazrat Mirza Masroor Ahmad, de vijfde kalief, vandaag\u00a0 de Maryam Moskee (Moskee van Mary) heeft ge\u00efnaugureerd in Galway Ierland. Het is de eerste moskee die door de Ahmadiyya Moslim gemeenschap gebouwd werd in Ierland.<\/p>\n<p><a href=\"http:\/\/www.ahmadiyya-islam.org\/be-nl\/wp-content\/uploads\/sites\/7\/2015\/05\/Maryam-Mosque-Ireland-2.jpg\"><img loading=\"lazy\" decoding=\"async\" class=\"alignnone size-full wp-image-174\" src=\"http:\/\/www.ahmadiyya-islam.org\/be-nl\/wp-content\/uploads\/sites\/7\/2015\/05\/Maryam-Mosque-Ireland-2.jpg\" alt=\"Maryam-Mosque-Ireland-2\" width=\"591\" height=\"387\" srcset=\"https:\/\/www.ahmadiyya-islam.org\/be-nl\/wp-content\/uploads\/sites\/7\/2015\/05\/Maryam-Mosque-Ireland-2.jpg 591w, https:\/\/www.ahmadiyya-islam.org\/be-nl\/wp-content\/uploads\/sites\/7\/2015\/05\/Maryam-Mosque-Ireland-2-300x196.jpg 300w\" sizes=\"auto, (max-width: 591px) 100vw, 591px\" \/><\/a><\/p>\n<p>Huzur is aangekomen om 13.00 uur en na de onthulling\u00a0 van de gedenkplaat heeft hij de wekelijkse vrijdaagpreek gegeven. \u00a0Deze preek werd wereldwijd uitgezonden op MTA International. In de preek had Huzur verduidelijkt dat de nieuwe moskee, net zoals alle andere Ahmadiyya moskee\u00ebn, een symbool zou \u00a0zijn voor de vrede en een medium om mensen samen te brengen.<\/p>\n<p>Huzur zei dat de Islam tegenwoordig een slechte naam heeft gekregen door de haat doordrongen daden van ettelijke zogenaamde moslims in bepaalde gebieden van de wereld. Hij zei dat er in de werkelijkheid \u00a0alle vormen van terrorisme en extremisme door de Islam verboden worden en veroordeeld moeten worden. \u00a0Huzur zei dat de Maryam Moskee nooit een plek van geweld of onrechtvaardigheid zou worden maar eerder een medium om vrede, tolerantie en respect voor de mensheid te bevorderen.<\/p>\n<p>Hazrat Mirza Masroor Ahmad zei:<\/p>\n<blockquote><p>\u201cOnze moskee\u00ebn zijn plekken waar wij \u00a0de nood voor vrede, tolerantie en reconciliatie \u00a0verkondigen en waar wij alle vormen van het geweld\u00a0 en extremisme veroordelen\u201d.<\/p><\/blockquote>\n<p>Hazrat Mirza Masroor Ahmad \u00a0zei verder:<\/p>\n<blockquote><p>\u201cElke Ahmadi moslim weet dat het zijn of haar taak is om alle godsdiensten te beschermen en dat ze liefde en loyaliteit moeten tonen voor het land waarin ze wonen. Dit is de ware leer van de Koran.\u201d<\/p><\/blockquote>\n<p>Zijne Heiligheid \u00a0zei dat meer mensen, meer te weten zouden komen over de Ahmadi Moslim Gemeenschap in Ierland \u00a0aangezien hier\u00a0 de eerste Ahmadi Moskee nu gebouwd is en dat alle vreedzame mensen welkom zijn in de moskee. Hazrat Mirza Masroor Ahmad \u00a0zei dat de moskee naar Mary de moeder van Jezus genoemd werd, die door de Islam enorm vereerd wordt voor haar vroomheid. Zijne Heiligheid zei dat Ahmadi moslims haar rechtvaardige en nobele voorbeeld moeten proberen na te volgen.<\/p>\n<p>Na zijn preek heeft Zijne Heiligheid de vrijdag gebed geleidt vanuit de nieuwe moskee v\u00f3\u00f3r hij ge\u00efnterviewd werd door The Irish Times en RTE.<\/p>\n","protected":false},"excerpt":{"rendered":"<p>De Ahmadiyya Moslim Gemeenschap kondigt met veel blijdschap aan dat de wereldleider van de Ahmadiyya Moslim Gemeenschap, Zijne Heiligheid Hazrat Mirza Masroor Ahmad, de vijfde kalief, vandaag\u00a0 de Maryam Moskee&#8230;<\/p>\n<p><a class='more-link' href='https:\/\/www.ahmadiyya-islam.org\/be-nl\/persberichten\/de-eerste-ahmadiyya-moskee-opent-in-ierland-galway\/'>Lees meer <span class='screen-reader-text'>De eerste Ahmadiyya moskee opent in Ierland Galway<\/span><\/a><\/p>","protected":false},"author":11,"featured_media":173,"comment_status":"open","ping_status":"closed","sticky":false,"template":"","format":"standard","meta":{"_acf_changed":false,"footnotes":""},"categories":[1],"tags":[77],"class_list":{"1":"post","2":"publish","3":"author-beadmin","4":"post-172","6":"format-standard","7":"has-post-thumbnail","8":"category-persberichten","9":"post_tag-maryam-moskee","10":"topics-interreligieuze-dialoog","11":"topics-tolerantie","12":"excerpt"},"acf":[],"yoast_head":"<!-- This site is optimized with the Yoast SEO Premium plugin v21.1 (Yoast SEO v27.4) - https:\/\/yoast.com\/product\/yoast-seo-premium-wordpress\/ -->\n<title>De eerste Ahmadiyya moskee opent in Ierland Galway - Ahmadiyya Moslim Gemeenschap Belgi\u00eb<\/title>\n<meta name=\"robots\" content=\"index, follow, max-snippet:-1, max-image-preview:large, max-video-preview:-1\" \/>\n<link rel=\"canonical\" href=\"https:\/\/www.ahmadiyya-islam.org\/be-nl\/persberichten\/de-eerste-ahmadiyya-moskee-opent-in-ierland-galway\/\" \/>\n<meta property=\"og:locale\" content=\"nl_BE\" \/>\n<meta property=\"og:type\" content=\"article\" \/>\n<meta property=\"og:title\" content=\"De eerste Ahmadiyya moskee opent in Ierland Galway\" \/>\n<meta property=\"og:description\" content=\"De Ahmadiyya Moslim Gemeenschap kondigt met veel blijdschap aan dat de wereldleider van de Ahmadiyya Moslim Gemeenschap, Zijne Heiligheid Hazrat Mirza Masroor Ahmad, de vijfde kalief, vandaag\u00a0 de Maryam Moskee&#8230;\" \/>\n<meta property=\"og:url\" content=\"https:\/\/www.ahmadiyya-islam.org\/be-nl\/persberichten\/de-eerste-ahmadiyya-moskee-opent-in-ierland-galway\/\" \/>\n<meta property=\"og:site_name\" content=\"Ahmadiyya Moslim Gemeenschap Belgi\u00eb\" \/>\n<meta property=\"article:published_time\" content=\"2014-09-27T20:25:39+00:00\" \/>\n<meta property=\"article:modified_time\" content=\"2015-05-28T12:38:33+00:00\" \/>\n<meta property=\"og:image\" content=\"https:\/\/www.ahmadiyya-islam.org\/be-nl\/wp-content\/uploads\/sites\/7\/2015\/05\/Maryam-Mosque-Ireland-1.jpg\" \/>\n\t<meta property=\"og:image:width\" content=\"589\" \/>\n\t<meta property=\"og:image:height\" content=\"400\" \/>\n\t<meta property=\"og:image:type\" content=\"image\/jpeg\" \/>\n<meta name=\"author\" content=\"beadmin1\" \/>\n<meta name=\"twitter:card\" content=\"summary_large_image\" \/>\n<meta name=\"twitter:label1\" content=\"Geschreven door\" \/>\n\t<meta name=\"twitter:data1\" content=\"beadmin1\" \/>\n\t<meta name=\"twitter:label2\" content=\"Geschatte leestijd\" \/>\n\t<meta name=\"twitter:data2\" content=\"2 minuten\" \/>\n<script type=\"application\/ld+json\" class=\"yoast-schema-graph\">{\"@context\":\"https:\\\/\\\/schema.org\",\"@graph\":[{\"@type\":\"Article\",\"@id\":\"https:\\\/\\\/www.ahmadiyya-islam.org\\\/be-nl\\\/persberichten\\\/de-eerste-ahmadiyya-moskee-opent-in-ierland-galway\\\/#article\",\"isPartOf\":{\"@id\":\"https:\\\/\\\/www.ahmadiyya-islam.org\\\/be-nl\\\/persberichten\\\/de-eerste-ahmadiyya-moskee-opent-in-ierland-galway\\\/\"},\"author\":{\"name\":\"beadmin1\",\"@id\":\"https:\\\/\\\/www.ahmadiyya-islam.org\\\/be-nl\\\/#\\\/schema\\\/person\\\/ba2c45734c5d978a64f06e5b2cbe4030\"},\"headline\":\"De eerste Ahmadiyya moskee opent in Ierland Galway\",\"datePublished\":\"2014-09-27T20:25:39+00:00\",\"dateModified\":\"2015-05-28T12:38:33+00:00\",\"mainEntityOfPage\":{\"@id\":\"https:\\\/\\\/www.ahmadiyya-islam.org\\\/be-nl\\\/persberichten\\\/de-eerste-ahmadiyya-moskee-opent-in-ierland-galway\\\/\"},\"wordCount\":377,\"commentCount\":0,\"image\":{\"@id\":\"https:\\\/\\\/www.ahmadiyya-islam.org\\\/be-nl\\\/persberichten\\\/de-eerste-ahmadiyya-moskee-opent-in-ierland-galway\\\/#primaryimage\"},\"thumbnailUrl\":\"https:\\\/\\\/www.ahmadiyya-islam.org\\\/be-nl\\\/wp-content\\\/uploads\\\/sites\\\/7\\\/2015\\\/05\\\/Maryam-Mosque-Ireland-1.jpg\",\"keywords\":[\"Maryam Moskee\"],\"articleSection\":[\"Persberichten\"],\"inLanguage\":\"nl-BE\"},{\"@type\":\"WebPage\",\"@id\":\"https:\\\/\\\/www.ahmadiyya-islam.org\\\/be-nl\\\/persberichten\\\/de-eerste-ahmadiyya-moskee-opent-in-ierland-galway\\\/\",\"url\":\"https:\\\/\\\/www.ahmadiyya-islam.org\\\/be-nl\\\/persberichten\\\/de-eerste-ahmadiyya-moskee-opent-in-ierland-galway\\\/\",\"name\":\"De eerste Ahmadiyya moskee opent in Ierland Galway - Ahmadiyya Moslim Gemeenschap Belgi\u00eb\",\"isPartOf\":{\"@id\":\"https:\\\/\\\/www.ahmadiyya-islam.org\\\/be-nl\\\/#website\"},\"primaryImageOfPage\":{\"@id\":\"https:\\\/\\\/www.ahmadiyya-islam.org\\\/be-nl\\\/persberichten\\\/de-eerste-ahmadiyya-moskee-opent-in-ierland-galway\\\/#primaryimage\"},\"image\":{\"@id\":\"https:\\\/\\\/www.ahmadiyya-islam.org\\\/be-nl\\\/persberichten\\\/de-eerste-ahmadiyya-moskee-opent-in-ierland-galway\\\/#primaryimage\"},\"thumbnailUrl\":\"https:\\\/\\\/www.ahmadiyya-islam.org\\\/be-nl\\\/wp-content\\\/uploads\\\/sites\\\/7\\\/2015\\\/05\\\/Maryam-Mosque-Ireland-1.jpg\",\"datePublished\":\"2014-09-27T20:25:39+00:00\",\"dateModified\":\"2015-05-28T12:38:33+00:00\",\"author\":{\"@id\":\"https:\\\/\\\/www.ahmadiyya-islam.org\\\/be-nl\\\/#\\\/schema\\\/person\\\/ba2c45734c5d978a64f06e5b2cbe4030\"},\"breadcrumb\":{\"@id\":\"https:\\\/\\\/www.ahmadiyya-islam.org\\\/be-nl\\\/persberichten\\\/de-eerste-ahmadiyya-moskee-opent-in-ierland-galway\\\/#breadcrumb\"},\"inLanguage\":\"nl-BE\",\"potentialAction\":[{\"@type\":\"ReadAction\",\"target\":[\"https:\\\/\\\/www.ahmadiyya-islam.org\\\/be-nl\\\/persberichten\\\/de-eerste-ahmadiyya-moskee-opent-in-ierland-galway\\\/\"]}]},{\"@type\":\"ImageObject\",\"inLanguage\":\"nl-BE\",\"@id\":\"https:\\\/\\\/www.ahmadiyya-islam.org\\\/be-nl\\\/persberichten\\\/de-eerste-ahmadiyya-moskee-opent-in-ierland-galway\\\/#primaryimage\",\"url\":\"https:\\\/\\\/www.ahmadiyya-islam.org\\\/be-nl\\\/wp-content\\\/uploads\\\/sites\\\/7\\\/2015\\\/05\\\/Maryam-Mosque-Ireland-1.jpg\",\"contentUrl\":\"https:\\\/\\\/www.ahmadiyya-islam.org\\\/be-nl\\\/wp-content\\\/uploads\\\/sites\\\/7\\\/2015\\\/05\\\/Maryam-Mosque-Ireland-1.jpg\",\"width\":589,\"height\":400},{\"@type\":\"BreadcrumbList\",\"@id\":\"https:\\\/\\\/www.ahmadiyya-islam.org\\\/be-nl\\\/persberichten\\\/de-eerste-ahmadiyya-moskee-opent-in-ierland-galway\\\/#breadcrumb\",\"itemListElement\":[{\"@type\":\"ListItem\",\"position\":1,\"name\":\"Home\",\"item\":\"https:\\\/\\\/www.ahmadiyya-islam.org\\\/be-nl\\\/\"},{\"@type\":\"ListItem\",\"position\":2,\"name\":\"De eerste Ahmadiyya moskee opent in Ierland Galway\"}]},{\"@type\":\"WebSite\",\"@id\":\"https:\\\/\\\/www.ahmadiyya-islam.org\\\/be-nl\\\/#website\",\"url\":\"https:\\\/\\\/www.ahmadiyya-islam.org\\\/be-nl\\\/\",\"name\":\"Ahmadiyya Moslim Gemeenschap Belgi\u00eb\",\"description\":\"\",\"potentialAction\":[{\"@type\":\"SearchAction\",\"target\":{\"@type\":\"EntryPoint\",\"urlTemplate\":\"https:\\\/\\\/www.ahmadiyya-islam.org\\\/be-nl\\\/?s={search_term_string}\"},\"query-input\":{\"@type\":\"PropertyValueSpecification\",\"valueRequired\":true,\"valueName\":\"search_term_string\"}}],\"inLanguage\":\"nl-BE\"},{\"@type\":\"Person\",\"@id\":\"https:\\\/\\\/www.ahmadiyya-islam.org\\\/be-nl\\\/#\\\/schema\\\/person\\\/ba2c45734c5d978a64f06e5b2cbe4030\",\"name\":\"beadmin1\",\"url\":\"https:\\\/\\\/www.ahmadiyya-islam.org\\\/be-nl\\\/author\\\/beadmin\\\/\"}]}<\/script>\n<!-- \/ Yoast SEO Premium plugin. -->","yoast_head_json":{"title":"De eerste Ahmadiyya moskee opent in Ierland Galway - Ahmadiyya Moslim Gemeenschap Belgi\u00eb","robots":{"index":"index","follow":"follow","max-snippet":"max-snippet:-1","max-image-preview":"max-image-preview:large","max-video-preview":"max-video-preview:-1"},"canonical":"https:\/\/www.ahmadiyya-islam.org\/be-nl\/persberichten\/de-eerste-ahmadiyya-moskee-opent-in-ierland-galway\/","og_locale":"nl_BE","og_type":"article","og_title":"De eerste Ahmadiyya moskee opent in Ierland Galway","og_description":"De Ahmadiyya Moslim Gemeenschap kondigt met veel blijdschap aan dat de wereldleider van de Ahmadiyya Moslim Gemeenschap, Zijne Heiligheid Hazrat Mirza Masroor Ahmad, de vijfde kalief, vandaag\u00a0 de Maryam Moskee&#8230;","og_url":"https:\/\/www.ahmadiyya-islam.org\/be-nl\/persberichten\/de-eerste-ahmadiyya-moskee-opent-in-ierland-galway\/","og_site_name":"Ahmadiyya Moslim Gemeenschap Belgi\u00eb","article_published_time":"2014-09-27T20:25:39+00:00","article_modified_time":"2015-05-28T12:38:33+00:00","og_image":[{"width":589,"height":400,"url":"https:\/\/www.ahmadiyya-islam.org\/be-nl\/wp-content\/uploads\/sites\/7\/2015\/05\/Maryam-Mosque-Ireland-1.jpg","type":"image\/jpeg"}],"author":"beadmin1","twitter_card":"summary_large_image","twitter_misc":{"Geschreven door":"beadmin1","Geschatte leestijd":"2 minuten"},"schema":{"@context":"https:\/\/schema.org","@graph":[{"@type":"Article","@id":"https:\/\/www.ahmadiyya-islam.org\/be-nl\/persberichten\/de-eerste-ahmadiyya-moskee-opent-in-ierland-galway\/#article","isPartOf":{"@id":"https:\/\/www.ahmadiyya-islam.org\/be-nl\/persberichten\/de-eerste-ahmadiyya-moskee-opent-in-ierland-galway\/"},"author":{"name":"beadmin1","@id":"https:\/\/www.ahmadiyya-islam.org\/be-nl\/#\/schema\/person\/ba2c45734c5d978a64f06e5b2cbe4030"},"headline":"De eerste Ahmadiyya moskee opent in Ierland Galway","datePublished":"2014-09-27T20:25:39+00:00","dateModified":"2015-05-28T12:38:33+00:00","mainEntityOfPage":{"@id":"https:\/\/www.ahmadiyya-islam.org\/be-nl\/persberichten\/de-eerste-ahmadiyya-moskee-opent-in-ierland-galway\/"},"wordCount":377,"commentCount":0,"image":{"@id":"https:\/\/www.ahmadiyya-islam.org\/be-nl\/persberichten\/de-eerste-ahmadiyya-moskee-opent-in-ierland-galway\/#primaryimage"},"thumbnailUrl":"https:\/\/www.ahmadiyya-islam.org\/be-nl\/wp-content\/uploads\/sites\/7\/2015\/05\/Maryam-Mosque-Ireland-1.jpg","keywords":["Maryam Moskee"],"articleSection":["Persberichten"],"inLanguage":"nl-BE"},{"@type":"WebPage","@id":"https:\/\/www.ahmadiyya-islam.org\/be-nl\/persberichten\/de-eerste-ahmadiyya-moskee-opent-in-ierland-galway\/","url":"https:\/\/www.ahmadiyya-islam.org\/be-nl\/persberichten\/de-eerste-ahmadiyya-moskee-opent-in-ierland-galway\/","name":"De eerste Ahmadiyya moskee opent in Ierland Galway - Ahmadiyya Moslim Gemeenschap Belgi\u00eb","isPartOf":{"@id":"https:\/\/www.ahmadiyya-islam.org\/be-nl\/#website"},"primaryImageOfPage":{"@id":"https:\/\/www.ahmadiyya-islam.org\/be-nl\/persberichten\/de-eerste-ahmadiyya-moskee-opent-in-ierland-galway\/#primaryimage"},"image":{"@id":"https:\/\/www.ahmadiyya-islam.org\/be-nl\/persberichten\/de-eerste-ahmadiyya-moskee-opent-in-ierland-galway\/#primaryimage"},"thumbnailUrl":"https:\/\/www.ahmadiyya-islam.org\/be-nl\/wp-content\/uploads\/sites\/7\/2015\/05\/Maryam-Mosque-Ireland-1.jpg","datePublished":"2014-09-27T20:25:39+00:00","dateModified":"2015-05-28T12:38:33+00:00","author":{"@id":"https:\/\/www.ahmadiyya-islam.org\/be-nl\/#\/schema\/person\/ba2c45734c5d978a64f06e5b2cbe4030"},"breadcrumb":{"@id":"https:\/\/www.ahmadiyya-islam.org\/be-nl\/persberichten\/de-eerste-ahmadiyya-moskee-opent-in-ierland-galway\/#breadcrumb"},"inLanguage":"nl-BE","potentialAction":[{"@type":"ReadAction","target":["https:\/\/www.ahmadiyya-islam.org\/be-nl\/persberichten\/de-eerste-ahmadiyya-moskee-opent-in-ierland-galway\/"]}]},{"@type":"ImageObject","inLanguage":"nl-BE","@id":"https:\/\/www.ahmadiyya-islam.org\/be-nl\/persberichten\/de-eerste-ahmadiyya-moskee-opent-in-ierland-galway\/#primaryimage","url":"https:\/\/www.ahmadiyya-islam.org\/be-nl\/wp-content\/uploads\/sites\/7\/2015\/05\/Maryam-Mosque-Ireland-1.jpg","contentUrl":"https:\/\/www.ahmadiyya-islam.org\/be-nl\/wp-content\/uploads\/sites\/7\/2015\/05\/Maryam-Mosque-Ireland-1.jpg","width":589,"height":400},{"@type":"BreadcrumbList","@id":"https:\/\/www.ahmadiyya-islam.org\/be-nl\/persberichten\/de-eerste-ahmadiyya-moskee-opent-in-ierland-galway\/#breadcrumb","itemListElement":[{"@type":"ListItem","position":1,"name":"Home","item":"https:\/\/www.ahmadiyya-islam.org\/be-nl\/"},{"@type":"ListItem","position":2,"name":"De eerste Ahmadiyya moskee opent in Ierland Galway"}]},{"@type":"WebSite","@id":"https:\/\/www.ahmadiyya-islam.org\/be-nl\/#website","url":"https:\/\/www.ahmadiyya-islam.org\/be-nl\/","name":"Ahmadiyya Moslim Gemeenschap Belgi\u00eb","description":"","potentialAction":[{"@type":"SearchAction","target":{"@type":"EntryPoint","urlTemplate":"https:\/\/www.ahmadiyya-islam.org\/be-nl\/?s={search_term_string}"},"query-input":{"@type":"PropertyValueSpecification","valueRequired":true,"valueName":"search_term_string"}}],"inLanguage":"nl-BE"},{"@type":"Person","@id":"https:\/\/www.ahmadiyya-islam.org\/be-nl\/#\/schema\/person\/ba2c45734c5d978a64f06e5b2cbe4030","name":"beadmin1","url":"https:\/\/www.ahmadiyya-islam.org\/be-nl\/author\/beadmin\/"}]}},"_links":{"self":[{"href":"https:\/\/www.ahmadiyya-islam.org\/be-nl\/wp-json\/wp\/v2\/posts\/172","targetHints":{"allow":["GET"]}}],"collection":[{"href":"https:\/\/www.ahmadiyya-islam.org\/be-nl\/wp-json\/wp\/v2\/posts"}],"about":[{"href":"https:\/\/www.ahmadiyya-islam.org\/be-nl\/wp-json\/wp\/v2\/types\/post"}],"author":[{"embeddable":true,"href":"https:\/\/www.ahmadiyya-islam.org\/be-nl\/wp-json\/wp\/v2\/users\/11"}],"replies":[{"embeddable":true,"href":"https:\/\/www.ahmadiyya-islam.org\/be-nl\/wp-json\/wp\/v2\/comments?post=172"}],"version-history":[{"count":0,"href":"https:\/\/www.ahmadiyya-islam.org\/be-nl\/wp-json\/wp\/v2\/posts\/172\/revisions"}],"wp:featuredmedia":[{"embeddable":true,"href":"https:\/\/www.ahmadiyya-islam.org\/be-nl\/wp-json\/wp\/v2\/media\/173"}],"wp:attachment":[{"href":"https:\/\/www.ahmadiyya-islam.org\/be-nl\/wp-json\/wp\/v2\/media?parent=172"}],"wp:term":[{"taxonomy":"category","embeddable":true,"href":"https:\/\/www.ahmadiyya-islam.org\/be-nl\/wp-json\/wp\/v2\/categories?post=172"},{"taxonomy":"post_tag","embeddable":true,"href":"https:\/\/www.ahmadiyya-islam.org\/be-nl\/wp-json\/wp\/v2\/tags?post=172"}],"curies":[{"name":"wp","href":"https:\/\/api.w.org\/{rel}","templated":true}]}}