{"id":10940,"date":"2022-02-24T08:10:35","date_gmt":"2022-02-24T07:10:35","guid":{"rendered":"https:\/\/www.ahmadiyya-islam.org\/be-nl\/?p=10940"},"modified":"2022-02-27T08:44:01","modified_gmt":"2022-02-27T07:44:01","slug":"russisch-oekraiense-crisis-verklaring-van-de-kalief-crise-russo-ukrainienne-declaration-du-calife","status":"publish","type":"post","link":"https:\/\/www.ahmadiyya-islam.org\/be-nl\/persberichten\/russisch-oekraiense-crisis-verklaring-van-de-kalief-crise-russo-ukrainienne-declaration-du-calife\/","title":{"rendered":"Russisch-Oekra\u00efense crisis: verklaring van de kalief &#8211; Crise russo-ukrainienne : d\u00e9claration du Calife"},"content":{"rendered":"<p><a href=\"https:\/\/www.ahmadiyya-islam.org\/be-nl\/wp-content\/uploads\/sites\/7\/2020\/07\/Samenvatting-vrijdagpreek-16.jpg\"><img loading=\"lazy\" decoding=\"async\" class=\"alignnone size-full wp-image-9669\" src=\"https:\/\/www.ahmadiyya-islam.org\/be-nl\/wp-content\/uploads\/sites\/7\/2020\/07\/Samenvatting-vrijdagpreek-16.jpg\" alt=\"\" width=\"1128\" height=\"504\" srcset=\"https:\/\/www.ahmadiyya-islam.org\/be-nl\/wp-content\/uploads\/sites\/7\/2020\/07\/Samenvatting-vrijdagpreek-16.jpg 1128w, https:\/\/www.ahmadiyya-islam.org\/be-nl\/wp-content\/uploads\/sites\/7\/2020\/07\/Samenvatting-vrijdagpreek-16-300x134.jpg 300w, https:\/\/www.ahmadiyya-islam.org\/be-nl\/wp-content\/uploads\/sites\/7\/2020\/07\/Samenvatting-vrijdagpreek-16-1024x458.jpg 1024w, https:\/\/www.ahmadiyya-islam.org\/be-nl\/wp-content\/uploads\/sites\/7\/2020\/07\/Samenvatting-vrijdagpreek-16-768x343.jpg 768w, https:\/\/www.ahmadiyya-islam.org\/be-nl\/wp-content\/uploads\/sites\/7\/2020\/07\/Samenvatting-vrijdagpreek-16-940x420.jpg 940w\" sizes=\"auto, (max-width: 1128px) 100vw, 1128px\" \/><\/a><\/p>\n<p><strong>Russisch-Oekra\u00efense crisis: verklaring van de kalief<\/strong><\/p>\n<p>24 februari 2022<\/p>\n<p>&nbsp;<\/p>\n<p><em>Verklaring van de wereldleider van de Ahmadiyya Moslim Gemeenschap over de Russisch-Oekra\u00efense crisis.<\/em><\/p>\n<p><em>\u00a0<\/em><\/p>\n<p>Met betrekking tot de crisis van Rusland en Oekra\u00efne heeft het wereldhoofd van de Ahmadiyya Moslim Gemeenschap, de vijfde kalief, Zijne Heiligheid, Hazrat Mirza Masroor Ahmad gezegd:<\/p>\n<p>\u201c Gedurende vele jaren heb ik de grootmachten van de wereld gewaarschuwd dat zij lessen uit de geschiedenis in acht moeten nemen, met name met betrekking tot de twee catastrofale en verwoestende wereldoorlogen die in de 20e eeuw hebben plaatsgevonden. In dit verband heb ik in het verleden brieven geschreven aan de leiders van verschillende naties en er bij hen op aangedrongen hun nationale en gevestigde belangen opzij te zetten om voorrang te geven aan de vrede en veiligheid van de wereld door op alle niveaus van de samenleving echte gerechtigheid in te voeren. Helaas is er nu een oorlog in Oekra\u00efne begonnen, waardoor de situatie uiterst ernstig en gevaarlijk is geworden. Bovendien kan de situatie nog verder escaleren, afhankelijk van de volgende stappen van de Russische regering en de reactie van de NAVO en de grootmachten. Er is geen twijfel dat elke escalatie afschuwelijke en uiterst vernietigende gevolgen zal hebben. Het is dan ook van het allergrootste belang dat alles in het werk wordt gesteld om verdere oorlog en geweld te voorkomen. Er is nog tijd voor de wereld om een stap terug te zetten van de rand van de afgrond en daarom dring ik er in het belang van de mensheid bij Rusland, de NAVO en alle grootmachten op aan om al hun inspanningen te concentreren op het streven naar de\u00ebscalatie van het conflict en te werken aan een vreedzame oplossing door middel van diplomatie.<\/p>\n<p>Als hoofd van de Ahmadiyya Moslim Gemeenschap kan ik alleen maar de aandacht van de politieke leiders van de wereld vestigen op het feit dat zij prioriteit moeten geven aan de vrede in de wereld en hun nationale belangen en vijandschappen opzij moeten zetten ten voordele van het welzijn van de gehele mensheid. Het is dan ook mijn oprechte gebed dat de leiders van de wereld met gezond verstand en wijsheid handelen en streven naar de verbetering van de mensheid.<\/p>\n<p>Ik bid dat de wereldleiders er ernstig naar streven de mensheid nu en in de toekomst te vrijwaren en te beschermen tegen de kwelling van oorlogvoering, bloedvergieten en vernietiging. En zo, vanuit het diepst van mijn hart bid ik dat de leiders van de grootmachten en hun regeringen geen stappen ondernemen die de toekomst van onze kinderen en volgende generaties gaan vernietigen. In plaats daarvan moeten zij alles in het werk stellen om ervoor te zorgen dat wij een wereld van vrede en welvaart nalaten aan degenen die na ons komen.<\/p>\n<p>Ik bid dat de leiders van de wereld aandacht schenken aan de noodzaak van het moment en boven alles waarde hechten aan hun verplichting om de vrede en stabiliteit van de wereld te waarborgen. Moge Allah de Almachtige alle onschuldige en weerloze mensen beschermen en moge er ware en duurzame vrede in de wereld heersen.Amen.\u201d<\/p>\n<p>&nbsp;<\/p>\n<p>MIRZA MASROOR AHMAD<\/p>\n<p>Khalifatul Masih V<\/p>\n<p>HOOFD VAN DE WERELDWIJDE AHMADIYYA MOSLIMGEMEENSCHAP<\/p>\n<p>&nbsp;<\/p>\n<p>&nbsp;<\/p>\n<p><strong>Crise russo-ukrainienne : d\u00e9claration du Calife<\/strong><\/p>\n<p><strong>\u00a0<\/strong><\/p>\n<p>Le 24 f\u00e9vrier 2022<\/p>\n<p>&nbsp;<\/p>\n<p><em>D\u00e9claration du chef mondial de la communaut\u00e9 musulmane Ahmadiyya concernant la crise russo-ukrainienne.<\/em><\/p>\n<p>\u00c0 propos de la crise russo-ukrainienne, le chef mondial de la communaut\u00e9 musulmane Ahmadiyya, Sa Saintet\u00e9 le cinqui\u00e8me Calife, Hazrat Mirza Masroor Ahmad, que Dieu lui accorde Son soutien, a d\u00e9clar\u00e9\u00a0:<\/p>\n<p>\u00ab\u00a0Pendant de nombreuses ann\u00e9es, j\u2019ai averti les grandes puissances du monde qu\u2019elles devaient tenir compte des le\u00e7ons de l\u2019histoire, en particulier en ce qui concerne les deux guerres mondiales catastrophiques et d\u00e9vastatrices qui ont eu lieu au XXe si\u00e8cle.<\/p>\n<p>\u00c0 cet \u00e9gard, dans le pass\u00e9, j\u2019ai \u00e9crit des lettres aux dirigeants de diverses nations les exhortant \u00e0 mettre de c\u00f4t\u00e9 leurs int\u00e9r\u00eats nationaux et partisans afin de donner la priorit\u00e9 \u00e0 la paix et \u00e0 la s\u00e9curit\u00e9 du monde, en adoptant une v\u00e9ritable justice \u00e0 tous les niveaux de la soci\u00e9t\u00e9.<\/p>\n<p>Malheureusement, maintenant qu\u2019une guerre a \u00e9clat\u00e9 en Ukraine, la situation est devenue extr\u00eamement grave et pr\u00e9caire. En outre, elle a le potentiel de s\u2019aggraver encore davantage en fonction des prochaines mesures envisag\u00e9es par le gouvernement russe et de la r\u00e9ponse de l\u2019OTAN et des grandes puissances. Incontestablement, les cons\u00e9quences de toute escalade seront horribles et destructrices \u00e0 l\u2019extr\u00eame. Et donc, le besoin critique de l\u2019heure est que tous les efforts possibles soient faits pour \u00e9viter de nouvelles guerres et violences.<\/p>\n<p>Il est encore temps pour le monde de prendre du recul \u2014 et, par cons\u00e9quent, pour le bien de l\u2019humanit\u00e9, j\u2019exhorte la Russie, l\u2019OTAN et toutes les grandes puissances \u00e0 concentrer tous leurs efforts sur une d\u00e9sescalade du conflit et une solution pacifique par la diplomatie.<\/p>\n<p>En tant que chef de la communaut\u00e9 musulmane Ahmadiyya, je ne peux qu\u2019attirer l\u2019attention des dirigeants politiques du monde sur la priorit\u00e9 \u00e0 donner \u00e0 la paix mondiale et la mise de c\u00f4t\u00e9 aussi bien de leurs int\u00e9r\u00eats nationaux que de leurs inimiti\u00e9s pour le bien-\u00eatre de toute l\u2019humanit\u00e9. Je prie sinc\u00e8rement que les dirigeants du monde agissent avec bon sens et sagesse et qu\u2019ils s\u2019efforcent d\u2019\u0153uvrer pour le bien de l\u2019humanit\u00e9.<\/p>\n<p>Je prie que les dirigeants du monde s\u2019efforcent sinc\u00e8rement de sauvegarder et prot\u00e9ger l\u2019humanit\u00e9, aujourd\u2019hui et \u00e0 l\u2019avenir, des tourments de la guerre, des effusions de sang et de la destruction. Du plus profond de mon c\u0153ur, je prie que les dirigeants des grandes puissances et leurs gouvernements ne prennent pas de mesures qui serviront \u00e0 d\u00e9truire l\u2019avenir de nos enfants et des g\u00e9n\u00e9rations futures. Au contraire, chacun de leurs efforts et leurs motivations devraient viser \u00e0 garantir que nous l\u00e9guerons \u00e0 ceux qui nous suivent un monde de paix et de prosp\u00e9rit\u00e9.<\/p>\n<p>Je prie que les dirigeants du monde pr\u00eatent attention aux besoins de l\u2019heure et valorisent, par-dessus tout, leur obligation d\u2019assurer la paix et la stabilit\u00e9 du monde. Puisse Dieu le Tout-Puissant prot\u00e9ger tous les gens innocents et sans d\u00e9fense\u00a0; et qu\u2019une paix v\u00e9ritable et durable r\u00e8gne dans le monde. Ameen.<\/p>\n<p>Mirza Masroor Ahmad<\/p>\n<p>Khalifat-oul-Massih V<\/p>\n<p>Chef de la Communaut\u00e9 musulmane Ahmadiyya Internationale<\/p>\n<p>&nbsp;<\/p>\n","protected":false},"excerpt":{"rendered":"<p>Russisch-Oekra\u00efense crisis: verklaring van de kalief 24 februari 2022 &nbsp; Verklaring van de wereldleider van de Ahmadiyya Moslim Gemeenschap over de Russisch-Oekra\u00efense crisis. \u00a0 Met betrekking tot de crisis van&#8230;<\/p>\n<p><a class='more-link' href='https:\/\/www.ahmadiyya-islam.org\/be-nl\/persberichten\/russisch-oekraiense-crisis-verklaring-van-de-kalief-crise-russo-ukrainienne-declaration-du-calife\/'>Lees meer <span class='screen-reader-text'>Russisch-Oekra\u00efense crisis: verklaring van de kalief &#8211; Crise russo-ukrainienne : d\u00e9claration du Calife<\/span><\/a><\/p>","protected":false},"author":11,"featured_media":10944,"comment_status":"open","ping_status":"closed","sticky":false,"template":"","format":"standard","meta":{"_acf_changed":false,"footnotes":""},"categories":[1],"tags":[149],"class_list":{"1":"post","2":"publish","3":"author-beadmin","4":"post-10940","6":"format-standard","7":"has-post-thumbnail","8":"category-persberichten","9":"post_tag-global","10":"excerpt"},"acf":[],"yoast_head":"<!-- This site is optimized with the Yoast SEO Premium plugin v21.1 (Yoast SEO v27.4) - https:\/\/yoast.com\/product\/yoast-seo-premium-wordpress\/ -->\n<title>Russisch-Oekra\u00efense crisis: verklaring van de kalief - Crise russo-ukrainienne : d\u00e9claration du Calife - Ahmadiyya Moslim Gemeenschap Belgi\u00eb<\/title>\n<meta name=\"robots\" content=\"index, follow, max-snippet:-1, max-image-preview:large, max-video-preview:-1\" \/>\n<link rel=\"canonical\" href=\"https:\/\/www.ahmadiyya-islam.org\/be-nl\/persberichten\/russisch-oekraiense-crisis-verklaring-van-de-kalief-crise-russo-ukrainienne-declaration-du-calife\/\" \/>\n<meta property=\"og:locale\" content=\"nl_BE\" \/>\n<meta property=\"og:type\" content=\"article\" \/>\n<meta property=\"og:title\" content=\"Russisch-Oekra\u00efense crisis: verklaring van de kalief - Crise russo-ukrainienne : d\u00e9claration du Calife\" \/>\n<meta property=\"og:description\" content=\"Russisch-Oekra\u00efense crisis: verklaring van de kalief 24 februari 2022 &nbsp; Verklaring van de wereldleider van de Ahmadiyya Moslim Gemeenschap over de Russisch-Oekra\u00efense crisis. \u00a0 Met betrekking tot de crisis van&#8230;\" \/>\n<meta property=\"og:url\" content=\"https:\/\/www.ahmadiyya-islam.org\/be-nl\/persberichten\/russisch-oekraiense-crisis-verklaring-van-de-kalief-crise-russo-ukrainienne-declaration-du-calife\/\" \/>\n<meta property=\"og:site_name\" content=\"Ahmadiyya Moslim Gemeenschap Belgi\u00eb\" \/>\n<meta property=\"article:published_time\" content=\"2022-02-24T07:10:35+00:00\" \/>\n<meta property=\"article:modified_time\" content=\"2022-02-27T07:44:01+00:00\" \/>\n<meta property=\"og:image\" content=\"https:\/\/www.ahmadiyya-islam.org\/be-nl\/wp-content\/uploads\/sites\/7\/2022\/02\/Statement-Ukraine-cirsis-03.jpg\" \/>\n\t<meta property=\"og:image:width\" content=\"1135\" \/>\n\t<meta property=\"og:image:height\" content=\"504\" \/>\n\t<meta property=\"og:image:type\" content=\"image\/jpeg\" \/>\n<meta name=\"author\" content=\"beadmin1\" \/>\n<meta name=\"twitter:card\" content=\"summary_large_image\" \/>\n<meta name=\"twitter:label1\" content=\"Geschreven door\" \/>\n\t<meta name=\"twitter:data1\" content=\"beadmin1\" \/>\n\t<meta name=\"twitter:label2\" content=\"Geschatte leestijd\" \/>\n\t<meta name=\"twitter:data2\" content=\"5 minuten\" \/>\n<script type=\"application\/ld+json\" class=\"yoast-schema-graph\">{\"@context\":\"https:\\\/\\\/schema.org\",\"@graph\":[{\"@type\":\"Article\",\"@id\":\"https:\\\/\\\/www.ahmadiyya-islam.org\\\/be-nl\\\/persberichten\\\/russisch-oekraiense-crisis-verklaring-van-de-kalief-crise-russo-ukrainienne-declaration-du-calife\\\/#article\",\"isPartOf\":{\"@id\":\"https:\\\/\\\/www.ahmadiyya-islam.org\\\/be-nl\\\/persberichten\\\/russisch-oekraiense-crisis-verklaring-van-de-kalief-crise-russo-ukrainienne-declaration-du-calife\\\/\"},\"author\":{\"name\":\"beadmin1\",\"@id\":\"https:\\\/\\\/www.ahmadiyya-islam.org\\\/be-nl\\\/#\\\/schema\\\/person\\\/ba2c45734c5d978a64f06e5b2cbe4030\"},\"headline\":\"Russisch-Oekra\u00efense crisis: verklaring van de kalief &#8211; Crise russo-ukrainienne : d\u00e9claration du Calife\",\"datePublished\":\"2022-02-24T07:10:35+00:00\",\"dateModified\":\"2022-02-27T07:44:01+00:00\",\"mainEntityOfPage\":{\"@id\":\"https:\\\/\\\/www.ahmadiyya-islam.org\\\/be-nl\\\/persberichten\\\/russisch-oekraiense-crisis-verklaring-van-de-kalief-crise-russo-ukrainienne-declaration-du-calife\\\/\"},\"wordCount\":1096,\"commentCount\":0,\"image\":{\"@id\":\"https:\\\/\\\/www.ahmadiyya-islam.org\\\/be-nl\\\/persberichten\\\/russisch-oekraiense-crisis-verklaring-van-de-kalief-crise-russo-ukrainienne-declaration-du-calife\\\/#primaryimage\"},\"thumbnailUrl\":\"https:\\\/\\\/www.ahmadiyya-islam.org\\\/be-nl\\\/wp-content\\\/uploads\\\/sites\\\/7\\\/2022\\\/02\\\/Statement-Ukraine-cirsis-03.jpg\",\"keywords\":[\"global\"],\"articleSection\":[\"Persberichten\"],\"inLanguage\":\"nl-BE\"},{\"@type\":\"WebPage\",\"@id\":\"https:\\\/\\\/www.ahmadiyya-islam.org\\\/be-nl\\\/persberichten\\\/russisch-oekraiense-crisis-verklaring-van-de-kalief-crise-russo-ukrainienne-declaration-du-calife\\\/\",\"url\":\"https:\\\/\\\/www.ahmadiyya-islam.org\\\/be-nl\\\/persberichten\\\/russisch-oekraiense-crisis-verklaring-van-de-kalief-crise-russo-ukrainienne-declaration-du-calife\\\/\",\"name\":\"Russisch-Oekra\u00efense crisis: verklaring van de kalief - Crise russo-ukrainienne : d\u00e9claration du Calife - Ahmadiyya Moslim Gemeenschap Belgi\u00eb\",\"isPartOf\":{\"@id\":\"https:\\\/\\\/www.ahmadiyya-islam.org\\\/be-nl\\\/#website\"},\"primaryImageOfPage\":{\"@id\":\"https:\\\/\\\/www.ahmadiyya-islam.org\\\/be-nl\\\/persberichten\\\/russisch-oekraiense-crisis-verklaring-van-de-kalief-crise-russo-ukrainienne-declaration-du-calife\\\/#primaryimage\"},\"image\":{\"@id\":\"https:\\\/\\\/www.ahmadiyya-islam.org\\\/be-nl\\\/persberichten\\\/russisch-oekraiense-crisis-verklaring-van-de-kalief-crise-russo-ukrainienne-declaration-du-calife\\\/#primaryimage\"},\"thumbnailUrl\":\"https:\\\/\\\/www.ahmadiyya-islam.org\\\/be-nl\\\/wp-content\\\/uploads\\\/sites\\\/7\\\/2022\\\/02\\\/Statement-Ukraine-cirsis-03.jpg\",\"datePublished\":\"2022-02-24T07:10:35+00:00\",\"dateModified\":\"2022-02-27T07:44:01+00:00\",\"author\":{\"@id\":\"https:\\\/\\\/www.ahmadiyya-islam.org\\\/be-nl\\\/#\\\/schema\\\/person\\\/ba2c45734c5d978a64f06e5b2cbe4030\"},\"breadcrumb\":{\"@id\":\"https:\\\/\\\/www.ahmadiyya-islam.org\\\/be-nl\\\/persberichten\\\/russisch-oekraiense-crisis-verklaring-van-de-kalief-crise-russo-ukrainienne-declaration-du-calife\\\/#breadcrumb\"},\"inLanguage\":\"nl-BE\",\"potentialAction\":[{\"@type\":\"ReadAction\",\"target\":[\"https:\\\/\\\/www.ahmadiyya-islam.org\\\/be-nl\\\/persberichten\\\/russisch-oekraiense-crisis-verklaring-van-de-kalief-crise-russo-ukrainienne-declaration-du-calife\\\/\"]}]},{\"@type\":\"ImageObject\",\"inLanguage\":\"nl-BE\",\"@id\":\"https:\\\/\\\/www.ahmadiyya-islam.org\\\/be-nl\\\/persberichten\\\/russisch-oekraiense-crisis-verklaring-van-de-kalief-crise-russo-ukrainienne-declaration-du-calife\\\/#primaryimage\",\"url\":\"https:\\\/\\\/www.ahmadiyya-islam.org\\\/be-nl\\\/wp-content\\\/uploads\\\/sites\\\/7\\\/2022\\\/02\\\/Statement-Ukraine-cirsis-03.jpg\",\"contentUrl\":\"https:\\\/\\\/www.ahmadiyya-islam.org\\\/be-nl\\\/wp-content\\\/uploads\\\/sites\\\/7\\\/2022\\\/02\\\/Statement-Ukraine-cirsis-03.jpg\",\"width\":1135,\"height\":504},{\"@type\":\"BreadcrumbList\",\"@id\":\"https:\\\/\\\/www.ahmadiyya-islam.org\\\/be-nl\\\/persberichten\\\/russisch-oekraiense-crisis-verklaring-van-de-kalief-crise-russo-ukrainienne-declaration-du-calife\\\/#breadcrumb\",\"itemListElement\":[{\"@type\":\"ListItem\",\"position\":1,\"name\":\"Home\",\"item\":\"https:\\\/\\\/www.ahmadiyya-islam.org\\\/be-nl\\\/\"},{\"@type\":\"ListItem\",\"position\":2,\"name\":\"Russisch-Oekra\u00efense crisis: verklaring van de kalief &#8211; Crise russo-ukrainienne : d\u00e9claration du Calife\"}]},{\"@type\":\"WebSite\",\"@id\":\"https:\\\/\\\/www.ahmadiyya-islam.org\\\/be-nl\\\/#website\",\"url\":\"https:\\\/\\\/www.ahmadiyya-islam.org\\\/be-nl\\\/\",\"name\":\"Ahmadiyya Moslim Gemeenschap Belgi\u00eb\",\"description\":\"\",\"potentialAction\":[{\"@type\":\"SearchAction\",\"target\":{\"@type\":\"EntryPoint\",\"urlTemplate\":\"https:\\\/\\\/www.ahmadiyya-islam.org\\\/be-nl\\\/?s={search_term_string}\"},\"query-input\":{\"@type\":\"PropertyValueSpecification\",\"valueRequired\":true,\"valueName\":\"search_term_string\"}}],\"inLanguage\":\"nl-BE\"},{\"@type\":\"Person\",\"@id\":\"https:\\\/\\\/www.ahmadiyya-islam.org\\\/be-nl\\\/#\\\/schema\\\/person\\\/ba2c45734c5d978a64f06e5b2cbe4030\",\"name\":\"beadmin1\",\"url\":\"https:\\\/\\\/www.ahmadiyya-islam.org\\\/be-nl\\\/author\\\/beadmin\\\/\"}]}<\/script>\n<!-- \/ Yoast SEO Premium plugin. -->","yoast_head_json":{"title":"Russisch-Oekra\u00efense crisis: verklaring van de kalief - Crise russo-ukrainienne : d\u00e9claration du Calife - Ahmadiyya Moslim Gemeenschap Belgi\u00eb","robots":{"index":"index","follow":"follow","max-snippet":"max-snippet:-1","max-image-preview":"max-image-preview:large","max-video-preview":"max-video-preview:-1"},"canonical":"https:\/\/www.ahmadiyya-islam.org\/be-nl\/persberichten\/russisch-oekraiense-crisis-verklaring-van-de-kalief-crise-russo-ukrainienne-declaration-du-calife\/","og_locale":"nl_BE","og_type":"article","og_title":"Russisch-Oekra\u00efense crisis: verklaring van de kalief - Crise russo-ukrainienne : d\u00e9claration du Calife","og_description":"Russisch-Oekra\u00efense crisis: verklaring van de kalief 24 februari 2022 &nbsp; Verklaring van de wereldleider van de Ahmadiyya Moslim Gemeenschap over de Russisch-Oekra\u00efense crisis. \u00a0 Met betrekking tot de crisis van&#8230;","og_url":"https:\/\/www.ahmadiyya-islam.org\/be-nl\/persberichten\/russisch-oekraiense-crisis-verklaring-van-de-kalief-crise-russo-ukrainienne-declaration-du-calife\/","og_site_name":"Ahmadiyya Moslim Gemeenschap Belgi\u00eb","article_published_time":"2022-02-24T07:10:35+00:00","article_modified_time":"2022-02-27T07:44:01+00:00","og_image":[{"width":1135,"height":504,"url":"https:\/\/www.ahmadiyya-islam.org\/be-nl\/wp-content\/uploads\/sites\/7\/2022\/02\/Statement-Ukraine-cirsis-03.jpg","type":"image\/jpeg"}],"author":"beadmin1","twitter_card":"summary_large_image","twitter_misc":{"Geschreven door":"beadmin1","Geschatte leestijd":"5 minuten"},"schema":{"@context":"https:\/\/schema.org","@graph":[{"@type":"Article","@id":"https:\/\/www.ahmadiyya-islam.org\/be-nl\/persberichten\/russisch-oekraiense-crisis-verklaring-van-de-kalief-crise-russo-ukrainienne-declaration-du-calife\/#article","isPartOf":{"@id":"https:\/\/www.ahmadiyya-islam.org\/be-nl\/persberichten\/russisch-oekraiense-crisis-verklaring-van-de-kalief-crise-russo-ukrainienne-declaration-du-calife\/"},"author":{"name":"beadmin1","@id":"https:\/\/www.ahmadiyya-islam.org\/be-nl\/#\/schema\/person\/ba2c45734c5d978a64f06e5b2cbe4030"},"headline":"Russisch-Oekra\u00efense crisis: verklaring van de kalief &#8211; Crise russo-ukrainienne : d\u00e9claration du Calife","datePublished":"2022-02-24T07:10:35+00:00","dateModified":"2022-02-27T07:44:01+00:00","mainEntityOfPage":{"@id":"https:\/\/www.ahmadiyya-islam.org\/be-nl\/persberichten\/russisch-oekraiense-crisis-verklaring-van-de-kalief-crise-russo-ukrainienne-declaration-du-calife\/"},"wordCount":1096,"commentCount":0,"image":{"@id":"https:\/\/www.ahmadiyya-islam.org\/be-nl\/persberichten\/russisch-oekraiense-crisis-verklaring-van-de-kalief-crise-russo-ukrainienne-declaration-du-calife\/#primaryimage"},"thumbnailUrl":"https:\/\/www.ahmadiyya-islam.org\/be-nl\/wp-content\/uploads\/sites\/7\/2022\/02\/Statement-Ukraine-cirsis-03.jpg","keywords":["global"],"articleSection":["Persberichten"],"inLanguage":"nl-BE"},{"@type":"WebPage","@id":"https:\/\/www.ahmadiyya-islam.org\/be-nl\/persberichten\/russisch-oekraiense-crisis-verklaring-van-de-kalief-crise-russo-ukrainienne-declaration-du-calife\/","url":"https:\/\/www.ahmadiyya-islam.org\/be-nl\/persberichten\/russisch-oekraiense-crisis-verklaring-van-de-kalief-crise-russo-ukrainienne-declaration-du-calife\/","name":"Russisch-Oekra\u00efense crisis: verklaring van de kalief - Crise russo-ukrainienne : d\u00e9claration du Calife - Ahmadiyya Moslim Gemeenschap Belgi\u00eb","isPartOf":{"@id":"https:\/\/www.ahmadiyya-islam.org\/be-nl\/#website"},"primaryImageOfPage":{"@id":"https:\/\/www.ahmadiyya-islam.org\/be-nl\/persberichten\/russisch-oekraiense-crisis-verklaring-van-de-kalief-crise-russo-ukrainienne-declaration-du-calife\/#primaryimage"},"image":{"@id":"https:\/\/www.ahmadiyya-islam.org\/be-nl\/persberichten\/russisch-oekraiense-crisis-verklaring-van-de-kalief-crise-russo-ukrainienne-declaration-du-calife\/#primaryimage"},"thumbnailUrl":"https:\/\/www.ahmadiyya-islam.org\/be-nl\/wp-content\/uploads\/sites\/7\/2022\/02\/Statement-Ukraine-cirsis-03.jpg","datePublished":"2022-02-24T07:10:35+00:00","dateModified":"2022-02-27T07:44:01+00:00","author":{"@id":"https:\/\/www.ahmadiyya-islam.org\/be-nl\/#\/schema\/person\/ba2c45734c5d978a64f06e5b2cbe4030"},"breadcrumb":{"@id":"https:\/\/www.ahmadiyya-islam.org\/be-nl\/persberichten\/russisch-oekraiense-crisis-verklaring-van-de-kalief-crise-russo-ukrainienne-declaration-du-calife\/#breadcrumb"},"inLanguage":"nl-BE","potentialAction":[{"@type":"ReadAction","target":["https:\/\/www.ahmadiyya-islam.org\/be-nl\/persberichten\/russisch-oekraiense-crisis-verklaring-van-de-kalief-crise-russo-ukrainienne-declaration-du-calife\/"]}]},{"@type":"ImageObject","inLanguage":"nl-BE","@id":"https:\/\/www.ahmadiyya-islam.org\/be-nl\/persberichten\/russisch-oekraiense-crisis-verklaring-van-de-kalief-crise-russo-ukrainienne-declaration-du-calife\/#primaryimage","url":"https:\/\/www.ahmadiyya-islam.org\/be-nl\/wp-content\/uploads\/sites\/7\/2022\/02\/Statement-Ukraine-cirsis-03.jpg","contentUrl":"https:\/\/www.ahmadiyya-islam.org\/be-nl\/wp-content\/uploads\/sites\/7\/2022\/02\/Statement-Ukraine-cirsis-03.jpg","width":1135,"height":504},{"@type":"BreadcrumbList","@id":"https:\/\/www.ahmadiyya-islam.org\/be-nl\/persberichten\/russisch-oekraiense-crisis-verklaring-van-de-kalief-crise-russo-ukrainienne-declaration-du-calife\/#breadcrumb","itemListElement":[{"@type":"ListItem","position":1,"name":"Home","item":"https:\/\/www.ahmadiyya-islam.org\/be-nl\/"},{"@type":"ListItem","position":2,"name":"Russisch-Oekra\u00efense crisis: verklaring van de kalief &#8211; Crise russo-ukrainienne : d\u00e9claration du Calife"}]},{"@type":"WebSite","@id":"https:\/\/www.ahmadiyya-islam.org\/be-nl\/#website","url":"https:\/\/www.ahmadiyya-islam.org\/be-nl\/","name":"Ahmadiyya Moslim Gemeenschap Belgi\u00eb","description":"","potentialAction":[{"@type":"SearchAction","target":{"@type":"EntryPoint","urlTemplate":"https:\/\/www.ahmadiyya-islam.org\/be-nl\/?s={search_term_string}"},"query-input":{"@type":"PropertyValueSpecification","valueRequired":true,"valueName":"search_term_string"}}],"inLanguage":"nl-BE"},{"@type":"Person","@id":"https:\/\/www.ahmadiyya-islam.org\/be-nl\/#\/schema\/person\/ba2c45734c5d978a64f06e5b2cbe4030","name":"beadmin1","url":"https:\/\/www.ahmadiyya-islam.org\/be-nl\/author\/beadmin\/"}]}},"_links":{"self":[{"href":"https:\/\/www.ahmadiyya-islam.org\/be-nl\/wp-json\/wp\/v2\/posts\/10940","targetHints":{"allow":["GET"]}}],"collection":[{"href":"https:\/\/www.ahmadiyya-islam.org\/be-nl\/wp-json\/wp\/v2\/posts"}],"about":[{"href":"https:\/\/www.ahmadiyya-islam.org\/be-nl\/wp-json\/wp\/v2\/types\/post"}],"author":[{"embeddable":true,"href":"https:\/\/www.ahmadiyya-islam.org\/be-nl\/wp-json\/wp\/v2\/users\/11"}],"replies":[{"embeddable":true,"href":"https:\/\/www.ahmadiyya-islam.org\/be-nl\/wp-json\/wp\/v2\/comments?post=10940"}],"version-history":[{"count":1,"href":"https:\/\/www.ahmadiyya-islam.org\/be-nl\/wp-json\/wp\/v2\/posts\/10940\/revisions"}],"predecessor-version":[{"id":10942,"href":"https:\/\/www.ahmadiyya-islam.org\/be-nl\/wp-json\/wp\/v2\/posts\/10940\/revisions\/10942"}],"wp:featuredmedia":[{"embeddable":true,"href":"https:\/\/www.ahmadiyya-islam.org\/be-nl\/wp-json\/wp\/v2\/media\/10944"}],"wp:attachment":[{"href":"https:\/\/www.ahmadiyya-islam.org\/be-nl\/wp-json\/wp\/v2\/media?parent=10940"}],"wp:term":[{"taxonomy":"category","embeddable":true,"href":"https:\/\/www.ahmadiyya-islam.org\/be-nl\/wp-json\/wp\/v2\/categories?post=10940"},{"taxonomy":"post_tag","embeddable":true,"href":"https:\/\/www.ahmadiyya-islam.org\/be-nl\/wp-json\/wp\/v2\/tags?post=10940"}],"curies":[{"name":"wp","href":"https:\/\/api.w.org\/{rel}","templated":true}]}}