{"id":2228,"date":"2020-03-18T19:46:37","date_gmt":"2020-03-18T19:46:37","guid":{"rendered":"https:\/\/www.ahmadiyya-islam.org\/ba\/?p=2228"},"modified":"2020-04-09T16:48:05","modified_gmt":"2020-04-09T16:48:05","slug":"jesu-li-ahmedije-i-demokratija-kompaktabilni","status":"publish","type":"post","link":"https:\/\/www.ahmadiyya-islam.org\/ba\/javna-saopstenja\/jesu-li-ahmedije-i-demokratija-kompaktabilni\/","title":{"rendered":"Jesu li Ahmedije i demokratija kompaktabilni"},"content":{"rendered":"<p>Na dan 28. septembra 2013. godine obra\u0107aju\u0107i se predstavnicima medija, na pitanje jesu li Halifat i demokratija kompatibilni, Hazrat Mirza Masroor Ahmad je rekao:<\/p>\n<blockquote><p>\u201cHalifat nema nikakve veze niti s vladom niti s politikom.\u00a0Kad se Ahmadija bude \u0161irila Halifat ne\u0107e igrati nikakvu ulogu u vladi niti \u0107e se ikada mije\u0161ati u dr\u017eavan pitanja. Mi nemamo nikakve politi\u010dke amibicije niti \u017eelje. U potpunosti vjerujemo u odvajanje dr\u017eave i religije.\u201d<\/p><\/blockquote>\n<p>Khalifa je tako\u0111er bio upitan za\u0161to su Ahmadija muslimani protiv nasilnog d\u017eihada?<\/p>\n<p>Hazrat Mirza Masroor Ahmad je u odgovoru objasnio da je \u010casnom Poslaniku s.a.v.s bilo dopu\u0161teno ratovati jedino u okolnostima obrambenog rata u svrhu za\u0161tite svih religija. Tako\u0111er je dodao da se takvi ratovi danas ne vode. Hazrat Mirza Masroor Ahmad je rekao:<\/p>\n<blockquote><p>\u201cDanas se protiv Islama ne vode vjerski ratovi. Umjesto toga, Islam je napadnut u medijima i u tisku. Dakle, d\u017eihad dana\u0161njice jest objavljivati literaturu i knjige u korist pravog i mirnog Islama. To je ono \u0161to Ahmadija Muslimanski d\u017eamat radi \u2013 objavljujemo literaturu na raznim jezicima obja\u0161njavaju\u0107i istinska u\u010denja Islama.\u201d<\/p><\/blockquote>\n","protected":false},"excerpt":{"rendered":"<p>Danas se protiv Islama ne vode vjerski ratovi. Umjesto toga, Islam je napadnut u medijima i u tisku. Dakle, d\u017eihad dana\u0161njice jest objavljivati literaturu i knjige u korist pravog i mirnog Islama. To je ono \u0161to Ahmadija Muslimanski d\u017eamat radi \u2013 objavljujemo literaturu na raznim jezicima obja\u0161njavaju\u0107i istinska u\u010denja Islama.<\/p>\n","protected":false},"author":36,"featured_media":2167,"comment_status":"closed","ping_status":"closed","sticky":false,"template":"","format":"standard","meta":{"_acf_changed":false,"footnotes":""},"categories":[1],"tags":[1798],"authors":[1366],"content_source":[],"class_list":["post-2228","post","type-post","status-publish","format-standard","has-post-thumbnail","hentry","category-javna-saopstenja","tag-islam-i-demokratija","topics-ahmedija","topics-ahmedije","topics-glas-islama","authors-hazreti-mirza-masroor-ahmad"],"acf":[],"yoast_head":"<!-- This site is optimized with the Yoast SEO Premium plugin v21.1 (Yoast SEO v27.4) - https:\/\/yoast.com\/product\/yoast-seo-premium-wordpress\/ -->\n<title>Jesu li Ahmedije i demokratija kompaktabilni<\/title>\n<meta name=\"description\" content=\"Danas se protiv Islama ne vode vjerski ratovi. Umjesto toga, Islam je napadnut u medijima i u tisku. Dakle, d\u017eihad dana\u0161njice jest objavljivati literaturu i knjige u korist pravog i mirnog Islama. To je ono \u0161to Ahmadija Muslimanski d\u017eamat radi \u2013 objavljujemo literaturu na raznim jezicima obja\u0161njavaju\u0107i istinska u\u010denja Islama.\" \/>\n<meta name=\"robots\" content=\"index, follow, max-snippet:-1, max-image-preview:large, max-video-preview:-1\" \/>\n<link rel=\"canonical\" href=\"https:\/\/www.ahmadiyya-islam.org\/ba\/javna-saopstenja\/jesu-li-ahmedije-i-demokratija-kompaktabilni\/\" \/>\n<meta property=\"og:locale\" content=\"bs_BA\" \/>\n<meta property=\"og:type\" content=\"article\" \/>\n<meta property=\"og:title\" content=\"Jesu li Ahmedije i demokratija kompaktabilni\" \/>\n<meta property=\"og:description\" content=\"Danas se protiv Islama ne vode vjerski ratovi. Umjesto toga, Islam je napadnut u medijima i u tisku. Dakle, d\u017eihad dana\u0161njice jest objavljivati literaturu i knjige u korist pravog i mirnog Islama. To je ono \u0161to Ahmadija Muslimanski d\u017eamat radi \u2013 objavljujemo literaturu na raznim jezicima obja\u0161njavaju\u0107i istinska u\u010denja Islama.\" \/>\n<meta property=\"og:url\" content=\"https:\/\/www.ahmadiyya-islam.org\/ba\/javna-saopstenja\/jesu-li-ahmedije-i-demokratija-kompaktabilni\/\" \/>\n<meta property=\"og:site_name\" content=\"Ahmadija muslimanski d\u017eemat\" \/>\n<meta property=\"article:published_time\" content=\"2020-03-18T19:46:37+00:00\" \/>\n<meta property=\"article:modified_time\" content=\"2020-04-09T16:48:05+00:00\" \/>\n<meta property=\"og:image\" content=\"https:\/\/www.ahmadiyya-islam.org\/ba\/wp-content\/uploads\/sites\/16\/2020\/03\/news-1729539_960_720.jpg\" \/>\n\t<meta property=\"og:image:width\" content=\"960\" \/>\n\t<meta property=\"og:image:height\" content=\"635\" \/>\n\t<meta property=\"og:image:type\" content=\"image\/jpeg\" \/>\n<meta name=\"author\" content=\"bosnia1\" \/>\n<meta name=\"twitter:card\" content=\"summary_large_image\" \/>\n<meta name=\"twitter:label1\" content=\"Written by\" \/>\n\t<meta name=\"twitter:data1\" content=\"bosnia1\" \/>\n\t<meta name=\"twitter:label2\" content=\"Est. reading time\" \/>\n\t<meta name=\"twitter:data2\" content=\"1 minuta\" \/>\n<script type=\"application\/ld+json\" class=\"yoast-schema-graph\">{\"@context\":\"https:\\\/\\\/schema.org\",\"@graph\":[{\"@type\":\"Article\",\"@id\":\"https:\\\/\\\/www.ahmadiyya-islam.org\\\/ba\\\/javna-saopstenja\\\/jesu-li-ahmedije-i-demokratija-kompaktabilni\\\/#article\",\"isPartOf\":{\"@id\":\"https:\\\/\\\/www.ahmadiyya-islam.org\\\/ba\\\/javna-saopstenja\\\/jesu-li-ahmedije-i-demokratija-kompaktabilni\\\/\"},\"author\":{\"name\":\"bosnia1\",\"@id\":\"https:\\\/\\\/www.ahmadiyya-islam.org\\\/ba\\\/#\\\/schema\\\/person\\\/84184e219964946a4429c416022920ec\"},\"headline\":\"Jesu li Ahmedije i demokratija kompaktabilni\",\"datePublished\":\"2020-03-18T19:46:37+00:00\",\"dateModified\":\"2020-04-09T16:48:05+00:00\",\"mainEntityOfPage\":{\"@id\":\"https:\\\/\\\/www.ahmadiyya-islam.org\\\/ba\\\/javna-saopstenja\\\/jesu-li-ahmedije-i-demokratija-kompaktabilni\\\/\"},\"wordCount\":198,\"publisher\":{\"@id\":\"https:\\\/\\\/www.ahmadiyya-islam.org\\\/ba\\\/#organization\"},\"image\":{\"@id\":\"https:\\\/\\\/www.ahmadiyya-islam.org\\\/ba\\\/javna-saopstenja\\\/jesu-li-ahmedije-i-demokratija-kompaktabilni\\\/#primaryimage\"},\"thumbnailUrl\":\"https:\\\/\\\/www.ahmadiyya-islam.org\\\/ba\\\/wp-content\\\/uploads\\\/sites\\\/16\\\/2020\\\/03\\\/news-1729539_960_720.jpg\",\"keywords\":[\"Islam i demokratija\"],\"articleSection\":[\"Javna saop\u0161tenja\"],\"inLanguage\":\"bs-BA\"},{\"@type\":\"WebPage\",\"@id\":\"https:\\\/\\\/www.ahmadiyya-islam.org\\\/ba\\\/javna-saopstenja\\\/jesu-li-ahmedije-i-demokratija-kompaktabilni\\\/\",\"url\":\"https:\\\/\\\/www.ahmadiyya-islam.org\\\/ba\\\/javna-saopstenja\\\/jesu-li-ahmedije-i-demokratija-kompaktabilni\\\/\",\"name\":\"Jesu li Ahmedije i demokratija kompaktabilni\",\"isPartOf\":{\"@id\":\"https:\\\/\\\/www.ahmadiyya-islam.org\\\/ba\\\/#website\"},\"primaryImageOfPage\":{\"@id\":\"https:\\\/\\\/www.ahmadiyya-islam.org\\\/ba\\\/javna-saopstenja\\\/jesu-li-ahmedije-i-demokratija-kompaktabilni\\\/#primaryimage\"},\"image\":{\"@id\":\"https:\\\/\\\/www.ahmadiyya-islam.org\\\/ba\\\/javna-saopstenja\\\/jesu-li-ahmedije-i-demokratija-kompaktabilni\\\/#primaryimage\"},\"thumbnailUrl\":\"https:\\\/\\\/www.ahmadiyya-islam.org\\\/ba\\\/wp-content\\\/uploads\\\/sites\\\/16\\\/2020\\\/03\\\/news-1729539_960_720.jpg\",\"datePublished\":\"2020-03-18T19:46:37+00:00\",\"dateModified\":\"2020-04-09T16:48:05+00:00\",\"description\":\"Danas se protiv Islama ne vode vjerski ratovi. Umjesto toga, Islam je napadnut u medijima i u tisku. Dakle, d\u017eihad dana\u0161njice jest objavljivati literaturu i knjige u korist pravog i mirnog Islama. To je ono \u0161to Ahmadija Muslimanski d\u017eamat radi \u2013 objavljujemo literaturu na raznim jezicima obja\u0161njavaju\u0107i istinska u\u010denja Islama.\",\"breadcrumb\":{\"@id\":\"https:\\\/\\\/www.ahmadiyya-islam.org\\\/ba\\\/javna-saopstenja\\\/jesu-li-ahmedije-i-demokratija-kompaktabilni\\\/#breadcrumb\"},\"inLanguage\":\"bs-BA\",\"potentialAction\":[{\"@type\":\"ReadAction\",\"target\":[\"https:\\\/\\\/www.ahmadiyya-islam.org\\\/ba\\\/javna-saopstenja\\\/jesu-li-ahmedije-i-demokratija-kompaktabilni\\\/\"]}]},{\"@type\":\"ImageObject\",\"inLanguage\":\"bs-BA\",\"@id\":\"https:\\\/\\\/www.ahmadiyya-islam.org\\\/ba\\\/javna-saopstenja\\\/jesu-li-ahmedije-i-demokratija-kompaktabilni\\\/#primaryimage\",\"url\":\"https:\\\/\\\/www.ahmadiyya-islam.org\\\/ba\\\/wp-content\\\/uploads\\\/sites\\\/16\\\/2020\\\/03\\\/news-1729539_960_720.jpg\",\"contentUrl\":\"https:\\\/\\\/www.ahmadiyya-islam.org\\\/ba\\\/wp-content\\\/uploads\\\/sites\\\/16\\\/2020\\\/03\\\/news-1729539_960_720.jpg\",\"width\":960,\"height\":635,\"caption\":\"izjava za \u0161tampu\"},{\"@type\":\"BreadcrumbList\",\"@id\":\"https:\\\/\\\/www.ahmadiyya-islam.org\\\/ba\\\/javna-saopstenja\\\/jesu-li-ahmedije-i-demokratija-kompaktabilni\\\/#breadcrumb\",\"itemListElement\":[{\"@type\":\"ListItem\",\"position\":1,\"name\":\"Home\",\"item\":\"https:\\\/\\\/www.ahmadiyya-islam.org\\\/ba\\\/\"},{\"@type\":\"ListItem\",\"position\":2,\"name\":\"Jesu li Ahmedije i demokratija kompaktabilni\"}]},{\"@type\":\"WebSite\",\"@id\":\"https:\\\/\\\/www.ahmadiyya-islam.org\\\/ba\\\/#website\",\"url\":\"https:\\\/\\\/www.ahmadiyya-islam.org\\\/ba\\\/\",\"name\":\"Ahmadija muslimanski d\u017eemat\",\"description\":\"BiH\",\"publisher\":{\"@id\":\"https:\\\/\\\/www.ahmadiyya-islam.org\\\/ba\\\/#organization\"},\"potentialAction\":[{\"@type\":\"SearchAction\",\"target\":{\"@type\":\"EntryPoint\",\"urlTemplate\":\"https:\\\/\\\/www.ahmadiyya-islam.org\\\/ba\\\/?s={search_term_string}\"},\"query-input\":{\"@type\":\"PropertyValueSpecification\",\"valueRequired\":true,\"valueName\":\"search_term_string\"}}],\"inLanguage\":\"bs-BA\"},{\"@type\":\"Organization\",\"@id\":\"https:\\\/\\\/www.ahmadiyya-islam.org\\\/ba\\\/#organization\",\"name\":\"Ahmadija muslimanski d\u017eemat\",\"url\":\"https:\\\/\\\/www.ahmadiyya-islam.org\\\/ba\\\/\",\"logo\":{\"@type\":\"ImageObject\",\"inLanguage\":\"bs-BA\",\"@id\":\"https:\\\/\\\/www.ahmadiyya-islam.org\\\/ba\\\/#\\\/schema\\\/logo\\\/image\\\/\",\"url\":\"https:\\\/\\\/www.ahmadiyya-islam.org\\\/ba\\\/wp-content\\\/uploads\\\/sites\\\/16\\\/2018\\\/03\\\/cropped-alislam-logo.jpg\",\"contentUrl\":\"https:\\\/\\\/www.ahmadiyya-islam.org\\\/ba\\\/wp-content\\\/uploads\\\/sites\\\/16\\\/2018\\\/03\\\/cropped-alislam-logo.jpg\",\"width\":512,\"height\":512,\"caption\":\"Ahmadija muslimanski d\u017eemat\"},\"image\":{\"@id\":\"https:\\\/\\\/www.ahmadiyya-islam.org\\\/ba\\\/#\\\/schema\\\/logo\\\/image\\\/\"}},{\"@type\":\"Person\",\"@id\":\"https:\\\/\\\/www.ahmadiyya-islam.org\\\/ba\\\/#\\\/schema\\\/person\\\/84184e219964946a4429c416022920ec\",\"name\":\"bosnia1\"}]}<\/script>\n<!-- \/ Yoast SEO Premium plugin. -->","yoast_head_json":{"title":"Jesu li Ahmedije i demokratija kompaktabilni","description":"Danas se protiv Islama ne vode vjerski ratovi. Umjesto toga, Islam je napadnut u medijima i u tisku. Dakle, d\u017eihad dana\u0161njice jest objavljivati literaturu i knjige u korist pravog i mirnog Islama. To je ono \u0161to Ahmadija Muslimanski d\u017eamat radi \u2013 objavljujemo literaturu na raznim jezicima obja\u0161njavaju\u0107i istinska u\u010denja Islama.","robots":{"index":"index","follow":"follow","max-snippet":"max-snippet:-1","max-image-preview":"max-image-preview:large","max-video-preview":"max-video-preview:-1"},"canonical":"https:\/\/www.ahmadiyya-islam.org\/ba\/javna-saopstenja\/jesu-li-ahmedije-i-demokratija-kompaktabilni\/","og_locale":"bs_BA","og_type":"article","og_title":"Jesu li Ahmedije i demokratija kompaktabilni","og_description":"Danas se protiv Islama ne vode vjerski ratovi. Umjesto toga, Islam je napadnut u medijima i u tisku. Dakle, d\u017eihad dana\u0161njice jest objavljivati literaturu i knjige u korist pravog i mirnog Islama. To je ono \u0161to Ahmadija Muslimanski d\u017eamat radi \u2013 objavljujemo literaturu na raznim jezicima obja\u0161njavaju\u0107i istinska u\u010denja Islama.","og_url":"https:\/\/www.ahmadiyya-islam.org\/ba\/javna-saopstenja\/jesu-li-ahmedije-i-demokratija-kompaktabilni\/","og_site_name":"Ahmadija muslimanski d\u017eemat","article_published_time":"2020-03-18T19:46:37+00:00","article_modified_time":"2020-04-09T16:48:05+00:00","og_image":[{"width":960,"height":635,"url":"https:\/\/www.ahmadiyya-islam.org\/ba\/wp-content\/uploads\/sites\/16\/2020\/03\/news-1729539_960_720.jpg","type":"image\/jpeg"}],"author":"bosnia1","twitter_card":"summary_large_image","twitter_misc":{"Written by":"bosnia1","Est. reading time":"1 minuta"},"schema":{"@context":"https:\/\/schema.org","@graph":[{"@type":"Article","@id":"https:\/\/www.ahmadiyya-islam.org\/ba\/javna-saopstenja\/jesu-li-ahmedije-i-demokratija-kompaktabilni\/#article","isPartOf":{"@id":"https:\/\/www.ahmadiyya-islam.org\/ba\/javna-saopstenja\/jesu-li-ahmedije-i-demokratija-kompaktabilni\/"},"author":{"name":"bosnia1","@id":"https:\/\/www.ahmadiyya-islam.org\/ba\/#\/schema\/person\/84184e219964946a4429c416022920ec"},"headline":"Jesu li Ahmedije i demokratija kompaktabilni","datePublished":"2020-03-18T19:46:37+00:00","dateModified":"2020-04-09T16:48:05+00:00","mainEntityOfPage":{"@id":"https:\/\/www.ahmadiyya-islam.org\/ba\/javna-saopstenja\/jesu-li-ahmedije-i-demokratija-kompaktabilni\/"},"wordCount":198,"publisher":{"@id":"https:\/\/www.ahmadiyya-islam.org\/ba\/#organization"},"image":{"@id":"https:\/\/www.ahmadiyya-islam.org\/ba\/javna-saopstenja\/jesu-li-ahmedije-i-demokratija-kompaktabilni\/#primaryimage"},"thumbnailUrl":"https:\/\/www.ahmadiyya-islam.org\/ba\/wp-content\/uploads\/sites\/16\/2020\/03\/news-1729539_960_720.jpg","keywords":["Islam i demokratija"],"articleSection":["Javna saop\u0161tenja"],"inLanguage":"bs-BA"},{"@type":"WebPage","@id":"https:\/\/www.ahmadiyya-islam.org\/ba\/javna-saopstenja\/jesu-li-ahmedije-i-demokratija-kompaktabilni\/","url":"https:\/\/www.ahmadiyya-islam.org\/ba\/javna-saopstenja\/jesu-li-ahmedije-i-demokratija-kompaktabilni\/","name":"Jesu li Ahmedije i demokratija kompaktabilni","isPartOf":{"@id":"https:\/\/www.ahmadiyya-islam.org\/ba\/#website"},"primaryImageOfPage":{"@id":"https:\/\/www.ahmadiyya-islam.org\/ba\/javna-saopstenja\/jesu-li-ahmedije-i-demokratija-kompaktabilni\/#primaryimage"},"image":{"@id":"https:\/\/www.ahmadiyya-islam.org\/ba\/javna-saopstenja\/jesu-li-ahmedije-i-demokratija-kompaktabilni\/#primaryimage"},"thumbnailUrl":"https:\/\/www.ahmadiyya-islam.org\/ba\/wp-content\/uploads\/sites\/16\/2020\/03\/news-1729539_960_720.jpg","datePublished":"2020-03-18T19:46:37+00:00","dateModified":"2020-04-09T16:48:05+00:00","description":"Danas se protiv Islama ne vode vjerski ratovi. Umjesto toga, Islam je napadnut u medijima i u tisku. Dakle, d\u017eihad dana\u0161njice jest objavljivati literaturu i knjige u korist pravog i mirnog Islama. To je ono \u0161to Ahmadija Muslimanski d\u017eamat radi \u2013 objavljujemo literaturu na raznim jezicima obja\u0161njavaju\u0107i istinska u\u010denja Islama.","breadcrumb":{"@id":"https:\/\/www.ahmadiyya-islam.org\/ba\/javna-saopstenja\/jesu-li-ahmedije-i-demokratija-kompaktabilni\/#breadcrumb"},"inLanguage":"bs-BA","potentialAction":[{"@type":"ReadAction","target":["https:\/\/www.ahmadiyya-islam.org\/ba\/javna-saopstenja\/jesu-li-ahmedije-i-demokratija-kompaktabilni\/"]}]},{"@type":"ImageObject","inLanguage":"bs-BA","@id":"https:\/\/www.ahmadiyya-islam.org\/ba\/javna-saopstenja\/jesu-li-ahmedije-i-demokratija-kompaktabilni\/#primaryimage","url":"https:\/\/www.ahmadiyya-islam.org\/ba\/wp-content\/uploads\/sites\/16\/2020\/03\/news-1729539_960_720.jpg","contentUrl":"https:\/\/www.ahmadiyya-islam.org\/ba\/wp-content\/uploads\/sites\/16\/2020\/03\/news-1729539_960_720.jpg","width":960,"height":635,"caption":"izjava za \u0161tampu"},{"@type":"BreadcrumbList","@id":"https:\/\/www.ahmadiyya-islam.org\/ba\/javna-saopstenja\/jesu-li-ahmedije-i-demokratija-kompaktabilni\/#breadcrumb","itemListElement":[{"@type":"ListItem","position":1,"name":"Home","item":"https:\/\/www.ahmadiyya-islam.org\/ba\/"},{"@type":"ListItem","position":2,"name":"Jesu li Ahmedije i demokratija kompaktabilni"}]},{"@type":"WebSite","@id":"https:\/\/www.ahmadiyya-islam.org\/ba\/#website","url":"https:\/\/www.ahmadiyya-islam.org\/ba\/","name":"Ahmadija muslimanski d\u017eemat","description":"BiH","publisher":{"@id":"https:\/\/www.ahmadiyya-islam.org\/ba\/#organization"},"potentialAction":[{"@type":"SearchAction","target":{"@type":"EntryPoint","urlTemplate":"https:\/\/www.ahmadiyya-islam.org\/ba\/?s={search_term_string}"},"query-input":{"@type":"PropertyValueSpecification","valueRequired":true,"valueName":"search_term_string"}}],"inLanguage":"bs-BA"},{"@type":"Organization","@id":"https:\/\/www.ahmadiyya-islam.org\/ba\/#organization","name":"Ahmadija muslimanski d\u017eemat","url":"https:\/\/www.ahmadiyya-islam.org\/ba\/","logo":{"@type":"ImageObject","inLanguage":"bs-BA","@id":"https:\/\/www.ahmadiyya-islam.org\/ba\/#\/schema\/logo\/image\/","url":"https:\/\/www.ahmadiyya-islam.org\/ba\/wp-content\/uploads\/sites\/16\/2018\/03\/cropped-alislam-logo.jpg","contentUrl":"https:\/\/www.ahmadiyya-islam.org\/ba\/wp-content\/uploads\/sites\/16\/2018\/03\/cropped-alislam-logo.jpg","width":512,"height":512,"caption":"Ahmadija muslimanski d\u017eemat"},"image":{"@id":"https:\/\/www.ahmadiyya-islam.org\/ba\/#\/schema\/logo\/image\/"}},{"@type":"Person","@id":"https:\/\/www.ahmadiyya-islam.org\/ba\/#\/schema\/person\/84184e219964946a4429c416022920ec","name":"bosnia1"}]}},"_links":{"self":[{"href":"https:\/\/www.ahmadiyya-islam.org\/ba\/wp-json\/wp\/v2\/posts\/2228","targetHints":{"allow":["GET"]}}],"collection":[{"href":"https:\/\/www.ahmadiyya-islam.org\/ba\/wp-json\/wp\/v2\/posts"}],"about":[{"href":"https:\/\/www.ahmadiyya-islam.org\/ba\/wp-json\/wp\/v2\/types\/post"}],"author":[{"embeddable":true,"href":"https:\/\/www.ahmadiyya-islam.org\/ba\/wp-json\/wp\/v2\/users\/36"}],"replies":[{"embeddable":true,"href":"https:\/\/www.ahmadiyya-islam.org\/ba\/wp-json\/wp\/v2\/comments?post=2228"}],"version-history":[{"count":0,"href":"https:\/\/www.ahmadiyya-islam.org\/ba\/wp-json\/wp\/v2\/posts\/2228\/revisions"}],"wp:featuredmedia":[{"embeddable":true,"href":"https:\/\/www.ahmadiyya-islam.org\/ba\/wp-json\/wp\/v2\/media\/2167"}],"wp:attachment":[{"href":"https:\/\/www.ahmadiyya-islam.org\/ba\/wp-json\/wp\/v2\/media?parent=2228"}],"wp:term":[{"taxonomy":"category","embeddable":true,"href":"https:\/\/www.ahmadiyya-islam.org\/ba\/wp-json\/wp\/v2\/categories?post=2228"},{"taxonomy":"post_tag","embeddable":true,"href":"https:\/\/www.ahmadiyya-islam.org\/ba\/wp-json\/wp\/v2\/tags?post=2228"},{"taxonomy":"authors","embeddable":true,"href":"https:\/\/www.ahmadiyya-islam.org\/ba\/wp-json\/wp\/v2\/authors?post=2228"},{"taxonomy":"content_source","embeddable":true,"href":"https:\/\/www.ahmadiyya-islam.org\/ba\/wp-json\/wp\/v2\/content_source?post=2228"}],"curies":[{"name":"wp","href":"https:\/\/api.w.org\/{rel}","templated":true}]}}