{"id":2218,"date":"2020-03-18T14:00:21","date_gmt":"2020-03-18T14:00:21","guid":{"rendered":"https:\/\/www.ahmadiyya-islam.org\/ba\/?p=2218"},"modified":"2020-03-18T14:00:21","modified_gmt":"2020-03-18T14:00:21","slug":"ahmadija-muslimanski-dzemat-osudjuje-izjavu-donalda-trumpa","status":"publish","type":"post","link":"https:\/\/www.ahmadiyya-islam.org\/ba\/javna-saopstenja\/ahmadija-muslimanski-dzemat-osudjuje-izjavu-donalda-trumpa\/","title":{"rendered":"Ahmadija muslimanski d\u017eemat osu\u0111uje izjavu Donalda Trumpa"},"content":{"rendered":"<p>Prije nekoliko dana kandidat ameri\u010dke Republikanske stranke na nadolaze\u0107im predsjedni\u010dkim izborima gospodin Donald Trump je na sebi osebujan na\u010din osudio sve ameri\u010dke muslimane, a s time i muslimane diljem svijeta. Naime u kratkom intervjuu novinari su ga pitali njegovo mi\u0161ljenje o muslimanima u Americi na \u0161to je on odgovorio kako je za sigurnost SAD-a va\u017eno da se sve muslimane popi\u0161e u baze podataka i da nose iskaznice u kojima pi\u0161e tko su i koje su vjere.<\/p>\n<p>Izjavio je: &#8221;Trebali bi imati mnogo sistema, ne samo baze podataka, ve\u0107 sve sisteme koji su danas mogu\u0107i. Sad je potrebno da imamo \u010dvrstu granicu, strukturu, moramo imati zid. Ne mo\u017ee dopustiti da se ovako ne\u0161to doga\u0111a u na\u0161oj dr\u017eavi.&#8221;<\/p>\n<p>Njegovu izjavu je preko dru\u0161tvene mre\u017ee twitter komentirao biv\u0161i narednik ameri\u010dkih marinaca Tayyib M. Rashid, pripadnik Ahmadija Muslimanske zajednice u SADu.<\/p>\n<p><img loading=\"lazy\" decoding=\"async\" class=\"aligncenter size-full wp-image-2219\" src=\"http:\/\/www.ahmadiyya-islam.org\/ba\/wp-content\/uploads\/sites\/16\/2020\/03\/twe.png\" alt=\"Rwet\" width=\"533\" height=\"167\" srcset=\"https:\/\/www.ahmadiyya-islam.org\/ba\/wp-content\/uploads\/sites\/16\/2020\/03\/twe.png 533w, https:\/\/www.ahmadiyya-islam.org\/ba\/wp-content\/uploads\/sites\/16\/2020\/03\/twe-300x94.png 300w\" sizes=\"auto, (max-width: 533px) 100vw, 533px\" \/><\/p>\n<p>Narednik Rashid je u kratkom intervjuu na jednoj ameri\u010dkoj televiziji rekao: \u201eMoj otac koji je misionar je odgojio mene i moju bra\u0107u i sestre da \u017eivimo s ameri\u010dkim vrijednostima. Jedna od tih vrijednosti je da je lojalnost svojoj naciji dio tvoje vjere, te sam ja \u017eivio s tim vrijednostima i poku\u0161ao ih sprovesti, i kao rezultat toga sam odlu\u010dio slu\u017eiti svojoj zemlje, SADu, pridru\u017euju\u0107i se vojsci. Kako sam bio u vojsci, bio s drugom bra\u0107om razli\u010dite boje ko\u017ee, rase i druga\u010dijih vjera, svi mi krvarimo crven, bijeli, plavi. I kad imate glavnog kandidata kao \u0161to je Donald Trump, koji govori ovakve stvari i tra\u017ei na\u010din da razdijeli na\u0161e dru\u0161tvo i vojsku, jednostavno to me pogodilo i morao sam reagirati.\u201c<\/p>\n<p>Njegov tweet se pro\u0161irio diljem svijeta i osude Donaldu Trumpu na takvoj izjavi dolaze odsvakud. Trump se poku\u0161ao izvu\u0107i i objasniti da nije on to rekao, ve\u0107 da mu je nametnuto, ali da je potrebno imati neku vrstu liste kojom bi \u0161titio SAD.<\/p>\n<p>Narednik Rashid je naglasio kako je mirna poruka Ahmadija Muslimanske zajednice da slu\u017ei \u010dovje\u010danstvu, te kako zajednica u Americi i diljem svijeta organizira razne humanitarne akcije. Te je naglasio da mu je zapravo \u017eao Donalda Trumpa, koji je na poziciji na kojoj bi mogao graditi mostove izme\u0111u dru\u0161tvenih podjela, a on ih jo\u0161 vi\u0161e produbljuje.<\/p>\n","protected":false},"excerpt":{"rendered":"<p>Trebali bi imati mnogo sistema, ne samo baze podataka, ve\u0107 sve sisteme koji su danas mogu\u0107i. Sad je potrebno da imamo \u010dvrstu granicu, strukturu, moramo imati zid. Ne mo\u017ee dopustiti da se ovako ne\u0161to doga\u0111a u na\u0161oj dr\u017eavi.<\/p>\n","protected":false},"author":36,"featured_media":2220,"comment_status":"closed","ping_status":"closed","sticky":false,"template":"","format":"standard","meta":{"_acf_changed":false,"footnotes":""},"categories":[1],"tags":[1810,1811],"authors":[1667],"content_source":[],"class_list":["post-2218","post","type-post","status-publish","format-standard","has-post-thumbnail","hentry","category-javna-saopstenja","tag-donald-trump","tag-islam-u-sad","topics-glas-islama","authors-izdavac"],"acf":[],"yoast_head":"<!-- This site is optimized with the Yoast SEO Premium plugin v21.1 (Yoast SEO v27.4) - https:\/\/yoast.com\/product\/yoast-seo-premium-wordpress\/ -->\n<title>Ahmadija muslimanski d\u017eemat osu\u0111uje izjavu Donalda Trumpa<\/title>\n<meta name=\"description\" content=\"Trebali bi imati mnogo sistema, ne samo baze podataka, ve\u0107 sve sisteme koji su danas mogu\u0107i. Sad je potrebno da imamo \u010dvrstu granicu, strukturu, moramo imati zid. Ne mo\u017ee dopustiti da se ovako ne\u0161to doga\u0111a u na\u0161oj dr\u017eavi.\" \/>\n<meta name=\"robots\" content=\"index, follow, max-snippet:-1, max-image-preview:large, max-video-preview:-1\" \/>\n<link rel=\"canonical\" href=\"https:\/\/www.ahmadiyya-islam.org\/ba\/javna-saopstenja\/ahmadija-muslimanski-dzemat-osudjuje-izjavu-donalda-trumpa\/\" \/>\n<meta property=\"og:locale\" content=\"bs_BA\" \/>\n<meta property=\"og:type\" content=\"article\" \/>\n<meta property=\"og:title\" content=\"Ahmadija muslimanski d\u017eemat osu\u0111uje izjavu Donalda Trumpa\" \/>\n<meta property=\"og:description\" content=\"Trebali bi imati mnogo sistema, ne samo baze podataka, ve\u0107 sve sisteme koji su danas mogu\u0107i. Sad je potrebno da imamo \u010dvrstu granicu, strukturu, moramo imati zid. Ne mo\u017ee dopustiti da se ovako ne\u0161to doga\u0111a u na\u0161oj dr\u017eavi.\" \/>\n<meta property=\"og:url\" content=\"https:\/\/www.ahmadiyya-islam.org\/ba\/javna-saopstenja\/ahmadija-muslimanski-dzemat-osudjuje-izjavu-donalda-trumpa\/\" \/>\n<meta property=\"og:site_name\" content=\"Ahmadija muslimanski d\u017eemat\" \/>\n<meta property=\"article:published_time\" content=\"2020-03-18T14:00:21+00:00\" \/>\n<meta property=\"og:image\" content=\"https:\/\/www.ahmadiyya-islam.org\/ba\/wp-content\/uploads\/sites\/16\/2020\/03\/id-412x320-1.png\" \/>\n\t<meta property=\"og:image:width\" content=\"412\" \/>\n\t<meta property=\"og:image:height\" content=\"320\" \/>\n\t<meta property=\"og:image:type\" content=\"image\/png\" \/>\n<meta name=\"author\" content=\"bosnia1\" \/>\n<meta name=\"twitter:card\" content=\"summary_large_image\" \/>\n<meta name=\"twitter:label1\" content=\"Written by\" \/>\n\t<meta name=\"twitter:data1\" content=\"bosnia1\" \/>\n\t<meta name=\"twitter:label2\" content=\"Est. reading time\" \/>\n\t<meta name=\"twitter:data2\" content=\"2 minute\" \/>\n<script type=\"application\/ld+json\" class=\"yoast-schema-graph\">{\"@context\":\"https:\\\/\\\/schema.org\",\"@graph\":[{\"@type\":\"Article\",\"@id\":\"https:\\\/\\\/www.ahmadiyya-islam.org\\\/ba\\\/javna-saopstenja\\\/ahmadija-muslimanski-dzemat-osudjuje-izjavu-donalda-trumpa\\\/#article\",\"isPartOf\":{\"@id\":\"https:\\\/\\\/www.ahmadiyya-islam.org\\\/ba\\\/javna-saopstenja\\\/ahmadija-muslimanski-dzemat-osudjuje-izjavu-donalda-trumpa\\\/\"},\"author\":{\"name\":\"bosnia1\",\"@id\":\"https:\\\/\\\/www.ahmadiyya-islam.org\\\/ba\\\/#\\\/schema\\\/person\\\/84184e219964946a4429c416022920ec\"},\"headline\":\"Ahmadija muslimanski d\u017eemat osu\u0111uje izjavu Donalda Trumpa\",\"datePublished\":\"2020-03-18T14:00:21+00:00\",\"mainEntityOfPage\":{\"@id\":\"https:\\\/\\\/www.ahmadiyya-islam.org\\\/ba\\\/javna-saopstenja\\\/ahmadija-muslimanski-dzemat-osudjuje-izjavu-donalda-trumpa\\\/\"},\"wordCount\":406,\"publisher\":{\"@id\":\"https:\\\/\\\/www.ahmadiyya-islam.org\\\/ba\\\/#organization\"},\"image\":{\"@id\":\"https:\\\/\\\/www.ahmadiyya-islam.org\\\/ba\\\/javna-saopstenja\\\/ahmadija-muslimanski-dzemat-osudjuje-izjavu-donalda-trumpa\\\/#primaryimage\"},\"thumbnailUrl\":\"https:\\\/\\\/www.ahmadiyya-islam.org\\\/ba\\\/wp-content\\\/uploads\\\/sites\\\/16\\\/2020\\\/03\\\/id-412x320-1.png\",\"keywords\":[\"Donald Trump\",\"Islam u SAD\"],\"articleSection\":[\"Javna saop\u0161tenja\"],\"inLanguage\":\"bs-BA\"},{\"@type\":\"WebPage\",\"@id\":\"https:\\\/\\\/www.ahmadiyya-islam.org\\\/ba\\\/javna-saopstenja\\\/ahmadija-muslimanski-dzemat-osudjuje-izjavu-donalda-trumpa\\\/\",\"url\":\"https:\\\/\\\/www.ahmadiyya-islam.org\\\/ba\\\/javna-saopstenja\\\/ahmadija-muslimanski-dzemat-osudjuje-izjavu-donalda-trumpa\\\/\",\"name\":\"Ahmadija muslimanski d\u017eemat osu\u0111uje izjavu Donalda Trumpa\",\"isPartOf\":{\"@id\":\"https:\\\/\\\/www.ahmadiyya-islam.org\\\/ba\\\/#website\"},\"primaryImageOfPage\":{\"@id\":\"https:\\\/\\\/www.ahmadiyya-islam.org\\\/ba\\\/javna-saopstenja\\\/ahmadija-muslimanski-dzemat-osudjuje-izjavu-donalda-trumpa\\\/#primaryimage\"},\"image\":{\"@id\":\"https:\\\/\\\/www.ahmadiyya-islam.org\\\/ba\\\/javna-saopstenja\\\/ahmadija-muslimanski-dzemat-osudjuje-izjavu-donalda-trumpa\\\/#primaryimage\"},\"thumbnailUrl\":\"https:\\\/\\\/www.ahmadiyya-islam.org\\\/ba\\\/wp-content\\\/uploads\\\/sites\\\/16\\\/2020\\\/03\\\/id-412x320-1.png\",\"datePublished\":\"2020-03-18T14:00:21+00:00\",\"description\":\"Trebali bi imati mnogo sistema, ne samo baze podataka, ve\u0107 sve sisteme koji su danas mogu\u0107i. Sad je potrebno da imamo \u010dvrstu granicu, strukturu, moramo imati zid. Ne mo\u017ee dopustiti da se ovako ne\u0161to doga\u0111a u na\u0161oj dr\u017eavi.\",\"breadcrumb\":{\"@id\":\"https:\\\/\\\/www.ahmadiyya-islam.org\\\/ba\\\/javna-saopstenja\\\/ahmadija-muslimanski-dzemat-osudjuje-izjavu-donalda-trumpa\\\/#breadcrumb\"},\"inLanguage\":\"bs-BA\",\"potentialAction\":[{\"@type\":\"ReadAction\",\"target\":[\"https:\\\/\\\/www.ahmadiyya-islam.org\\\/ba\\\/javna-saopstenja\\\/ahmadija-muslimanski-dzemat-osudjuje-izjavu-donalda-trumpa\\\/\"]}]},{\"@type\":\"ImageObject\",\"inLanguage\":\"bs-BA\",\"@id\":\"https:\\\/\\\/www.ahmadiyya-islam.org\\\/ba\\\/javna-saopstenja\\\/ahmadija-muslimanski-dzemat-osudjuje-izjavu-donalda-trumpa\\\/#primaryimage\",\"url\":\"https:\\\/\\\/www.ahmadiyya-islam.org\\\/ba\\\/wp-content\\\/uploads\\\/sites\\\/16\\\/2020\\\/03\\\/id-412x320-1.png\",\"contentUrl\":\"https:\\\/\\\/www.ahmadiyya-islam.org\\\/ba\\\/wp-content\\\/uploads\\\/sites\\\/16\\\/2020\\\/03\\\/id-412x320-1.png\",\"width\":412,\"height\":320,\"caption\":\"ID\"},{\"@type\":\"BreadcrumbList\",\"@id\":\"https:\\\/\\\/www.ahmadiyya-islam.org\\\/ba\\\/javna-saopstenja\\\/ahmadija-muslimanski-dzemat-osudjuje-izjavu-donalda-trumpa\\\/#breadcrumb\",\"itemListElement\":[{\"@type\":\"ListItem\",\"position\":1,\"name\":\"Home\",\"item\":\"https:\\\/\\\/www.ahmadiyya-islam.org\\\/ba\\\/\"},{\"@type\":\"ListItem\",\"position\":2,\"name\":\"Ahmadija muslimanski d\u017eemat osu\u0111uje izjavu Donalda Trumpa\"}]},{\"@type\":\"WebSite\",\"@id\":\"https:\\\/\\\/www.ahmadiyya-islam.org\\\/ba\\\/#website\",\"url\":\"https:\\\/\\\/www.ahmadiyya-islam.org\\\/ba\\\/\",\"name\":\"Ahmadija muslimanski d\u017eemat\",\"description\":\"BiH\",\"publisher\":{\"@id\":\"https:\\\/\\\/www.ahmadiyya-islam.org\\\/ba\\\/#organization\"},\"potentialAction\":[{\"@type\":\"SearchAction\",\"target\":{\"@type\":\"EntryPoint\",\"urlTemplate\":\"https:\\\/\\\/www.ahmadiyya-islam.org\\\/ba\\\/?s={search_term_string}\"},\"query-input\":{\"@type\":\"PropertyValueSpecification\",\"valueRequired\":true,\"valueName\":\"search_term_string\"}}],\"inLanguage\":\"bs-BA\"},{\"@type\":\"Organization\",\"@id\":\"https:\\\/\\\/www.ahmadiyya-islam.org\\\/ba\\\/#organization\",\"name\":\"Ahmadija muslimanski d\u017eemat\",\"url\":\"https:\\\/\\\/www.ahmadiyya-islam.org\\\/ba\\\/\",\"logo\":{\"@type\":\"ImageObject\",\"inLanguage\":\"bs-BA\",\"@id\":\"https:\\\/\\\/www.ahmadiyya-islam.org\\\/ba\\\/#\\\/schema\\\/logo\\\/image\\\/\",\"url\":\"https:\\\/\\\/www.ahmadiyya-islam.org\\\/ba\\\/wp-content\\\/uploads\\\/sites\\\/16\\\/2018\\\/03\\\/cropped-alislam-logo.jpg\",\"contentUrl\":\"https:\\\/\\\/www.ahmadiyya-islam.org\\\/ba\\\/wp-content\\\/uploads\\\/sites\\\/16\\\/2018\\\/03\\\/cropped-alislam-logo.jpg\",\"width\":512,\"height\":512,\"caption\":\"Ahmadija muslimanski d\u017eemat\"},\"image\":{\"@id\":\"https:\\\/\\\/www.ahmadiyya-islam.org\\\/ba\\\/#\\\/schema\\\/logo\\\/image\\\/\"}},{\"@type\":\"Person\",\"@id\":\"https:\\\/\\\/www.ahmadiyya-islam.org\\\/ba\\\/#\\\/schema\\\/person\\\/84184e219964946a4429c416022920ec\",\"name\":\"bosnia1\"}]}<\/script>\n<!-- \/ Yoast SEO Premium plugin. -->","yoast_head_json":{"title":"Ahmadija muslimanski d\u017eemat osu\u0111uje izjavu Donalda Trumpa","description":"Trebali bi imati mnogo sistema, ne samo baze podataka, ve\u0107 sve sisteme koji su danas mogu\u0107i. Sad je potrebno da imamo \u010dvrstu granicu, strukturu, moramo imati zid. Ne mo\u017ee dopustiti da se ovako ne\u0161to doga\u0111a u na\u0161oj dr\u017eavi.","robots":{"index":"index","follow":"follow","max-snippet":"max-snippet:-1","max-image-preview":"max-image-preview:large","max-video-preview":"max-video-preview:-1"},"canonical":"https:\/\/www.ahmadiyya-islam.org\/ba\/javna-saopstenja\/ahmadija-muslimanski-dzemat-osudjuje-izjavu-donalda-trumpa\/","og_locale":"bs_BA","og_type":"article","og_title":"Ahmadija muslimanski d\u017eemat osu\u0111uje izjavu Donalda Trumpa","og_description":"Trebali bi imati mnogo sistema, ne samo baze podataka, ve\u0107 sve sisteme koji su danas mogu\u0107i. Sad je potrebno da imamo \u010dvrstu granicu, strukturu, moramo imati zid. Ne mo\u017ee dopustiti da se ovako ne\u0161to doga\u0111a u na\u0161oj dr\u017eavi.","og_url":"https:\/\/www.ahmadiyya-islam.org\/ba\/javna-saopstenja\/ahmadija-muslimanski-dzemat-osudjuje-izjavu-donalda-trumpa\/","og_site_name":"Ahmadija muslimanski d\u017eemat","article_published_time":"2020-03-18T14:00:21+00:00","og_image":[{"width":412,"height":320,"url":"https:\/\/www.ahmadiyya-islam.org\/ba\/wp-content\/uploads\/sites\/16\/2020\/03\/id-412x320-1.png","type":"image\/png"}],"author":"bosnia1","twitter_card":"summary_large_image","twitter_misc":{"Written by":"bosnia1","Est. reading time":"2 minute"},"schema":{"@context":"https:\/\/schema.org","@graph":[{"@type":"Article","@id":"https:\/\/www.ahmadiyya-islam.org\/ba\/javna-saopstenja\/ahmadija-muslimanski-dzemat-osudjuje-izjavu-donalda-trumpa\/#article","isPartOf":{"@id":"https:\/\/www.ahmadiyya-islam.org\/ba\/javna-saopstenja\/ahmadija-muslimanski-dzemat-osudjuje-izjavu-donalda-trumpa\/"},"author":{"name":"bosnia1","@id":"https:\/\/www.ahmadiyya-islam.org\/ba\/#\/schema\/person\/84184e219964946a4429c416022920ec"},"headline":"Ahmadija muslimanski d\u017eemat osu\u0111uje izjavu Donalda Trumpa","datePublished":"2020-03-18T14:00:21+00:00","mainEntityOfPage":{"@id":"https:\/\/www.ahmadiyya-islam.org\/ba\/javna-saopstenja\/ahmadija-muslimanski-dzemat-osudjuje-izjavu-donalda-trumpa\/"},"wordCount":406,"publisher":{"@id":"https:\/\/www.ahmadiyya-islam.org\/ba\/#organization"},"image":{"@id":"https:\/\/www.ahmadiyya-islam.org\/ba\/javna-saopstenja\/ahmadija-muslimanski-dzemat-osudjuje-izjavu-donalda-trumpa\/#primaryimage"},"thumbnailUrl":"https:\/\/www.ahmadiyya-islam.org\/ba\/wp-content\/uploads\/sites\/16\/2020\/03\/id-412x320-1.png","keywords":["Donald Trump","Islam u SAD"],"articleSection":["Javna saop\u0161tenja"],"inLanguage":"bs-BA"},{"@type":"WebPage","@id":"https:\/\/www.ahmadiyya-islam.org\/ba\/javna-saopstenja\/ahmadija-muslimanski-dzemat-osudjuje-izjavu-donalda-trumpa\/","url":"https:\/\/www.ahmadiyya-islam.org\/ba\/javna-saopstenja\/ahmadija-muslimanski-dzemat-osudjuje-izjavu-donalda-trumpa\/","name":"Ahmadija muslimanski d\u017eemat osu\u0111uje izjavu Donalda Trumpa","isPartOf":{"@id":"https:\/\/www.ahmadiyya-islam.org\/ba\/#website"},"primaryImageOfPage":{"@id":"https:\/\/www.ahmadiyya-islam.org\/ba\/javna-saopstenja\/ahmadija-muslimanski-dzemat-osudjuje-izjavu-donalda-trumpa\/#primaryimage"},"image":{"@id":"https:\/\/www.ahmadiyya-islam.org\/ba\/javna-saopstenja\/ahmadija-muslimanski-dzemat-osudjuje-izjavu-donalda-trumpa\/#primaryimage"},"thumbnailUrl":"https:\/\/www.ahmadiyya-islam.org\/ba\/wp-content\/uploads\/sites\/16\/2020\/03\/id-412x320-1.png","datePublished":"2020-03-18T14:00:21+00:00","description":"Trebali bi imati mnogo sistema, ne samo baze podataka, ve\u0107 sve sisteme koji su danas mogu\u0107i. Sad je potrebno da imamo \u010dvrstu granicu, strukturu, moramo imati zid. Ne mo\u017ee dopustiti da se ovako ne\u0161to doga\u0111a u na\u0161oj dr\u017eavi.","breadcrumb":{"@id":"https:\/\/www.ahmadiyya-islam.org\/ba\/javna-saopstenja\/ahmadija-muslimanski-dzemat-osudjuje-izjavu-donalda-trumpa\/#breadcrumb"},"inLanguage":"bs-BA","potentialAction":[{"@type":"ReadAction","target":["https:\/\/www.ahmadiyya-islam.org\/ba\/javna-saopstenja\/ahmadija-muslimanski-dzemat-osudjuje-izjavu-donalda-trumpa\/"]}]},{"@type":"ImageObject","inLanguage":"bs-BA","@id":"https:\/\/www.ahmadiyya-islam.org\/ba\/javna-saopstenja\/ahmadija-muslimanski-dzemat-osudjuje-izjavu-donalda-trumpa\/#primaryimage","url":"https:\/\/www.ahmadiyya-islam.org\/ba\/wp-content\/uploads\/sites\/16\/2020\/03\/id-412x320-1.png","contentUrl":"https:\/\/www.ahmadiyya-islam.org\/ba\/wp-content\/uploads\/sites\/16\/2020\/03\/id-412x320-1.png","width":412,"height":320,"caption":"ID"},{"@type":"BreadcrumbList","@id":"https:\/\/www.ahmadiyya-islam.org\/ba\/javna-saopstenja\/ahmadija-muslimanski-dzemat-osudjuje-izjavu-donalda-trumpa\/#breadcrumb","itemListElement":[{"@type":"ListItem","position":1,"name":"Home","item":"https:\/\/www.ahmadiyya-islam.org\/ba\/"},{"@type":"ListItem","position":2,"name":"Ahmadija muslimanski d\u017eemat osu\u0111uje izjavu Donalda Trumpa"}]},{"@type":"WebSite","@id":"https:\/\/www.ahmadiyya-islam.org\/ba\/#website","url":"https:\/\/www.ahmadiyya-islam.org\/ba\/","name":"Ahmadija muslimanski d\u017eemat","description":"BiH","publisher":{"@id":"https:\/\/www.ahmadiyya-islam.org\/ba\/#organization"},"potentialAction":[{"@type":"SearchAction","target":{"@type":"EntryPoint","urlTemplate":"https:\/\/www.ahmadiyya-islam.org\/ba\/?s={search_term_string}"},"query-input":{"@type":"PropertyValueSpecification","valueRequired":true,"valueName":"search_term_string"}}],"inLanguage":"bs-BA"},{"@type":"Organization","@id":"https:\/\/www.ahmadiyya-islam.org\/ba\/#organization","name":"Ahmadija muslimanski d\u017eemat","url":"https:\/\/www.ahmadiyya-islam.org\/ba\/","logo":{"@type":"ImageObject","inLanguage":"bs-BA","@id":"https:\/\/www.ahmadiyya-islam.org\/ba\/#\/schema\/logo\/image\/","url":"https:\/\/www.ahmadiyya-islam.org\/ba\/wp-content\/uploads\/sites\/16\/2018\/03\/cropped-alislam-logo.jpg","contentUrl":"https:\/\/www.ahmadiyya-islam.org\/ba\/wp-content\/uploads\/sites\/16\/2018\/03\/cropped-alislam-logo.jpg","width":512,"height":512,"caption":"Ahmadija muslimanski d\u017eemat"},"image":{"@id":"https:\/\/www.ahmadiyya-islam.org\/ba\/#\/schema\/logo\/image\/"}},{"@type":"Person","@id":"https:\/\/www.ahmadiyya-islam.org\/ba\/#\/schema\/person\/84184e219964946a4429c416022920ec","name":"bosnia1"}]}},"_links":{"self":[{"href":"https:\/\/www.ahmadiyya-islam.org\/ba\/wp-json\/wp\/v2\/posts\/2218","targetHints":{"allow":["GET"]}}],"collection":[{"href":"https:\/\/www.ahmadiyya-islam.org\/ba\/wp-json\/wp\/v2\/posts"}],"about":[{"href":"https:\/\/www.ahmadiyya-islam.org\/ba\/wp-json\/wp\/v2\/types\/post"}],"author":[{"embeddable":true,"href":"https:\/\/www.ahmadiyya-islam.org\/ba\/wp-json\/wp\/v2\/users\/36"}],"replies":[{"embeddable":true,"href":"https:\/\/www.ahmadiyya-islam.org\/ba\/wp-json\/wp\/v2\/comments?post=2218"}],"version-history":[{"count":0,"href":"https:\/\/www.ahmadiyya-islam.org\/ba\/wp-json\/wp\/v2\/posts\/2218\/revisions"}],"wp:featuredmedia":[{"embeddable":true,"href":"https:\/\/www.ahmadiyya-islam.org\/ba\/wp-json\/wp\/v2\/media\/2220"}],"wp:attachment":[{"href":"https:\/\/www.ahmadiyya-islam.org\/ba\/wp-json\/wp\/v2\/media?parent=2218"}],"wp:term":[{"taxonomy":"category","embeddable":true,"href":"https:\/\/www.ahmadiyya-islam.org\/ba\/wp-json\/wp\/v2\/categories?post=2218"},{"taxonomy":"post_tag","embeddable":true,"href":"https:\/\/www.ahmadiyya-islam.org\/ba\/wp-json\/wp\/v2\/tags?post=2218"},{"taxonomy":"authors","embeddable":true,"href":"https:\/\/www.ahmadiyya-islam.org\/ba\/wp-json\/wp\/v2\/authors?post=2218"},{"taxonomy":"content_source","embeddable":true,"href":"https:\/\/www.ahmadiyya-islam.org\/ba\/wp-json\/wp\/v2\/content_source?post=2218"}],"curies":[{"name":"wp","href":"https:\/\/api.w.org\/{rel}","templated":true}]}}