{"id":2209,"date":"2020-03-18T13:21:14","date_gmt":"2020-03-18T13:21:14","guid":{"rendered":"https:\/\/www.ahmadiyya-islam.org\/ba\/?p=2209"},"modified":"2020-03-18T13:25:46","modified_gmt":"2020-03-18T13:25:46","slug":"izazov-ekstremizma","status":"publish","type":"post","link":"https:\/\/www.ahmadiyya-islam.org\/ba\/javna-saopstenja\/izazov-ekstremizma\/","title":{"rendered":"O\u0161tre mjere protiv ekstremnih u\u010denjaka"},"content":{"rendered":"<p>Dana 9 Oktobra,poglavar Ahmedija muslimanskog d\u017eemata, Peti Halifa, Njegova Svetost, ,Hazrat Mirza Masroor Ahmad \u00a0je dao\u00a0 interviju za\u00a0 Holandskog medije De Corrspondend u d\u017eamiji Baittun Noor, u mjestu Nunspeet u Holandiji.<\/p>\n<p>Prilikom ovog intervjua Njegova svetost ,istakao je da Ahmedija muslimanska zajednica, zagovara mirno da\u00a0 tuma\u010denje Islama, i da Islam nije nasilje i konflikt koji vi\u0111amo danas,nego\u00a0 je Islam baziran na\u00a0 istinskom u\u010denju.<\/p>\n<p>Nakon \u0161to je bio pitan da li je napad na Irak 2003 godine bio napad na Islam, Hazrati Mirza Masroor Ahmad je rekao da je to vi\u0161e\u00a0\u00a0 \u201cgeo-politi\u010dki\u201d nego vjerski rat.<\/p>\n<p>Na pitanje o njegovim pogledima na teroristi\u010dke grupe poznate kao I.S. ili Daesh,rekao je:<\/p>\n<blockquote><p><strong>\u201cGrupe kao \u00a0Daesh potpuno pogre\u0161no tuma\u010de \u010casni Ku\u201cran. D\u017eihad ustvari zna\u010di borba za ne\u0161to dobro,ali teroristi prave svoju nasilnu interpretaciju,samo da zadovolje svoje interese.\u201d<\/strong><\/p><\/blockquote>\n<p>Njegova Svetost je istakla da je kontekst klju\u010d \u010casnog Kur\u201cana,i kada tra\u017eimo tuma\u010denje odre\u0111enog ajeta potrebno je pro\u010ditati \u0161ta je napisano prije i poslije. Pitan kako stati u kraj terorizmu,njegova Svetost je rekao,da je neophodno da se prekine dotok oru\u017eja \u00a0i finansiranja teroristi\u010dkih grupa, preko crnog tr\u017eista. Hazrat Mirza Masroor Ahmad je tako\u0111e istakao da vo\u0111e muslimanskog svijeta moraju poduzeti\u00a0\u00a0<strong>\u010dvrste mjere,\u00a0<\/strong>u borbi protiv ekstremnih u\u010denjaka u svojim zemljama. \u0160to se ti\u010de stalnog napora Ahmedija muslimanske zajednice,da \u0161iri poruku mira,rekao je poglavar Ahmedija muslimanske zajednice istakao \u00a0je:<\/p>\n<blockquote><p><strong>\u201cNikada ne\u0107emo odustati,i nikada ne\u0107emo postati isfrustrirani. Umjesto toga, mi \u0107emo nastaviti sa na\u0161im misionarskim radom, i vjerujemo\u00a0 da \u0107e\u00a0 promjene jednog dana do\u0107i.Ako ne u ovoj generaciji,onda u narednim generacijama ljudi \u0107e shvatiti istinu Islama.\u201d<\/strong><\/p><\/blockquote>\n<p>Na pitanje\u00a0 da li je optimisti\u010dan u pogledu mira na Bliskom Istoku,odgovorio je: da trenutno nije pun nade ,i da postoji rizik da rat eskalira jo\u0161 vi\u0161e. Dakle on je rekao \u201cda nije optimisti\u010dan\u201d ali da se nada da \u0107e ljudi shvatiti svoje pogre\u0161ke, i okrenuti se Svevi\u0161njem Gospodaru.<\/p>\n","protected":false},"excerpt":{"rendered":"<p>Nikada ne\u0107emo odustati,i nikada ne\u0107emo postati isfrustrirani. Umjesto toga, mi \u0107emo nastaviti sa na\u0161im misionarskim radom, i vjerujemo\u00a0 da \u0107e\u00a0 promjene jednog dana do\u0107i.Ako ne u ovoj generaciji,onda u narednim generacijama ljudi \u0107e shvatiti istinu Islama.\u201d<\/p>\n","protected":false},"author":36,"featured_media":2211,"comment_status":"closed","ping_status":"closed","sticky":false,"template":"","format":"standard","meta":{"_acf_changed":false,"footnotes":""},"categories":[1],"tags":[484,1808],"authors":[1366],"content_source":[],"class_list":["post-2209","post","type-post","status-publish","format-standard","has-post-thumbnail","hentry","category-javna-saopstenja","tag-ekstremizam","tag-ucenjaci","topics-glas-islama","authors-hazreti-mirza-masroor-ahmad"],"acf":[],"yoast_head":"<!-- This site is optimized with the Yoast SEO Premium plugin v21.1 (Yoast SEO v27.4) - https:\/\/yoast.com\/product\/yoast-seo-premium-wordpress\/ -->\n<title>Izazov ekstremizma<\/title>\n<meta name=\"description\" content=\"Nikada ne\u0107emo odustati,i nikada ne\u0107emo postati isfrustrirani. Umjesto toga, mi \u0107emo nastaviti sa na\u0161im misionarskim radom, i vjerujemo\u00a0 da \u0107e\u00a0 promjene jednog dana do\u0107i.Ako ne u ovoj generaciji,onda u narednim generacijama ljudi \u0107e shvatiti istinu Islama.\u201d\" \/>\n<meta name=\"robots\" content=\"index, follow, max-snippet:-1, max-image-preview:large, max-video-preview:-1\" \/>\n<link rel=\"canonical\" href=\"https:\/\/www.ahmadiyya-islam.org\/ba\/javna-saopstenja\/izazov-ekstremizma\/\" \/>\n<meta property=\"og:locale\" content=\"bs_BA\" \/>\n<meta property=\"og:type\" content=\"article\" \/>\n<meta property=\"og:title\" content=\"O\u0161tre mjere protiv ekstremnih u\u010denjaka\" \/>\n<meta property=\"og:description\" content=\"Nikada ne\u0107emo odustati,i nikada ne\u0107emo postati isfrustrirani. Umjesto toga, mi \u0107emo nastaviti sa na\u0161im misionarskim radom, i vjerujemo\u00a0 da \u0107e\u00a0 promjene jednog dana do\u0107i.Ako ne u ovoj generaciji,onda u narednim generacijama ljudi \u0107e shvatiti istinu Islama.\u201d\" \/>\n<meta property=\"og:url\" content=\"https:\/\/www.ahmadiyya-islam.org\/ba\/javna-saopstenja\/izazov-ekstremizma\/\" \/>\n<meta property=\"og:site_name\" content=\"Ahmadija muslimanski d\u017eemat\" \/>\n<meta property=\"article:published_time\" content=\"2020-03-18T13:21:14+00:00\" \/>\n<meta property=\"article:modified_time\" content=\"2020-03-18T13:25:46+00:00\" \/>\n<meta property=\"og:image\" content=\"https:\/\/www.ahmadiyya-islam.org\/ba\/wp-content\/uploads\/sites\/16\/2020\/03\/police-224426_960_720.jpg\" \/>\n\t<meta property=\"og:image:width\" content=\"960\" \/>\n\t<meta property=\"og:image:height\" content=\"607\" \/>\n\t<meta property=\"og:image:type\" content=\"image\/jpeg\" \/>\n<meta name=\"author\" content=\"bosnia1\" \/>\n<meta name=\"twitter:card\" content=\"summary_large_image\" \/>\n<meta name=\"twitter:label1\" content=\"Written by\" \/>\n\t<meta name=\"twitter:data1\" content=\"bosnia1\" \/>\n\t<meta name=\"twitter:label2\" content=\"Est. reading time\" \/>\n\t<meta name=\"twitter:data2\" content=\"2 minute\" \/>\n<script type=\"application\/ld+json\" class=\"yoast-schema-graph\">{\"@context\":\"https:\\\/\\\/schema.org\",\"@graph\":[{\"@type\":\"Article\",\"@id\":\"https:\\\/\\\/www.ahmadiyya-islam.org\\\/ba\\\/javna-saopstenja\\\/izazov-ekstremizma\\\/#article\",\"isPartOf\":{\"@id\":\"https:\\\/\\\/www.ahmadiyya-islam.org\\\/ba\\\/javna-saopstenja\\\/izazov-ekstremizma\\\/\"},\"author\":{\"name\":\"bosnia1\",\"@id\":\"https:\\\/\\\/www.ahmadiyya-islam.org\\\/ba\\\/#\\\/schema\\\/person\\\/84184e219964946a4429c416022920ec\"},\"headline\":\"O\u0161tre mjere protiv ekstremnih u\u010denjaka\",\"datePublished\":\"2020-03-18T13:21:14+00:00\",\"dateModified\":\"2020-03-18T13:25:46+00:00\",\"mainEntityOfPage\":{\"@id\":\"https:\\\/\\\/www.ahmadiyya-islam.org\\\/ba\\\/javna-saopstenja\\\/izazov-ekstremizma\\\/\"},\"wordCount\":360,\"publisher\":{\"@id\":\"https:\\\/\\\/www.ahmadiyya-islam.org\\\/ba\\\/#organization\"},\"image\":{\"@id\":\"https:\\\/\\\/www.ahmadiyya-islam.org\\\/ba\\\/javna-saopstenja\\\/izazov-ekstremizma\\\/#primaryimage\"},\"thumbnailUrl\":\"https:\\\/\\\/www.ahmadiyya-islam.org\\\/ba\\\/wp-content\\\/uploads\\\/sites\\\/16\\\/2020\\\/03\\\/police-224426_960_720.jpg\",\"keywords\":[\"Ekstremizam\",\"U\u010denjaci\"],\"articleSection\":[\"Javna saop\u0161tenja\"],\"inLanguage\":\"bs-BA\"},{\"@type\":\"WebPage\",\"@id\":\"https:\\\/\\\/www.ahmadiyya-islam.org\\\/ba\\\/javna-saopstenja\\\/izazov-ekstremizma\\\/\",\"url\":\"https:\\\/\\\/www.ahmadiyya-islam.org\\\/ba\\\/javna-saopstenja\\\/izazov-ekstremizma\\\/\",\"name\":\"Izazov ekstremizma\",\"isPartOf\":{\"@id\":\"https:\\\/\\\/www.ahmadiyya-islam.org\\\/ba\\\/#website\"},\"primaryImageOfPage\":{\"@id\":\"https:\\\/\\\/www.ahmadiyya-islam.org\\\/ba\\\/javna-saopstenja\\\/izazov-ekstremizma\\\/#primaryimage\"},\"image\":{\"@id\":\"https:\\\/\\\/www.ahmadiyya-islam.org\\\/ba\\\/javna-saopstenja\\\/izazov-ekstremizma\\\/#primaryimage\"},\"thumbnailUrl\":\"https:\\\/\\\/www.ahmadiyya-islam.org\\\/ba\\\/wp-content\\\/uploads\\\/sites\\\/16\\\/2020\\\/03\\\/police-224426_960_720.jpg\",\"datePublished\":\"2020-03-18T13:21:14+00:00\",\"dateModified\":\"2020-03-18T13:25:46+00:00\",\"description\":\"Nikada ne\u0107emo odustati,i nikada ne\u0107emo postati isfrustrirani. Umjesto toga, mi \u0107emo nastaviti sa na\u0161im misionarskim radom, i vjerujemo\u00a0 da \u0107e\u00a0 promjene jednog dana do\u0107i.Ako ne u ovoj generaciji,onda u narednim generacijama ljudi \u0107e shvatiti istinu Islama.\u201d\",\"breadcrumb\":{\"@id\":\"https:\\\/\\\/www.ahmadiyya-islam.org\\\/ba\\\/javna-saopstenja\\\/izazov-ekstremizma\\\/#breadcrumb\"},\"inLanguage\":\"bs-BA\",\"potentialAction\":[{\"@type\":\"ReadAction\",\"target\":[\"https:\\\/\\\/www.ahmadiyya-islam.org\\\/ba\\\/javna-saopstenja\\\/izazov-ekstremizma\\\/\"]}]},{\"@type\":\"ImageObject\",\"inLanguage\":\"bs-BA\",\"@id\":\"https:\\\/\\\/www.ahmadiyya-islam.org\\\/ba\\\/javna-saopstenja\\\/izazov-ekstremizma\\\/#primaryimage\",\"url\":\"https:\\\/\\\/www.ahmadiyya-islam.org\\\/ba\\\/wp-content\\\/uploads\\\/sites\\\/16\\\/2020\\\/03\\\/police-224426_960_720.jpg\",\"contentUrl\":\"https:\\\/\\\/www.ahmadiyya-islam.org\\\/ba\\\/wp-content\\\/uploads\\\/sites\\\/16\\\/2020\\\/03\\\/police-224426_960_720.jpg\",\"width\":960,\"height\":607,\"caption\":\"Policija\"},{\"@type\":\"BreadcrumbList\",\"@id\":\"https:\\\/\\\/www.ahmadiyya-islam.org\\\/ba\\\/javna-saopstenja\\\/izazov-ekstremizma\\\/#breadcrumb\",\"itemListElement\":[{\"@type\":\"ListItem\",\"position\":1,\"name\":\"Home\",\"item\":\"https:\\\/\\\/www.ahmadiyya-islam.org\\\/ba\\\/\"},{\"@type\":\"ListItem\",\"position\":2,\"name\":\"O\u0161tre mjere protiv ekstremnih u\u010denjaka\"}]},{\"@type\":\"WebSite\",\"@id\":\"https:\\\/\\\/www.ahmadiyya-islam.org\\\/ba\\\/#website\",\"url\":\"https:\\\/\\\/www.ahmadiyya-islam.org\\\/ba\\\/\",\"name\":\"Ahmadija muslimanski d\u017eemat\",\"description\":\"BiH\",\"publisher\":{\"@id\":\"https:\\\/\\\/www.ahmadiyya-islam.org\\\/ba\\\/#organization\"},\"potentialAction\":[{\"@type\":\"SearchAction\",\"target\":{\"@type\":\"EntryPoint\",\"urlTemplate\":\"https:\\\/\\\/www.ahmadiyya-islam.org\\\/ba\\\/?s={search_term_string}\"},\"query-input\":{\"@type\":\"PropertyValueSpecification\",\"valueRequired\":true,\"valueName\":\"search_term_string\"}}],\"inLanguage\":\"bs-BA\"},{\"@type\":\"Organization\",\"@id\":\"https:\\\/\\\/www.ahmadiyya-islam.org\\\/ba\\\/#organization\",\"name\":\"Ahmadija muslimanski d\u017eemat\",\"url\":\"https:\\\/\\\/www.ahmadiyya-islam.org\\\/ba\\\/\",\"logo\":{\"@type\":\"ImageObject\",\"inLanguage\":\"bs-BA\",\"@id\":\"https:\\\/\\\/www.ahmadiyya-islam.org\\\/ba\\\/#\\\/schema\\\/logo\\\/image\\\/\",\"url\":\"https:\\\/\\\/www.ahmadiyya-islam.org\\\/ba\\\/wp-content\\\/uploads\\\/sites\\\/16\\\/2018\\\/03\\\/cropped-alislam-logo.jpg\",\"contentUrl\":\"https:\\\/\\\/www.ahmadiyya-islam.org\\\/ba\\\/wp-content\\\/uploads\\\/sites\\\/16\\\/2018\\\/03\\\/cropped-alislam-logo.jpg\",\"width\":512,\"height\":512,\"caption\":\"Ahmadija muslimanski d\u017eemat\"},\"image\":{\"@id\":\"https:\\\/\\\/www.ahmadiyya-islam.org\\\/ba\\\/#\\\/schema\\\/logo\\\/image\\\/\"}},{\"@type\":\"Person\",\"@id\":\"https:\\\/\\\/www.ahmadiyya-islam.org\\\/ba\\\/#\\\/schema\\\/person\\\/84184e219964946a4429c416022920ec\",\"name\":\"bosnia1\"}]}<\/script>\n<!-- \/ Yoast SEO Premium plugin. -->","yoast_head_json":{"title":"Izazov ekstremizma","description":"Nikada ne\u0107emo odustati,i nikada ne\u0107emo postati isfrustrirani. Umjesto toga, mi \u0107emo nastaviti sa na\u0161im misionarskim radom, i vjerujemo\u00a0 da \u0107e\u00a0 promjene jednog dana do\u0107i.Ako ne u ovoj generaciji,onda u narednim generacijama ljudi \u0107e shvatiti istinu Islama.\u201d","robots":{"index":"index","follow":"follow","max-snippet":"max-snippet:-1","max-image-preview":"max-image-preview:large","max-video-preview":"max-video-preview:-1"},"canonical":"https:\/\/www.ahmadiyya-islam.org\/ba\/javna-saopstenja\/izazov-ekstremizma\/","og_locale":"bs_BA","og_type":"article","og_title":"O\u0161tre mjere protiv ekstremnih u\u010denjaka","og_description":"Nikada ne\u0107emo odustati,i nikada ne\u0107emo postati isfrustrirani. Umjesto toga, mi \u0107emo nastaviti sa na\u0161im misionarskim radom, i vjerujemo\u00a0 da \u0107e\u00a0 promjene jednog dana do\u0107i.Ako ne u ovoj generaciji,onda u narednim generacijama ljudi \u0107e shvatiti istinu Islama.\u201d","og_url":"https:\/\/www.ahmadiyya-islam.org\/ba\/javna-saopstenja\/izazov-ekstremizma\/","og_site_name":"Ahmadija muslimanski d\u017eemat","article_published_time":"2020-03-18T13:21:14+00:00","article_modified_time":"2020-03-18T13:25:46+00:00","og_image":[{"width":960,"height":607,"url":"https:\/\/www.ahmadiyya-islam.org\/ba\/wp-content\/uploads\/sites\/16\/2020\/03\/police-224426_960_720.jpg","type":"image\/jpeg"}],"author":"bosnia1","twitter_card":"summary_large_image","twitter_misc":{"Written by":"bosnia1","Est. reading time":"2 minute"},"schema":{"@context":"https:\/\/schema.org","@graph":[{"@type":"Article","@id":"https:\/\/www.ahmadiyya-islam.org\/ba\/javna-saopstenja\/izazov-ekstremizma\/#article","isPartOf":{"@id":"https:\/\/www.ahmadiyya-islam.org\/ba\/javna-saopstenja\/izazov-ekstremizma\/"},"author":{"name":"bosnia1","@id":"https:\/\/www.ahmadiyya-islam.org\/ba\/#\/schema\/person\/84184e219964946a4429c416022920ec"},"headline":"O\u0161tre mjere protiv ekstremnih u\u010denjaka","datePublished":"2020-03-18T13:21:14+00:00","dateModified":"2020-03-18T13:25:46+00:00","mainEntityOfPage":{"@id":"https:\/\/www.ahmadiyya-islam.org\/ba\/javna-saopstenja\/izazov-ekstremizma\/"},"wordCount":360,"publisher":{"@id":"https:\/\/www.ahmadiyya-islam.org\/ba\/#organization"},"image":{"@id":"https:\/\/www.ahmadiyya-islam.org\/ba\/javna-saopstenja\/izazov-ekstremizma\/#primaryimage"},"thumbnailUrl":"https:\/\/www.ahmadiyya-islam.org\/ba\/wp-content\/uploads\/sites\/16\/2020\/03\/police-224426_960_720.jpg","keywords":["Ekstremizam","U\u010denjaci"],"articleSection":["Javna saop\u0161tenja"],"inLanguage":"bs-BA"},{"@type":"WebPage","@id":"https:\/\/www.ahmadiyya-islam.org\/ba\/javna-saopstenja\/izazov-ekstremizma\/","url":"https:\/\/www.ahmadiyya-islam.org\/ba\/javna-saopstenja\/izazov-ekstremizma\/","name":"Izazov ekstremizma","isPartOf":{"@id":"https:\/\/www.ahmadiyya-islam.org\/ba\/#website"},"primaryImageOfPage":{"@id":"https:\/\/www.ahmadiyya-islam.org\/ba\/javna-saopstenja\/izazov-ekstremizma\/#primaryimage"},"image":{"@id":"https:\/\/www.ahmadiyya-islam.org\/ba\/javna-saopstenja\/izazov-ekstremizma\/#primaryimage"},"thumbnailUrl":"https:\/\/www.ahmadiyya-islam.org\/ba\/wp-content\/uploads\/sites\/16\/2020\/03\/police-224426_960_720.jpg","datePublished":"2020-03-18T13:21:14+00:00","dateModified":"2020-03-18T13:25:46+00:00","description":"Nikada ne\u0107emo odustati,i nikada ne\u0107emo postati isfrustrirani. Umjesto toga, mi \u0107emo nastaviti sa na\u0161im misionarskim radom, i vjerujemo\u00a0 da \u0107e\u00a0 promjene jednog dana do\u0107i.Ako ne u ovoj generaciji,onda u narednim generacijama ljudi \u0107e shvatiti istinu Islama.\u201d","breadcrumb":{"@id":"https:\/\/www.ahmadiyya-islam.org\/ba\/javna-saopstenja\/izazov-ekstremizma\/#breadcrumb"},"inLanguage":"bs-BA","potentialAction":[{"@type":"ReadAction","target":["https:\/\/www.ahmadiyya-islam.org\/ba\/javna-saopstenja\/izazov-ekstremizma\/"]}]},{"@type":"ImageObject","inLanguage":"bs-BA","@id":"https:\/\/www.ahmadiyya-islam.org\/ba\/javna-saopstenja\/izazov-ekstremizma\/#primaryimage","url":"https:\/\/www.ahmadiyya-islam.org\/ba\/wp-content\/uploads\/sites\/16\/2020\/03\/police-224426_960_720.jpg","contentUrl":"https:\/\/www.ahmadiyya-islam.org\/ba\/wp-content\/uploads\/sites\/16\/2020\/03\/police-224426_960_720.jpg","width":960,"height":607,"caption":"Policija"},{"@type":"BreadcrumbList","@id":"https:\/\/www.ahmadiyya-islam.org\/ba\/javna-saopstenja\/izazov-ekstremizma\/#breadcrumb","itemListElement":[{"@type":"ListItem","position":1,"name":"Home","item":"https:\/\/www.ahmadiyya-islam.org\/ba\/"},{"@type":"ListItem","position":2,"name":"O\u0161tre mjere protiv ekstremnih u\u010denjaka"}]},{"@type":"WebSite","@id":"https:\/\/www.ahmadiyya-islam.org\/ba\/#website","url":"https:\/\/www.ahmadiyya-islam.org\/ba\/","name":"Ahmadija muslimanski d\u017eemat","description":"BiH","publisher":{"@id":"https:\/\/www.ahmadiyya-islam.org\/ba\/#organization"},"potentialAction":[{"@type":"SearchAction","target":{"@type":"EntryPoint","urlTemplate":"https:\/\/www.ahmadiyya-islam.org\/ba\/?s={search_term_string}"},"query-input":{"@type":"PropertyValueSpecification","valueRequired":true,"valueName":"search_term_string"}}],"inLanguage":"bs-BA"},{"@type":"Organization","@id":"https:\/\/www.ahmadiyya-islam.org\/ba\/#organization","name":"Ahmadija muslimanski d\u017eemat","url":"https:\/\/www.ahmadiyya-islam.org\/ba\/","logo":{"@type":"ImageObject","inLanguage":"bs-BA","@id":"https:\/\/www.ahmadiyya-islam.org\/ba\/#\/schema\/logo\/image\/","url":"https:\/\/www.ahmadiyya-islam.org\/ba\/wp-content\/uploads\/sites\/16\/2018\/03\/cropped-alislam-logo.jpg","contentUrl":"https:\/\/www.ahmadiyya-islam.org\/ba\/wp-content\/uploads\/sites\/16\/2018\/03\/cropped-alislam-logo.jpg","width":512,"height":512,"caption":"Ahmadija muslimanski d\u017eemat"},"image":{"@id":"https:\/\/www.ahmadiyya-islam.org\/ba\/#\/schema\/logo\/image\/"}},{"@type":"Person","@id":"https:\/\/www.ahmadiyya-islam.org\/ba\/#\/schema\/person\/84184e219964946a4429c416022920ec","name":"bosnia1"}]}},"_links":{"self":[{"href":"https:\/\/www.ahmadiyya-islam.org\/ba\/wp-json\/wp\/v2\/posts\/2209","targetHints":{"allow":["GET"]}}],"collection":[{"href":"https:\/\/www.ahmadiyya-islam.org\/ba\/wp-json\/wp\/v2\/posts"}],"about":[{"href":"https:\/\/www.ahmadiyya-islam.org\/ba\/wp-json\/wp\/v2\/types\/post"}],"author":[{"embeddable":true,"href":"https:\/\/www.ahmadiyya-islam.org\/ba\/wp-json\/wp\/v2\/users\/36"}],"replies":[{"embeddable":true,"href":"https:\/\/www.ahmadiyya-islam.org\/ba\/wp-json\/wp\/v2\/comments?post=2209"}],"version-history":[{"count":0,"href":"https:\/\/www.ahmadiyya-islam.org\/ba\/wp-json\/wp\/v2\/posts\/2209\/revisions"}],"wp:featuredmedia":[{"embeddable":true,"href":"https:\/\/www.ahmadiyya-islam.org\/ba\/wp-json\/wp\/v2\/media\/2211"}],"wp:attachment":[{"href":"https:\/\/www.ahmadiyya-islam.org\/ba\/wp-json\/wp\/v2\/media?parent=2209"}],"wp:term":[{"taxonomy":"category","embeddable":true,"href":"https:\/\/www.ahmadiyya-islam.org\/ba\/wp-json\/wp\/v2\/categories?post=2209"},{"taxonomy":"post_tag","embeddable":true,"href":"https:\/\/www.ahmadiyya-islam.org\/ba\/wp-json\/wp\/v2\/tags?post=2209"},{"taxonomy":"authors","embeddable":true,"href":"https:\/\/www.ahmadiyya-islam.org\/ba\/wp-json\/wp\/v2\/authors?post=2209"},{"taxonomy":"content_source","embeddable":true,"href":"https:\/\/www.ahmadiyya-islam.org\/ba\/wp-json\/wp\/v2\/content_source?post=2209"}],"curies":[{"name":"wp","href":"https:\/\/api.w.org\/{rel}","templated":true}]}}