{"id":2206,"date":"2020-03-18T13:12:16","date_gmt":"2020-03-18T13:12:16","guid":{"rendered":"https:\/\/www.ahmadiyya-islam.org\/ba\/?p=2206"},"modified":"2021-09-20T13:23:19","modified_gmt":"2021-09-20T13:23:19","slug":"svedska-politicarka-u-posjeti-halifi-islama","status":"publish","type":"post","link":"https:\/\/www.ahmadiyya-islam.org\/ba\/javna-saopstenja\/svedska-politicarka-u-posjeti-halifi-islama\/","title":{"rendered":"\u0160vedska politi\u010darka u posjeti Halifi islama"},"content":{"rendered":"<h2 style=\"text-align: center\">IZJAVA ZA \u0160TAMPU<\/h2>\n<p>Dana 7.Marta\u00a0 2015, gospo\u0111a \u00a0Shadiye Heydari,\u00a0\u010dlanica \u0160vedskog\u00a0 Nacionalnog Sabora (<em>Sveriges Riksdag<\/em>), posjetila je Fazl d\u017eamiju,gdje je dobila priliku da razgovara sa poglavarom Ahmediyya muslimanske zajednice, Petim Halifom,, Hazrati Mirza Masroor Ahmadom.<\/p>\n<p>Tokom 40- minutnog razgovora,Halifa\u00a0 je govorio o sve ve\u0107im prijetnjama i opasnostima od ekstremizma u mnogim dijelovima svijeta. Savjetovao je da politi\u010dari trebaju nastojati utvrditi uzroke ekstremizma i izgraditi dugoro\u010dnu strategiju za suzbijanje radikalizacije mladih.Tako\u0111e je rekao da takozvani d\u017eihadisti, su potpuno besmisleni,i njihova djela trebaju kategori\u010dki biti osu\u0111ena.<\/p>\n<p>Konkretno govore\u0107i o ISISU,da zajedni\u010dkim\u00a0 i ujedinjenim naporima bi mogli da zaustavimo ovu teroristi\u010dku grupu.<\/p>\n<p>Naglasio je da bi mir u svijetu prevladao,potrebno je da pravda i po\u0161tenje budu primarni na svim nivoima dru\u0161tva.<\/p>\n<p>Gospo\u0111a \u00a0Heydari, koja je do\u0161la kao predstavnik \u0160vedske Demokratske Stranke, zahvalila je se Poglavaru d\u017eemata ,za savjete i pozvala ga da posjeti \u0160vedsku. Halifa se zahvalio na pozivu, i rekao da \u0107e moliti za njeno uspje\u0161no promicanje mira i ljudskih prava u svijetu.<\/p>\n","protected":false},"excerpt":{"rendered":"<p>Gospo\u0111a \u00a0Heydari, koja je do\u0161la kao predstavnik \u0160vedske Demokratske Stranke, zahvalila je se Njegovoj Svetosti,za savjete,i pozvala Njegovu Svetost da posjeti \u0160vedsku. Njegova Svetost je se zahvalila na pozivu,i rekao da \u0107e moliti za njeno uspje\u0161no promicanje mira i ljudskih prava u svijetu.<\/p>\n","protected":false},"author":36,"featured_media":2207,"comment_status":"closed","ping_status":"closed","sticky":false,"template":"","format":"standard","meta":{"_acf_changed":false,"footnotes":""},"categories":[1],"tags":[1807,1806],"authors":[1366],"content_source":[],"class_list":["post-2206","post","type-post","status-publish","format-standard","has-post-thumbnail","hentry","category-javna-saopstenja","tag-londonska-dzamija","tag-shadiye-heydari","topics-glas-islama","authors-hazreti-mirza-masroor-ahmad"],"acf":[],"yoast_head":"<!-- This site is optimized with the Yoast SEO Premium plugin v21.1 (Yoast SEO v27.4) - https:\/\/yoast.com\/product\/yoast-seo-premium-wordpress\/ -->\n<title>\u0160vedska politi\u010darka u posjeti Halifi islama<\/title>\n<meta name=\"description\" content=\"Gospo\u0111a \u00a0Heydari, koja je do\u0161la kao predstavnik \u0160vedske Demokratske Stranke, zahvalila je se Njegovoj Svetosti,za savjete,i pozvala Njegovu Svetost da posjeti \u0160vedsku. Njegova Svetost je se zahvalila na pozivu,i rekao da \u0107e moliti za njeno uspje\u0161no promicanje mira i ljudskih prava u svijetu.\" \/>\n<meta name=\"robots\" content=\"index, follow, max-snippet:-1, max-image-preview:large, max-video-preview:-1\" \/>\n<link rel=\"canonical\" href=\"https:\/\/www.ahmadiyya-islam.org\/ba\/javna-saopstenja\/svedska-politicarka-u-posjeti-halifi-islama\/\" \/>\n<meta property=\"og:locale\" content=\"bs_BA\" \/>\n<meta property=\"og:type\" content=\"article\" \/>\n<meta property=\"og:title\" content=\"\u0160vedska politi\u010darka u posjeti Halifi islama\" \/>\n<meta property=\"og:description\" content=\"Gospo\u0111a \u00a0Heydari, koja je do\u0161la kao predstavnik \u0160vedske Demokratske Stranke, zahvalila je se Njegovoj Svetosti,za savjete,i pozvala Njegovu Svetost da posjeti \u0160vedsku. Njegova Svetost je se zahvalila na pozivu,i rekao da \u0107e moliti za njeno uspje\u0161no promicanje mira i ljudskih prava u svijetu.\" \/>\n<meta property=\"og:url\" content=\"https:\/\/www.ahmadiyya-islam.org\/ba\/javna-saopstenja\/svedska-politicarka-u-posjeti-halifi-islama\/\" \/>\n<meta property=\"og:site_name\" content=\"Ahmadija muslimanski d\u017eemat\" \/>\n<meta property=\"article:published_time\" content=\"2020-03-18T13:12:16+00:00\" \/>\n<meta property=\"article:modified_time\" content=\"2021-09-20T13:23:19+00:00\" \/>\n<meta property=\"og:image\" content=\"https:\/\/www.ahmadiyya-islam.org\/ba\/wp-content\/uploads\/sites\/16\/2020\/03\/2015-03-07-Swedish-Politician-1024x620-1.jpg\" \/>\n\t<meta property=\"og:image:width\" content=\"1024\" \/>\n\t<meta property=\"og:image:height\" content=\"620\" \/>\n\t<meta property=\"og:image:type\" content=\"image\/jpeg\" \/>\n<meta name=\"author\" content=\"bosnia1\" \/>\n<meta name=\"twitter:card\" content=\"summary_large_image\" \/>\n<meta name=\"twitter:label1\" content=\"Written by\" \/>\n\t<meta name=\"twitter:data1\" content=\"bosnia1\" \/>\n\t<meta name=\"twitter:label2\" content=\"Est. reading time\" \/>\n\t<meta name=\"twitter:data2\" content=\"1 minuta\" \/>\n<script type=\"application\/ld+json\" class=\"yoast-schema-graph\">{\"@context\":\"https:\\\/\\\/schema.org\",\"@graph\":[{\"@type\":\"Article\",\"@id\":\"https:\\\/\\\/www.ahmadiyya-islam.org\\\/ba\\\/javna-saopstenja\\\/svedska-politicarka-u-posjeti-halifi-islama\\\/#article\",\"isPartOf\":{\"@id\":\"https:\\\/\\\/www.ahmadiyya-islam.org\\\/ba\\\/javna-saopstenja\\\/svedska-politicarka-u-posjeti-halifi-islama\\\/\"},\"author\":{\"name\":\"bosnia1\",\"@id\":\"https:\\\/\\\/www.ahmadiyya-islam.org\\\/ba\\\/#\\\/schema\\\/person\\\/84184e219964946a4429c416022920ec\"},\"headline\":\"\u0160vedska politi\u010darka u posjeti Halifi islama\",\"datePublished\":\"2020-03-18T13:12:16+00:00\",\"dateModified\":\"2021-09-20T13:23:19+00:00\",\"mainEntityOfPage\":{\"@id\":\"https:\\\/\\\/www.ahmadiyya-islam.org\\\/ba\\\/javna-saopstenja\\\/svedska-politicarka-u-posjeti-halifi-islama\\\/\"},\"wordCount\":191,\"publisher\":{\"@id\":\"https:\\\/\\\/www.ahmadiyya-islam.org\\\/ba\\\/#organization\"},\"image\":{\"@id\":\"https:\\\/\\\/www.ahmadiyya-islam.org\\\/ba\\\/javna-saopstenja\\\/svedska-politicarka-u-posjeti-halifi-islama\\\/#primaryimage\"},\"thumbnailUrl\":\"https:\\\/\\\/www.ahmadiyya-islam.org\\\/ba\\\/wp-content\\\/uploads\\\/sites\\\/16\\\/2020\\\/03\\\/2015-03-07-Swedish-Politician-1024x620-1.jpg\",\"keywords\":[\"Londonska d\u017eamija\",\"Shadiye Heydari\"],\"articleSection\":[\"Javna saop\u0161tenja\"],\"inLanguage\":\"bs-BA\"},{\"@type\":\"WebPage\",\"@id\":\"https:\\\/\\\/www.ahmadiyya-islam.org\\\/ba\\\/javna-saopstenja\\\/svedska-politicarka-u-posjeti-halifi-islama\\\/\",\"url\":\"https:\\\/\\\/www.ahmadiyya-islam.org\\\/ba\\\/javna-saopstenja\\\/svedska-politicarka-u-posjeti-halifi-islama\\\/\",\"name\":\"\u0160vedska politi\u010darka u posjeti Halifi islama\",\"isPartOf\":{\"@id\":\"https:\\\/\\\/www.ahmadiyya-islam.org\\\/ba\\\/#website\"},\"primaryImageOfPage\":{\"@id\":\"https:\\\/\\\/www.ahmadiyya-islam.org\\\/ba\\\/javna-saopstenja\\\/svedska-politicarka-u-posjeti-halifi-islama\\\/#primaryimage\"},\"image\":{\"@id\":\"https:\\\/\\\/www.ahmadiyya-islam.org\\\/ba\\\/javna-saopstenja\\\/svedska-politicarka-u-posjeti-halifi-islama\\\/#primaryimage\"},\"thumbnailUrl\":\"https:\\\/\\\/www.ahmadiyya-islam.org\\\/ba\\\/wp-content\\\/uploads\\\/sites\\\/16\\\/2020\\\/03\\\/2015-03-07-Swedish-Politician-1024x620-1.jpg\",\"datePublished\":\"2020-03-18T13:12:16+00:00\",\"dateModified\":\"2021-09-20T13:23:19+00:00\",\"description\":\"Gospo\u0111a \u00a0Heydari, koja je do\u0161la kao predstavnik \u0160vedske Demokratske Stranke, zahvalila je se Njegovoj Svetosti,za savjete,i pozvala Njegovu Svetost da posjeti \u0160vedsku. Njegova Svetost je se zahvalila na pozivu,i rekao da \u0107e moliti za njeno uspje\u0161no promicanje mira i ljudskih prava u svijetu.\",\"breadcrumb\":{\"@id\":\"https:\\\/\\\/www.ahmadiyya-islam.org\\\/ba\\\/javna-saopstenja\\\/svedska-politicarka-u-posjeti-halifi-islama\\\/#breadcrumb\"},\"inLanguage\":\"bs-BA\",\"potentialAction\":[{\"@type\":\"ReadAction\",\"target\":[\"https:\\\/\\\/www.ahmadiyya-islam.org\\\/ba\\\/javna-saopstenja\\\/svedska-politicarka-u-posjeti-halifi-islama\\\/\"]}]},{\"@type\":\"ImageObject\",\"inLanguage\":\"bs-BA\",\"@id\":\"https:\\\/\\\/www.ahmadiyya-islam.org\\\/ba\\\/javna-saopstenja\\\/svedska-politicarka-u-posjeti-halifi-islama\\\/#primaryimage\",\"url\":\"https:\\\/\\\/www.ahmadiyya-islam.org\\\/ba\\\/wp-content\\\/uploads\\\/sites\\\/16\\\/2020\\\/03\\\/2015-03-07-Swedish-Politician-1024x620-1.jpg\",\"contentUrl\":\"https:\\\/\\\/www.ahmadiyya-islam.org\\\/ba\\\/wp-content\\\/uploads\\\/sites\\\/16\\\/2020\\\/03\\\/2015-03-07-Swedish-Politician-1024x620-1.jpg\",\"width\":1024,\"height\":620,\"caption\":\"Shadiye Heydari\"},{\"@type\":\"BreadcrumbList\",\"@id\":\"https:\\\/\\\/www.ahmadiyya-islam.org\\\/ba\\\/javna-saopstenja\\\/svedska-politicarka-u-posjeti-halifi-islama\\\/#breadcrumb\",\"itemListElement\":[{\"@type\":\"ListItem\",\"position\":1,\"name\":\"Home\",\"item\":\"https:\\\/\\\/www.ahmadiyya-islam.org\\\/ba\\\/\"},{\"@type\":\"ListItem\",\"position\":2,\"name\":\"\u0160vedska politi\u010darka u posjeti Halifi islama\"}]},{\"@type\":\"WebSite\",\"@id\":\"https:\\\/\\\/www.ahmadiyya-islam.org\\\/ba\\\/#website\",\"url\":\"https:\\\/\\\/www.ahmadiyya-islam.org\\\/ba\\\/\",\"name\":\"Ahmadija muslimanski d\u017eemat\",\"description\":\"BiH\",\"publisher\":{\"@id\":\"https:\\\/\\\/www.ahmadiyya-islam.org\\\/ba\\\/#organization\"},\"potentialAction\":[{\"@type\":\"SearchAction\",\"target\":{\"@type\":\"EntryPoint\",\"urlTemplate\":\"https:\\\/\\\/www.ahmadiyya-islam.org\\\/ba\\\/?s={search_term_string}\"},\"query-input\":{\"@type\":\"PropertyValueSpecification\",\"valueRequired\":true,\"valueName\":\"search_term_string\"}}],\"inLanguage\":\"bs-BA\"},{\"@type\":\"Organization\",\"@id\":\"https:\\\/\\\/www.ahmadiyya-islam.org\\\/ba\\\/#organization\",\"name\":\"Ahmadija muslimanski d\u017eemat\",\"url\":\"https:\\\/\\\/www.ahmadiyya-islam.org\\\/ba\\\/\",\"logo\":{\"@type\":\"ImageObject\",\"inLanguage\":\"bs-BA\",\"@id\":\"https:\\\/\\\/www.ahmadiyya-islam.org\\\/ba\\\/#\\\/schema\\\/logo\\\/image\\\/\",\"url\":\"https:\\\/\\\/www.ahmadiyya-islam.org\\\/ba\\\/wp-content\\\/uploads\\\/sites\\\/16\\\/2018\\\/03\\\/cropped-alislam-logo.jpg\",\"contentUrl\":\"https:\\\/\\\/www.ahmadiyya-islam.org\\\/ba\\\/wp-content\\\/uploads\\\/sites\\\/16\\\/2018\\\/03\\\/cropped-alislam-logo.jpg\",\"width\":512,\"height\":512,\"caption\":\"Ahmadija muslimanski d\u017eemat\"},\"image\":{\"@id\":\"https:\\\/\\\/www.ahmadiyya-islam.org\\\/ba\\\/#\\\/schema\\\/logo\\\/image\\\/\"}},{\"@type\":\"Person\",\"@id\":\"https:\\\/\\\/www.ahmadiyya-islam.org\\\/ba\\\/#\\\/schema\\\/person\\\/84184e219964946a4429c416022920ec\",\"name\":\"bosnia1\"}]}<\/script>\n<!-- \/ Yoast SEO Premium plugin. -->","yoast_head_json":{"title":"\u0160vedska politi\u010darka u posjeti Halifi islama","description":"Gospo\u0111a \u00a0Heydari, koja je do\u0161la kao predstavnik \u0160vedske Demokratske Stranke, zahvalila je se Njegovoj Svetosti,za savjete,i pozvala Njegovu Svetost da posjeti \u0160vedsku. Njegova Svetost je se zahvalila na pozivu,i rekao da \u0107e moliti za njeno uspje\u0161no promicanje mira i ljudskih prava u svijetu.","robots":{"index":"index","follow":"follow","max-snippet":"max-snippet:-1","max-image-preview":"max-image-preview:large","max-video-preview":"max-video-preview:-1"},"canonical":"https:\/\/www.ahmadiyya-islam.org\/ba\/javna-saopstenja\/svedska-politicarka-u-posjeti-halifi-islama\/","og_locale":"bs_BA","og_type":"article","og_title":"\u0160vedska politi\u010darka u posjeti Halifi islama","og_description":"Gospo\u0111a \u00a0Heydari, koja je do\u0161la kao predstavnik \u0160vedske Demokratske Stranke, zahvalila je se Njegovoj Svetosti,za savjete,i pozvala Njegovu Svetost da posjeti \u0160vedsku. Njegova Svetost je se zahvalila na pozivu,i rekao da \u0107e moliti za njeno uspje\u0161no promicanje mira i ljudskih prava u svijetu.","og_url":"https:\/\/www.ahmadiyya-islam.org\/ba\/javna-saopstenja\/svedska-politicarka-u-posjeti-halifi-islama\/","og_site_name":"Ahmadija muslimanski d\u017eemat","article_published_time":"2020-03-18T13:12:16+00:00","article_modified_time":"2021-09-20T13:23:19+00:00","og_image":[{"width":1024,"height":620,"url":"https:\/\/www.ahmadiyya-islam.org\/ba\/wp-content\/uploads\/sites\/16\/2020\/03\/2015-03-07-Swedish-Politician-1024x620-1.jpg","type":"image\/jpeg"}],"author":"bosnia1","twitter_card":"summary_large_image","twitter_misc":{"Written by":"bosnia1","Est. reading time":"1 minuta"},"schema":{"@context":"https:\/\/schema.org","@graph":[{"@type":"Article","@id":"https:\/\/www.ahmadiyya-islam.org\/ba\/javna-saopstenja\/svedska-politicarka-u-posjeti-halifi-islama\/#article","isPartOf":{"@id":"https:\/\/www.ahmadiyya-islam.org\/ba\/javna-saopstenja\/svedska-politicarka-u-posjeti-halifi-islama\/"},"author":{"name":"bosnia1","@id":"https:\/\/www.ahmadiyya-islam.org\/ba\/#\/schema\/person\/84184e219964946a4429c416022920ec"},"headline":"\u0160vedska politi\u010darka u posjeti Halifi islama","datePublished":"2020-03-18T13:12:16+00:00","dateModified":"2021-09-20T13:23:19+00:00","mainEntityOfPage":{"@id":"https:\/\/www.ahmadiyya-islam.org\/ba\/javna-saopstenja\/svedska-politicarka-u-posjeti-halifi-islama\/"},"wordCount":191,"publisher":{"@id":"https:\/\/www.ahmadiyya-islam.org\/ba\/#organization"},"image":{"@id":"https:\/\/www.ahmadiyya-islam.org\/ba\/javna-saopstenja\/svedska-politicarka-u-posjeti-halifi-islama\/#primaryimage"},"thumbnailUrl":"https:\/\/www.ahmadiyya-islam.org\/ba\/wp-content\/uploads\/sites\/16\/2020\/03\/2015-03-07-Swedish-Politician-1024x620-1.jpg","keywords":["Londonska d\u017eamija","Shadiye Heydari"],"articleSection":["Javna saop\u0161tenja"],"inLanguage":"bs-BA"},{"@type":"WebPage","@id":"https:\/\/www.ahmadiyya-islam.org\/ba\/javna-saopstenja\/svedska-politicarka-u-posjeti-halifi-islama\/","url":"https:\/\/www.ahmadiyya-islam.org\/ba\/javna-saopstenja\/svedska-politicarka-u-posjeti-halifi-islama\/","name":"\u0160vedska politi\u010darka u posjeti Halifi islama","isPartOf":{"@id":"https:\/\/www.ahmadiyya-islam.org\/ba\/#website"},"primaryImageOfPage":{"@id":"https:\/\/www.ahmadiyya-islam.org\/ba\/javna-saopstenja\/svedska-politicarka-u-posjeti-halifi-islama\/#primaryimage"},"image":{"@id":"https:\/\/www.ahmadiyya-islam.org\/ba\/javna-saopstenja\/svedska-politicarka-u-posjeti-halifi-islama\/#primaryimage"},"thumbnailUrl":"https:\/\/www.ahmadiyya-islam.org\/ba\/wp-content\/uploads\/sites\/16\/2020\/03\/2015-03-07-Swedish-Politician-1024x620-1.jpg","datePublished":"2020-03-18T13:12:16+00:00","dateModified":"2021-09-20T13:23:19+00:00","description":"Gospo\u0111a \u00a0Heydari, koja je do\u0161la kao predstavnik \u0160vedske Demokratske Stranke, zahvalila je se Njegovoj Svetosti,za savjete,i pozvala Njegovu Svetost da posjeti \u0160vedsku. Njegova Svetost je se zahvalila na pozivu,i rekao da \u0107e moliti za njeno uspje\u0161no promicanje mira i ljudskih prava u svijetu.","breadcrumb":{"@id":"https:\/\/www.ahmadiyya-islam.org\/ba\/javna-saopstenja\/svedska-politicarka-u-posjeti-halifi-islama\/#breadcrumb"},"inLanguage":"bs-BA","potentialAction":[{"@type":"ReadAction","target":["https:\/\/www.ahmadiyya-islam.org\/ba\/javna-saopstenja\/svedska-politicarka-u-posjeti-halifi-islama\/"]}]},{"@type":"ImageObject","inLanguage":"bs-BA","@id":"https:\/\/www.ahmadiyya-islam.org\/ba\/javna-saopstenja\/svedska-politicarka-u-posjeti-halifi-islama\/#primaryimage","url":"https:\/\/www.ahmadiyya-islam.org\/ba\/wp-content\/uploads\/sites\/16\/2020\/03\/2015-03-07-Swedish-Politician-1024x620-1.jpg","contentUrl":"https:\/\/www.ahmadiyya-islam.org\/ba\/wp-content\/uploads\/sites\/16\/2020\/03\/2015-03-07-Swedish-Politician-1024x620-1.jpg","width":1024,"height":620,"caption":"Shadiye Heydari"},{"@type":"BreadcrumbList","@id":"https:\/\/www.ahmadiyya-islam.org\/ba\/javna-saopstenja\/svedska-politicarka-u-posjeti-halifi-islama\/#breadcrumb","itemListElement":[{"@type":"ListItem","position":1,"name":"Home","item":"https:\/\/www.ahmadiyya-islam.org\/ba\/"},{"@type":"ListItem","position":2,"name":"\u0160vedska politi\u010darka u posjeti Halifi islama"}]},{"@type":"WebSite","@id":"https:\/\/www.ahmadiyya-islam.org\/ba\/#website","url":"https:\/\/www.ahmadiyya-islam.org\/ba\/","name":"Ahmadija muslimanski d\u017eemat","description":"BiH","publisher":{"@id":"https:\/\/www.ahmadiyya-islam.org\/ba\/#organization"},"potentialAction":[{"@type":"SearchAction","target":{"@type":"EntryPoint","urlTemplate":"https:\/\/www.ahmadiyya-islam.org\/ba\/?s={search_term_string}"},"query-input":{"@type":"PropertyValueSpecification","valueRequired":true,"valueName":"search_term_string"}}],"inLanguage":"bs-BA"},{"@type":"Organization","@id":"https:\/\/www.ahmadiyya-islam.org\/ba\/#organization","name":"Ahmadija muslimanski d\u017eemat","url":"https:\/\/www.ahmadiyya-islam.org\/ba\/","logo":{"@type":"ImageObject","inLanguage":"bs-BA","@id":"https:\/\/www.ahmadiyya-islam.org\/ba\/#\/schema\/logo\/image\/","url":"https:\/\/www.ahmadiyya-islam.org\/ba\/wp-content\/uploads\/sites\/16\/2018\/03\/cropped-alislam-logo.jpg","contentUrl":"https:\/\/www.ahmadiyya-islam.org\/ba\/wp-content\/uploads\/sites\/16\/2018\/03\/cropped-alislam-logo.jpg","width":512,"height":512,"caption":"Ahmadija muslimanski d\u017eemat"},"image":{"@id":"https:\/\/www.ahmadiyya-islam.org\/ba\/#\/schema\/logo\/image\/"}},{"@type":"Person","@id":"https:\/\/www.ahmadiyya-islam.org\/ba\/#\/schema\/person\/84184e219964946a4429c416022920ec","name":"bosnia1"}]}},"_links":{"self":[{"href":"https:\/\/www.ahmadiyya-islam.org\/ba\/wp-json\/wp\/v2\/posts\/2206","targetHints":{"allow":["GET"]}}],"collection":[{"href":"https:\/\/www.ahmadiyya-islam.org\/ba\/wp-json\/wp\/v2\/posts"}],"about":[{"href":"https:\/\/www.ahmadiyya-islam.org\/ba\/wp-json\/wp\/v2\/types\/post"}],"author":[{"embeddable":true,"href":"https:\/\/www.ahmadiyya-islam.org\/ba\/wp-json\/wp\/v2\/users\/36"}],"replies":[{"embeddable":true,"href":"https:\/\/www.ahmadiyya-islam.org\/ba\/wp-json\/wp\/v2\/comments?post=2206"}],"version-history":[{"count":0,"href":"https:\/\/www.ahmadiyya-islam.org\/ba\/wp-json\/wp\/v2\/posts\/2206\/revisions"}],"wp:featuredmedia":[{"embeddable":true,"href":"https:\/\/www.ahmadiyya-islam.org\/ba\/wp-json\/wp\/v2\/media\/2207"}],"wp:attachment":[{"href":"https:\/\/www.ahmadiyya-islam.org\/ba\/wp-json\/wp\/v2\/media?parent=2206"}],"wp:term":[{"taxonomy":"category","embeddable":true,"href":"https:\/\/www.ahmadiyya-islam.org\/ba\/wp-json\/wp\/v2\/categories?post=2206"},{"taxonomy":"post_tag","embeddable":true,"href":"https:\/\/www.ahmadiyya-islam.org\/ba\/wp-json\/wp\/v2\/tags?post=2206"},{"taxonomy":"authors","embeddable":true,"href":"https:\/\/www.ahmadiyya-islam.org\/ba\/wp-json\/wp\/v2\/authors?post=2206"},{"taxonomy":"content_source","embeddable":true,"href":"https:\/\/www.ahmadiyya-islam.org\/ba\/wp-json\/wp\/v2\/content_source?post=2206"}],"curies":[{"name":"wp","href":"https:\/\/api.w.org\/{rel}","templated":true}]}}