{"id":2176,"date":"2020-03-17T19:54:31","date_gmt":"2020-03-17T19:54:31","guid":{"rendered":"https:\/\/www.ahmadiyya-islam.org\/ba\/?p=2176"},"modified":"2020-03-18T13:02:52","modified_gmt":"2020-03-18T13:02:52","slug":"svi-smo-mete-terorizma","status":"publish","type":"post","link":"https:\/\/www.ahmadiyya-islam.org\/ba\/javna-saopstenja\/svi-smo-mete-terorizma\/","title":{"rendered":"Svi smo mete terorizma"},"content":{"rendered":"<p>Svjetski poglavar Ahmedija muslimanske zajednice,Peti Halifa Hazreti Mirza Masroor Ahmad,intervjuisan je od strane Sverigas Radio (\u0160vedski radio) u Mahmood d\u017eamiji u Malmeu u \u0160vedskoj.<\/p>\n<p>Na pitanje o svome radu,Hazreti Mirza Ahmad rekao je:<\/p>\n<blockquote><p><strong><em>Ja sam ponizni rob Allaha Uzvi\u0161njeg, koji me je izabrao da budem Peti Halifa Ahmedija muslimanskog d\u017eemata, da bi nastavio misiju na\u0161eg Osniva\u010da \u0161irenja miroljubivog i istinskog u\u010denja Islama.<\/em><\/strong><\/p><\/blockquote>\n<p>Na pitanje o sigurnosnoj situaciji Ahmedi muslimana,Hazreti Mirza Masroor Ahmad rekao je:<\/p>\n<blockquote><p><strong><em>Nisu samo Ahmedi muslimani koji su u opasnosti, ve\u0107 svi su mete teroristima, kao \u0161to smo nedavno vidjeli u Parizu i u Briselu, gdje su se desili teroristi\u010dki napadi.Ti napadi mogu biti opisani kao djela stra\u0161ne brutalnosti i u potpunosti suprotni u\u010denju istinskog pravog Islama<\/em><\/strong><\/p><\/blockquote>\n<p>Hazreti Mirza nastavio je:<\/p>\n<blockquote><p><strong><em>Samo prije nekoliko godina, 100-ine Ahmedi muslimana ubijeno je u dvije na\u0161e d\u017eamije u Lahoru. Me\u0111utim mi nikada nismo uzvratili nasiljem, ve\u0107 mi na\u0161e progonstvo podnosimo sa strpljenjem i odgovaramo molitvom.<\/em><\/strong><\/p><\/blockquote>\n<p>Vezano za otvaranje Mahmood d\u017eamije u Malmeu,Hazreti Mirza Masroor rekao je:<\/p>\n<blockquote><p><strong><em>D\u017eamija je mjesto gdje se klanja i predaje Bogu Uzvi\u0161njem, tako kada zvani\u010dno otvorim ovu d\u017eamiju, podsjetit \u0107u Ahmedi muslimane na istinski i miroljubivi cilj ove d\u017eamije.<\/em><\/strong><\/p><\/blockquote>\n","protected":false},"excerpt":{"rendered":"<p>Nisu samo Ahmedi muslimani koji su u opasnosti, ve\u0107 svi su mete teroristima, kao \u0161to smo nedavno vidjeli u Parizu i u Briselu, gdje su se desili teroristi\u010dki napadi.Ti napadi mogu biti opisani kao djela stra\u0161ne brutalnosti i u potpunosti suprotni u\u010denju istinskog pravog Islama<\/p>\n","protected":false},"author":36,"featured_media":2194,"comment_status":"closed","ping_status":"closed","sticky":false,"template":"","format":"standard","meta":{"_acf_changed":false,"footnotes":""},"categories":[1],"tags":[1788],"authors":[1366],"content_source":[],"class_list":["post-2176","post","type-post","status-publish","format-standard","has-post-thumbnail","hentry","category-javna-saopstenja","tag-terorizam","topics-glas-islama","authors-hazreti-mirza-masroor-ahmad"],"acf":[],"yoast_head":"<!-- This site is optimized with the Yoast SEO Premium plugin v21.1 (Yoast SEO v27.4) - https:\/\/yoast.com\/product\/yoast-seo-premium-wordpress\/ -->\n<title>Islam je meta terorizma<\/title>\n<meta name=\"description\" content=\"Nisu samo Ahmedi muslimani koji su u opasnosti, ve\u0107 svi su mete teroristima, kao \u0161to smo nedavno vidjeli u Parizu i u Briselu, gdje su se desili teroristi\u010dki napadi.Ti napadi mogu biti opisani kao djela stra\u0161ne brutalnosti i u potpunosti suprotni u\u010denju istinskog pravog Islama\" \/>\n<meta name=\"robots\" content=\"index, follow, max-snippet:-1, max-image-preview:large, max-video-preview:-1\" \/>\n<link rel=\"canonical\" href=\"https:\/\/www.ahmadiyya-islam.org\/ba\/javna-saopstenja\/svi-smo-mete-terorizma\/\" \/>\n<meta property=\"og:locale\" content=\"bs_BA\" \/>\n<meta property=\"og:type\" content=\"article\" \/>\n<meta property=\"og:title\" content=\"Svi smo mete terorizma\" \/>\n<meta property=\"og:description\" content=\"Nisu samo Ahmedi muslimani koji su u opasnosti, ve\u0107 svi su mete teroristima, kao \u0161to smo nedavno vidjeli u Parizu i u Briselu, gdje su se desili teroristi\u010dki napadi.Ti napadi mogu biti opisani kao djela stra\u0161ne brutalnosti i u potpunosti suprotni u\u010denju istinskog pravog Islama\" \/>\n<meta property=\"og:url\" content=\"https:\/\/www.ahmadiyya-islam.org\/ba\/javna-saopstenja\/svi-smo-mete-terorizma\/\" \/>\n<meta property=\"og:site_name\" content=\"Ahmadija muslimanski d\u017eemat\" \/>\n<meta property=\"article:published_time\" content=\"2020-03-17T19:54:31+00:00\" \/>\n<meta property=\"article:modified_time\" content=\"2020-03-18T13:02:52+00:00\" \/>\n<meta property=\"og:image\" content=\"https:\/\/www.ahmadiyya-islam.org\/ba\/wp-content\/uploads\/sites\/16\/2020\/03\/strah.jpg\" \/>\n\t<meta property=\"og:image:width\" content=\"1200\" \/>\n\t<meta property=\"og:image:height\" content=\"675\" \/>\n\t<meta property=\"og:image:type\" content=\"image\/jpeg\" \/>\n<meta name=\"author\" content=\"bosnia1\" \/>\n<meta name=\"twitter:card\" content=\"summary_large_image\" \/>\n<meta name=\"twitter:label1\" content=\"Written by\" \/>\n\t<meta name=\"twitter:data1\" content=\"bosnia1\" \/>\n\t<meta name=\"twitter:label2\" content=\"Est. reading time\" \/>\n\t<meta name=\"twitter:data2\" content=\"1 minuta\" \/>\n<script type=\"application\/ld+json\" class=\"yoast-schema-graph\">{\"@context\":\"https:\\\/\\\/schema.org\",\"@graph\":[{\"@type\":\"Article\",\"@id\":\"https:\\\/\\\/www.ahmadiyya-islam.org\\\/ba\\\/javna-saopstenja\\\/svi-smo-mete-terorizma\\\/#article\",\"isPartOf\":{\"@id\":\"https:\\\/\\\/www.ahmadiyya-islam.org\\\/ba\\\/javna-saopstenja\\\/svi-smo-mete-terorizma\\\/\"},\"author\":{\"name\":\"bosnia1\",\"@id\":\"https:\\\/\\\/www.ahmadiyya-islam.org\\\/ba\\\/#\\\/schema\\\/person\\\/84184e219964946a4429c416022920ec\"},\"headline\":\"Svi smo mete terorizma\",\"datePublished\":\"2020-03-17T19:54:31+00:00\",\"dateModified\":\"2020-03-18T13:02:52+00:00\",\"mainEntityOfPage\":{\"@id\":\"https:\\\/\\\/www.ahmadiyya-islam.org\\\/ba\\\/javna-saopstenja\\\/svi-smo-mete-terorizma\\\/\"},\"wordCount\":221,\"publisher\":{\"@id\":\"https:\\\/\\\/www.ahmadiyya-islam.org\\\/ba\\\/#organization\"},\"image\":{\"@id\":\"https:\\\/\\\/www.ahmadiyya-islam.org\\\/ba\\\/javna-saopstenja\\\/svi-smo-mete-terorizma\\\/#primaryimage\"},\"thumbnailUrl\":\"https:\\\/\\\/www.ahmadiyya-islam.org\\\/ba\\\/wp-content\\\/uploads\\\/sites\\\/16\\\/2020\\\/03\\\/strah.jpg\",\"keywords\":[\"Terorizam\"],\"articleSection\":[\"Javna saop\u0161tenja\"],\"inLanguage\":\"bs-BA\"},{\"@type\":\"WebPage\",\"@id\":\"https:\\\/\\\/www.ahmadiyya-islam.org\\\/ba\\\/javna-saopstenja\\\/svi-smo-mete-terorizma\\\/\",\"url\":\"https:\\\/\\\/www.ahmadiyya-islam.org\\\/ba\\\/javna-saopstenja\\\/svi-smo-mete-terorizma\\\/\",\"name\":\"Islam je meta terorizma\",\"isPartOf\":{\"@id\":\"https:\\\/\\\/www.ahmadiyya-islam.org\\\/ba\\\/#website\"},\"primaryImageOfPage\":{\"@id\":\"https:\\\/\\\/www.ahmadiyya-islam.org\\\/ba\\\/javna-saopstenja\\\/svi-smo-mete-terorizma\\\/#primaryimage\"},\"image\":{\"@id\":\"https:\\\/\\\/www.ahmadiyya-islam.org\\\/ba\\\/javna-saopstenja\\\/svi-smo-mete-terorizma\\\/#primaryimage\"},\"thumbnailUrl\":\"https:\\\/\\\/www.ahmadiyya-islam.org\\\/ba\\\/wp-content\\\/uploads\\\/sites\\\/16\\\/2020\\\/03\\\/strah.jpg\",\"datePublished\":\"2020-03-17T19:54:31+00:00\",\"dateModified\":\"2020-03-18T13:02:52+00:00\",\"description\":\"Nisu samo Ahmedi muslimani koji su u opasnosti, ve\u0107 svi su mete teroristima, kao \u0161to smo nedavno vidjeli u Parizu i u Briselu, gdje su se desili teroristi\u010dki napadi.Ti napadi mogu biti opisani kao djela stra\u0161ne brutalnosti i u potpunosti suprotni u\u010denju istinskog pravog Islama\",\"breadcrumb\":{\"@id\":\"https:\\\/\\\/www.ahmadiyya-islam.org\\\/ba\\\/javna-saopstenja\\\/svi-smo-mete-terorizma\\\/#breadcrumb\"},\"inLanguage\":\"bs-BA\",\"potentialAction\":[{\"@type\":\"ReadAction\",\"target\":[\"https:\\\/\\\/www.ahmadiyya-islam.org\\\/ba\\\/javna-saopstenja\\\/svi-smo-mete-terorizma\\\/\"]}]},{\"@type\":\"ImageObject\",\"inLanguage\":\"bs-BA\",\"@id\":\"https:\\\/\\\/www.ahmadiyya-islam.org\\\/ba\\\/javna-saopstenja\\\/svi-smo-mete-terorizma\\\/#primaryimage\",\"url\":\"https:\\\/\\\/www.ahmadiyya-islam.org\\\/ba\\\/wp-content\\\/uploads\\\/sites\\\/16\\\/2020\\\/03\\\/strah.jpg\",\"contentUrl\":\"https:\\\/\\\/www.ahmadiyya-islam.org\\\/ba\\\/wp-content\\\/uploads\\\/sites\\\/16\\\/2020\\\/03\\\/strah.jpg\",\"width\":1200,\"height\":675,\"caption\":\"Ubistvo\"},{\"@type\":\"BreadcrumbList\",\"@id\":\"https:\\\/\\\/www.ahmadiyya-islam.org\\\/ba\\\/javna-saopstenja\\\/svi-smo-mete-terorizma\\\/#breadcrumb\",\"itemListElement\":[{\"@type\":\"ListItem\",\"position\":1,\"name\":\"Home\",\"item\":\"https:\\\/\\\/www.ahmadiyya-islam.org\\\/ba\\\/\"},{\"@type\":\"ListItem\",\"position\":2,\"name\":\"Svi smo mete terorizma\"}]},{\"@type\":\"WebSite\",\"@id\":\"https:\\\/\\\/www.ahmadiyya-islam.org\\\/ba\\\/#website\",\"url\":\"https:\\\/\\\/www.ahmadiyya-islam.org\\\/ba\\\/\",\"name\":\"Ahmadija muslimanski d\u017eemat\",\"description\":\"BiH\",\"publisher\":{\"@id\":\"https:\\\/\\\/www.ahmadiyya-islam.org\\\/ba\\\/#organization\"},\"potentialAction\":[{\"@type\":\"SearchAction\",\"target\":{\"@type\":\"EntryPoint\",\"urlTemplate\":\"https:\\\/\\\/www.ahmadiyya-islam.org\\\/ba\\\/?s={search_term_string}\"},\"query-input\":{\"@type\":\"PropertyValueSpecification\",\"valueRequired\":true,\"valueName\":\"search_term_string\"}}],\"inLanguage\":\"bs-BA\"},{\"@type\":\"Organization\",\"@id\":\"https:\\\/\\\/www.ahmadiyya-islam.org\\\/ba\\\/#organization\",\"name\":\"Ahmadija muslimanski d\u017eemat\",\"url\":\"https:\\\/\\\/www.ahmadiyya-islam.org\\\/ba\\\/\",\"logo\":{\"@type\":\"ImageObject\",\"inLanguage\":\"bs-BA\",\"@id\":\"https:\\\/\\\/www.ahmadiyya-islam.org\\\/ba\\\/#\\\/schema\\\/logo\\\/image\\\/\",\"url\":\"https:\\\/\\\/www.ahmadiyya-islam.org\\\/ba\\\/wp-content\\\/uploads\\\/sites\\\/16\\\/2018\\\/03\\\/cropped-alislam-logo.jpg\",\"contentUrl\":\"https:\\\/\\\/www.ahmadiyya-islam.org\\\/ba\\\/wp-content\\\/uploads\\\/sites\\\/16\\\/2018\\\/03\\\/cropped-alislam-logo.jpg\",\"width\":512,\"height\":512,\"caption\":\"Ahmadija muslimanski d\u017eemat\"},\"image\":{\"@id\":\"https:\\\/\\\/www.ahmadiyya-islam.org\\\/ba\\\/#\\\/schema\\\/logo\\\/image\\\/\"}},{\"@type\":\"Person\",\"@id\":\"https:\\\/\\\/www.ahmadiyya-islam.org\\\/ba\\\/#\\\/schema\\\/person\\\/84184e219964946a4429c416022920ec\",\"name\":\"bosnia1\"}]}<\/script>\n<!-- \/ Yoast SEO Premium plugin. -->","yoast_head_json":{"title":"Islam je meta terorizma","description":"Nisu samo Ahmedi muslimani koji su u opasnosti, ve\u0107 svi su mete teroristima, kao \u0161to smo nedavno vidjeli u Parizu i u Briselu, gdje su se desili teroristi\u010dki napadi.Ti napadi mogu biti opisani kao djela stra\u0161ne brutalnosti i u potpunosti suprotni u\u010denju istinskog pravog Islama","robots":{"index":"index","follow":"follow","max-snippet":"max-snippet:-1","max-image-preview":"max-image-preview:large","max-video-preview":"max-video-preview:-1"},"canonical":"https:\/\/www.ahmadiyya-islam.org\/ba\/javna-saopstenja\/svi-smo-mete-terorizma\/","og_locale":"bs_BA","og_type":"article","og_title":"Svi smo mete terorizma","og_description":"Nisu samo Ahmedi muslimani koji su u opasnosti, ve\u0107 svi su mete teroristima, kao \u0161to smo nedavno vidjeli u Parizu i u Briselu, gdje su se desili teroristi\u010dki napadi.Ti napadi mogu biti opisani kao djela stra\u0161ne brutalnosti i u potpunosti suprotni u\u010denju istinskog pravog Islama","og_url":"https:\/\/www.ahmadiyya-islam.org\/ba\/javna-saopstenja\/svi-smo-mete-terorizma\/","og_site_name":"Ahmadija muslimanski d\u017eemat","article_published_time":"2020-03-17T19:54:31+00:00","article_modified_time":"2020-03-18T13:02:52+00:00","og_image":[{"width":1200,"height":675,"url":"https:\/\/www.ahmadiyya-islam.org\/ba\/wp-content\/uploads\/sites\/16\/2020\/03\/strah.jpg","type":"image\/jpeg"}],"author":"bosnia1","twitter_card":"summary_large_image","twitter_misc":{"Written by":"bosnia1","Est. reading time":"1 minuta"},"schema":{"@context":"https:\/\/schema.org","@graph":[{"@type":"Article","@id":"https:\/\/www.ahmadiyya-islam.org\/ba\/javna-saopstenja\/svi-smo-mete-terorizma\/#article","isPartOf":{"@id":"https:\/\/www.ahmadiyya-islam.org\/ba\/javna-saopstenja\/svi-smo-mete-terorizma\/"},"author":{"name":"bosnia1","@id":"https:\/\/www.ahmadiyya-islam.org\/ba\/#\/schema\/person\/84184e219964946a4429c416022920ec"},"headline":"Svi smo mete terorizma","datePublished":"2020-03-17T19:54:31+00:00","dateModified":"2020-03-18T13:02:52+00:00","mainEntityOfPage":{"@id":"https:\/\/www.ahmadiyya-islam.org\/ba\/javna-saopstenja\/svi-smo-mete-terorizma\/"},"wordCount":221,"publisher":{"@id":"https:\/\/www.ahmadiyya-islam.org\/ba\/#organization"},"image":{"@id":"https:\/\/www.ahmadiyya-islam.org\/ba\/javna-saopstenja\/svi-smo-mete-terorizma\/#primaryimage"},"thumbnailUrl":"https:\/\/www.ahmadiyya-islam.org\/ba\/wp-content\/uploads\/sites\/16\/2020\/03\/strah.jpg","keywords":["Terorizam"],"articleSection":["Javna saop\u0161tenja"],"inLanguage":"bs-BA"},{"@type":"WebPage","@id":"https:\/\/www.ahmadiyya-islam.org\/ba\/javna-saopstenja\/svi-smo-mete-terorizma\/","url":"https:\/\/www.ahmadiyya-islam.org\/ba\/javna-saopstenja\/svi-smo-mete-terorizma\/","name":"Islam je meta terorizma","isPartOf":{"@id":"https:\/\/www.ahmadiyya-islam.org\/ba\/#website"},"primaryImageOfPage":{"@id":"https:\/\/www.ahmadiyya-islam.org\/ba\/javna-saopstenja\/svi-smo-mete-terorizma\/#primaryimage"},"image":{"@id":"https:\/\/www.ahmadiyya-islam.org\/ba\/javna-saopstenja\/svi-smo-mete-terorizma\/#primaryimage"},"thumbnailUrl":"https:\/\/www.ahmadiyya-islam.org\/ba\/wp-content\/uploads\/sites\/16\/2020\/03\/strah.jpg","datePublished":"2020-03-17T19:54:31+00:00","dateModified":"2020-03-18T13:02:52+00:00","description":"Nisu samo Ahmedi muslimani koji su u opasnosti, ve\u0107 svi su mete teroristima, kao \u0161to smo nedavno vidjeli u Parizu i u Briselu, gdje su se desili teroristi\u010dki napadi.Ti napadi mogu biti opisani kao djela stra\u0161ne brutalnosti i u potpunosti suprotni u\u010denju istinskog pravog Islama","breadcrumb":{"@id":"https:\/\/www.ahmadiyya-islam.org\/ba\/javna-saopstenja\/svi-smo-mete-terorizma\/#breadcrumb"},"inLanguage":"bs-BA","potentialAction":[{"@type":"ReadAction","target":["https:\/\/www.ahmadiyya-islam.org\/ba\/javna-saopstenja\/svi-smo-mete-terorizma\/"]}]},{"@type":"ImageObject","inLanguage":"bs-BA","@id":"https:\/\/www.ahmadiyya-islam.org\/ba\/javna-saopstenja\/svi-smo-mete-terorizma\/#primaryimage","url":"https:\/\/www.ahmadiyya-islam.org\/ba\/wp-content\/uploads\/sites\/16\/2020\/03\/strah.jpg","contentUrl":"https:\/\/www.ahmadiyya-islam.org\/ba\/wp-content\/uploads\/sites\/16\/2020\/03\/strah.jpg","width":1200,"height":675,"caption":"Ubistvo"},{"@type":"BreadcrumbList","@id":"https:\/\/www.ahmadiyya-islam.org\/ba\/javna-saopstenja\/svi-smo-mete-terorizma\/#breadcrumb","itemListElement":[{"@type":"ListItem","position":1,"name":"Home","item":"https:\/\/www.ahmadiyya-islam.org\/ba\/"},{"@type":"ListItem","position":2,"name":"Svi smo mete terorizma"}]},{"@type":"WebSite","@id":"https:\/\/www.ahmadiyya-islam.org\/ba\/#website","url":"https:\/\/www.ahmadiyya-islam.org\/ba\/","name":"Ahmadija muslimanski d\u017eemat","description":"BiH","publisher":{"@id":"https:\/\/www.ahmadiyya-islam.org\/ba\/#organization"},"potentialAction":[{"@type":"SearchAction","target":{"@type":"EntryPoint","urlTemplate":"https:\/\/www.ahmadiyya-islam.org\/ba\/?s={search_term_string}"},"query-input":{"@type":"PropertyValueSpecification","valueRequired":true,"valueName":"search_term_string"}}],"inLanguage":"bs-BA"},{"@type":"Organization","@id":"https:\/\/www.ahmadiyya-islam.org\/ba\/#organization","name":"Ahmadija muslimanski d\u017eemat","url":"https:\/\/www.ahmadiyya-islam.org\/ba\/","logo":{"@type":"ImageObject","inLanguage":"bs-BA","@id":"https:\/\/www.ahmadiyya-islam.org\/ba\/#\/schema\/logo\/image\/","url":"https:\/\/www.ahmadiyya-islam.org\/ba\/wp-content\/uploads\/sites\/16\/2018\/03\/cropped-alislam-logo.jpg","contentUrl":"https:\/\/www.ahmadiyya-islam.org\/ba\/wp-content\/uploads\/sites\/16\/2018\/03\/cropped-alislam-logo.jpg","width":512,"height":512,"caption":"Ahmadija muslimanski d\u017eemat"},"image":{"@id":"https:\/\/www.ahmadiyya-islam.org\/ba\/#\/schema\/logo\/image\/"}},{"@type":"Person","@id":"https:\/\/www.ahmadiyya-islam.org\/ba\/#\/schema\/person\/84184e219964946a4429c416022920ec","name":"bosnia1"}]}},"_links":{"self":[{"href":"https:\/\/www.ahmadiyya-islam.org\/ba\/wp-json\/wp\/v2\/posts\/2176","targetHints":{"allow":["GET"]}}],"collection":[{"href":"https:\/\/www.ahmadiyya-islam.org\/ba\/wp-json\/wp\/v2\/posts"}],"about":[{"href":"https:\/\/www.ahmadiyya-islam.org\/ba\/wp-json\/wp\/v2\/types\/post"}],"author":[{"embeddable":true,"href":"https:\/\/www.ahmadiyya-islam.org\/ba\/wp-json\/wp\/v2\/users\/36"}],"replies":[{"embeddable":true,"href":"https:\/\/www.ahmadiyya-islam.org\/ba\/wp-json\/wp\/v2\/comments?post=2176"}],"version-history":[{"count":0,"href":"https:\/\/www.ahmadiyya-islam.org\/ba\/wp-json\/wp\/v2\/posts\/2176\/revisions"}],"wp:featuredmedia":[{"embeddable":true,"href":"https:\/\/www.ahmadiyya-islam.org\/ba\/wp-json\/wp\/v2\/media\/2194"}],"wp:attachment":[{"href":"https:\/\/www.ahmadiyya-islam.org\/ba\/wp-json\/wp\/v2\/media?parent=2176"}],"wp:term":[{"taxonomy":"category","embeddable":true,"href":"https:\/\/www.ahmadiyya-islam.org\/ba\/wp-json\/wp\/v2\/categories?post=2176"},{"taxonomy":"post_tag","embeddable":true,"href":"https:\/\/www.ahmadiyya-islam.org\/ba\/wp-json\/wp\/v2\/tags?post=2176"},{"taxonomy":"authors","embeddable":true,"href":"https:\/\/www.ahmadiyya-islam.org\/ba\/wp-json\/wp\/v2\/authors?post=2176"},{"taxonomy":"content_source","embeddable":true,"href":"https:\/\/www.ahmadiyya-islam.org\/ba\/wp-json\/wp\/v2\/content_source?post=2176"}],"curies":[{"name":"wp","href":"https:\/\/api.w.org\/{rel}","templated":true}]}}