{"id":2173,"date":"2020-03-17T19:49:04","date_gmt":"2020-03-17T19:49:04","guid":{"rendered":"https:\/\/www.ahmadiyya-islam.org\/ba\/?p=2173"},"modified":"2020-03-18T13:03:25","modified_gmt":"2020-03-18T13:03:25","slug":"mi-smo-miroljubivi-ljudi","status":"publish","type":"post","link":"https:\/\/www.ahmadiyya-islam.org\/ba\/javna-saopstenja\/mi-smo-miroljubivi-ljudi\/","title":{"rendered":"Mi smo miroljubivi ljudi"},"content":{"rendered":"<p>Svjetski poglavar Ahmedija muslimanske zajednice, Peti Halifa, Hazreti Mirza Masroor Ahmad, intervjuisan je od strane novinske agencije \u00a024 <em>Malm<\/em>o u Mahmood d\u017eamiji u Malmeu, \u0160vedska.<\/p>\n<p>Upitan o glasinama da je teroristi\u010dka grupa\u00a0<em>Dash\u00a0<\/em>po\u010dela sa radikalizacijom i vrbovanjem mladih muslimana u Malmeu,Hazreti Mirza Masroor Ahmad ka\u017ee:<\/p>\n<blockquote><p><strong><em>Du\u017enost vlade i vlasti jeste da ostanu oprezni po pitanju \u00a0prijetnjih od terorizma u svakom trenutku\u00a0 i da prate situaciju.Tako\u0111e mislim da bi se vlastima i policiji trebalo dati odgovarajuci resursi za sprje\u010davanje\u00a0 ekstremista i terorista.<\/em><\/strong><\/p><\/blockquote>\n<p>Dalje je rekao:<\/p>\n<blockquote><p><strong><em>\u0160to se Ahmedija muslimanske zajednice ti\u010de, nijedan od na\u0161ih \u010dlanova nije radikalista, mi smo miroljubive osobe.<\/em><\/strong><\/p><\/blockquote>\n<p>Upitan o trenutnoj izbjegli\u010dkoj krizi, Hazreti Mirza Masroor Ahmad, ka\u017ee da je nemogu\u0107e za jednu zemlju da primi milione Sirijaca i Ira\u010dana.<\/p>\n<p>Kao mogu\u0107e rje\u0161enje, Hazreti Mirza Ahmad naveo je primjer Afganistanskih izbjeglica koje su bili u izbjegli\u0161tvu u Pakistanu tokom 1980 godine, a \u00a0koje su se kasnije vratile u svoju zemlju kada je mir bio uspostavljen.U to vrijeme sve velike sile i me\u0111unarodne organizacije pomogle su Pakistanu u finansiranju izgradnji ku\u0107a za izbjeglice.<\/p>\n<p>Hazreti Mirza Masroor Ahmad ka\u017ee da bi se sli\u010dan model mogao primjeniti i na Sirijske i Ira\u010dke izbjeglice,gdje bi susjedne zemlje dobile podr\u0161ku kada bi prihvatile ve\u0107inu izbjeglica,dok se mir u njihovom zemljama ponovo ne uspostavi.<\/p>\n","protected":false},"excerpt":{"rendered":"<p>\u0160to se Ahmedija muslimanske zajednice ti\u010de, nijedan od na\u0161ih \u010dlanova nije radikalista, mi smo miroljubive osobe.<\/p>\n","protected":false},"author":36,"featured_media":2192,"comment_status":"closed","ping_status":"closed","sticky":false,"template":"","format":"standard","meta":{"_acf_changed":false,"footnotes":""},"categories":[1],"tags":[275],"authors":[1366],"content_source":[],"class_list":["post-2173","post","type-post","status-publish","format-standard","has-post-thumbnail","hentry","category-javna-saopstenja","tag-mir","topics-glas-islama","authors-hazreti-mirza-masroor-ahmad"],"acf":[],"yoast_head":"<!-- This site is optimized with the Yoast SEO Premium plugin v21.1 (Yoast SEO v27.4) - https:\/\/yoast.com\/product\/yoast-seo-premium-wordpress\/ -->\n<title>Mi smo miroljubivi ljudi<\/title>\n<meta name=\"description\" content=\"\u0160to se Ahmedija muslimanske zajednice ti\u010de, nijedan od na\u0161ih \u010dlanova nije radikalista, mi smo miroljubive osobe.\" \/>\n<meta name=\"robots\" content=\"index, follow, max-snippet:-1, max-image-preview:large, max-video-preview:-1\" \/>\n<link rel=\"canonical\" href=\"https:\/\/www.ahmadiyya-islam.org\/ba\/javna-saopstenja\/mi-smo-miroljubivi-ljudi\/\" \/>\n<meta property=\"og:locale\" content=\"bs_BA\" \/>\n<meta property=\"og:type\" content=\"article\" \/>\n<meta property=\"og:title\" content=\"Mi smo miroljubivi ljudi\" \/>\n<meta property=\"og:description\" content=\"\u0160to se Ahmedija muslimanske zajednice ti\u010de, nijedan od na\u0161ih \u010dlanova nije radikalista, mi smo miroljubive osobe.\" \/>\n<meta property=\"og:url\" content=\"https:\/\/www.ahmadiyya-islam.org\/ba\/javna-saopstenja\/mi-smo-miroljubivi-ljudi\/\" \/>\n<meta property=\"og:site_name\" content=\"Ahmadija muslimanski d\u017eemat\" \/>\n<meta property=\"article:published_time\" content=\"2020-03-17T19:49:04+00:00\" \/>\n<meta property=\"article:modified_time\" content=\"2020-03-18T13:03:25+00:00\" \/>\n<meta property=\"og:image\" content=\"https:\/\/www.ahmadiyya-islam.org\/ba\/wp-content\/uploads\/sites\/16\/2020\/03\/Islam-i-mir.jpg\" \/>\n\t<meta property=\"og:image:width\" content=\"1035\" \/>\n\t<meta property=\"og:image:height\" content=\"705\" \/>\n\t<meta property=\"og:image:type\" content=\"image\/jpeg\" \/>\n<meta name=\"author\" content=\"bosnia1\" \/>\n<meta name=\"twitter:card\" content=\"summary_large_image\" \/>\n<meta name=\"twitter:label1\" content=\"Written by\" \/>\n\t<meta name=\"twitter:data1\" content=\"bosnia1\" \/>\n\t<meta name=\"twitter:label2\" content=\"Est. reading time\" \/>\n\t<meta name=\"twitter:data2\" content=\"1 minuta\" \/>\n<script type=\"application\/ld+json\" class=\"yoast-schema-graph\">{\"@context\":\"https:\\\/\\\/schema.org\",\"@graph\":[{\"@type\":\"Article\",\"@id\":\"https:\\\/\\\/www.ahmadiyya-islam.org\\\/ba\\\/javna-saopstenja\\\/mi-smo-miroljubivi-ljudi\\\/#article\",\"isPartOf\":{\"@id\":\"https:\\\/\\\/www.ahmadiyya-islam.org\\\/ba\\\/javna-saopstenja\\\/mi-smo-miroljubivi-ljudi\\\/\"},\"author\":{\"name\":\"bosnia1\",\"@id\":\"https:\\\/\\\/www.ahmadiyya-islam.org\\\/ba\\\/#\\\/schema\\\/person\\\/84184e219964946a4429c416022920ec\"},\"headline\":\"Mi smo miroljubivi ljudi\",\"datePublished\":\"2020-03-17T19:49:04+00:00\",\"dateModified\":\"2020-03-18T13:03:25+00:00\",\"mainEntityOfPage\":{\"@id\":\"https:\\\/\\\/www.ahmadiyya-islam.org\\\/ba\\\/javna-saopstenja\\\/mi-smo-miroljubivi-ljudi\\\/\"},\"wordCount\":241,\"publisher\":{\"@id\":\"https:\\\/\\\/www.ahmadiyya-islam.org\\\/ba\\\/#organization\"},\"image\":{\"@id\":\"https:\\\/\\\/www.ahmadiyya-islam.org\\\/ba\\\/javna-saopstenja\\\/mi-smo-miroljubivi-ljudi\\\/#primaryimage\"},\"thumbnailUrl\":\"https:\\\/\\\/www.ahmadiyya-islam.org\\\/ba\\\/wp-content\\\/uploads\\\/sites\\\/16\\\/2020\\\/03\\\/Islam-i-mir.jpg\",\"keywords\":[\"mir\"],\"articleSection\":[\"Javna saop\u0161tenja\"],\"inLanguage\":\"bs-BA\"},{\"@type\":\"WebPage\",\"@id\":\"https:\\\/\\\/www.ahmadiyya-islam.org\\\/ba\\\/javna-saopstenja\\\/mi-smo-miroljubivi-ljudi\\\/\",\"url\":\"https:\\\/\\\/www.ahmadiyya-islam.org\\\/ba\\\/javna-saopstenja\\\/mi-smo-miroljubivi-ljudi\\\/\",\"name\":\"Mi smo miroljubivi ljudi\",\"isPartOf\":{\"@id\":\"https:\\\/\\\/www.ahmadiyya-islam.org\\\/ba\\\/#website\"},\"primaryImageOfPage\":{\"@id\":\"https:\\\/\\\/www.ahmadiyya-islam.org\\\/ba\\\/javna-saopstenja\\\/mi-smo-miroljubivi-ljudi\\\/#primaryimage\"},\"image\":{\"@id\":\"https:\\\/\\\/www.ahmadiyya-islam.org\\\/ba\\\/javna-saopstenja\\\/mi-smo-miroljubivi-ljudi\\\/#primaryimage\"},\"thumbnailUrl\":\"https:\\\/\\\/www.ahmadiyya-islam.org\\\/ba\\\/wp-content\\\/uploads\\\/sites\\\/16\\\/2020\\\/03\\\/Islam-i-mir.jpg\",\"datePublished\":\"2020-03-17T19:49:04+00:00\",\"dateModified\":\"2020-03-18T13:03:25+00:00\",\"description\":\"\u0160to se Ahmedija muslimanske zajednice ti\u010de, nijedan od na\u0161ih \u010dlanova nije radikalista, mi smo miroljubive osobe.\",\"breadcrumb\":{\"@id\":\"https:\\\/\\\/www.ahmadiyya-islam.org\\\/ba\\\/javna-saopstenja\\\/mi-smo-miroljubivi-ljudi\\\/#breadcrumb\"},\"inLanguage\":\"bs-BA\",\"potentialAction\":[{\"@type\":\"ReadAction\",\"target\":[\"https:\\\/\\\/www.ahmadiyya-islam.org\\\/ba\\\/javna-saopstenja\\\/mi-smo-miroljubivi-ljudi\\\/\"]}]},{\"@type\":\"ImageObject\",\"inLanguage\":\"bs-BA\",\"@id\":\"https:\\\/\\\/www.ahmadiyya-islam.org\\\/ba\\\/javna-saopstenja\\\/mi-smo-miroljubivi-ljudi\\\/#primaryimage\",\"url\":\"https:\\\/\\\/www.ahmadiyya-islam.org\\\/ba\\\/wp-content\\\/uploads\\\/sites\\\/16\\\/2020\\\/03\\\/Islam-i-mir.jpg\",\"contentUrl\":\"https:\\\/\\\/www.ahmadiyya-islam.org\\\/ba\\\/wp-content\\\/uploads\\\/sites\\\/16\\\/2020\\\/03\\\/Islam-i-mir.jpg\",\"width\":1035,\"height\":705,\"caption\":\"Mir i sre\u0107a\"},{\"@type\":\"BreadcrumbList\",\"@id\":\"https:\\\/\\\/www.ahmadiyya-islam.org\\\/ba\\\/javna-saopstenja\\\/mi-smo-miroljubivi-ljudi\\\/#breadcrumb\",\"itemListElement\":[{\"@type\":\"ListItem\",\"position\":1,\"name\":\"Home\",\"item\":\"https:\\\/\\\/www.ahmadiyya-islam.org\\\/ba\\\/\"},{\"@type\":\"ListItem\",\"position\":2,\"name\":\"Mi smo miroljubivi ljudi\"}]},{\"@type\":\"WebSite\",\"@id\":\"https:\\\/\\\/www.ahmadiyya-islam.org\\\/ba\\\/#website\",\"url\":\"https:\\\/\\\/www.ahmadiyya-islam.org\\\/ba\\\/\",\"name\":\"Ahmadija muslimanski d\u017eemat\",\"description\":\"BiH\",\"publisher\":{\"@id\":\"https:\\\/\\\/www.ahmadiyya-islam.org\\\/ba\\\/#organization\"},\"potentialAction\":[{\"@type\":\"SearchAction\",\"target\":{\"@type\":\"EntryPoint\",\"urlTemplate\":\"https:\\\/\\\/www.ahmadiyya-islam.org\\\/ba\\\/?s={search_term_string}\"},\"query-input\":{\"@type\":\"PropertyValueSpecification\",\"valueRequired\":true,\"valueName\":\"search_term_string\"}}],\"inLanguage\":\"bs-BA\"},{\"@type\":\"Organization\",\"@id\":\"https:\\\/\\\/www.ahmadiyya-islam.org\\\/ba\\\/#organization\",\"name\":\"Ahmadija muslimanski d\u017eemat\",\"url\":\"https:\\\/\\\/www.ahmadiyya-islam.org\\\/ba\\\/\",\"logo\":{\"@type\":\"ImageObject\",\"inLanguage\":\"bs-BA\",\"@id\":\"https:\\\/\\\/www.ahmadiyya-islam.org\\\/ba\\\/#\\\/schema\\\/logo\\\/image\\\/\",\"url\":\"https:\\\/\\\/www.ahmadiyya-islam.org\\\/ba\\\/wp-content\\\/uploads\\\/sites\\\/16\\\/2018\\\/03\\\/cropped-alislam-logo.jpg\",\"contentUrl\":\"https:\\\/\\\/www.ahmadiyya-islam.org\\\/ba\\\/wp-content\\\/uploads\\\/sites\\\/16\\\/2018\\\/03\\\/cropped-alislam-logo.jpg\",\"width\":512,\"height\":512,\"caption\":\"Ahmadija muslimanski d\u017eemat\"},\"image\":{\"@id\":\"https:\\\/\\\/www.ahmadiyya-islam.org\\\/ba\\\/#\\\/schema\\\/logo\\\/image\\\/\"}},{\"@type\":\"Person\",\"@id\":\"https:\\\/\\\/www.ahmadiyya-islam.org\\\/ba\\\/#\\\/schema\\\/person\\\/84184e219964946a4429c416022920ec\",\"name\":\"bosnia1\"}]}<\/script>\n<!-- \/ Yoast SEO Premium plugin. -->","yoast_head_json":{"title":"Mi smo miroljubivi ljudi","description":"\u0160to se Ahmedija muslimanske zajednice ti\u010de, nijedan od na\u0161ih \u010dlanova nije radikalista, mi smo miroljubive osobe.","robots":{"index":"index","follow":"follow","max-snippet":"max-snippet:-1","max-image-preview":"max-image-preview:large","max-video-preview":"max-video-preview:-1"},"canonical":"https:\/\/www.ahmadiyya-islam.org\/ba\/javna-saopstenja\/mi-smo-miroljubivi-ljudi\/","og_locale":"bs_BA","og_type":"article","og_title":"Mi smo miroljubivi ljudi","og_description":"\u0160to se Ahmedija muslimanske zajednice ti\u010de, nijedan od na\u0161ih \u010dlanova nije radikalista, mi smo miroljubive osobe.","og_url":"https:\/\/www.ahmadiyya-islam.org\/ba\/javna-saopstenja\/mi-smo-miroljubivi-ljudi\/","og_site_name":"Ahmadija muslimanski d\u017eemat","article_published_time":"2020-03-17T19:49:04+00:00","article_modified_time":"2020-03-18T13:03:25+00:00","og_image":[{"width":1035,"height":705,"url":"https:\/\/www.ahmadiyya-islam.org\/ba\/wp-content\/uploads\/sites\/16\/2020\/03\/Islam-i-mir.jpg","type":"image\/jpeg"}],"author":"bosnia1","twitter_card":"summary_large_image","twitter_misc":{"Written by":"bosnia1","Est. reading time":"1 minuta"},"schema":{"@context":"https:\/\/schema.org","@graph":[{"@type":"Article","@id":"https:\/\/www.ahmadiyya-islam.org\/ba\/javna-saopstenja\/mi-smo-miroljubivi-ljudi\/#article","isPartOf":{"@id":"https:\/\/www.ahmadiyya-islam.org\/ba\/javna-saopstenja\/mi-smo-miroljubivi-ljudi\/"},"author":{"name":"bosnia1","@id":"https:\/\/www.ahmadiyya-islam.org\/ba\/#\/schema\/person\/84184e219964946a4429c416022920ec"},"headline":"Mi smo miroljubivi ljudi","datePublished":"2020-03-17T19:49:04+00:00","dateModified":"2020-03-18T13:03:25+00:00","mainEntityOfPage":{"@id":"https:\/\/www.ahmadiyya-islam.org\/ba\/javna-saopstenja\/mi-smo-miroljubivi-ljudi\/"},"wordCount":241,"publisher":{"@id":"https:\/\/www.ahmadiyya-islam.org\/ba\/#organization"},"image":{"@id":"https:\/\/www.ahmadiyya-islam.org\/ba\/javna-saopstenja\/mi-smo-miroljubivi-ljudi\/#primaryimage"},"thumbnailUrl":"https:\/\/www.ahmadiyya-islam.org\/ba\/wp-content\/uploads\/sites\/16\/2020\/03\/Islam-i-mir.jpg","keywords":["mir"],"articleSection":["Javna saop\u0161tenja"],"inLanguage":"bs-BA"},{"@type":"WebPage","@id":"https:\/\/www.ahmadiyya-islam.org\/ba\/javna-saopstenja\/mi-smo-miroljubivi-ljudi\/","url":"https:\/\/www.ahmadiyya-islam.org\/ba\/javna-saopstenja\/mi-smo-miroljubivi-ljudi\/","name":"Mi smo miroljubivi ljudi","isPartOf":{"@id":"https:\/\/www.ahmadiyya-islam.org\/ba\/#website"},"primaryImageOfPage":{"@id":"https:\/\/www.ahmadiyya-islam.org\/ba\/javna-saopstenja\/mi-smo-miroljubivi-ljudi\/#primaryimage"},"image":{"@id":"https:\/\/www.ahmadiyya-islam.org\/ba\/javna-saopstenja\/mi-smo-miroljubivi-ljudi\/#primaryimage"},"thumbnailUrl":"https:\/\/www.ahmadiyya-islam.org\/ba\/wp-content\/uploads\/sites\/16\/2020\/03\/Islam-i-mir.jpg","datePublished":"2020-03-17T19:49:04+00:00","dateModified":"2020-03-18T13:03:25+00:00","description":"\u0160to se Ahmedija muslimanske zajednice ti\u010de, nijedan od na\u0161ih \u010dlanova nije radikalista, mi smo miroljubive osobe.","breadcrumb":{"@id":"https:\/\/www.ahmadiyya-islam.org\/ba\/javna-saopstenja\/mi-smo-miroljubivi-ljudi\/#breadcrumb"},"inLanguage":"bs-BA","potentialAction":[{"@type":"ReadAction","target":["https:\/\/www.ahmadiyya-islam.org\/ba\/javna-saopstenja\/mi-smo-miroljubivi-ljudi\/"]}]},{"@type":"ImageObject","inLanguage":"bs-BA","@id":"https:\/\/www.ahmadiyya-islam.org\/ba\/javna-saopstenja\/mi-smo-miroljubivi-ljudi\/#primaryimage","url":"https:\/\/www.ahmadiyya-islam.org\/ba\/wp-content\/uploads\/sites\/16\/2020\/03\/Islam-i-mir.jpg","contentUrl":"https:\/\/www.ahmadiyya-islam.org\/ba\/wp-content\/uploads\/sites\/16\/2020\/03\/Islam-i-mir.jpg","width":1035,"height":705,"caption":"Mir i sre\u0107a"},{"@type":"BreadcrumbList","@id":"https:\/\/www.ahmadiyya-islam.org\/ba\/javna-saopstenja\/mi-smo-miroljubivi-ljudi\/#breadcrumb","itemListElement":[{"@type":"ListItem","position":1,"name":"Home","item":"https:\/\/www.ahmadiyya-islam.org\/ba\/"},{"@type":"ListItem","position":2,"name":"Mi smo miroljubivi ljudi"}]},{"@type":"WebSite","@id":"https:\/\/www.ahmadiyya-islam.org\/ba\/#website","url":"https:\/\/www.ahmadiyya-islam.org\/ba\/","name":"Ahmadija muslimanski d\u017eemat","description":"BiH","publisher":{"@id":"https:\/\/www.ahmadiyya-islam.org\/ba\/#organization"},"potentialAction":[{"@type":"SearchAction","target":{"@type":"EntryPoint","urlTemplate":"https:\/\/www.ahmadiyya-islam.org\/ba\/?s={search_term_string}"},"query-input":{"@type":"PropertyValueSpecification","valueRequired":true,"valueName":"search_term_string"}}],"inLanguage":"bs-BA"},{"@type":"Organization","@id":"https:\/\/www.ahmadiyya-islam.org\/ba\/#organization","name":"Ahmadija muslimanski d\u017eemat","url":"https:\/\/www.ahmadiyya-islam.org\/ba\/","logo":{"@type":"ImageObject","inLanguage":"bs-BA","@id":"https:\/\/www.ahmadiyya-islam.org\/ba\/#\/schema\/logo\/image\/","url":"https:\/\/www.ahmadiyya-islam.org\/ba\/wp-content\/uploads\/sites\/16\/2018\/03\/cropped-alislam-logo.jpg","contentUrl":"https:\/\/www.ahmadiyya-islam.org\/ba\/wp-content\/uploads\/sites\/16\/2018\/03\/cropped-alislam-logo.jpg","width":512,"height":512,"caption":"Ahmadija muslimanski d\u017eemat"},"image":{"@id":"https:\/\/www.ahmadiyya-islam.org\/ba\/#\/schema\/logo\/image\/"}},{"@type":"Person","@id":"https:\/\/www.ahmadiyya-islam.org\/ba\/#\/schema\/person\/84184e219964946a4429c416022920ec","name":"bosnia1"}]}},"_links":{"self":[{"href":"https:\/\/www.ahmadiyya-islam.org\/ba\/wp-json\/wp\/v2\/posts\/2173","targetHints":{"allow":["GET"]}}],"collection":[{"href":"https:\/\/www.ahmadiyya-islam.org\/ba\/wp-json\/wp\/v2\/posts"}],"about":[{"href":"https:\/\/www.ahmadiyya-islam.org\/ba\/wp-json\/wp\/v2\/types\/post"}],"author":[{"embeddable":true,"href":"https:\/\/www.ahmadiyya-islam.org\/ba\/wp-json\/wp\/v2\/users\/36"}],"replies":[{"embeddable":true,"href":"https:\/\/www.ahmadiyya-islam.org\/ba\/wp-json\/wp\/v2\/comments?post=2173"}],"version-history":[{"count":0,"href":"https:\/\/www.ahmadiyya-islam.org\/ba\/wp-json\/wp\/v2\/posts\/2173\/revisions"}],"wp:featuredmedia":[{"embeddable":true,"href":"https:\/\/www.ahmadiyya-islam.org\/ba\/wp-json\/wp\/v2\/media\/2192"}],"wp:attachment":[{"href":"https:\/\/www.ahmadiyya-islam.org\/ba\/wp-json\/wp\/v2\/media?parent=2173"}],"wp:term":[{"taxonomy":"category","embeddable":true,"href":"https:\/\/www.ahmadiyya-islam.org\/ba\/wp-json\/wp\/v2\/categories?post=2173"},{"taxonomy":"post_tag","embeddable":true,"href":"https:\/\/www.ahmadiyya-islam.org\/ba\/wp-json\/wp\/v2\/tags?post=2173"},{"taxonomy":"authors","embeddable":true,"href":"https:\/\/www.ahmadiyya-islam.org\/ba\/wp-json\/wp\/v2\/authors?post=2173"},{"taxonomy":"content_source","embeddable":true,"href":"https:\/\/www.ahmadiyya-islam.org\/ba\/wp-json\/wp\/v2\/content_source?post=2173"}],"curies":[{"name":"wp","href":"https:\/\/api.w.org\/{rel}","templated":true}]}}