{"id":1138,"date":"2017-05-29T13:31:13","date_gmt":"2017-05-29T13:31:13","guid":{"rendered":"https:\/\/www.ahmadiyya-islam.org\/ba\/?p=1138"},"modified":"2019-06-12T13:46:46","modified_gmt":"2019-06-12T13:46:46","slug":"uruceni-paketi-pomoci-porodicama-u-stanju-socijalne-potrebe","status":"publish","type":"post","link":"https:\/\/www.ahmadiyya-islam.org\/ba\/humanitarna-akcija\/uruceni-paketi-pomoci-porodicama-u-stanju-socijalne-potrebe\/","title":{"rendered":"Uru\u010deni paketi pomo\u0107i porodicama u stanju socijalne potrebe"},"content":{"rendered":"<p>Ministarstvo za rad, socijalnu politiku, raseljena lica i izbjeglice Kantona Sarajevo, <img loading=\"lazy\" decoding=\"async\" class=\"aligncenter size-full wp-image-1139\" src=\"http:\/\/www.ahmadiyya-islam.org\/ba\/wp-content\/uploads\/sites\/16\/2019\/06\/rad-1thumb.jpg\" alt=\"Kanton Sarajevo i Ahmedija\" width=\"640\" height=\"427\" srcset=\"https:\/\/www.ahmadiyya-islam.org\/ba\/wp-content\/uploads\/sites\/16\/2019\/06\/rad-1thumb.jpg 640w, https:\/\/www.ahmadiyya-islam.org\/ba\/wp-content\/uploads\/sites\/16\/2019\/06\/rad-1thumb-300x200.jpg 300w\" sizes=\"auto, (max-width: 640px) 100vw, 640px\" \/> <img loading=\"lazy\" decoding=\"async\" class=\"aligncenter size-large wp-image-1140\" src=\"http:\/\/www.ahmadiyya-islam.org\/ba\/wp-content\/uploads\/sites\/16\/2019\/06\/rad4thumb.jpg\" alt=\"\" width=\"640\" height=\"427\" srcset=\"https:\/\/www.ahmadiyya-islam.org\/ba\/wp-content\/uploads\/sites\/16\/2019\/06\/rad4thumb.jpg 640w, https:\/\/www.ahmadiyya-islam.org\/ba\/wp-content\/uploads\/sites\/16\/2019\/06\/rad4thumb-300x200.jpg 300w\" sizes=\"auto, (max-width: 640px) 100vw, 640px\" \/> <img loading=\"lazy\" decoding=\"async\" class=\"aligncenter size-large wp-image-1141\" src=\"http:\/\/www.ahmadiyya-islam.org\/ba\/wp-content\/uploads\/sites\/16\/2019\/06\/rad3-thumb.jpg\" alt=\"\" width=\"640\" height=\"427\" srcset=\"https:\/\/www.ahmadiyya-islam.org\/ba\/wp-content\/uploads\/sites\/16\/2019\/06\/rad3-thumb.jpg 640w, https:\/\/www.ahmadiyya-islam.org\/ba\/wp-content\/uploads\/sites\/16\/2019\/06\/rad3-thumb-300x200.jpg 300w\" sizes=\"auto, (max-width: 640px) 100vw, 640px\" \/><\/p>\n<p>Na ovaj na\u010din resorno ministarstvo je \u017eeljelo da ovim porodicama bar malo uljep\u0161a dane ramazana, kao i da im ka\u017eu da nisu zaboravljeni, te da uvijek mogu ra\u010dunati na njihovu pomo\u0107.<\/p>\n<p>Pomenute pakete Ministarstvo je obezbijedilo u saradnji sa humanitarnom organizacijom &#8220;Ahmediyya \u2013 Muslim \u2013 Jamaat in der Bundesrepublik Deutshland e.V&#8221; u Bosni i Hercegovini koja ve\u0107 nekoliko godina realizuje razli\u010dite projekte pomo\u0107i socijalno ugro\u017eenim porodicama u na\u0161oj zemlji.<\/p>\n","protected":false},"excerpt":{"rendered":"<p>Povodom mjeseca ramazana uru\u010dilo je danas 80 paketa s prehrambenim artiklima licima koji se nalaze u stanju socijalne potrebe. Podjela je odr\u017eana u prostorijama Kantonalnog centra za socijalni rad.<\/p>\n","protected":false},"author":36,"featured_media":1142,"comment_status":"closed","ping_status":"closed","sticky":false,"template":"","format":"standard","meta":{"_acf_changed":false,"footnotes":""},"categories":[1428],"tags":[],"authors":[],"content_source":[],"class_list":["post-1138","post","type-post","status-publish","format-standard","has-post-thumbnail","hentry","category-humanitarna-akcija","topics-humanitarna-akcija"],"acf":[],"yoast_head":"<!-- This site is optimized with the Yoast SEO Premium plugin v21.1 (Yoast SEO v27.4) - https:\/\/yoast.com\/product\/yoast-seo-premium-wordpress\/ -->\n<title>Uru\u010deni paketi pomo\u0107i porodicama u stanju socijalne potrebe<\/title>\n<meta name=\"description\" content=\"Povodom mjeseca ramazana uru\u010dilo je danas 80 paketa s prehrambenim artiklima licima koji se nalaze u stanju socijalne potrebe. Podjela je odr\u017eana u prostorijama Kantonalnog centra za socijalni rad.\" \/>\n<meta name=\"robots\" content=\"index, follow, max-snippet:-1, max-image-preview:large, max-video-preview:-1\" \/>\n<link rel=\"canonical\" href=\"https:\/\/www.ahmadiyya-islam.org\/ba\/humanitarna-akcija\/uruceni-paketi-pomoci-porodicama-u-stanju-socijalne-potrebe\/\" \/>\n<meta property=\"og:locale\" content=\"bs_BA\" \/>\n<meta property=\"og:type\" content=\"article\" \/>\n<meta property=\"og:title\" content=\"Uru\u010deni paketi pomo\u0107i porodicama u stanju socijalne potrebe\" \/>\n<meta property=\"og:description\" content=\"Povodom mjeseca ramazana uru\u010dilo je danas 80 paketa s prehrambenim artiklima licima koji se nalaze u stanju socijalne potrebe. Podjela je odr\u017eana u prostorijama Kantonalnog centra za socijalni rad.\" \/>\n<meta property=\"og:url\" content=\"https:\/\/www.ahmadiyya-islam.org\/ba\/humanitarna-akcija\/uruceni-paketi-pomoci-porodicama-u-stanju-socijalne-potrebe\/\" \/>\n<meta property=\"og:site_name\" content=\"Ahmadija muslimanski d\u017eemat\" \/>\n<meta property=\"article:published_time\" content=\"2017-05-29T13:31:13+00:00\" \/>\n<meta property=\"article:modified_time\" content=\"2019-06-12T13:46:46+00:00\" \/>\n<meta property=\"og:image\" content=\"https:\/\/www.ahmadiyya-islam.org\/ba\/wp-content\/uploads\/sites\/16\/2019\/06\/rad-main.jpg\" \/>\n\t<meta property=\"og:image:width\" content=\"1152\" \/>\n\t<meta property=\"og:image:height\" content=\"768\" \/>\n\t<meta property=\"og:image:type\" content=\"image\/jpeg\" \/>\n<meta name=\"author\" content=\"bosnia1\" \/>\n<meta name=\"twitter:card\" content=\"summary_large_image\" \/>\n<meta name=\"twitter:label1\" content=\"Written by\" \/>\n\t<meta name=\"twitter:data1\" content=\"bosnia1\" \/>\n<script type=\"application\/ld+json\" class=\"yoast-schema-graph\">{\"@context\":\"https:\\\/\\\/schema.org\",\"@graph\":[{\"@type\":\"Article\",\"@id\":\"https:\\\/\\\/www.ahmadiyya-islam.org\\\/ba\\\/humanitarna-akcija\\\/uruceni-paketi-pomoci-porodicama-u-stanju-socijalne-potrebe\\\/#article\",\"isPartOf\":{\"@id\":\"https:\\\/\\\/www.ahmadiyya-islam.org\\\/ba\\\/humanitarna-akcija\\\/uruceni-paketi-pomoci-porodicama-u-stanju-socijalne-potrebe\\\/\"},\"author\":{\"name\":\"bosnia1\",\"@id\":\"https:\\\/\\\/www.ahmadiyya-islam.org\\\/ba\\\/#\\\/schema\\\/person\\\/84184e219964946a4429c416022920ec\"},\"headline\":\"Uru\u010deni paketi pomo\u0107i porodicama u stanju socijalne potrebe\",\"datePublished\":\"2017-05-29T13:31:13+00:00\",\"dateModified\":\"2019-06-12T13:46:46+00:00\",\"mainEntityOfPage\":{\"@id\":\"https:\\\/\\\/www.ahmadiyya-islam.org\\\/ba\\\/humanitarna-akcija\\\/uruceni-paketi-pomoci-porodicama-u-stanju-socijalne-potrebe\\\/\"},\"wordCount\":97,\"publisher\":{\"@id\":\"https:\\\/\\\/www.ahmadiyya-islam.org\\\/ba\\\/#organization\"},\"image\":{\"@id\":\"https:\\\/\\\/www.ahmadiyya-islam.org\\\/ba\\\/humanitarna-akcija\\\/uruceni-paketi-pomoci-porodicama-u-stanju-socijalne-potrebe\\\/#primaryimage\"},\"thumbnailUrl\":\"https:\\\/\\\/www.ahmadiyya-islam.org\\\/ba\\\/wp-content\\\/uploads\\\/sites\\\/16\\\/2019\\\/06\\\/rad-main.jpg\",\"articleSection\":[\"Humanitarna akcija\"],\"inLanguage\":\"bs-BA\"},{\"@type\":\"WebPage\",\"@id\":\"https:\\\/\\\/www.ahmadiyya-islam.org\\\/ba\\\/humanitarna-akcija\\\/uruceni-paketi-pomoci-porodicama-u-stanju-socijalne-potrebe\\\/\",\"url\":\"https:\\\/\\\/www.ahmadiyya-islam.org\\\/ba\\\/humanitarna-akcija\\\/uruceni-paketi-pomoci-porodicama-u-stanju-socijalne-potrebe\\\/\",\"name\":\"Uru\u010deni paketi pomo\u0107i porodicama u stanju socijalne potrebe\",\"isPartOf\":{\"@id\":\"https:\\\/\\\/www.ahmadiyya-islam.org\\\/ba\\\/#website\"},\"primaryImageOfPage\":{\"@id\":\"https:\\\/\\\/www.ahmadiyya-islam.org\\\/ba\\\/humanitarna-akcija\\\/uruceni-paketi-pomoci-porodicama-u-stanju-socijalne-potrebe\\\/#primaryimage\"},\"image\":{\"@id\":\"https:\\\/\\\/www.ahmadiyya-islam.org\\\/ba\\\/humanitarna-akcija\\\/uruceni-paketi-pomoci-porodicama-u-stanju-socijalne-potrebe\\\/#primaryimage\"},\"thumbnailUrl\":\"https:\\\/\\\/www.ahmadiyya-islam.org\\\/ba\\\/wp-content\\\/uploads\\\/sites\\\/16\\\/2019\\\/06\\\/rad-main.jpg\",\"datePublished\":\"2017-05-29T13:31:13+00:00\",\"dateModified\":\"2019-06-12T13:46:46+00:00\",\"description\":\"Povodom mjeseca ramazana uru\u010dilo je danas 80 paketa s prehrambenim artiklima licima koji se nalaze u stanju socijalne potrebe. Podjela je odr\u017eana u prostorijama Kantonalnog centra za socijalni rad.\",\"breadcrumb\":{\"@id\":\"https:\\\/\\\/www.ahmadiyya-islam.org\\\/ba\\\/humanitarna-akcija\\\/uruceni-paketi-pomoci-porodicama-u-stanju-socijalne-potrebe\\\/#breadcrumb\"},\"inLanguage\":\"bs-BA\",\"potentialAction\":[{\"@type\":\"ReadAction\",\"target\":[\"https:\\\/\\\/www.ahmadiyya-islam.org\\\/ba\\\/humanitarna-akcija\\\/uruceni-paketi-pomoci-porodicama-u-stanju-socijalne-potrebe\\\/\"]}]},{\"@type\":\"ImageObject\",\"inLanguage\":\"bs-BA\",\"@id\":\"https:\\\/\\\/www.ahmadiyya-islam.org\\\/ba\\\/humanitarna-akcija\\\/uruceni-paketi-pomoci-porodicama-u-stanju-socijalne-potrebe\\\/#primaryimage\",\"url\":\"https:\\\/\\\/www.ahmadiyya-islam.org\\\/ba\\\/wp-content\\\/uploads\\\/sites\\\/16\\\/2019\\\/06\\\/rad-main.jpg\",\"contentUrl\":\"https:\\\/\\\/www.ahmadiyya-islam.org\\\/ba\\\/wp-content\\\/uploads\\\/sites\\\/16\\\/2019\\\/06\\\/rad-main.jpg\",\"width\":1152,\"height\":768,\"caption\":\"Kanton Sarajevo i Ahmedija\"},{\"@type\":\"BreadcrumbList\",\"@id\":\"https:\\\/\\\/www.ahmadiyya-islam.org\\\/ba\\\/humanitarna-akcija\\\/uruceni-paketi-pomoci-porodicama-u-stanju-socijalne-potrebe\\\/#breadcrumb\",\"itemListElement\":[{\"@type\":\"ListItem\",\"position\":1,\"name\":\"Home\",\"item\":\"https:\\\/\\\/www.ahmadiyya-islam.org\\\/ba\\\/\"},{\"@type\":\"ListItem\",\"position\":2,\"name\":\"Uru\u010deni paketi pomo\u0107i porodicama u stanju socijalne potrebe\"}]},{\"@type\":\"WebSite\",\"@id\":\"https:\\\/\\\/www.ahmadiyya-islam.org\\\/ba\\\/#website\",\"url\":\"https:\\\/\\\/www.ahmadiyya-islam.org\\\/ba\\\/\",\"name\":\"Ahmadija muslimanski d\u017eemat\",\"description\":\"BiH\",\"publisher\":{\"@id\":\"https:\\\/\\\/www.ahmadiyya-islam.org\\\/ba\\\/#organization\"},\"potentialAction\":[{\"@type\":\"SearchAction\",\"target\":{\"@type\":\"EntryPoint\",\"urlTemplate\":\"https:\\\/\\\/www.ahmadiyya-islam.org\\\/ba\\\/?s={search_term_string}\"},\"query-input\":{\"@type\":\"PropertyValueSpecification\",\"valueRequired\":true,\"valueName\":\"search_term_string\"}}],\"inLanguage\":\"bs-BA\"},{\"@type\":\"Organization\",\"@id\":\"https:\\\/\\\/www.ahmadiyya-islam.org\\\/ba\\\/#organization\",\"name\":\"Ahmadija muslimanski d\u017eemat\",\"url\":\"https:\\\/\\\/www.ahmadiyya-islam.org\\\/ba\\\/\",\"logo\":{\"@type\":\"ImageObject\",\"inLanguage\":\"bs-BA\",\"@id\":\"https:\\\/\\\/www.ahmadiyya-islam.org\\\/ba\\\/#\\\/schema\\\/logo\\\/image\\\/\",\"url\":\"https:\\\/\\\/www.ahmadiyya-islam.org\\\/ba\\\/wp-content\\\/uploads\\\/sites\\\/16\\\/2018\\\/03\\\/cropped-alislam-logo.jpg\",\"contentUrl\":\"https:\\\/\\\/www.ahmadiyya-islam.org\\\/ba\\\/wp-content\\\/uploads\\\/sites\\\/16\\\/2018\\\/03\\\/cropped-alislam-logo.jpg\",\"width\":512,\"height\":512,\"caption\":\"Ahmadija muslimanski d\u017eemat\"},\"image\":{\"@id\":\"https:\\\/\\\/www.ahmadiyya-islam.org\\\/ba\\\/#\\\/schema\\\/logo\\\/image\\\/\"}},{\"@type\":\"Person\",\"@id\":\"https:\\\/\\\/www.ahmadiyya-islam.org\\\/ba\\\/#\\\/schema\\\/person\\\/84184e219964946a4429c416022920ec\",\"name\":\"bosnia1\"}]}<\/script>\n<!-- \/ Yoast SEO Premium plugin. -->","yoast_head_json":{"title":"Uru\u010deni paketi pomo\u0107i porodicama u stanju socijalne potrebe","description":"Povodom mjeseca ramazana uru\u010dilo je danas 80 paketa s prehrambenim artiklima licima koji se nalaze u stanju socijalne potrebe. Podjela je odr\u017eana u prostorijama Kantonalnog centra za socijalni rad.","robots":{"index":"index","follow":"follow","max-snippet":"max-snippet:-1","max-image-preview":"max-image-preview:large","max-video-preview":"max-video-preview:-1"},"canonical":"https:\/\/www.ahmadiyya-islam.org\/ba\/humanitarna-akcija\/uruceni-paketi-pomoci-porodicama-u-stanju-socijalne-potrebe\/","og_locale":"bs_BA","og_type":"article","og_title":"Uru\u010deni paketi pomo\u0107i porodicama u stanju socijalne potrebe","og_description":"Povodom mjeseca ramazana uru\u010dilo je danas 80 paketa s prehrambenim artiklima licima koji se nalaze u stanju socijalne potrebe. Podjela je odr\u017eana u prostorijama Kantonalnog centra za socijalni rad.","og_url":"https:\/\/www.ahmadiyya-islam.org\/ba\/humanitarna-akcija\/uruceni-paketi-pomoci-porodicama-u-stanju-socijalne-potrebe\/","og_site_name":"Ahmadija muslimanski d\u017eemat","article_published_time":"2017-05-29T13:31:13+00:00","article_modified_time":"2019-06-12T13:46:46+00:00","og_image":[{"width":1152,"height":768,"url":"https:\/\/www.ahmadiyya-islam.org\/ba\/wp-content\/uploads\/sites\/16\/2019\/06\/rad-main.jpg","type":"image\/jpeg"}],"author":"bosnia1","twitter_card":"summary_large_image","twitter_misc":{"Written by":"bosnia1"},"schema":{"@context":"https:\/\/schema.org","@graph":[{"@type":"Article","@id":"https:\/\/www.ahmadiyya-islam.org\/ba\/humanitarna-akcija\/uruceni-paketi-pomoci-porodicama-u-stanju-socijalne-potrebe\/#article","isPartOf":{"@id":"https:\/\/www.ahmadiyya-islam.org\/ba\/humanitarna-akcija\/uruceni-paketi-pomoci-porodicama-u-stanju-socijalne-potrebe\/"},"author":{"name":"bosnia1","@id":"https:\/\/www.ahmadiyya-islam.org\/ba\/#\/schema\/person\/84184e219964946a4429c416022920ec"},"headline":"Uru\u010deni paketi pomo\u0107i porodicama u stanju socijalne potrebe","datePublished":"2017-05-29T13:31:13+00:00","dateModified":"2019-06-12T13:46:46+00:00","mainEntityOfPage":{"@id":"https:\/\/www.ahmadiyya-islam.org\/ba\/humanitarna-akcija\/uruceni-paketi-pomoci-porodicama-u-stanju-socijalne-potrebe\/"},"wordCount":97,"publisher":{"@id":"https:\/\/www.ahmadiyya-islam.org\/ba\/#organization"},"image":{"@id":"https:\/\/www.ahmadiyya-islam.org\/ba\/humanitarna-akcija\/uruceni-paketi-pomoci-porodicama-u-stanju-socijalne-potrebe\/#primaryimage"},"thumbnailUrl":"https:\/\/www.ahmadiyya-islam.org\/ba\/wp-content\/uploads\/sites\/16\/2019\/06\/rad-main.jpg","articleSection":["Humanitarna akcija"],"inLanguage":"bs-BA"},{"@type":"WebPage","@id":"https:\/\/www.ahmadiyya-islam.org\/ba\/humanitarna-akcija\/uruceni-paketi-pomoci-porodicama-u-stanju-socijalne-potrebe\/","url":"https:\/\/www.ahmadiyya-islam.org\/ba\/humanitarna-akcija\/uruceni-paketi-pomoci-porodicama-u-stanju-socijalne-potrebe\/","name":"Uru\u010deni paketi pomo\u0107i porodicama u stanju socijalne potrebe","isPartOf":{"@id":"https:\/\/www.ahmadiyya-islam.org\/ba\/#website"},"primaryImageOfPage":{"@id":"https:\/\/www.ahmadiyya-islam.org\/ba\/humanitarna-akcija\/uruceni-paketi-pomoci-porodicama-u-stanju-socijalne-potrebe\/#primaryimage"},"image":{"@id":"https:\/\/www.ahmadiyya-islam.org\/ba\/humanitarna-akcija\/uruceni-paketi-pomoci-porodicama-u-stanju-socijalne-potrebe\/#primaryimage"},"thumbnailUrl":"https:\/\/www.ahmadiyya-islam.org\/ba\/wp-content\/uploads\/sites\/16\/2019\/06\/rad-main.jpg","datePublished":"2017-05-29T13:31:13+00:00","dateModified":"2019-06-12T13:46:46+00:00","description":"Povodom mjeseca ramazana uru\u010dilo je danas 80 paketa s prehrambenim artiklima licima koji se nalaze u stanju socijalne potrebe. Podjela je odr\u017eana u prostorijama Kantonalnog centra za socijalni rad.","breadcrumb":{"@id":"https:\/\/www.ahmadiyya-islam.org\/ba\/humanitarna-akcija\/uruceni-paketi-pomoci-porodicama-u-stanju-socijalne-potrebe\/#breadcrumb"},"inLanguage":"bs-BA","potentialAction":[{"@type":"ReadAction","target":["https:\/\/www.ahmadiyya-islam.org\/ba\/humanitarna-akcija\/uruceni-paketi-pomoci-porodicama-u-stanju-socijalne-potrebe\/"]}]},{"@type":"ImageObject","inLanguage":"bs-BA","@id":"https:\/\/www.ahmadiyya-islam.org\/ba\/humanitarna-akcija\/uruceni-paketi-pomoci-porodicama-u-stanju-socijalne-potrebe\/#primaryimage","url":"https:\/\/www.ahmadiyya-islam.org\/ba\/wp-content\/uploads\/sites\/16\/2019\/06\/rad-main.jpg","contentUrl":"https:\/\/www.ahmadiyya-islam.org\/ba\/wp-content\/uploads\/sites\/16\/2019\/06\/rad-main.jpg","width":1152,"height":768,"caption":"Kanton Sarajevo i Ahmedija"},{"@type":"BreadcrumbList","@id":"https:\/\/www.ahmadiyya-islam.org\/ba\/humanitarna-akcija\/uruceni-paketi-pomoci-porodicama-u-stanju-socijalne-potrebe\/#breadcrumb","itemListElement":[{"@type":"ListItem","position":1,"name":"Home","item":"https:\/\/www.ahmadiyya-islam.org\/ba\/"},{"@type":"ListItem","position":2,"name":"Uru\u010deni paketi pomo\u0107i porodicama u stanju socijalne potrebe"}]},{"@type":"WebSite","@id":"https:\/\/www.ahmadiyya-islam.org\/ba\/#website","url":"https:\/\/www.ahmadiyya-islam.org\/ba\/","name":"Ahmadija muslimanski d\u017eemat","description":"BiH","publisher":{"@id":"https:\/\/www.ahmadiyya-islam.org\/ba\/#organization"},"potentialAction":[{"@type":"SearchAction","target":{"@type":"EntryPoint","urlTemplate":"https:\/\/www.ahmadiyya-islam.org\/ba\/?s={search_term_string}"},"query-input":{"@type":"PropertyValueSpecification","valueRequired":true,"valueName":"search_term_string"}}],"inLanguage":"bs-BA"},{"@type":"Organization","@id":"https:\/\/www.ahmadiyya-islam.org\/ba\/#organization","name":"Ahmadija muslimanski d\u017eemat","url":"https:\/\/www.ahmadiyya-islam.org\/ba\/","logo":{"@type":"ImageObject","inLanguage":"bs-BA","@id":"https:\/\/www.ahmadiyya-islam.org\/ba\/#\/schema\/logo\/image\/","url":"https:\/\/www.ahmadiyya-islam.org\/ba\/wp-content\/uploads\/sites\/16\/2018\/03\/cropped-alislam-logo.jpg","contentUrl":"https:\/\/www.ahmadiyya-islam.org\/ba\/wp-content\/uploads\/sites\/16\/2018\/03\/cropped-alislam-logo.jpg","width":512,"height":512,"caption":"Ahmadija muslimanski d\u017eemat"},"image":{"@id":"https:\/\/www.ahmadiyya-islam.org\/ba\/#\/schema\/logo\/image\/"}},{"@type":"Person","@id":"https:\/\/www.ahmadiyya-islam.org\/ba\/#\/schema\/person\/84184e219964946a4429c416022920ec","name":"bosnia1"}]}},"_links":{"self":[{"href":"https:\/\/www.ahmadiyya-islam.org\/ba\/wp-json\/wp\/v2\/posts\/1138","targetHints":{"allow":["GET"]}}],"collection":[{"href":"https:\/\/www.ahmadiyya-islam.org\/ba\/wp-json\/wp\/v2\/posts"}],"about":[{"href":"https:\/\/www.ahmadiyya-islam.org\/ba\/wp-json\/wp\/v2\/types\/post"}],"author":[{"embeddable":true,"href":"https:\/\/www.ahmadiyya-islam.org\/ba\/wp-json\/wp\/v2\/users\/36"}],"replies":[{"embeddable":true,"href":"https:\/\/www.ahmadiyya-islam.org\/ba\/wp-json\/wp\/v2\/comments?post=1138"}],"version-history":[{"count":0,"href":"https:\/\/www.ahmadiyya-islam.org\/ba\/wp-json\/wp\/v2\/posts\/1138\/revisions"}],"wp:featuredmedia":[{"embeddable":true,"href":"https:\/\/www.ahmadiyya-islam.org\/ba\/wp-json\/wp\/v2\/media\/1142"}],"wp:attachment":[{"href":"https:\/\/www.ahmadiyya-islam.org\/ba\/wp-json\/wp\/v2\/media?parent=1138"}],"wp:term":[{"taxonomy":"category","embeddable":true,"href":"https:\/\/www.ahmadiyya-islam.org\/ba\/wp-json\/wp\/v2\/categories?post=1138"},{"taxonomy":"post_tag","embeddable":true,"href":"https:\/\/www.ahmadiyya-islam.org\/ba\/wp-json\/wp\/v2\/tags?post=1138"},{"taxonomy":"authors","embeddable":true,"href":"https:\/\/www.ahmadiyya-islam.org\/ba\/wp-json\/wp\/v2\/authors?post=1138"},{"taxonomy":"content_source","embeddable":true,"href":"https:\/\/www.ahmadiyya-islam.org\/ba\/wp-json\/wp\/v2\/content_source?post=1138"}],"curies":[{"name":"wp","href":"https:\/\/api.w.org\/{rel}","templated":true}]}}