{"id":1085,"date":"2018-07-18T10:27:42","date_gmt":"2018-07-18T10:27:42","guid":{"rendered":"https:\/\/www.ahmadiyya-islam.org\/ba\/?p=1085"},"modified":"2020-03-17T11:22:18","modified_gmt":"2020-03-17T11:22:18","slug":"donirani-paketi-za-gradana-opcine-zenica","status":"publish","type":"post","link":"https:\/\/www.ahmadiyya-islam.org\/ba\/humanitarna-akcija\/donirani-paketi-za-gradana-opcine-zenica\/","title":{"rendered":"Donirani paketi za dvije stotine gra\u0111ana Op\u0107ine Zenica"},"content":{"rendered":"<p>Humanitarne organizacije \u201cAhmadiyya Muslim Jamaat\u201d i \u201cHumanity first\u201d u saradnji sa Gradskom upravom osigurale su pomo\u0107 za dvije stotine socijalno ugro\u017eenih lica sa podru\u010dja Zenice. Podjeli paketa sa prehrambenim artiklima i proizvodima za higijenu prisustvovali su gradona\u010delnik Zenice Fuad Kasumovi\u0107, predsjednik organizacije \u201cAMH\u201d Mufeezur Rahman i regionalni direktor \u201cHumanity first\u201d za Balkan Zubair Khalili.<\/p>\n<p><iframe loading=\"lazy\" title=\"Ahmadija muslimanski dzemat i Humanity first - Donacija Zenica\" width=\"900\" height=\"506\" src=\"https:\/\/www.youtube.com\/embed\/LRkvI8YeYHI?feature=oembed\" frameborder=\"0\" allow=\"accelerometer; autoplay; clipboard-write; encrypted-media; gyroscope; picture-in-picture\" allowfullscreen><\/iframe><\/p>\n<p><i>\u201cZahvaljujem se donatorima, gospodi Rahmanu i Khaliliju koji su nakon prvog i jedinog na\u0161eg susreta, izrazili spremnost da pomognu grupu na\u0161ih sugra\u0111ana koja je slabijeg materijalnog stanja. Prioritet Gradske uprave sa mnom na \u010delu je da osiguramo uslove da na\u0161i gra\u0111ani \u017eive od svoga rada, ali duboko smo zahvalni svakome ko na bilo koji na\u010din makar i na kratko, vrati osmijeh na lica gra\u0111ana Zenice. Nadam se da je ovo po\u010detak uspje\u0161ne saradnje sa organizacijama Ahmadiyya Muslim Jamaat i Humanity first\u201d<\/i>, ka\u017ee gradona\u010delnik Kasumovi\u0107.<\/p>\n<p>Boravak u Zenici predstavnici ove dvije humanitarne organizacije, na preporuku gradona\u010delnika, iskoristili su da posjete Javnu ustanovu \u201cDom porodica\u201d. Direktorica Dra\u017eenka Suba\u0161i\u0107 upoznala je goste sa aktivnostima ustanove koja se brine o djeci i omladini bez roditeljskog staranja, te je razgovarano o na\u010dinima na koje humanitarne organizacije \u201cAhmadiyya Muslim Jamaat\u201d i \u201cHumanity first\u201d mogu pomo\u0107i u pobolj\u0161anju \u017eivota \u0161ti\u0107enika JU \u201cDom porodica\u201d.<\/p>\n","protected":false},"excerpt":{"rendered":"<p>Humanitarne organizacije \u201cAhmadiyya Muslim Jamaat\u201d i \u201cHumanity first\u201d u saradnji sa Gradskom upravom osigurale su pomo\u0107 za dvije stotine socijalno ugro\u017eenih lica sa podru\u010dja Zenice.<\/p>\n","protected":false},"author":36,"featured_media":1087,"comment_status":"closed","ping_status":"closed","sticky":false,"template":"","format":"standard","meta":{"_acf_changed":false,"footnotes":""},"categories":[1428],"tags":[],"authors":[],"content_source":[],"class_list":["post-1085","post","type-post","status-publish","format-standard","has-post-thumbnail","hentry","category-humanitarna-akcija","topics-humanitarna-akcija"],"acf":[],"yoast_head":"<!-- This site is optimized with the Yoast SEO Premium plugin v21.1 (Yoast SEO v27.4) - https:\/\/yoast.com\/product\/yoast-seo-premium-wordpress\/ -->\n<title>Donirani paketi za dvije stotine gra\u0111ana Op\u0107ine Zenica<\/title>\n<meta name=\"description\" content=\"Humanitarne organizacije \u201cAhmadiyya Muslim Jamaat\u201d i \u201cHumanity first\u201d u saradnji sa Gradskom upravom osigurale su pomo\u0107 za dvije stotine socijalno ugro\u017eenih lica sa podru\u010dja Zenice.\" \/>\n<meta name=\"robots\" content=\"index, follow, max-snippet:-1, max-image-preview:large, max-video-preview:-1\" \/>\n<link rel=\"canonical\" href=\"https:\/\/www.ahmadiyya-islam.org\/ba\/humanitarna-akcija\/donirani-paketi-za-gradana-opcine-zenica\/\" \/>\n<meta property=\"og:locale\" content=\"bs_BA\" \/>\n<meta property=\"og:type\" content=\"article\" \/>\n<meta property=\"og:title\" content=\"Donirani paketi za dvije stotine gra\u0111ana Op\u0107ine Zenica\" \/>\n<meta property=\"og:description\" content=\"Humanitarne organizacije \u201cAhmadiyya Muslim Jamaat\u201d i \u201cHumanity first\u201d u saradnji sa Gradskom upravom osigurale su pomo\u0107 za dvije stotine socijalno ugro\u017eenih lica sa podru\u010dja Zenice.\" \/>\n<meta property=\"og:url\" content=\"https:\/\/www.ahmadiyya-islam.org\/ba\/humanitarna-akcija\/donirani-paketi-za-gradana-opcine-zenica\/\" \/>\n<meta property=\"og:site_name\" content=\"Ahmadija muslimanski d\u017eemat\" \/>\n<meta property=\"article:published_time\" content=\"2018-07-18T10:27:42+00:00\" \/>\n<meta property=\"article:modified_time\" content=\"2020-03-17T11:22:18+00:00\" \/>\n<meta property=\"og:image\" content=\"https:\/\/www.ahmadiyya-islam.org\/ba\/wp-content\/uploads\/sites\/16\/2019\/06\/csm_Paketi_1f2984ad22.jpg\" \/>\n\t<meta property=\"og:image:width\" content=\"619\" \/>\n\t<meta property=\"og:image:height\" content=\"311\" \/>\n\t<meta property=\"og:image:type\" content=\"image\/jpeg\" \/>\n<meta name=\"author\" content=\"bosnia1\" \/>\n<meta name=\"twitter:card\" content=\"summary_large_image\" \/>\n<meta name=\"twitter:label1\" content=\"Written by\" \/>\n\t<meta name=\"twitter:data1\" content=\"bosnia1\" \/>\n\t<meta name=\"twitter:label2\" content=\"Est. reading time\" \/>\n\t<meta name=\"twitter:data2\" content=\"1 minuta\" \/>\n<script type=\"application\/ld+json\" class=\"yoast-schema-graph\">{\"@context\":\"https:\\\/\\\/schema.org\",\"@graph\":[{\"@type\":\"Article\",\"@id\":\"https:\\\/\\\/www.ahmadiyya-islam.org\\\/ba\\\/humanitarna-akcija\\\/donirani-paketi-za-gradana-opcine-zenica\\\/#article\",\"isPartOf\":{\"@id\":\"https:\\\/\\\/www.ahmadiyya-islam.org\\\/ba\\\/humanitarna-akcija\\\/donirani-paketi-za-gradana-opcine-zenica\\\/\"},\"author\":{\"name\":\"bosnia1\",\"@id\":\"https:\\\/\\\/www.ahmadiyya-islam.org\\\/ba\\\/#\\\/schema\\\/person\\\/84184e219964946a4429c416022920ec\"},\"headline\":\"Donirani paketi za dvije stotine gra\u0111ana Op\u0107ine Zenica\",\"datePublished\":\"2018-07-18T10:27:42+00:00\",\"dateModified\":\"2020-03-17T11:22:18+00:00\",\"mainEntityOfPage\":{\"@id\":\"https:\\\/\\\/www.ahmadiyya-islam.org\\\/ba\\\/humanitarna-akcija\\\/donirani-paketi-za-gradana-opcine-zenica\\\/\"},\"wordCount\":239,\"publisher\":{\"@id\":\"https:\\\/\\\/www.ahmadiyya-islam.org\\\/ba\\\/#organization\"},\"image\":{\"@id\":\"https:\\\/\\\/www.ahmadiyya-islam.org\\\/ba\\\/humanitarna-akcija\\\/donirani-paketi-za-gradana-opcine-zenica\\\/#primaryimage\"},\"thumbnailUrl\":\"https:\\\/\\\/www.ahmadiyya-islam.org\\\/ba\\\/wp-content\\\/uploads\\\/sites\\\/16\\\/2019\\\/06\\\/csm_Paketi_1f2984ad22.jpg\",\"articleSection\":[\"Humanitarna akcija\"],\"inLanguage\":\"bs-BA\"},{\"@type\":\"WebPage\",\"@id\":\"https:\\\/\\\/www.ahmadiyya-islam.org\\\/ba\\\/humanitarna-akcija\\\/donirani-paketi-za-gradana-opcine-zenica\\\/\",\"url\":\"https:\\\/\\\/www.ahmadiyya-islam.org\\\/ba\\\/humanitarna-akcija\\\/donirani-paketi-za-gradana-opcine-zenica\\\/\",\"name\":\"Donirani paketi za dvije stotine gra\u0111ana Op\u0107ine Zenica\",\"isPartOf\":{\"@id\":\"https:\\\/\\\/www.ahmadiyya-islam.org\\\/ba\\\/#website\"},\"primaryImageOfPage\":{\"@id\":\"https:\\\/\\\/www.ahmadiyya-islam.org\\\/ba\\\/humanitarna-akcija\\\/donirani-paketi-za-gradana-opcine-zenica\\\/#primaryimage\"},\"image\":{\"@id\":\"https:\\\/\\\/www.ahmadiyya-islam.org\\\/ba\\\/humanitarna-akcija\\\/donirani-paketi-za-gradana-opcine-zenica\\\/#primaryimage\"},\"thumbnailUrl\":\"https:\\\/\\\/www.ahmadiyya-islam.org\\\/ba\\\/wp-content\\\/uploads\\\/sites\\\/16\\\/2019\\\/06\\\/csm_Paketi_1f2984ad22.jpg\",\"datePublished\":\"2018-07-18T10:27:42+00:00\",\"dateModified\":\"2020-03-17T11:22:18+00:00\",\"description\":\"Humanitarne organizacije \u201cAhmadiyya Muslim Jamaat\u201d i \u201cHumanity first\u201d u saradnji sa Gradskom upravom osigurale su pomo\u0107 za dvije stotine socijalno ugro\u017eenih lica sa podru\u010dja Zenice.\",\"breadcrumb\":{\"@id\":\"https:\\\/\\\/www.ahmadiyya-islam.org\\\/ba\\\/humanitarna-akcija\\\/donirani-paketi-za-gradana-opcine-zenica\\\/#breadcrumb\"},\"inLanguage\":\"bs-BA\",\"potentialAction\":[{\"@type\":\"ReadAction\",\"target\":[\"https:\\\/\\\/www.ahmadiyya-islam.org\\\/ba\\\/humanitarna-akcija\\\/donirani-paketi-za-gradana-opcine-zenica\\\/\"]}]},{\"@type\":\"ImageObject\",\"inLanguage\":\"bs-BA\",\"@id\":\"https:\\\/\\\/www.ahmadiyya-islam.org\\\/ba\\\/humanitarna-akcija\\\/donirani-paketi-za-gradana-opcine-zenica\\\/#primaryimage\",\"url\":\"https:\\\/\\\/www.ahmadiyya-islam.org\\\/ba\\\/wp-content\\\/uploads\\\/sites\\\/16\\\/2019\\\/06\\\/csm_Paketi_1f2984ad22.jpg\",\"contentUrl\":\"https:\\\/\\\/www.ahmadiyya-islam.org\\\/ba\\\/wp-content\\\/uploads\\\/sites\\\/16\\\/2019\\\/06\\\/csm_Paketi_1f2984ad22.jpg\",\"width\":619,\"height\":311,\"caption\":\"humanitarna akcija\"},{\"@type\":\"BreadcrumbList\",\"@id\":\"https:\\\/\\\/www.ahmadiyya-islam.org\\\/ba\\\/humanitarna-akcija\\\/donirani-paketi-za-gradana-opcine-zenica\\\/#breadcrumb\",\"itemListElement\":[{\"@type\":\"ListItem\",\"position\":1,\"name\":\"Home\",\"item\":\"https:\\\/\\\/www.ahmadiyya-islam.org\\\/ba\\\/\"},{\"@type\":\"ListItem\",\"position\":2,\"name\":\"Donirani paketi za dvije stotine gra\u0111ana Op\u0107ine Zenica\"}]},{\"@type\":\"WebSite\",\"@id\":\"https:\\\/\\\/www.ahmadiyya-islam.org\\\/ba\\\/#website\",\"url\":\"https:\\\/\\\/www.ahmadiyya-islam.org\\\/ba\\\/\",\"name\":\"Ahmadija muslimanski d\u017eemat\",\"description\":\"BiH\",\"publisher\":{\"@id\":\"https:\\\/\\\/www.ahmadiyya-islam.org\\\/ba\\\/#organization\"},\"potentialAction\":[{\"@type\":\"SearchAction\",\"target\":{\"@type\":\"EntryPoint\",\"urlTemplate\":\"https:\\\/\\\/www.ahmadiyya-islam.org\\\/ba\\\/?s={search_term_string}\"},\"query-input\":{\"@type\":\"PropertyValueSpecification\",\"valueRequired\":true,\"valueName\":\"search_term_string\"}}],\"inLanguage\":\"bs-BA\"},{\"@type\":\"Organization\",\"@id\":\"https:\\\/\\\/www.ahmadiyya-islam.org\\\/ba\\\/#organization\",\"name\":\"Ahmadija muslimanski d\u017eemat\",\"url\":\"https:\\\/\\\/www.ahmadiyya-islam.org\\\/ba\\\/\",\"logo\":{\"@type\":\"ImageObject\",\"inLanguage\":\"bs-BA\",\"@id\":\"https:\\\/\\\/www.ahmadiyya-islam.org\\\/ba\\\/#\\\/schema\\\/logo\\\/image\\\/\",\"url\":\"https:\\\/\\\/www.ahmadiyya-islam.org\\\/ba\\\/wp-content\\\/uploads\\\/sites\\\/16\\\/2018\\\/03\\\/cropped-alislam-logo.jpg\",\"contentUrl\":\"https:\\\/\\\/www.ahmadiyya-islam.org\\\/ba\\\/wp-content\\\/uploads\\\/sites\\\/16\\\/2018\\\/03\\\/cropped-alislam-logo.jpg\",\"width\":512,\"height\":512,\"caption\":\"Ahmadija muslimanski d\u017eemat\"},\"image\":{\"@id\":\"https:\\\/\\\/www.ahmadiyya-islam.org\\\/ba\\\/#\\\/schema\\\/logo\\\/image\\\/\"}},{\"@type\":\"Person\",\"@id\":\"https:\\\/\\\/www.ahmadiyya-islam.org\\\/ba\\\/#\\\/schema\\\/person\\\/84184e219964946a4429c416022920ec\",\"name\":\"bosnia1\"}]}<\/script>\n<!-- \/ Yoast SEO Premium plugin. -->","yoast_head_json":{"title":"Donirani paketi za dvije stotine gra\u0111ana Op\u0107ine Zenica","description":"Humanitarne organizacije \u201cAhmadiyya Muslim Jamaat\u201d i \u201cHumanity first\u201d u saradnji sa Gradskom upravom osigurale su pomo\u0107 za dvije stotine socijalno ugro\u017eenih lica sa podru\u010dja Zenice.","robots":{"index":"index","follow":"follow","max-snippet":"max-snippet:-1","max-image-preview":"max-image-preview:large","max-video-preview":"max-video-preview:-1"},"canonical":"https:\/\/www.ahmadiyya-islam.org\/ba\/humanitarna-akcija\/donirani-paketi-za-gradana-opcine-zenica\/","og_locale":"bs_BA","og_type":"article","og_title":"Donirani paketi za dvije stotine gra\u0111ana Op\u0107ine Zenica","og_description":"Humanitarne organizacije \u201cAhmadiyya Muslim Jamaat\u201d i \u201cHumanity first\u201d u saradnji sa Gradskom upravom osigurale su pomo\u0107 za dvije stotine socijalno ugro\u017eenih lica sa podru\u010dja Zenice.","og_url":"https:\/\/www.ahmadiyya-islam.org\/ba\/humanitarna-akcija\/donirani-paketi-za-gradana-opcine-zenica\/","og_site_name":"Ahmadija muslimanski d\u017eemat","article_published_time":"2018-07-18T10:27:42+00:00","article_modified_time":"2020-03-17T11:22:18+00:00","og_image":[{"width":619,"height":311,"url":"https:\/\/www.ahmadiyya-islam.org\/ba\/wp-content\/uploads\/sites\/16\/2019\/06\/csm_Paketi_1f2984ad22.jpg","type":"image\/jpeg"}],"author":"bosnia1","twitter_card":"summary_large_image","twitter_misc":{"Written by":"bosnia1","Est. reading time":"1 minuta"},"schema":{"@context":"https:\/\/schema.org","@graph":[{"@type":"Article","@id":"https:\/\/www.ahmadiyya-islam.org\/ba\/humanitarna-akcija\/donirani-paketi-za-gradana-opcine-zenica\/#article","isPartOf":{"@id":"https:\/\/www.ahmadiyya-islam.org\/ba\/humanitarna-akcija\/donirani-paketi-za-gradana-opcine-zenica\/"},"author":{"name":"bosnia1","@id":"https:\/\/www.ahmadiyya-islam.org\/ba\/#\/schema\/person\/84184e219964946a4429c416022920ec"},"headline":"Donirani paketi za dvije stotine gra\u0111ana Op\u0107ine Zenica","datePublished":"2018-07-18T10:27:42+00:00","dateModified":"2020-03-17T11:22:18+00:00","mainEntityOfPage":{"@id":"https:\/\/www.ahmadiyya-islam.org\/ba\/humanitarna-akcija\/donirani-paketi-za-gradana-opcine-zenica\/"},"wordCount":239,"publisher":{"@id":"https:\/\/www.ahmadiyya-islam.org\/ba\/#organization"},"image":{"@id":"https:\/\/www.ahmadiyya-islam.org\/ba\/humanitarna-akcija\/donirani-paketi-za-gradana-opcine-zenica\/#primaryimage"},"thumbnailUrl":"https:\/\/www.ahmadiyya-islam.org\/ba\/wp-content\/uploads\/sites\/16\/2019\/06\/csm_Paketi_1f2984ad22.jpg","articleSection":["Humanitarna akcija"],"inLanguage":"bs-BA"},{"@type":"WebPage","@id":"https:\/\/www.ahmadiyya-islam.org\/ba\/humanitarna-akcija\/donirani-paketi-za-gradana-opcine-zenica\/","url":"https:\/\/www.ahmadiyya-islam.org\/ba\/humanitarna-akcija\/donirani-paketi-za-gradana-opcine-zenica\/","name":"Donirani paketi za dvije stotine gra\u0111ana Op\u0107ine Zenica","isPartOf":{"@id":"https:\/\/www.ahmadiyya-islam.org\/ba\/#website"},"primaryImageOfPage":{"@id":"https:\/\/www.ahmadiyya-islam.org\/ba\/humanitarna-akcija\/donirani-paketi-za-gradana-opcine-zenica\/#primaryimage"},"image":{"@id":"https:\/\/www.ahmadiyya-islam.org\/ba\/humanitarna-akcija\/donirani-paketi-za-gradana-opcine-zenica\/#primaryimage"},"thumbnailUrl":"https:\/\/www.ahmadiyya-islam.org\/ba\/wp-content\/uploads\/sites\/16\/2019\/06\/csm_Paketi_1f2984ad22.jpg","datePublished":"2018-07-18T10:27:42+00:00","dateModified":"2020-03-17T11:22:18+00:00","description":"Humanitarne organizacije \u201cAhmadiyya Muslim Jamaat\u201d i \u201cHumanity first\u201d u saradnji sa Gradskom upravom osigurale su pomo\u0107 za dvije stotine socijalno ugro\u017eenih lica sa podru\u010dja Zenice.","breadcrumb":{"@id":"https:\/\/www.ahmadiyya-islam.org\/ba\/humanitarna-akcija\/donirani-paketi-za-gradana-opcine-zenica\/#breadcrumb"},"inLanguage":"bs-BA","potentialAction":[{"@type":"ReadAction","target":["https:\/\/www.ahmadiyya-islam.org\/ba\/humanitarna-akcija\/donirani-paketi-za-gradana-opcine-zenica\/"]}]},{"@type":"ImageObject","inLanguage":"bs-BA","@id":"https:\/\/www.ahmadiyya-islam.org\/ba\/humanitarna-akcija\/donirani-paketi-za-gradana-opcine-zenica\/#primaryimage","url":"https:\/\/www.ahmadiyya-islam.org\/ba\/wp-content\/uploads\/sites\/16\/2019\/06\/csm_Paketi_1f2984ad22.jpg","contentUrl":"https:\/\/www.ahmadiyya-islam.org\/ba\/wp-content\/uploads\/sites\/16\/2019\/06\/csm_Paketi_1f2984ad22.jpg","width":619,"height":311,"caption":"humanitarna akcija"},{"@type":"BreadcrumbList","@id":"https:\/\/www.ahmadiyya-islam.org\/ba\/humanitarna-akcija\/donirani-paketi-za-gradana-opcine-zenica\/#breadcrumb","itemListElement":[{"@type":"ListItem","position":1,"name":"Home","item":"https:\/\/www.ahmadiyya-islam.org\/ba\/"},{"@type":"ListItem","position":2,"name":"Donirani paketi za dvije stotine gra\u0111ana Op\u0107ine Zenica"}]},{"@type":"WebSite","@id":"https:\/\/www.ahmadiyya-islam.org\/ba\/#website","url":"https:\/\/www.ahmadiyya-islam.org\/ba\/","name":"Ahmadija muslimanski d\u017eemat","description":"BiH","publisher":{"@id":"https:\/\/www.ahmadiyya-islam.org\/ba\/#organization"},"potentialAction":[{"@type":"SearchAction","target":{"@type":"EntryPoint","urlTemplate":"https:\/\/www.ahmadiyya-islam.org\/ba\/?s={search_term_string}"},"query-input":{"@type":"PropertyValueSpecification","valueRequired":true,"valueName":"search_term_string"}}],"inLanguage":"bs-BA"},{"@type":"Organization","@id":"https:\/\/www.ahmadiyya-islam.org\/ba\/#organization","name":"Ahmadija muslimanski d\u017eemat","url":"https:\/\/www.ahmadiyya-islam.org\/ba\/","logo":{"@type":"ImageObject","inLanguage":"bs-BA","@id":"https:\/\/www.ahmadiyya-islam.org\/ba\/#\/schema\/logo\/image\/","url":"https:\/\/www.ahmadiyya-islam.org\/ba\/wp-content\/uploads\/sites\/16\/2018\/03\/cropped-alislam-logo.jpg","contentUrl":"https:\/\/www.ahmadiyya-islam.org\/ba\/wp-content\/uploads\/sites\/16\/2018\/03\/cropped-alislam-logo.jpg","width":512,"height":512,"caption":"Ahmadija muslimanski d\u017eemat"},"image":{"@id":"https:\/\/www.ahmadiyya-islam.org\/ba\/#\/schema\/logo\/image\/"}},{"@type":"Person","@id":"https:\/\/www.ahmadiyya-islam.org\/ba\/#\/schema\/person\/84184e219964946a4429c416022920ec","name":"bosnia1"}]}},"_links":{"self":[{"href":"https:\/\/www.ahmadiyya-islam.org\/ba\/wp-json\/wp\/v2\/posts\/1085","targetHints":{"allow":["GET"]}}],"collection":[{"href":"https:\/\/www.ahmadiyya-islam.org\/ba\/wp-json\/wp\/v2\/posts"}],"about":[{"href":"https:\/\/www.ahmadiyya-islam.org\/ba\/wp-json\/wp\/v2\/types\/post"}],"author":[{"embeddable":true,"href":"https:\/\/www.ahmadiyya-islam.org\/ba\/wp-json\/wp\/v2\/users\/36"}],"replies":[{"embeddable":true,"href":"https:\/\/www.ahmadiyya-islam.org\/ba\/wp-json\/wp\/v2\/comments?post=1085"}],"version-history":[{"count":0,"href":"https:\/\/www.ahmadiyya-islam.org\/ba\/wp-json\/wp\/v2\/posts\/1085\/revisions"}],"wp:featuredmedia":[{"embeddable":true,"href":"https:\/\/www.ahmadiyya-islam.org\/ba\/wp-json\/wp\/v2\/media\/1087"}],"wp:attachment":[{"href":"https:\/\/www.ahmadiyya-islam.org\/ba\/wp-json\/wp\/v2\/media?parent=1085"}],"wp:term":[{"taxonomy":"category","embeddable":true,"href":"https:\/\/www.ahmadiyya-islam.org\/ba\/wp-json\/wp\/v2\/categories?post=1085"},{"taxonomy":"post_tag","embeddable":true,"href":"https:\/\/www.ahmadiyya-islam.org\/ba\/wp-json\/wp\/v2\/tags?post=1085"},{"taxonomy":"authors","embeddable":true,"href":"https:\/\/www.ahmadiyya-islam.org\/ba\/wp-json\/wp\/v2\/authors?post=1085"},{"taxonomy":"content_source","embeddable":true,"href":"https:\/\/www.ahmadiyya-islam.org\/ba\/wp-json\/wp\/v2\/content_source?post=1085"}],"curies":[{"name":"wp","href":"https:\/\/api.w.org\/{rel}","templated":true}]}}