{"id":10780,"date":"2023-10-11T07:15:11","date_gmt":"2023-10-11T07:15:11","guid":{"rendered":"https:\/\/www.ahmadiyya-islam.org\/ba\/?p=10780"},"modified":"2023-10-29T09:34:27","modified_gmt":"2023-10-29T09:34:27","slug":"poziv-ka-miru-ii-sukov-izmedju-izraela-i-palestina","status":"publish","type":"post","link":"https:\/\/www.ahmadiyya-islam.org\/ba\/javna-saopstenja\/poziv-ka-miru-ii-sukov-izmedju-izraela-i-palestina\/","title":{"rendered":"Poziv ka miru II Sukov izme\u0111u Izraela i Palestina"},"content":{"rendered":"<p style=\"text-align: center\"><img loading=\"lazy\" decoding=\"async\" class=\"alignnone size-full wp-image-10778\" src=\"http:\/\/www.ahmadiyya-islam.org\/ba\/wp-content\/uploads\/sites\/16\/2023\/10\/Press-Office-Logo_Web_1.png\" alt=\"\" width=\"150\" height=\"151\" srcset=\"https:\/\/www.ahmadiyya-islam.org\/ba\/wp-content\/uploads\/sites\/16\/2023\/10\/Press-Office-Logo_Web_1.png 150w, https:\/\/www.ahmadiyya-islam.org\/ba\/wp-content\/uploads\/sites\/16\/2023\/10\/Press-Office-Logo_Web_1-50x50.png 50w\" sizes=\"auto, (max-width: 150px) 100vw, 150px\" \/><\/p>\n<p style=\"text-align: center\">SAOP\u0160TENJA ZA JAVNOST<\/p>\n<p>Ahmadija muslimanskog d\u017eemata o nedavnim eskalacijama u izraelskom i palestinskom sukobu 10. oktobra 2023.<\/p>\n<p>Bilje\u0161ka: Sljede\u0107a izjava je objavljena prema smjernicama Svjetskog poglavara Ahmadija muslimanske zajednice, hazreti Mirze Masroor Ahmeda.<\/p>\n<p>Izjava u ime Ahmadija muslimanske zajednice:<\/p>\n<p>\u201cProteklih nekoliko dana stotine Izraelaca i Palestinaca, uklju\u010duju\u0107i \u017eene, djecu i starce, ubijeno je ili povrije\u0111eno kao rezultat besmislenog nasilja i krvoproli\u0107a. Ubijanje ili povre\u0111ivanje nedu\u017enih civila je direktno kr\u0161enje u\u010denja \u010casnog Poslanika Islama s.a.v.s., koji je u\u010dio da \u010dak i u ratnom stanju, nijedna \u017eena, dijete ili starija osoba ne smiju biti meta ili ozlije\u0111eni na bilo koji na\u010din. Niti bi trebao biti napadnut bilo koji vjerski vo\u0111a ili mjesto obo\u017eavanja.<\/p>\n<p>Ahmadija muslimanska zajednica izra\u017eava svoje najdublje suosje\u0107anje i dove svima onima koji su o\u017ealo\u0161\u0107eni ili na bilo koji na\u010din pogo\u0111eni. Mi smo srcem sa njima.<\/p>\n<p>Molimo se i pozivamo na hitan prekid neprijateljstava i da prevlada mir kako vi\u0161e ne bude izgubljenih \u017eivota. Za to je neophodno da putevi komunikacije izme\u0111u relevantnih stranaka i naroda ostanu otvoreni. Sve dok ne do\u0111e do prekida vatre, svaka vojna akcija mora osigurati da civili ne budu nastradali.<\/p>\n<p>Nadalje, muslimanske zemlje u regionu treba da se ujedine u nastojanju da uspostave mir i osiguraju da prava onih nevinih palestinskih ljudi, koji nemaju veze s ekstremistima, budu za\u0161ti\u0107ena.<\/p>\n<p>Pozivamo SAD-a i druge utjecajne nacije da se suzdr\u017ee od bilo kakvih radnji ili izjava koje bi mogle dodatno potaknuti nestabilnu situaciju. Umjesto toga, zajedno s relevantnim me\u0111unarodnim organizacijama, trebali bi ulo\u017eiti sve mogu\u0107e napore da hitno okon\u010daju sukob i osiguraju mir \u0161to je prije mogu\u0107e. Pravda i pravi\u010dnost su od najve\u0107e va\u017enosti u postizanju trajnog i odr\u017eivog mira.<\/p>\n<p>Stoga se sve velike sile moraju fokusirati na uspostavljanje dugoro\u010dnog i odr\u017eivog mira zasnovanog na principima pravi\u010dnosti i istinske pravde.<\/p>\n","protected":false},"excerpt":{"rendered":"<p>Saop\u0161tenja za javnost Ahmadija muslimanskog d\u017eemata o nedavnim eskalacijama u izraelskom i palestinskom sukobu<\/p>\n","protected":false},"author":36,"featured_media":10781,"comment_status":"closed","ping_status":"closed","sticky":false,"template":"","format":"standard","meta":{"_acf_changed":false,"footnotes":""},"categories":[1],"tags":[2775,2781],"authors":[2664],"content_source":[],"class_list":["post-10780","post","type-post","status-publish","format-standard","has-post-thumbnail","hentry","category-javna-saopstenja","tag-izrael","tag-palestinski-rat","topics-islamska-politika","topics-palestinski-rat","authors-amjbih"],"acf":[],"yoast_head":"<!-- This site is optimized with the Yoast SEO Premium plugin v21.1 (Yoast SEO v27.4) - https:\/\/yoast.com\/product\/yoast-seo-premium-wordpress\/ -->\n<title>Poziv ka miru II Sukov izme\u0111u Izraela i Palestina<\/title>\n<meta name=\"description\" content=\"Saop\u0161tenja za javnost Ahmadija muslimanskog d\u017eemata o nedavnim eskalacijama u izraelskom i palestinskom sukobu\" \/>\n<meta name=\"robots\" content=\"index, follow, max-snippet:-1, max-image-preview:large, max-video-preview:-1\" \/>\n<link rel=\"canonical\" href=\"https:\/\/www.ahmadiyya-islam.org\/ba\/javna-saopstenja\/poziv-ka-miru-ii-sukov-izmedju-izraela-i-palestina\/\" \/>\n<meta property=\"og:locale\" content=\"bs_BA\" \/>\n<meta property=\"og:type\" content=\"article\" \/>\n<meta property=\"og:title\" content=\"Poziv ka miru II Sukov izme\u0111u Izraela i Palestina\" \/>\n<meta property=\"og:description\" content=\"Saop\u0161tenja za javnost Ahmadija muslimanskog d\u017eemata o nedavnim eskalacijama u izraelskom i palestinskom sukobu\" \/>\n<meta property=\"og:url\" content=\"https:\/\/www.ahmadiyya-islam.org\/ba\/javna-saopstenja\/poziv-ka-miru-ii-sukov-izmedju-izraela-i-palestina\/\" \/>\n<meta property=\"og:site_name\" content=\"Ahmadija muslimanski d\u017eemat\" \/>\n<meta property=\"article:published_time\" content=\"2023-10-11T07:15:11+00:00\" \/>\n<meta property=\"article:modified_time\" content=\"2023-10-29T09:34:27+00:00\" \/>\n<meta property=\"og:image\" content=\"https:\/\/www.ahmadiyya-islam.org\/ba\/wp-content\/uploads\/sites\/16\/2023\/10\/izrael-i-palestina-zastave.jpg\" \/>\n\t<meta property=\"og:image:width\" content=\"1280\" \/>\n\t<meta property=\"og:image:height\" content=\"580\" \/>\n\t<meta property=\"og:image:type\" content=\"image\/jpeg\" \/>\n<meta name=\"author\" content=\"bosnia1\" \/>\n<meta name=\"twitter:card\" content=\"summary_large_image\" \/>\n<meta name=\"twitter:label1\" content=\"Written by\" \/>\n\t<meta name=\"twitter:data1\" content=\"bosnia1\" \/>\n\t<meta name=\"twitter:label2\" content=\"Est. reading time\" \/>\n\t<meta name=\"twitter:data2\" content=\"2 minute\" \/>\n<script type=\"application\/ld+json\" class=\"yoast-schema-graph\">{\"@context\":\"https:\\\/\\\/schema.org\",\"@graph\":[{\"@type\":\"Article\",\"@id\":\"https:\\\/\\\/www.ahmadiyya-islam.org\\\/ba\\\/javna-saopstenja\\\/poziv-ka-miru-ii-sukov-izmedju-izraela-i-palestina\\\/#article\",\"isPartOf\":{\"@id\":\"https:\\\/\\\/www.ahmadiyya-islam.org\\\/ba\\\/javna-saopstenja\\\/poziv-ka-miru-ii-sukov-izmedju-izraela-i-palestina\\\/\"},\"author\":{\"name\":\"bosnia1\",\"@id\":\"https:\\\/\\\/www.ahmadiyya-islam.org\\\/ba\\\/#\\\/schema\\\/person\\\/84184e219964946a4429c416022920ec\"},\"headline\":\"Poziv ka miru II Sukov izme\u0111u Izraela i Palestina\",\"datePublished\":\"2023-10-11T07:15:11+00:00\",\"dateModified\":\"2023-10-29T09:34:27+00:00\",\"mainEntityOfPage\":{\"@id\":\"https:\\\/\\\/www.ahmadiyya-islam.org\\\/ba\\\/javna-saopstenja\\\/poziv-ka-miru-ii-sukov-izmedju-izraela-i-palestina\\\/\"},\"wordCount\":345,\"publisher\":{\"@id\":\"https:\\\/\\\/www.ahmadiyya-islam.org\\\/ba\\\/#organization\"},\"image\":{\"@id\":\"https:\\\/\\\/www.ahmadiyya-islam.org\\\/ba\\\/javna-saopstenja\\\/poziv-ka-miru-ii-sukov-izmedju-izraela-i-palestina\\\/#primaryimage\"},\"thumbnailUrl\":\"https:\\\/\\\/www.ahmadiyya-islam.org\\\/ba\\\/wp-content\\\/uploads\\\/sites\\\/16\\\/2023\\\/10\\\/izrael-i-palestina-zastave.jpg\",\"keywords\":[\"Izrael\",\"Palestinski rat\"],\"articleSection\":[\"Javna saop\u0161tenja\"],\"inLanguage\":\"bs-BA\"},{\"@type\":\"WebPage\",\"@id\":\"https:\\\/\\\/www.ahmadiyya-islam.org\\\/ba\\\/javna-saopstenja\\\/poziv-ka-miru-ii-sukov-izmedju-izraela-i-palestina\\\/\",\"url\":\"https:\\\/\\\/www.ahmadiyya-islam.org\\\/ba\\\/javna-saopstenja\\\/poziv-ka-miru-ii-sukov-izmedju-izraela-i-palestina\\\/\",\"name\":\"Poziv ka miru II Sukov izme\u0111u Izraela i Palestina\",\"isPartOf\":{\"@id\":\"https:\\\/\\\/www.ahmadiyya-islam.org\\\/ba\\\/#website\"},\"primaryImageOfPage\":{\"@id\":\"https:\\\/\\\/www.ahmadiyya-islam.org\\\/ba\\\/javna-saopstenja\\\/poziv-ka-miru-ii-sukov-izmedju-izraela-i-palestina\\\/#primaryimage\"},\"image\":{\"@id\":\"https:\\\/\\\/www.ahmadiyya-islam.org\\\/ba\\\/javna-saopstenja\\\/poziv-ka-miru-ii-sukov-izmedju-izraela-i-palestina\\\/#primaryimage\"},\"thumbnailUrl\":\"https:\\\/\\\/www.ahmadiyya-islam.org\\\/ba\\\/wp-content\\\/uploads\\\/sites\\\/16\\\/2023\\\/10\\\/izrael-i-palestina-zastave.jpg\",\"datePublished\":\"2023-10-11T07:15:11+00:00\",\"dateModified\":\"2023-10-29T09:34:27+00:00\",\"description\":\"Saop\u0161tenja za javnost Ahmadija muslimanskog d\u017eemata o nedavnim eskalacijama u izraelskom i palestinskom sukobu\",\"breadcrumb\":{\"@id\":\"https:\\\/\\\/www.ahmadiyya-islam.org\\\/ba\\\/javna-saopstenja\\\/poziv-ka-miru-ii-sukov-izmedju-izraela-i-palestina\\\/#breadcrumb\"},\"inLanguage\":\"bs-BA\",\"potentialAction\":[{\"@type\":\"ReadAction\",\"target\":[\"https:\\\/\\\/www.ahmadiyya-islam.org\\\/ba\\\/javna-saopstenja\\\/poziv-ka-miru-ii-sukov-izmedju-izraela-i-palestina\\\/\"]}]},{\"@type\":\"ImageObject\",\"inLanguage\":\"bs-BA\",\"@id\":\"https:\\\/\\\/www.ahmadiyya-islam.org\\\/ba\\\/javna-saopstenja\\\/poziv-ka-miru-ii-sukov-izmedju-izraela-i-palestina\\\/#primaryimage\",\"url\":\"https:\\\/\\\/www.ahmadiyya-islam.org\\\/ba\\\/wp-content\\\/uploads\\\/sites\\\/16\\\/2023\\\/10\\\/izrael-i-palestina-zastave.jpg\",\"contentUrl\":\"https:\\\/\\\/www.ahmadiyya-islam.org\\\/ba\\\/wp-content\\\/uploads\\\/sites\\\/16\\\/2023\\\/10\\\/izrael-i-palestina-zastave.jpg\",\"width\":1280,\"height\":580,\"caption\":\"Sukob Izraela i Palestina\"},{\"@type\":\"BreadcrumbList\",\"@id\":\"https:\\\/\\\/www.ahmadiyya-islam.org\\\/ba\\\/javna-saopstenja\\\/poziv-ka-miru-ii-sukov-izmedju-izraela-i-palestina\\\/#breadcrumb\",\"itemListElement\":[{\"@type\":\"ListItem\",\"position\":1,\"name\":\"Home\",\"item\":\"https:\\\/\\\/www.ahmadiyya-islam.org\\\/ba\\\/\"},{\"@type\":\"ListItem\",\"position\":2,\"name\":\"Poziv ka miru II Sukov izme\u0111u Izraela i Palestina\"}]},{\"@type\":\"WebSite\",\"@id\":\"https:\\\/\\\/www.ahmadiyya-islam.org\\\/ba\\\/#website\",\"url\":\"https:\\\/\\\/www.ahmadiyya-islam.org\\\/ba\\\/\",\"name\":\"Ahmadija muslimanski d\u017eemat\",\"description\":\"BiH\",\"publisher\":{\"@id\":\"https:\\\/\\\/www.ahmadiyya-islam.org\\\/ba\\\/#organization\"},\"potentialAction\":[{\"@type\":\"SearchAction\",\"target\":{\"@type\":\"EntryPoint\",\"urlTemplate\":\"https:\\\/\\\/www.ahmadiyya-islam.org\\\/ba\\\/?s={search_term_string}\"},\"query-input\":{\"@type\":\"PropertyValueSpecification\",\"valueRequired\":true,\"valueName\":\"search_term_string\"}}],\"inLanguage\":\"bs-BA\"},{\"@type\":\"Organization\",\"@id\":\"https:\\\/\\\/www.ahmadiyya-islam.org\\\/ba\\\/#organization\",\"name\":\"Ahmadija muslimanski d\u017eemat\",\"url\":\"https:\\\/\\\/www.ahmadiyya-islam.org\\\/ba\\\/\",\"logo\":{\"@type\":\"ImageObject\",\"inLanguage\":\"bs-BA\",\"@id\":\"https:\\\/\\\/www.ahmadiyya-islam.org\\\/ba\\\/#\\\/schema\\\/logo\\\/image\\\/\",\"url\":\"https:\\\/\\\/www.ahmadiyya-islam.org\\\/ba\\\/wp-content\\\/uploads\\\/sites\\\/16\\\/2018\\\/03\\\/cropped-alislam-logo.jpg\",\"contentUrl\":\"https:\\\/\\\/www.ahmadiyya-islam.org\\\/ba\\\/wp-content\\\/uploads\\\/sites\\\/16\\\/2018\\\/03\\\/cropped-alislam-logo.jpg\",\"width\":512,\"height\":512,\"caption\":\"Ahmadija muslimanski d\u017eemat\"},\"image\":{\"@id\":\"https:\\\/\\\/www.ahmadiyya-islam.org\\\/ba\\\/#\\\/schema\\\/logo\\\/image\\\/\"}},{\"@type\":\"Person\",\"@id\":\"https:\\\/\\\/www.ahmadiyya-islam.org\\\/ba\\\/#\\\/schema\\\/person\\\/84184e219964946a4429c416022920ec\",\"name\":\"bosnia1\"}]}<\/script>\n<!-- \/ Yoast SEO Premium plugin. -->","yoast_head_json":{"title":"Poziv ka miru II Sukov izme\u0111u Izraela i Palestina","description":"Saop\u0161tenja za javnost Ahmadija muslimanskog d\u017eemata o nedavnim eskalacijama u izraelskom i palestinskom sukobu","robots":{"index":"index","follow":"follow","max-snippet":"max-snippet:-1","max-image-preview":"max-image-preview:large","max-video-preview":"max-video-preview:-1"},"canonical":"https:\/\/www.ahmadiyya-islam.org\/ba\/javna-saopstenja\/poziv-ka-miru-ii-sukov-izmedju-izraela-i-palestina\/","og_locale":"bs_BA","og_type":"article","og_title":"Poziv ka miru II Sukov izme\u0111u Izraela i Palestina","og_description":"Saop\u0161tenja za javnost Ahmadija muslimanskog d\u017eemata o nedavnim eskalacijama u izraelskom i palestinskom sukobu","og_url":"https:\/\/www.ahmadiyya-islam.org\/ba\/javna-saopstenja\/poziv-ka-miru-ii-sukov-izmedju-izraela-i-palestina\/","og_site_name":"Ahmadija muslimanski d\u017eemat","article_published_time":"2023-10-11T07:15:11+00:00","article_modified_time":"2023-10-29T09:34:27+00:00","og_image":[{"width":1280,"height":580,"url":"https:\/\/www.ahmadiyya-islam.org\/ba\/wp-content\/uploads\/sites\/16\/2023\/10\/izrael-i-palestina-zastave.jpg","type":"image\/jpeg"}],"author":"bosnia1","twitter_card":"summary_large_image","twitter_misc":{"Written by":"bosnia1","Est. reading time":"2 minute"},"schema":{"@context":"https:\/\/schema.org","@graph":[{"@type":"Article","@id":"https:\/\/www.ahmadiyya-islam.org\/ba\/javna-saopstenja\/poziv-ka-miru-ii-sukov-izmedju-izraela-i-palestina\/#article","isPartOf":{"@id":"https:\/\/www.ahmadiyya-islam.org\/ba\/javna-saopstenja\/poziv-ka-miru-ii-sukov-izmedju-izraela-i-palestina\/"},"author":{"name":"bosnia1","@id":"https:\/\/www.ahmadiyya-islam.org\/ba\/#\/schema\/person\/84184e219964946a4429c416022920ec"},"headline":"Poziv ka miru II Sukov izme\u0111u Izraela i Palestina","datePublished":"2023-10-11T07:15:11+00:00","dateModified":"2023-10-29T09:34:27+00:00","mainEntityOfPage":{"@id":"https:\/\/www.ahmadiyya-islam.org\/ba\/javna-saopstenja\/poziv-ka-miru-ii-sukov-izmedju-izraela-i-palestina\/"},"wordCount":345,"publisher":{"@id":"https:\/\/www.ahmadiyya-islam.org\/ba\/#organization"},"image":{"@id":"https:\/\/www.ahmadiyya-islam.org\/ba\/javna-saopstenja\/poziv-ka-miru-ii-sukov-izmedju-izraela-i-palestina\/#primaryimage"},"thumbnailUrl":"https:\/\/www.ahmadiyya-islam.org\/ba\/wp-content\/uploads\/sites\/16\/2023\/10\/izrael-i-palestina-zastave.jpg","keywords":["Izrael","Palestinski rat"],"articleSection":["Javna saop\u0161tenja"],"inLanguage":"bs-BA"},{"@type":"WebPage","@id":"https:\/\/www.ahmadiyya-islam.org\/ba\/javna-saopstenja\/poziv-ka-miru-ii-sukov-izmedju-izraela-i-palestina\/","url":"https:\/\/www.ahmadiyya-islam.org\/ba\/javna-saopstenja\/poziv-ka-miru-ii-sukov-izmedju-izraela-i-palestina\/","name":"Poziv ka miru II Sukov izme\u0111u Izraela i Palestina","isPartOf":{"@id":"https:\/\/www.ahmadiyya-islam.org\/ba\/#website"},"primaryImageOfPage":{"@id":"https:\/\/www.ahmadiyya-islam.org\/ba\/javna-saopstenja\/poziv-ka-miru-ii-sukov-izmedju-izraela-i-palestina\/#primaryimage"},"image":{"@id":"https:\/\/www.ahmadiyya-islam.org\/ba\/javna-saopstenja\/poziv-ka-miru-ii-sukov-izmedju-izraela-i-palestina\/#primaryimage"},"thumbnailUrl":"https:\/\/www.ahmadiyya-islam.org\/ba\/wp-content\/uploads\/sites\/16\/2023\/10\/izrael-i-palestina-zastave.jpg","datePublished":"2023-10-11T07:15:11+00:00","dateModified":"2023-10-29T09:34:27+00:00","description":"Saop\u0161tenja za javnost Ahmadija muslimanskog d\u017eemata o nedavnim eskalacijama u izraelskom i palestinskom sukobu","breadcrumb":{"@id":"https:\/\/www.ahmadiyya-islam.org\/ba\/javna-saopstenja\/poziv-ka-miru-ii-sukov-izmedju-izraela-i-palestina\/#breadcrumb"},"inLanguage":"bs-BA","potentialAction":[{"@type":"ReadAction","target":["https:\/\/www.ahmadiyya-islam.org\/ba\/javna-saopstenja\/poziv-ka-miru-ii-sukov-izmedju-izraela-i-palestina\/"]}]},{"@type":"ImageObject","inLanguage":"bs-BA","@id":"https:\/\/www.ahmadiyya-islam.org\/ba\/javna-saopstenja\/poziv-ka-miru-ii-sukov-izmedju-izraela-i-palestina\/#primaryimage","url":"https:\/\/www.ahmadiyya-islam.org\/ba\/wp-content\/uploads\/sites\/16\/2023\/10\/izrael-i-palestina-zastave.jpg","contentUrl":"https:\/\/www.ahmadiyya-islam.org\/ba\/wp-content\/uploads\/sites\/16\/2023\/10\/izrael-i-palestina-zastave.jpg","width":1280,"height":580,"caption":"Sukob Izraela i Palestina"},{"@type":"BreadcrumbList","@id":"https:\/\/www.ahmadiyya-islam.org\/ba\/javna-saopstenja\/poziv-ka-miru-ii-sukov-izmedju-izraela-i-palestina\/#breadcrumb","itemListElement":[{"@type":"ListItem","position":1,"name":"Home","item":"https:\/\/www.ahmadiyya-islam.org\/ba\/"},{"@type":"ListItem","position":2,"name":"Poziv ka miru II Sukov izme\u0111u Izraela i Palestina"}]},{"@type":"WebSite","@id":"https:\/\/www.ahmadiyya-islam.org\/ba\/#website","url":"https:\/\/www.ahmadiyya-islam.org\/ba\/","name":"Ahmadija muslimanski d\u017eemat","description":"BiH","publisher":{"@id":"https:\/\/www.ahmadiyya-islam.org\/ba\/#organization"},"potentialAction":[{"@type":"SearchAction","target":{"@type":"EntryPoint","urlTemplate":"https:\/\/www.ahmadiyya-islam.org\/ba\/?s={search_term_string}"},"query-input":{"@type":"PropertyValueSpecification","valueRequired":true,"valueName":"search_term_string"}}],"inLanguage":"bs-BA"},{"@type":"Organization","@id":"https:\/\/www.ahmadiyya-islam.org\/ba\/#organization","name":"Ahmadija muslimanski d\u017eemat","url":"https:\/\/www.ahmadiyya-islam.org\/ba\/","logo":{"@type":"ImageObject","inLanguage":"bs-BA","@id":"https:\/\/www.ahmadiyya-islam.org\/ba\/#\/schema\/logo\/image\/","url":"https:\/\/www.ahmadiyya-islam.org\/ba\/wp-content\/uploads\/sites\/16\/2018\/03\/cropped-alislam-logo.jpg","contentUrl":"https:\/\/www.ahmadiyya-islam.org\/ba\/wp-content\/uploads\/sites\/16\/2018\/03\/cropped-alislam-logo.jpg","width":512,"height":512,"caption":"Ahmadija muslimanski d\u017eemat"},"image":{"@id":"https:\/\/www.ahmadiyya-islam.org\/ba\/#\/schema\/logo\/image\/"}},{"@type":"Person","@id":"https:\/\/www.ahmadiyya-islam.org\/ba\/#\/schema\/person\/84184e219964946a4429c416022920ec","name":"bosnia1"}]}},"_links":{"self":[{"href":"https:\/\/www.ahmadiyya-islam.org\/ba\/wp-json\/wp\/v2\/posts\/10780","targetHints":{"allow":["GET"]}}],"collection":[{"href":"https:\/\/www.ahmadiyya-islam.org\/ba\/wp-json\/wp\/v2\/posts"}],"about":[{"href":"https:\/\/www.ahmadiyya-islam.org\/ba\/wp-json\/wp\/v2\/types\/post"}],"author":[{"embeddable":true,"href":"https:\/\/www.ahmadiyya-islam.org\/ba\/wp-json\/wp\/v2\/users\/36"}],"replies":[{"embeddable":true,"href":"https:\/\/www.ahmadiyya-islam.org\/ba\/wp-json\/wp\/v2\/comments?post=10780"}],"version-history":[{"count":1,"href":"https:\/\/www.ahmadiyya-islam.org\/ba\/wp-json\/wp\/v2\/posts\/10780\/revisions"}],"predecessor-version":[{"id":10782,"href":"https:\/\/www.ahmadiyya-islam.org\/ba\/wp-json\/wp\/v2\/posts\/10780\/revisions\/10782"}],"wp:featuredmedia":[{"embeddable":true,"href":"https:\/\/www.ahmadiyya-islam.org\/ba\/wp-json\/wp\/v2\/media\/10781"}],"wp:attachment":[{"href":"https:\/\/www.ahmadiyya-islam.org\/ba\/wp-json\/wp\/v2\/media?parent=10780"}],"wp:term":[{"taxonomy":"category","embeddable":true,"href":"https:\/\/www.ahmadiyya-islam.org\/ba\/wp-json\/wp\/v2\/categories?post=10780"},{"taxonomy":"post_tag","embeddable":true,"href":"https:\/\/www.ahmadiyya-islam.org\/ba\/wp-json\/wp\/v2\/tags?post=10780"},{"taxonomy":"authors","embeddable":true,"href":"https:\/\/www.ahmadiyya-islam.org\/ba\/wp-json\/wp\/v2\/authors?post=10780"},{"taxonomy":"content_source","embeddable":true,"href":"https:\/\/www.ahmadiyya-islam.org\/ba\/wp-json\/wp\/v2\/content_source?post=10780"}],"curies":[{"name":"wp","href":"https:\/\/api.w.org\/{rel}","templated":true}]}}