{"id":10757,"date":"2023-08-29T21:55:48","date_gmt":"2023-08-29T21:55:48","guid":{"rendered":"https:\/\/www.ahmadiyya-islam.org\/ba\/?p=10757"},"modified":"2023-09-03T12:05:07","modified_gmt":"2023-09-03T12:05:07","slug":"znanje-je-svjetlost-ii-humanitarna-akcija-u-zenici","status":"publish","type":"post","link":"https:\/\/www.ahmadiyya-islam.org\/ba\/humanitarna-akcija\/znanje-je-svjetlost-ii-humanitarna-akcija-u-zenici\/","title":{"rendered":"Znanje je svjetlost II Humanitarna akcija u Zenici"},"content":{"rendered":"<p>Znanje je svjetlost\u201c naziv\u00a0 dugodi\u0161njeg projekta na\u0161e organizacije. Organizacija ve\u0107 nekoliko godina zaredom svojim donacijama poma\u017ee najosjetljivijim kategorijama stanovni\u0161tva.<\/p>\n<p><iframe loading=\"lazy\" title=\"Znanje  je svjetlost 2023 II Humanitarna akcija\" width=\"900\" height=\"506\" src=\"https:\/\/www.youtube.com\/embed\/qgI3hUsOk2k?feature=oembed\" frameborder=\"0\" allow=\"accelerometer; autoplay; clipboard-write; encrypted-media; gyroscope; picture-in-picture; web-share\" allowfullscreen><\/iframe><\/p>\n<p>S ciljem da obraduje mali\u0161ane iz Javne ustanoveiz Javne ustanove \u201eDom-porodica\u201c Zenica, pored toga, donacija je uru\u010dena za pet udru\u017eenja, organizacija boraca koja djeluju na podru\u010dju grada, ali i za MZ &#8221; Sebuje&#8221;.<\/p>\n<blockquote><p><em>Ovo je vrlo va\u017ena i tradicionalna posjeta na\u0161ih prijatelja iz organizacije Humanity first i njihovog predstavnika Rahmana i ovom prilikom mi se zahvaljujemo. Uskoro po\u010dinje nova \u0161kolska godina i ovo je vrlo zna\u010dajna donacija za na\u0161u djecu i zna\u010dajno \u0107e nam koristiti kako bi ih \u0161to bolje opremili za \u0161kolu<\/em>\u201c, izjavio je Halil Arnaut, direktor Javne ustanove \u201eDom-porodica\u201c Zenica.<\/p>\n<p><img loading=\"lazy\" decoding=\"async\" class=\"alignnone size-medium wp-image-10755 aligncenter\" src=\"http:\/\/www.ahmadiyya-islam.org\/ba\/wp-content\/uploads\/sites\/16\/2023\/09\/Podjela-skolskih-pribora-2-300x225.jpeg\" alt=\"\" width=\"300\" height=\"225\" srcset=\"https:\/\/www.ahmadiyya-islam.org\/ba\/wp-content\/uploads\/sites\/16\/2023\/09\/Podjela-skolskih-pribora-2-300x225.jpeg 300w, https:\/\/www.ahmadiyya-islam.org\/ba\/wp-content\/uploads\/sites\/16\/2023\/09\/Podjela-skolskih-pribora-2-1024x768.jpeg 1024w, https:\/\/www.ahmadiyya-islam.org\/ba\/wp-content\/uploads\/sites\/16\/2023\/09\/Podjela-skolskih-pribora-2-768x576.jpeg 768w, https:\/\/www.ahmadiyya-islam.org\/ba\/wp-content\/uploads\/sites\/16\/2023\/09\/Podjela-skolskih-pribora-2-1536x1152.jpeg 1536w, https:\/\/www.ahmadiyya-islam.org\/ba\/wp-content\/uploads\/sites\/16\/2023\/09\/Podjela-skolskih-pribora-2.jpeg 2048w\" sizes=\"auto, (max-width: 300px) 100vw, 300px\" \/><\/p>\n<p>\u201e<em>Ove godine, kao \u0161to vidite oni su iskoristili priliku da 25 kompleta ruksaka sa \u0161kolskim priborom uru\u010de djeci koja su bez roditelja i iskoristili su priliku da 25 tih ruksaka uru\u010de na pet udru\u017eenja organizacija boraca koja djeluju na nivou grada Zenice<\/em>\u201c, dodao je Tahir \u0160abi\u0107, predsjednik Jedinstvene organizacije boraca, unije veterana grada Zenice.<\/p>\n<p><img loading=\"lazy\" decoding=\"async\" class=\"size-medium wp-image-10756 aligncenter\" src=\"http:\/\/www.ahmadiyya-islam.org\/ba\/wp-content\/uploads\/sites\/16\/2023\/09\/Podjela-skolskih-pribora4-300x225.jpeg\" alt=\"\" width=\"300\" height=\"225\" srcset=\"https:\/\/www.ahmadiyya-islam.org\/ba\/wp-content\/uploads\/sites\/16\/2023\/09\/Podjela-skolskih-pribora4-300x225.jpeg 300w, https:\/\/www.ahmadiyya-islam.org\/ba\/wp-content\/uploads\/sites\/16\/2023\/09\/Podjela-skolskih-pribora4-768x576.jpeg 768w, https:\/\/www.ahmadiyya-islam.org\/ba\/wp-content\/uploads\/sites\/16\/2023\/09\/Podjela-skolskih-pribora4.jpeg 1024w\" sizes=\"auto, (max-width: 300px) 100vw, 300px\" \/><img loading=\"lazy\" decoding=\"async\" class=\"size-medium wp-image-10751 aligncenter\" src=\"http:\/\/www.ahmadiyya-islam.org\/ba\/wp-content\/uploads\/sites\/16\/2023\/09\/Podjela-skolskih-pribora-300x225.jpeg\" alt=\"\" width=\"300\" height=\"225\" srcset=\"https:\/\/www.ahmadiyya-islam.org\/ba\/wp-content\/uploads\/sites\/16\/2023\/09\/Podjela-skolskih-pribora-300x225.jpeg 300w, https:\/\/www.ahmadiyya-islam.org\/ba\/wp-content\/uploads\/sites\/16\/2023\/09\/Podjela-skolskih-pribora-768x576.jpeg 768w, https:\/\/www.ahmadiyya-islam.org\/ba\/wp-content\/uploads\/sites\/16\/2023\/09\/Podjela-skolskih-pribora.jpeg 1024w\" sizes=\"auto, (max-width: 300px) 100vw, 300px\" \/><\/p>\n<p style=\"text-align: center\"><img loading=\"lazy\" decoding=\"async\" class=\"alignnone size-medium wp-image-10752\" src=\"http:\/\/www.ahmadiyya-islam.org\/ba\/wp-content\/uploads\/sites\/16\/2023\/09\/Podjela-skolskih-pribora-1-300x225.jpeg\" alt=\"\" width=\"300\" height=\"225\" srcset=\"https:\/\/www.ahmadiyya-islam.org\/ba\/wp-content\/uploads\/sites\/16\/2023\/09\/Podjela-skolskih-pribora-1-300x225.jpeg 300w, https:\/\/www.ahmadiyya-islam.org\/ba\/wp-content\/uploads\/sites\/16\/2023\/09\/Podjela-skolskih-pribora-1-768x576.jpeg 768w, https:\/\/www.ahmadiyya-islam.org\/ba\/wp-content\/uploads\/sites\/16\/2023\/09\/Podjela-skolskih-pribora-1.jpeg 1024w\" sizes=\"auto, (max-width: 300px) 100vw, 300px\" \/><\/p>\n<p>Danas smo imali jednu veoma ugodnu i lijepu posjetu.Djecu koja poha\u0111aju osnovnu \u0161kolu je posjetila humanitarna organizacija Humanity first koja im je za\u017eeljela sretan polazak u novu \u0161kolsku god i uru\u010dila ruksake i skolski pribor.<br \/>\nOvom prilikom se zahvaljujemo organizaciji Humanity first a posebno velika zahvala za na\u0161eg velikog humanistu i dobrog insana Mufez Rahmana koji je obradovao na\u0161u djecu i izmamio im osmijeh na lice. &#8220;Istinsko znanje \u010dovjeka \u010dini boljim \u010dovjekom&#8221; &#8220;Znanje je svjetlo u tminama vremena&#8221; Predsjednica MZ je uru\u010dila zahvalnicu Mufeezur Rahmanu i srda\u010dno se zahvalila.<\/p><\/blockquote>\n<p>Uz slogan \u201eZnanje je svjetlost\u201c iz humanitarne organizacije Humanitiy first svima\u00a0 \u017eele sretnu i uspje\u0161nu novu \u0161kolsku godinu.<\/p>\n<p>Mednjiski pratneri:<br \/>\n<a href=\"https:\/\/zenicainfo.ba\/2023\/08\/29\/donacija-skolskog-pribora-za-sticenike-ju-dom-porodica-zenica\/\" target=\"_blank\" rel=\"noopener\">Zenicainfo.ba<\/a><br \/>\n<a href=\"https:\/\/www.facebook.com\/100082632070871\/posts\/pfbid02HPEQetFASrjxyP3GS1hmmwRG3C4yZ8dBYH9UZuZFe12EGxuYkXvP1iUJ6YFcLJMul\/?d=w&amp;mibextid=qC1gEa\" target=\"_blank\" rel=\"noopener\">MZ&#8221; Sebuje&#8221;<\/a><\/p>\n","protected":false},"excerpt":{"rendered":"<p>Humanity First  kroz projekta Znanje je svjetlost  ve\u0107 nekoliko godina zaredom donacijama poma\u017ee najosjetljivijim kategorijama stanovni\u0161tva <\/p>\n","protected":false},"author":36,"featured_media":10759,"comment_status":"closed","ping_status":"closed","sticky":false,"template":"","format":"standard","meta":{"_acf_changed":false,"footnotes":""},"categories":[1428],"tags":[2768,2639],"authors":[2664],"content_source":[],"class_list":["post-10757","post","type-post","status-publish","format-standard","has-post-thumbnail","hentry","category-humanitarna-akcija","tag-nova-skolska-godina","tag-zenica","topics-humanitarna-akcija","topics-humanity-first","authors-amjbih"],"acf":[],"yoast_head":"<!-- This site is optimized with the Yoast SEO Premium plugin v21.1 (Yoast SEO v27.4) - https:\/\/yoast.com\/product\/yoast-seo-premium-wordpress\/ -->\n<title>Dodjela \u0161koliskih pribora u Zenici<\/title>\n<meta name=\"description\" content=\"Humanity First kroz projekta Znanje je svjetlost ve\u0107 nekoliko godina zaredom donacijama poma\u017ee najosjetljivijim kategorijama stanovni\u0161tva\" \/>\n<meta name=\"robots\" content=\"index, follow, max-snippet:-1, max-image-preview:large, max-video-preview:-1\" \/>\n<link rel=\"canonical\" href=\"https:\/\/www.ahmadiyya-islam.org\/ba\/humanitarna-akcija\/znanje-je-svjetlost-ii-humanitarna-akcija-u-zenici\/\" \/>\n<meta property=\"og:locale\" content=\"bs_BA\" \/>\n<meta property=\"og:type\" content=\"article\" \/>\n<meta property=\"og:title\" content=\"Znanje je svjetlost II Humanitarna akcija u Zenici\" \/>\n<meta property=\"og:description\" content=\"Humanity First kroz projekta Znanje je svjetlost ve\u0107 nekoliko godina zaredom donacijama poma\u017ee najosjetljivijim kategorijama stanovni\u0161tva\" \/>\n<meta property=\"og:url\" content=\"https:\/\/www.ahmadiyya-islam.org\/ba\/humanitarna-akcija\/znanje-je-svjetlost-ii-humanitarna-akcija-u-zenici\/\" \/>\n<meta property=\"og:site_name\" content=\"Ahmadija muslimanski d\u017eemat\" \/>\n<meta property=\"article:published_time\" content=\"2023-08-29T21:55:48+00:00\" \/>\n<meta property=\"article:modified_time\" content=\"2023-09-03T12:05:07+00:00\" \/>\n<meta property=\"og:image\" content=\"https:\/\/www.ahmadiyya-islam.org\/ba\/wp-content\/uploads\/sites\/16\/2023\/09\/00202.MTS_000003500-1024x576.png\" \/>\n\t<meta property=\"og:image:width\" content=\"1024\" \/>\n\t<meta property=\"og:image:height\" content=\"576\" \/>\n\t<meta property=\"og:image:type\" content=\"image\/png\" \/>\n<meta name=\"author\" content=\"bosnia1\" \/>\n<meta name=\"twitter:card\" content=\"summary_large_image\" \/>\n<meta name=\"twitter:label1\" content=\"Written by\" \/>\n\t<meta name=\"twitter:data1\" content=\"bosnia1\" \/>\n\t<meta name=\"twitter:label2\" content=\"Est. reading time\" \/>\n\t<meta name=\"twitter:data2\" content=\"3 minute\" \/>\n<script type=\"application\/ld+json\" class=\"yoast-schema-graph\">{\"@context\":\"https:\\\/\\\/schema.org\",\"@graph\":[{\"@type\":\"Article\",\"@id\":\"https:\\\/\\\/www.ahmadiyya-islam.org\\\/ba\\\/humanitarna-akcija\\\/znanje-je-svjetlost-ii-humanitarna-akcija-u-zenici\\\/#article\",\"isPartOf\":{\"@id\":\"https:\\\/\\\/www.ahmadiyya-islam.org\\\/ba\\\/humanitarna-akcija\\\/znanje-je-svjetlost-ii-humanitarna-akcija-u-zenici\\\/\"},\"author\":{\"name\":\"bosnia1\",\"@id\":\"https:\\\/\\\/www.ahmadiyya-islam.org\\\/ba\\\/#\\\/schema\\\/person\\\/84184e219964946a4429c416022920ec\"},\"headline\":\"Znanje je svjetlost II Humanitarna akcija u Zenici\",\"datePublished\":\"2023-08-29T21:55:48+00:00\",\"dateModified\":\"2023-09-03T12:05:07+00:00\",\"mainEntityOfPage\":{\"@id\":\"https:\\\/\\\/www.ahmadiyya-islam.org\\\/ba\\\/humanitarna-akcija\\\/znanje-je-svjetlost-ii-humanitarna-akcija-u-zenici\\\/\"},\"wordCount\":318,\"publisher\":{\"@id\":\"https:\\\/\\\/www.ahmadiyya-islam.org\\\/ba\\\/#organization\"},\"image\":{\"@id\":\"https:\\\/\\\/www.ahmadiyya-islam.org\\\/ba\\\/humanitarna-akcija\\\/znanje-je-svjetlost-ii-humanitarna-akcija-u-zenici\\\/#primaryimage\"},\"thumbnailUrl\":\"https:\\\/\\\/www.ahmadiyya-islam.org\\\/ba\\\/wp-content\\\/uploads\\\/sites\\\/16\\\/2023\\\/09\\\/00202.MTS_000003500.png\",\"keywords\":[\"Nova \u0161kolska godina\",\"Zenica\"],\"articleSection\":[\"Humanitarna akcija\"],\"inLanguage\":\"bs-BA\"},{\"@type\":\"WebPage\",\"@id\":\"https:\\\/\\\/www.ahmadiyya-islam.org\\\/ba\\\/humanitarna-akcija\\\/znanje-je-svjetlost-ii-humanitarna-akcija-u-zenici\\\/\",\"url\":\"https:\\\/\\\/www.ahmadiyya-islam.org\\\/ba\\\/humanitarna-akcija\\\/znanje-je-svjetlost-ii-humanitarna-akcija-u-zenici\\\/\",\"name\":\"Dodjela \u0161koliskih pribora u Zenici\",\"isPartOf\":{\"@id\":\"https:\\\/\\\/www.ahmadiyya-islam.org\\\/ba\\\/#website\"},\"primaryImageOfPage\":{\"@id\":\"https:\\\/\\\/www.ahmadiyya-islam.org\\\/ba\\\/humanitarna-akcija\\\/znanje-je-svjetlost-ii-humanitarna-akcija-u-zenici\\\/#primaryimage\"},\"image\":{\"@id\":\"https:\\\/\\\/www.ahmadiyya-islam.org\\\/ba\\\/humanitarna-akcija\\\/znanje-je-svjetlost-ii-humanitarna-akcija-u-zenici\\\/#primaryimage\"},\"thumbnailUrl\":\"https:\\\/\\\/www.ahmadiyya-islam.org\\\/ba\\\/wp-content\\\/uploads\\\/sites\\\/16\\\/2023\\\/09\\\/00202.MTS_000003500.png\",\"datePublished\":\"2023-08-29T21:55:48+00:00\",\"dateModified\":\"2023-09-03T12:05:07+00:00\",\"description\":\"Humanity First kroz projekta Znanje je svjetlost ve\u0107 nekoliko godina zaredom donacijama poma\u017ee najosjetljivijim kategorijama stanovni\u0161tva\",\"breadcrumb\":{\"@id\":\"https:\\\/\\\/www.ahmadiyya-islam.org\\\/ba\\\/humanitarna-akcija\\\/znanje-je-svjetlost-ii-humanitarna-akcija-u-zenici\\\/#breadcrumb\"},\"inLanguage\":\"bs-BA\",\"potentialAction\":[{\"@type\":\"ReadAction\",\"target\":[\"https:\\\/\\\/www.ahmadiyya-islam.org\\\/ba\\\/humanitarna-akcija\\\/znanje-je-svjetlost-ii-humanitarna-akcija-u-zenici\\\/\"]}]},{\"@type\":\"ImageObject\",\"inLanguage\":\"bs-BA\",\"@id\":\"https:\\\/\\\/www.ahmadiyya-islam.org\\\/ba\\\/humanitarna-akcija\\\/znanje-je-svjetlost-ii-humanitarna-akcija-u-zenici\\\/#primaryimage\",\"url\":\"https:\\\/\\\/www.ahmadiyya-islam.org\\\/ba\\\/wp-content\\\/uploads\\\/sites\\\/16\\\/2023\\\/09\\\/00202.MTS_000003500.png\",\"contentUrl\":\"https:\\\/\\\/www.ahmadiyya-islam.org\\\/ba\\\/wp-content\\\/uploads\\\/sites\\\/16\\\/2023\\\/09\\\/00202.MTS_000003500.png\",\"width\":1920,\"height\":1080,\"caption\":\"Dom porodica Zenica\"},{\"@type\":\"BreadcrumbList\",\"@id\":\"https:\\\/\\\/www.ahmadiyya-islam.org\\\/ba\\\/humanitarna-akcija\\\/znanje-je-svjetlost-ii-humanitarna-akcija-u-zenici\\\/#breadcrumb\",\"itemListElement\":[{\"@type\":\"ListItem\",\"position\":1,\"name\":\"Home\",\"item\":\"https:\\\/\\\/www.ahmadiyya-islam.org\\\/ba\\\/\"},{\"@type\":\"ListItem\",\"position\":2,\"name\":\"Znanje je svjetlost II Humanitarna akcija u Zenici\"}]},{\"@type\":\"WebSite\",\"@id\":\"https:\\\/\\\/www.ahmadiyya-islam.org\\\/ba\\\/#website\",\"url\":\"https:\\\/\\\/www.ahmadiyya-islam.org\\\/ba\\\/\",\"name\":\"Ahmadija muslimanski d\u017eemat\",\"description\":\"BiH\",\"publisher\":{\"@id\":\"https:\\\/\\\/www.ahmadiyya-islam.org\\\/ba\\\/#organization\"},\"potentialAction\":[{\"@type\":\"SearchAction\",\"target\":{\"@type\":\"EntryPoint\",\"urlTemplate\":\"https:\\\/\\\/www.ahmadiyya-islam.org\\\/ba\\\/?s={search_term_string}\"},\"query-input\":{\"@type\":\"PropertyValueSpecification\",\"valueRequired\":true,\"valueName\":\"search_term_string\"}}],\"inLanguage\":\"bs-BA\"},{\"@type\":\"Organization\",\"@id\":\"https:\\\/\\\/www.ahmadiyya-islam.org\\\/ba\\\/#organization\",\"name\":\"Ahmadija muslimanski d\u017eemat\",\"url\":\"https:\\\/\\\/www.ahmadiyya-islam.org\\\/ba\\\/\",\"logo\":{\"@type\":\"ImageObject\",\"inLanguage\":\"bs-BA\",\"@id\":\"https:\\\/\\\/www.ahmadiyya-islam.org\\\/ba\\\/#\\\/schema\\\/logo\\\/image\\\/\",\"url\":\"https:\\\/\\\/www.ahmadiyya-islam.org\\\/ba\\\/wp-content\\\/uploads\\\/sites\\\/16\\\/2018\\\/03\\\/cropped-alislam-logo.jpg\",\"contentUrl\":\"https:\\\/\\\/www.ahmadiyya-islam.org\\\/ba\\\/wp-content\\\/uploads\\\/sites\\\/16\\\/2018\\\/03\\\/cropped-alislam-logo.jpg\",\"width\":512,\"height\":512,\"caption\":\"Ahmadija muslimanski d\u017eemat\"},\"image\":{\"@id\":\"https:\\\/\\\/www.ahmadiyya-islam.org\\\/ba\\\/#\\\/schema\\\/logo\\\/image\\\/\"}},{\"@type\":\"Person\",\"@id\":\"https:\\\/\\\/www.ahmadiyya-islam.org\\\/ba\\\/#\\\/schema\\\/person\\\/84184e219964946a4429c416022920ec\",\"name\":\"bosnia1\"}]}<\/script>\n<!-- \/ Yoast SEO Premium plugin. -->","yoast_head_json":{"title":"Dodjela \u0161koliskih pribora u Zenici","description":"Humanity First kroz projekta Znanje je svjetlost ve\u0107 nekoliko godina zaredom donacijama poma\u017ee najosjetljivijim kategorijama stanovni\u0161tva","robots":{"index":"index","follow":"follow","max-snippet":"max-snippet:-1","max-image-preview":"max-image-preview:large","max-video-preview":"max-video-preview:-1"},"canonical":"https:\/\/www.ahmadiyya-islam.org\/ba\/humanitarna-akcija\/znanje-je-svjetlost-ii-humanitarna-akcija-u-zenici\/","og_locale":"bs_BA","og_type":"article","og_title":"Znanje je svjetlost II Humanitarna akcija u Zenici","og_description":"Humanity First kroz projekta Znanje je svjetlost ve\u0107 nekoliko godina zaredom donacijama poma\u017ee najosjetljivijim kategorijama stanovni\u0161tva","og_url":"https:\/\/www.ahmadiyya-islam.org\/ba\/humanitarna-akcija\/znanje-je-svjetlost-ii-humanitarna-akcija-u-zenici\/","og_site_name":"Ahmadija muslimanski d\u017eemat","article_published_time":"2023-08-29T21:55:48+00:00","article_modified_time":"2023-09-03T12:05:07+00:00","og_image":[{"width":1024,"height":576,"url":"https:\/\/www.ahmadiyya-islam.org\/ba\/wp-content\/uploads\/sites\/16\/2023\/09\/00202.MTS_000003500-1024x576.png","type":"image\/png"}],"author":"bosnia1","twitter_card":"summary_large_image","twitter_misc":{"Written by":"bosnia1","Est. reading time":"3 minute"},"schema":{"@context":"https:\/\/schema.org","@graph":[{"@type":"Article","@id":"https:\/\/www.ahmadiyya-islam.org\/ba\/humanitarna-akcija\/znanje-je-svjetlost-ii-humanitarna-akcija-u-zenici\/#article","isPartOf":{"@id":"https:\/\/www.ahmadiyya-islam.org\/ba\/humanitarna-akcija\/znanje-je-svjetlost-ii-humanitarna-akcija-u-zenici\/"},"author":{"name":"bosnia1","@id":"https:\/\/www.ahmadiyya-islam.org\/ba\/#\/schema\/person\/84184e219964946a4429c416022920ec"},"headline":"Znanje je svjetlost II Humanitarna akcija u Zenici","datePublished":"2023-08-29T21:55:48+00:00","dateModified":"2023-09-03T12:05:07+00:00","mainEntityOfPage":{"@id":"https:\/\/www.ahmadiyya-islam.org\/ba\/humanitarna-akcija\/znanje-je-svjetlost-ii-humanitarna-akcija-u-zenici\/"},"wordCount":318,"publisher":{"@id":"https:\/\/www.ahmadiyya-islam.org\/ba\/#organization"},"image":{"@id":"https:\/\/www.ahmadiyya-islam.org\/ba\/humanitarna-akcija\/znanje-je-svjetlost-ii-humanitarna-akcija-u-zenici\/#primaryimage"},"thumbnailUrl":"https:\/\/www.ahmadiyya-islam.org\/ba\/wp-content\/uploads\/sites\/16\/2023\/09\/00202.MTS_000003500.png","keywords":["Nova \u0161kolska godina","Zenica"],"articleSection":["Humanitarna akcija"],"inLanguage":"bs-BA"},{"@type":"WebPage","@id":"https:\/\/www.ahmadiyya-islam.org\/ba\/humanitarna-akcija\/znanje-je-svjetlost-ii-humanitarna-akcija-u-zenici\/","url":"https:\/\/www.ahmadiyya-islam.org\/ba\/humanitarna-akcija\/znanje-je-svjetlost-ii-humanitarna-akcija-u-zenici\/","name":"Dodjela \u0161koliskih pribora u Zenici","isPartOf":{"@id":"https:\/\/www.ahmadiyya-islam.org\/ba\/#website"},"primaryImageOfPage":{"@id":"https:\/\/www.ahmadiyya-islam.org\/ba\/humanitarna-akcija\/znanje-je-svjetlost-ii-humanitarna-akcija-u-zenici\/#primaryimage"},"image":{"@id":"https:\/\/www.ahmadiyya-islam.org\/ba\/humanitarna-akcija\/znanje-je-svjetlost-ii-humanitarna-akcija-u-zenici\/#primaryimage"},"thumbnailUrl":"https:\/\/www.ahmadiyya-islam.org\/ba\/wp-content\/uploads\/sites\/16\/2023\/09\/00202.MTS_000003500.png","datePublished":"2023-08-29T21:55:48+00:00","dateModified":"2023-09-03T12:05:07+00:00","description":"Humanity First kroz projekta Znanje je svjetlost ve\u0107 nekoliko godina zaredom donacijama poma\u017ee najosjetljivijim kategorijama stanovni\u0161tva","breadcrumb":{"@id":"https:\/\/www.ahmadiyya-islam.org\/ba\/humanitarna-akcija\/znanje-je-svjetlost-ii-humanitarna-akcija-u-zenici\/#breadcrumb"},"inLanguage":"bs-BA","potentialAction":[{"@type":"ReadAction","target":["https:\/\/www.ahmadiyya-islam.org\/ba\/humanitarna-akcija\/znanje-je-svjetlost-ii-humanitarna-akcija-u-zenici\/"]}]},{"@type":"ImageObject","inLanguage":"bs-BA","@id":"https:\/\/www.ahmadiyya-islam.org\/ba\/humanitarna-akcija\/znanje-je-svjetlost-ii-humanitarna-akcija-u-zenici\/#primaryimage","url":"https:\/\/www.ahmadiyya-islam.org\/ba\/wp-content\/uploads\/sites\/16\/2023\/09\/00202.MTS_000003500.png","contentUrl":"https:\/\/www.ahmadiyya-islam.org\/ba\/wp-content\/uploads\/sites\/16\/2023\/09\/00202.MTS_000003500.png","width":1920,"height":1080,"caption":"Dom porodica Zenica"},{"@type":"BreadcrumbList","@id":"https:\/\/www.ahmadiyya-islam.org\/ba\/humanitarna-akcija\/znanje-je-svjetlost-ii-humanitarna-akcija-u-zenici\/#breadcrumb","itemListElement":[{"@type":"ListItem","position":1,"name":"Home","item":"https:\/\/www.ahmadiyya-islam.org\/ba\/"},{"@type":"ListItem","position":2,"name":"Znanje je svjetlost II Humanitarna akcija u Zenici"}]},{"@type":"WebSite","@id":"https:\/\/www.ahmadiyya-islam.org\/ba\/#website","url":"https:\/\/www.ahmadiyya-islam.org\/ba\/","name":"Ahmadija muslimanski d\u017eemat","description":"BiH","publisher":{"@id":"https:\/\/www.ahmadiyya-islam.org\/ba\/#organization"},"potentialAction":[{"@type":"SearchAction","target":{"@type":"EntryPoint","urlTemplate":"https:\/\/www.ahmadiyya-islam.org\/ba\/?s={search_term_string}"},"query-input":{"@type":"PropertyValueSpecification","valueRequired":true,"valueName":"search_term_string"}}],"inLanguage":"bs-BA"},{"@type":"Organization","@id":"https:\/\/www.ahmadiyya-islam.org\/ba\/#organization","name":"Ahmadija muslimanski d\u017eemat","url":"https:\/\/www.ahmadiyya-islam.org\/ba\/","logo":{"@type":"ImageObject","inLanguage":"bs-BA","@id":"https:\/\/www.ahmadiyya-islam.org\/ba\/#\/schema\/logo\/image\/","url":"https:\/\/www.ahmadiyya-islam.org\/ba\/wp-content\/uploads\/sites\/16\/2018\/03\/cropped-alislam-logo.jpg","contentUrl":"https:\/\/www.ahmadiyya-islam.org\/ba\/wp-content\/uploads\/sites\/16\/2018\/03\/cropped-alislam-logo.jpg","width":512,"height":512,"caption":"Ahmadija muslimanski d\u017eemat"},"image":{"@id":"https:\/\/www.ahmadiyya-islam.org\/ba\/#\/schema\/logo\/image\/"}},{"@type":"Person","@id":"https:\/\/www.ahmadiyya-islam.org\/ba\/#\/schema\/person\/84184e219964946a4429c416022920ec","name":"bosnia1"}]}},"_links":{"self":[{"href":"https:\/\/www.ahmadiyya-islam.org\/ba\/wp-json\/wp\/v2\/posts\/10757","targetHints":{"allow":["GET"]}}],"collection":[{"href":"https:\/\/www.ahmadiyya-islam.org\/ba\/wp-json\/wp\/v2\/posts"}],"about":[{"href":"https:\/\/www.ahmadiyya-islam.org\/ba\/wp-json\/wp\/v2\/types\/post"}],"author":[{"embeddable":true,"href":"https:\/\/www.ahmadiyya-islam.org\/ba\/wp-json\/wp\/v2\/users\/36"}],"replies":[{"embeddable":true,"href":"https:\/\/www.ahmadiyya-islam.org\/ba\/wp-json\/wp\/v2\/comments?post=10757"}],"version-history":[{"count":1,"href":"https:\/\/www.ahmadiyya-islam.org\/ba\/wp-json\/wp\/v2\/posts\/10757\/revisions"}],"predecessor-version":[{"id":10762,"href":"https:\/\/www.ahmadiyya-islam.org\/ba\/wp-json\/wp\/v2\/posts\/10757\/revisions\/10762"}],"wp:featuredmedia":[{"embeddable":true,"href":"https:\/\/www.ahmadiyya-islam.org\/ba\/wp-json\/wp\/v2\/media\/10759"}],"wp:attachment":[{"href":"https:\/\/www.ahmadiyya-islam.org\/ba\/wp-json\/wp\/v2\/media?parent=10757"}],"wp:term":[{"taxonomy":"category","embeddable":true,"href":"https:\/\/www.ahmadiyya-islam.org\/ba\/wp-json\/wp\/v2\/categories?post=10757"},{"taxonomy":"post_tag","embeddable":true,"href":"https:\/\/www.ahmadiyya-islam.org\/ba\/wp-json\/wp\/v2\/tags?post=10757"},{"taxonomy":"authors","embeddable":true,"href":"https:\/\/www.ahmadiyya-islam.org\/ba\/wp-json\/wp\/v2\/authors?post=10757"},{"taxonomy":"content_source","embeddable":true,"href":"https:\/\/www.ahmadiyya-islam.org\/ba\/wp-json\/wp\/v2\/content_source?post=10757"}],"curies":[{"name":"wp","href":"https:\/\/api.w.org\/{rel}","templated":true}]}}