{"id":8828,"date":"2019-03-16T17:44:04","date_gmt":"2019-03-16T17:44:04","guid":{"rendered":"https:\/\/www.ahmadiyya-islam.org\/al\/?p=8828"},"modified":"2019-03-16T17:44:04","modified_gmt":"2019-03-16T17:44:04","slug":"kalifi-paralajmeron-per-rrezikun-e-luftes-berthamore","status":"publish","type":"post","link":"https:\/\/www.ahmadiyya-islam.org\/al\/njoftim-per-shtyp\/kalifi-paralajmeron-per-rrezikun-e-luftes-berthamore\/","title":{"rendered":"Kalifi i Xhematit Musliman Ahmedia paralajm\u00ebron p\u00ebr intensifikim t\u00eb trazirave globale dhe rrezikun fatal t\u00eb luft\u00ebs b\u00ebrthamore"},"content":{"rendered":"<blockquote><p>\u201c<em>Sa koh\u00eb q\u00eb rivalitetet shtohen dhe urrejtjet rr\u00ebnjosen p\u00ebrher\u00eb e m\u00eb thell\u00eb, askush nuk e di ku do t\u00eb na \u00e7ojn\u00eb k\u00ebto ngjarje apo sa t\u00eb tmerrshme do t\u00eb jen\u00eb pasojat\u201d<\/em> \u2013 Hazret Mirza Masrur Ahmed (a.b.a.).<\/p><\/blockquote>\n<p>\u00c7mimi Musliman Ahmedia p\u00ebr P\u00ebrhapjen e Paqes Dr. Fred Mednick, themelues i organizat\u00ebs \u201cTeachers Without Borders\u201d<\/p>\n<p>Kalifi i Xhematit Musliman Ahmedia, nd\u00ebr t\u00eb tjera, foli p\u00ebr:<\/p>\n<ul>\n<li>mosndaljen e p\u00ebrpjekjeve t\u00eb Xhematit p\u00ebr t\u00eb promovuar paqen dhe drejt\u00ebsin\u00eb n\u00eb bot\u00eb<\/li>\n<li>rivalitetet midis kombeve dhe p\u00ebrshkall\u00ebzimin e trazirave<\/li>\n<li>moszgjidhjen e ng\u00ebr\u00e7it mes Kores\u00eb s\u00eb Veriut dhe SHBA-ve<\/li>\n<li>gjendjen e mjerueshme t\u00eb Siris\u00eb pas nj\u00eb dekade<\/li>\n<li>problemet q\u00eb lindin p\u00ebr shkak t\u00eb emigracionit masiv n\u00eb Per\u00ebndim dhe p\u00ebr zgjidhjet afatshkurt\u00ebr dhe afatgjat\u00eb<\/li>\n<li>islamofobin\u00eb<\/li>\n<li>Brexit<\/li>\n<li>m\u00ebsimet e Islamit p\u00ebr zgjidhjen e k\u00ebtyre problemeve<\/li>\n<\/ul>\n<p>Kalifi nxit kombet t\u00eb bashk\u00ebpunojn\u00eb p\u00ebr t\u00eb arritur nj\u00eb paqe t\u00eb q\u00ebndrueshme n\u00eb bot\u00eb.<\/p>\n<p>M\u00eb 9 Mars 2019, Udh\u00ebheq\u00ebsi bot\u00ebror i Xhematit Musliman Ahmedia, Kalifi i Pest\u00eb, Shenjt\u00ebria e tij, Hazret Mirza Masrur Ahmed (a.b.a.) mbajti fjalimin kryesor n\u00eb Simpoziumin e 16-t\u00eb Komb\u00ebtar t\u00eb Paqes, organizuar nga Xhemati Musliman Ahmedia n\u00eb Mbret\u00ebrin\u00eb e Bashkuar.<\/p>\n<p><img loading=\"lazy\" decoding=\"async\" class=\"aligncenter size-large wp-image-8838\" src=\"https:\/\/www.ahmadiyya-islam.org\/al\/wp-content\/uploads\/sites\/3\/2019\/03\/Simpoziumi-per-paqe-Londer-2019-2-1024x456.jpg\" alt=\"paqja globale lufta boterore\" width=\"900\" height=\"401\" srcset=\"https:\/\/www.ahmadiyya-islam.org\/al\/wp-content\/uploads\/sites\/3\/2019\/03\/Simpoziumi-per-paqe-Londer-2019-2.jpg 1024w, https:\/\/www.ahmadiyya-islam.org\/al\/wp-content\/uploads\/sites\/3\/2019\/03\/Simpoziumi-per-paqe-Londer-2019-2-300x134.jpg 300w, https:\/\/www.ahmadiyya-islam.org\/al\/wp-content\/uploads\/sites\/3\/2019\/03\/Simpoziumi-per-paqe-Londer-2019-2-768x342.jpg 768w\" sizes=\"auto, (max-width: 900px) 100vw, 900px\" \/>Konferenca u mbajt n\u00eb Xhamin\u00eb Baitulf Futuh n\u00eb Lond\u00ebr, me m\u00eb shum\u00eb se 1000 pjes\u00ebmarr\u00ebs, p\u00ebrfshir\u00eb k\u00ebtu 700 trupa diplomatik\u00eb dhe t\u00eb ftuar nga 30 vende t\u00eb bot\u00ebs, nd\u00ebr to Ministra, Ambasador\u00eb t\u00eb Shteteve, Deputet\u00eb Parlamenti.<\/p>\n<p>Gjat\u00eb konferenc\u00ebs, Shenjt\u00ebria e tij i dha \u00c7mimin Musliman Ahmedia p\u00ebr P\u00ebrhapjen e Paqes Dr. Fred Mednick, themelues i organizat\u00ebs nd\u00ebrkomb\u00ebtare \u201cTeachers Without Borders\u201d, si mir\u00ebnjohje p\u00ebr p\u00ebrpjekjet e tij p\u00ebr t\u00eb siguruar qasje t\u00eb pakufishme n\u00eb arsim p\u00ebr disa nga vendet m\u00eb t\u00eb neglizhuar n\u00eb bot\u00eb.<\/p>\n<p>Hazret Mirza Masrur Ahmed (a.b.a.) nisi fjalimin duke theksuar se Xhemati Musliman Ahmedia nuk do t\u00eb rresht\u00eb kurr\u00eb s\u00eb promovuari paqen dhe drejt\u00ebsin\u00eb n\u00eb bot\u00eb.<\/p>\n<p>Shenjt\u00ebria e tij paralajm\u00ebroi se rivalitetet midis kombeve po intensifikohen dhe beteja t\u00eb reja po lindin, q\u00eb mund t\u00eb rezultojn\u00eb fatale.<\/p>\n<p><img loading=\"lazy\" decoding=\"async\" class=\"aligncenter size-large wp-image-8839\" src=\"https:\/\/www.ahmadiyya-islam.org\/al\/wp-content\/uploads\/sites\/3\/2019\/03\/Simpoziumi-per-paqe-Londer-2019-3-1024x492.jpg\" alt=\"paqja globale lufta boterore\" width=\"900\" height=\"432\" srcset=\"https:\/\/www.ahmadiyya-islam.org\/al\/wp-content\/uploads\/sites\/3\/2019\/03\/Simpoziumi-per-paqe-Londer-2019-3.jpg 1024w, https:\/\/www.ahmadiyya-islam.org\/al\/wp-content\/uploads\/sites\/3\/2019\/03\/Simpoziumi-per-paqe-Londer-2019-3-300x144.jpg 300w, https:\/\/www.ahmadiyya-islam.org\/al\/wp-content\/uploads\/sites\/3\/2019\/03\/Simpoziumi-per-paqe-Londer-2019-3-768x369.jpg 768w\" sizes=\"auto, (max-width: 900px) 100vw, 900px\" \/>Shenjt\u00ebria e tij theksoi q\u00eb lufta b\u00ebrthamore nuk \u00ebsht\u00eb di\u00e7ka e larg\u00ebt apo n\u00eb perspektiv\u00eb, por nj\u00eb k\u00ebrc\u00ebnim q\u00eb sa vjen e b\u00ebhet m\u00eb real, dhe nuk duhet injoruar apo harruar.<\/p>\n<p>Ai p\u00ebrmendi nj\u00eb num\u00ebr katalizator\u00ebsh nxit\u00ebs, p\u00ebrfshir\u00eb k\u00ebtu edhe tensionet mes fuqive b\u00ebrthamore, konfliktet dhe luft\u00ebrat q\u00eb nxiten nga fuqit\u00eb bot\u00ebrore n\u00eb Lindjen e Mesme, nacionalizimi i ekstremit t\u00eb djatht\u00eb, q\u00ebndrimi kund\u00ebr emigracionit, frustrimi ekonomik dhe izolimi, q\u00eb vazhdojn\u00eb t\u2019i shtyjn\u00eb kombet drejt luft\u00ebs b\u00ebrthamore dhe shkat\u00ebrrimit global.<\/p>\n<p>Hazret Mirza Masrur Ahmed (a.b.a.) paralajm\u00ebroi p\u00ebr shkat\u00ebrrim b\u00ebrthamor fatal n\u00ebse kombet nuk tregojn\u00eb toleranc\u00eb ose nuk p\u00ebrpiqen t\u00eb fashitin shkaqet e ndasive midis tyre.<\/p>\n<p>Hazret Mirza Masrur Ahmed (a.b.a.) u shpreh:<\/p>\n<blockquote><p><strong>\u201cLufta b\u00ebrthamore do t\u00eb sillte nj\u00eb shkat\u00ebrrim jo vet\u00ebm p\u00ebr bot\u00ebn sot, por do t\u00eb linte gjurm\u00eb, duke shkaktuar mjerim tek brezat e ardhsh\u00ebm.\u00a0Ndaj, ne duhet t\u00eb ndalojm\u00eb dhe t\u00eb reflektojm\u00eb p\u00ebr pasojat e veprimeve tona. Asnj\u00eb problem apo konflikt nuk duhet t\u00eb konsiderohet i par\u00ebnd\u00ebsish\u00ebm, qoft\u00eb n\u00eb nivel komb\u00ebtar ose nd\u00ebrkomb\u00ebtar.<\/strong><\/p><\/blockquote>\n<p><img loading=\"lazy\" decoding=\"async\" class=\"aligncenter size-large wp-image-8840\" src=\"https:\/\/www.ahmadiyya-islam.org\/al\/wp-content\/uploads\/sites\/3\/2019\/03\/Simpoziumi-per-paqe-Londer-2019-4-1024x648.jpg\" alt=\"paqja globale lufta boterore\" width=\"900\" height=\"570\" srcset=\"https:\/\/www.ahmadiyya-islam.org\/al\/wp-content\/uploads\/sites\/3\/2019\/03\/Simpoziumi-per-paqe-Londer-2019-4.jpg 1024w, https:\/\/www.ahmadiyya-islam.org\/al\/wp-content\/uploads\/sites\/3\/2019\/03\/Simpoziumi-per-paqe-Londer-2019-4-300x190.jpg 300w, https:\/\/www.ahmadiyya-islam.org\/al\/wp-content\/uploads\/sites\/3\/2019\/03\/Simpoziumi-per-paqe-Londer-2019-4-768x486.jpg 768w\" sizes=\"auto, (max-width: 900px) 100vw, 900px\" \/>Duke komentuar p\u00ebr p\u00ebrshkall\u00ebzimin e tensioneve midis shteteve, Hazret Mirza Masrur Ahmed (a.b.a.) tha:<\/p>\n<blockquote><p><strong>\u00a0\u201cGjat\u00eb vitit t\u00eb kaluar, Shtetet e Bashkuara pohuan me bindje t\u00eb plot\u00eb q\u00eb ishin shum\u00eb af\u00ebr n\u00ebnshkrimit t\u00eb nj\u00eb marr\u00ebveshjeje historike paqeje me Koren\u00eb e Veriut, por akoma edhe sot nuk ka asnj\u00eb t\u00eb dh\u00ebn\u00eb q\u00eb kjo marr\u00ebveshje \u00ebsht\u00eb arritur\u201d.<\/strong><\/p><\/blockquote>\n<p>Hazret Mirza Masrur Ahmed (a.b.a.) vijoi:<\/p>\n<blockquote><p><strong>\u201cDit\u00ebt e fundit pam\u00eb nj\u00eb p\u00ebrshkall\u00ebzimi t\u00eb papritur t\u00eb tensioneve midis Indis\u00eb dhe Pakistanit. T\u00eb dyja vendet jan\u00eb fuqi b\u00ebrthamore dhe t\u00eb dyja kan\u00eb nd\u00ebrtuar aleanca me shtetet e tjera, qoft\u00eb t\u00eb hapura apo sekrete, q\u00eb do t\u00eb thot\u00eb se pasojat e mundshme t\u00eb luft\u00ebs do jen\u00eb t\u00eb gj\u00ebra dhe gjith\u00ebp\u00ebrfshir\u00ebse\u201d.<\/strong><\/p><\/blockquote>\n<p><img loading=\"lazy\" decoding=\"async\" class=\"aligncenter size-large wp-image-8829\" src=\"https:\/\/www.ahmadiyya-islam.org\/al\/wp-content\/uploads\/sites\/3\/2019\/03\/Simpoziumi-per-paqe-Londer-2019-5-1024x690.jpg\" alt=\"paqja globale lufta boterore\" width=\"900\" height=\"606\" srcset=\"https:\/\/www.ahmadiyya-islam.org\/al\/wp-content\/uploads\/sites\/3\/2019\/03\/Simpoziumi-per-paqe-Londer-2019-5.jpg 1024w, https:\/\/www.ahmadiyya-islam.org\/al\/wp-content\/uploads\/sites\/3\/2019\/03\/Simpoziumi-per-paqe-Londer-2019-5-300x202.jpg 300w, https:\/\/www.ahmadiyya-islam.org\/al\/wp-content\/uploads\/sites\/3\/2019\/03\/Simpoziumi-per-paqe-Londer-2019-5-768x518.jpg 768w\" sizes=\"auto, (max-width: 900px) 100vw, 900px\" \/>Shenjt\u00ebria e tij deklaroi se kombet po p\u00ebrdorin konfliktet n\u00eb Lindjen e Mesme si mjet p\u00ebr t\u00eb dominuar, duke krijuar aleanca t\u00eb reja dhe duke nxitur m\u00eb tej konfliktin.<\/p>\n<p>Hazret Mirza Masrur Ahmed (a.b.a.) tha:<\/p>\n<blockquote><p><strong>\u201cNga nj\u00ebra an\u00eb kemi aleanc\u00ebn mes Rusis\u00eb dhe Turqis\u00eb, nd\u00ebrsa nga ana tjet\u00ebr, SHBA dhe Arabia Saudite po b\u00ebhen bashk\u00eb dhe po i ushtrojn\u00eb presion Iranit, dhe po k\u00ebrkojn\u00eb sanksione t\u00eb tjera kund\u00ebr tyre. Ekspert\u00ebt e politik\u00ebs shprehen qartazi se q\u00ebllimi i k\u00ebtyre kombeve \u00ebsht\u00eb t\u00eb dominojn\u00eb Lindjen e Mesme\u201d.<\/strong><\/p><\/blockquote>\n<p><img loading=\"lazy\" decoding=\"async\" class=\"aligncenter size-large wp-image-8830\" src=\"https:\/\/www.ahmadiyya-islam.org\/al\/wp-content\/uploads\/sites\/3\/2019\/03\/Simpoziumi-per-paqe-Londer-2019-6-1024x406.jpg\" alt=\"paqja globale lufta boterore\" width=\"900\" height=\"357\" srcset=\"https:\/\/www.ahmadiyya-islam.org\/al\/wp-content\/uploads\/sites\/3\/2019\/03\/Simpoziumi-per-paqe-Londer-2019-6.jpg 1024w, https:\/\/www.ahmadiyya-islam.org\/al\/wp-content\/uploads\/sites\/3\/2019\/03\/Simpoziumi-per-paqe-Londer-2019-6-300x119.jpg 300w, https:\/\/www.ahmadiyya-islam.org\/al\/wp-content\/uploads\/sites\/3\/2019\/03\/Simpoziumi-per-paqe-Londer-2019-6-768x305.jpg 768w\" sizes=\"auto, (max-width: 900px) 100vw, 900px\" \/>Hazret Mirza Masrur Ahmed (a.b.a.) vijoi:<\/p>\n<blockquote><p><strong>\u201cShpeshher\u00eb, kemi par\u00eb raste kur shtetet kan\u00eb nd\u00ebrhyr\u00eb n\u00eb kombet e shkat\u00ebrruara pas luft\u00ebs ose i kan\u00eb ndihmuar t\u00eb rim\u00ebk\u00ebmben, me pretekstin p\u00ebr t\u00eb sjell\u00eb paqe, kur n\u00eb fakt vet\u00ebm sa kan\u00eb p\u00ebrgatitur terrenin p\u00ebr t\u00eb marr\u00eb n\u00ebn kontroll pasurit\u00eb natyrore t\u00eb vendit m\u00eb t\u00eb dob\u00ebt. N\u00eb vend q\u00eb t\u2019i g\u00ebzohen pasuris\u00eb q\u00eb kan\u00eb, shtetet e fuqishme k\u00ebrkojn\u00eb t\u00eb vendosin kontroll mbi kombet e dob\u00ebta\u201d.<\/strong><\/p><\/blockquote>\n<p>Shenjt\u00ebria e tij solli si shembull luft\u00ebn n\u00eb Siri, q\u00eb ka shkaktuar mjerim pafund dhe vazhdon t\u00eb jet\u00eb n\u00eb nj\u00eb gjendje t\u00eb pasigurt.<\/p>\n<p>Hazret Mirza Masrur Ahmed (a.b.a.) tha:<\/p>\n<blockquote><p><strong>\u201cM\u00eb shum\u00eb se gati nj\u00eb dekad\u00eb, Siria \u00ebsht\u00eb rr\u00ebnuar dhe \u00ebsht\u00eb b\u00ebr\u00eb copash nga gjakderdhja. U tha q\u00eb lufta civile ishte drejt fundit, por \u00e7far\u00eb \u00ebsht\u00eb arritur n\u00eb k\u00ebt\u00eb dekad\u00eb p\u00ebrve\u00e7se vdekja e qindra mij\u00ebra njer\u00ebzve t\u00eb pafajsh\u00ebm dhe largimi i miliona t\u00eb tjer\u00ebve? Asgj\u00eb pozitive dhe e ardhmja mbetet e pasigurt, nd\u00ebrkoh\u00eb q\u00eb rriten tensionet mes shteteve q\u00eb i kan\u00eb t\u00eb lidhura interesat e tyre me t\u00eb ardhmen e Siris\u00eb\u201d.<\/strong><\/p><\/blockquote>\n<p><img loading=\"lazy\" decoding=\"async\" class=\"aligncenter size-large wp-image-8831\" src=\"https:\/\/www.ahmadiyya-islam.org\/al\/wp-content\/uploads\/sites\/3\/2019\/03\/Simpoziumi-per-paqe-Londer-2019-7-1024x367.jpg\" alt=\"paqja globale lufta boterore\" width=\"900\" height=\"323\" srcset=\"https:\/\/www.ahmadiyya-islam.org\/al\/wp-content\/uploads\/sites\/3\/2019\/03\/Simpoziumi-per-paqe-Londer-2019-7.jpg 1024w, https:\/\/www.ahmadiyya-islam.org\/al\/wp-content\/uploads\/sites\/3\/2019\/03\/Simpoziumi-per-paqe-Londer-2019-7-300x108.jpg 300w, https:\/\/www.ahmadiyya-islam.org\/al\/wp-content\/uploads\/sites\/3\/2019\/03\/Simpoziumi-per-paqe-Londer-2019-7-768x275.jpg 768w\" sizes=\"auto, (max-width: 900px) 100vw, 900px\" \/>Ai tha se:<\/p>\n<p>\u201cEdhe pse k\u00ebto kombe tentuan t\u00eb mposhtin grupet ekstremiste si ISIS n\u00eb Lindjen e Mesme, ata n\u00eb fakt vet\u00ebm sa e kan\u00eb p\u00ebrhapur m\u00eb shum\u00eb urrejtjen\u201d.<\/p>\n<p>Hazret Mirza Masrur Ahmed (a.b.a.) tha:<\/p>\n<blockquote><p><strong>\u201cU tha se grupi terrorist ISIS \u00ebsht\u00eb n\u00eb prag kolapsi dhe ashtuquajturi Kalifat i tyre ka marr\u00eb fund. Megjithat\u00eb, ekspert\u00ebt paralajm\u00ebrojn\u00eb se edhe pse ISIS ka humbur territorin e vet, ideologjit\u00eb e tij t\u00eb urrejtjes vazhdojn\u00eb dhe ka akoma an\u00ebtar\u00eb t\u00eb shp\u00ebrndar\u00eb n\u00eb t\u00eb gjith\u00eb bot\u00ebn q\u00eb mund t\u00eb mblidhen s\u00ebrish dhe t\u00eb kryejn\u00eb sulme terroriste n\u00eb Evrop\u00eb ose diku tjet\u00ebr\u201d.<\/strong><\/p><\/blockquote>\n<p>Hazret Mirza Masrur Ahmed (a.b.a.) gjithashtu theksoi se nacionalizmi vazhdon t\u00eb jet\u00eb i pranish\u00ebm dhe partit\u00eb e ekstremit t\u00eb djatht\u00eb po fitojn\u00eb popullaritet n\u00eb mbar\u00eb bot\u00ebn. Ai shpjegoi se nj\u00eb nga arsyet kryesore q\u00eb e p\u00ebrforcojn\u00eb popullaritetin e ekstremit t\u00eb djatht\u00eb \u00ebsht\u00eb emigracioni masiv.<\/p>\n<p><img loading=\"lazy\" decoding=\"async\" class=\"aligncenter size-large wp-image-8832\" src=\"https:\/\/www.ahmadiyya-islam.org\/al\/wp-content\/uploads\/sites\/3\/2019\/03\/Simpoziumi-per-paqe-Londer-2019-8-1024x472.jpg\" alt=\"paqja globale lufta boterore\" width=\"900\" height=\"415\" srcset=\"https:\/\/www.ahmadiyya-islam.org\/al\/wp-content\/uploads\/sites\/3\/2019\/03\/Simpoziumi-per-paqe-Londer-2019-8.jpg 1024w, https:\/\/www.ahmadiyya-islam.org\/al\/wp-content\/uploads\/sites\/3\/2019\/03\/Simpoziumi-per-paqe-Londer-2019-8-300x138.jpg 300w, https:\/\/www.ahmadiyya-islam.org\/al\/wp-content\/uploads\/sites\/3\/2019\/03\/Simpoziumi-per-paqe-Londer-2019-8-768x354.jpg 768w\" sizes=\"auto, (max-width: 900px) 100vw, 900px\" \/>Shenjt\u00ebria e tij shpjegoi m\u00eb tej se ka pak\u00ebnaq\u00ebsi mes banor\u00ebve vendas pasi mendojn\u00eb q\u00eb fondet publike do t\u00eb shkojn\u00eb gjithmon\u00eb e m\u00eb shum\u00eb p\u00ebr financimin dhe p\u00ebrkrahjen e emigrant\u00ebve. Ai ofroi nj\u00eb zgjidhje afatshkurt\u00ebr dhe afatgjate n\u00eb lidhje me k\u00ebt\u00eb \u00e7\u00ebshtje:<\/p>\n<p>P\u00ebr zgjidhjen afatgjat\u00eb, Hazret Mirza Masrur Ahmed (a.b.a.) tha:<\/p>\n<blockquote><p><strong>\u201cZgjidhja afatgjat\u00eb p\u00ebr kriz\u00ebn e emigracionet \u00ebsht\u00eb t\u00eb vendoset paqe n\u00eb vendet n\u00eb luft\u00eb dhe t\u00eb ndihmohen banor\u00ebt t\u00eb jetojn\u00eb n\u00eb paqe, ata banor\u00eb t\u00eb cil\u00ebt po detyrohen t\u00eb jetojn\u00eb n\u00eb mjerim dhe rrezik\u201d.<\/strong><\/p><\/blockquote>\n<p>Duke diskutuar p\u00ebr zgjidhjen afatshkurt\u00ebr, Hazret Mirza Masrur Ahmed (a.b.a.) tha:<\/p>\n<blockquote><p><strong>\u201cN\u00eb terma afatshkurt\u00ebr, ku refugjat\u00ebt ose azilk\u00ebrkuesit shkojn\u00eb n\u00eb vendet per\u00ebndimore p\u00ebr shkak t\u00eb kushteve aktuale politike ose fetare n\u00eb vendet e tyre, ata duhet t\u00eb trajtohen me dinjitet dhe respekt. N\u00eb t\u00eb nj\u00ebjt\u00ebn koh\u00eb, mb\u00ebshtetja nuk duhet t\u2019iu b\u00ebhet n\u00eb kurriz t\u00eb banor\u00ebve vendas. Emigrant\u00ebt duhet t\u00eb nxiten q\u00eb t\u00eb fillojn\u00eb sa m\u00eb shpejt\u00eb pun\u00eb, n\u00eb vend q\u00eb t\u00eb jetojn\u00eb me ndihm\u00eb ekonomike p\u00ebr nj\u00eb koh\u00eb t\u00eb gjat\u00eb. Duhet t\u00eb punojn\u00eb shum\u00eb, t\u00eb mbajn\u00eb veten e tyre dhe t\u00eb kontribuojn\u00eb pozitivisht n\u00eb shoq\u00ebrin\u00eb e re. P\u00ebrndryshe, n\u00ebse vazhdimisht financohen nga parat\u00eb e taksapaguesve, pak\u00ebnaq\u00ebsit\u00eb do t\u00eb jen\u00eb t\u00eb paevitueshme\u201d.<\/strong><\/p><\/blockquote>\n<p><img loading=\"lazy\" decoding=\"async\" class=\"aligncenter size-large wp-image-8833\" src=\"https:\/\/www.ahmadiyya-islam.org\/al\/wp-content\/uploads\/sites\/3\/2019\/03\/Simpoziumi-per-paqe-Londer-2019-9-724x1024.jpg\" alt=\"paqja globale lufta boterore\" width=\"724\" height=\"1024\" srcset=\"https:\/\/www.ahmadiyya-islam.org\/al\/wp-content\/uploads\/sites\/3\/2019\/03\/Simpoziumi-per-paqe-Londer-2019-9.jpg 724w, https:\/\/www.ahmadiyya-islam.org\/al\/wp-content\/uploads\/sites\/3\/2019\/03\/Simpoziumi-per-paqe-Londer-2019-9-212x300.jpg 212w, https:\/\/www.ahmadiyya-islam.org\/al\/wp-content\/uploads\/sites\/3\/2019\/03\/Simpoziumi-per-paqe-Londer-2019-9-200x283.jpg 200w\" sizes=\"auto, (max-width: 724px) 100vw, 724px\" \/>M\u00eb tej, Hazret Mirza Masrur Ahmed (a.b.a.) beson se shkaku kryesor i pak\u00ebnaq\u00ebsive n\u00eb shoq\u00ebri priret t\u00eb jet\u00eb frustrimi ekonomik dhe financiar, dhe kjo sjell n\u00eb m\u00ebnyr\u00eb t\u00eb paevitueshme p\u00ebrhapjen e islamofobis\u00eb dhe ksenofobis\u00eb.<\/p>\n<p>Hazret Mirza Masrur Ahmed (a.b.a.) tha:<\/p>\n<blockquote><p><strong>\u201cGrupe t\u00eb caktuara e shfryt\u00ebzojn\u00eb nj\u00eb pak\u00ebnaq\u00ebsi t\u00eb till\u00eb duke faj\u00ebsuar emigrant\u00ebt ose predikuesit e fes\u00eb dhe nxisin ndjenja urrejtjeje kundrejt tyre. K\u00ebshtu, n\u00eb Evrop\u00eb \u00ebsht\u00eb krijuar nj\u00eb p\u00ebrshtypje q\u00eb aziatik\u00ebt, afrikan\u00ebt dhe kryesisht emigrant\u00ebt musliman\u00eb jan\u00eb nj\u00eb k\u00ebrc\u00ebnim p\u00ebr shoq\u00ebrin\u00eb. N\u00eb Shtetet e Bashkuara gjithashtu ekziston e nj\u00ebjta frik\u00eb kundrejt musliman\u00ebve dhe hispanik\u00ebve q\u00eb k\u00ebrkojn\u00eb t\u00eb kalojn\u00eb kufirin n\u00ebp\u00ebrmjet Meksik\u00ebs\u201d.<\/strong><\/p><\/blockquote>\n<p>Shenjt\u00ebria e tij shpjegoi se shkaku kryesor i pak\u00ebnaq\u00ebsis\u00eb dhe i armiq\u00ebsis\u00eb, si n\u00eb Lindje ashtu edhe n\u00eb Per\u00ebndim, \u00ebsht\u00eb padrejt\u00ebsia ekonomike, prandaj \u00ebsht\u00eb e nevojshme q\u00eb t\u00eb b\u00ebhen p\u00ebrpjekje p\u00ebr t\u00eb shmangur k\u00ebt\u00eb problem mes shtetit dhe banor\u00ebve.<\/p>\n<p>Ai tha se, n\u00ebse vendet q\u00eb kan\u00eb qen\u00eb pre e luft\u00ebs ose e p\u00ebr\u00e7arjes, mund t\u00eb rim\u00ebk\u00ebmben ekonomikisht, nuk do t\u00eb kultivojn\u00eb pak\u00ebnaq\u00ebsi a urrejtje p\u00ebr kombet e tjera.\u00a0As banor\u00ebt e tyre nuk do t\u00eb detyrohen t\u00eb emigrojn\u00eb.<\/p>\n<p>Hazret Mirza Masrur Ahmed (a.b.a.) foli gjithashtu p\u00ebr pasigurin\u00eb dhe ankthin n\u00eb lidhje me Brexitin dhe marr\u00ebdh\u00ebniet n\u00eb t\u00eb ardhmen mes Mbret\u00ebris\u00eb s\u00eb Bashkuar dhe Bashkimit Evropian.<\/p>\n<p>Shenjt\u00ebria e tij p\u00ebrmendi q\u00eb ka shprehur qartazi pik\u00ebpamjet e tij n\u00eb lidhje me Brexit gjat\u00eb nj\u00eb fjalimi t\u00eb mbajtur n\u00eb Parlamentin Evropian n\u00eb vitin 2012, ku theksoi se Evropa \u00ebsht\u00eb m\u00eb e fort\u00eb kur \u00ebsht\u00eb e bashkuar dhe nj\u00eb e vetme.<\/p>\n<p>Hazret Mirza Masrur Ahmed (a.b.a.) tha:<\/p>\n<blockquote><p><strong>\u201cN\u00eb fjalimin tim shtat\u00eb vjet m\u00eb par\u00eb u p\u00ebrqendrova te r\u00ebnd\u00ebsia q\u00eb ka heqja e frik\u00ebs s\u00eb popullit n\u00eb lidhje me emigrimin dhe theksova p\u00ebrfitimet q\u00eb sjell bashkimi. Megjithat\u00eb, shqet\u00ebsimet e njer\u00ebzve nuk u mor\u00ebn parasysh, dhe k\u00ebshtu, gjithmon\u00eb e m\u00eb shum\u00eb evropian\u00ebt kan\u00eb v\u00ebn\u00eb n\u00eb pik\u00ebpyetje p\u00ebrfitimet e Bashkimit Evropian&#8230;Edhe pse kisha shpresuar p\u00ebr nj\u00eb unitet m\u00eb t\u00eb theksuar n\u00eb Evrop\u00eb, gjat\u00eb viteve t\u00eb fundit kemi qen\u00eb d\u00ebshmitar\u00eb t\u00eb shtimit t\u00eb trazirave dhe p\u00ebr\u00e7arjes\u201d.<\/strong><\/p><\/blockquote>\n<p>Teksa citoi m\u00ebsimet Islame dhe zgjidhjen q\u00eb ato japin p\u00ebr k\u00ebt\u00eb trazir\u00eb, Hazret Mirza Masrur Ahmed (a.b.a.) tha:<\/p>\n<blockquote><p><strong>\u201cPik\u00ebpamja Islame \u00ebsht\u00eb q\u00eb paqja arrihet me unitet. Fatkeq\u00ebsisht, n\u00eb vend t\u00eb unitetit, ne po k\u00ebrkojm\u00eb ndarje dhe u japim prioritet interesave vetjak\u00eb p\u00ebrkundrejt interesave kolektiv\u00eb. Besoj se politika t\u00eb tilla kan\u00eb vazhduar t\u00eb prishin themelet e paqes dhe t\u00eb siguris\u00eb n\u00eb bot\u00eb\u201d.<\/strong><\/p><\/blockquote>\n<p>Gjat\u00eb shpjegimit se si m\u00ebsimet Islame sjellin paqe n\u00eb bot\u00eb, Hazret Mirza Masrur Ahmed (a.b.a.) tha:<\/p>\n<p><strong>\u201cP\u00ebr t\u00eb krijuar nj\u00eb portret t\u00eb qart\u00eb t\u00eb qeverisjes dhe udh\u00ebheqjes Islame, duhet t\u00eb shikojm\u00eb n\u00eb epok\u00ebn e Themeluesit t\u00eb Islamit, Profeti i Shenjt\u00eb Muhammed s.a.v.s. (paqja dhe m\u00ebshira e Allahut qofshin mbi t\u00eb). Kur Profeti i Shenjt\u00eb s.a.v.s. (paqja dhe m\u00ebshira e Allahut qofshin mbi t\u00eb) m\u00ebrgoi n\u00eb Medin\u00eb, ai krijoi nj\u00eb konvent\u00eb q\u00eb hebrenjt\u00eb t\u00eb jetonin n\u00eb paqe me musliman\u00ebt, dhe t\u00eb kishte mir\u00ebkuptim, toleranc\u00eb dhe respekt t\u00eb nd\u00ebrsjell\u00eb\u201d.<\/strong><\/p>\n<p>Hazret Mirza Masrur Ahmed (a.b.a.) vazhdoi:<\/p>\n<blockquote><p><strong>\u201cKonventa rezultoi t\u00eb ishte nj\u00eb kart\u00eb e r\u00ebnd\u00ebsishme e t\u00eb drejtave t\u00eb njeriut dhe e qeverisjes, dhe siguroi paqe mes komuniteteve t\u00eb ndryshme q\u00eb jetonin n\u00eb Medin\u00eb. Sipas pikave t\u00eb kart\u00ebs, t\u00eb gjith\u00eb njer\u00ebzit, pavar\u00ebsisht besimit ose komb\u00ebsis\u00eb, ishin t\u00eb detyruar t\u00eb respektonin t\u00eb drejtat e tjetrit. Lira e besimit dhe liria e vet\u00ebdijes ishin dy pikat kryesore t\u00eb marr\u00ebveshjes\u201d.<\/strong><\/p><\/blockquote>\n<p>Hazret Mirza Masrur Ahmed (a.b.a.) e p\u00ebrmbylli fjalimin e tij me lutje p\u00ebr paqe n\u00eb bot\u00eb:<\/p>\n<blockquote><p><strong>\u201cI lutem Allahut t\u00eb Plotfuqish\u00ebm t\u00eb mbizot\u00ebroj\u00eb paqja dhe q\u00eb hijet e gjata t\u00eb luft\u00ebs dhe konfliktet q\u00eb bien mbi ne, t\u00eb z\u00ebvend\u00ebsohen nga qiejt blu t\u00eb paqes dhe mbar\u00ebsis\u00eb. Lutem q\u00eb t\u2019u vij\u00eb fundi pak\u00ebnaq\u00ebsive dhe varf\u00ebris\u00eb q\u00eb kan\u00eb pllakosur jet\u00ebt e nj\u00eb numri t\u00eb madh njer\u00ebzish dhe q\u00eb kan\u00eb nxitur luft\u00ebra shkat\u00ebrrimtare dhe pasiguri n\u00eb mbar\u00eb bot\u00ebn&#8230; Lutem q\u00eb t\u00eb tregojm\u00eb toleranc\u00eb ndaj besimeve dhe zakoneve t\u00eb nj\u00ebri-tjetrit, dhe t\u00eb vler\u00ebsojm\u00eb diversitetin n\u00eb shoq\u00ebrin\u00eb ton\u00eb. Lutem q\u00eb t\u00eb shohim m\u00eb t\u00eb mir\u00ebn e njer\u00ebzimit dhe t\u00eb p\u00ebrdorim forc\u00ebn dhe aft\u00ebsin\u00eb e nj\u00ebri-tjetrit p\u00ebr t\u00eb krijuar nj\u00eb bot\u00eb m\u00eb t\u00eb mir\u00eb p\u00ebr f\u00ebmij\u00ebt tan\u00eb dhe t\u00eb kultivojm\u00eb paqe jet\u00ebgjat\u00eb n\u00eb shoq\u00ebri\u201d.<\/strong><\/p><\/blockquote>\n<p>Fjala e mir\u00ebseardhjes u mbajt nga Rafiq Hayat, President i Xhematit Musliman Ahmedia t\u00eb Anglis\u00eb.<\/p>\n<p><img loading=\"lazy\" decoding=\"async\" class=\"aligncenter size-large wp-image-8834\" src=\"https:\/\/www.ahmadiyya-islam.org\/al\/wp-content\/uploads\/sites\/3\/2019\/03\/Simpoziumi-per-paqe-Londer-2019-10-1024x275.jpg\" alt=\"paqja globale lufta boterore\" width=\"900\" height=\"242\" srcset=\"https:\/\/www.ahmadiyya-islam.org\/al\/wp-content\/uploads\/sites\/3\/2019\/03\/Simpoziumi-per-paqe-Londer-2019-10.jpg 1024w, https:\/\/www.ahmadiyya-islam.org\/al\/wp-content\/uploads\/sites\/3\/2019\/03\/Simpoziumi-per-paqe-Londer-2019-10-300x81.jpg 300w, https:\/\/www.ahmadiyya-islam.org\/al\/wp-content\/uploads\/sites\/3\/2019\/03\/Simpoziumi-per-paqe-Londer-2019-10-768x206.jpg 768w\" sizes=\"auto, (max-width: 900px) 100vw, 900px\" \/>M\u00eb pas, Kryepeshkopi Kevin McDonald, p\u00ebrfaq\u00ebsues i Kish\u00ebs Katolike Romake, fal\u00ebnderoi Xhematin Musliman Ahmedia p\u00ebr vendosm\u00ebrin\u00eb p\u00ebr t\u00eb promovuar paqen.<\/p>\n<p>Kryepeshkopi Kevin McDonald u shpreh:<\/p>\n<blockquote><p><strong>\u201cKjo iniciativ\u00eb \u00ebsht\u00eb thuajse e pazakont\u00eb, ndryshe dhe vizionare, q\u00eb b\u00ebn s\u00eb bashku njer\u00ebz t\u00eb besimeve t\u00eb ndryshme, njer\u00ebz n\u00eb sektorin publik dhe privat, njer\u00ebz t\u00eb shtresave t\u00eb ndryshme t\u00eb jet\u00ebs, p\u00ebr t\u00eb reflektuar mbi paqen, sepse \u00ebsht\u00eb di\u00e7ka q\u00eb na prek t\u00eb gjith\u00ebve\u2026Fal\u00ebnderoj Xhematin Musliman Ahmedia q\u00eb e fokusoi v\u00ebmendjen te paqja, q\u00eb ftoi njer\u00ebz t\u00eb besimeve dhe normave t\u00eb ndryshme t\u00eb mblidhen s\u00eb bashku. Shpresoj q\u00eb t\u00eb mblidhemi me bindjen se mund t\u00eb ket\u00eb paqe n\u00eb bot\u00eb vet\u00ebm n\u00ebse ka paqe midis nesh\u201d.<\/strong><\/p><\/blockquote>\n<p><img loading=\"lazy\" decoding=\"async\" class=\"aligncenter size-large wp-image-8835\" src=\"https:\/\/www.ahmadiyya-islam.org\/al\/wp-content\/uploads\/sites\/3\/2019\/03\/Simpoziumi-per-paqe-Londer-2019-11-724x1024.jpg\" alt=\"paqja globale lufta boterore\" width=\"724\" height=\"1024\" srcset=\"https:\/\/www.ahmadiyya-islam.org\/al\/wp-content\/uploads\/sites\/3\/2019\/03\/Simpoziumi-per-paqe-Londer-2019-11.jpg 724w, https:\/\/www.ahmadiyya-islam.org\/al\/wp-content\/uploads\/sites\/3\/2019\/03\/Simpoziumi-per-paqe-Londer-2019-11-212x300.jpg 212w, https:\/\/www.ahmadiyya-islam.org\/al\/wp-content\/uploads\/sites\/3\/2019\/03\/Simpoziumi-per-paqe-Londer-2019-11-200x283.jpg 200w\" sizes=\"auto, (max-width: 724px) 100vw, 724px\" \/>Pasi mori \u00c7mimin Musliman Ahmedia p\u00ebr P\u00ebrhapjen e Paqes, dr. Fred Mednick, themelues i organizat\u00ebs nd\u00ebrkomb\u00ebtare \u201cTeachers Without Borders\u201d, u shpreh:<\/p>\n<blockquote><p><strong>\u201cP\u00ebrmes k\u00ebtij \u00e7mimi, Shenjt\u00ebria e tij, Xhemati Musliman Ahmedia d\u00ebgjoi z\u00ebrin e m\u00ebsuesit dhe k\u00ebng\u00ebt e m\u00ebsimdh\u00ebn\u00ebsve&#8230;Ndihem i respektuar nga mikpritja, ngroht\u00ebsia dhe sinqeriteti i Xhematit, dhe mund t\u00eb them vet\u00ebm q\u00eb \u00ebsht\u00eb nj\u00eb nder i ve\u00e7ant\u00eb p\u00ebr mua q\u00eb t\u00eb marr\u00eb k\u00ebt\u00eb \u00e7mim; duhet t\u00eb b\u00ebjm\u00eb m\u00eb t\u00eb mir\u00ebn ton\u00eb, InshAllah (Dasht\u00eb Zoti), p\u00ebr t\u00eb shkuar tek m\u00eb shum\u00eb m\u00ebsues n\u00eb k\u00ebt\u00eb planet, dhe sidomos te m\u00ebsuesit dhe f\u00ebmij\u00ebt n\u00eb vendet e treta\u201d.<\/strong><\/p><\/blockquote>\n<p><img loading=\"lazy\" decoding=\"async\" class=\"aligncenter size-large wp-image-8836\" src=\"https:\/\/www.ahmadiyya-islam.org\/al\/wp-content\/uploads\/sites\/3\/2019\/03\/Simpoziumi-per-paqe-Londer-2019-12-1024x387.jpg\" alt=\"paqja globale lufta boterore\" width=\"900\" height=\"340\" srcset=\"https:\/\/www.ahmadiyya-islam.org\/al\/wp-content\/uploads\/sites\/3\/2019\/03\/Simpoziumi-per-paqe-Londer-2019-12.jpg 1024w, https:\/\/www.ahmadiyya-islam.org\/al\/wp-content\/uploads\/sites\/3\/2019\/03\/Simpoziumi-per-paqe-Londer-2019-12-300x113.jpg 300w, https:\/\/www.ahmadiyya-islam.org\/al\/wp-content\/uploads\/sites\/3\/2019\/03\/Simpoziumi-per-paqe-Londer-2019-12-768x290.jpg 768w\" sizes=\"auto, (max-width: 900px) 100vw, 900px\" \/>Konferenca u mbyll me nj\u00eb lutje n\u00eb heshtje nga Shenjt\u00ebria e tij.<\/p>\n<p>Shenjt\u00ebria e tij takoi personalisht shum\u00eb intelektual\u00eb dhe t\u00eb ftuar, si dhe mbajti nj\u00eb konferenc\u00eb p\u00ebr shtyp me gazetar\u00ebt dhe p\u00ebrfaq\u00ebsues t\u00eb medias.<\/p>\n","protected":false},"excerpt":{"rendered":"<p>Lufta b\u00ebrthamore do t\u00eb sillte nj\u00eb shkat\u00ebrrim jo vet\u00ebm p\u00ebr bot\u00ebn sot, por do t\u00eb linte gjurm\u00eb, duke shkaktuar mjerim tek brezat e ardhsh\u00ebm.\u00a0Ndaj, ne duhet t\u00eb ndalojm\u00eb dhe t\u00eb reflektojm\u00eb p\u00ebr pasojat e veprimeve tona. Asnj\u00eb problem apo konflikt nuk duhet t\u00eb konsiderohet i par\u00ebnd\u00ebsish\u00ebm, qoft\u00eb n\u00eb nivel komb\u00ebtar ose nd\u00ebrkomb\u00ebtar.<\/p>\n","protected":false},"author":5,"featured_media":8837,"comment_status":"closed","ping_status":"closed","sticky":false,"template":"","format":"standard","meta":{"_acf_changed":false,"footnotes":""},"categories":[11],"tags":[],"authors":[],"content_source":[],"class_list":["post-8828","post","type-post","status-publish","format-standard","has-post-thumbnail","hentry","category-njoftim-per-shtyp","topics-paqja-globale"],"acf":[],"yoast_head":"<!-- This site is optimized with the Yoast SEO Premium plugin v21.1 (Yoast SEO v27.4) - https:\/\/yoast.com\/product\/yoast-seo-premium-wordpress\/ -->\n<title>Kalifi paralajm\u00ebron p\u00ebr intensifikim t\u00eb trazirave dhe rrezikun e luft\u00ebs b\u00ebrthamore<\/title>\n<meta name=\"description\" content=\"Lufta b\u00ebrthamore do t\u00eb sillte nj\u00eb shkat\u00ebrrim jo vet\u00ebm p\u00ebr bot\u00ebn sot, por do t\u00eb linte gjurm\u00eb, duke shkaktuar mjerim tek brezat e ardhsh\u00ebm.\u00a0Ndaj, ne duhet t\u00eb ndalojm\u00eb dhe t\u00eb reflektojm\u00eb p\u00ebr pasojat e veprimeve tona. Asnj\u00eb problem apo konflikt nuk duhet t\u00eb konsiderohet i par\u00ebnd\u00ebsish\u00ebm, qoft\u00eb n\u00eb nivel komb\u00ebtar ose nd\u00ebrkomb\u00ebtar.\" \/>\n<meta name=\"robots\" content=\"index, follow, max-snippet:-1, max-image-preview:large, max-video-preview:-1\" \/>\n<link rel=\"canonical\" href=\"https:\/\/www.ahmadiyya-islam.org\/al\/njoftim-per-shtyp\/kalifi-paralajmeron-per-rrezikun-e-luftes-berthamore\/\" \/>\n<meta property=\"og:locale\" content=\"sq_AL\" \/>\n<meta property=\"og:type\" content=\"article\" \/>\n<meta property=\"og:title\" content=\"Kalifi i Xhematit Musliman Ahmedia paralajm\u00ebron p\u00ebr intensifikim t\u00eb trazirave globale dhe rrezikun fatal t\u00eb luft\u00ebs b\u00ebrthamore\" \/>\n<meta property=\"og:description\" content=\"Lufta b\u00ebrthamore do t\u00eb sillte nj\u00eb shkat\u00ebrrim jo vet\u00ebm p\u00ebr bot\u00ebn sot, por do t\u00eb linte gjurm\u00eb, duke shkaktuar mjerim tek brezat e ardhsh\u00ebm.\u00a0Ndaj, ne duhet t\u00eb ndalojm\u00eb dhe t\u00eb reflektojm\u00eb p\u00ebr pasojat e veprimeve tona. Asnj\u00eb problem apo konflikt nuk duhet t\u00eb konsiderohet i par\u00ebnd\u00ebsish\u00ebm, qoft\u00eb n\u00eb nivel komb\u00ebtar ose nd\u00ebrkomb\u00ebtar.\" \/>\n<meta property=\"og:url\" content=\"https:\/\/www.ahmadiyya-islam.org\/al\/njoftim-per-shtyp\/kalifi-paralajmeron-per-rrezikun-e-luftes-berthamore\/\" \/>\n<meta property=\"og:site_name\" content=\"Xhemati Musliman Ahmedia\" \/>\n<meta property=\"article:published_time\" content=\"2019-03-16T17:44:04+00:00\" \/>\n<meta property=\"og:image\" content=\"https:\/\/www.ahmadiyya-islam.org\/al\/wp-content\/uploads\/sites\/3\/2019\/03\/Simpoziumi-per-paqe-Londer-2019-1.jpg\" \/>\n\t<meta property=\"og:image:width\" content=\"1467\" \/>\n\t<meta property=\"og:image:height\" content=\"509\" \/>\n\t<meta property=\"og:image:type\" content=\"image\/jpeg\" \/>\n<meta name=\"author\" content=\"samad\" \/>\n<meta name=\"twitter:card\" content=\"summary_large_image\" \/>\n<meta name=\"twitter:label1\" content=\"Written by\" \/>\n\t<meta name=\"twitter:data1\" content=\"samad\" \/>\n\t<meta name=\"twitter:label2\" content=\"Est. reading time\" \/>\n\t<meta name=\"twitter:data2\" content=\"13 minutes\" \/>\n<script type=\"application\/ld+json\" class=\"yoast-schema-graph\">{\"@context\":\"https:\\\/\\\/schema.org\",\"@graph\":[{\"@type\":\"Article\",\"@id\":\"https:\\\/\\\/www.ahmadiyya-islam.org\\\/al\\\/njoftim-per-shtyp\\\/kalifi-paralajmeron-per-rrezikun-e-luftes-berthamore\\\/#article\",\"isPartOf\":{\"@id\":\"https:\\\/\\\/www.ahmadiyya-islam.org\\\/al\\\/njoftim-per-shtyp\\\/kalifi-paralajmeron-per-rrezikun-e-luftes-berthamore\\\/\"},\"author\":{\"name\":\"samad\",\"@id\":\"https:\\\/\\\/www.ahmadiyya-islam.org\\\/al\\\/#\\\/schema\\\/person\\\/5f18f059fde6d65fbdbffcced4741b8d\"},\"headline\":\"Kalifi i Xhematit Musliman Ahmedia paralajm\u00ebron p\u00ebr intensifikim t\u00eb trazirave globale dhe rrezikun fatal t\u00eb luft\u00ebs b\u00ebrthamore\",\"datePublished\":\"2019-03-16T17:44:04+00:00\",\"mainEntityOfPage\":{\"@id\":\"https:\\\/\\\/www.ahmadiyya-islam.org\\\/al\\\/njoftim-per-shtyp\\\/kalifi-paralajmeron-per-rrezikun-e-luftes-berthamore\\\/\"},\"wordCount\":2553,\"image\":{\"@id\":\"https:\\\/\\\/www.ahmadiyya-islam.org\\\/al\\\/njoftim-per-shtyp\\\/kalifi-paralajmeron-per-rrezikun-e-luftes-berthamore\\\/#primaryimage\"},\"thumbnailUrl\":\"https:\\\/\\\/www.ahmadiyya-islam.org\\\/al\\\/wp-content\\\/uploads\\\/sites\\\/3\\\/2019\\\/03\\\/Simpoziumi-per-paqe-Londer-2019-1.jpg\",\"articleSection\":[\"Njoftim p\u00ebr shtyp\"],\"inLanguage\":\"sq-AL\"},{\"@type\":\"WebPage\",\"@id\":\"https:\\\/\\\/www.ahmadiyya-islam.org\\\/al\\\/njoftim-per-shtyp\\\/kalifi-paralajmeron-per-rrezikun-e-luftes-berthamore\\\/\",\"url\":\"https:\\\/\\\/www.ahmadiyya-islam.org\\\/al\\\/njoftim-per-shtyp\\\/kalifi-paralajmeron-per-rrezikun-e-luftes-berthamore\\\/\",\"name\":\"Kalifi paralajm\u00ebron p\u00ebr intensifikim t\u00eb trazirave dhe rrezikun e luft\u00ebs b\u00ebrthamore\",\"isPartOf\":{\"@id\":\"https:\\\/\\\/www.ahmadiyya-islam.org\\\/al\\\/#website\"},\"primaryImageOfPage\":{\"@id\":\"https:\\\/\\\/www.ahmadiyya-islam.org\\\/al\\\/njoftim-per-shtyp\\\/kalifi-paralajmeron-per-rrezikun-e-luftes-berthamore\\\/#primaryimage\"},\"image\":{\"@id\":\"https:\\\/\\\/www.ahmadiyya-islam.org\\\/al\\\/njoftim-per-shtyp\\\/kalifi-paralajmeron-per-rrezikun-e-luftes-berthamore\\\/#primaryimage\"},\"thumbnailUrl\":\"https:\\\/\\\/www.ahmadiyya-islam.org\\\/al\\\/wp-content\\\/uploads\\\/sites\\\/3\\\/2019\\\/03\\\/Simpoziumi-per-paqe-Londer-2019-1.jpg\",\"datePublished\":\"2019-03-16T17:44:04+00:00\",\"author\":{\"@id\":\"https:\\\/\\\/www.ahmadiyya-islam.org\\\/al\\\/#\\\/schema\\\/person\\\/5f18f059fde6d65fbdbffcced4741b8d\"},\"description\":\"Lufta b\u00ebrthamore do t\u00eb sillte nj\u00eb shkat\u00ebrrim jo vet\u00ebm p\u00ebr bot\u00ebn sot, por do t\u00eb linte gjurm\u00eb, duke shkaktuar mjerim tek brezat e ardhsh\u00ebm.\u00a0Ndaj, ne duhet t\u00eb ndalojm\u00eb dhe t\u00eb reflektojm\u00eb p\u00ebr pasojat e veprimeve tona. Asnj\u00eb problem apo konflikt nuk duhet t\u00eb konsiderohet i par\u00ebnd\u00ebsish\u00ebm, qoft\u00eb n\u00eb nivel komb\u00ebtar ose nd\u00ebrkomb\u00ebtar.\",\"breadcrumb\":{\"@id\":\"https:\\\/\\\/www.ahmadiyya-islam.org\\\/al\\\/njoftim-per-shtyp\\\/kalifi-paralajmeron-per-rrezikun-e-luftes-berthamore\\\/#breadcrumb\"},\"inLanguage\":\"sq-AL\",\"potentialAction\":[{\"@type\":\"ReadAction\",\"target\":[\"https:\\\/\\\/www.ahmadiyya-islam.org\\\/al\\\/njoftim-per-shtyp\\\/kalifi-paralajmeron-per-rrezikun-e-luftes-berthamore\\\/\"]}]},{\"@type\":\"ImageObject\",\"inLanguage\":\"sq-AL\",\"@id\":\"https:\\\/\\\/www.ahmadiyya-islam.org\\\/al\\\/njoftim-per-shtyp\\\/kalifi-paralajmeron-per-rrezikun-e-luftes-berthamore\\\/#primaryimage\",\"url\":\"https:\\\/\\\/www.ahmadiyya-islam.org\\\/al\\\/wp-content\\\/uploads\\\/sites\\\/3\\\/2019\\\/03\\\/Simpoziumi-per-paqe-Londer-2019-1.jpg\",\"contentUrl\":\"https:\\\/\\\/www.ahmadiyya-islam.org\\\/al\\\/wp-content\\\/uploads\\\/sites\\\/3\\\/2019\\\/03\\\/Simpoziumi-per-paqe-Londer-2019-1.jpg\",\"width\":1467,\"height\":509,\"caption\":\"paqja globale lufta boterore\"},{\"@type\":\"BreadcrumbList\",\"@id\":\"https:\\\/\\\/www.ahmadiyya-islam.org\\\/al\\\/njoftim-per-shtyp\\\/kalifi-paralajmeron-per-rrezikun-e-luftes-berthamore\\\/#breadcrumb\",\"itemListElement\":[{\"@type\":\"ListItem\",\"position\":1,\"name\":\"Home\",\"item\":\"https:\\\/\\\/www.ahmadiyya-islam.org\\\/al\\\/\"},{\"@type\":\"ListItem\",\"position\":2,\"name\":\"Kalifi i Xhematit Musliman Ahmedia paralajm\u00ebron p\u00ebr intensifikim t\u00eb trazirave globale dhe rrezikun fatal t\u00eb luft\u00ebs b\u00ebrthamore\"}]},{\"@type\":\"WebSite\",\"@id\":\"https:\\\/\\\/www.ahmadiyya-islam.org\\\/al\\\/#website\",\"url\":\"https:\\\/\\\/www.ahmadiyya-islam.org\\\/al\\\/\",\"name\":\"Xhemati Musliman Ahmedia\",\"description\":\"Albania\",\"potentialAction\":[{\"@type\":\"SearchAction\",\"target\":{\"@type\":\"EntryPoint\",\"urlTemplate\":\"https:\\\/\\\/www.ahmadiyya-islam.org\\\/al\\\/?s={search_term_string}\"},\"query-input\":{\"@type\":\"PropertyValueSpecification\",\"valueRequired\":true,\"valueName\":\"search_term_string\"}}],\"inLanguage\":\"sq-AL\"},{\"@type\":\"Person\",\"@id\":\"https:\\\/\\\/www.ahmadiyya-islam.org\\\/al\\\/#\\\/schema\\\/person\\\/5f18f059fde6d65fbdbffcced4741b8d\",\"name\":\"samad\"}]}<\/script>\n<!-- \/ Yoast SEO Premium plugin. -->","yoast_head_json":{"title":"Kalifi paralajm\u00ebron p\u00ebr intensifikim t\u00eb trazirave dhe rrezikun e luft\u00ebs b\u00ebrthamore","description":"Lufta b\u00ebrthamore do t\u00eb sillte nj\u00eb shkat\u00ebrrim jo vet\u00ebm p\u00ebr bot\u00ebn sot, por do t\u00eb linte gjurm\u00eb, duke shkaktuar mjerim tek brezat e ardhsh\u00ebm.\u00a0Ndaj, ne duhet t\u00eb ndalojm\u00eb dhe t\u00eb reflektojm\u00eb p\u00ebr pasojat e veprimeve tona. Asnj\u00eb problem apo konflikt nuk duhet t\u00eb konsiderohet i par\u00ebnd\u00ebsish\u00ebm, qoft\u00eb n\u00eb nivel komb\u00ebtar ose nd\u00ebrkomb\u00ebtar.","robots":{"index":"index","follow":"follow","max-snippet":"max-snippet:-1","max-image-preview":"max-image-preview:large","max-video-preview":"max-video-preview:-1"},"canonical":"https:\/\/www.ahmadiyya-islam.org\/al\/njoftim-per-shtyp\/kalifi-paralajmeron-per-rrezikun-e-luftes-berthamore\/","og_locale":"sq_AL","og_type":"article","og_title":"Kalifi i Xhematit Musliman Ahmedia paralajm\u00ebron p\u00ebr intensifikim t\u00eb trazirave globale dhe rrezikun fatal t\u00eb luft\u00ebs b\u00ebrthamore","og_description":"Lufta b\u00ebrthamore do t\u00eb sillte nj\u00eb shkat\u00ebrrim jo vet\u00ebm p\u00ebr bot\u00ebn sot, por do t\u00eb linte gjurm\u00eb, duke shkaktuar mjerim tek brezat e ardhsh\u00ebm.\u00a0Ndaj, ne duhet t\u00eb ndalojm\u00eb dhe t\u00eb reflektojm\u00eb p\u00ebr pasojat e veprimeve tona. Asnj\u00eb problem apo konflikt nuk duhet t\u00eb konsiderohet i par\u00ebnd\u00ebsish\u00ebm, qoft\u00eb n\u00eb nivel komb\u00ebtar ose nd\u00ebrkomb\u00ebtar.","og_url":"https:\/\/www.ahmadiyya-islam.org\/al\/njoftim-per-shtyp\/kalifi-paralajmeron-per-rrezikun-e-luftes-berthamore\/","og_site_name":"Xhemati Musliman Ahmedia","article_published_time":"2019-03-16T17:44:04+00:00","og_image":[{"width":1467,"height":509,"url":"https:\/\/www.ahmadiyya-islam.org\/al\/wp-content\/uploads\/sites\/3\/2019\/03\/Simpoziumi-per-paqe-Londer-2019-1.jpg","type":"image\/jpeg"}],"author":"samad","twitter_card":"summary_large_image","twitter_misc":{"Written by":"samad","Est. reading time":"13 minutes"},"schema":{"@context":"https:\/\/schema.org","@graph":[{"@type":"Article","@id":"https:\/\/www.ahmadiyya-islam.org\/al\/njoftim-per-shtyp\/kalifi-paralajmeron-per-rrezikun-e-luftes-berthamore\/#article","isPartOf":{"@id":"https:\/\/www.ahmadiyya-islam.org\/al\/njoftim-per-shtyp\/kalifi-paralajmeron-per-rrezikun-e-luftes-berthamore\/"},"author":{"name":"samad","@id":"https:\/\/www.ahmadiyya-islam.org\/al\/#\/schema\/person\/5f18f059fde6d65fbdbffcced4741b8d"},"headline":"Kalifi i Xhematit Musliman Ahmedia paralajm\u00ebron p\u00ebr intensifikim t\u00eb trazirave globale dhe rrezikun fatal t\u00eb luft\u00ebs b\u00ebrthamore","datePublished":"2019-03-16T17:44:04+00:00","mainEntityOfPage":{"@id":"https:\/\/www.ahmadiyya-islam.org\/al\/njoftim-per-shtyp\/kalifi-paralajmeron-per-rrezikun-e-luftes-berthamore\/"},"wordCount":2553,"image":{"@id":"https:\/\/www.ahmadiyya-islam.org\/al\/njoftim-per-shtyp\/kalifi-paralajmeron-per-rrezikun-e-luftes-berthamore\/#primaryimage"},"thumbnailUrl":"https:\/\/www.ahmadiyya-islam.org\/al\/wp-content\/uploads\/sites\/3\/2019\/03\/Simpoziumi-per-paqe-Londer-2019-1.jpg","articleSection":["Njoftim p\u00ebr shtyp"],"inLanguage":"sq-AL"},{"@type":"WebPage","@id":"https:\/\/www.ahmadiyya-islam.org\/al\/njoftim-per-shtyp\/kalifi-paralajmeron-per-rrezikun-e-luftes-berthamore\/","url":"https:\/\/www.ahmadiyya-islam.org\/al\/njoftim-per-shtyp\/kalifi-paralajmeron-per-rrezikun-e-luftes-berthamore\/","name":"Kalifi paralajm\u00ebron p\u00ebr intensifikim t\u00eb trazirave dhe rrezikun e luft\u00ebs b\u00ebrthamore","isPartOf":{"@id":"https:\/\/www.ahmadiyya-islam.org\/al\/#website"},"primaryImageOfPage":{"@id":"https:\/\/www.ahmadiyya-islam.org\/al\/njoftim-per-shtyp\/kalifi-paralajmeron-per-rrezikun-e-luftes-berthamore\/#primaryimage"},"image":{"@id":"https:\/\/www.ahmadiyya-islam.org\/al\/njoftim-per-shtyp\/kalifi-paralajmeron-per-rrezikun-e-luftes-berthamore\/#primaryimage"},"thumbnailUrl":"https:\/\/www.ahmadiyya-islam.org\/al\/wp-content\/uploads\/sites\/3\/2019\/03\/Simpoziumi-per-paqe-Londer-2019-1.jpg","datePublished":"2019-03-16T17:44:04+00:00","author":{"@id":"https:\/\/www.ahmadiyya-islam.org\/al\/#\/schema\/person\/5f18f059fde6d65fbdbffcced4741b8d"},"description":"Lufta b\u00ebrthamore do t\u00eb sillte nj\u00eb shkat\u00ebrrim jo vet\u00ebm p\u00ebr bot\u00ebn sot, por do t\u00eb linte gjurm\u00eb, duke shkaktuar mjerim tek brezat e ardhsh\u00ebm.\u00a0Ndaj, ne duhet t\u00eb ndalojm\u00eb dhe t\u00eb reflektojm\u00eb p\u00ebr pasojat e veprimeve tona. Asnj\u00eb problem apo konflikt nuk duhet t\u00eb konsiderohet i par\u00ebnd\u00ebsish\u00ebm, qoft\u00eb n\u00eb nivel komb\u00ebtar ose nd\u00ebrkomb\u00ebtar.","breadcrumb":{"@id":"https:\/\/www.ahmadiyya-islam.org\/al\/njoftim-per-shtyp\/kalifi-paralajmeron-per-rrezikun-e-luftes-berthamore\/#breadcrumb"},"inLanguage":"sq-AL","potentialAction":[{"@type":"ReadAction","target":["https:\/\/www.ahmadiyya-islam.org\/al\/njoftim-per-shtyp\/kalifi-paralajmeron-per-rrezikun-e-luftes-berthamore\/"]}]},{"@type":"ImageObject","inLanguage":"sq-AL","@id":"https:\/\/www.ahmadiyya-islam.org\/al\/njoftim-per-shtyp\/kalifi-paralajmeron-per-rrezikun-e-luftes-berthamore\/#primaryimage","url":"https:\/\/www.ahmadiyya-islam.org\/al\/wp-content\/uploads\/sites\/3\/2019\/03\/Simpoziumi-per-paqe-Londer-2019-1.jpg","contentUrl":"https:\/\/www.ahmadiyya-islam.org\/al\/wp-content\/uploads\/sites\/3\/2019\/03\/Simpoziumi-per-paqe-Londer-2019-1.jpg","width":1467,"height":509,"caption":"paqja globale lufta boterore"},{"@type":"BreadcrumbList","@id":"https:\/\/www.ahmadiyya-islam.org\/al\/njoftim-per-shtyp\/kalifi-paralajmeron-per-rrezikun-e-luftes-berthamore\/#breadcrumb","itemListElement":[{"@type":"ListItem","position":1,"name":"Home","item":"https:\/\/www.ahmadiyya-islam.org\/al\/"},{"@type":"ListItem","position":2,"name":"Kalifi i Xhematit Musliman Ahmedia paralajm\u00ebron p\u00ebr intensifikim t\u00eb trazirave globale dhe rrezikun fatal t\u00eb luft\u00ebs b\u00ebrthamore"}]},{"@type":"WebSite","@id":"https:\/\/www.ahmadiyya-islam.org\/al\/#website","url":"https:\/\/www.ahmadiyya-islam.org\/al\/","name":"Xhemati Musliman Ahmedia","description":"Albania","potentialAction":[{"@type":"SearchAction","target":{"@type":"EntryPoint","urlTemplate":"https:\/\/www.ahmadiyya-islam.org\/al\/?s={search_term_string}"},"query-input":{"@type":"PropertyValueSpecification","valueRequired":true,"valueName":"search_term_string"}}],"inLanguage":"sq-AL"},{"@type":"Person","@id":"https:\/\/www.ahmadiyya-islam.org\/al\/#\/schema\/person\/5f18f059fde6d65fbdbffcced4741b8d","name":"samad"}]}},"_links":{"self":[{"href":"https:\/\/www.ahmadiyya-islam.org\/al\/wp-json\/wp\/v2\/posts\/8828","targetHints":{"allow":["GET"]}}],"collection":[{"href":"https:\/\/www.ahmadiyya-islam.org\/al\/wp-json\/wp\/v2\/posts"}],"about":[{"href":"https:\/\/www.ahmadiyya-islam.org\/al\/wp-json\/wp\/v2\/types\/post"}],"author":[{"embeddable":true,"href":"https:\/\/www.ahmadiyya-islam.org\/al\/wp-json\/wp\/v2\/users\/5"}],"replies":[{"embeddable":true,"href":"https:\/\/www.ahmadiyya-islam.org\/al\/wp-json\/wp\/v2\/comments?post=8828"}],"version-history":[{"count":0,"href":"https:\/\/www.ahmadiyya-islam.org\/al\/wp-json\/wp\/v2\/posts\/8828\/revisions"}],"wp:featuredmedia":[{"embeddable":true,"href":"https:\/\/www.ahmadiyya-islam.org\/al\/wp-json\/wp\/v2\/media\/8837"}],"wp:attachment":[{"href":"https:\/\/www.ahmadiyya-islam.org\/al\/wp-json\/wp\/v2\/media?parent=8828"}],"wp:term":[{"taxonomy":"category","embeddable":true,"href":"https:\/\/www.ahmadiyya-islam.org\/al\/wp-json\/wp\/v2\/categories?post=8828"},{"taxonomy":"post_tag","embeddable":true,"href":"https:\/\/www.ahmadiyya-islam.org\/al\/wp-json\/wp\/v2\/tags?post=8828"},{"taxonomy":"authors","embeddable":true,"href":"https:\/\/www.ahmadiyya-islam.org\/al\/wp-json\/wp\/v2\/authors?post=8828"},{"taxonomy":"content_source","embeddable":true,"href":"https:\/\/www.ahmadiyya-islam.org\/al\/wp-json\/wp\/v2\/content_source?post=8828"}],"curies":[{"name":"wp","href":"https:\/\/api.w.org\/{rel}","templated":true}]}}