{"id":7970,"date":"2018-08-24T12:57:09","date_gmt":"2018-08-24T12:57:09","guid":{"rendered":"https:\/\/www.ahmadiyya-islam.org\/al\/?p=7970"},"modified":"2020-06-15T16:57:20","modified_gmt":"2020-06-15T16:57:20","slug":"kurban-bajrami-xhemati-ahmedia-ndihmon-115-familje-ne-nevoje","status":"publish","type":"post","link":"https:\/\/www.ahmadiyya-islam.org\/al\/njoftim-per-shtyp\/kurban-bajrami-xhemati-ahmedia-ndihmon-115-familje-ne-nevoje\/","title":{"rendered":"Kurban Bajrami: Xhemati Musliman Ahmedia ndihmon 115 familje n\u00eb nevoj\u00eb"},"content":{"rendered":"<p style=\"font-weight: 400\">Kurban Bajrami \u00ebsht\u00eb festa q\u00eb na jep m\u00ebsimin e sakrific\u00ebs. Organizata Humanity First, dega e Gjermanis\u00eb, n\u00eb bashk\u00ebpunim me Xhematin Musliman Ahmedia t\u00eb Shqip\u00ebris\u00eb me rastin e Kurban Bajramit, me dat\u00ebn 23 gusht 2018, shp\u00ebrndau 460 kg mish mes 115 familjeve n\u00eb nevoj\u00eb t\u00eb Tiran\u00ebs. Xhemati Musliman Ahmedia vepron me moton e tij &#8220;Dashuri p\u00ebr t\u00eb gjith\u00eb, urrejtje p\u00ebr ask\u00ebnd&#8221;. Elhamdulil-lah!<\/p>\n<p style=\"font-weight: 400\">K\u00ebt\u00eb event e nderoi me pranin\u00eb e saj Znj. Loreta Aliko, Kryetare e Komitetit Shtet\u00ebror p\u00ebr Kultet. Znj. Aliko fal\u00ebnderoi Humanity First dhe Xhematin Musliman Ahmedia t\u00eb Shqip\u00ebris\u00eb p\u00ebr k\u00ebt\u00eb ndihmes\u00eb.<\/p>\n<p style=\"font-weight: 400\">Samad Ghori, President i Xhematit Musliman Ahmedia t\u00eb Shqip\u00ebris\u00eb fal\u00ebnderoi Znj. Aliko p\u00ebr ta nderuar aktivitetin me pranin\u00eb e saj dhe gjithashtu p\u00ebrfaq\u00ebsuesit e Drejtoris\u00eb s\u00eb Sh\u00ebrbimit Social t\u00eb Bashkis\u00eb s\u00eb Tiran\u00ebs Znj. Migena Spaho dhe t\u00eb tjer\u00eb p\u00ebr bashk\u00ebpunimin e shk\u00eblqyer. Fal\u00eb k\u00ebsaj strukture t\u00eb Bashkis\u00eb, familjet n\u00eb nevoj\u00eb jan\u00eb mbledhur n\u00eb Qendr\u00ebn Sociale Multidisiplinare, ku 100 pako iu shp\u00ebrndan\u00eb njer\u00ebzve n\u00eb nevoj\u00eb n\u00eb m\u00ebnyr\u00eb t\u00eb shpejt\u00eb e t\u00eb sakt\u00eb.<\/p>\n<p>P\u00ebrve\u00e7 k\u00ebtyre, Xhemati u dhuroi edhe 15 familjeve t\u00eb tjera po n\u00eb Tiran\u00eb.<\/p>\n<p>Disa foto nga aktiviteti:<br \/>\n<img loading=\"lazy\" decoding=\"async\" class=\"aligncenter size-large wp-image-7972\" src=\"https:\/\/www.ahmadiyya-islam.org\/al\/wp-content\/uploads\/sites\/3\/2018\/08\/2018-kurban-bajrami-xhemati-1-1024x683.jpg\" alt=\"kurban bajrami\" width=\"900\" height=\"600\" srcset=\"https:\/\/www.ahmadiyya-islam.org\/al\/wp-content\/uploads\/sites\/3\/2018\/08\/2018-kurban-bajrami-xhemati-1-1024x683.jpg 1024w, https:\/\/www.ahmadiyya-islam.org\/al\/wp-content\/uploads\/sites\/3\/2018\/08\/2018-kurban-bajrami-xhemati-1-300x200.jpg 300w, https:\/\/www.ahmadiyya-islam.org\/al\/wp-content\/uploads\/sites\/3\/2018\/08\/2018-kurban-bajrami-xhemati-1-768x512.jpg 768w, https:\/\/www.ahmadiyya-islam.org\/al\/wp-content\/uploads\/sites\/3\/2018\/08\/2018-kurban-bajrami-xhemati-1.jpg 1377w\" sizes=\"auto, (max-width: 900px) 100vw, 900px\" \/> <img loading=\"lazy\" decoding=\"async\" class=\"aligncenter size-large wp-image-7973\" src=\"https:\/\/www.ahmadiyya-islam.org\/al\/wp-content\/uploads\/sites\/3\/2018\/08\/2018-kurban-bajrami-xhemati-2-1024x683.jpg\" alt=\"kurban bajrami\" width=\"900\" height=\"600\" srcset=\"https:\/\/www.ahmadiyya-islam.org\/al\/wp-content\/uploads\/sites\/3\/2018\/08\/2018-kurban-bajrami-xhemati-2-1024x683.jpg 1024w, https:\/\/www.ahmadiyya-islam.org\/al\/wp-content\/uploads\/sites\/3\/2018\/08\/2018-kurban-bajrami-xhemati-2-300x200.jpg 300w, https:\/\/www.ahmadiyya-islam.org\/al\/wp-content\/uploads\/sites\/3\/2018\/08\/2018-kurban-bajrami-xhemati-2-768x512.jpg 768w, https:\/\/www.ahmadiyya-islam.org\/al\/wp-content\/uploads\/sites\/3\/2018\/08\/2018-kurban-bajrami-xhemati-2.jpg 1377w\" sizes=\"auto, (max-width: 900px) 100vw, 900px\" \/> <img loading=\"lazy\" decoding=\"async\" class=\"aligncenter size-large wp-image-7974\" src=\"https:\/\/www.ahmadiyya-islam.org\/al\/wp-content\/uploads\/sites\/3\/2018\/08\/2018-kurban-bajrami-xhemati-3-1024x683.jpg\" alt=\"kurban bajrami\" width=\"900\" height=\"600\" srcset=\"https:\/\/www.ahmadiyya-islam.org\/al\/wp-content\/uploads\/sites\/3\/2018\/08\/2018-kurban-bajrami-xhemati-3-1024x683.jpg 1024w, https:\/\/www.ahmadiyya-islam.org\/al\/wp-content\/uploads\/sites\/3\/2018\/08\/2018-kurban-bajrami-xhemati-3-300x200.jpg 300w, https:\/\/www.ahmadiyya-islam.org\/al\/wp-content\/uploads\/sites\/3\/2018\/08\/2018-kurban-bajrami-xhemati-3-768x512.jpg 768w, https:\/\/www.ahmadiyya-islam.org\/al\/wp-content\/uploads\/sites\/3\/2018\/08\/2018-kurban-bajrami-xhemati-3.jpg 1377w\" sizes=\"auto, (max-width: 900px) 100vw, 900px\" \/> <img loading=\"lazy\" decoding=\"async\" class=\"aligncenter size-large wp-image-7975\" src=\"https:\/\/www.ahmadiyya-islam.org\/al\/wp-content\/uploads\/sites\/3\/2018\/08\/2018-kurban-bajrami-xhemati-4-1024x683.jpg\" alt=\"kurban bajrami\" width=\"900\" height=\"600\" srcset=\"https:\/\/www.ahmadiyya-islam.org\/al\/wp-content\/uploads\/sites\/3\/2018\/08\/2018-kurban-bajrami-xhemati-4-1024x683.jpg 1024w, https:\/\/www.ahmadiyya-islam.org\/al\/wp-content\/uploads\/sites\/3\/2018\/08\/2018-kurban-bajrami-xhemati-4-300x200.jpg 300w, https:\/\/www.ahmadiyya-islam.org\/al\/wp-content\/uploads\/sites\/3\/2018\/08\/2018-kurban-bajrami-xhemati-4-768x512.jpg 768w, https:\/\/www.ahmadiyya-islam.org\/al\/wp-content\/uploads\/sites\/3\/2018\/08\/2018-kurban-bajrami-xhemati-4.jpg 1377w\" sizes=\"auto, (max-width: 900px) 100vw, 900px\" \/> <img loading=\"lazy\" decoding=\"async\" class=\"aligncenter size-large wp-image-7977\" src=\"https:\/\/www.ahmadiyya-islam.org\/al\/wp-content\/uploads\/sites\/3\/2018\/08\/2018-kurban-bajrami-xhemati-6-1024x683.jpg\" alt=\"kurban bajrami\" width=\"900\" height=\"600\" srcset=\"https:\/\/www.ahmadiyya-islam.org\/al\/wp-content\/uploads\/sites\/3\/2018\/08\/2018-kurban-bajrami-xhemati-6-1024x683.jpg 1024w, https:\/\/www.ahmadiyya-islam.org\/al\/wp-content\/uploads\/sites\/3\/2018\/08\/2018-kurban-bajrami-xhemati-6-300x200.jpg 300w, https:\/\/www.ahmadiyya-islam.org\/al\/wp-content\/uploads\/sites\/3\/2018\/08\/2018-kurban-bajrami-xhemati-6-768x512.jpg 768w, https:\/\/www.ahmadiyya-islam.org\/al\/wp-content\/uploads\/sites\/3\/2018\/08\/2018-kurban-bajrami-xhemati-6.jpg 1377w\" sizes=\"auto, (max-width: 900px) 100vw, 900px\" \/> <img loading=\"lazy\" decoding=\"async\" class=\"aligncenter size-large wp-image-7978\" src=\"https:\/\/www.ahmadiyya-islam.org\/al\/wp-content\/uploads\/sites\/3\/2018\/08\/2018-kurban-bajrami-xhemati-7-1024x683.jpg\" alt=\"kurban bajrami\" width=\"900\" height=\"600\" srcset=\"https:\/\/www.ahmadiyya-islam.org\/al\/wp-content\/uploads\/sites\/3\/2018\/08\/2018-kurban-bajrami-xhemati-7-1024x683.jpg 1024w, https:\/\/www.ahmadiyya-islam.org\/al\/wp-content\/uploads\/sites\/3\/2018\/08\/2018-kurban-bajrami-xhemati-7-300x200.jpg 300w, https:\/\/www.ahmadiyya-islam.org\/al\/wp-content\/uploads\/sites\/3\/2018\/08\/2018-kurban-bajrami-xhemati-7-768x512.jpg 768w, https:\/\/www.ahmadiyya-islam.org\/al\/wp-content\/uploads\/sites\/3\/2018\/08\/2018-kurban-bajrami-xhemati-7.jpg 1377w\" sizes=\"auto, (max-width: 900px) 100vw, 900px\" \/><\/p>\n","protected":false},"excerpt":{"rendered":"<p>Kurban Bajrami &#8211; Me 23 gusht 2018, shp\u00ebrndau 460 kg mish mes 115 familjeve n\u00eb nevoj\u00eb t\u00eb Tiran\u00ebs. Xhemati Musliman Ahmedia vepron me moton e tij &#8220;Dashuri p\u00ebr t\u00eb gjith\u00eb, urrejtje p\u00ebr ask\u00ebnd&#8221;.<\/p>\n","protected":false},"author":5,"featured_media":7980,"comment_status":"closed","ping_status":"closed","sticky":false,"template":"","format":"standard","meta":{"_acf_changed":false,"footnotes":""},"categories":[11],"tags":[430,600],"authors":[],"content_source":[],"class_list":["post-7970","post","type-post","status-publish","format-standard","has-post-thumbnail","hentry","category-njoftim-per-shtyp","tag-humanity-first","tag-tirana","topics-bamiresia-humanizmi"],"acf":[],"yoast_head":"<!-- This site is optimized with the Yoast SEO Premium plugin v21.1 (Yoast SEO v27.4) - https:\/\/yoast.com\/product\/yoast-seo-premium-wordpress\/ -->\n<title>Kurban Bajrami: Xhemati Musliman Ahmedia ndihmon 115 familje n\u00eb nevoj\u00eb<\/title>\n<meta name=\"description\" content=\"Kurban Bajrami - Me 23 gusht 2018, shp\u00ebrndau 460 kg mish mes 115 familjeve n\u00eb nevoj\u00eb t\u00eb Tiran\u00ebs. Xhemati Musliman Ahmedia vepron me moton e tij &quot;Dashuri p\u00ebr t\u00eb gjith\u00eb, urrejtje p\u00ebr ask\u00ebnd&quot;.\" \/>\n<meta name=\"robots\" content=\"index, follow, max-snippet:-1, max-image-preview:large, max-video-preview:-1\" \/>\n<link rel=\"canonical\" href=\"https:\/\/www.ahmadiyya-islam.org\/al\/njoftim-per-shtyp\/kurban-bajrami-xhemati-ahmedia-ndihmon-115-familje-ne-nevoje\/\" \/>\n<meta property=\"og:locale\" content=\"sq_AL\" \/>\n<meta property=\"og:type\" content=\"article\" \/>\n<meta property=\"og:title\" content=\"Kurban Bajrami: Xhemati Musliman Ahmedia ndihmon 115 familje n\u00eb nevoj\u00eb\" \/>\n<meta property=\"og:description\" content=\"Kurban Bajrami - Me 23 gusht 2018, shp\u00ebrndau 460 kg mish mes 115 familjeve n\u00eb nevoj\u00eb t\u00eb Tiran\u00ebs. Xhemati Musliman Ahmedia vepron me moton e tij &quot;Dashuri p\u00ebr t\u00eb gjith\u00eb, urrejtje p\u00ebr ask\u00ebnd&quot;.\" \/>\n<meta property=\"og:url\" content=\"https:\/\/www.ahmadiyya-islam.org\/al\/njoftim-per-shtyp\/kurban-bajrami-xhemati-ahmedia-ndihmon-115-familje-ne-nevoje\/\" \/>\n<meta property=\"og:site_name\" content=\"Xhemati Musliman Ahmedia\" \/>\n<meta property=\"article:published_time\" content=\"2018-08-24T12:57:09+00:00\" \/>\n<meta property=\"article:modified_time\" content=\"2020-06-15T16:57:20+00:00\" \/>\n<meta property=\"og:image\" content=\"https:\/\/www.ahmadiyya-islam.org\/al\/wp-content\/uploads\/sites\/3\/2018\/08\/2018-kurban-bajrami-xhemati-8.jpg\" \/>\n\t<meta property=\"og:image:width\" content=\"1200\" \/>\n\t<meta property=\"og:image:height\" content=\"800\" \/>\n\t<meta property=\"og:image:type\" content=\"image\/jpeg\" \/>\n<meta name=\"author\" content=\"samad\" \/>\n<meta name=\"twitter:card\" content=\"summary_large_image\" \/>\n<meta name=\"twitter:label1\" content=\"Written by\" \/>\n\t<meta name=\"twitter:data1\" content=\"samad\" \/>\n\t<meta name=\"twitter:label2\" content=\"Est. reading time\" \/>\n\t<meta name=\"twitter:data2\" content=\"1 minute\" \/>\n<script type=\"application\/ld+json\" class=\"yoast-schema-graph\">{\"@context\":\"https:\\\/\\\/schema.org\",\"@graph\":[{\"@type\":\"Article\",\"@id\":\"https:\\\/\\\/www.ahmadiyya-islam.org\\\/al\\\/njoftim-per-shtyp\\\/kurban-bajrami-xhemati-ahmedia-ndihmon-115-familje-ne-nevoje\\\/#article\",\"isPartOf\":{\"@id\":\"https:\\\/\\\/www.ahmadiyya-islam.org\\\/al\\\/njoftim-per-shtyp\\\/kurban-bajrami-xhemati-ahmedia-ndihmon-115-familje-ne-nevoje\\\/\"},\"author\":{\"name\":\"samad\",\"@id\":\"https:\\\/\\\/www.ahmadiyya-islam.org\\\/al\\\/#\\\/schema\\\/person\\\/5f18f059fde6d65fbdbffcced4741b8d\"},\"headline\":\"Kurban Bajrami: Xhemati Musliman Ahmedia ndihmon 115 familje n\u00eb nevoj\u00eb\",\"datePublished\":\"2018-08-24T12:57:09+00:00\",\"dateModified\":\"2020-06-15T16:57:20+00:00\",\"mainEntityOfPage\":{\"@id\":\"https:\\\/\\\/www.ahmadiyya-islam.org\\\/al\\\/njoftim-per-shtyp\\\/kurban-bajrami-xhemati-ahmedia-ndihmon-115-familje-ne-nevoje\\\/\"},\"wordCount\":217,\"image\":{\"@id\":\"https:\\\/\\\/www.ahmadiyya-islam.org\\\/al\\\/njoftim-per-shtyp\\\/kurban-bajrami-xhemati-ahmedia-ndihmon-115-familje-ne-nevoje\\\/#primaryimage\"},\"thumbnailUrl\":\"https:\\\/\\\/www.ahmadiyya-islam.org\\\/al\\\/wp-content\\\/uploads\\\/sites\\\/3\\\/2018\\\/08\\\/2018-kurban-bajrami-xhemati-8.jpg\",\"keywords\":[\"Humanity First\",\"Tirana\"],\"articleSection\":[\"Njoftim p\u00ebr shtyp\"],\"inLanguage\":\"sq-AL\"},{\"@type\":\"WebPage\",\"@id\":\"https:\\\/\\\/www.ahmadiyya-islam.org\\\/al\\\/njoftim-per-shtyp\\\/kurban-bajrami-xhemati-ahmedia-ndihmon-115-familje-ne-nevoje\\\/\",\"url\":\"https:\\\/\\\/www.ahmadiyya-islam.org\\\/al\\\/njoftim-per-shtyp\\\/kurban-bajrami-xhemati-ahmedia-ndihmon-115-familje-ne-nevoje\\\/\",\"name\":\"Kurban Bajrami: Xhemati Musliman Ahmedia ndihmon 115 familje n\u00eb nevoj\u00eb\",\"isPartOf\":{\"@id\":\"https:\\\/\\\/www.ahmadiyya-islam.org\\\/al\\\/#website\"},\"primaryImageOfPage\":{\"@id\":\"https:\\\/\\\/www.ahmadiyya-islam.org\\\/al\\\/njoftim-per-shtyp\\\/kurban-bajrami-xhemati-ahmedia-ndihmon-115-familje-ne-nevoje\\\/#primaryimage\"},\"image\":{\"@id\":\"https:\\\/\\\/www.ahmadiyya-islam.org\\\/al\\\/njoftim-per-shtyp\\\/kurban-bajrami-xhemati-ahmedia-ndihmon-115-familje-ne-nevoje\\\/#primaryimage\"},\"thumbnailUrl\":\"https:\\\/\\\/www.ahmadiyya-islam.org\\\/al\\\/wp-content\\\/uploads\\\/sites\\\/3\\\/2018\\\/08\\\/2018-kurban-bajrami-xhemati-8.jpg\",\"datePublished\":\"2018-08-24T12:57:09+00:00\",\"dateModified\":\"2020-06-15T16:57:20+00:00\",\"author\":{\"@id\":\"https:\\\/\\\/www.ahmadiyya-islam.org\\\/al\\\/#\\\/schema\\\/person\\\/5f18f059fde6d65fbdbffcced4741b8d\"},\"description\":\"Kurban Bajrami - Me 23 gusht 2018, shp\u00ebrndau 460 kg mish mes 115 familjeve n\u00eb nevoj\u00eb t\u00eb Tiran\u00ebs. Xhemati Musliman Ahmedia vepron me moton e tij \\\"Dashuri p\u00ebr t\u00eb gjith\u00eb, urrejtje p\u00ebr ask\u00ebnd\\\".\",\"breadcrumb\":{\"@id\":\"https:\\\/\\\/www.ahmadiyya-islam.org\\\/al\\\/njoftim-per-shtyp\\\/kurban-bajrami-xhemati-ahmedia-ndihmon-115-familje-ne-nevoje\\\/#breadcrumb\"},\"inLanguage\":\"sq-AL\",\"potentialAction\":[{\"@type\":\"ReadAction\",\"target\":[\"https:\\\/\\\/www.ahmadiyya-islam.org\\\/al\\\/njoftim-per-shtyp\\\/kurban-bajrami-xhemati-ahmedia-ndihmon-115-familje-ne-nevoje\\\/\"]}]},{\"@type\":\"ImageObject\",\"inLanguage\":\"sq-AL\",\"@id\":\"https:\\\/\\\/www.ahmadiyya-islam.org\\\/al\\\/njoftim-per-shtyp\\\/kurban-bajrami-xhemati-ahmedia-ndihmon-115-familje-ne-nevoje\\\/#primaryimage\",\"url\":\"https:\\\/\\\/www.ahmadiyya-islam.org\\\/al\\\/wp-content\\\/uploads\\\/sites\\\/3\\\/2018\\\/08\\\/2018-kurban-bajrami-xhemati-8.jpg\",\"contentUrl\":\"https:\\\/\\\/www.ahmadiyya-islam.org\\\/al\\\/wp-content\\\/uploads\\\/sites\\\/3\\\/2018\\\/08\\\/2018-kurban-bajrami-xhemati-8.jpg\",\"width\":1200,\"height\":800,\"caption\":\"kurban bajrami\"},{\"@type\":\"BreadcrumbList\",\"@id\":\"https:\\\/\\\/www.ahmadiyya-islam.org\\\/al\\\/njoftim-per-shtyp\\\/kurban-bajrami-xhemati-ahmedia-ndihmon-115-familje-ne-nevoje\\\/#breadcrumb\",\"itemListElement\":[{\"@type\":\"ListItem\",\"position\":1,\"name\":\"Home\",\"item\":\"https:\\\/\\\/www.ahmadiyya-islam.org\\\/al\\\/\"},{\"@type\":\"ListItem\",\"position\":2,\"name\":\"Kurban Bajrami: Xhemati Musliman Ahmedia ndihmon 115 familje n\u00eb nevoj\u00eb\"}]},{\"@type\":\"WebSite\",\"@id\":\"https:\\\/\\\/www.ahmadiyya-islam.org\\\/al\\\/#website\",\"url\":\"https:\\\/\\\/www.ahmadiyya-islam.org\\\/al\\\/\",\"name\":\"Xhemati Musliman Ahmedia\",\"description\":\"Albania\",\"potentialAction\":[{\"@type\":\"SearchAction\",\"target\":{\"@type\":\"EntryPoint\",\"urlTemplate\":\"https:\\\/\\\/www.ahmadiyya-islam.org\\\/al\\\/?s={search_term_string}\"},\"query-input\":{\"@type\":\"PropertyValueSpecification\",\"valueRequired\":true,\"valueName\":\"search_term_string\"}}],\"inLanguage\":\"sq-AL\"},{\"@type\":\"Person\",\"@id\":\"https:\\\/\\\/www.ahmadiyya-islam.org\\\/al\\\/#\\\/schema\\\/person\\\/5f18f059fde6d65fbdbffcced4741b8d\",\"name\":\"samad\"}]}<\/script>\n<!-- \/ Yoast SEO Premium plugin. -->","yoast_head_json":{"title":"Kurban Bajrami: Xhemati Musliman Ahmedia ndihmon 115 familje n\u00eb nevoj\u00eb","description":"Kurban Bajrami - Me 23 gusht 2018, shp\u00ebrndau 460 kg mish mes 115 familjeve n\u00eb nevoj\u00eb t\u00eb Tiran\u00ebs. Xhemati Musliman Ahmedia vepron me moton e tij \"Dashuri p\u00ebr t\u00eb gjith\u00eb, urrejtje p\u00ebr ask\u00ebnd\".","robots":{"index":"index","follow":"follow","max-snippet":"max-snippet:-1","max-image-preview":"max-image-preview:large","max-video-preview":"max-video-preview:-1"},"canonical":"https:\/\/www.ahmadiyya-islam.org\/al\/njoftim-per-shtyp\/kurban-bajrami-xhemati-ahmedia-ndihmon-115-familje-ne-nevoje\/","og_locale":"sq_AL","og_type":"article","og_title":"Kurban Bajrami: Xhemati Musliman Ahmedia ndihmon 115 familje n\u00eb nevoj\u00eb","og_description":"Kurban Bajrami - Me 23 gusht 2018, shp\u00ebrndau 460 kg mish mes 115 familjeve n\u00eb nevoj\u00eb t\u00eb Tiran\u00ebs. Xhemati Musliman Ahmedia vepron me moton e tij \"Dashuri p\u00ebr t\u00eb gjith\u00eb, urrejtje p\u00ebr ask\u00ebnd\".","og_url":"https:\/\/www.ahmadiyya-islam.org\/al\/njoftim-per-shtyp\/kurban-bajrami-xhemati-ahmedia-ndihmon-115-familje-ne-nevoje\/","og_site_name":"Xhemati Musliman Ahmedia","article_published_time":"2018-08-24T12:57:09+00:00","article_modified_time":"2020-06-15T16:57:20+00:00","og_image":[{"width":1200,"height":800,"url":"https:\/\/www.ahmadiyya-islam.org\/al\/wp-content\/uploads\/sites\/3\/2018\/08\/2018-kurban-bajrami-xhemati-8.jpg","type":"image\/jpeg"}],"author":"samad","twitter_card":"summary_large_image","twitter_misc":{"Written by":"samad","Est. reading time":"1 minute"},"schema":{"@context":"https:\/\/schema.org","@graph":[{"@type":"Article","@id":"https:\/\/www.ahmadiyya-islam.org\/al\/njoftim-per-shtyp\/kurban-bajrami-xhemati-ahmedia-ndihmon-115-familje-ne-nevoje\/#article","isPartOf":{"@id":"https:\/\/www.ahmadiyya-islam.org\/al\/njoftim-per-shtyp\/kurban-bajrami-xhemati-ahmedia-ndihmon-115-familje-ne-nevoje\/"},"author":{"name":"samad","@id":"https:\/\/www.ahmadiyya-islam.org\/al\/#\/schema\/person\/5f18f059fde6d65fbdbffcced4741b8d"},"headline":"Kurban Bajrami: Xhemati Musliman Ahmedia ndihmon 115 familje n\u00eb nevoj\u00eb","datePublished":"2018-08-24T12:57:09+00:00","dateModified":"2020-06-15T16:57:20+00:00","mainEntityOfPage":{"@id":"https:\/\/www.ahmadiyya-islam.org\/al\/njoftim-per-shtyp\/kurban-bajrami-xhemati-ahmedia-ndihmon-115-familje-ne-nevoje\/"},"wordCount":217,"image":{"@id":"https:\/\/www.ahmadiyya-islam.org\/al\/njoftim-per-shtyp\/kurban-bajrami-xhemati-ahmedia-ndihmon-115-familje-ne-nevoje\/#primaryimage"},"thumbnailUrl":"https:\/\/www.ahmadiyya-islam.org\/al\/wp-content\/uploads\/sites\/3\/2018\/08\/2018-kurban-bajrami-xhemati-8.jpg","keywords":["Humanity First","Tirana"],"articleSection":["Njoftim p\u00ebr shtyp"],"inLanguage":"sq-AL"},{"@type":"WebPage","@id":"https:\/\/www.ahmadiyya-islam.org\/al\/njoftim-per-shtyp\/kurban-bajrami-xhemati-ahmedia-ndihmon-115-familje-ne-nevoje\/","url":"https:\/\/www.ahmadiyya-islam.org\/al\/njoftim-per-shtyp\/kurban-bajrami-xhemati-ahmedia-ndihmon-115-familje-ne-nevoje\/","name":"Kurban Bajrami: Xhemati Musliman Ahmedia ndihmon 115 familje n\u00eb nevoj\u00eb","isPartOf":{"@id":"https:\/\/www.ahmadiyya-islam.org\/al\/#website"},"primaryImageOfPage":{"@id":"https:\/\/www.ahmadiyya-islam.org\/al\/njoftim-per-shtyp\/kurban-bajrami-xhemati-ahmedia-ndihmon-115-familje-ne-nevoje\/#primaryimage"},"image":{"@id":"https:\/\/www.ahmadiyya-islam.org\/al\/njoftim-per-shtyp\/kurban-bajrami-xhemati-ahmedia-ndihmon-115-familje-ne-nevoje\/#primaryimage"},"thumbnailUrl":"https:\/\/www.ahmadiyya-islam.org\/al\/wp-content\/uploads\/sites\/3\/2018\/08\/2018-kurban-bajrami-xhemati-8.jpg","datePublished":"2018-08-24T12:57:09+00:00","dateModified":"2020-06-15T16:57:20+00:00","author":{"@id":"https:\/\/www.ahmadiyya-islam.org\/al\/#\/schema\/person\/5f18f059fde6d65fbdbffcced4741b8d"},"description":"Kurban Bajrami - Me 23 gusht 2018, shp\u00ebrndau 460 kg mish mes 115 familjeve n\u00eb nevoj\u00eb t\u00eb Tiran\u00ebs. Xhemati Musliman Ahmedia vepron me moton e tij \"Dashuri p\u00ebr t\u00eb gjith\u00eb, urrejtje p\u00ebr ask\u00ebnd\".","breadcrumb":{"@id":"https:\/\/www.ahmadiyya-islam.org\/al\/njoftim-per-shtyp\/kurban-bajrami-xhemati-ahmedia-ndihmon-115-familje-ne-nevoje\/#breadcrumb"},"inLanguage":"sq-AL","potentialAction":[{"@type":"ReadAction","target":["https:\/\/www.ahmadiyya-islam.org\/al\/njoftim-per-shtyp\/kurban-bajrami-xhemati-ahmedia-ndihmon-115-familje-ne-nevoje\/"]}]},{"@type":"ImageObject","inLanguage":"sq-AL","@id":"https:\/\/www.ahmadiyya-islam.org\/al\/njoftim-per-shtyp\/kurban-bajrami-xhemati-ahmedia-ndihmon-115-familje-ne-nevoje\/#primaryimage","url":"https:\/\/www.ahmadiyya-islam.org\/al\/wp-content\/uploads\/sites\/3\/2018\/08\/2018-kurban-bajrami-xhemati-8.jpg","contentUrl":"https:\/\/www.ahmadiyya-islam.org\/al\/wp-content\/uploads\/sites\/3\/2018\/08\/2018-kurban-bajrami-xhemati-8.jpg","width":1200,"height":800,"caption":"kurban bajrami"},{"@type":"BreadcrumbList","@id":"https:\/\/www.ahmadiyya-islam.org\/al\/njoftim-per-shtyp\/kurban-bajrami-xhemati-ahmedia-ndihmon-115-familje-ne-nevoje\/#breadcrumb","itemListElement":[{"@type":"ListItem","position":1,"name":"Home","item":"https:\/\/www.ahmadiyya-islam.org\/al\/"},{"@type":"ListItem","position":2,"name":"Kurban Bajrami: Xhemati Musliman Ahmedia ndihmon 115 familje n\u00eb nevoj\u00eb"}]},{"@type":"WebSite","@id":"https:\/\/www.ahmadiyya-islam.org\/al\/#website","url":"https:\/\/www.ahmadiyya-islam.org\/al\/","name":"Xhemati Musliman Ahmedia","description":"Albania","potentialAction":[{"@type":"SearchAction","target":{"@type":"EntryPoint","urlTemplate":"https:\/\/www.ahmadiyya-islam.org\/al\/?s={search_term_string}"},"query-input":{"@type":"PropertyValueSpecification","valueRequired":true,"valueName":"search_term_string"}}],"inLanguage":"sq-AL"},{"@type":"Person","@id":"https:\/\/www.ahmadiyya-islam.org\/al\/#\/schema\/person\/5f18f059fde6d65fbdbffcced4741b8d","name":"samad"}]}},"_links":{"self":[{"href":"https:\/\/www.ahmadiyya-islam.org\/al\/wp-json\/wp\/v2\/posts\/7970","targetHints":{"allow":["GET"]}}],"collection":[{"href":"https:\/\/www.ahmadiyya-islam.org\/al\/wp-json\/wp\/v2\/posts"}],"about":[{"href":"https:\/\/www.ahmadiyya-islam.org\/al\/wp-json\/wp\/v2\/types\/post"}],"author":[{"embeddable":true,"href":"https:\/\/www.ahmadiyya-islam.org\/al\/wp-json\/wp\/v2\/users\/5"}],"replies":[{"embeddable":true,"href":"https:\/\/www.ahmadiyya-islam.org\/al\/wp-json\/wp\/v2\/comments?post=7970"}],"version-history":[{"count":0,"href":"https:\/\/www.ahmadiyya-islam.org\/al\/wp-json\/wp\/v2\/posts\/7970\/revisions"}],"wp:featuredmedia":[{"embeddable":true,"href":"https:\/\/www.ahmadiyya-islam.org\/al\/wp-json\/wp\/v2\/media\/7980"}],"wp:attachment":[{"href":"https:\/\/www.ahmadiyya-islam.org\/al\/wp-json\/wp\/v2\/media?parent=7970"}],"wp:term":[{"taxonomy":"category","embeddable":true,"href":"https:\/\/www.ahmadiyya-islam.org\/al\/wp-json\/wp\/v2\/categories?post=7970"},{"taxonomy":"post_tag","embeddable":true,"href":"https:\/\/www.ahmadiyya-islam.org\/al\/wp-json\/wp\/v2\/tags?post=7970"},{"taxonomy":"authors","embeddable":true,"href":"https:\/\/www.ahmadiyya-islam.org\/al\/wp-json\/wp\/v2\/authors?post=7970"},{"taxonomy":"content_source","embeddable":true,"href":"https:\/\/www.ahmadiyya-islam.org\/al\/wp-json\/wp\/v2\/content_source?post=7970"}],"curies":[{"name":"wp","href":"https:\/\/api.w.org\/{rel}","templated":true}]}}