{"id":7812,"date":"2018-07-06T16:29:38","date_gmt":"2018-07-06T16:29:38","guid":{"rendered":"https:\/\/www.ahmadiyya-islam.org\/al\/?p=7812"},"modified":"2018-07-06T16:53:28","modified_gmt":"2018-07-06T16:53:28","slug":"garate-akademike-sportive-ixhtimaja-6-vjetore-shqiperi-kosove","status":"publish","type":"post","link":"https:\/\/www.ahmadiyya-islam.org\/al\/njoftim-per-shtyp\/garate-akademike-sportive-ixhtimaja-6-vjetore-shqiperi-kosove\/","title":{"rendered":"Garat akademike dhe sportive &#8211; Ixhtimaja e 6-t\u00eb vjetore Shqip\u00ebri-Kosov\u00eb"},"content":{"rendered":"<p>Xhemati Musliman Ahmedia i Shqip\u00ebris\u00eb n\u00eb bashk\u00ebpunim me Xhematin Ahmedia t\u00eb Kosov\u00ebs, zhvilluan n\u00eb datat 23-24 qershor <em>Ixhtiman\u00eb<\/em> e 6 -t\u00eb Shqip\u00ebri-Kosov\u00eb. Ky aktivitet \u00ebsht\u00eb kthyer n\u00eb nj\u00eb praktik\u00eb t\u00eb p\u00ebrvitshme, dhe synon nxitjen e t\u00eb rinjve (<em>Khuddamul Ahmedia<\/em>) t\u00eb garojn\u00eb n\u00eb vepra t\u00eb mira.<\/p>\n<p>Allahu i madh\u00ebrish\u00ebm n\u00eb Kuranin Fam\u00eblart\u00eb:<\/p>\n<blockquote><p><strong>\u201c\u00c7do kush ka nj\u00eb synim, n\u00eb t\u00eb cilin ai \u00ebsht\u00eb i p\u00ebrqendruar, pra garoni n\u00eb mir\u00ebsi! Kudo q\u00eb t\u00eb gjendeni Allahu do t\u00eb ju mbledh\u00eb bashk\u00eb. Allahu me t\u00eb v\u00ebrtet\u00eb ka fuqi t\u00eb plot\u00eb mbi \u00e7do gj\u00eb q\u00eb d\u00ebshiron\u201d.<\/strong> (Surja El Bekara 2:149)<\/p><\/blockquote>\n<p><img loading=\"lazy\" decoding=\"async\" class=\"aligncenter size-large wp-image-7823\" src=\"https:\/\/www.ahmadiyya-islam.org\/al\/wp-content\/uploads\/sites\/3\/2018\/07\/Ixhtima-Albania-Kosova-2018-01-1024x683.jpg\" alt=\"garat ixhtima ijtema\" width=\"900\" height=\"600\" srcset=\"https:\/\/www.ahmadiyya-islam.org\/al\/wp-content\/uploads\/sites\/3\/2018\/07\/Ixhtima-Albania-Kosova-2018-01-1024x683.jpg 1024w, https:\/\/www.ahmadiyya-islam.org\/al\/wp-content\/uploads\/sites\/3\/2018\/07\/Ixhtima-Albania-Kosova-2018-01-300x200.jpg 300w, https:\/\/www.ahmadiyya-islam.org\/al\/wp-content\/uploads\/sites\/3\/2018\/07\/Ixhtima-Albania-Kosova-2018-01-768x512.jpg 768w, https:\/\/www.ahmadiyya-islam.org\/al\/wp-content\/uploads\/sites\/3\/2018\/07\/Ixhtima-Albania-Kosova-2018-01.jpg 1296w\" sizes=\"auto, (max-width: 900px) 100vw, 900px\" \/> <img loading=\"lazy\" decoding=\"async\" class=\"aligncenter size-large wp-image-7824\" src=\"https:\/\/www.ahmadiyya-islam.org\/al\/wp-content\/uploads\/sites\/3\/2018\/07\/Ixhtima-Albania-Kosova-2018-03-1024x683.jpg\" alt=\"garat ixhtima ijtema\" width=\"900\" height=\"600\" srcset=\"https:\/\/www.ahmadiyya-islam.org\/al\/wp-content\/uploads\/sites\/3\/2018\/07\/Ixhtima-Albania-Kosova-2018-03-1024x683.jpg 1024w, https:\/\/www.ahmadiyya-islam.org\/al\/wp-content\/uploads\/sites\/3\/2018\/07\/Ixhtima-Albania-Kosova-2018-03-300x200.jpg 300w, https:\/\/www.ahmadiyya-islam.org\/al\/wp-content\/uploads\/sites\/3\/2018\/07\/Ixhtima-Albania-Kosova-2018-03-768x512.jpg 768w, https:\/\/www.ahmadiyya-islam.org\/al\/wp-content\/uploads\/sites\/3\/2018\/07\/Ixhtima-Albania-Kosova-2018-03.jpg 1296w\" sizes=\"auto, (max-width: 900px) 100vw, 900px\" \/>T\u00eb rinjt\u00eb e Xhematit Musliman Ahmedia duke u mb\u00ebshtetur n\u00eb urdhrin e Allahut, th\u00ebn\u00eb n\u00eb Kuranin e Shenjt\u00eb, garojn\u00eb me nj\u00ebri-tjetrin n\u00eb disiplina t\u00eb ndryshme akademike dhe sportive.<\/p>\n<p>Me rreth 50 pjes\u00ebmarr\u00ebs n\u00eb total, 40 prej t\u00eb cil\u00ebve garues, t\u00eb rinjt\u00eb e xhematit jet\u00ebsuan edhe k\u00ebt\u00eb vit urdhrin e Allahut t\u00eb Madh\u00ebrish\u00ebm.<\/p>\n<p>Aktiviteti filloi me recitimin e Kuranit Fam\u00eblart\u00eb, e m\u00eb pas nj\u00eb fjalim hap\u00ebs t\u00eb Presidentit t\u00eb Xhematit Ahmedia t\u00eb Shqip\u00ebris\u00eb Samad Ghori sahib, i cili foli rreth k\u00ebsaj porosie t\u00eb Allahut. Ai gjithashtu lexoi nj\u00eb mesazh t\u00eb shkruar Hazret Kalifi i Dyt\u00eb i Mesihut t\u00eb Premtuar r.a., nj\u00ebher\u00ebsh, themelues i organizat\u00ebs <em>Khuddamul Ahmedia<\/em> (sh\u00ebrb\u00ebtor\u00ebt ahmedian\u00eb) t\u00eb Xhematit, me tem\u00ebn \u201cNj\u00eb rob i Zotit t\u00eb k\u00ebrkon ty!\u201d<\/p>\n<p><img loading=\"lazy\" decoding=\"async\" class=\"aligncenter size-large wp-image-7827\" src=\"https:\/\/www.ahmadiyya-islam.org\/al\/wp-content\/uploads\/sites\/3\/2018\/07\/Ixhtima-Albania-Kosova-2018-11-1024x683.jpg\" alt=\"garat ixhtima ijtema\" width=\"900\" height=\"600\" srcset=\"https:\/\/www.ahmadiyya-islam.org\/al\/wp-content\/uploads\/sites\/3\/2018\/07\/Ixhtima-Albania-Kosova-2018-11-1024x683.jpg 1024w, https:\/\/www.ahmadiyya-islam.org\/al\/wp-content\/uploads\/sites\/3\/2018\/07\/Ixhtima-Albania-Kosova-2018-11-300x200.jpg 300w, https:\/\/www.ahmadiyya-islam.org\/al\/wp-content\/uploads\/sites\/3\/2018\/07\/Ixhtima-Albania-Kosova-2018-11-768x512.jpg 768w, https:\/\/www.ahmadiyya-islam.org\/al\/wp-content\/uploads\/sites\/3\/2018\/07\/Ixhtima-Albania-Kosova-2018-11.jpg 1296w\" sizes=\"auto, (max-width: 900px) 100vw, 900px\" \/> <img loading=\"lazy\" decoding=\"async\" class=\"aligncenter size-large wp-image-7826\" src=\"https:\/\/www.ahmadiyya-islam.org\/al\/wp-content\/uploads\/sites\/3\/2018\/07\/Ixhtima-Albania-Kosova-2018-09-1024x683.jpg\" alt=\"garat ixhtima ijtema\" width=\"900\" height=\"600\" srcset=\"https:\/\/www.ahmadiyya-islam.org\/al\/wp-content\/uploads\/sites\/3\/2018\/07\/Ixhtima-Albania-Kosova-2018-09-1024x683.jpg 1024w, https:\/\/www.ahmadiyya-islam.org\/al\/wp-content\/uploads\/sites\/3\/2018\/07\/Ixhtima-Albania-Kosova-2018-09-300x200.jpg 300w, https:\/\/www.ahmadiyya-islam.org\/al\/wp-content\/uploads\/sites\/3\/2018\/07\/Ixhtima-Albania-Kosova-2018-09-768x512.jpg 768w, https:\/\/www.ahmadiyya-islam.org\/al\/wp-content\/uploads\/sites\/3\/2018\/07\/Ixhtima-Albania-Kosova-2018-09.jpg 1296w\" sizes=\"auto, (max-width: 900px) 100vw, 900px\" \/> <img loading=\"lazy\" decoding=\"async\" class=\"aligncenter size-large wp-image-7825\" src=\"https:\/\/www.ahmadiyya-islam.org\/al\/wp-content\/uploads\/sites\/3\/2018\/07\/Ixhtima-Albania-Kosova-2018-07-1024x683.jpg\" alt=\"garat ixhtima ijtema\" width=\"900\" height=\"600\" srcset=\"https:\/\/www.ahmadiyya-islam.org\/al\/wp-content\/uploads\/sites\/3\/2018\/07\/Ixhtima-Albania-Kosova-2018-07-1024x683.jpg 1024w, https:\/\/www.ahmadiyya-islam.org\/al\/wp-content\/uploads\/sites\/3\/2018\/07\/Ixhtima-Albania-Kosova-2018-07-300x200.jpg 300w, https:\/\/www.ahmadiyya-islam.org\/al\/wp-content\/uploads\/sites\/3\/2018\/07\/Ixhtima-Albania-Kosova-2018-07-768x512.jpg 768w, https:\/\/www.ahmadiyya-islam.org\/al\/wp-content\/uploads\/sites\/3\/2018\/07\/Ixhtima-Albania-Kosova-2018-07.jpg 1296w\" sizes=\"auto, (max-width: 900px) 100vw, 900px\" \/> <img loading=\"lazy\" decoding=\"async\" class=\"aligncenter size-large wp-image-7815\" src=\"https:\/\/www.ahmadiyya-islam.org\/al\/wp-content\/uploads\/sites\/3\/2018\/07\/Ixhtima-Albania-Kosova-2018-17-1024x683.jpg\" alt=\"garat ixhtima ijtema\" width=\"900\" height=\"600\" srcset=\"https:\/\/www.ahmadiyya-islam.org\/al\/wp-content\/uploads\/sites\/3\/2018\/07\/Ixhtima-Albania-Kosova-2018-17-1024x683.jpg 1024w, https:\/\/www.ahmadiyya-islam.org\/al\/wp-content\/uploads\/sites\/3\/2018\/07\/Ixhtima-Albania-Kosova-2018-17-300x200.jpg 300w, https:\/\/www.ahmadiyya-islam.org\/al\/wp-content\/uploads\/sites\/3\/2018\/07\/Ixhtima-Albania-Kosova-2018-17-768x512.jpg 768w, https:\/\/www.ahmadiyya-islam.org\/al\/wp-content\/uploads\/sites\/3\/2018\/07\/Ixhtima-Albania-Kosova-2018-17.jpg 1296w\" sizes=\"auto, (max-width: 900px) 100vw, 900px\" \/> <img loading=\"lazy\" decoding=\"async\" class=\"aligncenter size-large wp-image-7814\" src=\"https:\/\/www.ahmadiyya-islam.org\/al\/wp-content\/uploads\/sites\/3\/2018\/07\/Ixhtima-Albania-Kosova-2018-15-1024x683.jpg\" alt=\"ixhtima garat\" width=\"900\" height=\"600\" srcset=\"https:\/\/www.ahmadiyya-islam.org\/al\/wp-content\/uploads\/sites\/3\/2018\/07\/Ixhtima-Albania-Kosova-2018-15-1024x683.jpg 1024w, https:\/\/www.ahmadiyya-islam.org\/al\/wp-content\/uploads\/sites\/3\/2018\/07\/Ixhtima-Albania-Kosova-2018-15-300x200.jpg 300w, https:\/\/www.ahmadiyya-islam.org\/al\/wp-content\/uploads\/sites\/3\/2018\/07\/Ixhtima-Albania-Kosova-2018-15-768x512.jpg 768w, https:\/\/www.ahmadiyya-islam.org\/al\/wp-content\/uploads\/sites\/3\/2018\/07\/Ixhtima-Albania-Kosova-2018-15.jpg 1296w\" sizes=\"auto, (max-width: 900px) 100vw, 900px\" \/> <img loading=\"lazy\" decoding=\"async\" class=\"aligncenter size-large wp-image-7813\" src=\"https:\/\/www.ahmadiyya-islam.org\/al\/wp-content\/uploads\/sites\/3\/2018\/07\/Ixhtima-Albania-Kosova-2018-14-1024x683.jpg\" alt=\"ixhtima garat\" width=\"900\" height=\"600\" srcset=\"https:\/\/www.ahmadiyya-islam.org\/al\/wp-content\/uploads\/sites\/3\/2018\/07\/Ixhtima-Albania-Kosova-2018-14-1024x683.jpg 1024w, https:\/\/www.ahmadiyya-islam.org\/al\/wp-content\/uploads\/sites\/3\/2018\/07\/Ixhtima-Albania-Kosova-2018-14-300x200.jpg 300w, https:\/\/www.ahmadiyya-islam.org\/al\/wp-content\/uploads\/sites\/3\/2018\/07\/Ixhtima-Albania-Kosova-2018-14-768x512.jpg 768w, https:\/\/www.ahmadiyya-islam.org\/al\/wp-content\/uploads\/sites\/3\/2018\/07\/Ixhtima-Albania-Kosova-2018-14.jpg 1296w\" sizes=\"auto, (max-width: 900px) 100vw, 900px\" \/>Pas k\u00ebtij fjalimi, u zhvilluan garat akademike si, recitimi i Kuranit, mbajtja e fjalimeve, v\u00ebzhgim-kumtimi dhe kumtimi i mesazhit. Po ashtu u krye falja e namazeve Drek\u00eb dhe Ikindi e m\u00eb pas u sh\u00ebrbye dreka p\u00ebr pjes\u00ebmarr\u00ebsit.<\/p>\n<p>Pas namazeve u zhvilluan tre gara t\u00eb tjera, tashm\u00eb n\u00eb disiplin\u00ebn sportive, volejboll, t\u00ebrheqja e litarit dhe pingpong.<\/p>\n<p><img loading=\"lazy\" decoding=\"async\" class=\"aligncenter size-large wp-image-7816\" src=\"https:\/\/www.ahmadiyya-islam.org\/al\/wp-content\/uploads\/sites\/3\/2018\/07\/Ixhtima-Albania-Kosova-2018-23-1024x683.jpg\" alt=\"garat ixhtima ijtema\" width=\"900\" height=\"600\" srcset=\"https:\/\/www.ahmadiyya-islam.org\/al\/wp-content\/uploads\/sites\/3\/2018\/07\/Ixhtima-Albania-Kosova-2018-23-1024x683.jpg 1024w, https:\/\/www.ahmadiyya-islam.org\/al\/wp-content\/uploads\/sites\/3\/2018\/07\/Ixhtima-Albania-Kosova-2018-23-300x200.jpg 300w, https:\/\/www.ahmadiyya-islam.org\/al\/wp-content\/uploads\/sites\/3\/2018\/07\/Ixhtima-Albania-Kosova-2018-23-768x512.jpg 768w, https:\/\/www.ahmadiyya-islam.org\/al\/wp-content\/uploads\/sites\/3\/2018\/07\/Ixhtima-Albania-Kosova-2018-23.jpg 1296w\" sizes=\"auto, (max-width: 900px) 100vw, 900px\" \/>N\u00eb vijim t\u00eb programit, u b\u00eb falja e namazeve Aksham dhe Jaci, nd\u00ebrsa dita e par\u00eb u mbyll me gar\u00ebn kryesore, at\u00eb t\u00eb &#8220;Kuicit&#8221; me pyetje rreth njohurive fetare dhe ngjarjeve kryesore t\u00eb sh\u00ebnuara gjat\u00eb vitit 2017.<\/p>\n<p><img loading=\"lazy\" decoding=\"async\" class=\"aligncenter size-large wp-image-7818\" src=\"https:\/\/www.ahmadiyya-islam.org\/al\/wp-content\/uploads\/sites\/3\/2018\/07\/Ixhtima-Albania-Kosova-2018-27-1024x683.jpg\" alt=\"garat ixhtima ijtema\" width=\"900\" height=\"600\" srcset=\"https:\/\/www.ahmadiyya-islam.org\/al\/wp-content\/uploads\/sites\/3\/2018\/07\/Ixhtima-Albania-Kosova-2018-27-1024x683.jpg 1024w, https:\/\/www.ahmadiyya-islam.org\/al\/wp-content\/uploads\/sites\/3\/2018\/07\/Ixhtima-Albania-Kosova-2018-27-300x200.jpg 300w, https:\/\/www.ahmadiyya-islam.org\/al\/wp-content\/uploads\/sites\/3\/2018\/07\/Ixhtima-Albania-Kosova-2018-27-768x512.jpg 768w, https:\/\/www.ahmadiyya-islam.org\/al\/wp-content\/uploads\/sites\/3\/2018\/07\/Ixhtima-Albania-Kosova-2018-27.jpg 1296w\" sizes=\"auto, (max-width: 900px) 100vw, 900px\" \/> <img loading=\"lazy\" decoding=\"async\" class=\"aligncenter size-large wp-image-7819\" src=\"https:\/\/www.ahmadiyya-islam.org\/al\/wp-content\/uploads\/sites\/3\/2018\/07\/Ixhtima-Albania-Kosova-2018-29-1024x683.jpg\" alt=\"garat ixhtima ijtema\" width=\"900\" height=\"600\" srcset=\"https:\/\/www.ahmadiyya-islam.org\/al\/wp-content\/uploads\/sites\/3\/2018\/07\/Ixhtima-Albania-Kosova-2018-29-1024x683.jpg 1024w, https:\/\/www.ahmadiyya-islam.org\/al\/wp-content\/uploads\/sites\/3\/2018\/07\/Ixhtima-Albania-Kosova-2018-29-300x200.jpg 300w, https:\/\/www.ahmadiyya-islam.org\/al\/wp-content\/uploads\/sites\/3\/2018\/07\/Ixhtima-Albania-Kosova-2018-29-768x512.jpg 768w, https:\/\/www.ahmadiyya-islam.org\/al\/wp-content\/uploads\/sites\/3\/2018\/07\/Ixhtima-Albania-Kosova-2018-29.jpg 1296w\" sizes=\"auto, (max-width: 900px) 100vw, 900px\" \/>Dita e dyt\u00eb e aktivitetit filloi me faljen\u00a0 e namazit t\u00eb Sabahut dhe nj\u00eb ders p\u00ebrcjell\u00ebs. Nd\u00ebrkoh\u00eb rreth or\u00ebs 07:30, an\u00ebtar\u00ebt konsumuan m\u00ebngjesin dhe u nis\u00ebn p\u00ebr n\u00eb fushat sportive, ku u mbajt kampionati i futbollit. Pas kampionatit, t\u00eb rinjt\u00eb e xhematit fal\u00ebn namazin e Drek\u00ebs dhe t\u00eb Ikindis\u00eb, e m\u00eb pas u sh\u00ebrbyen me nj\u00eb drek\u00eb.<\/p>\n<p>Ashtu edhe si\u00e7 pas \u00e7do gare ka fitues, xhemati shp\u00ebrndau \u00e7mimet dhe dhuratat p\u00ebr fituesit e garave, ku nuk munguan as \u00e7mimet inkurajuese.<\/p>\n<p><img loading=\"lazy\" decoding=\"async\" class=\"aligncenter size-large wp-image-7828\" src=\"https:\/\/www.ahmadiyya-islam.org\/al\/wp-content\/uploads\/sites\/3\/2018\/07\/Ixhtima-Albania-Kosova-2018-39-1024x683.jpg\" alt=\"\" width=\"900\" height=\"600\" srcset=\"https:\/\/www.ahmadiyya-islam.org\/al\/wp-content\/uploads\/sites\/3\/2018\/07\/Ixhtima-Albania-Kosova-2018-39-1024x683.jpg 1024w, https:\/\/www.ahmadiyya-islam.org\/al\/wp-content\/uploads\/sites\/3\/2018\/07\/Ixhtima-Albania-Kosova-2018-39-300x200.jpg 300w, https:\/\/www.ahmadiyya-islam.org\/al\/wp-content\/uploads\/sites\/3\/2018\/07\/Ixhtima-Albania-Kosova-2018-39-768x512.jpg 768w, https:\/\/www.ahmadiyya-islam.org\/al\/wp-content\/uploads\/sites\/3\/2018\/07\/Ixhtima-Albania-Kosova-2018-39.jpg 1296w\" sizes=\"auto, (max-width: 900px) 100vw, 900px\" \/> <img loading=\"lazy\" decoding=\"async\" class=\"aligncenter size-large wp-image-7821\" src=\"https:\/\/www.ahmadiyya-islam.org\/al\/wp-content\/uploads\/sites\/3\/2018\/07\/Ixhtima-Albania-Kosova-2018-37-1024x683.jpg\" alt=\"garat ixhtima ijtema\" width=\"900\" height=\"600\" srcset=\"https:\/\/www.ahmadiyya-islam.org\/al\/wp-content\/uploads\/sites\/3\/2018\/07\/Ixhtima-Albania-Kosova-2018-37-1024x683.jpg 1024w, https:\/\/www.ahmadiyya-islam.org\/al\/wp-content\/uploads\/sites\/3\/2018\/07\/Ixhtima-Albania-Kosova-2018-37-300x200.jpg 300w, https:\/\/www.ahmadiyya-islam.org\/al\/wp-content\/uploads\/sites\/3\/2018\/07\/Ixhtima-Albania-Kosova-2018-37-768x512.jpg 768w, https:\/\/www.ahmadiyya-islam.org\/al\/wp-content\/uploads\/sites\/3\/2018\/07\/Ixhtima-Albania-Kosova-2018-37.jpg 1296w\" sizes=\"auto, (max-width: 900px) 100vw, 900px\" \/> <img loading=\"lazy\" decoding=\"async\" class=\"aligncenter size-large wp-image-7820\" src=\"https:\/\/www.ahmadiyya-islam.org\/al\/wp-content\/uploads\/sites\/3\/2018\/07\/Ixhtima-Albania-Kosova-2018-34-1024x683.jpg\" alt=\"garat ixhtima ijtema\" width=\"900\" height=\"600\" srcset=\"https:\/\/www.ahmadiyya-islam.org\/al\/wp-content\/uploads\/sites\/3\/2018\/07\/Ixhtima-Albania-Kosova-2018-34-1024x683.jpg 1024w, https:\/\/www.ahmadiyya-islam.org\/al\/wp-content\/uploads\/sites\/3\/2018\/07\/Ixhtima-Albania-Kosova-2018-34-300x200.jpg 300w, https:\/\/www.ahmadiyya-islam.org\/al\/wp-content\/uploads\/sites\/3\/2018\/07\/Ixhtima-Albania-Kosova-2018-34-768x512.jpg 768w, https:\/\/www.ahmadiyya-islam.org\/al\/wp-content\/uploads\/sites\/3\/2018\/07\/Ixhtima-Albania-Kosova-2018-34.jpg 1296w\" sizes=\"auto, (max-width: 900px) 100vw, 900px\" \/>Aktiviteti u mbyll me nj\u00eb fjalim nga Bujar Ramaj sahib, zv.President i Xhematit t\u00eb Shqip\u00ebris\u00eb, i cili dha disa k\u00ebshilla t\u00eb vyera n\u00eb drit\u00ebn e m\u00ebsimeve t\u00eb Kuranit, t\u00eb Profetit Muhammed s.a.v.s dhe Mesihut t\u00eb Premtuar a.s, p\u00ebr dit\u00ebt e v\u00ebshtira n\u00eb t\u00eb cilat po kalon shoq\u00ebria shqiptare n\u00eb p\u00ebrgjith\u00ebsi dhe umeti musliman n\u00eb ve\u00e7anti. Ky fjalim p\u00ebrmbyll\u00ebs u shoq\u00ebrua me nj\u00eb lutje t\u00eb heshtur.<\/p>\n","protected":false},"excerpt":{"rendered":"<p>Ky aktivitet \u00ebsht\u00eb kthyer n\u00eb nj\u00eb praktik\u00eb t\u00eb p\u00ebrvitshme, dhe synon nxitjen e t\u00eb rinjve t\u00eb garojn\u00eb n\u00eb vepra t\u00eb mira. \u201c\u00c7do kush ka nj\u00eb synim, n\u00eb t\u00eb cilin ai \u00ebsht\u00eb i p\u00ebrqendruar, pra garoni n\u00eb mir\u00ebsi!<\/p>\n","protected":false},"author":5,"featured_media":7817,"comment_status":"closed","ping_status":"closed","sticky":false,"template":"","format":"standard","meta":{"_acf_changed":false,"footnotes":""},"categories":[11],"tags":[],"authors":[],"content_source":[],"class_list":["post-7812","post","type-post","status-publish","format-standard","has-post-thumbnail","hentry","category-njoftim-per-shtyp","topics-ceshtjet-shoqerore","topics-ixhtima-garat"],"acf":[],"yoast_head":"<!-- This site is optimized with the Yoast SEO Premium plugin v21.1 (Yoast SEO v27.4) - https:\/\/yoast.com\/product\/yoast-seo-premium-wordpress\/ -->\n<title>Garat akademike dhe sportive - Ixhtimaja e 6-t\u00eb vjetore Shqip\u00ebri-Kosov\u00eb<\/title>\n<meta name=\"description\" content=\"Ky aktivitet \u00ebsht\u00eb kthyer n\u00eb nj\u00eb praktik\u00eb t\u00eb p\u00ebrvitshme, dhe synon nxitjen e t\u00eb rinjve t\u00eb garojn\u00eb n\u00eb vepra t\u00eb mira. \u201c\u00c7do kush ka nj\u00eb synim, n\u00eb t\u00eb cilin ai \u00ebsht\u00eb i p\u00ebrqendruar, pra garoni n\u00eb mir\u00ebsi!\" \/>\n<meta name=\"robots\" content=\"index, follow, max-snippet:-1, max-image-preview:large, max-video-preview:-1\" \/>\n<link rel=\"canonical\" href=\"https:\/\/www.ahmadiyya-islam.org\/al\/njoftim-per-shtyp\/garate-akademike-sportive-ixhtimaja-6-vjetore-shqiperi-kosove\/\" \/>\n<meta property=\"og:locale\" content=\"sq_AL\" \/>\n<meta property=\"og:type\" content=\"article\" \/>\n<meta property=\"og:title\" content=\"Garat akademike dhe sportive - Ixhtimaja e 6-t\u00eb vjetore Shqip\u00ebri-Kosov\u00eb\" \/>\n<meta property=\"og:description\" content=\"Ky aktivitet \u00ebsht\u00eb kthyer n\u00eb nj\u00eb praktik\u00eb t\u00eb p\u00ebrvitshme, dhe synon nxitjen e t\u00eb rinjve t\u00eb garojn\u00eb n\u00eb vepra t\u00eb mira. \u201c\u00c7do kush ka nj\u00eb synim, n\u00eb t\u00eb cilin ai \u00ebsht\u00eb i p\u00ebrqendruar, pra garoni n\u00eb mir\u00ebsi!\" \/>\n<meta property=\"og:url\" content=\"https:\/\/www.ahmadiyya-islam.org\/al\/njoftim-per-shtyp\/garate-akademike-sportive-ixhtimaja-6-vjetore-shqiperi-kosove\/\" \/>\n<meta property=\"og:site_name\" content=\"Xhemati Musliman Ahmedia\" \/>\n<meta property=\"article:published_time\" content=\"2018-07-06T16:29:38+00:00\" \/>\n<meta property=\"article:modified_time\" content=\"2018-07-06T16:53:28+00:00\" \/>\n<meta property=\"og:image\" content=\"https:\/\/www.ahmadiyya-islam.org\/al\/wp-content\/uploads\/sites\/3\/2018\/07\/Ixhtima-Albania-Kosova-2018-24.jpg\" \/>\n\t<meta property=\"og:image:width\" content=\"1296\" \/>\n\t<meta property=\"og:image:height\" content=\"864\" \/>\n\t<meta property=\"og:image:type\" content=\"image\/jpeg\" \/>\n<meta name=\"author\" content=\"samad\" \/>\n<meta name=\"twitter:card\" content=\"summary_large_image\" \/>\n<meta name=\"twitter:label1\" content=\"Written by\" \/>\n\t<meta name=\"twitter:data1\" content=\"samad\" \/>\n\t<meta name=\"twitter:label2\" content=\"Est. reading time\" \/>\n\t<meta name=\"twitter:data2\" content=\"3 minutes\" \/>\n<script type=\"application\/ld+json\" class=\"yoast-schema-graph\">{\"@context\":\"https:\\\/\\\/schema.org\",\"@graph\":[{\"@type\":\"Article\",\"@id\":\"https:\\\/\\\/www.ahmadiyya-islam.org\\\/al\\\/njoftim-per-shtyp\\\/garate-akademike-sportive-ixhtimaja-6-vjetore-shqiperi-kosove\\\/#article\",\"isPartOf\":{\"@id\":\"https:\\\/\\\/www.ahmadiyya-islam.org\\\/al\\\/njoftim-per-shtyp\\\/garate-akademike-sportive-ixhtimaja-6-vjetore-shqiperi-kosove\\\/\"},\"author\":{\"name\":\"samad\",\"@id\":\"https:\\\/\\\/www.ahmadiyya-islam.org\\\/al\\\/#\\\/schema\\\/person\\\/5f18f059fde6d65fbdbffcced4741b8d\"},\"headline\":\"Garat akademike dhe sportive &#8211; Ixhtimaja e 6-t\u00eb vjetore Shqip\u00ebri-Kosov\u00eb\",\"datePublished\":\"2018-07-06T16:29:38+00:00\",\"dateModified\":\"2018-07-06T16:53:28+00:00\",\"mainEntityOfPage\":{\"@id\":\"https:\\\/\\\/www.ahmadiyya-islam.org\\\/al\\\/njoftim-per-shtyp\\\/garate-akademike-sportive-ixhtimaja-6-vjetore-shqiperi-kosove\\\/\"},\"wordCount\":533,\"image\":{\"@id\":\"https:\\\/\\\/www.ahmadiyya-islam.org\\\/al\\\/njoftim-per-shtyp\\\/garate-akademike-sportive-ixhtimaja-6-vjetore-shqiperi-kosove\\\/#primaryimage\"},\"thumbnailUrl\":\"https:\\\/\\\/www.ahmadiyya-islam.org\\\/al\\\/wp-content\\\/uploads\\\/sites\\\/3\\\/2018\\\/07\\\/Ixhtima-Albania-Kosova-2018-24.jpg\",\"articleSection\":[\"Njoftim p\u00ebr shtyp\"],\"inLanguage\":\"sq-AL\"},{\"@type\":\"WebPage\",\"@id\":\"https:\\\/\\\/www.ahmadiyya-islam.org\\\/al\\\/njoftim-per-shtyp\\\/garate-akademike-sportive-ixhtimaja-6-vjetore-shqiperi-kosove\\\/\",\"url\":\"https:\\\/\\\/www.ahmadiyya-islam.org\\\/al\\\/njoftim-per-shtyp\\\/garate-akademike-sportive-ixhtimaja-6-vjetore-shqiperi-kosove\\\/\",\"name\":\"Garat akademike dhe sportive - Ixhtimaja e 6-t\u00eb vjetore Shqip\u00ebri-Kosov\u00eb\",\"isPartOf\":{\"@id\":\"https:\\\/\\\/www.ahmadiyya-islam.org\\\/al\\\/#website\"},\"primaryImageOfPage\":{\"@id\":\"https:\\\/\\\/www.ahmadiyya-islam.org\\\/al\\\/njoftim-per-shtyp\\\/garate-akademike-sportive-ixhtimaja-6-vjetore-shqiperi-kosove\\\/#primaryimage\"},\"image\":{\"@id\":\"https:\\\/\\\/www.ahmadiyya-islam.org\\\/al\\\/njoftim-per-shtyp\\\/garate-akademike-sportive-ixhtimaja-6-vjetore-shqiperi-kosove\\\/#primaryimage\"},\"thumbnailUrl\":\"https:\\\/\\\/www.ahmadiyya-islam.org\\\/al\\\/wp-content\\\/uploads\\\/sites\\\/3\\\/2018\\\/07\\\/Ixhtima-Albania-Kosova-2018-24.jpg\",\"datePublished\":\"2018-07-06T16:29:38+00:00\",\"dateModified\":\"2018-07-06T16:53:28+00:00\",\"author\":{\"@id\":\"https:\\\/\\\/www.ahmadiyya-islam.org\\\/al\\\/#\\\/schema\\\/person\\\/5f18f059fde6d65fbdbffcced4741b8d\"},\"description\":\"Ky aktivitet \u00ebsht\u00eb kthyer n\u00eb nj\u00eb praktik\u00eb t\u00eb p\u00ebrvitshme, dhe synon nxitjen e t\u00eb rinjve t\u00eb garojn\u00eb n\u00eb vepra t\u00eb mira. \u201c\u00c7do kush ka nj\u00eb synim, n\u00eb t\u00eb cilin ai \u00ebsht\u00eb i p\u00ebrqendruar, pra garoni n\u00eb mir\u00ebsi!\",\"breadcrumb\":{\"@id\":\"https:\\\/\\\/www.ahmadiyya-islam.org\\\/al\\\/njoftim-per-shtyp\\\/garate-akademike-sportive-ixhtimaja-6-vjetore-shqiperi-kosove\\\/#breadcrumb\"},\"inLanguage\":\"sq-AL\",\"potentialAction\":[{\"@type\":\"ReadAction\",\"target\":[\"https:\\\/\\\/www.ahmadiyya-islam.org\\\/al\\\/njoftim-per-shtyp\\\/garate-akademike-sportive-ixhtimaja-6-vjetore-shqiperi-kosove\\\/\"]}]},{\"@type\":\"ImageObject\",\"inLanguage\":\"sq-AL\",\"@id\":\"https:\\\/\\\/www.ahmadiyya-islam.org\\\/al\\\/njoftim-per-shtyp\\\/garate-akademike-sportive-ixhtimaja-6-vjetore-shqiperi-kosove\\\/#primaryimage\",\"url\":\"https:\\\/\\\/www.ahmadiyya-islam.org\\\/al\\\/wp-content\\\/uploads\\\/sites\\\/3\\\/2018\\\/07\\\/Ixhtima-Albania-Kosova-2018-24.jpg\",\"contentUrl\":\"https:\\\/\\\/www.ahmadiyya-islam.org\\\/al\\\/wp-content\\\/uploads\\\/sites\\\/3\\\/2018\\\/07\\\/Ixhtima-Albania-Kosova-2018-24.jpg\",\"width\":1296,\"height\":864,\"caption\":\"garat ixhtima ijtema\"},{\"@type\":\"BreadcrumbList\",\"@id\":\"https:\\\/\\\/www.ahmadiyya-islam.org\\\/al\\\/njoftim-per-shtyp\\\/garate-akademike-sportive-ixhtimaja-6-vjetore-shqiperi-kosove\\\/#breadcrumb\",\"itemListElement\":[{\"@type\":\"ListItem\",\"position\":1,\"name\":\"Home\",\"item\":\"https:\\\/\\\/www.ahmadiyya-islam.org\\\/al\\\/\"},{\"@type\":\"ListItem\",\"position\":2,\"name\":\"Garat akademike dhe sportive &#8211; Ixhtimaja e 6-t\u00eb vjetore Shqip\u00ebri-Kosov\u00eb\"}]},{\"@type\":\"WebSite\",\"@id\":\"https:\\\/\\\/www.ahmadiyya-islam.org\\\/al\\\/#website\",\"url\":\"https:\\\/\\\/www.ahmadiyya-islam.org\\\/al\\\/\",\"name\":\"Xhemati Musliman Ahmedia\",\"description\":\"Albania\",\"potentialAction\":[{\"@type\":\"SearchAction\",\"target\":{\"@type\":\"EntryPoint\",\"urlTemplate\":\"https:\\\/\\\/www.ahmadiyya-islam.org\\\/al\\\/?s={search_term_string}\"},\"query-input\":{\"@type\":\"PropertyValueSpecification\",\"valueRequired\":true,\"valueName\":\"search_term_string\"}}],\"inLanguage\":\"sq-AL\"},{\"@type\":\"Person\",\"@id\":\"https:\\\/\\\/www.ahmadiyya-islam.org\\\/al\\\/#\\\/schema\\\/person\\\/5f18f059fde6d65fbdbffcced4741b8d\",\"name\":\"samad\"}]}<\/script>\n<!-- \/ Yoast SEO Premium plugin. -->","yoast_head_json":{"title":"Garat akademike dhe sportive - Ixhtimaja e 6-t\u00eb vjetore Shqip\u00ebri-Kosov\u00eb","description":"Ky aktivitet \u00ebsht\u00eb kthyer n\u00eb nj\u00eb praktik\u00eb t\u00eb p\u00ebrvitshme, dhe synon nxitjen e t\u00eb rinjve t\u00eb garojn\u00eb n\u00eb vepra t\u00eb mira. \u201c\u00c7do kush ka nj\u00eb synim, n\u00eb t\u00eb cilin ai \u00ebsht\u00eb i p\u00ebrqendruar, pra garoni n\u00eb mir\u00ebsi!","robots":{"index":"index","follow":"follow","max-snippet":"max-snippet:-1","max-image-preview":"max-image-preview:large","max-video-preview":"max-video-preview:-1"},"canonical":"https:\/\/www.ahmadiyya-islam.org\/al\/njoftim-per-shtyp\/garate-akademike-sportive-ixhtimaja-6-vjetore-shqiperi-kosove\/","og_locale":"sq_AL","og_type":"article","og_title":"Garat akademike dhe sportive - Ixhtimaja e 6-t\u00eb vjetore Shqip\u00ebri-Kosov\u00eb","og_description":"Ky aktivitet \u00ebsht\u00eb kthyer n\u00eb nj\u00eb praktik\u00eb t\u00eb p\u00ebrvitshme, dhe synon nxitjen e t\u00eb rinjve t\u00eb garojn\u00eb n\u00eb vepra t\u00eb mira. \u201c\u00c7do kush ka nj\u00eb synim, n\u00eb t\u00eb cilin ai \u00ebsht\u00eb i p\u00ebrqendruar, pra garoni n\u00eb mir\u00ebsi!","og_url":"https:\/\/www.ahmadiyya-islam.org\/al\/njoftim-per-shtyp\/garate-akademike-sportive-ixhtimaja-6-vjetore-shqiperi-kosove\/","og_site_name":"Xhemati Musliman Ahmedia","article_published_time":"2018-07-06T16:29:38+00:00","article_modified_time":"2018-07-06T16:53:28+00:00","og_image":[{"width":1296,"height":864,"url":"https:\/\/www.ahmadiyya-islam.org\/al\/wp-content\/uploads\/sites\/3\/2018\/07\/Ixhtima-Albania-Kosova-2018-24.jpg","type":"image\/jpeg"}],"author":"samad","twitter_card":"summary_large_image","twitter_misc":{"Written by":"samad","Est. reading time":"3 minutes"},"schema":{"@context":"https:\/\/schema.org","@graph":[{"@type":"Article","@id":"https:\/\/www.ahmadiyya-islam.org\/al\/njoftim-per-shtyp\/garate-akademike-sportive-ixhtimaja-6-vjetore-shqiperi-kosove\/#article","isPartOf":{"@id":"https:\/\/www.ahmadiyya-islam.org\/al\/njoftim-per-shtyp\/garate-akademike-sportive-ixhtimaja-6-vjetore-shqiperi-kosove\/"},"author":{"name":"samad","@id":"https:\/\/www.ahmadiyya-islam.org\/al\/#\/schema\/person\/5f18f059fde6d65fbdbffcced4741b8d"},"headline":"Garat akademike dhe sportive &#8211; Ixhtimaja e 6-t\u00eb vjetore Shqip\u00ebri-Kosov\u00eb","datePublished":"2018-07-06T16:29:38+00:00","dateModified":"2018-07-06T16:53:28+00:00","mainEntityOfPage":{"@id":"https:\/\/www.ahmadiyya-islam.org\/al\/njoftim-per-shtyp\/garate-akademike-sportive-ixhtimaja-6-vjetore-shqiperi-kosove\/"},"wordCount":533,"image":{"@id":"https:\/\/www.ahmadiyya-islam.org\/al\/njoftim-per-shtyp\/garate-akademike-sportive-ixhtimaja-6-vjetore-shqiperi-kosove\/#primaryimage"},"thumbnailUrl":"https:\/\/www.ahmadiyya-islam.org\/al\/wp-content\/uploads\/sites\/3\/2018\/07\/Ixhtima-Albania-Kosova-2018-24.jpg","articleSection":["Njoftim p\u00ebr shtyp"],"inLanguage":"sq-AL"},{"@type":"WebPage","@id":"https:\/\/www.ahmadiyya-islam.org\/al\/njoftim-per-shtyp\/garate-akademike-sportive-ixhtimaja-6-vjetore-shqiperi-kosove\/","url":"https:\/\/www.ahmadiyya-islam.org\/al\/njoftim-per-shtyp\/garate-akademike-sportive-ixhtimaja-6-vjetore-shqiperi-kosove\/","name":"Garat akademike dhe sportive - Ixhtimaja e 6-t\u00eb vjetore Shqip\u00ebri-Kosov\u00eb","isPartOf":{"@id":"https:\/\/www.ahmadiyya-islam.org\/al\/#website"},"primaryImageOfPage":{"@id":"https:\/\/www.ahmadiyya-islam.org\/al\/njoftim-per-shtyp\/garate-akademike-sportive-ixhtimaja-6-vjetore-shqiperi-kosove\/#primaryimage"},"image":{"@id":"https:\/\/www.ahmadiyya-islam.org\/al\/njoftim-per-shtyp\/garate-akademike-sportive-ixhtimaja-6-vjetore-shqiperi-kosove\/#primaryimage"},"thumbnailUrl":"https:\/\/www.ahmadiyya-islam.org\/al\/wp-content\/uploads\/sites\/3\/2018\/07\/Ixhtima-Albania-Kosova-2018-24.jpg","datePublished":"2018-07-06T16:29:38+00:00","dateModified":"2018-07-06T16:53:28+00:00","author":{"@id":"https:\/\/www.ahmadiyya-islam.org\/al\/#\/schema\/person\/5f18f059fde6d65fbdbffcced4741b8d"},"description":"Ky aktivitet \u00ebsht\u00eb kthyer n\u00eb nj\u00eb praktik\u00eb t\u00eb p\u00ebrvitshme, dhe synon nxitjen e t\u00eb rinjve t\u00eb garojn\u00eb n\u00eb vepra t\u00eb mira. \u201c\u00c7do kush ka nj\u00eb synim, n\u00eb t\u00eb cilin ai \u00ebsht\u00eb i p\u00ebrqendruar, pra garoni n\u00eb mir\u00ebsi!","breadcrumb":{"@id":"https:\/\/www.ahmadiyya-islam.org\/al\/njoftim-per-shtyp\/garate-akademike-sportive-ixhtimaja-6-vjetore-shqiperi-kosove\/#breadcrumb"},"inLanguage":"sq-AL","potentialAction":[{"@type":"ReadAction","target":["https:\/\/www.ahmadiyya-islam.org\/al\/njoftim-per-shtyp\/garate-akademike-sportive-ixhtimaja-6-vjetore-shqiperi-kosove\/"]}]},{"@type":"ImageObject","inLanguage":"sq-AL","@id":"https:\/\/www.ahmadiyya-islam.org\/al\/njoftim-per-shtyp\/garate-akademike-sportive-ixhtimaja-6-vjetore-shqiperi-kosove\/#primaryimage","url":"https:\/\/www.ahmadiyya-islam.org\/al\/wp-content\/uploads\/sites\/3\/2018\/07\/Ixhtima-Albania-Kosova-2018-24.jpg","contentUrl":"https:\/\/www.ahmadiyya-islam.org\/al\/wp-content\/uploads\/sites\/3\/2018\/07\/Ixhtima-Albania-Kosova-2018-24.jpg","width":1296,"height":864,"caption":"garat ixhtima ijtema"},{"@type":"BreadcrumbList","@id":"https:\/\/www.ahmadiyya-islam.org\/al\/njoftim-per-shtyp\/garate-akademike-sportive-ixhtimaja-6-vjetore-shqiperi-kosove\/#breadcrumb","itemListElement":[{"@type":"ListItem","position":1,"name":"Home","item":"https:\/\/www.ahmadiyya-islam.org\/al\/"},{"@type":"ListItem","position":2,"name":"Garat akademike dhe sportive &#8211; Ixhtimaja e 6-t\u00eb vjetore Shqip\u00ebri-Kosov\u00eb"}]},{"@type":"WebSite","@id":"https:\/\/www.ahmadiyya-islam.org\/al\/#website","url":"https:\/\/www.ahmadiyya-islam.org\/al\/","name":"Xhemati Musliman Ahmedia","description":"Albania","potentialAction":[{"@type":"SearchAction","target":{"@type":"EntryPoint","urlTemplate":"https:\/\/www.ahmadiyya-islam.org\/al\/?s={search_term_string}"},"query-input":{"@type":"PropertyValueSpecification","valueRequired":true,"valueName":"search_term_string"}}],"inLanguage":"sq-AL"},{"@type":"Person","@id":"https:\/\/www.ahmadiyya-islam.org\/al\/#\/schema\/person\/5f18f059fde6d65fbdbffcced4741b8d","name":"samad"}]}},"_links":{"self":[{"href":"https:\/\/www.ahmadiyya-islam.org\/al\/wp-json\/wp\/v2\/posts\/7812","targetHints":{"allow":["GET"]}}],"collection":[{"href":"https:\/\/www.ahmadiyya-islam.org\/al\/wp-json\/wp\/v2\/posts"}],"about":[{"href":"https:\/\/www.ahmadiyya-islam.org\/al\/wp-json\/wp\/v2\/types\/post"}],"author":[{"embeddable":true,"href":"https:\/\/www.ahmadiyya-islam.org\/al\/wp-json\/wp\/v2\/users\/5"}],"replies":[{"embeddable":true,"href":"https:\/\/www.ahmadiyya-islam.org\/al\/wp-json\/wp\/v2\/comments?post=7812"}],"version-history":[{"count":0,"href":"https:\/\/www.ahmadiyya-islam.org\/al\/wp-json\/wp\/v2\/posts\/7812\/revisions"}],"wp:featuredmedia":[{"embeddable":true,"href":"https:\/\/www.ahmadiyya-islam.org\/al\/wp-json\/wp\/v2\/media\/7817"}],"wp:attachment":[{"href":"https:\/\/www.ahmadiyya-islam.org\/al\/wp-json\/wp\/v2\/media?parent=7812"}],"wp:term":[{"taxonomy":"category","embeddable":true,"href":"https:\/\/www.ahmadiyya-islam.org\/al\/wp-json\/wp\/v2\/categories?post=7812"},{"taxonomy":"post_tag","embeddable":true,"href":"https:\/\/www.ahmadiyya-islam.org\/al\/wp-json\/wp\/v2\/tags?post=7812"},{"taxonomy":"authors","embeddable":true,"href":"https:\/\/www.ahmadiyya-islam.org\/al\/wp-json\/wp\/v2\/authors?post=7812"},{"taxonomy":"content_source","embeddable":true,"href":"https:\/\/www.ahmadiyya-islam.org\/al\/wp-json\/wp\/v2\/content_source?post=7812"}],"curies":[{"name":"wp","href":"https:\/\/api.w.org\/{rel}","templated":true}]}}