{"id":6391,"date":"2017-03-28T19:18:31","date_gmt":"2017-03-28T19:18:31","guid":{"rendered":"http:\/\/www.ahmadiyya-islam.org\/al\/?p=6391"},"modified":"2017-03-31T10:37:33","modified_gmt":"2017-03-31T10:37:33","slug":"lideri-musliman-jo-tregtise-se-armeve","status":"publish","type":"post","link":"https:\/\/www.ahmadiyya-islam.org\/al\/njoftim-per-shtyp\/lideri-musliman-jo-tregtise-se-armeve\/","title":{"rendered":"Udh\u00ebheq\u00ebsi bot\u00ebror musliman: Jo tregtis\u00eb s\u00eb arm\u00ebve, m\u00eb shum\u00eb dialog mes shteteve"},"content":{"rendered":"<blockquote><p><strong>\u201cN\u00eb vend q\u00eb t\u00eb ngrem\u00eb mure q\u00eb na ndajn\u00eb, duhet t\u00eb nd\u00ebrtojm\u00eb ura q\u00eb na bashkojn\u00eb\u201d,<\/strong><\/p><\/blockquote>\n<p>ishte thirrja kryesore q\u00eb Hazret Mirza Masrur Ahmed (Mirza Masroor Ahmad), udh\u00ebheq\u00ebsi bot\u00ebror i Xhematit Musliman Ahmedia, b\u00ebri n\u00eb simpoziumin komb\u00ebtar t\u00eb paqes, n\u00eb Lond\u00ebr.<\/p>\n<p>M\u00eb 25 mars 2017, Udh\u00ebheq\u00ebsi bot\u00ebror dhe Kalifi i Pest\u00eb i Xhematit Musliman Ahmedia, Hazret Mirza Masrur Ahmed iu drejtua Simpoziumit t\u00eb 14-t\u00eb komb\u00ebtar p\u00ebr paqen, t\u00eb organizuar nga Xhemati Musliman Ahmedia i Anglis\u00eb.<\/p>\n<p><img loading=\"lazy\" decoding=\"async\" class=\"aligncenter size-full wp-image-6403\" src=\"http:\/\/www.ahmadiyya-islam.org\/al\/wp-content\/uploads\/sites\/3\/2017\/03\/2017-03-25-UK-Peace-Symposium-002.jpg\" alt=\"paqja globale\" width=\"1000\" height=\"404\" srcset=\"https:\/\/www.ahmadiyya-islam.org\/al\/wp-content\/uploads\/sites\/3\/2017\/03\/2017-03-25-UK-Peace-Symposium-002.jpg 1000w, https:\/\/www.ahmadiyya-islam.org\/al\/wp-content\/uploads\/sites\/3\/2017\/03\/2017-03-25-UK-Peace-Symposium-002-300x121.jpg 300w, https:\/\/www.ahmadiyya-islam.org\/al\/wp-content\/uploads\/sites\/3\/2017\/03\/2017-03-25-UK-Peace-Symposium-002-768x310.jpg 768w\" sizes=\"auto, (max-width: 1000px) 100vw, 1000px\" \/>Evenimenti u zhvillua n\u00eb xhamin\u00eb Bejtul-Futuh t\u00eb Londr\u00ebs, m\u00eb e madhja n\u00eb Angli, me nj\u00eb audienc\u00eb prej m\u00eb shum\u00eb 1000 persona, nga 30 shtete, duke p\u00ebrfshir\u00eb mbi 600 miq jo-ahmedian\u00eb, nd\u00ebr t\u00eb cil\u00ebt ishin ministra qeverish, ambasador\u00eb shtetesh, deputet\u00eb t\u00eb t\u00eb dyja Dhomave t\u00eb Parlamentit t\u00eb Anglis\u00eb si dhe figura t\u00eb shquara t\u00eb fushave t\u00eb ndryshme.<\/p>\n<p>Gjat\u00eb eventit, Shenjt\u00ebria e tij i dha \u201c\u00c7mimin e Xhematit Musliman Ahmedia p\u00ebr Promovimin e Paqes\u201d Znj. Setsuko Thurlow, q\u00eb \u00ebsht\u00eb nj\u00eb e mbijetuar e bomb\u00ebs atomike t\u00eb Hiroshim\u00ebs dhe aktiviste p\u00ebr paqen, duke njohur p\u00ebrpjekjet e saj t\u00eb jasht\u00ebzakonshme n\u00eb fushat\u00ebn e \u00e7armatimit b\u00ebrthamor.<\/p>\n<p>Duke u ndalur te sulmi i jav\u00ebs s\u00eb kaluar n\u00eb Lond\u00ebr, Shenjt\u00ebria e tij e cil\u00ebsoi si nj\u00eb <strong>\u201cmizori barbare\u201d <\/strong>dhe t\u00eb gjitha format e ekstremizmit dhe t\u00eb terrorizmit i quajti si shkelje t\u00eb hapur ndaj m\u00ebsimeve t\u00eb Islamit.<\/p>\n<p>M\u00eb tej, Shenjt\u00ebria e tij shprehu keqardhjen e tij p\u00ebr luft\u00ebra t\u00eb vazhdueshme n\u00eb bot\u00ebn muslimane dhe gjithashtu shfaqi shqet\u00ebsimin e tij p\u00ebr rritje tensionesh edhe n\u00eb pjes\u00ebn tjet\u00ebr t\u00eb bot\u00ebs. Lidhur me k\u00ebt\u00eb, ai u b\u00ebri thirrje superfuqive t\u00eb bot\u00ebs t\u00eb frenojn\u00eb tregtin\u00eb e arm\u00ebve.<\/p>\n<p>Duke iu referuar sulmit t\u00eb ndodhur t\u00eb m\u00ebrkur\u00ebn e kaluar n\u00eb Uestminster, Hazret Mirza Masrur Ahmed tha:<\/p>\n<blockquote><p><strong>\u201cS\u00eb pari, dua t\u2019u shpreh ngush\u00ebllimet e mia m\u00eb t\u00eb thella t\u00eb gjith\u00eb atyre q\u00eb u prek\u00ebn nga sulmi i dit\u00ebs s\u00eb m\u00ebrkur\u00eb pran\u00eb Uestminsterit. Ndjenjat dhe lutjet tona n\u00eb k\u00ebt\u00eb koh\u00eb tragjike jan\u00eb me njer\u00ebzit e Londr\u00ebs. N\u00eb em\u00ebr t\u00eb Xhematit Musliman Ahmedia, do t\u00eb doja t\u00eb b\u00ebja kategorikisht t\u00eb qart\u00eb q\u00eb ne d\u00ebnojm\u00eb t\u00eb gjitha format e tilla t\u00eb terrorizmit dhe tregojm\u00eb dhembshurin\u00eb ton\u00eb ndaj viktimave t\u00eb k\u00ebsaj mizorie barbare\u201d.<\/strong><\/p><\/blockquote>\n<p><img loading=\"lazy\" decoding=\"async\" class=\"aligncenter size-full wp-image-6402\" src=\"http:\/\/www.ahmadiyya-islam.org\/al\/wp-content\/uploads\/sites\/3\/2017\/03\/2017-03-25-UK-Peace-Symposium-003.jpg\" alt=\"paqja globale\" width=\"1000\" height=\"625\" srcset=\"https:\/\/www.ahmadiyya-islam.org\/al\/wp-content\/uploads\/sites\/3\/2017\/03\/2017-03-25-UK-Peace-Symposium-003.jpg 1000w, https:\/\/www.ahmadiyya-islam.org\/al\/wp-content\/uploads\/sites\/3\/2017\/03\/2017-03-25-UK-Peace-Symposium-003-300x188.jpg 300w, https:\/\/www.ahmadiyya-islam.org\/al\/wp-content\/uploads\/sites\/3\/2017\/03\/2017-03-25-UK-Peace-Symposium-003-768x480.jpg 768w\" sizes=\"auto, (max-width: 1000px) 100vw, 1000px\" \/>Ai me keqardhje pohoi se grupe t\u00eb caktuara ekstremiste muslimane kan\u00eb shnd\u00ebrruar disa xhami dhe medrese n\u00eb <strong>\u201cqendra t\u00eb ekstremizmit\u201d, <\/strong>t\u00eb cilat kan\u00eb p\u00ebrhapur frik\u00eb dhe keqkuptime p\u00ebr Islamin tek jomusliman\u00ebt. N\u00eb kontrast t\u00eb plot\u00eb, tha Shenjt\u00ebria e tij se, nj\u00eb pjes\u00eb e pandar\u00eb e adhurimit t\u00eb Zotit \u00ebsht\u00eb ajo e sh\u00ebrbimit ndaj njer\u00ebzimit dhe e bashk\u00ebjetes\u00ebs me paqe me njer\u00ebzit e t\u00eb gjitha feve dhe t\u00eb besimeve.<\/p>\n<p>Bazuar n\u00eb k\u00ebto m\u00ebsime t\u00eb Islamit, Xhemati Musliman Ahmedia ka krijuar projekte humanitare n\u00eb pjes\u00eb t\u00eb ndryshme t\u00eb bot\u00ebs, ku secili prej k\u00ebtyre projekteve i sh\u00ebrben njer\u00ebzimit, duke u sjell\u00eb rehati njer\u00ebzve n\u00eb nevoj\u00eb.<\/p>\n<blockquote><p><strong>\u201cKemi nd\u00ebrtuar spitale, shkolla dhe kolegje, t\u00eb cilat mund\u00ebsojn\u00eb sh\u00ebrbimet sh\u00ebndet\u00ebsore dhe arsimin n\u00eb disa prej vendeve m\u00eb t\u00eb rr\u00ebnuara t\u00eb bot\u00ebs. Ne nuk k\u00ebrkojm\u00eb asnj\u00eb l\u00ebvdat\u00eb p\u00ebr k\u00ebto p\u00ebrpjekje. D\u00ebshira jon\u00eb e vetme \u00ebsht\u00eb q\u00eb t\u00eb ndihmojm\u00eb njer\u00ebzit e till\u00eb q\u00eb ata t\u00eb ngrihen n\u00eb t\u00eb dyja k\u00ebmb\u00ebt e tyre, n\u00eb m\u00ebnyr\u00eb q\u00eb ata t\u00eb p\u00ebrmbushin shpresat dhe aspiratat e tyre dhe rrjedhimisht t\u00eb jetojn\u00eb t\u00eb lumtur me dinjitet dhe liri\u201d, <\/strong>tha Hazret Mirza Masrur Ahmed, duke shtuar se <strong>\u201cN\u00eb k\u00ebt\u00eb m\u00ebnyr\u00eb, n\u00eb vend q\u00eb t\u00eb frustrohen dhe t\u00eb priren nga ekstremizmi, ata do t\u00eb b\u00ebhen qytetar\u00eb t\u00eb ndersh\u00ebm t\u00eb kombeve t\u00eb tyre. Gjithashtu, jo vet\u00ebm q\u00eb do t\u00eb zhvillohen vet\u00eb, ata do t\u00eb ndihmojn\u00eb n\u00eb progresin e kombeve t\u00eb tyre dhe do t\u00eb jen\u00eb nxit\u00ebs edhe p\u00ebr t\u00eb tjer\u00ebt q\u00eb t\u00eb ndjekin hapat e tyre!\u201d<\/strong><\/p><\/blockquote>\n<p>Shenjt\u00ebria e tij tha se pavar\u00ebsisht nga fakti q\u00eb m\u00ebsimet e Islamit mohojn\u00eb kategorikisht sulmet dhe vrasjet diskriminuese, shum\u00eb njer\u00ebz e lidhin Islamin me dhun\u00ebn dhe luft\u00ebn.<\/p>\n<blockquote><p><strong>\u201c\u00c7far\u00ebdo q\u00eb t\u00eb pretendojn\u00eb terrorist\u00ebt, n\u00eb asnj\u00eb rrethan\u00eb sulmet dhe vrasjet p\u00ebr shkak t\u00eb dallimeve t\u00eb besimit nuk mund t\u00eb justifikohen. Islami ka sanksionuar shenjt\u00ebrin\u00eb e jet\u00ebs s\u00eb njeriut n\u00eb ajetin 33 t\u00eb sures 5 t\u00eb Kuranit t\u00eb Shenjt\u00eb, q\u00eb thot\u00eb: \u2018Kushdo q\u00eb vret nj\u00eb njeri q\u00eb nuk ka vrar\u00eb ndok\u00ebnd ose q\u00eb nuk ka shkaktuar trazir\u00eb n\u00eb tok\u00eb, \u00ebsht\u00eb sikur t\u00eb ket\u00eb vrar\u00eb gjith\u00eb njer\u00ebzimin dhe kushdo q\u00eb i jep jet\u00eb, \u00ebsht\u00eb sikur t\u2019i ket\u00eb dh\u00ebn\u00eb jet\u00eb gjith\u00eb njer\u00ebzimit\u2019\u201d, <\/strong>&#8211; tha ai.<\/p><\/blockquote>\n<p><img loading=\"lazy\" decoding=\"async\" class=\"aligncenter size-full wp-image-6401\" src=\"http:\/\/www.ahmadiyya-islam.org\/al\/wp-content\/uploads\/sites\/3\/2017\/03\/2017-03-25-UK-Peace-Symposium-004.jpg\" alt=\"tregtia e arm\u00ebve\" width=\"1000\" height=\"523\" srcset=\"https:\/\/www.ahmadiyya-islam.org\/al\/wp-content\/uploads\/sites\/3\/2017\/03\/2017-03-25-UK-Peace-Symposium-004.jpg 1000w, https:\/\/www.ahmadiyya-islam.org\/al\/wp-content\/uploads\/sites\/3\/2017\/03\/2017-03-25-UK-Peace-Symposium-004-300x157.jpg 300w, https:\/\/www.ahmadiyya-islam.org\/al\/wp-content\/uploads\/sites\/3\/2017\/03\/2017-03-25-UK-Peace-Symposium-004-768x402.jpg 768w\" sizes=\"auto, (max-width: 1000px) 100vw, 1000px\" \/>Hazret Mirza Masrur Ahmed u ndal te liria e besimit si vler\u00eb universale ku shtoi:<\/p>\n<blockquote><p><strong>\u201cIslami \u00ebsht\u00eb nj\u00eb fe q\u00eb ka sanksionuar p\u00ebrgjithmon\u00eb parimet universale t\u00eb liris\u00eb s\u00eb fes\u00eb, t\u00eb liris\u00eb s\u00eb nd\u00ebrgjegjes dhe t\u00eb liris\u00eb s\u00eb besimit. Andaj, n\u00ebse sot ekzistojn\u00eb disa grupe a sekte t\u00eb ashtuquajtura muslimane, q\u00eb vrasin njer\u00ebz, ata vet\u00ebm se duhen d\u00ebnuar n\u00eb m\u00ebnyr\u00ebn m\u00eb t\u00eb fuqishme. Aktet e tyre barbare p\u00ebrb\u00ebjn\u00eb nj\u00eb shkelje t\u00eb hapur t\u00eb asaj p\u00ebr t\u00eb cil\u00ebn \u00ebsht\u00eb ngritur Islami\u201d.<\/strong><\/p><\/blockquote>\n<p>Shenjt\u00ebria e tij gjithashtu foli p\u00ebr disa individ\u00eb a grupe nga jomusliman\u00ebt, t\u00eb cil\u00ebt <strong>\u201ci fryn\u00eb zjarrit t\u00eb ndasis\u00eb dhe t\u00eb armiq\u00ebsis\u00eb\u201d <\/strong>dhe citoi nj\u00eb artikull t\u00eb gazet\u00ebs \u201cForeing Policy\u201d, e cila e p\u00ebrshkroi islamofobin\u00eb si nj\u00eb \u201cindustri\u201d m\u00eb vete. Shenjt\u00ebria e tij u b\u00ebri thirrje lider\u00ebve bot\u00ebror\u00eb q\u00eb gjithmon\u00eb t\u00eb flasin me urt\u00ebsi dhe integritet.<\/p>\n<blockquote><p><strong>\u201cMe keqardhje, ne shpesh d\u00ebgjojm\u00eb politikan\u00eb dhe lider\u00eb t\u00eb ndrysh\u00ebm duke b\u00ebr\u00eb deklarata t\u00eb zjarrta t\u00eb panevojshme, q\u00eb nuk burojn\u00eb nga e v\u00ebrteta, por nga interesat e tyre politike\u201d.<\/strong><\/p><\/blockquote>\n<p>Shenjt\u00ebria e tij mohoi akuz\u00ebn e ngritur nga disa figura t\u00eb famshme ndaj Profetit t\u00eb shenjt\u00eb Muhammed (paqja qoft\u00eb mbi t\u00eb) q\u00eb ai t\u00eb ket\u00eb vrar\u00eb njer\u00ebzit q\u00eb nuk e pranuan Islamin. Ai tha se Profeti i Islamit (paqja qoft\u00eb mbi t\u00eb) ka luftuar p\u00ebr t\u00eb p\u00ebrdorur mjetin e fundit p\u00ebr mbrojtjen e fes\u00eb dhe p\u00ebr t\u00eb vendosur parimin universal t\u00eb liris\u00eb s\u00eb besimit.<\/p>\n<blockquote><p><strong>\u201cAkuza q\u00eb Profeti i shenjt\u00eb (paqja qoft\u00eb mbi t\u00eb) ishte nj\u00eb udh\u00ebheq\u00ebs lufte \u00ebsht\u00eb nj\u00eb e padrejt\u00eb dhe mizori ekstreme dhe akuza t\u00eb tilla t\u00eb padrejta vet\u00ebm i l\u00ebndojn\u00eb zemrat e miliona musliman\u00ebve paqedash\u00ebs n\u00eb mbar\u00eb bot\u00ebn. Historia d\u00ebshmon faktin se Profeti i Islamit \u00ebsht\u00eb p\u00ebrpjekur me \u00e7do qeliz\u00eb t\u00eb qenies s\u00eb tij p\u00ebr paqen dhe pajtimin\u201d, <\/strong>tha ai duke shtuar se ka disa gazetar\u00eb dhe personalitete t\u00eb shquara, t\u00eb cil\u00ebt <strong>\u201cnotojn\u00eb kund\u00ebr val\u00ebs s\u00eb g\u00ebnjeshtr\u00ebs\u201d <\/strong>duke shkruar rreth Islamit me drejt\u00ebsi dhe integritet, dhe ai citoi Ruth Cranston, nj\u00eb shkrimtare e\u00a0shquar e\u00a0shekullit XX, e\u00a0cili shkroi n\u00eb librin \u201cWorld Faith\u201d t\u00eb vitit 1949:<\/p>\n<p><strong>\u201cMuhammedi kurr\u00eb nuk nxiti luft\u00eb dhe gjakderdhje. \u00c7do betej\u00eb q\u00eb ai b\u00ebri, ishte vet\u00ebmbrojt\u00ebse. Ai luftoi duke mbrojtur veten p\u00ebr t\u00eb mbijetuar\u201d.<\/strong><\/p><\/blockquote>\n<p>Shenjt\u00ebria e tij gjithashtu l\u00ebvdoi Kryeministren, znj. Theresa May, p\u00ebr reagimin e saj ndaj sulmit t\u00eb Uestminsterit.<\/p>\n<blockquote><p><strong>\u201cDo t\u00eb doja t\u00eb p\u00ebrg\u00ebzoja fuqimisht Kryeministren ton\u00eb t\u00eb nderuar p\u00ebr citimin e disa vargjeve nga Kurani i Shenjt\u00eb dhe p\u00ebr d\u00ebnimin e disa akuzave q\u00eb u jan\u00eb veshur m\u00ebsimeve t\u00eb Islamit\u201d, <\/strong>tha Hazret Mirza Masrur Ahmed.<\/p><\/blockquote>\n<p><img loading=\"lazy\" decoding=\"async\" class=\"aligncenter size-full wp-image-6400\" src=\"http:\/\/www.ahmadiyya-islam.org\/al\/wp-content\/uploads\/sites\/3\/2017\/03\/2017-03-25-UK-Peace-Symposium-005.jpg\" alt=\"tregtia e arm\u00ebve\" width=\"1000\" height=\"599\" srcset=\"https:\/\/www.ahmadiyya-islam.org\/al\/wp-content\/uploads\/sites\/3\/2017\/03\/2017-03-25-UK-Peace-Symposium-005.jpg 1000w, https:\/\/www.ahmadiyya-islam.org\/al\/wp-content\/uploads\/sites\/3\/2017\/03\/2017-03-25-UK-Peace-Symposium-005-300x180.jpg 300w, https:\/\/www.ahmadiyya-islam.org\/al\/wp-content\/uploads\/sites\/3\/2017\/03\/2017-03-25-UK-Peace-Symposium-005-768x460.jpg 768w\" sizes=\"auto, (max-width: 1000px) 100vw, 1000px\" \/>Duke folur p\u00ebr nj\u00ebrin prej shkaqeve t\u00eb ekstremizmit, Hazret Mirza Masrur Ahmed tha se shum\u00eb analiza k\u00ebshillojn\u00eb q\u00eb disa t\u00eb rinj musliman\u00eb jan\u00eb radikalizuar p\u00ebr shkak se ata ndjen\u00eb q\u00eb besimet e tyre fetare jan\u00eb fyer dhe tallur n\u00eb bot\u00ebn per\u00ebndimore, por q\u00eb sipas tij nuk mund t\u00eb justifikoj\u00eb terrorin.<\/p>\n<blockquote><p><strong>\u00a0\u201cN\u00eb asnj\u00eb rrethan\u00eb kjo gj\u00eb nuk u jep atyre justifikim ose leje q\u00eb ata t\u00eb mos quhen fajtor\u00eb p\u00ebr aktet e tyre. Megjithat\u00eb, logjika e sh\u00ebndosh\u00eb na thot\u00eb se nuk duhet t&#8217;i hedhim benzin\u00eb zjarrit t\u00eb ndezur. P\u00ebrkundrazi, ne duhet t\u00eb k\u00ebrkojm\u00eb mir\u00ebkuptimin, respektimin e nd\u00ebrsjell\u00eb t\u00eb besimeve dhe t\u00eb p\u00ebrpiqemi p\u00ebr t\u00eb gjetur gjuh\u00ebn e p\u00ebrbashk\u00ebt&#8221;, <\/strong>tha duke shtuar se <strong>&#8220;nj\u00eb parim i art\u00eb p\u00ebr kauz\u00ebn e paqes&#8221; <\/strong>p\u00ebrmendet n\u00eb ajetin 65 t\u00eb sures 3 t\u00eb Kuranit t\u00eb Shenjt\u00eb, q\u00eb inkurajon njer\u00ebzit t\u00eb p\u00ebrqendrohen n\u00eb besimet q\u00eb i bashkojn\u00eb, duke th\u00ebn\u00eb:<\/p>\n<p><strong>&#8220;Ejani drejt asaj q\u00eb \u00ebsht\u00eb p\u00ebrbashk\u00ebt mes nesh e jush&#8221;.<\/strong><\/p>\n<p><strong>&#8220;K\u00ebshtu, Kurani na m\u00ebsoi si t\u00eb nd\u00ebrtojm\u00eb nj\u00eb shoq\u00ebri paq\u00ebsore multikulturore, ku njer\u00ebzit e t\u00eb gjitha feve dhe t\u00eb besimeve mund t\u00eb bashk\u00ebjetojn\u00eb. P\u00ebrb\u00ebr\u00ebsit ky\u00e7e jan\u00eb respekti dhe toleranca e nd\u00ebrsjell\u00eb&#8221;, <\/strong>&#8211; u shpreh ai.<\/p><\/blockquote>\n<p>Duke iu referuar tem\u00ebs s\u00eb Simpoziumit t\u00eb Paqes 2017, e cila \u00ebsht\u00eb &#8220;Konfliktet globale dhe nevoja p\u00ebr drejt\u00ebsin\u00eb&#8221;, Shenjt\u00ebria e tij tha se mungesa e drejt\u00ebsis\u00eb <strong>&#8220;ka rr\u00ebnuar \u00e7do segment t\u00eb shoq\u00ebris\u00eb&#8221; <\/strong>por ndon\u00ebse \u00ebsht\u00eb e pamohueshme q\u00eb sot disa vende muslimane jan\u00eb b\u00ebr\u00eb <strong>&#8220;epiqend\u00ebr e luft\u00ebrave dhe e barbarive&#8221;, <\/strong>\u00ebsht\u00eb gabim t\u00eb thuash se pjesa tjet\u00ebr e bot\u00ebs \u00ebsht\u00eb e past\u00ebr nga \u00e7rregullimet.<\/p>\n<p>Shenjt\u00ebria e tij citoi raportime t\u00eb ndryshme q\u00eb tregonin tensionin e ngritur mes Shteteve t\u00eb Bashkuara dhe Kin\u00ebs, gjithashtu mes Shteteve t\u00eb Bashkuara dhe Rusis\u00eb.<\/p>\n<p>Duke folur p\u00ebr nevoj\u00ebn q\u00eb njer\u00ebzimi t\u00eb bashkohet, Hazret Mirza Masrur Ahmed tha:<\/p>\n<blockquote><p><strong>&#8220;Nevoja e or\u00ebs \u00ebsht\u00eb q\u00eb ne t\u00eb rr\u00ebzojm\u00eb barrierat e frik\u00ebs q\u00eb na ndajn\u00eb. N\u00eb vend q\u00eb t\u00eb ngrem\u00eb mure q\u00eb na ndajn\u00eb, duhet t\u00eb nd\u00ebrtojm\u00eb ura q\u00eb na bashkojn\u00eb &#8230; Ne duhet t\u00eb ngrihemi kund\u00ebr t\u00eb gjitha formave t\u00eb shtypjes, urrejtjes dhe duhet t\u00eb shfryt\u00ebzojm\u00eb t\u00eb gjitha aft\u00ebsit\u00eb tona p\u00ebr t\u00eb promovuar paqen n\u00eb bot\u00eb&#8221;.<\/strong><\/p><\/blockquote>\n<p><img loading=\"lazy\" decoding=\"async\" class=\"aligncenter size-full wp-image-6399\" src=\"http:\/\/www.ahmadiyya-islam.org\/al\/wp-content\/uploads\/sites\/3\/2017\/03\/2017-03-25-UK-Peace-Symposium-006.jpg\" alt=\"tregtia e arm\u00ebve\" width=\"1000\" height=\"726\" srcset=\"https:\/\/www.ahmadiyya-islam.org\/al\/wp-content\/uploads\/sites\/3\/2017\/03\/2017-03-25-UK-Peace-Symposium-006.jpg 1000w, https:\/\/www.ahmadiyya-islam.org\/al\/wp-content\/uploads\/sites\/3\/2017\/03\/2017-03-25-UK-Peace-Symposium-006-300x218.jpg 300w, https:\/\/www.ahmadiyya-islam.org\/al\/wp-content\/uploads\/sites\/3\/2017\/03\/2017-03-25-UK-Peace-Symposium-006-768x558.jpg 768w\" sizes=\"auto, (max-width: 1000px) 100vw, 1000px\" \/>Hazret Mirza Masrur Ahmed n\u00eb fjal\u00ebn e tij vuri theksin tek hapja e kanaleve t\u00eb komunikimit si mund\u00ebsi p\u00ebr t\u00eb dal\u00eb nga kriza globale.<\/p>\n<blockquote><p><strong>&#8220;Fatkeq\u00ebsisht, me kalimin e koh\u00ebs, duket se po humbasim aft\u00ebsin\u00eb ton\u00eb p\u00ebr t\u00eb d\u00ebgjuar dhe p\u00ebr t\u00eb toleruar mendimet dhe perspektivat e kund\u00ebrta. Hapja e kanaleve t\u00eb komunikimit dhe leht\u00ebsimi i dialogut jan\u00eb t\u00eb domosdoshme, p\u00ebrndryshe e keqja vet\u00ebm do to thellohet akoma m\u00eb shum\u00eb n\u00eb bot\u00eb &#8230; N\u00eb vend q\u00eb t\u00eb vendosim gishtin dhe t\u00eb akuzojm\u00eb nj\u00ebri-tjetrin, tani \u00ebsht\u00eb koha p\u00ebr zgjidhje&#8221;<\/strong>, tha ai.<\/p><\/blockquote>\n<p>Pas k\u00ebsaj, Shenjt\u00ebria e tij d\u00ebnoi tregtin\u00eb nd\u00ebrkomb\u00ebtare t\u00eb arm\u00ebve, e cila, ai tha se, sh\u00ebrben si nj\u00eb mjet p\u00ebr t\u00eb mbajtur ndezur luft\u00ebra dhe p\u00ebr t\u00eb siguruar q\u00eb bota t\u00eb mbetet n\u00eb nj\u00eb cik\u00ebl t\u00eb vazhduesh\u00ebm dhune.<\/p>\n<blockquote><p><strong>&#8220;Sipas mendimit tim, ka nj\u00eb zgjidhje t\u00eb gatshme q\u00eb mund t&#8217;i jap\u00eb impakt t\u00eb menj\u00ebhersh\u00ebm dhe t\u00eb filloj\u00eb procesin e sh\u00ebrimit t\u00eb bot\u00ebs. I referohem tregtis\u00eb nd\u00ebrkomb\u00ebtare t\u00eb arm\u00ebve, t\u00eb cil\u00ebn un\u00eb mendoj se duhet t\u00eb frenohet dhe t\u00eb ndalohet&#8221; &#8211; <\/strong>deklaroi Hazret Mirza Masrur Ahmed.<\/p>\n<p>Ai vijoi:<\/p>\n<p><strong>&#8220;Interesi primar i \u00e7do kombit duhet t\u00eb jet\u00eb mir\u00ebqenia e njer\u00ebzimit dhe arritja e paqes, por megjithat\u00eb, \u00ebsht\u00eb nj\u00eb e v\u00ebrtet\u00eb e hidhur q\u00eb interesa tregtare dhe grumbullimi i pasurive marrin p\u00ebrpar\u00ebsi mbi shqet\u00ebsime t\u00eb tilla&#8221;.<\/strong><\/p><\/blockquote>\n<p><img loading=\"lazy\" decoding=\"async\" class=\"aligncenter size-full wp-image-6398\" src=\"http:\/\/www.ahmadiyya-islam.org\/al\/wp-content\/uploads\/sites\/3\/2017\/03\/2017-03-25-UK-Peace-Symposium-007.jpg\" alt=\"tregtia e arm\u00ebve\" width=\"1000\" height=\"388\" srcset=\"https:\/\/www.ahmadiyya-islam.org\/al\/wp-content\/uploads\/sites\/3\/2017\/03\/2017-03-25-UK-Peace-Symposium-007.jpg 1000w, https:\/\/www.ahmadiyya-islam.org\/al\/wp-content\/uploads\/sites\/3\/2017\/03\/2017-03-25-UK-Peace-Symposium-007-300x116.jpg 300w, https:\/\/www.ahmadiyya-islam.org\/al\/wp-content\/uploads\/sites\/3\/2017\/03\/2017-03-25-UK-Peace-Symposium-007-768x298.jpg 768w\" sizes=\"auto, (max-width: 1000px) 100vw, 1000px\" \/>Rreth mendimit se shitja e arm\u00ebve mund t\u00eb jet\u00eb &#8220;nxit\u00ebse&#8221; e paqes duke punuar si &#8220;tmerrues&#8221;, ai tha se \u00ebsht\u00eb <strong>&#8220;totalisht i pakuptimt\u00eb&#8221; <\/strong>dhe tha se justifikime t\u00eb tilla <strong>&#8220;kan\u00eb b\u00ebr\u00eb q\u00eb bota t\u00eb p\u00ebrfshihet n\u00eb nj\u00eb gar\u00eb t\u00eb pafundme t\u00eb pasjes s\u00eb arm\u00ebve&#8221;. <\/strong><\/p>\n<p>Ai gjithashtu tha se asnj\u00eb shtet nuk duhet t\u00eb mendoj\u00eb se <strong>&#8220;ka imunitet ndaj rrezikut&#8221; <\/strong>sepse historia na ka m\u00ebsuar se luft\u00ebrat <strong>&#8220;kan\u00eb evoluar me shpejt\u00ebsi dhe shpesh n\u00eb m\u00ebnyr\u00eb t\u00eb papritur&#8221;.<\/strong><\/p>\n<p>Shenjt\u00ebria e tij paralajm\u00ebroi rrezikun e luft\u00ebs b\u00ebrthamore, t\u00eb cil\u00ebn ai e p\u00ebrshkroi si <strong>&#8220;t\u00eb paimagjinueshme&#8221; <\/strong>dhe i b\u00ebri thirrje gjith\u00eb njer\u00ebzimit q\u00eb t\u00eb mendojn\u00eb thell\u00eb dhe gjat\u00eb se \u00e7far\u00eb bote ata d\u00ebshirojn\u00eb t&#8217;u l\u00ebn\u00eb brezave t\u00eb ardhsh\u00ebm.<\/p>\n<p><img loading=\"lazy\" decoding=\"async\" class=\"aligncenter size-full wp-image-6396\" src=\"http:\/\/www.ahmadiyya-islam.org\/al\/wp-content\/uploads\/sites\/3\/2017\/03\/2017-03-25-UK-Peace-Symposium-009.jpg\" alt=\"tregtia e arm\u00ebve\" width=\"1000\" height=\"534\" srcset=\"https:\/\/www.ahmadiyya-islam.org\/al\/wp-content\/uploads\/sites\/3\/2017\/03\/2017-03-25-UK-Peace-Symposium-009.jpg 1000w, https:\/\/www.ahmadiyya-islam.org\/al\/wp-content\/uploads\/sites\/3\/2017\/03\/2017-03-25-UK-Peace-Symposium-009-300x160.jpg 300w, https:\/\/www.ahmadiyya-islam.org\/al\/wp-content\/uploads\/sites\/3\/2017\/03\/2017-03-25-UK-Peace-Symposium-009-768x410.jpg 768w\" sizes=\"auto, (max-width: 1000px) 100vw, 1000px\" \/>Hazret Mirza Masrur Ahmed u ndal edhe tek pasojat katastrofike t\u00eb nj\u00eb lufte tjet\u00ebr bot\u00ebrore.<\/p>\n<blockquote><p><strong>&#8220;N\u00eb vend q\u00eb t\u00eb l\u00ebm\u00eb pas nj\u00eb trash\u00ebgimi t\u00eb prosperitetit p\u00ebr brezat e ardhsh\u00ebm, do t\u00eb jemi fajtor\u00eb duke u l\u00ebn\u00eb vet\u00ebm trishtim dhe d\u00ebshp\u00ebrim. &#8220;Dhurata&#8221; jon\u00eb p\u00ebr bot\u00ebn do t\u00eb jet\u00eb nj\u00eb gjenerat\u00eb me f\u00ebmij\u00eb t\u00eb gjymtuar, t\u00eb lindur me defekte dhe aft\u00ebsi t\u00eb kufizuara intelektuale. Kushedi se prind\u00ebrit e tyre edhe t\u00eb mbijetojn\u00eb p\u00ebr t&#8217;u kujdesur e p\u00ebr t&#8217;i rritur ata?!&#8221;, <\/strong>tha ai duke paralajm\u00ebruar: <strong>&#8220;Gjithmon\u00eb mbani mend, n\u00ebse do t\u00eb ndjekim me \u00e7do kusht vet\u00ebm interesat vetjake, do t\u00eb uzurpohen t\u00eb drejtat e t\u00eb tjer\u00ebve dhe kjo na \u00e7on vet\u00ebm n\u00eb konflikt, luft\u00eb dhe mjerim. T\u00eb gjith\u00eb ne duhet t\u00eb kuptojm\u00eb dhe reflektojm\u00eb se buz\u00eb \u00e7far\u00eb gremine po q\u00ebndrojm\u00eb&#8221;.<\/strong><\/p><\/blockquote>\n<p>Duke e p\u00ebrmbyllur, Hazret Mirza Masrur Ahmed u lut:<\/p>\n<blockquote><p><strong>&#8220;Mesazhi im p\u00ebr bot\u00ebn \u00ebsht\u00eb t\u00eb shohim tek e nes\u00ebrmja dhe jo vet\u00ebm tek e sotmja. Le t\u00eb l\u00ebm\u00eb pas rreze shprese dhe mund\u00ebsish p\u00ebr f\u00ebmij\u00ebt tan\u00eb, n\u00eb vend q\u00eb t&#8217;i r\u00ebndojm\u00eb me pasoja t\u00eb tmerrshme t\u00eb m\u00ebkateve tona&#8230; Un\u00eb lutem q\u00eb Zoti t&#8217;u jap\u00eb ndjeshm\u00ebri njer\u00ebzve t\u00eb bot\u00ebs q\u00eb ret\u00eb e zeza t\u00eb cilat q\u00ebndrojn\u00eb mbi ne, t&#8217;i l\u00ebn\u00eb vendin nj\u00eb t\u00eb ardhmeje t\u00eb ndritshme dhe t\u00eb begat\u00eb.&#8221;<\/strong><\/p><\/blockquote>\n<p>P\u00ebrpara fjalimit t\u00eb Shenjt\u00ebris\u00eb s\u00eb tij, personalitete t\u00eb shquara fol\u00ebn p\u00ebr r\u00ebnd\u00ebsin\u00eb e paqes dhe p\u00ebr gjendjen kritike t\u00eb bot\u00ebs n\u00eb dit\u00ebt e sotme.<\/p>\n<p><img loading=\"lazy\" decoding=\"async\" class=\"aligncenter size-full wp-image-6395\" src=\"http:\/\/www.ahmadiyya-islam.org\/al\/wp-content\/uploads\/sites\/3\/2017\/03\/2017-03-25-UK-Peace-Symposium-010.jpg\" alt=\"tregtia e arm\u00ebve\" width=\"1000\" height=\"680\" srcset=\"https:\/\/www.ahmadiyya-islam.org\/al\/wp-content\/uploads\/sites\/3\/2017\/03\/2017-03-25-UK-Peace-Symposium-010.jpg 1000w, https:\/\/www.ahmadiyya-islam.org\/al\/wp-content\/uploads\/sites\/3\/2017\/03\/2017-03-25-UK-Peace-Symposium-010-300x204.jpg 300w, https:\/\/www.ahmadiyya-islam.org\/al\/wp-content\/uploads\/sites\/3\/2017\/03\/2017-03-25-UK-Peace-Symposium-010-768x522.jpg 768w\" sizes=\"auto, (max-width: 1000px) 100vw, 1000px\" \/>Rafiq Hayat, Presidenti Komb\u00ebtar i Xhematit Musliman Ahmedia t\u00eb Anglis\u00eb, shprehu ngush\u00ebllimet e tij p\u00ebr viktimat e sulmit n\u00eb Uestminster dhe vler\u00ebsoi PC Keith Palmer i cili sakrifikoi jet\u00ebn e tij p\u00ebr hir t\u00eb mbrojtjes s\u00eb demokracis\u00eb n\u00eb vend.<\/p>\n<p>Silvio Danio, Drejtor ekzekutiv p\u00ebr &#8220;Fet\u00eb p\u00ebr Paqen&#8221; (Religions for Peace), i ardhur nga Italia tha:<\/p>\n<p>&#8220;Dua t&#8217;ju fal\u00ebnderoj Shenjt\u00ebrin\u00eb tuaj n\u00eb m\u00ebnyr\u00eb t\u00eb ve\u00e7ant\u00eb, sepse duke d\u00ebgjuar shpesh fjal\u00ebn tuaj dhe shum\u00eb nd\u00ebrhyrje tuaja n\u00eb vende t\u00eb ndryshme t\u00eb bot\u00ebs, theksoj se ju nuk keni qen\u00eb vet\u00ebm nj\u00eb promotor dhe nj\u00eb krijues i asaj q\u00eb ne na nevojitet sot pashmangshm\u00ebrisht, q\u00eb \u00ebsht\u00eb kultura e dialogut, por keni qen\u00eb edhe nj\u00eb kampion i k\u00ebsaj. Ju jeni nj\u00eb shembull.<\/p>\n<p><img loading=\"lazy\" decoding=\"async\" class=\"aligncenter size-full wp-image-6394\" src=\"http:\/\/www.ahmadiyya-islam.org\/al\/wp-content\/uploads\/sites\/3\/2017\/03\/2017-03-25-UK-Peace-Symposium-011.jpg\" alt=\"tregtia e arm\u00ebve\" width=\"616\" height=\"639\" srcset=\"https:\/\/www.ahmadiyya-islam.org\/al\/wp-content\/uploads\/sites\/3\/2017\/03\/2017-03-25-UK-Peace-Symposium-011.jpg 616w, https:\/\/www.ahmadiyya-islam.org\/al\/wp-content\/uploads\/sites\/3\/2017\/03\/2017-03-25-UK-Peace-Symposium-011-289x300.jpg 289w\" sizes=\"auto, (max-width: 616px) 100vw, 616px\" \/>Znj. Setsuko Thurlow, e vler\u00ebsuara e \u00e7mimit t\u00eb Xhematit Musliman Ahmedia p\u00ebr Promovimin e Paqes tha:<\/p>\n<blockquote><p><strong>&#8220;N\u00eb p\u00ebrpjekje p\u00ebr t\u00eb ditur rreth historis\u00eb s\u00eb Xhematit tuaj, misioneve dhe aktiviteteve, m\u00ebsova me dhimbje vuajtjet dhe sfilitjet tuaja nga diskriminimi dhe persekutimi fetar. Megjithat\u00eb, pavar\u00ebsisht nga kjo, ju keni zgjedhur parimin e jo-dhun\u00ebs, t\u00eb paqes dhe t\u00eb drejt\u00ebsis\u00eb, duke i jet\u00ebsuar ato n\u00eb p\u00ebrditshm\u00ebrin\u00eb tuaj p\u00ebrmes motos &#8220;dashuri p\u00ebr t\u00eb gjith\u00eb, urrejtje p\u00ebr ask\u00ebnd&#8221;. Sa model i ndritur jeni ju p\u00ebr komunitetin bot\u00ebror!&#8221;<\/strong><\/p><\/blockquote>\n<p>N\u00eb vazhdim, At\u00eb David Standley, duke p\u00ebrfaq\u00ebsuar Arqipeshkvin e Southwark-ut, p\u00ebrcolli mesazhin nga Vatikani n\u00eb p\u00ebrkrahje t\u00eb Simpoziumit t\u00eb Paqes.<\/p>\n<p><img loading=\"lazy\" decoding=\"async\" class=\"aligncenter size-full wp-image-6393\" src=\"http:\/\/www.ahmadiyya-islam.org\/al\/wp-content\/uploads\/sites\/3\/2017\/03\/2017-03-25-UK-Peace-Symposium-012.jpg\" alt=\"tregtia e arm\u00ebve\" width=\"1000\" height=\"364\" srcset=\"https:\/\/www.ahmadiyya-islam.org\/al\/wp-content\/uploads\/sites\/3\/2017\/03\/2017-03-25-UK-Peace-Symposium-012.jpg 1000w, https:\/\/www.ahmadiyya-islam.org\/al\/wp-content\/uploads\/sites\/3\/2017\/03\/2017-03-25-UK-Peace-Symposium-012-300x109.jpg 300w, https:\/\/www.ahmadiyya-islam.org\/al\/wp-content\/uploads\/sites\/3\/2017\/03\/2017-03-25-UK-Peace-Symposium-012-768x280.jpg 768w\" sizes=\"auto, (max-width: 1000px) 100vw, 1000px\" \/>Eventi u mbyll me nj\u00eb lutje t\u00eb heshtur, t\u00eb udh\u00ebhequr nga Shenjt\u00ebria e tij, Hazret Mirza Masrur Ahmedi.\u00a0Para dhe pas paneleve t\u00eb Simpoziumit, Shenjt\u00ebria e tij takoi personalisht personalitetet e ftuara.<\/p>\n","protected":false},"excerpt":{"rendered":"<p>\u201cN\u00eb vend q\u00eb t\u00eb ngrem\u00eb mure q\u00eb na ndajn\u00eb, duhet t\u00eb nd\u00ebrtojm\u00eb ura q\u00eb na bashkojn\u00eb\u201d, ishte thirrja kryesore q\u00eb Hazret Mirza Masrur Ahmed (Mirza Masroor Ahmad), udh\u00ebheq\u00ebsi bot\u00ebror i Xhematit Musliman Ahmedia, b\u00ebri n\u00eb simpoziumin komb\u00ebtar t\u00eb paqes, n\u00eb Lond\u00ebr. M\u00eb 25 mars 2017, Udh\u00ebheq\u00ebsi bot\u00ebror dhe Kalifi i Pest\u00eb i Xhematit Musliman Ahmedia,<\/p>\n","protected":false},"author":5,"featured_media":6404,"comment_status":"closed","ping_status":"closed","sticky":false,"template":"","format":"standard","meta":{"_acf_changed":false,"footnotes":""},"categories":[11],"tags":[376],"authors":[],"content_source":[],"class_list":["post-6391","post","type-post","status-publish","format-standard","has-post-thumbnail","hentry","category-njoftim-per-shtyp","tag-simpoziumi-per-paqen-2017","topics-paqja-globale"],"acf":[],"yoast_head":"<!-- This site is optimized with the Yoast SEO Premium plugin v21.1 (Yoast SEO v27.4) - https:\/\/yoast.com\/product\/yoast-seo-premium-wordpress\/ -->\n<title>Udh\u00ebheq\u00ebsi bot\u00ebror musliman: Jo tregtis\u00eb s\u00eb arm\u00ebve, m\u00eb shum\u00eb dialog mes shteteve<\/title>\n<meta name=\"description\" content=\"\u201cN\u00eb vend q\u00eb t\u00eb ngrem\u00eb mure q\u00eb na ndajn\u00eb, duhet t\u00eb nd\u00ebrtojm\u00eb ura q\u00eb na bashkojn\u00eb\u201d, ishte thirrja kryesore q\u00eb Hazret Mirza Masrur Ahmed\" \/>\n<meta name=\"robots\" content=\"index, follow, max-snippet:-1, max-image-preview:large, max-video-preview:-1\" \/>\n<link rel=\"canonical\" href=\"https:\/\/www.ahmadiyya-islam.org\/al\/njoftim-per-shtyp\/lideri-musliman-jo-tregtise-se-armeve\/\" \/>\n<meta property=\"og:locale\" content=\"sq_AL\" \/>\n<meta property=\"og:type\" content=\"article\" \/>\n<meta property=\"og:title\" content=\"Udh\u00ebheq\u00ebsi bot\u00ebror musliman: Jo tregtis\u00eb s\u00eb arm\u00ebve, m\u00eb shum\u00eb dialog mes shteteve\" \/>\n<meta property=\"og:description\" content=\"\u201cN\u00eb vend q\u00eb t\u00eb ngrem\u00eb mure q\u00eb na ndajn\u00eb, duhet t\u00eb nd\u00ebrtojm\u00eb ura q\u00eb na bashkojn\u00eb\u201d, ishte thirrja kryesore q\u00eb Hazret Mirza Masrur Ahmed\" \/>\n<meta property=\"og:url\" content=\"https:\/\/www.ahmadiyya-islam.org\/al\/njoftim-per-shtyp\/lideri-musliman-jo-tregtise-se-armeve\/\" \/>\n<meta property=\"og:site_name\" content=\"Xhemati Musliman Ahmedia\" \/>\n<meta property=\"article:published_time\" content=\"2017-03-28T19:18:31+00:00\" \/>\n<meta property=\"article:modified_time\" content=\"2017-03-31T10:37:33+00:00\" \/>\n<meta property=\"og:image\" content=\"https:\/\/www.ahmadiyya-islam.org\/al\/wp-content\/uploads\/sites\/3\/2017\/03\/2017-03-25-UK-Peace-Symposium-001.jpg\" \/>\n\t<meta property=\"og:image:width\" content=\"1000\" \/>\n\t<meta property=\"og:image:height\" content=\"377\" \/>\n\t<meta property=\"og:image:type\" content=\"image\/jpeg\" \/>\n<meta name=\"author\" content=\"samad\" \/>\n<meta name=\"twitter:card\" content=\"summary_large_image\" \/>\n<meta name=\"twitter:label1\" content=\"Written by\" \/>\n\t<meta name=\"twitter:data1\" content=\"samad\" \/>\n\t<meta name=\"twitter:label2\" content=\"Est. reading time\" \/>\n\t<meta name=\"twitter:data2\" content=\"13 minutes\" \/>\n<script type=\"application\/ld+json\" class=\"yoast-schema-graph\">{\"@context\":\"https:\\\/\\\/schema.org\",\"@graph\":[{\"@type\":\"Article\",\"@id\":\"https:\\\/\\\/www.ahmadiyya-islam.org\\\/al\\\/njoftim-per-shtyp\\\/lideri-musliman-jo-tregtise-se-armeve\\\/#article\",\"isPartOf\":{\"@id\":\"https:\\\/\\\/www.ahmadiyya-islam.org\\\/al\\\/njoftim-per-shtyp\\\/lideri-musliman-jo-tregtise-se-armeve\\\/\"},\"author\":{\"name\":\"samad\",\"@id\":\"https:\\\/\\\/www.ahmadiyya-islam.org\\\/al\\\/#\\\/schema\\\/person\\\/5f18f059fde6d65fbdbffcced4741b8d\"},\"headline\":\"Udh\u00ebheq\u00ebsi bot\u00ebror musliman: Jo tregtis\u00eb s\u00eb arm\u00ebve, m\u00eb shum\u00eb dialog mes shteteve\",\"datePublished\":\"2017-03-28T19:18:31+00:00\",\"dateModified\":\"2017-03-31T10:37:33+00:00\",\"mainEntityOfPage\":{\"@id\":\"https:\\\/\\\/www.ahmadiyya-islam.org\\\/al\\\/njoftim-per-shtyp\\\/lideri-musliman-jo-tregtise-se-armeve\\\/\"},\"wordCount\":2667,\"image\":{\"@id\":\"https:\\\/\\\/www.ahmadiyya-islam.org\\\/al\\\/njoftim-per-shtyp\\\/lideri-musliman-jo-tregtise-se-armeve\\\/#primaryimage\"},\"thumbnailUrl\":\"https:\\\/\\\/www.ahmadiyya-islam.org\\\/al\\\/wp-content\\\/uploads\\\/sites\\\/3\\\/2017\\\/03\\\/2017-03-25-UK-Peace-Symposium-001.jpg\",\"keywords\":[\"Simpoziumi p\u00ebr paqen 2017\"],\"articleSection\":[\"Njoftim p\u00ebr shtyp\"],\"inLanguage\":\"sq-AL\"},{\"@type\":\"WebPage\",\"@id\":\"https:\\\/\\\/www.ahmadiyya-islam.org\\\/al\\\/njoftim-per-shtyp\\\/lideri-musliman-jo-tregtise-se-armeve\\\/\",\"url\":\"https:\\\/\\\/www.ahmadiyya-islam.org\\\/al\\\/njoftim-per-shtyp\\\/lideri-musliman-jo-tregtise-se-armeve\\\/\",\"name\":\"Udh\u00ebheq\u00ebsi bot\u00ebror musliman: Jo tregtis\u00eb s\u00eb arm\u00ebve, m\u00eb shum\u00eb dialog mes shteteve\",\"isPartOf\":{\"@id\":\"https:\\\/\\\/www.ahmadiyya-islam.org\\\/al\\\/#website\"},\"primaryImageOfPage\":{\"@id\":\"https:\\\/\\\/www.ahmadiyya-islam.org\\\/al\\\/njoftim-per-shtyp\\\/lideri-musliman-jo-tregtise-se-armeve\\\/#primaryimage\"},\"image\":{\"@id\":\"https:\\\/\\\/www.ahmadiyya-islam.org\\\/al\\\/njoftim-per-shtyp\\\/lideri-musliman-jo-tregtise-se-armeve\\\/#primaryimage\"},\"thumbnailUrl\":\"https:\\\/\\\/www.ahmadiyya-islam.org\\\/al\\\/wp-content\\\/uploads\\\/sites\\\/3\\\/2017\\\/03\\\/2017-03-25-UK-Peace-Symposium-001.jpg\",\"datePublished\":\"2017-03-28T19:18:31+00:00\",\"dateModified\":\"2017-03-31T10:37:33+00:00\",\"author\":{\"@id\":\"https:\\\/\\\/www.ahmadiyya-islam.org\\\/al\\\/#\\\/schema\\\/person\\\/5f18f059fde6d65fbdbffcced4741b8d\"},\"description\":\"\u201cN\u00eb vend q\u00eb t\u00eb ngrem\u00eb mure q\u00eb na ndajn\u00eb, duhet t\u00eb nd\u00ebrtojm\u00eb ura q\u00eb na bashkojn\u00eb\u201d, ishte thirrja kryesore q\u00eb Hazret Mirza Masrur Ahmed\",\"breadcrumb\":{\"@id\":\"https:\\\/\\\/www.ahmadiyya-islam.org\\\/al\\\/njoftim-per-shtyp\\\/lideri-musliman-jo-tregtise-se-armeve\\\/#breadcrumb\"},\"inLanguage\":\"sq-AL\",\"potentialAction\":[{\"@type\":\"ReadAction\",\"target\":[\"https:\\\/\\\/www.ahmadiyya-islam.org\\\/al\\\/njoftim-per-shtyp\\\/lideri-musliman-jo-tregtise-se-armeve\\\/\"]}]},{\"@type\":\"ImageObject\",\"inLanguage\":\"sq-AL\",\"@id\":\"https:\\\/\\\/www.ahmadiyya-islam.org\\\/al\\\/njoftim-per-shtyp\\\/lideri-musliman-jo-tregtise-se-armeve\\\/#primaryimage\",\"url\":\"https:\\\/\\\/www.ahmadiyya-islam.org\\\/al\\\/wp-content\\\/uploads\\\/sites\\\/3\\\/2017\\\/03\\\/2017-03-25-UK-Peace-Symposium-001.jpg\",\"contentUrl\":\"https:\\\/\\\/www.ahmadiyya-islam.org\\\/al\\\/wp-content\\\/uploads\\\/sites\\\/3\\\/2017\\\/03\\\/2017-03-25-UK-Peace-Symposium-001.jpg\",\"width\":1000,\"height\":377},{\"@type\":\"BreadcrumbList\",\"@id\":\"https:\\\/\\\/www.ahmadiyya-islam.org\\\/al\\\/njoftim-per-shtyp\\\/lideri-musliman-jo-tregtise-se-armeve\\\/#breadcrumb\",\"itemListElement\":[{\"@type\":\"ListItem\",\"position\":1,\"name\":\"Home\",\"item\":\"https:\\\/\\\/www.ahmadiyya-islam.org\\\/al\\\/\"},{\"@type\":\"ListItem\",\"position\":2,\"name\":\"Udh\u00ebheq\u00ebsi bot\u00ebror musliman: Jo tregtis\u00eb s\u00eb arm\u00ebve, m\u00eb shum\u00eb dialog mes shteteve\"}]},{\"@type\":\"WebSite\",\"@id\":\"https:\\\/\\\/www.ahmadiyya-islam.org\\\/al\\\/#website\",\"url\":\"https:\\\/\\\/www.ahmadiyya-islam.org\\\/al\\\/\",\"name\":\"Xhemati Musliman Ahmedia\",\"description\":\"Albania\",\"potentialAction\":[{\"@type\":\"SearchAction\",\"target\":{\"@type\":\"EntryPoint\",\"urlTemplate\":\"https:\\\/\\\/www.ahmadiyya-islam.org\\\/al\\\/?s={search_term_string}\"},\"query-input\":{\"@type\":\"PropertyValueSpecification\",\"valueRequired\":true,\"valueName\":\"search_term_string\"}}],\"inLanguage\":\"sq-AL\"},{\"@type\":\"Person\",\"@id\":\"https:\\\/\\\/www.ahmadiyya-islam.org\\\/al\\\/#\\\/schema\\\/person\\\/5f18f059fde6d65fbdbffcced4741b8d\",\"name\":\"samad\"}]}<\/script>\n<!-- \/ Yoast SEO Premium plugin. -->","yoast_head_json":{"title":"Udh\u00ebheq\u00ebsi bot\u00ebror musliman: Jo tregtis\u00eb s\u00eb arm\u00ebve, m\u00eb shum\u00eb dialog mes shteteve","description":"\u201cN\u00eb vend q\u00eb t\u00eb ngrem\u00eb mure q\u00eb na ndajn\u00eb, duhet t\u00eb nd\u00ebrtojm\u00eb ura q\u00eb na bashkojn\u00eb\u201d, ishte thirrja kryesore q\u00eb Hazret Mirza Masrur Ahmed","robots":{"index":"index","follow":"follow","max-snippet":"max-snippet:-1","max-image-preview":"max-image-preview:large","max-video-preview":"max-video-preview:-1"},"canonical":"https:\/\/www.ahmadiyya-islam.org\/al\/njoftim-per-shtyp\/lideri-musliman-jo-tregtise-se-armeve\/","og_locale":"sq_AL","og_type":"article","og_title":"Udh\u00ebheq\u00ebsi bot\u00ebror musliman: Jo tregtis\u00eb s\u00eb arm\u00ebve, m\u00eb shum\u00eb dialog mes shteteve","og_description":"\u201cN\u00eb vend q\u00eb t\u00eb ngrem\u00eb mure q\u00eb na ndajn\u00eb, duhet t\u00eb nd\u00ebrtojm\u00eb ura q\u00eb na bashkojn\u00eb\u201d, ishte thirrja kryesore q\u00eb Hazret Mirza Masrur Ahmed","og_url":"https:\/\/www.ahmadiyya-islam.org\/al\/njoftim-per-shtyp\/lideri-musliman-jo-tregtise-se-armeve\/","og_site_name":"Xhemati Musliman Ahmedia","article_published_time":"2017-03-28T19:18:31+00:00","article_modified_time":"2017-03-31T10:37:33+00:00","og_image":[{"width":1000,"height":377,"url":"https:\/\/www.ahmadiyya-islam.org\/al\/wp-content\/uploads\/sites\/3\/2017\/03\/2017-03-25-UK-Peace-Symposium-001.jpg","type":"image\/jpeg"}],"author":"samad","twitter_card":"summary_large_image","twitter_misc":{"Written by":"samad","Est. reading time":"13 minutes"},"schema":{"@context":"https:\/\/schema.org","@graph":[{"@type":"Article","@id":"https:\/\/www.ahmadiyya-islam.org\/al\/njoftim-per-shtyp\/lideri-musliman-jo-tregtise-se-armeve\/#article","isPartOf":{"@id":"https:\/\/www.ahmadiyya-islam.org\/al\/njoftim-per-shtyp\/lideri-musliman-jo-tregtise-se-armeve\/"},"author":{"name":"samad","@id":"https:\/\/www.ahmadiyya-islam.org\/al\/#\/schema\/person\/5f18f059fde6d65fbdbffcced4741b8d"},"headline":"Udh\u00ebheq\u00ebsi bot\u00ebror musliman: Jo tregtis\u00eb s\u00eb arm\u00ebve, m\u00eb shum\u00eb dialog mes shteteve","datePublished":"2017-03-28T19:18:31+00:00","dateModified":"2017-03-31T10:37:33+00:00","mainEntityOfPage":{"@id":"https:\/\/www.ahmadiyya-islam.org\/al\/njoftim-per-shtyp\/lideri-musliman-jo-tregtise-se-armeve\/"},"wordCount":2667,"image":{"@id":"https:\/\/www.ahmadiyya-islam.org\/al\/njoftim-per-shtyp\/lideri-musliman-jo-tregtise-se-armeve\/#primaryimage"},"thumbnailUrl":"https:\/\/www.ahmadiyya-islam.org\/al\/wp-content\/uploads\/sites\/3\/2017\/03\/2017-03-25-UK-Peace-Symposium-001.jpg","keywords":["Simpoziumi p\u00ebr paqen 2017"],"articleSection":["Njoftim p\u00ebr shtyp"],"inLanguage":"sq-AL"},{"@type":"WebPage","@id":"https:\/\/www.ahmadiyya-islam.org\/al\/njoftim-per-shtyp\/lideri-musliman-jo-tregtise-se-armeve\/","url":"https:\/\/www.ahmadiyya-islam.org\/al\/njoftim-per-shtyp\/lideri-musliman-jo-tregtise-se-armeve\/","name":"Udh\u00ebheq\u00ebsi bot\u00ebror musliman: Jo tregtis\u00eb s\u00eb arm\u00ebve, m\u00eb shum\u00eb dialog mes shteteve","isPartOf":{"@id":"https:\/\/www.ahmadiyya-islam.org\/al\/#website"},"primaryImageOfPage":{"@id":"https:\/\/www.ahmadiyya-islam.org\/al\/njoftim-per-shtyp\/lideri-musliman-jo-tregtise-se-armeve\/#primaryimage"},"image":{"@id":"https:\/\/www.ahmadiyya-islam.org\/al\/njoftim-per-shtyp\/lideri-musliman-jo-tregtise-se-armeve\/#primaryimage"},"thumbnailUrl":"https:\/\/www.ahmadiyya-islam.org\/al\/wp-content\/uploads\/sites\/3\/2017\/03\/2017-03-25-UK-Peace-Symposium-001.jpg","datePublished":"2017-03-28T19:18:31+00:00","dateModified":"2017-03-31T10:37:33+00:00","author":{"@id":"https:\/\/www.ahmadiyya-islam.org\/al\/#\/schema\/person\/5f18f059fde6d65fbdbffcced4741b8d"},"description":"\u201cN\u00eb vend q\u00eb t\u00eb ngrem\u00eb mure q\u00eb na ndajn\u00eb, duhet t\u00eb nd\u00ebrtojm\u00eb ura q\u00eb na bashkojn\u00eb\u201d, ishte thirrja kryesore q\u00eb Hazret Mirza Masrur Ahmed","breadcrumb":{"@id":"https:\/\/www.ahmadiyya-islam.org\/al\/njoftim-per-shtyp\/lideri-musliman-jo-tregtise-se-armeve\/#breadcrumb"},"inLanguage":"sq-AL","potentialAction":[{"@type":"ReadAction","target":["https:\/\/www.ahmadiyya-islam.org\/al\/njoftim-per-shtyp\/lideri-musliman-jo-tregtise-se-armeve\/"]}]},{"@type":"ImageObject","inLanguage":"sq-AL","@id":"https:\/\/www.ahmadiyya-islam.org\/al\/njoftim-per-shtyp\/lideri-musliman-jo-tregtise-se-armeve\/#primaryimage","url":"https:\/\/www.ahmadiyya-islam.org\/al\/wp-content\/uploads\/sites\/3\/2017\/03\/2017-03-25-UK-Peace-Symposium-001.jpg","contentUrl":"https:\/\/www.ahmadiyya-islam.org\/al\/wp-content\/uploads\/sites\/3\/2017\/03\/2017-03-25-UK-Peace-Symposium-001.jpg","width":1000,"height":377},{"@type":"BreadcrumbList","@id":"https:\/\/www.ahmadiyya-islam.org\/al\/njoftim-per-shtyp\/lideri-musliman-jo-tregtise-se-armeve\/#breadcrumb","itemListElement":[{"@type":"ListItem","position":1,"name":"Home","item":"https:\/\/www.ahmadiyya-islam.org\/al\/"},{"@type":"ListItem","position":2,"name":"Udh\u00ebheq\u00ebsi bot\u00ebror musliman: Jo tregtis\u00eb s\u00eb arm\u00ebve, m\u00eb shum\u00eb dialog mes shteteve"}]},{"@type":"WebSite","@id":"https:\/\/www.ahmadiyya-islam.org\/al\/#website","url":"https:\/\/www.ahmadiyya-islam.org\/al\/","name":"Xhemati Musliman Ahmedia","description":"Albania","potentialAction":[{"@type":"SearchAction","target":{"@type":"EntryPoint","urlTemplate":"https:\/\/www.ahmadiyya-islam.org\/al\/?s={search_term_string}"},"query-input":{"@type":"PropertyValueSpecification","valueRequired":true,"valueName":"search_term_string"}}],"inLanguage":"sq-AL"},{"@type":"Person","@id":"https:\/\/www.ahmadiyya-islam.org\/al\/#\/schema\/person\/5f18f059fde6d65fbdbffcced4741b8d","name":"samad"}]}},"_links":{"self":[{"href":"https:\/\/www.ahmadiyya-islam.org\/al\/wp-json\/wp\/v2\/posts\/6391","targetHints":{"allow":["GET"]}}],"collection":[{"href":"https:\/\/www.ahmadiyya-islam.org\/al\/wp-json\/wp\/v2\/posts"}],"about":[{"href":"https:\/\/www.ahmadiyya-islam.org\/al\/wp-json\/wp\/v2\/types\/post"}],"author":[{"embeddable":true,"href":"https:\/\/www.ahmadiyya-islam.org\/al\/wp-json\/wp\/v2\/users\/5"}],"replies":[{"embeddable":true,"href":"https:\/\/www.ahmadiyya-islam.org\/al\/wp-json\/wp\/v2\/comments?post=6391"}],"version-history":[{"count":0,"href":"https:\/\/www.ahmadiyya-islam.org\/al\/wp-json\/wp\/v2\/posts\/6391\/revisions"}],"wp:featuredmedia":[{"embeddable":true,"href":"https:\/\/www.ahmadiyya-islam.org\/al\/wp-json\/wp\/v2\/media\/6404"}],"wp:attachment":[{"href":"https:\/\/www.ahmadiyya-islam.org\/al\/wp-json\/wp\/v2\/media?parent=6391"}],"wp:term":[{"taxonomy":"category","embeddable":true,"href":"https:\/\/www.ahmadiyya-islam.org\/al\/wp-json\/wp\/v2\/categories?post=6391"},{"taxonomy":"post_tag","embeddable":true,"href":"https:\/\/www.ahmadiyya-islam.org\/al\/wp-json\/wp\/v2\/tags?post=6391"},{"taxonomy":"authors","embeddable":true,"href":"https:\/\/www.ahmadiyya-islam.org\/al\/wp-json\/wp\/v2\/authors?post=6391"},{"taxonomy":"content_source","embeddable":true,"href":"https:\/\/www.ahmadiyya-islam.org\/al\/wp-json\/wp\/v2\/content_source?post=6391"}],"curies":[{"name":"wp","href":"https:\/\/api.w.org\/{rel}","templated":true}]}}