{"id":6355,"date":"2017-03-10T12:53:15","date_gmt":"2017-03-10T12:53:15","guid":{"rendered":"http:\/\/www.ahmadiyya-islam.org\/al\/?p=6355"},"modified":"2017-03-10T13:00:26","modified_gmt":"2017-03-10T13:00:26","slug":"kalifi-u-drejtohet-te-dedikuarve-vakf-e-nau","status":"publish","type":"post","link":"https:\/\/www.ahmadiyya-islam.org\/al\/njoftim-per-shtyp\/kalifi-u-drejtohet-te-dedikuarve-vakf-e-nau\/","title":{"rendered":"Kalifi i Xhematit Musliman Ahmedia u drejtohet t\u00eb dedikuarve t\u00eb skem\u00ebs \u201cVakf-e-nau\u201d, n\u00eb Lond\u00ebr"},"content":{"rendered":"<blockquote><p><strong>\u201cT\u00eb dedikuarit \u201cVakf-e-nau\u201d <\/strong><strong>kurr\u00eb nuk duhet t\u00eb b\u00ebhen shkak i dhimbjes p\u00ebr t\u00eb tjer\u00ebt, p\u00ebrkundrazi ata duhet t\u00eb jen\u00eb gjithmon\u00eb t\u00eb sjellsh\u00ebm, t\u00eb m\u00ebshirsh\u00ebm dhe t\u00eb kujdessh\u00ebm\u201d. \u2013 <\/strong>tha Hazret Mirza Masrur Ahmed<\/p><\/blockquote>\n<p>M\u00eb 26 shkurt 2017, Udh\u00ebheq\u00ebsi Bot\u00ebror i Xhematit Musliman Ahmedia, Kalifi i Pest\u00eb, Shenjt\u00ebria e tij, Hazret Mirza Masrur Ahmed iu drejtua n\u00eb sesionin p\u00ebrmbyll\u00ebs n\u00eb mbledhjen komb\u00ebtare t\u00eb <strong>\u201cVakf-e-nau\u201d <\/strong>n\u00eb Britanin\u00eb e Madhe. N\u00eb k\u00ebt\u00eb mbledhje marrin pjes\u00eb an\u00ebtar\u00ebt meshkuj t\u00eb Xhematit musliman Ahmedia n\u00eb Britani t\u00eb Madhe t\u00eb cil\u00ebt, jan\u00eb nga dedikuar nga prind\u00ebrit e tyre q\u00eb para lindjes s\u00eb tyre, q\u00eb ata kur t\u00eb rriten t\u2019i sh\u00ebrbejn\u00eb Islamit n\u00eb mbar\u00eb bot\u00ebn. N\u00eb k\u00ebt\u00eb m\u00ebnyr\u00eb kishte dedikuar Gruaja e Imranit f\u00ebmij\u00ebn e saj, e cila do t\u00eb ishte Hazret Merjeme dhe q\u00eb do t\u00eb b\u00ebhej n\u00ebna e Hazret Isait a.s.. Sot, me bekimin e Zotit, Xhemati Musliman Ahmedia ka m\u00eb shum\u00eb 60 mij\u00eb djem e vajza q\u00eb jan\u00eb dedikuar n\u00eb k\u00ebt\u00eb m\u00ebnyr\u00eb nga prind\u00ebrit e tyre.<br \/>\nMbledhja e t\u00eb dedikuarve <strong>\u201cVakf-e-nau\u201d<\/strong> u zhvillua n\u00eb xhamin\u00eb Bejtul Futuh, n\u00eb Lond\u00ebr dhe u ndoq nga m\u00eb shum\u00eb se 1800 t\u00eb pranish\u00ebm, duke p\u00ebrfshir\u00eb m\u00eb shum\u00eb se 1400 an\u00ebtar\u00eb t\u00eb skem\u00ebs s\u00eb <strong>\u201cVakf-e-nau\u201d<\/strong>.<\/p>\n<p><img loading=\"lazy\" decoding=\"async\" class=\"aligncenter size-full wp-image-6362\" src=\"http:\/\/www.ahmadiyya-islam.org\/al\/wp-content\/uploads\/sites\/3\/2017\/03\/2017-02-26-UK-Waqfenau-Ijtema-002.jpg\" alt=\"te dedikuar\" width=\"1272\" height=\"812\" srcset=\"https:\/\/www.ahmadiyya-islam.org\/al\/wp-content\/uploads\/sites\/3\/2017\/03\/2017-02-26-UK-Waqfenau-Ijtema-002.jpg 1272w, https:\/\/www.ahmadiyya-islam.org\/al\/wp-content\/uploads\/sites\/3\/2017\/03\/2017-02-26-UK-Waqfenau-Ijtema-002-300x192.jpg 300w, https:\/\/www.ahmadiyya-islam.org\/al\/wp-content\/uploads\/sites\/3\/2017\/03\/2017-02-26-UK-Waqfenau-Ijtema-002-768x490.jpg 768w, https:\/\/www.ahmadiyya-islam.org\/al\/wp-content\/uploads\/sites\/3\/2017\/03\/2017-02-26-UK-Waqfenau-Ijtema-002-1024x654.jpg 1024w\" sizes=\"auto, (max-width: 1272px) 100vw, 1272px\" \/>Gjat\u00eb fjalimit t\u00eb tij, Shenjt\u00ebria e tij foli p\u00ebr p\u00ebrgjegj\u00ebsin\u00eb q\u00eb bie mbi supet e t\u00eb dedikuarve <strong>\u201cVakf-e-nau\u201d<\/strong> p\u00ebr t\u00eb praktikuar dhe p\u00ebrhapur m\u00ebsimet e v\u00ebrteta paq\u00ebsore t\u00eb Islamit.<br \/>\nShenjt\u00ebria e tij tha se vet\u00ebm t\u00eb qen\u00ebt pjes\u00eb e skem\u00ebs <strong>\u201cVakf-e-nau\u201d<\/strong> n\u00eb m\u00ebnyr\u00eb sip\u00ebrfaq\u00ebsore \u00ebsht\u00eb e pa vler\u00eb, por n\u00ebp\u00ebrmjet p\u00ebrsosm\u00ebris\u00eb morale dhe shpirt\u00ebrore t\u00eb dedikuarit e k\u00ebsaj skeme mund t\u00eb arrijn\u00eb bekimet e saj t\u00eb v\u00ebrteta.<br \/>\nHazret Mirza Masrur Ahmed tha:<\/p>\n<blockquote><p><strong>\u201cKurr\u00eb mos harroni se ju jeni njer\u00ebzit q\u00eb keni dedikuar jet\u00ebn tuaj p\u00ebr hir t\u00eb besimit dhe k\u00ebshtu ju duhet t\u00eb p\u00ebrpiqen p\u00ebr t\u00eb arritur standardet m\u00eb t\u00eb larta t\u00eb m\u00ebsimeve Islame dhe t\u00eb vlerave brenda jush.\u201d<\/strong><\/p><\/blockquote>\n<p><img loading=\"lazy\" decoding=\"async\" class=\"aligncenter size-full wp-image-6361\" src=\"http:\/\/www.ahmadiyya-islam.org\/al\/wp-content\/uploads\/sites\/3\/2017\/03\/2017-02-26-UK-Waqfenau-Ijtema-003.jpg\" alt=\"te dedikuar\" width=\"1467\" height=\"897\" srcset=\"https:\/\/www.ahmadiyya-islam.org\/al\/wp-content\/uploads\/sites\/3\/2017\/03\/2017-02-26-UK-Waqfenau-Ijtema-003.jpg 1467w, https:\/\/www.ahmadiyya-islam.org\/al\/wp-content\/uploads\/sites\/3\/2017\/03\/2017-02-26-UK-Waqfenau-Ijtema-003-300x183.jpg 300w, https:\/\/www.ahmadiyya-islam.org\/al\/wp-content\/uploads\/sites\/3\/2017\/03\/2017-02-26-UK-Waqfenau-Ijtema-003-768x470.jpg 768w, https:\/\/www.ahmadiyya-islam.org\/al\/wp-content\/uploads\/sites\/3\/2017\/03\/2017-02-26-UK-Waqfenau-Ijtema-003-1024x626.jpg 1024w\" sizes=\"auto, (max-width: 1467px) 100vw, 1467px\" \/>Shenjt\u00ebria e tij gjithashtu tha se t\u00eb dedikuarit <strong>\u201cVakf-e-nau\u201d<\/strong> kan\u00eb p\u00ebrgjegj\u00ebsi p\u00ebr t\u00eb mbrojtur Islamin kund\u00ebr akuzave t\u00eb rreme dhe t\u00eb pabaza q\u00eb bota ngre kund\u00ebr tij \u00e7do dit\u00eb.<\/p>\n<p>Hazret Mirza Masrur Ahmed tha:<\/p>\n<blockquote><p><strong>\u201cN\u00eb bot\u00ebn e sotme njer\u00ebzit po sulmojn\u00eb Islamin nga t\u00eb gjitha drejtimet dhe ju si <\/strong><strong>\u201cVakf-e-nau\u201d<\/strong><strong> duhet t\u00eb jeni n\u00eb vij\u00ebn e par\u00eb p\u00ebr t\u00eb mbrojtur fen\u00eb tuaj.&#8221;<\/strong><\/p><\/blockquote>\n<p>Hazret Mirza Masrur Ahmed vazhdoi:<\/p>\n<blockquote><p><strong>\u201cMegjithat\u00eb, kjo nuk \u00ebsht\u00eb epoka e xhihadit me shpat\u00ebs, por ne jemi duke jetuar n\u00eb nj\u00eb koh\u00eb ku njer\u00ebzit po sulmojn\u00eb Islamin p\u00ebrmes let\u00ebrsis\u00eb, p\u00ebrmes mediave, p\u00ebrmes internetit dhe me mjete t\u00eb tjera t\u00eb ngjashme, andaj \u00ebsht\u00eb detyra juaj p\u00ebr t\u00eb kund\u00ebrshtuar akuzat e b\u00ebra kund\u00ebr Islamit n\u00eb nj\u00eb m\u00ebnyr\u00eb t\u00eb ngjashme\u201d. <\/strong><\/p><\/blockquote>\n<p>Shenjt\u00ebria e tij tha se shum\u00eb nga kritikat kund\u00ebr Islamit jan\u00eb edhe si rezultat i veprimeve barbare t\u00eb disa klerik\u00ebve musliman\u00eb, t\u00eb cil\u00ebt vazhdojn\u00eb t\u2019i shtremb\u00ebrojn\u00eb dhe keqinterpretojn\u00eb m\u00ebsimet e Islamit.<\/p>\n<p><img loading=\"lazy\" decoding=\"async\" class=\"aligncenter size-full wp-image-6360\" src=\"http:\/\/www.ahmadiyya-islam.org\/al\/wp-content\/uploads\/sites\/3\/2017\/03\/2017-02-26-UK-Waqfenau-Ijtema-004.jpg\" alt=\"te dedikuar\" width=\"1467\" height=\"443\" srcset=\"https:\/\/www.ahmadiyya-islam.org\/al\/wp-content\/uploads\/sites\/3\/2017\/03\/2017-02-26-UK-Waqfenau-Ijtema-004.jpg 1467w, https:\/\/www.ahmadiyya-islam.org\/al\/wp-content\/uploads\/sites\/3\/2017\/03\/2017-02-26-UK-Waqfenau-Ijtema-004-300x91.jpg 300w, https:\/\/www.ahmadiyya-islam.org\/al\/wp-content\/uploads\/sites\/3\/2017\/03\/2017-02-26-UK-Waqfenau-Ijtema-004-768x232.jpg 768w, https:\/\/www.ahmadiyya-islam.org\/al\/wp-content\/uploads\/sites\/3\/2017\/03\/2017-02-26-UK-Waqfenau-Ijtema-004-1024x309.jpg 1024w\" sizes=\"auto, (max-width: 1467px) 100vw, 1467px\" \/>Hazret Mirza Masrur Ahmed tha:<\/p>\n<blockquote><p><strong>\u201cN\u00eb vend q\u00eb t\u00eb p\u00ebrdorin ndikimin e tyre me urt\u00ebsi dhe t\u00eb tregojn\u00eb t\u00eb v\u00ebrtet\u00ebn, klerik\u00eb t\u00eb till\u00eb abuzojn\u00eb n\u00eb m\u00ebnyrat m\u00eb t\u00eb k\u00ebqija t\u00eb mundshme, me autoritetin e tyre dhe me besimin q\u00eb njer\u00ebzit u kan\u00eb dh\u00ebn\u00eb\u201d.<\/strong><\/p><\/blockquote>\n<p>Hazret Mirza Masrur Ahmed vazhdoi:<\/p>\n<blockquote><p><strong>\u201c<\/strong><strong>Disa t\u00eb ashtuquajtur studiues madje pretendojn\u00eb se nj\u00eb xhihad agresiv dhe i dhunsh\u00ebm p\u00ebr t\u00eb pushtuar toka e njer\u00ebz \u00ebsht\u00eb i arsyesh\u00ebm. N\u00eb t\u00eb v\u00ebrtet\u00eb, nga autorizime t\u00eb tilla shum\u00eb grupet ekstremiste k\u00ebrkojn\u00eb t\u00eb arsyetojn\u00eb aktet e tyre terroriste si prerje kokash dhe akte t\u00eb tjera brutale q\u00eb ata kryejn\u00eb. Sikur besimi i till\u00eb plot urrejtje dhe i padrejt\u00eb do t\u00eb ishte pjes\u00eb e m\u00ebsimeve t\u00eb Islamit, cili i men\u00e7ur do ta pranonte at\u00eb?\u201d<\/strong><\/p><\/blockquote>\n<p>N\u00eb kontrast t\u00eb plot\u00eb me pretendimet e klerik\u00ebve t\u00eb till\u00eb, Shenjt\u00ebria e tij tha se Kurani i Shenjt\u00eb, ka deklaruar se vrasja qoft\u00eb edhe e nj\u00eb personi t\u00eb pafajsh\u00ebm \u00ebsht\u00eb e ngjashme me vrasjen e t\u00eb gjith\u00eb njer\u00ebzimit.<\/p>\n<p>Shenjt\u00ebria e tij tha se Islami nuk \u00ebsht\u00eb fe e dhun\u00ebs, e detyrimit dhe as nuk ka lejuar dhun\u00ebn, p\u00ebrdhunimin, rr\u00ebmbimin apo ndonj\u00eb nga krimet e tjera t\u00eb kryera n\u00eb m\u00ebnyr\u00eb t\u00eb gabuar nga ekstremist\u00ebt n\u00eb em\u00ebr t\u00eb tij.<\/p>\n<p>Duke theksuar vlerat e v\u00ebrteta t\u00eb Islamit, Hazret Mirza Masrur Ahmed tha:<\/p>\n<blockquote><p><strong>\u201cIslami \u00ebsht\u00eb nj\u00eb fe q\u00eb promovon paqen dhe toleranc\u00ebn n\u00eb t\u00eb gjitha nivelet e shoq\u00ebris\u00eb. Kjo \u00ebsht\u00eb nj\u00eb fe q\u00eb m\u00ebson lirin\u00eb e besimit dhe k\u00ebrkon t\u00eb nd\u00ebrtoj\u00eb ura midis njer\u00ebzve, racave, kombeve dhe besimeve t\u00eb ndryshme. Ky \u00ebsht\u00eb mesazhi q\u00eb ju duhet gjithmon\u00eb ta p\u00ebr\u00e7oni, me fjal\u00ebt dhe veprat tuaja, n\u00eb t\u00eb gjitha pjes\u00ebt e bot\u00ebs\u201d.<\/strong><\/p><\/blockquote>\n<p>Shenjt\u00ebria e tij tha se an\u00ebtar\u00ebt e skem\u00ebs <strong>\u201cVakf-e-nau\u201d <\/strong>duhet t\u00eb shk\u00eblqejn\u00eb n\u00eb m\u00ebsimet e Islamit duke studiuar Kuranin dhe librat e themeluesit t\u00eb Xhematit Musliman Ahmedia, Hazret Mirza Ghulam Ahmedit, Mesihut t\u00eb Premtuar (paqja qoft\u00eb mbi t\u00eb), pasi q\u00eb kjo do t\u2019i pajis\u00eb ata me<br \/>\n<strong>\u201cmunicion intelektuale dhe shpirt\u00ebrore\u201d<\/strong><\/p>\n<p>p\u00ebr t&#8217;iu p\u00ebrgjigjur akuzave kund\u00ebr Islamit.<\/p>\n<p>Duke iu drejtuar t\u00eb dedikuarve t\u00eb skem\u00ebs <strong>\u201cVakf-e-nau\u201d<\/strong>, Shenjt\u00ebria e tij theksoi q\u00eb ata duhet t\u00eb b\u00ebjn\u00eb pjes\u00eb t\u00eb natyr\u00ebs s\u00eb tyre vet\u00ebmohimin dhe sh\u00ebrbimin ndaj njer\u00ebzimit.<br \/>\nHazret Mirza Masrur Ahmed tha:<\/p>\n<blockquote><p><strong>\u201cVakf-e-nau<\/strong><strong> duhet t\u00eb jen\u00eb vet\u00ebmohues n\u00eb natyr\u00eb dhe jo egoist. Ju duhet t\u00eb merrni n\u00eb konsiderat\u00eb se si t\u2019i ndihmoni t\u00eb tjer\u00ebt dhe t\u00eb p\u00ebrmbushni t\u00eb drejtat e tyre, n\u00eb vend q\u00eb t\u00eb shqet\u00ebsoheni p\u00ebr nevojat ose t\u00eb drejtat tuaja\u201d.<\/strong><\/p><\/blockquote>\n<p>Hazret Mirza Masrur Ahmed vazhdoi:<\/p>\n<blockquote><p><strong>\u201cNj\u00eb \u201c<\/strong><strong>Vakf-e-nau\u201d<\/strong><strong> kurr\u00eb nuk duhet t\u00eb b\u00ebhet shkak i dhimbjes p\u00ebr t\u00eb tjer\u00ebt, p\u00ebrkundrazi ai duhet t\u00eb jet\u00eb gjithmon\u00eb i sjellsh\u00ebm, i m\u00ebshirsh\u00ebm dhe i kujdessh\u00ebm. Prandaj, kudo dhe kurdo, q\u00eb ju jepet mund\u00ebsia p\u00ebr t\u2019i ndihmuar njer\u00ebzit e tjer\u00eb, ju kurr\u00eb nuk duhet ta humbni at\u00eb\u201d.<\/strong><\/p><\/blockquote>\n<p><img loading=\"lazy\" decoding=\"async\" class=\"aligncenter size-full wp-image-6359\" src=\"http:\/\/www.ahmadiyya-islam.org\/al\/wp-content\/uploads\/sites\/3\/2017\/03\/2017-02-26-UK-Waqfenau-Ijtema-005.jpg\" alt=\"te dedikuar\" width=\"1184\" height=\"607\" srcset=\"https:\/\/www.ahmadiyya-islam.org\/al\/wp-content\/uploads\/sites\/3\/2017\/03\/2017-02-26-UK-Waqfenau-Ijtema-005.jpg 1184w, https:\/\/www.ahmadiyya-islam.org\/al\/wp-content\/uploads\/sites\/3\/2017\/03\/2017-02-26-UK-Waqfenau-Ijtema-005-300x154.jpg 300w, https:\/\/www.ahmadiyya-islam.org\/al\/wp-content\/uploads\/sites\/3\/2017\/03\/2017-02-26-UK-Waqfenau-Ijtema-005-768x394.jpg 768w, https:\/\/www.ahmadiyya-islam.org\/al\/wp-content\/uploads\/sites\/3\/2017\/03\/2017-02-26-UK-Waqfenau-Ijtema-005-1024x525.jpg 1024w\" sizes=\"auto, (max-width: 1184px) 100vw, 1184px\" \/>Shenjt\u00ebria e tij p\u00ebrmendi se duhet t\u00eb shmanget dembelia n\u00eb t\u00eb gjitha rrethanat dhe ata q\u00eb nuk jan\u00eb angazhuar plot\u00ebsisht n\u00eb arsim, ose q\u00eb nuk jan\u00eb t\u00eb pun\u00ebsuar me koh\u00eb t\u00eb plot\u00eb, duhet t\u00eb shfryt\u00ebzojn\u00eb koh\u00ebn e tyre n\u00eb sh\u00ebrbim t\u00eb Islamit.<\/p>\n<p>M\u00eb pas, Shenjt\u00ebria e tij iu drejtua f\u00ebmij\u00ebve t\u00eb vegj\u00ebl q\u00eb ishin t\u00eb pranish\u00ebm dhe i k\u00ebshilloi ata t\u00eb flasin gjithnj\u00eb t\u00eb v\u00ebrtet\u00ebn, t\u00eb punojn\u00eb shum\u00eb dhe t\u00eb marrin pjes\u00eb n\u00eb aktivitete jasht\u00eb n\u00eb natyr\u00eb.<br \/>\nHazret Mirza Masrur Ahmed tha:<\/p>\n<blockquote><p><strong>\u201cT\u00eb gjith\u00eb ju duhet t\u2019u kushtoni v\u00ebmendje t\u00eb plot\u00eb studimeve n\u00eb shkollat tuaja. Po ashtu, ju nuk duhet t\u00eb humbni koh\u00eb duke luajtur loj\u00ebra kompjuterike apo loj\u00ebra t\u00eb tjera elektronike, por kur keni pak koh\u00eb t\u00eb lir\u00eb, t\u00eb dilni jasht\u00eb dhe t\u00eb luani loj\u00ebra sportive dhe t\u00eb p\u00ebrfitoni nga ajri i fresk\u00ebt. K\u00ebshtu ju do t\u00eb g\u00ebzoni m\u00eb shum\u00eb sh\u00ebndet dhe mir\u00ebqenie afatgjate\u201d.<\/strong><\/p><\/blockquote>\n<p><img loading=\"lazy\" decoding=\"async\" class=\"aligncenter size-full wp-image-6358\" src=\"http:\/\/www.ahmadiyya-islam.org\/al\/wp-content\/uploads\/sites\/3\/2017\/03\/2017-02-26-UK-Waqfenau-Ijtema-006.jpg\" alt=\"te dedikuar\" width=\"1467\" height=\"939\" srcset=\"https:\/\/www.ahmadiyya-islam.org\/al\/wp-content\/uploads\/sites\/3\/2017\/03\/2017-02-26-UK-Waqfenau-Ijtema-006.jpg 1467w, https:\/\/www.ahmadiyya-islam.org\/al\/wp-content\/uploads\/sites\/3\/2017\/03\/2017-02-26-UK-Waqfenau-Ijtema-006-300x192.jpg 300w, https:\/\/www.ahmadiyya-islam.org\/al\/wp-content\/uploads\/sites\/3\/2017\/03\/2017-02-26-UK-Waqfenau-Ijtema-006-768x492.jpg 768w, https:\/\/www.ahmadiyya-islam.org\/al\/wp-content\/uploads\/sites\/3\/2017\/03\/2017-02-26-UK-Waqfenau-Ijtema-006-1024x655.jpg 1024w\" sizes=\"auto, (max-width: 1467px) 100vw, 1467px\" \/>Eventi p\u00ebrfundoi me nj\u00eb lutje t\u00eb heshtur t\u00eb udh\u00ebhequr nga Hazret Mirza Masur Ahmed, Kalif i Pest\u00eb i Mesihut t\u00eb Premtuar, Allahu e ndihmoft\u00eb fuqimisht.<\/p>\n","protected":false},"excerpt":{"rendered":"<p>\u201cT\u00eb dedikuarit \u201cVakf-e-nau\u201d kurr\u00eb nuk duhet t\u00eb b\u00ebhen shkak i dhimbjes p\u00ebr t\u00eb tjer\u00ebt, p\u00ebrkundrazi ata duhet t\u00eb jen\u00eb gjithmon\u00eb t\u00eb sjellsh\u00ebm, t\u00eb m\u00ebshirsh\u00ebm dhe t\u00eb kujdessh\u00ebm\u201d. \u2013 tha Hazret Mirza Masrur Ahmed M\u00eb 26 shkurt 2017, Udh\u00ebheq\u00ebsi Bot\u00ebror i Xhematit Musliman Ahmedia, Kalifi i Pest\u00eb, Shenjt\u00ebria e tij, Hazret Mirza Masrur Ahmed iu drejtua<\/p>\n","protected":false},"author":5,"featured_media":6363,"comment_status":"closed","ping_status":"closed","sticky":false,"template":"","format":"standard","meta":{"_acf_changed":false,"footnotes":""},"categories":[11],"tags":[],"authors":[],"content_source":[],"class_list":["post-6355","post","type-post","status-publish","format-standard","has-post-thumbnail","hentry","category-njoftim-per-shtyp","topics-bamiresia-humanizmi"],"acf":[],"yoast_head":"<!-- This site is optimized with the Yoast SEO Premium plugin v21.1 (Yoast SEO v27.4) - https:\/\/yoast.com\/product\/yoast-seo-premium-wordpress\/ -->\n<title>Kalifi i Xhematit Musliman Ahmedia u drejtohet t\u00eb dedikuarve t\u00eb skem\u00ebs \u201cVakf-e-nau\u201d, n\u00eb Lond\u00ebr<\/title>\n<meta name=\"robots\" content=\"index, follow, max-snippet:-1, max-image-preview:large, max-video-preview:-1\" \/>\n<link rel=\"canonical\" href=\"https:\/\/www.ahmadiyya-islam.org\/al\/njoftim-per-shtyp\/kalifi-u-drejtohet-te-dedikuarve-vakf-e-nau\/\" \/>\n<meta property=\"og:locale\" content=\"sq_AL\" \/>\n<meta property=\"og:type\" content=\"article\" \/>\n<meta property=\"og:title\" content=\"Kalifi i Xhematit Musliman Ahmedia u drejtohet t\u00eb dedikuarve t\u00eb skem\u00ebs \u201cVakf-e-nau\u201d, n\u00eb Lond\u00ebr\" \/>\n<meta property=\"og:description\" content=\"\u201cT\u00eb dedikuarit \u201cVakf-e-nau\u201d kurr\u00eb nuk duhet t\u00eb b\u00ebhen shkak i dhimbjes p\u00ebr t\u00eb tjer\u00ebt, p\u00ebrkundrazi ata duhet t\u00eb jen\u00eb gjithmon\u00eb t\u00eb sjellsh\u00ebm, t\u00eb m\u00ebshirsh\u00ebm dhe t\u00eb kujdessh\u00ebm\u201d. \u2013 tha Hazret Mirza Masrur Ahmed M\u00eb 26 shkurt 2017, Udh\u00ebheq\u00ebsi Bot\u00ebror i Xhematit Musliman Ahmedia, Kalifi i Pest\u00eb, Shenjt\u00ebria e tij, Hazret Mirza Masrur Ahmed iu drejtua\" \/>\n<meta property=\"og:url\" content=\"https:\/\/www.ahmadiyya-islam.org\/al\/njoftim-per-shtyp\/kalifi-u-drejtohet-te-dedikuarve-vakf-e-nau\/\" \/>\n<meta property=\"og:site_name\" content=\"Xhemati Musliman Ahmedia\" \/>\n<meta property=\"article:published_time\" content=\"2017-03-10T12:53:15+00:00\" \/>\n<meta property=\"article:modified_time\" content=\"2017-03-10T13:00:26+00:00\" \/>\n<meta property=\"og:image\" content=\"https:\/\/www.ahmadiyya-islam.org\/al\/wp-content\/uploads\/sites\/3\/2017\/03\/2017-02-26-UK-Waqfenau-Ijtema-001.jpg\" \/>\n\t<meta property=\"og:image:width\" content=\"1467\" \/>\n\t<meta property=\"og:image:height\" content=\"596\" \/>\n\t<meta property=\"og:image:type\" content=\"image\/jpeg\" \/>\n<meta name=\"author\" content=\"samad\" \/>\n<meta name=\"twitter:card\" content=\"summary_large_image\" \/>\n<meta name=\"twitter:label1\" content=\"Written by\" \/>\n\t<meta name=\"twitter:data1\" content=\"samad\" \/>\n\t<meta name=\"twitter:label2\" content=\"Est. reading time\" \/>\n\t<meta name=\"twitter:data2\" content=\"6 minutes\" \/>\n<script type=\"application\/ld+json\" class=\"yoast-schema-graph\">{\"@context\":\"https:\\\/\\\/schema.org\",\"@graph\":[{\"@type\":\"Article\",\"@id\":\"https:\\\/\\\/www.ahmadiyya-islam.org\\\/al\\\/njoftim-per-shtyp\\\/kalifi-u-drejtohet-te-dedikuarve-vakf-e-nau\\\/#article\",\"isPartOf\":{\"@id\":\"https:\\\/\\\/www.ahmadiyya-islam.org\\\/al\\\/njoftim-per-shtyp\\\/kalifi-u-drejtohet-te-dedikuarve-vakf-e-nau\\\/\"},\"author\":{\"name\":\"samad\",\"@id\":\"https:\\\/\\\/www.ahmadiyya-islam.org\\\/al\\\/#\\\/schema\\\/person\\\/5f18f059fde6d65fbdbffcced4741b8d\"},\"headline\":\"Kalifi i Xhematit Musliman Ahmedia u drejtohet t\u00eb dedikuarve t\u00eb skem\u00ebs \u201cVakf-e-nau\u201d, n\u00eb Lond\u00ebr\",\"datePublished\":\"2017-03-10T12:53:15+00:00\",\"dateModified\":\"2017-03-10T13:00:26+00:00\",\"mainEntityOfPage\":{\"@id\":\"https:\\\/\\\/www.ahmadiyya-islam.org\\\/al\\\/njoftim-per-shtyp\\\/kalifi-u-drejtohet-te-dedikuarve-vakf-e-nau\\\/\"},\"wordCount\":1283,\"image\":{\"@id\":\"https:\\\/\\\/www.ahmadiyya-islam.org\\\/al\\\/njoftim-per-shtyp\\\/kalifi-u-drejtohet-te-dedikuarve-vakf-e-nau\\\/#primaryimage\"},\"thumbnailUrl\":\"https:\\\/\\\/www.ahmadiyya-islam.org\\\/al\\\/wp-content\\\/uploads\\\/sites\\\/3\\\/2017\\\/03\\\/2017-02-26-UK-Waqfenau-Ijtema-001.jpg\",\"articleSection\":[\"Njoftim p\u00ebr shtyp\"],\"inLanguage\":\"sq-AL\"},{\"@type\":\"WebPage\",\"@id\":\"https:\\\/\\\/www.ahmadiyya-islam.org\\\/al\\\/njoftim-per-shtyp\\\/kalifi-u-drejtohet-te-dedikuarve-vakf-e-nau\\\/\",\"url\":\"https:\\\/\\\/www.ahmadiyya-islam.org\\\/al\\\/njoftim-per-shtyp\\\/kalifi-u-drejtohet-te-dedikuarve-vakf-e-nau\\\/\",\"name\":\"Kalifi i Xhematit Musliman Ahmedia u drejtohet t\u00eb dedikuarve t\u00eb skem\u00ebs \u201cVakf-e-nau\u201d, n\u00eb Lond\u00ebr\",\"isPartOf\":{\"@id\":\"https:\\\/\\\/www.ahmadiyya-islam.org\\\/al\\\/#website\"},\"primaryImageOfPage\":{\"@id\":\"https:\\\/\\\/www.ahmadiyya-islam.org\\\/al\\\/njoftim-per-shtyp\\\/kalifi-u-drejtohet-te-dedikuarve-vakf-e-nau\\\/#primaryimage\"},\"image\":{\"@id\":\"https:\\\/\\\/www.ahmadiyya-islam.org\\\/al\\\/njoftim-per-shtyp\\\/kalifi-u-drejtohet-te-dedikuarve-vakf-e-nau\\\/#primaryimage\"},\"thumbnailUrl\":\"https:\\\/\\\/www.ahmadiyya-islam.org\\\/al\\\/wp-content\\\/uploads\\\/sites\\\/3\\\/2017\\\/03\\\/2017-02-26-UK-Waqfenau-Ijtema-001.jpg\",\"datePublished\":\"2017-03-10T12:53:15+00:00\",\"dateModified\":\"2017-03-10T13:00:26+00:00\",\"author\":{\"@id\":\"https:\\\/\\\/www.ahmadiyya-islam.org\\\/al\\\/#\\\/schema\\\/person\\\/5f18f059fde6d65fbdbffcced4741b8d\"},\"breadcrumb\":{\"@id\":\"https:\\\/\\\/www.ahmadiyya-islam.org\\\/al\\\/njoftim-per-shtyp\\\/kalifi-u-drejtohet-te-dedikuarve-vakf-e-nau\\\/#breadcrumb\"},\"inLanguage\":\"sq-AL\",\"potentialAction\":[{\"@type\":\"ReadAction\",\"target\":[\"https:\\\/\\\/www.ahmadiyya-islam.org\\\/al\\\/njoftim-per-shtyp\\\/kalifi-u-drejtohet-te-dedikuarve-vakf-e-nau\\\/\"]}]},{\"@type\":\"ImageObject\",\"inLanguage\":\"sq-AL\",\"@id\":\"https:\\\/\\\/www.ahmadiyya-islam.org\\\/al\\\/njoftim-per-shtyp\\\/kalifi-u-drejtohet-te-dedikuarve-vakf-e-nau\\\/#primaryimage\",\"url\":\"https:\\\/\\\/www.ahmadiyya-islam.org\\\/al\\\/wp-content\\\/uploads\\\/sites\\\/3\\\/2017\\\/03\\\/2017-02-26-UK-Waqfenau-Ijtema-001.jpg\",\"contentUrl\":\"https:\\\/\\\/www.ahmadiyya-islam.org\\\/al\\\/wp-content\\\/uploads\\\/sites\\\/3\\\/2017\\\/03\\\/2017-02-26-UK-Waqfenau-Ijtema-001.jpg\",\"width\":1467,\"height\":596,\"caption\":\"te dedikuar\"},{\"@type\":\"BreadcrumbList\",\"@id\":\"https:\\\/\\\/www.ahmadiyya-islam.org\\\/al\\\/njoftim-per-shtyp\\\/kalifi-u-drejtohet-te-dedikuarve-vakf-e-nau\\\/#breadcrumb\",\"itemListElement\":[{\"@type\":\"ListItem\",\"position\":1,\"name\":\"Home\",\"item\":\"https:\\\/\\\/www.ahmadiyya-islam.org\\\/al\\\/\"},{\"@type\":\"ListItem\",\"position\":2,\"name\":\"Kalifi i Xhematit Musliman Ahmedia u drejtohet t\u00eb dedikuarve t\u00eb skem\u00ebs \u201cVakf-e-nau\u201d, n\u00eb Lond\u00ebr\"}]},{\"@type\":\"WebSite\",\"@id\":\"https:\\\/\\\/www.ahmadiyya-islam.org\\\/al\\\/#website\",\"url\":\"https:\\\/\\\/www.ahmadiyya-islam.org\\\/al\\\/\",\"name\":\"Xhemati Musliman Ahmedia\",\"description\":\"Albania\",\"potentialAction\":[{\"@type\":\"SearchAction\",\"target\":{\"@type\":\"EntryPoint\",\"urlTemplate\":\"https:\\\/\\\/www.ahmadiyya-islam.org\\\/al\\\/?s={search_term_string}\"},\"query-input\":{\"@type\":\"PropertyValueSpecification\",\"valueRequired\":true,\"valueName\":\"search_term_string\"}}],\"inLanguage\":\"sq-AL\"},{\"@type\":\"Person\",\"@id\":\"https:\\\/\\\/www.ahmadiyya-islam.org\\\/al\\\/#\\\/schema\\\/person\\\/5f18f059fde6d65fbdbffcced4741b8d\",\"name\":\"samad\"}]}<\/script>\n<!-- \/ Yoast SEO Premium plugin. -->","yoast_head_json":{"title":"Kalifi i Xhematit Musliman Ahmedia u drejtohet t\u00eb dedikuarve t\u00eb skem\u00ebs \u201cVakf-e-nau\u201d, n\u00eb Lond\u00ebr","robots":{"index":"index","follow":"follow","max-snippet":"max-snippet:-1","max-image-preview":"max-image-preview:large","max-video-preview":"max-video-preview:-1"},"canonical":"https:\/\/www.ahmadiyya-islam.org\/al\/njoftim-per-shtyp\/kalifi-u-drejtohet-te-dedikuarve-vakf-e-nau\/","og_locale":"sq_AL","og_type":"article","og_title":"Kalifi i Xhematit Musliman Ahmedia u drejtohet t\u00eb dedikuarve t\u00eb skem\u00ebs \u201cVakf-e-nau\u201d, n\u00eb Lond\u00ebr","og_description":"\u201cT\u00eb dedikuarit \u201cVakf-e-nau\u201d kurr\u00eb nuk duhet t\u00eb b\u00ebhen shkak i dhimbjes p\u00ebr t\u00eb tjer\u00ebt, p\u00ebrkundrazi ata duhet t\u00eb jen\u00eb gjithmon\u00eb t\u00eb sjellsh\u00ebm, t\u00eb m\u00ebshirsh\u00ebm dhe t\u00eb kujdessh\u00ebm\u201d. \u2013 tha Hazret Mirza Masrur Ahmed M\u00eb 26 shkurt 2017, Udh\u00ebheq\u00ebsi Bot\u00ebror i Xhematit Musliman Ahmedia, Kalifi i Pest\u00eb, Shenjt\u00ebria e tij, Hazret Mirza Masrur Ahmed iu drejtua","og_url":"https:\/\/www.ahmadiyya-islam.org\/al\/njoftim-per-shtyp\/kalifi-u-drejtohet-te-dedikuarve-vakf-e-nau\/","og_site_name":"Xhemati Musliman Ahmedia","article_published_time":"2017-03-10T12:53:15+00:00","article_modified_time":"2017-03-10T13:00:26+00:00","og_image":[{"width":1467,"height":596,"url":"https:\/\/www.ahmadiyya-islam.org\/al\/wp-content\/uploads\/sites\/3\/2017\/03\/2017-02-26-UK-Waqfenau-Ijtema-001.jpg","type":"image\/jpeg"}],"author":"samad","twitter_card":"summary_large_image","twitter_misc":{"Written by":"samad","Est. reading time":"6 minutes"},"schema":{"@context":"https:\/\/schema.org","@graph":[{"@type":"Article","@id":"https:\/\/www.ahmadiyya-islam.org\/al\/njoftim-per-shtyp\/kalifi-u-drejtohet-te-dedikuarve-vakf-e-nau\/#article","isPartOf":{"@id":"https:\/\/www.ahmadiyya-islam.org\/al\/njoftim-per-shtyp\/kalifi-u-drejtohet-te-dedikuarve-vakf-e-nau\/"},"author":{"name":"samad","@id":"https:\/\/www.ahmadiyya-islam.org\/al\/#\/schema\/person\/5f18f059fde6d65fbdbffcced4741b8d"},"headline":"Kalifi i Xhematit Musliman Ahmedia u drejtohet t\u00eb dedikuarve t\u00eb skem\u00ebs \u201cVakf-e-nau\u201d, n\u00eb Lond\u00ebr","datePublished":"2017-03-10T12:53:15+00:00","dateModified":"2017-03-10T13:00:26+00:00","mainEntityOfPage":{"@id":"https:\/\/www.ahmadiyya-islam.org\/al\/njoftim-per-shtyp\/kalifi-u-drejtohet-te-dedikuarve-vakf-e-nau\/"},"wordCount":1283,"image":{"@id":"https:\/\/www.ahmadiyya-islam.org\/al\/njoftim-per-shtyp\/kalifi-u-drejtohet-te-dedikuarve-vakf-e-nau\/#primaryimage"},"thumbnailUrl":"https:\/\/www.ahmadiyya-islam.org\/al\/wp-content\/uploads\/sites\/3\/2017\/03\/2017-02-26-UK-Waqfenau-Ijtema-001.jpg","articleSection":["Njoftim p\u00ebr shtyp"],"inLanguage":"sq-AL"},{"@type":"WebPage","@id":"https:\/\/www.ahmadiyya-islam.org\/al\/njoftim-per-shtyp\/kalifi-u-drejtohet-te-dedikuarve-vakf-e-nau\/","url":"https:\/\/www.ahmadiyya-islam.org\/al\/njoftim-per-shtyp\/kalifi-u-drejtohet-te-dedikuarve-vakf-e-nau\/","name":"Kalifi i Xhematit Musliman Ahmedia u drejtohet t\u00eb dedikuarve t\u00eb skem\u00ebs \u201cVakf-e-nau\u201d, n\u00eb Lond\u00ebr","isPartOf":{"@id":"https:\/\/www.ahmadiyya-islam.org\/al\/#website"},"primaryImageOfPage":{"@id":"https:\/\/www.ahmadiyya-islam.org\/al\/njoftim-per-shtyp\/kalifi-u-drejtohet-te-dedikuarve-vakf-e-nau\/#primaryimage"},"image":{"@id":"https:\/\/www.ahmadiyya-islam.org\/al\/njoftim-per-shtyp\/kalifi-u-drejtohet-te-dedikuarve-vakf-e-nau\/#primaryimage"},"thumbnailUrl":"https:\/\/www.ahmadiyya-islam.org\/al\/wp-content\/uploads\/sites\/3\/2017\/03\/2017-02-26-UK-Waqfenau-Ijtema-001.jpg","datePublished":"2017-03-10T12:53:15+00:00","dateModified":"2017-03-10T13:00:26+00:00","author":{"@id":"https:\/\/www.ahmadiyya-islam.org\/al\/#\/schema\/person\/5f18f059fde6d65fbdbffcced4741b8d"},"breadcrumb":{"@id":"https:\/\/www.ahmadiyya-islam.org\/al\/njoftim-per-shtyp\/kalifi-u-drejtohet-te-dedikuarve-vakf-e-nau\/#breadcrumb"},"inLanguage":"sq-AL","potentialAction":[{"@type":"ReadAction","target":["https:\/\/www.ahmadiyya-islam.org\/al\/njoftim-per-shtyp\/kalifi-u-drejtohet-te-dedikuarve-vakf-e-nau\/"]}]},{"@type":"ImageObject","inLanguage":"sq-AL","@id":"https:\/\/www.ahmadiyya-islam.org\/al\/njoftim-per-shtyp\/kalifi-u-drejtohet-te-dedikuarve-vakf-e-nau\/#primaryimage","url":"https:\/\/www.ahmadiyya-islam.org\/al\/wp-content\/uploads\/sites\/3\/2017\/03\/2017-02-26-UK-Waqfenau-Ijtema-001.jpg","contentUrl":"https:\/\/www.ahmadiyya-islam.org\/al\/wp-content\/uploads\/sites\/3\/2017\/03\/2017-02-26-UK-Waqfenau-Ijtema-001.jpg","width":1467,"height":596,"caption":"te dedikuar"},{"@type":"BreadcrumbList","@id":"https:\/\/www.ahmadiyya-islam.org\/al\/njoftim-per-shtyp\/kalifi-u-drejtohet-te-dedikuarve-vakf-e-nau\/#breadcrumb","itemListElement":[{"@type":"ListItem","position":1,"name":"Home","item":"https:\/\/www.ahmadiyya-islam.org\/al\/"},{"@type":"ListItem","position":2,"name":"Kalifi i Xhematit Musliman Ahmedia u drejtohet t\u00eb dedikuarve t\u00eb skem\u00ebs \u201cVakf-e-nau\u201d, n\u00eb Lond\u00ebr"}]},{"@type":"WebSite","@id":"https:\/\/www.ahmadiyya-islam.org\/al\/#website","url":"https:\/\/www.ahmadiyya-islam.org\/al\/","name":"Xhemati Musliman Ahmedia","description":"Albania","potentialAction":[{"@type":"SearchAction","target":{"@type":"EntryPoint","urlTemplate":"https:\/\/www.ahmadiyya-islam.org\/al\/?s={search_term_string}"},"query-input":{"@type":"PropertyValueSpecification","valueRequired":true,"valueName":"search_term_string"}}],"inLanguage":"sq-AL"},{"@type":"Person","@id":"https:\/\/www.ahmadiyya-islam.org\/al\/#\/schema\/person\/5f18f059fde6d65fbdbffcced4741b8d","name":"samad"}]}},"_links":{"self":[{"href":"https:\/\/www.ahmadiyya-islam.org\/al\/wp-json\/wp\/v2\/posts\/6355","targetHints":{"allow":["GET"]}}],"collection":[{"href":"https:\/\/www.ahmadiyya-islam.org\/al\/wp-json\/wp\/v2\/posts"}],"about":[{"href":"https:\/\/www.ahmadiyya-islam.org\/al\/wp-json\/wp\/v2\/types\/post"}],"author":[{"embeddable":true,"href":"https:\/\/www.ahmadiyya-islam.org\/al\/wp-json\/wp\/v2\/users\/5"}],"replies":[{"embeddable":true,"href":"https:\/\/www.ahmadiyya-islam.org\/al\/wp-json\/wp\/v2\/comments?post=6355"}],"version-history":[{"count":0,"href":"https:\/\/www.ahmadiyya-islam.org\/al\/wp-json\/wp\/v2\/posts\/6355\/revisions"}],"wp:featuredmedia":[{"embeddable":true,"href":"https:\/\/www.ahmadiyya-islam.org\/al\/wp-json\/wp\/v2\/media\/6363"}],"wp:attachment":[{"href":"https:\/\/www.ahmadiyya-islam.org\/al\/wp-json\/wp\/v2\/media?parent=6355"}],"wp:term":[{"taxonomy":"category","embeddable":true,"href":"https:\/\/www.ahmadiyya-islam.org\/al\/wp-json\/wp\/v2\/categories?post=6355"},{"taxonomy":"post_tag","embeddable":true,"href":"https:\/\/www.ahmadiyya-islam.org\/al\/wp-json\/wp\/v2\/tags?post=6355"},{"taxonomy":"authors","embeddable":true,"href":"https:\/\/www.ahmadiyya-islam.org\/al\/wp-json\/wp\/v2\/authors?post=6355"},{"taxonomy":"content_source","embeddable":true,"href":"https:\/\/www.ahmadiyya-islam.org\/al\/wp-json\/wp\/v2\/content_source?post=6355"}],"curies":[{"name":"wp","href":"https:\/\/api.w.org\/{rel}","templated":true}]}}