{"id":6162,"date":"2016-11-14T06:29:22","date_gmt":"2016-11-14T06:29:22","guid":{"rendered":"http:\/\/www.ahmadiyya-islam.org\/al\/?p=6162"},"modified":"2016-11-14T10:38:58","modified_gmt":"2016-11-14T10:38:58","slug":"simpoziumi-i-paqes-calgary-kanada-2016","status":"publish","type":"post","link":"https:\/\/www.ahmadiyya-islam.org\/al\/njoftim-per-shtyp\/simpoziumi-i-paqes-calgary-kanada-2016\/","title":{"rendered":"\u201cRe t\u00eb zeza q\u00eb paralajm\u00ebrojn\u00eb Luft\u00ebn e Tret\u00eb Bot\u00ebrore, po r\u00ebndohen nga dita n\u00eb dit\u00eb\u201d"},"content":{"rendered":"<p>Hazret Mirza Masrur Ahmed, n\u00eb\u00a0Simpoziumin\u00a0e Paqes n\u00eb Calgary, tha se roli i udh\u00ebheq\u00ebsve bot\u00ebror \u00ebsht\u00eb<\/p>\n<blockquote><p><strong>\u201ct\u00eb bashkojn\u00eb njer\u00ebzit, n\u00eb vend q\u00eb t\u00eb k\u00ebrc\u00ebnojn\u00eb musliman\u00ebt p\u00ebr t\u00eb ndaluar t\u00eb hyjn\u00eb n\u00eb shtetet e tyre\u201d<\/strong><\/p><\/blockquote>\n<p>M\u00eb 11 n\u00ebntor 2016, udh\u00ebheq\u00ebsi bot\u00ebror i Xhematit Musliman Ahmedia, Hazret Mirza Masrur Ahmed mbajti fjalimin kryesor n\u00eb Simpoziumin e Paqes n\u00eb Calgary, t\u00eb organizuar nga Xhemati Musliman Ahmedia i Kanadas\u00eb.<\/p>\n<p>M\u00eb shum\u00eb se 800 njer\u00ebz, duke p\u00ebrfshir\u00eb mbi 650 personalitete dhe t\u00eb ftuar mor\u00ebn pjes\u00eb n\u00eb k\u00ebt\u00eb ngjarje, duke p\u00ebrfshir\u00eb ish- kryeministrin e Kanadas\u00eb z. Stephen Harper, kryetari i komun\u00ebs s\u00eb Calgary z. Nahid Ninshi dhe z.Irfan Sabir Ministri Krahinor i Sh\u00ebrbimeve Njer\u00ebzore. T\u00eb pranish\u00ebm ishin p\u00ebrfaq\u00ebsues t\u00eb lart\u00eb t\u00eb komunitetit t\u00eb Kombeve t\u00eb Para (First Nations), akademik\u00eb t\u00eb shquar dhe p\u00ebrfaq\u00ebsues t\u00eb mediave.<\/p>\n<p>Para ceremonis\u00eb, Shenjt\u00ebria e tij zhvilloi nj\u00eb takim me z. Stephen Harper, gjat\u00eb s\u00eb cil\u00ebs ish-kryeministri fal\u00ebnderoi shenjt\u00ebrin\u00eb e tij p\u00ebr angazhimin e vazhduesh\u00ebm t\u00eb Xhematit Musliman Ahmedia n\u00eb p\u00ebrhapjen e paqes dhe p\u00ebr p\u00ebrpjekjet e tij humanitare.<\/p>\n<p><img loading=\"lazy\" decoding=\"async\" class=\"aligncenter size-full wp-image-6171\" src=\"http:\/\/www.ahmadiyya-islam.org\/al\/wp-content\/uploads\/sites\/3\/2016\/11\/2016-11-11-CA-Calgary-Peace-Symposium-002.jpg\" alt=\"Islami ne perendim\" width=\"633\" height=\"274\" srcset=\"https:\/\/www.ahmadiyya-islam.org\/al\/wp-content\/uploads\/sites\/3\/2016\/11\/2016-11-11-CA-Calgary-Peace-Symposium-002.jpg 633w, https:\/\/www.ahmadiyya-islam.org\/al\/wp-content\/uploads\/sites\/3\/2016\/11\/2016-11-11-CA-Calgary-Peace-Symposium-002-300x130.jpg 300w\" sizes=\"auto, (max-width: 633px) 100vw, 633px\" \/>Gjat\u00eb pritjes kryesore, Shenjt\u00ebria e tij foli p\u00ebr rritjen e pasiguris\u00eb n\u00eb bot\u00eb dhe paralajm\u00ebroi p\u00ebr rreziqet e Luft\u00ebs s\u00eb Tret\u00eb Bot\u00ebrore. Ai d\u00ebnoi ekstremist\u00ebt dhe terrorist\u00ebt musliman\u00eb n\u00eb m\u00ebnyr\u00ebn m\u00eb t\u00eb fuqishme dhe deklaroi se aktet e tyre ishin t\u00ebr\u00ebsisht kund\u00ebr m\u00ebsimeve t\u00eb Islamit.<\/p>\n<p>Shenjt\u00ebria e tij citoi disa vargje t\u00eb Kuranit t\u00eb Shenjt\u00eb dhe fragmente nga jeta e Profetit t\u00eb Islamit (paqja qoft\u00eb mbi t\u00eb) q\u00eb vulosin m\u00ebsimet paq\u00ebsore t\u00eb Islamit.<\/p>\n<p>Shenjt\u00ebria e tij gjithashtu iu referua edhe shkrimeve t\u00eb akademik\u00ebve jomuslimane n\u00eb lidhje me m\u00ebsimet e Islamit.<\/p>\n<p><img loading=\"lazy\" decoding=\"async\" class=\"aligncenter size-full wp-image-6170\" src=\"http:\/\/www.ahmadiyya-islam.org\/al\/wp-content\/uploads\/sites\/3\/2016\/11\/2016-11-11-CA-Calgary-Peace-Symposium-003.jpg\" alt=\"Islami ne perendim\" width=\"640\" height=\"284\" srcset=\"https:\/\/www.ahmadiyya-islam.org\/al\/wp-content\/uploads\/sites\/3\/2016\/11\/2016-11-11-CA-Calgary-Peace-Symposium-003.jpg 640w, https:\/\/www.ahmadiyya-islam.org\/al\/wp-content\/uploads\/sites\/3\/2016\/11\/2016-11-11-CA-Calgary-Peace-Symposium-003-300x133.jpg 300w\" sizes=\"auto, (max-width: 640px) 100vw, 640px\" \/>Duke folur p\u00ebr nevoj\u00ebn e bot\u00ebs p\u00ebr paqe, Hazret Mirza Masrur Ahmed tha:<\/p>\n<blockquote><p><strong>\u201cT\u00eb gjith\u00eb vler\u00ebsojn\u00eb se bota ka nevoj\u00eb t\u00eb madhe p\u00ebr paqe dhe harmoni, por pavar\u00ebsisht se e kan\u00eb kuptuar k\u00ebt\u00eb, duket sikur njer\u00ebzit nuk jan\u00eb t\u00eb gatsh\u00ebm p\u00ebr t\u00eb b\u00ebr\u00eb hapat e nevojsh\u00ebm p\u00ebr t\u00eb arritur at\u00eb. P\u00ebr fat t\u00eb keq, n\u00eb shum\u00eb pjes\u00eb t\u00eb bot\u00ebs, prioritet m\u00eb t\u00eb madh drejtp\u00ebrdrejt ose t\u00ebrthorazi po i jepet dominimit dhe ep\u00ebrsis\u00eb mbi t\u00eb tjer\u00ebt dhe lakmis\u00eb p\u00ebr pushtet dhe autoritet.\u201d<\/strong><\/p><\/blockquote>\n<p>Hazret Mirza Masrur Ahmed shtoi:<\/p>\n<blockquote><p><strong>\u201cDisa nga ju mund t\u00eb pyesin se \u00e7far\u00eb mund t\u00eb thot\u00eb nj\u00eb lider musliman n\u00eb lidhje me vendosjen e paqes n\u00eb bot\u00eb, duke qen\u00eb se \u00e7rregullimi n\u00eb bot\u00ebn e sotme sillet kryesisht rreth vendeve muslimane apo t\u00eb ashtuquajturave grupe islamike\u2026 Megjithat\u00eb, para se t\u00eb gjykoni, \u00ebsht\u00eb thelb\u00ebsore q\u00eb njer\u00ebzit t\u00eb njihen me m\u00ebsimet e v\u00ebrtet\u00eb t\u00eb Islamit. Askush nuk duhet t\u00eb supozoj\u00eb se veprimet e ekstremist\u00ebve ose terrorist\u00ebve jan\u00eb n\u00eb pajtim me Islamin.\u201d<\/strong><\/p><\/blockquote>\n<p><img loading=\"lazy\" decoding=\"async\" class=\"aligncenter size-full wp-image-6169\" src=\"http:\/\/www.ahmadiyya-islam.org\/al\/wp-content\/uploads\/sites\/3\/2016\/11\/2016-11-11-CA-Calgary-Peace-Symposium-004.jpg\" alt=\"Islami ne perendim\" width=\"640\" height=\"484\" srcset=\"https:\/\/www.ahmadiyya-islam.org\/al\/wp-content\/uploads\/sites\/3\/2016\/11\/2016-11-11-CA-Calgary-Peace-Symposium-004.jpg 640w, https:\/\/www.ahmadiyya-islam.org\/al\/wp-content\/uploads\/sites\/3\/2016\/11\/2016-11-11-CA-Calgary-Peace-Symposium-004-300x227.jpg 300w\" sizes=\"auto, (max-width: 640px) 100vw, 640px\" \/>Shenjt\u00ebria e tij tregoi se si d\u00ebshtimi i qeverive p\u00ebr t\u00eb mbrojtur t\u00eb drejtat e njer\u00ebzve dhe pastaj rritja e terrorizmit dhe ekstremizmit ka \u00e7uar n\u00eb p\u00ebr\u00e7arjen e disa vendeve muslimane. Ai tha se shkaku kryesor p\u00ebr munges\u00ebn e paqes ishte mungesa e ndershm\u00ebris\u00eb dhe drejt\u00ebsis\u00eb.<\/p>\n<p><img loading=\"lazy\" decoding=\"async\" class=\"aligncenter size-full wp-image-6168\" src=\"http:\/\/www.ahmadiyya-islam.org\/al\/wp-content\/uploads\/sites\/3\/2016\/11\/2016-11-11-CA-Calgary-Peace-Symposium-005.jpg\" alt=\"Islami ne perendim\" width=\"633\" height=\"280\" srcset=\"https:\/\/www.ahmadiyya-islam.org\/al\/wp-content\/uploads\/sites\/3\/2016\/11\/2016-11-11-CA-Calgary-Peace-Symposium-005.jpg 633w, https:\/\/www.ahmadiyya-islam.org\/al\/wp-content\/uploads\/sites\/3\/2016\/11\/2016-11-11-CA-Calgary-Peace-Symposium-005-300x133.jpg 300w\" sizes=\"auto, (max-width: 633px) 100vw, 633px\" \/>Hazret Mirza Masrur Ahmed tha:<\/p>\n<blockquote><p><strong>\u201cKombet q\u00eb ishin t\u00eb suksesshme, u shkat\u00ebrruan n\u00eb luft\u00ebrat civile tragjike. I gjith\u00eb ky konflikt dhe luft\u00eb u bazua n\u00eb faktin se shumica e musliman\u00ebve i kan\u00eb harruar m\u00ebsimet e v\u00ebrteta t\u00eb fes\u00eb s\u00eb tyre dhe d\u00ebshtuan p\u00ebr t\u00eb p\u00ebrmbushur t\u00eb drejtat e nj\u00ebri-tjetrit. N\u00eb vend q\u00eb t\u00eb shfaqnin ndershm\u00ebri dhe integritet, ata u motivuan vet\u00ebm nga lakmia dhe d\u00ebshira p\u00ebr pushtet. Tragjikisht, rezultati p\u00ebrfundimtar \u00ebsht\u00eb se paqja \u00ebsht\u00eb duke u g\u00ebrryer pa pushim n\u00eb mesin e masave.\u201d<\/strong><\/p><\/blockquote>\n<p>Lidhur me standardet e drejt\u00ebsis\u00eb q\u00eb Islami k\u00ebrkon nga musliman\u00ebt, Hazret Mirza Masrur Ahmed tha:<\/p>\n<blockquote><p><strong>\u201cKurani thot\u00eb q\u00eb njeriu duhet t\u00eb jet\u00eb gati p\u00ebr t\u00eb dh\u00ebn\u00eb d\u00ebshmi edhe kund\u00ebr vetvetes ose t\u00eb af\u00ebrmve t\u00eb tij, q\u00eb t\u00eb dal\u00eb e v\u00ebrteta n\u00eb shesh. \u00cbsht\u00eb shum\u00eb e leht\u00eb p\u00ebr t\u00eb th\u00ebn\u00eb se \u201cun\u00eb jam i gatsh\u00ebm p\u00ebr t\u00eb folur kund\u00ebr vetes\u201d, por q\u00eb praktikisht t\u2019i jet\u00ebsojm\u00eb k\u00ebto standarde \u00ebsht\u00eb shum\u00eb e v\u00ebshtir\u00eb. Megjithat\u00eb, ky \u00ebsht\u00eb objektivi dhe sfida q\u00eb Allahu i Plotfuqish\u00ebm u ka v\u00ebn\u00eb musliman\u00ebve, ku Ai ka th\u00ebn\u00eb se drejt\u00ebsia e v\u00ebrtet\u00eb nuk mund t\u00eb arrihet p\u00ebrderisa njeriu nuk \u00ebsht\u00eb i gatsh\u00ebm p\u00ebr t\u00eb l\u00ebn\u00eb m\u00ebnjan\u00eb t\u00eb gjitha interesat personale\u201d.<\/strong><\/p><\/blockquote>\n<p><img loading=\"lazy\" decoding=\"async\" class=\"aligncenter size-full wp-image-6167\" src=\"http:\/\/www.ahmadiyya-islam.org\/al\/wp-content\/uploads\/sites\/3\/2016\/11\/2016-11-11-CA-Calgary-Peace-Symposium-006.jpg\" alt=\"Islami ne perendim\" width=\"640\" height=\"266\" srcset=\"https:\/\/www.ahmadiyya-islam.org\/al\/wp-content\/uploads\/sites\/3\/2016\/11\/2016-11-11-CA-Calgary-Peace-Symposium-006.jpg 640w, https:\/\/www.ahmadiyya-islam.org\/al\/wp-content\/uploads\/sites\/3\/2016\/11\/2016-11-11-CA-Calgary-Peace-Symposium-006-300x125.jpg 300w\" sizes=\"auto, (max-width: 640px) 100vw, 640px\" \/>Hazret Mirza Masrur Ahmed vazhdoi:<\/p>\n<blockquote><p><strong>\u201cN\u00ebse praktikohet, ky parim unik \u00ebsht\u00eb mjeti vendosjes s\u00eb paqes, jo vet\u00ebm n\u00eb vendet muslimane, por n\u00eb \u00e7do fshat, \u00e7do qytet, \u00e7do krahin\u00eb dhe n\u00eb \u00e7do shtet t\u00eb bot\u00ebs.\u201d<\/strong><\/p><\/blockquote>\n<p>Udh\u00ebheq\u00ebsi i Xhematit Musliman Ahmedia shpjegoi arsyen pse musliman\u00ebve t\u00eb hersh\u00ebm u ishte dh\u00ebn\u00eb leja q\u00eb t\u00eb b\u00ebnin luft\u00eb mbrojt\u00ebse, pas persekutimit t\u00eb vazhduesh\u00ebm disavje\u00e7ar. Ai tha se leja \u00ebsht\u00eb dh\u00ebn\u00eb nga Allahu i Plotfuqish\u00ebm p\u00ebr t\u00eb mbrojtur t\u00eb drejt\u00ebn e liris\u00eb s\u00eb besimit p\u00ebr t\u00eb gjith\u00eb popujt e t\u00eb gjitha besimeve.<\/p>\n<p>Hazret Mirza Masrur Ahmed tha:<\/p>\n<blockquote><p><strong>\u201cKjo \u00ebsht\u00eb nj\u00eb manifestim i madh i m\u00ebsimeve hyjnore t\u00eb Islamit se Kurani nuk u jep musliman\u00ebve leje p\u00ebr t\u00eb luftuar p\u00ebr t\u00eb mbrojtur Islamin, ose nga frika se t\u00eb gjitha xhamit\u00eb do t\u00eb shkat\u00ebrrohen. P\u00ebrkundrazi, u dha leje p\u00ebr t\u00eb mbrojtur t\u00eb gjitha fet\u00eb dhe t\u00eb gjitha vendet e adhurimit, qofshin kisha, tempuj, sinagoga, xhami apo \u00e7far\u00ebdo t\u00eb tjera.\u201d<\/strong><\/p><\/blockquote>\n<p>Hazret Mirza Masrur Ahmed vazhdoi:<\/p>\n<blockquote><p><strong>\u201cMusliman\u00ebt e hersh\u00ebm nuk rrezikuan jet\u00ebn e tyre p\u00ebr t\u00eb mbrojtur vetveten, por p\u00ebr t\u00eb mbrojtur vet\u00eb njer\u00ebzimin, dhe p\u00ebr afirmimin e vlerave universale t\u00eb liris\u00eb s\u00eb nd\u00ebrgjegjes dhe besimit. Ata musliman\u00eb rrezikuan jet\u00ebn e tyre n\u00eb m\u00ebnyr\u00eb q\u00eb t\u00eb ndalnin dor\u00ebn e shtypjes q\u00eb k\u00ebrkonte t\u00eb shkat\u00ebrroj\u00eb paqen bot\u00ebrore. <\/strong><strong>\u201d<\/strong><\/p><\/blockquote>\n<p>Hazret Mirza Masrur Ahmed tha se faji p\u00ebr konfliktet n\u00eb bot\u00eb nuk mund t\u2019u faturohet plot\u00ebsisht vet\u00ebm musliman\u00ebve. Ai deklaroi se disa vende jomuslimane kan\u00eb prodhuar dhe shitur arm\u00eb p\u00ebr vendet muslimane, t\u00eb cilat jan\u00eb duke u p\u00ebrdorur pastaj p\u00ebr t\u00eb ndezur luft\u00ebra.<\/p>\n<p>Hazret Mirza Masrur Ahmed tha:<\/p>\n<blockquote><p><strong>\u201cN\u00eb vend q\u00eb t\u2019i jepet fund luft\u00ebrave q\u00eb po l\u00ebngojn\u00eb bot\u00ebn muslimane, fuqit\u00eb e m\u00ebdha n\u00eb fakt po i ndezin ato. N\u00eb vend q\u00eb paqja t\u00eb ket\u00eb prioritet, ata vazhdimisht k\u00ebrkojn\u00eb p\u00ebr t\u00eb ndikuar dhe madje edhe p\u00ebrfituar nga lufta.<\/strong><strong>\u201d<\/strong><\/p><\/blockquote>\n<p>Hazret Mirza Masrur Ahmed vazhdoi:<\/p>\n<blockquote><p><strong>\u201cRealiteti \u00ebsht\u00eb se luft\u00ebrat po ndodhin sot nuk jan\u00eb duke u luftuar p\u00ebr arsye fetare, por jan\u00eb duke u luftuar p\u00ebr q\u00ebllime gjeo-politike dhe p\u00ebr hir t\u00eb marrjes s\u00eb pasuris\u00eb dhe t\u00eb pushtetit.\u201d<\/strong><\/p><\/blockquote>\n<p><img loading=\"lazy\" decoding=\"async\" class=\"aligncenter size-full wp-image-6166\" src=\"http:\/\/www.ahmadiyya-islam.org\/al\/wp-content\/uploads\/sites\/3\/2016\/11\/2016-11-11-CA-Calgary-Peace-Symposium-007.jpg\" alt=\"Islami ne perendim\" width=\"640\" height=\"414\" srcset=\"https:\/\/www.ahmadiyya-islam.org\/al\/wp-content\/uploads\/sites\/3\/2016\/11\/2016-11-11-CA-Calgary-Peace-Symposium-007.jpg 640w, https:\/\/www.ahmadiyya-islam.org\/al\/wp-content\/uploads\/sites\/3\/2016\/11\/2016-11-11-CA-Calgary-Peace-Symposium-007-300x194.jpg 300w\" sizes=\"auto, (max-width: 640px) 100vw, 640px\" \/>Kalifi vazhdoi me paralajm\u00ebrimin e rrezikut t\u00eb nj\u00eb lufte bot\u00ebrore, t\u00eb cil\u00ebn tha se do t\u00eb ishte \u201ckatastrofike\u201d.<\/p>\n<p>Hazret Mirza Masrur Ahmed tha:<\/p>\n<blockquote><p><strong>\u201cRe t\u00eb zeza q\u00eb paralajm\u00ebrojn\u00eb p\u00ebr Luft\u00ebn e Tret\u00eb Bot\u00ebrore po r\u00ebndohen nga dita n\u00eb dit\u00eb. Efektet e nj\u00eb lufte t\u00eb till\u00eb do t\u00eb zgjasin p\u00ebr dekada t\u00eb ardhshme. Gjenerat\u00eb pas gjenerate f\u00ebmij\u00ebt mund t\u00eb lindin t\u00eb gjymtuar, ose me defekte gjenetike p\u00ebr shkak t\u00eb efekteve t\u00eb vazhduesh\u00ebm t\u00eb rrezatimit.\u201d<\/strong><\/p><\/blockquote>\n<p>Hazret Mirza Masrur Ahmed vazhdoi:<\/p>\n<blockquote><p><strong>\u201c\u00cbsht\u00eb nevoj\u00eb urgjente e koh\u00ebs p\u00ebr njer\u00ebzimin q\u00eb t\u00eb punoj\u00eb n\u00eb drejtim t\u00eb mbrojtjes t\u00eb s\u00eb ardhmes. N\u00eb vend q\u00eb t\u00eb fajsojn\u00eb vet\u00ebm musliman\u00ebt p\u00ebr t\u00eb gjitha \u00e7rregullimet, fuqit\u00eb e m\u00ebdha t\u00eb bot\u00ebs duhet t\u00eb b\u00ebjn\u00eb nj\u00eb hap prapa dhe t\u00eb shikojn\u00eb edhe veten e tyre. M\u00eb shum\u00eb se p\u00ebr politikan\u00ebt q\u00eb k\u00ebrkojn\u00eb publicitet duke deklaruar synimet e tyre p\u00ebr t\u00eb ndaluar musliman\u00ebt t\u00eb hyjn\u00eb n\u00eb shtetet e tyre, bota ka nevoj\u00eb p\u00ebr lider\u00eb t\u00eb cil\u00ebt jan\u00eb t\u00eb sinqert\u00eb n\u00eb p\u00ebrpjekjet e tyre p\u00ebr t\u00eb kap\u00ebrcyer dallimet q\u00eb na ndajn\u00eb.\u201d<\/strong><\/p><\/blockquote>\n<p>N\u00eb p\u00ebrfundim, Hazret Mirza Masrur Ahmed tha:<\/p>\n<blockquote><p><strong>\u201cQeverit\u00eb dhe hartuesit e politikave duhet t\u00eb kuptojn\u00eb pesh\u00ebn e madhe t\u00eb detyrave t\u00eb tyre si kujdestar\u00eb t\u00eb bot\u00ebs. Ata duhet t\u00eb p\u00ebrpiqen me zell p\u00ebr t\u2019u siguruar se ata q\u00eb do t\u00eb vijn\u00eb pas nesh, nuk do t\u00eb lindin t\u00eb gjymt\u00eb dhe t\u00eb rriten n\u00eb nj\u00eb bot\u00eb t\u00eb prishur, por t\u00eb lindin t\u00eb sh\u00ebndetsh\u00ebm, t\u00eb lumtur dhe n\u00eb nj\u00eb bot\u00eb t\u00eb paqes dhe harmonis\u00eb gjithnj\u00eb e m\u00eb t\u00eb madhe.\u201d<\/strong><\/p><\/blockquote>\n<p>M\u00eb her\u00ebt, pas fjalimit p\u00ebrsh\u00ebndet\u00ebs t\u00eb z. Lal Khan Malik, President i Xhematit Musliman Ahmedia t\u00eb Kanadas\u00eb, personalitete t\u00eb ndryshme mor\u00ebn fjal\u00ebn, p\u00ebr t\u00eb mir\u00ebpritur Shenjt\u00ebris\u00eb s\u00eb Tij n\u00eb Kanada.<\/p>\n<p>Kryetar i Bashkis\u00eb s\u00eb Calgary, Nahid Ninshi tha:<\/p>\n<blockquote><p><strong>\u201cXhemati Musliman Ahmedia ka qen\u00eb n\u00eb Kanada tashm\u00eb p\u00ebr 50 vjet dhe kjo \u00ebsht\u00eb nj\u00eb dit\u00eb p\u00ebr t\u2019ju fal\u00ebnderuar p\u00ebr t\u00eb gjitha q\u00eb keni b\u00ebr\u00eb, sepse ky xhemat, ndoshta m\u00eb shum\u00eb se shum\u00eb t\u00eb tjer\u00eb, e kupton se lufta kund\u00ebr jo toleranc\u00ebs dhe pik\u00ebpamjeve t\u00eb ngushta \u00ebsht\u00eb nj\u00eb luft\u00eb e t\u00eb gjith\u00eb neve. Ky xhemat kupton se nd\u00ebrtimi i komuniteteve s\u00eb bashku p\u00ebr \u00e7do dit\u00eb n\u00eb fund t\u00eb fundit e pasuron \u00e7do nj\u00ebrin prej nesh.\u201d<\/strong><\/p><\/blockquote>\n<p><img loading=\"lazy\" decoding=\"async\" class=\"aligncenter size-full wp-image-6165\" src=\"http:\/\/www.ahmadiyya-islam.org\/al\/wp-content\/uploads\/sites\/3\/2016\/11\/2016-11-11-CA-Calgary-Peace-Symposium-008.jpg\" alt=\"Islami ne perendim\" width=\"633\" height=\"95\" srcset=\"https:\/\/www.ahmadiyya-islam.org\/al\/wp-content\/uploads\/sites\/3\/2016\/11\/2016-11-11-CA-Calgary-Peace-Symposium-008.jpg 633w, https:\/\/www.ahmadiyya-islam.org\/al\/wp-content\/uploads\/sites\/3\/2016\/11\/2016-11-11-CA-Calgary-Peace-Symposium-008-300x45.jpg 300w\" sizes=\"auto, (max-width: 633px) 100vw, 633px\" \/>Z. Stephen Harper, ish-Kryeminist\u00ebr i Kanadas\u00eb tha:<\/p>\n<blockquote><p><strong>\u201cGjat\u00eb mandatit tim si Kryeminist\u00ebr, Xhemati Musliman Ahmedia ishte nd\u00ebr partner\u00ebt m\u00eb t\u00eb mir\u00eb me t\u00eb cil\u00ebt kam punuar ndonj\u00ebher\u00eb&#8230; Si kudo tjet\u00ebr n\u00eb bot\u00eb, musliman\u00ebt ahmedian\u00eb n\u00eb Kanada njihen p\u00ebr p\u00ebrkushtimin e tyre ndaj paqes, v\u00ebllaz\u00ebris\u00eb universale dhe ndaj vullnetit t\u00eb Zotit, t\u00eb cilat jan\u00eb parimet e v\u00ebrteta dhe themelore t\u00eb Islamit t\u00eb v\u00ebrtet\u00eb. Dhe p\u00ebr t\u2019i sh\u00ebrbyer t\u00eb mir\u00ebs m\u00eb t\u00eb madhe n\u00eb shum\u00eb m\u00ebnyra, jo vet\u00ebm n\u00eb Kanada, por kudo n\u00eb bot\u00eb ku ahmedian\u00ebt jetojn\u00eb. Kur ju ahmedian\u00eb zini hap\u00ebsir\u00ebn tuaj publike n\u00eb sheshet publike dhe deklaroni: dashuri p\u00ebr t\u00eb gjith\u00eb, urrejtje p\u00ebr ask\u00ebnd, jeni n\u00eb m\u00ebnyr\u00ebn m\u00eb thelb\u00ebsore nj\u00eb partner, nj\u00eb fqinj, nj\u00eb mik p\u00ebr t\u00eb gjith\u00eb kanadez\u00ebt.\u201d<\/strong><\/p><\/blockquote>\n<p>Irfan Sabir, Ministri Krahinor i Sh\u00ebrbimeve Njer\u00ebzore, tha:<\/p>\n<blockquote><p><strong>\u201cGjat\u00eb disa jav\u00ebve t\u00eb fundit, n\u00eb udh\u00ebtimet e tij n\u00ebp\u00ebr Kanada, Shenjt\u00ebria e tij (Hazret Mirza Masrur Ahmed) ka p\u00ebrhapur mesazhin: \u201cdashuri p\u00ebr t\u00eb gjith\u00eb, urrejtje p\u00ebr ask\u00ebnd\u201d. Ai ka frym\u00ebzuar kanadez\u00ebt me thirrjen e tij t\u00eb guximshme p\u00ebr paqe e dhembshuri.\u201d<\/strong><\/p><\/blockquote>\n<p>Darshan Kang, an\u00ebtar i Parlamentit Federal, tha:<\/p>\n<blockquote><p><strong>\u201cAta q\u00eb kan\u00eb pasur k\u00ebnaq\u00ebsin\u00eb ta njohin e t\u00eb bashk\u00ebpunojn\u00eb me Xhematin Musliman Ahmedia e din\u00eb kontributin e madh q\u00eb musliman\u00ebt ahmedian\u00eb i kan\u00eb dh\u00ebn\u00eb shoq\u00ebris\u00eb kanadeze. Xhemati Musliman Ahmedia q\u00ebndron lart n\u00eb personifikimin e atyre vlerave q\u00eb secili prej nesh si kanadez\u00ebt i mban t\u00eb shenjta.\u201d<\/strong><\/p><\/blockquote>\n<p><img loading=\"lazy\" decoding=\"async\" class=\"aligncenter size-full wp-image-6164\" src=\"http:\/\/www.ahmadiyya-islam.org\/al\/wp-content\/uploads\/sites\/3\/2016\/11\/2016-11-11-CA-Calgary-Peace-Symposium-009.jpg\" alt=\"Islami ne perendim\" width=\"640\" height=\"266\" srcset=\"https:\/\/www.ahmadiyya-islam.org\/al\/wp-content\/uploads\/sites\/3\/2016\/11\/2016-11-11-CA-Calgary-Peace-Symposium-009.jpg 640w, https:\/\/www.ahmadiyya-islam.org\/al\/wp-content\/uploads\/sites\/3\/2016\/11\/2016-11-11-CA-Calgary-Peace-Symposium-009-300x125.jpg 300w\" sizes=\"auto, (max-width: 640px) 100vw, 640px\" \/>Pas p\u00ebrfundimit t\u00eb ceremonis\u00eb, Shenjt\u00ebria e tij u mir\u00ebprit edhe nga nj\u00eb delegacion i komuniteti t\u00eb Kombeve t\u00eb Para (First Nations). Pleqt\u00eb indigjen\u00eb i b\u00ebn\u00eb shenjt\u00ebrin\u00eb s\u00eb tij mir\u00ebseardhje tradicionale, sipas zakoneve t\u00eb tyre, dhe m\u00eb pas e takuan edhe personalisht at\u00eb.<\/p>\n<p><img loading=\"lazy\" decoding=\"async\" class=\"aligncenter size-full wp-image-6163\" src=\"http:\/\/www.ahmadiyya-islam.org\/al\/wp-content\/uploads\/sites\/3\/2016\/11\/2016-11-11-CA-Calgary-Peace-Symposium-010.jpg\" alt=\"Islami ne perendim\" width=\"633\" height=\"192\" srcset=\"https:\/\/www.ahmadiyya-islam.org\/al\/wp-content\/uploads\/sites\/3\/2016\/11\/2016-11-11-CA-Calgary-Peace-Symposium-010.jpg 633w, https:\/\/www.ahmadiyya-islam.org\/al\/wp-content\/uploads\/sites\/3\/2016\/11\/2016-11-11-CA-Calgary-Peace-Symposium-010-300x91.jpg 300w\" sizes=\"auto, (max-width: 633px) 100vw, 633px\" \/>Simpoziumi i Paqes n\u00eb Calgary ishte pritja e fundit publike e turneut aktual t\u00eb Shenjt\u00ebris\u00eb s\u00eb tij n\u00eb Kanada. Gjat\u00eb jav\u00ebve t\u00eb m\u00ebparshme, Shenjt\u00ebria e tij ka dh\u00ebn\u00eb fjalime n\u00eb Parlament Hill, Parlamentin Komb\u00ebtar n\u00eb Ottawa, n\u00eb Universitetin York, n\u00eb Simpoziumin e Paqes t\u00eb Kanadas\u00eb dhe gjithashtu n\u00eb p\u00ebrurimet e xhamive n\u00eb n\u00eb Regina dhe Lloydminster.<\/p>\n","protected":false},"excerpt":{"rendered":"<p>Hazret Mirza Masrur Ahmed, n\u00eb\u00a0Simpoziumin\u00a0e Paqes n\u00eb Calgary, tha se roli i udh\u00ebheq\u00ebsve bot\u00ebror \u00ebsht\u00eb \u201ct\u00eb bashkojn\u00eb njer\u00ebzit, n\u00eb vend q\u00eb t\u00eb k\u00ebrc\u00ebnojn\u00eb musliman\u00ebt p\u00ebr t\u00eb ndaluar t\u00eb hyjn\u00eb n\u00eb shtetet e tyre\u201d M\u00eb 11 n\u00ebntor 2016, udh\u00ebheq\u00ebsi bot\u00ebror i Xhematit Musliman Ahmedia, Hazret Mirza Masrur Ahmed mbajti fjalimin kryesor n\u00eb Simpoziumin e Paqes n\u00eb<\/p>\n","protected":false},"author":5,"featured_media":6172,"comment_status":"closed","ping_status":"closed","sticky":false,"template":"","format":"standard","meta":{"_acf_changed":false,"footnotes":""},"categories":[11],"tags":[],"authors":[],"content_source":[],"class_list":["post-6162","post","type-post","status-publish","format-standard","has-post-thumbnail","hentry","category-njoftim-per-shtyp","topics-paqja-globale"],"acf":[],"yoast_head":"<!-- This site is optimized with the Yoast SEO Premium plugin v21.1 (Yoast SEO v27.4) - https:\/\/yoast.com\/product\/yoast-seo-premium-wordpress\/ -->\n<title>\u201cRe t\u00eb zeza q\u00eb paralajm\u00ebrojn\u00eb Luft\u00ebn e Tret\u00eb Bot\u00ebrore, po r\u00ebndohen nga dita n\u00eb dit\u00eb\u201d<\/title>\n<meta name=\"robots\" content=\"index, follow, max-snippet:-1, max-image-preview:large, max-video-preview:-1\" \/>\n<link rel=\"canonical\" href=\"https:\/\/www.ahmadiyya-islam.org\/al\/njoftim-per-shtyp\/simpoziumi-i-paqes-calgary-kanada-2016\/\" \/>\n<meta property=\"og:locale\" content=\"sq_AL\" \/>\n<meta property=\"og:type\" content=\"article\" \/>\n<meta property=\"og:title\" content=\"\u201cRe t\u00eb zeza q\u00eb paralajm\u00ebrojn\u00eb Luft\u00ebn e Tret\u00eb Bot\u00ebrore, po r\u00ebndohen nga dita n\u00eb dit\u00eb\u201d\" \/>\n<meta property=\"og:description\" content=\"Hazret Mirza Masrur Ahmed, n\u00eb\u00a0Simpoziumin\u00a0e Paqes n\u00eb Calgary, tha se roli i udh\u00ebheq\u00ebsve bot\u00ebror \u00ebsht\u00eb \u201ct\u00eb bashkojn\u00eb njer\u00ebzit, n\u00eb vend q\u00eb t\u00eb k\u00ebrc\u00ebnojn\u00eb musliman\u00ebt p\u00ebr t\u00eb ndaluar t\u00eb hyjn\u00eb n\u00eb shtetet e tyre\u201d M\u00eb 11 n\u00ebntor 2016, udh\u00ebheq\u00ebsi bot\u00ebror i Xhematit Musliman Ahmedia, Hazret Mirza Masrur Ahmed mbajti fjalimin kryesor n\u00eb Simpoziumin e Paqes n\u00eb\" \/>\n<meta property=\"og:url\" content=\"https:\/\/www.ahmadiyya-islam.org\/al\/njoftim-per-shtyp\/simpoziumi-i-paqes-calgary-kanada-2016\/\" \/>\n<meta property=\"og:site_name\" content=\"Xhemati Musliman Ahmedia\" \/>\n<meta property=\"article:published_time\" content=\"2016-11-14T06:29:22+00:00\" \/>\n<meta property=\"article:modified_time\" content=\"2016-11-14T10:38:58+00:00\" \/>\n<meta property=\"og:image\" content=\"https:\/\/www.ahmadiyya-islam.org\/al\/wp-content\/uploads\/sites\/3\/2016\/11\/2016-11-11-CA-Calgary-Peace-Symposium-001.jpg\" \/>\n\t<meta property=\"og:image:width\" content=\"1200\" \/>\n\t<meta property=\"og:image:height\" content=\"572\" \/>\n\t<meta property=\"og:image:type\" content=\"image\/jpeg\" \/>\n<meta name=\"author\" content=\"samad\" \/>\n<meta name=\"twitter:card\" content=\"summary_large_image\" \/>\n<meta name=\"twitter:label1\" content=\"Written by\" \/>\n\t<meta name=\"twitter:data1\" content=\"samad\" \/>\n\t<meta name=\"twitter:label2\" content=\"Est. reading time\" \/>\n\t<meta name=\"twitter:data2\" content=\"10 minutes\" \/>\n<script type=\"application\/ld+json\" class=\"yoast-schema-graph\">{\"@context\":\"https:\\\/\\\/schema.org\",\"@graph\":[{\"@type\":\"Article\",\"@id\":\"https:\\\/\\\/www.ahmadiyya-islam.org\\\/al\\\/njoftim-per-shtyp\\\/simpoziumi-i-paqes-calgary-kanada-2016\\\/#article\",\"isPartOf\":{\"@id\":\"https:\\\/\\\/www.ahmadiyya-islam.org\\\/al\\\/njoftim-per-shtyp\\\/simpoziumi-i-paqes-calgary-kanada-2016\\\/\"},\"author\":{\"name\":\"samad\",\"@id\":\"https:\\\/\\\/www.ahmadiyya-islam.org\\\/al\\\/#\\\/schema\\\/person\\\/5f18f059fde6d65fbdbffcced4741b8d\"},\"headline\":\"\u201cRe t\u00eb zeza q\u00eb paralajm\u00ebrojn\u00eb Luft\u00ebn e Tret\u00eb Bot\u00ebrore, po r\u00ebndohen nga dita n\u00eb dit\u00eb\u201d\",\"datePublished\":\"2016-11-14T06:29:22+00:00\",\"dateModified\":\"2016-11-14T10:38:58+00:00\",\"mainEntityOfPage\":{\"@id\":\"https:\\\/\\\/www.ahmadiyya-islam.org\\\/al\\\/njoftim-per-shtyp\\\/simpoziumi-i-paqes-calgary-kanada-2016\\\/\"},\"wordCount\":2008,\"image\":{\"@id\":\"https:\\\/\\\/www.ahmadiyya-islam.org\\\/al\\\/njoftim-per-shtyp\\\/simpoziumi-i-paqes-calgary-kanada-2016\\\/#primaryimage\"},\"thumbnailUrl\":\"https:\\\/\\\/www.ahmadiyya-islam.org\\\/al\\\/wp-content\\\/uploads\\\/sites\\\/3\\\/2016\\\/11\\\/2016-11-11-CA-Calgary-Peace-Symposium-001.jpg\",\"articleSection\":[\"Njoftim p\u00ebr shtyp\"],\"inLanguage\":\"sq-AL\"},{\"@type\":\"WebPage\",\"@id\":\"https:\\\/\\\/www.ahmadiyya-islam.org\\\/al\\\/njoftim-per-shtyp\\\/simpoziumi-i-paqes-calgary-kanada-2016\\\/\",\"url\":\"https:\\\/\\\/www.ahmadiyya-islam.org\\\/al\\\/njoftim-per-shtyp\\\/simpoziumi-i-paqes-calgary-kanada-2016\\\/\",\"name\":\"\u201cRe t\u00eb zeza q\u00eb paralajm\u00ebrojn\u00eb Luft\u00ebn e Tret\u00eb Bot\u00ebrore, po r\u00ebndohen nga dita n\u00eb dit\u00eb\u201d\",\"isPartOf\":{\"@id\":\"https:\\\/\\\/www.ahmadiyya-islam.org\\\/al\\\/#website\"},\"primaryImageOfPage\":{\"@id\":\"https:\\\/\\\/www.ahmadiyya-islam.org\\\/al\\\/njoftim-per-shtyp\\\/simpoziumi-i-paqes-calgary-kanada-2016\\\/#primaryimage\"},\"image\":{\"@id\":\"https:\\\/\\\/www.ahmadiyya-islam.org\\\/al\\\/njoftim-per-shtyp\\\/simpoziumi-i-paqes-calgary-kanada-2016\\\/#primaryimage\"},\"thumbnailUrl\":\"https:\\\/\\\/www.ahmadiyya-islam.org\\\/al\\\/wp-content\\\/uploads\\\/sites\\\/3\\\/2016\\\/11\\\/2016-11-11-CA-Calgary-Peace-Symposium-001.jpg\",\"datePublished\":\"2016-11-14T06:29:22+00:00\",\"dateModified\":\"2016-11-14T10:38:58+00:00\",\"author\":{\"@id\":\"https:\\\/\\\/www.ahmadiyya-islam.org\\\/al\\\/#\\\/schema\\\/person\\\/5f18f059fde6d65fbdbffcced4741b8d\"},\"breadcrumb\":{\"@id\":\"https:\\\/\\\/www.ahmadiyya-islam.org\\\/al\\\/njoftim-per-shtyp\\\/simpoziumi-i-paqes-calgary-kanada-2016\\\/#breadcrumb\"},\"inLanguage\":\"sq-AL\",\"potentialAction\":[{\"@type\":\"ReadAction\",\"target\":[\"https:\\\/\\\/www.ahmadiyya-islam.org\\\/al\\\/njoftim-per-shtyp\\\/simpoziumi-i-paqes-calgary-kanada-2016\\\/\"]}]},{\"@type\":\"ImageObject\",\"inLanguage\":\"sq-AL\",\"@id\":\"https:\\\/\\\/www.ahmadiyya-islam.org\\\/al\\\/njoftim-per-shtyp\\\/simpoziumi-i-paqes-calgary-kanada-2016\\\/#primaryimage\",\"url\":\"https:\\\/\\\/www.ahmadiyya-islam.org\\\/al\\\/wp-content\\\/uploads\\\/sites\\\/3\\\/2016\\\/11\\\/2016-11-11-CA-Calgary-Peace-Symposium-001.jpg\",\"contentUrl\":\"https:\\\/\\\/www.ahmadiyya-islam.org\\\/al\\\/wp-content\\\/uploads\\\/sites\\\/3\\\/2016\\\/11\\\/2016-11-11-CA-Calgary-Peace-Symposium-001.jpg\",\"width\":1200,\"height\":572,\"caption\":\"Islami ne perendim\"},{\"@type\":\"BreadcrumbList\",\"@id\":\"https:\\\/\\\/www.ahmadiyya-islam.org\\\/al\\\/njoftim-per-shtyp\\\/simpoziumi-i-paqes-calgary-kanada-2016\\\/#breadcrumb\",\"itemListElement\":[{\"@type\":\"ListItem\",\"position\":1,\"name\":\"Home\",\"item\":\"https:\\\/\\\/www.ahmadiyya-islam.org\\\/al\\\/\"},{\"@type\":\"ListItem\",\"position\":2,\"name\":\"\u201cRe t\u00eb zeza q\u00eb paralajm\u00ebrojn\u00eb Luft\u00ebn e Tret\u00eb Bot\u00ebrore, po r\u00ebndohen nga dita n\u00eb dit\u00eb\u201d\"}]},{\"@type\":\"WebSite\",\"@id\":\"https:\\\/\\\/www.ahmadiyya-islam.org\\\/al\\\/#website\",\"url\":\"https:\\\/\\\/www.ahmadiyya-islam.org\\\/al\\\/\",\"name\":\"Xhemati Musliman Ahmedia\",\"description\":\"Albania\",\"potentialAction\":[{\"@type\":\"SearchAction\",\"target\":{\"@type\":\"EntryPoint\",\"urlTemplate\":\"https:\\\/\\\/www.ahmadiyya-islam.org\\\/al\\\/?s={search_term_string}\"},\"query-input\":{\"@type\":\"PropertyValueSpecification\",\"valueRequired\":true,\"valueName\":\"search_term_string\"}}],\"inLanguage\":\"sq-AL\"},{\"@type\":\"Person\",\"@id\":\"https:\\\/\\\/www.ahmadiyya-islam.org\\\/al\\\/#\\\/schema\\\/person\\\/5f18f059fde6d65fbdbffcced4741b8d\",\"name\":\"samad\"}]}<\/script>\n<!-- \/ Yoast SEO Premium plugin. -->","yoast_head_json":{"title":"\u201cRe t\u00eb zeza q\u00eb paralajm\u00ebrojn\u00eb Luft\u00ebn e Tret\u00eb Bot\u00ebrore, po r\u00ebndohen nga dita n\u00eb dit\u00eb\u201d","robots":{"index":"index","follow":"follow","max-snippet":"max-snippet:-1","max-image-preview":"max-image-preview:large","max-video-preview":"max-video-preview:-1"},"canonical":"https:\/\/www.ahmadiyya-islam.org\/al\/njoftim-per-shtyp\/simpoziumi-i-paqes-calgary-kanada-2016\/","og_locale":"sq_AL","og_type":"article","og_title":"\u201cRe t\u00eb zeza q\u00eb paralajm\u00ebrojn\u00eb Luft\u00ebn e Tret\u00eb Bot\u00ebrore, po r\u00ebndohen nga dita n\u00eb dit\u00eb\u201d","og_description":"Hazret Mirza Masrur Ahmed, n\u00eb\u00a0Simpoziumin\u00a0e Paqes n\u00eb Calgary, tha se roli i udh\u00ebheq\u00ebsve bot\u00ebror \u00ebsht\u00eb \u201ct\u00eb bashkojn\u00eb njer\u00ebzit, n\u00eb vend q\u00eb t\u00eb k\u00ebrc\u00ebnojn\u00eb musliman\u00ebt p\u00ebr t\u00eb ndaluar t\u00eb hyjn\u00eb n\u00eb shtetet e tyre\u201d M\u00eb 11 n\u00ebntor 2016, udh\u00ebheq\u00ebsi bot\u00ebror i Xhematit Musliman Ahmedia, Hazret Mirza Masrur Ahmed mbajti fjalimin kryesor n\u00eb Simpoziumin e Paqes n\u00eb","og_url":"https:\/\/www.ahmadiyya-islam.org\/al\/njoftim-per-shtyp\/simpoziumi-i-paqes-calgary-kanada-2016\/","og_site_name":"Xhemati Musliman Ahmedia","article_published_time":"2016-11-14T06:29:22+00:00","article_modified_time":"2016-11-14T10:38:58+00:00","og_image":[{"width":1200,"height":572,"url":"https:\/\/www.ahmadiyya-islam.org\/al\/wp-content\/uploads\/sites\/3\/2016\/11\/2016-11-11-CA-Calgary-Peace-Symposium-001.jpg","type":"image\/jpeg"}],"author":"samad","twitter_card":"summary_large_image","twitter_misc":{"Written by":"samad","Est. reading time":"10 minutes"},"schema":{"@context":"https:\/\/schema.org","@graph":[{"@type":"Article","@id":"https:\/\/www.ahmadiyya-islam.org\/al\/njoftim-per-shtyp\/simpoziumi-i-paqes-calgary-kanada-2016\/#article","isPartOf":{"@id":"https:\/\/www.ahmadiyya-islam.org\/al\/njoftim-per-shtyp\/simpoziumi-i-paqes-calgary-kanada-2016\/"},"author":{"name":"samad","@id":"https:\/\/www.ahmadiyya-islam.org\/al\/#\/schema\/person\/5f18f059fde6d65fbdbffcced4741b8d"},"headline":"\u201cRe t\u00eb zeza q\u00eb paralajm\u00ebrojn\u00eb Luft\u00ebn e Tret\u00eb Bot\u00ebrore, po r\u00ebndohen nga dita n\u00eb dit\u00eb\u201d","datePublished":"2016-11-14T06:29:22+00:00","dateModified":"2016-11-14T10:38:58+00:00","mainEntityOfPage":{"@id":"https:\/\/www.ahmadiyya-islam.org\/al\/njoftim-per-shtyp\/simpoziumi-i-paqes-calgary-kanada-2016\/"},"wordCount":2008,"image":{"@id":"https:\/\/www.ahmadiyya-islam.org\/al\/njoftim-per-shtyp\/simpoziumi-i-paqes-calgary-kanada-2016\/#primaryimage"},"thumbnailUrl":"https:\/\/www.ahmadiyya-islam.org\/al\/wp-content\/uploads\/sites\/3\/2016\/11\/2016-11-11-CA-Calgary-Peace-Symposium-001.jpg","articleSection":["Njoftim p\u00ebr shtyp"],"inLanguage":"sq-AL"},{"@type":"WebPage","@id":"https:\/\/www.ahmadiyya-islam.org\/al\/njoftim-per-shtyp\/simpoziumi-i-paqes-calgary-kanada-2016\/","url":"https:\/\/www.ahmadiyya-islam.org\/al\/njoftim-per-shtyp\/simpoziumi-i-paqes-calgary-kanada-2016\/","name":"\u201cRe t\u00eb zeza q\u00eb paralajm\u00ebrojn\u00eb Luft\u00ebn e Tret\u00eb Bot\u00ebrore, po r\u00ebndohen nga dita n\u00eb dit\u00eb\u201d","isPartOf":{"@id":"https:\/\/www.ahmadiyya-islam.org\/al\/#website"},"primaryImageOfPage":{"@id":"https:\/\/www.ahmadiyya-islam.org\/al\/njoftim-per-shtyp\/simpoziumi-i-paqes-calgary-kanada-2016\/#primaryimage"},"image":{"@id":"https:\/\/www.ahmadiyya-islam.org\/al\/njoftim-per-shtyp\/simpoziumi-i-paqes-calgary-kanada-2016\/#primaryimage"},"thumbnailUrl":"https:\/\/www.ahmadiyya-islam.org\/al\/wp-content\/uploads\/sites\/3\/2016\/11\/2016-11-11-CA-Calgary-Peace-Symposium-001.jpg","datePublished":"2016-11-14T06:29:22+00:00","dateModified":"2016-11-14T10:38:58+00:00","author":{"@id":"https:\/\/www.ahmadiyya-islam.org\/al\/#\/schema\/person\/5f18f059fde6d65fbdbffcced4741b8d"},"breadcrumb":{"@id":"https:\/\/www.ahmadiyya-islam.org\/al\/njoftim-per-shtyp\/simpoziumi-i-paqes-calgary-kanada-2016\/#breadcrumb"},"inLanguage":"sq-AL","potentialAction":[{"@type":"ReadAction","target":["https:\/\/www.ahmadiyya-islam.org\/al\/njoftim-per-shtyp\/simpoziumi-i-paqes-calgary-kanada-2016\/"]}]},{"@type":"ImageObject","inLanguage":"sq-AL","@id":"https:\/\/www.ahmadiyya-islam.org\/al\/njoftim-per-shtyp\/simpoziumi-i-paqes-calgary-kanada-2016\/#primaryimage","url":"https:\/\/www.ahmadiyya-islam.org\/al\/wp-content\/uploads\/sites\/3\/2016\/11\/2016-11-11-CA-Calgary-Peace-Symposium-001.jpg","contentUrl":"https:\/\/www.ahmadiyya-islam.org\/al\/wp-content\/uploads\/sites\/3\/2016\/11\/2016-11-11-CA-Calgary-Peace-Symposium-001.jpg","width":1200,"height":572,"caption":"Islami ne perendim"},{"@type":"BreadcrumbList","@id":"https:\/\/www.ahmadiyya-islam.org\/al\/njoftim-per-shtyp\/simpoziumi-i-paqes-calgary-kanada-2016\/#breadcrumb","itemListElement":[{"@type":"ListItem","position":1,"name":"Home","item":"https:\/\/www.ahmadiyya-islam.org\/al\/"},{"@type":"ListItem","position":2,"name":"\u201cRe t\u00eb zeza q\u00eb paralajm\u00ebrojn\u00eb Luft\u00ebn e Tret\u00eb Bot\u00ebrore, po r\u00ebndohen nga dita n\u00eb dit\u00eb\u201d"}]},{"@type":"WebSite","@id":"https:\/\/www.ahmadiyya-islam.org\/al\/#website","url":"https:\/\/www.ahmadiyya-islam.org\/al\/","name":"Xhemati Musliman Ahmedia","description":"Albania","potentialAction":[{"@type":"SearchAction","target":{"@type":"EntryPoint","urlTemplate":"https:\/\/www.ahmadiyya-islam.org\/al\/?s={search_term_string}"},"query-input":{"@type":"PropertyValueSpecification","valueRequired":true,"valueName":"search_term_string"}}],"inLanguage":"sq-AL"},{"@type":"Person","@id":"https:\/\/www.ahmadiyya-islam.org\/al\/#\/schema\/person\/5f18f059fde6d65fbdbffcced4741b8d","name":"samad"}]}},"_links":{"self":[{"href":"https:\/\/www.ahmadiyya-islam.org\/al\/wp-json\/wp\/v2\/posts\/6162","targetHints":{"allow":["GET"]}}],"collection":[{"href":"https:\/\/www.ahmadiyya-islam.org\/al\/wp-json\/wp\/v2\/posts"}],"about":[{"href":"https:\/\/www.ahmadiyya-islam.org\/al\/wp-json\/wp\/v2\/types\/post"}],"author":[{"embeddable":true,"href":"https:\/\/www.ahmadiyya-islam.org\/al\/wp-json\/wp\/v2\/users\/5"}],"replies":[{"embeddable":true,"href":"https:\/\/www.ahmadiyya-islam.org\/al\/wp-json\/wp\/v2\/comments?post=6162"}],"version-history":[{"count":0,"href":"https:\/\/www.ahmadiyya-islam.org\/al\/wp-json\/wp\/v2\/posts\/6162\/revisions"}],"wp:featuredmedia":[{"embeddable":true,"href":"https:\/\/www.ahmadiyya-islam.org\/al\/wp-json\/wp\/v2\/media\/6172"}],"wp:attachment":[{"href":"https:\/\/www.ahmadiyya-islam.org\/al\/wp-json\/wp\/v2\/media?parent=6162"}],"wp:term":[{"taxonomy":"category","embeddable":true,"href":"https:\/\/www.ahmadiyya-islam.org\/al\/wp-json\/wp\/v2\/categories?post=6162"},{"taxonomy":"post_tag","embeddable":true,"href":"https:\/\/www.ahmadiyya-islam.org\/al\/wp-json\/wp\/v2\/tags?post=6162"},{"taxonomy":"authors","embeddable":true,"href":"https:\/\/www.ahmadiyya-islam.org\/al\/wp-json\/wp\/v2\/authors?post=6162"},{"taxonomy":"content_source","embeddable":true,"href":"https:\/\/www.ahmadiyya-islam.org\/al\/wp-json\/wp\/v2\/content_source?post=6162"}],"curies":[{"name":"wp","href":"https:\/\/api.w.org\/{rel}","templated":true}]}}