{"id":5625,"date":"2016-08-01T12:04:27","date_gmt":"2016-08-01T12:04:27","guid":{"rendered":"http:\/\/www.ahmadiyya-islam.org\/al\/?p=5625"},"modified":"2016-08-01T12:43:45","modified_gmt":"2016-08-01T12:43:45","slug":"udheheqesi-boteror-ahmedia-denon-sulmet-terroriste-ne-evrope","status":"publish","type":"post","link":"https:\/\/www.ahmadiyya-islam.org\/al\/njoftim-per-shtyp\/udheheqesi-boteror-ahmedia-denon-sulmet-terroriste-ne-evrope\/","title":{"rendered":"Udh\u00ebheq\u00ebsi bot\u00ebror i Xhematit Musliman Ahmedia d\u00ebnon sulmet terroriste n\u00eb Evrop\u00eb dhe b\u00ebn thirrje p\u00ebr paqen"},"content":{"rendered":"<ul>\n<li>Hazret Mirza Masrur Ahmed komentoi trazirat e vendeve muslimane dhe situat\u00ebn politike t\u00eb Turqis\u00eb<\/li>\n<li>Ai p\u00ebrkrah deklarat\u00ebn e Pap\u00ebs Fran\u00e7esku se mizorit\u00eb e koh\u00ebs s\u00eb sotme nuk jan\u00eb nj\u00eb luft\u00eb fetare<\/li>\n<\/ul>\n<p>Udh\u00ebheq\u00ebsi bot\u00ebror i Xhematit Musliman Ahmedia, Hazret Mirza Masrur Ahmed u b\u00ebri thirrje vendeve islamike t\u2019u rikthehen m\u00ebsimeve t\u00eb v\u00ebrteta t\u00eb Islamit, q\u00eb jan\u00eb t\u00eb paqes.<\/p>\n<p>N\u00eb predikimin e tij t\u00eb s\u00eb premtes, t\u00eb mbajtur m\u00eb 29 korrik 2016, n\u00eb xhamin\u00eb Bejtul-Futuh t\u00eb Londr\u00ebs, Shenjt\u00ebria e tij pohoi se bota po p\u00ebrballet me nj\u00eb koh\u00eb tep\u00ebr t\u00eb pasigurt dhe sfiduese. Nd\u00ebrsa p\u00ebr sulmet terroriste q\u00eb jan\u00eb b\u00ebr\u00eb dit\u00ebt e fundit n\u00eb Evrop\u00eb, ai tha se jan\u00eb krejt\u00ebsisht kund\u00ebr m\u00ebsimeve t\u00eb Islamit.<\/p>\n<p>N\u00eb fjalimin e tij, ai gjithashtu trajtoi tentativ\u00ebn e b\u00ebr\u00eb p\u00ebr grusht shteti n\u00eb Turqi, si dhe situat\u00ebn e brisht\u00eb me t\u00eb cil\u00ebn po p\u00ebrballet vendet e tjera muslimane.<\/p>\n<p>P\u00ebr situat\u00ebn e krijuar n\u00eb Turqi, Hazret Mirza Masrur Ahmed tha:<\/p>\n<blockquote><p><strong>Tentativa p\u00ebr grusht shteti q\u00eb u b\u00eb n\u00eb Turqi dit\u00ebt e fundit, padyshim q\u00eb nuk mund t\u00eb p\u00ebrligjet n\u00eb asnj\u00eb m\u00ebnyr\u00eb me m\u00ebsimet islame, por edhe masat q\u00eb ka marr\u00eb dhe po i merr qeveria, gjithashtu jan\u00eb mizore. Po ndiqen penalisht edhe ata kund\u00ebrshtar\u00eb t\u00eb qeveris\u00eb, t\u00eb cil\u00ebt nuk jan\u00eb pjes\u00eb e pu\u00e7it. Vet\u00eb p\u00ebrvoja e tyre tregon se veprimet e tilla her\u00ebt\u00a0ose von\u00eb e kan\u00eb nj\u00eb reaksion, megjithat\u00eb, ata po vijojn\u00eb mizorit\u00eb e tyre.<\/strong><\/p><\/blockquote>\n<p>Duke folur p\u00ebr rritjen e paq\u00ebndrueshm\u00ebris\u00eb n\u00eb bot\u00ebn muslimane, ai tha:<\/p>\n<blockquote><p><strong>Fuqia e vendeve islamike po dob\u00ebsohet \u00e7do dit\u00eb e m\u00eb shum\u00eb. Shkaku kryesor i k\u00ebsaj r\u00ebnieje \u00ebsht\u00eb q\u00eb krer\u00ebt dhe t\u00eb ashtuquajturit dijetar\u00eb t\u00eb k\u00ebtyre vendeve nuk i kan\u00eb parasysh m\u00ebsimet e v\u00ebrteta t\u00eb Islamit, madje ata po i drejton kombet e tyre drejt nj\u00eb rruge shkat\u00ebrrimtare.<\/strong><\/p><\/blockquote>\n<p>Shenjt\u00ebria e tij vijoi:<\/p>\n<p><strong>Shohim kaos dhe trazir\u00eb n\u00eb \u00e7do vend musliman, p\u00ebr arsye se lider\u00ebt u japin p\u00ebrpar\u00ebsi vet\u00ebm interesave t\u00eb tyre vetjake mbi interesat e popujve dhe t\u00eb kombeve t\u00eb tyre.<\/strong><\/p>\n<p>Shenjt\u00ebria e tij gjithashtu tha se nga trazirat n\u00eb vendet muslimane po p\u00ebrfitojn\u00eb ata q\u00eb e kund\u00ebrshtojn\u00eb Islamin, andaj, n\u00eb vend q\u00eb t\u00eb shkat\u00ebrrojn\u00eb nj\u00ebri-tjetrin, musliman\u00ebt duhet t\u00eb bashkohen p\u00ebr paqen.<\/p>\n<p>Hazret Mirza Masrur Ahmed tha:<\/p>\n<blockquote><p><strong>Bota muslimane dhe krer\u00ebt e saj nuk kan\u00eb marr\u00eb m\u00ebsim nga e kaluara e af\u00ebrt. Ata e kan\u00eb par\u00eb \u00e7far\u00eb ndodhi n\u00eb Irak, Libi, Siri etj., q\u00eb, si k\u00ebto vende jan\u00eb shp\u00ebrb\u00ebr\u00eb dhe se si u \u00ebsht\u00eb shkat\u00ebrruar e ardhmja. Lider\u00ebt musliman\u00eb duhet t\u00eb reflektojn\u00eb sa m\u00eb shpejt p\u00ebr k\u00ebta shembuj dhe t\u00eb pyesin veten: Kush p\u00ebrfiton nga trazirat dhe kaosi i bot\u00ebs muslimane?<\/strong><\/p><\/blockquote>\n<p>Duke folur p\u00ebr sulmet e fundit terroriste n\u00eb Evrop\u00eb, Shenjt\u00ebria e tij tha se sulmet e tilla jan\u00eb nj\u00eb devijim total nga m\u00ebsimet e Islamit. P\u00ebr shembull, ai tha, n\u00eb Franc\u00eb, vrasja e priftit At\u00eb Jacques Hamel ishte <strong>\u201cnj\u00eb veprim i neveritsh\u00ebm dhe krejt\u00ebsisht kund\u00ebr m\u00ebsimeve t\u00eb Islamit\u201d<\/strong>.<\/p>\n<p>Hazret Mirza Masrur Ahmed tha:<\/p>\n<blockquote><p><strong>N\u00eb vendet per\u00ebndimore, organizatat terroriste jan\u00eb t\u00eb z\u00ebn\u00eb p\u00ebr t\u00eb njollosur Islamin, duke vrar\u00eb njer\u00ebz t\u00eb pafajsh\u00ebm me sulme jasht\u00ebzakonisht mizore e barbare. &#8230; Terrorist\u00ebt nuk kan\u00eb asnj\u00eb njohuri rreth Islamit, sepse p\u00ebrndryshe, do t\u00eb dinin shum\u00eb mir\u00eb q\u00eb Profeti Muhammed (paqja qoft\u00eb mbi t\u00eb) ka ndaluar rrept\u00ebsisht\u00eb t\u00eb q\u00ebllosh njer\u00ebzit e pafajsh\u00ebm, f\u00ebmij\u00ebt, grat\u00eb dhe pleqt\u00eb dhe, gjithashtu, ka porositur q\u00eb klerik\u00ebt fetar\u00eb dhe faltoret, pra, prift\u00ebrinjt\u00eb dhe kishat, t\u00eb mos cenohen n\u00eb asnj\u00eb m\u00ebnyr\u00eb.<\/strong><\/p><\/blockquote>\n<p>Ai vijoi duke th\u00ebn\u00eb:<\/p>\n<blockquote><p><strong>E vetmja gj\u00eb q\u00eb terrorist\u00ebt po b\u00ebjn\u00eb, \u00ebsht\u00eb q\u00eb i shkelin t\u00ebr\u00ebsisht m\u00ebsimet e Kuranit t\u00eb Shenjt\u00eb dhe ato t\u00eb Profetit Muhammed (paqja qoft\u00eb mbi t\u00eb). Le t\u00eb jet\u00eb e qart\u00eb se ata nuk po e praktikojn\u00eb Islamin, p\u00ebrkundrazi, duket sikur kan\u00eb sajuar nj\u00eb fe t\u00eb tyre, t\u00eb mbushur me helm e vrer. <\/strong><\/p><\/blockquote>\n<p>Duke shpjeguar kuptimin e fjal\u00ebs \u201cislam\u201d, Hazret Mirza Masrur Ahmed tha:<\/p>\n<p>Zoti i Madh\u00ebrish\u00ebm fen\u00eb ton\u00eb e ka quajtur \u201cIslam\u201d, q\u00eb, fjal\u00eb p\u00ebr fjal\u00eb do t\u00eb thot\u00eb paqe. Andaj, vet\u00eb emri i k\u00ebsaj feje d\u00ebnon t\u00eb gjitha format e terrorizmit, t\u00eb ekstremizmit dhe t\u00eb imponimit. Madje, Islami \u00ebsht\u00eb nj\u00eb pishtar i paqes, i liris\u00eb, i dashuris\u00eb dhe i siguris\u00eb p\u00ebr mbar\u00eb njer\u00ebzimin.<\/p>\n<p>Shenjt\u00ebria e tij gjithashtu p\u00ebrkrahu komentet e Papa Fran\u00e7eskut, n\u00eb t\u00eb cilat, Papa tha: <strong>\u201cbota \u00ebsht\u00eb n\u00eb prag t\u00eb luft\u00ebs, por kjo nuk \u00ebsht\u00eb nj\u00eb luft\u00eb fetare\u201d.<\/strong> Hazret Mirza Masrur Ahmed tha se Papa ka t\u00eb drejt\u00eb n\u00eb p\u00ebrcaktimet e tij kur thot\u00eb se luft\u00ebrat e k\u00ebsaj kohe nuk udh\u00ebhiqen nga feja, por nga lakmia dhe d\u00ebshira p\u00ebr t\u00eb pasur pasuri dhe pushtet.<\/p>\n<p>N\u00eb fund t\u00eb fjalimit t\u00eb tij, duke iu drejtuar musliman\u00ebve ahmedian\u00eb, Shenjt\u00ebria e tij tha se musliman\u00ebt ahmedian\u00eb kan\u00eb p\u00ebrgjegj\u00ebsi t\u00eb madhe t\u00eb luftojn\u00eb terrorizmin, duke p\u00ebrhapur m\u00ebsimet e v\u00ebrteta dhe paq\u00ebsore t\u00eb Islamit, si me sjelljen personale, ashtu edhe duke p\u00ebrdorur median dhe platformat e tjera t\u00eb p\u00ebrshtatshme.<\/p>\n<p>Hazret Mirza Masrur Ahmed tha:<\/p>\n<blockquote><p><strong>Shp\u00ebrndani paqen n\u00eb t\u00eb gjitha shtresat e shoq\u00ebris\u00eb. P\u00ebrhapni dashurin\u00eb tek i gjith\u00eb njer\u00ebzimi. Sillni njer\u00ebzit drejt Zotit t\u00eb Madh\u00ebrish\u00ebm dhe Profeti i Shenjt\u00eb i Islamit, duke ua fituar zemrat me an\u00eb t\u00eb dashuris\u00eb, t\u00eb m\u00ebshir\u00ebs dhe t\u00eb dhembshuris\u00eb.<\/strong><\/p><\/blockquote>\n<p>Shenjt\u00ebria e tij gjithashtu i porositi musliman\u00ebt ahmedian\u00eb se \u00ebsht\u00eb shum\u00eb e nevojshme q\u00eb ata t\u00eb luten shum\u00eb p\u00ebr paqen n\u00eb bot\u00eb.<\/p>\n","protected":false},"excerpt":{"rendered":"<p>Hazret Mirza Masrur Ahmed komentoi trazirat e vendeve muslimane dhe situat\u00ebn politike t\u00eb Turqis\u00eb. Ai p\u00ebrkrah deklarat\u00ebn e Pap\u00ebs Fran\u00e7esku se mizorit\u00eb e koh\u00ebs s\u00eb sotme nuk jan\u00eb nj\u00eb luft\u00eb fetare.<\/p>\n","protected":false},"author":5,"featured_media":5620,"comment_status":"closed","ping_status":"closed","sticky":false,"template":"","format":"standard","meta":{"_acf_changed":false,"footnotes":""},"categories":[11],"tags":[],"authors":[],"content_source":[],"class_list":["post-5625","post","type-post","status-publish","format-standard","has-post-thumbnail","hentry","category-njoftim-per-shtyp","topics-paqja-globale","topics-terrorizmi","topics-umeti-musliman"],"acf":[],"yoast_head":"<!-- This site is optimized with the Yoast SEO Premium plugin v21.1 (Yoast SEO v27.4) - https:\/\/yoast.com\/product\/yoast-seo-premium-wordpress\/ -->\n<title>Udh\u00ebheq\u00ebsi bot\u00ebror i Xhematit Ahmedia d\u00ebnon sulmet terroriste n\u00eb Evrop\u00eb<\/title>\n<meta name=\"description\" content=\"Hazret Mirza Masrur Ahmed komentoi trazirat e vendeve muslimane dhe situat\u00ebn politike t\u00eb Turqis\u00eb. Ai p\u00ebrkrah deklarat\u00ebn e Pap\u00ebs Fran\u00e7esku ...\" \/>\n<meta name=\"robots\" content=\"index, follow, max-snippet:-1, max-image-preview:large, max-video-preview:-1\" \/>\n<link rel=\"canonical\" href=\"https:\/\/www.ahmadiyya-islam.org\/al\/njoftim-per-shtyp\/udheheqesi-boteror-ahmedia-denon-sulmet-terroriste-ne-evrope\/\" \/>\n<meta property=\"og:locale\" content=\"sq_AL\" \/>\n<meta property=\"og:type\" content=\"article\" \/>\n<meta property=\"og:title\" content=\"Udh\u00ebheq\u00ebsi bot\u00ebror i Xhematit Musliman Ahmedia d\u00ebnon sulmet terroriste n\u00eb Evrop\u00eb dhe b\u00ebn thirrje p\u00ebr paqen\" \/>\n<meta property=\"og:description\" content=\"Hazret Mirza Masrur Ahmed komentoi trazirat e vendeve muslimane dhe situat\u00ebn politike t\u00eb Turqis\u00eb. Ai p\u00ebrkrah deklarat\u00ebn e Pap\u00ebs Fran\u00e7esku ...\" \/>\n<meta property=\"og:url\" content=\"https:\/\/www.ahmadiyya-islam.org\/al\/njoftim-per-shtyp\/udheheqesi-boteror-ahmedia-denon-sulmet-terroriste-ne-evrope\/\" \/>\n<meta property=\"og:site_name\" content=\"Xhemati Musliman Ahmedia\" \/>\n<meta property=\"article:published_time\" content=\"2016-08-01T12:04:27+00:00\" \/>\n<meta property=\"article:modified_time\" content=\"2016-08-01T12:43:45+00:00\" \/>\n<meta property=\"og:image\" content=\"https:\/\/www.ahmadiyya-islam.org\/al\/wp-content\/uploads\/sites\/3\/2016\/07\/perla-urtesie-nga-hazret-kalifi-1.jpg\" \/>\n\t<meta property=\"og:image:width\" content=\"1280\" \/>\n\t<meta property=\"og:image:height\" content=\"720\" \/>\n\t<meta property=\"og:image:type\" content=\"image\/jpeg\" \/>\n<meta name=\"author\" content=\"samad\" \/>\n<meta name=\"twitter:card\" content=\"summary_large_image\" \/>\n<meta name=\"twitter:label1\" content=\"Written by\" \/>\n\t<meta name=\"twitter:data1\" content=\"samad\" \/>\n\t<meta name=\"twitter:label2\" content=\"Est. reading time\" \/>\n\t<meta name=\"twitter:data2\" content=\"5 minutes\" \/>\n<script type=\"application\/ld+json\" class=\"yoast-schema-graph\">{\"@context\":\"https:\\\/\\\/schema.org\",\"@graph\":[{\"@type\":\"Article\",\"@id\":\"https:\\\/\\\/www.ahmadiyya-islam.org\\\/al\\\/njoftim-per-shtyp\\\/udheheqesi-boteror-ahmedia-denon-sulmet-terroriste-ne-evrope\\\/#article\",\"isPartOf\":{\"@id\":\"https:\\\/\\\/www.ahmadiyya-islam.org\\\/al\\\/njoftim-per-shtyp\\\/udheheqesi-boteror-ahmedia-denon-sulmet-terroriste-ne-evrope\\\/\"},\"author\":{\"name\":\"samad\",\"@id\":\"https:\\\/\\\/www.ahmadiyya-islam.org\\\/al\\\/#\\\/schema\\\/person\\\/5f18f059fde6d65fbdbffcced4741b8d\"},\"headline\":\"Udh\u00ebheq\u00ebsi bot\u00ebror i Xhematit Musliman Ahmedia d\u00ebnon sulmet terroriste n\u00eb Evrop\u00eb dhe b\u00ebn thirrje p\u00ebr paqen\",\"datePublished\":\"2016-08-01T12:04:27+00:00\",\"dateModified\":\"2016-08-01T12:43:45+00:00\",\"mainEntityOfPage\":{\"@id\":\"https:\\\/\\\/www.ahmadiyya-islam.org\\\/al\\\/njoftim-per-shtyp\\\/udheheqesi-boteror-ahmedia-denon-sulmet-terroriste-ne-evrope\\\/\"},\"wordCount\":1016,\"image\":{\"@id\":\"https:\\\/\\\/www.ahmadiyya-islam.org\\\/al\\\/njoftim-per-shtyp\\\/udheheqesi-boteror-ahmedia-denon-sulmet-terroriste-ne-evrope\\\/#primaryimage\"},\"thumbnailUrl\":\"https:\\\/\\\/www.ahmadiyya-islam.org\\\/al\\\/wp-content\\\/uploads\\\/sites\\\/3\\\/2016\\\/07\\\/perla-urtesie-nga-hazret-kalifi-1.jpg\",\"articleSection\":[\"Njoftim p\u00ebr shtyp\"],\"inLanguage\":\"sq-AL\"},{\"@type\":\"WebPage\",\"@id\":\"https:\\\/\\\/www.ahmadiyya-islam.org\\\/al\\\/njoftim-per-shtyp\\\/udheheqesi-boteror-ahmedia-denon-sulmet-terroriste-ne-evrope\\\/\",\"url\":\"https:\\\/\\\/www.ahmadiyya-islam.org\\\/al\\\/njoftim-per-shtyp\\\/udheheqesi-boteror-ahmedia-denon-sulmet-terroriste-ne-evrope\\\/\",\"name\":\"Udh\u00ebheq\u00ebsi bot\u00ebror i Xhematit Ahmedia d\u00ebnon sulmet terroriste n\u00eb Evrop\u00eb\",\"isPartOf\":{\"@id\":\"https:\\\/\\\/www.ahmadiyya-islam.org\\\/al\\\/#website\"},\"primaryImageOfPage\":{\"@id\":\"https:\\\/\\\/www.ahmadiyya-islam.org\\\/al\\\/njoftim-per-shtyp\\\/udheheqesi-boteror-ahmedia-denon-sulmet-terroriste-ne-evrope\\\/#primaryimage\"},\"image\":{\"@id\":\"https:\\\/\\\/www.ahmadiyya-islam.org\\\/al\\\/njoftim-per-shtyp\\\/udheheqesi-boteror-ahmedia-denon-sulmet-terroriste-ne-evrope\\\/#primaryimage\"},\"thumbnailUrl\":\"https:\\\/\\\/www.ahmadiyya-islam.org\\\/al\\\/wp-content\\\/uploads\\\/sites\\\/3\\\/2016\\\/07\\\/perla-urtesie-nga-hazret-kalifi-1.jpg\",\"datePublished\":\"2016-08-01T12:04:27+00:00\",\"dateModified\":\"2016-08-01T12:43:45+00:00\",\"author\":{\"@id\":\"https:\\\/\\\/www.ahmadiyya-islam.org\\\/al\\\/#\\\/schema\\\/person\\\/5f18f059fde6d65fbdbffcced4741b8d\"},\"description\":\"Hazret Mirza Masrur Ahmed komentoi trazirat e vendeve muslimane dhe situat\u00ebn politike t\u00eb Turqis\u00eb. Ai p\u00ebrkrah deklarat\u00ebn e Pap\u00ebs Fran\u00e7esku ...\",\"breadcrumb\":{\"@id\":\"https:\\\/\\\/www.ahmadiyya-islam.org\\\/al\\\/njoftim-per-shtyp\\\/udheheqesi-boteror-ahmedia-denon-sulmet-terroriste-ne-evrope\\\/#breadcrumb\"},\"inLanguage\":\"sq-AL\",\"potentialAction\":[{\"@type\":\"ReadAction\",\"target\":[\"https:\\\/\\\/www.ahmadiyya-islam.org\\\/al\\\/njoftim-per-shtyp\\\/udheheqesi-boteror-ahmedia-denon-sulmet-terroriste-ne-evrope\\\/\"]}]},{\"@type\":\"ImageObject\",\"inLanguage\":\"sq-AL\",\"@id\":\"https:\\\/\\\/www.ahmadiyya-islam.org\\\/al\\\/njoftim-per-shtyp\\\/udheheqesi-boteror-ahmedia-denon-sulmet-terroriste-ne-evrope\\\/#primaryimage\",\"url\":\"https:\\\/\\\/www.ahmadiyya-islam.org\\\/al\\\/wp-content\\\/uploads\\\/sites\\\/3\\\/2016\\\/07\\\/perla-urtesie-nga-hazret-kalifi-1.jpg\",\"contentUrl\":\"https:\\\/\\\/www.ahmadiyya-islam.org\\\/al\\\/wp-content\\\/uploads\\\/sites\\\/3\\\/2016\\\/07\\\/perla-urtesie-nga-hazret-kalifi-1.jpg\",\"width\":1280,\"height\":720},{\"@type\":\"BreadcrumbList\",\"@id\":\"https:\\\/\\\/www.ahmadiyya-islam.org\\\/al\\\/njoftim-per-shtyp\\\/udheheqesi-boteror-ahmedia-denon-sulmet-terroriste-ne-evrope\\\/#breadcrumb\",\"itemListElement\":[{\"@type\":\"ListItem\",\"position\":1,\"name\":\"Home\",\"item\":\"https:\\\/\\\/www.ahmadiyya-islam.org\\\/al\\\/\"},{\"@type\":\"ListItem\",\"position\":2,\"name\":\"Udh\u00ebheq\u00ebsi bot\u00ebror i Xhematit Musliman Ahmedia d\u00ebnon sulmet terroriste n\u00eb Evrop\u00eb dhe b\u00ebn thirrje p\u00ebr paqen\"}]},{\"@type\":\"WebSite\",\"@id\":\"https:\\\/\\\/www.ahmadiyya-islam.org\\\/al\\\/#website\",\"url\":\"https:\\\/\\\/www.ahmadiyya-islam.org\\\/al\\\/\",\"name\":\"Xhemati Musliman Ahmedia\",\"description\":\"Albania\",\"potentialAction\":[{\"@type\":\"SearchAction\",\"target\":{\"@type\":\"EntryPoint\",\"urlTemplate\":\"https:\\\/\\\/www.ahmadiyya-islam.org\\\/al\\\/?s={search_term_string}\"},\"query-input\":{\"@type\":\"PropertyValueSpecification\",\"valueRequired\":true,\"valueName\":\"search_term_string\"}}],\"inLanguage\":\"sq-AL\"},{\"@type\":\"Person\",\"@id\":\"https:\\\/\\\/www.ahmadiyya-islam.org\\\/al\\\/#\\\/schema\\\/person\\\/5f18f059fde6d65fbdbffcced4741b8d\",\"name\":\"samad\"}]}<\/script>\n<!-- \/ Yoast SEO Premium plugin. -->","yoast_head_json":{"title":"Udh\u00ebheq\u00ebsi bot\u00ebror i Xhematit Ahmedia d\u00ebnon sulmet terroriste n\u00eb Evrop\u00eb","description":"Hazret Mirza Masrur Ahmed komentoi trazirat e vendeve muslimane dhe situat\u00ebn politike t\u00eb Turqis\u00eb. Ai p\u00ebrkrah deklarat\u00ebn e Pap\u00ebs Fran\u00e7esku ...","robots":{"index":"index","follow":"follow","max-snippet":"max-snippet:-1","max-image-preview":"max-image-preview:large","max-video-preview":"max-video-preview:-1"},"canonical":"https:\/\/www.ahmadiyya-islam.org\/al\/njoftim-per-shtyp\/udheheqesi-boteror-ahmedia-denon-sulmet-terroriste-ne-evrope\/","og_locale":"sq_AL","og_type":"article","og_title":"Udh\u00ebheq\u00ebsi bot\u00ebror i Xhematit Musliman Ahmedia d\u00ebnon sulmet terroriste n\u00eb Evrop\u00eb dhe b\u00ebn thirrje p\u00ebr paqen","og_description":"Hazret Mirza Masrur Ahmed komentoi trazirat e vendeve muslimane dhe situat\u00ebn politike t\u00eb Turqis\u00eb. Ai p\u00ebrkrah deklarat\u00ebn e Pap\u00ebs Fran\u00e7esku ...","og_url":"https:\/\/www.ahmadiyya-islam.org\/al\/njoftim-per-shtyp\/udheheqesi-boteror-ahmedia-denon-sulmet-terroriste-ne-evrope\/","og_site_name":"Xhemati Musliman Ahmedia","article_published_time":"2016-08-01T12:04:27+00:00","article_modified_time":"2016-08-01T12:43:45+00:00","og_image":[{"width":1280,"height":720,"url":"https:\/\/www.ahmadiyya-islam.org\/al\/wp-content\/uploads\/sites\/3\/2016\/07\/perla-urtesie-nga-hazret-kalifi-1.jpg","type":"image\/jpeg"}],"author":"samad","twitter_card":"summary_large_image","twitter_misc":{"Written by":"samad","Est. reading time":"5 minutes"},"schema":{"@context":"https:\/\/schema.org","@graph":[{"@type":"Article","@id":"https:\/\/www.ahmadiyya-islam.org\/al\/njoftim-per-shtyp\/udheheqesi-boteror-ahmedia-denon-sulmet-terroriste-ne-evrope\/#article","isPartOf":{"@id":"https:\/\/www.ahmadiyya-islam.org\/al\/njoftim-per-shtyp\/udheheqesi-boteror-ahmedia-denon-sulmet-terroriste-ne-evrope\/"},"author":{"name":"samad","@id":"https:\/\/www.ahmadiyya-islam.org\/al\/#\/schema\/person\/5f18f059fde6d65fbdbffcced4741b8d"},"headline":"Udh\u00ebheq\u00ebsi bot\u00ebror i Xhematit Musliman Ahmedia d\u00ebnon sulmet terroriste n\u00eb Evrop\u00eb dhe b\u00ebn thirrje p\u00ebr paqen","datePublished":"2016-08-01T12:04:27+00:00","dateModified":"2016-08-01T12:43:45+00:00","mainEntityOfPage":{"@id":"https:\/\/www.ahmadiyya-islam.org\/al\/njoftim-per-shtyp\/udheheqesi-boteror-ahmedia-denon-sulmet-terroriste-ne-evrope\/"},"wordCount":1016,"image":{"@id":"https:\/\/www.ahmadiyya-islam.org\/al\/njoftim-per-shtyp\/udheheqesi-boteror-ahmedia-denon-sulmet-terroriste-ne-evrope\/#primaryimage"},"thumbnailUrl":"https:\/\/www.ahmadiyya-islam.org\/al\/wp-content\/uploads\/sites\/3\/2016\/07\/perla-urtesie-nga-hazret-kalifi-1.jpg","articleSection":["Njoftim p\u00ebr shtyp"],"inLanguage":"sq-AL"},{"@type":"WebPage","@id":"https:\/\/www.ahmadiyya-islam.org\/al\/njoftim-per-shtyp\/udheheqesi-boteror-ahmedia-denon-sulmet-terroriste-ne-evrope\/","url":"https:\/\/www.ahmadiyya-islam.org\/al\/njoftim-per-shtyp\/udheheqesi-boteror-ahmedia-denon-sulmet-terroriste-ne-evrope\/","name":"Udh\u00ebheq\u00ebsi bot\u00ebror i Xhematit Ahmedia d\u00ebnon sulmet terroriste n\u00eb Evrop\u00eb","isPartOf":{"@id":"https:\/\/www.ahmadiyya-islam.org\/al\/#website"},"primaryImageOfPage":{"@id":"https:\/\/www.ahmadiyya-islam.org\/al\/njoftim-per-shtyp\/udheheqesi-boteror-ahmedia-denon-sulmet-terroriste-ne-evrope\/#primaryimage"},"image":{"@id":"https:\/\/www.ahmadiyya-islam.org\/al\/njoftim-per-shtyp\/udheheqesi-boteror-ahmedia-denon-sulmet-terroriste-ne-evrope\/#primaryimage"},"thumbnailUrl":"https:\/\/www.ahmadiyya-islam.org\/al\/wp-content\/uploads\/sites\/3\/2016\/07\/perla-urtesie-nga-hazret-kalifi-1.jpg","datePublished":"2016-08-01T12:04:27+00:00","dateModified":"2016-08-01T12:43:45+00:00","author":{"@id":"https:\/\/www.ahmadiyya-islam.org\/al\/#\/schema\/person\/5f18f059fde6d65fbdbffcced4741b8d"},"description":"Hazret Mirza Masrur Ahmed komentoi trazirat e vendeve muslimane dhe situat\u00ebn politike t\u00eb Turqis\u00eb. Ai p\u00ebrkrah deklarat\u00ebn e Pap\u00ebs Fran\u00e7esku ...","breadcrumb":{"@id":"https:\/\/www.ahmadiyya-islam.org\/al\/njoftim-per-shtyp\/udheheqesi-boteror-ahmedia-denon-sulmet-terroriste-ne-evrope\/#breadcrumb"},"inLanguage":"sq-AL","potentialAction":[{"@type":"ReadAction","target":["https:\/\/www.ahmadiyya-islam.org\/al\/njoftim-per-shtyp\/udheheqesi-boteror-ahmedia-denon-sulmet-terroriste-ne-evrope\/"]}]},{"@type":"ImageObject","inLanguage":"sq-AL","@id":"https:\/\/www.ahmadiyya-islam.org\/al\/njoftim-per-shtyp\/udheheqesi-boteror-ahmedia-denon-sulmet-terroriste-ne-evrope\/#primaryimage","url":"https:\/\/www.ahmadiyya-islam.org\/al\/wp-content\/uploads\/sites\/3\/2016\/07\/perla-urtesie-nga-hazret-kalifi-1.jpg","contentUrl":"https:\/\/www.ahmadiyya-islam.org\/al\/wp-content\/uploads\/sites\/3\/2016\/07\/perla-urtesie-nga-hazret-kalifi-1.jpg","width":1280,"height":720},{"@type":"BreadcrumbList","@id":"https:\/\/www.ahmadiyya-islam.org\/al\/njoftim-per-shtyp\/udheheqesi-boteror-ahmedia-denon-sulmet-terroriste-ne-evrope\/#breadcrumb","itemListElement":[{"@type":"ListItem","position":1,"name":"Home","item":"https:\/\/www.ahmadiyya-islam.org\/al\/"},{"@type":"ListItem","position":2,"name":"Udh\u00ebheq\u00ebsi bot\u00ebror i Xhematit Musliman Ahmedia d\u00ebnon sulmet terroriste n\u00eb Evrop\u00eb dhe b\u00ebn thirrje p\u00ebr paqen"}]},{"@type":"WebSite","@id":"https:\/\/www.ahmadiyya-islam.org\/al\/#website","url":"https:\/\/www.ahmadiyya-islam.org\/al\/","name":"Xhemati Musliman Ahmedia","description":"Albania","potentialAction":[{"@type":"SearchAction","target":{"@type":"EntryPoint","urlTemplate":"https:\/\/www.ahmadiyya-islam.org\/al\/?s={search_term_string}"},"query-input":{"@type":"PropertyValueSpecification","valueRequired":true,"valueName":"search_term_string"}}],"inLanguage":"sq-AL"},{"@type":"Person","@id":"https:\/\/www.ahmadiyya-islam.org\/al\/#\/schema\/person\/5f18f059fde6d65fbdbffcced4741b8d","name":"samad"}]}},"_links":{"self":[{"href":"https:\/\/www.ahmadiyya-islam.org\/al\/wp-json\/wp\/v2\/posts\/5625","targetHints":{"allow":["GET"]}}],"collection":[{"href":"https:\/\/www.ahmadiyya-islam.org\/al\/wp-json\/wp\/v2\/posts"}],"about":[{"href":"https:\/\/www.ahmadiyya-islam.org\/al\/wp-json\/wp\/v2\/types\/post"}],"author":[{"embeddable":true,"href":"https:\/\/www.ahmadiyya-islam.org\/al\/wp-json\/wp\/v2\/users\/5"}],"replies":[{"embeddable":true,"href":"https:\/\/www.ahmadiyya-islam.org\/al\/wp-json\/wp\/v2\/comments?post=5625"}],"version-history":[{"count":0,"href":"https:\/\/www.ahmadiyya-islam.org\/al\/wp-json\/wp\/v2\/posts\/5625\/revisions"}],"wp:featuredmedia":[{"embeddable":true,"href":"https:\/\/www.ahmadiyya-islam.org\/al\/wp-json\/wp\/v2\/media\/5620"}],"wp:attachment":[{"href":"https:\/\/www.ahmadiyya-islam.org\/al\/wp-json\/wp\/v2\/media?parent=5625"}],"wp:term":[{"taxonomy":"category","embeddable":true,"href":"https:\/\/www.ahmadiyya-islam.org\/al\/wp-json\/wp\/v2\/categories?post=5625"},{"taxonomy":"post_tag","embeddable":true,"href":"https:\/\/www.ahmadiyya-islam.org\/al\/wp-json\/wp\/v2\/tags?post=5625"},{"taxonomy":"authors","embeddable":true,"href":"https:\/\/www.ahmadiyya-islam.org\/al\/wp-json\/wp\/v2\/authors?post=5625"},{"taxonomy":"content_source","embeddable":true,"href":"https:\/\/www.ahmadiyya-islam.org\/al\/wp-json\/wp\/v2\/content_source?post=5625"}],"curies":[{"name":"wp","href":"https:\/\/api.w.org\/{rel}","templated":true}]}}