{"id":4796,"date":"2016-05-10T20:52:20","date_gmt":"2016-05-10T20:52:20","guid":{"rendered":"http:\/\/www.ahmadiyya-islam.org\/al\/?p=4796"},"modified":"2016-05-10T20:52:20","modified_gmt":"2016-05-10T20:52:20","slug":"ftese-ne-komunen-e-hvidovre-danimarka","status":"publish","type":"post","link":"https:\/\/www.ahmadiyya-islam.org\/al\/njoftim-per-shtyp\/ftese-ne-komunen-e-hvidovre-danimarka\/","title":{"rendered":"Udh\u00ebheq\u00ebsi i Xhematit Ahmedia u mir\u00ebprit nga Kryetarja e Komun\u00ebs s\u00eb Hvidovre, Danimarka"},"content":{"rendered":"<p>Danimarka &#8211; Me 5 Maj 2016, udh\u00ebheq\u00ebsi bot\u00ebror i Xhematit Musliman Ahmedia, Kalifi i pest\u00eb, Hazret Mirza Masrur Ahmedi u mir\u00ebprit n\u00eb Danimark\u00eb nga Z. Helle Adelborg, Kryetarja e komun\u00ebs s\u00eb Hvidovre dhe k\u00ebshilltar\u00ebt Annette Sjobeck, Maria Durhuus, Kenneth Christensen dhe Kashif Ahmad.<\/p>\n<p><strong>Gjat\u00eb mbledhjes, Hazret Mirza Masrur Ahmedi tha se vendosja e paqes n\u00eb bot\u00eb \u00ebsht\u00eb \u00e7\u00ebshtja kritike a koh\u00ebs.<\/strong><\/p>\n<p><img loading=\"lazy\" decoding=\"async\" class=\"aligncenter size-full wp-image-4798\" src=\"http:\/\/www.ahmadiyya-islam.org\/al\/wp-content\/uploads\/sites\/3\/2016\/05\/2016-05-05-DK-Mayor-Invite-001.jpg\" alt=\"Danimarka\" width=\"1000\" height=\"465\" srcset=\"https:\/\/www.ahmadiyya-islam.org\/al\/wp-content\/uploads\/sites\/3\/2016\/05\/2016-05-05-DK-Mayor-Invite-001.jpg 1000w, https:\/\/www.ahmadiyya-islam.org\/al\/wp-content\/uploads\/sites\/3\/2016\/05\/2016-05-05-DK-Mayor-Invite-001-300x140.jpg 300w, https:\/\/www.ahmadiyya-islam.org\/al\/wp-content\/uploads\/sites\/3\/2016\/05\/2016-05-05-DK-Mayor-Invite-001-768x357.jpg 768w\" sizes=\"auto, (max-width: 1000px) 100vw, 1000px\" \/>Gjat\u00eb mbledhjes 30 minut\u00ebshe q\u00eb u mbajt n\u00eb xhamin\u00eb \u201cNusret Xhehan\u201d n\u00eb Kopenhag, Kreytarja deklaroi se ishte<\/p>\n<blockquote><p><strong>\u201cnj\u00eb nder i madh dhe burim i krenaris\u00eb\u201d<\/strong><\/p><\/blockquote>\n<p>dhe se do ta mir\u00ebpriste\u00a0Shenjt\u00ebrin\u00eb e tij s\u00ebrish n\u00eb\u00a0Hvidovre.<\/p>\n<p>N\u00eb p\u00ebrgjigjen ndaj pyetjes rreth persekutimit t\u00eb musliman\u00ebve ahmedian\u00eb, Shenjt\u00ebria e tij shpjegoi se musliman\u00ebt ahmedian\u00eb p\u00ebrballen me persekutime n\u00eb vende t\u00eb ndryshme muslimane, sidomos n\u00eb Pakistan, megjithat\u00eb, me ndihm\u00ebn e Allahut Xhemati Musliman Ahmedia vazhdon t\u00eb forcohet \u00e7do dit\u00eb e m\u00eb shum\u00eb.<\/p>\n<p>Gjat\u00eb mbledhjes, Shenjt\u00ebria e tij foli p\u00ebr nevoj\u00ebn e<\/p>\n<blockquote><p>\u201c<strong>bashkimit n\u00eb p\u00ebrpjekjen p\u00ebr ta vendosur paqen n\u00eb bot\u00eb\u201d<\/strong><\/p><\/blockquote>\n<p>dhe gjithashtu trajtoi \u00e7\u00ebshtjen e liris\u00eb s\u00eb shprehjes.<\/p>\n<p>Hazret Mirza Masrur Ahmedi tha:<\/p>\n<blockquote><p><strong>\u201cGjithmon\u00eb kam th\u00ebn\u00eb se liria e shprehjes \u00ebsht\u00eb jasht\u00ebzakonisht e r\u00ebnd\u00ebsishme, megjithat\u00eb duhet t\u00eb jet\u00eb nj\u00eb pik\u00eb n\u00eb t\u00eb cil\u00ebn sh\u00ebnjohet kufiri ngase nuk \u00ebsht\u00eb e drejt\u00eb q\u00eb t\u00eb p\u00ebrdor\u00ebn fjalime t\u00eb atilla ne t\u00eb cilat ofendohen dhe l\u00ebndohen ndjenjat e t\u00eb tjer\u00ebve. Ne duhet ta gjejm\u00eb rrug\u00ebn e mesme, q\u00eb ta vendosim paqen n\u00eb bot\u00eb.\u201d<\/strong><\/p><\/blockquote>\n<p>Si shembull, Shenjt\u00ebria e tij u referua n\u00eb komentet e Papa Fran\u00e7eskut t\u00eb b\u00ebra vitin e kaluar, n\u00eb t\u00eb cilat ai kishte th\u00ebn\u00eb se i besuari i tij i ngusht\u00eb duhet t\u00eb pres t\u00eb \u201cgrushtohet\u201d n\u00ebse ai do t\u2019ia shante n\u00ebn\u00ebn.<\/p>\n<p><img loading=\"lazy\" decoding=\"async\" class=\"aligncenter wp-image-4799 size-full\" src=\"http:\/\/www.ahmadiyya-islam.org\/al\/wp-content\/uploads\/sites\/3\/2016\/05\/2016-05-05-DK-Mayor-Invite-003.jpg\" alt=\"Danimarka\" width=\"993\" height=\"602\" srcset=\"https:\/\/www.ahmadiyya-islam.org\/al\/wp-content\/uploads\/sites\/3\/2016\/05\/2016-05-05-DK-Mayor-Invite-003.jpg 993w, https:\/\/www.ahmadiyya-islam.org\/al\/wp-content\/uploads\/sites\/3\/2016\/05\/2016-05-05-DK-Mayor-Invite-003-300x182.jpg 300w, https:\/\/www.ahmadiyya-islam.org\/al\/wp-content\/uploads\/sites\/3\/2016\/05\/2016-05-05-DK-Mayor-Invite-003-768x466.jpg 768w\" sizes=\"auto, (max-width: 993px) 100vw, 993px\" \/>Hazret Mirza Masrur Ahmedi tha:<\/p>\n<blockquote><p><strong>\u201cPapa duhet t\u00eb p\u00ebrg\u00ebzohet\u00a0 p\u00ebr p\u00ebrpjekjet e tij p\u00ebr t\u2019i mbrojtur mendimet dhe ndjenjat e njer\u00ebzve dhe besoj se ai \u00ebsht\u00eb duke u p\u00ebrpjekur t\u2019i ndjek\u00eb m\u00ebsimet e v\u00ebrteta t\u00eb Krishterimit.\u201d<\/strong><\/p><\/blockquote>\n<p>Hazret Mirza Masrur Ahmedi shtoi:<\/p>\n<blockquote><p><strong>\u201cKurani i Shenjt\u00eb na m\u00ebson se nuk duhet t\u00eb ket\u00eb imponim n\u00eb besim dhe se besimi i nj\u00eb personi t\u00eb mbetet nd\u00ebrmjet individit dhe Zotit t\u00eb Plotfuqish\u00ebm. N\u00ebse ne i p\u00ebrmbahemi parimit t\u00eb respektit t\u00eb nd\u00ebrsjell\u00eb, at\u00ebher\u00eb mund ta vendosim paqen.\u201d<\/strong><\/p><\/blockquote>\n","protected":false},"excerpt":{"rendered":"<p>Danimarka &#8211; Me 5 Maj 2016, udh\u00ebheq\u00ebsi bot\u00ebror i Xhematit Musliman Ahmedia, Kalifi i pest\u00eb, Hazret Mirza Masrur Ahmedi u mir\u00ebprit n\u00eb Danimark\u00eb nga Z. Helle Adelborg, Kryetarja e komun\u00ebs s\u00eb Hvidovre dhe k\u00ebshilltar\u00ebt Annette Sjobeck, Maria Durhuus, Kenneth Christensen dhe Kashif Ahmad. Gjat\u00eb mbledhjes, Hazret Mirza Masrur Ahmedi tha se vendosja e paqes n\u00eb<\/p>\n","protected":false},"author":5,"featured_media":4797,"comment_status":"closed","ping_status":"closed","sticky":false,"template":"","format":"standard","meta":{"_acf_changed":false,"footnotes":""},"categories":[11],"tags":[],"authors":[],"content_source":[],"class_list":["post-4796","post","type-post","status-publish","format-standard","has-post-thumbnail","hentry","category-njoftim-per-shtyp","topics-xhemati-musliman-ahmedia-nderkombetar"],"acf":[],"yoast_head":"<!-- This site is optimized with the Yoast SEO Premium plugin v21.1 (Yoast SEO v27.4) - https:\/\/yoast.com\/product\/yoast-seo-premium-wordpress\/ -->\n<title>Kalifi i Islamit u mir\u00ebprit nga Kryetarja e Komun\u00ebs s\u00eb Hvidovre<\/title>\n<meta name=\"description\" content=\"Danimarka - Me 5 Maj 2016, Kalifi i Xhematit Musliman Ahmedia u mir\u00ebprit n\u00eb Danimark\u00eb nga Z. Helle Adelborg, Kryetarja e komun\u00ebs s\u00eb Hvidovre\" \/>\n<meta name=\"robots\" content=\"index, follow, max-snippet:-1, max-image-preview:large, max-video-preview:-1\" \/>\n<link rel=\"canonical\" href=\"https:\/\/www.ahmadiyya-islam.org\/al\/njoftim-per-shtyp\/ftese-ne-komunen-e-hvidovre-danimarka\/\" \/>\n<meta property=\"og:locale\" content=\"sq_AL\" \/>\n<meta property=\"og:type\" content=\"article\" \/>\n<meta property=\"og:title\" content=\"Udh\u00ebheq\u00ebsi i Xhematit Ahmedia u mir\u00ebprit nga Kryetarja e Komun\u00ebs s\u00eb Hvidovre, Danimarka\" \/>\n<meta property=\"og:description\" content=\"Danimarka - Me 5 Maj 2016, Kalifi i Xhematit Musliman Ahmedia u mir\u00ebprit n\u00eb Danimark\u00eb nga Z. Helle Adelborg, Kryetarja e komun\u00ebs s\u00eb Hvidovre\" \/>\n<meta property=\"og:url\" content=\"https:\/\/www.ahmadiyya-islam.org\/al\/njoftim-per-shtyp\/ftese-ne-komunen-e-hvidovre-danimarka\/\" \/>\n<meta property=\"og:site_name\" content=\"Xhemati Musliman Ahmedia\" \/>\n<meta property=\"article:published_time\" content=\"2016-05-10T20:52:20+00:00\" \/>\n<meta property=\"og:image\" content=\"https:\/\/www.ahmadiyya-islam.org\/al\/wp-content\/uploads\/sites\/3\/2016\/05\/2016-05-05-DK-Mayor-Invite-0021.jpg\" \/>\n\t<meta property=\"og:image:width\" content=\"993\" \/>\n\t<meta property=\"og:image:height\" content=\"510\" \/>\n\t<meta property=\"og:image:type\" content=\"image\/jpeg\" \/>\n<meta name=\"author\" content=\"samad\" \/>\n<meta name=\"twitter:card\" content=\"summary_large_image\" \/>\n<meta name=\"twitter:label1\" content=\"Written by\" \/>\n\t<meta name=\"twitter:data1\" content=\"samad\" \/>\n\t<meta name=\"twitter:label2\" content=\"Est. reading time\" \/>\n\t<meta name=\"twitter:data2\" content=\"2 minutes\" \/>\n<script type=\"application\/ld+json\" class=\"yoast-schema-graph\">{\"@context\":\"https:\\\/\\\/schema.org\",\"@graph\":[{\"@type\":\"Article\",\"@id\":\"https:\\\/\\\/www.ahmadiyya-islam.org\\\/al\\\/njoftim-per-shtyp\\\/ftese-ne-komunen-e-hvidovre-danimarka\\\/#article\",\"isPartOf\":{\"@id\":\"https:\\\/\\\/www.ahmadiyya-islam.org\\\/al\\\/njoftim-per-shtyp\\\/ftese-ne-komunen-e-hvidovre-danimarka\\\/\"},\"author\":{\"name\":\"samad\",\"@id\":\"https:\\\/\\\/www.ahmadiyya-islam.org\\\/al\\\/#\\\/schema\\\/person\\\/5f18f059fde6d65fbdbffcced4741b8d\"},\"headline\":\"Udh\u00ebheq\u00ebsi i Xhematit Ahmedia u mir\u00ebprit nga Kryetarja e Komun\u00ebs s\u00eb Hvidovre, Danimarka\",\"datePublished\":\"2016-05-10T20:52:20+00:00\",\"mainEntityOfPage\":{\"@id\":\"https:\\\/\\\/www.ahmadiyya-islam.org\\\/al\\\/njoftim-per-shtyp\\\/ftese-ne-komunen-e-hvidovre-danimarka\\\/\"},\"wordCount\":424,\"image\":{\"@id\":\"https:\\\/\\\/www.ahmadiyya-islam.org\\\/al\\\/njoftim-per-shtyp\\\/ftese-ne-komunen-e-hvidovre-danimarka\\\/#primaryimage\"},\"thumbnailUrl\":\"https:\\\/\\\/www.ahmadiyya-islam.org\\\/al\\\/wp-content\\\/uploads\\\/sites\\\/3\\\/2016\\\/05\\\/2016-05-05-DK-Mayor-Invite-0021.jpg\",\"articleSection\":[\"Njoftim p\u00ebr shtyp\"],\"inLanguage\":\"sq-AL\"},{\"@type\":\"WebPage\",\"@id\":\"https:\\\/\\\/www.ahmadiyya-islam.org\\\/al\\\/njoftim-per-shtyp\\\/ftese-ne-komunen-e-hvidovre-danimarka\\\/\",\"url\":\"https:\\\/\\\/www.ahmadiyya-islam.org\\\/al\\\/njoftim-per-shtyp\\\/ftese-ne-komunen-e-hvidovre-danimarka\\\/\",\"name\":\"Kalifi i Islamit u mir\u00ebprit nga Kryetarja e Komun\u00ebs s\u00eb Hvidovre\",\"isPartOf\":{\"@id\":\"https:\\\/\\\/www.ahmadiyya-islam.org\\\/al\\\/#website\"},\"primaryImageOfPage\":{\"@id\":\"https:\\\/\\\/www.ahmadiyya-islam.org\\\/al\\\/njoftim-per-shtyp\\\/ftese-ne-komunen-e-hvidovre-danimarka\\\/#primaryimage\"},\"image\":{\"@id\":\"https:\\\/\\\/www.ahmadiyya-islam.org\\\/al\\\/njoftim-per-shtyp\\\/ftese-ne-komunen-e-hvidovre-danimarka\\\/#primaryimage\"},\"thumbnailUrl\":\"https:\\\/\\\/www.ahmadiyya-islam.org\\\/al\\\/wp-content\\\/uploads\\\/sites\\\/3\\\/2016\\\/05\\\/2016-05-05-DK-Mayor-Invite-0021.jpg\",\"datePublished\":\"2016-05-10T20:52:20+00:00\",\"author\":{\"@id\":\"https:\\\/\\\/www.ahmadiyya-islam.org\\\/al\\\/#\\\/schema\\\/person\\\/5f18f059fde6d65fbdbffcced4741b8d\"},\"description\":\"Danimarka - Me 5 Maj 2016, Kalifi i Xhematit Musliman Ahmedia u mir\u00ebprit n\u00eb Danimark\u00eb nga Z. Helle Adelborg, Kryetarja e komun\u00ebs s\u00eb Hvidovre\",\"breadcrumb\":{\"@id\":\"https:\\\/\\\/www.ahmadiyya-islam.org\\\/al\\\/njoftim-per-shtyp\\\/ftese-ne-komunen-e-hvidovre-danimarka\\\/#breadcrumb\"},\"inLanguage\":\"sq-AL\",\"potentialAction\":[{\"@type\":\"ReadAction\",\"target\":[\"https:\\\/\\\/www.ahmadiyya-islam.org\\\/al\\\/njoftim-per-shtyp\\\/ftese-ne-komunen-e-hvidovre-danimarka\\\/\"]}]},{\"@type\":\"ImageObject\",\"inLanguage\":\"sq-AL\",\"@id\":\"https:\\\/\\\/www.ahmadiyya-islam.org\\\/al\\\/njoftim-per-shtyp\\\/ftese-ne-komunen-e-hvidovre-danimarka\\\/#primaryimage\",\"url\":\"https:\\\/\\\/www.ahmadiyya-islam.org\\\/al\\\/wp-content\\\/uploads\\\/sites\\\/3\\\/2016\\\/05\\\/2016-05-05-DK-Mayor-Invite-0021.jpg\",\"contentUrl\":\"https:\\\/\\\/www.ahmadiyya-islam.org\\\/al\\\/wp-content\\\/uploads\\\/sites\\\/3\\\/2016\\\/05\\\/2016-05-05-DK-Mayor-Invite-0021.jpg\",\"width\":993,\"height\":510,\"caption\":\"Danimarka\"},{\"@type\":\"BreadcrumbList\",\"@id\":\"https:\\\/\\\/www.ahmadiyya-islam.org\\\/al\\\/njoftim-per-shtyp\\\/ftese-ne-komunen-e-hvidovre-danimarka\\\/#breadcrumb\",\"itemListElement\":[{\"@type\":\"ListItem\",\"position\":1,\"name\":\"Home\",\"item\":\"https:\\\/\\\/www.ahmadiyya-islam.org\\\/al\\\/\"},{\"@type\":\"ListItem\",\"position\":2,\"name\":\"Udh\u00ebheq\u00ebsi i Xhematit Ahmedia u mir\u00ebprit nga Kryetarja e Komun\u00ebs s\u00eb Hvidovre, Danimarka\"}]},{\"@type\":\"WebSite\",\"@id\":\"https:\\\/\\\/www.ahmadiyya-islam.org\\\/al\\\/#website\",\"url\":\"https:\\\/\\\/www.ahmadiyya-islam.org\\\/al\\\/\",\"name\":\"Xhemati Musliman Ahmedia\",\"description\":\"Albania\",\"potentialAction\":[{\"@type\":\"SearchAction\",\"target\":{\"@type\":\"EntryPoint\",\"urlTemplate\":\"https:\\\/\\\/www.ahmadiyya-islam.org\\\/al\\\/?s={search_term_string}\"},\"query-input\":{\"@type\":\"PropertyValueSpecification\",\"valueRequired\":true,\"valueName\":\"search_term_string\"}}],\"inLanguage\":\"sq-AL\"},{\"@type\":\"Person\",\"@id\":\"https:\\\/\\\/www.ahmadiyya-islam.org\\\/al\\\/#\\\/schema\\\/person\\\/5f18f059fde6d65fbdbffcced4741b8d\",\"name\":\"samad\"}]}<\/script>\n<!-- \/ Yoast SEO Premium plugin. -->","yoast_head_json":{"title":"Kalifi i Islamit u mir\u00ebprit nga Kryetarja e Komun\u00ebs s\u00eb Hvidovre","description":"Danimarka - Me 5 Maj 2016, Kalifi i Xhematit Musliman Ahmedia u mir\u00ebprit n\u00eb Danimark\u00eb nga Z. Helle Adelborg, Kryetarja e komun\u00ebs s\u00eb Hvidovre","robots":{"index":"index","follow":"follow","max-snippet":"max-snippet:-1","max-image-preview":"max-image-preview:large","max-video-preview":"max-video-preview:-1"},"canonical":"https:\/\/www.ahmadiyya-islam.org\/al\/njoftim-per-shtyp\/ftese-ne-komunen-e-hvidovre-danimarka\/","og_locale":"sq_AL","og_type":"article","og_title":"Udh\u00ebheq\u00ebsi i Xhematit Ahmedia u mir\u00ebprit nga Kryetarja e Komun\u00ebs s\u00eb Hvidovre, Danimarka","og_description":"Danimarka - Me 5 Maj 2016, Kalifi i Xhematit Musliman Ahmedia u mir\u00ebprit n\u00eb Danimark\u00eb nga Z. Helle Adelborg, Kryetarja e komun\u00ebs s\u00eb Hvidovre","og_url":"https:\/\/www.ahmadiyya-islam.org\/al\/njoftim-per-shtyp\/ftese-ne-komunen-e-hvidovre-danimarka\/","og_site_name":"Xhemati Musliman Ahmedia","article_published_time":"2016-05-10T20:52:20+00:00","og_image":[{"width":993,"height":510,"url":"https:\/\/www.ahmadiyya-islam.org\/al\/wp-content\/uploads\/sites\/3\/2016\/05\/2016-05-05-DK-Mayor-Invite-0021.jpg","type":"image\/jpeg"}],"author":"samad","twitter_card":"summary_large_image","twitter_misc":{"Written by":"samad","Est. reading time":"2 minutes"},"schema":{"@context":"https:\/\/schema.org","@graph":[{"@type":"Article","@id":"https:\/\/www.ahmadiyya-islam.org\/al\/njoftim-per-shtyp\/ftese-ne-komunen-e-hvidovre-danimarka\/#article","isPartOf":{"@id":"https:\/\/www.ahmadiyya-islam.org\/al\/njoftim-per-shtyp\/ftese-ne-komunen-e-hvidovre-danimarka\/"},"author":{"name":"samad","@id":"https:\/\/www.ahmadiyya-islam.org\/al\/#\/schema\/person\/5f18f059fde6d65fbdbffcced4741b8d"},"headline":"Udh\u00ebheq\u00ebsi i Xhematit Ahmedia u mir\u00ebprit nga Kryetarja e Komun\u00ebs s\u00eb Hvidovre, Danimarka","datePublished":"2016-05-10T20:52:20+00:00","mainEntityOfPage":{"@id":"https:\/\/www.ahmadiyya-islam.org\/al\/njoftim-per-shtyp\/ftese-ne-komunen-e-hvidovre-danimarka\/"},"wordCount":424,"image":{"@id":"https:\/\/www.ahmadiyya-islam.org\/al\/njoftim-per-shtyp\/ftese-ne-komunen-e-hvidovre-danimarka\/#primaryimage"},"thumbnailUrl":"https:\/\/www.ahmadiyya-islam.org\/al\/wp-content\/uploads\/sites\/3\/2016\/05\/2016-05-05-DK-Mayor-Invite-0021.jpg","articleSection":["Njoftim p\u00ebr shtyp"],"inLanguage":"sq-AL"},{"@type":"WebPage","@id":"https:\/\/www.ahmadiyya-islam.org\/al\/njoftim-per-shtyp\/ftese-ne-komunen-e-hvidovre-danimarka\/","url":"https:\/\/www.ahmadiyya-islam.org\/al\/njoftim-per-shtyp\/ftese-ne-komunen-e-hvidovre-danimarka\/","name":"Kalifi i Islamit u mir\u00ebprit nga Kryetarja e Komun\u00ebs s\u00eb Hvidovre","isPartOf":{"@id":"https:\/\/www.ahmadiyya-islam.org\/al\/#website"},"primaryImageOfPage":{"@id":"https:\/\/www.ahmadiyya-islam.org\/al\/njoftim-per-shtyp\/ftese-ne-komunen-e-hvidovre-danimarka\/#primaryimage"},"image":{"@id":"https:\/\/www.ahmadiyya-islam.org\/al\/njoftim-per-shtyp\/ftese-ne-komunen-e-hvidovre-danimarka\/#primaryimage"},"thumbnailUrl":"https:\/\/www.ahmadiyya-islam.org\/al\/wp-content\/uploads\/sites\/3\/2016\/05\/2016-05-05-DK-Mayor-Invite-0021.jpg","datePublished":"2016-05-10T20:52:20+00:00","author":{"@id":"https:\/\/www.ahmadiyya-islam.org\/al\/#\/schema\/person\/5f18f059fde6d65fbdbffcced4741b8d"},"description":"Danimarka - Me 5 Maj 2016, Kalifi i Xhematit Musliman Ahmedia u mir\u00ebprit n\u00eb Danimark\u00eb nga Z. Helle Adelborg, Kryetarja e komun\u00ebs s\u00eb Hvidovre","breadcrumb":{"@id":"https:\/\/www.ahmadiyya-islam.org\/al\/njoftim-per-shtyp\/ftese-ne-komunen-e-hvidovre-danimarka\/#breadcrumb"},"inLanguage":"sq-AL","potentialAction":[{"@type":"ReadAction","target":["https:\/\/www.ahmadiyya-islam.org\/al\/njoftim-per-shtyp\/ftese-ne-komunen-e-hvidovre-danimarka\/"]}]},{"@type":"ImageObject","inLanguage":"sq-AL","@id":"https:\/\/www.ahmadiyya-islam.org\/al\/njoftim-per-shtyp\/ftese-ne-komunen-e-hvidovre-danimarka\/#primaryimage","url":"https:\/\/www.ahmadiyya-islam.org\/al\/wp-content\/uploads\/sites\/3\/2016\/05\/2016-05-05-DK-Mayor-Invite-0021.jpg","contentUrl":"https:\/\/www.ahmadiyya-islam.org\/al\/wp-content\/uploads\/sites\/3\/2016\/05\/2016-05-05-DK-Mayor-Invite-0021.jpg","width":993,"height":510,"caption":"Danimarka"},{"@type":"BreadcrumbList","@id":"https:\/\/www.ahmadiyya-islam.org\/al\/njoftim-per-shtyp\/ftese-ne-komunen-e-hvidovre-danimarka\/#breadcrumb","itemListElement":[{"@type":"ListItem","position":1,"name":"Home","item":"https:\/\/www.ahmadiyya-islam.org\/al\/"},{"@type":"ListItem","position":2,"name":"Udh\u00ebheq\u00ebsi i Xhematit Ahmedia u mir\u00ebprit nga Kryetarja e Komun\u00ebs s\u00eb Hvidovre, Danimarka"}]},{"@type":"WebSite","@id":"https:\/\/www.ahmadiyya-islam.org\/al\/#website","url":"https:\/\/www.ahmadiyya-islam.org\/al\/","name":"Xhemati Musliman Ahmedia","description":"Albania","potentialAction":[{"@type":"SearchAction","target":{"@type":"EntryPoint","urlTemplate":"https:\/\/www.ahmadiyya-islam.org\/al\/?s={search_term_string}"},"query-input":{"@type":"PropertyValueSpecification","valueRequired":true,"valueName":"search_term_string"}}],"inLanguage":"sq-AL"},{"@type":"Person","@id":"https:\/\/www.ahmadiyya-islam.org\/al\/#\/schema\/person\/5f18f059fde6d65fbdbffcced4741b8d","name":"samad"}]}},"_links":{"self":[{"href":"https:\/\/www.ahmadiyya-islam.org\/al\/wp-json\/wp\/v2\/posts\/4796","targetHints":{"allow":["GET"]}}],"collection":[{"href":"https:\/\/www.ahmadiyya-islam.org\/al\/wp-json\/wp\/v2\/posts"}],"about":[{"href":"https:\/\/www.ahmadiyya-islam.org\/al\/wp-json\/wp\/v2\/types\/post"}],"author":[{"embeddable":true,"href":"https:\/\/www.ahmadiyya-islam.org\/al\/wp-json\/wp\/v2\/users\/5"}],"replies":[{"embeddable":true,"href":"https:\/\/www.ahmadiyya-islam.org\/al\/wp-json\/wp\/v2\/comments?post=4796"}],"version-history":[{"count":0,"href":"https:\/\/www.ahmadiyya-islam.org\/al\/wp-json\/wp\/v2\/posts\/4796\/revisions"}],"wp:featuredmedia":[{"embeddable":true,"href":"https:\/\/www.ahmadiyya-islam.org\/al\/wp-json\/wp\/v2\/media\/4797"}],"wp:attachment":[{"href":"https:\/\/www.ahmadiyya-islam.org\/al\/wp-json\/wp\/v2\/media?parent=4796"}],"wp:term":[{"taxonomy":"category","embeddable":true,"href":"https:\/\/www.ahmadiyya-islam.org\/al\/wp-json\/wp\/v2\/categories?post=4796"},{"taxonomy":"post_tag","embeddable":true,"href":"https:\/\/www.ahmadiyya-islam.org\/al\/wp-json\/wp\/v2\/tags?post=4796"},{"taxonomy":"authors","embeddable":true,"href":"https:\/\/www.ahmadiyya-islam.org\/al\/wp-json\/wp\/v2\/authors?post=4796"},{"taxonomy":"content_source","embeddable":true,"href":"https:\/\/www.ahmadiyya-islam.org\/al\/wp-json\/wp\/v2\/content_source?post=4796"}],"curies":[{"name":"wp","href":"https:\/\/api.w.org\/{rel}","templated":true}]}}