{"id":432,"date":"2015-03-15T13:24:54","date_gmt":"2015-03-15T13:24:54","guid":{"rendered":"http:\/\/www.ahmadiyya-islam.org\/al\/?p=432"},"modified":"2015-05-16T17:09:21","modified_gmt":"2015-05-16T17:09:21","slug":"politikanja-suedeze-znj-heydari-takon-udheheqesin-boteror-te-xhematit-musliman-ahmedia","status":"publish","type":"post","link":"https:\/\/www.ahmadiyya-islam.org\/al\/njoftim-per-shtyp\/politikanja-suedeze-znj-heydari-takon-udheheqesin-boteror-te-xhematit-musliman-ahmedia\/","title":{"rendered":"Politikanja suedeze Znj. Heydari takon Udh\u00ebheq\u00ebsin bot\u00ebror t\u00eb Xhematit Musliman Ahmedia"},"content":{"rendered":"<h2>Znj. Shadiye Heydari i k\u00ebrkon udh\u00ebzime Shenjt\u00ebris\u00eb s\u00eb tij, Hazret Mirza Masrur Ahmed<\/h2>\n<p>Me 7 mars 2015, Znj. Shadiye Heydari, deputete e parlamentit komb\u00ebtar t\u00eb Suedis\u00eb (Sveriges Riksdag) vizitoi xhamin\u00eb Fazl t\u00eb Londr\u00ebs ku asaj i \u00ebsht\u00eb dh\u00ebn\u00eb mund\u00ebsi t\u00eb takonte Udh\u00ebheq\u00ebsin bot\u00ebror t\u00eb Xhematit Musliman Ahmedia, Kalifin e Pest\u00eb, Hazret Mirza Masrur Ahmed.<\/p>\n<p>Gjat\u00eb takimi q\u00eb zgjati 40 minuta, Shenjt\u00ebria e tij foli p\u00ebr rritjen e k\u00ebrc\u00ebnimit dhe rrezikut q\u00eb paraqet ekstremizmi n\u00eb shum\u00eb pjes\u00eb t\u00eb bot\u00ebs. Shenjt\u00ebria e tij k\u00ebshilloi q\u00eb politikan\u00ebt duhet t\u00eb p\u00ebrpiqen t\u00eb identifikojn\u00eb shkaqet rr\u00ebnj\u00ebsore t\u00eb ekstremizmit e t\u00eb hartojn\u00eb nj\u00eb strategji afatgjat\u00eb p\u00ebr t\u00eb goditur radikalizmin e t\u00eb rinjve. P\u00ebr \u201cxhihadist\u00ebt\u201d Shenjt\u00ebria e tij tha jan\u00eb <em>\u201ckrejt\u00ebsisht t\u00eb pakuptimt\u00eb\u201d<\/em> dhe se veprimet e tyre duhen d\u00ebnuar kategorikisht.<\/p>\n<p>Duke folur konkretisht rreth k\u00ebrc\u00ebnimit q\u00eb paraqet ISIS-i, Shenjt\u00ebria e tij tha se ka nevoj\u00eb p\u00ebr <em>\u201cnj\u00eb p\u00ebrpjekje t\u00eb p\u00ebrbashk\u00ebt e t\u00eb bashk\u00ebrenduar\u201d<\/em> p\u00ebr ta ndalur grupin terrorist.<\/p>\n<p>Shenjt\u00ebria e tij tha se p\u00ebr t\u00eb mbizot\u00ebruar paqja n\u00eb bot\u00eb, \u00ebsht\u00eb e nevojshme q\u00eb drejt\u00ebsia dhe paan\u00ebsia t\u00eb mbizot\u00ebroj\u00eb n\u00eb t\u00eb gjitha nivelet e shoq\u00ebris\u00eb.<\/p>\n<p>Znj. Heydari q\u00eb p\u00ebrfaq\u00ebson Partin\u00eb Demokratike Suedeze fal\u00ebnderoi Shenjt\u00ebrin\u00eb e tij p\u00ebr udh\u00ebzimet e tij dhe shprehu d\u00ebshir\u00ebn q\u00eb Shenjt\u00ebria e tij do t\u00eb vizitoj\u00eb Suedin\u00eb n\u00eb t\u00eb ardhmen. Shenjt\u00ebria e tij e fal\u00ebnderoi p\u00ebr ftes\u00ebn dhe u lut q\u00eb ajo t\u00eb g\u00ebzoj\u00eb sukses n\u00eb p\u00ebrpjekjet e saj p\u00ebr t\u00eb promovuar paqen dhe t\u00eb drejtat e njeriut n\u00eb bot\u00eb.<\/p>\n","protected":false},"excerpt":{"rendered":"<p>Znj. Shadiye Heydari i k\u00ebrkon udh\u00ebzime Shenjt\u00ebris\u00eb s\u00eb tij, Hazret Mirza Masrur Ahmed Me 7 mars 2015, Znj. Shadiye Heydari, deputete e parlamentit komb\u00ebtar t\u00eb Suedis\u00eb (Sveriges Riksdag) vizitoi xhamin\u00eb Fazl t\u00eb Londr\u00ebs ku asaj i \u00ebsht\u00eb dh\u00ebn\u00eb mund\u00ebsi t\u00eb takonte Udh\u00ebheq\u00ebsin bot\u00ebror t\u00eb Xhematit Musliman Ahmedia, Kalifin e Pest\u00eb, Hazret Mirza Masrur Ahmed. Gjat\u00eb<\/p>\n","protected":false},"author":5,"featured_media":1209,"comment_status":"open","ping_status":"closed","sticky":false,"template":"","format":"standard","meta":{"_acf_changed":false,"footnotes":""},"categories":[11],"tags":[68,176,112],"authors":[],"content_source":[],"class_list":["post-432","post","type-post","status-publish","format-standard","has-post-thumbnail","hentry","category-njoftim-per-shtyp","tag-isis","tag-partia-demokratike-suedeze","tag-shadiye-heydari","topics-terrorizmi"],"acf":[],"yoast_head":"<!-- This site is optimized with the Yoast SEO Premium plugin v21.1 (Yoast SEO v27.4) - https:\/\/yoast.com\/product\/yoast-seo-premium-wordpress\/ -->\n<title>Politikanja suedeze Znj. Heydari takon Udh\u00ebheq\u00ebsin bot\u00ebror t\u00eb Xhematit Musliman Ahmedia<\/title>\n<meta name=\"robots\" content=\"index, follow, max-snippet:-1, max-image-preview:large, max-video-preview:-1\" \/>\n<link rel=\"canonical\" href=\"https:\/\/www.ahmadiyya-islam.org\/al\/njoftim-per-shtyp\/politikanja-suedeze-znj-heydari-takon-udheheqesin-boteror-te-xhematit-musliman-ahmedia\/\" \/>\n<meta property=\"og:locale\" content=\"sq_AL\" \/>\n<meta property=\"og:type\" content=\"article\" \/>\n<meta property=\"og:title\" content=\"Politikanja suedeze Znj. Heydari takon Udh\u00ebheq\u00ebsin bot\u00ebror t\u00eb Xhematit Musliman Ahmedia\" \/>\n<meta property=\"og:description\" content=\"Znj. Shadiye Heydari i k\u00ebrkon udh\u00ebzime Shenjt\u00ebris\u00eb s\u00eb tij, Hazret Mirza Masrur Ahmed Me 7 mars 2015, Znj. Shadiye Heydari, deputete e parlamentit komb\u00ebtar t\u00eb Suedis\u00eb (Sveriges Riksdag) vizitoi xhamin\u00eb Fazl t\u00eb Londr\u00ebs ku asaj i \u00ebsht\u00eb dh\u00ebn\u00eb mund\u00ebsi t\u00eb takonte Udh\u00ebheq\u00ebsin bot\u00ebror t\u00eb Xhematit Musliman Ahmedia, Kalifin e Pest\u00eb, Hazret Mirza Masrur Ahmed. Gjat\u00eb\" \/>\n<meta property=\"og:url\" content=\"https:\/\/www.ahmadiyya-islam.org\/al\/njoftim-per-shtyp\/politikanja-suedeze-znj-heydari-takon-udheheqesin-boteror-te-xhematit-musliman-ahmedia\/\" \/>\n<meta property=\"og:site_name\" content=\"Xhemati Musliman Ahmedia\" \/>\n<meta property=\"article:published_time\" content=\"2015-03-15T13:24:54+00:00\" \/>\n<meta property=\"article:modified_time\" content=\"2015-05-16T17:09:21+00:00\" \/>\n<meta property=\"og:image\" content=\"https:\/\/www.ahmadiyya-islam.org\/al\/wp-content\/uploads\/sites\/3\/2015\/03\/2015-03-07-politikane-suedeze-Swed-1024x620.jpg\" \/>\n\t<meta property=\"og:image:width\" content=\"1024\" \/>\n\t<meta property=\"og:image:height\" content=\"620\" \/>\n\t<meta property=\"og:image:type\" content=\"image\/jpeg\" \/>\n<meta name=\"author\" content=\"samad\" \/>\n<meta name=\"twitter:card\" content=\"summary_large_image\" \/>\n<meta name=\"twitter:label1\" content=\"Written by\" \/>\n\t<meta name=\"twitter:data1\" content=\"samad\" \/>\n\t<meta name=\"twitter:label2\" content=\"Est. reading time\" \/>\n\t<meta name=\"twitter:data2\" content=\"1 minute\" \/>\n<script type=\"application\/ld+json\" class=\"yoast-schema-graph\">{\"@context\":\"https:\\\/\\\/schema.org\",\"@graph\":[{\"@type\":\"Article\",\"@id\":\"https:\\\/\\\/www.ahmadiyya-islam.org\\\/al\\\/njoftim-per-shtyp\\\/politikanja-suedeze-znj-heydari-takon-udheheqesin-boteror-te-xhematit-musliman-ahmedia\\\/#article\",\"isPartOf\":{\"@id\":\"https:\\\/\\\/www.ahmadiyya-islam.org\\\/al\\\/njoftim-per-shtyp\\\/politikanja-suedeze-znj-heydari-takon-udheheqesin-boteror-te-xhematit-musliman-ahmedia\\\/\"},\"author\":{\"name\":\"samad\",\"@id\":\"https:\\\/\\\/www.ahmadiyya-islam.org\\\/al\\\/#\\\/schema\\\/person\\\/5f18f059fde6d65fbdbffcced4741b8d\"},\"headline\":\"Politikanja suedeze Znj. Heydari takon Udh\u00ebheq\u00ebsin bot\u00ebror t\u00eb Xhematit Musliman Ahmedia\",\"datePublished\":\"2015-03-15T13:24:54+00:00\",\"dateModified\":\"2015-05-16T17:09:21+00:00\",\"mainEntityOfPage\":{\"@id\":\"https:\\\/\\\/www.ahmadiyya-islam.org\\\/al\\\/njoftim-per-shtyp\\\/politikanja-suedeze-znj-heydari-takon-udheheqesin-boteror-te-xhematit-musliman-ahmedia\\\/\"},\"wordCount\":307,\"commentCount\":0,\"image\":{\"@id\":\"https:\\\/\\\/www.ahmadiyya-islam.org\\\/al\\\/njoftim-per-shtyp\\\/politikanja-suedeze-znj-heydari-takon-udheheqesin-boteror-te-xhematit-musliman-ahmedia\\\/#primaryimage\"},\"thumbnailUrl\":\"https:\\\/\\\/www.ahmadiyya-islam.org\\\/al\\\/wp-content\\\/uploads\\\/sites\\\/3\\\/2015\\\/03\\\/2015-03-07-politikane-suedeze-Swed-1024x620.jpg\",\"keywords\":[\"ISIS\",\"Partia Demokratike Suedeze\",\"Shadiye Heydari\"],\"articleSection\":[\"Njoftim p\u00ebr shtyp\"],\"inLanguage\":\"sq-AL\"},{\"@type\":\"WebPage\",\"@id\":\"https:\\\/\\\/www.ahmadiyya-islam.org\\\/al\\\/njoftim-per-shtyp\\\/politikanja-suedeze-znj-heydari-takon-udheheqesin-boteror-te-xhematit-musliman-ahmedia\\\/\",\"url\":\"https:\\\/\\\/www.ahmadiyya-islam.org\\\/al\\\/njoftim-per-shtyp\\\/politikanja-suedeze-znj-heydari-takon-udheheqesin-boteror-te-xhematit-musliman-ahmedia\\\/\",\"name\":\"Politikanja suedeze Znj. Heydari takon Udh\u00ebheq\u00ebsin bot\u00ebror t\u00eb Xhematit Musliman Ahmedia\",\"isPartOf\":{\"@id\":\"https:\\\/\\\/www.ahmadiyya-islam.org\\\/al\\\/#website\"},\"primaryImageOfPage\":{\"@id\":\"https:\\\/\\\/www.ahmadiyya-islam.org\\\/al\\\/njoftim-per-shtyp\\\/politikanja-suedeze-znj-heydari-takon-udheheqesin-boteror-te-xhematit-musliman-ahmedia\\\/#primaryimage\"},\"image\":{\"@id\":\"https:\\\/\\\/www.ahmadiyya-islam.org\\\/al\\\/njoftim-per-shtyp\\\/politikanja-suedeze-znj-heydari-takon-udheheqesin-boteror-te-xhematit-musliman-ahmedia\\\/#primaryimage\"},\"thumbnailUrl\":\"https:\\\/\\\/www.ahmadiyya-islam.org\\\/al\\\/wp-content\\\/uploads\\\/sites\\\/3\\\/2015\\\/03\\\/2015-03-07-politikane-suedeze-Swed-1024x620.jpg\",\"datePublished\":\"2015-03-15T13:24:54+00:00\",\"dateModified\":\"2015-05-16T17:09:21+00:00\",\"author\":{\"@id\":\"https:\\\/\\\/www.ahmadiyya-islam.org\\\/al\\\/#\\\/schema\\\/person\\\/5f18f059fde6d65fbdbffcced4741b8d\"},\"breadcrumb\":{\"@id\":\"https:\\\/\\\/www.ahmadiyya-islam.org\\\/al\\\/njoftim-per-shtyp\\\/politikanja-suedeze-znj-heydari-takon-udheheqesin-boteror-te-xhematit-musliman-ahmedia\\\/#breadcrumb\"},\"inLanguage\":\"sq-AL\",\"potentialAction\":[{\"@type\":\"ReadAction\",\"target\":[\"https:\\\/\\\/www.ahmadiyya-islam.org\\\/al\\\/njoftim-per-shtyp\\\/politikanja-suedeze-znj-heydari-takon-udheheqesin-boteror-te-xhematit-musliman-ahmedia\\\/\"]}]},{\"@type\":\"ImageObject\",\"inLanguage\":\"sq-AL\",\"@id\":\"https:\\\/\\\/www.ahmadiyya-islam.org\\\/al\\\/njoftim-per-shtyp\\\/politikanja-suedeze-znj-heydari-takon-udheheqesin-boteror-te-xhematit-musliman-ahmedia\\\/#primaryimage\",\"url\":\"https:\\\/\\\/www.ahmadiyya-islam.org\\\/al\\\/wp-content\\\/uploads\\\/sites\\\/3\\\/2015\\\/03\\\/2015-03-07-politikane-suedeze-Swed-1024x620.jpg\",\"contentUrl\":\"https:\\\/\\\/www.ahmadiyya-islam.org\\\/al\\\/wp-content\\\/uploads\\\/sites\\\/3\\\/2015\\\/03\\\/2015-03-07-politikane-suedeze-Swed-1024x620.jpg\",\"width\":1024,\"height\":620},{\"@type\":\"BreadcrumbList\",\"@id\":\"https:\\\/\\\/www.ahmadiyya-islam.org\\\/al\\\/njoftim-per-shtyp\\\/politikanja-suedeze-znj-heydari-takon-udheheqesin-boteror-te-xhematit-musliman-ahmedia\\\/#breadcrumb\",\"itemListElement\":[{\"@type\":\"ListItem\",\"position\":1,\"name\":\"Home\",\"item\":\"https:\\\/\\\/www.ahmadiyya-islam.org\\\/al\\\/\"},{\"@type\":\"ListItem\",\"position\":2,\"name\":\"Politikanja suedeze Znj. Heydari takon Udh\u00ebheq\u00ebsin bot\u00ebror t\u00eb Xhematit Musliman Ahmedia\"}]},{\"@type\":\"WebSite\",\"@id\":\"https:\\\/\\\/www.ahmadiyya-islam.org\\\/al\\\/#website\",\"url\":\"https:\\\/\\\/www.ahmadiyya-islam.org\\\/al\\\/\",\"name\":\"Xhemati Musliman Ahmedia\",\"description\":\"Albania\",\"potentialAction\":[{\"@type\":\"SearchAction\",\"target\":{\"@type\":\"EntryPoint\",\"urlTemplate\":\"https:\\\/\\\/www.ahmadiyya-islam.org\\\/al\\\/?s={search_term_string}\"},\"query-input\":{\"@type\":\"PropertyValueSpecification\",\"valueRequired\":true,\"valueName\":\"search_term_string\"}}],\"inLanguage\":\"sq-AL\"},{\"@type\":\"Person\",\"@id\":\"https:\\\/\\\/www.ahmadiyya-islam.org\\\/al\\\/#\\\/schema\\\/person\\\/5f18f059fde6d65fbdbffcced4741b8d\",\"name\":\"samad\"}]}<\/script>\n<!-- \/ Yoast SEO Premium plugin. -->","yoast_head_json":{"title":"Politikanja suedeze Znj. Heydari takon Udh\u00ebheq\u00ebsin bot\u00ebror t\u00eb Xhematit Musliman Ahmedia","robots":{"index":"index","follow":"follow","max-snippet":"max-snippet:-1","max-image-preview":"max-image-preview:large","max-video-preview":"max-video-preview:-1"},"canonical":"https:\/\/www.ahmadiyya-islam.org\/al\/njoftim-per-shtyp\/politikanja-suedeze-znj-heydari-takon-udheheqesin-boteror-te-xhematit-musliman-ahmedia\/","og_locale":"sq_AL","og_type":"article","og_title":"Politikanja suedeze Znj. Heydari takon Udh\u00ebheq\u00ebsin bot\u00ebror t\u00eb Xhematit Musliman Ahmedia","og_description":"Znj. Shadiye Heydari i k\u00ebrkon udh\u00ebzime Shenjt\u00ebris\u00eb s\u00eb tij, Hazret Mirza Masrur Ahmed Me 7 mars 2015, Znj. Shadiye Heydari, deputete e parlamentit komb\u00ebtar t\u00eb Suedis\u00eb (Sveriges Riksdag) vizitoi xhamin\u00eb Fazl t\u00eb Londr\u00ebs ku asaj i \u00ebsht\u00eb dh\u00ebn\u00eb mund\u00ebsi t\u00eb takonte Udh\u00ebheq\u00ebsin bot\u00ebror t\u00eb Xhematit Musliman Ahmedia, Kalifin e Pest\u00eb, Hazret Mirza Masrur Ahmed. Gjat\u00eb","og_url":"https:\/\/www.ahmadiyya-islam.org\/al\/njoftim-per-shtyp\/politikanja-suedeze-znj-heydari-takon-udheheqesin-boteror-te-xhematit-musliman-ahmedia\/","og_site_name":"Xhemati Musliman Ahmedia","article_published_time":"2015-03-15T13:24:54+00:00","article_modified_time":"2015-05-16T17:09:21+00:00","og_image":[{"width":1024,"height":620,"url":"https:\/\/www.ahmadiyya-islam.org\/al\/wp-content\/uploads\/sites\/3\/2015\/03\/2015-03-07-politikane-suedeze-Swed-1024x620.jpg","type":"image\/jpeg"}],"author":"samad","twitter_card":"summary_large_image","twitter_misc":{"Written by":"samad","Est. reading time":"1 minute"},"schema":{"@context":"https:\/\/schema.org","@graph":[{"@type":"Article","@id":"https:\/\/www.ahmadiyya-islam.org\/al\/njoftim-per-shtyp\/politikanja-suedeze-znj-heydari-takon-udheheqesin-boteror-te-xhematit-musliman-ahmedia\/#article","isPartOf":{"@id":"https:\/\/www.ahmadiyya-islam.org\/al\/njoftim-per-shtyp\/politikanja-suedeze-znj-heydari-takon-udheheqesin-boteror-te-xhematit-musliman-ahmedia\/"},"author":{"name":"samad","@id":"https:\/\/www.ahmadiyya-islam.org\/al\/#\/schema\/person\/5f18f059fde6d65fbdbffcced4741b8d"},"headline":"Politikanja suedeze Znj. Heydari takon Udh\u00ebheq\u00ebsin bot\u00ebror t\u00eb Xhematit Musliman Ahmedia","datePublished":"2015-03-15T13:24:54+00:00","dateModified":"2015-05-16T17:09:21+00:00","mainEntityOfPage":{"@id":"https:\/\/www.ahmadiyya-islam.org\/al\/njoftim-per-shtyp\/politikanja-suedeze-znj-heydari-takon-udheheqesin-boteror-te-xhematit-musliman-ahmedia\/"},"wordCount":307,"commentCount":0,"image":{"@id":"https:\/\/www.ahmadiyya-islam.org\/al\/njoftim-per-shtyp\/politikanja-suedeze-znj-heydari-takon-udheheqesin-boteror-te-xhematit-musliman-ahmedia\/#primaryimage"},"thumbnailUrl":"https:\/\/www.ahmadiyya-islam.org\/al\/wp-content\/uploads\/sites\/3\/2015\/03\/2015-03-07-politikane-suedeze-Swed-1024x620.jpg","keywords":["ISIS","Partia Demokratike Suedeze","Shadiye Heydari"],"articleSection":["Njoftim p\u00ebr shtyp"],"inLanguage":"sq-AL"},{"@type":"WebPage","@id":"https:\/\/www.ahmadiyya-islam.org\/al\/njoftim-per-shtyp\/politikanja-suedeze-znj-heydari-takon-udheheqesin-boteror-te-xhematit-musliman-ahmedia\/","url":"https:\/\/www.ahmadiyya-islam.org\/al\/njoftim-per-shtyp\/politikanja-suedeze-znj-heydari-takon-udheheqesin-boteror-te-xhematit-musliman-ahmedia\/","name":"Politikanja suedeze Znj. Heydari takon Udh\u00ebheq\u00ebsin bot\u00ebror t\u00eb Xhematit Musliman Ahmedia","isPartOf":{"@id":"https:\/\/www.ahmadiyya-islam.org\/al\/#website"},"primaryImageOfPage":{"@id":"https:\/\/www.ahmadiyya-islam.org\/al\/njoftim-per-shtyp\/politikanja-suedeze-znj-heydari-takon-udheheqesin-boteror-te-xhematit-musliman-ahmedia\/#primaryimage"},"image":{"@id":"https:\/\/www.ahmadiyya-islam.org\/al\/njoftim-per-shtyp\/politikanja-suedeze-znj-heydari-takon-udheheqesin-boteror-te-xhematit-musliman-ahmedia\/#primaryimage"},"thumbnailUrl":"https:\/\/www.ahmadiyya-islam.org\/al\/wp-content\/uploads\/sites\/3\/2015\/03\/2015-03-07-politikane-suedeze-Swed-1024x620.jpg","datePublished":"2015-03-15T13:24:54+00:00","dateModified":"2015-05-16T17:09:21+00:00","author":{"@id":"https:\/\/www.ahmadiyya-islam.org\/al\/#\/schema\/person\/5f18f059fde6d65fbdbffcced4741b8d"},"breadcrumb":{"@id":"https:\/\/www.ahmadiyya-islam.org\/al\/njoftim-per-shtyp\/politikanja-suedeze-znj-heydari-takon-udheheqesin-boteror-te-xhematit-musliman-ahmedia\/#breadcrumb"},"inLanguage":"sq-AL","potentialAction":[{"@type":"ReadAction","target":["https:\/\/www.ahmadiyya-islam.org\/al\/njoftim-per-shtyp\/politikanja-suedeze-znj-heydari-takon-udheheqesin-boteror-te-xhematit-musliman-ahmedia\/"]}]},{"@type":"ImageObject","inLanguage":"sq-AL","@id":"https:\/\/www.ahmadiyya-islam.org\/al\/njoftim-per-shtyp\/politikanja-suedeze-znj-heydari-takon-udheheqesin-boteror-te-xhematit-musliman-ahmedia\/#primaryimage","url":"https:\/\/www.ahmadiyya-islam.org\/al\/wp-content\/uploads\/sites\/3\/2015\/03\/2015-03-07-politikane-suedeze-Swed-1024x620.jpg","contentUrl":"https:\/\/www.ahmadiyya-islam.org\/al\/wp-content\/uploads\/sites\/3\/2015\/03\/2015-03-07-politikane-suedeze-Swed-1024x620.jpg","width":1024,"height":620},{"@type":"BreadcrumbList","@id":"https:\/\/www.ahmadiyya-islam.org\/al\/njoftim-per-shtyp\/politikanja-suedeze-znj-heydari-takon-udheheqesin-boteror-te-xhematit-musliman-ahmedia\/#breadcrumb","itemListElement":[{"@type":"ListItem","position":1,"name":"Home","item":"https:\/\/www.ahmadiyya-islam.org\/al\/"},{"@type":"ListItem","position":2,"name":"Politikanja suedeze Znj. Heydari takon Udh\u00ebheq\u00ebsin bot\u00ebror t\u00eb Xhematit Musliman Ahmedia"}]},{"@type":"WebSite","@id":"https:\/\/www.ahmadiyya-islam.org\/al\/#website","url":"https:\/\/www.ahmadiyya-islam.org\/al\/","name":"Xhemati Musliman Ahmedia","description":"Albania","potentialAction":[{"@type":"SearchAction","target":{"@type":"EntryPoint","urlTemplate":"https:\/\/www.ahmadiyya-islam.org\/al\/?s={search_term_string}"},"query-input":{"@type":"PropertyValueSpecification","valueRequired":true,"valueName":"search_term_string"}}],"inLanguage":"sq-AL"},{"@type":"Person","@id":"https:\/\/www.ahmadiyya-islam.org\/al\/#\/schema\/person\/5f18f059fde6d65fbdbffcced4741b8d","name":"samad"}]}},"_links":{"self":[{"href":"https:\/\/www.ahmadiyya-islam.org\/al\/wp-json\/wp\/v2\/posts\/432","targetHints":{"allow":["GET"]}}],"collection":[{"href":"https:\/\/www.ahmadiyya-islam.org\/al\/wp-json\/wp\/v2\/posts"}],"about":[{"href":"https:\/\/www.ahmadiyya-islam.org\/al\/wp-json\/wp\/v2\/types\/post"}],"author":[{"embeddable":true,"href":"https:\/\/www.ahmadiyya-islam.org\/al\/wp-json\/wp\/v2\/users\/5"}],"replies":[{"embeddable":true,"href":"https:\/\/www.ahmadiyya-islam.org\/al\/wp-json\/wp\/v2\/comments?post=432"}],"version-history":[{"count":0,"href":"https:\/\/www.ahmadiyya-islam.org\/al\/wp-json\/wp\/v2\/posts\/432\/revisions"}],"wp:featuredmedia":[{"embeddable":true,"href":"https:\/\/www.ahmadiyya-islam.org\/al\/wp-json\/wp\/v2\/media\/1209"}],"wp:attachment":[{"href":"https:\/\/www.ahmadiyya-islam.org\/al\/wp-json\/wp\/v2\/media?parent=432"}],"wp:term":[{"taxonomy":"category","embeddable":true,"href":"https:\/\/www.ahmadiyya-islam.org\/al\/wp-json\/wp\/v2\/categories?post=432"},{"taxonomy":"post_tag","embeddable":true,"href":"https:\/\/www.ahmadiyya-islam.org\/al\/wp-json\/wp\/v2\/tags?post=432"},{"taxonomy":"authors","embeddable":true,"href":"https:\/\/www.ahmadiyya-islam.org\/al\/wp-json\/wp\/v2\/authors?post=432"},{"taxonomy":"content_source","embeddable":true,"href":"https:\/\/www.ahmadiyya-islam.org\/al\/wp-json\/wp\/v2\/content_source?post=432"}],"curies":[{"name":"wp","href":"https:\/\/api.w.org\/{rel}","templated":true}]}}