{"id":3757,"date":"2015-11-26T13:54:26","date_gmt":"2015-11-26T13:54:26","guid":{"rendered":"http:\/\/www.ahmadiyya-islam.org\/al\/?p=3757"},"modified":"2015-11-26T13:57:19","modified_gmt":"2015-11-26T13:57:19","slug":"udheheqesi-i-xhematit-musliman-ahmedia-perhap-mesazhin-e-islamit-te-vertete-ne-japoni","status":"publish","type":"post","link":"https:\/\/www.ahmadiyya-islam.org\/al\/njoftim-per-shtyp\/udheheqesi-i-xhematit-musliman-ahmedia-perhap-mesazhin-e-islamit-te-vertete-ne-japoni\/","title":{"rendered":"Udh\u00ebheq\u00ebsi i Xhematit Musliman Ahmedia p\u00ebrhap mesazhin e Islamit t\u00eb v\u00ebrtet\u00eb n\u00eb Japoni"},"content":{"rendered":"<p>Gjat\u00eb vizit\u00ebs s\u00eb tij t\u00eb fundit n\u00eb Japoni,\u00a0<a href=\"http:\/\/www.ahmadiyya-islam.org\/al\/profilet\/hazret-mirza-masrur-ahmed-aba\/\" target=\"_blank\">Kalifi i Pest\u00eb i Mesihut t\u00eb Premtuar, udh\u00ebheq\u00ebsi bot\u00ebror i Xhematit Ahmedia, Hazret Mirza Masrur Ahmedi <\/a>u intervistua nga agjenci t\u00eb ndryshme t\u00eb medias japoneze, si: <strong>gazeta \u201cAsahi\u201d, gazeta \u201cNippou\u201d, televizioni \u201cChukyo\u201d,<\/strong> dhe <strong>agjencia e lajmeve \u201cShingetsu\u201d<\/strong>.<\/p>\n<p>N\u00eb k\u00ebto intervista, shenjt\u00ebria e tij u pyet p\u00ebr m\u00ebsime t\u00eb ndryshme t\u00eb Islamit, p\u00ebr p\u00ebrurimin e xhamis\u00eb \u201cBejtul Ahad\u201d, gjithashtu, edhe p\u00ebr konfliktet gjithnj\u00eb n\u00eb rritje n\u00eb bot\u00eb, duke iu referuar n\u00eb ve\u00e7anti sulmeve t\u00eb fundit t\u00eb Parisit.<\/p>\n<p>N\u00eb lidhje me p\u00ebrurimin e xhamis\u00eb \u201cBejtul Ahad\u201d, duke iu p\u00ebrgjigjur pyetjes s\u00eb \u201cChukyo TV\u201d, Hazret Mirza Masrur Ahmedi tha:<\/p>\n<blockquote><p><strong>Nuk mjafton vet\u00ebm nd\u00ebrtimi l\u00ebndor i xhamis\u00eb, por q\u00ebllimi i nj\u00eb xhamie mund t\u00eb p\u00ebrmbushet vet\u00ebm at\u00ebher\u00eb kur ajo p\u00ebrdoret p\u00ebr t\u00eb adhuruar Zotin e Vet\u00ebm, p\u00ebr t\u00eb plot\u00ebsuar detyrimet ndaj nj\u00ebri-tjetrit dhe p\u00ebr t\u00eb shp\u00ebrndar\u00eb m\u00ebsimet e v\u00ebrteta dhe paq\u00ebsore t\u00eb Islamit.<\/strong><\/p><\/blockquote>\n<p><a href=\"http:\/\/www.ahmadiyya-islam.org\/al\/wp-content\/uploads\/sites\/3\/2015\/11\/2015-11-JP-Intervista-002.jpg\"><img loading=\"lazy\" decoding=\"async\" class=\"aligncenter size-full wp-image-3760\" src=\"http:\/\/www.ahmadiyya-islam.org\/al\/wp-content\/uploads\/sites\/3\/2015\/11\/2015-11-JP-Intervista-002.jpg\" alt=\"2015-11-JP-Intervista-002\" width=\"986\" height=\"529\" srcset=\"https:\/\/www.ahmadiyya-islam.org\/al\/wp-content\/uploads\/sites\/3\/2015\/11\/2015-11-JP-Intervista-002.jpg 986w, https:\/\/www.ahmadiyya-islam.org\/al\/wp-content\/uploads\/sites\/3\/2015\/11\/2015-11-JP-Intervista-002-768x412.jpg 768w, https:\/\/www.ahmadiyya-islam.org\/al\/wp-content\/uploads\/sites\/3\/2015\/11\/2015-11-JP-Intervista-002-300x161.jpg 300w\" sizes=\"auto, (max-width: 986px) 100vw, 986px\" \/><\/a>Duke iu p\u00ebrgjigjur pyetjes s\u00eb \u201cChukyo TV\u201d n\u00eb lidhje me sulmet e fundit terroriste n\u00eb Paris, Hazret Mirza Masrur Ahmedi tha:<\/p>\n<blockquote><p><strong>Sulmet e fundit terroriste q\u00eb u b\u00ebn\u00eb n\u00eb Paris, duhet t\u00eb d\u00ebnohen n\u00eb m\u00ebnyr\u00ebn m\u00eb t\u00eb ashp\u00ebr t\u00eb mundshme.\u00a0 Ato mund t\u00eb klasifikohen vet\u00ebm si akte tejet brutale dhe mizore. Grupet terroriste si ISIS etj. veprojn\u00eb krejt\u00ebsisht kund\u00ebr m\u00ebsimeve t\u00eb Islamit, sepse Islami nxit vet\u00ebm paqen, dashurin\u00eb. Grupet e tilla terroriste nuk arrijn\u00eb asgj\u00eb tjet\u00ebr, p\u00ebrve\u00e7se deskreditimin e emrit t\u00eb Islamit.<\/strong><\/p><\/blockquote>\n<p>Agjencia e lajmeve \u201cShingetsu\u201d e pyeti udh\u00ebheq\u00ebsin e <a href=\"http:\/\/www.ahmadiyya-islam.org\/al\/xhemati-musliman-ahmedia\/\" target=\"_blank\">Xhematit Musliman Ahmedia<\/a> se \u00e7far\u00eb shprese ka ai n\u00eb Japoni. Ai iu p\u00ebrgjigj:<\/p>\n<blockquote><p><strong>Ne jemi nj\u00eb organizat\u00eb misionare dhe q\u00ebllimi yn\u00eb \u00ebsht\u00eb t\u00eb p\u00ebrhapim m\u00ebsimet e v\u00ebrteta t\u00eb Islamit. Kam v\u00ebn\u00eb re se japonez\u00ebt jan\u00eb njer\u00ebz t\u00eb sinqert\u00eb dhe ata kan\u00eb virtyte t\u00eb mira, ndaj, nuk jam pesimist. Besoj se nj\u00eb dit\u00eb shum\u00eb nga japonez\u00ebt do t\u00eb pranojn\u00eb Islamin.<\/strong><\/p><\/blockquote>\n<p><a href=\"http:\/\/www.ahmadiyya-islam.org\/al\/wp-content\/uploads\/sites\/3\/2015\/11\/2015-11-JP-Intervista-003.jpg\"><img loading=\"lazy\" decoding=\"async\" class=\"aligncenter size-full wp-image-3758\" src=\"http:\/\/www.ahmadiyya-islam.org\/al\/wp-content\/uploads\/sites\/3\/2015\/11\/2015-11-JP-Intervista-003.jpg\" alt=\"2015-11-JP-Intervista-003\" width=\"986\" height=\"478\" srcset=\"https:\/\/www.ahmadiyya-islam.org\/al\/wp-content\/uploads\/sites\/3\/2015\/11\/2015-11-JP-Intervista-003.jpg 986w, https:\/\/www.ahmadiyya-islam.org\/al\/wp-content\/uploads\/sites\/3\/2015\/11\/2015-11-JP-Intervista-003-768x372.jpg 768w, https:\/\/www.ahmadiyya-islam.org\/al\/wp-content\/uploads\/sites\/3\/2015\/11\/2015-11-JP-Intervista-003-300x145.jpg 300w\" sizes=\"auto, (max-width: 986px) 100vw, 986px\" \/><\/a>Gjat\u00eb intervist\u00ebs s\u00eb tij me gazet\u00ebn \u201cChugai Nippou\u201d, Hazret Mirza Masrur Ahmedi u pyet p\u00ebr masat q\u00eb duhen marr\u00eb p\u00ebr t\u00eb frenuar ekstremizmin dhe terrorizmin dhe ai iu p\u00ebrgjigj:<\/p>\n<blockquote><p><strong>\u00cbsht\u00eb e nevojshme q\u00eb autoritar\u00ebt t\u00eb q\u00ebndrojn\u00eb vigjilent\u00eb ndaj k\u00ebrc\u00ebnimit nga terrorizmi dhe ekstremizmi. Nga nj\u00eb koh\u00eb e gjat\u00eb un\u00eb po b\u00ebj k\u00ebt\u00eb thirrje.<\/strong><\/p><\/blockquote>\n<p>Gjat\u00eb intervist\u00ebs me gazet\u00ebn \u201cAsahi\u201d, Hazret Mirza Masur Ahmedi u pyet p\u00ebr mesazhin q\u00eb ai donte t\u2019ia jepte popullit japonez. Ai tha:<\/p>\n<blockquote><p><strong>Bota po l\u00ebviz drejt nj\u00eb lufte tjet\u00ebr bot\u00ebrore dhe populli japonez i di m\u00eb mir\u00eb se kushdo tjet\u00ebr pasojat shkat\u00ebrrimtare t\u00eb nj\u00eb lufte t\u00eb till\u00eb. Andaj, Japonia si shtet, duhet t\u00eb p\u00ebrpiqet maksimalisht p\u00ebr t\u00eb vendosur paqe n\u00eb bot\u00eb dhe p\u00ebr t\u2019i dh\u00ebn\u00eb fund \u00e7dolloj konflikti.<\/strong><\/p><\/blockquote>\n<p>&nbsp;<\/p>\n<p>&nbsp;<\/p>\n","protected":false},"excerpt":{"rendered":"<p>Kam v\u00ebn\u00eb re se japonez\u00ebt jan\u00eb njer\u00ebz t\u00eb sinqert\u00eb dhe ata kan\u00eb virtyte t\u00eb mira, ndaj, nuk jam pesimist. Besoj se nj\u00eb dit\u00eb shum\u00eb nga japonez\u00ebt do t\u00eb pranojn\u00eb Islamin.<\/p>\n","protected":false},"author":5,"featured_media":3761,"comment_status":"open","ping_status":"closed","sticky":false,"template":"","format":"standard","meta":{"_acf_changed":false,"footnotes":""},"categories":[12,11],"tags":[],"authors":[],"content_source":[],"class_list":["post-3757","post","type-post","status-publish","format-standard","has-post-thumbnail","hentry","category-media","category-njoftim-per-shtyp","topics-xhemati-musliman-ahmedia-nderkombetar","country-city-japoni"],"acf":[],"yoast_head":"<!-- This site is optimized with the Yoast SEO Premium plugin v21.1 (Yoast SEO v27.4) - https:\/\/yoast.com\/product\/yoast-seo-premium-wordpress\/ -->\n<title>Udh\u00ebheq\u00ebsi i Xhematit Musliman Ahmedia p\u00ebrhap mesazhin e Islamit t\u00eb v\u00ebrtet\u00eb n\u00eb Japoni<\/title>\n<meta name=\"description\" content=\"Kam v\u00ebn\u00eb re se japonez\u00ebt jan\u00eb njer\u00ebz t\u00eb sinqert\u00eb dhe ata kan\u00eb virtyte t\u00eb mira, ndaj, nuk jam pesimist. Besoj se nj\u00eb dit\u00eb shum\u00eb nga japonez\u00ebt do t\u00eb pranojn\u00eb Islamin.\" \/>\n<meta name=\"robots\" content=\"index, follow, max-snippet:-1, max-image-preview:large, max-video-preview:-1\" \/>\n<link rel=\"canonical\" href=\"https:\/\/www.ahmadiyya-islam.org\/al\/njoftim-per-shtyp\/udheheqesi-i-xhematit-musliman-ahmedia-perhap-mesazhin-e-islamit-te-vertete-ne-japoni\/\" \/>\n<meta property=\"og:locale\" content=\"sq_AL\" \/>\n<meta property=\"og:type\" content=\"article\" \/>\n<meta property=\"og:title\" content=\"Udh\u00ebheq\u00ebsi i Xhematit Musliman Ahmedia p\u00ebrhap mesazhin e Islamit t\u00eb v\u00ebrtet\u00eb n\u00eb Japoni\" \/>\n<meta property=\"og:description\" content=\"Kam v\u00ebn\u00eb re se japonez\u00ebt jan\u00eb njer\u00ebz t\u00eb sinqert\u00eb dhe ata kan\u00eb virtyte t\u00eb mira, ndaj, nuk jam pesimist. Besoj se nj\u00eb dit\u00eb shum\u00eb nga japonez\u00ebt do t\u00eb pranojn\u00eb Islamin.\" \/>\n<meta property=\"og:url\" content=\"https:\/\/www.ahmadiyya-islam.org\/al\/njoftim-per-shtyp\/udheheqesi-i-xhematit-musliman-ahmedia-perhap-mesazhin-e-islamit-te-vertete-ne-japoni\/\" \/>\n<meta property=\"og:site_name\" content=\"Xhemati Musliman Ahmedia\" \/>\n<meta property=\"article:published_time\" content=\"2015-11-26T13:54:26+00:00\" \/>\n<meta property=\"article:modified_time\" content=\"2015-11-26T13:57:19+00:00\" \/>\n<meta property=\"og:image\" content=\"https:\/\/www.ahmadiyya-islam.org\/al\/wp-content\/uploads\/sites\/3\/2015\/11\/2015-11-JP-Intervista-001-1200x571.jpg\" \/>\n\t<meta property=\"og:image:width\" content=\"1200\" \/>\n\t<meta property=\"og:image:height\" content=\"571\" \/>\n\t<meta property=\"og:image:type\" content=\"image\/jpeg\" \/>\n<meta name=\"author\" content=\"samad\" \/>\n<meta name=\"twitter:card\" content=\"summary_large_image\" \/>\n<meta name=\"twitter:label1\" content=\"Written by\" \/>\n\t<meta name=\"twitter:data1\" content=\"samad\" \/>\n\t<meta name=\"twitter:label2\" content=\"Est. reading time\" \/>\n\t<meta name=\"twitter:data2\" content=\"3 minutes\" \/>\n<script type=\"application\/ld+json\" class=\"yoast-schema-graph\">{\"@context\":\"https:\\\/\\\/schema.org\",\"@graph\":[{\"@type\":\"Article\",\"@id\":\"https:\\\/\\\/www.ahmadiyya-islam.org\\\/al\\\/njoftim-per-shtyp\\\/udheheqesi-i-xhematit-musliman-ahmedia-perhap-mesazhin-e-islamit-te-vertete-ne-japoni\\\/#article\",\"isPartOf\":{\"@id\":\"https:\\\/\\\/www.ahmadiyya-islam.org\\\/al\\\/njoftim-per-shtyp\\\/udheheqesi-i-xhematit-musliman-ahmedia-perhap-mesazhin-e-islamit-te-vertete-ne-japoni\\\/\"},\"author\":{\"name\":\"samad\",\"@id\":\"https:\\\/\\\/www.ahmadiyya-islam.org\\\/al\\\/#\\\/schema\\\/person\\\/5f18f059fde6d65fbdbffcced4741b8d\"},\"headline\":\"Udh\u00ebheq\u00ebsi i Xhematit Musliman Ahmedia p\u00ebrhap mesazhin e Islamit t\u00eb v\u00ebrtet\u00eb n\u00eb Japoni\",\"datePublished\":\"2015-11-26T13:54:26+00:00\",\"dateModified\":\"2015-11-26T13:57:19+00:00\",\"mainEntityOfPage\":{\"@id\":\"https:\\\/\\\/www.ahmadiyya-islam.org\\\/al\\\/njoftim-per-shtyp\\\/udheheqesi-i-xhematit-musliman-ahmedia-perhap-mesazhin-e-islamit-te-vertete-ne-japoni\\\/\"},\"wordCount\":518,\"commentCount\":0,\"image\":{\"@id\":\"https:\\\/\\\/www.ahmadiyya-islam.org\\\/al\\\/njoftim-per-shtyp\\\/udheheqesi-i-xhematit-musliman-ahmedia-perhap-mesazhin-e-islamit-te-vertete-ne-japoni\\\/#primaryimage\"},\"thumbnailUrl\":\"https:\\\/\\\/www.ahmadiyya-islam.org\\\/al\\\/wp-content\\\/uploads\\\/sites\\\/3\\\/2015\\\/11\\\/2015-11-JP-Intervista-001-1200x571.jpg\",\"articleSection\":[\"Media\",\"Njoftim p\u00ebr shtyp\"],\"inLanguage\":\"sq-AL\"},{\"@type\":\"WebPage\",\"@id\":\"https:\\\/\\\/www.ahmadiyya-islam.org\\\/al\\\/njoftim-per-shtyp\\\/udheheqesi-i-xhematit-musliman-ahmedia-perhap-mesazhin-e-islamit-te-vertete-ne-japoni\\\/\",\"url\":\"https:\\\/\\\/www.ahmadiyya-islam.org\\\/al\\\/njoftim-per-shtyp\\\/udheheqesi-i-xhematit-musliman-ahmedia-perhap-mesazhin-e-islamit-te-vertete-ne-japoni\\\/\",\"name\":\"Udh\u00ebheq\u00ebsi i Xhematit Musliman Ahmedia p\u00ebrhap mesazhin e Islamit t\u00eb v\u00ebrtet\u00eb n\u00eb Japoni\",\"isPartOf\":{\"@id\":\"https:\\\/\\\/www.ahmadiyya-islam.org\\\/al\\\/#website\"},\"primaryImageOfPage\":{\"@id\":\"https:\\\/\\\/www.ahmadiyya-islam.org\\\/al\\\/njoftim-per-shtyp\\\/udheheqesi-i-xhematit-musliman-ahmedia-perhap-mesazhin-e-islamit-te-vertete-ne-japoni\\\/#primaryimage\"},\"image\":{\"@id\":\"https:\\\/\\\/www.ahmadiyya-islam.org\\\/al\\\/njoftim-per-shtyp\\\/udheheqesi-i-xhematit-musliman-ahmedia-perhap-mesazhin-e-islamit-te-vertete-ne-japoni\\\/#primaryimage\"},\"thumbnailUrl\":\"https:\\\/\\\/www.ahmadiyya-islam.org\\\/al\\\/wp-content\\\/uploads\\\/sites\\\/3\\\/2015\\\/11\\\/2015-11-JP-Intervista-001-1200x571.jpg\",\"datePublished\":\"2015-11-26T13:54:26+00:00\",\"dateModified\":\"2015-11-26T13:57:19+00:00\",\"author\":{\"@id\":\"https:\\\/\\\/www.ahmadiyya-islam.org\\\/al\\\/#\\\/schema\\\/person\\\/5f18f059fde6d65fbdbffcced4741b8d\"},\"description\":\"Kam v\u00ebn\u00eb re se japonez\u00ebt jan\u00eb njer\u00ebz t\u00eb sinqert\u00eb dhe ata kan\u00eb virtyte t\u00eb mira, ndaj, nuk jam pesimist. Besoj se nj\u00eb dit\u00eb shum\u00eb nga japonez\u00ebt do t\u00eb pranojn\u00eb Islamin.\",\"breadcrumb\":{\"@id\":\"https:\\\/\\\/www.ahmadiyya-islam.org\\\/al\\\/njoftim-per-shtyp\\\/udheheqesi-i-xhematit-musliman-ahmedia-perhap-mesazhin-e-islamit-te-vertete-ne-japoni\\\/#breadcrumb\"},\"inLanguage\":\"sq-AL\",\"potentialAction\":[{\"@type\":\"ReadAction\",\"target\":[\"https:\\\/\\\/www.ahmadiyya-islam.org\\\/al\\\/njoftim-per-shtyp\\\/udheheqesi-i-xhematit-musliman-ahmedia-perhap-mesazhin-e-islamit-te-vertete-ne-japoni\\\/\"]}]},{\"@type\":\"ImageObject\",\"inLanguage\":\"sq-AL\",\"@id\":\"https:\\\/\\\/www.ahmadiyya-islam.org\\\/al\\\/njoftim-per-shtyp\\\/udheheqesi-i-xhematit-musliman-ahmedia-perhap-mesazhin-e-islamit-te-vertete-ne-japoni\\\/#primaryimage\",\"url\":\"https:\\\/\\\/www.ahmadiyya-islam.org\\\/al\\\/wp-content\\\/uploads\\\/sites\\\/3\\\/2015\\\/11\\\/2015-11-JP-Intervista-001-1200x571.jpg\",\"contentUrl\":\"https:\\\/\\\/www.ahmadiyya-islam.org\\\/al\\\/wp-content\\\/uploads\\\/sites\\\/3\\\/2015\\\/11\\\/2015-11-JP-Intervista-001-1200x571.jpg\",\"width\":1200,\"height\":571},{\"@type\":\"BreadcrumbList\",\"@id\":\"https:\\\/\\\/www.ahmadiyya-islam.org\\\/al\\\/njoftim-per-shtyp\\\/udheheqesi-i-xhematit-musliman-ahmedia-perhap-mesazhin-e-islamit-te-vertete-ne-japoni\\\/#breadcrumb\",\"itemListElement\":[{\"@type\":\"ListItem\",\"position\":1,\"name\":\"Home\",\"item\":\"https:\\\/\\\/www.ahmadiyya-islam.org\\\/al\\\/\"},{\"@type\":\"ListItem\",\"position\":2,\"name\":\"Udh\u00ebheq\u00ebsi i Xhematit Musliman Ahmedia p\u00ebrhap mesazhin e Islamit t\u00eb v\u00ebrtet\u00eb n\u00eb Japoni\"}]},{\"@type\":\"WebSite\",\"@id\":\"https:\\\/\\\/www.ahmadiyya-islam.org\\\/al\\\/#website\",\"url\":\"https:\\\/\\\/www.ahmadiyya-islam.org\\\/al\\\/\",\"name\":\"Xhemati Musliman Ahmedia\",\"description\":\"Albania\",\"potentialAction\":[{\"@type\":\"SearchAction\",\"target\":{\"@type\":\"EntryPoint\",\"urlTemplate\":\"https:\\\/\\\/www.ahmadiyya-islam.org\\\/al\\\/?s={search_term_string}\"},\"query-input\":{\"@type\":\"PropertyValueSpecification\",\"valueRequired\":true,\"valueName\":\"search_term_string\"}}],\"inLanguage\":\"sq-AL\"},{\"@type\":\"Person\",\"@id\":\"https:\\\/\\\/www.ahmadiyya-islam.org\\\/al\\\/#\\\/schema\\\/person\\\/5f18f059fde6d65fbdbffcced4741b8d\",\"name\":\"samad\"}]}<\/script>\n<!-- \/ Yoast SEO Premium plugin. -->","yoast_head_json":{"title":"Udh\u00ebheq\u00ebsi i Xhematit Musliman Ahmedia p\u00ebrhap mesazhin e Islamit t\u00eb v\u00ebrtet\u00eb n\u00eb Japoni","description":"Kam v\u00ebn\u00eb re se japonez\u00ebt jan\u00eb njer\u00ebz t\u00eb sinqert\u00eb dhe ata kan\u00eb virtyte t\u00eb mira, ndaj, nuk jam pesimist. Besoj se nj\u00eb dit\u00eb shum\u00eb nga japonez\u00ebt do t\u00eb pranojn\u00eb Islamin.","robots":{"index":"index","follow":"follow","max-snippet":"max-snippet:-1","max-image-preview":"max-image-preview:large","max-video-preview":"max-video-preview:-1"},"canonical":"https:\/\/www.ahmadiyya-islam.org\/al\/njoftim-per-shtyp\/udheheqesi-i-xhematit-musliman-ahmedia-perhap-mesazhin-e-islamit-te-vertete-ne-japoni\/","og_locale":"sq_AL","og_type":"article","og_title":"Udh\u00ebheq\u00ebsi i Xhematit Musliman Ahmedia p\u00ebrhap mesazhin e Islamit t\u00eb v\u00ebrtet\u00eb n\u00eb Japoni","og_description":"Kam v\u00ebn\u00eb re se japonez\u00ebt jan\u00eb njer\u00ebz t\u00eb sinqert\u00eb dhe ata kan\u00eb virtyte t\u00eb mira, ndaj, nuk jam pesimist. Besoj se nj\u00eb dit\u00eb shum\u00eb nga japonez\u00ebt do t\u00eb pranojn\u00eb Islamin.","og_url":"https:\/\/www.ahmadiyya-islam.org\/al\/njoftim-per-shtyp\/udheheqesi-i-xhematit-musliman-ahmedia-perhap-mesazhin-e-islamit-te-vertete-ne-japoni\/","og_site_name":"Xhemati Musliman Ahmedia","article_published_time":"2015-11-26T13:54:26+00:00","article_modified_time":"2015-11-26T13:57:19+00:00","og_image":[{"width":1200,"height":571,"url":"https:\/\/www.ahmadiyya-islam.org\/al\/wp-content\/uploads\/sites\/3\/2015\/11\/2015-11-JP-Intervista-001-1200x571.jpg","type":"image\/jpeg"}],"author":"samad","twitter_card":"summary_large_image","twitter_misc":{"Written by":"samad","Est. reading time":"3 minutes"},"schema":{"@context":"https:\/\/schema.org","@graph":[{"@type":"Article","@id":"https:\/\/www.ahmadiyya-islam.org\/al\/njoftim-per-shtyp\/udheheqesi-i-xhematit-musliman-ahmedia-perhap-mesazhin-e-islamit-te-vertete-ne-japoni\/#article","isPartOf":{"@id":"https:\/\/www.ahmadiyya-islam.org\/al\/njoftim-per-shtyp\/udheheqesi-i-xhematit-musliman-ahmedia-perhap-mesazhin-e-islamit-te-vertete-ne-japoni\/"},"author":{"name":"samad","@id":"https:\/\/www.ahmadiyya-islam.org\/al\/#\/schema\/person\/5f18f059fde6d65fbdbffcced4741b8d"},"headline":"Udh\u00ebheq\u00ebsi i Xhematit Musliman Ahmedia p\u00ebrhap mesazhin e Islamit t\u00eb v\u00ebrtet\u00eb n\u00eb Japoni","datePublished":"2015-11-26T13:54:26+00:00","dateModified":"2015-11-26T13:57:19+00:00","mainEntityOfPage":{"@id":"https:\/\/www.ahmadiyya-islam.org\/al\/njoftim-per-shtyp\/udheheqesi-i-xhematit-musliman-ahmedia-perhap-mesazhin-e-islamit-te-vertete-ne-japoni\/"},"wordCount":518,"commentCount":0,"image":{"@id":"https:\/\/www.ahmadiyya-islam.org\/al\/njoftim-per-shtyp\/udheheqesi-i-xhematit-musliman-ahmedia-perhap-mesazhin-e-islamit-te-vertete-ne-japoni\/#primaryimage"},"thumbnailUrl":"https:\/\/www.ahmadiyya-islam.org\/al\/wp-content\/uploads\/sites\/3\/2015\/11\/2015-11-JP-Intervista-001-1200x571.jpg","articleSection":["Media","Njoftim p\u00ebr shtyp"],"inLanguage":"sq-AL"},{"@type":"WebPage","@id":"https:\/\/www.ahmadiyya-islam.org\/al\/njoftim-per-shtyp\/udheheqesi-i-xhematit-musliman-ahmedia-perhap-mesazhin-e-islamit-te-vertete-ne-japoni\/","url":"https:\/\/www.ahmadiyya-islam.org\/al\/njoftim-per-shtyp\/udheheqesi-i-xhematit-musliman-ahmedia-perhap-mesazhin-e-islamit-te-vertete-ne-japoni\/","name":"Udh\u00ebheq\u00ebsi i Xhematit Musliman Ahmedia p\u00ebrhap mesazhin e Islamit t\u00eb v\u00ebrtet\u00eb n\u00eb Japoni","isPartOf":{"@id":"https:\/\/www.ahmadiyya-islam.org\/al\/#website"},"primaryImageOfPage":{"@id":"https:\/\/www.ahmadiyya-islam.org\/al\/njoftim-per-shtyp\/udheheqesi-i-xhematit-musliman-ahmedia-perhap-mesazhin-e-islamit-te-vertete-ne-japoni\/#primaryimage"},"image":{"@id":"https:\/\/www.ahmadiyya-islam.org\/al\/njoftim-per-shtyp\/udheheqesi-i-xhematit-musliman-ahmedia-perhap-mesazhin-e-islamit-te-vertete-ne-japoni\/#primaryimage"},"thumbnailUrl":"https:\/\/www.ahmadiyya-islam.org\/al\/wp-content\/uploads\/sites\/3\/2015\/11\/2015-11-JP-Intervista-001-1200x571.jpg","datePublished":"2015-11-26T13:54:26+00:00","dateModified":"2015-11-26T13:57:19+00:00","author":{"@id":"https:\/\/www.ahmadiyya-islam.org\/al\/#\/schema\/person\/5f18f059fde6d65fbdbffcced4741b8d"},"description":"Kam v\u00ebn\u00eb re se japonez\u00ebt jan\u00eb njer\u00ebz t\u00eb sinqert\u00eb dhe ata kan\u00eb virtyte t\u00eb mira, ndaj, nuk jam pesimist. Besoj se nj\u00eb dit\u00eb shum\u00eb nga japonez\u00ebt do t\u00eb pranojn\u00eb Islamin.","breadcrumb":{"@id":"https:\/\/www.ahmadiyya-islam.org\/al\/njoftim-per-shtyp\/udheheqesi-i-xhematit-musliman-ahmedia-perhap-mesazhin-e-islamit-te-vertete-ne-japoni\/#breadcrumb"},"inLanguage":"sq-AL","potentialAction":[{"@type":"ReadAction","target":["https:\/\/www.ahmadiyya-islam.org\/al\/njoftim-per-shtyp\/udheheqesi-i-xhematit-musliman-ahmedia-perhap-mesazhin-e-islamit-te-vertete-ne-japoni\/"]}]},{"@type":"ImageObject","inLanguage":"sq-AL","@id":"https:\/\/www.ahmadiyya-islam.org\/al\/njoftim-per-shtyp\/udheheqesi-i-xhematit-musliman-ahmedia-perhap-mesazhin-e-islamit-te-vertete-ne-japoni\/#primaryimage","url":"https:\/\/www.ahmadiyya-islam.org\/al\/wp-content\/uploads\/sites\/3\/2015\/11\/2015-11-JP-Intervista-001-1200x571.jpg","contentUrl":"https:\/\/www.ahmadiyya-islam.org\/al\/wp-content\/uploads\/sites\/3\/2015\/11\/2015-11-JP-Intervista-001-1200x571.jpg","width":1200,"height":571},{"@type":"BreadcrumbList","@id":"https:\/\/www.ahmadiyya-islam.org\/al\/njoftim-per-shtyp\/udheheqesi-i-xhematit-musliman-ahmedia-perhap-mesazhin-e-islamit-te-vertete-ne-japoni\/#breadcrumb","itemListElement":[{"@type":"ListItem","position":1,"name":"Home","item":"https:\/\/www.ahmadiyya-islam.org\/al\/"},{"@type":"ListItem","position":2,"name":"Udh\u00ebheq\u00ebsi i Xhematit Musliman Ahmedia p\u00ebrhap mesazhin e Islamit t\u00eb v\u00ebrtet\u00eb n\u00eb Japoni"}]},{"@type":"WebSite","@id":"https:\/\/www.ahmadiyya-islam.org\/al\/#website","url":"https:\/\/www.ahmadiyya-islam.org\/al\/","name":"Xhemati Musliman Ahmedia","description":"Albania","potentialAction":[{"@type":"SearchAction","target":{"@type":"EntryPoint","urlTemplate":"https:\/\/www.ahmadiyya-islam.org\/al\/?s={search_term_string}"},"query-input":{"@type":"PropertyValueSpecification","valueRequired":true,"valueName":"search_term_string"}}],"inLanguage":"sq-AL"},{"@type":"Person","@id":"https:\/\/www.ahmadiyya-islam.org\/al\/#\/schema\/person\/5f18f059fde6d65fbdbffcced4741b8d","name":"samad"}]}},"_links":{"self":[{"href":"https:\/\/www.ahmadiyya-islam.org\/al\/wp-json\/wp\/v2\/posts\/3757","targetHints":{"allow":["GET"]}}],"collection":[{"href":"https:\/\/www.ahmadiyya-islam.org\/al\/wp-json\/wp\/v2\/posts"}],"about":[{"href":"https:\/\/www.ahmadiyya-islam.org\/al\/wp-json\/wp\/v2\/types\/post"}],"author":[{"embeddable":true,"href":"https:\/\/www.ahmadiyya-islam.org\/al\/wp-json\/wp\/v2\/users\/5"}],"replies":[{"embeddable":true,"href":"https:\/\/www.ahmadiyya-islam.org\/al\/wp-json\/wp\/v2\/comments?post=3757"}],"version-history":[{"count":0,"href":"https:\/\/www.ahmadiyya-islam.org\/al\/wp-json\/wp\/v2\/posts\/3757\/revisions"}],"wp:featuredmedia":[{"embeddable":true,"href":"https:\/\/www.ahmadiyya-islam.org\/al\/wp-json\/wp\/v2\/media\/3761"}],"wp:attachment":[{"href":"https:\/\/www.ahmadiyya-islam.org\/al\/wp-json\/wp\/v2\/media?parent=3757"}],"wp:term":[{"taxonomy":"category","embeddable":true,"href":"https:\/\/www.ahmadiyya-islam.org\/al\/wp-json\/wp\/v2\/categories?post=3757"},{"taxonomy":"post_tag","embeddable":true,"href":"https:\/\/www.ahmadiyya-islam.org\/al\/wp-json\/wp\/v2\/tags?post=3757"},{"taxonomy":"authors","embeddable":true,"href":"https:\/\/www.ahmadiyya-islam.org\/al\/wp-json\/wp\/v2\/authors?post=3757"},{"taxonomy":"content_source","embeddable":true,"href":"https:\/\/www.ahmadiyya-islam.org\/al\/wp-json\/wp\/v2\/content_source?post=3757"}],"curies":[{"name":"wp","href":"https:\/\/api.w.org\/{rel}","templated":true}]}}