{"id":3413,"date":"2015-10-26T19:54:31","date_gmt":"2015-10-26T19:54:31","guid":{"rendered":"http:\/\/www.ahmadiyya-islam.org\/al\/?p=3413"},"modified":"2015-10-26T19:57:26","modified_gmt":"2015-10-26T19:57:26","slug":"misioni-yne-eshte-qe-ti-perhapim-mesimet-e-verteta-dhe-paqesore-te-islamit-udheheqesi-i-xhematit-ahmedia","status":"publish","type":"post","link":"https:\/\/www.ahmadiyya-islam.org\/al\/njoftim-per-shtyp\/misioni-yne-eshte-qe-ti-perhapim-mesimet-e-verteta-dhe-paqesore-te-islamit-udheheqesi-i-xhematit-ahmedia\/","title":{"rendered":"\u201cMisioni yn\u00eb \u00ebsht\u00eb q\u00eb t\u2019i p\u00ebrhapim m\u00ebsimet e v\u00ebrteta dhe paq\u00ebsore t\u00eb Islamit\u201d &#8211; Udh\u00ebheq\u00ebsi i Xhematit Ahmedia"},"content":{"rendered":"<p>M\u00eb 7 tetor 2015, <a href=\"http:\/\/www.ahmadiyya-islam.org\/al\/profilet\/hazret-mirza-masrur-ahmed-aba\/\" target=\"_blank\">Udh\u00ebheq\u00ebsi i Xhematit Musliman Ahmedia, Kalifi i Pest\u00eb, Hazret Mirza Masrur Ahmedi <\/a>u intervistua nga gazeta holandeze <strong>De Stentor<\/strong> n\u00eb ambientet e xhamis\u00eb Bejtun Nur (Baitun Noor) n\u00eb Nunspeet, Holand\u00eb.<\/p>\n<p>Gjat\u00eb intervist\u00ebs, ai foli p\u00ebr rrezikun se bota \u00ebsht\u00eb duke shkuar drejt nj\u00eb lufte bot\u00ebrore. Ai tha se mesazhi i tij p\u00ebr t\u00eb gjitha kombet \u00ebsht\u00eb q\u00eb thjesht\u00eb t\u00eb jen\u00eb <strong>&#8220;t\u00eb ndjeshme&#8221; <\/strong>dhe t\u00eb k\u00ebrkojn\u00eb paqe.<\/p>\n<p>Pasi ishte pyetur p\u00ebr radikalizimin e musliman\u00ebve t\u00eb rinj e shpesh t\u00eb arsimuar q\u00eb jetojn\u00eb n\u00eb Per\u00ebndim, ai tha se shum\u00eb njer\u00ebzve \u00ebsht\u00eb duke iu <strong>&#8220;shp\u00ebrlar\u00eb truri me an\u00eb t\u00eb internetit&#8221; <\/strong>duke besuar se \u00ebsht\u00eb detyra e tyre t\u00eb shkojn\u00eb n\u00eb Siri dhe Irak. Ai shtoi se rritja e papun\u00ebsis\u00eb se t\u00eb rinjve \u00ebsht\u00eb gjithashtu duke shkaktuar r\u00ebnd\u00ebsh\u00ebm frustrim dhe pak\u00ebnaq\u00ebsi n\u00eb mesin e t\u00eb rinjve.<\/p>\n<p>Shenjt\u00ebria e tij tha se grupet terroriste jan\u00eb duke kryer brutalitetet m\u00eb t\u00eb tmerrshme dhe jan\u00eb duke i arsyetuar n\u00eb m\u00ebnyr\u00eb t\u00eb gabuar aktet e tyre t\u00eb liga n\u00eb em\u00ebr t\u00eb Islamit. Ai d\u00ebnoi sulmin ndaj pakicave fetare t\u00eb tilla si <em>Yazidis<\/em> dhe shkat\u00ebrrimin e monumenteve historike duke i cil\u00ebsuar ato si t\u00ebr\u00ebsisht kund\u00ebr m\u00ebsimeve t\u00eb Kuranit t\u00eb Shenjt\u00eb.<\/p>\n<p>N\u00eb pyetj\u00ebn se a konsideroh\u00ebt ai target i grupeve terroriste, Hazret Mirza Masrur Ahmedi tha:<\/p>\n<blockquote><p><strong>\u201cPo t\u00eb frik\u00ebsohesha, nuk do t\u00eb isha n\u00eb gjendje t&#8217;i kryej detyrat e mia. Musliman\u00ebt ahmedian\u00eb jan\u00eb sh\u00ebnjest\u00ebr n\u00eb Pakistan, Indonezi dhe disa vende t\u00eb tjera, por kjo nuk do t\u00eb na ndaloj\u00eb nga p\u00ebrmbushja e misionit ton\u00eb q\u00eb t\u2019i p\u00ebrhapim m\u00ebsim\u00ebt e v\u00ebrteta t\u00eb Islamit n\u00eb \u00e7do cep t\u00eb bot\u00ebs.\u201d<\/strong><\/p><\/blockquote>\n<p>Pasi ishte pyetur n\u00ebse ai \u00ebsht\u00eb i frustruar nga fakti se mbulimi mediatik \u00ebsht\u00eb dh\u00ebn\u00eb p\u00ebr terrorist\u00ebt, n\u00eb krahasim me m\u00ebsimet paq\u00ebsore t\u00eb Islamit, Hazret Mirza Masrur Ahmedi tha:<\/p>\n<blockquote><p><strong>\u201cUn\u00eb nuk jam i frustruar por kjo m\u00eb b\u00ebn mua t\u00eb p\u00ebrkul\u00ebm gjithnj\u00eb e m\u00eb shum\u00eb dhe qe t\u00eb paraqit\u00ebm duke b\u00ebr\u00eb lutje para Allahut t\u00eb Plotfuqish\u00ebm. Kjo n\u00eb vend se t\u00eb na b\u00ebj\u00eb t\u00eb frustruar, na t\u00ebrheq gjithnj\u00eb e m\u00eb af\u00ebr Zotit ton\u00eb dhe q\u00eb t\u2019i sh\u00ebrbejm\u00eb njer\u00ebzimit. V\u00ebrtet, Allahu \u00ebsht\u00eb Ai q\u00eb i do krijesat e Tij\u201d.<\/strong><\/p><\/blockquote>\n<p>Shenjt\u00ebria e Tij u pyet n\u00ebse njer\u00ebzit jan\u00eb duke iu bashkuar Xhematit Musliman Ahmedia si &#8220;reagim&#8221; ndaj terrorizmit dhe ekstremizmit.<\/p>\n<p>Si p\u00ebrgjigjje, Hazrat Mirza Masrur Ahmedi tha:<\/p>\n<blockquote><p><strong>\u201cPo, \u00ebsht\u00eb e mundur q\u00eb kjo \u00ebsht\u00eb nj\u00eb arsye, p\u00ebr shkak se kur njer\u00ebzit e shohin dhe krahasojn\u00eb sjelljen paq\u00ebsore t\u00eb musliman\u00ebve ahmedian\u00eb ndaj veprimeve t\u00eb ekstremist\u00ebve t\u00eb dhunsh\u00ebm, ata t\u00ebrhiqen nga mesazhi yn\u00eb.\u201d<\/strong><\/p><\/blockquote>\n<p>&nbsp;<\/p>\n","protected":false},"excerpt":{"rendered":"<p>Intervist\u00eb p\u00ebr gazet\u00ebn holandeze De Stentor. <\/p>\n","protected":false},"author":5,"featured_media":3414,"comment_status":"open","ping_status":"closed","sticky":false,"template":"","format":"standard","meta":{"_acf_changed":false,"footnotes":""},"categories":[12,11],"tags":[],"authors":[],"content_source":[],"class_list":["post-3413","post","type-post","status-publish","format-standard","has-post-thumbnail","hentry","category-media","category-njoftim-per-shtyp","topics-islami-dhe-paqja","country-city-nunspeet"],"acf":[],"yoast_head":"<!-- This site is optimized with the Yoast SEO Premium plugin v21.1 (Yoast SEO v27.4) - https:\/\/yoast.com\/product\/yoast-seo-premium-wordpress\/ -->\n<title>\u201cMisioni yn\u00eb \u00ebsht\u00eb q\u00eb t\u2019i p\u00ebrhapim m\u00ebsimet e v\u00ebrteta dhe paq\u00ebsore t\u00eb Islamit\u201d - Udh\u00ebheq\u00ebsi i Xhematit Ahmedia<\/title>\n<meta name=\"description\" content=\"M\u00eb 7 tetor 2015, Udh\u00ebheq\u00ebsi i Xhematit Musliman Ahmedia, u intervistua nga gazeta holandeze De Stentor n\u00eb ambientet e xhamis\u00eb Bejtun Nur (Baitun Noor) n\u00eb Nunspeet, Holand\u00eb.\" \/>\n<meta name=\"robots\" content=\"index, follow, max-snippet:-1, max-image-preview:large, max-video-preview:-1\" \/>\n<link rel=\"canonical\" href=\"https:\/\/www.ahmadiyya-islam.org\/al\/njoftim-per-shtyp\/misioni-yne-eshte-qe-ti-perhapim-mesimet-e-verteta-dhe-paqesore-te-islamit-udheheqesi-i-xhematit-ahmedia\/\" \/>\n<meta property=\"og:locale\" content=\"sq_AL\" \/>\n<meta property=\"og:type\" content=\"article\" \/>\n<meta property=\"og:title\" content=\"\u201cMisioni yn\u00eb \u00ebsht\u00eb q\u00eb t\u2019i p\u00ebrhapim m\u00ebsimet e v\u00ebrteta dhe paq\u00ebsore t\u00eb Islamit\u201d - Udh\u00ebheq\u00ebsi i Xhematit Ahmedia\" \/>\n<meta property=\"og:description\" content=\"M\u00eb 7 tetor 2015, Udh\u00ebheq\u00ebsi i Xhematit Musliman Ahmedia, u intervistua nga gazeta holandeze De Stentor n\u00eb ambientet e xhamis\u00eb Bejtun Nur (Baitun Noor) n\u00eb Nunspeet, Holand\u00eb.\" \/>\n<meta property=\"og:url\" content=\"https:\/\/www.ahmadiyya-islam.org\/al\/njoftim-per-shtyp\/misioni-yne-eshte-qe-ti-perhapim-mesimet-e-verteta-dhe-paqesore-te-islamit-udheheqesi-i-xhematit-ahmedia\/\" \/>\n<meta property=\"og:site_name\" content=\"Xhemati Musliman Ahmedia\" \/>\n<meta property=\"article:published_time\" content=\"2015-10-26T19:54:31+00:00\" \/>\n<meta property=\"article:modified_time\" content=\"2015-10-26T19:57:26+00:00\" \/>\n<meta property=\"og:image\" content=\"https:\/\/www.ahmadiyya-islam.org\/al\/wp-content\/uploads\/sites\/3\/2015\/10\/2015-10-16-NL-Interviste-1200x600.jpg\" \/>\n\t<meta property=\"og:image:width\" content=\"1200\" \/>\n\t<meta property=\"og:image:height\" content=\"600\" \/>\n\t<meta property=\"og:image:type\" content=\"image\/jpeg\" \/>\n<meta name=\"author\" content=\"samad\" \/>\n<meta name=\"twitter:card\" content=\"summary_large_image\" \/>\n<meta name=\"twitter:label1\" content=\"Written by\" \/>\n\t<meta name=\"twitter:data1\" content=\"samad\" \/>\n\t<meta name=\"twitter:label2\" content=\"Est. reading time\" \/>\n\t<meta name=\"twitter:data2\" content=\"2 minutes\" \/>\n<script type=\"application\/ld+json\" class=\"yoast-schema-graph\">{\"@context\":\"https:\\\/\\\/schema.org\",\"@graph\":[{\"@type\":\"Article\",\"@id\":\"https:\\\/\\\/www.ahmadiyya-islam.org\\\/al\\\/njoftim-per-shtyp\\\/misioni-yne-eshte-qe-ti-perhapim-mesimet-e-verteta-dhe-paqesore-te-islamit-udheheqesi-i-xhematit-ahmedia\\\/#article\",\"isPartOf\":{\"@id\":\"https:\\\/\\\/www.ahmadiyya-islam.org\\\/al\\\/njoftim-per-shtyp\\\/misioni-yne-eshte-qe-ti-perhapim-mesimet-e-verteta-dhe-paqesore-te-islamit-udheheqesi-i-xhematit-ahmedia\\\/\"},\"author\":{\"name\":\"samad\",\"@id\":\"https:\\\/\\\/www.ahmadiyya-islam.org\\\/al\\\/#\\\/schema\\\/person\\\/5f18f059fde6d65fbdbffcced4741b8d\"},\"headline\":\"\u201cMisioni yn\u00eb \u00ebsht\u00eb q\u00eb t\u2019i p\u00ebrhapim m\u00ebsimet e v\u00ebrteta dhe paq\u00ebsore t\u00eb Islamit\u201d &#8211; Udh\u00ebheq\u00ebsi i Xhematit Ahmedia\",\"datePublished\":\"2015-10-26T19:54:31+00:00\",\"dateModified\":\"2015-10-26T19:57:26+00:00\",\"mainEntityOfPage\":{\"@id\":\"https:\\\/\\\/www.ahmadiyya-islam.org\\\/al\\\/njoftim-per-shtyp\\\/misioni-yne-eshte-qe-ti-perhapim-mesimet-e-verteta-dhe-paqesore-te-islamit-udheheqesi-i-xhematit-ahmedia\\\/\"},\"wordCount\":506,\"commentCount\":0,\"image\":{\"@id\":\"https:\\\/\\\/www.ahmadiyya-islam.org\\\/al\\\/njoftim-per-shtyp\\\/misioni-yne-eshte-qe-ti-perhapim-mesimet-e-verteta-dhe-paqesore-te-islamit-udheheqesi-i-xhematit-ahmedia\\\/#primaryimage\"},\"thumbnailUrl\":\"https:\\\/\\\/www.ahmadiyya-islam.org\\\/al\\\/wp-content\\\/uploads\\\/sites\\\/3\\\/2015\\\/10\\\/2015-10-16-NL-Interviste-1200x600.jpg\",\"articleSection\":[\"Media\",\"Njoftim p\u00ebr shtyp\"],\"inLanguage\":\"sq-AL\"},{\"@type\":\"WebPage\",\"@id\":\"https:\\\/\\\/www.ahmadiyya-islam.org\\\/al\\\/njoftim-per-shtyp\\\/misioni-yne-eshte-qe-ti-perhapim-mesimet-e-verteta-dhe-paqesore-te-islamit-udheheqesi-i-xhematit-ahmedia\\\/\",\"url\":\"https:\\\/\\\/www.ahmadiyya-islam.org\\\/al\\\/njoftim-per-shtyp\\\/misioni-yne-eshte-qe-ti-perhapim-mesimet-e-verteta-dhe-paqesore-te-islamit-udheheqesi-i-xhematit-ahmedia\\\/\",\"name\":\"\u201cMisioni yn\u00eb \u00ebsht\u00eb q\u00eb t\u2019i p\u00ebrhapim m\u00ebsimet e v\u00ebrteta dhe paq\u00ebsore t\u00eb Islamit\u201d - Udh\u00ebheq\u00ebsi i Xhematit Ahmedia\",\"isPartOf\":{\"@id\":\"https:\\\/\\\/www.ahmadiyya-islam.org\\\/al\\\/#website\"},\"primaryImageOfPage\":{\"@id\":\"https:\\\/\\\/www.ahmadiyya-islam.org\\\/al\\\/njoftim-per-shtyp\\\/misioni-yne-eshte-qe-ti-perhapim-mesimet-e-verteta-dhe-paqesore-te-islamit-udheheqesi-i-xhematit-ahmedia\\\/#primaryimage\"},\"image\":{\"@id\":\"https:\\\/\\\/www.ahmadiyya-islam.org\\\/al\\\/njoftim-per-shtyp\\\/misioni-yne-eshte-qe-ti-perhapim-mesimet-e-verteta-dhe-paqesore-te-islamit-udheheqesi-i-xhematit-ahmedia\\\/#primaryimage\"},\"thumbnailUrl\":\"https:\\\/\\\/www.ahmadiyya-islam.org\\\/al\\\/wp-content\\\/uploads\\\/sites\\\/3\\\/2015\\\/10\\\/2015-10-16-NL-Interviste-1200x600.jpg\",\"datePublished\":\"2015-10-26T19:54:31+00:00\",\"dateModified\":\"2015-10-26T19:57:26+00:00\",\"author\":{\"@id\":\"https:\\\/\\\/www.ahmadiyya-islam.org\\\/al\\\/#\\\/schema\\\/person\\\/5f18f059fde6d65fbdbffcced4741b8d\"},\"description\":\"M\u00eb 7 tetor 2015, Udh\u00ebheq\u00ebsi i Xhematit Musliman Ahmedia, u intervistua nga gazeta holandeze De Stentor n\u00eb ambientet e xhamis\u00eb Bejtun Nur (Baitun Noor) n\u00eb Nunspeet, Holand\u00eb.\",\"breadcrumb\":{\"@id\":\"https:\\\/\\\/www.ahmadiyya-islam.org\\\/al\\\/njoftim-per-shtyp\\\/misioni-yne-eshte-qe-ti-perhapim-mesimet-e-verteta-dhe-paqesore-te-islamit-udheheqesi-i-xhematit-ahmedia\\\/#breadcrumb\"},\"inLanguage\":\"sq-AL\",\"potentialAction\":[{\"@type\":\"ReadAction\",\"target\":[\"https:\\\/\\\/www.ahmadiyya-islam.org\\\/al\\\/njoftim-per-shtyp\\\/misioni-yne-eshte-qe-ti-perhapim-mesimet-e-verteta-dhe-paqesore-te-islamit-udheheqesi-i-xhematit-ahmedia\\\/\"]}]},{\"@type\":\"ImageObject\",\"inLanguage\":\"sq-AL\",\"@id\":\"https:\\\/\\\/www.ahmadiyya-islam.org\\\/al\\\/njoftim-per-shtyp\\\/misioni-yne-eshte-qe-ti-perhapim-mesimet-e-verteta-dhe-paqesore-te-islamit-udheheqesi-i-xhematit-ahmedia\\\/#primaryimage\",\"url\":\"https:\\\/\\\/www.ahmadiyya-islam.org\\\/al\\\/wp-content\\\/uploads\\\/sites\\\/3\\\/2015\\\/10\\\/2015-10-16-NL-Interviste-1200x600.jpg\",\"contentUrl\":\"https:\\\/\\\/www.ahmadiyya-islam.org\\\/al\\\/wp-content\\\/uploads\\\/sites\\\/3\\\/2015\\\/10\\\/2015-10-16-NL-Interviste-1200x600.jpg\",\"width\":1200,\"height\":600},{\"@type\":\"BreadcrumbList\",\"@id\":\"https:\\\/\\\/www.ahmadiyya-islam.org\\\/al\\\/njoftim-per-shtyp\\\/misioni-yne-eshte-qe-ti-perhapim-mesimet-e-verteta-dhe-paqesore-te-islamit-udheheqesi-i-xhematit-ahmedia\\\/#breadcrumb\",\"itemListElement\":[{\"@type\":\"ListItem\",\"position\":1,\"name\":\"Home\",\"item\":\"https:\\\/\\\/www.ahmadiyya-islam.org\\\/al\\\/\"},{\"@type\":\"ListItem\",\"position\":2,\"name\":\"\u201cMisioni yn\u00eb \u00ebsht\u00eb q\u00eb t\u2019i p\u00ebrhapim m\u00ebsimet e v\u00ebrteta dhe paq\u00ebsore t\u00eb Islamit\u201d &#8211; Udh\u00ebheq\u00ebsi i Xhematit Ahmedia\"}]},{\"@type\":\"WebSite\",\"@id\":\"https:\\\/\\\/www.ahmadiyya-islam.org\\\/al\\\/#website\",\"url\":\"https:\\\/\\\/www.ahmadiyya-islam.org\\\/al\\\/\",\"name\":\"Xhemati Musliman Ahmedia\",\"description\":\"Albania\",\"potentialAction\":[{\"@type\":\"SearchAction\",\"target\":{\"@type\":\"EntryPoint\",\"urlTemplate\":\"https:\\\/\\\/www.ahmadiyya-islam.org\\\/al\\\/?s={search_term_string}\"},\"query-input\":{\"@type\":\"PropertyValueSpecification\",\"valueRequired\":true,\"valueName\":\"search_term_string\"}}],\"inLanguage\":\"sq-AL\"},{\"@type\":\"Person\",\"@id\":\"https:\\\/\\\/www.ahmadiyya-islam.org\\\/al\\\/#\\\/schema\\\/person\\\/5f18f059fde6d65fbdbffcced4741b8d\",\"name\":\"samad\"}]}<\/script>\n<!-- \/ Yoast SEO Premium plugin. -->","yoast_head_json":{"title":"\u201cMisioni yn\u00eb \u00ebsht\u00eb q\u00eb t\u2019i p\u00ebrhapim m\u00ebsimet e v\u00ebrteta dhe paq\u00ebsore t\u00eb Islamit\u201d - Udh\u00ebheq\u00ebsi i Xhematit Ahmedia","description":"M\u00eb 7 tetor 2015, Udh\u00ebheq\u00ebsi i Xhematit Musliman Ahmedia, u intervistua nga gazeta holandeze De Stentor n\u00eb ambientet e xhamis\u00eb Bejtun Nur (Baitun Noor) n\u00eb Nunspeet, Holand\u00eb.","robots":{"index":"index","follow":"follow","max-snippet":"max-snippet:-1","max-image-preview":"max-image-preview:large","max-video-preview":"max-video-preview:-1"},"canonical":"https:\/\/www.ahmadiyya-islam.org\/al\/njoftim-per-shtyp\/misioni-yne-eshte-qe-ti-perhapim-mesimet-e-verteta-dhe-paqesore-te-islamit-udheheqesi-i-xhematit-ahmedia\/","og_locale":"sq_AL","og_type":"article","og_title":"\u201cMisioni yn\u00eb \u00ebsht\u00eb q\u00eb t\u2019i p\u00ebrhapim m\u00ebsimet e v\u00ebrteta dhe paq\u00ebsore t\u00eb Islamit\u201d - Udh\u00ebheq\u00ebsi i Xhematit Ahmedia","og_description":"M\u00eb 7 tetor 2015, Udh\u00ebheq\u00ebsi i Xhematit Musliman Ahmedia, u intervistua nga gazeta holandeze De Stentor n\u00eb ambientet e xhamis\u00eb Bejtun Nur (Baitun Noor) n\u00eb Nunspeet, Holand\u00eb.","og_url":"https:\/\/www.ahmadiyya-islam.org\/al\/njoftim-per-shtyp\/misioni-yne-eshte-qe-ti-perhapim-mesimet-e-verteta-dhe-paqesore-te-islamit-udheheqesi-i-xhematit-ahmedia\/","og_site_name":"Xhemati Musliman Ahmedia","article_published_time":"2015-10-26T19:54:31+00:00","article_modified_time":"2015-10-26T19:57:26+00:00","og_image":[{"width":1200,"height":600,"url":"https:\/\/www.ahmadiyya-islam.org\/al\/wp-content\/uploads\/sites\/3\/2015\/10\/2015-10-16-NL-Interviste-1200x600.jpg","type":"image\/jpeg"}],"author":"samad","twitter_card":"summary_large_image","twitter_misc":{"Written by":"samad","Est. reading time":"2 minutes"},"schema":{"@context":"https:\/\/schema.org","@graph":[{"@type":"Article","@id":"https:\/\/www.ahmadiyya-islam.org\/al\/njoftim-per-shtyp\/misioni-yne-eshte-qe-ti-perhapim-mesimet-e-verteta-dhe-paqesore-te-islamit-udheheqesi-i-xhematit-ahmedia\/#article","isPartOf":{"@id":"https:\/\/www.ahmadiyya-islam.org\/al\/njoftim-per-shtyp\/misioni-yne-eshte-qe-ti-perhapim-mesimet-e-verteta-dhe-paqesore-te-islamit-udheheqesi-i-xhematit-ahmedia\/"},"author":{"name":"samad","@id":"https:\/\/www.ahmadiyya-islam.org\/al\/#\/schema\/person\/5f18f059fde6d65fbdbffcced4741b8d"},"headline":"\u201cMisioni yn\u00eb \u00ebsht\u00eb q\u00eb t\u2019i p\u00ebrhapim m\u00ebsimet e v\u00ebrteta dhe paq\u00ebsore t\u00eb Islamit\u201d &#8211; Udh\u00ebheq\u00ebsi i Xhematit Ahmedia","datePublished":"2015-10-26T19:54:31+00:00","dateModified":"2015-10-26T19:57:26+00:00","mainEntityOfPage":{"@id":"https:\/\/www.ahmadiyya-islam.org\/al\/njoftim-per-shtyp\/misioni-yne-eshte-qe-ti-perhapim-mesimet-e-verteta-dhe-paqesore-te-islamit-udheheqesi-i-xhematit-ahmedia\/"},"wordCount":506,"commentCount":0,"image":{"@id":"https:\/\/www.ahmadiyya-islam.org\/al\/njoftim-per-shtyp\/misioni-yne-eshte-qe-ti-perhapim-mesimet-e-verteta-dhe-paqesore-te-islamit-udheheqesi-i-xhematit-ahmedia\/#primaryimage"},"thumbnailUrl":"https:\/\/www.ahmadiyya-islam.org\/al\/wp-content\/uploads\/sites\/3\/2015\/10\/2015-10-16-NL-Interviste-1200x600.jpg","articleSection":["Media","Njoftim p\u00ebr shtyp"],"inLanguage":"sq-AL"},{"@type":"WebPage","@id":"https:\/\/www.ahmadiyya-islam.org\/al\/njoftim-per-shtyp\/misioni-yne-eshte-qe-ti-perhapim-mesimet-e-verteta-dhe-paqesore-te-islamit-udheheqesi-i-xhematit-ahmedia\/","url":"https:\/\/www.ahmadiyya-islam.org\/al\/njoftim-per-shtyp\/misioni-yne-eshte-qe-ti-perhapim-mesimet-e-verteta-dhe-paqesore-te-islamit-udheheqesi-i-xhematit-ahmedia\/","name":"\u201cMisioni yn\u00eb \u00ebsht\u00eb q\u00eb t\u2019i p\u00ebrhapim m\u00ebsimet e v\u00ebrteta dhe paq\u00ebsore t\u00eb Islamit\u201d - Udh\u00ebheq\u00ebsi i Xhematit Ahmedia","isPartOf":{"@id":"https:\/\/www.ahmadiyya-islam.org\/al\/#website"},"primaryImageOfPage":{"@id":"https:\/\/www.ahmadiyya-islam.org\/al\/njoftim-per-shtyp\/misioni-yne-eshte-qe-ti-perhapim-mesimet-e-verteta-dhe-paqesore-te-islamit-udheheqesi-i-xhematit-ahmedia\/#primaryimage"},"image":{"@id":"https:\/\/www.ahmadiyya-islam.org\/al\/njoftim-per-shtyp\/misioni-yne-eshte-qe-ti-perhapim-mesimet-e-verteta-dhe-paqesore-te-islamit-udheheqesi-i-xhematit-ahmedia\/#primaryimage"},"thumbnailUrl":"https:\/\/www.ahmadiyya-islam.org\/al\/wp-content\/uploads\/sites\/3\/2015\/10\/2015-10-16-NL-Interviste-1200x600.jpg","datePublished":"2015-10-26T19:54:31+00:00","dateModified":"2015-10-26T19:57:26+00:00","author":{"@id":"https:\/\/www.ahmadiyya-islam.org\/al\/#\/schema\/person\/5f18f059fde6d65fbdbffcced4741b8d"},"description":"M\u00eb 7 tetor 2015, Udh\u00ebheq\u00ebsi i Xhematit Musliman Ahmedia, u intervistua nga gazeta holandeze De Stentor n\u00eb ambientet e xhamis\u00eb Bejtun Nur (Baitun Noor) n\u00eb Nunspeet, Holand\u00eb.","breadcrumb":{"@id":"https:\/\/www.ahmadiyya-islam.org\/al\/njoftim-per-shtyp\/misioni-yne-eshte-qe-ti-perhapim-mesimet-e-verteta-dhe-paqesore-te-islamit-udheheqesi-i-xhematit-ahmedia\/#breadcrumb"},"inLanguage":"sq-AL","potentialAction":[{"@type":"ReadAction","target":["https:\/\/www.ahmadiyya-islam.org\/al\/njoftim-per-shtyp\/misioni-yne-eshte-qe-ti-perhapim-mesimet-e-verteta-dhe-paqesore-te-islamit-udheheqesi-i-xhematit-ahmedia\/"]}]},{"@type":"ImageObject","inLanguage":"sq-AL","@id":"https:\/\/www.ahmadiyya-islam.org\/al\/njoftim-per-shtyp\/misioni-yne-eshte-qe-ti-perhapim-mesimet-e-verteta-dhe-paqesore-te-islamit-udheheqesi-i-xhematit-ahmedia\/#primaryimage","url":"https:\/\/www.ahmadiyya-islam.org\/al\/wp-content\/uploads\/sites\/3\/2015\/10\/2015-10-16-NL-Interviste-1200x600.jpg","contentUrl":"https:\/\/www.ahmadiyya-islam.org\/al\/wp-content\/uploads\/sites\/3\/2015\/10\/2015-10-16-NL-Interviste-1200x600.jpg","width":1200,"height":600},{"@type":"BreadcrumbList","@id":"https:\/\/www.ahmadiyya-islam.org\/al\/njoftim-per-shtyp\/misioni-yne-eshte-qe-ti-perhapim-mesimet-e-verteta-dhe-paqesore-te-islamit-udheheqesi-i-xhematit-ahmedia\/#breadcrumb","itemListElement":[{"@type":"ListItem","position":1,"name":"Home","item":"https:\/\/www.ahmadiyya-islam.org\/al\/"},{"@type":"ListItem","position":2,"name":"\u201cMisioni yn\u00eb \u00ebsht\u00eb q\u00eb t\u2019i p\u00ebrhapim m\u00ebsimet e v\u00ebrteta dhe paq\u00ebsore t\u00eb Islamit\u201d &#8211; Udh\u00ebheq\u00ebsi i Xhematit Ahmedia"}]},{"@type":"WebSite","@id":"https:\/\/www.ahmadiyya-islam.org\/al\/#website","url":"https:\/\/www.ahmadiyya-islam.org\/al\/","name":"Xhemati Musliman Ahmedia","description":"Albania","potentialAction":[{"@type":"SearchAction","target":{"@type":"EntryPoint","urlTemplate":"https:\/\/www.ahmadiyya-islam.org\/al\/?s={search_term_string}"},"query-input":{"@type":"PropertyValueSpecification","valueRequired":true,"valueName":"search_term_string"}}],"inLanguage":"sq-AL"},{"@type":"Person","@id":"https:\/\/www.ahmadiyya-islam.org\/al\/#\/schema\/person\/5f18f059fde6d65fbdbffcced4741b8d","name":"samad"}]}},"_links":{"self":[{"href":"https:\/\/www.ahmadiyya-islam.org\/al\/wp-json\/wp\/v2\/posts\/3413","targetHints":{"allow":["GET"]}}],"collection":[{"href":"https:\/\/www.ahmadiyya-islam.org\/al\/wp-json\/wp\/v2\/posts"}],"about":[{"href":"https:\/\/www.ahmadiyya-islam.org\/al\/wp-json\/wp\/v2\/types\/post"}],"author":[{"embeddable":true,"href":"https:\/\/www.ahmadiyya-islam.org\/al\/wp-json\/wp\/v2\/users\/5"}],"replies":[{"embeddable":true,"href":"https:\/\/www.ahmadiyya-islam.org\/al\/wp-json\/wp\/v2\/comments?post=3413"}],"version-history":[{"count":0,"href":"https:\/\/www.ahmadiyya-islam.org\/al\/wp-json\/wp\/v2\/posts\/3413\/revisions"}],"wp:featuredmedia":[{"embeddable":true,"href":"https:\/\/www.ahmadiyya-islam.org\/al\/wp-json\/wp\/v2\/media\/3414"}],"wp:attachment":[{"href":"https:\/\/www.ahmadiyya-islam.org\/al\/wp-json\/wp\/v2\/media?parent=3413"}],"wp:term":[{"taxonomy":"category","embeddable":true,"href":"https:\/\/www.ahmadiyya-islam.org\/al\/wp-json\/wp\/v2\/categories?post=3413"},{"taxonomy":"post_tag","embeddable":true,"href":"https:\/\/www.ahmadiyya-islam.org\/al\/wp-json\/wp\/v2\/tags?post=3413"},{"taxonomy":"authors","embeddable":true,"href":"https:\/\/www.ahmadiyya-islam.org\/al\/wp-json\/wp\/v2\/authors?post=3413"},{"taxonomy":"content_source","embeddable":true,"href":"https:\/\/www.ahmadiyya-islam.org\/al\/wp-json\/wp\/v2\/content_source?post=3413"}],"curies":[{"name":"wp","href":"https:\/\/api.w.org\/{rel}","templated":true}]}}