{"id":3368,"date":"2015-10-08T20:17:32","date_gmt":"2015-10-08T20:17:32","guid":{"rendered":"http:\/\/www.ahmadiyya-islam.org\/al\/?p=3368"},"modified":"2016-05-19T20:38:41","modified_gmt":"2016-05-19T20:38:41","slug":"kalifi-mbajti-fjalim-ne-parlamentin-holandez","status":"publish","type":"post","link":"https:\/\/www.ahmadiyya-islam.org\/al\/njoftim-per-shtyp\/kalifi-mbajti-fjalim-ne-parlamentin-holandez\/","title":{"rendered":"Udh\u00ebheq\u00ebsi bot\u00ebror i Xhematit Musliman Ahmedia mbajti fjalim historik n\u00eb Parlamentin Holandez"},"content":{"rendered":"<p><a href=\"http:\/\/www.ahmadiyya-islam.org\/al\/profilet\/hazret-mirza-masrur-ahmed-aba\/\" target=\"_blank\">Hazret Mirza Masrur Ahmed<\/a>:<strong> Islami garanton lirin\u00eb fetare universale dhe u b\u00ebn thirrje superfuqive t\u00eb bot\u00ebs t\u00eb veprojn\u00eb me drejt\u00ebsi<\/strong><\/p>\n<p><a href=\"http:\/\/www.ahmadiyya-islam.org\/al\/wp-content\/uploads\/sites\/3\/2015\/10\/2015-10-06-NLD-Hage-parlamenti-i-holandes-001.jpg\"><img loading=\"lazy\" decoding=\"async\" class=\"aligncenter wp-image-3360 size-full\" src=\"http:\/\/www.ahmadiyya-islam.org\/al\/wp-content\/uploads\/sites\/3\/2015\/10\/2015-10-06-NLD-Hage-parlamenti-i-holandes-001.jpg\" alt=\"2015-10-06- Parlamenti Holandez\" width=\"1600\" height=\"1068\" \/><\/a><\/p>\n<p>Me 6 tetor 2015, Udh\u00ebheq\u00ebsi bot\u00ebror i <a href=\"http:\/\/www.ahmadiyya-islam.org\/al\/xhemati-musliman-ahmedia\/\" target=\"_blank\">Xhematit Musliman Ahmedia<\/a>, Kalifi i Pest\u00eb, Hazret Mirza Masrur Ahmed, mbajti nj\u00eb fjalim historik n\u00eb nj\u00eb sesion t\u00eb ve\u00e7ant\u00eb t\u00eb organizuar nga Komiteti p\u00ebr Pun\u00ebt e Jashtme\u201d pran\u00eb parlamentit komb\u00ebtar t\u00eb Holand\u00ebs n\u00eb Den Hag\u00eb, para nj\u00eb audience prej m\u00eb shum\u00eb se 100 figura politike dhe miq.<\/p>\n<p><a href=\"http:\/\/www.ahmadiyya-islam.org\/al\/wp-content\/uploads\/sites\/3\/2015\/10\/2015-10-06-NLD-Hage-parlamenti-i-holandes-002.jpg\"><img loading=\"lazy\" decoding=\"async\" class=\"aligncenter wp-image-3361 size-full\" src=\"http:\/\/www.ahmadiyya-islam.org\/al\/wp-content\/uploads\/sites\/3\/2015\/10\/2015-10-06-NLD-Hage-parlamenti-i-holandes-002.jpg\" alt=\"2015-10-06 - Parlamenti Holandez\" width=\"1600\" height=\"1001\" \/><\/a><\/p>\n<p>Hazret Mirza Masrur Ahmed mb\u00ebrriti n\u00eb parlament n\u00eb or\u00ebn 4:35 dhe u mir\u00ebpret nga Z. Harry van Bommel, deputet i parlamentit holandez dhe z\u00ebvend\u00ebskryetar i Komitetit t\u00eb Pun\u00ebve t\u00eb Jashtme, i cili e p\u00ebrcolli n\u00eb Sall\u00ebn e Ligj\u00ebrimeve.<\/p>\n<p>Sesioni zyrtar filloi me fjal\u00ebn e Z. Van Bommel-it, i cili i shprehu mir\u00ebseardhje Shenjt\u00ebris\u00eb s\u00eb tij n\u00eb parlament dhe prezantoi an\u00ebtar\u00ebt e komitetit. Ai gjithashtu mir\u00ebpriti deputet\u00ebt, ambasador\u00ebt dhe personalitetet, t\u00eb ardhur nga vende t\u00eb ndryshme si Shqip\u00ebria, Kroacia, Irlanda, Mali i Zi, Spanja dhe Suedia.<\/p>\n<p><a href=\"http:\/\/www.ahmadiyya-islam.org\/al\/wp-content\/uploads\/sites\/3\/2015\/10\/2015-10-06-NLD-Hage-parlamenti-i-holandes-003.jpg\"><img loading=\"lazy\" decoding=\"async\" class=\"aligncenter wp-image-3362 size-full\" src=\"http:\/\/www.ahmadiyya-islam.org\/al\/wp-content\/uploads\/sites\/3\/2015\/10\/2015-10-06-NLD-Hage-parlamenti-i-holandes-003.jpg\" alt=\"2015-10-06 - Parlamenti Holandez\" width=\"1600\" height=\"1190\" \/><\/a><\/p>\n<p>M\u00eb pas, <a href=\"http:\/\/www.ahmadiyya-islam.org\/al\/profilet\/hazret-mirza-masrur-ahmed-aba\/\" target=\"_blank\">Hazret Mirza Masrur Ahmed<\/a> mbajti fjalimin kryesor, gjat\u00eb t\u00eb cilit, ai theksoi se k\u00ebrc\u00ebnimi p\u00ebr paqen dhe sigurin\u00eb n\u00eb bot\u00eb \u00ebsht\u00eb \u00e7\u00ebshtja m\u00eb kritike e k\u00ebsaj kohe.<\/p>\n<p>Shenjt\u00ebria e tij tregoi zgjidhjet, n\u00eb baz\u00eb t\u00eb m\u00ebsimeve t\u00eb Kuranit Fam\u00eblart\u00eb, p\u00ebr problemet me t\u00eb cilat bota po p\u00ebrballet sot. Ai gjithashtu u b\u00ebri thirrje superfuqive t\u00eb bot\u00ebs t\u00eb mb\u00ebshtesin shtetet m\u00eb ekonomi m\u00eb pak t\u00eb zhvilluara dhe t\u00eb p\u00ebrmbahen nga shfryt\u00ebzimi i tyre.<\/p>\n<p>Duke folur p\u00ebr rritjen e munges\u00ebs s\u00eb paqes n\u00eb bot\u00eb, Hazret Mirza Masrur Ahmed tha:<\/p>\n<blockquote><p><strong>N\u00eb bot\u00ebn e sotme shohim se disa \u00e7\u00ebshtje vazhdimisht theksohen dhe etiketohen si problemet ky\u00e7e t\u00eb koh\u00ebs son\u00eb. N\u00ebse analizojm\u00eb situat\u00ebn n\u00eb m\u00ebnyr\u00eb objektive, kuptojm\u00eb q\u00eb, n\u00eb fakt, \u00e7\u00ebshtja m\u00eb kritike e koh\u00ebs son\u00eb \u00ebsht\u00eb paqja dhe siguria bot\u00ebrore. Pa dyshim, \u00e7do dit\u00eb q\u00eb kalon, e b\u00ebn bot\u00ebn m\u00eb t\u00eb paq\u00ebndrueshme dhe m\u00eb t\u00eb rrezikshme\u201d.<\/strong><\/p><\/blockquote>\n<p><a href=\"http:\/\/www.ahmadiyya-islam.org\/al\/wp-content\/uploads\/sites\/3\/2015\/10\/2015-10-06-NLD-Hage-parlamenti-i-holandes-004.jpg\"><img loading=\"lazy\" decoding=\"async\" class=\"aligncenter wp-image-3363 size-full\" src=\"http:\/\/www.ahmadiyya-islam.org\/al\/wp-content\/uploads\/sites\/3\/2015\/10\/2015-10-06-NLD-Hage-parlamenti-i-holandes-004.jpg\" alt=\"2015-10-06 Kalifi - Parlamenti Holandez\" width=\"1600\" height=\"1077\" \/><\/a>Shenjt\u00ebria e tij tha se ka shum\u00eb shkaqe q\u00eb po cenojn\u00eb paqen dhe sigurin\u00eb e bot\u00ebs, si paq\u00ebndrueshm\u00ebria n\u00eb ekonomin\u00eb bot\u00ebrore, mungesa e drejt\u00ebsis\u00eb midis qeverive dhe popujve t\u00eb tyre dhe mospajtimi gjithnj\u00eb n\u00eb rritje midis shteteve t\u00eb zhvilluara dhe atyre n\u00eb zhvillim.<\/p>\n<p>Lideri fetar tha se as Islami e as ndonj\u00eb fe tjet\u00ebr nuk mund t\u00eb akuzohet p\u00ebr aktet e dhunshme t\u00eb ekstremizmit.<br \/>\n<a href=\"http:\/\/www.ahmadiyya-islam.org\/al\/wp-content\/uploads\/sites\/3\/2015\/10\/2015-10-06-NLD-Hage-parlamenti-i-holandes-005.jpg\"><img loading=\"lazy\" decoding=\"async\" class=\"aligncenter wp-image-3364 size-full\" src=\"http:\/\/www.ahmadiyya-islam.org\/al\/wp-content\/uploads\/sites\/3\/2015\/10\/2015-10-06-NLD-Hage-parlamenti-i-holandes-005.jpg\" alt=\"2015-10-06 - Parlamenti Holandez\" width=\"1600\" height=\"730\" \/><\/a>Shenjt\u00ebria e tij tha se nocioni, se Kurani i Shenjt\u00eb ose <a href=\"http:\/\/www.ahmadiyya-islam.org\/al\/profilet\/hazret-profeti-muhammed-s-a\/\" target=\"_blank\">Profeti i Islamit (paqja qoft\u00eb mbi t\u00eb)<\/a> mb\u00ebshtet\u00ebn ekstremizmin apo terrorizmin n\u00eb \u00e7far\u00ebdo forme qoft\u00eb, \u00ebsht\u00eb <strong>nj\u00eb padrejt\u00ebsi shum\u00eb e madhe<\/strong>.<br \/>\n<a href=\"http:\/\/www.ahmadiyya-islam.org\/al\/wp-content\/uploads\/sites\/3\/2015\/10\/2015-10-06-NLD-Hage-parlamenti-i-holandes-006.jpg\"><img loading=\"lazy\" decoding=\"async\" class=\"aligncenter wp-image-3365 size-full\" src=\"http:\/\/www.ahmadiyya-islam.org\/al\/wp-content\/uploads\/sites\/3\/2015\/10\/2015-10-06-NLD-Hage-parlamenti-i-holandes-006.jpg\" alt=\"2015-10-06 - Parlamenti Holandez\" width=\"1600\" height=\"770\" \/><\/a>Duke iu referuar p\u00ebrkushtimit t\u00eb pal\u00ebkundur t\u00eb Xhematit Musliman Ahmedia p\u00ebr paqen, Hazret Mirza Masrur Ahmed tha:<\/p>\n<blockquote><p><strong>Un\u00eb dhe t\u00eb gjith\u00eb musliman\u00ebt ahmedian\u00eb t\u00eb sinqert\u00eb, pa dyshim, nuk jan\u00eb prej atyre q\u00eb krijojn\u00eb trazira e \u00e7rregullime n\u00eb bot\u00eb, apo marrin pjes\u00eb n\u00eb to, madje jemi njer\u00ebz q\u00eb duam paqe n\u00eb bot\u00eb. Jemi njer\u00ebz q\u00eb duam t\u00eb sh\u00ebrojm\u00eb bot\u00ebn. Jemi njer\u00ebz q\u00eb duam t\u00eb bashkojm\u00eb njer\u00ebzimin. Jemi njer\u00ebz q\u00eb duam t\u00eb kthejm\u00eb t\u00eb gjitha urrejtjet dhe armiq\u00ebsit\u00eb n\u00eb dashuri e dhembshuri. Dhe sigurisht, jemi njer\u00ebz q\u00eb b\u00ebjm\u00eb \u00e7do p\u00ebrpjekje t\u00eb mundshme p\u00ebr t\u00eb vendosur paqen bot\u00ebrore.<\/strong><\/p><\/blockquote>\n<p><a href=\"http:\/\/www.ahmadiyya-islam.org\/al\/wp-content\/uploads\/sites\/3\/2015\/10\/2015-10-06-NLD-Hage-parlamenti-i-holandes-007.jpg\"><img loading=\"lazy\" decoding=\"async\" class=\"aligncenter wp-image-3366 size-full\" src=\"http:\/\/www.ahmadiyya-islam.org\/al\/wp-content\/uploads\/sites\/3\/2015\/10\/2015-10-06-NLD-Hage-parlamenti-i-holandes-007.jpg\" alt=\"2015-10-06 - Parlamenti Holandez\" width=\"1600\" height=\"799\" \/><\/a>Hazret Mirza Masrur Ahmed vijoi:<\/p>\n<blockquote><p><strong>Si nj\u00eb lider fetar, do t\u00eb doja t\u00eb theksoja se n\u00eb vend t\u00eb akuzojm\u00eb e t\u00eb provokojm\u00eb nj\u00ebri-tjetrin, ne duhet t\u00eb fokusojm\u00eb n\u00eb vendosjen e paqes s\u00eb v\u00ebrtet\u00eb e afatgjat\u00eb bot\u00ebrore. <\/strong><\/p><\/blockquote>\n<p>M\u00eb pas, Hazret Mirza Masrur Ahmed citoi nj\u00eb num\u00ebr ajetesh t\u00eb Kuranit Fam\u00eblart\u00eb, q\u00eb tregojn\u00eb se Islami \u00ebsht\u00eb ngritur p\u00ebr vendosjen e liris\u00eb fetare dhe t\u00eb drejtave universale t\u00eb njeriut.<br \/>\n<a href=\"http:\/\/www.ahmadiyya-islam.org\/al\/wp-content\/uploads\/sites\/3\/2015\/10\/2015-10-06-NLD-Hage-parlamenti-i-holandes-008.jpg\"><img loading=\"lazy\" decoding=\"async\" class=\"aligncenter wp-image-3367 size-full\" src=\"http:\/\/www.ahmadiyya-islam.org\/al\/wp-content\/uploads\/sites\/3\/2015\/10\/2015-10-06-NLD-Hage-parlamenti-i-holandes-008.jpg\" alt=\"2015-10-06 - Parlamenti Holandez\" width=\"1600\" height=\"1070\" \/><\/a>Shenjt\u00ebria e tij gjithashtu sqaroi se luft\u00ebrat, q\u00eb ka luftuar Profeti i shenjt\u00eb (paqja qoft\u00eb mbi t\u00eb) dhe musliman\u00ebt e par\u00eb, ishin t\u00ebr\u00ebsisht mbrojt\u00ebse dhe ishin zhvilluar p\u00ebr t\u00eb mbrojtur parimet e liris\u00eb s\u00eb fes\u00eb dhe t\u00eb besimit.<\/p>\n<p>Hazret Mirza Masrur Ahmed tha:<\/p>\n<blockquote><p><strong>N\u00eb ajetin 194 t\u00eb sures 2 t\u00eb Kuranit Fam\u00eblart\u00eb, Allahu ka theksuar se musliman\u00ebve nuk u lejohet t\u00eb p\u00ebrfshihen n\u00eb asnj\u00eb luft\u00eb a betej\u00eb n\u00eb ndonj\u00eb vend, ku liria fetare ekziston. K\u00ebshtu q\u00eb, asnj\u00eb shtet islamik, grup a individ musliman nuk ka t\u00eb drejt\u00eb t\u00eb p\u00ebrfshihet n\u00eb asnj\u00eb lloj dhune, lufte a paligjshm\u00ebrie, as kund\u00ebr shtetit, as popullit t\u00eb tij.<\/strong><\/p><\/blockquote>\n<p>Hazret Mirza Masrur Ahmed vijoi:<\/p>\n<blockquote><p><strong>Po k\u00ebshtu, n\u00eb Evrop\u00eb e Per\u00ebndim, shtetet jan\u00eb sekulare dhe p\u00ebr k\u00ebt\u00eb arsye, nj\u00eb musliman n\u00eb asnj\u00eb m\u00ebnyr\u00eb nuk mund t\u00eb ket\u00eb t\u00eb drejt\u00eb p\u00ebr t\u00eb cenuar ligjet e vendit, p\u00ebr t\u00eb kund\u00ebrshtuar qeverin\u00eb me dhun\u00eb apo p\u00ebr t\u00eb nxitur rebelimin dhe kryengritjen, n\u00eb \u00e7far\u00ebdo forme qoft\u00eb.<\/strong><\/p><\/blockquote>\n<p><a href=\"http:\/\/www.ahmadiyya-islam.org\/al\/wp-content\/uploads\/sites\/3\/2015\/10\/2015-10-06-NLD-Hage-parlamenti-i-holandes-009.jpg\"><img loading=\"lazy\" decoding=\"async\" class=\"aligncenter wp-image-3369 size-full\" src=\"http:\/\/www.ahmadiyya-islam.org\/al\/wp-content\/uploads\/sites\/3\/2015\/10\/2015-10-06-NLD-Hage-parlamenti-i-holandes-009.jpg\" alt=\"2015-10-06 - Parlamenti Holandez\" width=\"1600\" height=\"981\" \/><\/a>Duke folur p\u00ebr r\u00ebnd\u00ebsin\u00eb e madhe q\u00eb ka drejt\u00ebsia n\u00eb marr\u00ebdh\u00ebniet nd\u00ebrkomb\u00ebtare, Hazret Mirza Masrur Ahmed tha:<\/p>\n<blockquote><p><strong>Islami m\u00ebson q\u00eb n\u00eb \u00e7do rrethan\u00eb t\u00eb zbatoni fuqimisht parimet e drejt\u00ebsis\u00eb dhe t\u00eb integritetit, sado t\u00eb v\u00ebshtira qofshin ato. &#8230; E v\u00ebrteta \u00ebsht\u00eb q\u00eb paqja e q\u00ebndrueshme nuk mund t\u00eb vendoset, derisa t\u00eb mos vihet drejt\u00ebsia n\u00eb \u00e7do shtres\u00eb t\u00eb shoq\u00ebris\u00eb.<\/strong><\/p><\/blockquote>\n<p>Duke treguar se sa shum\u00eb Islami thekson lirin\u00eb universale fetare dhe sa shum\u00eb ai angazhohet p\u00ebr t\u00eb, Hazret Mirza Masrur Ahmed tha:<\/p>\n<blockquote><p><strong>N\u00eb fakt, Islami garanton lirin\u00eb, pavar\u00ebsin\u00eb dhe mbrojtjen e njer\u00ebzve t\u00eb t\u00eb gjitha feve. Islami mbron t\u00eb drejtat e \u00e7do individi, q\u00eb \u00e7dokush t\u00eb ndjek\u00eb besimin dhe rrug\u00ebn q\u00eb do.<\/strong><\/p><\/blockquote>\n<p><a href=\"http:\/\/www.ahmadiyya-islam.org\/al\/wp-content\/uploads\/sites\/3\/2015\/10\/2015-10-06-NLD-Hage-parlamenti-i-holandes-010.jpg\"><img loading=\"lazy\" decoding=\"async\" class=\"aligncenter wp-image-3370 size-full\" src=\"http:\/\/www.ahmadiyya-islam.org\/al\/wp-content\/uploads\/sites\/3\/2015\/10\/2015-10-06-NLD-Hage-parlamenti-i-holandes-010.jpg\" alt=\"2015-10-06 - Parlamenti Holandez\" width=\"1600\" height=\"905\" \/><\/a>Duke p\u00ebrs\u00ebritur shqet\u00ebsimin e tij n\u00eb lidhje me sigurin\u00eb e bot\u00ebs, Hazret Mirza Masrur Ahmed tha:<\/p>\n<blockquote><p><strong>Bota \u00ebsht\u00eb n\u00eb nevoj\u00eb shum\u00eb t\u00eb madhe p\u00ebr paqen dhe sigurin\u00eb. Kjo \u00ebsht\u00eb \u00e7\u00ebshtje urgjente e koh\u00ebs son\u00eb. T\u00eb gjitha shtetet dhe t\u00eb gjith\u00eb njer\u00ebzit duhet t\u00eb bashkohen p\u00ebr t\u00eb arritur t\u00eb mir\u00ebn m\u00eb t\u00eb madhe dhe bashk\u00ebrisht duhet t\u00eb p\u00ebrpiqen p\u00ebr t\u00eb ndalur \u00e7dolloj mizorie, persekutimi dhe padrejt\u00ebsie t\u00eb kryer n\u00eb em\u00ebr t\u00eb fes\u00eb apo n\u00eb ndonj\u00eb m\u00ebnyr\u00eb tjet\u00ebr. K\u00ebtu p\u00ebrfshihen edhe talljet q\u00eb b\u00ebhen ndaj cil\u00ebsdo feje, t\u00eb cilat mund t\u00eb nxisin frustrimet dhe pak\u00ebnaq\u00ebsit\u00eb dhe, gjithashtu, k\u00ebtu p\u00ebrfshihen edhe aktet e grupeve ekstremiste q\u00eb p\u00ebrhapin urrejtje dhe q\u00eb i justifikojn\u00eb padrejt\u00ebsisht me emrin e fes\u00eb. <\/strong><\/p><\/blockquote>\n<p><a href=\"http:\/\/www.ahmadiyya-islam.org\/al\/wp-content\/uploads\/sites\/3\/2015\/10\/2015-10-06-NLD-Hage-parlamenti-i-holandes-011.jpg\"><img loading=\"lazy\" decoding=\"async\" class=\"aligncenter wp-image-3371 size-full\" src=\"http:\/\/www.ahmadiyya-islam.org\/al\/wp-content\/uploads\/sites\/3\/2015\/10\/2015-10-06-NLD-Hage-parlamenti-i-holandes-011.jpg\" alt=\"2015-10-06 - Parlamenti Holandez\" width=\"1600\" height=\"979\" \/><\/a>Duke mbyllur fjal\u00ebn e tij, Hazret Kalifi i Pest\u00eb u b\u00ebri thirrje superfuqive t\u00eb heqin dor\u00eb nga t\u00eb gjitha format e shfryt\u00ebzimit t\u00eb shteteve t\u00eb dob\u00ebta.<\/p>\n<p>Ai tha:<\/p>\n<blockquote><p><strong>Sot, shohim se shum\u00eb nga shtetet e bot\u00ebs s\u00eb par\u00eb po rrisin investimet e tyre n\u00eb shtetet e varfra dhe ato n\u00eb zhvillim. \u00cbsht\u00eb shum\u00eb e nevojshme q\u00eb ato t\u00eb veprojn\u00eb me drejt\u00ebsi dhe t\u00eb p\u00ebrpiqen t\u2019i ndihmojn\u00eb shtetet e dob\u00ebta dhe nuk duhet t\u00eb shfryt\u00ebzojn\u00eb as burimet e tyre, dhe as krahun e tyre t\u00eb lir\u00eb t\u00eb pun\u00ebs, p\u00ebr dobit\u00eb dhe fitimet e veta.<\/strong><\/p><\/blockquote>\n<p>Hazret Mirza Masrur Ahmed vijoi:<\/p>\n<blockquote><p><strong>Fitimin q\u00eb marrin shtetet e pasura nga investimet e tyre n\u00eb vendet e varfra, shumic\u00ebn e tij duhet ta re-investojn\u00eb po n\u00eb ato vende dhe k\u00ebt\u00eb pasuri ta p\u00ebrdorin p\u00ebr t\u00eb mb\u00ebshtetur, p\u00ebr t\u00eb rim\u00ebk\u00ebmbur dhe p\u00ebr t\u00eb lul\u00ebzuar njer\u00ebzit vendas. N\u00ebse vendet e zhvilluara do t\u00eb veprojn\u00eb n\u00eb k\u00ebt\u00eb m\u00ebnyr\u00eb, jo vet\u00ebm q\u00eb do t\u2019u sjellin dobi vendeve t\u00eb varfra, por edhe vetes s\u00eb tyre. Kjo do t\u00eb ngrej\u00eb ekonomit\u00eb lokale dhe rrjedhimisht do t\u00eb p\u00ebrmir\u00ebsoj\u00eb edhe gjendjen dhe <a href=\"http:\/\/www.ahmadiyya-islam.org\/al\/temat\/islami\/islami-dhe-ekonomia\/\" target=\"_blank\">ekonomin\u00eb bot\u00ebrore<\/a>.<\/strong><\/p><\/blockquote>\n<p><a href=\"http:\/\/www.ahmadiyya-islam.org\/al\/wp-content\/uploads\/sites\/3\/2015\/10\/2015-10-06-NLD-Hage-parlamenti-i-holandes-012.jpg\"><img loading=\"lazy\" decoding=\"async\" class=\"aligncenter size-full wp-image-3372\" src=\"http:\/\/www.ahmadiyya-islam.org\/al\/wp-content\/uploads\/sites\/3\/2015\/10\/2015-10-06-NLD-Hage-parlamenti-i-holandes-012.jpg\" alt=\"2015-10-06-NLD-Hage-parlamenti-i-holandes-012\" width=\"1600\" height=\"958\" \/><\/a>Pas fjalimit t\u00eb Kalifit, an\u00ebtar\u00ebt e komitetit pat\u00ebn mund\u00ebsi p\u00ebr t\u00eb k\u00ebrkuar mendimin e Shenjt\u00ebris\u00eb s\u00eb tij n\u00eb lidhje me nj\u00eb s\u00ebr\u00eb \u00e7\u00ebshtjesh, duke p\u00ebrfshir\u00eb lirin\u00eb fetare, lirin\u00eb e shprehjes, kriz\u00ebn e refugjat\u00ebve dhe persekutimin e musliman\u00ebve ahmedian\u00eb n\u00eb disa shtete.<br \/>\n<a href=\"http:\/\/www.ahmadiyya-islam.org\/al\/wp-content\/uploads\/sites\/3\/2015\/10\/2015-10-06-NLD-Hage-parlamenti-i-holandes-013.jpg\"><img loading=\"lazy\" decoding=\"async\" class=\"aligncenter size-full wp-image-3373\" src=\"http:\/\/www.ahmadiyya-islam.org\/al\/wp-content\/uploads\/sites\/3\/2015\/10\/2015-10-06-NLD-Hage-parlamenti-i-holandes-013.jpg\" alt=\"2015-10-06-NLD-Hage-parlamenti-i-holandes-013\" width=\"1600\" height=\"1105\" \/><\/a>M\u00eb pas, Shenjt\u00ebria e tij takoi kok\u00eb m\u00eb kok\u00eb personalitete dhe miq t\u00eb ndrysh\u00ebm dhe, gjithashtu, deputet holandez\u00eb e njoh\u00ebn Shenjt\u00ebrin\u00eb e tij me dhoma t\u00eb ndryshme t\u00eb parlamentit t\u00eb tyre.<br \/>\n<a href=\"http:\/\/www.ahmadiyya-islam.org\/al\/wp-content\/uploads\/sites\/3\/2015\/10\/2015-10-06-NLD-Hage-parlamenti-i-holandes-014.jpg\"><img loading=\"lazy\" decoding=\"async\" class=\"aligncenter size-full wp-image-3374\" src=\"http:\/\/www.ahmadiyya-islam.org\/al\/wp-content\/uploads\/sites\/3\/2015\/10\/2015-10-06-NLD-Hage-parlamenti-i-holandes-014.jpg\" alt=\"2015-10-06-NLD-Hage-parlamenti-i-holandes-014\" width=\"1600\" height=\"1085\" \/><\/a><a href=\"http:\/\/www.ahmadiyya-islam.org\/al\/wp-content\/uploads\/sites\/3\/2015\/10\/2015-10-06-NLD-Hage-parlamenti-i-holandes-015.jpg\"><img loading=\"lazy\" decoding=\"async\" class=\"aligncenter size-full wp-image-3375\" src=\"http:\/\/www.ahmadiyya-islam.org\/al\/wp-content\/uploads\/sites\/3\/2015\/10\/2015-10-06-NLD-Hage-parlamenti-i-holandes-015.jpg\" alt=\"2015-10-06-NLD-Hage-parlamenti-i-holandes-015\" width=\"1600\" height=\"1137\" \/><\/a><a href=\"http:\/\/www.ahmadiyya-islam.org\/al\/wp-content\/uploads\/sites\/3\/2015\/10\/2015-10-06-NLD-Hage-parlamenti-i-holandes-016.jpg\"><img loading=\"lazy\" decoding=\"async\" class=\"aligncenter wp-image-3376 size-full\" src=\"http:\/\/www.ahmadiyya-islam.org\/al\/wp-content\/uploads\/sites\/3\/2015\/10\/2015-10-06-NLD-Hage-parlamenti-i-holandes-016.jpg\" alt=\"2015-10-06 - Parlamenti Holandez\" width=\"1600\" height=\"1068\" \/><\/a><a href=\"http:\/\/www.ahmadiyya-islam.org\/al\/wp-content\/uploads\/sites\/3\/2015\/10\/2015-10-06-NLD-Hage-parlamenti-i-holandes-017.jpg\"><img loading=\"lazy\" decoding=\"async\" class=\"aligncenter size-full wp-image-3377\" src=\"http:\/\/www.ahmadiyya-islam.org\/al\/wp-content\/uploads\/sites\/3\/2015\/10\/2015-10-06-NLD-Hage-parlamenti-i-holandes-017.jpg\" alt=\"2015-10-06-NLD-Hage-parlamenti-i-holandes-017\" width=\"1600\" height=\"818\" \/><\/a><\/p>\n<p>&nbsp;<\/p>\n<p>&nbsp;<\/p>\n","protected":false},"excerpt":{"rendered":"<p>Islami garanton lirin\u00eb fetare universale dhe u b\u00ebn thirrje superfuqive t\u00eb bot\u00ebs t\u00eb veprojn\u00eb me drejt\u00ebsi. Talljet q\u00eb b\u00ebhen ndaj cil\u00ebsdo feje, do t\u00eb nxisin frustrimet dhe pak\u00ebnaq\u00ebsit\u00eb e njer\u00ebzve dhe do t\u00eb d\u00ebmtojn\u00eb paqen globale. <\/p>\n","protected":false},"author":5,"featured_media":3381,"comment_status":"open","ping_status":"closed","sticky":false,"template":"","format":"standard","meta":{"_acf_changed":false,"footnotes":""},"categories":[11],"tags":[],"authors":[],"content_source":[],"class_list":["post-3368","post","type-post","status-publish","format-standard","has-post-thumbnail","hentry","category-njoftim-per-shtyp","topics-islami-dhe-paqja","topics-paqja-globale","topics-xhemati-musliman-ahmedia-nderkombetar","topics-xhihadi","country-city-den-hage","country-city-holande"],"acf":[],"yoast_head":"<!-- This site is optimized with the Yoast SEO Premium plugin v21.1 (Yoast SEO v27.4) - https:\/\/yoast.com\/product\/yoast-seo-premium-wordpress\/ -->\n<title>Kalifi i Xhematit Ahmedia mbajti fjalim n\u00eb Parlamentin Holandez<\/title>\n<meta name=\"description\" content=\"Talljet q\u00eb b\u00ebhen ndaj cil\u00ebsdo feje, do t\u00eb nxisin frustrimet dhe pak\u00ebnaq\u00ebsit\u00eb e njer\u00ebzve dhe do t\u00eb d\u00ebmtojn\u00eb paqen globale.\" \/>\n<meta name=\"robots\" content=\"index, follow, max-snippet:-1, max-image-preview:large, max-video-preview:-1\" \/>\n<link rel=\"canonical\" href=\"https:\/\/www.ahmadiyya-islam.org\/al\/njoftim-per-shtyp\/kalifi-mbajti-fjalim-ne-parlamentin-holandez\/\" \/>\n<meta property=\"og:locale\" content=\"sq_AL\" \/>\n<meta property=\"og:type\" content=\"article\" \/>\n<meta property=\"og:title\" content=\"Udh\u00ebheq\u00ebsi bot\u00ebror i Xhematit Musliman Ahmedia mbajti fjalim historik n\u00eb Parlamentin Holandez\" \/>\n<meta property=\"og:description\" content=\"Talljet q\u00eb b\u00ebhen ndaj cil\u00ebsdo feje, do t\u00eb nxisin frustrimet dhe pak\u00ebnaq\u00ebsit\u00eb e njer\u00ebzve dhe do t\u00eb d\u00ebmtojn\u00eb paqen globale.\" \/>\n<meta property=\"og:url\" content=\"https:\/\/www.ahmadiyya-islam.org\/al\/njoftim-per-shtyp\/kalifi-mbajti-fjalim-ne-parlamentin-holandez\/\" \/>\n<meta property=\"og:site_name\" content=\"Xhemati Musliman Ahmedia\" \/>\n<meta property=\"article:published_time\" content=\"2015-10-08T20:17:32+00:00\" \/>\n<meta property=\"article:modified_time\" content=\"2016-05-19T20:38:41+00:00\" \/>\n<meta property=\"og:image\" content=\"https:\/\/www.ahmadiyya-islam.org\/al\/wp-content\/uploads\/sites\/3\/2015\/10\/2015-10-06-NLD-Hage-parlamenti-i-holandes-600-1200-e1468069729683.jpg\" \/>\n\t<meta property=\"og:image:width\" content=\"1142\" \/>\n\t<meta property=\"og:image:height\" content=\"571\" \/>\n\t<meta property=\"og:image:type\" content=\"image\/jpeg\" \/>\n<meta name=\"author\" content=\"samad\" \/>\n<meta name=\"twitter:card\" content=\"summary_large_image\" \/>\n<meta name=\"twitter:label1\" content=\"Written by\" \/>\n\t<meta name=\"twitter:data1\" content=\"samad\" \/>\n\t<meta name=\"twitter:label2\" content=\"Est. reading time\" \/>\n\t<meta name=\"twitter:data2\" content=\"7 minutes\" \/>\n<script type=\"application\/ld+json\" class=\"yoast-schema-graph\">{\"@context\":\"https:\\\/\\\/schema.org\",\"@graph\":[{\"@type\":\"Article\",\"@id\":\"https:\\\/\\\/www.ahmadiyya-islam.org\\\/al\\\/njoftim-per-shtyp\\\/kalifi-mbajti-fjalim-ne-parlamentin-holandez\\\/#article\",\"isPartOf\":{\"@id\":\"https:\\\/\\\/www.ahmadiyya-islam.org\\\/al\\\/njoftim-per-shtyp\\\/kalifi-mbajti-fjalim-ne-parlamentin-holandez\\\/\"},\"author\":{\"name\":\"samad\",\"@id\":\"https:\\\/\\\/www.ahmadiyya-islam.org\\\/al\\\/#\\\/schema\\\/person\\\/5f18f059fde6d65fbdbffcced4741b8d\"},\"headline\":\"Udh\u00ebheq\u00ebsi bot\u00ebror i Xhematit Musliman Ahmedia mbajti fjalim historik n\u00eb Parlamentin Holandez\",\"datePublished\":\"2015-10-08T20:17:32+00:00\",\"dateModified\":\"2016-05-19T20:38:41+00:00\",\"mainEntityOfPage\":{\"@id\":\"https:\\\/\\\/www.ahmadiyya-islam.org\\\/al\\\/njoftim-per-shtyp\\\/kalifi-mbajti-fjalim-ne-parlamentin-holandez\\\/\"},\"wordCount\":1410,\"commentCount\":0,\"image\":{\"@id\":\"https:\\\/\\\/www.ahmadiyya-islam.org\\\/al\\\/njoftim-per-shtyp\\\/kalifi-mbajti-fjalim-ne-parlamentin-holandez\\\/#primaryimage\"},\"thumbnailUrl\":\"https:\\\/\\\/www.ahmadiyya-islam.org\\\/al\\\/wp-content\\\/uploads\\\/sites\\\/3\\\/2015\\\/10\\\/2015-10-06-NLD-Hage-parlamenti-i-holandes-600-1200-e1468069729683.jpg\",\"articleSection\":[\"Njoftim p\u00ebr shtyp\"],\"inLanguage\":\"sq-AL\"},{\"@type\":\"WebPage\",\"@id\":\"https:\\\/\\\/www.ahmadiyya-islam.org\\\/al\\\/njoftim-per-shtyp\\\/kalifi-mbajti-fjalim-ne-parlamentin-holandez\\\/\",\"url\":\"https:\\\/\\\/www.ahmadiyya-islam.org\\\/al\\\/njoftim-per-shtyp\\\/kalifi-mbajti-fjalim-ne-parlamentin-holandez\\\/\",\"name\":\"Kalifi i Xhematit Ahmedia mbajti fjalim n\u00eb Parlamentin Holandez\",\"isPartOf\":{\"@id\":\"https:\\\/\\\/www.ahmadiyya-islam.org\\\/al\\\/#website\"},\"primaryImageOfPage\":{\"@id\":\"https:\\\/\\\/www.ahmadiyya-islam.org\\\/al\\\/njoftim-per-shtyp\\\/kalifi-mbajti-fjalim-ne-parlamentin-holandez\\\/#primaryimage\"},\"image\":{\"@id\":\"https:\\\/\\\/www.ahmadiyya-islam.org\\\/al\\\/njoftim-per-shtyp\\\/kalifi-mbajti-fjalim-ne-parlamentin-holandez\\\/#primaryimage\"},\"thumbnailUrl\":\"https:\\\/\\\/www.ahmadiyya-islam.org\\\/al\\\/wp-content\\\/uploads\\\/sites\\\/3\\\/2015\\\/10\\\/2015-10-06-NLD-Hage-parlamenti-i-holandes-600-1200-e1468069729683.jpg\",\"datePublished\":\"2015-10-08T20:17:32+00:00\",\"dateModified\":\"2016-05-19T20:38:41+00:00\",\"author\":{\"@id\":\"https:\\\/\\\/www.ahmadiyya-islam.org\\\/al\\\/#\\\/schema\\\/person\\\/5f18f059fde6d65fbdbffcced4741b8d\"},\"description\":\"Talljet q\u00eb b\u00ebhen ndaj cil\u00ebsdo feje, do t\u00eb nxisin frustrimet dhe pak\u00ebnaq\u00ebsit\u00eb e njer\u00ebzve dhe do t\u00eb d\u00ebmtojn\u00eb paqen globale.\",\"breadcrumb\":{\"@id\":\"https:\\\/\\\/www.ahmadiyya-islam.org\\\/al\\\/njoftim-per-shtyp\\\/kalifi-mbajti-fjalim-ne-parlamentin-holandez\\\/#breadcrumb\"},\"inLanguage\":\"sq-AL\",\"potentialAction\":[{\"@type\":\"ReadAction\",\"target\":[\"https:\\\/\\\/www.ahmadiyya-islam.org\\\/al\\\/njoftim-per-shtyp\\\/kalifi-mbajti-fjalim-ne-parlamentin-holandez\\\/\"]}]},{\"@type\":\"ImageObject\",\"inLanguage\":\"sq-AL\",\"@id\":\"https:\\\/\\\/www.ahmadiyya-islam.org\\\/al\\\/njoftim-per-shtyp\\\/kalifi-mbajti-fjalim-ne-parlamentin-holandez\\\/#primaryimage\",\"url\":\"https:\\\/\\\/www.ahmadiyya-islam.org\\\/al\\\/wp-content\\\/uploads\\\/sites\\\/3\\\/2015\\\/10\\\/2015-10-06-NLD-Hage-parlamenti-i-holandes-600-1200-e1468069729683.jpg\",\"contentUrl\":\"https:\\\/\\\/www.ahmadiyya-islam.org\\\/al\\\/wp-content\\\/uploads\\\/sites\\\/3\\\/2015\\\/10\\\/2015-10-06-NLD-Hage-parlamenti-i-holandes-600-1200-e1468069729683.jpg\",\"width\":1142,\"height\":571,\"caption\":\"Kalifi fjalim historik ne Holand\"},{\"@type\":\"BreadcrumbList\",\"@id\":\"https:\\\/\\\/www.ahmadiyya-islam.org\\\/al\\\/njoftim-per-shtyp\\\/kalifi-mbajti-fjalim-ne-parlamentin-holandez\\\/#breadcrumb\",\"itemListElement\":[{\"@type\":\"ListItem\",\"position\":1,\"name\":\"Home\",\"item\":\"https:\\\/\\\/www.ahmadiyya-islam.org\\\/al\\\/\"},{\"@type\":\"ListItem\",\"position\":2,\"name\":\"Udh\u00ebheq\u00ebsi bot\u00ebror i Xhematit Musliman Ahmedia mbajti fjalim historik n\u00eb Parlamentin Holandez\"}]},{\"@type\":\"WebSite\",\"@id\":\"https:\\\/\\\/www.ahmadiyya-islam.org\\\/al\\\/#website\",\"url\":\"https:\\\/\\\/www.ahmadiyya-islam.org\\\/al\\\/\",\"name\":\"Xhemati Musliman Ahmedia\",\"description\":\"Albania\",\"potentialAction\":[{\"@type\":\"SearchAction\",\"target\":{\"@type\":\"EntryPoint\",\"urlTemplate\":\"https:\\\/\\\/www.ahmadiyya-islam.org\\\/al\\\/?s={search_term_string}\"},\"query-input\":{\"@type\":\"PropertyValueSpecification\",\"valueRequired\":true,\"valueName\":\"search_term_string\"}}],\"inLanguage\":\"sq-AL\"},{\"@type\":\"Person\",\"@id\":\"https:\\\/\\\/www.ahmadiyya-islam.org\\\/al\\\/#\\\/schema\\\/person\\\/5f18f059fde6d65fbdbffcced4741b8d\",\"name\":\"samad\"}]}<\/script>\n<!-- \/ Yoast SEO Premium plugin. -->","yoast_head_json":{"title":"Kalifi i Xhematit Ahmedia mbajti fjalim n\u00eb Parlamentin Holandez","description":"Talljet q\u00eb b\u00ebhen ndaj cil\u00ebsdo feje, do t\u00eb nxisin frustrimet dhe pak\u00ebnaq\u00ebsit\u00eb e njer\u00ebzve dhe do t\u00eb d\u00ebmtojn\u00eb paqen globale.","robots":{"index":"index","follow":"follow","max-snippet":"max-snippet:-1","max-image-preview":"max-image-preview:large","max-video-preview":"max-video-preview:-1"},"canonical":"https:\/\/www.ahmadiyya-islam.org\/al\/njoftim-per-shtyp\/kalifi-mbajti-fjalim-ne-parlamentin-holandez\/","og_locale":"sq_AL","og_type":"article","og_title":"Udh\u00ebheq\u00ebsi bot\u00ebror i Xhematit Musliman Ahmedia mbajti fjalim historik n\u00eb Parlamentin Holandez","og_description":"Talljet q\u00eb b\u00ebhen ndaj cil\u00ebsdo feje, do t\u00eb nxisin frustrimet dhe pak\u00ebnaq\u00ebsit\u00eb e njer\u00ebzve dhe do t\u00eb d\u00ebmtojn\u00eb paqen globale.","og_url":"https:\/\/www.ahmadiyya-islam.org\/al\/njoftim-per-shtyp\/kalifi-mbajti-fjalim-ne-parlamentin-holandez\/","og_site_name":"Xhemati Musliman Ahmedia","article_published_time":"2015-10-08T20:17:32+00:00","article_modified_time":"2016-05-19T20:38:41+00:00","og_image":[{"width":1142,"height":571,"url":"https:\/\/www.ahmadiyya-islam.org\/al\/wp-content\/uploads\/sites\/3\/2015\/10\/2015-10-06-NLD-Hage-parlamenti-i-holandes-600-1200-e1468069729683.jpg","type":"image\/jpeg"}],"author":"samad","twitter_card":"summary_large_image","twitter_misc":{"Written by":"samad","Est. reading time":"7 minutes"},"schema":{"@context":"https:\/\/schema.org","@graph":[{"@type":"Article","@id":"https:\/\/www.ahmadiyya-islam.org\/al\/njoftim-per-shtyp\/kalifi-mbajti-fjalim-ne-parlamentin-holandez\/#article","isPartOf":{"@id":"https:\/\/www.ahmadiyya-islam.org\/al\/njoftim-per-shtyp\/kalifi-mbajti-fjalim-ne-parlamentin-holandez\/"},"author":{"name":"samad","@id":"https:\/\/www.ahmadiyya-islam.org\/al\/#\/schema\/person\/5f18f059fde6d65fbdbffcced4741b8d"},"headline":"Udh\u00ebheq\u00ebsi bot\u00ebror i Xhematit Musliman Ahmedia mbajti fjalim historik n\u00eb Parlamentin Holandez","datePublished":"2015-10-08T20:17:32+00:00","dateModified":"2016-05-19T20:38:41+00:00","mainEntityOfPage":{"@id":"https:\/\/www.ahmadiyya-islam.org\/al\/njoftim-per-shtyp\/kalifi-mbajti-fjalim-ne-parlamentin-holandez\/"},"wordCount":1410,"commentCount":0,"image":{"@id":"https:\/\/www.ahmadiyya-islam.org\/al\/njoftim-per-shtyp\/kalifi-mbajti-fjalim-ne-parlamentin-holandez\/#primaryimage"},"thumbnailUrl":"https:\/\/www.ahmadiyya-islam.org\/al\/wp-content\/uploads\/sites\/3\/2015\/10\/2015-10-06-NLD-Hage-parlamenti-i-holandes-600-1200-e1468069729683.jpg","articleSection":["Njoftim p\u00ebr shtyp"],"inLanguage":"sq-AL"},{"@type":"WebPage","@id":"https:\/\/www.ahmadiyya-islam.org\/al\/njoftim-per-shtyp\/kalifi-mbajti-fjalim-ne-parlamentin-holandez\/","url":"https:\/\/www.ahmadiyya-islam.org\/al\/njoftim-per-shtyp\/kalifi-mbajti-fjalim-ne-parlamentin-holandez\/","name":"Kalifi i Xhematit Ahmedia mbajti fjalim n\u00eb Parlamentin Holandez","isPartOf":{"@id":"https:\/\/www.ahmadiyya-islam.org\/al\/#website"},"primaryImageOfPage":{"@id":"https:\/\/www.ahmadiyya-islam.org\/al\/njoftim-per-shtyp\/kalifi-mbajti-fjalim-ne-parlamentin-holandez\/#primaryimage"},"image":{"@id":"https:\/\/www.ahmadiyya-islam.org\/al\/njoftim-per-shtyp\/kalifi-mbajti-fjalim-ne-parlamentin-holandez\/#primaryimage"},"thumbnailUrl":"https:\/\/www.ahmadiyya-islam.org\/al\/wp-content\/uploads\/sites\/3\/2015\/10\/2015-10-06-NLD-Hage-parlamenti-i-holandes-600-1200-e1468069729683.jpg","datePublished":"2015-10-08T20:17:32+00:00","dateModified":"2016-05-19T20:38:41+00:00","author":{"@id":"https:\/\/www.ahmadiyya-islam.org\/al\/#\/schema\/person\/5f18f059fde6d65fbdbffcced4741b8d"},"description":"Talljet q\u00eb b\u00ebhen ndaj cil\u00ebsdo feje, do t\u00eb nxisin frustrimet dhe pak\u00ebnaq\u00ebsit\u00eb e njer\u00ebzve dhe do t\u00eb d\u00ebmtojn\u00eb paqen globale.","breadcrumb":{"@id":"https:\/\/www.ahmadiyya-islam.org\/al\/njoftim-per-shtyp\/kalifi-mbajti-fjalim-ne-parlamentin-holandez\/#breadcrumb"},"inLanguage":"sq-AL","potentialAction":[{"@type":"ReadAction","target":["https:\/\/www.ahmadiyya-islam.org\/al\/njoftim-per-shtyp\/kalifi-mbajti-fjalim-ne-parlamentin-holandez\/"]}]},{"@type":"ImageObject","inLanguage":"sq-AL","@id":"https:\/\/www.ahmadiyya-islam.org\/al\/njoftim-per-shtyp\/kalifi-mbajti-fjalim-ne-parlamentin-holandez\/#primaryimage","url":"https:\/\/www.ahmadiyya-islam.org\/al\/wp-content\/uploads\/sites\/3\/2015\/10\/2015-10-06-NLD-Hage-parlamenti-i-holandes-600-1200-e1468069729683.jpg","contentUrl":"https:\/\/www.ahmadiyya-islam.org\/al\/wp-content\/uploads\/sites\/3\/2015\/10\/2015-10-06-NLD-Hage-parlamenti-i-holandes-600-1200-e1468069729683.jpg","width":1142,"height":571,"caption":"Kalifi fjalim historik ne Holand"},{"@type":"BreadcrumbList","@id":"https:\/\/www.ahmadiyya-islam.org\/al\/njoftim-per-shtyp\/kalifi-mbajti-fjalim-ne-parlamentin-holandez\/#breadcrumb","itemListElement":[{"@type":"ListItem","position":1,"name":"Home","item":"https:\/\/www.ahmadiyya-islam.org\/al\/"},{"@type":"ListItem","position":2,"name":"Udh\u00ebheq\u00ebsi bot\u00ebror i Xhematit Musliman Ahmedia mbajti fjalim historik n\u00eb Parlamentin Holandez"}]},{"@type":"WebSite","@id":"https:\/\/www.ahmadiyya-islam.org\/al\/#website","url":"https:\/\/www.ahmadiyya-islam.org\/al\/","name":"Xhemati Musliman Ahmedia","description":"Albania","potentialAction":[{"@type":"SearchAction","target":{"@type":"EntryPoint","urlTemplate":"https:\/\/www.ahmadiyya-islam.org\/al\/?s={search_term_string}"},"query-input":{"@type":"PropertyValueSpecification","valueRequired":true,"valueName":"search_term_string"}}],"inLanguage":"sq-AL"},{"@type":"Person","@id":"https:\/\/www.ahmadiyya-islam.org\/al\/#\/schema\/person\/5f18f059fde6d65fbdbffcced4741b8d","name":"samad"}]}},"_links":{"self":[{"href":"https:\/\/www.ahmadiyya-islam.org\/al\/wp-json\/wp\/v2\/posts\/3368","targetHints":{"allow":["GET"]}}],"collection":[{"href":"https:\/\/www.ahmadiyya-islam.org\/al\/wp-json\/wp\/v2\/posts"}],"about":[{"href":"https:\/\/www.ahmadiyya-islam.org\/al\/wp-json\/wp\/v2\/types\/post"}],"author":[{"embeddable":true,"href":"https:\/\/www.ahmadiyya-islam.org\/al\/wp-json\/wp\/v2\/users\/5"}],"replies":[{"embeddable":true,"href":"https:\/\/www.ahmadiyya-islam.org\/al\/wp-json\/wp\/v2\/comments?post=3368"}],"version-history":[{"count":0,"href":"https:\/\/www.ahmadiyya-islam.org\/al\/wp-json\/wp\/v2\/posts\/3368\/revisions"}],"wp:featuredmedia":[{"embeddable":true,"href":"https:\/\/www.ahmadiyya-islam.org\/al\/wp-json\/wp\/v2\/media\/3381"}],"wp:attachment":[{"href":"https:\/\/www.ahmadiyya-islam.org\/al\/wp-json\/wp\/v2\/media?parent=3368"}],"wp:term":[{"taxonomy":"category","embeddable":true,"href":"https:\/\/www.ahmadiyya-islam.org\/al\/wp-json\/wp\/v2\/categories?post=3368"},{"taxonomy":"post_tag","embeddable":true,"href":"https:\/\/www.ahmadiyya-islam.org\/al\/wp-json\/wp\/v2\/tags?post=3368"},{"taxonomy":"authors","embeddable":true,"href":"https:\/\/www.ahmadiyya-islam.org\/al\/wp-json\/wp\/v2\/authors?post=3368"},{"taxonomy":"content_source","embeddable":true,"href":"https:\/\/www.ahmadiyya-islam.org\/al\/wp-json\/wp\/v2\/content_source?post=3368"}],"curies":[{"name":"wp","href":"https:\/\/api.w.org\/{rel}","templated":true}]}}