{"id":3339,"date":"2015-09-30T14:38:04","date_gmt":"2015-09-30T14:38:04","guid":{"rendered":"http:\/\/www.ahmadiyya-islam.org\/al\/?p=3339"},"modified":"2021-01-23T17:24:11","modified_gmt":"2021-01-23T17:24:11","slug":"kalifi-i-islamit-hazret-mirza-masrur-ahmedi-do-te-mbaje-fjalim-ne-parlamentin-holandez","status":"publish","type":"post","link":"https:\/\/www.ahmadiyya-islam.org\/al\/njoftim-per-shtyp\/kalifi-i-islamit-hazret-mirza-masrur-ahmedi-do-te-mbaje-fjalim-ne-parlamentin-holandez\/","title":{"rendered":"Hazret Mirza Masrur Ahmedi, do t\u00eb mbaj\u00eb fjalim n\u00eb Parlamentin Holandez"},"content":{"rendered":"<p>Pishtari i paqes, <a href=\"http:\/\/www.ahmadiyya-islam.org\/al\/profilet\/hazret-mirza-masrur-ahmed-aba\/\" target=\"_blank\" rel=\"noopener\">Hazret Mirza Masrur Ahmed<\/a>, m\u00eb 6 tetor 2015, do t\u00eb mbaj\u00eb fjalim n\u00eb Parlamentin Holandez, inshallah.<\/p>\n<p>Kalifi i <a href=\"http:\/\/www.ahmadiyya-islam.org\/al\/xhemati-musliman-ahmedia\/\" target=\"_blank\" rel=\"noopener\">Xhematit Musliman Ahmedia<\/a> \u00ebsht\u00eb udh\u00ebheq\u00ebs bot\u00ebror i miliona musliman\u00ebve ahmedian\u00eb.\u00a0Ai shquhet p\u00ebr veprimtarin\u00eb e tij p\u00ebr t\u00eb promovuar paqen n\u00eb mbar\u00eb bot\u00ebn. P\u00ebr k\u00ebt\u00eb q\u00ebllim, ai ka mbajtur fjalime n\u00eb Senatin Amerikan t\u00eb Kapitol Hillit (qershor 2012), n\u00eb Parlamentin Europian (dhjetor 2012), n\u00eb Parlamentin Britanik (tetor 2008 dhe qershor 2013), n\u00eb Qendr\u00ebn Ushtarake t\u00eb Gjermanis\u00eb (maj 2012) dhe n\u00eb shum\u00eb kuvende t\u00eb tjera t\u00eb shteteve t\u00eb m\u00ebdha e t\u00eb vogla t\u00eb bot\u00ebs.<\/p>\n","protected":false},"excerpt":{"rendered":"<p>Hazret Mirza Masrur Ahmed, m\u00eb 6 tetor 2015, do t\u00eb mbaj\u00eb fjalim n\u00eb Parlamentin Holandez, inshallah<\/p>\n","protected":false},"author":5,"featured_media":3340,"comment_status":"closed","ping_status":"closed","sticky":false,"template":"","format":"standard","meta":{"_acf_changed":false,"footnotes":""},"categories":[11],"tags":[],"authors":[],"content_source":[],"class_list":["post-3339","post","type-post","status-publish","format-standard","has-post-thumbnail","hentry","category-njoftim-per-shtyp"],"acf":[],"yoast_head":"<!-- This site is optimized with the Yoast SEO Premium plugin v21.1 (Yoast SEO v27.4) - https:\/\/yoast.com\/product\/yoast-seo-premium-wordpress\/ -->\n<title>Hazret Mirza Masrur Ahmedi, do t\u00eb mbaj\u00eb fjalim n\u00eb Parlamentin Holandez<\/title>\n<meta name=\"description\" content=\"Kalifi i Islamit, Hazret Mirza Masrur Ahmed, m\u00eb 6 tetor 2015, do t\u00eb mbaj\u00eb fjalim n\u00eb Parlamentin Holandez, inshallah\" \/>\n<meta name=\"robots\" content=\"index, follow, max-snippet:-1, max-image-preview:large, max-video-preview:-1\" \/>\n<link rel=\"canonical\" href=\"https:\/\/www.ahmadiyya-islam.org\/al\/njoftim-per-shtyp\/kalifi-i-islamit-hazret-mirza-masrur-ahmedi-do-te-mbaje-fjalim-ne-parlamentin-holandez\/\" \/>\n<meta property=\"og:locale\" content=\"sq_AL\" \/>\n<meta property=\"og:type\" content=\"article\" \/>\n<meta property=\"og:title\" content=\"Hazret Mirza Masrur Ahmedi, do t\u00eb mbaj\u00eb fjalim n\u00eb Parlamentin Holandez\" \/>\n<meta property=\"og:description\" content=\"Kalifi i Islamit, Hazret Mirza Masrur Ahmed, m\u00eb 6 tetor 2015, do t\u00eb mbaj\u00eb fjalim n\u00eb Parlamentin Holandez, inshallah\" \/>\n<meta property=\"og:url\" content=\"https:\/\/www.ahmadiyya-islam.org\/al\/njoftim-per-shtyp\/kalifi-i-islamit-hazret-mirza-masrur-ahmedi-do-te-mbaje-fjalim-ne-parlamentin-holandez\/\" \/>\n<meta property=\"og:site_name\" content=\"Xhemati Musliman Ahmedia\" \/>\n<meta property=\"article:published_time\" content=\"2015-09-30T14:38:04+00:00\" \/>\n<meta property=\"article:modified_time\" content=\"2021-01-23T17:24:11+00:00\" \/>\n<meta property=\"og:image\" content=\"https:\/\/www.ahmadiyya-islam.org\/al\/wp-content\/uploads\/sites\/3\/2015\/09\/parlamenti-i-holandes-e1468067246368.jpg\" \/>\n\t<meta property=\"og:image:width\" content=\"1142\" \/>\n\t<meta property=\"og:image:height\" content=\"571\" \/>\n\t<meta property=\"og:image:type\" content=\"image\/jpeg\" \/>\n<meta name=\"author\" content=\"samad\" \/>\n<meta name=\"twitter:card\" content=\"summary_large_image\" \/>\n<meta name=\"twitter:label1\" content=\"Written by\" \/>\n\t<meta name=\"twitter:data1\" content=\"samad\" \/>\n\t<meta name=\"twitter:label2\" content=\"Est. reading time\" \/>\n\t<meta name=\"twitter:data2\" content=\"1 minute\" \/>\n<script type=\"application\/ld+json\" class=\"yoast-schema-graph\">{\"@context\":\"https:\\\/\\\/schema.org\",\"@graph\":[{\"@type\":\"Article\",\"@id\":\"https:\\\/\\\/www.ahmadiyya-islam.org\\\/al\\\/njoftim-per-shtyp\\\/kalifi-i-islamit-hazret-mirza-masrur-ahmedi-do-te-mbaje-fjalim-ne-parlamentin-holandez\\\/#article\",\"isPartOf\":{\"@id\":\"https:\\\/\\\/www.ahmadiyya-islam.org\\\/al\\\/njoftim-per-shtyp\\\/kalifi-i-islamit-hazret-mirza-masrur-ahmedi-do-te-mbaje-fjalim-ne-parlamentin-holandez\\\/\"},\"author\":{\"name\":\"samad\",\"@id\":\"https:\\\/\\\/www.ahmadiyya-islam.org\\\/al\\\/#\\\/schema\\\/person\\\/5f18f059fde6d65fbdbffcced4741b8d\"},\"headline\":\"Hazret Mirza Masrur Ahmedi, do t\u00eb mbaj\u00eb fjalim n\u00eb Parlamentin Holandez\",\"datePublished\":\"2015-09-30T14:38:04+00:00\",\"dateModified\":\"2021-01-23T17:24:11+00:00\",\"mainEntityOfPage\":{\"@id\":\"https:\\\/\\\/www.ahmadiyya-islam.org\\\/al\\\/njoftim-per-shtyp\\\/kalifi-i-islamit-hazret-mirza-masrur-ahmedi-do-te-mbaje-fjalim-ne-parlamentin-holandez\\\/\"},\"wordCount\":111,\"image\":{\"@id\":\"https:\\\/\\\/www.ahmadiyya-islam.org\\\/al\\\/njoftim-per-shtyp\\\/kalifi-i-islamit-hazret-mirza-masrur-ahmedi-do-te-mbaje-fjalim-ne-parlamentin-holandez\\\/#primaryimage\"},\"thumbnailUrl\":\"https:\\\/\\\/www.ahmadiyya-islam.org\\\/al\\\/wp-content\\\/uploads\\\/sites\\\/3\\\/2015\\\/09\\\/parlamenti-i-holandes-e1468067246368.jpg\",\"articleSection\":[\"Njoftim p\u00ebr shtyp\"],\"inLanguage\":\"sq-AL\"},{\"@type\":\"WebPage\",\"@id\":\"https:\\\/\\\/www.ahmadiyya-islam.org\\\/al\\\/njoftim-per-shtyp\\\/kalifi-i-islamit-hazret-mirza-masrur-ahmedi-do-te-mbaje-fjalim-ne-parlamentin-holandez\\\/\",\"url\":\"https:\\\/\\\/www.ahmadiyya-islam.org\\\/al\\\/njoftim-per-shtyp\\\/kalifi-i-islamit-hazret-mirza-masrur-ahmedi-do-te-mbaje-fjalim-ne-parlamentin-holandez\\\/\",\"name\":\"Hazret Mirza Masrur Ahmedi, do t\u00eb mbaj\u00eb fjalim n\u00eb Parlamentin Holandez\",\"isPartOf\":{\"@id\":\"https:\\\/\\\/www.ahmadiyya-islam.org\\\/al\\\/#website\"},\"primaryImageOfPage\":{\"@id\":\"https:\\\/\\\/www.ahmadiyya-islam.org\\\/al\\\/njoftim-per-shtyp\\\/kalifi-i-islamit-hazret-mirza-masrur-ahmedi-do-te-mbaje-fjalim-ne-parlamentin-holandez\\\/#primaryimage\"},\"image\":{\"@id\":\"https:\\\/\\\/www.ahmadiyya-islam.org\\\/al\\\/njoftim-per-shtyp\\\/kalifi-i-islamit-hazret-mirza-masrur-ahmedi-do-te-mbaje-fjalim-ne-parlamentin-holandez\\\/#primaryimage\"},\"thumbnailUrl\":\"https:\\\/\\\/www.ahmadiyya-islam.org\\\/al\\\/wp-content\\\/uploads\\\/sites\\\/3\\\/2015\\\/09\\\/parlamenti-i-holandes-e1468067246368.jpg\",\"datePublished\":\"2015-09-30T14:38:04+00:00\",\"dateModified\":\"2021-01-23T17:24:11+00:00\",\"author\":{\"@id\":\"https:\\\/\\\/www.ahmadiyya-islam.org\\\/al\\\/#\\\/schema\\\/person\\\/5f18f059fde6d65fbdbffcced4741b8d\"},\"description\":\"Kalifi i Islamit, Hazret Mirza Masrur Ahmed, m\u00eb 6 tetor 2015, do t\u00eb mbaj\u00eb fjalim n\u00eb Parlamentin Holandez, inshallah\",\"breadcrumb\":{\"@id\":\"https:\\\/\\\/www.ahmadiyya-islam.org\\\/al\\\/njoftim-per-shtyp\\\/kalifi-i-islamit-hazret-mirza-masrur-ahmedi-do-te-mbaje-fjalim-ne-parlamentin-holandez\\\/#breadcrumb\"},\"inLanguage\":\"sq-AL\",\"potentialAction\":[{\"@type\":\"ReadAction\",\"target\":[\"https:\\\/\\\/www.ahmadiyya-islam.org\\\/al\\\/njoftim-per-shtyp\\\/kalifi-i-islamit-hazret-mirza-masrur-ahmedi-do-te-mbaje-fjalim-ne-parlamentin-holandez\\\/\"]}]},{\"@type\":\"ImageObject\",\"inLanguage\":\"sq-AL\",\"@id\":\"https:\\\/\\\/www.ahmadiyya-islam.org\\\/al\\\/njoftim-per-shtyp\\\/kalifi-i-islamit-hazret-mirza-masrur-ahmedi-do-te-mbaje-fjalim-ne-parlamentin-holandez\\\/#primaryimage\",\"url\":\"https:\\\/\\\/www.ahmadiyya-islam.org\\\/al\\\/wp-content\\\/uploads\\\/sites\\\/3\\\/2015\\\/09\\\/parlamenti-i-holandes-e1468067246368.jpg\",\"contentUrl\":\"https:\\\/\\\/www.ahmadiyya-islam.org\\\/al\\\/wp-content\\\/uploads\\\/sites\\\/3\\\/2015\\\/09\\\/parlamenti-i-holandes-e1468067246368.jpg\",\"width\":1142,\"height\":571,\"caption\":\"parlamenti i holandes\"},{\"@type\":\"BreadcrumbList\",\"@id\":\"https:\\\/\\\/www.ahmadiyya-islam.org\\\/al\\\/njoftim-per-shtyp\\\/kalifi-i-islamit-hazret-mirza-masrur-ahmedi-do-te-mbaje-fjalim-ne-parlamentin-holandez\\\/#breadcrumb\",\"itemListElement\":[{\"@type\":\"ListItem\",\"position\":1,\"name\":\"Home\",\"item\":\"https:\\\/\\\/www.ahmadiyya-islam.org\\\/al\\\/\"},{\"@type\":\"ListItem\",\"position\":2,\"name\":\"Hazret Mirza Masrur Ahmedi, do t\u00eb mbaj\u00eb fjalim n\u00eb Parlamentin Holandez\"}]},{\"@type\":\"WebSite\",\"@id\":\"https:\\\/\\\/www.ahmadiyya-islam.org\\\/al\\\/#website\",\"url\":\"https:\\\/\\\/www.ahmadiyya-islam.org\\\/al\\\/\",\"name\":\"Xhemati Musliman Ahmedia\",\"description\":\"Albania\",\"potentialAction\":[{\"@type\":\"SearchAction\",\"target\":{\"@type\":\"EntryPoint\",\"urlTemplate\":\"https:\\\/\\\/www.ahmadiyya-islam.org\\\/al\\\/?s={search_term_string}\"},\"query-input\":{\"@type\":\"PropertyValueSpecification\",\"valueRequired\":true,\"valueName\":\"search_term_string\"}}],\"inLanguage\":\"sq-AL\"},{\"@type\":\"Person\",\"@id\":\"https:\\\/\\\/www.ahmadiyya-islam.org\\\/al\\\/#\\\/schema\\\/person\\\/5f18f059fde6d65fbdbffcced4741b8d\",\"name\":\"samad\"}]}<\/script>\n<!-- \/ Yoast SEO Premium plugin. -->","yoast_head_json":{"title":"Hazret Mirza Masrur Ahmedi, do t\u00eb mbaj\u00eb fjalim n\u00eb Parlamentin Holandez","description":"Kalifi i Islamit, Hazret Mirza Masrur Ahmed, m\u00eb 6 tetor 2015, do t\u00eb mbaj\u00eb fjalim n\u00eb Parlamentin Holandez, inshallah","robots":{"index":"index","follow":"follow","max-snippet":"max-snippet:-1","max-image-preview":"max-image-preview:large","max-video-preview":"max-video-preview:-1"},"canonical":"https:\/\/www.ahmadiyya-islam.org\/al\/njoftim-per-shtyp\/kalifi-i-islamit-hazret-mirza-masrur-ahmedi-do-te-mbaje-fjalim-ne-parlamentin-holandez\/","og_locale":"sq_AL","og_type":"article","og_title":"Hazret Mirza Masrur Ahmedi, do t\u00eb mbaj\u00eb fjalim n\u00eb Parlamentin Holandez","og_description":"Kalifi i Islamit, Hazret Mirza Masrur Ahmed, m\u00eb 6 tetor 2015, do t\u00eb mbaj\u00eb fjalim n\u00eb Parlamentin Holandez, inshallah","og_url":"https:\/\/www.ahmadiyya-islam.org\/al\/njoftim-per-shtyp\/kalifi-i-islamit-hazret-mirza-masrur-ahmedi-do-te-mbaje-fjalim-ne-parlamentin-holandez\/","og_site_name":"Xhemati Musliman Ahmedia","article_published_time":"2015-09-30T14:38:04+00:00","article_modified_time":"2021-01-23T17:24:11+00:00","og_image":[{"width":1142,"height":571,"url":"https:\/\/www.ahmadiyya-islam.org\/al\/wp-content\/uploads\/sites\/3\/2015\/09\/parlamenti-i-holandes-e1468067246368.jpg","type":"image\/jpeg"}],"author":"samad","twitter_card":"summary_large_image","twitter_misc":{"Written by":"samad","Est. reading time":"1 minute"},"schema":{"@context":"https:\/\/schema.org","@graph":[{"@type":"Article","@id":"https:\/\/www.ahmadiyya-islam.org\/al\/njoftim-per-shtyp\/kalifi-i-islamit-hazret-mirza-masrur-ahmedi-do-te-mbaje-fjalim-ne-parlamentin-holandez\/#article","isPartOf":{"@id":"https:\/\/www.ahmadiyya-islam.org\/al\/njoftim-per-shtyp\/kalifi-i-islamit-hazret-mirza-masrur-ahmedi-do-te-mbaje-fjalim-ne-parlamentin-holandez\/"},"author":{"name":"samad","@id":"https:\/\/www.ahmadiyya-islam.org\/al\/#\/schema\/person\/5f18f059fde6d65fbdbffcced4741b8d"},"headline":"Hazret Mirza Masrur Ahmedi, do t\u00eb mbaj\u00eb fjalim n\u00eb Parlamentin Holandez","datePublished":"2015-09-30T14:38:04+00:00","dateModified":"2021-01-23T17:24:11+00:00","mainEntityOfPage":{"@id":"https:\/\/www.ahmadiyya-islam.org\/al\/njoftim-per-shtyp\/kalifi-i-islamit-hazret-mirza-masrur-ahmedi-do-te-mbaje-fjalim-ne-parlamentin-holandez\/"},"wordCount":111,"image":{"@id":"https:\/\/www.ahmadiyya-islam.org\/al\/njoftim-per-shtyp\/kalifi-i-islamit-hazret-mirza-masrur-ahmedi-do-te-mbaje-fjalim-ne-parlamentin-holandez\/#primaryimage"},"thumbnailUrl":"https:\/\/www.ahmadiyya-islam.org\/al\/wp-content\/uploads\/sites\/3\/2015\/09\/parlamenti-i-holandes-e1468067246368.jpg","articleSection":["Njoftim p\u00ebr shtyp"],"inLanguage":"sq-AL"},{"@type":"WebPage","@id":"https:\/\/www.ahmadiyya-islam.org\/al\/njoftim-per-shtyp\/kalifi-i-islamit-hazret-mirza-masrur-ahmedi-do-te-mbaje-fjalim-ne-parlamentin-holandez\/","url":"https:\/\/www.ahmadiyya-islam.org\/al\/njoftim-per-shtyp\/kalifi-i-islamit-hazret-mirza-masrur-ahmedi-do-te-mbaje-fjalim-ne-parlamentin-holandez\/","name":"Hazret Mirza Masrur Ahmedi, do t\u00eb mbaj\u00eb fjalim n\u00eb Parlamentin Holandez","isPartOf":{"@id":"https:\/\/www.ahmadiyya-islam.org\/al\/#website"},"primaryImageOfPage":{"@id":"https:\/\/www.ahmadiyya-islam.org\/al\/njoftim-per-shtyp\/kalifi-i-islamit-hazret-mirza-masrur-ahmedi-do-te-mbaje-fjalim-ne-parlamentin-holandez\/#primaryimage"},"image":{"@id":"https:\/\/www.ahmadiyya-islam.org\/al\/njoftim-per-shtyp\/kalifi-i-islamit-hazret-mirza-masrur-ahmedi-do-te-mbaje-fjalim-ne-parlamentin-holandez\/#primaryimage"},"thumbnailUrl":"https:\/\/www.ahmadiyya-islam.org\/al\/wp-content\/uploads\/sites\/3\/2015\/09\/parlamenti-i-holandes-e1468067246368.jpg","datePublished":"2015-09-30T14:38:04+00:00","dateModified":"2021-01-23T17:24:11+00:00","author":{"@id":"https:\/\/www.ahmadiyya-islam.org\/al\/#\/schema\/person\/5f18f059fde6d65fbdbffcced4741b8d"},"description":"Kalifi i Islamit, Hazret Mirza Masrur Ahmed, m\u00eb 6 tetor 2015, do t\u00eb mbaj\u00eb fjalim n\u00eb Parlamentin Holandez, inshallah","breadcrumb":{"@id":"https:\/\/www.ahmadiyya-islam.org\/al\/njoftim-per-shtyp\/kalifi-i-islamit-hazret-mirza-masrur-ahmedi-do-te-mbaje-fjalim-ne-parlamentin-holandez\/#breadcrumb"},"inLanguage":"sq-AL","potentialAction":[{"@type":"ReadAction","target":["https:\/\/www.ahmadiyya-islam.org\/al\/njoftim-per-shtyp\/kalifi-i-islamit-hazret-mirza-masrur-ahmedi-do-te-mbaje-fjalim-ne-parlamentin-holandez\/"]}]},{"@type":"ImageObject","inLanguage":"sq-AL","@id":"https:\/\/www.ahmadiyya-islam.org\/al\/njoftim-per-shtyp\/kalifi-i-islamit-hazret-mirza-masrur-ahmedi-do-te-mbaje-fjalim-ne-parlamentin-holandez\/#primaryimage","url":"https:\/\/www.ahmadiyya-islam.org\/al\/wp-content\/uploads\/sites\/3\/2015\/09\/parlamenti-i-holandes-e1468067246368.jpg","contentUrl":"https:\/\/www.ahmadiyya-islam.org\/al\/wp-content\/uploads\/sites\/3\/2015\/09\/parlamenti-i-holandes-e1468067246368.jpg","width":1142,"height":571,"caption":"parlamenti i holandes"},{"@type":"BreadcrumbList","@id":"https:\/\/www.ahmadiyya-islam.org\/al\/njoftim-per-shtyp\/kalifi-i-islamit-hazret-mirza-masrur-ahmedi-do-te-mbaje-fjalim-ne-parlamentin-holandez\/#breadcrumb","itemListElement":[{"@type":"ListItem","position":1,"name":"Home","item":"https:\/\/www.ahmadiyya-islam.org\/al\/"},{"@type":"ListItem","position":2,"name":"Hazret Mirza Masrur Ahmedi, do t\u00eb mbaj\u00eb fjalim n\u00eb Parlamentin Holandez"}]},{"@type":"WebSite","@id":"https:\/\/www.ahmadiyya-islam.org\/al\/#website","url":"https:\/\/www.ahmadiyya-islam.org\/al\/","name":"Xhemati Musliman Ahmedia","description":"Albania","potentialAction":[{"@type":"SearchAction","target":{"@type":"EntryPoint","urlTemplate":"https:\/\/www.ahmadiyya-islam.org\/al\/?s={search_term_string}"},"query-input":{"@type":"PropertyValueSpecification","valueRequired":true,"valueName":"search_term_string"}}],"inLanguage":"sq-AL"},{"@type":"Person","@id":"https:\/\/www.ahmadiyya-islam.org\/al\/#\/schema\/person\/5f18f059fde6d65fbdbffcced4741b8d","name":"samad"}]}},"_links":{"self":[{"href":"https:\/\/www.ahmadiyya-islam.org\/al\/wp-json\/wp\/v2\/posts\/3339","targetHints":{"allow":["GET"]}}],"collection":[{"href":"https:\/\/www.ahmadiyya-islam.org\/al\/wp-json\/wp\/v2\/posts"}],"about":[{"href":"https:\/\/www.ahmadiyya-islam.org\/al\/wp-json\/wp\/v2\/types\/post"}],"author":[{"embeddable":true,"href":"https:\/\/www.ahmadiyya-islam.org\/al\/wp-json\/wp\/v2\/users\/5"}],"replies":[{"embeddable":true,"href":"https:\/\/www.ahmadiyya-islam.org\/al\/wp-json\/wp\/v2\/comments?post=3339"}],"version-history":[{"count":0,"href":"https:\/\/www.ahmadiyya-islam.org\/al\/wp-json\/wp\/v2\/posts\/3339\/revisions"}],"wp:featuredmedia":[{"embeddable":true,"href":"https:\/\/www.ahmadiyya-islam.org\/al\/wp-json\/wp\/v2\/media\/3340"}],"wp:attachment":[{"href":"https:\/\/www.ahmadiyya-islam.org\/al\/wp-json\/wp\/v2\/media?parent=3339"}],"wp:term":[{"taxonomy":"category","embeddable":true,"href":"https:\/\/www.ahmadiyya-islam.org\/al\/wp-json\/wp\/v2\/categories?post=3339"},{"taxonomy":"post_tag","embeddable":true,"href":"https:\/\/www.ahmadiyya-islam.org\/al\/wp-json\/wp\/v2\/tags?post=3339"},{"taxonomy":"authors","embeddable":true,"href":"https:\/\/www.ahmadiyya-islam.org\/al\/wp-json\/wp\/v2\/authors?post=3339"},{"taxonomy":"content_source","embeddable":true,"href":"https:\/\/www.ahmadiyya-islam.org\/al\/wp-json\/wp\/v2\/content_source?post=3339"}],"curies":[{"name":"wp","href":"https:\/\/api.w.org\/{rel}","templated":true}]}}