{"id":19597,"date":"2025-04-21T13:14:29","date_gmt":"2025-04-21T13:14:29","guid":{"rendered":"https:\/\/www.ahmadiyya-islam.org\/al\/?p=19597"},"modified":"2025-04-21T13:21:37","modified_gmt":"2025-04-21T13:21:37","slug":"papa-francesku-ishte-nje-njeri-i-dhembshur-u-perpoq-te-ndertonte-ura-midis-njerezve-te-bindjeve-te-ndryshme","status":"publish","type":"post","link":"https:\/\/www.ahmadiyya-islam.org\/al\/njoftim-per-shtyp\/papa-francesku-ishte-nje-njeri-i-dhembshur-u-perpoq-te-ndertonte-ura-midis-njerezve-te-bindjeve-te-ndryshme\/","title":{"rendered":"Papa Fran\u00e7esku ishte nj\u00eb njeri i dhembshur &#8230; u p\u00ebrpoq t\u00eb nd\u00ebrtonte ura midis njer\u00ebzve t\u00eb bindjeve t\u00eb ndryshme, &#8211; Udh\u00ebheq\u00ebsi bot\u00ebror i Xhematit Musliman Ahmedia"},"content":{"rendered":"<p>Me pik\u00ebllim t\u00eb thell\u00eb m\u00ebsova p\u00ebr ndarjen nga jeta t\u00eb Shenjt\u00ebris\u00eb s\u00eb Tij Papa Fran\u00e7esku. Gjat\u00eb gjith\u00eb jet\u00ebs s\u00eb tij, Papa Fran\u00e7esku u p\u00ebrpoq t&#8217;u sh\u00ebrbente t\u00eb varf\u00ebrve dhe t\u00eb pambrojturve, duke shprehur simpati t\u00eb pamas\u00eb p\u00ebr ata q\u00eb vuanin n\u00ebn pesh\u00ebn e r\u00ebnd\u00eb t\u00eb luft\u00ebs, t\u00eb persekutimit dhe t\u00eb padrejt\u00ebsis\u00eb. Ai ishte nj\u00eb njeri i dhembshur, i p\u00ebrulur dhe me besim, dhe u p\u00ebrpoq t\u00eb nd\u00ebrtonte ura midis njer\u00ebzve t\u00eb bindjeve dhe t\u00eb besimeve t\u00eb ndryshme.<\/p>\n<p>Gjat\u00eb Papatit t\u00eb tij, Papa Fran\u00e7esku priti me ngroht\u00ebsi p\u00ebrfaq\u00ebsuesit e Xhematit Musliman Ahmedia n\u00eb Vatikan, p\u00ebr t\u00eb cilin do t\u00eb jemi gjithmon\u00eb mir\u00ebnjoh\u00ebs. N\u00eb em\u00ebr t\u00eb Xhematit Musliman Ahmedia, i shpreh ngush\u00ebllimet tona t\u00eb sinqerta Kish\u00ebs Katolike dhe an\u00ebtar\u00ebve t\u00eb saj n\u00eb mbar\u00eb bot\u00ebn.<\/p>\n<p>Juaji sinqerisht,<\/p>\n<p><a href=\"https:\/\/www.ahmadiyya-islam.org\/al\/personalitete\/hazret-mirza-masrur-ahmed\/\">Mirza Masroor Ahmad<\/a><\/p>\n<p><em>Khalifatul Masih V<br \/>\n<\/em>Udh\u00ebheq\u00ebsi bot\u00ebror i Xhematit Musliman Ahmedia<\/p>\n<p>21\u00a0prill, 2025<\/p>\n","protected":false},"excerpt":{"rendered":"<p>Papa Fran\u00e7esku ishte nj\u00eb njeri me dhembshuri, i p\u00ebrulur &#8230; u p\u00ebrpoq t\u00eb nd\u00ebrtonte ura midis njer\u00ebzve t\u00eb bindjeve t\u00eb ndryshme, &#8211; Udh\u00ebheq\u00ebsi bot\u00ebror i Xhematit Musliman Ahmedia<\/p>\n","protected":false},"author":5,"featured_media":19598,"comment_status":"closed","ping_status":"closed","sticky":false,"template":"","format":"standard","meta":{"_acf_changed":false,"footnotes":""},"categories":[11],"tags":[],"authors":[],"content_source":[644],"class_list":["post-19597","post","type-post","status-publish","format-standard","has-post-thumbnail","hentry","category-njoftim-per-shtyp","topics-krishterimi","content_source-press-media-xhemati-nderkombetar"],"acf":[],"yoast_head":"<!-- This site is optimized with the Yoast SEO Premium plugin v21.1 (Yoast SEO v27.4) - https:\/\/yoast.com\/product\/yoast-seo-premium-wordpress\/ -->\n<title>Papa Fran\u00e7esku ishte nj\u00eb njeri i dhembshur ... u p\u00ebrpoq t\u00eb nd\u00ebrtonte ura midis njer\u00ebzve t\u00eb bindjeve t\u00eb ndryshme, - Udh\u00ebheq\u00ebsi bot\u00ebror i Xhematit Musliman Ahmedia<\/title>\n<meta name=\"description\" content=\"Papa Fran\u00e7esku ishte nj\u00eb njeri me dhembshuri, i p\u00ebrulur ... u p\u00ebrpoq t\u00eb nd\u00ebrtonte ura midis njer\u00ebzve t\u00eb bindjeve t\u00eb ndryshme, - Udh\u00ebheq\u00ebsi bot\u00ebror i Xhematit Musliman Ahmedia\" \/>\n<meta name=\"robots\" content=\"index, follow, max-snippet:-1, max-image-preview:large, max-video-preview:-1\" \/>\n<link rel=\"canonical\" href=\"https:\/\/www.ahmadiyya-islam.org\/al\/njoftim-per-shtyp\/papa-francesku-ishte-nje-njeri-i-dhembshur-u-perpoq-te-ndertonte-ura-midis-njerezve-te-bindjeve-te-ndryshme\/\" \/>\n<meta property=\"og:locale\" content=\"sq_AL\" \/>\n<meta property=\"og:type\" content=\"article\" \/>\n<meta property=\"og:title\" content=\"Papa Fran\u00e7esku ishte nj\u00eb njeri i dhembshur ... u p\u00ebrpoq t\u00eb nd\u00ebrtonte ura midis njer\u00ebzve t\u00eb bindjeve t\u00eb ndryshme, - Udh\u00ebheq\u00ebsi bot\u00ebror i Xhematit Musliman Ahmedia\" \/>\n<meta property=\"og:description\" content=\"Papa Fran\u00e7esku ishte nj\u00eb njeri me dhembshuri, i p\u00ebrulur ... u p\u00ebrpoq t\u00eb nd\u00ebrtonte ura midis njer\u00ebzve t\u00eb bindjeve t\u00eb ndryshme, - Udh\u00ebheq\u00ebsi bot\u00ebror i Xhematit Musliman Ahmedia\" \/>\n<meta property=\"og:url\" content=\"https:\/\/www.ahmadiyya-islam.org\/al\/njoftim-per-shtyp\/papa-francesku-ishte-nje-njeri-i-dhembshur-u-perpoq-te-ndertonte-ura-midis-njerezve-te-bindjeve-te-ndryshme\/\" \/>\n<meta property=\"og:site_name\" content=\"Xhemati Musliman Ahmedia\" \/>\n<meta property=\"article:published_time\" content=\"2025-04-21T13:14:29+00:00\" \/>\n<meta property=\"article:modified_time\" content=\"2025-04-21T13:21:37+00:00\" \/>\n<meta property=\"og:image\" content=\"https:\/\/www.ahmadiyya-islam.org\/al\/wp-content\/uploads\/sites\/3\/2025\/04\/papa-francesku.jpg\" \/>\n\t<meta property=\"og:image:width\" content=\"1200\" \/>\n\t<meta property=\"og:image:height\" content=\"675\" \/>\n\t<meta property=\"og:image:type\" content=\"image\/jpeg\" \/>\n<meta name=\"author\" content=\"samad\" \/>\n<meta name=\"twitter:card\" content=\"summary_large_image\" \/>\n<meta name=\"twitter:label1\" content=\"Written by\" \/>\n\t<meta name=\"twitter:data1\" content=\"samad\" \/>\n\t<meta name=\"twitter:label2\" content=\"Est. reading time\" \/>\n\t<meta name=\"twitter:data2\" content=\"1 minute\" \/>\n<script type=\"application\/ld+json\" class=\"yoast-schema-graph\">{\"@context\":\"https:\\\/\\\/schema.org\",\"@graph\":[{\"@type\":\"Article\",\"@id\":\"https:\\\/\\\/www.ahmadiyya-islam.org\\\/al\\\/njoftim-per-shtyp\\\/papa-francesku-ishte-nje-njeri-i-dhembshur-u-perpoq-te-ndertonte-ura-midis-njerezve-te-bindjeve-te-ndryshme\\\/#article\",\"isPartOf\":{\"@id\":\"https:\\\/\\\/www.ahmadiyya-islam.org\\\/al\\\/njoftim-per-shtyp\\\/papa-francesku-ishte-nje-njeri-i-dhembshur-u-perpoq-te-ndertonte-ura-midis-njerezve-te-bindjeve-te-ndryshme\\\/\"},\"author\":{\"name\":\"samad\",\"@id\":\"https:\\\/\\\/www.ahmadiyya-islam.org\\\/al\\\/#\\\/schema\\\/person\\\/5f18f059fde6d65fbdbffcced4741b8d\"},\"headline\":\"Papa Fran\u00e7esku ishte nj\u00eb njeri i dhembshur &#8230; u p\u00ebrpoq t\u00eb nd\u00ebrtonte ura midis njer\u00ebzve t\u00eb bindjeve t\u00eb ndryshme, &#8211; Udh\u00ebheq\u00ebsi bot\u00ebror i Xhematit Musliman Ahmedia\",\"datePublished\":\"2025-04-21T13:14:29+00:00\",\"dateModified\":\"2025-04-21T13:21:37+00:00\",\"mainEntityOfPage\":{\"@id\":\"https:\\\/\\\/www.ahmadiyya-islam.org\\\/al\\\/njoftim-per-shtyp\\\/papa-francesku-ishte-nje-njeri-i-dhembshur-u-perpoq-te-ndertonte-ura-midis-njerezve-te-bindjeve-te-ndryshme\\\/\"},\"wordCount\":206,\"image\":{\"@id\":\"https:\\\/\\\/www.ahmadiyya-islam.org\\\/al\\\/njoftim-per-shtyp\\\/papa-francesku-ishte-nje-njeri-i-dhembshur-u-perpoq-te-ndertonte-ura-midis-njerezve-te-bindjeve-te-ndryshme\\\/#primaryimage\"},\"thumbnailUrl\":\"https:\\\/\\\/www.ahmadiyya-islam.org\\\/al\\\/wp-content\\\/uploads\\\/sites\\\/3\\\/2025\\\/04\\\/papa-francesku.jpg\",\"articleSection\":[\"Njoftim p\u00ebr shtyp\"],\"inLanguage\":\"sq-AL\"},{\"@type\":\"WebPage\",\"@id\":\"https:\\\/\\\/www.ahmadiyya-islam.org\\\/al\\\/njoftim-per-shtyp\\\/papa-francesku-ishte-nje-njeri-i-dhembshur-u-perpoq-te-ndertonte-ura-midis-njerezve-te-bindjeve-te-ndryshme\\\/\",\"url\":\"https:\\\/\\\/www.ahmadiyya-islam.org\\\/al\\\/njoftim-per-shtyp\\\/papa-francesku-ishte-nje-njeri-i-dhembshur-u-perpoq-te-ndertonte-ura-midis-njerezve-te-bindjeve-te-ndryshme\\\/\",\"name\":\"Papa Fran\u00e7esku ishte nj\u00eb njeri i dhembshur ... u p\u00ebrpoq t\u00eb nd\u00ebrtonte ura midis njer\u00ebzve t\u00eb bindjeve t\u00eb ndryshme, - Udh\u00ebheq\u00ebsi bot\u00ebror i Xhematit Musliman Ahmedia\",\"isPartOf\":{\"@id\":\"https:\\\/\\\/www.ahmadiyya-islam.org\\\/al\\\/#website\"},\"primaryImageOfPage\":{\"@id\":\"https:\\\/\\\/www.ahmadiyya-islam.org\\\/al\\\/njoftim-per-shtyp\\\/papa-francesku-ishte-nje-njeri-i-dhembshur-u-perpoq-te-ndertonte-ura-midis-njerezve-te-bindjeve-te-ndryshme\\\/#primaryimage\"},\"image\":{\"@id\":\"https:\\\/\\\/www.ahmadiyya-islam.org\\\/al\\\/njoftim-per-shtyp\\\/papa-francesku-ishte-nje-njeri-i-dhembshur-u-perpoq-te-ndertonte-ura-midis-njerezve-te-bindjeve-te-ndryshme\\\/#primaryimage\"},\"thumbnailUrl\":\"https:\\\/\\\/www.ahmadiyya-islam.org\\\/al\\\/wp-content\\\/uploads\\\/sites\\\/3\\\/2025\\\/04\\\/papa-francesku.jpg\",\"datePublished\":\"2025-04-21T13:14:29+00:00\",\"dateModified\":\"2025-04-21T13:21:37+00:00\",\"author\":{\"@id\":\"https:\\\/\\\/www.ahmadiyya-islam.org\\\/al\\\/#\\\/schema\\\/person\\\/5f18f059fde6d65fbdbffcced4741b8d\"},\"description\":\"Papa Fran\u00e7esku ishte nj\u00eb njeri me dhembshuri, i p\u00ebrulur ... u p\u00ebrpoq t\u00eb nd\u00ebrtonte ura midis njer\u00ebzve t\u00eb bindjeve t\u00eb ndryshme, - Udh\u00ebheq\u00ebsi bot\u00ebror i Xhematit Musliman Ahmedia\",\"breadcrumb\":{\"@id\":\"https:\\\/\\\/www.ahmadiyya-islam.org\\\/al\\\/njoftim-per-shtyp\\\/papa-francesku-ishte-nje-njeri-i-dhembshur-u-perpoq-te-ndertonte-ura-midis-njerezve-te-bindjeve-te-ndryshme\\\/#breadcrumb\"},\"inLanguage\":\"sq-AL\",\"potentialAction\":[{\"@type\":\"ReadAction\",\"target\":[\"https:\\\/\\\/www.ahmadiyya-islam.org\\\/al\\\/njoftim-per-shtyp\\\/papa-francesku-ishte-nje-njeri-i-dhembshur-u-perpoq-te-ndertonte-ura-midis-njerezve-te-bindjeve-te-ndryshme\\\/\"]}]},{\"@type\":\"ImageObject\",\"inLanguage\":\"sq-AL\",\"@id\":\"https:\\\/\\\/www.ahmadiyya-islam.org\\\/al\\\/njoftim-per-shtyp\\\/papa-francesku-ishte-nje-njeri-i-dhembshur-u-perpoq-te-ndertonte-ura-midis-njerezve-te-bindjeve-te-ndryshme\\\/#primaryimage\",\"url\":\"https:\\\/\\\/www.ahmadiyya-islam.org\\\/al\\\/wp-content\\\/uploads\\\/sites\\\/3\\\/2025\\\/04\\\/papa-francesku.jpg\",\"contentUrl\":\"https:\\\/\\\/www.ahmadiyya-islam.org\\\/al\\\/wp-content\\\/uploads\\\/sites\\\/3\\\/2025\\\/04\\\/papa-francesku.jpg\",\"width\":1200,\"height\":675,\"caption\":\"papa francesku\"},{\"@type\":\"BreadcrumbList\",\"@id\":\"https:\\\/\\\/www.ahmadiyya-islam.org\\\/al\\\/njoftim-per-shtyp\\\/papa-francesku-ishte-nje-njeri-i-dhembshur-u-perpoq-te-ndertonte-ura-midis-njerezve-te-bindjeve-te-ndryshme\\\/#breadcrumb\",\"itemListElement\":[{\"@type\":\"ListItem\",\"position\":1,\"name\":\"Home\",\"item\":\"https:\\\/\\\/www.ahmadiyya-islam.org\\\/al\\\/\"},{\"@type\":\"ListItem\",\"position\":2,\"name\":\"Papa Fran\u00e7esku ishte nj\u00eb njeri i dhembshur ... u p\u00ebrpoq t\u00eb nd\u00ebrtonte ura midis njer\u00ebzve t\u00eb bindjeve t\u00eb ndryshme, - Udh\u00ebheq\u00ebsi bot\u00ebror i Xhematit Musliman Ahmedia\"}]},{\"@type\":\"WebSite\",\"@id\":\"https:\\\/\\\/www.ahmadiyya-islam.org\\\/al\\\/#website\",\"url\":\"https:\\\/\\\/www.ahmadiyya-islam.org\\\/al\\\/\",\"name\":\"Xhemati Musliman Ahmedia\",\"description\":\"Albania\",\"potentialAction\":[{\"@type\":\"SearchAction\",\"target\":{\"@type\":\"EntryPoint\",\"urlTemplate\":\"https:\\\/\\\/www.ahmadiyya-islam.org\\\/al\\\/?s={search_term_string}\"},\"query-input\":{\"@type\":\"PropertyValueSpecification\",\"valueRequired\":true,\"valueName\":\"search_term_string\"}}],\"inLanguage\":\"sq-AL\"},{\"@type\":\"Person\",\"@id\":\"https:\\\/\\\/www.ahmadiyya-islam.org\\\/al\\\/#\\\/schema\\\/person\\\/5f18f059fde6d65fbdbffcced4741b8d\",\"name\":\"samad\"}]}<\/script>\n<!-- \/ Yoast SEO Premium plugin. -->","yoast_head_json":{"title":"Papa Fran\u00e7esku ishte nj\u00eb njeri i dhembshur ... u p\u00ebrpoq t\u00eb nd\u00ebrtonte ura midis njer\u00ebzve t\u00eb bindjeve t\u00eb ndryshme, - Udh\u00ebheq\u00ebsi bot\u00ebror i Xhematit Musliman Ahmedia","description":"Papa Fran\u00e7esku ishte nj\u00eb njeri me dhembshuri, i p\u00ebrulur ... u p\u00ebrpoq t\u00eb nd\u00ebrtonte ura midis njer\u00ebzve t\u00eb bindjeve t\u00eb ndryshme, - Udh\u00ebheq\u00ebsi bot\u00ebror i Xhematit Musliman Ahmedia","robots":{"index":"index","follow":"follow","max-snippet":"max-snippet:-1","max-image-preview":"max-image-preview:large","max-video-preview":"max-video-preview:-1"},"canonical":"https:\/\/www.ahmadiyya-islam.org\/al\/njoftim-per-shtyp\/papa-francesku-ishte-nje-njeri-i-dhembshur-u-perpoq-te-ndertonte-ura-midis-njerezve-te-bindjeve-te-ndryshme\/","og_locale":"sq_AL","og_type":"article","og_title":"Papa Fran\u00e7esku ishte nj\u00eb njeri i dhembshur ... u p\u00ebrpoq t\u00eb nd\u00ebrtonte ura midis njer\u00ebzve t\u00eb bindjeve t\u00eb ndryshme, - Udh\u00ebheq\u00ebsi bot\u00ebror i Xhematit Musliman Ahmedia","og_description":"Papa Fran\u00e7esku ishte nj\u00eb njeri me dhembshuri, i p\u00ebrulur ... u p\u00ebrpoq t\u00eb nd\u00ebrtonte ura midis njer\u00ebzve t\u00eb bindjeve t\u00eb ndryshme, - Udh\u00ebheq\u00ebsi bot\u00ebror i Xhematit Musliman Ahmedia","og_url":"https:\/\/www.ahmadiyya-islam.org\/al\/njoftim-per-shtyp\/papa-francesku-ishte-nje-njeri-i-dhembshur-u-perpoq-te-ndertonte-ura-midis-njerezve-te-bindjeve-te-ndryshme\/","og_site_name":"Xhemati Musliman Ahmedia","article_published_time":"2025-04-21T13:14:29+00:00","article_modified_time":"2025-04-21T13:21:37+00:00","og_image":[{"width":1200,"height":675,"url":"https:\/\/www.ahmadiyya-islam.org\/al\/wp-content\/uploads\/sites\/3\/2025\/04\/papa-francesku.jpg","type":"image\/jpeg"}],"author":"samad","twitter_card":"summary_large_image","twitter_misc":{"Written by":"samad","Est. reading time":"1 minute"},"schema":{"@context":"https:\/\/schema.org","@graph":[{"@type":"Article","@id":"https:\/\/www.ahmadiyya-islam.org\/al\/njoftim-per-shtyp\/papa-francesku-ishte-nje-njeri-i-dhembshur-u-perpoq-te-ndertonte-ura-midis-njerezve-te-bindjeve-te-ndryshme\/#article","isPartOf":{"@id":"https:\/\/www.ahmadiyya-islam.org\/al\/njoftim-per-shtyp\/papa-francesku-ishte-nje-njeri-i-dhembshur-u-perpoq-te-ndertonte-ura-midis-njerezve-te-bindjeve-te-ndryshme\/"},"author":{"name":"samad","@id":"https:\/\/www.ahmadiyya-islam.org\/al\/#\/schema\/person\/5f18f059fde6d65fbdbffcced4741b8d"},"headline":"Papa Fran\u00e7esku ishte nj\u00eb njeri i dhembshur &#8230; u p\u00ebrpoq t\u00eb nd\u00ebrtonte ura midis njer\u00ebzve t\u00eb bindjeve t\u00eb ndryshme, &#8211; Udh\u00ebheq\u00ebsi bot\u00ebror i Xhematit Musliman Ahmedia","datePublished":"2025-04-21T13:14:29+00:00","dateModified":"2025-04-21T13:21:37+00:00","mainEntityOfPage":{"@id":"https:\/\/www.ahmadiyya-islam.org\/al\/njoftim-per-shtyp\/papa-francesku-ishte-nje-njeri-i-dhembshur-u-perpoq-te-ndertonte-ura-midis-njerezve-te-bindjeve-te-ndryshme\/"},"wordCount":206,"image":{"@id":"https:\/\/www.ahmadiyya-islam.org\/al\/njoftim-per-shtyp\/papa-francesku-ishte-nje-njeri-i-dhembshur-u-perpoq-te-ndertonte-ura-midis-njerezve-te-bindjeve-te-ndryshme\/#primaryimage"},"thumbnailUrl":"https:\/\/www.ahmadiyya-islam.org\/al\/wp-content\/uploads\/sites\/3\/2025\/04\/papa-francesku.jpg","articleSection":["Njoftim p\u00ebr shtyp"],"inLanguage":"sq-AL"},{"@type":"WebPage","@id":"https:\/\/www.ahmadiyya-islam.org\/al\/njoftim-per-shtyp\/papa-francesku-ishte-nje-njeri-i-dhembshur-u-perpoq-te-ndertonte-ura-midis-njerezve-te-bindjeve-te-ndryshme\/","url":"https:\/\/www.ahmadiyya-islam.org\/al\/njoftim-per-shtyp\/papa-francesku-ishte-nje-njeri-i-dhembshur-u-perpoq-te-ndertonte-ura-midis-njerezve-te-bindjeve-te-ndryshme\/","name":"Papa Fran\u00e7esku ishte nj\u00eb njeri i dhembshur ... u p\u00ebrpoq t\u00eb nd\u00ebrtonte ura midis njer\u00ebzve t\u00eb bindjeve t\u00eb ndryshme, - Udh\u00ebheq\u00ebsi bot\u00ebror i Xhematit Musliman Ahmedia","isPartOf":{"@id":"https:\/\/www.ahmadiyya-islam.org\/al\/#website"},"primaryImageOfPage":{"@id":"https:\/\/www.ahmadiyya-islam.org\/al\/njoftim-per-shtyp\/papa-francesku-ishte-nje-njeri-i-dhembshur-u-perpoq-te-ndertonte-ura-midis-njerezve-te-bindjeve-te-ndryshme\/#primaryimage"},"image":{"@id":"https:\/\/www.ahmadiyya-islam.org\/al\/njoftim-per-shtyp\/papa-francesku-ishte-nje-njeri-i-dhembshur-u-perpoq-te-ndertonte-ura-midis-njerezve-te-bindjeve-te-ndryshme\/#primaryimage"},"thumbnailUrl":"https:\/\/www.ahmadiyya-islam.org\/al\/wp-content\/uploads\/sites\/3\/2025\/04\/papa-francesku.jpg","datePublished":"2025-04-21T13:14:29+00:00","dateModified":"2025-04-21T13:21:37+00:00","author":{"@id":"https:\/\/www.ahmadiyya-islam.org\/al\/#\/schema\/person\/5f18f059fde6d65fbdbffcced4741b8d"},"description":"Papa Fran\u00e7esku ishte nj\u00eb njeri me dhembshuri, i p\u00ebrulur ... u p\u00ebrpoq t\u00eb nd\u00ebrtonte ura midis njer\u00ebzve t\u00eb bindjeve t\u00eb ndryshme, - Udh\u00ebheq\u00ebsi bot\u00ebror i Xhematit Musliman Ahmedia","breadcrumb":{"@id":"https:\/\/www.ahmadiyya-islam.org\/al\/njoftim-per-shtyp\/papa-francesku-ishte-nje-njeri-i-dhembshur-u-perpoq-te-ndertonte-ura-midis-njerezve-te-bindjeve-te-ndryshme\/#breadcrumb"},"inLanguage":"sq-AL","potentialAction":[{"@type":"ReadAction","target":["https:\/\/www.ahmadiyya-islam.org\/al\/njoftim-per-shtyp\/papa-francesku-ishte-nje-njeri-i-dhembshur-u-perpoq-te-ndertonte-ura-midis-njerezve-te-bindjeve-te-ndryshme\/"]}]},{"@type":"ImageObject","inLanguage":"sq-AL","@id":"https:\/\/www.ahmadiyya-islam.org\/al\/njoftim-per-shtyp\/papa-francesku-ishte-nje-njeri-i-dhembshur-u-perpoq-te-ndertonte-ura-midis-njerezve-te-bindjeve-te-ndryshme\/#primaryimage","url":"https:\/\/www.ahmadiyya-islam.org\/al\/wp-content\/uploads\/sites\/3\/2025\/04\/papa-francesku.jpg","contentUrl":"https:\/\/www.ahmadiyya-islam.org\/al\/wp-content\/uploads\/sites\/3\/2025\/04\/papa-francesku.jpg","width":1200,"height":675,"caption":"papa francesku"},{"@type":"BreadcrumbList","@id":"https:\/\/www.ahmadiyya-islam.org\/al\/njoftim-per-shtyp\/papa-francesku-ishte-nje-njeri-i-dhembshur-u-perpoq-te-ndertonte-ura-midis-njerezve-te-bindjeve-te-ndryshme\/#breadcrumb","itemListElement":[{"@type":"ListItem","position":1,"name":"Home","item":"https:\/\/www.ahmadiyya-islam.org\/al\/"},{"@type":"ListItem","position":2,"name":"Papa Fran\u00e7esku ishte nj\u00eb njeri i dhembshur ... u p\u00ebrpoq t\u00eb nd\u00ebrtonte ura midis njer\u00ebzve t\u00eb bindjeve t\u00eb ndryshme, - Udh\u00ebheq\u00ebsi bot\u00ebror i Xhematit Musliman Ahmedia"}]},{"@type":"WebSite","@id":"https:\/\/www.ahmadiyya-islam.org\/al\/#website","url":"https:\/\/www.ahmadiyya-islam.org\/al\/","name":"Xhemati Musliman Ahmedia","description":"Albania","potentialAction":[{"@type":"SearchAction","target":{"@type":"EntryPoint","urlTemplate":"https:\/\/www.ahmadiyya-islam.org\/al\/?s={search_term_string}"},"query-input":{"@type":"PropertyValueSpecification","valueRequired":true,"valueName":"search_term_string"}}],"inLanguage":"sq-AL"},{"@type":"Person","@id":"https:\/\/www.ahmadiyya-islam.org\/al\/#\/schema\/person\/5f18f059fde6d65fbdbffcced4741b8d","name":"samad"}]}},"_links":{"self":[{"href":"https:\/\/www.ahmadiyya-islam.org\/al\/wp-json\/wp\/v2\/posts\/19597","targetHints":{"allow":["GET"]}}],"collection":[{"href":"https:\/\/www.ahmadiyya-islam.org\/al\/wp-json\/wp\/v2\/posts"}],"about":[{"href":"https:\/\/www.ahmadiyya-islam.org\/al\/wp-json\/wp\/v2\/types\/post"}],"author":[{"embeddable":true,"href":"https:\/\/www.ahmadiyya-islam.org\/al\/wp-json\/wp\/v2\/users\/5"}],"replies":[{"embeddable":true,"href":"https:\/\/www.ahmadiyya-islam.org\/al\/wp-json\/wp\/v2\/comments?post=19597"}],"version-history":[{"count":1,"href":"https:\/\/www.ahmadiyya-islam.org\/al\/wp-json\/wp\/v2\/posts\/19597\/revisions"}],"predecessor-version":[{"id":19603,"href":"https:\/\/www.ahmadiyya-islam.org\/al\/wp-json\/wp\/v2\/posts\/19597\/revisions\/19603"}],"wp:featuredmedia":[{"embeddable":true,"href":"https:\/\/www.ahmadiyya-islam.org\/al\/wp-json\/wp\/v2\/media\/19598"}],"wp:attachment":[{"href":"https:\/\/www.ahmadiyya-islam.org\/al\/wp-json\/wp\/v2\/media?parent=19597"}],"wp:term":[{"taxonomy":"category","embeddable":true,"href":"https:\/\/www.ahmadiyya-islam.org\/al\/wp-json\/wp\/v2\/categories?post=19597"},{"taxonomy":"post_tag","embeddable":true,"href":"https:\/\/www.ahmadiyya-islam.org\/al\/wp-json\/wp\/v2\/tags?post=19597"},{"taxonomy":"authors","embeddable":true,"href":"https:\/\/www.ahmadiyya-islam.org\/al\/wp-json\/wp\/v2\/authors?post=19597"},{"taxonomy":"content_source","embeddable":true,"href":"https:\/\/www.ahmadiyya-islam.org\/al\/wp-json\/wp\/v2\/content_source?post=19597"}],"curies":[{"name":"wp","href":"https:\/\/api.w.org\/{rel}","templated":true}]}}