{"id":19355,"date":"2024-05-18T17:35:26","date_gmt":"2024-05-18T17:35:26","guid":{"rendered":"https:\/\/www.ahmadiyya-islam.org\/al\/?p=19355"},"modified":"2024-05-18T17:53:52","modified_gmt":"2024-05-18T17:53:52","slug":"cfare-do-te-thote-te-sherbesh-si-vullnetar-i-humanity-first-ne-gaza","status":"publish","type":"post","link":"https:\/\/www.ahmadiyya-islam.org\/al\/njoftim-per-shtyp\/cfare-do-te-thote-te-sherbesh-si-vullnetar-i-humanity-first-ne-gaza\/","title":{"rendered":"\u00c7far\u00eb do t\u00eb thot\u00eb t\u00eb sh\u00ebrbesh si vullnetar i Humanity First n\u00eb Gaza?"},"content":{"rendered":"<p>Me ndihm\u00ebn e Allahut, organizata Humanity First (HF) \u00ebsht\u00eb duke sh\u00ebrbyer n\u00eb Gaza prej disa vitesh, dhe q\u00eb nga fillimi i luft\u00ebs, ka intensifikuar m\u00eb shum\u00eb sh\u00ebrbimet e saj.<\/p>\n<p>Vullnetar\u00ebt tan\u00eb n\u00eb terren jan\u00eb banor\u00eb t\u00eb Gaz\u00ebs dhe kan\u00eb rrezikuar jet\u00ebn e tyre p\u00ebr t\u00eb sh\u00ebrbyer popullin n\u00eb \u00e7far\u00ebdo m\u00ebnyre t\u00eb mundshme. Ata kan\u00eb \u00e7elur nj\u00eb facilitet p\u00ebr transportimin e ujit \u2013 duke shp\u00ebrndar\u00eb uj\u00eb p\u00ebr mij\u00ebra njer\u00ebz t\u00eb zhvendosur, duke ofruar pako ushqimore n\u00eb Veri t\u00eb Gaz\u00ebs, duke ofruar mb\u00ebshtetje psiko-sociale p\u00ebrmes projektit \u201cBuz\u00ebqeshjet p\u00ebr Gaz\u00ebn\u201d si dhe mb\u00ebshtetje t\u00eb tjera humanitare n\u00eb kushte jasht\u00ebzakonisht t\u00eb v\u00ebshtira.<\/p>\n<div id=\"attachment_19359\" style=\"width: 910px\" class=\"wp-caption aligncenter\"><img loading=\"lazy\" decoding=\"async\" aria-describedby=\"caption-attachment-19359\" class=\"size-large wp-image-19359\" src=\"https:\/\/www.ahmadiyya-islam.org\/al\/wp-content\/uploads\/sites\/3\/2024\/05\/HF-Gaza-01-1024x576.jpeg\" alt=\"femijet ne gaza humanity first\" width=\"900\" height=\"506\" srcset=\"https:\/\/www.ahmadiyya-islam.org\/al\/wp-content\/uploads\/sites\/3\/2024\/05\/HF-Gaza-01-1024x576.jpeg 1024w, https:\/\/www.ahmadiyya-islam.org\/al\/wp-content\/uploads\/sites\/3\/2024\/05\/HF-Gaza-01-300x169.jpeg 300w, https:\/\/www.ahmadiyya-islam.org\/al\/wp-content\/uploads\/sites\/3\/2024\/05\/HF-Gaza-01-768x432.jpeg 768w, https:\/\/www.ahmadiyya-islam.org\/al\/wp-content\/uploads\/sites\/3\/2024\/05\/HF-Gaza-01-400x225.jpeg 400w, https:\/\/www.ahmadiyya-islam.org\/al\/wp-content\/uploads\/sites\/3\/2024\/05\/HF-Gaza-01.jpeg 1200w\" sizes=\"auto, (max-width: 900px) 100vw, 900px\" \/><p id=\"caption-attachment-19359\" class=\"wp-caption-text\">Ekipi i HF n\u00eb Gaza vazhdon mb\u00ebshtetjen psikosociale me projektin \u201cBuz\u00ebqeshje p\u00ebr Gaz\u00ebn\u201d p\u00ebr f\u00ebmij\u00ebt e zhvendosur.<\/p><\/div>\n<div id=\"attachment_19358\" style=\"width: 910px\" class=\"wp-caption aligncenter\"><img loading=\"lazy\" decoding=\"async\" aria-describedby=\"caption-attachment-19358\" class=\"size-large wp-image-19358\" src=\"https:\/\/www.ahmadiyya-islam.org\/al\/wp-content\/uploads\/sites\/3\/2024\/05\/HF-Gaza-02-1024x576.jpeg\" alt=\"uje i pijshem ne gaza humanity first\" width=\"900\" height=\"506\" srcset=\"https:\/\/www.ahmadiyya-islam.org\/al\/wp-content\/uploads\/sites\/3\/2024\/05\/HF-Gaza-02-1024x576.jpeg 1024w, https:\/\/www.ahmadiyya-islam.org\/al\/wp-content\/uploads\/sites\/3\/2024\/05\/HF-Gaza-02-300x169.jpeg 300w, https:\/\/www.ahmadiyya-islam.org\/al\/wp-content\/uploads\/sites\/3\/2024\/05\/HF-Gaza-02-768x432.jpeg 768w, https:\/\/www.ahmadiyya-islam.org\/al\/wp-content\/uploads\/sites\/3\/2024\/05\/HF-Gaza-02-400x225.jpeg 400w, https:\/\/www.ahmadiyya-islam.org\/al\/wp-content\/uploads\/sites\/3\/2024\/05\/HF-Gaza-02.jpeg 1200w\" sizes=\"auto, (max-width: 900px) 100vw, 900px\" \/><p id=\"caption-attachment-19358\" class=\"wp-caption-text\">Ekipi i HF n\u00eb Gaza duke shp\u00ebrndar\u00eb uj\u00eb t\u00eb pij\u00ebsh\u00ebm p\u00ebr mij\u00ebra njer\u00ebz t\u00eb zhvendosur.<\/p><\/div>\n<p>Shumica d\u00ebrrmuese e k\u00ebtyre vullnetar\u00ebve, burra dhe gra, jan\u00eb musliman\u00eb dhe i p\u00ebrkasin Xhematit Ahmedia. Sht\u00ebpit\u00eb e tyre, sikurse edhe t\u00eb banor\u00ebve t\u00eb tjer\u00eb, u shkat\u00ebrruan, gjithashtu, edhe ata humb\u00ebn p\u00ebrjet\u00ebsisht shum\u00eb prej t\u00eb dashurit e tyre, dhe po sh\u00ebrbejn\u00eb n\u00eb gjendje kur ata vet\u00eb jan\u00eb t\u00eb zhvendosur p\u00ebr shkak t\u00eb luft\u00ebs. Vullnetar\u00ebt tan\u00eb po jetojn\u00eb me burime tep\u00ebr t\u00eb kufizuara dhe po kalojn\u00eb koh\u00eb tejet t\u00eb v\u00ebshtira. Sulmet e fundit n\u00eb Rafah i kan\u00eb detyruar t\u00eb zhvendoseshin me f\u00ebmij\u00ebt e tyre t\u00eb vegj\u00ebl n\u00eb tenda t\u00eb improvizuara, me pak ose aspak qasje n\u00eb objekte si tualete, uj\u00eb t\u00eb past\u00ebr dhe internet p\u00ebr t\u00eb q\u00ebndruar t\u00eb lidhur.<\/p>\n<div id=\"attachment_19357\" style=\"width: 910px\" class=\"wp-caption aligncenter\"><img loading=\"lazy\" decoding=\"async\" aria-describedby=\"caption-attachment-19357\" class=\"size-large wp-image-19357\" src=\"https:\/\/www.ahmadiyya-islam.org\/al\/wp-content\/uploads\/sites\/3\/2024\/05\/HF-Gaza-03-1024x576.jpeg\" alt=\"Ndihma humanitare ne Gaza palestina Humanity First\" width=\"900\" height=\"506\" srcset=\"https:\/\/www.ahmadiyya-islam.org\/al\/wp-content\/uploads\/sites\/3\/2024\/05\/HF-Gaza-03-1024x576.jpeg 1024w, https:\/\/www.ahmadiyya-islam.org\/al\/wp-content\/uploads\/sites\/3\/2024\/05\/HF-Gaza-03-300x169.jpeg 300w, https:\/\/www.ahmadiyya-islam.org\/al\/wp-content\/uploads\/sites\/3\/2024\/05\/HF-Gaza-03-768x432.jpeg 768w, https:\/\/www.ahmadiyya-islam.org\/al\/wp-content\/uploads\/sites\/3\/2024\/05\/HF-Gaza-03-1536x864.jpeg 1536w, https:\/\/www.ahmadiyya-islam.org\/al\/wp-content\/uploads\/sites\/3\/2024\/05\/HF-Gaza-03-400x225.jpeg 400w, https:\/\/www.ahmadiyya-islam.org\/al\/wp-content\/uploads\/sites\/3\/2024\/05\/HF-Gaza-03.jpeg 1600w\" sizes=\"auto, (max-width: 900px) 100vw, 900px\" \/><p id=\"caption-attachment-19357\" class=\"wp-caption-text\">Ekipi i HF n\u00eb Veri t\u00eb Gaz\u00ebs vazhdon t\u00eb shp\u00ebrndaj\u00eb pako ushqimore p\u00ebr qindra familje q\u00eb p\u00ebrballen me urin\u00eb.<\/p><\/div>\n<p>Pavar\u00ebsisht nga t\u00eb gjitha k\u00ebto, fryma e tyre p\u00ebr t\u2019i shp\u00ebrbyer nuk \u00ebsht\u00eb zbehur. Mb\u00ebshtetja e tyre tek Allahu i Madh\u00ebrish\u00ebm \u00ebsht\u00eb thjesht shembullore dhe mahnit\u00ebse. Gjithashtu, k\u00ebnaq\u00ebsia e tyre \u00ebsht\u00eb e pakufijshme kur m\u00ebsojn\u00eb se Imami i tyre i dashur, Hazrat Mirza Masrur Ahmed, Kalifi i Pest\u00eb i Mesihut t\u00eb Premtuar, Allahu e ndihmoft\u00eb fuqimisht, po lutet p\u00ebr ta.<\/p>\n<div id=\"attachment_19356\" style=\"width: 838px\" class=\"wp-caption aligncenter\"><img loading=\"lazy\" decoding=\"async\" aria-describedby=\"caption-attachment-19356\" class=\"size-full wp-image-19356\" src=\"https:\/\/www.ahmadiyya-islam.org\/al\/wp-content\/uploads\/sites\/3\/2024\/05\/HF-Gaza-04.jpeg\" alt=\"Humanity First ne Gaza Palestine lufta izrael palestine\" width=\"828\" height=\"466\" srcset=\"https:\/\/www.ahmadiyya-islam.org\/al\/wp-content\/uploads\/sites\/3\/2024\/05\/HF-Gaza-04.jpeg 828w, https:\/\/www.ahmadiyya-islam.org\/al\/wp-content\/uploads\/sites\/3\/2024\/05\/HF-Gaza-04-300x169.jpeg 300w, https:\/\/www.ahmadiyya-islam.org\/al\/wp-content\/uploads\/sites\/3\/2024\/05\/HF-Gaza-04-768x432.jpeg 768w, https:\/\/www.ahmadiyya-islam.org\/al\/wp-content\/uploads\/sites\/3\/2024\/05\/HF-Gaza-04-400x225.jpeg 400w\" sizes=\"auto, (max-width: 828px) 100vw, 828px\" \/><p id=\"caption-attachment-19356\" class=\"wp-caption-text\">Nj\u00eb vullnetar i Humanity First duke improvizuar nj\u00eb streh\u00eb.<\/p><\/div>\n<p>Humanity First u lutet gjith\u00eb an\u00ebtar\u00ebve t\u00eb Xhematit Musliman Ahmedia n\u00eb mbar\u00eb bot\u00ebn, q\u00eb t\u2019i luten vazhdimisht Zotit p\u00ebr vullnetar\u00ebt q\u00eb sh\u00ebrbejn\u00eb n\u00eb Gaza. Allahu ua leht\u00ebsoft\u00eb vuajtjet gjith\u00eb njer\u00ebzve t\u00eb prekur, dhe i mbrojtt\u00eb nga tmerret e k\u00ebsaj lufte shkat\u00ebrrimtare, ua zgjeroft\u00eb kapacitetin vullnetar\u00ebve p\u00ebr t\u00eb sh\u00ebrbyer popullin palestinez dhe i bekoft\u00eb me afrimin dhe p\u00eblqimin e Vet! Amin!<\/p>\n","protected":false},"excerpt":{"rendered":"<p>Me ndihm\u00ebn e Allahut, organizata Humanity First (HF) \u00ebsht\u00eb duke sh\u00ebrbyer n\u00eb Gaza prej disa vitesh, dhe q\u00eb nga fillimi i luft\u00ebs, ka intensifikuar m\u00eb shum\u00eb sh\u00ebrbimet e saj. Vullnetar\u00ebt tan\u00eb n\u00eb terren jan\u00eb banor\u00eb t\u00eb Gaz\u00ebs dhe kan\u00eb rrezikuar jet\u00ebn e tyre p\u00ebr t\u00eb sh\u00ebrbyer popullin n\u00eb \u00e7far\u00ebdo m\u00ebnyre t\u00eb mundshme. Ata kan\u00eb \u00e7elur<\/p>\n","protected":false},"author":5,"featured_media":19358,"comment_status":"closed","ping_status":"closed","sticky":false,"template":"","format":"standard","meta":{"_acf_changed":false,"footnotes":""},"categories":[11],"tags":[430,806,649],"authors":[],"content_source":[555],"class_list":["post-19355","post","type-post","status-publish","format-standard","has-post-thumbnail","hentry","category-njoftim-per-shtyp","tag-humanity-first","tag-konflikti-izraelito-palestinez","tag-palestina","topics-paqja-globale","topics-xhemati-musliman-ahmedia-nderkombetar","content_source-alhakam"],"acf":[],"yoast_head":"<!-- This site is optimized with the Yoast SEO Premium plugin v21.1 (Yoast SEO v27.4) - https:\/\/yoast.com\/product\/yoast-seo-premium-wordpress\/ -->\n<title>\u00c7far\u00eb do t\u00eb thot\u00eb t\u00eb sh\u00ebrbesh si vullnetar i Humanity First n\u00eb Gaza?<\/title>\n<meta name=\"robots\" content=\"index, follow, max-snippet:-1, max-image-preview:large, max-video-preview:-1\" \/>\n<link rel=\"canonical\" href=\"https:\/\/www.ahmadiyya-islam.org\/al\/njoftim-per-shtyp\/cfare-do-te-thote-te-sherbesh-si-vullnetar-i-humanity-first-ne-gaza\/\" \/>\n<meta property=\"og:locale\" content=\"sq_AL\" \/>\n<meta property=\"og:type\" content=\"article\" \/>\n<meta property=\"og:title\" content=\"\u00c7far\u00eb do t\u00eb thot\u00eb t\u00eb sh\u00ebrbesh si vullnetar i Humanity First n\u00eb Gaza?\" \/>\n<meta property=\"og:description\" content=\"Me ndihm\u00ebn e Allahut, organizata Humanity First (HF) \u00ebsht\u00eb duke sh\u00ebrbyer n\u00eb Gaza prej disa vitesh, dhe q\u00eb nga fillimi i luft\u00ebs, ka intensifikuar m\u00eb shum\u00eb sh\u00ebrbimet e saj. Vullnetar\u00ebt tan\u00eb n\u00eb terren jan\u00eb banor\u00eb t\u00eb Gaz\u00ebs dhe kan\u00eb rrezikuar jet\u00ebn e tyre p\u00ebr t\u00eb sh\u00ebrbyer popullin n\u00eb \u00e7far\u00ebdo m\u00ebnyre t\u00eb mundshme. Ata kan\u00eb \u00e7elur\" \/>\n<meta property=\"og:url\" content=\"https:\/\/www.ahmadiyya-islam.org\/al\/njoftim-per-shtyp\/cfare-do-te-thote-te-sherbesh-si-vullnetar-i-humanity-first-ne-gaza\/\" \/>\n<meta property=\"og:site_name\" content=\"Xhemati Musliman Ahmedia\" \/>\n<meta property=\"article:published_time\" content=\"2024-05-18T17:35:26+00:00\" \/>\n<meta property=\"article:modified_time\" content=\"2024-05-18T17:53:52+00:00\" \/>\n<meta property=\"og:image\" content=\"https:\/\/www.ahmadiyya-islam.org\/al\/wp-content\/uploads\/sites\/3\/2024\/05\/HF-Gaza-02.jpeg\" \/>\n\t<meta property=\"og:image:width\" content=\"1200\" \/>\n\t<meta property=\"og:image:height\" content=\"675\" \/>\n\t<meta property=\"og:image:type\" content=\"image\/jpeg\" \/>\n<meta name=\"author\" content=\"samad\" \/>\n<meta name=\"twitter:card\" content=\"summary_large_image\" \/>\n<meta name=\"twitter:label1\" content=\"Written by\" \/>\n\t<meta name=\"twitter:data1\" content=\"samad\" \/>\n\t<meta name=\"twitter:label2\" content=\"Est. reading time\" \/>\n\t<meta name=\"twitter:data2\" content=\"4 minutes\" \/>\n<script type=\"application\/ld+json\" class=\"yoast-schema-graph\">{\"@context\":\"https:\\\/\\\/schema.org\",\"@graph\":[{\"@type\":\"Article\",\"@id\":\"https:\\\/\\\/www.ahmadiyya-islam.org\\\/al\\\/njoftim-per-shtyp\\\/cfare-do-te-thote-te-sherbesh-si-vullnetar-i-humanity-first-ne-gaza\\\/#article\",\"isPartOf\":{\"@id\":\"https:\\\/\\\/www.ahmadiyya-islam.org\\\/al\\\/njoftim-per-shtyp\\\/cfare-do-te-thote-te-sherbesh-si-vullnetar-i-humanity-first-ne-gaza\\\/\"},\"author\":{\"name\":\"samad\",\"@id\":\"https:\\\/\\\/www.ahmadiyya-islam.org\\\/al\\\/#\\\/schema\\\/person\\\/5f18f059fde6d65fbdbffcced4741b8d\"},\"headline\":\"\u00c7far\u00eb do t\u00eb thot\u00eb t\u00eb sh\u00ebrbesh si vullnetar i Humanity First n\u00eb Gaza?\",\"datePublished\":\"2024-05-18T17:35:26+00:00\",\"dateModified\":\"2024-05-18T17:53:52+00:00\",\"mainEntityOfPage\":{\"@id\":\"https:\\\/\\\/www.ahmadiyya-islam.org\\\/al\\\/njoftim-per-shtyp\\\/cfare-do-te-thote-te-sherbesh-si-vullnetar-i-humanity-first-ne-gaza\\\/\"},\"wordCount\":518,\"image\":{\"@id\":\"https:\\\/\\\/www.ahmadiyya-islam.org\\\/al\\\/njoftim-per-shtyp\\\/cfare-do-te-thote-te-sherbesh-si-vullnetar-i-humanity-first-ne-gaza\\\/#primaryimage\"},\"thumbnailUrl\":\"https:\\\/\\\/www.ahmadiyya-islam.org\\\/al\\\/wp-content\\\/uploads\\\/sites\\\/3\\\/2024\\\/05\\\/HF-Gaza-02.jpeg\",\"keywords\":[\"Humanity First\",\"Konflikti izraelito-palestinez\",\"Palestina\"],\"articleSection\":[\"Njoftim p\u00ebr shtyp\"],\"inLanguage\":\"sq-AL\"},{\"@type\":\"WebPage\",\"@id\":\"https:\\\/\\\/www.ahmadiyya-islam.org\\\/al\\\/njoftim-per-shtyp\\\/cfare-do-te-thote-te-sherbesh-si-vullnetar-i-humanity-first-ne-gaza\\\/\",\"url\":\"https:\\\/\\\/www.ahmadiyya-islam.org\\\/al\\\/njoftim-per-shtyp\\\/cfare-do-te-thote-te-sherbesh-si-vullnetar-i-humanity-first-ne-gaza\\\/\",\"name\":\"\u00c7far\u00eb do t\u00eb thot\u00eb t\u00eb sh\u00ebrbesh si vullnetar i Humanity First n\u00eb Gaza?\",\"isPartOf\":{\"@id\":\"https:\\\/\\\/www.ahmadiyya-islam.org\\\/al\\\/#website\"},\"primaryImageOfPage\":{\"@id\":\"https:\\\/\\\/www.ahmadiyya-islam.org\\\/al\\\/njoftim-per-shtyp\\\/cfare-do-te-thote-te-sherbesh-si-vullnetar-i-humanity-first-ne-gaza\\\/#primaryimage\"},\"image\":{\"@id\":\"https:\\\/\\\/www.ahmadiyya-islam.org\\\/al\\\/njoftim-per-shtyp\\\/cfare-do-te-thote-te-sherbesh-si-vullnetar-i-humanity-first-ne-gaza\\\/#primaryimage\"},\"thumbnailUrl\":\"https:\\\/\\\/www.ahmadiyya-islam.org\\\/al\\\/wp-content\\\/uploads\\\/sites\\\/3\\\/2024\\\/05\\\/HF-Gaza-02.jpeg\",\"datePublished\":\"2024-05-18T17:35:26+00:00\",\"dateModified\":\"2024-05-18T17:53:52+00:00\",\"author\":{\"@id\":\"https:\\\/\\\/www.ahmadiyya-islam.org\\\/al\\\/#\\\/schema\\\/person\\\/5f18f059fde6d65fbdbffcced4741b8d\"},\"breadcrumb\":{\"@id\":\"https:\\\/\\\/www.ahmadiyya-islam.org\\\/al\\\/njoftim-per-shtyp\\\/cfare-do-te-thote-te-sherbesh-si-vullnetar-i-humanity-first-ne-gaza\\\/#breadcrumb\"},\"inLanguage\":\"sq-AL\",\"potentialAction\":[{\"@type\":\"ReadAction\",\"target\":[\"https:\\\/\\\/www.ahmadiyya-islam.org\\\/al\\\/njoftim-per-shtyp\\\/cfare-do-te-thote-te-sherbesh-si-vullnetar-i-humanity-first-ne-gaza\\\/\"]}]},{\"@type\":\"ImageObject\",\"inLanguage\":\"sq-AL\",\"@id\":\"https:\\\/\\\/www.ahmadiyya-islam.org\\\/al\\\/njoftim-per-shtyp\\\/cfare-do-te-thote-te-sherbesh-si-vullnetar-i-humanity-first-ne-gaza\\\/#primaryimage\",\"url\":\"https:\\\/\\\/www.ahmadiyya-islam.org\\\/al\\\/wp-content\\\/uploads\\\/sites\\\/3\\\/2024\\\/05\\\/HF-Gaza-02.jpeg\",\"contentUrl\":\"https:\\\/\\\/www.ahmadiyya-islam.org\\\/al\\\/wp-content\\\/uploads\\\/sites\\\/3\\\/2024\\\/05\\\/HF-Gaza-02.jpeg\",\"width\":1200,\"height\":675,\"caption\":\"Ekipi i HF n\u00eb Gaza duke shp\u00ebrndar\u00eb uj\u00eb t\u00eb pij\u00ebsh\u00ebm p\u00ebr mij\u00ebra njer\u00ebz t\u00eb zhvendosur.\"},{\"@type\":\"BreadcrumbList\",\"@id\":\"https:\\\/\\\/www.ahmadiyya-islam.org\\\/al\\\/njoftim-per-shtyp\\\/cfare-do-te-thote-te-sherbesh-si-vullnetar-i-humanity-first-ne-gaza\\\/#breadcrumb\",\"itemListElement\":[{\"@type\":\"ListItem\",\"position\":1,\"name\":\"Home\",\"item\":\"https:\\\/\\\/www.ahmadiyya-islam.org\\\/al\\\/\"},{\"@type\":\"ListItem\",\"position\":2,\"name\":\"\u00c7far\u00eb do t\u00eb thot\u00eb t\u00eb sh\u00ebrbesh si vullnetar i Humanity First n\u00eb Gaza?\"}]},{\"@type\":\"WebSite\",\"@id\":\"https:\\\/\\\/www.ahmadiyya-islam.org\\\/al\\\/#website\",\"url\":\"https:\\\/\\\/www.ahmadiyya-islam.org\\\/al\\\/\",\"name\":\"Xhemati Musliman Ahmedia\",\"description\":\"Albania\",\"potentialAction\":[{\"@type\":\"SearchAction\",\"target\":{\"@type\":\"EntryPoint\",\"urlTemplate\":\"https:\\\/\\\/www.ahmadiyya-islam.org\\\/al\\\/?s={search_term_string}\"},\"query-input\":{\"@type\":\"PropertyValueSpecification\",\"valueRequired\":true,\"valueName\":\"search_term_string\"}}],\"inLanguage\":\"sq-AL\"},{\"@type\":\"Person\",\"@id\":\"https:\\\/\\\/www.ahmadiyya-islam.org\\\/al\\\/#\\\/schema\\\/person\\\/5f18f059fde6d65fbdbffcced4741b8d\",\"name\":\"samad\"}]}<\/script>\n<!-- \/ Yoast SEO Premium plugin. -->","yoast_head_json":{"title":"\u00c7far\u00eb do t\u00eb thot\u00eb t\u00eb sh\u00ebrbesh si vullnetar i Humanity First n\u00eb Gaza?","robots":{"index":"index","follow":"follow","max-snippet":"max-snippet:-1","max-image-preview":"max-image-preview:large","max-video-preview":"max-video-preview:-1"},"canonical":"https:\/\/www.ahmadiyya-islam.org\/al\/njoftim-per-shtyp\/cfare-do-te-thote-te-sherbesh-si-vullnetar-i-humanity-first-ne-gaza\/","og_locale":"sq_AL","og_type":"article","og_title":"\u00c7far\u00eb do t\u00eb thot\u00eb t\u00eb sh\u00ebrbesh si vullnetar i Humanity First n\u00eb Gaza?","og_description":"Me ndihm\u00ebn e Allahut, organizata Humanity First (HF) \u00ebsht\u00eb duke sh\u00ebrbyer n\u00eb Gaza prej disa vitesh, dhe q\u00eb nga fillimi i luft\u00ebs, ka intensifikuar m\u00eb shum\u00eb sh\u00ebrbimet e saj. Vullnetar\u00ebt tan\u00eb n\u00eb terren jan\u00eb banor\u00eb t\u00eb Gaz\u00ebs dhe kan\u00eb rrezikuar jet\u00ebn e tyre p\u00ebr t\u00eb sh\u00ebrbyer popullin n\u00eb \u00e7far\u00ebdo m\u00ebnyre t\u00eb mundshme. Ata kan\u00eb \u00e7elur","og_url":"https:\/\/www.ahmadiyya-islam.org\/al\/njoftim-per-shtyp\/cfare-do-te-thote-te-sherbesh-si-vullnetar-i-humanity-first-ne-gaza\/","og_site_name":"Xhemati Musliman Ahmedia","article_published_time":"2024-05-18T17:35:26+00:00","article_modified_time":"2024-05-18T17:53:52+00:00","og_image":[{"width":1200,"height":675,"url":"https:\/\/www.ahmadiyya-islam.org\/al\/wp-content\/uploads\/sites\/3\/2024\/05\/HF-Gaza-02.jpeg","type":"image\/jpeg"}],"author":"samad","twitter_card":"summary_large_image","twitter_misc":{"Written by":"samad","Est. reading time":"4 minutes"},"schema":{"@context":"https:\/\/schema.org","@graph":[{"@type":"Article","@id":"https:\/\/www.ahmadiyya-islam.org\/al\/njoftim-per-shtyp\/cfare-do-te-thote-te-sherbesh-si-vullnetar-i-humanity-first-ne-gaza\/#article","isPartOf":{"@id":"https:\/\/www.ahmadiyya-islam.org\/al\/njoftim-per-shtyp\/cfare-do-te-thote-te-sherbesh-si-vullnetar-i-humanity-first-ne-gaza\/"},"author":{"name":"samad","@id":"https:\/\/www.ahmadiyya-islam.org\/al\/#\/schema\/person\/5f18f059fde6d65fbdbffcced4741b8d"},"headline":"\u00c7far\u00eb do t\u00eb thot\u00eb t\u00eb sh\u00ebrbesh si vullnetar i Humanity First n\u00eb Gaza?","datePublished":"2024-05-18T17:35:26+00:00","dateModified":"2024-05-18T17:53:52+00:00","mainEntityOfPage":{"@id":"https:\/\/www.ahmadiyya-islam.org\/al\/njoftim-per-shtyp\/cfare-do-te-thote-te-sherbesh-si-vullnetar-i-humanity-first-ne-gaza\/"},"wordCount":518,"image":{"@id":"https:\/\/www.ahmadiyya-islam.org\/al\/njoftim-per-shtyp\/cfare-do-te-thote-te-sherbesh-si-vullnetar-i-humanity-first-ne-gaza\/#primaryimage"},"thumbnailUrl":"https:\/\/www.ahmadiyya-islam.org\/al\/wp-content\/uploads\/sites\/3\/2024\/05\/HF-Gaza-02.jpeg","keywords":["Humanity First","Konflikti izraelito-palestinez","Palestina"],"articleSection":["Njoftim p\u00ebr shtyp"],"inLanguage":"sq-AL"},{"@type":"WebPage","@id":"https:\/\/www.ahmadiyya-islam.org\/al\/njoftim-per-shtyp\/cfare-do-te-thote-te-sherbesh-si-vullnetar-i-humanity-first-ne-gaza\/","url":"https:\/\/www.ahmadiyya-islam.org\/al\/njoftim-per-shtyp\/cfare-do-te-thote-te-sherbesh-si-vullnetar-i-humanity-first-ne-gaza\/","name":"\u00c7far\u00eb do t\u00eb thot\u00eb t\u00eb sh\u00ebrbesh si vullnetar i Humanity First n\u00eb Gaza?","isPartOf":{"@id":"https:\/\/www.ahmadiyya-islam.org\/al\/#website"},"primaryImageOfPage":{"@id":"https:\/\/www.ahmadiyya-islam.org\/al\/njoftim-per-shtyp\/cfare-do-te-thote-te-sherbesh-si-vullnetar-i-humanity-first-ne-gaza\/#primaryimage"},"image":{"@id":"https:\/\/www.ahmadiyya-islam.org\/al\/njoftim-per-shtyp\/cfare-do-te-thote-te-sherbesh-si-vullnetar-i-humanity-first-ne-gaza\/#primaryimage"},"thumbnailUrl":"https:\/\/www.ahmadiyya-islam.org\/al\/wp-content\/uploads\/sites\/3\/2024\/05\/HF-Gaza-02.jpeg","datePublished":"2024-05-18T17:35:26+00:00","dateModified":"2024-05-18T17:53:52+00:00","author":{"@id":"https:\/\/www.ahmadiyya-islam.org\/al\/#\/schema\/person\/5f18f059fde6d65fbdbffcced4741b8d"},"breadcrumb":{"@id":"https:\/\/www.ahmadiyya-islam.org\/al\/njoftim-per-shtyp\/cfare-do-te-thote-te-sherbesh-si-vullnetar-i-humanity-first-ne-gaza\/#breadcrumb"},"inLanguage":"sq-AL","potentialAction":[{"@type":"ReadAction","target":["https:\/\/www.ahmadiyya-islam.org\/al\/njoftim-per-shtyp\/cfare-do-te-thote-te-sherbesh-si-vullnetar-i-humanity-first-ne-gaza\/"]}]},{"@type":"ImageObject","inLanguage":"sq-AL","@id":"https:\/\/www.ahmadiyya-islam.org\/al\/njoftim-per-shtyp\/cfare-do-te-thote-te-sherbesh-si-vullnetar-i-humanity-first-ne-gaza\/#primaryimage","url":"https:\/\/www.ahmadiyya-islam.org\/al\/wp-content\/uploads\/sites\/3\/2024\/05\/HF-Gaza-02.jpeg","contentUrl":"https:\/\/www.ahmadiyya-islam.org\/al\/wp-content\/uploads\/sites\/3\/2024\/05\/HF-Gaza-02.jpeg","width":1200,"height":675,"caption":"Ekipi i HF n\u00eb Gaza duke shp\u00ebrndar\u00eb uj\u00eb t\u00eb pij\u00ebsh\u00ebm p\u00ebr mij\u00ebra njer\u00ebz t\u00eb zhvendosur."},{"@type":"BreadcrumbList","@id":"https:\/\/www.ahmadiyya-islam.org\/al\/njoftim-per-shtyp\/cfare-do-te-thote-te-sherbesh-si-vullnetar-i-humanity-first-ne-gaza\/#breadcrumb","itemListElement":[{"@type":"ListItem","position":1,"name":"Home","item":"https:\/\/www.ahmadiyya-islam.org\/al\/"},{"@type":"ListItem","position":2,"name":"\u00c7far\u00eb do t\u00eb thot\u00eb t\u00eb sh\u00ebrbesh si vullnetar i Humanity First n\u00eb Gaza?"}]},{"@type":"WebSite","@id":"https:\/\/www.ahmadiyya-islam.org\/al\/#website","url":"https:\/\/www.ahmadiyya-islam.org\/al\/","name":"Xhemati Musliman Ahmedia","description":"Albania","potentialAction":[{"@type":"SearchAction","target":{"@type":"EntryPoint","urlTemplate":"https:\/\/www.ahmadiyya-islam.org\/al\/?s={search_term_string}"},"query-input":{"@type":"PropertyValueSpecification","valueRequired":true,"valueName":"search_term_string"}}],"inLanguage":"sq-AL"},{"@type":"Person","@id":"https:\/\/www.ahmadiyya-islam.org\/al\/#\/schema\/person\/5f18f059fde6d65fbdbffcced4741b8d","name":"samad"}]}},"_links":{"self":[{"href":"https:\/\/www.ahmadiyya-islam.org\/al\/wp-json\/wp\/v2\/posts\/19355","targetHints":{"allow":["GET"]}}],"collection":[{"href":"https:\/\/www.ahmadiyya-islam.org\/al\/wp-json\/wp\/v2\/posts"}],"about":[{"href":"https:\/\/www.ahmadiyya-islam.org\/al\/wp-json\/wp\/v2\/types\/post"}],"author":[{"embeddable":true,"href":"https:\/\/www.ahmadiyya-islam.org\/al\/wp-json\/wp\/v2\/users\/5"}],"replies":[{"embeddable":true,"href":"https:\/\/www.ahmadiyya-islam.org\/al\/wp-json\/wp\/v2\/comments?post=19355"}],"version-history":[{"count":2,"href":"https:\/\/www.ahmadiyya-islam.org\/al\/wp-json\/wp\/v2\/posts\/19355\/revisions"}],"predecessor-version":[{"id":19365,"href":"https:\/\/www.ahmadiyya-islam.org\/al\/wp-json\/wp\/v2\/posts\/19355\/revisions\/19365"}],"wp:featuredmedia":[{"embeddable":true,"href":"https:\/\/www.ahmadiyya-islam.org\/al\/wp-json\/wp\/v2\/media\/19358"}],"wp:attachment":[{"href":"https:\/\/www.ahmadiyya-islam.org\/al\/wp-json\/wp\/v2\/media?parent=19355"}],"wp:term":[{"taxonomy":"category","embeddable":true,"href":"https:\/\/www.ahmadiyya-islam.org\/al\/wp-json\/wp\/v2\/categories?post=19355"},{"taxonomy":"post_tag","embeddable":true,"href":"https:\/\/www.ahmadiyya-islam.org\/al\/wp-json\/wp\/v2\/tags?post=19355"},{"taxonomy":"authors","embeddable":true,"href":"https:\/\/www.ahmadiyya-islam.org\/al\/wp-json\/wp\/v2\/authors?post=19355"},{"taxonomy":"content_source","embeddable":true,"href":"https:\/\/www.ahmadiyya-islam.org\/al\/wp-json\/wp\/v2\/content_source?post=19355"}],"curies":[{"name":"wp","href":"https:\/\/api.w.org\/{rel}","templated":true}]}}