{"id":18861,"date":"2023-03-10T15:00:36","date_gmt":"2023-03-10T15:00:36","guid":{"rendered":"https:\/\/www.ahmadiyya-islam.org\/al\/?p=18861"},"modified":"2023-03-18T12:01:34","modified_gmt":"2023-03-18T12:01:34","slug":"zyrtari-nga-ambasada-e-gjermanise-ne-kosove-vizitoi-qendren-e-xhematit-musliman-ahmedia-ne-prishtine","status":"publish","type":"post","link":"https:\/\/www.ahmadiyya-islam.org\/al\/njoftim-per-shtyp\/zyrtari-nga-ambasada-e-gjermanise-ne-kosove-vizitoi-qendren-e-xhematit-musliman-ahmedia-ne-prishtine\/","title":{"rendered":"Zyrtari nga Ambasada e Gjermanis\u00eb n\u00eb Kosov\u00eb vizitoi Qendr\u00ebn e Xhematit Musliman Ahmedia n\u00eb Prishtin\u00eb"},"content":{"rendered":"<p>M\u00eb 10 mars 2023, nj\u00eb p\u00ebrfaq\u00ebsues zyrtar nga Ambasada e Gjermanis\u00eb n\u00eb Kosov\u00eb, z. Dr. Sebastian Leuschner, Shef i Divizionit t\u00eb Komunikimit, \u00c7\u00ebshtjeve Kulturore, Protokollit, Politik\u00ebs Klimatike dhe \u00c7\u00ebshtjeve Politike, vizitoi selin\u00eb e Xhematit Musliman Ahmedia t\u00eb Kosov\u00ebs n\u00eb Prishtin\u00eb. Gjat\u00eb vizit\u00ebs, z. Leuschner iu dha nj\u00eb pasqyr\u00eb e historis\u00eb s\u00eb themelimit t\u00eb Xhematit Musliman Ahmedia dhe n\u00eb Kosov\u00eb gjithashtu.<\/p>\n<p>P\u00ebrve\u00e7 diskutimit t\u00eb historis\u00eb dhe aktiviteteve t\u00eb Xhematit Musliman Ahmedia n\u00eb Kosov\u00eb, vizita e P\u00ebrfaq\u00ebsuesit t\u00eb Ambasad\u00ebs s\u00eb Gjermanis\u00eb, z. Dr. Sebastian Leuschner, ofroi gjithashtu nj\u00eb mund\u00ebsi p\u00ebr t\u2019u thelluar n\u00eb tema t\u00eb tilla si: ardhja e dyt\u00eb e Jezusit si dhe dallimet nd\u00ebrmjet Xhematit Musliman Ahmedia dhe bashk\u00ebsive t\u00eb tjera islame. Z. Leuschner ishte i impresionuar nga slogani i Xhematit Musliman Ahmedia \u201cDashuri p\u00ebr t\u00eb gjith\u00eb, urrejtje p\u00ebr ask\u00ebnd\u201d, i cili pasqyron p\u00ebrkushtimin e organizat\u00ebs p\u00ebr paqen dhe harmonin\u00eb.<\/p>\n<p style=\"text-align: center;\"><a href=\"https:\/\/www.ahmadiyya-islam.org\/al\/wp-content\/uploads\/sites\/3\/2023\/03\/2.jpg\"><img loading=\"lazy\" decoding=\"async\" class=\"alignnone wp-image-18863 size-full\" src=\"https:\/\/www.ahmadiyya-islam.org\/al\/wp-content\/uploads\/sites\/3\/2023\/03\/2.jpg\" alt=\"Dr. Sebastian Leuschner Ambasada Gjermane Prishtin\u00eb\" width=\"680\" height=\"510\" srcset=\"https:\/\/www.ahmadiyya-islam.org\/al\/wp-content\/uploads\/sites\/3\/2023\/03\/2.jpg 680w, https:\/\/www.ahmadiyya-islam.org\/al\/wp-content\/uploads\/sites\/3\/2023\/03\/2-300x225.jpg 300w\" sizes=\"auto, (max-width: 680px) 100vw, 680px\" \/><\/a><\/p>\n<p>P\u00ebrfaq\u00ebsuesit e Xhematit Musliman Ahmedia po ashtu theksuan aktivitetet fetare, kulturore dhe edukative t\u00eb nd\u00ebrmarra nga organizata n\u00eb Kosov\u00eb, duke p\u00ebrfshir\u00eb tri deg\u00ebt e vendosura n\u00eb Pej\u00eb dhe Mitrovic\u00eb. Misioni paq\u00ebsor i Xhematit Musliman Ahmedia, njohja e sakt\u00eb e Islamit dhe sistemi i Kalifatit u diskutuan gjithashtu, s\u00eb bashku me aktivitetet e Kalifit t\u00eb Koh\u00ebs (Allahu e ndihmoft\u00eb).<\/p>\n<p style=\"text-align: center;\"><a href=\"https:\/\/www.ahmadiyya-islam.org\/al\/wp-content\/uploads\/sites\/3\/2023\/03\/3.jpg\"><img loading=\"lazy\" decoding=\"async\" class=\"alignnone size-medium wp-image-18867\" src=\"https:\/\/www.ahmadiyya-islam.org\/al\/wp-content\/uploads\/sites\/3\/2023\/03\/3-225x300.jpg\" alt=\"Dr. Sebastian Leuschner Ambasada Gjermane Prishtin\u00eb\" width=\"225\" height=\"300\" srcset=\"https:\/\/www.ahmadiyya-islam.org\/al\/wp-content\/uploads\/sites\/3\/2023\/03\/3-225x300.jpg 225w, https:\/\/www.ahmadiyya-islam.org\/al\/wp-content\/uploads\/sites\/3\/2023\/03\/3.jpg 378w\" sizes=\"auto, (max-width: 225px) 100vw, 225px\" \/><\/a>\u00a0 \u00a0 <a href=\"https:\/\/www.ahmadiyya-islam.org\/al\/wp-content\/uploads\/sites\/3\/2023\/03\/4.jpg\"><img loading=\"lazy\" decoding=\"async\" class=\"alignnone size-medium wp-image-18868\" src=\"https:\/\/www.ahmadiyya-islam.org\/al\/wp-content\/uploads\/sites\/3\/2023\/03\/4-223x300.jpg\" alt=\"Dr. Sebastian Leuschner Ambasada Gjermane Prishtin\u00eb\" width=\"223\" height=\"300\" srcset=\"https:\/\/www.ahmadiyya-islam.org\/al\/wp-content\/uploads\/sites\/3\/2023\/03\/4-223x300.jpg 223w, https:\/\/www.ahmadiyya-islam.org\/al\/wp-content\/uploads\/sites\/3\/2023\/03\/4.jpg 378w\" sizes=\"auto, (max-width: 223px) 100vw, 223px\" \/><\/a><\/p>\n<p>M\u00eb pas, z. Leuschner iu prezantua nj\u00eb video e shkurt\u00ebr hyr\u00ebse mbi Konceptin e V\u00ebrtet\u00eb t\u00eb Kalifit t\u00eb Islamit, e cila i b\u00ebri p\u00ebrshtypje me udh\u00ebheqjen shpirt\u00ebrore dhe udh\u00ebzimin e <a href=\"https:\/\/www.ahmadiyya-islam.org\/al\/personalitete\/hazret-mirza-masrur-ahmed\/\">Khalifatul-Masih V<\/a> (Allahu e ndihmoft\u00eb). N\u00eb bised\u00eb u trajtuan edhe tema aktuale dhe zgjidhje islame.<\/p>\n<h3><strong>Shikoni videot<\/strong>:<\/h3>\n<ul>\n<li><a href=\"https:\/\/www.ahmadiyya-islam.org\/al\/videos\/lajmetari-i-paqes\/\">Lajm\u00ebtari i paqes<\/a><\/li>\n<li><a href=\"https:\/\/www.ahmadiyya-islam.org\/al\/videos\/kalifati-i-vertete-islamik-2\/\">Kalifati i v\u00ebrtet\u00eb islamik<\/a><\/li>\n<\/ul>\n<p style=\"text-align: center;\"><a href=\"https:\/\/www.ahmadiyya-islam.org\/al\/wp-content\/uploads\/sites\/3\/2023\/03\/5.jpg\"><img loading=\"lazy\" decoding=\"async\" class=\"alignnone wp-image-18869 size-full\" src=\"https:\/\/www.ahmadiyya-islam.org\/al\/wp-content\/uploads\/sites\/3\/2023\/03\/5.jpg\" alt=\"Dr. Sebastian Leuschner Ambasada Gjermane Prishtin\u00eb\" width=\"675\" height=\"507\" srcset=\"https:\/\/www.ahmadiyya-islam.org\/al\/wp-content\/uploads\/sites\/3\/2023\/03\/5.jpg 675w, https:\/\/www.ahmadiyya-islam.org\/al\/wp-content\/uploads\/sites\/3\/2023\/03\/5-300x225.jpg 300w\" sizes=\"auto, (max-width: 675px) 100vw, 675px\" \/><\/a><\/p>\n<p>Si nj\u00eb gjest i vullnetit t\u00eb mir\u00eb, p\u00ebrfaq\u00ebsuesit e Xhematit Musliman Ahmedia i dhuruan z. Leuschner disa libra n\u00eb anglisht, duke p\u00ebrfshir\u00eb: \u201c<a href=\"https:\/\/www.alislam.org\/library\/books\/IslamsResponseToContemporaryIssues.pdf\">Islam\u2019s Response to Contemporary Issues<\/a> (P\u00ebrgjigjja e Islamit ndaj \u00e7\u00ebshtjeve bashk\u00ebkohore)\u201d, Kalifi i Kat\u00ebrt i Mesihut r.h. dhe \u201c<a href=\"https:\/\/www.ahmadiyya-islam.org\/al\/librat\/xhemati-musliman-ahmedia-nje-paraqitje-e-shkurter\/\">Xhemati Musliman Ahmedia \u2013 nj\u00eb paraqitje e shkurt\u00ebr<\/a>\u201d, \u201c<a href=\"https:\/\/www.ahmadiyya-islam.org\/al\/librat\/filozofia-e-mesimeve-te-islamit\/\">Filozofia e m\u00ebsimeve t\u00eb Islamit<\/a>\u201d \u2013 Mesihu i Premtuar a.s., \u201c<a href=\"https:\/\/www.ahmadiyya-islam.org\/al\/librat\/jeta-e-muhammedit-sa\/\">Jeta e Muhammedit s.a.v.s.<\/a>\u201d \u2013 Kalifi i Dyt\u00eb i Mesihut r.a., \u201c<a href=\"https:\/\/www.ahmadiyya-islam.org\/al\/librat\/kriza-boterore-dhe-rruga-drejt-paqes\/\">Kriza bot\u00ebrore dhe rruga drejt paqes<\/a>\u201d \u2013 Kalifi i Pest\u00eb i Mesihut (Allahu e ndihmoft\u00eb).<\/p>\n<p style=\"text-align: center;\"><a href=\"https:\/\/www.ahmadiyya-islam.org\/al\/wp-content\/uploads\/sites\/3\/2023\/03\/6.jpg\"><img loading=\"lazy\" decoding=\"async\" class=\"alignnone wp-image-18866 size-full\" src=\"https:\/\/www.ahmadiyya-islam.org\/al\/wp-content\/uploads\/sites\/3\/2023\/03\/6.jpg\" alt=\"Dr. Sebastian Leuschner Ambasada Gjermane Prishtin\u00eb Kosov\u00eb\" width=\"530\" height=\"445\" srcset=\"https:\/\/www.ahmadiyya-islam.org\/al\/wp-content\/uploads\/sites\/3\/2023\/03\/6.jpg 530w, https:\/\/www.ahmadiyya-islam.org\/al\/wp-content\/uploads\/sites\/3\/2023\/03\/6-300x252.jpg 300w\" sizes=\"auto, (max-width: 530px) 100vw, 530px\" \/><\/a><\/p>\n<p>Gjat\u00eb vizit\u00ebs, t\u00eb dyja pal\u00ebt diskutuan p\u00ebr projektet e ardhshme dhe ran\u00eb dakord p\u00ebr rritjen e kontakteve t\u00eb tyre p\u00ebr bashk\u00ebpunim t\u00eb m\u00ebtejsh\u00ebm.<\/p>\n","protected":false},"excerpt":{"rendered":"<p>Zyrtari nga Ambasada e Gjermanis\u00eb n\u00eb Kosov\u00eb, z. Dr. Sebastian Leuschner vizitoi Qendr\u00ebn  e Xhematit Musliman Ahmedia n\u00eb Prishtin\u00eb.<\/p>\n","protected":false},"author":28,"featured_media":18862,"comment_status":"closed","ping_status":"closed","sticky":false,"template":"","format":"standard","meta":{"_acf_changed":false,"footnotes":""},"categories":[11],"tags":[],"authors":[],"content_source":[],"class_list":["post-18861","post","type-post","status-publish","format-standard","has-post-thumbnail","hentry","category-njoftim-per-shtyp","topics-xhemati-musliman-ahmedia-i-kosoves","country-city-kosove"],"acf":[],"yoast_head":"<!-- This site is optimized with the Yoast SEO Premium plugin v21.1 (Yoast SEO v27.4) - https:\/\/yoast.com\/product\/yoast-seo-premium-wordpress\/ -->\n<title>Zyrtari nga Ambasada e Gjermanis\u00eb n\u00eb Kosov\u00eb vizitoi Qendr\u00ebn e Xhematit Musliman Ahmedia n\u00eb Prishtin\u00eb<\/title>\n<meta name=\"description\" content=\"Zyrtari nga Ambasada e Gjermanis\u00eb n\u00eb Kosov\u00eb, z. Dr. Sebastian Leuschner vizitoi Qendr\u00ebn e Xhematit Musliman Ahmedia n\u00eb Prishtin\u00eb.\" \/>\n<meta name=\"robots\" content=\"index, follow, max-snippet:-1, max-image-preview:large, max-video-preview:-1\" \/>\n<link rel=\"canonical\" href=\"https:\/\/www.ahmadiyya-islam.org\/al\/njoftim-per-shtyp\/zyrtari-nga-ambasada-e-gjermanise-ne-kosove-vizitoi-qendren-e-xhematit-musliman-ahmedia-ne-prishtine\/\" \/>\n<meta property=\"og:locale\" content=\"sq_AL\" \/>\n<meta property=\"og:type\" content=\"article\" \/>\n<meta property=\"og:title\" content=\"Zyrtari nga Ambasada e Gjermanis\u00eb n\u00eb Kosov\u00eb vizitoi Qendr\u00ebn e Xhematit Musliman Ahmedia n\u00eb Prishtin\u00eb\" \/>\n<meta property=\"og:description\" content=\"Zyrtari nga Ambasada e Gjermanis\u00eb n\u00eb Kosov\u00eb, z. Dr. Sebastian Leuschner vizitoi Qendr\u00ebn e Xhematit Musliman Ahmedia n\u00eb Prishtin\u00eb.\" \/>\n<meta property=\"og:url\" content=\"https:\/\/www.ahmadiyya-islam.org\/al\/njoftim-per-shtyp\/zyrtari-nga-ambasada-e-gjermanise-ne-kosove-vizitoi-qendren-e-xhematit-musliman-ahmedia-ne-prishtine\/\" \/>\n<meta property=\"og:site_name\" content=\"Xhemati Musliman Ahmedia\" \/>\n<meta property=\"article:published_time\" content=\"2023-03-10T15:00:36+00:00\" \/>\n<meta property=\"article:modified_time\" content=\"2023-03-18T12:01:34+00:00\" \/>\n<meta property=\"og:image\" content=\"https:\/\/www.ahmadiyya-islam.org\/al\/wp-content\/uploads\/sites\/3\/2023\/03\/1.jpg\" \/>\n\t<meta property=\"og:image:width\" content=\"678\" \/>\n\t<meta property=\"og:image:height\" content=\"508\" \/>\n\t<meta property=\"og:image:type\" content=\"image\/jpeg\" \/>\n<meta name=\"author\" content=\"albesmir1\" \/>\n<meta name=\"twitter:card\" content=\"summary_large_image\" \/>\n<meta name=\"twitter:label1\" content=\"Written by\" \/>\n\t<meta name=\"twitter:data1\" content=\"albesmir1\" \/>\n\t<meta name=\"twitter:label2\" content=\"Est. reading time\" \/>\n\t<meta name=\"twitter:data2\" content=\"3 minutes\" \/>\n<script type=\"application\/ld+json\" class=\"yoast-schema-graph\">{\"@context\":\"https:\\\/\\\/schema.org\",\"@graph\":[{\"@type\":\"Article\",\"@id\":\"https:\\\/\\\/www.ahmadiyya-islam.org\\\/al\\\/njoftim-per-shtyp\\\/zyrtari-nga-ambasada-e-gjermanise-ne-kosove-vizitoi-qendren-e-xhematit-musliman-ahmedia-ne-prishtine\\\/#article\",\"isPartOf\":{\"@id\":\"https:\\\/\\\/www.ahmadiyya-islam.org\\\/al\\\/njoftim-per-shtyp\\\/zyrtari-nga-ambasada-e-gjermanise-ne-kosove-vizitoi-qendren-e-xhematit-musliman-ahmedia-ne-prishtine\\\/\"},\"author\":{\"name\":\"albesmir1\",\"@id\":\"https:\\\/\\\/www.ahmadiyya-islam.org\\\/al\\\/#\\\/schema\\\/person\\\/9fda09279a6409ebb087189610c6358c\"},\"headline\":\"Zyrtari nga Ambasada e Gjermanis\u00eb n\u00eb Kosov\u00eb vizitoi Qendr\u00ebn e Xhematit Musliman Ahmedia n\u00eb Prishtin\u00eb\",\"datePublished\":\"2023-03-10T15:00:36+00:00\",\"dateModified\":\"2023-03-18T12:01:34+00:00\",\"mainEntityOfPage\":{\"@id\":\"https:\\\/\\\/www.ahmadiyya-islam.org\\\/al\\\/njoftim-per-shtyp\\\/zyrtari-nga-ambasada-e-gjermanise-ne-kosove-vizitoi-qendren-e-xhematit-musliman-ahmedia-ne-prishtine\\\/\"},\"wordCount\":430,\"image\":{\"@id\":\"https:\\\/\\\/www.ahmadiyya-islam.org\\\/al\\\/njoftim-per-shtyp\\\/zyrtari-nga-ambasada-e-gjermanise-ne-kosove-vizitoi-qendren-e-xhematit-musliman-ahmedia-ne-prishtine\\\/#primaryimage\"},\"thumbnailUrl\":\"https:\\\/\\\/www.ahmadiyya-islam.org\\\/al\\\/wp-content\\\/uploads\\\/sites\\\/3\\\/2023\\\/03\\\/1.jpg\",\"articleSection\":[\"Njoftim p\u00ebr shtyp\"],\"inLanguage\":\"sq-AL\"},{\"@type\":\"WebPage\",\"@id\":\"https:\\\/\\\/www.ahmadiyya-islam.org\\\/al\\\/njoftim-per-shtyp\\\/zyrtari-nga-ambasada-e-gjermanise-ne-kosove-vizitoi-qendren-e-xhematit-musliman-ahmedia-ne-prishtine\\\/\",\"url\":\"https:\\\/\\\/www.ahmadiyya-islam.org\\\/al\\\/njoftim-per-shtyp\\\/zyrtari-nga-ambasada-e-gjermanise-ne-kosove-vizitoi-qendren-e-xhematit-musliman-ahmedia-ne-prishtine\\\/\",\"name\":\"Zyrtari nga Ambasada e Gjermanis\u00eb n\u00eb Kosov\u00eb vizitoi Qendr\u00ebn e Xhematit Musliman Ahmedia n\u00eb Prishtin\u00eb\",\"isPartOf\":{\"@id\":\"https:\\\/\\\/www.ahmadiyya-islam.org\\\/al\\\/#website\"},\"primaryImageOfPage\":{\"@id\":\"https:\\\/\\\/www.ahmadiyya-islam.org\\\/al\\\/njoftim-per-shtyp\\\/zyrtari-nga-ambasada-e-gjermanise-ne-kosove-vizitoi-qendren-e-xhematit-musliman-ahmedia-ne-prishtine\\\/#primaryimage\"},\"image\":{\"@id\":\"https:\\\/\\\/www.ahmadiyya-islam.org\\\/al\\\/njoftim-per-shtyp\\\/zyrtari-nga-ambasada-e-gjermanise-ne-kosove-vizitoi-qendren-e-xhematit-musliman-ahmedia-ne-prishtine\\\/#primaryimage\"},\"thumbnailUrl\":\"https:\\\/\\\/www.ahmadiyya-islam.org\\\/al\\\/wp-content\\\/uploads\\\/sites\\\/3\\\/2023\\\/03\\\/1.jpg\",\"datePublished\":\"2023-03-10T15:00:36+00:00\",\"dateModified\":\"2023-03-18T12:01:34+00:00\",\"author\":{\"@id\":\"https:\\\/\\\/www.ahmadiyya-islam.org\\\/al\\\/#\\\/schema\\\/person\\\/9fda09279a6409ebb087189610c6358c\"},\"description\":\"Zyrtari nga Ambasada e Gjermanis\u00eb n\u00eb Kosov\u00eb, z. Dr. Sebastian Leuschner vizitoi Qendr\u00ebn e Xhematit Musliman Ahmedia n\u00eb Prishtin\u00eb.\",\"breadcrumb\":{\"@id\":\"https:\\\/\\\/www.ahmadiyya-islam.org\\\/al\\\/njoftim-per-shtyp\\\/zyrtari-nga-ambasada-e-gjermanise-ne-kosove-vizitoi-qendren-e-xhematit-musliman-ahmedia-ne-prishtine\\\/#breadcrumb\"},\"inLanguage\":\"sq-AL\",\"potentialAction\":[{\"@type\":\"ReadAction\",\"target\":[\"https:\\\/\\\/www.ahmadiyya-islam.org\\\/al\\\/njoftim-per-shtyp\\\/zyrtari-nga-ambasada-e-gjermanise-ne-kosove-vizitoi-qendren-e-xhematit-musliman-ahmedia-ne-prishtine\\\/\"]}]},{\"@type\":\"ImageObject\",\"inLanguage\":\"sq-AL\",\"@id\":\"https:\\\/\\\/www.ahmadiyya-islam.org\\\/al\\\/njoftim-per-shtyp\\\/zyrtari-nga-ambasada-e-gjermanise-ne-kosove-vizitoi-qendren-e-xhematit-musliman-ahmedia-ne-prishtine\\\/#primaryimage\",\"url\":\"https:\\\/\\\/www.ahmadiyya-islam.org\\\/al\\\/wp-content\\\/uploads\\\/sites\\\/3\\\/2023\\\/03\\\/1.jpg\",\"contentUrl\":\"https:\\\/\\\/www.ahmadiyya-islam.org\\\/al\\\/wp-content\\\/uploads\\\/sites\\\/3\\\/2023\\\/03\\\/1.jpg\",\"width\":678,\"height\":508,\"caption\":\"Dr. Sebastian Leuschner Ambasada Gjermane Prishtin\u00eb\"},{\"@type\":\"BreadcrumbList\",\"@id\":\"https:\\\/\\\/www.ahmadiyya-islam.org\\\/al\\\/njoftim-per-shtyp\\\/zyrtari-nga-ambasada-e-gjermanise-ne-kosove-vizitoi-qendren-e-xhematit-musliman-ahmedia-ne-prishtine\\\/#breadcrumb\",\"itemListElement\":[{\"@type\":\"ListItem\",\"position\":1,\"name\":\"Home\",\"item\":\"https:\\\/\\\/www.ahmadiyya-islam.org\\\/al\\\/\"},{\"@type\":\"ListItem\",\"position\":2,\"name\":\"Zyrtari nga Ambasada e Gjermanis\u00eb n\u00eb Kosov\u00eb vizitoi Qendr\u00ebn e Xhematit Musliman Ahmedia n\u00eb Prishtin\u00eb\"}]},{\"@type\":\"WebSite\",\"@id\":\"https:\\\/\\\/www.ahmadiyya-islam.org\\\/al\\\/#website\",\"url\":\"https:\\\/\\\/www.ahmadiyya-islam.org\\\/al\\\/\",\"name\":\"Xhemati Musliman Ahmedia\",\"description\":\"Albania\",\"potentialAction\":[{\"@type\":\"SearchAction\",\"target\":{\"@type\":\"EntryPoint\",\"urlTemplate\":\"https:\\\/\\\/www.ahmadiyya-islam.org\\\/al\\\/?s={search_term_string}\"},\"query-input\":{\"@type\":\"PropertyValueSpecification\",\"valueRequired\":true,\"valueName\":\"search_term_string\"}}],\"inLanguage\":\"sq-AL\"},{\"@type\":\"Person\",\"@id\":\"https:\\\/\\\/www.ahmadiyya-islam.org\\\/al\\\/#\\\/schema\\\/person\\\/9fda09279a6409ebb087189610c6358c\",\"name\":\"albesmir1\"}]}<\/script>\n<!-- \/ Yoast SEO Premium plugin. -->","yoast_head_json":{"title":"Zyrtari nga Ambasada e Gjermanis\u00eb n\u00eb Kosov\u00eb vizitoi Qendr\u00ebn e Xhematit Musliman Ahmedia n\u00eb Prishtin\u00eb","description":"Zyrtari nga Ambasada e Gjermanis\u00eb n\u00eb Kosov\u00eb, z. Dr. Sebastian Leuschner vizitoi Qendr\u00ebn e Xhematit Musliman Ahmedia n\u00eb Prishtin\u00eb.","robots":{"index":"index","follow":"follow","max-snippet":"max-snippet:-1","max-image-preview":"max-image-preview:large","max-video-preview":"max-video-preview:-1"},"canonical":"https:\/\/www.ahmadiyya-islam.org\/al\/njoftim-per-shtyp\/zyrtari-nga-ambasada-e-gjermanise-ne-kosove-vizitoi-qendren-e-xhematit-musliman-ahmedia-ne-prishtine\/","og_locale":"sq_AL","og_type":"article","og_title":"Zyrtari nga Ambasada e Gjermanis\u00eb n\u00eb Kosov\u00eb vizitoi Qendr\u00ebn e Xhematit Musliman Ahmedia n\u00eb Prishtin\u00eb","og_description":"Zyrtari nga Ambasada e Gjermanis\u00eb n\u00eb Kosov\u00eb, z. Dr. Sebastian Leuschner vizitoi Qendr\u00ebn e Xhematit Musliman Ahmedia n\u00eb Prishtin\u00eb.","og_url":"https:\/\/www.ahmadiyya-islam.org\/al\/njoftim-per-shtyp\/zyrtari-nga-ambasada-e-gjermanise-ne-kosove-vizitoi-qendren-e-xhematit-musliman-ahmedia-ne-prishtine\/","og_site_name":"Xhemati Musliman Ahmedia","article_published_time":"2023-03-10T15:00:36+00:00","article_modified_time":"2023-03-18T12:01:34+00:00","og_image":[{"width":678,"height":508,"url":"https:\/\/www.ahmadiyya-islam.org\/al\/wp-content\/uploads\/sites\/3\/2023\/03\/1.jpg","type":"image\/jpeg"}],"author":"albesmir1","twitter_card":"summary_large_image","twitter_misc":{"Written by":"albesmir1","Est. reading time":"3 minutes"},"schema":{"@context":"https:\/\/schema.org","@graph":[{"@type":"Article","@id":"https:\/\/www.ahmadiyya-islam.org\/al\/njoftim-per-shtyp\/zyrtari-nga-ambasada-e-gjermanise-ne-kosove-vizitoi-qendren-e-xhematit-musliman-ahmedia-ne-prishtine\/#article","isPartOf":{"@id":"https:\/\/www.ahmadiyya-islam.org\/al\/njoftim-per-shtyp\/zyrtari-nga-ambasada-e-gjermanise-ne-kosove-vizitoi-qendren-e-xhematit-musliman-ahmedia-ne-prishtine\/"},"author":{"name":"albesmir1","@id":"https:\/\/www.ahmadiyya-islam.org\/al\/#\/schema\/person\/9fda09279a6409ebb087189610c6358c"},"headline":"Zyrtari nga Ambasada e Gjermanis\u00eb n\u00eb Kosov\u00eb vizitoi Qendr\u00ebn e Xhematit Musliman Ahmedia n\u00eb Prishtin\u00eb","datePublished":"2023-03-10T15:00:36+00:00","dateModified":"2023-03-18T12:01:34+00:00","mainEntityOfPage":{"@id":"https:\/\/www.ahmadiyya-islam.org\/al\/njoftim-per-shtyp\/zyrtari-nga-ambasada-e-gjermanise-ne-kosove-vizitoi-qendren-e-xhematit-musliman-ahmedia-ne-prishtine\/"},"wordCount":430,"image":{"@id":"https:\/\/www.ahmadiyya-islam.org\/al\/njoftim-per-shtyp\/zyrtari-nga-ambasada-e-gjermanise-ne-kosove-vizitoi-qendren-e-xhematit-musliman-ahmedia-ne-prishtine\/#primaryimage"},"thumbnailUrl":"https:\/\/www.ahmadiyya-islam.org\/al\/wp-content\/uploads\/sites\/3\/2023\/03\/1.jpg","articleSection":["Njoftim p\u00ebr shtyp"],"inLanguage":"sq-AL"},{"@type":"WebPage","@id":"https:\/\/www.ahmadiyya-islam.org\/al\/njoftim-per-shtyp\/zyrtari-nga-ambasada-e-gjermanise-ne-kosove-vizitoi-qendren-e-xhematit-musliman-ahmedia-ne-prishtine\/","url":"https:\/\/www.ahmadiyya-islam.org\/al\/njoftim-per-shtyp\/zyrtari-nga-ambasada-e-gjermanise-ne-kosove-vizitoi-qendren-e-xhematit-musliman-ahmedia-ne-prishtine\/","name":"Zyrtari nga Ambasada e Gjermanis\u00eb n\u00eb Kosov\u00eb vizitoi Qendr\u00ebn e Xhematit Musliman Ahmedia n\u00eb Prishtin\u00eb","isPartOf":{"@id":"https:\/\/www.ahmadiyya-islam.org\/al\/#website"},"primaryImageOfPage":{"@id":"https:\/\/www.ahmadiyya-islam.org\/al\/njoftim-per-shtyp\/zyrtari-nga-ambasada-e-gjermanise-ne-kosove-vizitoi-qendren-e-xhematit-musliman-ahmedia-ne-prishtine\/#primaryimage"},"image":{"@id":"https:\/\/www.ahmadiyya-islam.org\/al\/njoftim-per-shtyp\/zyrtari-nga-ambasada-e-gjermanise-ne-kosove-vizitoi-qendren-e-xhematit-musliman-ahmedia-ne-prishtine\/#primaryimage"},"thumbnailUrl":"https:\/\/www.ahmadiyya-islam.org\/al\/wp-content\/uploads\/sites\/3\/2023\/03\/1.jpg","datePublished":"2023-03-10T15:00:36+00:00","dateModified":"2023-03-18T12:01:34+00:00","author":{"@id":"https:\/\/www.ahmadiyya-islam.org\/al\/#\/schema\/person\/9fda09279a6409ebb087189610c6358c"},"description":"Zyrtari nga Ambasada e Gjermanis\u00eb n\u00eb Kosov\u00eb, z. Dr. Sebastian Leuschner vizitoi Qendr\u00ebn e Xhematit Musliman Ahmedia n\u00eb Prishtin\u00eb.","breadcrumb":{"@id":"https:\/\/www.ahmadiyya-islam.org\/al\/njoftim-per-shtyp\/zyrtari-nga-ambasada-e-gjermanise-ne-kosove-vizitoi-qendren-e-xhematit-musliman-ahmedia-ne-prishtine\/#breadcrumb"},"inLanguage":"sq-AL","potentialAction":[{"@type":"ReadAction","target":["https:\/\/www.ahmadiyya-islam.org\/al\/njoftim-per-shtyp\/zyrtari-nga-ambasada-e-gjermanise-ne-kosove-vizitoi-qendren-e-xhematit-musliman-ahmedia-ne-prishtine\/"]}]},{"@type":"ImageObject","inLanguage":"sq-AL","@id":"https:\/\/www.ahmadiyya-islam.org\/al\/njoftim-per-shtyp\/zyrtari-nga-ambasada-e-gjermanise-ne-kosove-vizitoi-qendren-e-xhematit-musliman-ahmedia-ne-prishtine\/#primaryimage","url":"https:\/\/www.ahmadiyya-islam.org\/al\/wp-content\/uploads\/sites\/3\/2023\/03\/1.jpg","contentUrl":"https:\/\/www.ahmadiyya-islam.org\/al\/wp-content\/uploads\/sites\/3\/2023\/03\/1.jpg","width":678,"height":508,"caption":"Dr. Sebastian Leuschner Ambasada Gjermane Prishtin\u00eb"},{"@type":"BreadcrumbList","@id":"https:\/\/www.ahmadiyya-islam.org\/al\/njoftim-per-shtyp\/zyrtari-nga-ambasada-e-gjermanise-ne-kosove-vizitoi-qendren-e-xhematit-musliman-ahmedia-ne-prishtine\/#breadcrumb","itemListElement":[{"@type":"ListItem","position":1,"name":"Home","item":"https:\/\/www.ahmadiyya-islam.org\/al\/"},{"@type":"ListItem","position":2,"name":"Zyrtari nga Ambasada e Gjermanis\u00eb n\u00eb Kosov\u00eb vizitoi Qendr\u00ebn e Xhematit Musliman Ahmedia n\u00eb Prishtin\u00eb"}]},{"@type":"WebSite","@id":"https:\/\/www.ahmadiyya-islam.org\/al\/#website","url":"https:\/\/www.ahmadiyya-islam.org\/al\/","name":"Xhemati Musliman Ahmedia","description":"Albania","potentialAction":[{"@type":"SearchAction","target":{"@type":"EntryPoint","urlTemplate":"https:\/\/www.ahmadiyya-islam.org\/al\/?s={search_term_string}"},"query-input":{"@type":"PropertyValueSpecification","valueRequired":true,"valueName":"search_term_string"}}],"inLanguage":"sq-AL"},{"@type":"Person","@id":"https:\/\/www.ahmadiyya-islam.org\/al\/#\/schema\/person\/9fda09279a6409ebb087189610c6358c","name":"albesmir1"}]}},"_links":{"self":[{"href":"https:\/\/www.ahmadiyya-islam.org\/al\/wp-json\/wp\/v2\/posts\/18861","targetHints":{"allow":["GET"]}}],"collection":[{"href":"https:\/\/www.ahmadiyya-islam.org\/al\/wp-json\/wp\/v2\/posts"}],"about":[{"href":"https:\/\/www.ahmadiyya-islam.org\/al\/wp-json\/wp\/v2\/types\/post"}],"author":[{"embeddable":true,"href":"https:\/\/www.ahmadiyya-islam.org\/al\/wp-json\/wp\/v2\/users\/28"}],"replies":[{"embeddable":true,"href":"https:\/\/www.ahmadiyya-islam.org\/al\/wp-json\/wp\/v2\/comments?post=18861"}],"version-history":[{"count":1,"href":"https:\/\/www.ahmadiyya-islam.org\/al\/wp-json\/wp\/v2\/posts\/18861\/revisions"}],"predecessor-version":[{"id":18876,"href":"https:\/\/www.ahmadiyya-islam.org\/al\/wp-json\/wp\/v2\/posts\/18861\/revisions\/18876"}],"wp:featuredmedia":[{"embeddable":true,"href":"https:\/\/www.ahmadiyya-islam.org\/al\/wp-json\/wp\/v2\/media\/18862"}],"wp:attachment":[{"href":"https:\/\/www.ahmadiyya-islam.org\/al\/wp-json\/wp\/v2\/media?parent=18861"}],"wp:term":[{"taxonomy":"category","embeddable":true,"href":"https:\/\/www.ahmadiyya-islam.org\/al\/wp-json\/wp\/v2\/categories?post=18861"},{"taxonomy":"post_tag","embeddable":true,"href":"https:\/\/www.ahmadiyya-islam.org\/al\/wp-json\/wp\/v2\/tags?post=18861"},{"taxonomy":"authors","embeddable":true,"href":"https:\/\/www.ahmadiyya-islam.org\/al\/wp-json\/wp\/v2\/authors?post=18861"},{"taxonomy":"content_source","embeddable":true,"href":"https:\/\/www.ahmadiyya-islam.org\/al\/wp-json\/wp\/v2\/content_source?post=18861"}],"curies":[{"name":"wp","href":"https:\/\/api.w.org\/{rel}","templated":true}]}}