{"id":18841,"date":"2023-02-09T12:00:54","date_gmt":"2023-02-09T12:00:54","guid":{"rendered":"https:\/\/www.ahmadiyya-islam.org\/al\/?p=18841"},"modified":"2023-03-21T08:37:47","modified_gmt":"2023-03-21T08:37:47","slug":"perfaqesues-nga-xhemati-musliman-ahmedia-i-kosoves-vizitojne-keshilltaren-e-kryeministrit-te-kosoves","status":"publish","type":"post","link":"https:\/\/www.ahmadiyya-islam.org\/al\/njoftim-per-shtyp\/perfaqesues-nga-xhemati-musliman-ahmedia-i-kosoves-vizitojne-keshilltaren-e-kryeministrit-te-kosoves\/","title":{"rendered":"P\u00ebrfaq\u00ebsues nga Xhemati Musliman Ahmedia i Kosov\u00ebs vizitojn\u00eb K\u00ebshilltaren e Kryeministrit t\u00eb Kosov\u00ebs"},"content":{"rendered":"<p>M\u00eb 9 shkurt 2023, p\u00ebrfaq\u00ebsues nga Xhemati Musliman Ahmedia i Kosov\u00ebs takuan Znj. Elizabeth Gowing, K\u00ebshilltare e Kryeministrit t\u00eb Kosov\u00ebs z. Albin Kurti, p\u00ebr \u00c7\u00ebshtjet e Komuniteteve, n\u00eb zyren e saj n\u00eb nd\u00ebrtes\u00ebn e Kryeministris\u00eb n\u00eb Prishtin\u00eb.<\/p>\n<p>Gjat\u00eb takimit, p\u00ebrfaq\u00ebsuesit i dhan\u00eb Znj. Gowing informacione p\u00ebr Xhematin Musliman Ahmedia si n\u00eb nivel global ashtu edhe brenda Kosov\u00ebs. Ata diskutuan p\u00ebr aktivitetet e ndryshme javore dhe mujore fetare, kulturore dhe arsimore q\u00eb zhvillohen n\u00eb Prishtin\u00eb dhe deg\u00ebt e saj n\u00eb Pej\u00eb dhe Mitrovic\u00eb. Gjithashtu, p\u00ebrfaq\u00ebsuesit ndan\u00eb informacione p\u00ebr aktivitetet humanitare t\u00eb organizat\u00ebs Humanity First n\u00eb mbar\u00eb bot\u00ebn dhe n\u00eb Kosov\u00eb, duke theksuar se bashk\u00ebpunimi i tyre realizohet p\u00ebrmes memorandumeve t\u00eb mir\u00ebkuptimit me komunat p\u00ebrkat\u00ebse dhe drejtorit\u00eb e tyre. P\u00ebrfaq\u00ebsuesit gjithashtu theksuan aktivitetet e ndryshme t\u00eb Kalifit t\u00eb Koh\u00ebs (Allahu e ndihmoft\u00eb), duke p\u00ebrfshir\u00eb Simpoziumin Komb\u00ebtar t\u00eb Paqes n\u00eb Mbret\u00ebrin\u00eb e Bashkuar, si dhe organizimin e Xhelsa Salan\u00ebs (Simpoziumit Vjetor) s\u00eb 10-t\u00eb n\u00eb Kosov\u00eb. Gjat\u00eb gjith\u00eb takimit, p\u00ebrfaq\u00ebsuesit p\u00ebrkrah\u00ebn parimin udh\u00ebzues t\u00eb Xhematit Musliman Ahmedia t\u00eb &#8220;Dashuri p\u00ebr t\u00eb gjith\u00eb, urrejtje p\u00ebr ask\u00ebnd&#8221;.<\/p>\n<p>Gjithashtu, edhe Znj. Elizabeth Gowing i njoftoi p\u00ebrfaq\u00ebsuesit e Xhematit Musliman Ahmedia t\u00eb Kosov\u00ebs me pun\u00ebn e saj tash e disavje\u00e7are n\u00eb Kosov\u00eb, si k\u00ebshilltare e Kryeministrit t\u00eb Kosov\u00ebs p\u00ebr \u00c7\u00ebshtjet e Komuniteteve joshumic\u00eb, p\u00ebr Ligjin e fes\u00eb dhe lirive fetare n\u00eb Kosov\u00eb, p\u00ebr r\u00ebnd\u00ebsin\u00eb e dialogut dhe toleranc\u00ebs nd\u00ebretnike, sfidat e s\u00eb ardhmes n\u00eb lidhje me edukimin, arsimimin dhe pun\u00ebsimin e pjes\u00ebtar\u00ebve t\u00eb minoriteteve joshumic\u00eb n\u00eb Kosov\u00eb.<\/p>\n<p>N\u00eb fund t\u00eb takimit, meq\u00eb Znj. Gowing \u00ebsht\u00eb njoh\u00ebse e mir\u00eb e gjuh\u00ebs shqipe, iu dhuruan k\u00ebta libra n\u00eb gjuh\u00ebn shqipe: \u201c<a href=\"https:\/\/www.ahmadiyya-islam.org\/al\/librat\/filozofia-e-mesimeve-te-islamit\/\">Filozofia e m\u00ebsimeve t\u00eb Islamit<\/a>\u201d \u2013 Mesihu i Premtuar a.s., \u201c<a href=\"https:\/\/www.ahmadiyya-islam.org\/al\/librat\/jeta-e-muhammedit-sa\/\">Jeta e Muhammedit s.a.v.s.<\/a>\u201d \u2013 Kalifi i Dyt\u00eb i Mesihut r.a., \u201c<a href=\"https:\/\/www.ahmadiyya-islam.org\/al\/librat\/kriza-boterore-dhe-rruga-drejt-paqes\/\">Kriza bot\u00ebrore dhe rruga drejt paqes<\/a>\u201d \u2013 Kalifi i Pest\u00eb i Mesihut (Allahu e ndihmoft\u00eb), dhe \u201c<a href=\"https:\/\/www.ahmadiyya-islam.org\/al\/librat\/xhemati-musliman-ahmedia-nje-paraqitje-e-shkurter\/\">Xhemati Musliman Ahmedia \u2013 nj\u00eb paraqitje e shkurt\u00ebr<\/a>\u201d.<\/p>\n","protected":false},"excerpt":{"rendered":"<p>P\u00ebrfaq\u00ebsues nga Xhemati Musliman Ahmedia i Kosov\u00ebs takuan Znj. Elizabeth Gowing, K\u00ebshilltare e Kryeministrit t\u00eb Kosov\u00ebs z. Albin Kurti.<\/p>\n","protected":false},"author":28,"featured_media":18842,"comment_status":"closed","ping_status":"closed","sticky":false,"template":"","format":"standard","meta":{"_acf_changed":false,"footnotes":""},"categories":[11],"tags":[],"authors":[],"content_source":[],"class_list":["post-18841","post","type-post","status-publish","format-standard","has-post-thumbnail","hentry","category-njoftim-per-shtyp","topics-xhemati-musliman-ahmedia-i-kosoves","country-city-kosove"],"acf":[],"yoast_head":"<!-- This site is optimized with the Yoast SEO Premium plugin v21.1 (Yoast SEO v27.4) - https:\/\/yoast.com\/product\/yoast-seo-premium-wordpress\/ -->\n<title>P\u00ebrfaq\u00ebsues nga Xhemati Musliman Ahmedia i Kosov\u00ebs vizitojn\u00eb K\u00ebshilltaren e Kryeministrit t\u00eb Kosov\u00ebs<\/title>\n<meta name=\"description\" content=\"P\u00ebrfaq\u00ebsues nga Xhemati Musliman Ahmedia i Kosov\u00ebs takuan Znj. Elizabeth Gowing, K\u00ebshilltare e Kryeministrit t\u00eb Kosov\u00ebs z. Albin Kurti.\" \/>\n<meta name=\"robots\" content=\"index, follow, max-snippet:-1, max-image-preview:large, max-video-preview:-1\" \/>\n<link rel=\"canonical\" href=\"https:\/\/www.ahmadiyya-islam.org\/al\/njoftim-per-shtyp\/perfaqesues-nga-xhemati-musliman-ahmedia-i-kosoves-vizitojne-keshilltaren-e-kryeministrit-te-kosoves\/\" \/>\n<meta property=\"og:locale\" content=\"sq_AL\" \/>\n<meta property=\"og:type\" content=\"article\" \/>\n<meta property=\"og:title\" content=\"P\u00ebrfaq\u00ebsues nga Xhemati Musliman Ahmedia i Kosov\u00ebs vizitojn\u00eb K\u00ebshilltaren e Kryeministrit t\u00eb Kosov\u00ebs\" \/>\n<meta property=\"og:description\" content=\"P\u00ebrfaq\u00ebsues nga Xhemati Musliman Ahmedia i Kosov\u00ebs takuan Znj. Elizabeth Gowing, K\u00ebshilltare e Kryeministrit t\u00eb Kosov\u00ebs z. Albin Kurti.\" \/>\n<meta property=\"og:url\" content=\"https:\/\/www.ahmadiyya-islam.org\/al\/njoftim-per-shtyp\/perfaqesues-nga-xhemati-musliman-ahmedia-i-kosoves-vizitojne-keshilltaren-e-kryeministrit-te-kosoves\/\" \/>\n<meta property=\"og:site_name\" content=\"Xhemati Musliman Ahmedia\" \/>\n<meta property=\"article:published_time\" content=\"2023-02-09T12:00:54+00:00\" \/>\n<meta property=\"article:modified_time\" content=\"2023-03-21T08:37:47+00:00\" \/>\n<meta property=\"og:image\" content=\"https:\/\/www.ahmadiyya-islam.org\/al\/wp-content\/uploads\/sites\/3\/2023\/03\/Photo-1.jpg\" \/>\n\t<meta property=\"og:image:width\" content=\"2048\" \/>\n\t<meta property=\"og:image:height\" content=\"922\" \/>\n\t<meta property=\"og:image:type\" content=\"image\/jpeg\" \/>\n<meta name=\"author\" content=\"albesmir1\" \/>\n<meta name=\"twitter:card\" content=\"summary_large_image\" \/>\n<meta name=\"twitter:label1\" content=\"Written by\" \/>\n\t<meta name=\"twitter:data1\" content=\"albesmir1\" \/>\n\t<meta name=\"twitter:label2\" content=\"Est. reading time\" \/>\n\t<meta name=\"twitter:data2\" content=\"2 minutes\" \/>\n<script type=\"application\/ld+json\" class=\"yoast-schema-graph\">{\"@context\":\"https:\\\/\\\/schema.org\",\"@graph\":[{\"@type\":\"Article\",\"@id\":\"https:\\\/\\\/www.ahmadiyya-islam.org\\\/al\\\/njoftim-per-shtyp\\\/perfaqesues-nga-xhemati-musliman-ahmedia-i-kosoves-vizitojne-keshilltaren-e-kryeministrit-te-kosoves\\\/#article\",\"isPartOf\":{\"@id\":\"https:\\\/\\\/www.ahmadiyya-islam.org\\\/al\\\/njoftim-per-shtyp\\\/perfaqesues-nga-xhemati-musliman-ahmedia-i-kosoves-vizitojne-keshilltaren-e-kryeministrit-te-kosoves\\\/\"},\"author\":{\"name\":\"albesmir1\",\"@id\":\"https:\\\/\\\/www.ahmadiyya-islam.org\\\/al\\\/#\\\/schema\\\/person\\\/9fda09279a6409ebb087189610c6358c\"},\"headline\":\"P\u00ebrfaq\u00ebsues nga Xhemati Musliman Ahmedia i Kosov\u00ebs vizitojn\u00eb K\u00ebshilltaren e Kryeministrit t\u00eb Kosov\u00ebs\",\"datePublished\":\"2023-02-09T12:00:54+00:00\",\"dateModified\":\"2023-03-21T08:37:47+00:00\",\"mainEntityOfPage\":{\"@id\":\"https:\\\/\\\/www.ahmadiyya-islam.org\\\/al\\\/njoftim-per-shtyp\\\/perfaqesues-nga-xhemati-musliman-ahmedia-i-kosoves-vizitojne-keshilltaren-e-kryeministrit-te-kosoves\\\/\"},\"wordCount\":385,\"image\":{\"@id\":\"https:\\\/\\\/www.ahmadiyya-islam.org\\\/al\\\/njoftim-per-shtyp\\\/perfaqesues-nga-xhemati-musliman-ahmedia-i-kosoves-vizitojne-keshilltaren-e-kryeministrit-te-kosoves\\\/#primaryimage\"},\"thumbnailUrl\":\"https:\\\/\\\/www.ahmadiyya-islam.org\\\/al\\\/wp-content\\\/uploads\\\/sites\\\/3\\\/2023\\\/03\\\/Photo-1.jpg\",\"articleSection\":[\"Njoftim p\u00ebr shtyp\"],\"inLanguage\":\"sq-AL\"},{\"@type\":\"WebPage\",\"@id\":\"https:\\\/\\\/www.ahmadiyya-islam.org\\\/al\\\/njoftim-per-shtyp\\\/perfaqesues-nga-xhemati-musliman-ahmedia-i-kosoves-vizitojne-keshilltaren-e-kryeministrit-te-kosoves\\\/\",\"url\":\"https:\\\/\\\/www.ahmadiyya-islam.org\\\/al\\\/njoftim-per-shtyp\\\/perfaqesues-nga-xhemati-musliman-ahmedia-i-kosoves-vizitojne-keshilltaren-e-kryeministrit-te-kosoves\\\/\",\"name\":\"P\u00ebrfaq\u00ebsues nga Xhemati Musliman Ahmedia i Kosov\u00ebs vizitojn\u00eb K\u00ebshilltaren e Kryeministrit t\u00eb Kosov\u00ebs\",\"isPartOf\":{\"@id\":\"https:\\\/\\\/www.ahmadiyya-islam.org\\\/al\\\/#website\"},\"primaryImageOfPage\":{\"@id\":\"https:\\\/\\\/www.ahmadiyya-islam.org\\\/al\\\/njoftim-per-shtyp\\\/perfaqesues-nga-xhemati-musliman-ahmedia-i-kosoves-vizitojne-keshilltaren-e-kryeministrit-te-kosoves\\\/#primaryimage\"},\"image\":{\"@id\":\"https:\\\/\\\/www.ahmadiyya-islam.org\\\/al\\\/njoftim-per-shtyp\\\/perfaqesues-nga-xhemati-musliman-ahmedia-i-kosoves-vizitojne-keshilltaren-e-kryeministrit-te-kosoves\\\/#primaryimage\"},\"thumbnailUrl\":\"https:\\\/\\\/www.ahmadiyya-islam.org\\\/al\\\/wp-content\\\/uploads\\\/sites\\\/3\\\/2023\\\/03\\\/Photo-1.jpg\",\"datePublished\":\"2023-02-09T12:00:54+00:00\",\"dateModified\":\"2023-03-21T08:37:47+00:00\",\"author\":{\"@id\":\"https:\\\/\\\/www.ahmadiyya-islam.org\\\/al\\\/#\\\/schema\\\/person\\\/9fda09279a6409ebb087189610c6358c\"},\"description\":\"P\u00ebrfaq\u00ebsues nga Xhemati Musliman Ahmedia i Kosov\u00ebs takuan Znj. Elizabeth Gowing, K\u00ebshilltare e Kryeministrit t\u00eb Kosov\u00ebs z. Albin Kurti.\",\"breadcrumb\":{\"@id\":\"https:\\\/\\\/www.ahmadiyya-islam.org\\\/al\\\/njoftim-per-shtyp\\\/perfaqesues-nga-xhemati-musliman-ahmedia-i-kosoves-vizitojne-keshilltaren-e-kryeministrit-te-kosoves\\\/#breadcrumb\"},\"inLanguage\":\"sq-AL\",\"potentialAction\":[{\"@type\":\"ReadAction\",\"target\":[\"https:\\\/\\\/www.ahmadiyya-islam.org\\\/al\\\/njoftim-per-shtyp\\\/perfaqesues-nga-xhemati-musliman-ahmedia-i-kosoves-vizitojne-keshilltaren-e-kryeministrit-te-kosoves\\\/\"]}]},{\"@type\":\"ImageObject\",\"inLanguage\":\"sq-AL\",\"@id\":\"https:\\\/\\\/www.ahmadiyya-islam.org\\\/al\\\/njoftim-per-shtyp\\\/perfaqesues-nga-xhemati-musliman-ahmedia-i-kosoves-vizitojne-keshilltaren-e-kryeministrit-te-kosoves\\\/#primaryimage\",\"url\":\"https:\\\/\\\/www.ahmadiyya-islam.org\\\/al\\\/wp-content\\\/uploads\\\/sites\\\/3\\\/2023\\\/03\\\/Photo-1.jpg\",\"contentUrl\":\"https:\\\/\\\/www.ahmadiyya-islam.org\\\/al\\\/wp-content\\\/uploads\\\/sites\\\/3\\\/2023\\\/03\\\/Photo-1.jpg\",\"width\":2048,\"height\":922,\"caption\":\"Elizabeth Gowing\"},{\"@type\":\"BreadcrumbList\",\"@id\":\"https:\\\/\\\/www.ahmadiyya-islam.org\\\/al\\\/njoftim-per-shtyp\\\/perfaqesues-nga-xhemati-musliman-ahmedia-i-kosoves-vizitojne-keshilltaren-e-kryeministrit-te-kosoves\\\/#breadcrumb\",\"itemListElement\":[{\"@type\":\"ListItem\",\"position\":1,\"name\":\"Home\",\"item\":\"https:\\\/\\\/www.ahmadiyya-islam.org\\\/al\\\/\"},{\"@type\":\"ListItem\",\"position\":2,\"name\":\"P\u00ebrfaq\u00ebsues nga Xhemati Musliman Ahmedia i Kosov\u00ebs vizitojn\u00eb K\u00ebshilltaren e Kryeministrit t\u00eb Kosov\u00ebs\"}]},{\"@type\":\"WebSite\",\"@id\":\"https:\\\/\\\/www.ahmadiyya-islam.org\\\/al\\\/#website\",\"url\":\"https:\\\/\\\/www.ahmadiyya-islam.org\\\/al\\\/\",\"name\":\"Xhemati Musliman Ahmedia\",\"description\":\"Albania\",\"potentialAction\":[{\"@type\":\"SearchAction\",\"target\":{\"@type\":\"EntryPoint\",\"urlTemplate\":\"https:\\\/\\\/www.ahmadiyya-islam.org\\\/al\\\/?s={search_term_string}\"},\"query-input\":{\"@type\":\"PropertyValueSpecification\",\"valueRequired\":true,\"valueName\":\"search_term_string\"}}],\"inLanguage\":\"sq-AL\"},{\"@type\":\"Person\",\"@id\":\"https:\\\/\\\/www.ahmadiyya-islam.org\\\/al\\\/#\\\/schema\\\/person\\\/9fda09279a6409ebb087189610c6358c\",\"name\":\"albesmir1\"}]}<\/script>\n<!-- \/ Yoast SEO Premium plugin. -->","yoast_head_json":{"title":"P\u00ebrfaq\u00ebsues nga Xhemati Musliman Ahmedia i Kosov\u00ebs vizitojn\u00eb K\u00ebshilltaren e Kryeministrit t\u00eb Kosov\u00ebs","description":"P\u00ebrfaq\u00ebsues nga Xhemati Musliman Ahmedia i Kosov\u00ebs takuan Znj. Elizabeth Gowing, K\u00ebshilltare e Kryeministrit t\u00eb Kosov\u00ebs z. Albin Kurti.","robots":{"index":"index","follow":"follow","max-snippet":"max-snippet:-1","max-image-preview":"max-image-preview:large","max-video-preview":"max-video-preview:-1"},"canonical":"https:\/\/www.ahmadiyya-islam.org\/al\/njoftim-per-shtyp\/perfaqesues-nga-xhemati-musliman-ahmedia-i-kosoves-vizitojne-keshilltaren-e-kryeministrit-te-kosoves\/","og_locale":"sq_AL","og_type":"article","og_title":"P\u00ebrfaq\u00ebsues nga Xhemati Musliman Ahmedia i Kosov\u00ebs vizitojn\u00eb K\u00ebshilltaren e Kryeministrit t\u00eb Kosov\u00ebs","og_description":"P\u00ebrfaq\u00ebsues nga Xhemati Musliman Ahmedia i Kosov\u00ebs takuan Znj. Elizabeth Gowing, K\u00ebshilltare e Kryeministrit t\u00eb Kosov\u00ebs z. Albin Kurti.","og_url":"https:\/\/www.ahmadiyya-islam.org\/al\/njoftim-per-shtyp\/perfaqesues-nga-xhemati-musliman-ahmedia-i-kosoves-vizitojne-keshilltaren-e-kryeministrit-te-kosoves\/","og_site_name":"Xhemati Musliman Ahmedia","article_published_time":"2023-02-09T12:00:54+00:00","article_modified_time":"2023-03-21T08:37:47+00:00","og_image":[{"width":2048,"height":922,"url":"https:\/\/www.ahmadiyya-islam.org\/al\/wp-content\/uploads\/sites\/3\/2023\/03\/Photo-1.jpg","type":"image\/jpeg"}],"author":"albesmir1","twitter_card":"summary_large_image","twitter_misc":{"Written by":"albesmir1","Est. reading time":"2 minutes"},"schema":{"@context":"https:\/\/schema.org","@graph":[{"@type":"Article","@id":"https:\/\/www.ahmadiyya-islam.org\/al\/njoftim-per-shtyp\/perfaqesues-nga-xhemati-musliman-ahmedia-i-kosoves-vizitojne-keshilltaren-e-kryeministrit-te-kosoves\/#article","isPartOf":{"@id":"https:\/\/www.ahmadiyya-islam.org\/al\/njoftim-per-shtyp\/perfaqesues-nga-xhemati-musliman-ahmedia-i-kosoves-vizitojne-keshilltaren-e-kryeministrit-te-kosoves\/"},"author":{"name":"albesmir1","@id":"https:\/\/www.ahmadiyya-islam.org\/al\/#\/schema\/person\/9fda09279a6409ebb087189610c6358c"},"headline":"P\u00ebrfaq\u00ebsues nga Xhemati Musliman Ahmedia i Kosov\u00ebs vizitojn\u00eb K\u00ebshilltaren e Kryeministrit t\u00eb Kosov\u00ebs","datePublished":"2023-02-09T12:00:54+00:00","dateModified":"2023-03-21T08:37:47+00:00","mainEntityOfPage":{"@id":"https:\/\/www.ahmadiyya-islam.org\/al\/njoftim-per-shtyp\/perfaqesues-nga-xhemati-musliman-ahmedia-i-kosoves-vizitojne-keshilltaren-e-kryeministrit-te-kosoves\/"},"wordCount":385,"image":{"@id":"https:\/\/www.ahmadiyya-islam.org\/al\/njoftim-per-shtyp\/perfaqesues-nga-xhemati-musliman-ahmedia-i-kosoves-vizitojne-keshilltaren-e-kryeministrit-te-kosoves\/#primaryimage"},"thumbnailUrl":"https:\/\/www.ahmadiyya-islam.org\/al\/wp-content\/uploads\/sites\/3\/2023\/03\/Photo-1.jpg","articleSection":["Njoftim p\u00ebr shtyp"],"inLanguage":"sq-AL"},{"@type":"WebPage","@id":"https:\/\/www.ahmadiyya-islam.org\/al\/njoftim-per-shtyp\/perfaqesues-nga-xhemati-musliman-ahmedia-i-kosoves-vizitojne-keshilltaren-e-kryeministrit-te-kosoves\/","url":"https:\/\/www.ahmadiyya-islam.org\/al\/njoftim-per-shtyp\/perfaqesues-nga-xhemati-musliman-ahmedia-i-kosoves-vizitojne-keshilltaren-e-kryeministrit-te-kosoves\/","name":"P\u00ebrfaq\u00ebsues nga Xhemati Musliman Ahmedia i Kosov\u00ebs vizitojn\u00eb K\u00ebshilltaren e Kryeministrit t\u00eb Kosov\u00ebs","isPartOf":{"@id":"https:\/\/www.ahmadiyya-islam.org\/al\/#website"},"primaryImageOfPage":{"@id":"https:\/\/www.ahmadiyya-islam.org\/al\/njoftim-per-shtyp\/perfaqesues-nga-xhemati-musliman-ahmedia-i-kosoves-vizitojne-keshilltaren-e-kryeministrit-te-kosoves\/#primaryimage"},"image":{"@id":"https:\/\/www.ahmadiyya-islam.org\/al\/njoftim-per-shtyp\/perfaqesues-nga-xhemati-musliman-ahmedia-i-kosoves-vizitojne-keshilltaren-e-kryeministrit-te-kosoves\/#primaryimage"},"thumbnailUrl":"https:\/\/www.ahmadiyya-islam.org\/al\/wp-content\/uploads\/sites\/3\/2023\/03\/Photo-1.jpg","datePublished":"2023-02-09T12:00:54+00:00","dateModified":"2023-03-21T08:37:47+00:00","author":{"@id":"https:\/\/www.ahmadiyya-islam.org\/al\/#\/schema\/person\/9fda09279a6409ebb087189610c6358c"},"description":"P\u00ebrfaq\u00ebsues nga Xhemati Musliman Ahmedia i Kosov\u00ebs takuan Znj. Elizabeth Gowing, K\u00ebshilltare e Kryeministrit t\u00eb Kosov\u00ebs z. Albin Kurti.","breadcrumb":{"@id":"https:\/\/www.ahmadiyya-islam.org\/al\/njoftim-per-shtyp\/perfaqesues-nga-xhemati-musliman-ahmedia-i-kosoves-vizitojne-keshilltaren-e-kryeministrit-te-kosoves\/#breadcrumb"},"inLanguage":"sq-AL","potentialAction":[{"@type":"ReadAction","target":["https:\/\/www.ahmadiyya-islam.org\/al\/njoftim-per-shtyp\/perfaqesues-nga-xhemati-musliman-ahmedia-i-kosoves-vizitojne-keshilltaren-e-kryeministrit-te-kosoves\/"]}]},{"@type":"ImageObject","inLanguage":"sq-AL","@id":"https:\/\/www.ahmadiyya-islam.org\/al\/njoftim-per-shtyp\/perfaqesues-nga-xhemati-musliman-ahmedia-i-kosoves-vizitojne-keshilltaren-e-kryeministrit-te-kosoves\/#primaryimage","url":"https:\/\/www.ahmadiyya-islam.org\/al\/wp-content\/uploads\/sites\/3\/2023\/03\/Photo-1.jpg","contentUrl":"https:\/\/www.ahmadiyya-islam.org\/al\/wp-content\/uploads\/sites\/3\/2023\/03\/Photo-1.jpg","width":2048,"height":922,"caption":"Elizabeth Gowing"},{"@type":"BreadcrumbList","@id":"https:\/\/www.ahmadiyya-islam.org\/al\/njoftim-per-shtyp\/perfaqesues-nga-xhemati-musliman-ahmedia-i-kosoves-vizitojne-keshilltaren-e-kryeministrit-te-kosoves\/#breadcrumb","itemListElement":[{"@type":"ListItem","position":1,"name":"Home","item":"https:\/\/www.ahmadiyya-islam.org\/al\/"},{"@type":"ListItem","position":2,"name":"P\u00ebrfaq\u00ebsues nga Xhemati Musliman Ahmedia i Kosov\u00ebs vizitojn\u00eb K\u00ebshilltaren e Kryeministrit t\u00eb Kosov\u00ebs"}]},{"@type":"WebSite","@id":"https:\/\/www.ahmadiyya-islam.org\/al\/#website","url":"https:\/\/www.ahmadiyya-islam.org\/al\/","name":"Xhemati Musliman Ahmedia","description":"Albania","potentialAction":[{"@type":"SearchAction","target":{"@type":"EntryPoint","urlTemplate":"https:\/\/www.ahmadiyya-islam.org\/al\/?s={search_term_string}"},"query-input":{"@type":"PropertyValueSpecification","valueRequired":true,"valueName":"search_term_string"}}],"inLanguage":"sq-AL"},{"@type":"Person","@id":"https:\/\/www.ahmadiyya-islam.org\/al\/#\/schema\/person\/9fda09279a6409ebb087189610c6358c","name":"albesmir1"}]}},"_links":{"self":[{"href":"https:\/\/www.ahmadiyya-islam.org\/al\/wp-json\/wp\/v2\/posts\/18841","targetHints":{"allow":["GET"]}}],"collection":[{"href":"https:\/\/www.ahmadiyya-islam.org\/al\/wp-json\/wp\/v2\/posts"}],"about":[{"href":"https:\/\/www.ahmadiyya-islam.org\/al\/wp-json\/wp\/v2\/types\/post"}],"author":[{"embeddable":true,"href":"https:\/\/www.ahmadiyya-islam.org\/al\/wp-json\/wp\/v2\/users\/28"}],"replies":[{"embeddable":true,"href":"https:\/\/www.ahmadiyya-islam.org\/al\/wp-json\/wp\/v2\/comments?post=18841"}],"version-history":[{"count":1,"href":"https:\/\/www.ahmadiyya-islam.org\/al\/wp-json\/wp\/v2\/posts\/18841\/revisions"}],"predecessor-version":[{"id":18855,"href":"https:\/\/www.ahmadiyya-islam.org\/al\/wp-json\/wp\/v2\/posts\/18841\/revisions\/18855"}],"wp:featuredmedia":[{"embeddable":true,"href":"https:\/\/www.ahmadiyya-islam.org\/al\/wp-json\/wp\/v2\/media\/18842"}],"wp:attachment":[{"href":"https:\/\/www.ahmadiyya-islam.org\/al\/wp-json\/wp\/v2\/media?parent=18841"}],"wp:term":[{"taxonomy":"category","embeddable":true,"href":"https:\/\/www.ahmadiyya-islam.org\/al\/wp-json\/wp\/v2\/categories?post=18841"},{"taxonomy":"post_tag","embeddable":true,"href":"https:\/\/www.ahmadiyya-islam.org\/al\/wp-json\/wp\/v2\/tags?post=18841"},{"taxonomy":"authors","embeddable":true,"href":"https:\/\/www.ahmadiyya-islam.org\/al\/wp-json\/wp\/v2\/authors?post=18841"},{"taxonomy":"content_source","embeddable":true,"href":"https:\/\/www.ahmadiyya-islam.org\/al\/wp-json\/wp\/v2\/content_source?post=18841"}],"curies":[{"name":"wp","href":"https:\/\/api.w.org\/{rel}","templated":true}]}}