{"id":11930,"date":"2020-08-01T09:15:15","date_gmt":"2020-08-01T09:15:15","guid":{"rendered":"https:\/\/www.ahmadiyya-islam.org\/al\/?p=11930"},"modified":"2021-07-22T09:41:34","modified_gmt":"2021-07-22T09:41:34","slug":"mish-i-kurbanit-per-100-familje-ne-nevoje-te-elbasanit-nga-humanity-first","status":"publish","type":"post","link":"https:\/\/www.ahmadiyya-islam.org\/al\/njoftim-per-shtyp\/mish-i-kurbanit-per-100-familje-ne-nevoje-te-elbasanit-nga-humanity-first\/","title":{"rendered":"Mish i Kurbanit p\u00ebr 100 familje n\u00eb nevoj\u00eb t\u00eb Elbasanit nga Humanity First"},"content":{"rendered":"<p>Me bekimin e Zotit t\u00eb Madh\u00ebrish\u00ebm, me rastin e Kurban Bajramit, Xhemati Musliman Ahmedia i Shqip\u00ebris\u00eb, n\u00ebp\u00ebrmjet organizat\u00ebs s\u00eb tij humanitare &#8220;Humanity First&#8221;, shp\u00ebrndau mishin e Kurbanit mes 100 familjeve n\u00eb nevoj\u00eb t\u00eb Elbasanit, n\u00eb lagjen &#8220;Haxhia&#8221; dhe n\u00eb &#8220;11 N\u00ebntori&#8221;.<\/p>\n<ul>\n<li><a href=\"https:\/\/fb.watch\/6UZH1bt_Es\/\" target=\"_blank\" rel=\"noopener\">Video e Aktivitetit<\/a><\/li>\n<\/ul>\n<p>Aktviteti u realizua m\u00eb 31 korrik 2020, n\u00eb bashk\u00ebpunim me Bashkin\u00eb e Elbasanit. \u00cbsht\u00eb k\u00ebnaq\u00ebsi p\u00ebr Xhematin Musliman Ahmedia q\u00eb mishi i Kurbanit \u00ebsht\u00eb ndar\u00eb me disa familje t\u00eb nderuara t\u00eb Elbasanit. Xhemati Musliman Ahmedia i Shqip\u00ebrsi\u00eb u \u00ebsht\u00eb mir\u00ebnjoh\u00ebs p\u00ebr pjes\u00ebmarrje familjeve dhe Bashkis\u00eb s\u00eb Elbasanit p\u00ebr bashk\u00ebpunim.<\/p>\n<p><img loading=\"lazy\" decoding=\"async\" class=\"aligncenter size-large wp-image-11936\" src=\"https:\/\/www.ahmadiyya-islam.org\/al\/wp-content\/uploads\/sites\/3\/2021\/07\/bamiresia-elbasan-humanity-first-4-1024x597.jpg\" alt=\"bamiresia humanity first ne elbasan\" width=\"900\" height=\"525\" srcset=\"https:\/\/www.ahmadiyya-islam.org\/al\/wp-content\/uploads\/sites\/3\/2021\/07\/bamiresia-elbasan-humanity-first-4-1024x597.jpg 1024w, https:\/\/www.ahmadiyya-islam.org\/al\/wp-content\/uploads\/sites\/3\/2021\/07\/bamiresia-elbasan-humanity-first-4-300x175.jpg 300w, https:\/\/www.ahmadiyya-islam.org\/al\/wp-content\/uploads\/sites\/3\/2021\/07\/bamiresia-elbasan-humanity-first-4-768x448.jpg 768w, https:\/\/www.ahmadiyya-islam.org\/al\/wp-content\/uploads\/sites\/3\/2021\/07\/bamiresia-elbasan-humanity-first-4.jpg 1200w\" sizes=\"auto, (max-width: 900px) 100vw, 900px\" \/> <img loading=\"lazy\" decoding=\"async\" class=\"aligncenter size-large wp-image-11935\" src=\"https:\/\/www.ahmadiyya-islam.org\/al\/wp-content\/uploads\/sites\/3\/2021\/07\/bamiresia-elbasan-humanity-first-3-1024x597.jpg\" alt=\"bamiresia humanity first ne elbasan\" width=\"900\" height=\"525\" srcset=\"https:\/\/www.ahmadiyya-islam.org\/al\/wp-content\/uploads\/sites\/3\/2021\/07\/bamiresia-elbasan-humanity-first-3-1024x597.jpg 1024w, https:\/\/www.ahmadiyya-islam.org\/al\/wp-content\/uploads\/sites\/3\/2021\/07\/bamiresia-elbasan-humanity-first-3-300x175.jpg 300w, https:\/\/www.ahmadiyya-islam.org\/al\/wp-content\/uploads\/sites\/3\/2021\/07\/bamiresia-elbasan-humanity-first-3-768x448.jpg 768w, https:\/\/www.ahmadiyya-islam.org\/al\/wp-content\/uploads\/sites\/3\/2021\/07\/bamiresia-elbasan-humanity-first-3.jpg 1200w\" sizes=\"auto, (max-width: 900px) 100vw, 900px\" \/> <img loading=\"lazy\" decoding=\"async\" class=\"aligncenter size-large wp-image-11934\" src=\"https:\/\/www.ahmadiyya-islam.org\/al\/wp-content\/uploads\/sites\/3\/2021\/07\/bamiresia-elbasan-humanity-first-2-1024x597.jpg\" alt=\"bamiresia humanity first ne elbasan\" width=\"900\" height=\"525\" srcset=\"https:\/\/www.ahmadiyya-islam.org\/al\/wp-content\/uploads\/sites\/3\/2021\/07\/bamiresia-elbasan-humanity-first-2-1024x597.jpg 1024w, https:\/\/www.ahmadiyya-islam.org\/al\/wp-content\/uploads\/sites\/3\/2021\/07\/bamiresia-elbasan-humanity-first-2-300x175.jpg 300w, https:\/\/www.ahmadiyya-islam.org\/al\/wp-content\/uploads\/sites\/3\/2021\/07\/bamiresia-elbasan-humanity-first-2-768x448.jpg 768w, https:\/\/www.ahmadiyya-islam.org\/al\/wp-content\/uploads\/sites\/3\/2021\/07\/bamiresia-elbasan-humanity-first-2.jpg 1200w\" sizes=\"auto, (max-width: 900px) 100vw, 900px\" \/><\/p>\n","protected":false},"excerpt":{"rendered":"<p>&#8220;Humanity First&#8221;, shp\u00ebrndau mishin e Kurbanit mes 100 familjeve n\u00eb nevoj\u00eb t\u00eb Elbasanit, n\u00eb lagjen &#8220;Haxhia&#8221; dhe n\u00eb &#8220;11 N\u00ebntori&#8221;<\/p>\n","protected":false},"author":5,"featured_media":11937,"comment_status":"closed","ping_status":"closed","sticky":false,"template":"","format":"standard","meta":{"_acf_changed":false,"footnotes":""},"categories":[11],"tags":[430],"authors":[],"content_source":[],"class_list":["post-11930","post","type-post","status-publish","format-standard","has-post-thumbnail","hentry","category-njoftim-per-shtyp","tag-humanity-first","topics-bamiresia-humanizmi"],"acf":[],"yoast_head":"<!-- This site is optimized with the Yoast SEO Premium plugin v21.1 (Yoast SEO v27.4) - https:\/\/yoast.com\/product\/yoast-seo-premium-wordpress\/ -->\n<title>Mish i Kurbanit p\u00ebr 100 familje n\u00eb nevoj\u00eb t\u00eb Elbasanit nga Humanity First<\/title>\n<meta name=\"description\" content=\"&quot;Humanity First&quot;, shp\u00ebrndau mishin e Kurbanit mes 100 familjeve n\u00eb nevoj\u00eb t\u00eb Elbasanit, n\u00eb lagjen &quot;Haxhia&quot; dhe n\u00eb &quot;11 N\u00ebntori&quot;\" \/>\n<meta name=\"robots\" content=\"index, follow, max-snippet:-1, max-image-preview:large, max-video-preview:-1\" \/>\n<link rel=\"canonical\" href=\"https:\/\/www.ahmadiyya-islam.org\/al\/njoftim-per-shtyp\/mish-i-kurbanit-per-100-familje-ne-nevoje-te-elbasanit-nga-humanity-first\/\" \/>\n<meta property=\"og:locale\" content=\"sq_AL\" \/>\n<meta property=\"og:type\" content=\"article\" \/>\n<meta property=\"og:title\" content=\"Mish i Kurbanit p\u00ebr 100 familje n\u00eb nevoj\u00eb t\u00eb Elbasanit nga Humanity First\" \/>\n<meta property=\"og:description\" content=\"&quot;Humanity First&quot;, shp\u00ebrndau mishin e Kurbanit mes 100 familjeve n\u00eb nevoj\u00eb t\u00eb Elbasanit, n\u00eb lagjen &quot;Haxhia&quot; dhe n\u00eb &quot;11 N\u00ebntori&quot;\" \/>\n<meta property=\"og:url\" content=\"https:\/\/www.ahmadiyya-islam.org\/al\/njoftim-per-shtyp\/mish-i-kurbanit-per-100-familje-ne-nevoje-te-elbasanit-nga-humanity-first\/\" \/>\n<meta property=\"og:site_name\" content=\"Xhemati Musliman Ahmedia\" \/>\n<meta property=\"article:published_time\" content=\"2020-08-01T09:15:15+00:00\" \/>\n<meta property=\"article:modified_time\" content=\"2021-07-22T09:41:34+00:00\" \/>\n<meta property=\"og:image\" content=\"https:\/\/www.ahmadiyya-islam.org\/al\/wp-content\/uploads\/sites\/3\/2021\/07\/bamiresia-elbasan-humanity-first.jpg\" \/>\n\t<meta property=\"og:image:width\" content=\"1200\" \/>\n\t<meta property=\"og:image:height\" content=\"700\" \/>\n\t<meta property=\"og:image:type\" content=\"image\/jpeg\" \/>\n<meta name=\"author\" content=\"samad\" \/>\n<meta name=\"twitter:card\" content=\"summary_large_image\" \/>\n<meta name=\"twitter:label1\" content=\"Written by\" \/>\n\t<meta name=\"twitter:data1\" content=\"samad\" \/>\n\t<meta name=\"twitter:label2\" content=\"Est. reading time\" \/>\n\t<meta name=\"twitter:data2\" content=\"2 minutes\" \/>\n<script type=\"application\/ld+json\" class=\"yoast-schema-graph\">{\"@context\":\"https:\\\/\\\/schema.org\",\"@graph\":[{\"@type\":\"Article\",\"@id\":\"https:\\\/\\\/www.ahmadiyya-islam.org\\\/al\\\/njoftim-per-shtyp\\\/mish-i-kurbanit-per-100-familje-ne-nevoje-te-elbasanit-nga-humanity-first\\\/#article\",\"isPartOf\":{\"@id\":\"https:\\\/\\\/www.ahmadiyya-islam.org\\\/al\\\/njoftim-per-shtyp\\\/mish-i-kurbanit-per-100-familje-ne-nevoje-te-elbasanit-nga-humanity-first\\\/\"},\"author\":{\"name\":\"samad\",\"@id\":\"https:\\\/\\\/www.ahmadiyya-islam.org\\\/al\\\/#\\\/schema\\\/person\\\/5f18f059fde6d65fbdbffcced4741b8d\"},\"headline\":\"Mish i Kurbanit p\u00ebr 100 familje n\u00eb nevoj\u00eb t\u00eb Elbasanit nga Humanity First\",\"datePublished\":\"2020-08-01T09:15:15+00:00\",\"dateModified\":\"2021-07-22T09:41:34+00:00\",\"mainEntityOfPage\":{\"@id\":\"https:\\\/\\\/www.ahmadiyya-islam.org\\\/al\\\/njoftim-per-shtyp\\\/mish-i-kurbanit-per-100-familje-ne-nevoje-te-elbasanit-nga-humanity-first\\\/\"},\"wordCount\":121,\"image\":{\"@id\":\"https:\\\/\\\/www.ahmadiyya-islam.org\\\/al\\\/njoftim-per-shtyp\\\/mish-i-kurbanit-per-100-familje-ne-nevoje-te-elbasanit-nga-humanity-first\\\/#primaryimage\"},\"thumbnailUrl\":\"https:\\\/\\\/www.ahmadiyya-islam.org\\\/al\\\/wp-content\\\/uploads\\\/sites\\\/3\\\/2021\\\/07\\\/bamiresia-elbasan-humanity-first.jpg\",\"keywords\":[\"Humanity First\"],\"articleSection\":[\"Njoftim p\u00ebr shtyp\"],\"inLanguage\":\"sq-AL\"},{\"@type\":\"WebPage\",\"@id\":\"https:\\\/\\\/www.ahmadiyya-islam.org\\\/al\\\/njoftim-per-shtyp\\\/mish-i-kurbanit-per-100-familje-ne-nevoje-te-elbasanit-nga-humanity-first\\\/\",\"url\":\"https:\\\/\\\/www.ahmadiyya-islam.org\\\/al\\\/njoftim-per-shtyp\\\/mish-i-kurbanit-per-100-familje-ne-nevoje-te-elbasanit-nga-humanity-first\\\/\",\"name\":\"Mish i Kurbanit p\u00ebr 100 familje n\u00eb nevoj\u00eb t\u00eb Elbasanit nga Humanity First\",\"isPartOf\":{\"@id\":\"https:\\\/\\\/www.ahmadiyya-islam.org\\\/al\\\/#website\"},\"primaryImageOfPage\":{\"@id\":\"https:\\\/\\\/www.ahmadiyya-islam.org\\\/al\\\/njoftim-per-shtyp\\\/mish-i-kurbanit-per-100-familje-ne-nevoje-te-elbasanit-nga-humanity-first\\\/#primaryimage\"},\"image\":{\"@id\":\"https:\\\/\\\/www.ahmadiyya-islam.org\\\/al\\\/njoftim-per-shtyp\\\/mish-i-kurbanit-per-100-familje-ne-nevoje-te-elbasanit-nga-humanity-first\\\/#primaryimage\"},\"thumbnailUrl\":\"https:\\\/\\\/www.ahmadiyya-islam.org\\\/al\\\/wp-content\\\/uploads\\\/sites\\\/3\\\/2021\\\/07\\\/bamiresia-elbasan-humanity-first.jpg\",\"datePublished\":\"2020-08-01T09:15:15+00:00\",\"dateModified\":\"2021-07-22T09:41:34+00:00\",\"author\":{\"@id\":\"https:\\\/\\\/www.ahmadiyya-islam.org\\\/al\\\/#\\\/schema\\\/person\\\/5f18f059fde6d65fbdbffcced4741b8d\"},\"description\":\"\\\"Humanity First\\\", shp\u00ebrndau mishin e Kurbanit mes 100 familjeve n\u00eb nevoj\u00eb t\u00eb Elbasanit, n\u00eb lagjen \\\"Haxhia\\\" dhe n\u00eb \\\"11 N\u00ebntori\\\"\",\"breadcrumb\":{\"@id\":\"https:\\\/\\\/www.ahmadiyya-islam.org\\\/al\\\/njoftim-per-shtyp\\\/mish-i-kurbanit-per-100-familje-ne-nevoje-te-elbasanit-nga-humanity-first\\\/#breadcrumb\"},\"inLanguage\":\"sq-AL\",\"potentialAction\":[{\"@type\":\"ReadAction\",\"target\":[\"https:\\\/\\\/www.ahmadiyya-islam.org\\\/al\\\/njoftim-per-shtyp\\\/mish-i-kurbanit-per-100-familje-ne-nevoje-te-elbasanit-nga-humanity-first\\\/\"]}]},{\"@type\":\"ImageObject\",\"inLanguage\":\"sq-AL\",\"@id\":\"https:\\\/\\\/www.ahmadiyya-islam.org\\\/al\\\/njoftim-per-shtyp\\\/mish-i-kurbanit-per-100-familje-ne-nevoje-te-elbasanit-nga-humanity-first\\\/#primaryimage\",\"url\":\"https:\\\/\\\/www.ahmadiyya-islam.org\\\/al\\\/wp-content\\\/uploads\\\/sites\\\/3\\\/2021\\\/07\\\/bamiresia-elbasan-humanity-first.jpg\",\"contentUrl\":\"https:\\\/\\\/www.ahmadiyya-islam.org\\\/al\\\/wp-content\\\/uploads\\\/sites\\\/3\\\/2021\\\/07\\\/bamiresia-elbasan-humanity-first.jpg\",\"width\":1200,\"height\":700,\"caption\":\"bamiresia humanity first ne elbasan\"},{\"@type\":\"BreadcrumbList\",\"@id\":\"https:\\\/\\\/www.ahmadiyya-islam.org\\\/al\\\/njoftim-per-shtyp\\\/mish-i-kurbanit-per-100-familje-ne-nevoje-te-elbasanit-nga-humanity-first\\\/#breadcrumb\",\"itemListElement\":[{\"@type\":\"ListItem\",\"position\":1,\"name\":\"Home\",\"item\":\"https:\\\/\\\/www.ahmadiyya-islam.org\\\/al\\\/\"},{\"@type\":\"ListItem\",\"position\":2,\"name\":\"Mish i Kurbanit p\u00ebr 100 familje n\u00eb nevoj\u00eb t\u00eb Elbasanit nga Humanity First\"}]},{\"@type\":\"WebSite\",\"@id\":\"https:\\\/\\\/www.ahmadiyya-islam.org\\\/al\\\/#website\",\"url\":\"https:\\\/\\\/www.ahmadiyya-islam.org\\\/al\\\/\",\"name\":\"Xhemati Musliman Ahmedia\",\"description\":\"Albania\",\"potentialAction\":[{\"@type\":\"SearchAction\",\"target\":{\"@type\":\"EntryPoint\",\"urlTemplate\":\"https:\\\/\\\/www.ahmadiyya-islam.org\\\/al\\\/?s={search_term_string}\"},\"query-input\":{\"@type\":\"PropertyValueSpecification\",\"valueRequired\":true,\"valueName\":\"search_term_string\"}}],\"inLanguage\":\"sq-AL\"},{\"@type\":\"Person\",\"@id\":\"https:\\\/\\\/www.ahmadiyya-islam.org\\\/al\\\/#\\\/schema\\\/person\\\/5f18f059fde6d65fbdbffcced4741b8d\",\"name\":\"samad\"}]}<\/script>\n<!-- \/ Yoast SEO Premium plugin. -->","yoast_head_json":{"title":"Mish i Kurbanit p\u00ebr 100 familje n\u00eb nevoj\u00eb t\u00eb Elbasanit nga Humanity First","description":"\"Humanity First\", shp\u00ebrndau mishin e Kurbanit mes 100 familjeve n\u00eb nevoj\u00eb t\u00eb Elbasanit, n\u00eb lagjen \"Haxhia\" dhe n\u00eb \"11 N\u00ebntori\"","robots":{"index":"index","follow":"follow","max-snippet":"max-snippet:-1","max-image-preview":"max-image-preview:large","max-video-preview":"max-video-preview:-1"},"canonical":"https:\/\/www.ahmadiyya-islam.org\/al\/njoftim-per-shtyp\/mish-i-kurbanit-per-100-familje-ne-nevoje-te-elbasanit-nga-humanity-first\/","og_locale":"sq_AL","og_type":"article","og_title":"Mish i Kurbanit p\u00ebr 100 familje n\u00eb nevoj\u00eb t\u00eb Elbasanit nga Humanity First","og_description":"\"Humanity First\", shp\u00ebrndau mishin e Kurbanit mes 100 familjeve n\u00eb nevoj\u00eb t\u00eb Elbasanit, n\u00eb lagjen \"Haxhia\" dhe n\u00eb \"11 N\u00ebntori\"","og_url":"https:\/\/www.ahmadiyya-islam.org\/al\/njoftim-per-shtyp\/mish-i-kurbanit-per-100-familje-ne-nevoje-te-elbasanit-nga-humanity-first\/","og_site_name":"Xhemati Musliman Ahmedia","article_published_time":"2020-08-01T09:15:15+00:00","article_modified_time":"2021-07-22T09:41:34+00:00","og_image":[{"width":1200,"height":700,"url":"https:\/\/www.ahmadiyya-islam.org\/al\/wp-content\/uploads\/sites\/3\/2021\/07\/bamiresia-elbasan-humanity-first.jpg","type":"image\/jpeg"}],"author":"samad","twitter_card":"summary_large_image","twitter_misc":{"Written by":"samad","Est. reading time":"2 minutes"},"schema":{"@context":"https:\/\/schema.org","@graph":[{"@type":"Article","@id":"https:\/\/www.ahmadiyya-islam.org\/al\/njoftim-per-shtyp\/mish-i-kurbanit-per-100-familje-ne-nevoje-te-elbasanit-nga-humanity-first\/#article","isPartOf":{"@id":"https:\/\/www.ahmadiyya-islam.org\/al\/njoftim-per-shtyp\/mish-i-kurbanit-per-100-familje-ne-nevoje-te-elbasanit-nga-humanity-first\/"},"author":{"name":"samad","@id":"https:\/\/www.ahmadiyya-islam.org\/al\/#\/schema\/person\/5f18f059fde6d65fbdbffcced4741b8d"},"headline":"Mish i Kurbanit p\u00ebr 100 familje n\u00eb nevoj\u00eb t\u00eb Elbasanit nga Humanity First","datePublished":"2020-08-01T09:15:15+00:00","dateModified":"2021-07-22T09:41:34+00:00","mainEntityOfPage":{"@id":"https:\/\/www.ahmadiyya-islam.org\/al\/njoftim-per-shtyp\/mish-i-kurbanit-per-100-familje-ne-nevoje-te-elbasanit-nga-humanity-first\/"},"wordCount":121,"image":{"@id":"https:\/\/www.ahmadiyya-islam.org\/al\/njoftim-per-shtyp\/mish-i-kurbanit-per-100-familje-ne-nevoje-te-elbasanit-nga-humanity-first\/#primaryimage"},"thumbnailUrl":"https:\/\/www.ahmadiyya-islam.org\/al\/wp-content\/uploads\/sites\/3\/2021\/07\/bamiresia-elbasan-humanity-first.jpg","keywords":["Humanity First"],"articleSection":["Njoftim p\u00ebr shtyp"],"inLanguage":"sq-AL"},{"@type":"WebPage","@id":"https:\/\/www.ahmadiyya-islam.org\/al\/njoftim-per-shtyp\/mish-i-kurbanit-per-100-familje-ne-nevoje-te-elbasanit-nga-humanity-first\/","url":"https:\/\/www.ahmadiyya-islam.org\/al\/njoftim-per-shtyp\/mish-i-kurbanit-per-100-familje-ne-nevoje-te-elbasanit-nga-humanity-first\/","name":"Mish i Kurbanit p\u00ebr 100 familje n\u00eb nevoj\u00eb t\u00eb Elbasanit nga Humanity First","isPartOf":{"@id":"https:\/\/www.ahmadiyya-islam.org\/al\/#website"},"primaryImageOfPage":{"@id":"https:\/\/www.ahmadiyya-islam.org\/al\/njoftim-per-shtyp\/mish-i-kurbanit-per-100-familje-ne-nevoje-te-elbasanit-nga-humanity-first\/#primaryimage"},"image":{"@id":"https:\/\/www.ahmadiyya-islam.org\/al\/njoftim-per-shtyp\/mish-i-kurbanit-per-100-familje-ne-nevoje-te-elbasanit-nga-humanity-first\/#primaryimage"},"thumbnailUrl":"https:\/\/www.ahmadiyya-islam.org\/al\/wp-content\/uploads\/sites\/3\/2021\/07\/bamiresia-elbasan-humanity-first.jpg","datePublished":"2020-08-01T09:15:15+00:00","dateModified":"2021-07-22T09:41:34+00:00","author":{"@id":"https:\/\/www.ahmadiyya-islam.org\/al\/#\/schema\/person\/5f18f059fde6d65fbdbffcced4741b8d"},"description":"\"Humanity First\", shp\u00ebrndau mishin e Kurbanit mes 100 familjeve n\u00eb nevoj\u00eb t\u00eb Elbasanit, n\u00eb lagjen \"Haxhia\" dhe n\u00eb \"11 N\u00ebntori\"","breadcrumb":{"@id":"https:\/\/www.ahmadiyya-islam.org\/al\/njoftim-per-shtyp\/mish-i-kurbanit-per-100-familje-ne-nevoje-te-elbasanit-nga-humanity-first\/#breadcrumb"},"inLanguage":"sq-AL","potentialAction":[{"@type":"ReadAction","target":["https:\/\/www.ahmadiyya-islam.org\/al\/njoftim-per-shtyp\/mish-i-kurbanit-per-100-familje-ne-nevoje-te-elbasanit-nga-humanity-first\/"]}]},{"@type":"ImageObject","inLanguage":"sq-AL","@id":"https:\/\/www.ahmadiyya-islam.org\/al\/njoftim-per-shtyp\/mish-i-kurbanit-per-100-familje-ne-nevoje-te-elbasanit-nga-humanity-first\/#primaryimage","url":"https:\/\/www.ahmadiyya-islam.org\/al\/wp-content\/uploads\/sites\/3\/2021\/07\/bamiresia-elbasan-humanity-first.jpg","contentUrl":"https:\/\/www.ahmadiyya-islam.org\/al\/wp-content\/uploads\/sites\/3\/2021\/07\/bamiresia-elbasan-humanity-first.jpg","width":1200,"height":700,"caption":"bamiresia humanity first ne elbasan"},{"@type":"BreadcrumbList","@id":"https:\/\/www.ahmadiyya-islam.org\/al\/njoftim-per-shtyp\/mish-i-kurbanit-per-100-familje-ne-nevoje-te-elbasanit-nga-humanity-first\/#breadcrumb","itemListElement":[{"@type":"ListItem","position":1,"name":"Home","item":"https:\/\/www.ahmadiyya-islam.org\/al\/"},{"@type":"ListItem","position":2,"name":"Mish i Kurbanit p\u00ebr 100 familje n\u00eb nevoj\u00eb t\u00eb Elbasanit nga Humanity First"}]},{"@type":"WebSite","@id":"https:\/\/www.ahmadiyya-islam.org\/al\/#website","url":"https:\/\/www.ahmadiyya-islam.org\/al\/","name":"Xhemati Musliman Ahmedia","description":"Albania","potentialAction":[{"@type":"SearchAction","target":{"@type":"EntryPoint","urlTemplate":"https:\/\/www.ahmadiyya-islam.org\/al\/?s={search_term_string}"},"query-input":{"@type":"PropertyValueSpecification","valueRequired":true,"valueName":"search_term_string"}}],"inLanguage":"sq-AL"},{"@type":"Person","@id":"https:\/\/www.ahmadiyya-islam.org\/al\/#\/schema\/person\/5f18f059fde6d65fbdbffcced4741b8d","name":"samad"}]}},"_links":{"self":[{"href":"https:\/\/www.ahmadiyya-islam.org\/al\/wp-json\/wp\/v2\/posts\/11930","targetHints":{"allow":["GET"]}}],"collection":[{"href":"https:\/\/www.ahmadiyya-islam.org\/al\/wp-json\/wp\/v2\/posts"}],"about":[{"href":"https:\/\/www.ahmadiyya-islam.org\/al\/wp-json\/wp\/v2\/types\/post"}],"author":[{"embeddable":true,"href":"https:\/\/www.ahmadiyya-islam.org\/al\/wp-json\/wp\/v2\/users\/5"}],"replies":[{"embeddable":true,"href":"https:\/\/www.ahmadiyya-islam.org\/al\/wp-json\/wp\/v2\/comments?post=11930"}],"version-history":[{"count":0,"href":"https:\/\/www.ahmadiyya-islam.org\/al\/wp-json\/wp\/v2\/posts\/11930\/revisions"}],"wp:featuredmedia":[{"embeddable":true,"href":"https:\/\/www.ahmadiyya-islam.org\/al\/wp-json\/wp\/v2\/media\/11937"}],"wp:attachment":[{"href":"https:\/\/www.ahmadiyya-islam.org\/al\/wp-json\/wp\/v2\/media?parent=11930"}],"wp:term":[{"taxonomy":"category","embeddable":true,"href":"https:\/\/www.ahmadiyya-islam.org\/al\/wp-json\/wp\/v2\/categories?post=11930"},{"taxonomy":"post_tag","embeddable":true,"href":"https:\/\/www.ahmadiyya-islam.org\/al\/wp-json\/wp\/v2\/tags?post=11930"},{"taxonomy":"authors","embeddable":true,"href":"https:\/\/www.ahmadiyya-islam.org\/al\/wp-json\/wp\/v2\/authors?post=11930"},{"taxonomy":"content_source","embeddable":true,"href":"https:\/\/www.ahmadiyya-islam.org\/al\/wp-json\/wp\/v2\/content_source?post=11930"}],"curies":[{"name":"wp","href":"https:\/\/api.w.org\/{rel}","templated":true}]}}