{"id":10995,"date":"2020-05-09T09:51:22","date_gmt":"2020-05-09T09:51:22","guid":{"rendered":"https:\/\/www.ahmadiyya-islam.org\/al\/?p=10995"},"modified":"2020-05-09T09:51:22","modified_gmt":"2020-05-09T09:51:22","slug":"humanity-first-e-gjermanise-dhuron-45-tablete-per-femijet-e-prishtines","status":"publish","type":"post","link":"https:\/\/www.ahmadiyya-islam.org\/al\/njoftim-per-shtyp\/humanity-first-e-gjermanise-dhuron-45-tablete-per-femijet-e-prishtines\/","title":{"rendered":"Humanity First e Gjermanis\u00eb dhuron 45 tablet\u00eb p\u00ebr f\u00ebmij\u00ebt e Komun\u00ebs s\u00eb Prishtin\u00ebs"},"content":{"rendered":"<p>Kosova \u00ebsht\u00eb nj\u00ebra nd\u00ebr shtetet e fundit n\u00eb Gadishullin Ballkanik q\u00eb \u00ebsht\u00eb prekur me Koronavirus dhe sipas Institutit Komb\u00ebtar t\u00eb Sh\u00ebndet\u00ebsis\u00eb Publike t\u00eb Kosov\u00ebs, rasti i par\u00eb n\u00eb Kosov\u00eb \u00ebsht\u00eb sh\u00ebnuar m\u00eb dat\u00eb 13 mars 2020. Mir\u00ebpo, Qeveria e Kosov\u00ebs (p\u00ebrkat\u00ebsisht Ministria e Arsimit, Shkenc\u00ebs, Teknologjis\u00eb dhe Inovacionit) duke par\u00eb rrezikun e p\u00ebrhapjes s\u00eb pandemis\u00eb, dy dit\u00eb m\u00eb her\u00ebt, m\u00eb 11 mars, p\u00ebrmes <a href=\"https:\/\/masht.rks-gov.net\/article\/njoftim-31\">nj\u00eb mase t\u00eb p\u00ebrkohshme<\/a>, nd\u00ebrpreu procesin edukativo-arsimor n\u00eb institucionet arsimore publike dhe private n\u00eb t\u00eb gjitha nivelet n\u00eb Kosov\u00eb.<\/p>\n<p>Ministria e Arsimit e Kosov\u00ebs n\u00eb fund t\u00eb muajit Mars ka filluar m\u00ebsimin online p\u00ebr t\u00eb gjitha klas\u00ebt e shkollave fillore dhe t\u00eb mesme, dhe nga ekspertiza e qeveris\u00eb s\u00eb paku ky m\u00ebsim online do t\u00eb zgjas\u00eb m\u00eb shum\u00eb se 6 muaj. Problemi \u00ebsht\u00eb se m\u00ebsimi online do t\u00eb jet\u00eb i arritsh\u00ebm p\u00ebr f\u00ebmij\u00ebt vet\u00ebm p\u00ebrmes internetit. F\u00ebmij\u00ebt q\u00eb nuk jan\u00eb n\u00eb nj\u00eb situat\u00eb t\u00eb mir\u00eb financiare dhe prind\u00ebrit e tyre jan\u00eb n\u00eb asistenc\u00eb sociale do t\u00eb ken\u00eb v\u00ebshtir\u00ebsi p\u00ebr t\u00eb marr\u00eb pjes\u00eb. Qeveria nuk \u00ebsht\u00eb n\u00eb gjendje financiare p\u00ebr t\u2019i ndihmuar k\u00ebto familje, sepse ajo po i ndihmon ata me pako ushqimore.<\/p>\n<p>Nj\u00eb k\u00ebrkes\u00eb p\u00ebr Humanity First nga Komuna e Prishtin\u00ebs erdhi p\u00ebr t\u2019u pajisur k\u00ebta f\u00ebmij\u00eb me laptop\u00eb ose tablet\u00eb q\u00eb p\u00ebrmes kamer\u00ebs s\u00eb laptopit nx\u00ebn\u00ebsi mund t\u00eb marr\u00eb pjes\u00eb n\u00eb m\u00ebsimnx\u00ebnie virtuale ku m\u00ebsuesi mund t\u00eb shoh\u00eb nx\u00ebn\u00ebsin dhe nx\u00ebn\u00ebsin m\u00ebsuesin gjithashtu. K\u00ebshtu q\u00eb jav\u00ebn e kaluar, m\u00eb 24 prill, Humanity First e Gjermanis\u00eb i dhuroi Komun\u00ebs s\u00eb Prishtin\u00ebs 45 Tablet\u00eb Lenovo.<\/p>\n<p>Kryetari i Prishtin\u00ebs Z. Shpend Ahmeti, ka fal\u00ebnderuar Humanity First e Gjermanis\u00eb n\u00eb t\u00eb gjitha rrjetet e tij zyrtare sociale (n\u00eb <a href=\"https:\/\/www.facebook.com\/story.php?story_fbid=2903810966355398&amp;id=535447189858466\">Facebook<\/a>, <a href=\"https:\/\/www.instagram.com\/p\/B_W4_wYHJXe\/?igshid=1fkb0xmf5740\">Instagram<\/a> dhe <a href=\"https:\/\/twitter.com\/ShpendA\/status\/1253608418675503104?s=20\">Twitter<\/a>) p\u00ebr k\u00ebt\u00eb ndihm\u00eb t\u00eb suksesshme duke th\u00ebn\u00eb:<\/p>\n<blockquote><p>\u201c<em>Thirrjes ton\u00eb p\u00ebr t\u00eb dhuruar pajisje elektronike p\u00ebr f\u00ebmij\u00ebt e Prishtin\u00ebs i jan\u00eb p\u00ebrgjigjur shum\u00eb qytetar\u00eb dhe kompani t\u00eb ndryshme. Sot kemi pranuar 45 tableta nga Humanity First&#8230; I falenderojm\u00eb t\u00eb gjith\u00eb p\u00ebr p\u00ebrkrahjen e iniciativ\u00ebs q\u00eb asnj\u00eb f\u00ebmij\u00eb n\u00eb Prishtin\u00eb t\u00eb mos mbetet pa e vijuar m\u00ebsimin n\u00eb distanc\u00eb<\/em>\u201d.<\/p><\/blockquote>\n<p>Gjithashtu edhe Komuna e Prishtin\u00ebs (n\u00eb <a href=\"https:\/\/www.facebook.com\/komunaprishtine\/posts\/3219473621431172\">Facebook<\/a>, <a href=\"https:\/\/www.instagram.com\/p\/B_XDueGlF9k\/?igshid=he6koclmwfy4\">Instagram<\/a>, dhe <a href=\"https:\/\/twitter.com\/KPrishtines\/status\/1253674149173755905?s=20\">Twitter<\/a>) ka fal\u00ebnderuar p\u00ebr k\u00ebt\u00eb donacion duke th\u00ebn\u00eb:<\/p>\n<blockquote><p>\u201c<em>Jemi t\u00eb mahnitur me p\u00ebrgjigjen e qytetar\u00ebve, institucioneve dhe bizneseve p\u00ebr pajisjet q\u00eb po i dhurojn\u00eb p\u00ebr f\u00ebmij\u00ebt e qytetit ton\u00eb. Ky solidaritet m\u00eb kujton koh\u00ebt m\u00eb t\u00eb v\u00ebshtira por edhe m\u00eb g\u00ebzon tej mase p\u00ebr komunitetin ton\u00eb e ve\u00e7an\u00ebrisht p\u00ebr f\u00ebmij\u00ebt tan\u00eb. Gjat\u00eb k\u00ebtyre dit\u00ebve t\u00eb aksionit ton\u00eb ju bashkangjiten shum\u00eb individ\u00eb, biznese dhe organizata, andaj n\u00eb em\u00ebr t\u00eb f\u00ebmij\u00ebve t\u00eb qytetit dhe Komun\u00ebs s\u00eb Prishtin\u00ebs, ju faleminderit t\u00eb gjith\u00ebve p\u00ebr kontributin tuaj<\/em>\u201d.<\/p><\/blockquote>\n<p>Disa gazeta online kan\u00eb botuar lajmin p\u00ebr k\u00ebt\u00eb donacion dhe totali i atyre q\u00eb e kan\u00eb ndjekur k\u00ebt\u00eb donacion \u00ebsht\u00eb afro 900 mij\u00eb persona.<\/p>\n<p>E gjith\u00eb kjo ndihm\u00eb na kujton fjalimin kryesor n\u00eb <a href=\"https:\/\/www.youtube.com\/watch?v=Elm4W9P39jk\">Konferenc\u00ebn Nd\u00ebrkomb\u00ebtare t\u00eb Humanity First<\/a> m\u00eb 2018 t\u00eb Imamit dhe Kalifit ton\u00eb t\u00eb dashur, Hazret Mirza Masrur Ahmedit (Zoti e ndihmoft\u00eb fuqimisht), ku tha:<\/p>\n<blockquote><p>\u201c<em>Kudo ku njer\u00ebzit p\u00ebrballen me vuajtje materiale dhe privim t\u00eb \u00e7do lloji, Humanity First duhet t\u00eb k\u00ebrkoj\u00eb t\u00eb jet\u00eb n\u00eb pararoj\u00eb t\u00eb ofrimit t\u00eb ndihm\u00ebs dhe mb\u00ebshtetjes. Pavar\u00ebsisht se ku gjenden n\u00eb bot\u00eb, ose nga cili komunitet th\u00ebrrasin ata, Humanity First duhet t\u00eb p\u00ebrpiqet t\u00eb siguroj\u00eb ndihm\u00eb p\u00ebr ata q\u00eb jetojn\u00eb n\u00eb varf\u00ebri ose v\u00ebshtir\u00ebsi<\/em>\u201d.<\/p><\/blockquote>\n<p><img loading=\"lazy\" decoding=\"async\" class=\"aligncenter wp-image-10998\" src=\"https:\/\/www.ahmadiyya-islam.org\/al\/wp-content\/uploads\/sites\/3\/2020\/05\/45-Tablets-at-Municipality-of-Prishtina-2.jpg\" alt=\"Humanity First\" width=\"491\" height=\"327\" srcset=\"https:\/\/www.ahmadiyya-islam.org\/al\/wp-content\/uploads\/sites\/3\/2020\/05\/45-Tablets-at-Municipality-of-Prishtina-2.jpg 1600w, https:\/\/www.ahmadiyya-islam.org\/al\/wp-content\/uploads\/sites\/3\/2020\/05\/45-Tablets-at-Municipality-of-Prishtina-2-300x200.jpg 300w, https:\/\/www.ahmadiyya-islam.org\/al\/wp-content\/uploads\/sites\/3\/2020\/05\/45-Tablets-at-Municipality-of-Prishtina-2-1024x682.jpg 1024w, https:\/\/www.ahmadiyya-islam.org\/al\/wp-content\/uploads\/sites\/3\/2020\/05\/45-Tablets-at-Municipality-of-Prishtina-2-768x512.jpg 768w, https:\/\/www.ahmadiyya-islam.org\/al\/wp-content\/uploads\/sites\/3\/2020\/05\/45-Tablets-at-Municipality-of-Prishtina-2-1536x1023.jpg 1536w\" sizes=\"auto, (max-width: 491px) 100vw, 491px\" \/><\/p>\n<p><img loading=\"lazy\" decoding=\"async\" class=\"aligncenter size-full wp-image-11000\" src=\"https:\/\/www.ahmadiyya-islam.org\/al\/wp-content\/uploads\/sites\/3\/2020\/05\/Shpend-A.-Ahmeti-FB.jpg\" alt=\"Humanity First\" width=\"491\" height=\"798\" srcset=\"https:\/\/www.ahmadiyya-islam.org\/al\/wp-content\/uploads\/sites\/3\/2020\/05\/Shpend-A.-Ahmeti-FB.jpg 491w, https:\/\/www.ahmadiyya-islam.org\/al\/wp-content\/uploads\/sites\/3\/2020\/05\/Shpend-A.-Ahmeti-FB-185x300.jpg 185w\" sizes=\"auto, (max-width: 491px) 100vw, 491px\" \/><\/p>\n<p><img loading=\"lazy\" decoding=\"async\" class=\"aligncenter size-full wp-image-11001\" src=\"https:\/\/www.ahmadiyya-islam.org\/al\/wp-content\/uploads\/sites\/3\/2020\/05\/Komuna-e-Prishtin\u00ebs-FB.jpg\" alt=\"Humanity First\" width=\"494\" height=\"788\" srcset=\"https:\/\/www.ahmadiyya-islam.org\/al\/wp-content\/uploads\/sites\/3\/2020\/05\/Komuna-e-Prishtin\u00ebs-FB.jpg 494w, https:\/\/www.ahmadiyya-islam.org\/al\/wp-content\/uploads\/sites\/3\/2020\/05\/Komuna-e-Prishtin\u00ebs-FB-188x300.jpg 188w\" sizes=\"auto, (max-width: 494px) 100vw, 494px\" \/><\/p>\n","protected":false},"excerpt":{"rendered":"<p>Pavar\u00ebsisht se ku gjenden n\u00eb bot\u00eb, ose nga cili komunitet th\u00ebrrasin ata, Humanity First duhet t\u00eb p\u00ebrpiqet t\u00eb siguroj\u00eb ndihm\u00eb.<\/p>\n","protected":false},"author":28,"featured_media":10999,"comment_status":"closed","ping_status":"closed","sticky":false,"template":"","format":"standard","meta":{"_acf_changed":false,"footnotes":""},"categories":[11],"tags":[585,430],"authors":[],"content_source":[],"class_list":["post-10995","post","type-post","status-publish","format-standard","has-post-thumbnail","hentry","category-njoftim-per-shtyp","tag-coronavirus","tag-humanity-first","topics-bamiresia-humanizmi"],"acf":[],"yoast_head":"<!-- This site is optimized with the Yoast SEO Premium plugin v21.1 (Yoast SEO v27.4) - https:\/\/yoast.com\/product\/yoast-seo-premium-wordpress\/ -->\n<title>Humanity First e Gjermanis\u00eb dhuron 45 tablet\u00eb p\u00ebr f\u00ebmij\u00ebt e Komun\u00ebs s\u00eb Prishtin\u00ebs<\/title>\n<meta name=\"robots\" content=\"index, follow, max-snippet:-1, max-image-preview:large, max-video-preview:-1\" \/>\n<link rel=\"canonical\" href=\"https:\/\/www.ahmadiyya-islam.org\/al\/njoftim-per-shtyp\/humanity-first-e-gjermanise-dhuron-45-tablete-per-femijet-e-prishtines\/\" \/>\n<meta property=\"og:locale\" content=\"sq_AL\" \/>\n<meta property=\"og:type\" content=\"article\" \/>\n<meta property=\"og:title\" content=\"Humanity First e Gjermanis\u00eb dhuron 45 tablet\u00eb p\u00ebr f\u00ebmij\u00ebt e Komun\u00ebs s\u00eb Prishtin\u00ebs\" \/>\n<meta property=\"og:description\" content=\"Pavar\u00ebsisht se ku gjenden n\u00eb bot\u00eb, ose nga cili komunitet th\u00ebrrasin ata, Humanity First duhet t\u00eb p\u00ebrpiqet t\u00eb siguroj\u00eb ndihm\u00eb.\" \/>\n<meta property=\"og:url\" content=\"https:\/\/www.ahmadiyya-islam.org\/al\/njoftim-per-shtyp\/humanity-first-e-gjermanise-dhuron-45-tablete-per-femijet-e-prishtines\/\" \/>\n<meta property=\"og:site_name\" content=\"Xhemati Musliman Ahmedia\" \/>\n<meta property=\"article:published_time\" content=\"2020-05-09T09:51:22+00:00\" \/>\n<meta property=\"og:image\" content=\"https:\/\/www.ahmadiyya-islam.org\/al\/wp-content\/uploads\/sites\/3\/2020\/05\/45-Tablets-at-Municipality-of-Prishtina-3.jpg\" \/>\n\t<meta property=\"og:image:width\" content=\"1244\" \/>\n\t<meta property=\"og:image:height\" content=\"828\" \/>\n\t<meta property=\"og:image:type\" content=\"image\/jpeg\" \/>\n<meta name=\"author\" content=\"albesmir1\" \/>\n<meta name=\"twitter:card\" content=\"summary_large_image\" \/>\n<meta name=\"twitter:label1\" content=\"Written by\" \/>\n\t<meta name=\"twitter:data1\" content=\"albesmir1\" \/>\n\t<meta name=\"twitter:label2\" content=\"Est. reading time\" \/>\n\t<meta name=\"twitter:data2\" content=\"3 minutes\" \/>\n<script type=\"application\/ld+json\" class=\"yoast-schema-graph\">{\"@context\":\"https:\\\/\\\/schema.org\",\"@graph\":[{\"@type\":\"Article\",\"@id\":\"https:\\\/\\\/www.ahmadiyya-islam.org\\\/al\\\/njoftim-per-shtyp\\\/humanity-first-e-gjermanise-dhuron-45-tablete-per-femijet-e-prishtines\\\/#article\",\"isPartOf\":{\"@id\":\"https:\\\/\\\/www.ahmadiyya-islam.org\\\/al\\\/njoftim-per-shtyp\\\/humanity-first-e-gjermanise-dhuron-45-tablete-per-femijet-e-prishtines\\\/\"},\"author\":{\"name\":\"albesmir1\",\"@id\":\"https:\\\/\\\/www.ahmadiyya-islam.org\\\/al\\\/#\\\/schema\\\/person\\\/9fda09279a6409ebb087189610c6358c\"},\"headline\":\"Humanity First e Gjermanis\u00eb dhuron 45 tablet\u00eb p\u00ebr f\u00ebmij\u00ebt e Komun\u00ebs s\u00eb Prishtin\u00ebs\",\"datePublished\":\"2020-05-09T09:51:22+00:00\",\"mainEntityOfPage\":{\"@id\":\"https:\\\/\\\/www.ahmadiyya-islam.org\\\/al\\\/njoftim-per-shtyp\\\/humanity-first-e-gjermanise-dhuron-45-tablete-per-femijet-e-prishtines\\\/\"},\"wordCount\":664,\"image\":{\"@id\":\"https:\\\/\\\/www.ahmadiyya-islam.org\\\/al\\\/njoftim-per-shtyp\\\/humanity-first-e-gjermanise-dhuron-45-tablete-per-femijet-e-prishtines\\\/#primaryimage\"},\"thumbnailUrl\":\"https:\\\/\\\/www.ahmadiyya-islam.org\\\/al\\\/wp-content\\\/uploads\\\/sites\\\/3\\\/2020\\\/05\\\/45-Tablets-at-Municipality-of-Prishtina-3.jpg\",\"keywords\":[\"Coronavirus\",\"Humanity First\"],\"articleSection\":[\"Njoftim p\u00ebr shtyp\"],\"inLanguage\":\"sq-AL\"},{\"@type\":\"WebPage\",\"@id\":\"https:\\\/\\\/www.ahmadiyya-islam.org\\\/al\\\/njoftim-per-shtyp\\\/humanity-first-e-gjermanise-dhuron-45-tablete-per-femijet-e-prishtines\\\/\",\"url\":\"https:\\\/\\\/www.ahmadiyya-islam.org\\\/al\\\/njoftim-per-shtyp\\\/humanity-first-e-gjermanise-dhuron-45-tablete-per-femijet-e-prishtines\\\/\",\"name\":\"Humanity First e Gjermanis\u00eb dhuron 45 tablet\u00eb p\u00ebr f\u00ebmij\u00ebt e Komun\u00ebs s\u00eb Prishtin\u00ebs\",\"isPartOf\":{\"@id\":\"https:\\\/\\\/www.ahmadiyya-islam.org\\\/al\\\/#website\"},\"primaryImageOfPage\":{\"@id\":\"https:\\\/\\\/www.ahmadiyya-islam.org\\\/al\\\/njoftim-per-shtyp\\\/humanity-first-e-gjermanise-dhuron-45-tablete-per-femijet-e-prishtines\\\/#primaryimage\"},\"image\":{\"@id\":\"https:\\\/\\\/www.ahmadiyya-islam.org\\\/al\\\/njoftim-per-shtyp\\\/humanity-first-e-gjermanise-dhuron-45-tablete-per-femijet-e-prishtines\\\/#primaryimage\"},\"thumbnailUrl\":\"https:\\\/\\\/www.ahmadiyya-islam.org\\\/al\\\/wp-content\\\/uploads\\\/sites\\\/3\\\/2020\\\/05\\\/45-Tablets-at-Municipality-of-Prishtina-3.jpg\",\"datePublished\":\"2020-05-09T09:51:22+00:00\",\"author\":{\"@id\":\"https:\\\/\\\/www.ahmadiyya-islam.org\\\/al\\\/#\\\/schema\\\/person\\\/9fda09279a6409ebb087189610c6358c\"},\"breadcrumb\":{\"@id\":\"https:\\\/\\\/www.ahmadiyya-islam.org\\\/al\\\/njoftim-per-shtyp\\\/humanity-first-e-gjermanise-dhuron-45-tablete-per-femijet-e-prishtines\\\/#breadcrumb\"},\"inLanguage\":\"sq-AL\",\"potentialAction\":[{\"@type\":\"ReadAction\",\"target\":[\"https:\\\/\\\/www.ahmadiyya-islam.org\\\/al\\\/njoftim-per-shtyp\\\/humanity-first-e-gjermanise-dhuron-45-tablete-per-femijet-e-prishtines\\\/\"]}]},{\"@type\":\"ImageObject\",\"inLanguage\":\"sq-AL\",\"@id\":\"https:\\\/\\\/www.ahmadiyya-islam.org\\\/al\\\/njoftim-per-shtyp\\\/humanity-first-e-gjermanise-dhuron-45-tablete-per-femijet-e-prishtines\\\/#primaryimage\",\"url\":\"https:\\\/\\\/www.ahmadiyya-islam.org\\\/al\\\/wp-content\\\/uploads\\\/sites\\\/3\\\/2020\\\/05\\\/45-Tablets-at-Municipality-of-Prishtina-3.jpg\",\"contentUrl\":\"https:\\\/\\\/www.ahmadiyya-islam.org\\\/al\\\/wp-content\\\/uploads\\\/sites\\\/3\\\/2020\\\/05\\\/45-Tablets-at-Municipality-of-Prishtina-3.jpg\",\"width\":1244,\"height\":828,\"caption\":\"Humanity First\"},{\"@type\":\"BreadcrumbList\",\"@id\":\"https:\\\/\\\/www.ahmadiyya-islam.org\\\/al\\\/njoftim-per-shtyp\\\/humanity-first-e-gjermanise-dhuron-45-tablete-per-femijet-e-prishtines\\\/#breadcrumb\",\"itemListElement\":[{\"@type\":\"ListItem\",\"position\":1,\"name\":\"Home\",\"item\":\"https:\\\/\\\/www.ahmadiyya-islam.org\\\/al\\\/\"},{\"@type\":\"ListItem\",\"position\":2,\"name\":\"Humanity First e Gjermanis\u00eb dhuron 45 tablet\u00eb p\u00ebr f\u00ebmij\u00ebt e Komun\u00ebs s\u00eb Prishtin\u00ebs\"}]},{\"@type\":\"WebSite\",\"@id\":\"https:\\\/\\\/www.ahmadiyya-islam.org\\\/al\\\/#website\",\"url\":\"https:\\\/\\\/www.ahmadiyya-islam.org\\\/al\\\/\",\"name\":\"Xhemati Musliman Ahmedia\",\"description\":\"Albania\",\"potentialAction\":[{\"@type\":\"SearchAction\",\"target\":{\"@type\":\"EntryPoint\",\"urlTemplate\":\"https:\\\/\\\/www.ahmadiyya-islam.org\\\/al\\\/?s={search_term_string}\"},\"query-input\":{\"@type\":\"PropertyValueSpecification\",\"valueRequired\":true,\"valueName\":\"search_term_string\"}}],\"inLanguage\":\"sq-AL\"},{\"@type\":\"Person\",\"@id\":\"https:\\\/\\\/www.ahmadiyya-islam.org\\\/al\\\/#\\\/schema\\\/person\\\/9fda09279a6409ebb087189610c6358c\",\"name\":\"albesmir1\"}]}<\/script>\n<!-- \/ Yoast SEO Premium plugin. -->","yoast_head_json":{"title":"Humanity First e Gjermanis\u00eb dhuron 45 tablet\u00eb p\u00ebr f\u00ebmij\u00ebt e Komun\u00ebs s\u00eb Prishtin\u00ebs","robots":{"index":"index","follow":"follow","max-snippet":"max-snippet:-1","max-image-preview":"max-image-preview:large","max-video-preview":"max-video-preview:-1"},"canonical":"https:\/\/www.ahmadiyya-islam.org\/al\/njoftim-per-shtyp\/humanity-first-e-gjermanise-dhuron-45-tablete-per-femijet-e-prishtines\/","og_locale":"sq_AL","og_type":"article","og_title":"Humanity First e Gjermanis\u00eb dhuron 45 tablet\u00eb p\u00ebr f\u00ebmij\u00ebt e Komun\u00ebs s\u00eb Prishtin\u00ebs","og_description":"Pavar\u00ebsisht se ku gjenden n\u00eb bot\u00eb, ose nga cili komunitet th\u00ebrrasin ata, Humanity First duhet t\u00eb p\u00ebrpiqet t\u00eb siguroj\u00eb ndihm\u00eb.","og_url":"https:\/\/www.ahmadiyya-islam.org\/al\/njoftim-per-shtyp\/humanity-first-e-gjermanise-dhuron-45-tablete-per-femijet-e-prishtines\/","og_site_name":"Xhemati Musliman Ahmedia","article_published_time":"2020-05-09T09:51:22+00:00","og_image":[{"width":1244,"height":828,"url":"https:\/\/www.ahmadiyya-islam.org\/al\/wp-content\/uploads\/sites\/3\/2020\/05\/45-Tablets-at-Municipality-of-Prishtina-3.jpg","type":"image\/jpeg"}],"author":"albesmir1","twitter_card":"summary_large_image","twitter_misc":{"Written by":"albesmir1","Est. reading time":"3 minutes"},"schema":{"@context":"https:\/\/schema.org","@graph":[{"@type":"Article","@id":"https:\/\/www.ahmadiyya-islam.org\/al\/njoftim-per-shtyp\/humanity-first-e-gjermanise-dhuron-45-tablete-per-femijet-e-prishtines\/#article","isPartOf":{"@id":"https:\/\/www.ahmadiyya-islam.org\/al\/njoftim-per-shtyp\/humanity-first-e-gjermanise-dhuron-45-tablete-per-femijet-e-prishtines\/"},"author":{"name":"albesmir1","@id":"https:\/\/www.ahmadiyya-islam.org\/al\/#\/schema\/person\/9fda09279a6409ebb087189610c6358c"},"headline":"Humanity First e Gjermanis\u00eb dhuron 45 tablet\u00eb p\u00ebr f\u00ebmij\u00ebt e Komun\u00ebs s\u00eb Prishtin\u00ebs","datePublished":"2020-05-09T09:51:22+00:00","mainEntityOfPage":{"@id":"https:\/\/www.ahmadiyya-islam.org\/al\/njoftim-per-shtyp\/humanity-first-e-gjermanise-dhuron-45-tablete-per-femijet-e-prishtines\/"},"wordCount":664,"image":{"@id":"https:\/\/www.ahmadiyya-islam.org\/al\/njoftim-per-shtyp\/humanity-first-e-gjermanise-dhuron-45-tablete-per-femijet-e-prishtines\/#primaryimage"},"thumbnailUrl":"https:\/\/www.ahmadiyya-islam.org\/al\/wp-content\/uploads\/sites\/3\/2020\/05\/45-Tablets-at-Municipality-of-Prishtina-3.jpg","keywords":["Coronavirus","Humanity First"],"articleSection":["Njoftim p\u00ebr shtyp"],"inLanguage":"sq-AL"},{"@type":"WebPage","@id":"https:\/\/www.ahmadiyya-islam.org\/al\/njoftim-per-shtyp\/humanity-first-e-gjermanise-dhuron-45-tablete-per-femijet-e-prishtines\/","url":"https:\/\/www.ahmadiyya-islam.org\/al\/njoftim-per-shtyp\/humanity-first-e-gjermanise-dhuron-45-tablete-per-femijet-e-prishtines\/","name":"Humanity First e Gjermanis\u00eb dhuron 45 tablet\u00eb p\u00ebr f\u00ebmij\u00ebt e Komun\u00ebs s\u00eb Prishtin\u00ebs","isPartOf":{"@id":"https:\/\/www.ahmadiyya-islam.org\/al\/#website"},"primaryImageOfPage":{"@id":"https:\/\/www.ahmadiyya-islam.org\/al\/njoftim-per-shtyp\/humanity-first-e-gjermanise-dhuron-45-tablete-per-femijet-e-prishtines\/#primaryimage"},"image":{"@id":"https:\/\/www.ahmadiyya-islam.org\/al\/njoftim-per-shtyp\/humanity-first-e-gjermanise-dhuron-45-tablete-per-femijet-e-prishtines\/#primaryimage"},"thumbnailUrl":"https:\/\/www.ahmadiyya-islam.org\/al\/wp-content\/uploads\/sites\/3\/2020\/05\/45-Tablets-at-Municipality-of-Prishtina-3.jpg","datePublished":"2020-05-09T09:51:22+00:00","author":{"@id":"https:\/\/www.ahmadiyya-islam.org\/al\/#\/schema\/person\/9fda09279a6409ebb087189610c6358c"},"breadcrumb":{"@id":"https:\/\/www.ahmadiyya-islam.org\/al\/njoftim-per-shtyp\/humanity-first-e-gjermanise-dhuron-45-tablete-per-femijet-e-prishtines\/#breadcrumb"},"inLanguage":"sq-AL","potentialAction":[{"@type":"ReadAction","target":["https:\/\/www.ahmadiyya-islam.org\/al\/njoftim-per-shtyp\/humanity-first-e-gjermanise-dhuron-45-tablete-per-femijet-e-prishtines\/"]}]},{"@type":"ImageObject","inLanguage":"sq-AL","@id":"https:\/\/www.ahmadiyya-islam.org\/al\/njoftim-per-shtyp\/humanity-first-e-gjermanise-dhuron-45-tablete-per-femijet-e-prishtines\/#primaryimage","url":"https:\/\/www.ahmadiyya-islam.org\/al\/wp-content\/uploads\/sites\/3\/2020\/05\/45-Tablets-at-Municipality-of-Prishtina-3.jpg","contentUrl":"https:\/\/www.ahmadiyya-islam.org\/al\/wp-content\/uploads\/sites\/3\/2020\/05\/45-Tablets-at-Municipality-of-Prishtina-3.jpg","width":1244,"height":828,"caption":"Humanity First"},{"@type":"BreadcrumbList","@id":"https:\/\/www.ahmadiyya-islam.org\/al\/njoftim-per-shtyp\/humanity-first-e-gjermanise-dhuron-45-tablete-per-femijet-e-prishtines\/#breadcrumb","itemListElement":[{"@type":"ListItem","position":1,"name":"Home","item":"https:\/\/www.ahmadiyya-islam.org\/al\/"},{"@type":"ListItem","position":2,"name":"Humanity First e Gjermanis\u00eb dhuron 45 tablet\u00eb p\u00ebr f\u00ebmij\u00ebt e Komun\u00ebs s\u00eb Prishtin\u00ebs"}]},{"@type":"WebSite","@id":"https:\/\/www.ahmadiyya-islam.org\/al\/#website","url":"https:\/\/www.ahmadiyya-islam.org\/al\/","name":"Xhemati Musliman Ahmedia","description":"Albania","potentialAction":[{"@type":"SearchAction","target":{"@type":"EntryPoint","urlTemplate":"https:\/\/www.ahmadiyya-islam.org\/al\/?s={search_term_string}"},"query-input":{"@type":"PropertyValueSpecification","valueRequired":true,"valueName":"search_term_string"}}],"inLanguage":"sq-AL"},{"@type":"Person","@id":"https:\/\/www.ahmadiyya-islam.org\/al\/#\/schema\/person\/9fda09279a6409ebb087189610c6358c","name":"albesmir1"}]}},"_links":{"self":[{"href":"https:\/\/www.ahmadiyya-islam.org\/al\/wp-json\/wp\/v2\/posts\/10995","targetHints":{"allow":["GET"]}}],"collection":[{"href":"https:\/\/www.ahmadiyya-islam.org\/al\/wp-json\/wp\/v2\/posts"}],"about":[{"href":"https:\/\/www.ahmadiyya-islam.org\/al\/wp-json\/wp\/v2\/types\/post"}],"author":[{"embeddable":true,"href":"https:\/\/www.ahmadiyya-islam.org\/al\/wp-json\/wp\/v2\/users\/28"}],"replies":[{"embeddable":true,"href":"https:\/\/www.ahmadiyya-islam.org\/al\/wp-json\/wp\/v2\/comments?post=10995"}],"version-history":[{"count":0,"href":"https:\/\/www.ahmadiyya-islam.org\/al\/wp-json\/wp\/v2\/posts\/10995\/revisions"}],"wp:featuredmedia":[{"embeddable":true,"href":"https:\/\/www.ahmadiyya-islam.org\/al\/wp-json\/wp\/v2\/media\/10999"}],"wp:attachment":[{"href":"https:\/\/www.ahmadiyya-islam.org\/al\/wp-json\/wp\/v2\/media?parent=10995"}],"wp:term":[{"taxonomy":"category","embeddable":true,"href":"https:\/\/www.ahmadiyya-islam.org\/al\/wp-json\/wp\/v2\/categories?post=10995"},{"taxonomy":"post_tag","embeddable":true,"href":"https:\/\/www.ahmadiyya-islam.org\/al\/wp-json\/wp\/v2\/tags?post=10995"},{"taxonomy":"authors","embeddable":true,"href":"https:\/\/www.ahmadiyya-islam.org\/al\/wp-json\/wp\/v2\/authors?post=10995"},{"taxonomy":"content_source","embeddable":true,"href":"https:\/\/www.ahmadiyya-islam.org\/al\/wp-json\/wp\/v2\/content_source?post=10995"}],"curies":[{"name":"wp","href":"https:\/\/api.w.org\/{rel}","templated":true}]}}