{"id":10952,"date":"2020-05-02T12:53:53","date_gmt":"2020-05-02T12:53:53","guid":{"rendered":"https:\/\/www.ahmadiyya-islam.org\/al\/?p=10952"},"modified":"2020-05-02T13:28:21","modified_gmt":"2020-05-02T13:28:21","slug":"humanity-first-dhuron-pajisje-higjienike-ne-tri-vende-ne-kosove","status":"publish","type":"post","link":"https:\/\/www.ahmadiyya-islam.org\/al\/njoftim-per-shtyp\/humanity-first-dhuron-pajisje-higjienike-ne-tri-vende-ne-kosove\/","title":{"rendered":"Humanity First dhuron pajisje higjienike n\u00eb tri vende n\u00eb Kosov\u00eb"},"content":{"rendered":"<p>Kosova \u00ebsht\u00eb nj\u00ebra nd\u00ebr shtetet e prekura nga Pandemia Covid-19, dhe menaxhimi i situat\u00ebs \u00ebsht\u00eb shum\u00eb i mir\u00eb, fal\u00eb shum\u00eb shteteve dhe organizatave q\u00eb jan\u00eb duke e ndihmuar n\u00eb m\u00ebnyr\u00eb institucionale. Deri m\u00eb tash numri i t\u00eb prekurve me Coronavirus ka arritur n\u00eb mbi <a href=\"https:\/\/www.facebook.com\/396882500439760\/posts\/2708448395949814\/\">800 persona<\/a>.<\/p>\n<p>Nj\u00ebra nd\u00ebr organizatat q\u00eb \u00ebsht\u00eb duke e ndihmuar Kosov\u00ebn n\u00eb k\u00ebt\u00eb koh\u00eb pandemie, fal\u00eb Zotit Fuqiplot\u00eb, \u00ebsht\u00eb edhe <a href=\"https:\/\/www.facebook.com\/humanityfirstde\/\">Humanity First e Gjermanis\u00eb<\/a>. N\u00eb fillim t\u00eb k\u00ebsaj jave Drejtoria p\u00ebr Mir\u00ebqenie Sociale ka pranuar nj\u00eb donacion me produkte mbrojt\u00ebse p\u00ebr stafin e Kuzhin\u00ebs Popullore n\u00eb Komun\u00ebn e Prishtin\u00ebs. Ky donacion p\u00ebrfshin\u00eb materiale mbrojt\u00ebse si dor\u00ebza, maska dhe dezinfektues t\u00eb duarve. I pranish\u00ebm n\u00eb momentin e pranimit t\u00eb donacionit ishte edhe Koordinatori p\u00ebr Projekte pran\u00eb Drejtoris\u00eb p\u00ebr Mir\u00ebqenie Sociale Z. <a href=\"https:\/\/www.facebook.com\/story.php?story_fbid=2610857639172876&amp;id=100007459964245\">Premtim N. Fazliu<\/a>. Ai n\u00eb lidhje me k\u00ebt\u00eb donacion tha:<\/p>\n<blockquote><p>\u201c<em>Edhe Kosova si i gjith\u00eb globi \u00ebsht\u00eb prekur nga Pandemia Covid-19. Ne si Komun\u00eb e Prishtin\u00ebs tashm\u00eb kemi nd\u00ebrmarr\u00eb masa t\u00eb cilat synojm\u00eb t\u00eb b\u00ebjm\u00eb parandalimin e shp\u00ebrndarjes t\u00eb m\u00ebtutjeshme t\u00eb Coronavirusit. Masat e nd\u00ebrmarra deri m\u00eb tani nga Komuna e Prishtin\u00ebs kan\u00eb p\u00ebrfunduar t\u00eb suksesshme, mir\u00ebpo ne gjithmon\u00eb kemi shprehur edhe gatishm\u00ebrin\u00eb ton\u00eb p\u00ebr t\u00eb bashk\u00ebpunuar me partner\u00ebt ton\u00eb t\u00eb ndrysh\u00ebm. Si edhe herave t\u00eb tjera, edhe k\u00ebsaj radhe kemi gjetur bashk\u00ebpunim dhe mir\u00ebkuptim t\u00eb jasht\u00ebzakonsh\u00ebm me Humanity First dhe Organizat\u00ebn AMJ (inicialet anglisht p\u00ebr Xhemati Musliman Ahmedia).<\/em><\/p>\n<p><em>S\u00eb fundi, kemi pranuar nj\u00eb donacion t\u00eb produkteve t\u00eb ndryshme medicinale, q\u00eb b\u00ebjn\u00eb parandalimin e p\u00ebrhapjes s\u00eb Koronavirusit. Donacioni n\u00eb fjal\u00eb \u00ebsht\u00eb i dedikuar p\u00ebr tri institucione t\u00eb ndryshme, duke filluar nga Komuna e Gjilanit, respektivisht p\u00ebr Spitalin Regjional t\u00eb Gjilanit, gjithashtu p\u00ebr Policin\u00eb e Rajonale t\u00eb Prishtin\u00ebs, por edhe p\u00ebr Qendr\u00ebn Kulturore dhe Sociale p\u00ebr t\u00eb Moshuar, ku ne n\u00eb baza ditore ofrojm\u00eb shujt\u00eb t\u00eb ngroht\u00eb p\u00ebr t\u00eb gjitha familjet n\u00eb nevoj\u00eb. Rrjedhimisht, ne k\u00ebrkojm\u00eb q\u00eb ta vazhdojm\u00eb partneritetin ton\u00eb dhe k\u00ebrkojm\u00eb mb\u00ebshtetjen e m\u00ebtutjeshme nga ju. Nj\u00ebkoh\u00ebsisht, n\u00eb emrin tim personal, n\u00eb em\u00ebr t\u00eb qytetar\u00ebve t\u00eb Komun\u00ebs s\u00eb Prishtin\u00ebs, t\u00eb Komun\u00ebs s\u00eb Gjilanit dhe n\u00eb em\u00ebr t\u00eb stafit policor, un\u00eb shprehu mir\u00ebnjohjen dhe fal\u00ebnderimin p\u00ebr kontributin e juaj. Ju faleminderit!<\/em>\u201d<\/p><\/blockquote>\n<p>Gjithashtu p\u00ebrmes Komun\u00ebs s\u00eb Prishtin\u00ebs, nj\u00eb donacion tjet\u00ebr me pajisje higjienike Humanity First e Gjermanis\u00eb e ka dhuruar edhe p\u00ebr Policin\u00eb e Kosov\u00ebs. N\u00eb zyret e Policis\u00eb s\u00eb Kosov\u00ebs, na priti kryetari i <a href=\"http:\/\/spk-rk.eu\/\">Sindikat\u00ebs s\u00eb Policis\u00eb s\u00eb Kosov\u00ebs<\/a> p\u00ebr Regjionin e Prishtin\u00ebs, Z. Imer Zeqiri. Ai pas marrjes s\u00eb donacionit ku p\u00ebrfshin\u00eb: 100 pako dor\u00ebza, 300 maska, 40 litra dezinfektues p\u00ebr duar dhe 8 litra dezinfektues p\u00ebr tok\u00eb, tha:<\/p>\n<blockquote><p>\u201c<em>Si kryetar i shoqat\u00ebs p\u00ebr Regjionin e Prishtin\u00ebs i Sindikat\u00ebs s\u00eb Policis\u00eb s\u00eb Kosov\u00ebs, un\u00eb fal\u00ebnderoj p\u00ebr ndihm\u00ebn e dh\u00ebn\u00eb p\u00ebr masat mbrojt\u00ebse n\u00eb koh\u00ebn e k\u00ebsaj pandemie p\u00ebr Policin\u00eb e Kosov\u00ebs, si\u00e7 jan\u00eb nj\u00eb sasi e konsiderueshme e dor\u00ebzave, maskave dhe dezinfektuesve p\u00ebr duar dhe dysheme. N\u00eb k\u00ebt\u00eb rast dua ta fal\u00ebnderoj edhe drejtorin e Drejtoris\u00eb s\u00eb Mir\u00ebqenies Sociale Z. Dren Kukaj, p\u00ebr shkak se fillimisht ne kemi kontaktuar me t\u00eb dhe kemi k\u00ebrkuar (mjete) p\u00ebr shkak t\u00eb munges\u00ebs s\u00eb mjeteve fillimisht t\u00eb masave mbrojt\u00ebse q\u00eb pjes\u00ebrisht kemi pas\u00eb munges\u00eb t\u00eb tyre. K\u00ebshtu q\u00eb, edhe nj\u00ebher\u00eb faleminderit shum\u00eb edhe p\u00ebr donatorin edhe p\u00ebr zyrtar\u00ebt e Prishtin\u00ebs<\/em>\u201d.<\/p><\/blockquote>\n<p><img loading=\"lazy\" decoding=\"async\" class=\"aligncenter wp-image-10953\" src=\"https:\/\/www.ahmadiyya-islam.org\/al\/wp-content\/uploads\/sites\/3\/2020\/05\/4.-With-Mr.-Imer-Zeqiri-in-Offices-of-Kosovo-Police.jpg\" alt=\"Humanity First\" width=\"642\" height=\"428\" srcset=\"https:\/\/www.ahmadiyya-islam.org\/al\/wp-content\/uploads\/sites\/3\/2020\/05\/4.-With-Mr.-Imer-Zeqiri-in-Offices-of-Kosovo-Police.jpg 960w, https:\/\/www.ahmadiyya-islam.org\/al\/wp-content\/uploads\/sites\/3\/2020\/05\/4.-With-Mr.-Imer-Zeqiri-in-Offices-of-Kosovo-Police-300x200.jpg 300w, https:\/\/www.ahmadiyya-islam.org\/al\/wp-content\/uploads\/sites\/3\/2020\/05\/4.-With-Mr.-Imer-Zeqiri-in-Offices-of-Kosovo-Police-768x512.jpg 768w\" sizes=\"auto, (max-width: 642px) 100vw, 642px\" \/><\/p>\n<p>Z. <a href=\"https:\/\/www.facebook.com\/story.php?story_fbid=10158224569399253&amp;id=517144252\">Dren Kukaj<\/a>, i cili \u00ebsht\u00eb drejtor i Drejtoris\u00eb p\u00ebr Mir\u00ebqenie Sociale n\u00eb Komun\u00ebn e Prishtin\u00ebs, ka qen\u00eb gjithashtu i pranish\u00ebm gjat\u00eb dhurimit t\u00eb k\u00ebtyre tri donacioneve n\u00eb tri institucione, dy n\u00eb Komun\u00ebn e Prishtin\u00ebs dhe nj\u00eb n\u00eb Komun\u00ebn e Gjilanit. Ai n\u00eb shenj\u00eb fal\u00ebnderimi u shpreh:<\/p>\n<blockquote><p>\u201c<em>Nuk \u00ebsht\u00eb hera e par\u00eb q\u00eb Humanity First i q\u00ebndron pran\u00eb Komun\u00ebs s\u00eb Prishtin\u00ebs. K\u00ebsaj radhe kjo organizat\u00eb na ndihmoi me mjetet mbrojt\u00ebse n\u00eb k\u00ebt\u00eb koh\u00eb t\u00eb jasht\u00ebzakonshme t\u00eb emergjenc\u00ebs, jo vet\u00ebm n\u00eb Komun\u00ebn e Prishtin\u00ebs dhe Kuzhin\u00ebn Popullore t\u00eb saj, por edhe polic\u00ebt q\u00eb jan\u00eb n\u00eb detyr\u00eb dhe n\u00eb vij\u00ebn e par\u00eb t\u00eb frontit. Dua ta shfryt\u00ebzoj k\u00ebt\u00eb rast q\u00eb ta fal\u00ebnderoj edhe nj\u00eb her\u00eb jasht\u00ebzakonisht shum\u00eb gjith\u00eb Organizat\u00ebn Humanity First, q\u00eb nuk \u00ebsht\u00eb, po them prap\u00eb, nuk \u00ebsht\u00eb hera e par\u00eb q\u00eb po na ndihmojn\u00eb. Shpresoj q\u00eb t\u00eb tilla ndihma t\u00eb kemi edhe n\u00eb t\u00eb ardhmen. Faleminderit shum\u00eb<\/em>\u201d.<\/p><\/blockquote>\n<p>Nj\u00eb qytet tjet\u00ebr i prekur nga Coronavirusi \u00ebsht\u00eb edhe Komuna e Gjilanit i cili \u00ebsht\u00eb rreth 50 kilometra larg nga kryeqyteti i Kosov\u00ebs \u2013 Prishtina. N\u00ebnkryetari i Komun\u00ebs s\u00eb Gjilanit, Z. <a href=\"https:\/\/www.facebook.com\/100009626721908\/posts\/2506353379695528\/\">Arb\u00ebr R. Ismajli<\/a> s\u00eb bashku me Dr. <a href=\"https:\/\/www.facebook.com\/story.php?story_fbid=2742507135861198&amp;id=100003058151602\">Ukshin Ismaili<\/a> kan\u00eb pranuar nj\u00eb donacion t\u00eb vlefsh\u00ebm nga Humanity First i Gjermanis\u00eb, si mb\u00ebshtetje me pajisje elementare higjienike dhe t\u00eb nevojshme p\u00ebr Spitalin Rajonal dhe Qendr\u00ebn Kryesore t\u00eb Mjek\u00ebsis\u00eb Familjare n\u00eb Komun\u00ebn e Gjilanit. Gjat\u00eb marrjes s\u00eb donacionit, n\u00ebnkryetari i Komun\u00ebs s\u00eb Gjilanit, Z. Arb\u00ebr R. Ismajli tha:<\/p>\n<blockquote><p>\u201c<em>Faleminderit p\u00ebrzem\u00ebrsisht n\u00eb em\u00ebr t\u00eb t\u00eb gjitha institucioneve komunale n\u00eb Gjilan. \u00cbsht\u00eb hera e dyt\u00eb q\u00eb Komuna e Gjilanit q\u00eb merr donacion nga Humanity First me seli n\u00eb Gjermani. \u00cbsht\u00eb k\u00ebnaq\u00ebsi e ve\u00e7ant\u00eb dhe \u00ebsht\u00eb inspirim p\u00ebr ne p\u00ebr t\u00eb qen\u00eb n\u00eb luft\u00eb kund\u00ebr Covid-19, nj\u00eb virus i panjohur tashm\u00eb. Shpresoj shum\u00eb q\u00eb ndihma dhe asistimi i k\u00ebsaj organizate do t\u00eb jet\u00eb i vazhduesh\u00ebm p\u00ebr t\u00eb gjitha institucionet. Faleminderit shum\u00eb edhe nj\u00eb her\u00eb p\u00ebrzem\u00ebrisht p\u00ebr t\u00eb gjith\u00eb k\u00ebt\u00eb q\u00eb keni b\u00ebr\u00eb p\u00ebr ne dhe p\u00ebr qytetin e Gjilanit<\/em>\u201d.<\/p><\/blockquote>\n<p><img loading=\"lazy\" decoding=\"async\" class=\"aligncenter wp-image-10954\" src=\"https:\/\/www.ahmadiyya-islam.org\/al\/wp-content\/uploads\/sites\/3\/2020\/05\/7.-With-Deputy-Mayor-of-Gjilan-Mr.-Arb\u00ebr-R.-Ismajli.jpg\" alt=\"Humanity First\" width=\"602\" height=\"401\" srcset=\"https:\/\/www.ahmadiyya-islam.org\/al\/wp-content\/uploads\/sites\/3\/2020\/05\/7.-With-Deputy-Mayor-of-Gjilan-Mr.-Arb\u00ebr-R.-Ismajli.jpg 1246w, https:\/\/www.ahmadiyya-islam.org\/al\/wp-content\/uploads\/sites\/3\/2020\/05\/7.-With-Deputy-Mayor-of-Gjilan-Mr.-Arb\u00ebr-R.-Ismajli-300x200.jpg 300w, https:\/\/www.ahmadiyya-islam.org\/al\/wp-content\/uploads\/sites\/3\/2020\/05\/7.-With-Deputy-Mayor-of-Gjilan-Mr.-Arb\u00ebr-R.-Ismajli-1024x682.jpg 1024w, https:\/\/www.ahmadiyya-islam.org\/al\/wp-content\/uploads\/sites\/3\/2020\/05\/7.-With-Deputy-Mayor-of-Gjilan-Mr.-Arb\u00ebr-R.-Ismajli-768x512.jpg 768w\" sizes=\"auto, (max-width: 602px) 100vw, 602px\" \/><\/p>\n<p>Nd\u00ebrsa p\u00ebrmes postimit n\u00eb rrjetin social Facebook, duke e fal\u00ebnderuar donatorin, Z. <a href=\"https:\/\/www.facebook.com\/100394531631396\/posts\/119928139678035\/\">Arb\u00ebr Ismajli<\/a> nd\u00ebr t\u00eb tjera tha:<\/p>\n<blockquote><p>\u201c<em>Ne, u jemi shum\u00eb mir\u00ebnjoh\u00ebs Organizat\u00ebs Humanity First, p\u00ebr donacionin e dh\u00ebn\u00eb, duke e konsideruar shum\u00eb jetik p\u00ebr nevojat t\u00eb cilat po i k\u00ebrkon koha. Kjo mb\u00ebshtetje e k\u00ebsaj organizate do t\u2019i p\u00ebrmbush\u00eb disa nga nevojat dhe k\u00ebrkesat e mantelbardh\u00ebve, p\u00ebr t\u2019ua b\u00ebr\u00eb sa m\u00eb t\u00eb leht\u00eb dhe t\u00eb sigurt pun\u00ebn dhe operimin e tyre p\u00ebrgjat\u00eb situat\u00ebs pandemike. Poashtu, p\u00ebr menaxhimin e suksesh\u00ebm t\u00eb situat\u00ebs pandemike nga ana e Komun\u00ebs s\u00eb Gjilanit, por, edhe Spitalit Rajonal, mor\u00ebm nga nj\u00eb mir\u00ebnjohje n\u00eb shenj\u00eb fal\u00ebnderimi p\u00ebr luft\u00ebn q\u00eb po e b\u00ebjm\u00eb n\u00eb frontin e par\u00eb t\u00eb operimit ndaj Pandemis\u00eb Covid-19<\/em>\u201d.<\/p><\/blockquote>\n<p><img loading=\"lazy\" decoding=\"async\" class=\"aligncenter wp-image-10955\" src=\"https:\/\/www.ahmadiyya-islam.org\/al\/wp-content\/uploads\/sites\/3\/2020\/05\/8.-With-dr.-Ukshin-Ismaili-in-Hospital-of-Gjilan.jpg\" alt=\"Humanity First\" width=\"603\" height=\"402\" srcset=\"https:\/\/www.ahmadiyya-islam.org\/al\/wp-content\/uploads\/sites\/3\/2020\/05\/8.-With-dr.-Ukshin-Ismaili-in-Hospital-of-Gjilan.jpg 1556w, https:\/\/www.ahmadiyya-islam.org\/al\/wp-content\/uploads\/sites\/3\/2020\/05\/8.-With-dr.-Ukshin-Ismaili-in-Hospital-of-Gjilan-300x200.jpg 300w, https:\/\/www.ahmadiyya-islam.org\/al\/wp-content\/uploads\/sites\/3\/2020\/05\/8.-With-dr.-Ukshin-Ismaili-in-Hospital-of-Gjilan-1024x683.jpg 1024w, https:\/\/www.ahmadiyya-islam.org\/al\/wp-content\/uploads\/sites\/3\/2020\/05\/8.-With-dr.-Ukshin-Ismaili-in-Hospital-of-Gjilan-768x512.jpg 768w, https:\/\/www.ahmadiyya-islam.org\/al\/wp-content\/uploads\/sites\/3\/2020\/05\/8.-With-dr.-Ukshin-Ismaili-in-Hospital-of-Gjilan-1536x1025.jpg 1536w\" sizes=\"auto, (max-width: 603px) 100vw, 603px\" \/><\/p>\n<p>Elhamdulil-lah, lavdia \u00ebsht\u00eb e Allahut, mbulueshm\u00ebria mediale e k\u00ebtij donacioni ka qen\u00eb e mir\u00eb. Mbi 25 gazeta online dhe persona zyrtar\u00eb e kan\u00eb postuar lajmin n\u00eb rrjetet sociale dhe n\u00eb uebsitet e tyre, dhe shikueshm\u00ebria totale \u00ebsht\u00eb mbi 360 mij\u00eb ndjek\u00ebs ose shikues.<\/p>\n<p><img loading=\"lazy\" decoding=\"async\" class=\"aligncenter wp-image-10956\" src=\"https:\/\/www.ahmadiyya-islam.org\/al\/wp-content\/uploads\/sites\/3\/2020\/05\/1.-Komuna-e-Prishtin\u00ebs-Facebook.jpg\" alt=\"Humanity First\" width=\"666\" height=\"551\" srcset=\"https:\/\/www.ahmadiyya-islam.org\/al\/wp-content\/uploads\/sites\/3\/2020\/05\/1.-Komuna-e-Prishtin\u00ebs-Facebook.jpg 1022w, https:\/\/www.ahmadiyya-islam.org\/al\/wp-content\/uploads\/sites\/3\/2020\/05\/1.-Komuna-e-Prishtin\u00ebs-Facebook-300x248.jpg 300w, https:\/\/www.ahmadiyya-islam.org\/al\/wp-content\/uploads\/sites\/3\/2020\/05\/1.-Komuna-e-Prishtin\u00ebs-Facebook-768x636.jpg 768w\" sizes=\"auto, (max-width: 666px) 100vw, 666px\" \/><\/p>\n<p><img loading=\"lazy\" decoding=\"async\" class=\"aligncenter wp-image-10957\" src=\"https:\/\/www.ahmadiyya-islam.org\/al\/wp-content\/uploads\/sites\/3\/2020\/05\/2.-Faqja-qeveritare-e-Prishtin\u00ebs.jpg\" alt=\"Humanity First\" width=\"666\" height=\"557\" srcset=\"https:\/\/www.ahmadiyya-islam.org\/al\/wp-content\/uploads\/sites\/3\/2020\/05\/2.-Faqja-qeveritare-e-Prishtin\u00ebs.jpg 954w, https:\/\/www.ahmadiyya-islam.org\/al\/wp-content\/uploads\/sites\/3\/2020\/05\/2.-Faqja-qeveritare-e-Prishtin\u00ebs-300x251.jpg 300w, https:\/\/www.ahmadiyya-islam.org\/al\/wp-content\/uploads\/sites\/3\/2020\/05\/2.-Faqja-qeveritare-e-Prishtin\u00ebs-768x642.jpg 768w\" sizes=\"auto, (max-width: 666px) 100vw, 666px\" \/><\/p>\n<p><img loading=\"lazy\" decoding=\"async\" class=\"aligncenter wp-image-10958\" src=\"https:\/\/www.ahmadiyya-islam.org\/al\/wp-content\/uploads\/sites\/3\/2020\/05\/3.-Radio-lokale-Gjilan.jpg\" alt=\"Humanity First\" width=\"666\" height=\"865\" srcset=\"https:\/\/www.ahmadiyya-islam.org\/al\/wp-content\/uploads\/sites\/3\/2020\/05\/3.-Radio-lokale-Gjilan.jpg 1031w, https:\/\/www.ahmadiyya-islam.org\/al\/wp-content\/uploads\/sites\/3\/2020\/05\/3.-Radio-lokale-Gjilan-231x300.jpg 231w, https:\/\/www.ahmadiyya-islam.org\/al\/wp-content\/uploads\/sites\/3\/2020\/05\/3.-Radio-lokale-Gjilan-789x1024.jpg 789w, https:\/\/www.ahmadiyya-islam.org\/al\/wp-content\/uploads\/sites\/3\/2020\/05\/3.-Radio-lokale-Gjilan-768x997.jpg 768w\" sizes=\"auto, (max-width: 666px) 100vw, 666px\" \/><\/p>\n","protected":false},"excerpt":{"rendered":"<p>Nj\u00ebra nd\u00ebr organizatat q\u00eb \u00ebsht\u00eb duke e ndihmuar Kosov\u00ebn n\u00eb k\u00ebt\u00eb koh\u00eb pandemie, fal\u00eb Zotit Fuqiplot\u00eb, \u00ebsht\u00eb edhe Humanity First e Gjermanis\u00eb.<\/p>\n","protected":false},"author":28,"featured_media":10960,"comment_status":"closed","ping_status":"closed","sticky":false,"template":"","format":"standard","meta":{"_acf_changed":false,"footnotes":""},"categories":[11],"tags":[585,430],"authors":[],"content_source":[],"class_list":["post-10952","post","type-post","status-publish","format-standard","has-post-thumbnail","hentry","category-njoftim-per-shtyp","tag-coronavirus","tag-humanity-first","topics-bamiresia-humanizmi"],"acf":[],"yoast_head":"<!-- This site is optimized with the Yoast SEO Premium plugin v21.1 (Yoast SEO v27.4) - https:\/\/yoast.com\/product\/yoast-seo-premium-wordpress\/ -->\n<title>Humanity First dhuron pajisje higjienike n\u00eb tri vende n\u00eb Kosov\u00eb<\/title>\n<meta name=\"description\" content=\"Nj\u00ebra nd\u00ebr organizatat q\u00eb \u00ebsht\u00eb duke e ndihmuar Kosov\u00ebn n\u00eb k\u00ebt\u00eb koh\u00eb pandemie, fal\u00eb Zotit Fuqiplot\u00eb, \u00ebsht\u00eb edhe Humanity First e Gjermanis\u00eb.\" \/>\n<meta name=\"robots\" content=\"index, follow, max-snippet:-1, max-image-preview:large, max-video-preview:-1\" \/>\n<link rel=\"canonical\" href=\"https:\/\/www.ahmadiyya-islam.org\/al\/njoftim-per-shtyp\/humanity-first-dhuron-pajisje-higjienike-ne-tri-vende-ne-kosove\/\" \/>\n<meta property=\"og:locale\" content=\"sq_AL\" \/>\n<meta property=\"og:type\" content=\"article\" \/>\n<meta property=\"og:title\" content=\"Humanity First dhuron pajisje higjienike n\u00eb tri vende n\u00eb Kosov\u00eb\" \/>\n<meta property=\"og:description\" content=\"Nj\u00ebra nd\u00ebr organizatat q\u00eb \u00ebsht\u00eb duke e ndihmuar Kosov\u00ebn n\u00eb k\u00ebt\u00eb koh\u00eb pandemie, fal\u00eb Zotit Fuqiplot\u00eb, \u00ebsht\u00eb edhe Humanity First e Gjermanis\u00eb.\" \/>\n<meta property=\"og:url\" content=\"https:\/\/www.ahmadiyya-islam.org\/al\/njoftim-per-shtyp\/humanity-first-dhuron-pajisje-higjienike-ne-tri-vende-ne-kosove\/\" \/>\n<meta property=\"og:site_name\" content=\"Xhemati Musliman Ahmedia\" \/>\n<meta property=\"article:published_time\" content=\"2020-05-02T12:53:53+00:00\" \/>\n<meta property=\"article:modified_time\" content=\"2020-05-02T13:28:21+00:00\" \/>\n<meta property=\"og:image\" content=\"https:\/\/www.ahmadiyya-islam.org\/al\/wp-content\/uploads\/sites\/3\/2020\/05\/2.-Peoples-Kitchen-Prishtina-scaled.jpg\" \/>\n\t<meta property=\"og:image:width\" content=\"2048\" \/>\n\t<meta property=\"og:image:height\" content=\"1340\" \/>\n\t<meta property=\"og:image:type\" content=\"image\/jpeg\" \/>\n<meta name=\"author\" content=\"albesmir1\" \/>\n<meta name=\"twitter:card\" content=\"summary_large_image\" \/>\n<meta name=\"twitter:label1\" content=\"Written by\" \/>\n\t<meta name=\"twitter:data1\" content=\"albesmir1\" \/>\n\t<meta name=\"twitter:label2\" content=\"Est. reading time\" \/>\n\t<meta name=\"twitter:data2\" content=\"6 minutes\" \/>\n<script type=\"application\/ld+json\" class=\"yoast-schema-graph\">{\"@context\":\"https:\\\/\\\/schema.org\",\"@graph\":[{\"@type\":\"Article\",\"@id\":\"https:\\\/\\\/www.ahmadiyya-islam.org\\\/al\\\/njoftim-per-shtyp\\\/humanity-first-dhuron-pajisje-higjienike-ne-tri-vende-ne-kosove\\\/#article\",\"isPartOf\":{\"@id\":\"https:\\\/\\\/www.ahmadiyya-islam.org\\\/al\\\/njoftim-per-shtyp\\\/humanity-first-dhuron-pajisje-higjienike-ne-tri-vende-ne-kosove\\\/\"},\"author\":{\"name\":\"albesmir1\",\"@id\":\"https:\\\/\\\/www.ahmadiyya-islam.org\\\/al\\\/#\\\/schema\\\/person\\\/9fda09279a6409ebb087189610c6358c\"},\"headline\":\"Humanity First dhuron pajisje higjienike n\u00eb tri vende n\u00eb Kosov\u00eb\",\"datePublished\":\"2020-05-02T12:53:53+00:00\",\"dateModified\":\"2020-05-02T13:28:21+00:00\",\"mainEntityOfPage\":{\"@id\":\"https:\\\/\\\/www.ahmadiyya-islam.org\\\/al\\\/njoftim-per-shtyp\\\/humanity-first-dhuron-pajisje-higjienike-ne-tri-vende-ne-kosove\\\/\"},\"wordCount\":1220,\"image\":{\"@id\":\"https:\\\/\\\/www.ahmadiyya-islam.org\\\/al\\\/njoftim-per-shtyp\\\/humanity-first-dhuron-pajisje-higjienike-ne-tri-vende-ne-kosove\\\/#primaryimage\"},\"thumbnailUrl\":\"https:\\\/\\\/www.ahmadiyya-islam.org\\\/al\\\/wp-content\\\/uploads\\\/sites\\\/3\\\/2020\\\/05\\\/2.-Peoples-Kitchen-Prishtina-scaled.jpg\",\"keywords\":[\"Coronavirus\",\"Humanity First\"],\"articleSection\":[\"Njoftim p\u00ebr shtyp\"],\"inLanguage\":\"sq-AL\"},{\"@type\":\"WebPage\",\"@id\":\"https:\\\/\\\/www.ahmadiyya-islam.org\\\/al\\\/njoftim-per-shtyp\\\/humanity-first-dhuron-pajisje-higjienike-ne-tri-vende-ne-kosove\\\/\",\"url\":\"https:\\\/\\\/www.ahmadiyya-islam.org\\\/al\\\/njoftim-per-shtyp\\\/humanity-first-dhuron-pajisje-higjienike-ne-tri-vende-ne-kosove\\\/\",\"name\":\"Humanity First dhuron pajisje higjienike n\u00eb tri vende n\u00eb Kosov\u00eb\",\"isPartOf\":{\"@id\":\"https:\\\/\\\/www.ahmadiyya-islam.org\\\/al\\\/#website\"},\"primaryImageOfPage\":{\"@id\":\"https:\\\/\\\/www.ahmadiyya-islam.org\\\/al\\\/njoftim-per-shtyp\\\/humanity-first-dhuron-pajisje-higjienike-ne-tri-vende-ne-kosove\\\/#primaryimage\"},\"image\":{\"@id\":\"https:\\\/\\\/www.ahmadiyya-islam.org\\\/al\\\/njoftim-per-shtyp\\\/humanity-first-dhuron-pajisje-higjienike-ne-tri-vende-ne-kosove\\\/#primaryimage\"},\"thumbnailUrl\":\"https:\\\/\\\/www.ahmadiyya-islam.org\\\/al\\\/wp-content\\\/uploads\\\/sites\\\/3\\\/2020\\\/05\\\/2.-Peoples-Kitchen-Prishtina-scaled.jpg\",\"datePublished\":\"2020-05-02T12:53:53+00:00\",\"dateModified\":\"2020-05-02T13:28:21+00:00\",\"author\":{\"@id\":\"https:\\\/\\\/www.ahmadiyya-islam.org\\\/al\\\/#\\\/schema\\\/person\\\/9fda09279a6409ebb087189610c6358c\"},\"description\":\"Nj\u00ebra nd\u00ebr organizatat q\u00eb \u00ebsht\u00eb duke e ndihmuar Kosov\u00ebn n\u00eb k\u00ebt\u00eb koh\u00eb pandemie, fal\u00eb Zotit Fuqiplot\u00eb, \u00ebsht\u00eb edhe Humanity First e Gjermanis\u00eb.\",\"breadcrumb\":{\"@id\":\"https:\\\/\\\/www.ahmadiyya-islam.org\\\/al\\\/njoftim-per-shtyp\\\/humanity-first-dhuron-pajisje-higjienike-ne-tri-vende-ne-kosove\\\/#breadcrumb\"},\"inLanguage\":\"sq-AL\",\"potentialAction\":[{\"@type\":\"ReadAction\",\"target\":[\"https:\\\/\\\/www.ahmadiyya-islam.org\\\/al\\\/njoftim-per-shtyp\\\/humanity-first-dhuron-pajisje-higjienike-ne-tri-vende-ne-kosove\\\/\"]}]},{\"@type\":\"ImageObject\",\"inLanguage\":\"sq-AL\",\"@id\":\"https:\\\/\\\/www.ahmadiyya-islam.org\\\/al\\\/njoftim-per-shtyp\\\/humanity-first-dhuron-pajisje-higjienike-ne-tri-vende-ne-kosove\\\/#primaryimage\",\"url\":\"https:\\\/\\\/www.ahmadiyya-islam.org\\\/al\\\/wp-content\\\/uploads\\\/sites\\\/3\\\/2020\\\/05\\\/2.-Peoples-Kitchen-Prishtina-scaled.jpg\",\"contentUrl\":\"https:\\\/\\\/www.ahmadiyya-islam.org\\\/al\\\/wp-content\\\/uploads\\\/sites\\\/3\\\/2020\\\/05\\\/2.-Peoples-Kitchen-Prishtina-scaled.jpg\",\"width\":2048,\"height\":1340,\"caption\":\"Humanity First\"},{\"@type\":\"BreadcrumbList\",\"@id\":\"https:\\\/\\\/www.ahmadiyya-islam.org\\\/al\\\/njoftim-per-shtyp\\\/humanity-first-dhuron-pajisje-higjienike-ne-tri-vende-ne-kosove\\\/#breadcrumb\",\"itemListElement\":[{\"@type\":\"ListItem\",\"position\":1,\"name\":\"Home\",\"item\":\"https:\\\/\\\/www.ahmadiyya-islam.org\\\/al\\\/\"},{\"@type\":\"ListItem\",\"position\":2,\"name\":\"Humanity First dhuron pajisje higjienike n\u00eb tri vende n\u00eb Kosov\u00eb\"}]},{\"@type\":\"WebSite\",\"@id\":\"https:\\\/\\\/www.ahmadiyya-islam.org\\\/al\\\/#website\",\"url\":\"https:\\\/\\\/www.ahmadiyya-islam.org\\\/al\\\/\",\"name\":\"Xhemati Musliman Ahmedia\",\"description\":\"Albania\",\"potentialAction\":[{\"@type\":\"SearchAction\",\"target\":{\"@type\":\"EntryPoint\",\"urlTemplate\":\"https:\\\/\\\/www.ahmadiyya-islam.org\\\/al\\\/?s={search_term_string}\"},\"query-input\":{\"@type\":\"PropertyValueSpecification\",\"valueRequired\":true,\"valueName\":\"search_term_string\"}}],\"inLanguage\":\"sq-AL\"},{\"@type\":\"Person\",\"@id\":\"https:\\\/\\\/www.ahmadiyya-islam.org\\\/al\\\/#\\\/schema\\\/person\\\/9fda09279a6409ebb087189610c6358c\",\"name\":\"albesmir1\"}]}<\/script>\n<!-- \/ Yoast SEO Premium plugin. -->","yoast_head_json":{"title":"Humanity First dhuron pajisje higjienike n\u00eb tri vende n\u00eb Kosov\u00eb","description":"Nj\u00ebra nd\u00ebr organizatat q\u00eb \u00ebsht\u00eb duke e ndihmuar Kosov\u00ebn n\u00eb k\u00ebt\u00eb koh\u00eb pandemie, fal\u00eb Zotit Fuqiplot\u00eb, \u00ebsht\u00eb edhe Humanity First e Gjermanis\u00eb.","robots":{"index":"index","follow":"follow","max-snippet":"max-snippet:-1","max-image-preview":"max-image-preview:large","max-video-preview":"max-video-preview:-1"},"canonical":"https:\/\/www.ahmadiyya-islam.org\/al\/njoftim-per-shtyp\/humanity-first-dhuron-pajisje-higjienike-ne-tri-vende-ne-kosove\/","og_locale":"sq_AL","og_type":"article","og_title":"Humanity First dhuron pajisje higjienike n\u00eb tri vende n\u00eb Kosov\u00eb","og_description":"Nj\u00ebra nd\u00ebr organizatat q\u00eb \u00ebsht\u00eb duke e ndihmuar Kosov\u00ebn n\u00eb k\u00ebt\u00eb koh\u00eb pandemie, fal\u00eb Zotit Fuqiplot\u00eb, \u00ebsht\u00eb edhe Humanity First e Gjermanis\u00eb.","og_url":"https:\/\/www.ahmadiyya-islam.org\/al\/njoftim-per-shtyp\/humanity-first-dhuron-pajisje-higjienike-ne-tri-vende-ne-kosove\/","og_site_name":"Xhemati Musliman Ahmedia","article_published_time":"2020-05-02T12:53:53+00:00","article_modified_time":"2020-05-02T13:28:21+00:00","og_image":[{"width":2048,"height":1340,"url":"https:\/\/www.ahmadiyya-islam.org\/al\/wp-content\/uploads\/sites\/3\/2020\/05\/2.-Peoples-Kitchen-Prishtina-scaled.jpg","type":"image\/jpeg"}],"author":"albesmir1","twitter_card":"summary_large_image","twitter_misc":{"Written by":"albesmir1","Est. reading time":"6 minutes"},"schema":{"@context":"https:\/\/schema.org","@graph":[{"@type":"Article","@id":"https:\/\/www.ahmadiyya-islam.org\/al\/njoftim-per-shtyp\/humanity-first-dhuron-pajisje-higjienike-ne-tri-vende-ne-kosove\/#article","isPartOf":{"@id":"https:\/\/www.ahmadiyya-islam.org\/al\/njoftim-per-shtyp\/humanity-first-dhuron-pajisje-higjienike-ne-tri-vende-ne-kosove\/"},"author":{"name":"albesmir1","@id":"https:\/\/www.ahmadiyya-islam.org\/al\/#\/schema\/person\/9fda09279a6409ebb087189610c6358c"},"headline":"Humanity First dhuron pajisje higjienike n\u00eb tri vende n\u00eb Kosov\u00eb","datePublished":"2020-05-02T12:53:53+00:00","dateModified":"2020-05-02T13:28:21+00:00","mainEntityOfPage":{"@id":"https:\/\/www.ahmadiyya-islam.org\/al\/njoftim-per-shtyp\/humanity-first-dhuron-pajisje-higjienike-ne-tri-vende-ne-kosove\/"},"wordCount":1220,"image":{"@id":"https:\/\/www.ahmadiyya-islam.org\/al\/njoftim-per-shtyp\/humanity-first-dhuron-pajisje-higjienike-ne-tri-vende-ne-kosove\/#primaryimage"},"thumbnailUrl":"https:\/\/www.ahmadiyya-islam.org\/al\/wp-content\/uploads\/sites\/3\/2020\/05\/2.-Peoples-Kitchen-Prishtina-scaled.jpg","keywords":["Coronavirus","Humanity First"],"articleSection":["Njoftim p\u00ebr shtyp"],"inLanguage":"sq-AL"},{"@type":"WebPage","@id":"https:\/\/www.ahmadiyya-islam.org\/al\/njoftim-per-shtyp\/humanity-first-dhuron-pajisje-higjienike-ne-tri-vende-ne-kosove\/","url":"https:\/\/www.ahmadiyya-islam.org\/al\/njoftim-per-shtyp\/humanity-first-dhuron-pajisje-higjienike-ne-tri-vende-ne-kosove\/","name":"Humanity First dhuron pajisje higjienike n\u00eb tri vende n\u00eb Kosov\u00eb","isPartOf":{"@id":"https:\/\/www.ahmadiyya-islam.org\/al\/#website"},"primaryImageOfPage":{"@id":"https:\/\/www.ahmadiyya-islam.org\/al\/njoftim-per-shtyp\/humanity-first-dhuron-pajisje-higjienike-ne-tri-vende-ne-kosove\/#primaryimage"},"image":{"@id":"https:\/\/www.ahmadiyya-islam.org\/al\/njoftim-per-shtyp\/humanity-first-dhuron-pajisje-higjienike-ne-tri-vende-ne-kosove\/#primaryimage"},"thumbnailUrl":"https:\/\/www.ahmadiyya-islam.org\/al\/wp-content\/uploads\/sites\/3\/2020\/05\/2.-Peoples-Kitchen-Prishtina-scaled.jpg","datePublished":"2020-05-02T12:53:53+00:00","dateModified":"2020-05-02T13:28:21+00:00","author":{"@id":"https:\/\/www.ahmadiyya-islam.org\/al\/#\/schema\/person\/9fda09279a6409ebb087189610c6358c"},"description":"Nj\u00ebra nd\u00ebr organizatat q\u00eb \u00ebsht\u00eb duke e ndihmuar Kosov\u00ebn n\u00eb k\u00ebt\u00eb koh\u00eb pandemie, fal\u00eb Zotit Fuqiplot\u00eb, \u00ebsht\u00eb edhe Humanity First e Gjermanis\u00eb.","breadcrumb":{"@id":"https:\/\/www.ahmadiyya-islam.org\/al\/njoftim-per-shtyp\/humanity-first-dhuron-pajisje-higjienike-ne-tri-vende-ne-kosove\/#breadcrumb"},"inLanguage":"sq-AL","potentialAction":[{"@type":"ReadAction","target":["https:\/\/www.ahmadiyya-islam.org\/al\/njoftim-per-shtyp\/humanity-first-dhuron-pajisje-higjienike-ne-tri-vende-ne-kosove\/"]}]},{"@type":"ImageObject","inLanguage":"sq-AL","@id":"https:\/\/www.ahmadiyya-islam.org\/al\/njoftim-per-shtyp\/humanity-first-dhuron-pajisje-higjienike-ne-tri-vende-ne-kosove\/#primaryimage","url":"https:\/\/www.ahmadiyya-islam.org\/al\/wp-content\/uploads\/sites\/3\/2020\/05\/2.-Peoples-Kitchen-Prishtina-scaled.jpg","contentUrl":"https:\/\/www.ahmadiyya-islam.org\/al\/wp-content\/uploads\/sites\/3\/2020\/05\/2.-Peoples-Kitchen-Prishtina-scaled.jpg","width":2048,"height":1340,"caption":"Humanity First"},{"@type":"BreadcrumbList","@id":"https:\/\/www.ahmadiyya-islam.org\/al\/njoftim-per-shtyp\/humanity-first-dhuron-pajisje-higjienike-ne-tri-vende-ne-kosove\/#breadcrumb","itemListElement":[{"@type":"ListItem","position":1,"name":"Home","item":"https:\/\/www.ahmadiyya-islam.org\/al\/"},{"@type":"ListItem","position":2,"name":"Humanity First dhuron pajisje higjienike n\u00eb tri vende n\u00eb Kosov\u00eb"}]},{"@type":"WebSite","@id":"https:\/\/www.ahmadiyya-islam.org\/al\/#website","url":"https:\/\/www.ahmadiyya-islam.org\/al\/","name":"Xhemati Musliman Ahmedia","description":"Albania","potentialAction":[{"@type":"SearchAction","target":{"@type":"EntryPoint","urlTemplate":"https:\/\/www.ahmadiyya-islam.org\/al\/?s={search_term_string}"},"query-input":{"@type":"PropertyValueSpecification","valueRequired":true,"valueName":"search_term_string"}}],"inLanguage":"sq-AL"},{"@type":"Person","@id":"https:\/\/www.ahmadiyya-islam.org\/al\/#\/schema\/person\/9fda09279a6409ebb087189610c6358c","name":"albesmir1"}]}},"_links":{"self":[{"href":"https:\/\/www.ahmadiyya-islam.org\/al\/wp-json\/wp\/v2\/posts\/10952","targetHints":{"allow":["GET"]}}],"collection":[{"href":"https:\/\/www.ahmadiyya-islam.org\/al\/wp-json\/wp\/v2\/posts"}],"about":[{"href":"https:\/\/www.ahmadiyya-islam.org\/al\/wp-json\/wp\/v2\/types\/post"}],"author":[{"embeddable":true,"href":"https:\/\/www.ahmadiyya-islam.org\/al\/wp-json\/wp\/v2\/users\/28"}],"replies":[{"embeddable":true,"href":"https:\/\/www.ahmadiyya-islam.org\/al\/wp-json\/wp\/v2\/comments?post=10952"}],"version-history":[{"count":0,"href":"https:\/\/www.ahmadiyya-islam.org\/al\/wp-json\/wp\/v2\/posts\/10952\/revisions"}],"wp:featuredmedia":[{"embeddable":true,"href":"https:\/\/www.ahmadiyya-islam.org\/al\/wp-json\/wp\/v2\/media\/10960"}],"wp:attachment":[{"href":"https:\/\/www.ahmadiyya-islam.org\/al\/wp-json\/wp\/v2\/media?parent=10952"}],"wp:term":[{"taxonomy":"category","embeddable":true,"href":"https:\/\/www.ahmadiyya-islam.org\/al\/wp-json\/wp\/v2\/categories?post=10952"},{"taxonomy":"post_tag","embeddable":true,"href":"https:\/\/www.ahmadiyya-islam.org\/al\/wp-json\/wp\/v2\/tags?post=10952"},{"taxonomy":"authors","embeddable":true,"href":"https:\/\/www.ahmadiyya-islam.org\/al\/wp-json\/wp\/v2\/authors?post=10952"},{"taxonomy":"content_source","embeddable":true,"href":"https:\/\/www.ahmadiyya-islam.org\/al\/wp-json\/wp\/v2\/content_source?post=10952"}],"curies":[{"name":"wp","href":"https:\/\/api.w.org\/{rel}","templated":true}]}}