{"id":10140,"date":"2019-09-10T10:31:00","date_gmt":"2019-09-10T10:31:00","guid":{"rendered":"https:\/\/www.ahmadiyya-islam.org\/al\/?p=10140"},"modified":"2021-05-17T18:50:15","modified_gmt":"2021-05-17T18:50:15","slug":"garat-akademike-sportive-ixhtimaja-7-shqiperi-kosove","status":"publish","type":"post","link":"https:\/\/www.ahmadiyya-islam.org\/al\/njoftim-per-shtyp\/garat-akademike-sportive-ixhtimaja-7-shqiperi-kosove\/","title":{"rendered":"Garat akademike dhe sportive \u2013 Ixhtimaja e 7-t\u00eb vjetore Shqip\u00ebri-Kosov\u00eb"},"content":{"rendered":"<p>Xhemati Musliman Ahmedia i Shqip\u00ebris\u00eb n\u00eb bashk\u00ebpunim me Xhematin Ahmedia t\u00eb Kosov\u00ebs, zhvilluan n\u00eb datat 7 \u2013 8 shtator Ixhtiman\u00eb e 7-t\u00eb Shqip\u00ebri-Kosov\u00eb. Ky aktivitet \u00ebsht\u00eb kthyer n\u00eb nj\u00eb praktik\u00eb t\u00eb p\u00ebrvitshme, dhe synon nxitjen e t\u00eb rinjve (Khuddamul-Ahmedia) t\u00eb garojn\u00eb n\u00eb vepra t\u00eb mira.<\/p>\n<p><img loading=\"lazy\" decoding=\"async\" class=\"aligncenter size-full wp-image-10142\" src=\"https:\/\/www.ahmadiyya-islam.org\/al\/wp-content\/uploads\/sites\/3\/2019\/09\/Liwae-Khuddam-Albania-Kosovo-2019.jpg\" alt=\"\" width=\"990\" height=\"713\" srcset=\"https:\/\/www.ahmadiyya-islam.org\/al\/wp-content\/uploads\/sites\/3\/2019\/09\/Liwae-Khuddam-Albania-Kosovo-2019.jpg 990w, https:\/\/www.ahmadiyya-islam.org\/al\/wp-content\/uploads\/sites\/3\/2019\/09\/Liwae-Khuddam-Albania-Kosovo-2019-300x216.jpg 300w, https:\/\/www.ahmadiyya-islam.org\/al\/wp-content\/uploads\/sites\/3\/2019\/09\/Liwae-Khuddam-Albania-Kosovo-2019-768x553.jpg 768w\" sizes=\"auto, (max-width: 990px) 100vw, 990px\" \/>Nga rreth 60 pjes\u00ebmarr\u00ebs, 40 prej tyre mor\u00ebn pjes\u00eb n\u00eb gara t\u00eb ndryshme akademike dhe sportive. Aktiviteti filloi me ceremonin\u00eb e ngritjes s\u00eb flamurit t\u00eb organizat\u00ebs s\u00eb Khuddamul-Ahmedia dhe atij komb\u00ebtar. Menj\u00ebher\u00eb pas saj, filloi sesioni hap\u00ebs, drejtuar nga Imam Jinahuddin Saif.<\/p>\n<p>Pas recitimit t\u00eb Kuranit t\u00eb Shenjt\u00eb dhe p\u00ebrkthimit t\u00eb tij nga Sali Beja, mori fjal\u00ebn Imam Samad Ahmed Ghori, President i Xhematit Musliman Ahmedia t\u00eb Shqip\u00ebris\u00eb. Ai tregoi se q\u00ebllimi primar i krijimit t\u00eb organizat\u00ebs Khuddamul-Ahmedia \u00ebsht\u00eb ai q\u00eb p\u00ebrmendet edhe n\u00eb betimin e saj: dobia fetare, komb\u00ebtare dhe shoq\u00ebrore dhe gjithashtu mb\u00ebshtetja dhe bindja ndaj Kalifatit Ahmedia. Ai tregoi me fjal\u00ebt e Kalifit t\u00eb koh\u00ebs, Hazret Mirza Masrur Ahmed, Allahu e ndihmoft\u00eb fuqimisht, se Kalifati Ahmedia nuk ngjason me lidershipet q\u00eb kan\u00eb synimet e k\u00ebsaj bote.<\/p>\n<p>Ceremonia hap\u00ebse p\u00ebrfundoi me nj\u00eb lutje t\u00eb heshtur t\u00eb drejtuar nga Imam Jinahuddin Saif.<\/p>\n<p><img loading=\"lazy\" decoding=\"async\" class=\"aligncenter size-large wp-image-10147\" src=\"https:\/\/www.ahmadiyya-islam.org\/al\/wp-content\/uploads\/sites\/3\/2019\/09\/Comp-Speech-Albania-2019-1024x680.jpg\" alt=\"ijtema garat\" width=\"900\" height=\"598\" srcset=\"https:\/\/www.ahmadiyya-islam.org\/al\/wp-content\/uploads\/sites\/3\/2019\/09\/Comp-Speech-Albania-2019-1024x680.jpg 1024w, https:\/\/www.ahmadiyya-islam.org\/al\/wp-content\/uploads\/sites\/3\/2019\/09\/Comp-Speech-Albania-2019-300x199.jpg 300w, https:\/\/www.ahmadiyya-islam.org\/al\/wp-content\/uploads\/sites\/3\/2019\/09\/Comp-Speech-Albania-2019-768x510.jpg 768w, https:\/\/www.ahmadiyya-islam.org\/al\/wp-content\/uploads\/sites\/3\/2019\/09\/Comp-Speech-Albania-2019.jpg 1536w\" sizes=\"auto, (max-width: 900px) 100vw, 900px\" \/> <img loading=\"lazy\" decoding=\"async\" class=\"aligncenter size-full wp-image-10146\" src=\"https:\/\/www.ahmadiyya-islam.org\/al\/wp-content\/uploads\/sites\/3\/2019\/09\/Azan-comp.jpg\" alt=\"\" width=\"990\" height=\"464\" srcset=\"https:\/\/www.ahmadiyya-islam.org\/al\/wp-content\/uploads\/sites\/3\/2019\/09\/Azan-comp.jpg 990w, https:\/\/www.ahmadiyya-islam.org\/al\/wp-content\/uploads\/sites\/3\/2019\/09\/Azan-comp-300x141.jpg 300w, https:\/\/www.ahmadiyya-islam.org\/al\/wp-content\/uploads\/sites\/3\/2019\/09\/Azan-comp-768x360.jpg 768w\" sizes=\"auto, (max-width: 990px) 100vw, 990px\" \/> <img loading=\"lazy\" decoding=\"async\" class=\"aligncenter size-full wp-image-10145\" src=\"https:\/\/www.ahmadiyya-islam.org\/al\/wp-content\/uploads\/sites\/3\/2019\/09\/audience-albania-2019.jpg\" alt=\"\" width=\"922\" height=\"313\" srcset=\"https:\/\/www.ahmadiyya-islam.org\/al\/wp-content\/uploads\/sites\/3\/2019\/09\/audience-albania-2019.jpg 922w, https:\/\/www.ahmadiyya-islam.org\/al\/wp-content\/uploads\/sites\/3\/2019\/09\/audience-albania-2019-300x102.jpg 300w, https:\/\/www.ahmadiyya-islam.org\/al\/wp-content\/uploads\/sites\/3\/2019\/09\/audience-albania-2019-768x261.jpg 768w\" sizes=\"auto, (max-width: 922px) 100vw, 922px\" \/>Menj\u00ebher\u00eb pas saj, filluan garat akademike: gara e recitimit t\u00eb Kuranit, gara e k\u00ebndimit t\u00eb Ezanit, gara e m\u00ebsimit t\u00eb namazit, gara e fjalimeve etj.. Pas k\u00ebsaj pjes\u00ebmarr\u00ebsit fal\u00ebn namazet t\u00eb bashkuara, t\u00eb drek\u00ebs dhe t\u00eb ikindis\u00eb, n\u00eb <a href=\"https:\/\/goo.gl\/maps\/xNCd6v9ARuTmNuaM7\" target=\"_blank\" rel=\"noopener noreferrer\">xhamin\u00eb Bejtul-Evel<\/a>.<\/p>\n<p>Pas namazeve u zhvillua gara e V\u00ebzhgim-Kumtimit. M\u00eb pas t\u00eb gjith\u00eb pjes\u00ebmarr\u00ebsit u drekuan, pas s\u00eb cil\u00ebs u zhvillua gara e kumtimit t\u00eb mesazhit.<\/p>\n<p>Pas k\u00ebsaj deri n\u00eb dark\u00eb u zhvilluan garat sportive si volleyboll, t\u00ebrheqja e litarit, garat p\u00ebr f\u00ebmij\u00ebt, pingpong. Pas namazeve t\u00eb akshamit dhe t\u00eb jacis\u00eb dhe dark\u00ebs, u zhvillua edhe Kuizi, n\u00eb t\u00eb cil\u00ebn mor\u00ebn pjes\u00eb skuadrat nga Xhemati i Shqip\u00ebris\u00eb dhe ai i Kosov\u00ebs.<\/p>\n<p><img loading=\"lazy\" decoding=\"async\" class=\"aligncenter size-full wp-image-10144\" src=\"https:\/\/www.ahmadiyya-islam.org\/al\/wp-content\/uploads\/sites\/3\/2019\/09\/Sports-Albania-2019.jpg\" alt=\"\" width=\"825\" height=\"576\" srcset=\"https:\/\/www.ahmadiyya-islam.org\/al\/wp-content\/uploads\/sites\/3\/2019\/09\/Sports-Albania-2019.jpg 825w, https:\/\/www.ahmadiyya-islam.org\/al\/wp-content\/uploads\/sites\/3\/2019\/09\/Sports-Albania-2019-300x209.jpg 300w, https:\/\/www.ahmadiyya-islam.org\/al\/wp-content\/uploads\/sites\/3\/2019\/09\/Sports-Albania-2019-768x536.jpg 768w\" sizes=\"auto, (max-width: 825px) 100vw, 825px\" \/>Aktiviteti i s\u00eb nes\u00ebrmes filloi me namazin e sabahut n\u00eb xhamin\u00eb Bejtul-Evel. Pas m\u00ebngjesit, pjes\u00ebmarr\u00ebsit u nis\u00ebn drejt fushave t\u00eb footbollit p\u00ebr t\u00eb zhvilluar kampionatin. N\u00eb or\u00ebn 13:00 pasi u kthyen, fal\u00ebn namazet e drek\u00ebs dhe t\u00eb ikindis\u00eb t\u00eb bashkuara n\u00eb xhamin\u00eb Bejtul-Evel (<a href=\"https:\/\/goo.gl\/maps\/xNCd6v9ARuTmNuaM7\" target=\"_blank\" rel=\"noopener noreferrer\">Xhamia Bejtul-Evel<\/a>), pas s\u00eb cil\u00ebs u shtrua edhe dreka.<\/p>\n<p><img loading=\"lazy\" decoding=\"async\" class=\"aligncenter size-full wp-image-10149\" src=\"https:\/\/www.ahmadiyya-islam.org\/al\/wp-content\/uploads\/sites\/3\/2019\/09\/Footboll-2.jpg\" alt=\"ijtema garat\" width=\"806\" height=\"605\" srcset=\"https:\/\/www.ahmadiyya-islam.org\/al\/wp-content\/uploads\/sites\/3\/2019\/09\/Footboll-2.jpg 806w, https:\/\/www.ahmadiyya-islam.org\/al\/wp-content\/uploads\/sites\/3\/2019\/09\/Footboll-2-300x225.jpg 300w, https:\/\/www.ahmadiyya-islam.org\/al\/wp-content\/uploads\/sites\/3\/2019\/09\/Footboll-2-768x576.jpg 768w\" sizes=\"auto, (max-width: 806px) 100vw, 806px\" \/><img loading=\"lazy\" decoding=\"async\" class=\"aligncenter size-full wp-image-10148\" src=\"https:\/\/www.ahmadiyya-islam.org\/al\/wp-content\/uploads\/sites\/3\/2019\/09\/Footboll.jpg\" alt=\"ijtema garat\" width=\"806\" height=\"605\" srcset=\"https:\/\/www.ahmadiyya-islam.org\/al\/wp-content\/uploads\/sites\/3\/2019\/09\/Footboll.jpg 806w, https:\/\/www.ahmadiyya-islam.org\/al\/wp-content\/uploads\/sites\/3\/2019\/09\/Footboll-300x225.jpg 300w, https:\/\/www.ahmadiyya-islam.org\/al\/wp-content\/uploads\/sites\/3\/2019\/09\/Footboll-768x576.jpg 768w\" sizes=\"auto, (max-width: 806px) 100vw, 806px\" \/>N\u00eb or\u00ebn 14:30 filloi sesioni p\u00ebrmbyll\u00ebs, i drejtuar nga z. Bujar Ramaj, me recitimin e Kuranit dhe p\u00ebrkthimin nga Besmir Yvejsi dhe betimin e Khuddamul-Ahmedia nga Ilirian Ibrahimi. Z. Bujar Ramaj n\u00eb fjal\u00ebn e tij b\u00ebri paraleliz\u00ebm mes sitemeve fizike dhe shpirt\u00ebrore q\u00eb ka krijuar Zoti i Madh\u00ebrish\u00ebm dhe tregoi faktin se t\u00eb dyja sisteme ngjasojn\u00eb me nj\u00ebri-tjetrin dhe se ato nuk kan\u00eb asnj\u00eb t\u00eb met\u00eb, si\u00e7 e shpjegon edhe Kurani Fam\u00eblart\u00eb n\u00eb suren El-Mulk. Ai gjithashtu tregoi se ne jemi fatlum\u00eb q\u00eb g\u00ebzojm\u00eb sistemin e Kalifatit q\u00eb buron nga sistemi shpirt\u00ebror i vendosur nga Vet\u00eb Zoti i Madh\u00ebrish\u00ebm. Ndryshe nga rinia n\u00ebp\u00ebr bot\u00eb q\u00eb po \u00e7orientohet p\u00ebr shkak t\u00eb munges\u00ebs s\u00eb nj\u00eb sistemi, rinia e Xhematit Musliman Ahmedia g\u00ebzon nj\u00eb synim dhe gjith\u00eb mekanizm\u00ebn p\u00ebr realizimin e k\u00ebtij synimi t\u00eb p\u00ebrmendur n\u00eb Kuranin Fam\u00eblart\u00eb:<\/p>\n<blockquote><p><strong>\u201c\u00c7do kush ka nj\u00eb synim, n\u00eb t\u00eb cilin ai \u00ebsht\u00eb i p\u00ebrqendruar, pra garoni n\u00eb mir\u00ebsi! Kudo q\u00eb t\u00eb gjendeni Allahu do t\u00eb ju mbledh\u00eb bashk\u00eb. Allahu me t\u00eb v\u00ebrtet\u00eb ka fuqi t\u00eb plot\u00eb mbi \u00e7do gj\u00eb q\u00eb d\u00ebshiron\u201d.<\/strong> (Surja El Bekara 2:149)<\/p><\/blockquote>\n<p><img loading=\"lazy\" decoding=\"async\" class=\"aligncenter size-full wp-image-10143\" src=\"https:\/\/www.ahmadiyya-islam.org\/al\/wp-content\/uploads\/sites\/3\/2019\/09\/Prizes-Albania-2019.jpg\" alt=\"\" width=\"990\" height=\"661\" srcset=\"https:\/\/www.ahmadiyya-islam.org\/al\/wp-content\/uploads\/sites\/3\/2019\/09\/Prizes-Albania-2019.jpg 990w, https:\/\/www.ahmadiyya-islam.org\/al\/wp-content\/uploads\/sites\/3\/2019\/09\/Prizes-Albania-2019-300x200.jpg 300w, https:\/\/www.ahmadiyya-islam.org\/al\/wp-content\/uploads\/sites\/3\/2019\/09\/Prizes-Albania-2019-768x513.jpg 768w\" sizes=\"auto, (max-width: 990px) 100vw, 990px\" \/>Ashtu edhe si\u00e7 pas \u00e7do gare ka fitues, xhemati shp\u00ebrndau \u00e7mimet dhe dhuratat p\u00ebr fituesit e garave, ku nuk munguan edhe \u00e7mimet inkurajuese.<\/p>\n<p>M\u00eb pas, Samad Ahmed Ghori, President i Xhematit Ahmedia t\u00eb Shqip\u00ebris\u00eb fal\u00ebnderoi t\u00eb gjith\u00eb pjes\u00ebmarr\u00ebsit, miqt\u00eb nga Kosova e Shqip\u00ebria, vullnetar\u00ebt q\u00eb punuan si dhe kryetaren e organizat\u00ebs Lexhna Imaillah (t\u00eb grave ahmediane) t\u00eb Shqip\u00ebrsi\u00eb dhe ekipin e saj p\u00ebr gatimin e ushqimit p\u00ebr 3 dit\u00eb radhazi.<\/p>\n<p>Aktiviteti u mbyll me nj\u00eb lutje t\u00eb heshtur t\u00eb drejtuar nga z. Bujar Ramaj.<\/p>\n","protected":false},"excerpt":{"rendered":"<p>\u201c\u00c7do kush ka nj\u00eb synim, n\u00eb t\u00eb cilin ai \u00ebsht\u00eb i p\u00ebrqendruar, pra garoni n\u00eb mir\u00ebsi! Kudo q\u00eb t\u00eb gjendeni Allahu do t\u00eb ju mbledh\u00eb bashk\u00eb. Allahu me t\u00eb v\u00ebrtet\u00eb ka fuqi t\u00eb plot\u00eb mbi \u00e7do gj\u00eb q\u00eb d\u00ebshiron\u201d. (Surja El Bekara 2:149)<\/p>\n","protected":false},"author":5,"featured_media":10144,"comment_status":"closed","ping_status":"closed","sticky":false,"template":"","format":"standard","meta":{"_acf_changed":false,"footnotes":""},"categories":[11],"tags":[],"authors":[],"content_source":[],"class_list":["post-10140","post","type-post","status-publish","format-standard","has-post-thumbnail","hentry","category-njoftim-per-shtyp","topics-ceshtjet-shoqerore","topics-ixhtima-garat"],"acf":[],"yoast_head":"<!-- This site is optimized with the Yoast SEO Premium plugin v21.1 (Yoast SEO v27.4) - https:\/\/yoast.com\/product\/yoast-seo-premium-wordpress\/ -->\n<title>Garat akademike dhe sportive \u2013 Ixhtimaja e 7-t\u00eb vjetore Shqip\u00ebri-Kosov\u00eb<\/title>\n<meta name=\"description\" content=\"Xhamia Bejtul-Evel \u201c\u00c7do kush ka nj\u00eb synim, n\u00eb t\u00eb cilin ai \u00ebsht\u00eb i p\u00ebrqendruar, pra garoni n\u00eb mir\u00ebsi! Kudo q\u00eb t\u00eb gjendeni Allahu do t\u00eb ju mbledh\u00eb bashk\u00eb. Allahu me t\u00eb v\u00ebrtet\u00eb ka fuqi t\u00eb plot\u00eb mbi \u00e7do gj\u00eb q\u00eb d\u00ebshiron\u201d. (Surja El Bekara 2:149)\" \/>\n<meta name=\"robots\" content=\"index, follow, max-snippet:-1, max-image-preview:large, max-video-preview:-1\" \/>\n<link rel=\"canonical\" href=\"https:\/\/www.ahmadiyya-islam.org\/al\/njoftim-per-shtyp\/garat-akademike-sportive-ixhtimaja-7-shqiperi-kosove\/\" \/>\n<meta property=\"og:locale\" content=\"sq_AL\" \/>\n<meta property=\"og:type\" content=\"article\" \/>\n<meta property=\"og:title\" content=\"Garat akademike dhe sportive \u2013 Ixhtimaja e 7-t\u00eb vjetore Shqip\u00ebri-Kosov\u00eb\" \/>\n<meta property=\"og:description\" content=\"Xhamia Bejtul-Evel \u201c\u00c7do kush ka nj\u00eb synim, n\u00eb t\u00eb cilin ai \u00ebsht\u00eb i p\u00ebrqendruar, pra garoni n\u00eb mir\u00ebsi! Kudo q\u00eb t\u00eb gjendeni Allahu do t\u00eb ju mbledh\u00eb bashk\u00eb. Allahu me t\u00eb v\u00ebrtet\u00eb ka fuqi t\u00eb plot\u00eb mbi \u00e7do gj\u00eb q\u00eb d\u00ebshiron\u201d. (Surja El Bekara 2:149)\" \/>\n<meta property=\"og:url\" content=\"https:\/\/www.ahmadiyya-islam.org\/al\/njoftim-per-shtyp\/garat-akademike-sportive-ixhtimaja-7-shqiperi-kosove\/\" \/>\n<meta property=\"og:site_name\" content=\"Xhemati Musliman Ahmedia\" \/>\n<meta property=\"article:published_time\" content=\"2019-09-10T10:31:00+00:00\" \/>\n<meta property=\"article:modified_time\" content=\"2021-05-17T18:50:15+00:00\" \/>\n<meta property=\"og:image\" content=\"https:\/\/www.ahmadiyya-islam.org\/al\/wp-content\/uploads\/sites\/3\/2019\/09\/Sports-Albania-2019.jpg\" \/>\n\t<meta property=\"og:image:width\" content=\"825\" \/>\n\t<meta property=\"og:image:height\" content=\"576\" \/>\n\t<meta property=\"og:image:type\" content=\"image\/jpeg\" \/>\n<meta name=\"author\" content=\"samad\" \/>\n<meta name=\"twitter:card\" content=\"summary_large_image\" \/>\n<meta name=\"twitter:label1\" content=\"Written by\" \/>\n\t<meta name=\"twitter:data1\" content=\"samad\" \/>\n\t<meta name=\"twitter:label2\" content=\"Est. reading time\" \/>\n\t<meta name=\"twitter:data2\" content=\"5 minutes\" \/>\n<script type=\"application\/ld+json\" class=\"yoast-schema-graph\">{\"@context\":\"https:\\\/\\\/schema.org\",\"@graph\":[{\"@type\":\"Article\",\"@id\":\"https:\\\/\\\/www.ahmadiyya-islam.org\\\/al\\\/njoftim-per-shtyp\\\/garat-akademike-sportive-ixhtimaja-7-shqiperi-kosove\\\/#article\",\"isPartOf\":{\"@id\":\"https:\\\/\\\/www.ahmadiyya-islam.org\\\/al\\\/njoftim-per-shtyp\\\/garat-akademike-sportive-ixhtimaja-7-shqiperi-kosove\\\/\"},\"author\":{\"name\":\"samad\",\"@id\":\"https:\\\/\\\/www.ahmadiyya-islam.org\\\/al\\\/#\\\/schema\\\/person\\\/5f18f059fde6d65fbdbffcced4741b8d\"},\"headline\":\"Garat akademike dhe sportive \u2013 Ixhtimaja e 7-t\u00eb vjetore Shqip\u00ebri-Kosov\u00eb\",\"datePublished\":\"2019-09-10T10:31:00+00:00\",\"dateModified\":\"2021-05-17T18:50:15+00:00\",\"mainEntityOfPage\":{\"@id\":\"https:\\\/\\\/www.ahmadiyya-islam.org\\\/al\\\/njoftim-per-shtyp\\\/garat-akademike-sportive-ixhtimaja-7-shqiperi-kosove\\\/\"},\"wordCount\":712,\"image\":{\"@id\":\"https:\\\/\\\/www.ahmadiyya-islam.org\\\/al\\\/njoftim-per-shtyp\\\/garat-akademike-sportive-ixhtimaja-7-shqiperi-kosove\\\/#primaryimage\"},\"thumbnailUrl\":\"https:\\\/\\\/www.ahmadiyya-islam.org\\\/al\\\/wp-content\\\/uploads\\\/sites\\\/3\\\/2019\\\/09\\\/Sports-Albania-2019.jpg\",\"articleSection\":[\"Njoftim p\u00ebr shtyp\"],\"inLanguage\":\"sq-AL\"},{\"@type\":\"WebPage\",\"@id\":\"https:\\\/\\\/www.ahmadiyya-islam.org\\\/al\\\/njoftim-per-shtyp\\\/garat-akademike-sportive-ixhtimaja-7-shqiperi-kosove\\\/\",\"url\":\"https:\\\/\\\/www.ahmadiyya-islam.org\\\/al\\\/njoftim-per-shtyp\\\/garat-akademike-sportive-ixhtimaja-7-shqiperi-kosove\\\/\",\"name\":\"Garat akademike dhe sportive \u2013 Ixhtimaja e 7-t\u00eb vjetore Shqip\u00ebri-Kosov\u00eb\",\"isPartOf\":{\"@id\":\"https:\\\/\\\/www.ahmadiyya-islam.org\\\/al\\\/#website\"},\"primaryImageOfPage\":{\"@id\":\"https:\\\/\\\/www.ahmadiyya-islam.org\\\/al\\\/njoftim-per-shtyp\\\/garat-akademike-sportive-ixhtimaja-7-shqiperi-kosove\\\/#primaryimage\"},\"image\":{\"@id\":\"https:\\\/\\\/www.ahmadiyya-islam.org\\\/al\\\/njoftim-per-shtyp\\\/garat-akademike-sportive-ixhtimaja-7-shqiperi-kosove\\\/#primaryimage\"},\"thumbnailUrl\":\"https:\\\/\\\/www.ahmadiyya-islam.org\\\/al\\\/wp-content\\\/uploads\\\/sites\\\/3\\\/2019\\\/09\\\/Sports-Albania-2019.jpg\",\"datePublished\":\"2019-09-10T10:31:00+00:00\",\"dateModified\":\"2021-05-17T18:50:15+00:00\",\"author\":{\"@id\":\"https:\\\/\\\/www.ahmadiyya-islam.org\\\/al\\\/#\\\/schema\\\/person\\\/5f18f059fde6d65fbdbffcced4741b8d\"},\"description\":\"Xhamia Bejtul-Evel \u201c\u00c7do kush ka nj\u00eb synim, n\u00eb t\u00eb cilin ai \u00ebsht\u00eb i p\u00ebrqendruar, pra garoni n\u00eb mir\u00ebsi! Kudo q\u00eb t\u00eb gjendeni Allahu do t\u00eb ju mbledh\u00eb bashk\u00eb. Allahu me t\u00eb v\u00ebrtet\u00eb ka fuqi t\u00eb plot\u00eb mbi \u00e7do gj\u00eb q\u00eb d\u00ebshiron\u201d. (Surja El Bekara 2:149)\",\"breadcrumb\":{\"@id\":\"https:\\\/\\\/www.ahmadiyya-islam.org\\\/al\\\/njoftim-per-shtyp\\\/garat-akademike-sportive-ixhtimaja-7-shqiperi-kosove\\\/#breadcrumb\"},\"inLanguage\":\"sq-AL\",\"potentialAction\":[{\"@type\":\"ReadAction\",\"target\":[\"https:\\\/\\\/www.ahmadiyya-islam.org\\\/al\\\/njoftim-per-shtyp\\\/garat-akademike-sportive-ixhtimaja-7-shqiperi-kosove\\\/\"]}]},{\"@type\":\"ImageObject\",\"inLanguage\":\"sq-AL\",\"@id\":\"https:\\\/\\\/www.ahmadiyya-islam.org\\\/al\\\/njoftim-per-shtyp\\\/garat-akademike-sportive-ixhtimaja-7-shqiperi-kosove\\\/#primaryimage\",\"url\":\"https:\\\/\\\/www.ahmadiyya-islam.org\\\/al\\\/wp-content\\\/uploads\\\/sites\\\/3\\\/2019\\\/09\\\/Sports-Albania-2019.jpg\",\"contentUrl\":\"https:\\\/\\\/www.ahmadiyya-islam.org\\\/al\\\/wp-content\\\/uploads\\\/sites\\\/3\\\/2019\\\/09\\\/Sports-Albania-2019.jpg\",\"width\":825,\"height\":576},{\"@type\":\"BreadcrumbList\",\"@id\":\"https:\\\/\\\/www.ahmadiyya-islam.org\\\/al\\\/njoftim-per-shtyp\\\/garat-akademike-sportive-ixhtimaja-7-shqiperi-kosove\\\/#breadcrumb\",\"itemListElement\":[{\"@type\":\"ListItem\",\"position\":1,\"name\":\"Home\",\"item\":\"https:\\\/\\\/www.ahmadiyya-islam.org\\\/al\\\/\"},{\"@type\":\"ListItem\",\"position\":2,\"name\":\"Garat akademike dhe sportive \u2013 Ixhtimaja e 7-t\u00eb vjetore Shqip\u00ebri-Kosov\u00eb\"}]},{\"@type\":\"WebSite\",\"@id\":\"https:\\\/\\\/www.ahmadiyya-islam.org\\\/al\\\/#website\",\"url\":\"https:\\\/\\\/www.ahmadiyya-islam.org\\\/al\\\/\",\"name\":\"Xhemati Musliman Ahmedia\",\"description\":\"Albania\",\"potentialAction\":[{\"@type\":\"SearchAction\",\"target\":{\"@type\":\"EntryPoint\",\"urlTemplate\":\"https:\\\/\\\/www.ahmadiyya-islam.org\\\/al\\\/?s={search_term_string}\"},\"query-input\":{\"@type\":\"PropertyValueSpecification\",\"valueRequired\":true,\"valueName\":\"search_term_string\"}}],\"inLanguage\":\"sq-AL\"},{\"@type\":\"Person\",\"@id\":\"https:\\\/\\\/www.ahmadiyya-islam.org\\\/al\\\/#\\\/schema\\\/person\\\/5f18f059fde6d65fbdbffcced4741b8d\",\"name\":\"samad\"}]}<\/script>\n<!-- \/ Yoast SEO Premium plugin. -->","yoast_head_json":{"title":"Garat akademike dhe sportive \u2013 Ixhtimaja e 7-t\u00eb vjetore Shqip\u00ebri-Kosov\u00eb","description":"Xhamia Bejtul-Evel \u201c\u00c7do kush ka nj\u00eb synim, n\u00eb t\u00eb cilin ai \u00ebsht\u00eb i p\u00ebrqendruar, pra garoni n\u00eb mir\u00ebsi! Kudo q\u00eb t\u00eb gjendeni Allahu do t\u00eb ju mbledh\u00eb bashk\u00eb. Allahu me t\u00eb v\u00ebrtet\u00eb ka fuqi t\u00eb plot\u00eb mbi \u00e7do gj\u00eb q\u00eb d\u00ebshiron\u201d. (Surja El Bekara 2:149)","robots":{"index":"index","follow":"follow","max-snippet":"max-snippet:-1","max-image-preview":"max-image-preview:large","max-video-preview":"max-video-preview:-1"},"canonical":"https:\/\/www.ahmadiyya-islam.org\/al\/njoftim-per-shtyp\/garat-akademike-sportive-ixhtimaja-7-shqiperi-kosove\/","og_locale":"sq_AL","og_type":"article","og_title":"Garat akademike dhe sportive \u2013 Ixhtimaja e 7-t\u00eb vjetore Shqip\u00ebri-Kosov\u00eb","og_description":"Xhamia Bejtul-Evel \u201c\u00c7do kush ka nj\u00eb synim, n\u00eb t\u00eb cilin ai \u00ebsht\u00eb i p\u00ebrqendruar, pra garoni n\u00eb mir\u00ebsi! Kudo q\u00eb t\u00eb gjendeni Allahu do t\u00eb ju mbledh\u00eb bashk\u00eb. Allahu me t\u00eb v\u00ebrtet\u00eb ka fuqi t\u00eb plot\u00eb mbi \u00e7do gj\u00eb q\u00eb d\u00ebshiron\u201d. (Surja El Bekara 2:149)","og_url":"https:\/\/www.ahmadiyya-islam.org\/al\/njoftim-per-shtyp\/garat-akademike-sportive-ixhtimaja-7-shqiperi-kosove\/","og_site_name":"Xhemati Musliman Ahmedia","article_published_time":"2019-09-10T10:31:00+00:00","article_modified_time":"2021-05-17T18:50:15+00:00","og_image":[{"width":825,"height":576,"url":"https:\/\/www.ahmadiyya-islam.org\/al\/wp-content\/uploads\/sites\/3\/2019\/09\/Sports-Albania-2019.jpg","type":"image\/jpeg"}],"author":"samad","twitter_card":"summary_large_image","twitter_misc":{"Written by":"samad","Est. reading time":"5 minutes"},"schema":{"@context":"https:\/\/schema.org","@graph":[{"@type":"Article","@id":"https:\/\/www.ahmadiyya-islam.org\/al\/njoftim-per-shtyp\/garat-akademike-sportive-ixhtimaja-7-shqiperi-kosove\/#article","isPartOf":{"@id":"https:\/\/www.ahmadiyya-islam.org\/al\/njoftim-per-shtyp\/garat-akademike-sportive-ixhtimaja-7-shqiperi-kosove\/"},"author":{"name":"samad","@id":"https:\/\/www.ahmadiyya-islam.org\/al\/#\/schema\/person\/5f18f059fde6d65fbdbffcced4741b8d"},"headline":"Garat akademike dhe sportive \u2013 Ixhtimaja e 7-t\u00eb vjetore Shqip\u00ebri-Kosov\u00eb","datePublished":"2019-09-10T10:31:00+00:00","dateModified":"2021-05-17T18:50:15+00:00","mainEntityOfPage":{"@id":"https:\/\/www.ahmadiyya-islam.org\/al\/njoftim-per-shtyp\/garat-akademike-sportive-ixhtimaja-7-shqiperi-kosove\/"},"wordCount":712,"image":{"@id":"https:\/\/www.ahmadiyya-islam.org\/al\/njoftim-per-shtyp\/garat-akademike-sportive-ixhtimaja-7-shqiperi-kosove\/#primaryimage"},"thumbnailUrl":"https:\/\/www.ahmadiyya-islam.org\/al\/wp-content\/uploads\/sites\/3\/2019\/09\/Sports-Albania-2019.jpg","articleSection":["Njoftim p\u00ebr shtyp"],"inLanguage":"sq-AL"},{"@type":"WebPage","@id":"https:\/\/www.ahmadiyya-islam.org\/al\/njoftim-per-shtyp\/garat-akademike-sportive-ixhtimaja-7-shqiperi-kosove\/","url":"https:\/\/www.ahmadiyya-islam.org\/al\/njoftim-per-shtyp\/garat-akademike-sportive-ixhtimaja-7-shqiperi-kosove\/","name":"Garat akademike dhe sportive \u2013 Ixhtimaja e 7-t\u00eb vjetore Shqip\u00ebri-Kosov\u00eb","isPartOf":{"@id":"https:\/\/www.ahmadiyya-islam.org\/al\/#website"},"primaryImageOfPage":{"@id":"https:\/\/www.ahmadiyya-islam.org\/al\/njoftim-per-shtyp\/garat-akademike-sportive-ixhtimaja-7-shqiperi-kosove\/#primaryimage"},"image":{"@id":"https:\/\/www.ahmadiyya-islam.org\/al\/njoftim-per-shtyp\/garat-akademike-sportive-ixhtimaja-7-shqiperi-kosove\/#primaryimage"},"thumbnailUrl":"https:\/\/www.ahmadiyya-islam.org\/al\/wp-content\/uploads\/sites\/3\/2019\/09\/Sports-Albania-2019.jpg","datePublished":"2019-09-10T10:31:00+00:00","dateModified":"2021-05-17T18:50:15+00:00","author":{"@id":"https:\/\/www.ahmadiyya-islam.org\/al\/#\/schema\/person\/5f18f059fde6d65fbdbffcced4741b8d"},"description":"Xhamia Bejtul-Evel \u201c\u00c7do kush ka nj\u00eb synim, n\u00eb t\u00eb cilin ai \u00ebsht\u00eb i p\u00ebrqendruar, pra garoni n\u00eb mir\u00ebsi! Kudo q\u00eb t\u00eb gjendeni Allahu do t\u00eb ju mbledh\u00eb bashk\u00eb. Allahu me t\u00eb v\u00ebrtet\u00eb ka fuqi t\u00eb plot\u00eb mbi \u00e7do gj\u00eb q\u00eb d\u00ebshiron\u201d. (Surja El Bekara 2:149)","breadcrumb":{"@id":"https:\/\/www.ahmadiyya-islam.org\/al\/njoftim-per-shtyp\/garat-akademike-sportive-ixhtimaja-7-shqiperi-kosove\/#breadcrumb"},"inLanguage":"sq-AL","potentialAction":[{"@type":"ReadAction","target":["https:\/\/www.ahmadiyya-islam.org\/al\/njoftim-per-shtyp\/garat-akademike-sportive-ixhtimaja-7-shqiperi-kosove\/"]}]},{"@type":"ImageObject","inLanguage":"sq-AL","@id":"https:\/\/www.ahmadiyya-islam.org\/al\/njoftim-per-shtyp\/garat-akademike-sportive-ixhtimaja-7-shqiperi-kosove\/#primaryimage","url":"https:\/\/www.ahmadiyya-islam.org\/al\/wp-content\/uploads\/sites\/3\/2019\/09\/Sports-Albania-2019.jpg","contentUrl":"https:\/\/www.ahmadiyya-islam.org\/al\/wp-content\/uploads\/sites\/3\/2019\/09\/Sports-Albania-2019.jpg","width":825,"height":576},{"@type":"BreadcrumbList","@id":"https:\/\/www.ahmadiyya-islam.org\/al\/njoftim-per-shtyp\/garat-akademike-sportive-ixhtimaja-7-shqiperi-kosove\/#breadcrumb","itemListElement":[{"@type":"ListItem","position":1,"name":"Home","item":"https:\/\/www.ahmadiyya-islam.org\/al\/"},{"@type":"ListItem","position":2,"name":"Garat akademike dhe sportive \u2013 Ixhtimaja e 7-t\u00eb vjetore Shqip\u00ebri-Kosov\u00eb"}]},{"@type":"WebSite","@id":"https:\/\/www.ahmadiyya-islam.org\/al\/#website","url":"https:\/\/www.ahmadiyya-islam.org\/al\/","name":"Xhemati Musliman Ahmedia","description":"Albania","potentialAction":[{"@type":"SearchAction","target":{"@type":"EntryPoint","urlTemplate":"https:\/\/www.ahmadiyya-islam.org\/al\/?s={search_term_string}"},"query-input":{"@type":"PropertyValueSpecification","valueRequired":true,"valueName":"search_term_string"}}],"inLanguage":"sq-AL"},{"@type":"Person","@id":"https:\/\/www.ahmadiyya-islam.org\/al\/#\/schema\/person\/5f18f059fde6d65fbdbffcced4741b8d","name":"samad"}]}},"_links":{"self":[{"href":"https:\/\/www.ahmadiyya-islam.org\/al\/wp-json\/wp\/v2\/posts\/10140","targetHints":{"allow":["GET"]}}],"collection":[{"href":"https:\/\/www.ahmadiyya-islam.org\/al\/wp-json\/wp\/v2\/posts"}],"about":[{"href":"https:\/\/www.ahmadiyya-islam.org\/al\/wp-json\/wp\/v2\/types\/post"}],"author":[{"embeddable":true,"href":"https:\/\/www.ahmadiyya-islam.org\/al\/wp-json\/wp\/v2\/users\/5"}],"replies":[{"embeddable":true,"href":"https:\/\/www.ahmadiyya-islam.org\/al\/wp-json\/wp\/v2\/comments?post=10140"}],"version-history":[{"count":0,"href":"https:\/\/www.ahmadiyya-islam.org\/al\/wp-json\/wp\/v2\/posts\/10140\/revisions"}],"wp:featuredmedia":[{"embeddable":true,"href":"https:\/\/www.ahmadiyya-islam.org\/al\/wp-json\/wp\/v2\/media\/10144"}],"wp:attachment":[{"href":"https:\/\/www.ahmadiyya-islam.org\/al\/wp-json\/wp\/v2\/media?parent=10140"}],"wp:term":[{"taxonomy":"category","embeddable":true,"href":"https:\/\/www.ahmadiyya-islam.org\/al\/wp-json\/wp\/v2\/categories?post=10140"},{"taxonomy":"post_tag","embeddable":true,"href":"https:\/\/www.ahmadiyya-islam.org\/al\/wp-json\/wp\/v2\/tags?post=10140"},{"taxonomy":"authors","embeddable":true,"href":"https:\/\/www.ahmadiyya-islam.org\/al\/wp-json\/wp\/v2\/authors?post=10140"},{"taxonomy":"content_source","embeddable":true,"href":"https:\/\/www.ahmadiyya-islam.org\/al\/wp-json\/wp\/v2\/content_source?post=10140"}],"curies":[{"name":"wp","href":"https:\/\/api.w.org\/{rel}","templated":true}]}}