{"id":7729,"date":"2018-06-06T10:18:44","date_gmt":"2018-06-06T10:18:44","guid":{"rendered":"https:\/\/www.ahmadiyya-islam.org\/al\/?post_type=articles&#038;p=7729"},"modified":"2022-04-27T13:51:37","modified_gmt":"2022-04-27T13:51:37","slug":"nata-e-kadrit","status":"publish","type":"articles","link":"https:\/\/www.ahmadiyya-islam.org\/al\/artikuj\/nata-e-kadrit\/","title":{"rendered":"Nata e Kadrit"},"content":{"rendered":"<h2>\u00c7far\u00eb \u00ebsht\u00eb Nata e Kadrit?<\/h2>\n<p>Nata e Kadrit \u00ebsht\u00eb nj\u00eb nd\u00ebr net\u00ebt e bekuara t\u00eb muajit <a href=\"https:\/\/www.ahmadiyya-islam.org\/al\/artikuj\/ne-brendesi-te-ramazanit\/\">Ramazan<\/a>, e cila gjendet n\u00eb dhjet\u00ebdit\u00ebshin e fundit t\u00eb tij. <a href=\"https:\/\/www.ahmadiyya-islam.org\/al\/librat\/hadithe-te-zgjedhura\/kurani-i-madherishem\/\">Kurani Fam\u00eblart\u00eb<\/a> dhe th\u00ebniet profetike tregojn\u00eb p\u00ebr r\u00ebnd\u00ebsin\u00eb dhe vlerat e m\u00ebdha q\u00eb p\u00ebrmban kjo nat\u00eb. Kurani ka nj\u00eb sure t\u00eb ve\u00e7ant\u00eb e cila mban k\u00ebt\u00eb em\u00ebr dhe p\u00ebrshkruan me holl\u00ebsi ve\u00e7orit\u00eb e saj.<\/p>\n<p><iframe loading=\"lazy\" title=\"Lutja e Nat\u00ebs s\u00eb Kadrit | Lutje p\u00ebr Nat\u00ebn e Kadrit | Lutje gjat\u00eb Ramazanit\" width=\"900\" height=\"506\" src=\"https:\/\/www.youtube.com\/embed\/ZHLCHzV1f0E?feature=oembed\" frameborder=\"0\" allow=\"accelerometer; autoplay; clipboard-write; encrypted-media; gyroscope; picture-in-picture\" allowfullscreen><\/iframe><\/p>\n<p>LEXONI: <a href=\"https:\/\/www.ahmadiyya-islam.org\/al\/pyetje\/kur-eshte-nata-e-kadrit-cilen-dite-duhet-te-agjerosh-per-naten-e-kadrit\/\"><strong>Kur \u00ebsht\u00eb Nata e Kadrit? Cil\u00ebn dit\u00eb duhet t\u00eb agj\u00ebrosh p\u00ebr Nat\u00ebn e Kadrit?<\/strong><\/a><\/p>\n<blockquote><p>\u201cMe emrin e Allahut, t\u00eb Gjith\u00ebm\u00ebshirshmit, M\u00ebshir\u00ebb\u00ebr\u00ebsit. Ne e kemi zbritur (Kuranin) n\u00eb Nat\u00ebn e Kadrit. E \u00e7ka di ti se \u00e7\u2019\u00ebsht\u00eb Nata e Kadrit? Nata e Kadrit \u00ebsht\u00eb m\u00eb e mir\u00eb se nj\u00ebmij\u00eb muaj. Engj\u00ebjt dhe Shpirti (Xhebraili), me lejen e Zotit t\u00eb tyre, zbresin n\u00eb k\u00ebt\u00eb Nat\u00eb, duke sjell\u00eb dekretin Hyjnor lidhur me \u00e7do \u00e7\u00ebshtje. (Pas zbritjes s\u00eb tyre) ka paqe deri n\u00eb lindjen e agimit\u201d.<a href=\"#_edn1\" name=\"_ednref1\"><strong>[1]<\/strong><\/a><\/p><\/blockquote>\n<ul>\n<li style=\"text-align: left;\"><a href=\"https:\/\/www.ahmadiyya-islam.org\/al\/kurani-shqip\/\"><strong>Lexoni Kuranin e Shenjt\u00eb Online n\u00eb shqip<\/strong><\/a><\/li>\n<\/ul>\n<ul>\n<li>Duke p\u00ebrdorur fjal\u00ebn \u0644\u064a\u0644\u0629 <em>(Lejlatun) <\/em>Allahu ka zgjeruar kuptimet e saj, e cila i referohet nj\u00eb periudhe t\u00eb err\u00ebt, q\u00eb shtrihet p\u00ebr nj\u00eb koh\u00eb t\u00eb gjat\u00eb.<\/li>\n<li>Fjala \u0642\u062f\u0631 <em>(Kadri) <\/em>tregon q\u00eb njer\u00ebzit nuk kan\u00eb vler\u00ebsuar ashtu si\u00e7 duhet fuqin\u00eb dhe favoret e Allahut.<\/li>\n<li>Nuk \u00ebsht\u00eb e v\u00ebrtet\u00eb q\u00eb njeriu t\u00eb gjendet gafil dhe i shkujdesur gjith\u00eb vitin nga adhurimi, dhe vet\u00ebm namazi dhe lutja e nj\u00eb nate t\u2019ia shlyejn\u00eb t\u00eb gjitha m\u00ebkatet. Nata m\u00eb e bekuar \u00ebsht\u00eb ajo q\u00eb sh\u00ebnon \u00e7lirimin e njeriut p\u00ebrgjithmon\u00eb nga prangat e m\u00ebkateve e p\u00ebr t\u2019u mos kthyer m\u00eb n\u00eb jet\u00ebn e papast\u00ebr.<\/li>\n<li>Fjal\u00ebt \u0647\u0649 \u062d\u062a\u0649 \u0645\u0637\u0644\u0639 \u0627\u0644\u0641\u062c\u0631 japin myzhde q\u00eb nata e Kadrit, p\u00ebrfundon n\u00eb zbardhjen e agimit, e cila u jep fund an\u00ebve t\u00eb err\u00ebta t\u00eb njeriut. P\u00ebrpjekjet dhe sakrificat e njeriut rezultojn\u00eb n\u00eb p\u00eblqimin e Allahut.<\/li>\n<li>Kur besimtari mundohet t\u00eb p\u00ebrmbush\u00eb detyr\u00ebn e tij ndaj Zotit me t\u00eb gjitha aft\u00ebsit\u00eb q\u00eb posedon, u bindet porosive t\u00eb Tij, dhe kalon muajin Ramazan n\u00eb adhurim, lutje, reflektim mbi Kuran dhe n\u00eb veprat q\u00eb e shpien drejt Zotit, at\u00ebher\u00eb si shp\u00ebrblim i jepet Nata e Kadrit. Zoti zbret nga Arshi dhe vjen pran\u00eb robit t\u00eb Tij, e p\u00ebrmes m\u00ebshir\u00ebs s\u00eb Tij t\u00eb pakufishme, e shp\u00ebton nga papast\u00ebrtia dhe i plot\u00ebson \u00e7do lutje.<\/li>\n<\/ul>\n<h2>Disa nga vlerat e Nat\u00ebs s\u00eb Kadrit<\/h2>\n<p>N\u00eb vijim do t&#8217;ju sjellim disa nga vlerat madh\u00ebshtore t\u00eb k\u00ebsaj nate t\u00eb bekuar.<\/p>\n<h2>Zbritja e Kuranit n\u00eb Nat\u00ebn e Kadrit<\/h2>\n<p>N\u00eb k\u00ebt\u00eb nat\u00eb, Zoti zbret m\u00ebshir\u00eb mbi rob\u00ebrit e Tij besimtar\u00eb, t\u00eb cil\u00ebt i n\u00ebnshtrohen me sinqeritet vullnetit t\u00eb Tij dhe k\u00ebrkojn\u00eb m\u00ebnyrat p\u00ebr t\u2019iu afruar Atij. Vlera m\u00eb e madhe e k\u00ebsaj nate \u00ebsht\u00eb q\u00eb n\u00eb t\u00eb zbriti libri m\u00eb madh\u00ebshtor, Kurani, mbi Profetin m\u00eb madh\u00ebshtor, Muhammedin s.a.v.s. Allahu thot\u00eb q\u00eb Kurani \u00ebsht\u00eb zbritur n\u00eb muajin Ramazan<a href=\"#_edn2\" name=\"_ednref2\">[2]<\/a> dhe n\u00eb nj\u00eb nat\u00eb t\u00eb bekuar<a href=\"#_edn3\" name=\"_ednref3\">[3]<\/a>.<\/p>\n<p>Kjo nat\u00eb vjen \u00e7do vit, p\u00ebr t\u00eb na kujtuar q\u00eb ta b\u00ebjm\u00eb Kuranin udh\u00ebrr\u00ebfyesin ton\u00eb drejt Allahut. Kjo nat\u00eb ka edhe vlera t\u00eb tjera, q\u00eb burojn\u00eb nga ana kuptimore dhe mb\u00ebshteten nga Kurani e hadhithi. Nata e Kadrit do t\u00eb thot\u00eb nata e caktimit apo fuqis\u00eb. Kjo nat\u00eb \u00ebsht\u00eb m\u00eb e mir\u00eb se 1000 muaj. Le t\u00eb dihet q\u00eb 1000 \u00ebsht\u00eb shifra m\u00eb e lart\u00eb numerike n\u00eb gjuh\u00ebn arabe.<a href=\"#_edn4\" name=\"_ednref4\">[4]<\/a> P\u00ebrpos k\u00ebsaj, 1000 muaj jan\u00eb t\u00eb barabart\u00eb me 83 vjet e kat\u00ebr muaj, pra kjo nat\u00eb \u00ebsht\u00eb m\u00eb e vlefshme se sa nj\u00eb jet\u00eb e t\u00ebr\u00eb e njeriut. N\u00eb k\u00ebt\u00eb nat\u00eb t\u00eb madhe, zbresin engj\u00ebjt n\u00eb tok\u00eb, duke p\u00ebrndar\u00eb m\u00ebshir\u00ebn dhe bekimet e Zotit.<\/p>\n<h2>K\u00ebrkim falje gjat\u00eb Nat\u00ebs s\u00eb Kadrit<\/h2>\n<p>I D\u00ebrguari i Allahut s.a.v.s. u ka t\u00ebrhequr v\u00ebmendjen musliman\u00ebve ndaj r\u00ebnd\u00ebsis\u00eb s\u00eb k\u00ebsaj nate p\u00ebrmes haditheve t\u00eb ndryshme. Disa prej tyre jan\u00eb si m\u00eb posht\u00eb:<\/p>\n<blockquote><p><img loading=\"lazy\" decoding=\"async\" class=\"aligncenter size-full wp-image-7730\" src=\"https:\/\/www.ahmadiyya-islam.org\/al\/wp-content\/uploads\/sites\/3\/2018\/06\/Hadith-1.jpg\" alt=\"Nata e Kadrit\" width=\"682\" height=\"96\" srcset=\"https:\/\/www.ahmadiyya-islam.org\/al\/wp-content\/uploads\/sites\/3\/2018\/06\/Hadith-1.jpg 682w, https:\/\/www.ahmadiyya-islam.org\/al\/wp-content\/uploads\/sites\/3\/2018\/06\/Hadith-1-300x42.jpg 300w\" sizes=\"auto, (max-width: 682px) 100vw, 682px\" \/> Ebu Hurejrah r.a. ka transmetuar se i D\u00ebrguari i Allahut s.a.v.s. ka th\u00ebn\u00eb: Kushdo q\u00eb falet n\u00eb Nat\u00ebn e Kadrit, me besim t\u00eb sinqert\u00eb dhe me shpres\u00eb n\u00eb shp\u00ebrblim, atij i falen t\u00eb gjitha m\u00ebkatet e m\u00ebparshme.<a href=\"#_edn5\" name=\"_ednref5\">[5]<\/a><\/p><\/blockquote>\n<p>Imam Neveviu r.a. ka komentuar k\u00ebt\u00eb hadith<em> dhe <\/em>ka th\u00ebn\u00eb q\u00eb fjala <em>iman <\/em>k\u00ebtu n\u00ebnkupton besimin e v\u00ebrtet\u00eb. Fjala <em>ihtisab<\/em> tregon q\u00eb robi duhet t\u00eb synoj\u00eb vet\u00ebm p\u00eblqimin e Zotit e jo t\u00eb sillet me shtir\u00ebsi apo t\u00eb veproj\u00eb n\u00eb nj\u00eb m\u00ebnyr\u00eb q\u00eb i kund\u00ebrvihet d\u00eblir\u00ebsis\u00eb. Nga fjala <em>kijam <\/em>n\u00ebnkuptohet falja e tehexhudit.<\/p>\n<ul>\n<li><span style=\"color: #ff0000;\"><a style=\"color: #ff0000;\" href=\"https:\/\/www.ahmadiyya-islam.org\/al\/lutjet\/10-lutjet-e-profetit-namazi-nates-tehexhud\/\"><strong>M\u00ebsoni\u00a010 lutjet e Profetit s.a. p\u00ebr namazin e nat\u00ebs (tehexhud)<\/strong><\/a><\/span><\/li>\n<\/ul>\n<p>I D\u00ebrguari i Allahut s.a.v.s. me an\u00eb t\u00eb porosive t\u00eb p\u00ebrs\u00ebritura, na ka nxitur t\u00eb mos jemi indiferent\u00eb dhe t\u00eb paditur nga vlerat e k\u00ebsaj nate, p\u00ebrkundrazi ta k\u00ebrkojm\u00eb at\u00eb me an\u00eb t\u00eb lutjes dhe <em>istikfarit<\/em> (k\u00ebrkim faljes).<\/p>\n<blockquote><p><img loading=\"lazy\" decoding=\"async\" class=\"aligncenter size-full wp-image-7731\" src=\"https:\/\/www.ahmadiyya-islam.org\/al\/wp-content\/uploads\/sites\/3\/2018\/06\/Hadith-2.jpg\" alt=\"Nata e Kadrit\" width=\"734\" height=\"165\" srcset=\"https:\/\/www.ahmadiyya-islam.org\/al\/wp-content\/uploads\/sites\/3\/2018\/06\/Hadith-2.jpg 734w, https:\/\/www.ahmadiyya-islam.org\/al\/wp-content\/uploads\/sites\/3\/2018\/06\/Hadith-2-300x67.jpg 300w\" sizes=\"auto, (max-width: 734px) 100vw, 734px\" \/><\/p>\n<p>Hazret Enesi r.a. ka rr\u00ebfyer se hyri muaji Ramazan dhe i D\u00ebrguari i Allahut s.a.v.s. tha: Ju ka ardhur ky muaj, n\u00eb t\u00eb cilin gjendet nj\u00eb nat\u00eb, e cila \u00ebsht\u00eb m\u00eb e mir\u00eb se nj\u00eb mij\u00eb muaj. Ai q\u00eb privohet prej saj, privohet nga \u00e7do e mir\u00eb dhe nuk privohet nga mir\u00ebsit\u00eb e saj, p\u00ebrve\u00e7 atij q\u00eb \u00ebsht\u00eb i mjer\u00eb.<a href=\"#_edn6\" name=\"_ednref6\">[6]<\/a><\/p><\/blockquote>\n<p>Dhjet\u00ebdit\u00ebshi i fundit i Ramazanit e gjente t\u00eb D\u00ebrguarin e Allahut s.a.v.s. duke b\u00ebr\u00eb p\u00ebrpjekje t\u00eb m\u00ebdha n\u00eb adhurim e n\u00eb vepra t\u00eb mira, q\u00eb nuk kishte b\u00ebr\u00eb m\u00eb par\u00eb. N\u00eb dhjet\u00ebdit\u00ebshin e fundit, Profeti s.a.v.s. largohej nga \u00e7do veprimtari tjet\u00ebr e i p\u00ebrkushtohej plot\u00ebsisht adhurimit t\u00eb Zotit duke b\u00ebr\u00eb <em>itikaf<\/em> n\u00eb xhami.<a href=\"#_edn7\" name=\"_ednref7\">[7]<\/a><\/p>\n<blockquote><p><img loading=\"lazy\" decoding=\"async\" class=\"aligncenter size-full wp-image-7732\" src=\"https:\/\/www.ahmadiyya-islam.org\/al\/wp-content\/uploads\/sites\/3\/2018\/06\/Hadith-3.jpg\" alt=\"Nata e Kadrit\" width=\"712\" height=\"101\" srcset=\"https:\/\/www.ahmadiyya-islam.org\/al\/wp-content\/uploads\/sites\/3\/2018\/06\/Hadith-3.jpg 712w, https:\/\/www.ahmadiyya-islam.org\/al\/wp-content\/uploads\/sites\/3\/2018\/06\/Hadith-3-300x43.jpg 300w\" sizes=\"auto, (max-width: 712px) 100vw, 712px\" \/><\/p>\n<p>N\u00ebna e besimtar\u00ebve Hazret Aisheja r.a. ka th\u00ebn\u00eb q\u00eb me hyrjen e dhjet\u00ebdit\u00ebshit t\u00eb fundit, i D\u00ebrguari i Allahut s.a.v.s. shtr\u00ebngonte rripin (mundohej shum\u00eb), i gjall\u00ebronte net\u00ebt (me adhurim) dhe e zgjonte familjen e tij (p\u00ebr namaze).<a href=\"#_edn8\" name=\"_ednref8\">[8]<\/a> \u00a0Hazret Ibni Abbasi r.a. gjithashtu ka d\u00ebshmuar q\u00eb i D\u00ebrguari i Allahut s.a.v.s. ishte njeriu m\u00eb i etsh\u00ebm p\u00ebr vepra t\u00eb mira, por gjat\u00eb muajit Ramazan, kjo d\u00ebshir\u00eb nuk njihte m\u00eb kufi, madje i ngjante asaj stuhie q\u00eb shnd\u00ebrrohet n\u00eb nj\u00eb furtun\u00eb t\u00eb madhe.<a href=\"#_edn9\" name=\"_ednref9\">[9]<\/a><\/p><\/blockquote>\n<h2>P\u00ebrse quhet Nata e Kadrit?<\/h2>\n<p>Sipas fjalorit t\u00eb famsh\u00ebm <em>Ekrabul Mevarid<\/em>, fjala <em>Kadr<\/em> \u0642\u062f\u0631 mbart k\u00ebto kuptime: Vler\u00eb e nj\u00eb sendi, fuqi, cil\u00ebsi, koh\u00eb apo afat i caktuar p\u00ebr nj\u00eb \u00e7\u00ebshtje, urdh\u00ebr, dekret, pushtet, nderim, ide etj.<\/p>\n<p>Sipas haditheve, n\u00eb k\u00ebt\u00eb nat\u00eb vendoset risku, fati, begatia, afatet dhe planet e Zotit mbi tok\u00eb. Engj\u00ebjt sh\u00ebnojn\u00eb p\u00ebr caktimin e \u00e7\u00ebshtjeve p\u00ebr vitin e ardhsh\u00ebm. <a href=\"https:\/\/www.ahmadiyya-islam.org\/al\/artikuj\/historiku-i-profecise-biri-i-premtuar-musleh-maud\/\">Hazret Kalifi II<\/a> t\u00eb Mesihut t\u00eb Premtuar r.a. ka th\u00ebn\u00eb:<\/p>\n<blockquote><p>\u201cNata e Kadrit n\u00ebnkupton at\u00eb nat\u00eb, n\u00eb t\u00eb cil\u00ebn p\u00ebrcaktohet fati i njeriut dhe vendoset se \u00e7far\u00eb do t\u00eb ndodh\u00eb me t\u00eb, gjat\u00eb vitit t\u00eb ardhsh\u00ebm. Deri n\u00eb \u00e7far\u00eb shkalle do t\u00eb rritet dhe do t\u00eb zhvillohet ai? \u00c7far\u00eb dobish do t\u00eb fitoj\u00eb dhe cilat humbje do t\u00eb p\u00ebsoj\u00eb? T\u00eb gjitha vendimet p\u00ebr zhvillimin e njeriut, merren n\u00eb k\u00ebt\u00eb nat\u00eb t\u00eb \u00a0err\u00ebt, nj\u00ebsoj si zhvillimet e tij fizike b\u00ebhen n\u00eb err\u00ebsir\u00eb\u201d.<a href=\"#_edn10\" name=\"_ednref10\">[10]<\/a><\/p><\/blockquote>\n<h2><strong>Kur bie Nata e Kadrit?<\/strong><\/h2>\n<p>Nata e Kadrit nuk ka nj\u00eb dat\u00eb t\u00eb caktuar. Megjithat\u00eb, ka hadithe t\u00eb shumta, t\u00eb cilat na ndihmojn\u00eb p\u00ebr t\u00eb arritur n\u00eb p\u00ebrfundim q\u00eb ne duhet ta k\u00ebrkojm\u00eb at\u00eb n\u00eb dhjet\u00ebdit\u00ebshin e fundit gjat\u00eb net\u00ebve teke. Ja disa prej tyre:<\/p>\n<blockquote><p><img loading=\"lazy\" decoding=\"async\" class=\"aligncenter wp-image-7733 size-full\" src=\"https:\/\/www.ahmadiyya-islam.org\/al\/wp-content\/uploads\/sites\/3\/2018\/06\/Hadith-4.jpg\" alt=\"Nata e Kadrit\" width=\"721\" height=\"198\" srcset=\"https:\/\/www.ahmadiyya-islam.org\/al\/wp-content\/uploads\/sites\/3\/2018\/06\/Hadith-4.jpg 721w, https:\/\/www.ahmadiyya-islam.org\/al\/wp-content\/uploads\/sites\/3\/2018\/06\/Hadith-4-300x82.jpg 300w\" sizes=\"auto, (max-width: 721px) 100vw, 721px\" \/><\/p>\n<p>Hazret Enesi r.a. ka transmetuar se e ka njoftuar Ubada bin es-Sameti r.a. q\u00eb nj\u00eb dit\u00eb i D\u00ebrguari i Allahut s.a.v.s. doli p\u00ebr t\u00eb njoftuar p\u00ebr (dat\u00ebn e) Nat\u00ebs s\u00eb Kadrit, por ndodhi q\u00eb dy musliman\u00eb po ziheshin me nj\u00ebri-tjetrin. I D\u00ebrguari i Allahut s.a.v.s. tha: \u201cUn\u00eb kisha dal\u00eb p\u00ebr t\u2019ju njoftuar rreth nat\u00ebs s\u00eb Kadrit, por ziheshin filani e filani, dhe ajo m\u00eb doli nga mendja. Ndoshta kjo \u00ebsht\u00eb m\u00eb mir\u00eb p\u00ebr ju. Tani k\u00ebrkojeni at\u00eb n\u00eb nat\u00ebn e 7-t\u00eb, 9-t\u00eb dhe 5-t\u00eb (t\u00eb dhjet\u00eb net\u00ebve t\u00eb fundit t\u00eb Ramazanit).<a href=\"#_edn11\" name=\"_ednref11\">[11]<\/a><\/p><\/blockquote>\n<p>Hazret Kalifi II i Xhematit Musliman Ahmedia r.a. ka komentuar k\u00ebt\u00eb hadith duke th\u00ebn\u00eb:<\/p>\n<blockquote><p>\u201cKjo ngjarje tregon q\u00eb koha s\u00eb cil\u00ebs i referohet Nata e kadrit, ka lidhje me unitetin dhe bashkimin popullor. Popullit q\u00eb i mungojn\u00eb uniteti dhe bashkimi, privohet edhe nga Nata e Kadrit\u201d.<a href=\"#_edn12\" name=\"_ednref12\">[12]<\/a><\/p><\/blockquote>\n<p><img loading=\"lazy\" decoding=\"async\" class=\"aligncenter size-full wp-image-7734\" src=\"https:\/\/www.ahmadiyya-islam.org\/al\/wp-content\/uploads\/sites\/3\/2018\/06\/Hadith-5.jpg\" alt=\"Nata e Kadrit\" width=\"712\" height=\"169\" srcset=\"https:\/\/www.ahmadiyya-islam.org\/al\/wp-content\/uploads\/sites\/3\/2018\/06\/Hadith-5.jpg 712w, https:\/\/www.ahmadiyya-islam.org\/al\/wp-content\/uploads\/sites\/3\/2018\/06\/Hadith-5-300x71.jpg 300w\" sizes=\"auto, (max-width: 712px) 100vw, 712px\" \/><\/p>\n<blockquote><p>Ibni Umeri r.a. ka transmetuar q\u00eb disa njer\u00ebzve u ishte shfaqur Nata e Kadrit n\u00eb shtat\u00eb net\u00ebt e fundit, nd\u00ebrsa disave u kishte dal\u00eb n\u00eb dhjet\u00eb net\u00ebt e fundit. I D\u00ebrguari i Allahut s.a.v.s. tha: \u201cK\u00ebrkojeni at\u00eb n\u00eb shtat\u00eb (net\u00ebt) e fundit (t\u00eb Ramazanit)\u201d.<a href=\"#_edn13\" name=\"_ednref13\">[13]<\/a><\/p><\/blockquote>\n<p>N\u00eb nj\u00eb hadith t\u00eb ngjash\u00ebm, nj\u00eb person kishte par\u00eb Nat\u00ebn e Kadrit m\u00eb 27 Ramazan. Profeti s.a.v.s. tha:<\/p>\n<blockquote><p><img loading=\"lazy\" decoding=\"async\" class=\"aligncenter size-full wp-image-7735\" src=\"https:\/\/www.ahmadiyya-islam.org\/al\/wp-content\/uploads\/sites\/3\/2018\/06\/Hadith-6.jpg\" alt=\"Nata e Kadrit\" width=\"693\" height=\"63\" srcset=\"https:\/\/www.ahmadiyya-islam.org\/al\/wp-content\/uploads\/sites\/3\/2018\/06\/Hadith-6.jpg 693w, https:\/\/www.ahmadiyya-islam.org\/al\/wp-content\/uploads\/sites\/3\/2018\/06\/Hadith-6-300x27.jpg 300w\" sizes=\"auto, (max-width: 693px) 100vw, 693px\" \/>\u201cUn\u00eb shoh q\u00eb \u00ebndrrat tuaja p\u00ebrputhen me nj\u00ebra-tjetr\u00ebn, prandaj k\u00ebrkojeni at\u00eb n\u00eb net\u00ebt teke t\u00eb dhjet\u00ebdit\u00ebshit t\u00eb fundit\u201d.<a href=\"#_edn14\" name=\"_ednref14\">[14]<\/a><\/p>\n<p><img loading=\"lazy\" decoding=\"async\" class=\"aligncenter size-full wp-image-7736\" src=\"https:\/\/www.ahmadiyya-islam.org\/al\/wp-content\/uploads\/sites\/3\/2018\/06\/Hadith-7.jpg\" alt=\"Nata e Kadrit\" width=\"718\" height=\"220\" srcset=\"https:\/\/www.ahmadiyya-islam.org\/al\/wp-content\/uploads\/sites\/3\/2018\/06\/Hadith-7.jpg 718w, https:\/\/www.ahmadiyya-islam.org\/al\/wp-content\/uploads\/sites\/3\/2018\/06\/Hadith-7-300x92.jpg 300w\" sizes=\"auto, (max-width: 718px) 100vw, 718px\" \/>Hazret Aisheja r.a. ka transmetuar q\u00eb i D\u00ebrguari i Allahut s.a.v.s. b\u00ebnte itikaf n\u00eb dhjet\u00ebdit\u00ebshin e fundit t\u00eb Ramazanit dhe thoshte \u201cK\u00ebrkoni Nat\u00ebn e Kadrit n\u00eb dhjet\u00ebdit\u00ebshin e fundit t\u00eb Ramazanit\u201d. N\u00eb transmetime t\u00eb tjera, jan\u00eb p\u00ebrmendur k\u00ebto fjal\u00eb: \u201cK\u00ebrkojeni at\u00eb n\u00eb dhjet\u00ebdit\u00ebshin e fundit, n\u00eb net\u00ebt teke\u201d.<\/p>\n<p><img loading=\"lazy\" decoding=\"async\" class=\"aligncenter size-full wp-image-7737\" src=\"https:\/\/www.ahmadiyya-islam.org\/al\/wp-content\/uploads\/sites\/3\/2018\/06\/Hadith-8.jpg\" alt=\"Nata e Kadrit\" width=\"714\" height=\"153\" srcset=\"https:\/\/www.ahmadiyya-islam.org\/al\/wp-content\/uploads\/sites\/3\/2018\/06\/Hadith-8.jpg 714w, https:\/\/www.ahmadiyya-islam.org\/al\/wp-content\/uploads\/sites\/3\/2018\/06\/Hadith-8-300x64.jpg 300w\" sizes=\"auto, (max-width: 714px) 100vw, 714px\" \/>Hazret Ibni Umeri r.a. transmeton se i D\u00ebrguari i Allahut s.a.v.s. ka th\u00ebn\u00eb: \u201cK\u00ebrkojeni at\u00eb d.m.th. Nat\u00ebn e Kadrit n\u00eb dhjet\u00ebdit\u00ebshin e fundit. N\u00ebse dikush nga ju ka qen\u00eb i s\u00ebmur\u00eb apo \u00ebsht\u00eb treguar i plog\u00ebsht (n\u00eb pjes\u00ebn e par\u00eb t\u00eb Ramazanit), ai nuk duhet t\u00eb lejoj\u00eb t\u00eb mposhtet prej tyre n\u00eb shtat\u00eb dit\u00eb t\u00eb mbetura\u201d.<a href=\"#_edn15\" name=\"_ednref15\">[15]<\/a><\/p><\/blockquote>\n<p>Po ashtu \u00ebsht\u00eb transmetuar se i D\u00ebrguari i Allahut s.a.v.s. ka th\u00ebn\u00eb p\u00ebr Nat\u00ebn e Kadrit q\u00eb ajo mund t\u00eb jet\u00eb nata 21-t\u00eb, 23-t\u00eb, 25-t\u00eb, 27-t\u00eb, 29-t\u00eb dhe nata e fundit prej Ramazanit.<a href=\"#_edn16\" name=\"_ednref16\">[16]<\/a><\/p>\n<p><img loading=\"lazy\" decoding=\"async\" class=\"aligncenter size-full wp-image-7738\" src=\"https:\/\/www.ahmadiyya-islam.org\/al\/wp-content\/uploads\/sites\/3\/2018\/06\/Hadith-9.jpg\" alt=\"Nata e Kadrit\" width=\"707\" height=\"119\" srcset=\"https:\/\/www.ahmadiyya-islam.org\/al\/wp-content\/uploads\/sites\/3\/2018\/06\/Hadith-9.jpg 707w, https:\/\/www.ahmadiyya-islam.org\/al\/wp-content\/uploads\/sites\/3\/2018\/06\/Hadith-9-300x50.jpg 300w\" sizes=\"auto, (max-width: 707px) 100vw, 707px\" \/>Transmetohet nga Mua\u2019vija bin Ebu Sufjani r.a. se i D\u00ebrguari i Allahut s.a.v.s. n\u00eb lidhje me Nat\u00ebn e Kadrit ka th\u00ebn\u00eb: \u201cNata e Kadrit \u00ebsht\u00eb nata e 27-t\u00eb\u201d.<a href=\"#_edn17\" name=\"_ednref17\">[17]<\/a><\/p>\n<p>Hazret Mirza Bashir Ahmed sahibi r.a. ka rr\u00ebfyer se Mesihu i Premtuar a.s. kishte th\u00ebn\u00eb q\u00eb n\u00ebse nata e 27-t\u00eb e Ramazanit q\u00ebllon t\u00eb jet\u00eb e xhuma, at\u00ebher\u00eb me mir\u00ebsin\u00eb e Zotit, n\u00eb p\u00ebrgjith\u00ebsi ajo rezulton t\u00eb jet\u00eb Nata e Kadrit.<a href=\"#_edn18\" name=\"_ednref18\">[18]\u00a0\u00a0<\/a>Ka aq shum\u00eb hadithe, q\u00eb e b\u00ebjn\u00eb t\u00eb pamundur p\u00ebrcaktimin e k\u00ebsaj nate. Prandaj, Imam Ibni Haxhar Askalani n\u00eb komentimin e tij ka sh\u00ebnuar 46 th\u00ebnie profetike q\u00eb p\u00ebrcaktojn\u00eb data t\u00eb ndryshme p\u00ebr Nat\u00ebn e Kadrit.<a href=\"#_edn19\" name=\"_ednref19\">[19]<\/a> Pasi q\u00eb p\u00ebrmend k\u00ebto hadithe, ai parashtron mendimin e tij me k\u00ebto fjal\u00eb:<\/p>\n<p><img loading=\"lazy\" decoding=\"async\" class=\"aligncenter size-full wp-image-7739\" src=\"https:\/\/www.ahmadiyya-islam.org\/al\/wp-content\/uploads\/sites\/3\/2018\/06\/Hadith-10.jpg\" alt=\"Nata e Kadrit\" width=\"703\" height=\"100\" srcset=\"https:\/\/www.ahmadiyya-islam.org\/al\/wp-content\/uploads\/sites\/3\/2018\/06\/Hadith-10.jpg 703w, https:\/\/www.ahmadiyya-islam.org\/al\/wp-content\/uploads\/sites\/3\/2018\/06\/Hadith-10-300x43.jpg 300w\" sizes=\"auto, (max-width: 703px) 100vw, 703px\" \/>\u201cNga t\u00eb gjitha k\u00ebto raste, m\u00eb i mundsh\u00ebm \u00ebsht\u00eb q\u00eb ajo (Nata e Kadrit) t\u00eb ndodhet n\u00eb net\u00ebt teke t\u00eb dhjet\u00ebdit\u00ebshit t\u00eb fundit. Ky gjykim \u00ebsht\u00eb p\u00ebrcjell\u00eb, duke u bazuar n\u00eb kuptimin e haditheve, q\u00eb jan\u00eb p\u00ebrmbledhur n\u00eb k\u00ebt\u00eb kapitull\u201d.<a href=\"#_edn20\" name=\"_ednref20\">[20]<\/a><\/p>\n<p>Pas k\u00ebtij gjykimi, Imam Ibni Haxhar tregon arsyen se p\u00ebrse kjo nat\u00eb kaq e madh\u00ebrishme \u00ebsht\u00eb l\u00ebn\u00eb n\u00eb fsheht\u00ebsi.<\/p>\n<blockquote><p><img loading=\"lazy\" decoding=\"async\" class=\"aligncenter wp-image-7740\" src=\"https:\/\/www.ahmadiyya-islam.org\/al\/wp-content\/uploads\/sites\/3\/2018\/06\/Hadith-11-300x81.png\" alt=\"Nata e Kadrit\" width=\"600\" height=\"163\" srcset=\"https:\/\/www.ahmadiyya-islam.org\/al\/wp-content\/uploads\/sites\/3\/2018\/06\/Hadith-11-300x81.png 300w, https:\/\/www.ahmadiyya-islam.org\/al\/wp-content\/uploads\/sites\/3\/2018\/06\/Hadith-11-768x208.png 768w, https:\/\/www.ahmadiyya-islam.org\/al\/wp-content\/uploads\/sites\/3\/2018\/06\/Hadith-11-1024x277.png 1024w, https:\/\/www.ahmadiyya-islam.org\/al\/wp-content\/uploads\/sites\/3\/2018\/06\/Hadith-11.png 1078w\" sizes=\"auto, (max-width: 600px) 100vw, 600px\" \/>\u201cDijetar\u00ebt kan\u00eb th\u00ebn\u00eb q\u00eb arsyeja pas fsheht\u00ebsis\u00eb s\u00eb Nat\u00ebs s\u00eb Kadrit \u00ebsht\u00eb q\u00eb t\u00eb nxiten p\u00ebrpjekjet p\u00ebr ta gjetur at\u00eb. Po t\u00eb ishte e caktuar kjo nat\u00eb, ajo do t\u00eb mbetej e kufizuar, nj\u00ebsoj si \u00e7asti n\u00eb dit\u00ebn e s\u00eb xhumas\u00eb. Kjo \u00ebsht\u00eb urt\u00ebsi q\u00eb vepron n\u00eb t\u00eb, derisa ka th\u00ebn\u00eb q\u00eb ajo ndodhej n\u00eb gjith\u00eb vitin, apo n\u00eb gjith\u00eb Ramazanin, apo n\u00eb gjith\u00eb dhjet\u00ebdit\u00ebshin e fundit apo ve\u00e7an\u00ebrisht n\u00eb net\u00ebt teke t\u00eb saj\u201d.<a href=\"#_edn21\" name=\"_ednref21\">[21]<\/a><\/p><\/blockquote>\n<h2>P\u00ebrse \u00ebsht\u00eb e fshehur Nata e Kadrit?<\/h2>\n<p>P\u00ebrse ajo \u00ebsht\u00eb mbajtur e fshehur nga besimtar\u00ebt dhe p\u00ebrse ata jan\u00eb porositur ta k\u00ebrkojn\u00eb at\u00eb n\u00eb dhjet\u00ebdit\u00ebshin e fundit t\u00eb Ramazanit?<\/p>\n<p>Sepse, duke mos e p\u00ebrcaktuar at\u00eb, Zoti me an\u00eb t\u00eb m\u00ebshir\u00ebs s\u00eb Tij, k\u00ebrkon q\u00eb besimtar\u00ebt t\u00eb tregojn\u00eb q\u00ebndrueshm\u00ebri n\u00eb adhurimet, lutjet dhe sakrificat e tyre, dhe t\u00eb shtojn\u00eb p\u00ebrpjekje p\u00ebr t\u00eb fituar mir\u00ebsin\u00eb dhe shp\u00ebrblimin prej Tij. N\u00eb k\u00ebt\u00eb m\u00ebnyr\u00eb, Zoti dallon rob\u00ebrit e Tij t\u00eb sinqert\u00eb t\u00eb cil\u00ebt garojn\u00eb me nj\u00ebri-tjetrin p\u00ebr vepra t\u00eb mira, prej atyre q\u00eb ndjekin verb\u00ebrisht disa tradita dhe u binden interesave t\u00eb tyre. N\u00ebse t\u00eb gjith\u00eb do t\u00eb dinin, me p\u00ebrpik\u00ebri, se kur do t\u00eb binte Nata e Kadrit, ata nuk do t\u00eb prisnin Ramazanin me t\u00eb nj\u00ebjtin entuziaz\u00ebm e gatishm\u00ebri.<\/p>\n<p><img loading=\"lazy\" decoding=\"async\" class=\"aligncenter wp-image-6908 size-large\" src=\"https:\/\/www.ahmadiyya-islam.org\/al\/wp-content\/uploads\/sites\/3\/2017\/10\/historia-ime-nje-puhi-ne-mes-te-1024x576.jpg\" alt=\"\" width=\"900\" height=\"506\" srcset=\"https:\/\/www.ahmadiyya-islam.org\/al\/wp-content\/uploads\/sites\/3\/2017\/10\/historia-ime-nje-puhi-ne-mes-te-1024x576.jpg 1024w, https:\/\/www.ahmadiyya-islam.org\/al\/wp-content\/uploads\/sites\/3\/2017\/10\/historia-ime-nje-puhi-ne-mes-te-400x225.jpg 400w, https:\/\/www.ahmadiyya-islam.org\/al\/wp-content\/uploads\/sites\/3\/2017\/10\/historia-ime-nje-puhi-ne-mes-te-300x169.jpg 300w, https:\/\/www.ahmadiyya-islam.org\/al\/wp-content\/uploads\/sites\/3\/2017\/10\/historia-ime-nje-puhi-ne-mes-te-768x432.jpg 768w, https:\/\/www.ahmadiyya-islam.org\/al\/wp-content\/uploads\/sites\/3\/2017\/10\/historia-ime-nje-puhi-ne-mes-te.jpg 1280w\" sizes=\"auto, (max-width: 900px) 100vw, 900px\" \/><\/p>\n<p>Ramazani vjen si pranver\u00eb n\u00eb jet\u00ebn e besimtar\u00ebve, dhe u fal atyre nj\u00eb gjall\u00ebri dhe forc\u00eb shpirt\u00ebrore. Ai motivon besimtar\u00ebt n\u00eb pun\u00eb t\u00eb mira, dhe ky p\u00ebrkushtim vjen duke u dendur n\u00eb dit\u00ebt n\u00eb vazhdim. Nata e Kadrit sh\u00ebrben si katalizator p\u00ebr t\u00eb ngritur shkall\u00ebn e mir\u00ebsis\u00eb t\u00eb mbar\u00eb shoq\u00ebris\u00eb besimtare n\u00eb pik\u00ebn m\u00eb t\u00eb skajshme.<\/p>\n<h2>Cilat jan\u00eb shenjat e Nat\u00ebs s\u00eb Kadrit?<\/h2>\n<p>Hazret <a href=\"https:\/\/www.ahmadiyya-islam.org\/al\/artikuj\/historiku-i-profecise-biri-i-premtuar-musleh-maud\/\">Kalifi i Dyt\u00eb<\/a> i Xhematit Musliman Ahmedia r.a. ka shkruar:<\/p>\n<p>\u201cA ekziston ndonj\u00eb shenj\u00eb q\u00eb t\u00eb kuptojm\u00eb se filan nat\u00eb n\u00eb Ramazan ishte Nata e Kadrit? Si p\u00ebrgjigje mund t\u00eb them q\u00eb n\u00eb baz\u00eb t\u00eb disa haditheve, m\u00ebsojm\u00eb q\u00eb at\u00eb nat\u00eb shkrepin pak vet\u00ebtima, fryn er\u00eb, bie shi i im\u00ebt \u00a0dhe shfaqet nj\u00eb rreze drite duke u ngritur lart. Ndon\u00ebse, vihet re q\u00eb shenjat e m\u00ebsip\u00ebrme n\u00eb p\u00ebrgjith\u00ebsi shfaqen, nd\u00ebrsa ajo e fundit (ngritja e nj\u00eb rreze drite) \u00ebsht\u00eb provuar vet\u00ebm nga njer\u00ebzit fisnik\u00eb, si nj\u00eb lloj vegimi (p\u00ebrjetim shpirt\u00ebror) e jo di\u00e7ka konkrete q\u00eb mund t\u00eb v\u00ebzhgohet nga \u00e7do njeri, megjithat\u00eb nuk \u00ebsht\u00eb e domosdoshme q\u00eb k\u00ebto shenja t\u00eb shfaqen patjet\u00ebr&#8230; M\u00ebnyra m\u00eb e drejt\u00eb \u00ebsht\u00eb q\u00eb besimtari t\u2019i lutet Zotit gjat\u00eb gjith\u00eb Ramazanit e t\u00eb agj\u00ebroj\u00eb me sinqeritet, dhe k\u00ebshtu Allahu ia shfaq nat\u00ebn e Kadrit n\u00eb nj\u00ebfar\u00eb m\u00ebnyre\u201d.<a href=\"#_edn22\" name=\"_ednref22\">[22]<\/a><\/p>\n<h2>Si duhet t\u00eb p\u00ebrgatitemi p\u00ebr Nat\u00ebn e Kadrit?<\/h2>\n<p>Mesihu i Premtuar a.s. ka th\u00ebn\u00eb q\u00eb Nata e Kadrit \u00ebsht\u00eb koha m\u00eb e \u00e7ilt\u00ebr n\u00eb jet\u00ebn e njeriut.<a href=\"#_edn23\" name=\"_ednref23\">[23]<\/a> Pra, kur njeriu rrezaton d\u00eblir\u00ebsin\u00eb dhe u bindet p\u00ebrul\u00ebsisht t\u00eb gjitha porosive t\u00eb Zotit, ai b\u00ebhet i aft\u00eb p\u00ebr t\u00eb t\u00ebrhequr bekimet e k\u00ebsaj nate. Robi mund t\u00eb p\u00ebrgatitet p\u00ebr k\u00ebt\u00eb nat\u00eb, duke agj\u00ebruar me sinqeritet, duke studiuar Kuranin e duke reflektuar mbi kuptimet e tij, duke b\u00ebr\u00eb lutje e duke k\u00ebrkuar falje p\u00ebr gabimet, duke b\u00ebr\u00eb sadaka e l\u00ebmosh\u00eb, duke hequr dor\u00eb nga \u00e7do veprim q\u00eb bie ndesh me q\u00ebllimin e Ramazanit dhe duke b\u00ebr\u00eb sa m\u00eb shum\u00eb vepra t\u00eb mira.<\/p>\n<h2>\u00c7far\u00eb duhet t\u00eb lutemi n\u00eb Nat\u00ebn e Kadrit?<\/h2>\n<p>Hazret Ajshja r.a. e pyeti t\u00eb D\u00ebrguarin e Allahut s.a.v.s.: \u201cN\u00ebse gjej Nat\u00ebn e Kadrit, \u00e7\u2019lutje duhet t\u00eb b\u00ebj?\u201d Ai i tregoi k\u00ebt\u00eb lutje:<\/p>\n<blockquote><p><img loading=\"lazy\" decoding=\"async\" class=\"aligncenter wp-image-7741\" src=\"https:\/\/www.ahmadiyya-islam.org\/al\/wp-content\/uploads\/sites\/3\/2018\/06\/Hadith-12.png\" alt=\"Nata e Kadrit\" width=\"603\" height=\"68\" srcset=\"https:\/\/www.ahmadiyya-islam.org\/al\/wp-content\/uploads\/sites\/3\/2018\/06\/Hadith-12.png 931w, https:\/\/www.ahmadiyya-islam.org\/al\/wp-content\/uploads\/sites\/3\/2018\/06\/Hadith-12-300x34.png 300w, https:\/\/www.ahmadiyya-islam.org\/al\/wp-content\/uploads\/sites\/3\/2018\/06\/Hadith-12-768x87.png 768w\" sizes=\"auto, (max-width: 603px) 100vw, 603px\" \/><em>Allahume inneke a&#8217;fuvun Kerimun tuhibbul a&#8217;fva faa&#8217;fu anni\u201d<br \/>\n<\/em>O Allah! Ti Je Fal\u00ebs, shum\u00eb Bujar. T\u00eb p\u00eblqen falja. M\u00eb fal mua!<a href=\"#_edn24\" name=\"_ednref24\">[24]<\/a><\/p><\/blockquote>\n<p>Sipas nj\u00eb transmetimi tjet\u00ebr, p\u00ebr nga veprat, dhjet\u00eb dit\u00ebt e fundit e muajit t\u00eb Ramazanit, jan\u00eb m\u00eb t\u00eb nderuara e m\u00eb t\u00eb dashura tek Allahu, prandaj robi duhet t\u2019i kaloj\u00eb ato duke kujtuar Allahun, duke recituar shehadetin, dhe duke madh\u00ebruar e lavd\u00ebruar sa m\u00eb shum\u00eb Allahun.<a href=\"#_edn25\" name=\"_ednref25\">[25]<\/a><\/p>\n<h2>Ai q\u00eb gjen Nat\u00ebn e Kadrit, nuk kthehet m\u00eb n\u00eb err\u00ebsira<\/h2>\n<p>Hazret Kalifi IV r.a. i Xhematit Musliman Ahmedia ka th\u00ebn\u00eb:<\/p>\n<blockquote><p>\u201cLidhur me Nat\u00ebn e Kadrit, jan\u00eb p\u00ebrhapur disa mendime q\u00eb nuk kan\u00eb asnj\u00eb lidhje me t\u00eb v\u00ebrtet\u00ebn. Sigurisht, n\u00eb Ramazan vjen nj\u00eb nat\u00eb, e cila p\u00ebrmban bekime t\u00eb jasht\u00ebzakonshme, dhe e cila p\u00ebrputhet me koh\u00ebn kur kishte filluar zbritja e Kuranit. Por, nuk do t\u00eb thot\u00eb assesi q\u00eb njeriu pasi ka gjetur k\u00ebt\u00eb nat\u00eb, t\u00eb kthehet s\u00ebrish n\u00eb nat\u00ebn e err\u00ebsirave, sepse kjo bie ndesh me konceptin e asaj nate.., q\u00eb \u00ebsht\u00eb p\u00ebrmendur n\u00eb at\u00eb sure t\u00eb Kuranit. Sipas saj, kjo nat\u00eb vijon pand\u00ebrprer\u00eb \u0647\u064a \u062d\u062a\u0649 \u0645\u0637\u0644\u0639 \u0627\u0644\u0641\u062c\u0631 derisa agon dita e mir\u00ebsive t\u00eb pashtershme. Pas k\u00ebsaj nate, nuk ekziston m\u00eb mund\u00ebsi p\u00ebr t\u2019u kthyer s\u00ebrish n\u00eb net\u00ebt e m\u00ebkateve, p\u00ebrkundrazi p\u00ebrhapet nj\u00eb shk\u00eblqim i p\u00ebrhersh\u00ebm, q\u00eb nuk ndahet m\u00eb nga besimtari\u201d.<a href=\"#_edn26\" name=\"_ednref26\">[26]<\/a><\/p><\/blockquote>\n<p>P\u00ebr ta arritur k\u00ebt\u00eb shkall\u00eb e p\u00ebr t\u00eb shkaktuar nj\u00eb revolucion t\u00eb till\u00eb shpirt\u00ebror n\u00eb qenien ton\u00eb, ne duhet t\u2019i dor\u00ebzohemi Zotit. Hazret Kalifi IV i Xhematit Musliman Ahmedia r.a. ka porositur:<\/p>\n<blockquote><p>\u201cGjunj\u00ebzohuni para Zotit me p\u00ebrul\u00ebsi dhe lutuni q\u00eb Ai t\u00eb ket\u00eb dhembshuri ndaj jush e t\u00eb ndieni ngroht\u00ebsin\u00eb e dashuris\u00eb n\u00eb dor\u00ebn e Tij. Lutuni q\u00eb Zoti me an\u00eb t\u00eb m\u00ebshir\u00ebs s\u00eb Tij, t\u00eb fal\u00eb m\u00ebkatet tona, t\u00eb harroj\u00eb shkujdesjen ton\u00eb dhe t\u00eb mbuloj\u00eb dob\u00ebsit\u00eb tona, edhe pse nuk jemi t\u00eb denj\u00eb p\u00ebr k\u00ebt\u00eb&#8230;<\/p>\n<p>Pra, drejtohuni Allahut p\u00ebr \u00e7do nevoj\u00eb, dhe mos shikoni nga njer\u00ebzit q\u00eb t\u2019ju plot\u00ebsojn\u00eb k\u00ebrkesat. Mos i shqet\u00ebsoni t\u00eb tjer\u00ebt. Keni p\u00ebr detyr\u00eb t\u2019i jepni fund \u00e7do p\u00ebshtjellimi dhe t\u00eb largoni dhimbjen e tyre. K\u00ebrkoni \u00e7do gj\u00eb prej Zotit, dhe at\u00eb q\u00eb fitoni prej Tij, shp\u00ebrndajeni mes njer\u00ebzve. N\u00eb k\u00ebt\u00eb m\u00ebnyr\u00eb, ata q\u00eb ende nuk jan\u00eb interesuar p\u00ebr Islamin, do t\u00eb shohin shk\u00eblqimin e k\u00ebtij revolucioni t\u00eb bukur. Allahu e mund\u00ebsoft\u00eb Xhematin Ahmedia p\u00ebr t\u00eb vepruar k\u00ebshtu!\u201d Amin!<a href=\"#_edn27\" name=\"_ednref27\">[27]<\/a><\/p><\/blockquote>\n<hr \/>\n<p><a href=\"#_ednref1\" name=\"_edn1\">[1]<\/a> Kurani Fam\u00eblart\u00eb 97:1-6<br \/>\n<a href=\"#_ednref2\" name=\"_edn2\">[2]<\/a> Kurani Fam\u00eblart\u00eb 2: 186<br \/>\n<a href=\"#_ednref3\" name=\"_edn3\">[3]<\/a> Kurani Fam\u00eblart\u00eb 44:4<br \/>\n<a href=\"#_ednref4\" name=\"_edn4\">[4]<\/a> <a href=\"https:\/\/www.alislam.org\/library\/articles\/Laylatul-Qadr.pdf\">www.alislam.org<\/a><br \/>\n<a href=\"#_ednref5\" name=\"_edn5\">[5]<\/a> Sahihu i Buhariut, nr. i hadithit 35<br \/>\n<a href=\"#_ednref6\" name=\"_edn6\">[6]<\/a> Sunen Ibni Maxha, v\u00ebll. I, libri 7, hadithi 1644<br \/>\n<a href=\"#_ednref7\" name=\"_edn7\">[7]<\/a> Sahihu i Buhariut, nr. i hadithit 2025<br \/>\n<a href=\"#_ednref8\" name=\"_edn8\">[8]<\/a> Sahihu i Buhariut, nr. i hadithit 2023<br \/>\n<a href=\"#_ednref9\" name=\"_edn9\">[9]<\/a> Sahihu i Buhariut, nr. i hadithit 3554<br \/>\n<a href=\"#_ednref10\" name=\"_edn10\">[10]<\/a> Khutbati Mahmud, viti 1936, f. 719<br \/>\n<a href=\"#_ednref11\" name=\"_edn11\">[11]<\/a> Sahihu i Buhariut, nr. i hadithit 49<br \/>\n<a href=\"#_ednref12\" name=\"_edn12\">[12]<\/a> Khutbati Mahmud, viti 1936, f. 719<br \/>\n<a href=\"#_ednref13\" name=\"_edn13\">[13]<\/a> Sahihu i Buhariut, nr. i hadithit 6991<br \/>\n<a href=\"#_ednref14\" name=\"_edn14\">[14]<\/a> Sahihu i Muslimit, nr. i hadithit 1165<br \/>\n<a href=\"#_ednref15\" name=\"_edn15\">[15]<\/a> Sahihu i Muslimit, nr. i hadithit 271<br \/>\n<a href=\"#_ednref16\" name=\"_edn16\">[16]<\/a> Tirmidhiu, nr. i hadithit 792<br \/>\n<a href=\"#_ednref17\" name=\"_edn17\">[17]<\/a> Sunen Ebu Davudi, nr. i hadithit 1386<br \/>\n<a href=\"#_ednref18\" name=\"_edn18\">[18]<\/a> Gazeta e p\u00ebrditshme \u201cAl-Fazal\u201d, 8 korrik 1950, Lahore<br \/>\n<a href=\"#_ednref19\" name=\"_edn19\">[19]<\/a> Fat\u2019hul Bari, v\u00ebll. 4, f. 263-266<br \/>\n<a href=\"#_ednref20\" name=\"_edn20\">[20]<\/a> Si m\u00eb sip\u00ebr, f. 266<br \/>\n<a href=\"#_ednref21\" name=\"_edn21\">[21]<\/a> Si m\u00eb sip\u00ebr, f. 266<br \/>\n<a href=\"#_ednref22\" name=\"_edn22\">[22]<\/a> Tefsir-e-Kabir, v\u00ebll. IX, f. 329<br \/>\n<a href=\"#_ednref23\" name=\"_edn23\">[23]<\/a> Melfuzat, v\u00ebll. I, f. 536, botuar n\u00eb Rabvah, Pakistan<br \/>\n<a href=\"#_ednref24\" name=\"_edn24\">[24]<\/a> Tirmidhiu, nr. i hadithit 205<br \/>\n<a href=\"#_ednref25\" name=\"_edn25\">[25]<\/a> Fjalimi i s\u00eb xhumas\u00eb, 14 n\u00ebntor 2003<br \/>\n<a href=\"#_ednref26\" name=\"_edn26\">[26]<\/a> Khutbati Tahir, v\u00ebll 4, fjalimi i s\u00eb xhumas\u00eb, 14 qershor 1985, f. 530-531<br \/>\n<a href=\"#_ednref27\" name=\"_edn27\">[27]<\/a> Gazeta e p\u00ebrditshme \u201cAl-Fazal\u201d, 28 janar 1982, f. 2-6, Rabvah<\/p>\n","protected":false},"excerpt":{"rendered":"<p>\u00c7far\u00eb \u00ebsht\u00eb Nata e Kadrit? Nata e Kadrit \u00ebsht\u00eb nj\u00eb nd\u00ebr net\u00ebt e bekuara t\u00eb muajit Ramazan, e cila gjendet n\u00eb dhjet\u00ebdit\u00ebshin e fundit t\u00eb tij. Kurani Fam\u00eblart\u00eb dhe th\u00ebniet profetike tregojn\u00eb p\u00ebr r\u00ebnd\u00ebsin\u00eb dhe vlerat e m\u00ebdha q\u00eb p\u00ebrmban kjo nat\u00eb. Kurani ka nj\u00eb sure t\u00eb ve\u00e7ant\u00eb e cila mban k\u00ebt\u00eb em\u00ebr dhe p\u00ebrshkruan<\/p>\n","protected":false},"featured_media":7742,"template":"","tags":[264],"authors":[459],"content_source":[],"class_list":["post-7729","articles","type-articles","status-publish","has-post-thumbnail","hentry","tag-nata-e-kadrit","topics-agjerimi","topics-ramazani","article-cat-artikuj","authors-shahid-ahmad-butt"],"acf":[],"yoast_head":"<!-- This site is optimized with the Yoast SEO Premium plugin v21.1 (Yoast SEO v27.4) - https:\/\/yoast.com\/product\/yoast-seo-premium-wordpress\/ -->\n<title>Kur \u00ebsht\u00eb Nata e Kadrit dhe cilat jan\u00eb vlerat e saj?<\/title>\n<meta name=\"description\" content=\"Nata e Kadrit kur bie? A ka nj\u00eb dat\u00eb t\u00eb caktuar ajo? Nj\u00eb studim i holl\u00ebsish\u00ebm p\u00ebr vlerat e Nat\u00ebs s\u00eb Kadrit dhe si duhet ta k\u00ebrkojm\u00eb at\u00eb? Si duhet t\u00eb lutemi n\u00eb Nat\u00ebn e Kadrit?\" \/>\n<meta name=\"robots\" content=\"index, follow, max-snippet:-1, max-image-preview:large, max-video-preview:-1\" \/>\n<link rel=\"canonical\" href=\"https:\/\/www.ahmadiyya-islam.org\/al\/artikuj\/nata-e-kadrit\/\" \/>\n<meta property=\"og:locale\" content=\"sq_AL\" \/>\n<meta property=\"og:type\" content=\"article\" \/>\n<meta property=\"og:title\" content=\"Nata e Kadrit\" \/>\n<meta property=\"og:description\" content=\"Nata e Kadrit kur bie? A ka nj\u00eb dat\u00eb t\u00eb caktuar ajo? Nj\u00eb studim i holl\u00ebsish\u00ebm p\u00ebr vlerat e Nat\u00ebs s\u00eb Kadrit dhe si duhet ta k\u00ebrkojm\u00eb at\u00eb? Si duhet t\u00eb lutemi n\u00eb Nat\u00ebn e Kadrit?\" \/>\n<meta property=\"og:url\" content=\"https:\/\/www.ahmadiyya-islam.org\/al\/artikuj\/nata-e-kadrit\/\" \/>\n<meta property=\"og:site_name\" content=\"Xhemati Musliman Ahmedia\" \/>\n<meta property=\"article:modified_time\" content=\"2022-04-27T13:51:37+00:00\" \/>\n<meta property=\"og:image\" content=\"https:\/\/www.ahmadiyya-islam.org\/al\/wp-content\/uploads\/sites\/3\/2018\/06\/pexels-photo-414727.jpeg\" \/>\n\t<meta property=\"og:image:width\" content=\"640\" \/>\n\t<meta property=\"og:image:height\" content=\"360\" \/>\n\t<meta property=\"og:image:type\" content=\"image\/jpeg\" \/>\n<meta name=\"twitter:card\" content=\"summary_large_image\" \/>\n<meta name=\"twitter:label1\" content=\"Est. reading time\" \/>\n\t<meta name=\"twitter:data1\" content=\"18 minutes\" \/>\n<script type=\"application\/ld+json\" class=\"yoast-schema-graph\">{\"@context\":\"https:\\\/\\\/schema.org\",\"@graph\":[{\"@type\":\"WebPage\",\"@id\":\"https:\\\/\\\/www.ahmadiyya-islam.org\\\/al\\\/artikuj\\\/nata-e-kadrit\\\/\",\"url\":\"https:\\\/\\\/www.ahmadiyya-islam.org\\\/al\\\/artikuj\\\/nata-e-kadrit\\\/\",\"name\":\"Kur \u00ebsht\u00eb Nata e Kadrit dhe cilat jan\u00eb vlerat e saj?\",\"isPartOf\":{\"@id\":\"https:\\\/\\\/www.ahmadiyya-islam.org\\\/al\\\/#website\"},\"primaryImageOfPage\":{\"@id\":\"https:\\\/\\\/www.ahmadiyya-islam.org\\\/al\\\/artikuj\\\/nata-e-kadrit\\\/#primaryimage\"},\"image\":{\"@id\":\"https:\\\/\\\/www.ahmadiyya-islam.org\\\/al\\\/artikuj\\\/nata-e-kadrit\\\/#primaryimage\"},\"thumbnailUrl\":\"https:\\\/\\\/www.ahmadiyya-islam.org\\\/al\\\/wp-content\\\/uploads\\\/sites\\\/3\\\/2018\\\/06\\\/pexels-photo-414727.jpeg\",\"datePublished\":\"2018-06-06T10:18:44+00:00\",\"dateModified\":\"2022-04-27T13:51:37+00:00\",\"description\":\"Nata e Kadrit kur bie? A ka nj\u00eb dat\u00eb t\u00eb caktuar ajo? Nj\u00eb studim i holl\u00ebsish\u00ebm p\u00ebr vlerat e Nat\u00ebs s\u00eb Kadrit dhe si duhet ta k\u00ebrkojm\u00eb at\u00eb? Si duhet t\u00eb lutemi n\u00eb Nat\u00ebn e Kadrit?\",\"breadcrumb\":{\"@id\":\"https:\\\/\\\/www.ahmadiyya-islam.org\\\/al\\\/artikuj\\\/nata-e-kadrit\\\/#breadcrumb\"},\"inLanguage\":\"sq-AL\",\"potentialAction\":[{\"@type\":\"ReadAction\",\"target\":[\"https:\\\/\\\/www.ahmadiyya-islam.org\\\/al\\\/artikuj\\\/nata-e-kadrit\\\/\"]}]},{\"@type\":\"ImageObject\",\"inLanguage\":\"sq-AL\",\"@id\":\"https:\\\/\\\/www.ahmadiyya-islam.org\\\/al\\\/artikuj\\\/nata-e-kadrit\\\/#primaryimage\",\"url\":\"https:\\\/\\\/www.ahmadiyya-islam.org\\\/al\\\/wp-content\\\/uploads\\\/sites\\\/3\\\/2018\\\/06\\\/pexels-photo-414727.jpeg\",\"contentUrl\":\"https:\\\/\\\/www.ahmadiyya-islam.org\\\/al\\\/wp-content\\\/uploads\\\/sites\\\/3\\\/2018\\\/06\\\/pexels-photo-414727.jpeg\",\"width\":640,\"height\":360,\"caption\":\"Nata e Kadrit\"},{\"@type\":\"BreadcrumbList\",\"@id\":\"https:\\\/\\\/www.ahmadiyya-islam.org\\\/al\\\/artikuj\\\/nata-e-kadrit\\\/#breadcrumb\",\"itemListElement\":[{\"@type\":\"ListItem\",\"position\":1,\"name\":\"Home\",\"item\":\"https:\\\/\\\/www.ahmadiyya-islam.org\\\/al\\\/\"},{\"@type\":\"ListItem\",\"position\":2,\"name\":\"Artikujt\",\"item\":\"https:\\\/\\\/www.ahmadiyya-islam.org\\\/al\\\/artikuj\\\/\"},{\"@type\":\"ListItem\",\"position\":3,\"name\":\"Nata e Kadrit\"}]},{\"@type\":\"WebSite\",\"@id\":\"https:\\\/\\\/www.ahmadiyya-islam.org\\\/al\\\/#website\",\"url\":\"https:\\\/\\\/www.ahmadiyya-islam.org\\\/al\\\/\",\"name\":\"Xhemati Musliman Ahmedia\",\"description\":\"Albania\",\"potentialAction\":[{\"@type\":\"SearchAction\",\"target\":{\"@type\":\"EntryPoint\",\"urlTemplate\":\"https:\\\/\\\/www.ahmadiyya-islam.org\\\/al\\\/?s={search_term_string}\"},\"query-input\":{\"@type\":\"PropertyValueSpecification\",\"valueRequired\":true,\"valueName\":\"search_term_string\"}}],\"inLanguage\":\"sq-AL\"}]}<\/script>\n<!-- \/ Yoast SEO Premium plugin. -->","yoast_head_json":{"title":"Kur \u00ebsht\u00eb Nata e Kadrit dhe cilat jan\u00eb vlerat e saj?","description":"Nata e Kadrit kur bie? A ka nj\u00eb dat\u00eb t\u00eb caktuar ajo? Nj\u00eb studim i holl\u00ebsish\u00ebm p\u00ebr vlerat e Nat\u00ebs s\u00eb Kadrit dhe si duhet ta k\u00ebrkojm\u00eb at\u00eb? Si duhet t\u00eb lutemi n\u00eb Nat\u00ebn e Kadrit?","robots":{"index":"index","follow":"follow","max-snippet":"max-snippet:-1","max-image-preview":"max-image-preview:large","max-video-preview":"max-video-preview:-1"},"canonical":"https:\/\/www.ahmadiyya-islam.org\/al\/artikuj\/nata-e-kadrit\/","og_locale":"sq_AL","og_type":"article","og_title":"Nata e Kadrit","og_description":"Nata e Kadrit kur bie? A ka nj\u00eb dat\u00eb t\u00eb caktuar ajo? Nj\u00eb studim i holl\u00ebsish\u00ebm p\u00ebr vlerat e Nat\u00ebs s\u00eb Kadrit dhe si duhet ta k\u00ebrkojm\u00eb at\u00eb? Si duhet t\u00eb lutemi n\u00eb Nat\u00ebn e Kadrit?","og_url":"https:\/\/www.ahmadiyya-islam.org\/al\/artikuj\/nata-e-kadrit\/","og_site_name":"Xhemati Musliman Ahmedia","article_modified_time":"2022-04-27T13:51:37+00:00","og_image":[{"width":640,"height":360,"url":"https:\/\/www.ahmadiyya-islam.org\/al\/wp-content\/uploads\/sites\/3\/2018\/06\/pexels-photo-414727.jpeg","type":"image\/jpeg"}],"twitter_card":"summary_large_image","twitter_misc":{"Est. reading time":"18 minutes"},"schema":{"@context":"https:\/\/schema.org","@graph":[{"@type":"WebPage","@id":"https:\/\/www.ahmadiyya-islam.org\/al\/artikuj\/nata-e-kadrit\/","url":"https:\/\/www.ahmadiyya-islam.org\/al\/artikuj\/nata-e-kadrit\/","name":"Kur \u00ebsht\u00eb Nata e Kadrit dhe cilat jan\u00eb vlerat e saj?","isPartOf":{"@id":"https:\/\/www.ahmadiyya-islam.org\/al\/#website"},"primaryImageOfPage":{"@id":"https:\/\/www.ahmadiyya-islam.org\/al\/artikuj\/nata-e-kadrit\/#primaryimage"},"image":{"@id":"https:\/\/www.ahmadiyya-islam.org\/al\/artikuj\/nata-e-kadrit\/#primaryimage"},"thumbnailUrl":"https:\/\/www.ahmadiyya-islam.org\/al\/wp-content\/uploads\/sites\/3\/2018\/06\/pexels-photo-414727.jpeg","datePublished":"2018-06-06T10:18:44+00:00","dateModified":"2022-04-27T13:51:37+00:00","description":"Nata e Kadrit kur bie? A ka nj\u00eb dat\u00eb t\u00eb caktuar ajo? Nj\u00eb studim i holl\u00ebsish\u00ebm p\u00ebr vlerat e Nat\u00ebs s\u00eb Kadrit dhe si duhet ta k\u00ebrkojm\u00eb at\u00eb? Si duhet t\u00eb lutemi n\u00eb Nat\u00ebn e Kadrit?","breadcrumb":{"@id":"https:\/\/www.ahmadiyya-islam.org\/al\/artikuj\/nata-e-kadrit\/#breadcrumb"},"inLanguage":"sq-AL","potentialAction":[{"@type":"ReadAction","target":["https:\/\/www.ahmadiyya-islam.org\/al\/artikuj\/nata-e-kadrit\/"]}]},{"@type":"ImageObject","inLanguage":"sq-AL","@id":"https:\/\/www.ahmadiyya-islam.org\/al\/artikuj\/nata-e-kadrit\/#primaryimage","url":"https:\/\/www.ahmadiyya-islam.org\/al\/wp-content\/uploads\/sites\/3\/2018\/06\/pexels-photo-414727.jpeg","contentUrl":"https:\/\/www.ahmadiyya-islam.org\/al\/wp-content\/uploads\/sites\/3\/2018\/06\/pexels-photo-414727.jpeg","width":640,"height":360,"caption":"Nata e Kadrit"},{"@type":"BreadcrumbList","@id":"https:\/\/www.ahmadiyya-islam.org\/al\/artikuj\/nata-e-kadrit\/#breadcrumb","itemListElement":[{"@type":"ListItem","position":1,"name":"Home","item":"https:\/\/www.ahmadiyya-islam.org\/al\/"},{"@type":"ListItem","position":2,"name":"Artikujt","item":"https:\/\/www.ahmadiyya-islam.org\/al\/artikuj\/"},{"@type":"ListItem","position":3,"name":"Nata e Kadrit"}]},{"@type":"WebSite","@id":"https:\/\/www.ahmadiyya-islam.org\/al\/#website","url":"https:\/\/www.ahmadiyya-islam.org\/al\/","name":"Xhemati Musliman Ahmedia","description":"Albania","potentialAction":[{"@type":"SearchAction","target":{"@type":"EntryPoint","urlTemplate":"https:\/\/www.ahmadiyya-islam.org\/al\/?s={search_term_string}"},"query-input":{"@type":"PropertyValueSpecification","valueRequired":true,"valueName":"search_term_string"}}],"inLanguage":"sq-AL"}]}},"_links":{"self":[{"href":"https:\/\/www.ahmadiyya-islam.org\/al\/wp-json\/wp\/v2\/articles\/7729","targetHints":{"allow":["GET"]}}],"collection":[{"href":"https:\/\/www.ahmadiyya-islam.org\/al\/wp-json\/wp\/v2\/articles"}],"about":[{"href":"https:\/\/www.ahmadiyya-islam.org\/al\/wp-json\/wp\/v2\/types\/articles"}],"wp:featuredmedia":[{"embeddable":true,"href":"https:\/\/www.ahmadiyya-islam.org\/al\/wp-json\/wp\/v2\/media\/7742"}],"wp:attachment":[{"href":"https:\/\/www.ahmadiyya-islam.org\/al\/wp-json\/wp\/v2\/media?parent=7729"}],"wp:term":[{"taxonomy":"post_tag","embeddable":true,"href":"https:\/\/www.ahmadiyya-islam.org\/al\/wp-json\/wp\/v2\/tags?post=7729"},{"taxonomy":"authors","embeddable":true,"href":"https:\/\/www.ahmadiyya-islam.org\/al\/wp-json\/wp\/v2\/authors?post=7729"},{"taxonomy":"content_source","embeddable":true,"href":"https:\/\/www.ahmadiyya-islam.org\/al\/wp-json\/wp\/v2\/content_source?post=7729"}],"curies":[{"name":"wp","href":"https:\/\/api.w.org\/{rel}","templated":true}]}}