{"id":7644,"date":"2018-04-21T13:03:09","date_gmt":"2018-04-21T13:03:09","guid":{"rendered":"https:\/\/www.ahmadiyya-islam.org\/al\/?post_type=articles&#038;p=7644"},"modified":"2019-08-14T10:39:18","modified_gmt":"2019-08-14T10:39:18","slug":"kujtimet-e-kalifit-per-prillin-e-vitit-2003","status":"publish","type":"articles","link":"https:\/\/www.ahmadiyya-islam.org\/al\/artikuj\/kujtimet-e-kalifit-per-prillin-e-vitit-2003\/","title":{"rendered":"Kujtimet e Kalifit p\u00ebr prillin e vitit 2003"},"content":{"rendered":"<p>Kalifi (Huzuri), Allahu e ndihmoft\u00eb fuqisht, rr\u00ebfen nj\u00eb gam\u00eb ngjarjesh jasht\u00ebzakonisht t\u00eb r\u00ebnd\u00ebsishme.<\/p>\n<p>Dit\u00ebt q\u00eb pasuan nd\u00ebrrimin e jet\u00ebs s\u00eb\u00a0<a href=\"https:\/\/www.ahmadiyya-islam.org\/al\/profilet\/hazret-mirza-tahir-ahmedi\/\" target=\"_blank\" rel=\"noopener noreferrer\">Hazret Kalifit t\u00eb Kat\u00ebrt t\u00eb Mesihut t\u00eb Premtuar r.a.<\/a> dhe para zgjedhjes s\u00eb Kalifit t\u00eb Pest\u00eb, ishin nj\u00eb sprov\u00eb p\u00ebr t\u00eb gjith\u00eb Xhematin. Shum\u00eb \u00ebsht\u00eb th\u00ebn\u00eb dhe \u00ebsht\u00eb shkruar p\u00ebr at\u00eb koh\u00eb dhe p\u00ebr brisht\u00ebsin\u00eb e saj, por ne gjithmon\u00eb mbet\u00ebm kureshtar\u00eb t\u00eb dinim se si i p\u00ebrjetoi <a href=\"https:\/\/www.ahmadiyya-islam.org\/al\/profilet\/hazret-mirza-masrur-ahmed-aba\/\" target=\"_blank\" rel=\"noopener noreferrer\">Hazret Mirza Masrur Ahmedi a.t.b.a.<\/a>. 15 vjet kan\u00eb kaluar n\u00eb k\u00ebt\u00eb kureshtje, por vet\u00ebm tani fal\u00eb gazet\u00ebs Al-Hakam, mora guximin p\u00ebr t\u00eb pyetur.<\/p>\n<p>Para pak dit\u00ebsh, n\u00eb nj\u00eb moment t\u00eb bekuar, e pyeta Huzurin a.t.b.a. p\u00ebr k\u00ebt\u00eb dhe Huzuri a.t.b.a. me shum\u00eb mir\u00ebsi hodhi drit\u00eb mbi t\u00eb. Nuk kam asnj\u00eb pretendim dhe p\u00ebrvoj\u00eb t\u00eb shpejtshkrimit, por Allahu m\u00eb mund\u00ebsoi t\u00eb sh\u00ebnoja \u00e7do fjal\u00eb q\u00eb Huzuri a.t.b.a. tha n\u00eb p\u00ebrgjigje. N\u00eb vijim \u00ebsht\u00eb p\u00ebrkthimi i rr\u00ebfimit t\u00eb Hazret Mirza Masrur Ahmedit, Kalif i Pest\u00eb i Mesihut t\u00eb Premtuar, rr\u00ebfim i cili shpalos ngjarjet mjaft interesante t\u00eb atyre dit\u00ebve.<\/p>\n<div id=\"attachment_7645\" style=\"width: 582px\" class=\"wp-caption aligncenter\"><img loading=\"lazy\" decoding=\"async\" aria-describedby=\"caption-attachment-7645\" class=\"size-full wp-image-7645\" src=\"https:\/\/www.ahmadiyya-islam.org\/al\/wp-content\/uploads\/sites\/3\/2018\/04\/mirza-masrur-ahmedi-para-se-te-behej-kalif.jpg\" alt=\"Kalifi xhemati\" width=\"572\" height=\"381\" srcset=\"https:\/\/www.ahmadiyya-islam.org\/al\/wp-content\/uploads\/sites\/3\/2018\/04\/mirza-masrur-ahmedi-para-se-te-behej-kalif.jpg 572w, https:\/\/www.ahmadiyya-islam.org\/al\/wp-content\/uploads\/sites\/3\/2018\/04\/mirza-masrur-ahmedi-para-se-te-behej-kalif-300x200.jpg 300w\" sizes=\"auto, (max-width: 572px) 100vw, 572px\" \/><p id=\"caption-attachment-7645\" class=\"wp-caption-text\">Hazret Mirza Masrur Ahmed, p\u00ebrpara se t\u00eb b\u00ebhej Kalif<\/p><\/div>\n<blockquote><p>\u201cU ktheva nga zyra ime n\u00eb sht\u00ebpi, ku do t\u00eb merrja vesh nga gruaja se Mijan Lukmani kishte thirrur nga Londra p\u00ebr t\u00eb th\u00ebn\u00eb se Hazret Kalifi i Kat\u00ebrt i Mesihut t\u00eb Premtuar r.a. nd\u00ebrroi jet\u00eb. Menj\u00ebher\u00eb telefonova dr. Nuri sahibin q\u00eb ishte n\u00eb Lond\u00ebr n\u00eb at\u00eb koh\u00eb, sepse ai ishte k\u00ebshilltar mjek\u00ebsor i Hazret Kalifit t\u00eb Kat\u00ebrt r.a.. M\u00eb konfirmoi lajmin trondit\u00ebs.<\/p>\n<p>Ky lajm erdhi si nj\u00eb tronditje e fort\u00eb. Dhimbja ishte e madhe, por ndjeshm\u00ebria e situat\u00ebs k\u00ebrkonte kontroll t\u00eb plot\u00eb t\u00eb emocioneve, pasi ishte nj\u00eb koh\u00eb sprove p\u00ebr t\u00eb gjith\u00eb Xhematin. Si <em>Nazir-e-A\u2019la<\/em> (Kryesekretar), ishte p\u00ebrgjegj\u00ebsia ime t\u00eb organizoja n\u00eb vazhdim nj\u00eb s\u00ebr\u00eb veprimtarish dhe t\u2019i mbik\u00ebqyrja.<\/p>\n<p>Thirra Sekretarin Privat t\u00eb Huzurit n\u00eb Lond\u00ebr, i cili, kuptova, se nuk ishte n\u00eb dijeni t\u00eb situat\u00ebs. I thash\u00eb p\u00ebr t\u00eb mbledhur t\u00eb gjitha detajet dhe p\u00ebr t\u00eb m\u2019i d\u00ebrguar sa m\u00eb shpejt t\u00eb jet\u00eb e mundur.<\/p>\n<p>Nd\u00ebrkoh\u00eb thirra nj\u00eb takim t\u00eb Komitetit <em>Ulia<\/em>, i cili p\u00ebrb\u00ebhej nga zyrtar\u00ebt kryesor\u00eb t\u00eb strukturave t\u00eb Xhematit, si\u00e7 jan\u00eb <em>Sadr Enxhuman Ahmedia<\/em>, <em>Tehrik-e-Xhedid<\/em> etj. U dhash\u00eb udh\u00ebzime p\u00ebr situat\u00ebn emergjente. Un\u00eb gjithashtu duhet t\u00eb sigurohesha q\u00eb t\u00eb gjith\u00eb an\u00ebtar\u00ebt e Kolegjit Elektoral t\u00eb ishin t\u00eb pajisur me vizat dhe gjithashtu duhet t\u00eb b\u00ebja p\u00ebrgatitjet p\u00ebr udh\u00ebtimin e tyre. Atyre q\u00eb u kishin skaduar vizat, sigurova t\u00eb pajiseshin me viz\u00eb sa m\u00eb shpejt\u00eb t\u00eb ishte mundur.<\/p>\n<p>Nd\u00ebrkoh\u00eb, m\u00eb erdh\u00ebn nga Sekretari Privat detajet e koh\u00ebs dhe t\u00eb shkakut t\u00eb nd\u00ebrrimit t\u00eb jet\u00ebs s\u00eb Huzurt r.a.. K\u00ebto ia transmetova Mijan Ahmed sahibit [i ndjeri Sahibzada Mirza Ghulam Ahmad sahib] bashk\u00eb me porosin\u00eb q\u00eb t\u00eb p\u00ebrgatiste nj\u00eb draft p\u00ebr t\u00eb b\u00ebr\u00eb njoftimin p\u00ebr t\u00eb gjitha xhematet n\u00eb mbar\u00eb bot\u00ebn. Ai ma solli draftin p\u00ebr miratim, i cili m\u00eb pas iu d\u00ebrgua t\u00eb gjitha xhemateve t\u00eb bot\u00ebs dhe gjithashtu u transmetua edhe n\u00eb MTA. Paraprakisht kisha porositur Sultan Mahmud Enver sahibin t\u00eb b\u00ebnte nj\u00eb njoftim formal n\u00eb xhamin\u00eb Mubarak pas namazit t\u00eb ikindis\u00eb.<\/p>\n<p>Ajo ishte nj\u00eb prov\u00eb e durimit. Nga nj\u00ebra an\u00eb, kisha breng\u00ebn e nd\u00ebrrimit t\u00eb jet\u00ebs s\u00eb Huzurit r.a. dhe nga ana tjet\u00ebr kisha p\u00ebrgjegj\u00ebsin\u00eb p\u00ebr t\u00eb p\u00ebrmbushur nj\u00eb detyr\u00eb vendimtare q\u00eb ma kishte besuar Huzuri r.a., detyr\u00ebn e mbik\u00ebqyrjes s\u00eb organizimit t\u00eb <em>Intikhab-e-Khilafat<\/em> [t\u00eb zgjedhjes s\u00eb Kalifit].<\/p>\n<p>Me k\u00ebto emocione t\u00eb p\u00ebrziera, u drejtova n\u00eb sht\u00ebpi p\u00ebr t\u2019u p\u00ebrgatitur p\u00ebr fluturimin tim p\u00ebr n\u00eb Lond\u00ebr. P\u00ebrgatitjet, meq\u00eb ra fjala, nuk ishin asgj\u00eb p\u00ebrve\u00e7se t\u00eb kapja disa rroba bashk\u00eb me dokumentet e udh\u00ebtimit dhe t\u00eb nisesha.<\/p>\n<p>Ngaq\u00eb do t\u00eb vijonin procedurat e viz\u00ebs p\u00ebr disa nga an\u00ebtar\u00ebt e Kolegjit Elektoral, u vendos q\u00eb an\u00ebtar\u00ebt t\u00eb ndaheshin n\u00eb dy grupe: nj\u00eb grup q\u00eb do t\u00eb fluturonin t\u00eb nj\u00ebjt\u00ebn dit\u00eb dhe grupi tjet\u00ebr t\u00eb nes\u00ebrmen, sapo t\u00eb pajiseshin me vizat.<\/p>\n<p>N\u00eb grupin e par\u00eb ishim un\u00eb, Mijan Khurshid sahib [i ndjeri Sahibzada Mirza Khurshid Ahmad sahib], Mijan Ahmad sahib [i ndjeri Sahibzada Mirza Ghulam Ahmad sahib] dhe Mijan Anas Ahmad sahib. Gjithsej ishim 14 an\u00ebtar\u00eb. U nis\u00ebm nga Rabvah p\u00ebr n\u00eb Lahor [Pakistan] p\u00ebr t\u00eb kapur avionin. Ishte nj\u00eb transit i shkurt\u00ebr n\u00eb Abu Dhabi, nga ku hip\u00ebm n\u00eb avionin p\u00ebr n\u00eb Lond\u00ebr.<\/p>\n<p>Q\u00eb nga Rabvah u kisha dh\u00ebn\u00eb udh\u00ebzime p\u00ebr larjen dhe p\u00ebr qefinin e xhenazes. Kur mb\u00ebrrit\u00ebm n\u00eb Lond\u00ebr, xhenazja ishte lar\u00eb, ishte qefinosur dhe ishte vendosur n\u00eb nj\u00eb arkivol. Huzurin e kishin vendosur n\u00eb sall\u00ebn Mahmud q\u00eb an\u00ebtar\u00ebt e Xhematit t\u2019i b\u00ebnin homazhe. Edhe un\u00eb, s\u00eb pari i b\u00ebra homazh k\u00ebtu n\u00eb sall\u00ebn Mahmud. Se \u00e7far\u00eb ndien nj\u00eb person kur e shikon Imamin e tij n\u00eb k\u00ebt\u00eb situat\u00eb, nuk mund t\u00eb p\u00ebrshkruhet n\u00eb fjal\u00eb. Por, ju mund ta imagjinoni. K\u00ebshtu q\u00eb, imagjinoni se \u00e7far\u00eb ishin ndjenjat e mia n\u00eb at\u00eb moment.<\/p>\n<p>Erdhi koha e namazit, andaj e fal\u00ebm namazin n\u00eb xhamin\u00eb Fazl. N\u00eb k\u00ebt\u00eb koh\u00eb, trupi i Huzurit u zhvendos n\u00eb nj\u00eb dhom\u00eb tjet\u00ebr, ngjitur me sall\u00ebn Mahmud. Un\u00eb shkova n\u00eb at\u00eb dhom\u00eb. Ato ishin momente t\u00eb \u00e7uditshme. N\u00eb dhom\u00eb ishte Huzuri r.a., un\u00eb dhe nj\u00eb qet\u00ebsi absolute. Ishte nj\u00eb atmosfer\u00eb sureale. Q\u00ebndrova atje, n\u00eb an\u00ebn e Huzurit r.a. p\u00ebr nj\u00eb koh\u00eb t\u00eb gjat\u00eb, duke u lutur p\u00ebr Huzurin r.a..<\/p>\n<p>Hazret Kalifi i Kat\u00ebrt i Mesihut t\u00eb Premtuar r.a.. kishte l\u00ebshuar nj\u00eb s\u00ebr\u00eb udh\u00ebzimesh shum\u00eb p\u00ebrpara nd\u00ebrrimit t\u00eb jet\u00ebs s\u00eb tij p\u00ebr nj\u00eb situat\u00eb t\u00eb till\u00eb t\u00eb jasht\u00ebzakonshme. Nj\u00eb klauzol\u00eb ishte se para se t\u00eb mb\u00ebrrinte <em>Nazir-e-A\u2019la<\/em> n\u00eb Lond\u00ebr, Emiri i Xhematit t\u00eb Britanis\u00eb s\u00eb Madhe do t\u00eb ishte si <em>Nazir-e-Ala Shtes\u00eb<\/em> p\u00ebr t\u00eb mbik\u00ebqyrur nd\u00ebrkaq organizimet e nevojshme. Pas mb\u00ebrritjes, mora p\u00ebrgjegj\u00ebsin\u00eb nga Emir sahibi i Britanis\u00eb s\u00eb Madhe dhe fillova procesin p\u00ebr thirrjen e Kolegjit Zgjedhor, funeralin, varrimin etj.. Koha ishte e shkurt\u00ebr. Shum\u00eb gj\u00ebra duhej t\u2019i b\u00ebja dhe \u00e7do detyr\u00eb k\u00ebrkonte kujdesin dhe v\u00ebmendjen maksimale.<\/p>\n<p>Me bekimin e ve\u00e7ant\u00eb t\u00eb Allahut, \u00e7do gj\u00eb u organizua n\u00eb koh\u00ebn e duhur. Ndjeva n\u00eb paqe q\u00eb e p\u00ebrmbusha detyr\u00ebn. \u00c7do moment kaloi n\u00eb lutje q\u00eb Allahu t\u2019i dhuronte Xhematit nj\u00eb Kalif t\u00eb ri dhe se un\u00eb dhe \u00e7do an\u00ebtar i Xhematit t\u00eb arrinte t\u2019i bindej Kalifit t\u00eb ri. \u00c7do moment kaloi n\u00eb lutje q\u00eb Allahu ta mbante Xhematin t\u00eb bashkuar.<\/p>\n<p>Kjo gjendje, pa dyshim, \u00ebsht\u00eb nj\u00eb gjendje e frik\u00ebs. K\u00ebshtu q\u00eb, sigurisht q\u00eb kishte frik\u00eb. Por kishte edhe besim t\u00eb pal\u00ebkundur n\u00eb premtimin e Allahut q\u00eb Ai do ta kthente k\u00ebt\u00eb gjendjen e frik\u00ebs n\u00eb siguri. Andaj, kisha besimi t\u00eb fuqish\u00ebm se Allahu do t\u2019i dhuronte Xhematit nj\u00eb Kalif dhe se frika jon\u00eb do t\u00eb z\u00ebvend\u00ebsohej me paqe.<\/p>\n<p>Pastaj erdhi koha e Zgjedhjes. Si an\u00ebtar, edhe un\u00eb hyra n\u00eb xhamin\u00eb Fazl, e cila ishte mbushur me an\u00ebtar\u00ebt e Kolegjit Elektoral. Q\u00ebndrova aty ku ishin k\u00ebpuc\u00ebt, bashk\u00eb me \u00c7aud\u2019hri Hamidullah sahibin p\u00ebr pak koh\u00eb. \u00c7aud\u2019hri sahibi, si zyrtari m\u00eb i lart\u00eb i Xhematit, do ta drejtonte Zgjedhjen. K\u00ebshtu q\u00eb, kur ai u thirr t\u00eb shkonte p\u00ebrpara, un\u00eb u ula aty ku q\u00ebndroja, n\u00eb pjes\u00eb e fundit t\u00eb xhamis\u00eb.<\/p>\n<p>Aureola e k\u00ebtij takimi ishte e till\u00eb, saq\u00eb nuk kisha guximin t\u00eb ngrija kok\u00ebn dhe t\u00eb shikoja rreth e p\u00ebrqark dhe nuk ma lejonte as nd\u00ebrgjegjja. Ishte nj\u00eb koh\u00eb shum\u00eb e brisht\u00eb! Teksa isha ulur me shikimin p\u00ebrdhe, u p\u00ebrmend emri im. Ndjeva frik\u00eb t\u00eb menj\u00ebhershme, andaj, vet\u00ebm e ula kok\u00ebn.<\/p>\n<p>Kur u num\u00ebruan votat dhe u b\u00eb njoftimi, isha i sigurt se kishte ndodhur ndonj\u00eb gabim gjat\u00eb num\u00ebrimit. Ajo q\u00eb ndodhi pas k\u00ebsaj, m\u00eb b\u00ebri t\u00eb dridhesha. Nuk kisha zgjidhje tjet\u00ebr p\u00ebrve\u00e7se ta pranoja dekretin e Zotit. M\u00eb pas u zhvillua <em>Bejti<\/em> dhe lutja e heshtur.<\/p>\n<p>Si ndihesha n\u00eb at\u00eb moment, e gjith\u00eb bota e pa n\u00eb MTA. Sikur t\u00eb m\u00eb kishte vendosur pesha e nj\u00eb mali mbi shpatullat e mia.<\/p>\n<p>Ishte mesnat\u00eb, madje pas mesnate, kur shkova n\u00eb sht\u00ebpin\u00eb num\u00ebr 41 [aty ku q\u00ebndroja n\u00eb at\u00eb koh\u00eb]. <strong>Atje n\u00eb dhom\u00eb time isha un\u00eb, err\u00ebsira e nat\u00ebs dhe bekimet e Zotit tim<\/strong>\u201d.<\/p><\/blockquote>\n<div id=\"attachment_7647\" style=\"width: 605px\" class=\"wp-caption aligncenter\"><img loading=\"lazy\" decoding=\"async\" aria-describedby=\"caption-attachment-7647\" class=\"wp-image-7647 size-full\" src=\"https:\/\/www.ahmadiyya-islam.org\/al\/wp-content\/uploads\/sites\/3\/2018\/04\/kalifi-pas-zgjedhjes.jpg\" alt=\"kalifi xhemati zgjedhjet\" width=\"595\" height=\"396\" srcset=\"https:\/\/www.ahmadiyya-islam.org\/al\/wp-content\/uploads\/sites\/3\/2018\/04\/kalifi-pas-zgjedhjes.jpg 595w, https:\/\/www.ahmadiyya-islam.org\/al\/wp-content\/uploads\/sites\/3\/2018\/04\/kalifi-pas-zgjedhjes-300x200.jpg 300w\" sizes=\"auto, (max-width: 595px) 100vw, 595px\" \/><p id=\"caption-attachment-7647\" class=\"wp-caption-text\">Menj\u00ebher\u00eb pas zgjedhjes s\u00eb tij si Kalif i Pest\u00eb i Mesihut t\u00eb Premtuar<\/p><\/div>\n<p>Huzur a.t.b.a. ndaloi k\u00ebtu. Isha i magjepsur kur i d\u00ebgjoja k\u00ebto detaje drejtp\u00ebrdrejt nga Huzuri dhe si i till\u00eb nuk dija t\u00eb pyesja p\u00ebr m\u00eb shum\u00eb detaje. Por n\u00eb at\u00eb moment t\u00eb \u00e7muar, ndjeva se u detyrohesha m\u00eb shum\u00eb lexuesve t\u00eb gazet\u00ebs Al-Hakam dhe k\u00ebshtu, mora guximin p\u00ebr t\u00eb mbledhur disa perla m\u00eb shum\u00eb. \u201c\u00c7far\u00eb mendimesh ju p\u00ebrshkonin, Huzur, kur po niseshit nga Rabvah?\u201d Udh\u00ebheq\u00ebsi yn\u00eb i dashur me p\u00ebrul\u00ebsin\u00eb e tij u p\u00ebrgjigj me nj\u00eb ton t\u00eb ul\u00ebt:<\/p>\n<blockquote><p>\u201cKaq shum\u00eb pun\u00eb kisha p\u00ebr t\u00eb b\u00ebr\u00eb p\u00ebrpara se t\u00eb nisesha, saq\u00eb nuk kam pasur shum\u00eb gj\u00ebra t\u00eb tjera n\u00eb mendje. Megjithat\u00eb, i thash\u00eb gruas sime q\u00eb n\u00eb dit\u00ebn e shtat\u00eb pas Zgjedhjes, do t\u2019i k\u00ebrkoja leje Kalifit t\u00eb ri p\u00ebr t\u2019u kthyer. Un\u00eb gjithashtu isha i p\u00ebrgatitur mend\u00ebrisht q\u00eb Kalifi i ri i Mesihut nuk do t\u00eb m\u00eb ngarkonte me t\u00eb nj\u00ebjt\u00ebn detyr\u00eb q\u00eb kisha. Por isha zotuar me vete se cilado detyr\u00eb t\u00eb m\u00eb jepej, do ta b\u00ebja me gjith\u00eb sinqeritetin e zemr\u00ebs dhe do t\u00eb kthehesha\u201d.<\/p><\/blockquote>\n<p><img loading=\"lazy\" decoding=\"async\" class=\"aligncenter size-full wp-image-7646\" src=\"https:\/\/www.ahmadiyya-islam.org\/al\/wp-content\/uploads\/sites\/3\/2018\/04\/hazret-mirza-masrur-ahmed.png\" alt=\"kalifi xhemati\" width=\"693\" height=\"511\" srcset=\"https:\/\/www.ahmadiyya-islam.org\/al\/wp-content\/uploads\/sites\/3\/2018\/04\/hazret-mirza-masrur-ahmed.png 693w, https:\/\/www.ahmadiyya-islam.org\/al\/wp-content\/uploads\/sites\/3\/2018\/04\/hazret-mirza-masrur-ahmed-300x221.png 300w\" sizes=\"auto, (max-width: 693px) 100vw, 693px\" \/>Mendova se kaq do t\u00eb d\u00ebgjoja prej tij. Por Udh\u00ebheq\u00ebsi im e ndjeu k\u00ebrsh\u00ebrin\u00eb time.<\/p>\n<blockquote><p>\u201cP\u00ebr k\u00ebt\u00eb m\u00eb pyesnit? \u00c7far\u00eb tjet\u00ebr doni t\u00eb d\u00ebgjoni?\u201d<\/p><\/blockquote>\n<p>E tha me dashuri t\u00eb madhe, dashuri q\u00eb t\u00eb jep guximin. E pyeta: \u201cJeta juaj duhet t\u00eb ket\u00eb ndryshuar n\u00eb m\u00ebnyr\u00eb drastike pasi u b\u00ebt\u00eb Kalif. Si ndihet kjo?\u201d P\u00ebrgjigjja ishte e thjesht\u00eb por drit\u00ebplot\u00eb.<\/p>\n<blockquote><p>\u201cAi moment ishte nj\u00eb kthes\u00eb e plot\u00eb n\u00eb jet\u00ebn time. Ajo q\u00eb kisha l\u00ebn\u00eb pas, mbeti aty, kurse ajo q\u00eb kam p\u00ebrpara, me vullnetin e Allahut, \u00ebsht\u00eb n\u00eb l\u00ebvizje konstante. Un\u00eb isha nj\u00eb njeri i lir\u00eb, m\u00eb p\u00eblqente t\u00eb mbillja fara dhe t\u00eb korrja drith\u00ebrat. Isha nj\u00eb bujk i thjesht\u00eb. Pastaj u em\u00ebrova si <em>Nazir-e-A\u2019la<\/em> dhe prej at\u00ebher\u00eb e tutje, m\u00eb duhej t\u00eb p\u00ebrmbushja p\u00ebrgjegj\u00ebsi administrative. M\u00eb pas Allahu m\u00eb ngarkoi me k\u00ebt\u00eb p\u00ebrgjegj\u00ebsi\u201d.<\/p><\/blockquote>\n<p>Teksa po dilja nga zyra e Huzurit a.t.b.a., isha n\u00eb nj\u00eb bot\u00eb t\u00eb \u00e7uditshme ndjenjash. Por, para syve t\u00eb mi ishin t\u00eb korrat q\u00eb kishin dal\u00eb nga farat e mbjella nga ky Kalif i madh, fara q\u00eb ai vazhdon t\u00eb mbjell\u00eb. Allahu gjithmon\u00eb i mbajtt\u00eb k\u00ebto bim\u00eb t\u00eb lul\u00ebzojn\u00eb p\u00ebrmes er\u00ebrave t\u00eb m\u00ebshir\u00ebs s\u00eb Tij dhe bujkut t\u00eb tyre i dh\u00ebnt\u00eb jet\u00eb t\u00eb gjat\u00eb! Amin!<\/p>\n<p style=\"text-align: right\">(Marr\u00eb nga e p\u00ebrjavshmja <a href=\"http:\/\/www.alhakam.org\/\" target=\"_blank\" rel=\"noopener noreferrer\">Al-Hakam<\/a>, e dat\u00ebs <a href=\"http:\/\/www.alhakam.org\/huzoors-recollections-april-2003-english-translation\" target=\"_blank\" rel=\"noopener noreferrer\">20 prill 2018<\/a>)<\/p>\n","protected":false},"excerpt":{"rendered":"<p>Dit\u00ebt q\u00eb pasuan nd\u00ebrrimin e jet\u00ebs s\u00eb\u00a0Hazret Kalifit t\u00eb Kat\u00ebrt t\u00eb Mesihut t\u00eb Premtuar r.a. dhe para zgjedhjes s\u00eb Kalifit t\u00eb Pest\u00eb, ishin nj\u00eb sprov\u00eb p\u00ebr t\u00eb gjith\u00eb Xhematin. Shum\u00eb \u00ebsht\u00eb th\u00ebn\u00eb dhe \u00ebsht\u00eb shkruar p\u00ebr at\u00eb koh\u00eb dhe p\u00ebr brisht\u00ebsin\u00eb e saj, por ne gjithmon\u00eb mbet\u00ebm kureshtar\u00eb t\u00eb dinim se si i p\u00ebrjetoi Hazret Mirza Masrur Ahmedi a.t.b.a.. 15 vjet kan\u00eb kaluar n\u00eb k\u00ebt\u00eb kureshtje, por vet\u00ebm tani fal\u00eb gazet\u00ebs Al-Hakam, mora guximin p\u00ebr t\u00eb pyetur.<\/p>\n","protected":false},"featured_media":7647,"template":"","tags":[],"authors":[464],"content_source":[555],"class_list":["post-7644","articles","type-articles","status-publish","has-post-thumbnail","hentry","topics-kalifati","topics-kalifati-ahmedia","article-cat-artikuj","authors-asif-m-basit","content_source-alhakam"],"acf":[],"yoast_head":"<!-- This site is optimized with the Yoast SEO Premium plugin v21.1 (Yoast SEO v27.4) - https:\/\/yoast.com\/product\/yoast-seo-premium-wordpress\/ -->\n<title>Kujtimet e Kalifit p\u00ebr prillin e vitit 2003<\/title>\n<meta name=\"description\" content=\"Dit\u00ebt q\u00eb pasuan nd\u00ebrrimin e jet\u00ebs s\u00eb\u00a0Hazret Kalifit t\u00eb Kat\u00ebrt t\u00eb Mesihut t\u00eb Premtuar r.a. dhe para zgjedhjes s\u00eb Kalifit t\u00eb Pest\u00eb, ishin nj\u00eb sprov\u00eb p\u00ebr t\u00eb gjith\u00eb Xhematin. Shum\u00eb \u00ebsht\u00eb th\u00ebn\u00eb dhe \u00ebsht\u00eb shkruar p\u00ebr at\u00eb koh\u00eb dhe p\u00ebr brisht\u00ebsin\u00eb e saj, por ne gjithmon\u00eb mbet\u00ebm kureshtar\u00eb t\u00eb dinim se si i p\u00ebrjetoi Hazret Mirza Masrur Ahmedi a.t.b.a.. 15 vjet kan\u00eb kaluar n\u00eb k\u00ebt\u00eb kureshtje, por vet\u00ebm tani fal\u00eb gazet\u00ebs Al-Hakam, mora guximin p\u00ebr t\u00eb pyetur.\" \/>\n<meta name=\"robots\" content=\"index, follow, max-snippet:-1, max-image-preview:large, max-video-preview:-1\" \/>\n<link rel=\"canonical\" href=\"https:\/\/www.ahmadiyya-islam.org\/al\/artikuj\/kujtimet-e-kalifit-per-prillin-e-vitit-2003\/\" \/>\n<meta property=\"og:locale\" content=\"sq_AL\" \/>\n<meta property=\"og:type\" content=\"article\" \/>\n<meta property=\"og:title\" content=\"Kujtimet e Kalifit p\u00ebr prillin e vitit 2003\" \/>\n<meta property=\"og:description\" content=\"Dit\u00ebt q\u00eb pasuan nd\u00ebrrimin e jet\u00ebs s\u00eb\u00a0Hazret Kalifit t\u00eb Kat\u00ebrt t\u00eb Mesihut t\u00eb Premtuar r.a. dhe para zgjedhjes s\u00eb Kalifit t\u00eb Pest\u00eb, ishin nj\u00eb sprov\u00eb p\u00ebr t\u00eb gjith\u00eb Xhematin. Shum\u00eb \u00ebsht\u00eb th\u00ebn\u00eb dhe \u00ebsht\u00eb shkruar p\u00ebr at\u00eb koh\u00eb dhe p\u00ebr brisht\u00ebsin\u00eb e saj, por ne gjithmon\u00eb mbet\u00ebm kureshtar\u00eb t\u00eb dinim se si i p\u00ebrjetoi Hazret Mirza Masrur Ahmedi a.t.b.a.. 15 vjet kan\u00eb kaluar n\u00eb k\u00ebt\u00eb kureshtje, por vet\u00ebm tani fal\u00eb gazet\u00ebs Al-Hakam, mora guximin p\u00ebr t\u00eb pyetur.\" \/>\n<meta property=\"og:url\" content=\"https:\/\/www.ahmadiyya-islam.org\/al\/artikuj\/kujtimet-e-kalifit-per-prillin-e-vitit-2003\/\" \/>\n<meta property=\"og:site_name\" content=\"Xhemati Musliman Ahmedia\" \/>\n<meta property=\"article:modified_time\" content=\"2019-08-14T10:39:18+00:00\" \/>\n<meta property=\"og:image\" content=\"https:\/\/www.ahmadiyya-islam.org\/al\/wp-content\/uploads\/sites\/3\/2018\/04\/kalifi-pas-zgjedhjes.jpg\" \/>\n\t<meta property=\"og:image:width\" content=\"595\" \/>\n\t<meta property=\"og:image:height\" content=\"396\" \/>\n\t<meta property=\"og:image:type\" content=\"image\/jpeg\" \/>\n<meta name=\"twitter:card\" content=\"summary_large_image\" \/>\n<meta name=\"twitter:label1\" content=\"Est. reading time\" \/>\n\t<meta name=\"twitter:data1\" content=\"10 minutes\" \/>\n<script type=\"application\/ld+json\" class=\"yoast-schema-graph\">{\"@context\":\"https:\\\/\\\/schema.org\",\"@graph\":[{\"@type\":\"WebPage\",\"@id\":\"https:\\\/\\\/www.ahmadiyya-islam.org\\\/al\\\/artikuj\\\/kujtimet-e-kalifit-per-prillin-e-vitit-2003\\\/\",\"url\":\"https:\\\/\\\/www.ahmadiyya-islam.org\\\/al\\\/artikuj\\\/kujtimet-e-kalifit-per-prillin-e-vitit-2003\\\/\",\"name\":\"Kujtimet e Kalifit p\u00ebr prillin e vitit 2003\",\"isPartOf\":{\"@id\":\"https:\\\/\\\/www.ahmadiyya-islam.org\\\/al\\\/#website\"},\"primaryImageOfPage\":{\"@id\":\"https:\\\/\\\/www.ahmadiyya-islam.org\\\/al\\\/artikuj\\\/kujtimet-e-kalifit-per-prillin-e-vitit-2003\\\/#primaryimage\"},\"image\":{\"@id\":\"https:\\\/\\\/www.ahmadiyya-islam.org\\\/al\\\/artikuj\\\/kujtimet-e-kalifit-per-prillin-e-vitit-2003\\\/#primaryimage\"},\"thumbnailUrl\":\"https:\\\/\\\/www.ahmadiyya-islam.org\\\/al\\\/wp-content\\\/uploads\\\/sites\\\/3\\\/2018\\\/04\\\/kalifi-pas-zgjedhjes.jpg\",\"datePublished\":\"2018-04-21T13:03:09+00:00\",\"dateModified\":\"2019-08-14T10:39:18+00:00\",\"description\":\"Dit\u00ebt q\u00eb pasuan nd\u00ebrrimin e jet\u00ebs s\u00eb\u00a0Hazret Kalifit t\u00eb Kat\u00ebrt t\u00eb Mesihut t\u00eb Premtuar r.a. dhe para zgjedhjes s\u00eb Kalifit t\u00eb Pest\u00eb, ishin nj\u00eb sprov\u00eb p\u00ebr t\u00eb gjith\u00eb Xhematin. Shum\u00eb \u00ebsht\u00eb th\u00ebn\u00eb dhe \u00ebsht\u00eb shkruar p\u00ebr at\u00eb koh\u00eb dhe p\u00ebr brisht\u00ebsin\u00eb e saj, por ne gjithmon\u00eb mbet\u00ebm kureshtar\u00eb t\u00eb dinim se si i p\u00ebrjetoi Hazret Mirza Masrur Ahmedi a.t.b.a.. 15 vjet kan\u00eb kaluar n\u00eb k\u00ebt\u00eb kureshtje, por vet\u00ebm tani fal\u00eb gazet\u00ebs Al-Hakam, mora guximin p\u00ebr t\u00eb pyetur.\",\"breadcrumb\":{\"@id\":\"https:\\\/\\\/www.ahmadiyya-islam.org\\\/al\\\/artikuj\\\/kujtimet-e-kalifit-per-prillin-e-vitit-2003\\\/#breadcrumb\"},\"inLanguage\":\"sq-AL\",\"potentialAction\":[{\"@type\":\"ReadAction\",\"target\":[\"https:\\\/\\\/www.ahmadiyya-islam.org\\\/al\\\/artikuj\\\/kujtimet-e-kalifit-per-prillin-e-vitit-2003\\\/\"]}]},{\"@type\":\"ImageObject\",\"inLanguage\":\"sq-AL\",\"@id\":\"https:\\\/\\\/www.ahmadiyya-islam.org\\\/al\\\/artikuj\\\/kujtimet-e-kalifit-per-prillin-e-vitit-2003\\\/#primaryimage\",\"url\":\"https:\\\/\\\/www.ahmadiyya-islam.org\\\/al\\\/wp-content\\\/uploads\\\/sites\\\/3\\\/2018\\\/04\\\/kalifi-pas-zgjedhjes.jpg\",\"contentUrl\":\"https:\\\/\\\/www.ahmadiyya-islam.org\\\/al\\\/wp-content\\\/uploads\\\/sites\\\/3\\\/2018\\\/04\\\/kalifi-pas-zgjedhjes.jpg\",\"width\":595,\"height\":396,\"caption\":\"Menj\u00ebher\u00eb pas zgjedhjes si Kalif\"},{\"@type\":\"BreadcrumbList\",\"@id\":\"https:\\\/\\\/www.ahmadiyya-islam.org\\\/al\\\/artikuj\\\/kujtimet-e-kalifit-per-prillin-e-vitit-2003\\\/#breadcrumb\",\"itemListElement\":[{\"@type\":\"ListItem\",\"position\":1,\"name\":\"Home\",\"item\":\"https:\\\/\\\/www.ahmadiyya-islam.org\\\/al\\\/\"},{\"@type\":\"ListItem\",\"position\":2,\"name\":\"Artikujt\",\"item\":\"https:\\\/\\\/www.ahmadiyya-islam.org\\\/al\\\/artikuj\\\/\"},{\"@type\":\"ListItem\",\"position\":3,\"name\":\"Kujtimet e Kalifit p\u00ebr prillin e vitit 2003\"}]},{\"@type\":\"WebSite\",\"@id\":\"https:\\\/\\\/www.ahmadiyya-islam.org\\\/al\\\/#website\",\"url\":\"https:\\\/\\\/www.ahmadiyya-islam.org\\\/al\\\/\",\"name\":\"Xhemati Musliman Ahmedia\",\"description\":\"Albania\",\"potentialAction\":[{\"@type\":\"SearchAction\",\"target\":{\"@type\":\"EntryPoint\",\"urlTemplate\":\"https:\\\/\\\/www.ahmadiyya-islam.org\\\/al\\\/?s={search_term_string}\"},\"query-input\":{\"@type\":\"PropertyValueSpecification\",\"valueRequired\":true,\"valueName\":\"search_term_string\"}}],\"inLanguage\":\"sq-AL\"}]}<\/script>\n<!-- \/ Yoast SEO Premium plugin. -->","yoast_head_json":{"title":"Kujtimet e Kalifit p\u00ebr prillin e vitit 2003","description":"Dit\u00ebt q\u00eb pasuan nd\u00ebrrimin e jet\u00ebs s\u00eb\u00a0Hazret Kalifit t\u00eb Kat\u00ebrt t\u00eb Mesihut t\u00eb Premtuar r.a. dhe para zgjedhjes s\u00eb Kalifit t\u00eb Pest\u00eb, ishin nj\u00eb sprov\u00eb p\u00ebr t\u00eb gjith\u00eb Xhematin. Shum\u00eb \u00ebsht\u00eb th\u00ebn\u00eb dhe \u00ebsht\u00eb shkruar p\u00ebr at\u00eb koh\u00eb dhe p\u00ebr brisht\u00ebsin\u00eb e saj, por ne gjithmon\u00eb mbet\u00ebm kureshtar\u00eb t\u00eb dinim se si i p\u00ebrjetoi Hazret Mirza Masrur Ahmedi a.t.b.a.. 15 vjet kan\u00eb kaluar n\u00eb k\u00ebt\u00eb kureshtje, por vet\u00ebm tani fal\u00eb gazet\u00ebs Al-Hakam, mora guximin p\u00ebr t\u00eb pyetur.","robots":{"index":"index","follow":"follow","max-snippet":"max-snippet:-1","max-image-preview":"max-image-preview:large","max-video-preview":"max-video-preview:-1"},"canonical":"https:\/\/www.ahmadiyya-islam.org\/al\/artikuj\/kujtimet-e-kalifit-per-prillin-e-vitit-2003\/","og_locale":"sq_AL","og_type":"article","og_title":"Kujtimet e Kalifit p\u00ebr prillin e vitit 2003","og_description":"Dit\u00ebt q\u00eb pasuan nd\u00ebrrimin e jet\u00ebs s\u00eb\u00a0Hazret Kalifit t\u00eb Kat\u00ebrt t\u00eb Mesihut t\u00eb Premtuar r.a. dhe para zgjedhjes s\u00eb Kalifit t\u00eb Pest\u00eb, ishin nj\u00eb sprov\u00eb p\u00ebr t\u00eb gjith\u00eb Xhematin. Shum\u00eb \u00ebsht\u00eb th\u00ebn\u00eb dhe \u00ebsht\u00eb shkruar p\u00ebr at\u00eb koh\u00eb dhe p\u00ebr brisht\u00ebsin\u00eb e saj, por ne gjithmon\u00eb mbet\u00ebm kureshtar\u00eb t\u00eb dinim se si i p\u00ebrjetoi Hazret Mirza Masrur Ahmedi a.t.b.a.. 15 vjet kan\u00eb kaluar n\u00eb k\u00ebt\u00eb kureshtje, por vet\u00ebm tani fal\u00eb gazet\u00ebs Al-Hakam, mora guximin p\u00ebr t\u00eb pyetur.","og_url":"https:\/\/www.ahmadiyya-islam.org\/al\/artikuj\/kujtimet-e-kalifit-per-prillin-e-vitit-2003\/","og_site_name":"Xhemati Musliman Ahmedia","article_modified_time":"2019-08-14T10:39:18+00:00","og_image":[{"width":595,"height":396,"url":"https:\/\/www.ahmadiyya-islam.org\/al\/wp-content\/uploads\/sites\/3\/2018\/04\/kalifi-pas-zgjedhjes.jpg","type":"image\/jpeg"}],"twitter_card":"summary_large_image","twitter_misc":{"Est. reading time":"10 minutes"},"schema":{"@context":"https:\/\/schema.org","@graph":[{"@type":"WebPage","@id":"https:\/\/www.ahmadiyya-islam.org\/al\/artikuj\/kujtimet-e-kalifit-per-prillin-e-vitit-2003\/","url":"https:\/\/www.ahmadiyya-islam.org\/al\/artikuj\/kujtimet-e-kalifit-per-prillin-e-vitit-2003\/","name":"Kujtimet e Kalifit p\u00ebr prillin e vitit 2003","isPartOf":{"@id":"https:\/\/www.ahmadiyya-islam.org\/al\/#website"},"primaryImageOfPage":{"@id":"https:\/\/www.ahmadiyya-islam.org\/al\/artikuj\/kujtimet-e-kalifit-per-prillin-e-vitit-2003\/#primaryimage"},"image":{"@id":"https:\/\/www.ahmadiyya-islam.org\/al\/artikuj\/kujtimet-e-kalifit-per-prillin-e-vitit-2003\/#primaryimage"},"thumbnailUrl":"https:\/\/www.ahmadiyya-islam.org\/al\/wp-content\/uploads\/sites\/3\/2018\/04\/kalifi-pas-zgjedhjes.jpg","datePublished":"2018-04-21T13:03:09+00:00","dateModified":"2019-08-14T10:39:18+00:00","description":"Dit\u00ebt q\u00eb pasuan nd\u00ebrrimin e jet\u00ebs s\u00eb\u00a0Hazret Kalifit t\u00eb Kat\u00ebrt t\u00eb Mesihut t\u00eb Premtuar r.a. dhe para zgjedhjes s\u00eb Kalifit t\u00eb Pest\u00eb, ishin nj\u00eb sprov\u00eb p\u00ebr t\u00eb gjith\u00eb Xhematin. Shum\u00eb \u00ebsht\u00eb th\u00ebn\u00eb dhe \u00ebsht\u00eb shkruar p\u00ebr at\u00eb koh\u00eb dhe p\u00ebr brisht\u00ebsin\u00eb e saj, por ne gjithmon\u00eb mbet\u00ebm kureshtar\u00eb t\u00eb dinim se si i p\u00ebrjetoi Hazret Mirza Masrur Ahmedi a.t.b.a.. 15 vjet kan\u00eb kaluar n\u00eb k\u00ebt\u00eb kureshtje, por vet\u00ebm tani fal\u00eb gazet\u00ebs Al-Hakam, mora guximin p\u00ebr t\u00eb pyetur.","breadcrumb":{"@id":"https:\/\/www.ahmadiyya-islam.org\/al\/artikuj\/kujtimet-e-kalifit-per-prillin-e-vitit-2003\/#breadcrumb"},"inLanguage":"sq-AL","potentialAction":[{"@type":"ReadAction","target":["https:\/\/www.ahmadiyya-islam.org\/al\/artikuj\/kujtimet-e-kalifit-per-prillin-e-vitit-2003\/"]}]},{"@type":"ImageObject","inLanguage":"sq-AL","@id":"https:\/\/www.ahmadiyya-islam.org\/al\/artikuj\/kujtimet-e-kalifit-per-prillin-e-vitit-2003\/#primaryimage","url":"https:\/\/www.ahmadiyya-islam.org\/al\/wp-content\/uploads\/sites\/3\/2018\/04\/kalifi-pas-zgjedhjes.jpg","contentUrl":"https:\/\/www.ahmadiyya-islam.org\/al\/wp-content\/uploads\/sites\/3\/2018\/04\/kalifi-pas-zgjedhjes.jpg","width":595,"height":396,"caption":"Menj\u00ebher\u00eb pas zgjedhjes si Kalif"},{"@type":"BreadcrumbList","@id":"https:\/\/www.ahmadiyya-islam.org\/al\/artikuj\/kujtimet-e-kalifit-per-prillin-e-vitit-2003\/#breadcrumb","itemListElement":[{"@type":"ListItem","position":1,"name":"Home","item":"https:\/\/www.ahmadiyya-islam.org\/al\/"},{"@type":"ListItem","position":2,"name":"Artikujt","item":"https:\/\/www.ahmadiyya-islam.org\/al\/artikuj\/"},{"@type":"ListItem","position":3,"name":"Kujtimet e Kalifit p\u00ebr prillin e vitit 2003"}]},{"@type":"WebSite","@id":"https:\/\/www.ahmadiyya-islam.org\/al\/#website","url":"https:\/\/www.ahmadiyya-islam.org\/al\/","name":"Xhemati Musliman Ahmedia","description":"Albania","potentialAction":[{"@type":"SearchAction","target":{"@type":"EntryPoint","urlTemplate":"https:\/\/www.ahmadiyya-islam.org\/al\/?s={search_term_string}"},"query-input":{"@type":"PropertyValueSpecification","valueRequired":true,"valueName":"search_term_string"}}],"inLanguage":"sq-AL"}]}},"_links":{"self":[{"href":"https:\/\/www.ahmadiyya-islam.org\/al\/wp-json\/wp\/v2\/articles\/7644","targetHints":{"allow":["GET"]}}],"collection":[{"href":"https:\/\/www.ahmadiyya-islam.org\/al\/wp-json\/wp\/v2\/articles"}],"about":[{"href":"https:\/\/www.ahmadiyya-islam.org\/al\/wp-json\/wp\/v2\/types\/articles"}],"wp:featuredmedia":[{"embeddable":true,"href":"https:\/\/www.ahmadiyya-islam.org\/al\/wp-json\/wp\/v2\/media\/7647"}],"wp:attachment":[{"href":"https:\/\/www.ahmadiyya-islam.org\/al\/wp-json\/wp\/v2\/media?parent=7644"}],"wp:term":[{"taxonomy":"post_tag","embeddable":true,"href":"https:\/\/www.ahmadiyya-islam.org\/al\/wp-json\/wp\/v2\/tags?post=7644"},{"taxonomy":"authors","embeddable":true,"href":"https:\/\/www.ahmadiyya-islam.org\/al\/wp-json\/wp\/v2\/authors?post=7644"},{"taxonomy":"content_source","embeddable":true,"href":"https:\/\/www.ahmadiyya-islam.org\/al\/wp-json\/wp\/v2\/content_source?post=7644"}],"curies":[{"name":"wp","href":"https:\/\/api.w.org\/{rel}","templated":true}]}}