{"id":6577,"date":"2017-05-27T04:51:18","date_gmt":"2017-05-27T04:51:18","guid":{"rendered":"https:\/\/www.ahmadiyya-islam.org\/al\/?post_type=articles&#038;p=6577"},"modified":"2026-02-18T19:45:20","modified_gmt":"2026-02-18T19:45:20","slug":"kur-mbyllet-syfyri-deri-kur-mund-te-hahet-syfyri","status":"publish","type":"articles","link":"https:\/\/www.ahmadiyya-islam.org\/al\/artikuj\/kur-mbyllet-syfyri-deri-kur-mund-te-hahet-syfyri\/","title":{"rendered":"Kur mbyllet syfyri? Deri kur mund t\u00eb hahet syfyri?"},"content":{"rendered":"<p>Deri kur mund t\u00eb hahet syfyri? Sipas fjal\u00ebve t\u00eb Zotit t\u00eb Madh\u00ebrish\u00ebm n\u00eb <a href=\"https:\/\/www.ahmadiyya-islam.org\/al\/kurani-shqip\/\">Kuranin Fam\u00eblart\u00eb<\/a> dhe (haditheve) th\u00ebnieve t\u00eb Profetit Muhammed s.a.v.s., \u00ebsht\u00eb e qart\u00eb q\u00eb syfyri duhet vonuar sa m\u00eb shum\u00eb. Andaj, mund t\u00eb llogaritni mbarimin e syfyrit <strong>1 or\u00eb e 30 minuta p\u00ebrpara lindjes s\u00eb diellit<\/strong>, pasi kjo koh\u00eb \u00ebsht\u00eb e mjaftueshme p\u00ebr t\u2019u quajtur <strong>sabahut i v\u00ebrtet\u00eb<\/strong>. M\u00eb posht\u00eb, do t\u00eb gjeni argumente nga Kurani Fam\u00eblart\u00eb dhe nga hadithet e Profetit Muhammed s.a.v.s. p\u00ebr k\u00ebt\u00eb tem\u00eb.<\/p>\n<ul>\n<li><a href=\"https:\/\/www.ahmadiyya-islam.org\/al\/artikuj\/kalendari-i-ramazanit-2025\/\" target=\"_blank\" rel=\"noopener noreferrer\"><strong>Kalendari i Ramazanit p\u00ebr vitin 2025<\/strong><\/a><\/li>\n<\/ul>\n<h2>Porosia e Kuranit Fam\u00eblart\u00eb n\u00eb lidhje me mbylljen e syfyrit<\/h2>\n<p>Syfyri \u00ebsht\u00eb ushqimi q\u00eb besimtari ha p\u00ebrpara se t\u00eb nis\u00eb\u00a0agj\u00ebrimin. Allahu i Madh\u00ebrish\u00ebm, n\u00eb Kuranin Fam\u00eblart\u00eb, thot\u00eb:<\/p>\n<blockquote><p><img loading=\"lazy\" decoding=\"async\" class=\"aligncenter size-full wp-image-6578\" src=\"https:\/\/www.ahmadiyya-islam.org\/al\/wp-content\/uploads\/sites\/3\/2017\/05\/kur-mbyllet-syfyri-1.jpg\" alt=\"kur mbyllet syfyri\" width=\"394\" height=\"158\" srcset=\"https:\/\/www.ahmadiyya-islam.org\/al\/wp-content\/uploads\/sites\/3\/2017\/05\/kur-mbyllet-syfyri-1.jpg 394w, https:\/\/www.ahmadiyya-islam.org\/al\/wp-content\/uploads\/sites\/3\/2017\/05\/kur-mbyllet-syfyri-1-300x120.jpg 300w\" sizes=\"auto, (max-width: 394px) 100vw, 394px\" \/><strong>\u201cHani e pini, derisa prej sabahut, t\u2019ju dallohet fija e bardh\u00eb (e agimit) nga fija e zez\u00eb (e nat\u00ebs).\u00a0 Pastaj, plot\u00ebsojeni agj\u00ebrimin deri n\u00eb mbr\u00ebmje\u201d.<\/strong><a href=\"#_edn1\" name=\"_ednref1\">[1]<\/a><\/p><\/blockquote>\n<p><iframe loading=\"lazy\" title=\"Lutja e Nat\u00ebs s\u00eb Kadrit | Lutje p\u00ebr Nat\u00ebn e Kadrit | Lutje gjat\u00eb Ramazanit\" width=\"900\" height=\"506\" src=\"https:\/\/www.youtube.com\/embed\/ZHLCHzV1f0E?feature=oembed\" frameborder=\"0\" allow=\"accelerometer; autoplay; clipboard-write; encrypted-media; gyroscope; picture-in-picture; web-share\" referrerpolicy=\"strict-origin-when-cross-origin\" allowfullscreen><\/iframe><\/p>\n<p>Kur u zbrit ky ajet, disa nga sahab\u00ebt e Profetit s.a.v.s. filluan t\u00eb mbanin me vete gjat\u00eb nat\u00ebs fijet e bardha e t\u00eb zeza, p\u00ebr t\u00eb par\u00eb koh\u00ebn e mbarimit t\u00eb syfyrit. Kur e d\u00ebgjoi Profeti Muhammed s.a.v.s. k\u00ebt\u00eb gj\u00eb, nj\u00ebrit prej tyre q\u00eb i mbante fijet posht\u00eb jast\u00ebkut, i tha:<\/p>\n<blockquote><p><img loading=\"lazy\" decoding=\"async\" class=\"aligncenter size-full wp-image-6584\" src=\"https:\/\/www.ahmadiyya-islam.org\/al\/wp-content\/uploads\/sites\/3\/2017\/05\/kur-mbyllet-syfyri-2.jpg\" alt=\"kur mbyllet syfyri\" width=\"393\" height=\"101\" srcset=\"https:\/\/www.ahmadiyya-islam.org\/al\/wp-content\/uploads\/sites\/3\/2017\/05\/kur-mbyllet-syfyri-2.jpg 393w, https:\/\/www.ahmadiyya-islam.org\/al\/wp-content\/uploads\/sites\/3\/2017\/05\/kur-mbyllet-syfyri-2-300x77.jpg 300w\" sizes=\"auto, (max-width: 393px) 100vw, 393px\" \/><strong>\u201cShum\u00eb i madh qenka jast\u00ebku yt! N\u00eb t\u00eb v\u00ebrtet\u00eb ajo <\/strong>(fija e bardh\u00eb dhe e zez\u00eb)<strong> i referohet err\u00ebsir\u00ebs s\u00eb nat\u00ebs dhe bardh\u00ebsis\u00eb s\u00eb dit\u00ebs\u201d.<\/strong><a href=\"#_edn2\" name=\"_ednref2\">[2]<\/a><\/p><\/blockquote>\n<p>N\u00eb ajetin e sures el-Bekare q\u00eb u p\u00ebrmend m\u00eb sip\u00ebr vlen t\u00eb theksohet fjala <em>\u201ctebejjana\u201d<\/em> \u201ct\u00eb dallohet\u201d, e cila do t\u00eb thot\u00eb t\u00eb shfaqet plot\u00ebsisht dhe gjith\u00eb njer\u00ebzit t\u00eb kuptojn\u00eb se \u00ebsht\u00eb koha e sabahut. Pra, kur t\u00eb b\u00ebhet e qart\u00eb se \u00ebsht\u00eb koha e namazit t\u00eb sabahut, deri at\u00ebher\u00eb mund t\u00eb hani syfyrin.<\/p>\n<h2>Vononi syfyrin dhe shpejtoni iftarin \u2013 praktik\u00eb e Profetit s.a.v.s.<\/h2>\n<p>\u00cbsht\u00eb praktik\u00eb e Profetit Muhammed s.a.v.s. q\u00eb t\u00eb vononi syfyrin dhe t\u00eb nxitoheni p\u00ebr iftar menj\u00ebher\u00eb pas per\u00ebndimit t\u00eb diellit. K\u00ebshtu q\u00eb, n\u00eb librat autentik\u00eb t\u00eb haditheve si Buhariu dhe Muslimi gjejm\u00eb kapituj t\u00eb titulluar t\u00eb vonuarit n\u00eb syfyr dhe t\u00eb shpejtuarit n\u00eb iftar.<\/p>\n<h2>Syfyri mbaron para namazit t\u00eb sabahut<\/h2>\n<p>Duhet ditur q\u00eb koha e sabahut ndryshon n\u00eb var\u00ebsi t\u00eb koh\u00ebs s\u00eb lindjes s\u00eb diellit dhe jo me ndryshimin e muajve h\u00ebnor. Vihet re q\u00eb disa musliman\u00eb gjat\u00eb muajit t\u00eb Ramazanit e falin sabahun n\u00eb nj\u00eb koh\u00eb tjet\u00ebr, kurse n\u00eb muajt e tjer\u00eb n\u00eb nj\u00eb koh\u00eb tjet\u00ebr.<\/p>\n<p><iframe loading=\"lazy\" title=\"Pse p\u00ebrulemi n\u00eb namaz?| Magjia e P\u00ebruljes (Ruku) n\u00eb namaz | Shpjegimi i namazit | Video 7\" width=\"900\" height=\"506\" src=\"https:\/\/www.youtube.com\/embed\/5Xmv1yIXh4c?feature=oembed\" frameborder=\"0\" allow=\"accelerometer; autoplay; clipboard-write; encrypted-media; gyroscope; picture-in-picture; web-share\" referrerpolicy=\"strict-origin-when-cross-origin\" allowfullscreen><\/iframe><\/p>\n<p>S\u00eb dyti, n\u00eb shum\u00eb hadithe p\u00ebrmendet se sa pak koh\u00eb \u00ebsht\u00eb mes mbarimit t\u00eb syfyrit dhe namazit t\u00eb sabahut. Katadahu p\u00ebrmes Hazret Enes Ibni Malikut r.a. dhe ai p\u00ebrmes Zejd Ibni Thabitit r.a. transmeton se Zejd Ibi Thabiti tha:<\/p>\n<blockquote><p><img loading=\"lazy\" decoding=\"async\" class=\"aligncenter size-full wp-image-6583\" src=\"https:\/\/www.ahmadiyya-islam.org\/al\/wp-content\/uploads\/sites\/3\/2017\/05\/kur-mbyllet-syfyri-3.jpg\" alt=\"kur mbyllet syfyri\" width=\"395\" height=\"155\" srcset=\"https:\/\/www.ahmadiyya-islam.org\/al\/wp-content\/uploads\/sites\/3\/2017\/05\/kur-mbyllet-syfyri-3.jpg 395w, https:\/\/www.ahmadiyya-islam.org\/al\/wp-content\/uploads\/sites\/3\/2017\/05\/kur-mbyllet-syfyri-3-300x118.jpg 300w\" sizes=\"auto, (max-width: 395px) 100vw, 395px\" \/><strong>H\u00ebngr\u00ebm syfyr bashk\u00eb me Profetin s.a.v.s. e m\u00eb pas u \u00e7uam p\u00ebr namaz <\/strong>(namazin e sabahut)<strong>. \u201cSa ka qen\u00eb koha midis syfyrit dhe ezanit?\u201d e pyeta. \u201cSa 50 ajete\u201d, tha ai.<\/strong><a href=\"#_edn3\" name=\"_ednref3\">[3]<\/a><\/p><\/blockquote>\n<p>Pra, do t\u00eb thot\u00eb se koha mes mbarimit t\u00eb syfyrit dhe ezanit ishte sa mund t\u00eb recitonit 50 ajete t\u00eb <a href=\"https:\/\/www.ahmadiyya-islam.org\/al\/kurani-shqip\/\">Kuranit Fam\u00eblart\u00eb<\/a>.<\/p>\n<blockquote><p><img loading=\"lazy\" decoding=\"async\" class=\"aligncenter size-full wp-image-6582\" src=\"https:\/\/www.ahmadiyya-islam.org\/al\/wp-content\/uploads\/sites\/3\/2017\/05\/kur-mbyllet-syfyri-4.jpg\" alt=\"kur mbyllet syfyri\" width=\"394\" height=\"157\" srcset=\"https:\/\/www.ahmadiyya-islam.org\/al\/wp-content\/uploads\/sites\/3\/2017\/05\/kur-mbyllet-syfyri-4.jpg 394w, https:\/\/www.ahmadiyya-islam.org\/al\/wp-content\/uploads\/sites\/3\/2017\/05\/kur-mbyllet-syfyri-4-300x120.jpg 300w\" sizes=\"auto, (max-width: 394px) 100vw, 394px\" \/><strong>Sahl Ibni Sa\u2019di r.a. rr\u00ebfen: Un\u00eb haja syfyrin n\u00eb sht\u00ebpin\u00eb time pastaj nxitohesha q\u00eb t\u00eb kapja namazin e sabahut me t\u00eb D\u00ebrguarin e Allahut s.a.v.s.<\/strong><a href=\"#_edn4\" name=\"_ednref4\">[4]<\/a><\/p><\/blockquote>\n<h2>\u201cMbyllni syfyrin jo me ezanin e Bilalit, por me ezanin e\u00a0Ibni Umi Maktumit\u201d<\/h2>\n<blockquote><p><img loading=\"lazy\" decoding=\"async\" class=\"aligncenter size-full wp-image-6581\" src=\"https:\/\/www.ahmadiyya-islam.org\/al\/wp-content\/uploads\/sites\/3\/2017\/05\/kur-mbyllet-syfyri-5.jpg\" alt=\"kur mbyllet syfyri\" width=\"395\" height=\"206\" srcset=\"https:\/\/www.ahmadiyya-islam.org\/al\/wp-content\/uploads\/sites\/3\/2017\/05\/kur-mbyllet-syfyri-5.jpg 395w, https:\/\/www.ahmadiyya-islam.org\/al\/wp-content\/uploads\/sites\/3\/2017\/05\/kur-mbyllet-syfyri-5-300x156.jpg 300w\" sizes=\"auto, (max-width: 395px) 100vw, 395px\" \/><strong>Abdullahu rr\u00ebfen se I D\u00ebrguari i Allahut s.a.v.s. tha: Bilali e th\u00ebrret ezanin gjat\u00eb nat\u00ebs. Andaj, hani e pini derisa t\u00eb d\u00ebgjoni ezanin e Ibni Umi Maktumit.<a href=\"#_edn5\" name=\"_ednref5\">[5]<\/a><\/strong><\/p><\/blockquote>\n<p>Hazret Ibni Umi Maktumi ishte i verb\u00ebr dhe n\u00eb librat e haditheve gjithashtu thuhet se ai nuk e th\u00ebrriste ezanin, derisa njer\u00ebzit i thoshin: \u201cU b\u00eb sabahu!\u201d \u201cU b\u00eb sabahu!\u201d<\/p>\n<p>P\u00ebr sa i p\u00ebrket iftarit, praktika e Profetit fisnik s.a.v.s. ka qen\u00eb q\u00eb ai hante iftar menj\u00ebher\u00eb pas per\u00ebndimit t\u00eb diellit. Hazret Sahl Ibni Sa\u2019di r.a. rr\u00ebfen:<\/p>\n<blockquote><p><img loading=\"lazy\" decoding=\"async\" class=\"aligncenter size-full wp-image-6580\" src=\"https:\/\/www.ahmadiyya-islam.org\/al\/wp-content\/uploads\/sites\/3\/2017\/05\/kur-mbyllet-syfyri-6.jpg\" alt=\"kur mbyllet syfyri\" width=\"396\" height=\"102\" srcset=\"https:\/\/www.ahmadiyya-islam.org\/al\/wp-content\/uploads\/sites\/3\/2017\/05\/kur-mbyllet-syfyri-6.jpg 396w, https:\/\/www.ahmadiyya-islam.org\/al\/wp-content\/uploads\/sites\/3\/2017\/05\/kur-mbyllet-syfyri-6-300x77.jpg 300w\" sizes=\"auto, (max-width: 396px) 100vw, 396px\" \/><strong>I D\u00ebrguari i Allahut s.a.v.s. tha: Njer\u00ebzit do t\u00eb q\u00ebndrojn\u00eb n\u00eb mir\u00ebsi, derisa t\u00eb nxitohen n\u00eb \u00e7eljen e agj\u00ebrimit.<\/strong><a href=\"#_edn6\" name=\"_ednref6\">[6]<\/a><\/p><\/blockquote>\n<p>N\u00ebse syfyrin do t\u00eb ham\u00eb parakohe, do t\u00eb humbasim koh\u00ebn m\u00eb t\u00eb shtrenjt\u00eb t\u00eb pranimit t\u00eb lutjes. I D\u00ebrguari i Allahut s.a.v.s. dhe sahab\u00ebt e tij k\u00ebt\u00eb koh\u00eb e kalonin duke falur namazin e tehexhudit. Vlera e madhe e namazit t\u00eb tehexhudit, q\u00eb ndryshe quhet edhe namaz i nat\u00ebs, p\u00ebrmendet edhe n\u00eb Kuranin Fam\u00eblart\u00eb, edhe n\u00eb hadithet e Profetit Muhammed s.a.v.s.. Me syfyrin parakohe, ne do t\u00eb mbetemi duke ngr\u00ebn\u00eb ushqimin fizik, pik\u00ebrisht n\u00eb koh\u00ebn kur mund t\u00eb begatohemi nga Zoti i Madh\u00ebrish\u00ebm me ushqimin shpirt\u00ebror.<\/p>\n<ul>\n<li><a href=\"https:\/\/www.ahmadiyya-islam.org\/al\/artikuj\/13-metoda-per-t-u-zgjuar-per-namazin-e-tehexhudit\/\" target=\"_blank\" rel=\"noopener noreferrer\">Lexoni 13 metoda p\u00ebr t&#8217;u zgjuar p\u00ebr namazin e tehexhudit<\/a><\/li>\n<li><a href=\"https:\/\/www.ahmadiyya-islam.org\/al\/lutjet\/10-lutjet-e-profetit-namazi-nates-tehexhud\/\" target=\"_blank\" rel=\"noopener noreferrer\">Lexoni 10 lutje\u00a0t\u00eb p\u00ebrzgjedhura tejet emocionuese q\u00eb Profeti s.a.v.s. i b\u00ebnte n\u00eb namazin e tehexhudit<\/a><\/li>\n<\/ul>\n<h2>Praktika e Hazret Imam Mehdiut a.s. n\u00eb syfyr<\/h2>\n<p>Imami i koh\u00ebs, sh\u00ebrb\u00ebtori i v\u00ebrtet\u00eb i Profetit Muhammed s.a.v.s., t\u00eb cilin, Profeti s.a.v.s. e quan \u201cHakam\u201d dhe \u201cAdl\u201d, pra, vendimtar dhe gjyqtar, syfyrin e hante deri para sabahut. Ka shum\u00eb rr\u00ebfime nga jeta e tij, q\u00eb hedhin drit\u00eb mbi k\u00ebt\u00eb tem\u00eb. Ju sjellim vet\u00ebm dy prej tyre.<\/p>\n<p>Hazret Mirza Bashir Ahmed r.a. shkruan se bashk\u00ebshortja e t\u00eb ndjerit Dr. Khalifa Rashidudin, rr\u00ebfen me shkrim:<\/p>\n<blockquote><p>\u201cIshte viti 1903 kur un\u00eb dhe im shoq i ndjer\u00eb nga Rurki erdh\u00ebm n\u00eb Kadian. Kishim kat\u00ebr dit\u00eb pushime. Hazuri (Imam Mehdiu, Mesihu i Premtuar a.s.) pyeti: \u201cMos kishit agj\u00ebruar gjat\u00eb udh\u00ebtimit?\u201d \u201cJo\u201d i tham\u00eb. Hazuri na dha dhom\u00ebn &#8230; p\u00ebr t\u00eb q\u00ebndruar.<\/p>\n<p>Im shoq tha: \u201cDuam t\u00eb agj\u00ebrojm\u00eb\u201d. \u201cMir\u00eb\u201d, iu p\u00ebrgjigj Hazret Mesihu i Premtuar a.s. dhe shtoi, \u201cpor ju jeni udh\u00ebtar\u00eb\u201d. Ai tha: \u201cPak dit\u00eb do t\u00eb q\u00ebndrojm\u00eb k\u00ebtu dhe kemi d\u00ebshir\u00eb t\u00eb agj\u00ebrojm\u00eb\u201d. Mesihu i Premtuar a.s. iu p\u00ebrgjigj: \u201cMir\u00eb at\u00ebher\u00eb. Ne do t\u2019ju japim buk\u00eb kashmiri p\u00ebr t\u00eb ngr\u00ebn\u00eb\u201d.<\/p>\n<p>Nj\u00eb Zot e di se si \u00ebsht\u00eb buka e kashmirit, mendonim. Kur erdhi koha e syfyrit dhe u liruam nga namazi i tehexhudit, Hazret Mesihu i Premtuar a.s. erdhi vet\u00eb n\u00eb dhom\u00ebn ton\u00eb dhe na solli buk\u00eb.<\/p>\n<p>N\u00eb katin e tret\u00eb banonte Hazret Maulvi Abdul Kerim sahibi me familjen e tij. Bashk\u00ebshortja e tij Kerim Bibi, t\u00eb cil\u00ebn e th\u00ebrrisnim \u201cmaulvijania\u201d (hoxhesh\u00eb) ishte nga Kashmiri dhe buk\u00ebn e Kashmirit e b\u00ebnte shum\u00eb mir\u00eb. Hazuri pik\u00ebrisht at\u00eb e kishte porositur t\u00eb b\u00ebnte buk\u00eb p\u00ebr ne.<\/p>\n<p>Andaj, Hazret Mesihu i Premtuar a.s. na sillte buk\u00eb t\u00eb ngroht\u00eb t\u00eb gatuar n\u00eb gjalp\u00eb dhe na sh\u00ebrbente n\u00eb syfyr. Mua m\u00eb vinte turp, edhe bashk\u00ebshortit tim po ashtu. Por \u00e7do qeliz\u00eb e qenies son\u00eb g\u00ebzohej duke ndier\u00eb dhembshurin\u00eb dhe mir\u00ebsin\u00eb e Hazurit. Nd\u00ebrkoh\u00eb u thirr ezani. Hazret Mesihu i Premtuar a.s. na tha:<\/p>\n<p>\u201cHani! Ka ende shum\u00eb koh\u00eb. Allahu i Madh\u00ebrish\u00ebm n\u00eb Kuranin Fam\u00eblart\u00eb ka th\u00ebn\u00eb:<\/p>\n<p><strong>\u201cHani e pini, derisa prej sabahut, t\u2019ju dallohet fija e bardh\u00eb (e agimit) nga fija e zez\u00eb (e nat\u00ebs)\u201d.<\/strong><a href=\"#_edn7\" name=\"_ednref7\">[7]<\/a><\/p>\n<p>Por njer\u00ebzit nuk veprojn\u00eb sipas k\u00ebsaj porosie. Andaj, ju hani, sepse ka akoma shum\u00eb koh\u00eb. Myezini e ka thirrur ezanin para kohe\u201d\u201d.<a href=\"#_edn8\" name=\"_ednref8\">[8]<\/a><\/p><\/blockquote>\n<p>Nj\u00eb tjet\u00ebr rr\u00ebfim p\u00ebr syfyrin e Hazret Mesihut t\u00eb Premtuar a.s. na sjell Dr. Mir Muhammed Ismail sahibi, i cili thot\u00eb:<\/p>\n<blockquote><p>\u201cN\u00eb vitin 1895 mu dha mund\u00ebsia q\u00eb t\u00eb kaloja gjith\u00eb muajin e Ramazanit n\u00eb Kadian. Gjat\u00eb gjith\u00eb muajit kam falur <em>teravit\u00eb<\/em> pas Mesihut t\u00eb Premtuar a.s.. Praktika e tij ishte q\u00eb ai <em>vitrat<\/em> i falte q\u00eb n\u00eb <em>teravit\u00eb<\/em>, kurse tehexhudin e falte n\u00eb pjes\u00ebn e fundit t\u00eb nat\u00ebs, 8 rekate, dy nga dy. \u00c7do her\u00eb, n\u00eb rekatin e par\u00eb ai recitonte ajetin El-Kursij dhe n\u00eb t\u00eb dytin suren El-Ihlas. Kurse n\u00eb ruku dhe n\u00eb sexhde b\u00ebnte shpesh lutjen:<\/p>\n<p><img loading=\"lazy\" decoding=\"async\" class=\"aligncenter size-full wp-image-6579\" src=\"https:\/\/www.ahmadiyya-islam.org\/al\/wp-content\/uploads\/sites\/3\/2017\/05\/kur-mbyllet-syfyri-7.jpg\" alt=\"kur mbyllet syfyri\" width=\"317\" height=\"54\" srcset=\"https:\/\/www.ahmadiyya-islam.org\/al\/wp-content\/uploads\/sites\/3\/2017\/05\/kur-mbyllet-syfyri-7.jpg 317w, https:\/\/www.ahmadiyya-islam.org\/al\/wp-content\/uploads\/sites\/3\/2017\/05\/kur-mbyllet-syfyri-7-300x51.jpg 300w\" sizes=\"auto, (max-width: 317px) 100vw, 317px\" \/><strong>O i Gjall\u00eb! O i Q\u00ebndruesh\u00ebm! Me m\u00ebshir\u00ebn T\u00ebnde T\u00eb p\u00ebrgj\u00ebrohem!<\/strong><\/p>\n<p>K\u00ebt\u00eb lutje ai e b\u00ebnte me nj\u00eb z\u00eb, q\u00eb edhe un\u00eb mund ta d\u00ebgjoja.<\/p>\n<p>P\u00ebrve\u00e7 k\u00ebsaj, ai syfyrin gjithmon\u00eb e hante pas namazit t\u00eb tehexhudit dhe kaq shum\u00eb e vononte, saq\u00eb disa her\u00eb duke ngr\u00ebn\u00eb e d\u00ebgjonim ezanin dhe ai vijonte t\u00eb hante derisa t\u00eb p\u00ebrfundonte ezani.<\/p>\n<p>Duke sjell\u00eb k\u00ebt\u00eb rr\u00ebfim, Hazret Mirza Bashir Ahmed r.a. shton:<\/p>\n<p>E v\u00ebrteta \u00ebsht\u00eb q\u00eb syfyrin mund ta hani derisa t\u00eb dallohet sabahu i v\u00ebrtet\u00eb n\u00eb horizont, andaj, syfyri nuk ka lidhje me ezanin. N\u00eb Kadian ngaq\u00eb ezani i sabahut thirrej menj\u00ebher\u00eb pas shfaqjes s\u00eb sabahut t\u00eb v\u00ebrtet\u00eb, dhe nganj\u00ebher\u00eb, nga pakujdesia ose gabimi, mundet edhe m\u00eb her\u00ebt, andaj n\u00eb raste t\u00eb tilla, Hazret Mesihu i Premtuar a.s. nuk shqet\u00ebsohej p\u00ebr ezanin dhe e vijonte syfyrin derisa t\u00eb dallohej sabahu i v\u00ebrtet\u00eb, ashtu si\u00e7 e thot\u00eb edhe vet\u00eb <a href=\"https:\/\/www.ahmadiyya-islam.org\/al\/kurani-shqip\/\">Kurani Fam\u00eblart\u00eb<\/a>.<\/p>\n<p>Kurani Fam\u00eblart\u00eb n\u00eb k\u00ebt\u00eb pik\u00eb nuk thot\u00eb q\u00eb t\u00eb hani syfyrin vet\u00ebm derisa t\u00eb v\u00ebrtetohet shkenc\u00ebrisht se ka lindur sabahu, por thot\u00eb derisa t\u00eb dallohet sabahu. Fjala \u201ctebejjena\u201d e v\u00ebrteton k\u00ebt\u00eb gj\u00eb. Edhe n\u00eb hadith thuhet se i D\u00ebrguari i Allahut s.a.v.s. tha:<\/p>\n<p><strong>Mos e mbyllni syfyrin me ezanin e Bilalit, por me ezanin e Ibni Mektumit.<\/strong><\/p>\n<p>Ibni Mektumi ishte i verb\u00ebr dhe ai nuk e k\u00ebndonte ezanin derisa njer\u00ebzit b\u00ebnin zhurm\u00eb se u b\u00eb sabahu.<a href=\"#_edn9\" name=\"_ednref9\">[9]<\/a><\/p><\/blockquote>\n<p>P\u00ebr k\u00ebto arsye, Xhemati Musliman Ahmedia e llogarit mbarimin e syfyrit 1 or\u00eb e 30 minuta p\u00ebrpara lindjes s\u00eb diellit, pasi kjo koh\u00eb \u00ebsht\u00eb e mjaftueshme p\u00ebr t\u2019u quajtur sabahut i v\u00ebrtet\u00eb.<\/p>\n<p><a href=\"#_ednref1\" name=\"_edn1\"><\/a><\/p>\n<hr \/>\n<p><a href=\"#_ednref1\" name=\"_edn1\">[1]<\/a> Kurani Fam\u00eblart\u00eb 2:188.<br \/>\n<a href=\"#_ednref2\" name=\"_edn2\">[2]<\/a> Muslimi, Kitabus-sijam, bab bajan enet-dukhul fis-saum jahsulu bituluil-faxhr &#8230;<br \/>\n<a href=\"#_ednref3\" name=\"_edn3\">[3]<\/a> Buhariu, Kitabus-saum, bab kedr kam bejnes-suhuri ve salatil-faxhr; Muslimi, Kitabus-sijam, bab fadlis-suhuri ve ta\u2019kidi istihbabihi &#8230;<br \/>\n<a href=\"#_ednref4\" name=\"_edn4\">[4]<\/a> Buhariu, Kitabus-saum, bab ta\u2019xhilus-suhur.<br \/>\n<a href=\"#_ednref5\" name=\"_edn5\">[5]<\/a> Muslimi, Kitabus-sijam, bab bajan enet-dukhul fis-saum jahsulu bituluil-faxhr &#8230;<br \/>\n<a href=\"#_ednref6\" name=\"_edn6\">[6]<\/a> Buhariu, Kitabus-saum, bab ta\u2019xhilil-iftar.<br \/>\n<a href=\"#_ednref7\" name=\"_edn7\">[7]<\/a> Kurani Fam\u00eblart\u00eb 2:188.<br \/>\n<a href=\"#_ednref8\" name=\"_edn8\">[8]<\/a> \u201cSiratul-Mahdi\u201d v\u00ebll. 2, pj. 5, nr. i rr\u00ebfimit 1320, f. 202-203; <a href=\"https:\/\/www.ahmadiyya-islam.org\/al\/fjalimet-e-xhumave\/2016-06-03\/\" target=\"_blank\" rel=\"noopener noreferrer\">Hutbja e Hazret Kalifit t\u00eb Pest\u00eb, e dat\u00ebs 03-06-2016<\/a>.<br \/>\n<a href=\"#_ednref9\" name=\"_edn9\">[9]<\/a> \u201cSiratul-Mahdi\u201d v\u00ebll. 1, pj. 2, nr. i rr\u00ebfimit 320, f. 295-296; <a href=\"https:\/\/www.ahmadiyya-islam.org\/al\/fjalimet-e-xhumave\/2016-06-03\/\" target=\"_blank\" rel=\"noopener noreferrer\">Hutbja e Hazret Kalifit t\u00eb Pest\u00eb, e dat\u00ebs 03-06-2016<\/a>.<\/p>\n","protected":false},"excerpt":{"rendered":"<p>Deri kur mund t\u00eb hahet syfyri? Sipas fjal\u00ebve t\u00eb Zotit t\u00eb Madh\u00ebrish\u00ebm n\u00eb Kuranin Fam\u00eblart\u00eb dhe (haditheve) th\u00ebnieve t\u00eb Profetit Muhammed s.a.v.s., \u00ebsht\u00eb e qart\u00eb q\u00eb syfyri duhet vonuar sa m\u00eb shum\u00eb. Andaj, mund t\u00eb llogaritni mbarimin e syfyrit 1 or\u00eb e 30 minuta p\u00ebrpara lindjes s\u00eb diellit, pasi kjo koh\u00eb \u00ebsht\u00eb e mjaftueshme p\u00ebr<\/p>\n","protected":false},"featured_media":6585,"template":"","tags":[381,243,380],"authors":[454],"content_source":[],"class_list":["post-6577","articles","type-articles","status-publish","has-post-thumbnail","hentry","tag-iftari","tag-pyetje-pergjigje","tag-syfyri","topics-agjerimi","topics-ramazani","article-cat-artikuj","authors-samad-ahmed-ghori"],"acf":[],"yoast_head":"<!-- This site is optimized with the Yoast SEO Premium plugin v21.1 (Yoast SEO v27.4) - https:\/\/yoast.com\/product\/yoast-seo-premium-wordpress\/ -->\n<title>Kur mbyllet syfyri? Deri kur mund t\u00eb hahet syfyri?<\/title>\n<meta name=\"description\" content=\"Syfyri - Zoti thot\u00eb n\u00eb Kuran q\u00eb t\u00eb hani syfyrin derisa t\u00eb dallohet sabahu. Lexoni kur mbaronte Profeti s.a. syfyrin. Argumente.\" \/>\n<meta name=\"robots\" content=\"index, follow, max-snippet:-1, max-image-preview:large, max-video-preview:-1\" \/>\n<link rel=\"canonical\" href=\"https:\/\/www.ahmadiyya-islam.org\/al\/artikuj\/kur-mbyllet-syfyri-deri-kur-mund-te-hahet-syfyri\/\" \/>\n<meta property=\"og:locale\" content=\"sq_AL\" \/>\n<meta property=\"og:type\" content=\"article\" \/>\n<meta property=\"og:title\" content=\"Kur mbyllet syfyri? Deri kur mund t\u00eb hahet syfyri?\" \/>\n<meta property=\"og:description\" content=\"Syfyri - Zoti thot\u00eb n\u00eb Kuran q\u00eb t\u00eb hani syfyrin derisa t\u00eb dallohet sabahu. Lexoni kur mbaronte Profeti s.a. syfyrin. Argumente.\" \/>\n<meta property=\"og:url\" content=\"https:\/\/www.ahmadiyya-islam.org\/al\/artikuj\/kur-mbyllet-syfyri-deri-kur-mund-te-hahet-syfyri\/\" \/>\n<meta property=\"og:site_name\" content=\"Xhemati Musliman Ahmedia\" \/>\n<meta property=\"article:modified_time\" content=\"2026-02-18T19:45:20+00:00\" \/>\n<meta property=\"og:image\" content=\"https:\/\/www.ahmadiyya-islam.org\/al\/wp-content\/uploads\/sites\/3\/2017\/05\/syfyri.jpg\" \/>\n\t<meta property=\"og:image:width\" content=\"1200\" \/>\n\t<meta property=\"og:image:height\" content=\"600\" \/>\n\t<meta property=\"og:image:type\" content=\"image\/jpeg\" \/>\n<meta name=\"twitter:card\" content=\"summary_large_image\" \/>\n<meta name=\"twitter:label1\" content=\"Est. reading time\" \/>\n\t<meta name=\"twitter:data1\" content=\"5 minutes\" \/>\n<script type=\"application\/ld+json\" class=\"yoast-schema-graph\">{\"@context\":\"https:\\\/\\\/schema.org\",\"@graph\":[{\"@type\":\"WebPage\",\"@id\":\"https:\\\/\\\/www.ahmadiyya-islam.org\\\/al\\\/artikuj\\\/kur-mbyllet-syfyri-deri-kur-mund-te-hahet-syfyri\\\/\",\"url\":\"https:\\\/\\\/www.ahmadiyya-islam.org\\\/al\\\/artikuj\\\/kur-mbyllet-syfyri-deri-kur-mund-te-hahet-syfyri\\\/\",\"name\":\"Kur mbyllet syfyri? Deri kur mund t\u00eb hahet syfyri?\",\"isPartOf\":{\"@id\":\"https:\\\/\\\/www.ahmadiyya-islam.org\\\/al\\\/#website\"},\"primaryImageOfPage\":{\"@id\":\"https:\\\/\\\/www.ahmadiyya-islam.org\\\/al\\\/artikuj\\\/kur-mbyllet-syfyri-deri-kur-mund-te-hahet-syfyri\\\/#primaryimage\"},\"image\":{\"@id\":\"https:\\\/\\\/www.ahmadiyya-islam.org\\\/al\\\/artikuj\\\/kur-mbyllet-syfyri-deri-kur-mund-te-hahet-syfyri\\\/#primaryimage\"},\"thumbnailUrl\":\"https:\\\/\\\/www.ahmadiyya-islam.org\\\/al\\\/wp-content\\\/uploads\\\/sites\\\/3\\\/2017\\\/05\\\/syfyri.jpg\",\"datePublished\":\"2017-05-27T04:51:18+00:00\",\"dateModified\":\"2026-02-18T19:45:20+00:00\",\"description\":\"Syfyri - Zoti thot\u00eb n\u00eb Kuran q\u00eb t\u00eb hani syfyrin derisa t\u00eb dallohet sabahu. Lexoni kur mbaronte Profeti s.a. syfyrin. Argumente.\",\"breadcrumb\":{\"@id\":\"https:\\\/\\\/www.ahmadiyya-islam.org\\\/al\\\/artikuj\\\/kur-mbyllet-syfyri-deri-kur-mund-te-hahet-syfyri\\\/#breadcrumb\"},\"inLanguage\":\"sq-AL\",\"potentialAction\":[{\"@type\":\"ReadAction\",\"target\":[\"https:\\\/\\\/www.ahmadiyya-islam.org\\\/al\\\/artikuj\\\/kur-mbyllet-syfyri-deri-kur-mund-te-hahet-syfyri\\\/\"]}]},{\"@type\":\"ImageObject\",\"inLanguage\":\"sq-AL\",\"@id\":\"https:\\\/\\\/www.ahmadiyya-islam.org\\\/al\\\/artikuj\\\/kur-mbyllet-syfyri-deri-kur-mund-te-hahet-syfyri\\\/#primaryimage\",\"url\":\"https:\\\/\\\/www.ahmadiyya-islam.org\\\/al\\\/wp-content\\\/uploads\\\/sites\\\/3\\\/2017\\\/05\\\/syfyri.jpg\",\"contentUrl\":\"https:\\\/\\\/www.ahmadiyya-islam.org\\\/al\\\/wp-content\\\/uploads\\\/sites\\\/3\\\/2017\\\/05\\\/syfyri.jpg\",\"width\":1200,\"height\":600,\"caption\":\"syfyri\"},{\"@type\":\"BreadcrumbList\",\"@id\":\"https:\\\/\\\/www.ahmadiyya-islam.org\\\/al\\\/artikuj\\\/kur-mbyllet-syfyri-deri-kur-mund-te-hahet-syfyri\\\/#breadcrumb\",\"itemListElement\":[{\"@type\":\"ListItem\",\"position\":1,\"name\":\"Home\",\"item\":\"https:\\\/\\\/www.ahmadiyya-islam.org\\\/al\\\/\"},{\"@type\":\"ListItem\",\"position\":2,\"name\":\"Artikujt\",\"item\":\"https:\\\/\\\/www.ahmadiyya-islam.org\\\/al\\\/artikuj\\\/\"},{\"@type\":\"ListItem\",\"position\":3,\"name\":\"Kur mbyllet syfyri? Deri kur mund t\u00eb hahet syfyri?\"}]},{\"@type\":\"WebSite\",\"@id\":\"https:\\\/\\\/www.ahmadiyya-islam.org\\\/al\\\/#website\",\"url\":\"https:\\\/\\\/www.ahmadiyya-islam.org\\\/al\\\/\",\"name\":\"Xhemati Musliman Ahmedia\",\"description\":\"Albania\",\"potentialAction\":[{\"@type\":\"SearchAction\",\"target\":{\"@type\":\"EntryPoint\",\"urlTemplate\":\"https:\\\/\\\/www.ahmadiyya-islam.org\\\/al\\\/?s={search_term_string}\"},\"query-input\":{\"@type\":\"PropertyValueSpecification\",\"valueRequired\":true,\"valueName\":\"search_term_string\"}}],\"inLanguage\":\"sq-AL\"}]}<\/script>\n<!-- \/ Yoast SEO Premium plugin. -->","yoast_head_json":{"title":"Kur mbyllet syfyri? Deri kur mund t\u00eb hahet syfyri?","description":"Syfyri - Zoti thot\u00eb n\u00eb Kuran q\u00eb t\u00eb hani syfyrin derisa t\u00eb dallohet sabahu. Lexoni kur mbaronte Profeti s.a. syfyrin. Argumente.","robots":{"index":"index","follow":"follow","max-snippet":"max-snippet:-1","max-image-preview":"max-image-preview:large","max-video-preview":"max-video-preview:-1"},"canonical":"https:\/\/www.ahmadiyya-islam.org\/al\/artikuj\/kur-mbyllet-syfyri-deri-kur-mund-te-hahet-syfyri\/","og_locale":"sq_AL","og_type":"article","og_title":"Kur mbyllet syfyri? Deri kur mund t\u00eb hahet syfyri?","og_description":"Syfyri - Zoti thot\u00eb n\u00eb Kuran q\u00eb t\u00eb hani syfyrin derisa t\u00eb dallohet sabahu. Lexoni kur mbaronte Profeti s.a. syfyrin. Argumente.","og_url":"https:\/\/www.ahmadiyya-islam.org\/al\/artikuj\/kur-mbyllet-syfyri-deri-kur-mund-te-hahet-syfyri\/","og_site_name":"Xhemati Musliman Ahmedia","article_modified_time":"2026-02-18T19:45:20+00:00","og_image":[{"width":1200,"height":600,"url":"https:\/\/www.ahmadiyya-islam.org\/al\/wp-content\/uploads\/sites\/3\/2017\/05\/syfyri.jpg","type":"image\/jpeg"}],"twitter_card":"summary_large_image","twitter_misc":{"Est. reading time":"5 minutes"},"schema":{"@context":"https:\/\/schema.org","@graph":[{"@type":"WebPage","@id":"https:\/\/www.ahmadiyya-islam.org\/al\/artikuj\/kur-mbyllet-syfyri-deri-kur-mund-te-hahet-syfyri\/","url":"https:\/\/www.ahmadiyya-islam.org\/al\/artikuj\/kur-mbyllet-syfyri-deri-kur-mund-te-hahet-syfyri\/","name":"Kur mbyllet syfyri? Deri kur mund t\u00eb hahet syfyri?","isPartOf":{"@id":"https:\/\/www.ahmadiyya-islam.org\/al\/#website"},"primaryImageOfPage":{"@id":"https:\/\/www.ahmadiyya-islam.org\/al\/artikuj\/kur-mbyllet-syfyri-deri-kur-mund-te-hahet-syfyri\/#primaryimage"},"image":{"@id":"https:\/\/www.ahmadiyya-islam.org\/al\/artikuj\/kur-mbyllet-syfyri-deri-kur-mund-te-hahet-syfyri\/#primaryimage"},"thumbnailUrl":"https:\/\/www.ahmadiyya-islam.org\/al\/wp-content\/uploads\/sites\/3\/2017\/05\/syfyri.jpg","datePublished":"2017-05-27T04:51:18+00:00","dateModified":"2026-02-18T19:45:20+00:00","description":"Syfyri - Zoti thot\u00eb n\u00eb Kuran q\u00eb t\u00eb hani syfyrin derisa t\u00eb dallohet sabahu. Lexoni kur mbaronte Profeti s.a. syfyrin. Argumente.","breadcrumb":{"@id":"https:\/\/www.ahmadiyya-islam.org\/al\/artikuj\/kur-mbyllet-syfyri-deri-kur-mund-te-hahet-syfyri\/#breadcrumb"},"inLanguage":"sq-AL","potentialAction":[{"@type":"ReadAction","target":["https:\/\/www.ahmadiyya-islam.org\/al\/artikuj\/kur-mbyllet-syfyri-deri-kur-mund-te-hahet-syfyri\/"]}]},{"@type":"ImageObject","inLanguage":"sq-AL","@id":"https:\/\/www.ahmadiyya-islam.org\/al\/artikuj\/kur-mbyllet-syfyri-deri-kur-mund-te-hahet-syfyri\/#primaryimage","url":"https:\/\/www.ahmadiyya-islam.org\/al\/wp-content\/uploads\/sites\/3\/2017\/05\/syfyri.jpg","contentUrl":"https:\/\/www.ahmadiyya-islam.org\/al\/wp-content\/uploads\/sites\/3\/2017\/05\/syfyri.jpg","width":1200,"height":600,"caption":"syfyri"},{"@type":"BreadcrumbList","@id":"https:\/\/www.ahmadiyya-islam.org\/al\/artikuj\/kur-mbyllet-syfyri-deri-kur-mund-te-hahet-syfyri\/#breadcrumb","itemListElement":[{"@type":"ListItem","position":1,"name":"Home","item":"https:\/\/www.ahmadiyya-islam.org\/al\/"},{"@type":"ListItem","position":2,"name":"Artikujt","item":"https:\/\/www.ahmadiyya-islam.org\/al\/artikuj\/"},{"@type":"ListItem","position":3,"name":"Kur mbyllet syfyri? Deri kur mund t\u00eb hahet syfyri?"}]},{"@type":"WebSite","@id":"https:\/\/www.ahmadiyya-islam.org\/al\/#website","url":"https:\/\/www.ahmadiyya-islam.org\/al\/","name":"Xhemati Musliman Ahmedia","description":"Albania","potentialAction":[{"@type":"SearchAction","target":{"@type":"EntryPoint","urlTemplate":"https:\/\/www.ahmadiyya-islam.org\/al\/?s={search_term_string}"},"query-input":{"@type":"PropertyValueSpecification","valueRequired":true,"valueName":"search_term_string"}}],"inLanguage":"sq-AL"}]}},"_links":{"self":[{"href":"https:\/\/www.ahmadiyya-islam.org\/al\/wp-json\/wp\/v2\/articles\/6577","targetHints":{"allow":["GET"]}}],"collection":[{"href":"https:\/\/www.ahmadiyya-islam.org\/al\/wp-json\/wp\/v2\/articles"}],"about":[{"href":"https:\/\/www.ahmadiyya-islam.org\/al\/wp-json\/wp\/v2\/types\/articles"}],"wp:featuredmedia":[{"embeddable":true,"href":"https:\/\/www.ahmadiyya-islam.org\/al\/wp-json\/wp\/v2\/media\/6585"}],"wp:attachment":[{"href":"https:\/\/www.ahmadiyya-islam.org\/al\/wp-json\/wp\/v2\/media?parent=6577"}],"wp:term":[{"taxonomy":"post_tag","embeddable":true,"href":"https:\/\/www.ahmadiyya-islam.org\/al\/wp-json\/wp\/v2\/tags?post=6577"},{"taxonomy":"authors","embeddable":true,"href":"https:\/\/www.ahmadiyya-islam.org\/al\/wp-json\/wp\/v2\/authors?post=6577"},{"taxonomy":"content_source","embeddable":true,"href":"https:\/\/www.ahmadiyya-islam.org\/al\/wp-json\/wp\/v2\/content_source?post=6577"}],"curies":[{"name":"wp","href":"https:\/\/api.w.org\/{rel}","templated":true}]}}