{"id":5525,"date":"2016-07-06T15:03:44","date_gmt":"2016-07-06T15:03:44","guid":{"rendered":"http:\/\/www.ahmadiyya-islam.org\/al\/?post_type=articles&#038;p=5525"},"modified":"2019-02-18T10:37:13","modified_gmt":"2019-02-18T10:37:13","slug":"bajrami-filozofia-e-tij","status":"publish","type":"articles","link":"https:\/\/www.ahmadiyya-islam.org\/al\/artikuj\/bajrami-filozofia-e-tij\/","title":{"rendered":"Bajrami &#8211; Filozofia e tij"},"content":{"rendered":"<p>Natyra e njeriut k\u00ebrkon t\u00eb ket\u00eb festa n\u00eb jet\u00ebn e tij, n\u00eb m\u00ebnyr\u00eb q\u00eb ai t\u00eb leht\u00ebsoj\u00eb dhimbjet, t\u00eb harroj\u00eb brengat, t\u00eb g\u00ebzohet dhe t\u00eb mbushet me forc\u00eb p\u00ebr t\u00eb vijuar rrug\u00ebtimin e m\u00ebtejsh\u00ebm t\u00eb jet\u00ebs. Pra, t\u00eb festuarit \u00ebsht\u00eb nj\u00ebri prej instinkteve t\u00eb njeriut. Sikund\u00ebr instinktet e tjera, edhe k\u00ebt\u00eb instinkt njeriu shpesh e tepron duke e p\u00ebrdorur n\u00eb nj\u00eb form\u00eb t\u00eb \u00e7ekuilibruar. K\u00ebshtu v\u00ebrejm\u00eb q\u00eb p\u00ebr shum\u00ebk\u00ebnd festa mbetet nj\u00eb d\u00ebfrim deri n\u00eb shfrenim, fest\u00eb e cila i mund\u00ebson nj\u00eb k\u00ebnaq\u00ebsi t\u00eb p\u00ebrkohshme, por i ngjit nj\u00eb s\u00ebr\u00eb vesesh e lig\u00ebsish, bashk\u00eb me humbje materiale.<\/p>\n<p>N\u00eb librin\u00a0 e tij t\u00eb famsh\u00ebm, \u201cFilozofia e m\u00ebsimeve t\u00eb Islamit\u201d, Themeluesi i Xhematit Musliman Ahmedia, Hazret Mesihu i Premtuar a.s. thekson se askush nuk mund t\u2019i mbar\u00ebsoj\u00eb m\u00eb s\u00eb miri instinktet e njeriut, p\u00ebrve\u00e7 Krijuesit t\u00eb tij. Edhe me k\u00ebt\u00eb kriter mund t\u00eb gjykohet feja q\u00eb vjen prej Zotit dhe q\u00eb aktualisht \u00ebsht\u00eb n\u00eb fuqi prej Tij.<\/p>\n<p>N\u00eb fen\u00eb Islame, Zoti i Madh\u00ebrish\u00ebm ka l\u00ebn\u00eb dy festa: Fiter Bajrami dhe Kurban Bajrami, dhe n\u00eb to ka l\u00ebn\u00eb urt\u00ebsi t\u00eb thella. Me an\u00eb t\u00eb k\u00ebtyre festave, Ai u dha mesazh njer\u00ebzve se si ata duhet ta konceptojn\u00eb fest\u00ebn dhe lumturin\u00eb e tyre.<\/p>\n<p>Bajrami i par\u00eb vjen pas nj\u00eb muaj agj\u00ebrimesh, n\u00eb t\u00eb cilat, besimtari heq dor\u00eb nga d\u00ebshirat e tij p\u00ebr hir t\u00eb d\u00ebshir\u00ebs s\u00eb Zotit dhe ndien etje dhe uri p\u00ebr hir t\u00eb dashuris\u00eb ndaj Tij. Gjithashtu, duke u mbushur me k\u00ebt\u00eb forc\u00eb dashurie, besimtari p\u00ebrkrah nevojtar\u00ebt, pra, t\u00eb eturit dhe t\u00eb uriturit e tjer\u00eb nga krijesat e t\u00eb Dashurit. Pas k\u00ebtij p\u00ebrjetimi, i vjen nj\u00eb dit\u00eb g\u00ebzimi, t\u00eb cilin Zoti e ka quajtur \u201ceid\u201d.<\/p>\n<p>Bajramin tjet\u00ebr e lidhi me p\u00ebrkujtimin e sakrific\u00ebs s\u00eb Hazret Ibrahimit a.s. dhe t\u00eb Hazret Ismailit a.s., duke i dh\u00ebn\u00eb k\u00ebshtu p\u00ebrs\u00ebri mesazhin e sakrific\u00ebs n\u00eb rrug\u00ebn e Tij. Edhe kjo sakrific\u00eb nga nj\u00ebra an\u00eb e frym\u00ebzon njeriun asgj\u00ebsimin e egos s\u00eb vet p\u00ebr hir t\u00eb t\u00eb Dashurit, dhe nga ana tjet\u00ebr, e motivon t\u2019u sh\u00ebrbej\u00eb krijesave t\u00eb Tij.<\/p>\n<p>Musliman\u00ebt adhurojn\u00eb pes\u00eb her\u00eb n\u00eb dit\u00eb, por n\u00eb dit\u00ebn e bajramit, pra n\u00eb fest\u00ebn e tyre, ata falin gjasht\u00eb her\u00eb. Edhe kjo tregon q\u00eb festa p\u00ebr ta \u00ebsht\u00eb m\u00eb shum\u00eb adhurim ndaj Zotit, m\u00eb shum\u00eb afrim me T\u00eb dhe m\u00eb shum\u00eb kontakt me T\u00eb. Sa m\u00eb shum\u00eb q\u00eb robi i afrohet me Zotin, aq m\u00eb shum\u00eb i shtohet edhe g\u00ebzimi n\u00eb k\u00ebto festa. Zoti na mund\u00ebsoft\u00eb ta sjellim k\u00ebt\u00eb shpirt n\u00eb festat tona! M\u00eb lejoni ta mbyll k\u00ebt\u00eb mesazh me nj\u00eb lutje t\u00eb ve\u00e7ant\u00eb t\u00eb Hazret Profetit Muhammed, paqja dhe bekimet e Allahut qofshin mbi t\u00eb!<\/p>\n<p>Hazret Abdullah Ibni Mesudi r.a. tregon se gjat\u00eb bajrameve i D\u00ebrguari i Allahut s.a.v.s.\u00a0b\u00ebnte lutjen e m\u00ebposhtme:<\/p>\n<blockquote><p><strong><img loading=\"lazy\" decoding=\"async\" class=\"aligncenter size-full wp-image-5527\" src=\"http:\/\/www.ahmadiyya-islam.org\/al\/wp-content\/uploads\/sites\/3\/2016\/07\/Bajrami-1.jpg\" alt=\"bajrami\" width=\"389\" height=\"525\" srcset=\"https:\/\/www.ahmadiyya-islam.org\/al\/wp-content\/uploads\/sites\/3\/2016\/07\/Bajrami-1.jpg 389w, https:\/\/www.ahmadiyya-islam.org\/al\/wp-content\/uploads\/sites\/3\/2016\/07\/Bajrami-1-222x300.jpg 222w\" sizes=\"auto, (max-width: 389px) 100vw, 389px\" \/>O Allah! T\u00eb k\u00ebrkojm\u00eb jet\u00eb me <em>takva <\/em>(druajtje ndaj Teje), vdekje t\u00eb past\u00ebr, vendkthim jo posht\u00ebrues dhe jo turp\u00ebrues.\u00a0<\/strong><strong>O Allah! Mos na shkat\u00ebrro me ndonj\u00eb aksident!\u00a0Mos na kap papritmas!\u00a0Mos na merr nxitimthi, p\u00ebrpara se ta p\u00ebrmbushim detyr\u00ebn dhe testamentin ton\u00eb!<\/strong><\/p>\n<p><strong>O Allah! T\u00eb k\u00ebrkojm\u00eb d\u00eblir\u00ebsin\u00eb, vet\u00ebmjaftueshm\u00ebrin\u00eb, <em>takvan\u00eb<\/em>, udh\u00ebzimin, p\u00ebrfundimin e mir\u00eb n\u00eb ahiret dhe n\u00eb k\u00ebt\u00eb bot\u00eb! T\u00eb k\u00ebrkojm\u00eb mbrojtje nga dyshimi, p\u00ebr\u00e7arja, dukja dhe vet\u00ebp\u00eblqimi n\u00eb besimin ndaj Teje! O Kontrollues i zemrave! Mos na shtremb\u00ebro zemrat, pasi na ke udh\u00ebzuar dhe na dhuro m\u00ebshir\u00eb prej Teje! Me t\u00eb v\u00ebrtet\u00eb, Ti je Dhuruesi i madh! <\/strong>(Maxhmauz-zavaid, v\u00ebll. 6, f. 201)<\/p><\/blockquote>\n","protected":false},"excerpt":{"rendered":"<p>Natyra e njeriut k\u00ebrkon t\u00eb ket\u00eb festa n\u00eb jet\u00ebn e tij, n\u00eb m\u00ebnyr\u00eb q\u00eb ai t\u00eb leht\u00ebsoj\u00eb dhimbjet, t\u00eb harroj\u00eb brengat, t\u00eb g\u00ebzohet dhe t\u00eb mbushet me forc\u00eb p\u00ebr t\u00eb vijuar rrug\u00ebtimin e m\u00ebtejsh\u00ebm t\u00eb jet\u00ebs.<\/p>\n","protected":false},"featured_media":5526,"template":"","tags":[],"authors":[454],"content_source":[],"class_list":["post-5525","articles","type-articles","status-publish","has-post-thumbnail","hentry","topics-bajrami","article-cat-artikuj","authors-samad-ahmed-ghori"],"acf":[],"yoast_head":"<!-- This site is optimized with the Yoast SEO Premium plugin v21.1 (Yoast SEO v27.4) - https:\/\/yoast.com\/product\/yoast-seo-premium-wordpress\/ -->\n<title>Bajrami - Filozofia e tij<\/title>\n<meta name=\"description\" content=\"Bajrami - Natyra e njeriut k\u00ebrkon t\u00eb ket\u00eb festa n\u00eb jet\u00ebn e tij, n\u00eb m\u00ebnyr\u00eb q\u00eb ai t\u00eb leht\u00ebsoj\u00eb dhimbjet, t\u00eb harroj\u00eb brengat, t\u00eb g\u00ebzohet dhe ...\" \/>\n<meta name=\"robots\" content=\"index, follow, max-snippet:-1, max-image-preview:large, max-video-preview:-1\" \/>\n<link rel=\"canonical\" href=\"https:\/\/www.ahmadiyya-islam.org\/al\/artikuj\/bajrami-filozofia-e-tij\/\" \/>\n<meta property=\"og:locale\" content=\"sq_AL\" \/>\n<meta property=\"og:type\" content=\"article\" \/>\n<meta property=\"og:title\" content=\"Bajrami - Filozofia e tij\" \/>\n<meta property=\"og:description\" content=\"Bajrami - Natyra e njeriut k\u00ebrkon t\u00eb ket\u00eb festa n\u00eb jet\u00ebn e tij, n\u00eb m\u00ebnyr\u00eb q\u00eb ai t\u00eb leht\u00ebsoj\u00eb dhimbjet, t\u00eb harroj\u00eb brengat, t\u00eb g\u00ebzohet dhe ...\" \/>\n<meta property=\"og:url\" content=\"https:\/\/www.ahmadiyya-islam.org\/al\/artikuj\/bajrami-filozofia-e-tij\/\" \/>\n<meta property=\"og:site_name\" content=\"Xhemati Musliman Ahmedia\" \/>\n<meta property=\"article:modified_time\" content=\"2019-02-18T10:37:13+00:00\" \/>\n<meta property=\"og:image\" content=\"https:\/\/www.ahmadiyya-islam.org\/al\/wp-content\/uploads\/sites\/3\/2016\/07\/Bajrami.jpg\" \/>\n\t<meta property=\"og:image:width\" content=\"1200\" \/>\n\t<meta property=\"og:image:height\" content=\"572\" \/>\n\t<meta property=\"og:image:type\" content=\"image\/jpeg\" \/>\n<meta name=\"twitter:card\" content=\"summary_large_image\" \/>\n<meta name=\"twitter:label1\" content=\"Est. reading time\" \/>\n\t<meta name=\"twitter:data1\" content=\"3 minutes\" \/>\n<script type=\"application\/ld+json\" class=\"yoast-schema-graph\">{\"@context\":\"https:\\\/\\\/schema.org\",\"@graph\":[{\"@type\":\"WebPage\",\"@id\":\"https:\\\/\\\/www.ahmadiyya-islam.org\\\/al\\\/artikuj\\\/bajrami-filozofia-e-tij\\\/\",\"url\":\"https:\\\/\\\/www.ahmadiyya-islam.org\\\/al\\\/artikuj\\\/bajrami-filozofia-e-tij\\\/\",\"name\":\"Bajrami - Filozofia e tij\",\"isPartOf\":{\"@id\":\"https:\\\/\\\/www.ahmadiyya-islam.org\\\/al\\\/#website\"},\"primaryImageOfPage\":{\"@id\":\"https:\\\/\\\/www.ahmadiyya-islam.org\\\/al\\\/artikuj\\\/bajrami-filozofia-e-tij\\\/#primaryimage\"},\"image\":{\"@id\":\"https:\\\/\\\/www.ahmadiyya-islam.org\\\/al\\\/artikuj\\\/bajrami-filozofia-e-tij\\\/#primaryimage\"},\"thumbnailUrl\":\"https:\\\/\\\/www.ahmadiyya-islam.org\\\/al\\\/wp-content\\\/uploads\\\/sites\\\/3\\\/2016\\\/07\\\/Bajrami.jpg\",\"datePublished\":\"2016-07-06T15:03:44+00:00\",\"dateModified\":\"2019-02-18T10:37:13+00:00\",\"description\":\"Bajrami - Natyra e njeriut k\u00ebrkon t\u00eb ket\u00eb festa n\u00eb jet\u00ebn e tij, n\u00eb m\u00ebnyr\u00eb q\u00eb ai t\u00eb leht\u00ebsoj\u00eb dhimbjet, t\u00eb harroj\u00eb brengat, t\u00eb g\u00ebzohet dhe ...\",\"breadcrumb\":{\"@id\":\"https:\\\/\\\/www.ahmadiyya-islam.org\\\/al\\\/artikuj\\\/bajrami-filozofia-e-tij\\\/#breadcrumb\"},\"inLanguage\":\"sq-AL\",\"potentialAction\":[{\"@type\":\"ReadAction\",\"target\":[\"https:\\\/\\\/www.ahmadiyya-islam.org\\\/al\\\/artikuj\\\/bajrami-filozofia-e-tij\\\/\"]}]},{\"@type\":\"ImageObject\",\"inLanguage\":\"sq-AL\",\"@id\":\"https:\\\/\\\/www.ahmadiyya-islam.org\\\/al\\\/artikuj\\\/bajrami-filozofia-e-tij\\\/#primaryimage\",\"url\":\"https:\\\/\\\/www.ahmadiyya-islam.org\\\/al\\\/wp-content\\\/uploads\\\/sites\\\/3\\\/2016\\\/07\\\/Bajrami.jpg\",\"contentUrl\":\"https:\\\/\\\/www.ahmadiyya-islam.org\\\/al\\\/wp-content\\\/uploads\\\/sites\\\/3\\\/2016\\\/07\\\/Bajrami.jpg\",\"width\":1200,\"height\":572,\"caption\":\"Bajrami festa e bajramit\"},{\"@type\":\"BreadcrumbList\",\"@id\":\"https:\\\/\\\/www.ahmadiyya-islam.org\\\/al\\\/artikuj\\\/bajrami-filozofia-e-tij\\\/#breadcrumb\",\"itemListElement\":[{\"@type\":\"ListItem\",\"position\":1,\"name\":\"Home\",\"item\":\"https:\\\/\\\/www.ahmadiyya-islam.org\\\/al\\\/\"},{\"@type\":\"ListItem\",\"position\":2,\"name\":\"Artikujt\",\"item\":\"https:\\\/\\\/www.ahmadiyya-islam.org\\\/al\\\/artikuj\\\/\"},{\"@type\":\"ListItem\",\"position\":3,\"name\":\"Bajrami &#8211; Filozofia e tij\"}]},{\"@type\":\"WebSite\",\"@id\":\"https:\\\/\\\/www.ahmadiyya-islam.org\\\/al\\\/#website\",\"url\":\"https:\\\/\\\/www.ahmadiyya-islam.org\\\/al\\\/\",\"name\":\"Xhemati Musliman Ahmedia\",\"description\":\"Albania\",\"potentialAction\":[{\"@type\":\"SearchAction\",\"target\":{\"@type\":\"EntryPoint\",\"urlTemplate\":\"https:\\\/\\\/www.ahmadiyya-islam.org\\\/al\\\/?s={search_term_string}\"},\"query-input\":{\"@type\":\"PropertyValueSpecification\",\"valueRequired\":true,\"valueName\":\"search_term_string\"}}],\"inLanguage\":\"sq-AL\"}]}<\/script>\n<!-- \/ Yoast SEO Premium plugin. -->","yoast_head_json":{"title":"Bajrami - Filozofia e tij","description":"Bajrami - Natyra e njeriut k\u00ebrkon t\u00eb ket\u00eb festa n\u00eb jet\u00ebn e tij, n\u00eb m\u00ebnyr\u00eb q\u00eb ai t\u00eb leht\u00ebsoj\u00eb dhimbjet, t\u00eb harroj\u00eb brengat, t\u00eb g\u00ebzohet dhe ...","robots":{"index":"index","follow":"follow","max-snippet":"max-snippet:-1","max-image-preview":"max-image-preview:large","max-video-preview":"max-video-preview:-1"},"canonical":"https:\/\/www.ahmadiyya-islam.org\/al\/artikuj\/bajrami-filozofia-e-tij\/","og_locale":"sq_AL","og_type":"article","og_title":"Bajrami - Filozofia e tij","og_description":"Bajrami - Natyra e njeriut k\u00ebrkon t\u00eb ket\u00eb festa n\u00eb jet\u00ebn e tij, n\u00eb m\u00ebnyr\u00eb q\u00eb ai t\u00eb leht\u00ebsoj\u00eb dhimbjet, t\u00eb harroj\u00eb brengat, t\u00eb g\u00ebzohet dhe ...","og_url":"https:\/\/www.ahmadiyya-islam.org\/al\/artikuj\/bajrami-filozofia-e-tij\/","og_site_name":"Xhemati Musliman Ahmedia","article_modified_time":"2019-02-18T10:37:13+00:00","og_image":[{"width":1200,"height":572,"url":"https:\/\/www.ahmadiyya-islam.org\/al\/wp-content\/uploads\/sites\/3\/2016\/07\/Bajrami.jpg","type":"image\/jpeg"}],"twitter_card":"summary_large_image","twitter_misc":{"Est. reading time":"3 minutes"},"schema":{"@context":"https:\/\/schema.org","@graph":[{"@type":"WebPage","@id":"https:\/\/www.ahmadiyya-islam.org\/al\/artikuj\/bajrami-filozofia-e-tij\/","url":"https:\/\/www.ahmadiyya-islam.org\/al\/artikuj\/bajrami-filozofia-e-tij\/","name":"Bajrami - Filozofia e tij","isPartOf":{"@id":"https:\/\/www.ahmadiyya-islam.org\/al\/#website"},"primaryImageOfPage":{"@id":"https:\/\/www.ahmadiyya-islam.org\/al\/artikuj\/bajrami-filozofia-e-tij\/#primaryimage"},"image":{"@id":"https:\/\/www.ahmadiyya-islam.org\/al\/artikuj\/bajrami-filozofia-e-tij\/#primaryimage"},"thumbnailUrl":"https:\/\/www.ahmadiyya-islam.org\/al\/wp-content\/uploads\/sites\/3\/2016\/07\/Bajrami.jpg","datePublished":"2016-07-06T15:03:44+00:00","dateModified":"2019-02-18T10:37:13+00:00","description":"Bajrami - Natyra e njeriut k\u00ebrkon t\u00eb ket\u00eb festa n\u00eb jet\u00ebn e tij, n\u00eb m\u00ebnyr\u00eb q\u00eb ai t\u00eb leht\u00ebsoj\u00eb dhimbjet, t\u00eb harroj\u00eb brengat, t\u00eb g\u00ebzohet dhe ...","breadcrumb":{"@id":"https:\/\/www.ahmadiyya-islam.org\/al\/artikuj\/bajrami-filozofia-e-tij\/#breadcrumb"},"inLanguage":"sq-AL","potentialAction":[{"@type":"ReadAction","target":["https:\/\/www.ahmadiyya-islam.org\/al\/artikuj\/bajrami-filozofia-e-tij\/"]}]},{"@type":"ImageObject","inLanguage":"sq-AL","@id":"https:\/\/www.ahmadiyya-islam.org\/al\/artikuj\/bajrami-filozofia-e-tij\/#primaryimage","url":"https:\/\/www.ahmadiyya-islam.org\/al\/wp-content\/uploads\/sites\/3\/2016\/07\/Bajrami.jpg","contentUrl":"https:\/\/www.ahmadiyya-islam.org\/al\/wp-content\/uploads\/sites\/3\/2016\/07\/Bajrami.jpg","width":1200,"height":572,"caption":"Bajrami festa e bajramit"},{"@type":"BreadcrumbList","@id":"https:\/\/www.ahmadiyya-islam.org\/al\/artikuj\/bajrami-filozofia-e-tij\/#breadcrumb","itemListElement":[{"@type":"ListItem","position":1,"name":"Home","item":"https:\/\/www.ahmadiyya-islam.org\/al\/"},{"@type":"ListItem","position":2,"name":"Artikujt","item":"https:\/\/www.ahmadiyya-islam.org\/al\/artikuj\/"},{"@type":"ListItem","position":3,"name":"Bajrami &#8211; Filozofia e tij"}]},{"@type":"WebSite","@id":"https:\/\/www.ahmadiyya-islam.org\/al\/#website","url":"https:\/\/www.ahmadiyya-islam.org\/al\/","name":"Xhemati Musliman Ahmedia","description":"Albania","potentialAction":[{"@type":"SearchAction","target":{"@type":"EntryPoint","urlTemplate":"https:\/\/www.ahmadiyya-islam.org\/al\/?s={search_term_string}"},"query-input":{"@type":"PropertyValueSpecification","valueRequired":true,"valueName":"search_term_string"}}],"inLanguage":"sq-AL"}]}},"_links":{"self":[{"href":"https:\/\/www.ahmadiyya-islam.org\/al\/wp-json\/wp\/v2\/articles\/5525","targetHints":{"allow":["GET"]}}],"collection":[{"href":"https:\/\/www.ahmadiyya-islam.org\/al\/wp-json\/wp\/v2\/articles"}],"about":[{"href":"https:\/\/www.ahmadiyya-islam.org\/al\/wp-json\/wp\/v2\/types\/articles"}],"wp:featuredmedia":[{"embeddable":true,"href":"https:\/\/www.ahmadiyya-islam.org\/al\/wp-json\/wp\/v2\/media\/5526"}],"wp:attachment":[{"href":"https:\/\/www.ahmadiyya-islam.org\/al\/wp-json\/wp\/v2\/media?parent=5525"}],"wp:term":[{"taxonomy":"post_tag","embeddable":true,"href":"https:\/\/www.ahmadiyya-islam.org\/al\/wp-json\/wp\/v2\/tags?post=5525"},{"taxonomy":"authors","embeddable":true,"href":"https:\/\/www.ahmadiyya-islam.org\/al\/wp-json\/wp\/v2\/authors?post=5525"},{"taxonomy":"content_source","embeddable":true,"href":"https:\/\/www.ahmadiyya-islam.org\/al\/wp-json\/wp\/v2\/content_source?post=5525"}],"curies":[{"name":"wp","href":"https:\/\/api.w.org\/{rel}","templated":true}]}}