{"id":474,"date":"2014-03-22T20:50:49","date_gmt":"2014-03-22T20:50:49","guid":{"rendered":"http:\/\/www.ahmadiyya-islam.org\/al\/?post_type=articles&#038;p=474"},"modified":"2019-02-19T21:46:06","modified_gmt":"2019-02-19T21:46:06","slug":"liria-fetare-e-hazret-omerit","status":"publish","type":"articles","link":"https:\/\/www.ahmadiyya-islam.org\/al\/artikuj\/liria-fetare-e-hazret-omerit\/","title":{"rendered":"Liria fetare e Hazret Omerit"},"content":{"rendered":"<p>Epigraf:<\/p>\n<blockquote><p><strong>\u201cNuk ka dhun\u00eb n\u00eb fe. Tashm\u00eb \u00ebsht\u00eb e dalluar e drejta nga e shtrembra. Ai q\u00eb kund\u00ebrshton shejtanin dhe beson n\u00eb Allah, ka kapur lidhjen m\u00eb t\u00eb fort\u00eb q\u00eb nuk k\u00ebputet kurr\u00eb. Allahu d\u00ebgjon shum\u00eb dhe \u00ebsht\u00eb i Gjith\u00ebdijsh\u00ebm.\u201d\u00a0<\/strong>(Kurani Fam\u00eblart\u00eb 2:257)<\/p><\/blockquote>\n<p>Kur Profeti Muhammed s.a. solli besimin monoteist, at\u00eb t\u00eb Nj\u00eb Zoti t\u00eb Vet\u00ebm, n\u00eb nj\u00eb shoq\u00ebri politeiste, mekasit e kund\u00ebrshtuan ashp\u00ebr dhe e p\u00ebrndoq\u00ebn at\u00eb dhe ndjek\u00ebsit e tij p\u00ebr 13 vjet me radh\u00eb. Profeti u detyrua t\u00eb m\u00ebrgonte n\u00eb Medin\u00eb, por mekasit nuk e lan\u00eb dhe e sulmuan edhe Medin\u00ebn. Ishin k\u00ebto rrethanat kur zbrit\u00ebn k\u00ebto vargje t\u00eb Kuranit:<\/p>\n<blockquote><p><strong>\u201cAtyre q\u00eb jan\u00eb sulmuar, u lejohet (q\u00eb t\u00eb mbrohen), sepse u \u00ebsht\u00eb b\u00ebr\u00eb padrejt\u00ebsi. N\u00eb t\u00eb v\u00ebrtet\u00eb Allahu \u00ebsht\u00eb i Fuqish\u00ebm q\u00eb t\u2019i ndihmoj\u00eb ata, q\u00eb jan\u00eb d\u00ebbuar nga sht\u00ebpit\u00eb e tyre padrejt\u00ebsisht, vet\u00ebm sepse than\u00eb: \u201cZoti yn\u00eb \u00ebsht\u00eb Allahu.\u201d Sikur Allahu t\u00eb mos u kishte dh\u00ebn\u00eb njer\u00ebzve mund\u00ebsin\u00eb p\u00ebr t\u2019u mbrojtur nga nj\u00ebri-tjetri, do t\u00eb shkat\u00ebrroheshin manastiret, kishat, sinagogat dhe xhamit\u00eb, n\u00eb t\u00eb cilat p\u00ebrmendet shum\u00eb emri i Allahut. V\u00ebrtet\u00eb, Allahu e ndihmon at\u00eb q\u00eb e ndihmon Allahun. Allahu \u00ebsht\u00eb v\u00ebrtet\u00eb i Fort\u00eb dhe i Plotfuqish\u00ebm.\u201d\u00a0<\/strong>(Kurani Fam\u00eblart\u00eb 22:40-41)<\/p><\/blockquote>\n<p>Duke p\u00ebrmendur kishat dhe sinagogat, para xhamis\u00eb, kjo shpallje hyjnore po vendoste gurthemelin m\u00eb t\u00eb fuqish\u00ebm t\u00eb liris\u00eb fetare dhe t\u00eb mbrojtjes s\u00eb saj p\u00ebr mbar\u00eb njer\u00ebzimin. K\u00ebto ajete jan\u00eb zbritur af\u00ebrsisht n\u00eb vitin 624, t\u00eb cilat jan\u00eb praktikuar nga vet\u00eb Profeti Muhammed s.a. n\u00eb gadishullin arab dhe modeli i tij do t\u2019i b\u00ebnte edhe Kalif\u00ebt e tij t\u00eb praktikonin n\u00eb t\u00eb nj\u00ebjt\u00ebn m\u00ebnyr\u00eb. Nj\u00eb shembull t\u00eb vendosjes s\u00eb liris\u00eb fetare, n\u00eb zbatim t\u00eb porosis\u00eb s\u00eb shenjt\u00eb q\u00eb p\u00ebrmendet n\u00eb ajetet e sip\u00ebrsh\u00ebnuara, shohim n\u00eb koh\u00ebn kur musliman\u00ebt triumfojn\u00eb mbi Jerusalemin.<\/p>\n<p>Si\u00e7 dihet q\u00eb n\u00eb Jerusalem ndodhet Kisha e Varrit t\u00eb Shenjt\u00eb, vendi ku Jezusi ishte v\u00ebn\u00eb n\u00eb kryq dhe m\u00eb pas ishte mbajtur trupi i tij pas kryq\u00ebzimit. Padyshim, kjo vler\u00eb historike e saj, e b\u00ebn k\u00ebt\u00eb kish\u00eb nj\u00eb nd\u00ebr vendet m\u00eb t\u00eb shenjta t\u00eb krishterimit. Por, kur Jerusalemi ra n\u00eb duar t\u00eb musliman\u00ebve, kjo kish\u00eb nuk pati ndonj\u00eb fat tragjik, ndryshe nga xhamia e Kordobas\u00eb apo Bazilika e Sh\u00ebn Sofis\u00eb. Kjo p\u00ebr shkak t\u00eb bujaris\u00eb, urt\u00ebsis\u00eb dhe liris\u00eb fetare t\u00eb nj\u00eb njeriu, t\u00eb Omerit r.a., i cili at\u00ebher\u00eb ishte Kalifi i Dyt\u00eb i Profetit Muhammed s.a. dhe q\u00eb kishte jetuar p\u00ebr vite shum\u00eb af\u00ebr Profetit s.a..<\/p>\n<div id=\"attachment_1553\" style=\"width: 810px\" class=\"wp-caption alignnone\"><a href=\"http:\/\/www.ahmadiyya-islam.org\/al\/wp-content\/uploads\/sites\/3\/2014\/03\/Bazilika-jerusalemi.jpg\"><img loading=\"lazy\" decoding=\"async\" aria-describedby=\"caption-attachment-1553\" class=\"size-full wp-image-1553\" src=\"http:\/\/www.ahmadiyya-islam.org\/al\/wp-content\/uploads\/sites\/3\/2014\/03\/Bazilika-jerusalemi.jpg\" alt=\"Kisha e Varrit t\u00eb Shenjt\u00eb, gjithashtu quhet Bazilika e Varrit t\u00eb Shenjt\u00eb, q\u00eb gjendet n\u00eb lagjen e krishter\u00eb n\u00eb qytetin e vjet\u00ebr t\u00eb Jerusalemit.\" width=\"800\" height=\"531\" srcset=\"https:\/\/www.ahmadiyya-islam.org\/al\/wp-content\/uploads\/sites\/3\/2014\/03\/Bazilika-jerusalemi.jpg 800w, https:\/\/www.ahmadiyya-islam.org\/al\/wp-content\/uploads\/sites\/3\/2014\/03\/Bazilika-jerusalemi-768x510.jpg 768w, https:\/\/www.ahmadiyya-islam.org\/al\/wp-content\/uploads\/sites\/3\/2014\/03\/Bazilika-jerusalemi-300x199.jpg 300w\" sizes=\"auto, (max-width: 800px) 100vw, 800px\" \/><\/a><p id=\"caption-attachment-1553\" class=\"wp-caption-text\">Kisha e Varrit t\u00eb Shenjt\u00eb, gjithashtu quhet Bazilika e Varrit t\u00eb Shenjt\u00eb, q\u00eb gjendet n\u00eb lagjen e krishter\u00eb n\u00eb qytetin e vjet\u00ebr t\u00eb Jerusalemit.<\/p><\/div>\n<p>P\u00ebr shkak t\u00eb ofensivave nga kolonit\u00eb bizantine, ushtria muslimane marshoi drejt Jerusalemit dhe arriti ta rrethonte. Qyteti i shenjt\u00eb i ra n\u00eb dor\u00eb n\u00eb vitin 638, pas nj\u00eb rrethimi relativisht pa gjakderdhje. Musliman\u00ebt mor\u00ebn kontrollin e Jerusalemit nga bizantin\u00ebt n\u00eb shkurt t\u00eb vitit 638. Patriarku Sofronius (Patriarch Sophronius) ia dor\u00ebzoi qytetin Hazret Omerit personalisht. Gjat\u00eb koh\u00ebs kur Patriarku po i tregonte Hazret Omerit Bazilik\u00ebn e Varrit t\u00eb Shenjt\u00eb, erdhi vakti i namazit. Kalifit t\u00eb Islamit iu sigurua nj\u00eb vend p\u00ebr ta kryer faljen muslimane, por ai e refuzoi. Ai e dinte q\u00eb, duke qen\u00eb Kalif i Profetit, po t\u00eb falte namazin n\u00eb at\u00eb kish\u00eb, n\u00eb t\u00eb ardhmen ndokush tjet\u00ebr do ta kthente kish\u00ebn n\u00eb xhami. Ai deshi q\u00eb t\u00eb krishter\u00ebt ta kishin lirin\u00eb e tyre fetare dhe vendin e tyre t\u00eb shenjt\u00eb. Andaj, preferoi t\u00eb falte namazin p\u00ebrjashta, te shkall\u00ebt, ku shekuj m\u00eb von\u00eb u nd\u00ebrtua nj\u00eb xhami, e quajtur Xhamia e Omerit.<\/p>\n<div id=\"attachment_1554\" style=\"width: 489px\" class=\"wp-caption alignnone\"><a href=\"http:\/\/www.ahmadiyya-islam.org\/al\/wp-content\/uploads\/sites\/3\/2014\/03\/Xhamia-e-Omerit.jpg\"><img loading=\"lazy\" decoding=\"async\" aria-describedby=\"caption-attachment-1554\" class=\"size-full wp-image-1554\" src=\"http:\/\/www.ahmadiyya-islam.org\/al\/wp-content\/uploads\/sites\/3\/2014\/03\/Xhamia-e-Omerit.jpg\" alt=\"Kisha e Varrit t\u00eb Shenjt\u00eb, mbrapa s\u00eb cil\u00ebs shihet minarja katrore e xhamis\u00eb s\u00eb Hazret Omerit.\" width=\"479\" height=\"638\" srcset=\"https:\/\/www.ahmadiyya-islam.org\/al\/wp-content\/uploads\/sites\/3\/2014\/03\/Xhamia-e-Omerit.jpg 479w, https:\/\/www.ahmadiyya-islam.org\/al\/wp-content\/uploads\/sites\/3\/2014\/03\/Xhamia-e-Omerit-225x300.jpg 225w\" sizes=\"auto, (max-width: 479px) 100vw, 479px\" \/><\/a><p id=\"caption-attachment-1554\" class=\"wp-caption-text\">Kisha e Varrit t\u00eb Shenjt\u00eb, mbrapa s\u00eb cil\u00ebs shihet minarja katrore e xhamis\u00eb s\u00eb Hazret Omerit.<\/p><\/div>\n<p>Me gjestin e tij, Hazret Omeri r.a. e mbrojti pranin\u00eb e kish\u00ebs kryesore n\u00eb vendin e saj. Jerusalemi mbeti n\u00eb qeverisjen muslimane nga viti 638 deri n\u00eb krijimin e shtetit Izrael n\u00eb vitin 1948, duke p\u00ebrjashtuar periudh\u00ebn 80-vje\u00e7are gjat\u00eb Kryq\u00ebzat\u00ebs s\u00eb par\u00eb e t\u00eb tret\u00eb.<\/p>\n<p style=\"text-align: right\">\n","protected":false},"excerpt":{"rendered":"<p>Epigraf: \u201cNuk ka dhun\u00eb n\u00eb fe. Tashm\u00eb \u00ebsht\u00eb e dalluar e drejta nga e shtrembra. Ai q\u00eb kund\u00ebrshton shejtanin dhe beson n\u00eb Allah, ka kapur lidhjen m\u00eb t\u00eb fort\u00eb q\u00eb nuk k\u00ebputet kurr\u00eb. Allahu d\u00ebgjon shum\u00eb dhe \u00ebsht\u00eb i Gjith\u00ebdijsh\u00ebm.\u201d\u00a0(Kurani Fam\u00eblart\u00eb 2:257) Kur Profeti Muhammed s.a. solli besimin monoteist, at\u00eb t\u00eb Nj\u00eb Zoti t\u00eb Vet\u00ebm,<\/p>\n","protected":false},"featured_media":1553,"template":"","tags":[229,228,227,189],"authors":[479],"content_source":[],"class_list":["post-474","articles","type-articles","status-publish","has-post-thumbnail","hentry","tag-hazret-omeri-r-a","tag-historia-e-islamit","tag-islami-dhe-paqja","tag-kalifati","topics-liria-fetare","article-cat-artikuj","authors-zia-h-shah-md"],"acf":[],"yoast_head":"<!-- This site is optimized with the Yoast SEO Premium plugin v21.1 (Yoast SEO v27.4) - https:\/\/yoast.com\/product\/yoast-seo-premium-wordpress\/ -->\n<title>Liria fetare e Hazret Omerit<\/title>\n<meta name=\"robots\" content=\"index, follow, max-snippet:-1, max-image-preview:large, max-video-preview:-1\" \/>\n<link rel=\"canonical\" href=\"https:\/\/www.ahmadiyya-islam.org\/al\/artikuj\/liria-fetare-e-hazret-omerit\/\" \/>\n<meta property=\"og:locale\" content=\"sq_AL\" \/>\n<meta property=\"og:type\" content=\"article\" \/>\n<meta property=\"og:title\" content=\"Liria fetare e Hazret Omerit\" \/>\n<meta property=\"og:description\" content=\"Epigraf: \u201cNuk ka dhun\u00eb n\u00eb fe. Tashm\u00eb \u00ebsht\u00eb e dalluar e drejta nga e shtrembra. Ai q\u00eb kund\u00ebrshton shejtanin dhe beson n\u00eb Allah, ka kapur lidhjen m\u00eb t\u00eb fort\u00eb q\u00eb nuk k\u00ebputet kurr\u00eb. Allahu d\u00ebgjon shum\u00eb dhe \u00ebsht\u00eb i Gjith\u00ebdijsh\u00ebm.\u201d\u00a0(Kurani Fam\u00eblart\u00eb 2:257) Kur Profeti Muhammed s.a. solli besimin monoteist, at\u00eb t\u00eb Nj\u00eb Zoti t\u00eb Vet\u00ebm,\" \/>\n<meta property=\"og:url\" content=\"https:\/\/www.ahmadiyya-islam.org\/al\/artikuj\/liria-fetare-e-hazret-omerit\/\" \/>\n<meta property=\"og:site_name\" content=\"Xhemati Musliman Ahmedia\" \/>\n<meta property=\"article:modified_time\" content=\"2019-02-19T21:46:06+00:00\" \/>\n<meta property=\"og:image\" content=\"https:\/\/www.ahmadiyya-islam.org\/al\/wp-content\/uploads\/sites\/3\/2014\/03\/Bazilika-jerusalemi.jpg\" \/>\n\t<meta property=\"og:image:width\" content=\"800\" \/>\n\t<meta property=\"og:image:height\" content=\"531\" \/>\n\t<meta property=\"og:image:type\" content=\"image\/jpeg\" \/>\n<meta name=\"twitter:card\" content=\"summary_large_image\" \/>\n<meta name=\"twitter:label1\" content=\"Est. reading time\" \/>\n\t<meta name=\"twitter:data1\" content=\"4 minutes\" \/>\n<script type=\"application\/ld+json\" class=\"yoast-schema-graph\">{\"@context\":\"https:\\\/\\\/schema.org\",\"@graph\":[{\"@type\":\"WebPage\",\"@id\":\"https:\\\/\\\/www.ahmadiyya-islam.org\\\/al\\\/artikuj\\\/liria-fetare-e-hazret-omerit\\\/\",\"url\":\"https:\\\/\\\/www.ahmadiyya-islam.org\\\/al\\\/artikuj\\\/liria-fetare-e-hazret-omerit\\\/\",\"name\":\"Liria fetare e Hazret Omerit\",\"isPartOf\":{\"@id\":\"https:\\\/\\\/www.ahmadiyya-islam.org\\\/al\\\/#website\"},\"primaryImageOfPage\":{\"@id\":\"https:\\\/\\\/www.ahmadiyya-islam.org\\\/al\\\/artikuj\\\/liria-fetare-e-hazret-omerit\\\/#primaryimage\"},\"image\":{\"@id\":\"https:\\\/\\\/www.ahmadiyya-islam.org\\\/al\\\/artikuj\\\/liria-fetare-e-hazret-omerit\\\/#primaryimage\"},\"thumbnailUrl\":\"https:\\\/\\\/www.ahmadiyya-islam.org\\\/al\\\/wp-content\\\/uploads\\\/sites\\\/3\\\/2014\\\/03\\\/Bazilika-jerusalemi.jpg\",\"datePublished\":\"2014-03-22T20:50:49+00:00\",\"dateModified\":\"2019-02-19T21:46:06+00:00\",\"breadcrumb\":{\"@id\":\"https:\\\/\\\/www.ahmadiyya-islam.org\\\/al\\\/artikuj\\\/liria-fetare-e-hazret-omerit\\\/#breadcrumb\"},\"inLanguage\":\"sq-AL\",\"potentialAction\":[{\"@type\":\"ReadAction\",\"target\":[\"https:\\\/\\\/www.ahmadiyya-islam.org\\\/al\\\/artikuj\\\/liria-fetare-e-hazret-omerit\\\/\"]}]},{\"@type\":\"ImageObject\",\"inLanguage\":\"sq-AL\",\"@id\":\"https:\\\/\\\/www.ahmadiyya-islam.org\\\/al\\\/artikuj\\\/liria-fetare-e-hazret-omerit\\\/#primaryimage\",\"url\":\"https:\\\/\\\/www.ahmadiyya-islam.org\\\/al\\\/wp-content\\\/uploads\\\/sites\\\/3\\\/2014\\\/03\\\/Bazilika-jerusalemi.jpg\",\"contentUrl\":\"https:\\\/\\\/www.ahmadiyya-islam.org\\\/al\\\/wp-content\\\/uploads\\\/sites\\\/3\\\/2014\\\/03\\\/Bazilika-jerusalemi.jpg\",\"width\":800,\"height\":531,\"caption\":\"Kisha e Varrit t\u00eb Shenjt\u00eb, gjithashtu quhet Bazilika e Varrit t\u00eb Shenjt\u00eb, q\u00eb gjendet n\u00eb lagjen e krishter\u00eb n\u00eb qytetin e vjet\u00ebr t\u00eb Jerusalemit.\"},{\"@type\":\"BreadcrumbList\",\"@id\":\"https:\\\/\\\/www.ahmadiyya-islam.org\\\/al\\\/artikuj\\\/liria-fetare-e-hazret-omerit\\\/#breadcrumb\",\"itemListElement\":[{\"@type\":\"ListItem\",\"position\":1,\"name\":\"Home\",\"item\":\"https:\\\/\\\/www.ahmadiyya-islam.org\\\/al\\\/\"},{\"@type\":\"ListItem\",\"position\":2,\"name\":\"Artikujt\",\"item\":\"https:\\\/\\\/www.ahmadiyya-islam.org\\\/al\\\/artikuj\\\/\"},{\"@type\":\"ListItem\",\"position\":3,\"name\":\"Liria fetare e Hazret Omerit\"}]},{\"@type\":\"WebSite\",\"@id\":\"https:\\\/\\\/www.ahmadiyya-islam.org\\\/al\\\/#website\",\"url\":\"https:\\\/\\\/www.ahmadiyya-islam.org\\\/al\\\/\",\"name\":\"Xhemati Musliman Ahmedia\",\"description\":\"Albania\",\"potentialAction\":[{\"@type\":\"SearchAction\",\"target\":{\"@type\":\"EntryPoint\",\"urlTemplate\":\"https:\\\/\\\/www.ahmadiyya-islam.org\\\/al\\\/?s={search_term_string}\"},\"query-input\":{\"@type\":\"PropertyValueSpecification\",\"valueRequired\":true,\"valueName\":\"search_term_string\"}}],\"inLanguage\":\"sq-AL\"}]}<\/script>\n<!-- \/ Yoast SEO Premium plugin. -->","yoast_head_json":{"title":"Liria fetare e Hazret Omerit","robots":{"index":"index","follow":"follow","max-snippet":"max-snippet:-1","max-image-preview":"max-image-preview:large","max-video-preview":"max-video-preview:-1"},"canonical":"https:\/\/www.ahmadiyya-islam.org\/al\/artikuj\/liria-fetare-e-hazret-omerit\/","og_locale":"sq_AL","og_type":"article","og_title":"Liria fetare e Hazret Omerit","og_description":"Epigraf: \u201cNuk ka dhun\u00eb n\u00eb fe. Tashm\u00eb \u00ebsht\u00eb e dalluar e drejta nga e shtrembra. Ai q\u00eb kund\u00ebrshton shejtanin dhe beson n\u00eb Allah, ka kapur lidhjen m\u00eb t\u00eb fort\u00eb q\u00eb nuk k\u00ebputet kurr\u00eb. Allahu d\u00ebgjon shum\u00eb dhe \u00ebsht\u00eb i Gjith\u00ebdijsh\u00ebm.\u201d\u00a0(Kurani Fam\u00eblart\u00eb 2:257) Kur Profeti Muhammed s.a. solli besimin monoteist, at\u00eb t\u00eb Nj\u00eb Zoti t\u00eb Vet\u00ebm,","og_url":"https:\/\/www.ahmadiyya-islam.org\/al\/artikuj\/liria-fetare-e-hazret-omerit\/","og_site_name":"Xhemati Musliman Ahmedia","article_modified_time":"2019-02-19T21:46:06+00:00","og_image":[{"width":800,"height":531,"url":"https:\/\/www.ahmadiyya-islam.org\/al\/wp-content\/uploads\/sites\/3\/2014\/03\/Bazilika-jerusalemi.jpg","type":"image\/jpeg"}],"twitter_card":"summary_large_image","twitter_misc":{"Est. reading time":"4 minutes"},"schema":{"@context":"https:\/\/schema.org","@graph":[{"@type":"WebPage","@id":"https:\/\/www.ahmadiyya-islam.org\/al\/artikuj\/liria-fetare-e-hazret-omerit\/","url":"https:\/\/www.ahmadiyya-islam.org\/al\/artikuj\/liria-fetare-e-hazret-omerit\/","name":"Liria fetare e Hazret Omerit","isPartOf":{"@id":"https:\/\/www.ahmadiyya-islam.org\/al\/#website"},"primaryImageOfPage":{"@id":"https:\/\/www.ahmadiyya-islam.org\/al\/artikuj\/liria-fetare-e-hazret-omerit\/#primaryimage"},"image":{"@id":"https:\/\/www.ahmadiyya-islam.org\/al\/artikuj\/liria-fetare-e-hazret-omerit\/#primaryimage"},"thumbnailUrl":"https:\/\/www.ahmadiyya-islam.org\/al\/wp-content\/uploads\/sites\/3\/2014\/03\/Bazilika-jerusalemi.jpg","datePublished":"2014-03-22T20:50:49+00:00","dateModified":"2019-02-19T21:46:06+00:00","breadcrumb":{"@id":"https:\/\/www.ahmadiyya-islam.org\/al\/artikuj\/liria-fetare-e-hazret-omerit\/#breadcrumb"},"inLanguage":"sq-AL","potentialAction":[{"@type":"ReadAction","target":["https:\/\/www.ahmadiyya-islam.org\/al\/artikuj\/liria-fetare-e-hazret-omerit\/"]}]},{"@type":"ImageObject","inLanguage":"sq-AL","@id":"https:\/\/www.ahmadiyya-islam.org\/al\/artikuj\/liria-fetare-e-hazret-omerit\/#primaryimage","url":"https:\/\/www.ahmadiyya-islam.org\/al\/wp-content\/uploads\/sites\/3\/2014\/03\/Bazilika-jerusalemi.jpg","contentUrl":"https:\/\/www.ahmadiyya-islam.org\/al\/wp-content\/uploads\/sites\/3\/2014\/03\/Bazilika-jerusalemi.jpg","width":800,"height":531,"caption":"Kisha e Varrit t\u00eb Shenjt\u00eb, gjithashtu quhet Bazilika e Varrit t\u00eb Shenjt\u00eb, q\u00eb gjendet n\u00eb lagjen e krishter\u00eb n\u00eb qytetin e vjet\u00ebr t\u00eb Jerusalemit."},{"@type":"BreadcrumbList","@id":"https:\/\/www.ahmadiyya-islam.org\/al\/artikuj\/liria-fetare-e-hazret-omerit\/#breadcrumb","itemListElement":[{"@type":"ListItem","position":1,"name":"Home","item":"https:\/\/www.ahmadiyya-islam.org\/al\/"},{"@type":"ListItem","position":2,"name":"Artikujt","item":"https:\/\/www.ahmadiyya-islam.org\/al\/artikuj\/"},{"@type":"ListItem","position":3,"name":"Liria fetare e Hazret Omerit"}]},{"@type":"WebSite","@id":"https:\/\/www.ahmadiyya-islam.org\/al\/#website","url":"https:\/\/www.ahmadiyya-islam.org\/al\/","name":"Xhemati Musliman Ahmedia","description":"Albania","potentialAction":[{"@type":"SearchAction","target":{"@type":"EntryPoint","urlTemplate":"https:\/\/www.ahmadiyya-islam.org\/al\/?s={search_term_string}"},"query-input":{"@type":"PropertyValueSpecification","valueRequired":true,"valueName":"search_term_string"}}],"inLanguage":"sq-AL"}]}},"_links":{"self":[{"href":"https:\/\/www.ahmadiyya-islam.org\/al\/wp-json\/wp\/v2\/articles\/474","targetHints":{"allow":["GET"]}}],"collection":[{"href":"https:\/\/www.ahmadiyya-islam.org\/al\/wp-json\/wp\/v2\/articles"}],"about":[{"href":"https:\/\/www.ahmadiyya-islam.org\/al\/wp-json\/wp\/v2\/types\/articles"}],"wp:featuredmedia":[{"embeddable":true,"href":"https:\/\/www.ahmadiyya-islam.org\/al\/wp-json\/wp\/v2\/media\/1553"}],"wp:attachment":[{"href":"https:\/\/www.ahmadiyya-islam.org\/al\/wp-json\/wp\/v2\/media?parent=474"}],"wp:term":[{"taxonomy":"post_tag","embeddable":true,"href":"https:\/\/www.ahmadiyya-islam.org\/al\/wp-json\/wp\/v2\/tags?post=474"},{"taxonomy":"authors","embeddable":true,"href":"https:\/\/www.ahmadiyya-islam.org\/al\/wp-json\/wp\/v2\/authors?post=474"},{"taxonomy":"content_source","embeddable":true,"href":"https:\/\/www.ahmadiyya-islam.org\/al\/wp-json\/wp\/v2\/content_source?post=474"}],"curies":[{"name":"wp","href":"https:\/\/api.w.org\/{rel}","templated":true}]}}