{"id":4260,"date":"2016-02-27T14:46:53","date_gmt":"2016-02-27T14:46:53","guid":{"rendered":"http:\/\/www.ahmadiyya-islam.org\/al\/?post_type=articles&#038;p=4260"},"modified":"2019-02-18T10:40:02","modified_gmt":"2019-02-18T10:40:02","slug":"ezani-fillimi-i-ezanit-ne-islam","status":"publish","type":"articles","link":"https:\/\/www.ahmadiyya-islam.org\/al\/artikuj\/ezani-fillimi-i-ezanit-ne-islam\/","title":{"rendered":"Fillimi i ezanit n\u00eb Islam"},"content":{"rendered":"<p>Hazret Ibni Omeri r.a. thot\u00eb:<\/p>\n<blockquote><p>Kur mysliman\u00ebt erdh\u00ebn n\u00eb Medin\u00eb, ata tuboheshin me v\u00ebshtir\u00ebsi p\u00ebr faljen e namazit, sepse nuk thirrej p\u00ebr t\u00eb. Ata nj\u00eb dit\u00eb diskutuan rreth k\u00ebsaj dhe disa than\u00eb t\u00eb merrej kambana ashtu si\u00e7 \u00ebsht\u00eb te krishter\u00ebt!, nd\u00ebrsa t\u00eb tjer\u00ebt sugjeruan, t\u00eb merrej buria ashtu si\u00e7 \u00ebsht\u00eb buria e hebrenjve. At\u00ebher\u00eb Omeri tha \u2018Pse nuk e caktoni nj\u00eb njeri q\u00eb t\u00eb ftoj\u00eb p\u00ebr n\u00eb namaz\u2019. Pastaj i D\u00ebrguari i Allahut <sup>s.a.v.s.<\/sup> tha: \u201cO Bilal, ngrihu dhe thirr p\u00ebr namaz.\u201d\u00a0[Buhariu, libri i ezanit, kap. Fillimi i ezanit, hadithi 604]<\/p><\/blockquote>\n<p>N\u00eb dit\u00ebt e konsultimeve p\u00ebr m\u00ebnyr\u00ebn e lajm\u00ebrimit t\u00eb koh\u00ebve t\u00eb faljes, Ebu Abdullah bin Zejdi kishte par\u00eb n\u00eb \u00ebnd\u00ebrr se nj\u00eb njeri sillet rreth tij me kamban\u00eb n\u00eb dor\u00eb dhe ai e pyeti:<\/p>\n<blockquote><p>\u2013 O robi i Zotit, a do t\u00eb m\u00eb shes\u00ebsh at\u00eb kamban\u00eb?<\/p>\n<p>\u2013 \u00c7\u2019do t\u00eb b\u00ebsh me k\u00ebt\u00eb? Pyeti ai.<\/p>\n<p>\u2013 Duke i r\u00ebn\u00eb kamban\u00ebs, ne do t\u00eb lajm\u00ebrojm\u00eb p\u00ebr faljen e namazit me xhemat.<\/p>\n<p>\u2013 A t\u00eb tregoj di\u00e7ka m\u00eb t\u00eb mir\u00eb se kjo? \u2013 tha ai.<\/p>\n<p>\u2013 Sigurisht \u2013 u p\u00ebrgjigja.<\/p>\n<p>At\u00ebher\u00eb ai m\u00eb shqiptoi: \u201cAllahu ekber, kat\u00ebr her\u00eb; esh-hedu en-la ilahe il-lal-llah, dy her\u00eb; esh-hedu enne Muhamederr resulullah, dy her\u00eb; hajje eles selaah \u2013 dy her\u00eb; hejje elel felaah, dy her\u00eb; Allahu ekber, dy her\u00eb; La ilahe il-lall-llah, nj\u00eb her\u00eb.<\/p><\/blockquote>\n<p>Pastaj tha:<\/p>\n<blockquote><p>\u201cKur duash t\u00eb fal\u00ebsh namazin, (b\u00ebhet fjal\u00eb p\u00ebr ikametin) k\u00ebndo: \u201cAllahu ekber\u201d dy her\u00eb, fjalit\u00eb e tjera nga nj\u00eb her\u00eb dhe n\u00eb fund \u201cAllahu\u00a0 ekber\u201d dy her\u00eb.<\/p>\n<p>T\u00eb nes\u00ebrmen Ebu Abdullah bin Zejdi ia tregoi Profetit t\u00eb shenjt\u00eb <sup>s.a.v.s.<\/sup> \u00ebndrr\u00ebn e tij, e ai i tha \u201cAjo \u00ebnd\u00ebrr, dasht\u00eb Allahu, do t\u00eb jet\u00eb e v\u00ebrtet\u00eb. M\u00ebsoji Bilalit at\u00eb q\u00eb ke par\u00eb dhe ai ashtu do t\u00eb k\u00ebndoj\u00eb ezanin, sepse ai ka z\u00eb m\u00eb t\u00eb bukur se ti.\u201d Bilali pasi q\u00eb e m\u00ebsoi tekstin e lartp\u00ebrmendur, e thirri ezanin. Kur Omer bin Hattabi d\u00ebgjoi ezanin n\u00eb sht\u00ebpin\u00eb e tij, ai, me pallto t\u00eb hedhur krah\u00ebve, nxitoi p\u00ebr t\u00eb ardhur n\u00eb xhami dhe i tha Profetit t\u00eb shenjt\u00eb <sup>s.a.v.s.<\/sup> \u201cO i D\u00ebrguar i Allahut! Pasha At\u00eb, i Cili t\u00eb ka d\u00ebrguar me t\u00eb v\u00ebrtet\u00ebn, edhe un\u00eb kam par\u00eb n\u00eb \u00ebnd\u00ebrr nj\u00eb tekst t\u00eb till\u00eb.\u201d<\/p>\n<p>\u2013 Lavdi Allahut \u2013 tha Pejgamberi <sup>s.a.v.s. \u00a0<\/sup><i>[Tirmidhi, Ibne Maxhe, Muvetta Ahmad bin Hanbal]<\/i><\/p><\/blockquote>\n<p>N\u00eb p\u00ebrmbledhjen e haditheve Ebu Davud shtohet:<\/p>\n<p>I D\u00ebrguari i Allahut <sup>s.a.v.s. <\/sup>mendonte p\u00ebr m\u00ebnyr\u00ebn e thirrjes, q\u00eb njer\u00ebzit t\u00eb mblidheshin p\u00ebr faljen e namazit me xhemat. Disa sugjeruan nxjerrjen e flamurit, t\u00eb tjer\u00ebt p\u00ebr t\u2019i r\u00ebn\u00eb boris\u00eb dhe dikush p\u00ebr t\u2019i r\u00ebn\u00eb kamban\u00ebs. I D\u00ebrguari i Allahut <sup>s.a.v.s.<\/sup> nuk e p\u00eblqeu asnj\u00eb prej tyre. N\u00eb k\u00ebt\u00eb diskutim i pranish\u00ebm ishte edhe Abdullah bin Zejdi, i cili gjithashtu mendonte p\u00ebr m\u00ebnyr\u00ebn e mbledhjes s\u00eb mysliman\u00ebve p\u00ebr koh\u00ebn e faljes. Ai n\u00ebn ndikimin e k\u00ebtyre mendimeve ra n\u00eb gjum\u00eb, ku pa nj\u00eb \u00ebnd\u00ebrr. N\u00eb k\u00ebt\u00eb \u00ebnd\u00ebrr iu tregua teksti i ezanit, t\u00eb cilin t\u00eb nes\u00ebrmen ai ia tregoi Profetit t\u00eb shenjt\u00eb <sup>s.a.v.s<\/sup>.<\/p>\n<p>Omerit n\u00eb t\u00eb nj\u00ebjt\u00ebn m\u00ebnyr\u00eb i ishte kall\u00ebzuar teksti i ezanit para nj\u00ebzet dit\u00ebsh, por ai nuk ia paraqiti askujt dhe k\u00ebshtu ia kaloi k\u00ebt\u00eb Abudullah bin Zejdi.\u00a0<i>[Sunen Ebu Davud]<\/i><b><\/b><\/p>\n<p>&nbsp;<\/p>\n","protected":false},"excerpt":{"rendered":"<p>Hazret Ibni Omeri r.a. thot\u00eb: Kur mysliman\u00ebt erdh\u00ebn n\u00eb Medin\u00eb, ata tuboheshin me v\u00ebshtir\u00ebsi p\u00ebr faljen e namazit, sepse nuk thirrej p\u00ebr t\u00eb. Ata nj\u00eb dit\u00eb diskutuan rreth k\u00ebsaj dhe disa than\u00eb t\u00eb merrej kambana ashtu si\u00e7 \u00ebsht\u00eb te krishter\u00ebt!, nd\u00ebrsa t\u00eb tjer\u00ebt sugjeruan, t\u00eb merrej buria ashtu si\u00e7 \u00ebsht\u00eb buria e hebrenjve. At\u00ebher\u00eb Omeri<\/p>\n","protected":false},"featured_media":4261,"template":"","tags":[347],"authors":[459],"content_source":[],"class_list":["post-4260","articles","type-articles","status-publish","has-post-thumbnail","hentry","tag-ezani","topics-namazi","article-cat-artikuj","authors-shahid-ahmad-butt"],"acf":[],"yoast_head":"<!-- This site is optimized with the Yoast SEO Premium plugin v21.1 (Yoast SEO v27.4) - https:\/\/yoast.com\/product\/yoast-seo-premium-wordpress\/ -->\n<title>Fillimi i ezanit n\u00eb Islam<\/title>\n<meta name=\"description\" content=\"Ezani - Nj\u00eb thirrje e frym\u00ebzuar nga Zoti i Madh\u00ebrish\u00ebm q\u00eb u erdhi musliman\u00ebve n\u00eb koh\u00ebn e Profetit Muhammed s.a.s.\" \/>\n<meta name=\"robots\" content=\"index, follow, max-snippet:-1, max-image-preview:large, max-video-preview:-1\" \/>\n<link rel=\"canonical\" href=\"https:\/\/www.ahmadiyya-islam.org\/al\/artikuj\/ezani-fillimi-i-ezanit-ne-islam\/\" \/>\n<meta property=\"og:locale\" content=\"sq_AL\" \/>\n<meta property=\"og:type\" content=\"article\" \/>\n<meta property=\"og:title\" content=\"Fillimi i ezanit n\u00eb Islam\" \/>\n<meta property=\"og:description\" content=\"Ezani - Nj\u00eb thirrje e frym\u00ebzuar nga Zoti i Madh\u00ebrish\u00ebm q\u00eb u erdhi musliman\u00ebve n\u00eb koh\u00ebn e Profetit Muhammed s.a.s.\" \/>\n<meta property=\"og:url\" content=\"https:\/\/www.ahmadiyya-islam.org\/al\/artikuj\/ezani-fillimi-i-ezanit-ne-islam\/\" \/>\n<meta property=\"og:site_name\" content=\"Xhemati Musliman Ahmedia\" \/>\n<meta property=\"article:modified_time\" content=\"2019-02-18T10:40:02+00:00\" \/>\n<meta property=\"og:image\" content=\"https:\/\/www.ahmadiyya-islam.org\/al\/wp-content\/uploads\/sites\/3\/2016\/02\/xhamia-merjeme-Galway-irlanda.jpg\" \/>\n\t<meta property=\"og:image:width\" content=\"1200\" \/>\n\t<meta property=\"og:image:height\" content=\"571\" \/>\n\t<meta property=\"og:image:type\" content=\"image\/jpeg\" \/>\n<meta name=\"twitter:card\" content=\"summary_large_image\" \/>\n<meta name=\"twitter:label1\" content=\"Est. reading time\" \/>\n\t<meta name=\"twitter:data1\" content=\"3 minutes\" \/>\n<script type=\"application\/ld+json\" class=\"yoast-schema-graph\">{\"@context\":\"https:\\\/\\\/schema.org\",\"@graph\":[{\"@type\":\"WebPage\",\"@id\":\"https:\\\/\\\/www.ahmadiyya-islam.org\\\/al\\\/artikuj\\\/ezani-fillimi-i-ezanit-ne-islam\\\/\",\"url\":\"https:\\\/\\\/www.ahmadiyya-islam.org\\\/al\\\/artikuj\\\/ezani-fillimi-i-ezanit-ne-islam\\\/\",\"name\":\"Fillimi i ezanit n\u00eb Islam\",\"isPartOf\":{\"@id\":\"https:\\\/\\\/www.ahmadiyya-islam.org\\\/al\\\/#website\"},\"primaryImageOfPage\":{\"@id\":\"https:\\\/\\\/www.ahmadiyya-islam.org\\\/al\\\/artikuj\\\/ezani-fillimi-i-ezanit-ne-islam\\\/#primaryimage\"},\"image\":{\"@id\":\"https:\\\/\\\/www.ahmadiyya-islam.org\\\/al\\\/artikuj\\\/ezani-fillimi-i-ezanit-ne-islam\\\/#primaryimage\"},\"thumbnailUrl\":\"https:\\\/\\\/www.ahmadiyya-islam.org\\\/al\\\/wp-content\\\/uploads\\\/sites\\\/3\\\/2016\\\/02\\\/xhamia-merjeme-Galway-irlanda.jpg\",\"datePublished\":\"2016-02-27T14:46:53+00:00\",\"dateModified\":\"2019-02-18T10:40:02+00:00\",\"description\":\"Ezani - Nj\u00eb thirrje e frym\u00ebzuar nga Zoti i Madh\u00ebrish\u00ebm q\u00eb u erdhi musliman\u00ebve n\u00eb koh\u00ebn e Profetit Muhammed s.a.s.\",\"breadcrumb\":{\"@id\":\"https:\\\/\\\/www.ahmadiyya-islam.org\\\/al\\\/artikuj\\\/ezani-fillimi-i-ezanit-ne-islam\\\/#breadcrumb\"},\"inLanguage\":\"sq-AL\",\"potentialAction\":[{\"@type\":\"ReadAction\",\"target\":[\"https:\\\/\\\/www.ahmadiyya-islam.org\\\/al\\\/artikuj\\\/ezani-fillimi-i-ezanit-ne-islam\\\/\"]}]},{\"@type\":\"ImageObject\",\"inLanguage\":\"sq-AL\",\"@id\":\"https:\\\/\\\/www.ahmadiyya-islam.org\\\/al\\\/artikuj\\\/ezani-fillimi-i-ezanit-ne-islam\\\/#primaryimage\",\"url\":\"https:\\\/\\\/www.ahmadiyya-islam.org\\\/al\\\/wp-content\\\/uploads\\\/sites\\\/3\\\/2016\\\/02\\\/xhamia-merjeme-Galway-irlanda.jpg\",\"contentUrl\":\"https:\\\/\\\/www.ahmadiyya-islam.org\\\/al\\\/wp-content\\\/uploads\\\/sites\\\/3\\\/2016\\\/02\\\/xhamia-merjeme-Galway-irlanda.jpg\",\"width\":1200,\"height\":571,\"caption\":\"xhamia merjeme\"},{\"@type\":\"BreadcrumbList\",\"@id\":\"https:\\\/\\\/www.ahmadiyya-islam.org\\\/al\\\/artikuj\\\/ezani-fillimi-i-ezanit-ne-islam\\\/#breadcrumb\",\"itemListElement\":[{\"@type\":\"ListItem\",\"position\":1,\"name\":\"Home\",\"item\":\"https:\\\/\\\/www.ahmadiyya-islam.org\\\/al\\\/\"},{\"@type\":\"ListItem\",\"position\":2,\"name\":\"Artikujt\",\"item\":\"https:\\\/\\\/www.ahmadiyya-islam.org\\\/al\\\/artikuj\\\/\"},{\"@type\":\"ListItem\",\"position\":3,\"name\":\"Fillimi i ezanit n\u00eb Islam\"}]},{\"@type\":\"WebSite\",\"@id\":\"https:\\\/\\\/www.ahmadiyya-islam.org\\\/al\\\/#website\",\"url\":\"https:\\\/\\\/www.ahmadiyya-islam.org\\\/al\\\/\",\"name\":\"Xhemati Musliman Ahmedia\",\"description\":\"Albania\",\"potentialAction\":[{\"@type\":\"SearchAction\",\"target\":{\"@type\":\"EntryPoint\",\"urlTemplate\":\"https:\\\/\\\/www.ahmadiyya-islam.org\\\/al\\\/?s={search_term_string}\"},\"query-input\":{\"@type\":\"PropertyValueSpecification\",\"valueRequired\":true,\"valueName\":\"search_term_string\"}}],\"inLanguage\":\"sq-AL\"}]}<\/script>\n<!-- \/ Yoast SEO Premium plugin. -->","yoast_head_json":{"title":"Fillimi i ezanit n\u00eb Islam","description":"Ezani - Nj\u00eb thirrje e frym\u00ebzuar nga Zoti i Madh\u00ebrish\u00ebm q\u00eb u erdhi musliman\u00ebve n\u00eb koh\u00ebn e Profetit Muhammed s.a.s.","robots":{"index":"index","follow":"follow","max-snippet":"max-snippet:-1","max-image-preview":"max-image-preview:large","max-video-preview":"max-video-preview:-1"},"canonical":"https:\/\/www.ahmadiyya-islam.org\/al\/artikuj\/ezani-fillimi-i-ezanit-ne-islam\/","og_locale":"sq_AL","og_type":"article","og_title":"Fillimi i ezanit n\u00eb Islam","og_description":"Ezani - Nj\u00eb thirrje e frym\u00ebzuar nga Zoti i Madh\u00ebrish\u00ebm q\u00eb u erdhi musliman\u00ebve n\u00eb koh\u00ebn e Profetit Muhammed s.a.s.","og_url":"https:\/\/www.ahmadiyya-islam.org\/al\/artikuj\/ezani-fillimi-i-ezanit-ne-islam\/","og_site_name":"Xhemati Musliman Ahmedia","article_modified_time":"2019-02-18T10:40:02+00:00","og_image":[{"width":1200,"height":571,"url":"https:\/\/www.ahmadiyya-islam.org\/al\/wp-content\/uploads\/sites\/3\/2016\/02\/xhamia-merjeme-Galway-irlanda.jpg","type":"image\/jpeg"}],"twitter_card":"summary_large_image","twitter_misc":{"Est. reading time":"3 minutes"},"schema":{"@context":"https:\/\/schema.org","@graph":[{"@type":"WebPage","@id":"https:\/\/www.ahmadiyya-islam.org\/al\/artikuj\/ezani-fillimi-i-ezanit-ne-islam\/","url":"https:\/\/www.ahmadiyya-islam.org\/al\/artikuj\/ezani-fillimi-i-ezanit-ne-islam\/","name":"Fillimi i ezanit n\u00eb Islam","isPartOf":{"@id":"https:\/\/www.ahmadiyya-islam.org\/al\/#website"},"primaryImageOfPage":{"@id":"https:\/\/www.ahmadiyya-islam.org\/al\/artikuj\/ezani-fillimi-i-ezanit-ne-islam\/#primaryimage"},"image":{"@id":"https:\/\/www.ahmadiyya-islam.org\/al\/artikuj\/ezani-fillimi-i-ezanit-ne-islam\/#primaryimage"},"thumbnailUrl":"https:\/\/www.ahmadiyya-islam.org\/al\/wp-content\/uploads\/sites\/3\/2016\/02\/xhamia-merjeme-Galway-irlanda.jpg","datePublished":"2016-02-27T14:46:53+00:00","dateModified":"2019-02-18T10:40:02+00:00","description":"Ezani - Nj\u00eb thirrje e frym\u00ebzuar nga Zoti i Madh\u00ebrish\u00ebm q\u00eb u erdhi musliman\u00ebve n\u00eb koh\u00ebn e Profetit Muhammed s.a.s.","breadcrumb":{"@id":"https:\/\/www.ahmadiyya-islam.org\/al\/artikuj\/ezani-fillimi-i-ezanit-ne-islam\/#breadcrumb"},"inLanguage":"sq-AL","potentialAction":[{"@type":"ReadAction","target":["https:\/\/www.ahmadiyya-islam.org\/al\/artikuj\/ezani-fillimi-i-ezanit-ne-islam\/"]}]},{"@type":"ImageObject","inLanguage":"sq-AL","@id":"https:\/\/www.ahmadiyya-islam.org\/al\/artikuj\/ezani-fillimi-i-ezanit-ne-islam\/#primaryimage","url":"https:\/\/www.ahmadiyya-islam.org\/al\/wp-content\/uploads\/sites\/3\/2016\/02\/xhamia-merjeme-Galway-irlanda.jpg","contentUrl":"https:\/\/www.ahmadiyya-islam.org\/al\/wp-content\/uploads\/sites\/3\/2016\/02\/xhamia-merjeme-Galway-irlanda.jpg","width":1200,"height":571,"caption":"xhamia merjeme"},{"@type":"BreadcrumbList","@id":"https:\/\/www.ahmadiyya-islam.org\/al\/artikuj\/ezani-fillimi-i-ezanit-ne-islam\/#breadcrumb","itemListElement":[{"@type":"ListItem","position":1,"name":"Home","item":"https:\/\/www.ahmadiyya-islam.org\/al\/"},{"@type":"ListItem","position":2,"name":"Artikujt","item":"https:\/\/www.ahmadiyya-islam.org\/al\/artikuj\/"},{"@type":"ListItem","position":3,"name":"Fillimi i ezanit n\u00eb Islam"}]},{"@type":"WebSite","@id":"https:\/\/www.ahmadiyya-islam.org\/al\/#website","url":"https:\/\/www.ahmadiyya-islam.org\/al\/","name":"Xhemati Musliman Ahmedia","description":"Albania","potentialAction":[{"@type":"SearchAction","target":{"@type":"EntryPoint","urlTemplate":"https:\/\/www.ahmadiyya-islam.org\/al\/?s={search_term_string}"},"query-input":{"@type":"PropertyValueSpecification","valueRequired":true,"valueName":"search_term_string"}}],"inLanguage":"sq-AL"}]}},"_links":{"self":[{"href":"https:\/\/www.ahmadiyya-islam.org\/al\/wp-json\/wp\/v2\/articles\/4260","targetHints":{"allow":["GET"]}}],"collection":[{"href":"https:\/\/www.ahmadiyya-islam.org\/al\/wp-json\/wp\/v2\/articles"}],"about":[{"href":"https:\/\/www.ahmadiyya-islam.org\/al\/wp-json\/wp\/v2\/types\/articles"}],"wp:featuredmedia":[{"embeddable":true,"href":"https:\/\/www.ahmadiyya-islam.org\/al\/wp-json\/wp\/v2\/media\/4261"}],"wp:attachment":[{"href":"https:\/\/www.ahmadiyya-islam.org\/al\/wp-json\/wp\/v2\/media?parent=4260"}],"wp:term":[{"taxonomy":"post_tag","embeddable":true,"href":"https:\/\/www.ahmadiyya-islam.org\/al\/wp-json\/wp\/v2\/tags?post=4260"},{"taxonomy":"authors","embeddable":true,"href":"https:\/\/www.ahmadiyya-islam.org\/al\/wp-json\/wp\/v2\/authors?post=4260"},{"taxonomy":"content_source","embeddable":true,"href":"https:\/\/www.ahmadiyya-islam.org\/al\/wp-json\/wp\/v2\/content_source?post=4260"}],"curies":[{"name":"wp","href":"https:\/\/api.w.org\/{rel}","templated":true}]}}