{"id":3048,"date":"2015-07-17T12:40:48","date_gmt":"2015-07-17T12:40:48","guid":{"rendered":"http:\/\/www.ahmadiyya-islam.org\/al\/?post_type=articles&#038;p=3048"},"modified":"2019-02-19T21:51:31","modified_gmt":"2019-02-19T21:51:31","slug":"si-duhet-te-veproni-nese-bajrami-vjen-diten-e-xhumase","status":"publish","type":"articles","link":"https:\/\/www.ahmadiyya-islam.org\/al\/artikuj\/si-duhet-te-veproni-nese-bajrami-vjen-diten-e-xhumase\/","title":{"rendered":"Si duhet t\u00eb veproni n\u00ebse bajrami vjen dit\u00ebn e xhumas\u00eb?"},"content":{"rendered":"<p>Hazret Ibni Abasi r.a. tregon:<\/p>\n<blockquote><p><strong>Nj\u00eb her\u00eb gjat\u00eb koh\u00ebs s\u00eb Profetit Muhammed s.a. bajrami erdhi n\u00eb dit\u00ebn e xhumas\u00eb. Profeti s.a. udh\u00ebhoqi namazin e bajramit dhe m\u00eb pas tha: Falja e bajramit \u00ebsht\u00eb kompensim p\u00ebr faljen e xhumas\u00eb, prandaj, ai q\u00eb nuk d\u00ebshiron t\u00eb vij\u00eb n\u00eb faljen e xhumas\u00eb, lejohet. Por ne inshallah do ta falim faljen e xhumas\u00eb n\u00eb koh\u00ebn e saj.<\/strong><a href=\"#_ftn1\" name=\"_ftnref1\">[1]<\/a><\/p><\/blockquote>\n<p>Pra, n\u00eb k\u00ebt\u00eb rast ekziston leje p\u00ebr t\u00eb mos falur namazin e xhumas\u00eb dhe at\u00ebher\u00eb duhet t\u00eb falni namazin e drek\u00ebs. Por ai q\u00eb d\u00ebshiron t&#8217;i fal\u00eb t\u00eb dyja namazet, do t\u00eb ket\u00eb shp\u00ebrblim prej Zotit. Gjithashtu, n\u00eb xhami \u00ebsht\u00eb mir\u00eb t\u00eb ket\u00eb organizim p\u00ebr t\u00eb dyja faljet, n\u00eb m\u00ebnyr\u00eb q\u00eb ai q\u00eb d\u00ebshiron t\u00eb marr\u00eb pjes\u00eb n\u00eb to, t\u00eb ket\u00eb mund\u00ebsi ta fal\u00eb edhe namazin e bajramit, edhe namazin e xhumas\u00eb.<\/p>\n<hr \/>\n<p><a href=\"#_ftnref1\" name=\"_ftn1\">[1]<\/a> Sunen Ibni Maxha, el-xhuz el-euvel, kitab ikamatis-selah ues-sun-neti fiha, maxha&#8217;a fima idhexhtema&#8217;al eidani fi jeum.<\/p>\n","protected":false},"excerpt":{"rendered":"<p>Hazret Ibni Abasi r.a. tregon: Nj\u00eb her\u00eb gjat\u00eb koh\u00ebs s\u00eb Profetit Muhammed s.a. bajrami erdhi n\u00eb dit\u00ebn e xhumas\u00eb. Profeti s.a. udh\u00ebhoqi namazin e bajramit dhe m\u00eb pas tha: Falja e bajramit \u00ebsht\u00eb kompensim p\u00ebr faljen e xhumas\u00eb, prandaj, ai q\u00eb nuk d\u00ebshiron t\u00eb vij\u00eb n\u00eb faljen e xhumas\u00eb, lejohet. Por ne inshallah do ta<\/p>\n","protected":false},"featured_media":3012,"template":"","tags":[277,243],"authors":[454],"content_source":[],"class_list":["post-3048","articles","type-articles","status-publish","has-post-thumbnail","hentry","tag-bajrami","tag-pyetje-pergjigje","topics-fikhu-jurisprudenca","topics-ramazani","article-cat-artikuj","authors-samad-ahmed-ghori"],"acf":[],"yoast_head":"<!-- This site is optimized with the Yoast SEO Premium plugin v21.1 (Yoast SEO v27.4) - https:\/\/yoast.com\/product\/yoast-seo-premium-wordpress\/ -->\n<title>Si duhet t\u00eb veproni n\u00ebse bajrami vjen dit\u00ebn e xhumas\u00eb?<\/title>\n<meta name=\"robots\" content=\"index, follow, max-snippet:-1, max-image-preview:large, max-video-preview:-1\" \/>\n<link rel=\"canonical\" href=\"https:\/\/www.ahmadiyya-islam.org\/al\/artikuj\/si-duhet-te-veproni-nese-bajrami-vjen-diten-e-xhumase\/\" \/>\n<meta property=\"og:locale\" content=\"sq_AL\" \/>\n<meta property=\"og:type\" content=\"article\" \/>\n<meta property=\"og:title\" content=\"Si duhet t\u00eb veproni n\u00ebse bajrami vjen dit\u00ebn e xhumas\u00eb?\" \/>\n<meta property=\"og:description\" content=\"Hazret Ibni Abasi r.a. tregon: Nj\u00eb her\u00eb gjat\u00eb koh\u00ebs s\u00eb Profetit Muhammed s.a. bajrami erdhi n\u00eb dit\u00ebn e xhumas\u00eb. Profeti s.a. udh\u00ebhoqi namazin e bajramit dhe m\u00eb pas tha: Falja e bajramit \u00ebsht\u00eb kompensim p\u00ebr faljen e xhumas\u00eb, prandaj, ai q\u00eb nuk d\u00ebshiron t\u00eb vij\u00eb n\u00eb faljen e xhumas\u00eb, lejohet. Por ne inshallah do ta\" \/>\n<meta property=\"og:url\" content=\"https:\/\/www.ahmadiyya-islam.org\/al\/artikuj\/si-duhet-te-veproni-nese-bajrami-vjen-diten-e-xhumase\/\" \/>\n<meta property=\"og:site_name\" content=\"Xhemati Musliman Ahmedia\" \/>\n<meta property=\"article:modified_time\" content=\"2019-02-19T21:51:31+00:00\" \/>\n<meta property=\"og:image\" content=\"https:\/\/www.ahmadiyya-islam.org\/al\/wp-content\/uploads\/sites\/3\/2015\/07\/sexhade.jpg\" \/>\n\t<meta property=\"og:image:width\" content=\"1200\" \/>\n\t<meta property=\"og:image:height\" content=\"600\" \/>\n\t<meta property=\"og:image:type\" content=\"image\/jpeg\" \/>\n<meta name=\"twitter:card\" content=\"summary_large_image\" \/>\n<meta name=\"twitter:label1\" content=\"Est. reading time\" \/>\n\t<meta name=\"twitter:data1\" content=\"1 minute\" \/>\n<script type=\"application\/ld+json\" class=\"yoast-schema-graph\">{\"@context\":\"https:\\\/\\\/schema.org\",\"@graph\":[{\"@type\":\"WebPage\",\"@id\":\"https:\\\/\\\/www.ahmadiyya-islam.org\\\/al\\\/artikuj\\\/si-duhet-te-veproni-nese-bajrami-vjen-diten-e-xhumase\\\/\",\"url\":\"https:\\\/\\\/www.ahmadiyya-islam.org\\\/al\\\/artikuj\\\/si-duhet-te-veproni-nese-bajrami-vjen-diten-e-xhumase\\\/\",\"name\":\"Si duhet t\u00eb veproni n\u00ebse bajrami vjen dit\u00ebn e xhumas\u00eb?\",\"isPartOf\":{\"@id\":\"https:\\\/\\\/www.ahmadiyya-islam.org\\\/al\\\/#website\"},\"primaryImageOfPage\":{\"@id\":\"https:\\\/\\\/www.ahmadiyya-islam.org\\\/al\\\/artikuj\\\/si-duhet-te-veproni-nese-bajrami-vjen-diten-e-xhumase\\\/#primaryimage\"},\"image\":{\"@id\":\"https:\\\/\\\/www.ahmadiyya-islam.org\\\/al\\\/artikuj\\\/si-duhet-te-veproni-nese-bajrami-vjen-diten-e-xhumase\\\/#primaryimage\"},\"thumbnailUrl\":\"https:\\\/\\\/www.ahmadiyya-islam.org\\\/al\\\/wp-content\\\/uploads\\\/sites\\\/3\\\/2015\\\/07\\\/sexhade.jpg\",\"datePublished\":\"2015-07-17T12:40:48+00:00\",\"dateModified\":\"2019-02-19T21:51:31+00:00\",\"breadcrumb\":{\"@id\":\"https:\\\/\\\/www.ahmadiyya-islam.org\\\/al\\\/artikuj\\\/si-duhet-te-veproni-nese-bajrami-vjen-diten-e-xhumase\\\/#breadcrumb\"},\"inLanguage\":\"sq-AL\",\"potentialAction\":[{\"@type\":\"ReadAction\",\"target\":[\"https:\\\/\\\/www.ahmadiyya-islam.org\\\/al\\\/artikuj\\\/si-duhet-te-veproni-nese-bajrami-vjen-diten-e-xhumase\\\/\"]}]},{\"@type\":\"ImageObject\",\"inLanguage\":\"sq-AL\",\"@id\":\"https:\\\/\\\/www.ahmadiyya-islam.org\\\/al\\\/artikuj\\\/si-duhet-te-veproni-nese-bajrami-vjen-diten-e-xhumase\\\/#primaryimage\",\"url\":\"https:\\\/\\\/www.ahmadiyya-islam.org\\\/al\\\/wp-content\\\/uploads\\\/sites\\\/3\\\/2015\\\/07\\\/sexhade.jpg\",\"contentUrl\":\"https:\\\/\\\/www.ahmadiyya-islam.org\\\/al\\\/wp-content\\\/uploads\\\/sites\\\/3\\\/2015\\\/07\\\/sexhade.jpg\",\"width\":1200,\"height\":600},{\"@type\":\"BreadcrumbList\",\"@id\":\"https:\\\/\\\/www.ahmadiyya-islam.org\\\/al\\\/artikuj\\\/si-duhet-te-veproni-nese-bajrami-vjen-diten-e-xhumase\\\/#breadcrumb\",\"itemListElement\":[{\"@type\":\"ListItem\",\"position\":1,\"name\":\"Home\",\"item\":\"https:\\\/\\\/www.ahmadiyya-islam.org\\\/al\\\/\"},{\"@type\":\"ListItem\",\"position\":2,\"name\":\"Artikujt\",\"item\":\"https:\\\/\\\/www.ahmadiyya-islam.org\\\/al\\\/artikuj\\\/\"},{\"@type\":\"ListItem\",\"position\":3,\"name\":\"Si duhet t\u00eb veproni n\u00ebse bajrami vjen dit\u00ebn e xhumas\u00eb?\"}]},{\"@type\":\"WebSite\",\"@id\":\"https:\\\/\\\/www.ahmadiyya-islam.org\\\/al\\\/#website\",\"url\":\"https:\\\/\\\/www.ahmadiyya-islam.org\\\/al\\\/\",\"name\":\"Xhemati Musliman Ahmedia\",\"description\":\"Albania\",\"potentialAction\":[{\"@type\":\"SearchAction\",\"target\":{\"@type\":\"EntryPoint\",\"urlTemplate\":\"https:\\\/\\\/www.ahmadiyya-islam.org\\\/al\\\/?s={search_term_string}\"},\"query-input\":{\"@type\":\"PropertyValueSpecification\",\"valueRequired\":true,\"valueName\":\"search_term_string\"}}],\"inLanguage\":\"sq-AL\"}]}<\/script>\n<!-- \/ Yoast SEO Premium plugin. -->","yoast_head_json":{"title":"Si duhet t\u00eb veproni n\u00ebse bajrami vjen dit\u00ebn e xhumas\u00eb?","robots":{"index":"index","follow":"follow","max-snippet":"max-snippet:-1","max-image-preview":"max-image-preview:large","max-video-preview":"max-video-preview:-1"},"canonical":"https:\/\/www.ahmadiyya-islam.org\/al\/artikuj\/si-duhet-te-veproni-nese-bajrami-vjen-diten-e-xhumase\/","og_locale":"sq_AL","og_type":"article","og_title":"Si duhet t\u00eb veproni n\u00ebse bajrami vjen dit\u00ebn e xhumas\u00eb?","og_description":"Hazret Ibni Abasi r.a. tregon: Nj\u00eb her\u00eb gjat\u00eb koh\u00ebs s\u00eb Profetit Muhammed s.a. bajrami erdhi n\u00eb dit\u00ebn e xhumas\u00eb. Profeti s.a. udh\u00ebhoqi namazin e bajramit dhe m\u00eb pas tha: Falja e bajramit \u00ebsht\u00eb kompensim p\u00ebr faljen e xhumas\u00eb, prandaj, ai q\u00eb nuk d\u00ebshiron t\u00eb vij\u00eb n\u00eb faljen e xhumas\u00eb, lejohet. Por ne inshallah do ta","og_url":"https:\/\/www.ahmadiyya-islam.org\/al\/artikuj\/si-duhet-te-veproni-nese-bajrami-vjen-diten-e-xhumase\/","og_site_name":"Xhemati Musliman Ahmedia","article_modified_time":"2019-02-19T21:51:31+00:00","og_image":[{"width":1200,"height":600,"url":"https:\/\/www.ahmadiyya-islam.org\/al\/wp-content\/uploads\/sites\/3\/2015\/07\/sexhade.jpg","type":"image\/jpeg"}],"twitter_card":"summary_large_image","twitter_misc":{"Est. reading time":"1 minute"},"schema":{"@context":"https:\/\/schema.org","@graph":[{"@type":"WebPage","@id":"https:\/\/www.ahmadiyya-islam.org\/al\/artikuj\/si-duhet-te-veproni-nese-bajrami-vjen-diten-e-xhumase\/","url":"https:\/\/www.ahmadiyya-islam.org\/al\/artikuj\/si-duhet-te-veproni-nese-bajrami-vjen-diten-e-xhumase\/","name":"Si duhet t\u00eb veproni n\u00ebse bajrami vjen dit\u00ebn e xhumas\u00eb?","isPartOf":{"@id":"https:\/\/www.ahmadiyya-islam.org\/al\/#website"},"primaryImageOfPage":{"@id":"https:\/\/www.ahmadiyya-islam.org\/al\/artikuj\/si-duhet-te-veproni-nese-bajrami-vjen-diten-e-xhumase\/#primaryimage"},"image":{"@id":"https:\/\/www.ahmadiyya-islam.org\/al\/artikuj\/si-duhet-te-veproni-nese-bajrami-vjen-diten-e-xhumase\/#primaryimage"},"thumbnailUrl":"https:\/\/www.ahmadiyya-islam.org\/al\/wp-content\/uploads\/sites\/3\/2015\/07\/sexhade.jpg","datePublished":"2015-07-17T12:40:48+00:00","dateModified":"2019-02-19T21:51:31+00:00","breadcrumb":{"@id":"https:\/\/www.ahmadiyya-islam.org\/al\/artikuj\/si-duhet-te-veproni-nese-bajrami-vjen-diten-e-xhumase\/#breadcrumb"},"inLanguage":"sq-AL","potentialAction":[{"@type":"ReadAction","target":["https:\/\/www.ahmadiyya-islam.org\/al\/artikuj\/si-duhet-te-veproni-nese-bajrami-vjen-diten-e-xhumase\/"]}]},{"@type":"ImageObject","inLanguage":"sq-AL","@id":"https:\/\/www.ahmadiyya-islam.org\/al\/artikuj\/si-duhet-te-veproni-nese-bajrami-vjen-diten-e-xhumase\/#primaryimage","url":"https:\/\/www.ahmadiyya-islam.org\/al\/wp-content\/uploads\/sites\/3\/2015\/07\/sexhade.jpg","contentUrl":"https:\/\/www.ahmadiyya-islam.org\/al\/wp-content\/uploads\/sites\/3\/2015\/07\/sexhade.jpg","width":1200,"height":600},{"@type":"BreadcrumbList","@id":"https:\/\/www.ahmadiyya-islam.org\/al\/artikuj\/si-duhet-te-veproni-nese-bajrami-vjen-diten-e-xhumase\/#breadcrumb","itemListElement":[{"@type":"ListItem","position":1,"name":"Home","item":"https:\/\/www.ahmadiyya-islam.org\/al\/"},{"@type":"ListItem","position":2,"name":"Artikujt","item":"https:\/\/www.ahmadiyya-islam.org\/al\/artikuj\/"},{"@type":"ListItem","position":3,"name":"Si duhet t\u00eb veproni n\u00ebse bajrami vjen dit\u00ebn e xhumas\u00eb?"}]},{"@type":"WebSite","@id":"https:\/\/www.ahmadiyya-islam.org\/al\/#website","url":"https:\/\/www.ahmadiyya-islam.org\/al\/","name":"Xhemati Musliman Ahmedia","description":"Albania","potentialAction":[{"@type":"SearchAction","target":{"@type":"EntryPoint","urlTemplate":"https:\/\/www.ahmadiyya-islam.org\/al\/?s={search_term_string}"},"query-input":{"@type":"PropertyValueSpecification","valueRequired":true,"valueName":"search_term_string"}}],"inLanguage":"sq-AL"}]}},"_links":{"self":[{"href":"https:\/\/www.ahmadiyya-islam.org\/al\/wp-json\/wp\/v2\/articles\/3048","targetHints":{"allow":["GET"]}}],"collection":[{"href":"https:\/\/www.ahmadiyya-islam.org\/al\/wp-json\/wp\/v2\/articles"}],"about":[{"href":"https:\/\/www.ahmadiyya-islam.org\/al\/wp-json\/wp\/v2\/types\/articles"}],"wp:featuredmedia":[{"embeddable":true,"href":"https:\/\/www.ahmadiyya-islam.org\/al\/wp-json\/wp\/v2\/media\/3012"}],"wp:attachment":[{"href":"https:\/\/www.ahmadiyya-islam.org\/al\/wp-json\/wp\/v2\/media?parent=3048"}],"wp:term":[{"taxonomy":"post_tag","embeddable":true,"href":"https:\/\/www.ahmadiyya-islam.org\/al\/wp-json\/wp\/v2\/tags?post=3048"},{"taxonomy":"authors","embeddable":true,"href":"https:\/\/www.ahmadiyya-islam.org\/al\/wp-json\/wp\/v2\/authors?post=3048"},{"taxonomy":"content_source","embeddable":true,"href":"https:\/\/www.ahmadiyya-islam.org\/al\/wp-json\/wp\/v2\/content_source?post=3048"}],"curies":[{"name":"wp","href":"https:\/\/api.w.org\/{rel}","templated":true}]}}