{"id":12160,"date":"2022-05-08T12:19:36","date_gmt":"2022-05-08T12:19:36","guid":{"rendered":"https:\/\/www.ahmadiyya-islam.org\/al\/?post_type=articles&#038;p=12160"},"modified":"2022-05-08T12:24:28","modified_gmt":"2022-05-08T12:24:28","slug":"mundesia-e-degjimit-te-zerit-te-profetit-muhammed-permes-teknologjise-nje-e-dhene-nga-kurani","status":"publish","type":"articles","link":"https:\/\/www.ahmadiyya-islam.org\/al\/artikuj\/mundesia-e-degjimit-te-zerit-te-profetit-muhammed-permes-teknologjise-nje-e-dhene-nga-kurani\/","title":{"rendered":"Mund\u00ebsia e d\u00ebgjimit t\u00eb z\u00ebrit t\u00eb Profetit Muhammed p\u00ebrmes teknologjis\u00eb \u2013 Nj\u00eb e dh\u00ebn\u00eb nga Kurani"},"content":{"rendered":"<p>Po sikur t\u00eb mund ta d\u00ebgjonim z\u00ebrin e Profetit Muhammed s.a.v.s. me vesh\u00ebt tan\u00eb, n\u00eb vend q\u00eb t\u00eb lexonim vet\u00ebm transmetimet e tij n\u00eb <em>Sahih el-Buhari<\/em>? Po, e lexuat sakt\u00eb. Imagjinoni t\u00eb d\u00ebgjoni fjal\u00ebt e bekuara t\u00eb Profetit Muhammed s.a.v.s. q\u00eb dilnin nga buz\u00ebt e tij t\u00eb bekuara. Ting\u00ebllon e pabesueshme, apo jo? Epo, ndoshta nuk \u00ebsht\u00eb aq e pamundur.<\/p>\n<h2>Rrath\u00ebt n\u00eb trungjet e pem\u00ebve<\/h2>\n<p>T\u00eb gjith\u00eb e mbajm\u00eb n\u00eb mend kur ishim f\u00ebmij\u00eb q\u00eb magjepseshim kur m\u00ebsuesit tan\u00eb na m\u00ebsonin se mund t\u00eb dallonim mosh\u00ebn e nj\u00eb peme vet\u00ebm duke num\u00ebruar rrath\u00ebt e saj. Ishte e mahnitshme t\u00eb shihje se historia po regjistrohej fjal\u00eb p\u00ebr fjal\u00eb n\u00eb k\u00ebto rrath\u00eb brenda trungjeve t\u00eb pem\u00ebve. Sidoqoft\u00eb, ato na japin m\u00eb shum\u00eb t\u00eb dh\u00ebna sesa vet\u00ebm mosh\u00ebn e pem\u00ebs. Nj\u00eb artikull nga NASA tregon se klima q\u00eb p\u00ebrjetoi pema gjat\u00eb jet\u00ebs s\u00eb saj \u00ebsht\u00eb gjithashtu e gdhendur n\u00eb k\u00ebto rrath\u00eb. (<a href=\"https:\/\/climate.nasa.gov\/news\/2540\/tree-rings-provide-snapshots-of-earths-past-climate\/\">https:\/\/climate.nasa.gov\/news\/2540\/tree-rings-provide-snapshots-of-earths-past-climate\/<\/a>)<\/p>\n<p style=\"text-align: center;\"><img loading=\"lazy\" decoding=\"async\" class=\"aligncenter wp-image-12161\" src=\"https:\/\/www.ahmadiyya-islam.org\/al\/wp-content\/uploads\/sites\/3\/2022\/02\/Annual-rings.jpg\" alt=\"Druri unaza rreth\" width=\"534\" height=\"356\" srcset=\"https:\/\/www.ahmadiyya-islam.org\/al\/wp-content\/uploads\/sites\/3\/2022\/02\/Annual-rings.jpg 1280w, https:\/\/www.ahmadiyya-islam.org\/al\/wp-content\/uploads\/sites\/3\/2022\/02\/Annual-rings-300x200.jpg 300w, https:\/\/www.ahmadiyya-islam.org\/al\/wp-content\/uploads\/sites\/3\/2022\/02\/Annual-rings-1024x682.jpg 1024w, https:\/\/www.ahmadiyya-islam.org\/al\/wp-content\/uploads\/sites\/3\/2022\/02\/Annual-rings-768x512.jpg 768w\" sizes=\"auto, (max-width: 534px) 100vw, 534px\" \/><em>Rrath\u00ebt brenda trungjeve t\u00eb pem\u00ebs tregojn\u00eb mosh\u00ebn e saj dhe stin\u00ebt me t\u00eb cilat \u00ebsht\u00eb p\u00ebrballur.<\/em><\/p>\n<p>Trungjet e pem\u00ebve p\u00ebrmbajn\u00eb rrath\u00eb koncentrik\u00eb ngjyr\u00eb\u00e7el\u00ebt dhe t\u00eb err\u00ebt. Kombinimi i nj\u00eb rrethi ngjyr\u00eb\u00e7el\u00ebt dhe rrethi t\u00eb err\u00ebt ngjitur paraqet nj\u00eb vit t\u00eb jet\u00ebs s\u00eb pem\u00ebs. Rrath\u00ebt m\u00eb ngjyr\u00eb\u00e7el\u00ebt paraqesin rritjen gjat\u00eb pranver\u00ebs dhe ver\u00ebs dhe rrath\u00ebt m\u00eb t\u00eb err\u00ebt paraqesin rritjen gjat\u00eb vjesht\u00ebs. Si\u00e7 konsiderohet, pem\u00ebt rriten e zgjerohen n\u00eb klimat m\u00eb t\u00eb p\u00ebrshtatshme kur \u00ebsht\u00eb ngroht\u00eb dhe lag\u00ebsht. Prandaj, trash\u00ebsia e secil\u00ebs prej k\u00ebtyre rrath\u00ebve mund t\u2019iu jep t\u00eb dh\u00ebna paleoklimatolog\u00ebve (shkenc\u00ebtar\u00ebve q\u00eb studiojn\u00eb klimat e s\u00eb kaluar\u00ebs) p\u00ebr modelet historike t\u00eb klim\u00ebs t\u00eb regjistruara brenda k\u00ebtyre rrath\u00ebve.<\/p>\n<h2>Vijat e bardha n\u00eb kockat e njeriut<\/h2>\n<p>Ky fenomen v\u00ebrehet edhe n\u00eb trupin e njeriut. P\u00ebr shembull, tek f\u00ebmij\u00ebt kockat e t\u00eb cil\u00ebve jan\u00eb ende n\u00eb rritje, insultet patologjike q\u00eb rezultojn\u00eb n\u00eb ndalimin e rritjes s\u00eb kockave mund t\u00eb l\u00ebn\u00eb nj\u00eb vij\u00eb sklerotike (t\u00eb bardh\u00eb). Insultet e p\u00ebrs\u00ebritura (d.m.th. kequshqyerja, infeksioni etj.) mund t\u00eb rezultojn\u00eb n\u00eb cikle t\u00eb m\u00ebtejshme ndalimi t\u00eb rritjes. Prandaj, modeli i vijave t\u00eb bardha t\u00eb nd\u00ebrk\u00ebmbyera ndiqet nga zhvillimi normal i kockave.<\/p>\n<p style=\"text-align: center;\"><img loading=\"lazy\" decoding=\"async\" class=\"aligncenter wp-image-12162\" src=\"https:\/\/www.ahmadiyya-islam.org\/al\/wp-content\/uploads\/sites\/3\/2022\/02\/X-Ray-Radiology.jpg\" alt=\"Rreze X radiologji eshtra\" width=\"499\" height=\"409\" srcset=\"https:\/\/www.ahmadiyya-islam.org\/al\/wp-content\/uploads\/sites\/3\/2022\/02\/X-Ray-Radiology.jpg 644w, https:\/\/www.ahmadiyya-islam.org\/al\/wp-content\/uploads\/sites\/3\/2022\/02\/X-Ray-Radiology-300x246.jpg 300w\" sizes=\"auto, (max-width: 499px) 100vw, 499px\" \/><em>Figura 1 (majtas): Rasti me mir\u00ebsjellje t\u00eb Dr Matt A. Morgan, Radiopaedia.org, rID: 37960 (Rasti i ndalimit t\u00eb rritjes)<\/em><\/p>\n<p style=\"text-align: center;\"><em>Figura 2 (djathtas): Rasti me mir\u00ebsjellje t\u00eb Dr Aneta Kecler-Pietrzyk, Radiopaedia.org, rID: 53160 (Normal)<\/em><\/p>\n<p>K\u00ebto vija quhen vijat e \u201cndalimit t\u00eb rritjes\u201d. Distanca midis k\u00ebtyre vijave t\u00eb bardha lidhet me koh\u00ebn nd\u00ebrmjet insulteve ose periudhave t\u00eb kufizimit t\u00eb rritjes, duke l\u00ebn\u00eb m\u00eb s\u00eb miri t\u00eb kuptoj\u00eb kronologjin\u00eb e zhvillimit t\u00eb f\u00ebmij\u00ebs.<\/p>\n<p>Disa madje argumentojn\u00eb se k\u00ebto vija mund t\u00eb shihen si nj\u00eb variant normal dhe jo vet\u00ebm si rezultat i s\u00ebmundjes. N\u00eb at\u00eb skenar, k\u00ebto vija do t\u00eb ishin pothuajse analoge me rrath\u00ebt koncentrik\u00eb q\u00eb shihen n\u00eb nj\u00eb pem\u00eb.<\/p>\n<p>Historia ka l\u00ebn\u00eb gjurm\u00ebn e saj n\u00eb gj\u00ebrat p\u00ebrreth nesh \u2013 disa m\u00eb t\u00eb dukshme se t\u00eb tjerat. P\u00ebr shembull, kur shikojm\u00eb n\u00eb qiellin e err\u00ebt dhe me yje, ne n\u00eb realitet po shikojm\u00eb prapa n\u00eb koh\u00eb. Grupi i famsh\u00ebm yjor Plejadat (arabisht: \u0627\u0644\u062b\u0651\u064f\u0631\u064e\u064a\u0651\u064e\u0627 &#8211; [<em>Thurejj<\/em><em>\u0101<\/em>]) \u00ebsht\u00eb af\u00ebrsisht 440 vit-drit\u00eb larg, q\u00eb do t\u00eb thot\u00eb se drita q\u00eb ne po shohim \u00ebsht\u00eb nga fundi i viteve 1500. Syt\u00eb tan\u00eb po d\u00ebshmojn\u00eb drejtp\u00ebrdrejt nj\u00eb pjes\u00eb t\u00eb historis\u00eb q\u00eb ka udh\u00ebtuar miliarda milje p\u00ebr t\u00eb arritur n\u00eb Tok\u00eb.<\/p>\n<h2><strong>Ligji i Ruajtjes s\u00eb Energjis\u00eb dhe Kurani i Shenjt\u00eb<\/strong><\/h2>\n<p>Ligji i Ruajtjes s\u00eb Energjis\u00eb i referohet parimit themelor q\u00eb energjia nuk mund t\u00eb krijohet dhe as t\u00eb zhduket; mund t\u00eb shnd\u00ebrrohet vet\u00ebm nga nj\u00eb form\u00eb n\u00eb tjetr\u00ebn. Drita \u00ebsht\u00eb nj\u00eb pjes\u00eb e spektrit elektromagnetik q\u00eb udh\u00ebton n\u00eb form\u00ebn e val\u00ebve elektromagnetike. Pasi fotonet e drit\u00ebs arrijn\u00eb pjes\u00ebn e pasme t\u00eb syrit, fotoreceptor\u00ebt mund ta shnd\u00ebrrojn\u00eb k\u00ebt\u00eb energji t\u00eb drit\u00ebs n\u00eb sinjale elektrike, t\u00eb cilat truri m\u00eb pas i interpreton si vizion.<\/p>\n<p>Tingulli \u00ebsht\u00eb gjithashtu energji. Prandaj, sipas Ligjit t\u00eb Ruajtjes s\u00eb Energjis\u00eb, energjia e prodhuar nga val\u00ebt e z\u00ebrit nuk mund t\u00eb humbet kurr\u00eb \u2013 ajo mund t\u00eb shnd\u00ebrrohet vet\u00ebm n\u00eb nj\u00eb form\u00eb tjet\u00ebr t\u00eb energjis\u00eb. Kjo mund t\u00eb duket hutuese n\u00eb fillim, por ky \u00ebsht\u00eb nj\u00eb ligj i shkenc\u00ebs.<\/p>\n<h2><strong>Mund\u00ebsia e d\u00ebgjimit t\u00eb <em>haditheve<\/em> nga dora e par\u00eb<\/strong><\/h2>\n<p>Nisur nga kjo, <a href=\"https:\/\/www.ahmadiyya-islam.org\/al\/personalitete\/hazret-mirza-bashiruddin-mahmud-ahmedi\/\">Hazret Mirza Beshiruddin Mahmud Ahmedi r.a., Kalifi i Dyt\u00eb i Xhematit Musliman Ahmedia<\/a>, n\u00eb komentimin e tij t\u00eb Kuranit t\u00eb Shenjt\u00eb, <em>Tefsir-e-Kebir<\/em>\u00a0[t\u00eb botuar n\u00eb vitin 1946], pohoi se nj\u00eb dit\u00eb, ne edhe mund t\u00eb jemi n\u00eb gjendje t\u00eb d\u00ebgjojm\u00eb fjal\u00ebt aktuale t\u00eb Profetit Muhammed s.a.v.s..<\/p>\n<p>Hazret Kalifi i Dyt\u00eb i Mesihut r.a. dha nj\u00eb interpretim jasht\u00ebzakonisht t\u00eb thell\u00eb t\u00eb ajetit 30 t\u00eb sures En-Nebe:<\/p>\n<p style=\"text-align: center;\"><img loading=\"lazy\" decoding=\"async\" class=\"aligncenter size-full wp-image-12163\" src=\"https:\/\/www.ahmadiyya-islam.org\/al\/wp-content\/uploads\/sites\/3\/2022\/02\/Kurani-78-30.jpg\" alt=\"Kurani 78:30\" width=\"251\" height=\"63\" \/><\/p>\n<p style=\"text-align: center;\">[<em>Ve kul-le shej\u2019in ahsajn<\/em><em>\u0101<\/em><em>hu kit<\/em><em>\u0101<\/em><em>b<\/em><em>\u0101<\/em>]<\/p>\n<blockquote><p>\u201c<strong>Dhe \u00e7do gj\u00eb e kemi regjistruar n\u00eb nj\u00eb Lib\u00ebr.<\/strong>\u201d<a href=\"#_ftn1\" name=\"_ftnref1\">[1]<\/a><\/p>\n<p>\u201c<em>Allahu thot\u00eb \u2013 Un\u00eb kam t\u00eb dh\u00ebna t\u00eb detajuara p\u00ebr \u00e7do gj\u00eb, ose thot\u00eb \u2013 Kam ruajtur t\u00eb dh\u00ebna t\u00eb holl\u00ebsishme p\u00ebr \u00e7do gj\u00eb. Do t\u00eb thot\u00eb se k\u00ebto t\u00eb dh\u00ebna jan\u00eb t\u00eb sigurta n\u00eb at\u00eb m\u00ebnyr\u00eb q\u00eb asgj\u00eb prej tyre nuk mund t\u00eb humbet. Ne v\u00ebrejm\u00eb se asnj\u00eb veprim q\u00eb nj\u00eb njeri b\u00ebn, nuk zhduket; p\u00ebrkundrazi, ai mbetet i ruajtur n\u00eb nj\u00eb m\u00ebnyr\u00eb apo n\u00eb nj\u00eb tjet\u00ebr.<\/em><\/p>\n<p><em>Shpikja e radios \u00ebsht\u00eb nj\u00eb d\u00ebshmi e madhe p\u00ebr vlefshm\u00ebrin\u00eb e k\u00ebtij fakti. Nj\u00eb person shqipton nj\u00eb fjal\u00eb nga mij\u00ebra kilometra larg, dhe ajo arrin menj\u00ebher\u00eb tek ne. Ne mund ta d\u00ebgjojm\u00eb k\u00ebt\u00eb z\u00eb n\u00eb sht\u00ebpit\u00eb tona mu sikur individi t\u00eb ishte duke biseduar ulur pran\u00eb nesh.<\/em><\/p>\n<p><em>Ndonj\u00ebher\u00eb pyes veten se nuk \u00ebsht\u00eb aq e larg\u00ebt n\u00ebse shkenca vazhdon t\u00eb p\u00ebrparoj\u00eb deri n\u00eb at\u00eb shkall\u00eb ku ne mund t\u00eb regjistrojm\u00eb z\u00ebrat e koh\u00ebve t\u00eb kaluara. N\u00ebse shpiket nj\u00eb makin\u00eb e till\u00eb, mund t\u00eb jet\u00eb e mundur q\u00eb ne t\u00eb jemi n\u00eb gjendje q\u00eb ato hadithe, q\u00eb aktualisht jan\u00eb t\u00eb shkruara n\u00eb libra, t\u2019i d\u00ebgjojm\u00eb drejtp\u00ebrdrejt nga goja e Profetit t\u00eb Shenjt\u00eb Muhammed, paqja dhe bekimi i Allahut qofshin mbi t\u00eb.<\/em><\/p>\n<p><em>N\u00eb v\u00ebzhgimin e teknologjive aktuale, kjo nuk duket aspak e pamundur. Ka pasur p\u00ebrparim t\u00eb jasht\u00ebzakonsh\u00ebm [teknologjik] n\u00eb k\u00ebt\u00eb koh\u00eb. \u00cbsht\u00eb e mundur q\u00eb n\u00eb t\u00eb ardhmen t\u00eb shpiket nj\u00eb teknologji e till\u00eb dhe t\u00eb marrim kontrollin e s\u00eb kaluar\u00ebs dhe t\u00eb d\u00ebgjojm\u00eb leht\u00ebsisht z\u00ebra nga e kaluara. Cilado bised\u00eb nga cilido shekull q\u00eb duam t\u00eb d\u00ebgjojm\u00eb, ne mund ta rregullojm\u00eb leht\u00ebsisht makin\u00ebn p\u00ebr t\u2019i riprodhuar ato biseda. Uroj q\u00eb kjo t\u00eb sh\u00ebrbej\u00eb si nj\u00eb mjet q\u00eb bota t\u00eb vij\u00eb tek e v\u00ebrteta.<\/em>\u201d<a href=\"#_ftn2\" name=\"_ftnref2\">[2]<\/a><\/p><\/blockquote>\n<p>Edhe pse mund t\u00eb duket joreale q\u00eb nj\u00eb dit\u00eb mund t\u00eb d\u00ebgjojm\u00eb z\u00ebra nga e kaluara \u2013 mund t\u00eb mos jet\u00eb e pamundur. N\u00eb fund t\u00eb fundit, vet\u00ebm dy shekuj m\u00eb par\u00eb ishte e pamundur t\u00eb kuptohej se mund t\u00eb flisnim drejtp\u00ebrdrejt me dik\u00eb n\u00eb t\u00eb gjith\u00eb rruzullin tok\u00ebsor pa pasur nevoj\u00eb t\u00eb largoheshim nga sht\u00ebpit\u00eb tona. Kush e di se \u00e7far\u00eb sjell e ardhmja?<\/p>\n<p>Si\u00e7 thot\u00eb ajeti, Allahu ka regjistruar \u00e7do gj\u00eb n\u00eb nj\u00eb lib\u00ebr. Ne mund t\u00eb mos jemi ende n\u00eb gjendje ta perceptojm\u00eb k\u00ebt\u00eb histori, por ajo \u00ebsht\u00eb atje. Ruhet n\u00eb rrath\u00ebt e pem\u00ebve, n\u00eb kockat e f\u00ebmij\u00ebve, n\u00eb drit\u00ebn e yjeve, e k\u00ebshtu me radh\u00eb. Gjith\u00e7ka l\u00eb mbres\u00eb dhe asgj\u00eb nuk shkon kot.<a href=\"#_ftn3\" name=\"_ftnref3\">[3]<\/a><\/p>\n<h3>Lexoni:<\/h3>\n<ul>\n<li><a href=\"https:\/\/www.ahmadiyya-islam.org\/al\/artikuj\/islami-dhe-shkenca-perputhshmeria-apo-konflikti\/\">Islami dhe shkenca \u2013 p\u00ebrputhshm\u00ebria apo konflikti?<\/a><\/li>\n<li><a href=\"https:\/\/www.ahmadiyya-islam.org\/al\/artikuj\/dr-abdul-salami-i-pari-shkencetar-musliman-qe-mori-cmimin-nobel\/\">Dr. Abdul Salami, i pari shkenc\u00ebtar musliman q\u00eb mori \u00e7mimin Nobel n\u00eb shkenc\u00eb<\/a><\/li>\n<\/ul>\n<hr \/>\n<p><a href=\"#_ftnref1\" name=\"_ftn1\">[1]<\/a> Kurani Fam\u00eblart\u00eb, 78:30.<br \/>\n<a href=\"#_ftnref2\" name=\"_ftn2\">[2]<\/a> Hazret Mirza Beshiruddin Mahmud Ahmed r.a., \u201cTefsir-e-Kebir\u201d, v\u00ebllimi VIII, fq. 43.<br \/>\n<a href=\"#_ftnref3\" name=\"_ftn3\">[3]<\/a> Gazeta e p\u00ebrjavshme \u201c<em>Al Hakam<\/em>\u201d, nr. 221, e premte, 21 janar 2022, botues: \u201c<em>Ahmadiyya Archive &amp; Research Centre (ARC)<\/em>\u201d, Lond\u00ebr, Angli, fq. 21.<\/p>\n","protected":false},"excerpt":{"rendered":"<p>Imagjinoni t\u00eb d\u00ebgjoni fjal\u00ebt e bekuara t\u00eb Profetit Muhammed s.a.v.s. q\u00eb dilnin nga buz\u00ebt e tij t\u00eb bekuara.<\/p>\n","protected":false},"featured_media":12164,"template":"","tags":[],"authors":[663],"content_source":[555],"class_list":["post-12160","articles","type-articles","status-publish","has-post-thumbnail","hentry","topics-kurani-dhe-shkenca","topics-profeti-muhammed-s-a","article-cat-artikuj","authors-usama-awan","content_source-alhakam"],"acf":[],"yoast_head":"<!-- This site is optimized with the Yoast SEO Premium plugin v21.1 (Yoast SEO v27.4) - https:\/\/yoast.com\/product\/yoast-seo-premium-wordpress\/ -->\n<title>Mund\u00ebsia e d\u00ebgjimit t\u00eb z\u00ebrit t\u00eb Profetit Muhammed p\u00ebrmes teknologjis\u00eb \u2013 Nj\u00eb e dh\u00ebn\u00eb nga Kurani<\/title>\n<meta name=\"description\" content=\"Imagjinoni t\u00eb d\u00ebgjoni fjal\u00ebt e bekuara t\u00eb Profetit Muhammed s.a.v.s. q\u00eb dilnin nga buz\u00ebt e tij t\u00eb bekuara.\" \/>\n<meta name=\"robots\" content=\"index, follow, max-snippet:-1, max-image-preview:large, max-video-preview:-1\" \/>\n<link rel=\"canonical\" href=\"https:\/\/www.ahmadiyya-islam.org\/al\/artikuj\/mundesia-e-degjimit-te-zerit-te-profetit-muhammed-permes-teknologjise-nje-e-dhene-nga-kurani\/\" \/>\n<meta property=\"og:locale\" content=\"sq_AL\" \/>\n<meta property=\"og:type\" content=\"article\" \/>\n<meta property=\"og:title\" content=\"Mund\u00ebsia e d\u00ebgjimit t\u00eb z\u00ebrit t\u00eb Profetit Muhammed p\u00ebrmes teknologjis\u00eb \u2013 Nj\u00eb e dh\u00ebn\u00eb nga Kurani\" \/>\n<meta property=\"og:description\" content=\"Imagjinoni t\u00eb d\u00ebgjoni fjal\u00ebt e bekuara t\u00eb Profetit Muhammed s.a.v.s. q\u00eb dilnin nga buz\u00ebt e tij t\u00eb bekuara.\" \/>\n<meta property=\"og:url\" content=\"https:\/\/www.ahmadiyya-islam.org\/al\/artikuj\/mundesia-e-degjimit-te-zerit-te-profetit-muhammed-permes-teknologjise-nje-e-dhene-nga-kurani\/\" \/>\n<meta property=\"og:site_name\" content=\"Xhemati Musliman Ahmedia\" \/>\n<meta property=\"article:modified_time\" content=\"2022-05-08T12:24:28+00:00\" \/>\n<meta property=\"og:image\" content=\"https:\/\/www.ahmadiyya-islam.org\/al\/wp-content\/uploads\/sites\/3\/2022\/02\/Kurani-i-Shenjte.jpg\" \/>\n\t<meta property=\"og:image:width\" content=\"1280\" \/>\n\t<meta property=\"og:image:height\" content=\"853\" \/>\n\t<meta property=\"og:image:type\" content=\"image\/jpeg\" \/>\n<meta name=\"twitter:card\" content=\"summary_large_image\" \/>\n<meta name=\"twitter:label1\" content=\"Est. reading time\" \/>\n\t<meta name=\"twitter:data1\" content=\"8 minutes\" \/>\n<script type=\"application\/ld+json\" class=\"yoast-schema-graph\">{\"@context\":\"https:\\\/\\\/schema.org\",\"@graph\":[{\"@type\":\"WebPage\",\"@id\":\"https:\\\/\\\/www.ahmadiyya-islam.org\\\/al\\\/artikuj\\\/mundesia-e-degjimit-te-zerit-te-profetit-muhammed-permes-teknologjise-nje-e-dhene-nga-kurani\\\/\",\"url\":\"https:\\\/\\\/www.ahmadiyya-islam.org\\\/al\\\/artikuj\\\/mundesia-e-degjimit-te-zerit-te-profetit-muhammed-permes-teknologjise-nje-e-dhene-nga-kurani\\\/\",\"name\":\"Mund\u00ebsia e d\u00ebgjimit t\u00eb z\u00ebrit t\u00eb Profetit Muhammed p\u00ebrmes teknologjis\u00eb \u2013 Nj\u00eb e dh\u00ebn\u00eb nga Kurani\",\"isPartOf\":{\"@id\":\"https:\\\/\\\/www.ahmadiyya-islam.org\\\/al\\\/#website\"},\"primaryImageOfPage\":{\"@id\":\"https:\\\/\\\/www.ahmadiyya-islam.org\\\/al\\\/artikuj\\\/mundesia-e-degjimit-te-zerit-te-profetit-muhammed-permes-teknologjise-nje-e-dhene-nga-kurani\\\/#primaryimage\"},\"image\":{\"@id\":\"https:\\\/\\\/www.ahmadiyya-islam.org\\\/al\\\/artikuj\\\/mundesia-e-degjimit-te-zerit-te-profetit-muhammed-permes-teknologjise-nje-e-dhene-nga-kurani\\\/#primaryimage\"},\"thumbnailUrl\":\"https:\\\/\\\/www.ahmadiyya-islam.org\\\/al\\\/wp-content\\\/uploads\\\/sites\\\/3\\\/2022\\\/02\\\/Kurani-i-Shenjte.jpg\",\"datePublished\":\"2022-05-08T12:19:36+00:00\",\"dateModified\":\"2022-05-08T12:24:28+00:00\",\"description\":\"Imagjinoni t\u00eb d\u00ebgjoni fjal\u00ebt e bekuara t\u00eb Profetit Muhammed s.a.v.s. q\u00eb dilnin nga buz\u00ebt e tij t\u00eb bekuara.\",\"breadcrumb\":{\"@id\":\"https:\\\/\\\/www.ahmadiyya-islam.org\\\/al\\\/artikuj\\\/mundesia-e-degjimit-te-zerit-te-profetit-muhammed-permes-teknologjise-nje-e-dhene-nga-kurani\\\/#breadcrumb\"},\"inLanguage\":\"sq-AL\",\"potentialAction\":[{\"@type\":\"ReadAction\",\"target\":[\"https:\\\/\\\/www.ahmadiyya-islam.org\\\/al\\\/artikuj\\\/mundesia-e-degjimit-te-zerit-te-profetit-muhammed-permes-teknologjise-nje-e-dhene-nga-kurani\\\/\"]}]},{\"@type\":\"ImageObject\",\"inLanguage\":\"sq-AL\",\"@id\":\"https:\\\/\\\/www.ahmadiyya-islam.org\\\/al\\\/artikuj\\\/mundesia-e-degjimit-te-zerit-te-profetit-muhammed-permes-teknologjise-nje-e-dhene-nga-kurani\\\/#primaryimage\",\"url\":\"https:\\\/\\\/www.ahmadiyya-islam.org\\\/al\\\/wp-content\\\/uploads\\\/sites\\\/3\\\/2022\\\/02\\\/Kurani-i-Shenjte.jpg\",\"contentUrl\":\"https:\\\/\\\/www.ahmadiyya-islam.org\\\/al\\\/wp-content\\\/uploads\\\/sites\\\/3\\\/2022\\\/02\\\/Kurani-i-Shenjte.jpg\",\"width\":1280,\"height\":853,\"caption\":\"Kurani\"},{\"@type\":\"BreadcrumbList\",\"@id\":\"https:\\\/\\\/www.ahmadiyya-islam.org\\\/al\\\/artikuj\\\/mundesia-e-degjimit-te-zerit-te-profetit-muhammed-permes-teknologjise-nje-e-dhene-nga-kurani\\\/#breadcrumb\",\"itemListElement\":[{\"@type\":\"ListItem\",\"position\":1,\"name\":\"Home\",\"item\":\"https:\\\/\\\/www.ahmadiyya-islam.org\\\/al\\\/\"},{\"@type\":\"ListItem\",\"position\":2,\"name\":\"Artikujt\",\"item\":\"https:\\\/\\\/www.ahmadiyya-islam.org\\\/al\\\/artikuj\\\/\"},{\"@type\":\"ListItem\",\"position\":3,\"name\":\"Mund\u00ebsia e d\u00ebgjimit t\u00eb z\u00ebrit t\u00eb Profetit Muhammed p\u00ebrmes teknologjis\u00eb \u2013 Nj\u00eb e dh\u00ebn\u00eb nga Kurani\"}]},{\"@type\":\"WebSite\",\"@id\":\"https:\\\/\\\/www.ahmadiyya-islam.org\\\/al\\\/#website\",\"url\":\"https:\\\/\\\/www.ahmadiyya-islam.org\\\/al\\\/\",\"name\":\"Xhemati Musliman Ahmedia\",\"description\":\"Albania\",\"potentialAction\":[{\"@type\":\"SearchAction\",\"target\":{\"@type\":\"EntryPoint\",\"urlTemplate\":\"https:\\\/\\\/www.ahmadiyya-islam.org\\\/al\\\/?s={search_term_string}\"},\"query-input\":{\"@type\":\"PropertyValueSpecification\",\"valueRequired\":true,\"valueName\":\"search_term_string\"}}],\"inLanguage\":\"sq-AL\"}]}<\/script>\n<!-- \/ Yoast SEO Premium plugin. -->","yoast_head_json":{"title":"Mund\u00ebsia e d\u00ebgjimit t\u00eb z\u00ebrit t\u00eb Profetit Muhammed p\u00ebrmes teknologjis\u00eb \u2013 Nj\u00eb e dh\u00ebn\u00eb nga Kurani","description":"Imagjinoni t\u00eb d\u00ebgjoni fjal\u00ebt e bekuara t\u00eb Profetit Muhammed s.a.v.s. q\u00eb dilnin nga buz\u00ebt e tij t\u00eb bekuara.","robots":{"index":"index","follow":"follow","max-snippet":"max-snippet:-1","max-image-preview":"max-image-preview:large","max-video-preview":"max-video-preview:-1"},"canonical":"https:\/\/www.ahmadiyya-islam.org\/al\/artikuj\/mundesia-e-degjimit-te-zerit-te-profetit-muhammed-permes-teknologjise-nje-e-dhene-nga-kurani\/","og_locale":"sq_AL","og_type":"article","og_title":"Mund\u00ebsia e d\u00ebgjimit t\u00eb z\u00ebrit t\u00eb Profetit Muhammed p\u00ebrmes teknologjis\u00eb \u2013 Nj\u00eb e dh\u00ebn\u00eb nga Kurani","og_description":"Imagjinoni t\u00eb d\u00ebgjoni fjal\u00ebt e bekuara t\u00eb Profetit Muhammed s.a.v.s. q\u00eb dilnin nga buz\u00ebt e tij t\u00eb bekuara.","og_url":"https:\/\/www.ahmadiyya-islam.org\/al\/artikuj\/mundesia-e-degjimit-te-zerit-te-profetit-muhammed-permes-teknologjise-nje-e-dhene-nga-kurani\/","og_site_name":"Xhemati Musliman Ahmedia","article_modified_time":"2022-05-08T12:24:28+00:00","og_image":[{"width":1280,"height":853,"url":"https:\/\/www.ahmadiyya-islam.org\/al\/wp-content\/uploads\/sites\/3\/2022\/02\/Kurani-i-Shenjte.jpg","type":"image\/jpeg"}],"twitter_card":"summary_large_image","twitter_misc":{"Est. reading time":"8 minutes"},"schema":{"@context":"https:\/\/schema.org","@graph":[{"@type":"WebPage","@id":"https:\/\/www.ahmadiyya-islam.org\/al\/artikuj\/mundesia-e-degjimit-te-zerit-te-profetit-muhammed-permes-teknologjise-nje-e-dhene-nga-kurani\/","url":"https:\/\/www.ahmadiyya-islam.org\/al\/artikuj\/mundesia-e-degjimit-te-zerit-te-profetit-muhammed-permes-teknologjise-nje-e-dhene-nga-kurani\/","name":"Mund\u00ebsia e d\u00ebgjimit t\u00eb z\u00ebrit t\u00eb Profetit Muhammed p\u00ebrmes teknologjis\u00eb \u2013 Nj\u00eb e dh\u00ebn\u00eb nga Kurani","isPartOf":{"@id":"https:\/\/www.ahmadiyya-islam.org\/al\/#website"},"primaryImageOfPage":{"@id":"https:\/\/www.ahmadiyya-islam.org\/al\/artikuj\/mundesia-e-degjimit-te-zerit-te-profetit-muhammed-permes-teknologjise-nje-e-dhene-nga-kurani\/#primaryimage"},"image":{"@id":"https:\/\/www.ahmadiyya-islam.org\/al\/artikuj\/mundesia-e-degjimit-te-zerit-te-profetit-muhammed-permes-teknologjise-nje-e-dhene-nga-kurani\/#primaryimage"},"thumbnailUrl":"https:\/\/www.ahmadiyya-islam.org\/al\/wp-content\/uploads\/sites\/3\/2022\/02\/Kurani-i-Shenjte.jpg","datePublished":"2022-05-08T12:19:36+00:00","dateModified":"2022-05-08T12:24:28+00:00","description":"Imagjinoni t\u00eb d\u00ebgjoni fjal\u00ebt e bekuara t\u00eb Profetit Muhammed s.a.v.s. q\u00eb dilnin nga buz\u00ebt e tij t\u00eb bekuara.","breadcrumb":{"@id":"https:\/\/www.ahmadiyya-islam.org\/al\/artikuj\/mundesia-e-degjimit-te-zerit-te-profetit-muhammed-permes-teknologjise-nje-e-dhene-nga-kurani\/#breadcrumb"},"inLanguage":"sq-AL","potentialAction":[{"@type":"ReadAction","target":["https:\/\/www.ahmadiyya-islam.org\/al\/artikuj\/mundesia-e-degjimit-te-zerit-te-profetit-muhammed-permes-teknologjise-nje-e-dhene-nga-kurani\/"]}]},{"@type":"ImageObject","inLanguage":"sq-AL","@id":"https:\/\/www.ahmadiyya-islam.org\/al\/artikuj\/mundesia-e-degjimit-te-zerit-te-profetit-muhammed-permes-teknologjise-nje-e-dhene-nga-kurani\/#primaryimage","url":"https:\/\/www.ahmadiyya-islam.org\/al\/wp-content\/uploads\/sites\/3\/2022\/02\/Kurani-i-Shenjte.jpg","contentUrl":"https:\/\/www.ahmadiyya-islam.org\/al\/wp-content\/uploads\/sites\/3\/2022\/02\/Kurani-i-Shenjte.jpg","width":1280,"height":853,"caption":"Kurani"},{"@type":"BreadcrumbList","@id":"https:\/\/www.ahmadiyya-islam.org\/al\/artikuj\/mundesia-e-degjimit-te-zerit-te-profetit-muhammed-permes-teknologjise-nje-e-dhene-nga-kurani\/#breadcrumb","itemListElement":[{"@type":"ListItem","position":1,"name":"Home","item":"https:\/\/www.ahmadiyya-islam.org\/al\/"},{"@type":"ListItem","position":2,"name":"Artikujt","item":"https:\/\/www.ahmadiyya-islam.org\/al\/artikuj\/"},{"@type":"ListItem","position":3,"name":"Mund\u00ebsia e d\u00ebgjimit t\u00eb z\u00ebrit t\u00eb Profetit Muhammed p\u00ebrmes teknologjis\u00eb \u2013 Nj\u00eb e dh\u00ebn\u00eb nga Kurani"}]},{"@type":"WebSite","@id":"https:\/\/www.ahmadiyya-islam.org\/al\/#website","url":"https:\/\/www.ahmadiyya-islam.org\/al\/","name":"Xhemati Musliman Ahmedia","description":"Albania","potentialAction":[{"@type":"SearchAction","target":{"@type":"EntryPoint","urlTemplate":"https:\/\/www.ahmadiyya-islam.org\/al\/?s={search_term_string}"},"query-input":{"@type":"PropertyValueSpecification","valueRequired":true,"valueName":"search_term_string"}}],"inLanguage":"sq-AL"}]}},"_links":{"self":[{"href":"https:\/\/www.ahmadiyya-islam.org\/al\/wp-json\/wp\/v2\/articles\/12160","targetHints":{"allow":["GET"]}}],"collection":[{"href":"https:\/\/www.ahmadiyya-islam.org\/al\/wp-json\/wp\/v2\/articles"}],"about":[{"href":"https:\/\/www.ahmadiyya-islam.org\/al\/wp-json\/wp\/v2\/types\/articles"}],"wp:featuredmedia":[{"embeddable":true,"href":"https:\/\/www.ahmadiyya-islam.org\/al\/wp-json\/wp\/v2\/media\/12164"}],"wp:attachment":[{"href":"https:\/\/www.ahmadiyya-islam.org\/al\/wp-json\/wp\/v2\/media?parent=12160"}],"wp:term":[{"taxonomy":"post_tag","embeddable":true,"href":"https:\/\/www.ahmadiyya-islam.org\/al\/wp-json\/wp\/v2\/tags?post=12160"},{"taxonomy":"authors","embeddable":true,"href":"https:\/\/www.ahmadiyya-islam.org\/al\/wp-json\/wp\/v2\/authors?post=12160"},{"taxonomy":"content_source","embeddable":true,"href":"https:\/\/www.ahmadiyya-islam.org\/al\/wp-json\/wp\/v2\/content_source?post=12160"}],"curies":[{"name":"wp","href":"https:\/\/api.w.org\/{rel}","templated":true}]}}