{"id":12109,"date":"2021-11-25T12:38:10","date_gmt":"2021-11-25T12:38:10","guid":{"rendered":"https:\/\/www.ahmadiyya-islam.org\/al\/?post_type=articles&#038;p=12109"},"modified":"2021-11-25T13:08:13","modified_gmt":"2021-11-25T13:08:13","slug":"emrat-e-allahut-kuptimi-i-emrit-el-mutekeb-bir-krenari","status":"publish","type":"articles","link":"https:\/\/www.ahmadiyya-islam.org\/al\/artikuj\/emrat-e-allahut-kuptimi-i-emrit-el-mutekeb-bir-krenari\/","title":{"rendered":"Emrat e Allahut | Kuptimi i emrit El-Mutekeb-bir (Krenari)"},"content":{"rendered":"<h2>El-Mutekeb-bir (Krenari)<\/h2>\n<h2><img loading=\"lazy\" decoding=\"async\" class=\"aligncenter wp-image-12110 size-medium\" src=\"https:\/\/www.ahmadiyya-islam.org\/al\/wp-content\/uploads\/sites\/3\/2021\/11\/10-Al-Motaqabero-1-300x251.png\" alt=\"Emrat e Allahut | Kuptimi i emrit El-Mutekeb-bir (Krenari)\" width=\"300\" height=\"251\" srcset=\"https:\/\/www.ahmadiyya-islam.org\/al\/wp-content\/uploads\/sites\/3\/2021\/11\/10-Al-Motaqabero-1-300x251.png 300w, https:\/\/www.ahmadiyya-islam.org\/al\/wp-content\/uploads\/sites\/3\/2021\/11\/10-Al-Motaqabero-1-1024x857.png 1024w, https:\/\/www.ahmadiyya-islam.org\/al\/wp-content\/uploads\/sites\/3\/2021\/11\/10-Al-Motaqabero-1-768x643.png 768w, https:\/\/www.ahmadiyya-islam.org\/al\/wp-content\/uploads\/sites\/3\/2021\/11\/10-Al-Motaqabero-1-1536x1286.png 1536w, https:\/\/www.ahmadiyya-islam.org\/al\/wp-content\/uploads\/sites\/3\/2021\/11\/10-Al-Motaqabero-1.png 1989w\" sizes=\"auto, (max-width: 300px) 100vw, 300px\" \/><\/h2>\n<p><span class=\"quranic\">\u0647\u064f\u0648\u064e \u0627\u0644\u0644\u0651\u064e\u0640\u0647\u064f \u0627\u0644\u0651\u064e\u0630\u0650\u064a \u0644\u064e\u0627 \u0625\u0650\u0644\u064e\u0640\u0670\u0647\u064e \u0625\u0650\u0644\u0651\u064e\u0627 \u0647\u064f\u0648\u064e \u0627\u0644\u0652\u0645\u064e\u0644\u0650\u0643\u064f \u0627\u0644\u0652\u0642\u064f\u062f\u0651\u064f\u0648\u0633\u064f \u0627\u0644\u0633\u0651\u064e\u0644\u064e\u0627\u0645\u064f \u0627\u0644\u0652\u0645\u064f\u0624\u0652\u0645\u0650\u0646\u064f \u0627\u0644\u0652\u0645\u064f\u0647\u064e\u064a\u0652\u0645\u0650\u0646\u064f \u0627\u0644\u0652\u0639\u064e\u0632\u0650\u064a\u0632\u064f \u0627\u0644\u0652\u062c\u064e\u0628\u0651\u064e\u0627\u0631\u064f \u0627\u0644\u0652\u0645\u064f\u062a\u064e\u0643\u064e\u0628\u0650\u0651\u0631\u064f \u06da \u0633\u064f\u0628\u0652\u062d\u064e\u0627\u0646\u064e \u0627\u0644\u0644\u0651\u064e\u0640\u0647\u0650 \u0639\u064e\u0645\u0651\u064e\u0627 \u064a\u064f\u0634\u0652\u0631\u0650\u0643\u064f\u0648\u0646\u064e<\/span><\/p>\n<p>Ai \u00ebsht\u00eb Allahu, p\u00ebrve\u00e7 t\u00eb Cilit nuk ka Zot tjet\u00ebr (t\u00eb denj\u00eb p\u00ebr adhurim). Ai \u00ebsht\u00eb Sunduesi, i Shenjti (i past\u00ebr nga \u00e7do e met\u00eb), Paq\u00ebdh\u00ebn\u00ebsi, Dh\u00ebn\u00ebsi i siguris\u00eb, Mbik\u00ebqyr\u00ebsi mbi gjith\u00e7ka, i Plotfuqishmi, Imponuesi, Madh\u00ebshtori. Qoft\u00eb i lart\u00ebsuar Allahu mbi gjith\u00e7ka q\u00eb ia shoq\u00ebrojn\u00eb Atij (n\u00eb adhurim)!<a href=\"#_edn1\" name=\"_ednref1\">[1]<\/a><\/p>\n<p>Sipas leksikut t\u00eb famsh\u00ebm arab el-Mu\u2019xhemul Vesit, emri el-Mutekeb-bir \u0627\u0644\u0652\u0645\u064f\u062a\u064e\u0643\u064e\u0628\u0650\u0651\u0631\u064f do t\u00eb thot\u00eb \u201cmadh\u00ebshti\u201d dhe \u201ckrenari\u201d. Ky em\u00ebr gjithashtu tregon q\u00eb atributet e Allahut jan\u00eb m\u00eb madh\u00ebshtore dhe m\u00eb t\u00eb plota se sa shfaqja e tyre te njer\u00ebzit.<\/p>\n<p>N\u00ebse p\u00ebrdoret n\u00eb kontekstin e njeriut, Kibri (mendjemadh\u00ebsia) i referohet asaj gjendje, kur njeriu ka vet\u00ebp\u00eblqim dhe e shikon veten m\u00eb lart\u00eb se t\u00eb tjer\u00ebt. Shkalla m\u00eb e lart\u00eb e mendjemadh\u00ebsis\u00eb \u00ebsht\u00eb ajo, n\u00eb t\u00eb cil\u00ebn ai mohon t\u00eb v\u00ebrtet\u00ebn nuk pranon t\u00eb adhuroj\u00eb Zotin. Dy rrug\u00eb e \u00e7ojn\u00eb njeriun n\u00eb mendjemadh\u00ebsi:<\/p>\n<ol>\n<li>Kur ai synon t\u00eb arrij\u00eb nj\u00eb pozit\u00eb t\u00eb lart\u00eb dhe b\u00ebn gjith\u00e7ka p\u00ebr ta arritur at\u00eb. N\u00ebse synimi \u00ebsht\u00eb i drejt\u00eb dhe pozita e tij \u00ebsht\u00eb e denj\u00eb p\u00ebr t\u2019u krenuar, krenaria e tij b\u00ebhet e lavdishme p\u00ebr t\u00eb.<\/li>\n<li>Por, n\u00ebse njeriu krenohet pa t\u00eb drejt\u00eb dhe l\u00ebvdohet p\u00ebr vetit\u00eb q\u00eb nuk i zot\u00ebron, sjellja e tij b\u00ebhet e pahijshme dhe e turpshme. Kurani e qorton k\u00ebt\u00eb sjellje dhe thot\u00eb:<\/li>\n<\/ol>\n<p><span class=\"quranic\">\u0623\u064e\u0628\u064e\u0649\u0670 \u0648\u064e\u0627\u0633\u0652\u062a\u064e\u0643\u0652\u0628\u064e\u0631\u064e \u0648\u064e\u0643\u064e\u0627\u0646\u064e \u0645\u0650\u0646\u064e \u0627\u0644\u0652\u0643\u064e\u0627\u0641\u0650\u0631\u0650\u064a\u0646\u064e<\/span><\/p>\n<blockquote><p>Ai e refuzoi, u mburr dhe ishte nd\u00ebr mohuesit.<a href=\"#_edn2\" name=\"_ednref2\">[2]<\/a><\/p><\/blockquote>\n<p>Populli i Musait <sup>a.s.<\/sup> u tregua shp\u00ebrfill\u00ebs ndaj thirrjes s\u00eb tij dhe krimet e tyre i shtyjn\u00eb ata drejt arroganc\u00ebs, vet\u00ebp\u00eblqimit dhe kok\u00ebfort\u00ebsis\u00eb:<\/p>\n<p><span class=\"quranic\">\u0641\u064e\u0627\u0633\u0652\u062a\u064e\u0643\u0652\u0628\u064e\u0631\u064f\u0648\u0627 \u0648\u064e\u0643\u064e\u0627\u0646\u064f\u0648\u0627 \u0642\u064e\u0648\u0652\u0645\u064b\u0627 \u0645\u0651\u064f\u062c\u0652\u0631\u0650\u0645\u0650\u064a\u0646\u064e<\/span><\/p>\n<blockquote><p>Prap\u00eb ata u treguan mendjem\u00ebdhenj dhe qen\u00eb fajtor\u00eb.<a href=\"#_edn3\" name=\"_ednref3\">[3]<\/a><\/p><\/blockquote>\n<p>Imam Ragibi ka shkruar q\u00eb krenaria shfaqet n\u00eb dy m\u00ebnyra. Ajo tregohet n\u00eb m\u00ebnyr\u00eb t\u00eb drejt\u00eb, kur dikush me t\u00eb v\u00ebrtet\u00eb e meriton at\u00eb p\u00ebrmes vetive dhe veprave t\u00eb tij, q\u00eb e dallojn\u00eb at\u00eb nga t\u00eb tjer\u00ebt. N\u00eb k\u00ebt\u00eb aspekt, krenaria dhe madh\u00ebshtia i p\u00ebrshtaten vet\u00ebm Allahut t\u00eb Madh\u00ebrish\u00ebm, si\u00e7 e p\u00ebrshkruan Kurani: \u0627\u0644\u0652\u0639\u064e\u0632\u0650\u064a\u0632\u064f \u0627\u0644\u0652\u062c\u064e\u0628\u0651\u064e\u0627\u0631\u064f \u0627\u0644\u0652\u0645\u064f\u062a\u064e\u0643\u064e\u0628\u0650\u0651\u0631\u064f i Plotfuqishmi, Imponuesi, Madh\u00ebshtori.<a href=\"#_edn4\" name=\"_ednref4\">[4]<\/a><\/p>\n<p>Por, n\u00ebse dikush mbahet m\u00eb t\u00eb madhe dhe krekoset e shet mend gjithmon\u00eb, krenaria e tij nuk \u00ebsht\u00eb ve\u00e7se shtirje e mashtrim. Krenaria dhe mendjemadh\u00ebsia e njeriut vler\u00ebsohen pik\u00ebrisht n\u00eb k\u00ebt\u00eb aspekt:<\/p>\n<p><span class=\"quranic\">\u0641\u064e\u0628\u0650\u0626\u0652\u0633\u064e \u0645\u064e\u062b\u0652\u0648\u064e\u0649 \u0627\u0644\u0652\u0645\u064f\u062a\u064e\u0643\u064e\u0628\u0651\u0650\u0631\u0650\u064a\u0646\u064e<\/span><\/p>\n<blockquote><p>Sa vendbanim i sh\u00ebmtuar \u00ebsht\u00eb ai p\u00ebr mendjem\u00ebdhenjt\u00eb!<a href=\"#_edn5\" name=\"_ednref5\">[5]<\/a> Pra, krenaria i p\u00ebrshtatet Zotit t\u00eb Madh\u00ebrish\u00ebm, si\u00e7 thot\u00eb Allahu n\u00eb Kuran:<\/p><\/blockquote>\n<p><span class=\"quranic\">\u0648\u064e\u0644\u064e\u0647\u064f \u0627\u0644\u0652\u0643\u0650\u0628\u0652\u0631\u0650\u064a\u064e\u0627\u0621\u064f \u0641\u0650\u064a \u0627\u0644\u0633\u0651\u064e\u0645\u064e\u0627\u0648\u064e\u0627\u062a\u0650 \u0648\u064e\u0627\u0644\u0652\u0623\u064e\u0631\u0652\u0636\u0650 \u06d6 \u0648\u064e\u0647\u064f\u0648\u064e \u0627\u0644\u0652\u0639\u064e\u0632\u0650\u064a\u0632\u064f \u0627\u0644\u0652\u062d\u064e\u0643\u0650\u064a\u0645\u064f\u00a0\u00a0<\/span><\/p>\n<blockquote><p>Vet\u00ebm Atij i p\u00ebrket e gjith\u00eb madh\u00ebshtia n\u00eb qiej dhe n\u00eb Tok\u00eb. Ai \u00ebsht\u00eb i Plotfuqishmi dhe i Urti.<a href=\"#_edn6\" name=\"_ednref6\">[6]<\/a><\/p><\/blockquote>\n<p>Nj\u00eb th\u00ebnie e t\u00eb D\u00ebrguarit t\u00eb Allahut <sup>s.a.v.s.<\/sup> gjithashtu e shtjellon k\u00ebt\u00eb kuptim. N\u00eb Sunen ibn Maxha e gjejm\u00eb k\u00ebt\u00eb hadith:<\/p>\n<p><span class=\"arabic\">\u0639\u064e\u0646\u0650 \u0627\u0628\u0652\u0646\u0650 \u0639\u064e\u0628\u0651\u064e\u0627\u0633\u064d\u060c \u0642\u064e\u0627\u0644\u064e \u0642\u064e\u0627\u0644\u064e \u0631\u064e\u0633\u064f\u0648\u0644\u064f \u0627\u0644\u0644\u0651\u064e\u0647\u0650 \ufdfa\u200f &#8220;\u200f \u064a\u064e\u0642\u064f\u0648\u0644\u064f \u0627\u0644\u0644\u0651\u064e\u0647\u064f \u0633\u064f\u0628\u0652\u062d\u064e\u0627\u0646\u064e\u0647\u064f \u0627\u0644\u0652\u0643\u0650\u0628\u0652\u0631\u0650\u064a\u064e\u0627\u0621\u064f \u0631\u0650\u062f\u064e\u0627\u0626\u0650\u064a \u0648\u064e\u0627\u0644\u0652\u0639\u064e\u0638\u064e\u0645\u064e\u0629\u064f \u0625\u0650\u0632\u064e\u0627\u0631\u0650\u064a \u0641\u064e\u0645\u064e\u0646\u0652 \u0646\u064e\u0627\u0632\u064e\u0639\u064e\u0646\u0650\u064a \u0648\u064e\u0627\u062d\u0650\u062f\u064b\u0627 \u0645\u0650\u0646\u0652\u0647\u064f\u0645\u064e\u0627 \u0623\u064e\u0644\u0652\u0642\u064e\u064a\u0652\u062a\u064f\u0647\u064f \u0641\u0650\u064a \u0627\u0644\u0646\u0651\u064e\u0627\u0631\u0650 \u200f&#8221;<\/span><\/p>\n<blockquote><p>Hazret Ibn Abasi p\u00ebrcjell se i D\u00ebrguari i Allahut <sup>s.a.v.s.<\/sup> tha: \u201cAllahu i Madh\u00ebrish\u00ebm ka th\u00ebn\u00eb: \u201cKrenaria \u00ebsht\u00eb manteli im dhe madh\u00ebshtia \u00ebsht\u00eb pelerina ime. Kushdo q\u00eb d\u00ebshiron t\u00eb krahasohet me mua n\u00eb nj\u00ebr\u00ebn prej tyre, Un\u00eb do ta hedh n\u00eb sk\u00ebterr\u00eb.<a href=\"#_edn7\" name=\"_ednref7\">[7]<\/a><\/p><\/blockquote>\n<p>Hazret Ebu Se\u2019id El-Hudriu<sup>r.a. <\/sup>gjithashtu ka transmetuar nj\u00eb hadith t\u00eb ngjash\u00ebm:<\/p>\n<p><span class=\"arabic\">\u0623\u064e\u0646\u0651\u064e \u0631\u064e\u0633\u064f\u0648\u0644\u064e \u0627\u0644\u0644\u0651\u064e\u0647\u0650 \u0635\u064e\u0644\u0651\u064e\u0649 \u0627\u0644\u0644\u0651\u064e\u0647\u064f \u0639\u064e\u0644\u064e\u064a\u0652\u0647\u0650 \u0648\u064e\u0633\u064e\u0644\u0651\u064e\u0645\u064e \u0642\u064e\u0627\u0644\u064e \u0645\u064e\u0646\u0652 \u062a\u064e\u0648\u064e\u0627\u0636\u064e\u0639\u064e \u0644\u0650\u0644\u0651\u064e\u0647\u0650 \u062f\u064e\u0631\u064e\u062c\u064e\u0629\u064b \u0631\u064e\u0641\u064e\u0639\u064e\u0647\u064f \u0627\u0644\u0644\u0651\u064e\u0647\u064f \u062f\u064e\u0631\u064e\u062c\u064e\u0629\u064b \u062d\u064e\u062a\u0651\u064e\u0649 \u064a\u064e\u062c\u0652\u0639\u064e\u0644\u064e\u0647\u064f \u0641\u0650\u064a \u0639\u0650\u0644\u0651\u0650\u064a\u0651\u0650\u064a\u0646\u064e \u0648\u064e\u0645\u064e\u0646\u0652 \u062a\u064e\u0643\u064e\u0628\u0651\u064e\u0631\u064e \u0639\u064e\u0644\u064e\u0649 \u0627\u0644\u0644\u0651\u064e\u0647\u0650 \u062f\u064e\u0631\u064e\u062c\u064e\u0629\u064b \u0648\u064e\u0636\u064e\u0639\u064e\u0647\u064f \u0627\u0644\u0644\u0651\u064e\u0647\u064f \u062f\u064e\u0631\u064e\u062c\u064e\u0629\u064b \u062d\u064e\u062a\u0651\u064e\u0649 \u064a\u064e\u062c\u0652\u0639\u064e\u0644\u064e\u0647\u064f \u0641\u0650\u064a \u0623\u064e\u0633\u0652\u0641\u064e\u0644\u0650 \u0627\u0644\u0633\u0651\u064e\u0627\u0641\u0650\u0644\u0650\u064a\u0646\u064e<\/span><\/p>\n<blockquote><p>I D\u00ebrguar i Allahut <sup>s.a.v.s.<\/sup> ka th\u00ebn\u00eb: \u201cN\u00ebse njeriu tregon p\u00ebrul\u00ebsin\u00eb p\u00ebr hir t\u00eb Allahut, Ai e ngre at\u00eb nj\u00eb shkall\u00eb m\u00eb lart\u00eb, derisa e b\u00ebn nd\u00ebr Il-lij\u016bn. Nd\u00ebrsa, ai q\u00eb shfaq nj\u00eb shkall\u00eb krenarie para Zotit, Ai do ta ul\u00eb at\u00eb nj\u00eb shkall\u00eb m\u00eb posht\u00eb derisa do t\u00eb b\u00ebj\u00eb q\u00eb ai t\u00eb bjer\u00eb n\u00eb gjendjen m\u00eb t\u00eb ul\u00ebt\u201d.<a href=\"#_edn8\" name=\"_ednref8\">[8]<\/a><\/p><\/blockquote>\n<p><span class=\"arabic\">\u0639\u064e\u0646\u0652 \u062c\u064e\u0627\u0628\u0650\u0631\u064d\u060c \u0623\u064e\u0646\u0651\u064e \u0631\u064e\u0633\u064f\u0648\u0644\u064e \u0627\u0644\u0644\u0651\u064e\u0647\u0650 \u0635\u0644\u0649 \u0627\u0644\u0644\u0647 \u0639\u0644\u064a\u0647 \u0648\u0633\u0644\u0645 \u0642\u064e\u0627\u0644\u064e \u200f&#8221;\u200f \u0625\u0650\u0646\u0651\u064e \u0645\u0650\u0646\u0652 \u0623\u064e\u062d\u064e\u0628\u0651\u0650\u0643\u064f\u0645\u0652 \u0625\u0650\u0644\u064e\u0649\u0651\u064e \u0648\u064e\u0623\u064e\u0642\u0652\u0631\u064e\u0628\u0650\u0643\u064f\u0645\u0652 \u0645\u0650\u0646\u0651\u0650\u064a \u0645\u064e\u062c\u0652\u0644\u0650\u0633\u064b\u0627 \u064a\u064e\u0648\u0652\u0645\u064e \u0627\u0644\u0652\u0642\u0650\u064a\u064e\u0627\u0645\u064e\u0629\u0650 \u0623\u064e\u062d\u064e\u0627\u0633\u0650\u0646\u064e\u0643\u064f\u0645\u0652 \u0623\u064e\u062e\u0652\u0644\u0627\u064e\u0642\u064b\u0627 \u0648\u064e\u0625\u0650\u0646\u0651\u064e \u0623\u064e\u0628\u0652\u063a\u064e\u0636\u064e\u0643\u064f\u0645\u0652 \u0625\u0650\u0644\u064e\u0649\u0651\u064e \u0648\u064e\u0623\u064e\u0628\u0652\u0639\u064e\u062f\u064e\u0643\u064f\u0645\u0652 \u0645\u0650\u0646\u0651\u0650\u064a \u0645\u064e\u062c\u0652\u0644\u0650\u0633\u064b\u0627 \u064a\u064e\u0648\u0652\u0645\u064e \u0627\u0644\u0652\u0642\u0650\u064a\u064e\u0627\u0645\u064e\u0629\u0650 \u0627\u0644\u062b\u0651\u064e\u0631\u0652\u062b\u064e\u0627\u0631\u064f\u0648\u0646\u064e \u0648\u064e\u0627\u0644\u0652\u0645\u064f\u062a\u064e\u0634\u064e\u062f\u0651\u0650\u0642\u064f\u0648\u0646\u064e \u0648\u064e\u0627\u0644\u0652\u0645\u064f\u062a\u064e\u0641\u064e\u064a\u0652\u0647\u0650\u0642\u064f\u0648\u0646\u064e \u200f&#8221;\u200f \u200f.\u200f \u0642\u064e\u0627\u0644\u064f\u0648\u0627 \u064a\u064e\u0627 \u0631\u064e\u0633\u064f\u0648\u0644\u064e \u0627\u0644\u0644\u0651\u064e\u0647\u0650 \u0642\u064e\u062f\u0652 \u0639\u064e\u0644\u0650\u0645\u0652\u0646\u064e\u0627 \u0627\u0644\u062b\u0651\u064e\u0631\u0652\u062b\u064e\u0627\u0631\u064f\u0648\u0646\u064e \u0648\u064e\u0627\u0644\u0652\u0645\u064f\u062a\u064e\u0634\u064e\u062f\u0651\u0650\u0642\u064f\u0648\u0646\u064e \u0641\u064e\u0645\u064e\u0627 \u0627\u0644\u0652\u0645\u064f\u062a\u064e\u0641\u064e\u064a\u0652\u0647\u0650\u0642\u064f\u0648\u0646\u064e \u0642\u064e\u0627\u0644\u064e \u200f&#8221;\u200f \u0627\u0644\u0652\u0645\u064f\u062a\u064e\u0643\u064e\u0628\u0651\u0650\u0631\u064f\u0648\u0646\u064e \u200f&#8221;<\/span><\/p>\n<blockquote><p>Xhabiri <sup>r.a. <\/sup>p\u00ebrcjell se i D\u00ebrguari i Allahut<sup> s.a.v.s.<\/sup> ka th\u00ebn\u00eb: \u201cN\u00eb Dit\u00ebn e Gjykimit, njer\u00ebzit m\u00eb t\u00eb dashur p\u00ebr mua e q\u00eb do t\u00eb ulen m\u00eb pran\u00eb meje, jan\u00eb ata q\u00eb kan\u00eb moral m\u00eb t\u00eb shk\u00eblqyer nd\u00ebr ju. Nd\u00ebrsa njer\u00ebzit m\u00eb t\u00eb urryer p\u00ebr mua, t\u00eb cil\u00ebt do t\u00eb q\u00ebndrojn\u00eb m\u00eb larg meje n\u00eb dit\u00ebn e Gjykimit do t\u00eb jen\u00eb ata q\u00eb l\u00ebvdohen e krenohen me t\u00eb madhe, t\u00eb cil\u00ebt flasin me mendjemadh\u00ebsi e shesin dije p\u00ebr t\u2019u hequr si t\u00eb ditur, dhe ata q\u00eb jan\u00eb \u0627\u0644\u0652\u0645\u064f\u062a\u064e\u0641\u064e\u064a\u0652\u0647\u0650\u0642\u064f\u0648\u0646\u064e\u00a0 <em>el-Mutefejhikun<\/em>. Sahab\u00ebt e pyet\u00ebn: O i D\u00ebrguar i Allahut! \u00c7far\u00eb do t\u00eb thot\u00eb el-Mutefejhikun? Ai u p\u00ebrgjigj: \u201cMendjem\u00ebdhenj\u201d.<a href=\"#_edn9\" name=\"_ednref9\">[9]<\/a><\/p><\/blockquote>\n<p>Hazret Mesihu i Premtuar<sup> a.s.<\/sup> ka th\u00ebn\u00eb:<\/p>\n<p><span class=\"quranic\">\u201c\u0623\u0644\u0643\u0650\u0628\u0652\u0631\u064f \u0627\u0644\u0651\u064e\u0630\u0650\u0649 \u0647\u064f\u0648\u064e \u0631\u064e\u0623\u0633\u064f \u0627\u0644\u0633\u0651\u064e\u064a\u0651\u0650\u0626\u064e\u0627\u062a\u0650 \u0648\u064e\u0627\u0644\u0636\u0651\u064e\u0644\u064e\u0627\u0644\u0650 \u0627\u0644\u0651\u064e\u0630\u0650\u0649\u0652 \u064a\u064f\u0628\u0652\u0639\u0650\u062f\u064f \u0639\u064e\u0646\u0652 \u0637\u064f\u0631\u064f\u0642\u0650 \u0627\u0644\u0633\u0651\u064e\u0639\u064e\u0627\u062f\u064e\u0627\u062a\u0650<\/span><\/p>\n<blockquote><p>Krenaria \u00ebsht\u00eb koka e s\u00eb keqes dhe injoranc\u00ebs, e cila largon (njeriun) nga begatia dhe fatbardh\u00ebsia.<a href=\"#_edn10\" name=\"_ednref10\">[10]<\/a><\/p><\/blockquote>\n<p>Ai gjithashtu shkruan:<\/p>\n<blockquote><p>\u201cNjeriu nuk mund t\u00eb fitoj\u00eb dashurin\u00eb dhe k\u00ebnaq\u00ebsin\u00eb e Zotit, derisa nuk ka arritur t\u00eb kultivoj\u00eb dy cil\u00ebsi n\u00eb veten e tij. S\u00eb pari, t\u00eb mposht\u00eb mendjemadh\u00ebsin\u00eb. Pra, nj\u00ebsoj sikur mali i lart\u00eb, maja e t\u00eb cilit ngrihet pingul p\u00ebrpjet\u00eb, bie p\u00ebrmbys dhe b\u00ebhet rrafsh me tok\u00ebn, edhe njeriu duhet t\u2019i heq\u00eb t\u00eb gjitha mendimet e arroganc\u00ebs dhe krenaris\u00eb dhe n\u00eb vend t\u00eb tyre, t\u2019i p\u00ebrmbahet p\u00ebrul\u00ebsis\u00eb dhe modestis\u00eb. S\u00eb dyti, t\u00eb prish\u00eb t\u00eb gjitha lidhjet e tij t\u00eb m\u00ebparshme. Pra, sikur pas p\u00ebrmbysjes mali b\u00ebhet i rrafsh\u00ebt dhe i shtypen plisat, njeriu duhet t\u00eb nd\u00ebrpres\u00eb t\u00eb gjitha lidhjet q\u00eb m\u00eb p\u00ebrpara e nxisnin drejt s\u00eb keqes dhe i shkaktonin Zotit pak\u00ebnaq\u00ebsi dhe tashm\u00eb takimet e miq\u00ebsit\u00eb, dashurit\u00eb dhe armiq\u00ebsit\u00eb e tij t\u00eb mbeten vet\u00ebm p\u00ebr Allahun e Madh\u00ebrish\u00ebm\u201d.<a href=\"#_edn11\" name=\"_ednref11\">[11]<\/a><\/p><\/blockquote>\n<h2>Lexoni:<\/h2>\n<ul>\n<li><a href=\"https:\/\/www.ahmadiyya-islam.org\/al\/temat\/allahu-i-madherishem\/\" rel=\"tag\">Allahu i Madh\u00ebrish\u00ebm<\/a><\/li>\n<li><a href=\"https:\/\/www.ahmadiyya-islam.org\/al\/temat\/emrat-e-llahut-emrat-e-zotit\/\" rel=\"tag\">Emrat e Allahut &#8211; Emrat e Zotit<\/a><\/li>\n<\/ul>\n<h2>Sh\u00ebnime<\/h2>\n<p><a href=\"#_ednref1\" name=\"_edn1\">[1]<\/a> <em>Kurani Fam\u00eblart\u00eb <\/em>59:24.<br \/>\n<a href=\"#_ednref2\" name=\"_edn2\">[2]<\/a> <em>Kurani Fam\u00eblart\u00eb <\/em>2:35.<br \/>\n<a href=\"#_ednref3\" name=\"_edn3\">[3]<\/a> <em>Kurani Fam\u00eblart\u00eb <\/em>7:134.<br \/>\n<a href=\"#_ednref4\" name=\"_edn4\">[4]<\/a> <em>Kurani Fam\u00eblart\u00eb <\/em>59:24.<br \/>\n<a href=\"#_ednref5\" name=\"_edn5\">[5]<\/a> <em>Kurani Fam\u00eblart\u00eb <\/em>39:73<br \/>\n<a href=\"#_ednref6\" name=\"_edn6\">[6]<\/a> <em>Kurani Fam\u00eblart\u00eb <\/em>45:38.<br \/>\n<a href=\"#_ednref7\" name=\"_edn7\">[7]<\/a> Ahmad ibn Hanbel, <em>Sunen Ibn Maxha<\/em>, Libri: ez-Zuhd, Bab: el-Bera\u2019atu minel-kiberi vet-tevadu\u2019i, v\u00ebll: 37, hadith nr. 4175.<br \/>\n<a href=\"#_ednref8\" name=\"_edn8\">[8]<\/a> Ahmad ibn Hanbel, <em>Musnedul Imam Ahmad, <\/em>v\u00ebllimi III, Botues: Dar Ih\u2019jaut-turath el-Arabije, Bejrut, 1414 h.\/1993, f. 76, hadithi nr. 27324.<br \/>\n<a href=\"#_ednref9\" name=\"_edn9\">[9]<\/a> <em>Xhami\u2019 et-Tirmidhiu<\/em>, hadith num\u00ebr 2018.<br \/>\n<a href=\"#_ednref10\" name=\"_edn10\">[10]<\/a> Hazret Mirza Ghulam Ahmed <sup>a.s.<\/sup>, <em>Keramatus-Sadikajn<\/em>, Ruhani Khezain, v\u00ebll. 7, f. 146<br \/>\n<a href=\"#_ednref11\" name=\"_edn11\">[11]<\/a> Hazret Mirza Ghulam Ahmed <sup>a.s.<\/sup>, <em>Melfuzat<\/em>, v\u00ebll. I, f. 510, 511.<\/p>\n","protected":false},"excerpt":{"rendered":"<p>Emri el-Mutekeb-bir \u0627\u0644\u0652\u0645\u064f\u062a\u064e\u0643\u064e\u0628\u0650\u0651\u0631\u064f do t\u00eb thot\u00eb \u201cmadh\u00ebshti\u201d dhe \u201ckrenari\u201d. Ky em\u00ebr gjithashtu tregon q\u00eb atributet e Allahut jan\u00eb m\u00eb madh\u00ebshtore dhe m\u00eb t\u00eb plota se sa shfaqja e tyre te njer\u00ebzit.<\/p>\n","protected":false},"featured_media":12111,"template":"","tags":[651],"authors":[],"content_source":[],"class_list":["post-12109","articles","type-articles","status-publish","has-post-thumbnail","hentry","tag-surja-059-el-hashr","topics-emrat-e-llahut-emrat-e-zotit","article-cat-artikuj"],"acf":[],"yoast_head":"<!-- This site is optimized with the Yoast SEO Premium plugin v21.1 (Yoast SEO v27.4) - https:\/\/yoast.com\/product\/yoast-seo-premium-wordpress\/ -->\n<title>Emrat e Allahut | Kuptimi i emrit El-Mutekeb-bir (Krenari)<\/title>\n<meta name=\"description\" content=\"Emri el-Mutekeb-bir \u0627\u0644\u0652\u0645\u064f\u062a\u064e\u0643\u064e\u0628\u0650\u0651\u0631\u064f do t\u00eb thot\u00eb \u201cmadh\u00ebshtori\u201d dhe \u201ckrenari\u201d. Sipas Kuranit, vet\u00ebm Atij i p\u00ebrket e gjith\u00eb madh\u00ebshtia n\u00eb qiej e n\u00eb Tok\u00eb.\" \/>\n<meta name=\"robots\" content=\"index, follow, max-snippet:-1, max-image-preview:large, max-video-preview:-1\" \/>\n<link rel=\"canonical\" href=\"https:\/\/www.ahmadiyya-islam.org\/al\/artikuj\/emrat-e-allahut-kuptimi-i-emrit-el-mutekeb-bir-krenari\/\" \/>\n<meta property=\"og:locale\" content=\"sq_AL\" \/>\n<meta property=\"og:type\" content=\"article\" \/>\n<meta property=\"og:title\" content=\"Emrat e Allahut | Kuptimi i emrit El-Mutekeb-bir (Krenari)\" \/>\n<meta property=\"og:description\" content=\"Emri el-Mutekeb-bir \u0627\u0644\u0652\u0645\u064f\u062a\u064e\u0643\u064e\u0628\u0650\u0651\u0631\u064f do t\u00eb thot\u00eb \u201cmadh\u00ebshtori\u201d dhe \u201ckrenari\u201d. Sipas Kuranit, vet\u00ebm Atij i p\u00ebrket e gjith\u00eb madh\u00ebshtia n\u00eb qiej e n\u00eb Tok\u00eb.\" \/>\n<meta property=\"og:url\" content=\"https:\/\/www.ahmadiyya-islam.org\/al\/artikuj\/emrat-e-allahut-kuptimi-i-emrit-el-mutekeb-bir-krenari\/\" \/>\n<meta property=\"og:site_name\" content=\"Xhemati Musliman Ahmedia\" \/>\n<meta property=\"article:modified_time\" content=\"2021-11-25T13:08:13+00:00\" \/>\n<meta property=\"og:image\" content=\"https:\/\/www.ahmadiyya-islam.org\/al\/wp-content\/uploads\/sites\/3\/2021\/11\/El-Mutekeb-bir-Krenari.jpg\" \/>\n\t<meta property=\"og:image:width\" content=\"853\" \/>\n\t<meta property=\"og:image:height\" content=\"480\" \/>\n\t<meta property=\"og:image:type\" content=\"image\/jpeg\" \/>\n<meta name=\"twitter:card\" content=\"summary_large_image\" \/>\n<meta name=\"twitter:label1\" content=\"Est. reading time\" \/>\n\t<meta name=\"twitter:data1\" content=\"5 minutes\" \/>\n<script type=\"application\/ld+json\" class=\"yoast-schema-graph\">{\"@context\":\"https:\\\/\\\/schema.org\",\"@graph\":[{\"@type\":\"WebPage\",\"@id\":\"https:\\\/\\\/www.ahmadiyya-islam.org\\\/al\\\/artikuj\\\/emrat-e-allahut-kuptimi-i-emrit-el-mutekeb-bir-krenari\\\/\",\"url\":\"https:\\\/\\\/www.ahmadiyya-islam.org\\\/al\\\/artikuj\\\/emrat-e-allahut-kuptimi-i-emrit-el-mutekeb-bir-krenari\\\/\",\"name\":\"Emrat e Allahut | Kuptimi i emrit El-Mutekeb-bir (Krenari)\",\"isPartOf\":{\"@id\":\"https:\\\/\\\/www.ahmadiyya-islam.org\\\/al\\\/#website\"},\"primaryImageOfPage\":{\"@id\":\"https:\\\/\\\/www.ahmadiyya-islam.org\\\/al\\\/artikuj\\\/emrat-e-allahut-kuptimi-i-emrit-el-mutekeb-bir-krenari\\\/#primaryimage\"},\"image\":{\"@id\":\"https:\\\/\\\/www.ahmadiyya-islam.org\\\/al\\\/artikuj\\\/emrat-e-allahut-kuptimi-i-emrit-el-mutekeb-bir-krenari\\\/#primaryimage\"},\"thumbnailUrl\":\"https:\\\/\\\/www.ahmadiyya-islam.org\\\/al\\\/wp-content\\\/uploads\\\/sites\\\/3\\\/2021\\\/11\\\/El-Mutekeb-bir-Krenari.jpg\",\"datePublished\":\"2021-11-25T12:38:10+00:00\",\"dateModified\":\"2021-11-25T13:08:13+00:00\",\"description\":\"Emri el-Mutekeb-bir \u0627\u0644\u0652\u0645\u064f\u062a\u064e\u0643\u064e\u0628\u0650\u0651\u0631\u064f do t\u00eb thot\u00eb \u201cmadh\u00ebshtori\u201d dhe \u201ckrenari\u201d. Sipas Kuranit, vet\u00ebm Atij i p\u00ebrket e gjith\u00eb madh\u00ebshtia n\u00eb qiej e n\u00eb Tok\u00eb.\",\"breadcrumb\":{\"@id\":\"https:\\\/\\\/www.ahmadiyya-islam.org\\\/al\\\/artikuj\\\/emrat-e-allahut-kuptimi-i-emrit-el-mutekeb-bir-krenari\\\/#breadcrumb\"},\"inLanguage\":\"sq-AL\",\"potentialAction\":[{\"@type\":\"ReadAction\",\"target\":[\"https:\\\/\\\/www.ahmadiyya-islam.org\\\/al\\\/artikuj\\\/emrat-e-allahut-kuptimi-i-emrit-el-mutekeb-bir-krenari\\\/\"]}]},{\"@type\":\"ImageObject\",\"inLanguage\":\"sq-AL\",\"@id\":\"https:\\\/\\\/www.ahmadiyya-islam.org\\\/al\\\/artikuj\\\/emrat-e-allahut-kuptimi-i-emrit-el-mutekeb-bir-krenari\\\/#primaryimage\",\"url\":\"https:\\\/\\\/www.ahmadiyya-islam.org\\\/al\\\/wp-content\\\/uploads\\\/sites\\\/3\\\/2021\\\/11\\\/El-Mutekeb-bir-Krenari.jpg\",\"contentUrl\":\"https:\\\/\\\/www.ahmadiyya-islam.org\\\/al\\\/wp-content\\\/uploads\\\/sites\\\/3\\\/2021\\\/11\\\/El-Mutekeb-bir-Krenari.jpg\",\"width\":853,\"height\":480},{\"@type\":\"BreadcrumbList\",\"@id\":\"https:\\\/\\\/www.ahmadiyya-islam.org\\\/al\\\/artikuj\\\/emrat-e-allahut-kuptimi-i-emrit-el-mutekeb-bir-krenari\\\/#breadcrumb\",\"itemListElement\":[{\"@type\":\"ListItem\",\"position\":1,\"name\":\"Home\",\"item\":\"https:\\\/\\\/www.ahmadiyya-islam.org\\\/al\\\/\"},{\"@type\":\"ListItem\",\"position\":2,\"name\":\"Artikujt\",\"item\":\"https:\\\/\\\/www.ahmadiyya-islam.org\\\/al\\\/artikuj\\\/\"},{\"@type\":\"ListItem\",\"position\":3,\"name\":\"Emrat e Allahut | Kuptimi i emrit El-Mutekeb-bir (Krenari)\"}]},{\"@type\":\"WebSite\",\"@id\":\"https:\\\/\\\/www.ahmadiyya-islam.org\\\/al\\\/#website\",\"url\":\"https:\\\/\\\/www.ahmadiyya-islam.org\\\/al\\\/\",\"name\":\"Xhemati Musliman Ahmedia\",\"description\":\"Albania\",\"potentialAction\":[{\"@type\":\"SearchAction\",\"target\":{\"@type\":\"EntryPoint\",\"urlTemplate\":\"https:\\\/\\\/www.ahmadiyya-islam.org\\\/al\\\/?s={search_term_string}\"},\"query-input\":{\"@type\":\"PropertyValueSpecification\",\"valueRequired\":true,\"valueName\":\"search_term_string\"}}],\"inLanguage\":\"sq-AL\"}]}<\/script>\n<!-- \/ Yoast SEO Premium plugin. -->","yoast_head_json":{"title":"Emrat e Allahut | Kuptimi i emrit El-Mutekeb-bir (Krenari)","description":"Emri el-Mutekeb-bir \u0627\u0644\u0652\u0645\u064f\u062a\u064e\u0643\u064e\u0628\u0650\u0651\u0631\u064f do t\u00eb thot\u00eb \u201cmadh\u00ebshtori\u201d dhe \u201ckrenari\u201d. Sipas Kuranit, vet\u00ebm Atij i p\u00ebrket e gjith\u00eb madh\u00ebshtia n\u00eb qiej e n\u00eb Tok\u00eb.","robots":{"index":"index","follow":"follow","max-snippet":"max-snippet:-1","max-image-preview":"max-image-preview:large","max-video-preview":"max-video-preview:-1"},"canonical":"https:\/\/www.ahmadiyya-islam.org\/al\/artikuj\/emrat-e-allahut-kuptimi-i-emrit-el-mutekeb-bir-krenari\/","og_locale":"sq_AL","og_type":"article","og_title":"Emrat e Allahut | Kuptimi i emrit El-Mutekeb-bir (Krenari)","og_description":"Emri el-Mutekeb-bir \u0627\u0644\u0652\u0645\u064f\u062a\u064e\u0643\u064e\u0628\u0650\u0651\u0631\u064f do t\u00eb thot\u00eb \u201cmadh\u00ebshtori\u201d dhe \u201ckrenari\u201d. Sipas Kuranit, vet\u00ebm Atij i p\u00ebrket e gjith\u00eb madh\u00ebshtia n\u00eb qiej e n\u00eb Tok\u00eb.","og_url":"https:\/\/www.ahmadiyya-islam.org\/al\/artikuj\/emrat-e-allahut-kuptimi-i-emrit-el-mutekeb-bir-krenari\/","og_site_name":"Xhemati Musliman Ahmedia","article_modified_time":"2021-11-25T13:08:13+00:00","og_image":[{"width":853,"height":480,"url":"https:\/\/www.ahmadiyya-islam.org\/al\/wp-content\/uploads\/sites\/3\/2021\/11\/El-Mutekeb-bir-Krenari.jpg","type":"image\/jpeg"}],"twitter_card":"summary_large_image","twitter_misc":{"Est. reading time":"5 minutes"},"schema":{"@context":"https:\/\/schema.org","@graph":[{"@type":"WebPage","@id":"https:\/\/www.ahmadiyya-islam.org\/al\/artikuj\/emrat-e-allahut-kuptimi-i-emrit-el-mutekeb-bir-krenari\/","url":"https:\/\/www.ahmadiyya-islam.org\/al\/artikuj\/emrat-e-allahut-kuptimi-i-emrit-el-mutekeb-bir-krenari\/","name":"Emrat e Allahut | Kuptimi i emrit El-Mutekeb-bir (Krenari)","isPartOf":{"@id":"https:\/\/www.ahmadiyya-islam.org\/al\/#website"},"primaryImageOfPage":{"@id":"https:\/\/www.ahmadiyya-islam.org\/al\/artikuj\/emrat-e-allahut-kuptimi-i-emrit-el-mutekeb-bir-krenari\/#primaryimage"},"image":{"@id":"https:\/\/www.ahmadiyya-islam.org\/al\/artikuj\/emrat-e-allahut-kuptimi-i-emrit-el-mutekeb-bir-krenari\/#primaryimage"},"thumbnailUrl":"https:\/\/www.ahmadiyya-islam.org\/al\/wp-content\/uploads\/sites\/3\/2021\/11\/El-Mutekeb-bir-Krenari.jpg","datePublished":"2021-11-25T12:38:10+00:00","dateModified":"2021-11-25T13:08:13+00:00","description":"Emri el-Mutekeb-bir \u0627\u0644\u0652\u0645\u064f\u062a\u064e\u0643\u064e\u0628\u0650\u0651\u0631\u064f do t\u00eb thot\u00eb \u201cmadh\u00ebshtori\u201d dhe \u201ckrenari\u201d. Sipas Kuranit, vet\u00ebm Atij i p\u00ebrket e gjith\u00eb madh\u00ebshtia n\u00eb qiej e n\u00eb Tok\u00eb.","breadcrumb":{"@id":"https:\/\/www.ahmadiyya-islam.org\/al\/artikuj\/emrat-e-allahut-kuptimi-i-emrit-el-mutekeb-bir-krenari\/#breadcrumb"},"inLanguage":"sq-AL","potentialAction":[{"@type":"ReadAction","target":["https:\/\/www.ahmadiyya-islam.org\/al\/artikuj\/emrat-e-allahut-kuptimi-i-emrit-el-mutekeb-bir-krenari\/"]}]},{"@type":"ImageObject","inLanguage":"sq-AL","@id":"https:\/\/www.ahmadiyya-islam.org\/al\/artikuj\/emrat-e-allahut-kuptimi-i-emrit-el-mutekeb-bir-krenari\/#primaryimage","url":"https:\/\/www.ahmadiyya-islam.org\/al\/wp-content\/uploads\/sites\/3\/2021\/11\/El-Mutekeb-bir-Krenari.jpg","contentUrl":"https:\/\/www.ahmadiyya-islam.org\/al\/wp-content\/uploads\/sites\/3\/2021\/11\/El-Mutekeb-bir-Krenari.jpg","width":853,"height":480},{"@type":"BreadcrumbList","@id":"https:\/\/www.ahmadiyya-islam.org\/al\/artikuj\/emrat-e-allahut-kuptimi-i-emrit-el-mutekeb-bir-krenari\/#breadcrumb","itemListElement":[{"@type":"ListItem","position":1,"name":"Home","item":"https:\/\/www.ahmadiyya-islam.org\/al\/"},{"@type":"ListItem","position":2,"name":"Artikujt","item":"https:\/\/www.ahmadiyya-islam.org\/al\/artikuj\/"},{"@type":"ListItem","position":3,"name":"Emrat e Allahut | Kuptimi i emrit El-Mutekeb-bir (Krenari)"}]},{"@type":"WebSite","@id":"https:\/\/www.ahmadiyya-islam.org\/al\/#website","url":"https:\/\/www.ahmadiyya-islam.org\/al\/","name":"Xhemati Musliman Ahmedia","description":"Albania","potentialAction":[{"@type":"SearchAction","target":{"@type":"EntryPoint","urlTemplate":"https:\/\/www.ahmadiyya-islam.org\/al\/?s={search_term_string}"},"query-input":{"@type":"PropertyValueSpecification","valueRequired":true,"valueName":"search_term_string"}}],"inLanguage":"sq-AL"}]}},"_links":{"self":[{"href":"https:\/\/www.ahmadiyya-islam.org\/al\/wp-json\/wp\/v2\/articles\/12109","targetHints":{"allow":["GET"]}}],"collection":[{"href":"https:\/\/www.ahmadiyya-islam.org\/al\/wp-json\/wp\/v2\/articles"}],"about":[{"href":"https:\/\/www.ahmadiyya-islam.org\/al\/wp-json\/wp\/v2\/types\/articles"}],"wp:featuredmedia":[{"embeddable":true,"href":"https:\/\/www.ahmadiyya-islam.org\/al\/wp-json\/wp\/v2\/media\/12111"}],"wp:attachment":[{"href":"https:\/\/www.ahmadiyya-islam.org\/al\/wp-json\/wp\/v2\/media?parent=12109"}],"wp:term":[{"taxonomy":"post_tag","embeddable":true,"href":"https:\/\/www.ahmadiyya-islam.org\/al\/wp-json\/wp\/v2\/tags?post=12109"},{"taxonomy":"authors","embeddable":true,"href":"https:\/\/www.ahmadiyya-islam.org\/al\/wp-json\/wp\/v2\/authors?post=12109"},{"taxonomy":"content_source","embeddable":true,"href":"https:\/\/www.ahmadiyya-islam.org\/al\/wp-json\/wp\/v2\/content_source?post=12109"}],"curies":[{"name":"wp","href":"https:\/\/api.w.org\/{rel}","templated":true}]}}