{"id":12103,"date":"2021-11-25T11:03:06","date_gmt":"2021-11-25T11:03:06","guid":{"rendered":"https:\/\/www.ahmadiyya-islam.org\/al\/?post_type=articles&#038;p=12103"},"modified":"2021-11-25T11:03:06","modified_gmt":"2021-11-25T11:03:06","slug":"endrra-dhe-shpallja-hyjnore-ne-fete-e-botes","status":"publish","type":"articles","link":"https:\/\/www.ahmadiyya-islam.org\/al\/artikuj\/endrra-dhe-shpallja-hyjnore-ne-fete-e-botes\/","title":{"rendered":"\u00cbndrra dhe shpallja hyjnore n\u00eb fet\u00eb e bot\u00ebs"},"content":{"rendered":"<p><img loading=\"lazy\" decoding=\"async\" class=\"aligncenter size-full wp-image-11371\" src=\"https:\/\/www.ahmadiyya-islam.org\/al\/wp-content\/uploads\/sites\/3\/2020\/10\/Resizedislam.jpg\" alt=\"\" width=\"60\" height=\"60\" srcset=\"https:\/\/www.ahmadiyya-islam.org\/al\/wp-content\/uploads\/sites\/3\/2020\/10\/Resizedislam.jpg 60w, https:\/\/www.ahmadiyya-islam.org\/al\/wp-content\/uploads\/sites\/3\/2020\/10\/Resizedislam-50x50.jpg 50w\" sizes=\"auto, (max-width: 60px) 100vw, 60px\" \/>Ai me urdhrin e Tij i zbret engj\u00ebjt me Shpirtin e Shenjt\u00eb mbi k\u00eb t\u00eb doj\u00eb nga rob\u00ebrit e Tij: Paralajm\u00ebroni q\u00eb nuk ka adhuruesh\u00ebm tjet\u00ebr p\u00ebrve\u00e7 Meje, andaj, prej Meje kini druajtje!<\/p>\n<p style=\"text-align: right\">ISLAMI, Kurani Fam\u00eblart\u00eb, 16:3.<\/p>\n<p><img loading=\"lazy\" decoding=\"async\" class=\"aligncenter size-full wp-image-11371\" src=\"https:\/\/www.ahmadiyya-islam.org\/al\/wp-content\/uploads\/sites\/3\/2020\/10\/Resizedislam.jpg\" alt=\"\" width=\"60\" height=\"60\" srcset=\"https:\/\/www.ahmadiyya-islam.org\/al\/wp-content\/uploads\/sites\/3\/2020\/10\/Resizedislam.jpg 60w, https:\/\/www.ahmadiyya-islam.org\/al\/wp-content\/uploads\/sites\/3\/2020\/10\/Resizedislam-50x50.jpg 50w\" sizes=\"auto, (max-width: 60px) 100vw, 60px\" \/>I D\u00ebrguari i Allahut s.a.v.s. tha: \u201cN\u00ebse ndonj\u00ebri prej jush shikon nj\u00eb \u00ebnd\u00ebrr q\u00eb i p\u00eblqen atij, ajo \u00ebsht\u00eb prej Allahut, dhe i duhet t\u00eb fal\u00ebnderoj\u00eb Allahun p\u00ebr k\u00ebt\u00eb dhe le t\u2019ua rr\u00ebfej\u00eb t\u00eb tjer\u00ebve. Por, n\u00ebse sheh (ndonj\u00eb \u00ebnd\u00ebrr t\u00eb keqe) q\u00eb nuk i p\u00eblqen atij, ajo \u00ebsht\u00eb nga shejtani dhe njeriu duhet t\u00eb k\u00ebrkoj\u00eb mbrojtje tek Allahu nga e keqja e saj dhe nuk duhet t\u2019ia p\u00ebrmend\u00eb at\u00eb askujt. (N\u00ebse vepron k\u00ebshtu) ai do t\u00eb ruhet nga e keqja e saj\u201d.<\/p>\n<p style=\"text-align: right\">ISLAMI, Profeti Muhammed <sup>s.a.v.s.<\/sup>, Sahihu i Buhariut, Kitab: \u201cet-Ta&#8217;bir\u201d, Bab: \u201cer-Rru&#8217;ja min-Allah\u201d , hadithi nr. 6985.<\/p>\n<p><img loading=\"lazy\" decoding=\"async\" class=\"aligncenter size-full wp-image-11371\" src=\"https:\/\/www.ahmadiyya-islam.org\/al\/wp-content\/uploads\/sites\/3\/2020\/10\/Resizedislam.jpg\" alt=\"\" width=\"60\" height=\"60\" srcset=\"https:\/\/www.ahmadiyya-islam.org\/al\/wp-content\/uploads\/sites\/3\/2020\/10\/Resizedislam.jpg 60w, https:\/\/www.ahmadiyya-islam.org\/al\/wp-content\/uploads\/sites\/3\/2020\/10\/Resizedislam-50x50.jpg 50w\" sizes=\"auto, (max-width: 60px) 100vw, 60px\" \/>Mos mendoni se shpallja e Zotit nuk vjen m\u00eb dhe se ka mbetur vet\u00ebm n\u00eb t\u00eb kaluar\u00ebn dhe se Shpirti i Shenjt\u00eb nuk zbret dhe se ka zbritur vet\u00ebm n\u00eb koh\u00ebrat e m\u00ebparshme. Sinqerisht ju them t\u00eb v\u00ebrtet\u00ebn, \u00e7do der\u00eb mbyllet, por dera nga e cila zbret Shpirti i Shenjt\u00eb kurr\u00eb nuk mbyllet. Hapni dyert e zemrave tuaja, q\u00eb ai t\u00eb hyj\u00eb n\u00eb to.<\/p>\n<p style=\"text-align: right\">ISLAMI, Mesihu i Premtuar <sup>a.s.<\/sup>, Arka e Nuhut, f. 54.<\/p>\n<p><img loading=\"lazy\" decoding=\"async\" class=\"aligncenter size-full wp-image-11372\" src=\"https:\/\/www.ahmadiyya-islam.org\/al\/wp-content\/uploads\/sites\/3\/2020\/10\/Resizedjudiasm.jpg\" alt=\"\" width=\"60\" height=\"69\" \/>Pastaj Zoti tha: \u201cD\u00ebgjoni tani fjal\u00ebt e mia! N\u00ebse ka nj\u00eb profet midis jush, un\u00eb, Zoti i b\u00ebhem i njohur atij n\u00eb vegim, flas me t\u00eb n\u00eb \u00ebnd\u00ebrr\u201d.<\/p>\n<p style=\"text-align: right\">JUDAIZMI, Dhjata e Vjet\u00ebr, Numrat 12:6.<\/p>\n<p><img loading=\"lazy\" decoding=\"async\" class=\"aligncenter size-full wp-image-11369\" src=\"https:\/\/www.ahmadiyya-islam.org\/al\/wp-content\/uploads\/sites\/3\/2020\/10\/Resizedchristianity.jpg\" alt=\"\" width=\"60\" height=\"97\" \/>Kam edhe shum\u00eb t\u00eb tjera p\u00ebr t\u2019ju th\u00ebn\u00eb por tani s\u2019mund t\u2019i kuptoni. E kur t\u00eb vij\u00eb ai \u2011 Shpirti i s\u00eb V\u00ebrtet\u00ebs \u2011 Ai do t\u2019ju udh\u00ebzoj\u00eb ta njihni t\u00ebr\u00eb t\u00eb V\u00ebrtet\u00ebn. Ai s\u2019do t\u00eb flas\u00eb prej vetvetes, por do t\u00eb flas\u00eb \u00e7ka t\u00eb d\u00ebgjoj\u00eb dhe do t\u2019ju zbuloj\u00eb t\u00eb ardhmen.<\/p>\n<p style=\"text-align: right\">KRISHT\u00cbRIMI, Dhjata e Re, Jakobi 3:5-9.<\/p>\n<p><img loading=\"lazy\" decoding=\"async\" class=\"aligncenter size-full wp-image-11368\" src=\"https:\/\/www.ahmadiyya-islam.org\/al\/wp-content\/uploads\/sites\/3\/2020\/10\/Resizedbudhism.jpg\" alt=\"\" width=\"60\" height=\"60\" srcset=\"https:\/\/www.ahmadiyya-islam.org\/al\/wp-content\/uploads\/sites\/3\/2020\/10\/Resizedbudhism.jpg 60w, https:\/\/www.ahmadiyya-islam.org\/al\/wp-content\/uploads\/sites\/3\/2020\/10\/Resizedbudhism-50x50.jpg 50w\" sizes=\"auto, (max-width: 60px) 100vw, 60px\" \/>Nj\u00eb nat\u00eb me h\u00ebn\u00eb t\u00eb plot\u00eb, mbret\u00ebresha Mahamaja e cila flinte n\u00eb pallat, pa nj\u00eb \u00ebnd\u00ebrr. Ajo e ndjeu veten sikur e kishin marr\u00eb nga kat\u00ebr deva (shpirtra) n\u00eb liqenin Anotatta n\u00eb Himalaj\u00eb. Pasi e lan\u00eb n\u00eb liqen, shpirtrat e vesh\u00ebn me p\u00eblhura qiellore, e vajos\u00ebn me parfume dhe e mbuluan me lule hyjnore. Pak m\u00eb von\u00eb, iu shfaq nj\u00eb elefant i bardh\u00eb, i cili mbante nj\u00eb zambak uji t\u00eb bardh\u00eb n\u00eb trung, dhe shkoi rreth saj tri her\u00eb. Pastaj, ai i hyri n\u00eb mit\u00ebr nga ana e djatht\u00eb. N\u00eb fund elefanti u zhduk dhe mbret\u00ebresha u zgjua. Ajo kuptoi se i ishte dh\u00ebn\u00eb nj\u00eb mesazh i r\u00ebnd\u00ebsish\u00ebm, pasi elefanti \u00ebsht\u00eb simbol i madh\u00ebshtis\u00eb n\u00eb Nepal.<\/p>\n<p style=\"text-align: right\">BUDIZMI, Legjenda budiste<\/p>\n<h2>Lexoni:<\/h2>\n<ul>\n<li><a href=\"https:\/\/www.ahmadiyya-islam.org\/al\/artikuj\/falja-ne-fete-e-botes\/\">Falja n\u00eb fet\u00eb e bot\u00ebs<\/a><\/li>\n<\/ul>\n","protected":false},"excerpt":{"rendered":"<p>Ai me urdhrin e Tij i zbret engj\u00ebjt me Shpirtin e Shenjt\u00eb mbi k\u00eb t\u00eb doj\u00eb nga rob\u00ebrit e Tij: Paralajm\u00ebroni q\u00eb nuk ka adhuruesh\u00ebm tjet\u00ebr p\u00ebrve\u00e7 Meje, andaj, prej Meje kini druajtje! ISLAMI, Kurani Fam\u00eblart\u00eb, 16:3. I D\u00ebrguari i Allahut s.a.v.s. tha: \u201cN\u00ebse ndonj\u00ebri prej jush shikon nj\u00eb \u00ebnd\u00ebrr q\u00eb i p\u00eblqen atij, ajo<\/p>\n","protected":false},"featured_media":12105,"template":"","tags":[657,656],"authors":[],"content_source":[543],"class_list":["post-12103","articles","type-articles","status-publish","has-post-thumbnail","hentry","tag-endrra","tag-fete-e-botes","topics-shpallja-hyjnore","article-cat-artikuj","content_source-review-of-religions"],"acf":[],"yoast_head":"<!-- This site is optimized with the Yoast SEO Premium plugin v21.1 (Yoast SEO v27.4) - https:\/\/yoast.com\/product\/yoast-seo-premium-wordpress\/ -->\n<title>\u00cbndrra dhe shpallja hyjnore n\u00eb fet\u00eb e bot\u00ebs<\/title>\n<meta name=\"description\" content=\"Nj\u00eb p\u00ebrzgjedhje th\u00ebniesh mbi \u00ebndrra dhe shpalljet hyjnore nga shkrimet e shenjta t\u00eb feve kryesore t\u00eb bot\u00ebs.\" \/>\n<meta name=\"robots\" content=\"index, follow, max-snippet:-1, max-image-preview:large, max-video-preview:-1\" \/>\n<link rel=\"canonical\" href=\"https:\/\/www.ahmadiyya-islam.org\/al\/artikuj\/endrra-dhe-shpallja-hyjnore-ne-fete-e-botes\/\" \/>\n<meta property=\"og:locale\" content=\"sq_AL\" \/>\n<meta property=\"og:type\" content=\"article\" \/>\n<meta property=\"og:title\" content=\"\u00cbndrra dhe shpallja hyjnore n\u00eb fet\u00eb e bot\u00ebs\" \/>\n<meta property=\"og:description\" content=\"Nj\u00eb p\u00ebrzgjedhje th\u00ebniesh mbi \u00ebndrra dhe shpalljet hyjnore nga shkrimet e shenjta t\u00eb feve kryesore t\u00eb bot\u00ebs.\" \/>\n<meta property=\"og:url\" content=\"https:\/\/www.ahmadiyya-islam.org\/al\/artikuj\/endrra-dhe-shpallja-hyjnore-ne-fete-e-botes\/\" \/>\n<meta property=\"og:site_name\" content=\"Xhemati Musliman Ahmedia\" \/>\n<meta property=\"og:image\" content=\"https:\/\/www.ahmadiyya-islam.org\/al\/wp-content\/uploads\/sites\/3\/2021\/11\/Falja-dhe-Shpallja-hyjnore.jpg\" \/>\n\t<meta property=\"og:image:width\" content=\"1707\" \/>\n\t<meta property=\"og:image:height\" content=\"960\" \/>\n\t<meta property=\"og:image:type\" content=\"image\/jpeg\" \/>\n<meta name=\"twitter:card\" content=\"summary_large_image\" \/>\n<meta name=\"twitter:label1\" content=\"Est. reading time\" \/>\n\t<meta name=\"twitter:data1\" content=\"2 minutes\" \/>\n<script type=\"application\/ld+json\" class=\"yoast-schema-graph\">{\"@context\":\"https:\\\/\\\/schema.org\",\"@graph\":[{\"@type\":\"WebPage\",\"@id\":\"https:\\\/\\\/www.ahmadiyya-islam.org\\\/al\\\/artikuj\\\/endrra-dhe-shpallja-hyjnore-ne-fete-e-botes\\\/\",\"url\":\"https:\\\/\\\/www.ahmadiyya-islam.org\\\/al\\\/artikuj\\\/endrra-dhe-shpallja-hyjnore-ne-fete-e-botes\\\/\",\"name\":\"\u00cbndrra dhe shpallja hyjnore n\u00eb fet\u00eb e bot\u00ebs\",\"isPartOf\":{\"@id\":\"https:\\\/\\\/www.ahmadiyya-islam.org\\\/al\\\/#website\"},\"primaryImageOfPage\":{\"@id\":\"https:\\\/\\\/www.ahmadiyya-islam.org\\\/al\\\/artikuj\\\/endrra-dhe-shpallja-hyjnore-ne-fete-e-botes\\\/#primaryimage\"},\"image\":{\"@id\":\"https:\\\/\\\/www.ahmadiyya-islam.org\\\/al\\\/artikuj\\\/endrra-dhe-shpallja-hyjnore-ne-fete-e-botes\\\/#primaryimage\"},\"thumbnailUrl\":\"https:\\\/\\\/www.ahmadiyya-islam.org\\\/al\\\/wp-content\\\/uploads\\\/sites\\\/3\\\/2021\\\/11\\\/Falja-dhe-Shpallja-hyjnore.jpg\",\"datePublished\":\"2021-11-25T11:03:06+00:00\",\"description\":\"Nj\u00eb p\u00ebrzgjedhje th\u00ebniesh mbi \u00ebndrra dhe shpalljet hyjnore nga shkrimet e shenjta t\u00eb feve kryesore t\u00eb bot\u00ebs.\",\"breadcrumb\":{\"@id\":\"https:\\\/\\\/www.ahmadiyya-islam.org\\\/al\\\/artikuj\\\/endrra-dhe-shpallja-hyjnore-ne-fete-e-botes\\\/#breadcrumb\"},\"inLanguage\":\"sq-AL\",\"potentialAction\":[{\"@type\":\"ReadAction\",\"target\":[\"https:\\\/\\\/www.ahmadiyya-islam.org\\\/al\\\/artikuj\\\/endrra-dhe-shpallja-hyjnore-ne-fete-e-botes\\\/\"]}]},{\"@type\":\"ImageObject\",\"inLanguage\":\"sq-AL\",\"@id\":\"https:\\\/\\\/www.ahmadiyya-islam.org\\\/al\\\/artikuj\\\/endrra-dhe-shpallja-hyjnore-ne-fete-e-botes\\\/#primaryimage\",\"url\":\"https:\\\/\\\/www.ahmadiyya-islam.org\\\/al\\\/wp-content\\\/uploads\\\/sites\\\/3\\\/2021\\\/11\\\/Falja-dhe-Shpallja-hyjnore.jpg\",\"contentUrl\":\"https:\\\/\\\/www.ahmadiyya-islam.org\\\/al\\\/wp-content\\\/uploads\\\/sites\\\/3\\\/2021\\\/11\\\/Falja-dhe-Shpallja-hyjnore.jpg\",\"width\":1707,\"height\":960},{\"@type\":\"BreadcrumbList\",\"@id\":\"https:\\\/\\\/www.ahmadiyya-islam.org\\\/al\\\/artikuj\\\/endrra-dhe-shpallja-hyjnore-ne-fete-e-botes\\\/#breadcrumb\",\"itemListElement\":[{\"@type\":\"ListItem\",\"position\":1,\"name\":\"Home\",\"item\":\"https:\\\/\\\/www.ahmadiyya-islam.org\\\/al\\\/\"},{\"@type\":\"ListItem\",\"position\":2,\"name\":\"Artikujt\",\"item\":\"https:\\\/\\\/www.ahmadiyya-islam.org\\\/al\\\/artikuj\\\/\"},{\"@type\":\"ListItem\",\"position\":3,\"name\":\"\u00cbndrra dhe shpallja hyjnore n\u00eb fet\u00eb e bot\u00ebs\"}]},{\"@type\":\"WebSite\",\"@id\":\"https:\\\/\\\/www.ahmadiyya-islam.org\\\/al\\\/#website\",\"url\":\"https:\\\/\\\/www.ahmadiyya-islam.org\\\/al\\\/\",\"name\":\"Xhemati Musliman Ahmedia\",\"description\":\"Albania\",\"potentialAction\":[{\"@type\":\"SearchAction\",\"target\":{\"@type\":\"EntryPoint\",\"urlTemplate\":\"https:\\\/\\\/www.ahmadiyya-islam.org\\\/al\\\/?s={search_term_string}\"},\"query-input\":{\"@type\":\"PropertyValueSpecification\",\"valueRequired\":true,\"valueName\":\"search_term_string\"}}],\"inLanguage\":\"sq-AL\"}]}<\/script>\n<!-- \/ Yoast SEO Premium plugin. -->","yoast_head_json":{"title":"\u00cbndrra dhe shpallja hyjnore n\u00eb fet\u00eb e bot\u00ebs","description":"Nj\u00eb p\u00ebrzgjedhje th\u00ebniesh mbi \u00ebndrra dhe shpalljet hyjnore nga shkrimet e shenjta t\u00eb feve kryesore t\u00eb bot\u00ebs.","robots":{"index":"index","follow":"follow","max-snippet":"max-snippet:-1","max-image-preview":"max-image-preview:large","max-video-preview":"max-video-preview:-1"},"canonical":"https:\/\/www.ahmadiyya-islam.org\/al\/artikuj\/endrra-dhe-shpallja-hyjnore-ne-fete-e-botes\/","og_locale":"sq_AL","og_type":"article","og_title":"\u00cbndrra dhe shpallja hyjnore n\u00eb fet\u00eb e bot\u00ebs","og_description":"Nj\u00eb p\u00ebrzgjedhje th\u00ebniesh mbi \u00ebndrra dhe shpalljet hyjnore nga shkrimet e shenjta t\u00eb feve kryesore t\u00eb bot\u00ebs.","og_url":"https:\/\/www.ahmadiyya-islam.org\/al\/artikuj\/endrra-dhe-shpallja-hyjnore-ne-fete-e-botes\/","og_site_name":"Xhemati Musliman Ahmedia","og_image":[{"width":1707,"height":960,"url":"https:\/\/www.ahmadiyya-islam.org\/al\/wp-content\/uploads\/sites\/3\/2021\/11\/Falja-dhe-Shpallja-hyjnore.jpg","type":"image\/jpeg"}],"twitter_card":"summary_large_image","twitter_misc":{"Est. reading time":"2 minutes"},"schema":{"@context":"https:\/\/schema.org","@graph":[{"@type":"WebPage","@id":"https:\/\/www.ahmadiyya-islam.org\/al\/artikuj\/endrra-dhe-shpallja-hyjnore-ne-fete-e-botes\/","url":"https:\/\/www.ahmadiyya-islam.org\/al\/artikuj\/endrra-dhe-shpallja-hyjnore-ne-fete-e-botes\/","name":"\u00cbndrra dhe shpallja hyjnore n\u00eb fet\u00eb e bot\u00ebs","isPartOf":{"@id":"https:\/\/www.ahmadiyya-islam.org\/al\/#website"},"primaryImageOfPage":{"@id":"https:\/\/www.ahmadiyya-islam.org\/al\/artikuj\/endrra-dhe-shpallja-hyjnore-ne-fete-e-botes\/#primaryimage"},"image":{"@id":"https:\/\/www.ahmadiyya-islam.org\/al\/artikuj\/endrra-dhe-shpallja-hyjnore-ne-fete-e-botes\/#primaryimage"},"thumbnailUrl":"https:\/\/www.ahmadiyya-islam.org\/al\/wp-content\/uploads\/sites\/3\/2021\/11\/Falja-dhe-Shpallja-hyjnore.jpg","datePublished":"2021-11-25T11:03:06+00:00","description":"Nj\u00eb p\u00ebrzgjedhje th\u00ebniesh mbi \u00ebndrra dhe shpalljet hyjnore nga shkrimet e shenjta t\u00eb feve kryesore t\u00eb bot\u00ebs.","breadcrumb":{"@id":"https:\/\/www.ahmadiyya-islam.org\/al\/artikuj\/endrra-dhe-shpallja-hyjnore-ne-fete-e-botes\/#breadcrumb"},"inLanguage":"sq-AL","potentialAction":[{"@type":"ReadAction","target":["https:\/\/www.ahmadiyya-islam.org\/al\/artikuj\/endrra-dhe-shpallja-hyjnore-ne-fete-e-botes\/"]}]},{"@type":"ImageObject","inLanguage":"sq-AL","@id":"https:\/\/www.ahmadiyya-islam.org\/al\/artikuj\/endrra-dhe-shpallja-hyjnore-ne-fete-e-botes\/#primaryimage","url":"https:\/\/www.ahmadiyya-islam.org\/al\/wp-content\/uploads\/sites\/3\/2021\/11\/Falja-dhe-Shpallja-hyjnore.jpg","contentUrl":"https:\/\/www.ahmadiyya-islam.org\/al\/wp-content\/uploads\/sites\/3\/2021\/11\/Falja-dhe-Shpallja-hyjnore.jpg","width":1707,"height":960},{"@type":"BreadcrumbList","@id":"https:\/\/www.ahmadiyya-islam.org\/al\/artikuj\/endrra-dhe-shpallja-hyjnore-ne-fete-e-botes\/#breadcrumb","itemListElement":[{"@type":"ListItem","position":1,"name":"Home","item":"https:\/\/www.ahmadiyya-islam.org\/al\/"},{"@type":"ListItem","position":2,"name":"Artikujt","item":"https:\/\/www.ahmadiyya-islam.org\/al\/artikuj\/"},{"@type":"ListItem","position":3,"name":"\u00cbndrra dhe shpallja hyjnore n\u00eb fet\u00eb e bot\u00ebs"}]},{"@type":"WebSite","@id":"https:\/\/www.ahmadiyya-islam.org\/al\/#website","url":"https:\/\/www.ahmadiyya-islam.org\/al\/","name":"Xhemati Musliman Ahmedia","description":"Albania","potentialAction":[{"@type":"SearchAction","target":{"@type":"EntryPoint","urlTemplate":"https:\/\/www.ahmadiyya-islam.org\/al\/?s={search_term_string}"},"query-input":{"@type":"PropertyValueSpecification","valueRequired":true,"valueName":"search_term_string"}}],"inLanguage":"sq-AL"}]}},"_links":{"self":[{"href":"https:\/\/www.ahmadiyya-islam.org\/al\/wp-json\/wp\/v2\/articles\/12103","targetHints":{"allow":["GET"]}}],"collection":[{"href":"https:\/\/www.ahmadiyya-islam.org\/al\/wp-json\/wp\/v2\/articles"}],"about":[{"href":"https:\/\/www.ahmadiyya-islam.org\/al\/wp-json\/wp\/v2\/types\/articles"}],"wp:featuredmedia":[{"embeddable":true,"href":"https:\/\/www.ahmadiyya-islam.org\/al\/wp-json\/wp\/v2\/media\/12105"}],"wp:attachment":[{"href":"https:\/\/www.ahmadiyya-islam.org\/al\/wp-json\/wp\/v2\/media?parent=12103"}],"wp:term":[{"taxonomy":"post_tag","embeddable":true,"href":"https:\/\/www.ahmadiyya-islam.org\/al\/wp-json\/wp\/v2\/tags?post=12103"},{"taxonomy":"authors","embeddable":true,"href":"https:\/\/www.ahmadiyya-islam.org\/al\/wp-json\/wp\/v2\/authors?post=12103"},{"taxonomy":"content_source","embeddable":true,"href":"https:\/\/www.ahmadiyya-islam.org\/al\/wp-json\/wp\/v2\/content_source?post=12103"}],"curies":[{"name":"wp","href":"https:\/\/api.w.org\/{rel}","templated":true}]}}