{"id":11907,"date":"2021-06-29T10:46:43","date_gmt":"2021-06-29T10:46:43","guid":{"rendered":"https:\/\/www.ahmadiyya-islam.org\/al\/?post_type=articles&#038;p=11907"},"modified":"2023-03-30T11:32:29","modified_gmt":"2023-03-30T11:32:29","slug":"emrat-e-allahut-kuptimi-i-emrit-el-mumin-paqedhenesi","status":"publish","type":"articles","link":"https:\/\/www.ahmadiyya-islam.org\/al\/artikuj\/emrat-e-allahut-kuptimi-i-emrit-el-mumin-paqedhenesi\/","title":{"rendered":"Emrat e Allahut | Kuptimi i emrit el-Mu\u2019min (Paqedh\u00ebn\u00ebsi)"},"content":{"rendered":"<h2>El-Mu\u2019min (Paqedh\u00ebn\u00ebsi)<\/h2>\n<p><img loading=\"lazy\" decoding=\"async\" class=\"aligncenter wp-image-11908 size-medium\" src=\"https:\/\/www.ahmadiyya-islam.org\/al\/wp-content\/uploads\/sites\/3\/2021\/06\/6-Al-Moemano-1024x992-1-300x290.png\" alt=\"Emrat e Allahut - Emrat e Zotit el-Mu\u2019min\" width=\"300\" height=\"290\" srcset=\"https:\/\/www.ahmadiyya-islam.org\/al\/wp-content\/uploads\/sites\/3\/2021\/06\/6-Al-Moemano-1024x992-1-300x290.png 300w, https:\/\/www.ahmadiyya-islam.org\/al\/wp-content\/uploads\/sites\/3\/2021\/06\/6-Al-Moemano-1024x992-1.png 605w\" sizes=\"auto, (max-width: 300px) 100vw, 300px\" \/><\/p>\n<blockquote>\n<p style=\"text-align: center\">\u0647\u064f\u0648\u064e \u0627\u0644\u0644\u0651\u064e\u0640\u0647\u064f \u0627\u0644\u0651\u064e\u0630\u0650\u064a \u0644\u064e\u0627 \u0625\u0650\u0644\u064e\u0640\u0670\u0647\u064e \u0625\u0650\u0644\u0651\u064e\u0627 \u0647\u064f\u0648\u064e \u0627\u0644\u0652\u0645\u064e\u0644\u0650\u0643\u064f \u0627\u0644\u0652\u0642\u064f\u062f\u0651\u064f\u0648\u0633\u064f \u0627\u0644\u0633\u0651\u064e\u0644\u064e\u0627\u0645\u064f \u0627\u0644\u0652\u0645\u064f\u0624\u0652\u0645\u0650\u0646\u064f \u0627\u0644\u0652\u0645\u064f\u0647\u064e\u064a\u0652\u0645\u0650\u0646\u064f \u0627\u0644\u0652\u0639\u064e\u0632\u0650\u064a\u0632\u064f \u0627\u0644\u0652\u062c\u064e\u0628\u0651\u064e\u0627\u0631\u064f \u0627\u0644\u0652\u0645\u064f\u062a\u064e\u0643\u064e\u0628\u0650\u0651\u0631\u064f \u06da \u0633\u064f\u0628\u0652\u062d\u064e\u0627\u0646\u064e \u0627\u0644\u0644\u0651\u064e\u0640\u0647\u0650 \u0639\u064e\u0645\u0651\u064e\u0627 \u064a\u064f\u0634\u0652\u0631\u0650\u0643\u064f\u0648\u0646\u064e<\/p>\n<p>Ai \u00ebsht\u00eb Allahu, p\u00ebrve\u00e7 t\u00eb cilit nuk ka t\u00eb adhuruesh\u00ebm tjet\u00ebr. Ai \u00ebsht\u00eb Sunduesi, i Shenjti (i past\u00ebr nga \u00e7do e met\u00eb), Paq\u00ebdh\u00ebn\u00ebsi, Dh\u00ebn\u00ebsi i siguris\u00eb, Mbik\u00ebqyr\u00ebsi mbi gjith\u00e7ka, i Plotfuqishmi, Imponuesi, Madh\u00ebshtori. Qoft\u00eb i lart\u00ebsuar Allahu mbi gjith\u00e7ka q\u00eb ia shoq\u00ebrojn\u00eb Atij (n\u00eb adhurim)![1]<\/p><\/blockquote>\n<p>Atributi i Zotit \u0627\u0644\u0652\u0645\u064f\u0624\u0652\u0645\u0650\u0646\u064f El-Mu\u2019min rrjedh nga rr\u00ebnja \u0627\u0644\u0623\u064e\u0645\u0646\u064f (el-emnu) q\u00eb p\u00ebrshkruan gjendjen e paqes, dhe t\u00eb siguris\u00eb q\u00eb \u00ebsht\u00eb e kund\u00ebrta e frik\u00ebs. Sipas fjalorit \u201cLisanul-\u2018Arab\u201d kuptimi tjet\u00ebr i fjal\u00ebs el-Mu\u2019min \u00ebsht\u00eb el-Musad-dik \u0627\u0644\u0645\u064f\u0635\u064e\u062f\u0650\u0651\u0642\u064f d.m.th. Ai q\u00eb p\u00ebrmbush premtimet q\u00eb i ka b\u00ebr\u00eb krijes\u00ebs s\u00eb Tij.[2]<\/p>\n<p>N\u00eb lidhje me k\u00ebt\u00eb atribut, gjejm\u00eb nj\u00eb th\u00ebnie profetike:<\/p>\n<p>\u062d\u064e\u062f\u0651\u064e\u062b\u064e\u0646\u064e\u0627 \u0645\u064f\u0639\u064e\u0627\u0648\u0650\u064a\u064e\u0629\u064f \u0628\u0652\u0646\u064f \u0639\u064e\u0645\u0652\u0631\u064d\u0648\u060c \u062d\u064e\u062f\u0651\u064e\u062b\u064e\u0646\u064e\u0627 \u0631\u0650\u0634\u0652\u062f\u0650\u064a\u0646\u064f\u060c \u0642\u064e\u0627\u0644\u064e: \u062d\u064e\u062f\u0651\u064e\u062b\u064e\u0646\u0650\u064a \u0645\u064f\u0639\u064e\u0627\u0648\u0650\u064a\u064e\u0629\u064f \u0628\u0652\u0646\u064f \u0633\u064e\u0639\u0650\u064a\u062f\u064d \u0627\u0644\u062a\u0651\u064f\u062c\u0650\u064a\u0628\u0650\u064a\u0651\u064f\u060c \u0639\u064e\u0645\u0651\u064e\u0646\u0652 \u062d\u064e\u062f\u0651\u064e\u062b\u064e\u0647\u064f \u0639\u064e\u0646\u0652 \u0641\u064e\u0636\u064e\u0627\u0644\u064e\u0629\u064e \u0628\u0652\u0646\u0650 \u0639\u064f\u0628\u064e\u064a\u0652\u062f\u064d\u060c \u0639\u064e\u0646\u0650 \u0627\u0644\u0646\u0651\u064e\u0628\u0650\u064a\u0651\u0650 \u0635\u064e\u0644\u0651\u064e\u0649 \u0627\u0644\u0644\u0647\u064f \u0639\u064e\u0644\u064e\u064a\u0652\u0647\u0650 \u0648\u064e\u0633\u064e\u0644\u0651\u064e\u0645\u064e \u0623\u064e\u0646\u0651\u064e\u0647\u064f \u0642\u064e\u0627\u0644\u064e: \u201c \u0627\u0644\u0652\u0639\u064e\u0628\u0652\u062f\u064f \u0622\u0645\u0650\u0646\u064c \u0645\u0650\u0646\u0652 \u0639\u064e\u0630\u064e\u0627\u0628\u0650 \u0627\u0644\u0644\u0647\u0650 \u0639\u0632 \u0648\u062c\u0644\u060c \u0645\u064e\u0627 \u0627\u0633\u0652\u062a\u064e\u063a\u0652\u0641\u064e\u0631\u064e \u0627\u0644\u0644\u0647\u064e \u0639\u0632 \u0648\u062c\u0644 \u201c<\/p>\n<blockquote><p>Hazret Fadala ibn Ubejdi r.a. transmeton nga i D\u00ebrguari i Allahut s.a.v.s. se ai ka th\u00ebn\u00eb: \u201cDerisa robi vijon t\u2019i k\u00ebrkoj\u00eb falje Allahut t\u00eb Plotfuqish\u00ebm, Ai i jep atij mbrojtje nga nd\u00ebshkimi i Tij\u201d.[3]<\/p><\/blockquote>\n<h3>El-Mu\u2019min &#8211; K\u00ebshtjella e pamposhtur e paqes<\/h3>\n<p>Hazret Mesihu i Premtuar a.s. shkruan:<\/p>\n<p>\u201cNuk je e sigurt, oj Europ\u00eb, as ti, oj Azi. O banor\u00ebt e ishujve, asnj\u00eb per\u00ebndi e krijuar nga ju nuk do t\u00eb jet\u00eb e aft\u00eb t\u2019ju ndihmoj\u00eb. Un\u00eb shikoj qytete q\u00eb shemben dhe banime n\u00eb rr\u00ebnoja. Ai Zot i Vet\u00ebm heshti p\u00ebr nj\u00eb periudh\u00eb t\u00eb gjat\u00eb. Vepra t\u00eb k\u00ebqija u b\u00ebn\u00eb p\u00ebrpara syve t\u00eb Tij dhe Ai u tregua i duruar. Por tani Ai do t\u00eb shfaqet n\u00eb nj\u00eb form\u00eb t\u00eb tmerrshme. Ai q\u00eb ka vesh\u00eb le t\u00eb d\u00ebgjoj\u00eb se koha nuk \u00ebsht\u00eb e larg\u00ebt. Un\u00eb jam p\u00ebrpjekur t\u2019i mbledh t\u00eb gjith\u00eb n\u00ebn sigurin\u00eb e Zotit, por edhe dekretet hyjnore duhet t\u00eb plot\u00ebsoheshin. Sinqerisht ju them t\u00eb v\u00ebrtet\u00ebn, q\u00eb po i afrohet radha edhe k\u00ebtij kombi. Ju do t\u00eb jeni d\u00ebshmitar\u00eb t\u00eb koh\u00ebs s\u00eb Nuhit (Noas) dhe syt\u00eb tuaj do t\u00eb shikojn\u00eb at\u00eb q\u00eb ndodhi n\u00eb tok\u00ebn e Lutit (Lotit). Por Zoti \u00ebsht\u00eb i ngadalt\u00eb n\u00eb zem\u00ebrimin e Tij. Pendohuni q\u00eb t\u2019u tregohet m\u00ebshir\u00eb. Ai q\u00eb braktis Zotin \u00ebsht\u00eb nj\u00eb insekt dhe jo njeri, dhe ai q\u00eb nuk i frik\u00ebsohet Atij \u00ebsht\u00eb i vdekur dhe jo i gjall\u00eb\u201d.[4]<\/p>\n<h2>Lexoni:<\/h2>\n<ul>\n<li><a href=\"https:\/\/www.ahmadiyya-islam.org\/al\/temat\/allahu-i-madherishem\/\" rel=\"tag\">Allahu i Madh\u00ebrish\u00ebm<\/a><\/li>\n<li><a href=\"https:\/\/www.ahmadiyya-islam.org\/al\/temat\/emrat-e-llahut-emrat-e-zotit\/\" rel=\"tag\">Emrat e Allahut &#8211; Emrat e Zotit<\/a><\/li>\n<\/ul>\n<hr \/>\n<p><b>SH\u00cbNIME<\/b><\/p>\n<p>[1]. <em>Kurani Fam\u00eblart\u00eb<\/em> 59:24.<br \/>\n[2]. Muhammed ibn Mendhur, <em>Lisanul-\u2018Arab<\/em>, v\u00ebllimi XIII, z\u00ebri Elif-M\u012bm-N\u016bn (\u0623\u0645\u0646), Botues: Neshru Edeb el-Hauzeh, Kum, Iran, 1985, f. 21.<br \/>\n[3]. Ahmad ibn Hanbel, <em>Musned<\/em>, v\u00ebllimi XXXIX, Botues: Muesseretur-Risale, Bejrut, 1421 h.\/2001, f. 376, hadithi nr. 23953.<br \/>\n[4]. Hazret Mirza Ghulam Ahmed a.s., <em>Hakikatul Vahi<\/em>, Ruhani Khazain, v\u00ebll. 22, f. 267-269.<\/p>\n","protected":false},"excerpt":{"rendered":"<p>Atributi i Zotit \u0627\u0644\u0652\u0645\u064f\u0624\u0652\u0645\u0650\u0646\u064f El-Mu\u2019min rrjedh nga rr\u00ebnja \u0627\u0644\u0623\u064e\u0645\u0646\u064f (el-emnu) q\u00eb p\u00ebrshkruan gjendjen e paqes, dhe t\u00eb siguris\u00eb q\u00eb \u00ebsht\u00eb e kund\u00ebrta e frik\u00ebs.<\/p>\n","protected":false},"featured_media":11909,"template":"","tags":[651],"authors":[],"content_source":[543],"class_list":["post-11907","articles","type-articles","status-publish","has-post-thumbnail","hentry","tag-surja-059-el-hashr","topics-emrat-e-llahut-emrat-e-zotit","article-cat-artikuj","content_source-review-of-religions"],"acf":[],"yoast_head":"<!-- This site is optimized with the Yoast SEO Premium plugin v21.1 (Yoast SEO v27.4) - https:\/\/yoast.com\/product\/yoast-seo-premium-wordpress\/ -->\n<title>Emrat e Allahut | Kuptimi i emrit el-Mu\u2019min (Paqedh\u00ebn\u00ebsi)<\/title>\n<meta name=\"description\" content=\"Atributi i Zotit El-Mu\u2019min rrjedh nga rr\u00ebnja el-emnu q\u00eb p\u00ebrshkruan gjendjen e paqes, dhe t\u00eb siguris\u00eb q\u00eb \u00ebsht\u00eb e kund\u00ebrta e frik\u00ebs.\" \/>\n<meta name=\"robots\" content=\"index, follow, max-snippet:-1, max-image-preview:large, max-video-preview:-1\" \/>\n<link rel=\"canonical\" href=\"https:\/\/www.ahmadiyya-islam.org\/al\/artikuj\/emrat-e-allahut-kuptimi-i-emrit-el-mumin-paqedhenesi\/\" \/>\n<meta property=\"og:locale\" content=\"sq_AL\" \/>\n<meta property=\"og:type\" content=\"article\" \/>\n<meta property=\"og:title\" content=\"Emrat e Allahut | Kuptimi i emrit el-Mu\u2019min (Paqedh\u00ebn\u00ebsi)\" \/>\n<meta property=\"og:description\" content=\"Atributi i Zotit El-Mu\u2019min rrjedh nga rr\u00ebnja el-emnu q\u00eb p\u00ebrshkruan gjendjen e paqes, dhe t\u00eb siguris\u00eb q\u00eb \u00ebsht\u00eb e kund\u00ebrta e frik\u00ebs.\" \/>\n<meta property=\"og:url\" content=\"https:\/\/www.ahmadiyya-islam.org\/al\/artikuj\/emrat-e-allahut-kuptimi-i-emrit-el-mumin-paqedhenesi\/\" \/>\n<meta property=\"og:site_name\" content=\"Xhemati Musliman Ahmedia\" \/>\n<meta property=\"article:modified_time\" content=\"2023-03-30T11:32:29+00:00\" \/>\n<meta property=\"og:image\" content=\"https:\/\/www.ahmadiyya-islam.org\/al\/wp-content\/uploads\/sites\/3\/2021\/06\/Ver_berge-felsen-felswand-462162.jpg\" \/>\n\t<meta property=\"og:image:width\" content=\"960\" \/>\n\t<meta property=\"og:image:height\" content=\"456\" \/>\n\t<meta property=\"og:image:type\" content=\"image\/jpeg\" \/>\n<meta name=\"twitter:card\" content=\"summary_large_image\" \/>\n<meta name=\"twitter:label1\" content=\"Est. reading time\" \/>\n\t<meta name=\"twitter:data1\" content=\"3 minutes\" \/>\n<script type=\"application\/ld+json\" class=\"yoast-schema-graph\">{\"@context\":\"https:\\\/\\\/schema.org\",\"@graph\":[{\"@type\":\"WebPage\",\"@id\":\"https:\\\/\\\/www.ahmadiyya-islam.org\\\/al\\\/artikuj\\\/emrat-e-allahut-kuptimi-i-emrit-el-mumin-paqedhenesi\\\/\",\"url\":\"https:\\\/\\\/www.ahmadiyya-islam.org\\\/al\\\/artikuj\\\/emrat-e-allahut-kuptimi-i-emrit-el-mumin-paqedhenesi\\\/\",\"name\":\"Emrat e Allahut | Kuptimi i emrit el-Mu\u2019min (Paqedh\u00ebn\u00ebsi)\",\"isPartOf\":{\"@id\":\"https:\\\/\\\/www.ahmadiyya-islam.org\\\/al\\\/#website\"},\"primaryImageOfPage\":{\"@id\":\"https:\\\/\\\/www.ahmadiyya-islam.org\\\/al\\\/artikuj\\\/emrat-e-allahut-kuptimi-i-emrit-el-mumin-paqedhenesi\\\/#primaryimage\"},\"image\":{\"@id\":\"https:\\\/\\\/www.ahmadiyya-islam.org\\\/al\\\/artikuj\\\/emrat-e-allahut-kuptimi-i-emrit-el-mumin-paqedhenesi\\\/#primaryimage\"},\"thumbnailUrl\":\"https:\\\/\\\/www.ahmadiyya-islam.org\\\/al\\\/wp-content\\\/uploads\\\/sites\\\/3\\\/2021\\\/06\\\/Ver_berge-felsen-felswand-462162.jpg\",\"datePublished\":\"2021-06-29T10:46:43+00:00\",\"dateModified\":\"2023-03-30T11:32:29+00:00\",\"description\":\"Atributi i Zotit El-Mu\u2019min rrjedh nga rr\u00ebnja el-emnu q\u00eb p\u00ebrshkruan gjendjen e paqes, dhe t\u00eb siguris\u00eb q\u00eb \u00ebsht\u00eb e kund\u00ebrta e frik\u00ebs.\",\"breadcrumb\":{\"@id\":\"https:\\\/\\\/www.ahmadiyya-islam.org\\\/al\\\/artikuj\\\/emrat-e-allahut-kuptimi-i-emrit-el-mumin-paqedhenesi\\\/#breadcrumb\"},\"inLanguage\":\"sq-AL\",\"potentialAction\":[{\"@type\":\"ReadAction\",\"target\":[\"https:\\\/\\\/www.ahmadiyya-islam.org\\\/al\\\/artikuj\\\/emrat-e-allahut-kuptimi-i-emrit-el-mumin-paqedhenesi\\\/\"]}]},{\"@type\":\"ImageObject\",\"inLanguage\":\"sq-AL\",\"@id\":\"https:\\\/\\\/www.ahmadiyya-islam.org\\\/al\\\/artikuj\\\/emrat-e-allahut-kuptimi-i-emrit-el-mumin-paqedhenesi\\\/#primaryimage\",\"url\":\"https:\\\/\\\/www.ahmadiyya-islam.org\\\/al\\\/wp-content\\\/uploads\\\/sites\\\/3\\\/2021\\\/06\\\/Ver_berge-felsen-felswand-462162.jpg\",\"contentUrl\":\"https:\\\/\\\/www.ahmadiyya-islam.org\\\/al\\\/wp-content\\\/uploads\\\/sites\\\/3\\\/2021\\\/06\\\/Ver_berge-felsen-felswand-462162.jpg\",\"width\":960,\"height\":456,\"caption\":\"Emrat e Allahut - Emrat e Zotit el-Mu\u2019min\"},{\"@type\":\"BreadcrumbList\",\"@id\":\"https:\\\/\\\/www.ahmadiyya-islam.org\\\/al\\\/artikuj\\\/emrat-e-allahut-kuptimi-i-emrit-el-mumin-paqedhenesi\\\/#breadcrumb\",\"itemListElement\":[{\"@type\":\"ListItem\",\"position\":1,\"name\":\"Home\",\"item\":\"https:\\\/\\\/www.ahmadiyya-islam.org\\\/al\\\/\"},{\"@type\":\"ListItem\",\"position\":2,\"name\":\"Artikujt\",\"item\":\"https:\\\/\\\/www.ahmadiyya-islam.org\\\/al\\\/artikuj\\\/\"},{\"@type\":\"ListItem\",\"position\":3,\"name\":\"Emrat e Allahut | Kuptimi i emrit el-Mu\u2019min (Paqedh\u00ebn\u00ebsi)\"}]},{\"@type\":\"WebSite\",\"@id\":\"https:\\\/\\\/www.ahmadiyya-islam.org\\\/al\\\/#website\",\"url\":\"https:\\\/\\\/www.ahmadiyya-islam.org\\\/al\\\/\",\"name\":\"Xhemati Musliman Ahmedia\",\"description\":\"Albania\",\"potentialAction\":[{\"@type\":\"SearchAction\",\"target\":{\"@type\":\"EntryPoint\",\"urlTemplate\":\"https:\\\/\\\/www.ahmadiyya-islam.org\\\/al\\\/?s={search_term_string}\"},\"query-input\":{\"@type\":\"PropertyValueSpecification\",\"valueRequired\":true,\"valueName\":\"search_term_string\"}}],\"inLanguage\":\"sq-AL\"}]}<\/script>\n<!-- \/ Yoast SEO Premium plugin. -->","yoast_head_json":{"title":"Emrat e Allahut | Kuptimi i emrit el-Mu\u2019min (Paqedh\u00ebn\u00ebsi)","description":"Atributi i Zotit El-Mu\u2019min rrjedh nga rr\u00ebnja el-emnu q\u00eb p\u00ebrshkruan gjendjen e paqes, dhe t\u00eb siguris\u00eb q\u00eb \u00ebsht\u00eb e kund\u00ebrta e frik\u00ebs.","robots":{"index":"index","follow":"follow","max-snippet":"max-snippet:-1","max-image-preview":"max-image-preview:large","max-video-preview":"max-video-preview:-1"},"canonical":"https:\/\/www.ahmadiyya-islam.org\/al\/artikuj\/emrat-e-allahut-kuptimi-i-emrit-el-mumin-paqedhenesi\/","og_locale":"sq_AL","og_type":"article","og_title":"Emrat e Allahut | Kuptimi i emrit el-Mu\u2019min (Paqedh\u00ebn\u00ebsi)","og_description":"Atributi i Zotit El-Mu\u2019min rrjedh nga rr\u00ebnja el-emnu q\u00eb p\u00ebrshkruan gjendjen e paqes, dhe t\u00eb siguris\u00eb q\u00eb \u00ebsht\u00eb e kund\u00ebrta e frik\u00ebs.","og_url":"https:\/\/www.ahmadiyya-islam.org\/al\/artikuj\/emrat-e-allahut-kuptimi-i-emrit-el-mumin-paqedhenesi\/","og_site_name":"Xhemati Musliman Ahmedia","article_modified_time":"2023-03-30T11:32:29+00:00","og_image":[{"width":960,"height":456,"url":"https:\/\/www.ahmadiyya-islam.org\/al\/wp-content\/uploads\/sites\/3\/2021\/06\/Ver_berge-felsen-felswand-462162.jpg","type":"image\/jpeg"}],"twitter_card":"summary_large_image","twitter_misc":{"Est. reading time":"3 minutes"},"schema":{"@context":"https:\/\/schema.org","@graph":[{"@type":"WebPage","@id":"https:\/\/www.ahmadiyya-islam.org\/al\/artikuj\/emrat-e-allahut-kuptimi-i-emrit-el-mumin-paqedhenesi\/","url":"https:\/\/www.ahmadiyya-islam.org\/al\/artikuj\/emrat-e-allahut-kuptimi-i-emrit-el-mumin-paqedhenesi\/","name":"Emrat e Allahut | Kuptimi i emrit el-Mu\u2019min (Paqedh\u00ebn\u00ebsi)","isPartOf":{"@id":"https:\/\/www.ahmadiyya-islam.org\/al\/#website"},"primaryImageOfPage":{"@id":"https:\/\/www.ahmadiyya-islam.org\/al\/artikuj\/emrat-e-allahut-kuptimi-i-emrit-el-mumin-paqedhenesi\/#primaryimage"},"image":{"@id":"https:\/\/www.ahmadiyya-islam.org\/al\/artikuj\/emrat-e-allahut-kuptimi-i-emrit-el-mumin-paqedhenesi\/#primaryimage"},"thumbnailUrl":"https:\/\/www.ahmadiyya-islam.org\/al\/wp-content\/uploads\/sites\/3\/2021\/06\/Ver_berge-felsen-felswand-462162.jpg","datePublished":"2021-06-29T10:46:43+00:00","dateModified":"2023-03-30T11:32:29+00:00","description":"Atributi i Zotit El-Mu\u2019min rrjedh nga rr\u00ebnja el-emnu q\u00eb p\u00ebrshkruan gjendjen e paqes, dhe t\u00eb siguris\u00eb q\u00eb \u00ebsht\u00eb e kund\u00ebrta e frik\u00ebs.","breadcrumb":{"@id":"https:\/\/www.ahmadiyya-islam.org\/al\/artikuj\/emrat-e-allahut-kuptimi-i-emrit-el-mumin-paqedhenesi\/#breadcrumb"},"inLanguage":"sq-AL","potentialAction":[{"@type":"ReadAction","target":["https:\/\/www.ahmadiyya-islam.org\/al\/artikuj\/emrat-e-allahut-kuptimi-i-emrit-el-mumin-paqedhenesi\/"]}]},{"@type":"ImageObject","inLanguage":"sq-AL","@id":"https:\/\/www.ahmadiyya-islam.org\/al\/artikuj\/emrat-e-allahut-kuptimi-i-emrit-el-mumin-paqedhenesi\/#primaryimage","url":"https:\/\/www.ahmadiyya-islam.org\/al\/wp-content\/uploads\/sites\/3\/2021\/06\/Ver_berge-felsen-felswand-462162.jpg","contentUrl":"https:\/\/www.ahmadiyya-islam.org\/al\/wp-content\/uploads\/sites\/3\/2021\/06\/Ver_berge-felsen-felswand-462162.jpg","width":960,"height":456,"caption":"Emrat e Allahut - Emrat e Zotit el-Mu\u2019min"},{"@type":"BreadcrumbList","@id":"https:\/\/www.ahmadiyya-islam.org\/al\/artikuj\/emrat-e-allahut-kuptimi-i-emrit-el-mumin-paqedhenesi\/#breadcrumb","itemListElement":[{"@type":"ListItem","position":1,"name":"Home","item":"https:\/\/www.ahmadiyya-islam.org\/al\/"},{"@type":"ListItem","position":2,"name":"Artikujt","item":"https:\/\/www.ahmadiyya-islam.org\/al\/artikuj\/"},{"@type":"ListItem","position":3,"name":"Emrat e Allahut | Kuptimi i emrit el-Mu\u2019min (Paqedh\u00ebn\u00ebsi)"}]},{"@type":"WebSite","@id":"https:\/\/www.ahmadiyya-islam.org\/al\/#website","url":"https:\/\/www.ahmadiyya-islam.org\/al\/","name":"Xhemati Musliman Ahmedia","description":"Albania","potentialAction":[{"@type":"SearchAction","target":{"@type":"EntryPoint","urlTemplate":"https:\/\/www.ahmadiyya-islam.org\/al\/?s={search_term_string}"},"query-input":{"@type":"PropertyValueSpecification","valueRequired":true,"valueName":"search_term_string"}}],"inLanguage":"sq-AL"}]}},"_links":{"self":[{"href":"https:\/\/www.ahmadiyya-islam.org\/al\/wp-json\/wp\/v2\/articles\/11907","targetHints":{"allow":["GET"]}}],"collection":[{"href":"https:\/\/www.ahmadiyya-islam.org\/al\/wp-json\/wp\/v2\/articles"}],"about":[{"href":"https:\/\/www.ahmadiyya-islam.org\/al\/wp-json\/wp\/v2\/types\/articles"}],"wp:featuredmedia":[{"embeddable":true,"href":"https:\/\/www.ahmadiyya-islam.org\/al\/wp-json\/wp\/v2\/media\/11909"}],"wp:attachment":[{"href":"https:\/\/www.ahmadiyya-islam.org\/al\/wp-json\/wp\/v2\/media?parent=11907"}],"wp:term":[{"taxonomy":"post_tag","embeddable":true,"href":"https:\/\/www.ahmadiyya-islam.org\/al\/wp-json\/wp\/v2\/tags?post=11907"},{"taxonomy":"authors","embeddable":true,"href":"https:\/\/www.ahmadiyya-islam.org\/al\/wp-json\/wp\/v2\/authors?post=11907"},{"taxonomy":"content_source","embeddable":true,"href":"https:\/\/www.ahmadiyya-islam.org\/al\/wp-json\/wp\/v2\/content_source?post=11907"}],"curies":[{"name":"wp","href":"https:\/\/api.w.org\/{rel}","templated":true}]}}