{"id":11862,"date":"2021-06-11T10:36:01","date_gmt":"2021-06-11T10:36:01","guid":{"rendered":"https:\/\/www.ahmadiyya-islam.org\/al\/?post_type=articles&#038;p=11862"},"modified":"2026-03-23T09:15:00","modified_gmt":"2026-03-23T09:15:00","slug":"thirrje-e-fuqishme-historike-ne-okb-per-te-drejtat-e-palestinezeve","status":"publish","type":"articles","link":"https:\/\/www.ahmadiyya-islam.org\/al\/artikuj\/thirrje-e-fuqishme-historike-ne-okb-per-te-drejtat-e-palestinezeve\/","title":{"rendered":"Nj\u00eb thirrje e fuqishme dhe historike n\u00eb OKB, p\u00ebr t\u00eb drejtat e palestinez\u00ebve"},"content":{"rendered":"<blockquote><p>Konflikti shkat\u00ebrrues midis Palestin\u00ebs dhe Izraelit ka ekzistuar p\u00ebr dekada t\u00eb t\u00ebra. Sulmi i forcave izraelite ndaj besimtar\u00ebve musliman\u00eb n\u00eb tok\u00ebn e pushtuar t\u00eb Jerusalemit Lindor pran\u00eb xhamis\u00eb s\u00eb shenjt\u00eb el-Aksa \u00ebsht\u00eb vet\u00ebm nj\u00eb shembull tjet\u00ebr e nj\u00eb liste t\u00eb gjat\u00eb mizorish t\u00eb kryera n\u00eb rajon.<\/p>\n<p>Bota muslimane e cila \u00ebsht\u00eb p\u00ebrfshir\u00eb vet\u00eb n\u00eb konfliktet e saj t\u00eb brendshme fetare apo politike, e b\u00ebn sehir situat\u00ebn e krijuar. Nga pamund\u00ebsia p\u00ebr t\u00eb ndaluar dor\u00ebn e agresorit, politika e vendeve muslimane rehatohet duke nxjerr\u00eb \u201cdeklarata t\u00eb forta\u201d p\u00ebr shtyp, nd\u00ebrsa populli shpreh indinjat\u00ebn e saj p\u00ebr brutalitetin ndaj popullit palestinez duke organizuar protesta n\u00eb qytetet kryesore bot\u00ebrore dhe n\u00eb k\u00ebt\u00eb m\u00ebnyr\u00eb solidarizohet me viktimat. Pastaj, jeta kthehet s\u00ebrish n\u00eb orbit\u00ebn e vet si \u201cBusiness as usual\u201d.<\/p>\n<p>Xhemati Musliman Ahmedia gjithmon\u00eb ka mb\u00ebshtetur t\u00eb v\u00ebrtet\u00ebn dhe ka d\u00ebnuar ashp\u00ebr padrejt\u00ebsit\u00eb kudo dhe kurdo q\u00eb jan\u00eb kryer. N\u00eb n\u00ebntor 1947, kur krijimi i Izraelit po diskutohej n\u00eb Asamblen\u00eb e Kombeve t\u00eb Bashkuara, Sir \u00c7audri Zafrulla Khan-i i Pakistanit mbajti nj\u00eb fjalim historik, duke u t\u00ebrhequr v\u00ebmendje t\u00eb drejtave t\u00eb palestinez\u00ebve, t\u00eb cilat po shkeleshin n\u00ebp\u00ebrk\u00ebmb\u00eb.<\/p>\n<div id=\"attachment_11881\" style=\"width: 1000px\" class=\"wp-caption aligncenter\"><img loading=\"lazy\" decoding=\"async\" aria-describedby=\"caption-attachment-11881\" class=\"size-full wp-image-11881\" src=\"https:\/\/www.ahmadiyya-islam.org\/al\/wp-content\/uploads\/sites\/3\/2021\/06\/Sir-Zafrulla-Khan-UN-Assembly-1-990x683-1.jpg\" alt=\"Nj\u00eb thirrje e fuqishme p\u00ebr mbrojtjen e t\u00eb drejtave t\u00eb palestinez\u00ebve\" width=\"990\" height=\"683\" srcset=\"https:\/\/www.ahmadiyya-islam.org\/al\/wp-content\/uploads\/sites\/3\/2021\/06\/Sir-Zafrulla-Khan-UN-Assembly-1-990x683-1.jpg 990w, https:\/\/www.ahmadiyya-islam.org\/al\/wp-content\/uploads\/sites\/3\/2021\/06\/Sir-Zafrulla-Khan-UN-Assembly-1-990x683-1-300x207.jpg 300w, https:\/\/www.ahmadiyya-islam.org\/al\/wp-content\/uploads\/sites\/3\/2021\/06\/Sir-Zafrulla-Khan-UN-Assembly-1-990x683-1-768x530.jpg 768w\" sizes=\"auto, (max-width: 990px) 100vw, 990px\" \/><p id=\"caption-attachment-11881\" class=\"wp-caption-text\">Shk\u00eblqesia e Tij, Muhammad Zafrulla Khan (djathtas), Presidenti i Sesionit t\u00eb 17-t\u00eb t\u00eb Asambles\u00eb s\u00eb P\u00ebrgjithshme po u drejtohej korrespondent\u00ebve n\u00eb Selin\u00eb e OKB-s\u00eb.<br \/>Burim: UN Photos<\/p><\/div>\n<p>Sir Muhammad Zafrulla Khani (r.a.) (1893-1985) ishte nj\u00eb nd\u00ebr figurat themeluese t\u00eb Pakistanit. Ai ishte nj\u00eb politikan, diplomat dhe jurist me fam\u00eb nd\u00ebrkomb\u00ebtare, dhe njihet ve\u00e7an\u00ebrisht si Ministri i par\u00eb i Pun\u00ebve t\u00eb Jashtme i Pakistanit (1947-1954). Ai ishte Presidenti i par\u00eb musliman dhe pakistanez i Asambles\u00eb s\u00eb P\u00ebrgjithshme t\u00eb OKB-s\u00eb si dhe i Gjykat\u00ebs Nd\u00ebrkomb\u00ebtare t\u00eb Drejt\u00ebsis\u00eb n\u00eb Hag\u00eb nga 1954 n\u00eb 1961. Ai ishte gjithashtu nj\u00eb studiues i shquar dhe nj\u00eb shkrimtar i dalluar i Xhematit Musliman Ahmedia i cili kishte nderin t\u00eb ishte prej dishepujve (sahab\u00ebve) t\u00eb Hazret Mirza Ghulam Ahmedit (a.s.), Mesih i Premtuar dhe Imam Mehdi. Ai shkroi disa libra dhe p\u00ebrktheu Kuranin Fam\u00eblart\u00eb n\u00eb gjuh\u00ebn angleze.<\/p>\n<p>Ky fjalim, i cili u mbajt n\u00eb Asamblen\u00eb e OKB-s\u00eb, ishte botuar p\u00ebr her\u00eb t\u00eb par\u00eb n\u00eb dhjetor 2002 n\u00eb revist\u00ebn \u201cReview of Religions\u201d dhe po ribotohet n\u00eb dobi t\u00eb lexuesve.<\/p><\/blockquote>\n<h2 style=\"text-align: center;\">TAKIMI PLENAR i 126-t\u00eb<\/h2>\n<p style=\"text-align: center;\">U mbajt n\u00eb Sall\u00ebn e Asambles\u00eb s\u00eb P\u00ebrgjithshme<br \/>\nn\u00eb Flushing Meadow, New York,<br \/>\ndit\u00ebn e premte, m\u00eb 28 n\u00ebntor 1947, n\u00eb or\u00ebn 11 t\u00eb m\u00ebngjesit<\/p>\n<p><strong>Kryetar:<\/strong> Z. O. ARANHA (Brazil).<\/p>\n<ol start=\"125\">\n<li>Vazhdimi i diskutimit p\u00ebr \u00c7\u00ebshtjen Palestineze<\/li>\n<\/ol>\n<p><strong>Kryetari:<\/strong><\/p>\n<p>P\u00ebrfaq\u00ebsuesve duhet t&#8217;u ofrohen kushtet m\u00eb t\u00eb mira t\u00eb mundshme, n\u00eb m\u00ebnyr\u00eb q\u00eb t\u00eb trajtojn\u00eb me v\u00ebmendjen m\u00eb t\u00eb lart\u00eb \u00e7\u00ebshtjen serioze q\u00eb gjendet p\u00ebrpara Asambles\u00eb s\u00eb P\u00ebrgjithshme. Prandaj, Kryetar m\u00eb duhet t&#8217;i kujtoj audienc\u00ebs q\u00eb t\u00eb p\u00ebrmbahet nga duartrokitjet ose \u00e7far\u00ebdolloj nd\u00ebrhyrjeje n\u00eb debatin e Asambles\u00eb s\u00eb P\u00ebrgjithshme.<\/p>\n<p>Ka dhjet\u00eb fol\u00ebs n\u00eb list\u00ebn e Kryetarit. Fjal\u00ebn e ka P\u00ebrfaq\u00ebsuesi i Pakistanit.<\/p>\n<div id=\"attachment_11865\" style=\"width: 778px\" class=\"wp-caption aligncenter\"><img loading=\"lazy\" decoding=\"async\" aria-describedby=\"caption-attachment-11865\" class=\"wp-image-11865 size-full\" src=\"https:\/\/www.ahmadiyya-islam.org\/al\/wp-content\/uploads\/sites\/3\/2021\/06\/Sir-Zafrullah-Khan-768x957-1.jpg\" alt=\"Nj\u00eb thirrje e fuqishme p\u00ebr mbrojtjen e t\u00eb drejtave t\u00eb palestinez\u00ebve\" width=\"768\" height=\"957\" srcset=\"https:\/\/www.ahmadiyya-islam.org\/al\/wp-content\/uploads\/sites\/3\/2021\/06\/Sir-Zafrullah-Khan-768x957-1.jpg 768w, https:\/\/www.ahmadiyya-islam.org\/al\/wp-content\/uploads\/sites\/3\/2021\/06\/Sir-Zafrullah-Khan-768x957-1-241x300.jpg 241w\" sizes=\"auto, (max-width: 768px) 100vw, 768px\" \/><p id=\"caption-attachment-11865\" class=\"wp-caption-text\">Sir Muhamed Zafrulla Khan<br \/>Burim: UN Photos<\/p><\/div>\n<h2 style=\"text-align: center;\">Fjalimi historik i Sir Muhammad Zafrullah Khanit n\u00eb OKB p\u00ebr \u00c7\u00ebshtjen e Palestin\u00ebs<\/h2>\n<p><strong>Sir Muhammad ZAFRULLA KHAN (Pakistan)<\/strong>:<\/p>\n<p>Shpreh k\u00ebnaq\u00ebsin\u00eb duke v\u00ebn\u00eb re q\u00eb, ju Z. Kryetar, jeni i shqet\u00ebsuar p\u00ebr t\u00eb siguruar, t\u00eb pakt\u00ebn p\u00ebr sa i p\u00ebrket k\u00ebsaj pyetjeje, nj\u00eb diskutim t\u00eb qet\u00eb, pa nd\u00ebrhyrje dhe pa ndikime. A do t\u00eb jet\u00eb votimi po aq i lir\u00eb dhe i pandikuar, nuk \u00ebsht\u00eb m\u00eb \u00e7\u00ebshtje k\u00ebnaq\u00ebsie. Megjithat\u00eb, un\u00eb nuk do<span style=\"color: #000000;\"> t\u00eb merrem me at\u00eb \u00e7\u00ebshtje.<\/span><\/p>\n<p><span style=\"color: #000000;\">Ata q\u00eb nuk kan\u00eb qasje n\u00eb at\u00eb \u00e7far\u00eb po ndodh n\u00eb prapasken\u00eb, kan\u00eb m\u00ebsuar mjaft nga shtypi p\u00ebr t\u00eb pasur frik\u00eb n\u00eb zemrat e tyre se nuk do t\u00eb lihet pas dore, jo vet\u00ebm kjo pyetje \u2013 pasi kjo \u00ebsht\u00eb vet\u00ebm nj\u00eb pyetje \u2013 por edhe shqyrtimet e pyetjeve vendimtare q\u00eb gjenden p\u00ebrpara k\u00ebtij trupi t\u00eb nderuar, n\u00eb t\u00eb cilat jan\u00eb p\u00ebrqendruar shpresat e bot\u00ebs p\u00ebr t\u00eb ardhmen.<\/span><\/p>\n<div id=\"attachment_11870\" style=\"width: 1000px\" class=\"wp-caption alignnone\"><img loading=\"lazy\" decoding=\"async\" aria-describedby=\"caption-attachment-11870\" class=\"wp-image-11870 size-full\" src=\"https:\/\/www.ahmadiyya-islam.org\/al\/wp-content\/uploads\/sites\/3\/2021\/06\/Sir-Zafrulla-Khan-UN-Assembly-Press-2-990x998-1.jpg\" alt=\"Nj\u00eb thirrje e fuqishme p\u00ebr mbrojtjen e t\u00eb drejtave t\u00eb palestinez\u00ebve\" width=\"990\" height=\"998\" srcset=\"https:\/\/www.ahmadiyya-islam.org\/al\/wp-content\/uploads\/sites\/3\/2021\/06\/Sir-Zafrulla-Khan-UN-Assembly-Press-2-990x998-1.jpg 990w, https:\/\/www.ahmadiyya-islam.org\/al\/wp-content\/uploads\/sites\/3\/2021\/06\/Sir-Zafrulla-Khan-UN-Assembly-Press-2-990x998-1-298x300.jpg 298w, https:\/\/www.ahmadiyya-islam.org\/al\/wp-content\/uploads\/sites\/3\/2021\/06\/Sir-Zafrulla-Khan-UN-Assembly-Press-2-990x998-1-150x150.jpg 150w, https:\/\/www.ahmadiyya-islam.org\/al\/wp-content\/uploads\/sites\/3\/2021\/06\/Sir-Zafrulla-Khan-UN-Assembly-Press-2-990x998-1-768x774.jpg 768w, https:\/\/www.ahmadiyya-islam.org\/al\/wp-content\/uploads\/sites\/3\/2021\/06\/Sir-Zafrulla-Khan-UN-Assembly-Press-2-990x998-1-50x50.jpg 50w\" sizes=\"auto, (max-width: 990px) 100vw, 990px\" \/><p id=\"caption-attachment-11870\" class=\"wp-caption-text\">Vendi i gazetar\u00ebve n\u00eb OKB, n\u00eb seksionin p\u00ebr shtyp t\u00eb sall\u00ebs s\u00eb kongreseve n\u00eb takimin e fundit t\u00eb Komitetit Ad Hoc p\u00ebr \u00e7\u00ebshtjen palestineze gjat\u00eb seanc\u00ebs s\u00eb dyt\u00eb t\u00eb Asambles\u00eb s\u00eb P\u00ebrgjithshme t\u00eb OKB-s\u00eb, duke miratuar rezolut\u00ebn p\u00ebr ndarjen e Palestin\u00ebs n\u00eb dy Shtete. Burim: UN Photos<\/p><\/div>\n<p>Ky \u00ebsht\u00eb nj\u00eb moment i r\u00ebnd\u00ebsish\u00ebm dhe kritik n\u00eb historin\u00eb e bot\u00ebs, n\u00eb historin\u00eb e k\u00ebsaj Organizate t\u00eb madhe, le t\u00eb shpresojm\u00eb t\u00eb pakt\u00ebn, t\u00eb madhe. Organizata e Kombeve t\u00eb Bashkuara (OKB) sot \u00ebsht\u00eb n\u00eb gjyq. Bota po shikon dhe do t\u00eb shoh\u00eb se si kjo Organizat\u00eb e shfaj\u00ebson veten &#8211; s\u00ebrish, ndoshta, jo aq nga pik\u00ebpamja se n\u00ebse miratohet ndarja apo jo, por nga pik\u00ebpamja n\u00ebse \u00ebsht\u00eb l\u00ebn\u00eb ndonj\u00eb hap\u00ebsir\u00eb p\u00ebr ushtrimin e drejt\u00ebsis\u00eb dhe p\u00ebr vendimet e nd\u00ebrgjegjshme mbi pyetjet e r\u00ebnd\u00ebsishme.<\/p>\n<p>Ne shpesh jemi t\u00eb prir\u00eb p\u00ebr t\u00eb lexuar historin\u00eb s\u00eb prapthi, dhe un\u00eb pranoj q\u00eb kjo \u00ebsht\u00eb nj\u00eb metod\u00eb shum\u00eb e gabuar p\u00ebr t\u00eb lexuar historin\u00eb. Historia, q\u00eb t\u00eb vler\u00ebsohet si\u00e7 duhet, duhet lexuar s\u00eb mbari. P\u00ebr t\u00eb dh\u00ebn\u00eb ndonj\u00eb mendim a vler\u00ebsim p\u00ebr ndonj\u00eb dukuri apo ngjarje dhe p\u00ebr ta gjy<span style=\"color: #000000;\">kuar at\u00eb, njeriu duhet t\u00eb vendos\u00eb veten n\u00eb ato rrethana.<\/span><\/p>\n<p>Me lejen tuaj, Z. Kryetar, m\u00eb lejoni t\u00eb ftoj p\u00ebrfaq\u00ebsuesit t\u00eb lexojn\u00eb historin\u00eb n\u00eb k\u00ebt\u00eb m\u00ebnyr\u00eb p\u00ebr disa \u00e7aste, t\u00eb pakt\u00ebn at\u00eb pjes\u00eb t\u00eb historis\u00eb q\u00eb ka t\u00eb b\u00ebj\u00eb me Asamblen\u00eb e P\u00ebrgjithshme.<\/p>\n<div id=\"attachment_11871\" style=\"width: 1000px\" class=\"wp-caption aligncenter\"><img loading=\"lazy\" decoding=\"async\" aria-describedby=\"caption-attachment-11871\" class=\"wp-image-11871 size-full\" src=\"https:\/\/www.ahmadiyya-islam.org\/al\/wp-content\/uploads\/sites\/3\/2021\/06\/Sir-Zafrulla-Khan-UN-Assembly-Press-990x752-1.jpg\" alt=\"Nj\u00eb thirrje e fuqishme p\u00ebr mbrojtjen e t\u00eb drejtave t\u00eb palestinez\u00ebve\" width=\"990\" height=\"752\" srcset=\"https:\/\/www.ahmadiyya-islam.org\/al\/wp-content\/uploads\/sites\/3\/2021\/06\/Sir-Zafrulla-Khan-UN-Assembly-Press-990x752-1.jpg 990w, https:\/\/www.ahmadiyya-islam.org\/al\/wp-content\/uploads\/sites\/3\/2021\/06\/Sir-Zafrulla-Khan-UN-Assembly-Press-990x752-1-300x228.jpg 300w, https:\/\/www.ahmadiyya-islam.org\/al\/wp-content\/uploads\/sites\/3\/2021\/06\/Sir-Zafrulla-Khan-UN-Assembly-Press-990x752-1-768x583.jpg 768w\" sizes=\"auto, (max-width: 990px) 100vw, 990px\" \/><p id=\"caption-attachment-11871\" class=\"wp-caption-text\">Nj\u00eb foto e zyr\u00ebs s\u00eb Shtypit t\u00eb Bashkuar n\u00eb Sall\u00ebn e Asambles\u00eb s\u00eb P\u00ebrgjithshme t\u00eb OKB-s\u00eb n\u00eb Flushing Meadows, pasi Asambleja votoi p\u00ebr t\u00eb miratuar ndarjen e Palestin\u00ebs. Burim: UN Photos<\/p><\/div>\n<p>Tridhjet\u00eb e dy vjet m\u00eb par\u00eb &#8211; p\u00ebr t\u00eb mos shkuar shum\u00eb larg &#8211; Aleat\u00ebt Per\u00ebndimor\u00eb ishin n\u00eb mes t\u00eb nj\u00eb lufte t\u00eb p\u00ebrgjakshme me Fuqit\u00eb e Evrop\u00ebs Qendrore. Turqia sapo kishte hyr\u00eb n\u00eb luft\u00eb n\u00eb an\u00ebn e Gjermanis\u00eb. Fati i kauz\u00ebs s\u00eb Aleat\u00ebve po l\u00ebkundej f<span style=\"color: #000000;\">ort. Ara<\/span>b\u00ebt, t\u00eb cil\u00ebt vet\u00ebm mund t\u00eb ndihmonin p\u00ebr rivendosjen e ekuilibrit n\u00eb rajonin jet\u00ebsor t\u00eb Lindjes s\u00eb Mesme, ishin ftuar p\u00ebr t\u00eb shpallur kryengritjen ndaj Turqis\u00eb dhe p\u00ebr t\u00eb hedhur pesh\u00ebn e tyre n\u00eb an\u00ebn e Aleat\u00ebve. Por n\u00eb k\u00ebmbim t\u00eb \u00e7far\u00eb \u00e7mimi? N\u00eb k\u00ebmbim t\u00eb nj\u00eb premtimi nga Mbret\u00ebria e Bashkuar, t\u00eb konfirmuar m\u00eb pas edhe nga Franca, se n\u00eb fund t\u00eb luft\u00ebs, Arab\u00ebt do t\u00eb g\u00ebzonin liri vet\u00eb n\u00eb tokat e tyre. Ata ran\u00eb dakord dhe kontribuuan pjes\u00ebn e tyre.<\/p>\n<p>Tani si jan\u00eb p\u00ebrmbushur k\u00ebto zotime q\u00eb u ishin premtuar? Shpesh na kan\u00eb kujtuar se k\u00ebto zotime jan\u00eb p\u00ebrmbus<span style=\"color: #000000;\">hur n\u00eb mas\u00ebn e n\u00ebnt\u00eb t\u00eb dhjetave, d<\/span>he se nj\u00eb p\u00ebrmbushje e till\u00eb duhet t\u00eb jet\u00eb e mjaftueshme. A \u00ebsht\u00eb ky standard q\u00eb d\u00ebshirojm\u00eb t\u00eb shohim t\u00eb vendosur dhe t\u00eb cilit duhet t\u2019i \u00a0p\u00ebrmbahemi n\u00eb \u00e7\u00ebshtjet nd\u00ebrkomb\u00ebta<span style=\"color: #000000;\">re, komb\u00ebtare dhe madje edhe personale? Ne i kemi p\u00ebrmbushur k\u00ebto zotime n\u00eb mas\u00ebn e n\u00ebnt\u00eb t\u00eb dhjetave dhe<\/span>, prandaj, duhet t\u00eb jet\u00eb e mjaftueshme. N\u00ebse \u00ebsht\u00eb k\u00ebshtu, ndaloni p\u00ebr nj\u00eb \u00e7ast dhe paramendoni: A do t\u00eb ket\u00eb m\u00eb besim n\u00eb premtime t\u00eb tilla, e sidomos n\u00eb premtimet e Fuqive Per\u00ebndim<span style=\"color: #000000;\">ore?!<\/span><\/p>\n<p><span style=\"color: #000000;\">Mos harroni, ju shtete Per\u00ebndimore! Nes\u00ebr<\/span> do t\u00eb keni nevoj\u00eb p\u00ebr miq, do t\u00eb keni nevoj\u00eb p\u00ebr aleat\u00eb n\u00eb Lindjen e Mesme. Ju lutem, mos e prishni dhe mos e shkelni besueshm\u00ebrin\u00eb tuaj n\u00eb ato vende.<\/p>\n<div id=\"attachment_11868\" style=\"width: 1000px\" class=\"wp-caption aligncenter\"><img loading=\"lazy\" decoding=\"async\" aria-describedby=\"caption-attachment-11868\" class=\"size-full wp-image-11868\" src=\"https:\/\/www.ahmadiyya-islam.org\/al\/wp-content\/uploads\/sites\/3\/2021\/06\/Sir-Zafrulla-Khan-UN-Assembly-6-990x684-1.jpg\" alt=\"Nj\u00eb thirrje e fuqishme p\u00ebr mbrojtjen e t\u00eb drejtave t\u00eb palestinez\u00ebve\" width=\"990\" height=\"684\" srcset=\"https:\/\/www.ahmadiyya-islam.org\/al\/wp-content\/uploads\/sites\/3\/2021\/06\/Sir-Zafrulla-Khan-UN-Assembly-6-990x684-1.jpg 990w, https:\/\/www.ahmadiyya-islam.org\/al\/wp-content\/uploads\/sites\/3\/2021\/06\/Sir-Zafrulla-Khan-UN-Assembly-6-990x684-1-300x207.jpg 300w, https:\/\/www.ahmadiyya-islam.org\/al\/wp-content\/uploads\/sites\/3\/2021\/06\/Sir-Zafrulla-Khan-UN-Assembly-6-990x684-1-768x531.jpg 768w\" sizes=\"auto, (max-width: 990px) 100vw, 990px\" \/><p id=\"caption-attachment-11868\" class=\"wp-caption-text\">Seanca e rregullt e 17-t\u00eb e Asambles\u00eb s\u00eb P\u00ebrgjithshme u hap n\u00eb Selin\u00eb e OKB-s\u00eb dhe zgjodhi si President t\u00eb saj Ambasadorin Muhamed Zafrulla Khan, nga Pakistani. N\u00eb tribun\u00ebn presidenciale z. Khan (djathtas) duke d\u00ebgjuar nj\u00eb nga fol\u00ebsit. Ulur pran\u00eb tij \u00ebsht\u00eb Ushtruesi i Detyr\u00ebs s\u00eb Sekretarit t\u00eb P\u00ebrgjithsh\u00ebm t\u00eb OKB-s\u00eb U. Thant.<br \/>Burim: UN Photos<\/p><\/div>\n<p>\u00cbsht\u00eb th\u00ebn\u00eb se ka disa dyshime n\u00ebse Palestina ishte p\u00ebrfshir\u00eb n\u00eb premtimet q\u00eb u ishin dh\u00ebn\u00eb arab\u00ebve. Gjat\u00eb k\u00ebtyre bisedimeve t\u00eb gjata n\u00eb komitet si dhe n\u00eb n\u00ebn-komision, pastaj prap\u00eb n\u00eb komitet dhe m\u00eb pas n\u00eb Asamblen\u00eb e P\u00ebrgjithshme, askush nuk ka k\u00ebrkuar t\u00eb argumentoj\u00eb se Palestina nuk ishte p\u00ebrfshir\u00eb n\u00eb ato premtime ose ishte p\u00ebrjashtuar nga ato premtime. Sidoqoft\u00eb, u sugjerua q\u00eb n\u00ebse kishte ndonj\u00eb dyshim n\u00eb lidhje me k\u00ebt\u00eb pyetje, ajo duhet t&#8217;i referohej Gjykat\u00ebs Nd\u00ebrkomb\u00ebtare t\u00eb Drejt\u00ebsis\u00eb, opinioni k\u00ebshillues i t\u00eb cilit duhet t\u00eb k\u00ebrkohet n\u00eb m\u00ebnyr\u00eb q\u00eb \u00e7\u00ebshtja t\u00eb zgjidhet, nj\u00eb her\u00eb e p\u00ebrgjithmon\u00eb, n\u00eb nj\u00eb m\u00ebnyr\u00eb ose n\u00eb nj\u00eb tjet\u00ebr, meqen\u00ebse deri m\u00eb tani asnj\u00eb gjykat\u00eb e pavarur dhe e paanshme nuk ishte ftuar t\u00eb shprehte nj\u00eb mendim mbi k\u00ebt\u00eb pyetje. Por, ky opinioni k\u00ebshillues nuk u pranua.<\/p>\n<p>Cili \u00ebsht\u00eb p\u00ebrfundimi? Se ata q\u00eb kan\u00eb ndonj\u00eb dyshim n\u00eb lidhje me k\u00ebt\u00eb \u00e7\u00ebshtje jan\u00eb t\u00eb bindur se cila do t\u00eb jet\u00eb p\u00ebrgjigjja e Gjykat\u00ebs Nd\u00ebrkomb\u00ebtare t\u00eb Drejt\u00ebsis\u00eb.<\/p>\n<p>\u00cbsht\u00eb deklaruar, n\u00eb m\u00ebnyr\u00eb t\u00eb ve\u00e7ant\u00eb nga p\u00ebrfaq\u00ebsuesi i \u00c7ekosllovakis\u00eb, se k\u00ebto ishin vet\u00ebm premtime, q\u00eb nuk mund t\u00eb trajtohen si marr\u00ebveshje nd\u00ebrkomb\u00ebtare, q\u00eb do t\u00eb thot\u00eb se nj\u00eb premtim nuk ka nevoj\u00eb t\u00eb p\u00ebrmbushet nd\u00ebrsa nj\u00eb marr\u00ebveshje nd\u00ebrkomb\u00ebtare \u00ebsht\u00eb e detyrueshme. Sidoqoft\u00eb, p\u00ebrpara se t\u00eb arrihet nj\u00eb marr\u00ebveshje nd\u00ebrkomb\u00ebtare, ve\u00e7an\u00ebrisht n\u00eb mes t\u00eb nj\u00eb situate emergjente si nj\u00eb luft\u00eb bot\u00ebrore, ne duhet t\u00eb vendosim besueshm\u00ebri n\u00eb premtimet tona. N\u00ebse premtimet tona nuk jan\u00eb t\u00eb besueshme, kurr\u00eb nuk do t\u00eb jemi n\u00eb gjendje t\u2019ua k\u00ebrkojm\u00eb edhe t\u00eb tjer\u00ebve p\u00ebrmbushjen e premtimeve.<\/p>\n<p>Ishte th\u00ebn\u00eb at\u00ebher\u00eb: \u201cpor deklarata e Balfour-it \u00ebsht\u00eb gjithashtu nj\u00eb premtim\u201d. E v\u00ebrtet\u00eb, ajo \u00ebsht\u00eb gjithashtu nj\u00eb premtim, por ekziston kjo pik\u00eb: ose ai mund t\u00eb mbetet n\u00eb fuqi n\u00eb p\u00ebrputhje me premtimet e m\u00ebparshme ose nuk \u00ebsht\u00eb n\u00eb p\u00ebrputhje me premtimet e m\u00ebparshme. N\u00ebse kjo deklarat\u00eb nuk \u00ebsht\u00eb n\u00eb p\u00ebrputhje me zotimet e m\u00ebparshme, meqen\u00ebse zotimet e m\u00ebparshme kan\u00eb z\u00ebn\u00eb fush\u00ebn, prandaj rrjedhimisht nuk ka m\u00eb fush\u00eb p\u00ebr t&#8217;u z\u00ebn\u00eb nga nj\u00eb premtim i pa mbajtur; ose ajo \u00ebsht\u00eb n\u00eb p\u00ebrputhje me premtimet e m\u00ebparshme. Me fjal\u00eb t\u00eb tjera, deklarata e Balfour-it n\u00ebnkuptonte krijimin e nj\u00eb strehe komb\u00ebtare hebreje n\u00eb nj\u00eb Palestin\u00eb t\u00eb lir\u00eb dhe t\u00eb pavarur. T\u00eb dyja k\u00ebto zotime mund t\u00eb q\u00ebndrojn\u00eb s\u00eb bashku, prandaj le t\u00eb q\u00ebndrojn\u00eb s\u00eb bashku dhe le t\u00eb plot\u00ebsohen t\u00eb dyja.<\/p>\n<div id=\"attachment_11872\" style=\"width: 778px\" class=\"wp-caption aligncenter\"><img loading=\"lazy\" decoding=\"async\" aria-describedby=\"caption-attachment-11872\" class=\"wp-image-11872 size-full\" src=\"https:\/\/www.ahmadiyya-islam.org\/al\/wp-content\/uploads\/sites\/3\/2021\/06\/Balfour_declaration-768x1011-1.jpg\" alt=\"Nj\u00eb thirrje e fuqishme p\u00ebr mbrojtjen e t\u00eb drejtave t\u00eb palestinez\u00ebve\" width=\"768\" height=\"1011\" srcset=\"https:\/\/www.ahmadiyya-islam.org\/al\/wp-content\/uploads\/sites\/3\/2021\/06\/Balfour_declaration-768x1011-1.jpg 768w, https:\/\/www.ahmadiyya-islam.org\/al\/wp-content\/uploads\/sites\/3\/2021\/06\/Balfour_declaration-768x1011-1-228x300.jpg 228w\" sizes=\"auto, (max-width: 768px) 100vw, 768px\" \/><p id=\"caption-attachment-11872\" class=\"wp-caption-text\">Deklarata e Balfour-it ishte nj\u00eb deklarat\u00eb publike e b\u00ebr\u00eb nga Qeveria Britanike e cila ishte n\u00eb favor t\u00eb vendosjes s\u00eb Palestin\u00ebs si nj\u00eb &#8216;streh\u00eb komb\u00ebtare p\u00ebr popullin hebre&#8217; \u00a9 Wikimedia Commons<\/p><\/div>\n<p>Sa i p\u00ebrket Fuqis\u00eb s\u00eb detyrueshme, nj\u00eb premtim \u00ebsht\u00eb p\u00ebrmbushur: \u00ebsht\u00eb krijuar nj\u00eb shtet p\u00ebr hebrenjt\u00eb. Tani duhet t\u00eb vendoset pavar\u00ebsia e Palestin\u00ebs si nj\u00eb e t\u00ebr\u00eb. P\u00ebrs\u00ebri, \u00ebsht\u00eb argumentuar: &#8220;jo, deklarata e Balfour-it n\u00ebnkuptonte di\u00e7ka m\u00eb shum\u00eb se kaq&#8221;. Shume mire. N\u00ebse ekziston \u00e7\u00ebshtja e ligjshm\u00ebris\u00eb s\u00eb jurisprudenc\u00ebs t\u00eb k\u00ebsaj deklarate, d\u00ebrgojeni at\u00eb n\u00eb Gjykat\u00ebn Nd\u00ebrkomb\u00ebtare t\u00eb Drejt\u00ebsis\u00eb. Edhe N\u00ebn-Komiteti 2 e kishte b\u00ebr\u00eb k\u00ebt\u00eb propozim, por \u00ebsht\u00eb refuzuar.<\/p>\n<p>Shum\u00eb v\u00ebmendje i \u00ebsht\u00eb kushtuar edhe aspektit humanitar t\u00eb k\u00ebsaj pyetjeje, aspekt i cili nuk mund t\u00eb mohohet. Por, nga pik\u00ebpamja humanitare, nuk b\u00ebhet fjal\u00eb vet\u00ebm p\u00ebr refugjat\u00ebt hebrenj dhe njer\u00ebz t\u00eb shp\u00ebrngulur. \u00c7do njeri q\u00eb \u00ebsht\u00eb persekutuar a diskriminuar ose \u00ebsht\u00eb shfryt\u00ebzuar padrejt\u00ebsisht, ka t\u00eb drejt\u00ebn e d\u00ebmshp\u00ebrblimit t\u00eb duhur. Kjo nuk mohohet.<\/p>\n<p>\u00c7far\u00eb ka b\u00ebr\u00eb Palestina? Cili \u00ebsht\u00eb kontributi i saj drejt zgjidhjes s\u00eb \u00e7\u00ebshtjes humanitare pasi kjo ndikon te refugjat\u00ebt hebrenj dhe personat e shp\u00ebrngulur? Q\u00eb nga fundi i Luft\u00ebs s\u00eb Par\u00eb Bot\u00ebrore, Palestina ka marr\u00eb mbi kat\u00ebrqind mij\u00eb emigrant\u00eb hebrenj. Q\u00eb nga fillimi i persekutimit t\u00eb hebrenjve n\u00eb Gjermanin\u00eb naziste, Palestina ka marr\u00eb gati treqind mij\u00eb refugjat\u00eb hebrenj. Kjo nuk p\u00ebrfshin imigrant\u00eb t\u00eb paligjsh\u00ebm t\u00eb cil\u00ebt nuk mund t\u00eb num\u00ebrohen.<\/p>\n<div id=\"attachment_11884\" style=\"width: 810px\" class=\"wp-caption aligncenter\"><img loading=\"lazy\" decoding=\"async\" aria-describedby=\"caption-attachment-11884\" class=\"size-full wp-image-11884\" src=\"https:\/\/www.ahmadiyya-islam.org\/al\/wp-content\/uploads\/sites\/3\/2021\/06\/kombet-e-bashkuara-okb.jpg\" alt=\"kombet e bashkuara asembleja e p\u00ebrgjithshme\" width=\"800\" height=\"496\" srcset=\"https:\/\/www.ahmadiyya-islam.org\/al\/wp-content\/uploads\/sites\/3\/2021\/06\/kombet-e-bashkuara-okb.jpg 800w, https:\/\/www.ahmadiyya-islam.org\/al\/wp-content\/uploads\/sites\/3\/2021\/06\/kombet-e-bashkuara-okb-300x186.jpg 300w, https:\/\/www.ahmadiyya-islam.org\/al\/wp-content\/uploads\/sites\/3\/2021\/06\/kombet-e-bashkuara-okb-768x476.jpg 768w\" sizes=\"auto, (max-width: 800px) 100vw, 800px\" \/><p id=\"caption-attachment-11884\" class=\"wp-caption-text\">Imazhi \u00ebsht\u00eb marr\u00eb nga <a href=\"https:\/\/en.wikipedia.org\/wiki\/File:UN_General_Assembly_hall.jpg\" target=\"_blank\" rel=\"noopener\">Wikimedia Commons<\/a><\/p><\/div>\n<p>Vihet re se ata q\u00eb ligj\u00ebrojn\u00eb p\u00ebr parime humanitare dhe kan\u00eb mund\u00ebsi t\u00eb b\u00ebjn\u00eb m\u00eb shum\u00eb, kan\u00eb b\u00ebr\u00eb minimumin p\u00ebr ta leht\u00ebsuar k\u00ebt\u00eb problem. Megjithat\u00eb, ata jan\u00eb gati \u2013 madje jan\u00eb t\u00eb zellsh\u00ebm \u2013 p\u00ebr t\u00eb qen\u00eb m\u00eb bujar\u00eb n\u00eb kurriz t\u00eb arab\u00ebve.<\/p>\n<p>Ka pasur disa periudha n\u00eb histori kur pjes\u00ebtar\u00ebt e rac\u00ebs hebre nuk jan\u00eb persekutuar n\u00eb pjes\u00eb t\u00eb ndryshme t\u00eb Evrop\u00ebs. N\u00eb nj\u00eb koh\u00eb, kur mbret\u00ebrit dhe baron\u00ebt anglez\u00eb d\u00ebfreheshin e arg\u00ebtoheshin duke shkulur dh\u00ebmb\u00ebt e tregtar\u00ebve dhe bankier\u00ebve hebrenj si nj\u00eb mas\u00eb e but\u00eb p\u00ebr t&#8217;i bindur ata t\u00eb bashk\u00ebpunonin n\u00eb forcimin e ekonomis\u00eb s\u00eb tyre feudale \u2013 nj\u00eb lloj huadh\u00ebnie nj\u00ebkah\u00ebshe mesjetare &#8211; Spanja Arabe u siguroi hebrenjve mbrojtje dhe streh\u00eb t\u00eb sigurt q\u00eb qe nj\u00eb parajs\u00eb p\u00ebr ta.<\/p>\n<p>Sot thuhet: vet\u00ebm hebreu i shkret\u00eb dhe i p\u00ebrndjekur i Europ\u00ebs \u00ebsht\u00eb i pastreh\u00eb. \u00cbsht\u00eb e v\u00ebrtet\u00eb. Por, m\u00eb tej thuhet: at\u00ebher\u00eb le t\u2019i atij siguroj\u00eb Palestina Arabe, nj\u00ebsoj si\u00e7 kishte b\u00ebr\u00eb Spanja Arabe, jo vet\u00ebm nj\u00eb streh\u00eb dhe vendbanim, por edhe nj\u00eb Shtet n\u00eb m\u00ebnyr\u00eb q\u00eb ai t&#8217;i sundojn\u00eb arab\u00ebt. Eh \u00e7far\u00eb bujarie e \u00e7far\u00eb humanizmi qenka kjo!<\/p>\n<p>Komiteti i Posa\u00e7\u00ebm i OKB-s\u00eb p\u00ebr Palestin\u00ebn, si\u00e7 e dim\u00eb, n\u00eb rekomandimin num\u00ebr 7, i cili ishte nj\u00eb nga rekomandimet unanime, k\u00ebrkoi q\u00eb Asambleja e P\u00ebrgjithshme p\u00ebrve\u00e7 problemit t\u00eb Palestin\u00ebs t\u2019i p\u00ebrgjigjet menj\u00ebher\u00eb \u00e7\u00ebshtjes s\u00eb refugjat\u00ebve dhe t\u00eb njer\u00ebzve t\u00eb shpr\u00ebngulur, n\u00eb m\u00ebnyr\u00eb q\u00eb t\u00eb zvog\u00ebloj\u00eb vuajtjen e popullit t\u00eb persekutuar hebre dhe ta leht\u00ebsoj\u00eb k\u00ebt\u00eb problem humanitar si dhe \u00e7\u00ebshtjen palestineze.<\/p>\n<p>Por, \u00e7far\u00eb ka arritur ky trup i shk\u00eblqyesh\u00ebm dhe i nderuar n\u00eb k\u00ebt\u00eb aspekt? N\u00ebn-Komiteti 2 b\u00ebri nj\u00eb rekomandim dhe, bazuar n\u00eb t\u00eb, p\u00ebrpiloi nj\u00eb projekt-rezolut\u00eb (rezoluta II, dokumenti A \/ AC. 14 \/ 32). S\u00eb pari, le t\u00eb riatdhesohen ata refugjat\u00eb hebrenj dhe personat e shp\u00ebrngulur q\u00eb mund t\u00eb rikthehen n\u00eb vendet e tyre. S\u00eb dyti, ata q\u00eb nuk mund t\u00eb riatdhesohen duhet t&#8217;u shp\u00ebrndahen Shteteve An\u00ebtare n\u00eb p\u00ebrputhje me kapacitetin e tyre p\u00ebr t\u00eb pritur refugjat\u00eb t\u00eb till\u00eb. S\u00eb treti, duhet t\u00eb ngrihet nj\u00eb komision p\u00ebr t\u00eb p\u00ebrcaktuar kuotat p\u00ebr k\u00ebt\u00eb q\u00ebllim.<\/p>\n<div id=\"attachment_11869\" style=\"width: 1000px\" class=\"wp-caption aligncenter\"><img loading=\"lazy\" decoding=\"async\" aria-describedby=\"caption-attachment-11869\" class=\"size-full wp-image-11869\" src=\"https:\/\/www.ahmadiyya-islam.org\/al\/wp-content\/uploads\/sites\/3\/2021\/06\/UN7701596_39b_-990x650-1.jpg\" alt=\"Nj\u00eb thirrje e fuqishme p\u00ebr mbrojtjen e t\u00eb drejtave t\u00eb palestinez\u00ebve\" width=\"990\" height=\"650\" srcset=\"https:\/\/www.ahmadiyya-islam.org\/al\/wp-content\/uploads\/sites\/3\/2021\/06\/UN7701596_39b_-990x650-1.jpg 990w, https:\/\/www.ahmadiyya-islam.org\/al\/wp-content\/uploads\/sites\/3\/2021\/06\/UN7701596_39b_-990x650-1-300x197.jpg 300w, https:\/\/www.ahmadiyya-islam.org\/al\/wp-content\/uploads\/sites\/3\/2021\/06\/UN7701596_39b_-990x650-1-768x504.jpg 768w\" sizes=\"auto, (max-width: 990px) 100vw, 990px\" \/><p id=\"caption-attachment-11869\" class=\"wp-caption-text\">Pamje e p\u00ebrgjithshme e takimit t\u00eb 26-t\u00eb t\u00eb Komisionit Ad-Hoc me 57 an\u00ebtar\u00eb p\u00ebr \u00c7\u00ebshtjen Palestineze n\u00eb sesionin e dyt\u00eb t\u00eb Asambles\u00eb s\u00eb P\u00ebrgjithshme t\u00eb OKB-s\u00eb, n\u00eb Lake Success, New York.<br \/>Burim: UN Photos<\/p><\/div>\n<p>Rezoluta \u00ebsht\u00eb paraqitur p\u00ebr shqyrtim se a do t\u00eb riatdhesohen ata n\u00eb vendet e tyre? Australia thot\u00eb jo; Kanadaja thot\u00eb jo; Shtetet e Bashkuara thon\u00eb jo. Nga nj\u00eb k\u00ebndv\u00ebshtrim, ky q\u00ebndrim ishte mjaft inkurajues. Edhe n\u00ebse t\u00eb jen\u00eb t\u00eb gatsh\u00ebm p\u00ebr t\u2019u kthyer n\u00eb vendet e tyre, pas gjith\u00eb p\u00ebrvojave t\u00eb tyre t\u00eb hidhura e t\u00eb tmerrshme, le t\u2019u mos k\u00ebrkohet t\u00eb kthehen n\u00eb vendet e tyre. N\u00eb k\u00ebt\u00eb m\u00ebnyr\u00eb, shpresonim se do t\u00eb miratohej propozimi i dyt\u00eb dhe ne t\u00eb gjith\u00eb t&#8217;u jepnim streh\u00eb k\u00ebtyre njer\u00ebzve.\u00a0A do t\u00eb shp\u00ebrndahen k\u00ebta refugjat\u00eb midis Shteteve An\u00ebtare n\u00eb p\u00ebrputhje me kapacitetin e tyre p\u00ebr t&#8217;i strehuar ata? Australia, nj\u00eb vend i vog\u00ebl i mbipopulluar me zona t\u00eb mbingarkuara, thot\u00eb jo, jo, jo. \u00a0Kanadaja \u00ebsht\u00eb gjithashtu po aq e mbingarkuar dhe e mbipopulluar, thot\u00eb jo. Shtetet e Bashkuara, nj\u00eb vend i madh humanitar, por me nj\u00eb sip\u00ebrfaqe t\u00eb vog\u00ebl dhe me burime t\u00eb kufizuara, thot\u00eb gjithashtu jo. Ky \u00ebsht\u00eb kontributi i tyre ndaj parimit humanitar. Por ata gjithashtu deklarojn\u00eb: le t\u00eb shkojn\u00eb k\u00ebta njer\u00ebz n\u00eb Palestin\u00eb, q\u00eb ka sip\u00ebrfaqe t\u00eb shum\u00eb m\u00ebdha, nj\u00eb ekonomi t\u00eb madhe dhe q\u00eb nuk ka asnj\u00eb telashe. Ata mund t\u00eb pranohen leht\u00ebsisht atje.<\/p>\n<p>Ky \u00ebsht\u00eb kontributi i dh\u00ebn\u00eb nga ky komision i nderuar p\u00ebr zgjidhjen e k\u00ebsaj \u00e7\u00ebshtje n\u00eb baz\u00eb t\u00eb parimit humanitar.<\/p>\n<p>Cili \u00ebsht\u00eb pozicioni sot, p\u00ebrve\u00e7 k\u00ebtyre konsideratave t\u00eb tjera? Sapo t\u00eb p\u00ebrcaktohet Mandati, kjo \u00ebsht\u00eb situata q\u00eb do t\u00eb paraqitet. Un\u00eb ju t\u00ebrheq v\u00ebmendjen n\u00eb paragrafin 4 t\u00eb Nenit 22 t\u00eb Konvent\u00ebs s\u00eb Lidhjes s\u00eb Kombeve, sipas s\u00eb cil\u00ebs \u00ebsht\u00eb dh\u00ebn\u00eb Mandati. Citoj:<\/p>\n<p>\u201cDisa komunitete t\u00eb cilat n\u00eb t\u00eb kaluar\u00ebn b\u00ebnin pjes\u00eb n\u00eb Perandorin\u00eb Turke kan\u00eb arritur nj\u00eb faz\u00eb zhvillimi, ku ekzistenca e tyre si shtete t\u00eb pavarura mund t\u00eb njihet provizorisht, duke iu n\u00ebnshtruar zbatimit t\u00eb k\u00ebshillave dhe ndihm\u00ebs administrative sipas nj\u00eb mandati, i cili mbetet n\u00eb fuqi, derisa ato arrijn\u00eb faz\u00ebn e m\u00ebvet\u00ebsis\u00eb\u201d.<\/p>\n<p>Ky \u00ebsht\u00eb paragrafi q\u00eb i referohet Palestin\u00ebs.<\/p>\n<p>Fuqia e mandatuar shprehet se ajo vet\u00eb do t\u00eb p\u00ebrcaktoj\u00eb koh\u00ebn e Mandatit. Komiteti Special i OKB-s\u00eb p\u00ebr Palestin\u00ebn thot\u00eb se Mandati duhet t\u00eb p\u00ebrcaktohet. T\u00eb gjith\u00eb pajtohen se n\u00eb nj\u00eb ose n\u00eb m\u00ebnyr\u00eb tjet\u00ebr Palestina duhet t\u00eb jet\u00eb e pavarur.<\/p>\n<div id=\"attachment_11874\" style=\"width: 721px\" class=\"wp-caption aligncenter\"><img loading=\"lazy\" decoding=\"async\" aria-describedby=\"caption-attachment-11874\" class=\"size-full wp-image-11874\" src=\"https:\/\/www.ahmadiyya-islam.org\/al\/wp-content\/uploads\/sites\/3\/2021\/06\/Sir-Zafrullah-Khan-UN-Assembly-2-711x1024-1.jpg\" alt=\"Nj\u00eb thirrje e fuqishme p\u00ebr mbrojtjen e t\u00eb drejtave t\u00eb palestinez\u00ebve\" width=\"711\" height=\"1024\" srcset=\"https:\/\/www.ahmadiyya-islam.org\/al\/wp-content\/uploads\/sites\/3\/2021\/06\/Sir-Zafrullah-Khan-UN-Assembly-2-711x1024-1.jpg 711w, https:\/\/www.ahmadiyya-islam.org\/al\/wp-content\/uploads\/sites\/3\/2021\/06\/Sir-Zafrullah-Khan-UN-Assembly-2-711x1024-1-208x300.jpg 208w\" sizes=\"auto, (max-width: 711px) 100vw, 711px\" \/><p id=\"caption-attachment-11874\" class=\"wp-caption-text\">Duke biseduar (nga e majta n\u00eb t\u00eb djatht\u00eb): Z. Nathan Barnes (Liberi); dr. Tesfaye Gebre-Egzy (Etiopi); Z. Leo Malania i Zyr\u00ebs Ekzekutive t\u00eb Sekretarit t\u00eb P\u00ebrgjithsh\u00ebm; dhe Z. Muhammad Zafrulla Khan (Pakistan), President i Asambles\u00eb s\u00eb P\u00ebrgjithshme.<br \/>Burim: UN Photos<\/p><\/div>\n<p>Faza e dh\u00ebnies s\u00eb k\u00ebshill\u00ebs dhe t\u00eb ndihm\u00ebs administrative q\u00eb ka p\u00ebrfunduar, dhe sipas statusit ligjor, Palestina, pavar\u00ebsia provizore e s\u00eb cil\u00ebs \u00ebsht\u00eb njohur juridikisht, do t\u00eb jet\u00eb e pavarur nga ajo dat\u00eb. Ky \u00ebsht\u00eb problemi me t\u00eb cilin duhet t\u00eb merret OKB-ja.<\/p>\n<p>Si do t\u00eb arrij\u00eb Palestina pavar\u00ebsin\u00eb e saj? \u00c7far\u00eb lloj pavar\u00ebsie do jet\u00eb kjo? Cila \u00ebsht\u00eb zgjidhja, p\u00ebr t\u00eb cil\u00ebn jemi ftuar ta mb\u00ebshtesim dhe t\u00eb p\u00ebrpiqemi ta zbatojm\u00eb? N\u00eb fakt, propozimi p\u00ebrpara Asambles\u00eb s\u00eb P\u00ebrgjithshme t\u00eb OKB-s\u00eb thot\u00eb q\u00eb ne, e jo populli i Palestin\u00ebs, do t\u00eb vendosim se \u00e7far\u00eb lloji pavar\u00ebsie do t\u00eb ket\u00eb Palestina, pa asnj\u00eb dispozit\u00eb p\u00ebr vet\u00ebvendosje dhe pa asnj\u00eb dispozit\u00eb p\u00ebr p\u00eblqimin e atyre q\u00eb do t\u00eb qeverisen. Ne do ta quajm\u00eb Palestin\u00ebn t\u00eb pavarur dhe sovrane, por Palestina do t\u00eb na p\u00ebrkas\u00eb neve dhe nuk duhet t\u00eb jet\u00eb molla p\u00ebr syt\u00eb e shumt\u00eb q\u00eb e shohin me lakmi nga kahje t\u00eb ndryshme, me drejtim t\u00eb ndrysh\u00ebm, e aq m\u00eb tep\u00ebr t\u00eb b\u00ebhet molla e sherrit midis Lindjes dhe Per\u00ebndimit, me q\u00ebllim q\u00eb \u201cbashkimi\u201d, t\u00eb cilin e reklamon emri yn\u00eb me aq lakmi, t\u00eb ket\u00eb nj\u00eb mund\u00ebsi p\u00ebr t\u2019u rr\u00ebnjosur.<\/p>\n<p>Ne s\u00eb pari do ta cop\u00ebtojm\u00eb trupin e Palestin\u00ebs n\u00eb tri pjes\u00eb p\u00ebr nj\u00eb Shtet Hebre dhe tri pjes\u00eb p\u00ebr nj\u00eb Shtet Arab.\u00a0At\u00ebher\u00eb do t\u00eb kemi enklav\u00ebn Xhafa (Jaffa); dhe zemr\u00ebn e Palestin\u00ebs, Jeruzalemin, i cili do t\u00eb mbetet p\u00ebrgjithmon\u00eb nj\u00eb qytet nd\u00ebrkomb\u00ebtar. Ky \u00ebsht\u00eb fillimi i asaj forme q\u00eb do t\u00eb ket\u00eb Palestina.<\/p>\n<p>Pasi ta kemi cop\u00ebtuar Palestin\u00ebn n\u00eb k\u00ebt\u00eb m\u00ebnyr\u00eb, do ta vendosim trupin e saj t\u00eb p\u00ebrgjakur mbi nj\u00eb kryq. Kjo nuk do t\u00eb jet\u00eb e p\u00ebrkohshme; por do t\u00eb jet\u00eb p\u00ebrgjithmon\u00eb. Palestina kurr\u00eb nuk do t&#8217;i p\u00ebrkas\u00eb popullit t\u00eb saj; por do t\u00eb mb\u00ebrthehet n\u00eb kryq p\u00ebr gjithmon\u00eb.<\/p>\n<p>\u00c7far\u00eb t\u00eb drejt\u00eb ka Organizata e Kombeve t\u00eb Bashkuara p\u00ebr ta b\u00ebr\u00eb k\u00ebt\u00eb? Cilin autoritet ligjor dhe cil\u00ebn t\u00eb drejt\u00eb juridike ka ajo p\u00ebr ta b\u00ebr\u00eb k\u00ebt\u00eb, p\u00ebr t\u2019ia n\u00ebnshtruar nj\u00eb shtet t\u00eb pavarur p\u00ebrgjithmon\u00eb administrat\u00ebs s\u00eb OKB-s\u00eb.<\/p>\n<div id=\"attachment_11882\" style=\"width: 1010px\" class=\"wp-caption aligncenter\"><img loading=\"lazy\" decoding=\"async\" aria-describedby=\"caption-attachment-11882\" class=\"size-full wp-image-11882\" src=\"https:\/\/www.ahmadiyya-islam.org\/al\/wp-content\/uploads\/sites\/3\/2021\/06\/pexels-haley-black-2087322-1000-678.jpg\" alt=\"Nj\u00eb thirrje e fuqishme p\u00ebr mbrojtjen e t\u00eb drejtave t\u00eb palestinez\u00ebve\" width=\"1000\" height=\"667\" srcset=\"https:\/\/www.ahmadiyya-islam.org\/al\/wp-content\/uploads\/sites\/3\/2021\/06\/pexels-haley-black-2087322-1000-678.jpg 1000w, https:\/\/www.ahmadiyya-islam.org\/al\/wp-content\/uploads\/sites\/3\/2021\/06\/pexels-haley-black-2087322-1000-678-300x200.jpg 300w, https:\/\/www.ahmadiyya-islam.org\/al\/wp-content\/uploads\/sites\/3\/2021\/06\/pexels-haley-black-2087322-1000-678-768x512.jpg 768w\" sizes=\"auto, (max-width: 1000px) 100vw, 1000px\" \/><p id=\"caption-attachment-11882\" class=\"wp-caption-text\">Foto von Haley Black von Pexels<\/p><\/div>\n<p>P\u00ebrfaq\u00ebsuesi i Shteteve t\u00eb Bashkuara \u00ebsht\u00eb shprehur q\u00eb problemi \u00ebsht\u00eb i paprecedent, q\u00eb do t\u00eb thot\u00eb se nuk ishte vizualizuar dhe p\u00ebr k\u00ebt\u00eb arsye nuk \u00ebsht\u00eb parashikuar n\u00eb statusin ton\u00eb. Megjithat\u00eb, ai mendon se n\u00ebse 38 shtete pranojn\u00eb planin e ndarjes, kjo do t\u00eb mjaftoj\u00eb si ligj. Cila \u00ebsht\u00eb r\u00ebnd\u00ebsia e k\u00ebsaj v\u00ebrejtje t\u00eb b\u00ebr\u00eb nga p\u00ebrfaq\u00ebsuesi i Shteteve t\u00eb Bashkuara n\u00eb Komitet dhe m\u00eb pas n\u00eb shtyp? A nuk \u00ebsht\u00eb ky nj\u00eb pohim q\u00eb k\u00ebtij plani i mungon autoriteti ligjor, juridik dhe kushtetues dhe se ju jeni thirrur jo vet\u00ebm ta pranoni k\u00ebt\u00eb skem\u00eb si t\u00eb till\u00eb, por me vot\u00ebn tuaj gjithashtu t\u2019i jepni asaj autoritetin juridik q\u00eb i mungon? Me fjal\u00eb t\u00eb tjera, ju n\u00eb fakt jeni ftuar t\u00eb ndryshoni statusin me vot\u00ebn tuaj dhe t\u00eb shkruani n\u00eb t\u00eb kapitullin m\u00eb t\u00eb ri dhe m\u00eb t\u00eb diskutuesh\u00ebm. A do ta merrni p\u00ebrsip\u00ebr k\u00ebt\u00eb p\u00ebrgjegj\u00ebsin\u00eb? N\u00eb cil\u00ebn pjes\u00eb s\u00eb statusit, \u00ebsht\u00eb parashikuar ky autoritet p\u00ebr ta b\u00ebr\u00eb at\u00eb q\u00eb jeni ftuar t\u00eb b\u00ebni? A ka Asambleja e P\u00ebrgjithshme autoritet p\u00ebr ta b\u00ebr\u00eb k\u00ebt\u00eb? A ka K\u00ebshilli i Sigurimit autoritetin p\u00ebr ta b\u00ebr\u00eb k\u00ebt\u00eb? Apo t\u00eb dyja k\u00ebto institucione t\u00eb vepruara s\u00eb bashku, a kan\u00eb autoritet p\u00ebr ta b\u00ebr\u00eb k\u00ebt\u00eb?<\/p>\n<p>P\u00ebr \u00e7far\u00eb jeni ftuar? Ju jeni ftuar s\u00eb pari p\u00ebr t\u00eb krijuar nj\u00eb komision q\u00eb t\u00eb ushtroj\u00eb autoritetin sovran mbi dy shtete t\u00eb pavarura. Ju jeni ftuar t\u00eb krijoni k\u00ebto shtete dhe t\u00eb ushtroni autoritet mbi to gjat\u00eb periudh\u00ebs tranzitore \u2013 duke drejtuar t\u00eb gjitha funksionet e qeveris\u00eb: legjislativ, ekzekutiv dhe administrativ. Kujt i p\u00ebrket sovraniteti i p\u00ebrhersh\u00ebm i k\u00ebtyre dy shteteve? A u p\u00ebrket qytetar\u00ebve t\u00eb k\u00ebtyre dy shteteve? N\u00eb asnj\u00eb m\u00ebnyr\u00eb. Sovraniteti i p\u00ebrhersh\u00ebm do t\u00eb jet\u00eb n\u00eb duart e nj\u00eb bordi t\u00eb p\u00ebrbashk\u00ebt ekonomik. A duhet t\u00eb jet\u00eb ai bord nj\u00eb lidhje midis dy shteteve n\u00eb kuptimin q\u00eb nuk do t\u00eb merret parasysh interesi i askujt tjet\u00ebr? P\u00ebrgjigja \u00ebsht\u00eb p\u00ebrs\u00ebri, jo. Ky bord do t\u00eb jet\u00eb nj\u00eb k\u00ebshill q\u00eb do t\u00eb p\u00ebrb\u00ebhet nga n\u00ebnt\u00eb an\u00ebtar\u00eb, q\u00eb do t\u00eb drejtojn\u00eb administrimin e Palestin\u00ebs: 3 an\u00ebtar\u00eb nga Shteti Arab, 3 nga Shteti Hebre dhe 3 nga OKB-ja. N\u00eb \u00e7far\u00ebdo situate, ata do t\u00eb drejtojn\u00eb doganat, financ\u00ebn, hekurudhat, fluturimet nd\u00ebrkomb\u00ebtare, zhvillimin e burimeve ujore dhe energjis\u00eb ujore, zhvillimin e bujq\u00ebsis\u00eb etj. Dihet q\u00eb pa arritur k\u00ebto, asnj\u00eb shtet nuk do t\u00eb jet\u00eb funksional; dometh\u00ebn\u00eb, asnj\u00eb shtet nuk do t\u00eb jet\u00eb n\u00eb gjendje t\u00eb ofroj\u00eb sh\u00ebrbimet e tij administrative e shoq\u00ebrore ose t\u00eb siguroj\u00eb integritetin tok\u00ebsor. Madje nj\u00eb shtet i till\u00eb nuk do t\u00eb b\u00ebj\u00eb asnj\u00eb lloj p\u00ebrparimi. Kush e g\u00ebzon n\u00eb t\u00eb v\u00ebrtet\u00eb sovranitetin? K\u00ebt\u00eb e g\u00ebzon Bordi i P\u00ebrbashk\u00ebt Ekonomik, i cili p\u00ebrb\u00ebhet nga 3 an\u00ebtar\u00eb arab\u00eb, 3 an\u00ebtar\u00eb hebrenj dhe 3 p\u00ebrfaq\u00ebsues t\u00eb OKB-s\u00eb. OKB-ja do t\u00eb g\u00ebzoj\u00eb p\u00ebrgjithmon\u00eb sovranitetin e plot\u00eb n\u00eb Palestin\u00eb. Po nga e ka marr\u00eb (OKB-ja) autoritetin p\u00ebr ta b\u00ebr\u00eb k\u00ebt\u00eb?<\/p>\n<p>Madje, p\u00ebr sa i p\u00ebrket Jeruzalemit, do t\u00eb jet\u00eb nj\u00eb qytet nd\u00ebrkomb\u00ebtar, i cili do t\u00eb administrohet nd\u00ebrkomb\u00ebtarisht \u2013 edhe kjo \u2013 p\u00ebrgjithmon\u00eb. Raporti i n\u00ebn-Komitetit 1 p\u00ebrmbante nj\u00eb dispozit\u00eb, sipas s\u00eb cil\u00ebs, pas dhjet\u00eb vjet\u00ebsh ky sistem mund t\u00eb rishqyrtohet. Pra, n\u00ebse 2\/3 e banor\u00ebve t\u00eb Jeruzalemit do t\u00eb shprehnin nj\u00eb pik\u00ebpamje, qoft\u00eb pro apo kund\u00ebr, kjo pik\u00ebpamje gjithashtu do t\u00eb merret n\u00eb konsiderat\u00eb. Por kjo dispozit\u00eb \u00ebsht\u00eb zhdukur gjat\u00eb ndryshimeve. U shpreh se ne duhet ta b\u00ebjm\u00eb Jeruzalemin nj\u00eb qytet nd\u00ebrkomb\u00ebtar p\u00ebrgjithmon\u00eb, p\u00ebr t&#8217;u administruar nga nj\u00eb guvernator i cili do t\u00eb em\u00ebrohet nga OKB-ja.<\/p>\n<div id=\"attachment_11867\" style=\"width: 1000px\" class=\"wp-caption aligncenter\"><img loading=\"lazy\" decoding=\"async\" aria-describedby=\"caption-attachment-11867\" class=\"size-full wp-image-11867\" src=\"https:\/\/www.ahmadiyya-islam.org\/al\/wp-content\/uploads\/sites\/3\/2021\/06\/Sir-Zafrulla-Khan-UN-Arabs-990x691-1.jpg\" alt=\"Nj\u00eb thirrje e fuqishme p\u00ebr mbrojtjen e t\u00eb drejtave t\u00eb palestinez\u00ebve\" width=\"990\" height=\"691\" srcset=\"https:\/\/www.ahmadiyya-islam.org\/al\/wp-content\/uploads\/sites\/3\/2021\/06\/Sir-Zafrulla-Khan-UN-Arabs-990x691-1.jpg 990w, https:\/\/www.ahmadiyya-islam.org\/al\/wp-content\/uploads\/sites\/3\/2021\/06\/Sir-Zafrulla-Khan-UN-Arabs-990x691-1-300x209.jpg 300w, https:\/\/www.ahmadiyya-islam.org\/al\/wp-content\/uploads\/sites\/3\/2021\/06\/Sir-Zafrulla-Khan-UN-Arabs-990x691-1-768x536.jpg 768w\" sizes=\"auto, (max-width: 990px) 100vw, 990px\" \/><p id=\"caption-attachment-11867\" class=\"wp-caption-text\">P\u00ebrfaq\u00ebsuesit e Pakistanit dhe Jemenit n\u00ebnshkruajn\u00eb &#8220;Instrumentin e Zbatimit&#8221; n\u00eb statusin e OKB-s\u00eb, gjat\u00eb ceremonis\u00eb s\u00eb pranimit n\u00eb an\u00ebtar\u00ebsim. Ulur n\u00eb tryez\u00eb n\u00eb zyr\u00ebn e Z. Lie jan\u00eb, nga e majta: Trygve Lie, Sekretari i P\u00ebrgjithsh\u00ebm i OKB-s\u00eb; Sir Mohammad Zafarullah Khan i Pakistanit; dr. Hanna Saba, Drejtor i Divizionit t\u00eb Traktateve, Departamenti Ligjor i OKB-s\u00eb dhe Princi Sejf el-Islam Abdullah i Jemenit.<br \/>Burim: UN Photos<\/p><\/div>\n<p>A ka ndonj\u00eb pretendim q\u00eb Jeruzalemi n\u00eb t\u00eb v\u00ebrtet\u00eb do t\u00eb jet\u00eb nj\u00eb qytet i pavarur? Jo. Ku q\u00ebndron autoriteti p\u00ebr t\u00eb? P\u00ebr sa i p\u00ebrket Asambles\u00eb s\u00eb P\u00ebrgjithshme, ajo \u00ebsht\u00eb p\u00ebrmendur n\u00eb Nenet 11 dhe 14 t\u00eb Traktatit. Neni 11 pohon q\u00eb Asambleja e P\u00ebrgjithshme mund t\u00eb diskutoj\u00eb dhe t\u00eb b\u00ebj\u00eb rekomandime. Neni 14 thot\u00eb q\u00eb Asambleja e P\u00ebrgjithshme mund t\u00eb nd\u00ebrmarr\u00eb hapa p\u00ebr zgjidhjen paq\u00ebsore t\u00eb mosmarr\u00ebveshjeve midis Shteteve An\u00ebtare.<\/p>\n<p>Ku \u00ebsht\u00eb parashikuar autoriteti i Asambles\u00eb s\u00eb P\u00ebrgjithshme p\u00ebr ta b\u00ebr\u00eb at\u00eb, p\u00ebr t\u00eb cil\u00ebn ajo \u00ebsht\u00eb ftuar sot? P\u00ebr sa i p\u00ebrket K\u00ebshillit t\u00eb Sigurimit, jan\u00eb referuar Nenet 34, 39 dhe 41 t\u00eb Traktatit. P\u00ebr m\u00eb tep\u00ebr, si rezultat i asaj q\u00eb \u00ebsht\u00eb cil\u00ebsuar si Amandamenti Danez (dokumenti A\/AC.14\/43 \/ Rev. l) Nenet 39 dhe 41 tani jan\u00eb p\u00ebrfshir\u00eb n\u00eb rezolut\u00ebn p\u00ebrfundimtare. Por a do t\u00eb aplikohen ato? N\u00eb parath\u00ebnien e rezolut\u00ebs q\u00eb gjendet n\u00eb dokumentin A\/516, thuhet se n\u00ebse situata e k\u00ebrkon, K\u00ebshilli i Sigurimit, duke marr\u00eb masa sipas Neneve 39 dhe 41 t\u00eb Traktatit, do t\u00eb autorizoj\u00eb Komisionin e OKB-s\u00eb ta b\u00ebj\u00eb at\u00eb q\u00eb Komisionit i \u00ebsht\u00eb k\u00ebrkuar n\u00eb k\u00ebt\u00eb skem\u00eb. Un\u00eb nuk arrij t\u00eb kuptoj plot\u00ebsisht p\u00ebrmbajtjen e deklarat\u00ebs, se marrja e masave sipas Neneve 39 dhe 41, do t\u00eb autorizoj\u00eb Komisionin e OKB-s\u00eb p\u00ebr ta b\u00ebr\u00eb at\u00eb q\u00eb Komisioni \u00ebsht\u00eb autorizuar t\u00eb b\u00ebj\u00eb. Ku hyjn\u00eb Nenet 39 dhe 41, pasi ato zbatohen nd\u00ebrmjet Shteteve An\u00ebtare?<\/p>\n<p>Por problemi \u00ebsht\u00eb ky. S\u00eb pari, ku \u00ebsht\u00eb parashikuar autoriteti p\u00ebr OKB-n\u00eb q\u00eb ajo t\u00eb sundoj\u00eb shtetet sovrane? S\u00eb dyti, An\u00ebtar\u00ebt e Asambles\u00eb jan\u00eb t\u00eb vet\u00ebdijsh\u00ebm se arab\u00ebt e Palestin\u00ebs nuk do t\u00eb bashk\u00ebpunojn\u00eb n\u00eb ngritjen e nj\u00eb shteti arab. Un\u00eb nuk po flas p\u00ebr gjakderdhje apo p\u00ebr dhun\u00eb. Ata thjesht nuk do t\u00eb bashk\u00ebpunojn\u00eb. At\u00ebher\u00eb, si do t\u00eb krijoj\u00eb Asambleja e P\u00ebrgjithshme nj\u00eb shtet arab? Si do t\u00eb realizohen sh\u00ebrbimet administrative n\u00eb k\u00ebt\u00eb shtet arab? Si do t\u00eb siguroj\u00eb ajo integritetin tok\u00ebsor dhe mbrojtjen e kufijve t\u00eb k\u00ebtij shteti arab? Si do t\u00eb ekzekutoj\u00eb t\u00eb gjitha funksionet e shumta q\u00eb duhet t\u00eb kryej\u00eb nj\u00eb qeveri n\u00eb pushtet? Ku e ka parashikuar Asambleja e P\u00ebrgjithshme autoritetin p\u00ebr ta b\u00ebr\u00eb k\u00ebt\u00eb? K\u00ebto pyetje jan\u00eb ngritur n\u00eb m\u00ebnyr\u00eb t\u00eb p\u00ebrs\u00ebritur, por ato nuk kan\u00eb gjetur p\u00ebrgjigje. E vetmja gj\u00eb q\u00eb ka t\u00ebrhequr v\u00ebmendje, \u00ebsht\u00eb se si do t\u00eb veprohet n\u00ebse shtetet fqinje arabe do t\u00eb krijojn\u00eb ndonj\u00eb shqet\u00ebsim.<\/p>\n<p>Ky nuk \u00ebsht\u00eb problemi p\u00ebr t\u00eb cilin jam i shqet\u00ebsuar. Un\u00eb shpresoj- madje, jam i bindur &#8211; q\u00eb shtetet arabe, t\u00eb cilat b\u00ebjn\u00eb pjes\u00eb n\u00eb k\u00ebt\u00eb Organizat\u00eb, nuk do t\u00eb b\u00ebjn\u00eb asnj\u00eb p\u00ebrpjekje t\u00eb till\u00eb q\u00eb u kund\u00ebrvihet obligimeve t\u00eb Traktatit q\u00eb ne kemi marr\u00eb p\u00ebrsip\u00ebr si an\u00ebtar\u00eb t\u00eb k\u00ebsaj Organizate. Por si do t\u00eb krijoj\u00eb Asambleja e P\u00ebrgjithshme nj\u00eb shtet arab n\u00ebse populli thot\u00eb: jo, ne nuk do t\u00eb bashk\u00ebpunojm\u00eb? Si do t\u00eb marrin sh\u00ebrbimet? Kush do t\u00eb mbaj\u00eb rendin publik? K\u00ebto shqet\u00ebsime ishin v\u00ebn\u00eb n\u00eb dukje, por ku jan\u00eb p\u00ebrgjigjur ato?<\/p>\n<p>N\u00ebse p\u00ebrdorimi i forc\u00ebs b\u00ebhet i domosdosh\u00ebm p\u00ebr q\u00ebllimin e ngritjes s\u00eb Shtetit Arab, nga do t\u00eb buroj\u00eb ajo? Kush do t\u00eb kontribuoj\u00eb n\u00eb t\u00eb? Kush do ta siguroj\u00eb at\u00eb? Nga do t\u00eb ngrihet struktura administrative? Nga do t\u00eb burojn\u00eb financat? Kjo situat\u00eb do t\u00eb vazhdoj\u00eb si nj\u00eb plag\u00eb e pezmatuar e cila do t\u00eb katranos\u00eb pun\u00ebn e trupit nd\u00ebrkomb\u00ebtar. Forcat dhe financat mund t\u00eb k\u00ebrkohen n\u00eb p\u00ebrmasa gjithnj\u00eb n\u00eb rritje, si\u00e7 e v\u00ebrteton edhe p\u00ebrvoja e deritanishme e sistemit t\u00eb mandateve. Ja p\u00ebrse Mbret\u00ebria e Bashkuar nuk i p\u00ebrmbahet \u00e7\u00ebshtjes s\u00eb Mandatit mbi Palestin\u00ebn.<\/p>\n<div id=\"attachment_11866\" style=\"width: 1000px\" class=\"wp-caption aligncenter\"><img loading=\"lazy\" decoding=\"async\" aria-describedby=\"caption-attachment-11866\" class=\"size-full wp-image-11866\" src=\"https:\/\/www.ahmadiyya-islam.org\/al\/wp-content\/uploads\/sites\/3\/2021\/06\/Sir-Zafrulla-Khan-UN-Arabs-2-990x737-1.jpg\" alt=\"Nj\u00eb thirrje e fuqishme p\u00ebr mbrojtjen e t\u00eb drejtave t\u00eb palestinez\u00ebve\" width=\"990\" height=\"737\" srcset=\"https:\/\/www.ahmadiyya-islam.org\/al\/wp-content\/uploads\/sites\/3\/2021\/06\/Sir-Zafrulla-Khan-UN-Arabs-2-990x737-1.jpg 990w, https:\/\/www.ahmadiyya-islam.org\/al\/wp-content\/uploads\/sites\/3\/2021\/06\/Sir-Zafrulla-Khan-UN-Arabs-2-990x737-1-300x223.jpg 300w, https:\/\/www.ahmadiyya-islam.org\/al\/wp-content\/uploads\/sites\/3\/2021\/06\/Sir-Zafrulla-Khan-UN-Arabs-2-990x737-1-768x572.jpg 768w\" sizes=\"auto, (max-width: 990px) 100vw, 990px\" \/><p id=\"caption-attachment-11866\" class=\"wp-caption-text\">Sir M. Zafrullah Khan (n\u00eb t\u00eb djatht\u00eb, nga Pakistani) flet me Amir Fejsel al Saud, (n\u00eb qend\u00ebr) dhe Sheik Asad al Faqih, nga Arabia Saudite, n\u00eb sall\u00ebn e konferencave p\u00ebrpara takimit t\u00eb 30-t\u00eb t\u00eb Komitetit Ad Hoc p\u00ebr \u00c7\u00ebshtjen Palestineze t\u00eb Sesionit t\u00eb Dyt\u00eb t\u00eb asambles\u00eb s\u00eb P\u00ebrgjithshme t\u00eb OKB-s\u00eb.<br \/>Burimi: UN Photos<\/p><\/div>\n<p>N\u00eb lidhje me pyetjen mbi autoritetin ligjor a juridik t\u00eb OKB-s\u00eb p\u00ebr t\u00eb gjitha \u00e7\u00ebshtjet ishte shprehur q\u00eb kjo pyetje duhet t&#8217;i referohej Gjykat\u00ebs Nd\u00ebrkomb\u00ebtare t\u00eb Drejt\u00ebsis\u00eb. A e autorizon Traktati OKB-n\u00eb p\u00ebr t\u00eb p\u00ebrmbushur k\u00ebto q\u00ebllime q\u00eb jan\u00eb propozuar? Kjo \u00e7\u00ebshtje ishte hedhur n\u00eb votim n\u00eb Komitetin Ad Hoc dhe referimi n\u00eb Gjykat\u00ebn Nd\u00ebrkomb\u00ebtare u refuzua me 20 vota pro dhe 21 kund\u00ebr. Vet\u00ebm 21 an\u00ebtar\u00eb u shpreh\u00ebn formalisht se ishin \u201ct\u00eb k\u00ebnaqur\u201d ose pretenduan t\u00eb ishin t\u00eb k\u00ebnaqur q\u00eb disi, diku, duhet t\u00eb ket\u00eb autoritet p\u00ebr t\u00eb p\u00ebrmbushur detyrat q\u00eb i jan\u00eb propozuar. Vet\u00ebm 21, madje nj\u00eb shumic\u00eb e madhe e k\u00ebtyre an\u00ebtar\u00ebve votuan, jo sepse ishin v\u00ebrtet t\u00eb k\u00ebnaqur me \u00e7\u00ebshtjen ligjore, por sepse ishin prir\u00eb p\u00ebr t\u00eb mb\u00ebshtetur \u00e7far\u00ebdo plani p\u00ebr Palestin\u00ebn para se t\u00eb nd\u00ebrpritet Asambleja e P\u00ebrgjithshme, edhe pse t\u2019i b\u00ebhet nj\u00eb trajtim i p\u00ebrcipt\u00eb.<\/p>\n<p>Le t\u00eb kalojm\u00eb te problemet praktike. Cila do t\u00eb jet\u00eb situata n\u00eb lidhje me mund\u00ebsin\u00eb e ekzistenc\u00ebs s\u00eb dy shteteve? Merrni rastin e shtetit arab. Vet\u00eb Komiteti i Posa\u00e7\u00ebm i OKB-s\u00eb p\u00ebr Palestin\u00ebn ka pranuar se nuk mund t\u00eb realizohet nj\u00eb shtet arab, dhe rrjedhimisht ka parashikuar ngritjen e nj\u00eb bordi t\u00eb p\u00ebrbashk\u00ebt ekonomik. Un\u00eb i kam t\u00ebrhequr v\u00ebmendjen Komitetit Ad Hoc drejt deklarat\u00ebs s\u00eb nj\u00eb hebreu t\u00eb shquar, nj\u00eb intelektual t\u00eb madh dhe shum\u00eb t\u00eb respektuar, dr. Judah Magnes, i cili \u00ebsht\u00eb President i Universitetit Hebraik, p\u00ebr t\u00eb cilin un\u00eb personalisht kam admirimin dhe respektin m\u00eb t\u00eb madh, dhe i cili ka th\u00ebn\u00eb: \u201cBashkimi juaj ekonomik pa pasur bashkimin politik \u00ebsht\u00eb nj\u00eb d\u00ebshtim q\u00eb n\u00eb hapin e par\u00eb dhe q\u00eb nuk do t\u00eb funksionoj\u00eb kurr\u00eb\u201d. Ai shton \u201c\u00c7far\u00eb shprese mund t\u00eb sjell\u00eb nj\u00eb bashkim ekonomik kur nuk \u00ebsht\u00eb arritur bashkimi politik!\u201d N\u00ebse arab\u00ebt nuk do t\u00eb bashk\u00ebpunojn\u00eb, si\u00e7 kan\u00eb shprehur ata, as shteti hebre nuk do t\u00eb jet\u00eb funksional. Ai do t\u00eb q\u00ebndroj\u00eb gjithmon\u00eb n\u00eb nj\u00eb gjendje t\u00eb tendosur financiare si dhe ekonomike, e cila do t\u00eb shtrihet edhe n\u00eb fush\u00ebn e personelit. Si do ta b\u00ebni k\u00ebt\u00eb plan t\u00eb zbatuesh\u00ebm? S\u00ebrish, kush do t\u00eb siguroj\u00eb dhe do t\u00eb vazhdoj\u00eb t\u00eb siguroj\u00eb financat?<\/p>\n<p>Le t\u00eb analizojm\u00eb k\u00ebt\u00eb zgjidhje n\u00eb k\u00ebndv\u00ebshtrimin e drejt\u00ebsis\u00eb, pasi t\u00eb gjith\u00eb kan\u00eb shprehur besimin se kjo \u00ebsht\u00eb nj\u00eb zgjidhje e drejt\u00eb q\u00eb do t\u00eb funksionoj\u00eb n\u00ebse shtetet arabe bashk\u00ebpunojn\u00eb dhe n\u00ebse populli palestinez, hebrenjt\u00eb si dhe arab\u00ebt, gjithashtu punojm\u00eb me nj\u00eb frym\u00eb bashk\u00ebpunimi.<\/p>\n<p>Le t\u00eb shqyrtojm\u00eb tri konsiderata n\u00eb baz\u00eb t\u00eb t\u00eb cilave \u00ebsht\u00eb shprehur se kjo \u00ebsht\u00eb nj\u00eb zgjidhje e drejt\u00eb.<\/p>\n<div id=\"attachment_11875\" style=\"width: 1000px\" class=\"wp-caption aligncenter\"><img loading=\"lazy\" decoding=\"async\" aria-describedby=\"caption-attachment-11875\" class=\"size-full wp-image-11875\" src=\"https:\/\/www.ahmadiyya-islam.org\/al\/wp-content\/uploads\/sites\/3\/2021\/06\/Sir-Zafrulla-Khan-UN-Assembly-5-990x655-1.jpg\" alt=\"Nj\u00eb thirrje e fuqishme p\u00ebr mbrojtjen e t\u00eb drejtave t\u00eb palestinez\u00ebve\" width=\"990\" height=\"655\" srcset=\"https:\/\/www.ahmadiyya-islam.org\/al\/wp-content\/uploads\/sites\/3\/2021\/06\/Sir-Zafrulla-Khan-UN-Assembly-5-990x655-1.jpg 990w, https:\/\/www.ahmadiyya-islam.org\/al\/wp-content\/uploads\/sites\/3\/2021\/06\/Sir-Zafrulla-Khan-UN-Assembly-5-990x655-1-300x198.jpg 300w, https:\/\/www.ahmadiyya-islam.org\/al\/wp-content\/uploads\/sites\/3\/2021\/06\/Sir-Zafrulla-Khan-UN-Assembly-5-990x655-1-768x508.jpg 768w\" sizes=\"auto, (max-width: 990px) 100vw, 990px\" \/><p id=\"caption-attachment-11875\" class=\"wp-caption-text\">N\u00eb foto, duke shk\u00ebmbyer pik\u00ebpamje (nga majta n\u00eb t\u00eb djatht\u00eb) Presidenti i Asambles\u00eb s\u00eb P\u00ebrgjithshme Muhamed Zafrulla Khan (Pakistan); Z. Talaat Ghoussein, Minist\u00ebr i Kuvajtit n\u00eb Uashington dhe Kryetar i Delegacionit n\u00eb OKB; Lartmadh\u00ebria e tij Shejh Saba el Ahmed Al-Sabah, Ministri i Jasht\u00ebm i Kuvajtit; dhe Z. Saeed Yacoob Shammas, V\u00ebzhguesi i P\u00ebrhersh\u00ebm i Kuvajtit n\u00eb OKB.<br \/>Burim: UN Photos<\/p><\/div>\n<p>Mosmarr\u00ebveshja e par\u00eb \u00ebsht\u00eb kjo: Ka 1,300,000 arab\u00eb n\u00eb Palestin\u00eb dhe 650,000 hebrenj \u2013 me gjasa t\u00eb jen\u00eb m\u00eb shum\u00eb \u2013 dhe problemi \u00ebsht\u00eb b\u00ebr\u00eb i pazgjidhsh\u00ebm. U tha: Prandaj, le t\u00eb ndajm\u00eb (territorin) sepse do t\u00eb ishte e padrejt\u00eb dhe jo etike q\u00eb 33% e popullsis\u00eb &#8211; e cila \u00ebsht\u00eb popullsia hebre e Palestin\u00ebs sot \u2013 t\u00eb marr\u00eb statusin e minoritetit n\u00eb nj\u00eb shtet unitar. Le t\u00eb gjejm\u00eb nj\u00eb zgjidhje t\u00eb drejt\u00eb: Arab\u00ebt dhe hebrenjt\u00eb t\u00eb ken\u00eb shtetin e tyre.<\/p>\n<p>Kufijt\u00eb u vizatuan sipas rrethanave. Shteti arab do t\u00eb jet\u00eb nj\u00eb shtet arab n\u00eb kuptimin q\u00eb vet\u00ebm dhjet\u00eb mij\u00eb hebrenj do t\u00eb jetojn\u00eb n\u00eb t\u00eb nd\u00ebrsa arab\u00ebt do t\u00eb jen\u00eb pothuaj nj\u00eb milion. Shum\u00eb mir\u00eb, por si do t\u00eb jet\u00eb shteti hebre? N\u00eb shtetin hebre do t\u00eb ket\u00eb 498,000 hebrenj dhe 435,000 arab\u00eb. A e keni zgjidhur problemin? Hebrenjt\u00eb nuk duhet t\u00eb jetojn\u00eb si pakic\u00eb n\u00ebn arab\u00ebt, por arab\u00ebt duhet t\u00eb jetojn\u00eb si pakic\u00eb n\u00ebn sundimin e hebrenjve. N\u00ebse nj\u00ebra nga k\u00ebto nuk \u00ebsht\u00eb e drejt\u00eb, at\u00ebher\u00eb edhe tjetra del e padrejt\u00eb; dhe n\u00ebse nj\u00ebra nuk p\u00ebrb\u00ebn zgjidhje, as tjetra nuk mund t\u00eb quhet e till\u00eb.<\/p>\n<p>Le t\u00eb shqyrtojm\u00eb kufijt\u00eb p\u00ebr nj\u00eb \u00e7ast. Si jan\u00eb ndar\u00eb k\u00ebto zona? Hebrenjt\u00eb p\u00ebrb\u00ebjn\u00eb 33% t\u00eb popullsis\u00eb dhe arab\u00ebt 67%, mir\u00ebpo 60% e sip\u00ebrfaqes palestineze do t\u2019i bashkohet shtetit hebre. Aq m\u00eb tep\u00ebr, cilat jan\u00eb karakteristikat gjeografike t\u00eb zon\u00ebs, duke p\u00ebrjashtuar tok\u00ebn shterp\u00eb t\u00eb shkret\u00ebtir\u00ebs, \u200b\u200bs\u00eb cil\u00ebs do t&#8217;i referohem m\u00eb von\u00eb? Nga toka pjellore e Palestin\u00ebs q\u00eb mund t\u00eb shfryt\u00ebzohet p\u00ebr mbjellje, fushat n\u00eb p\u00ebrgjith\u00ebsi shkojn\u00eb n\u00eb shtetin hebre, nd\u00ebrsa kodrat tek arab\u00ebt. P\u00ebrfaq\u00ebsuesi i Mbret\u00ebris\u00eb s\u00eb Bashkuar u kishte shp\u00ebrndar\u00eb nj\u00eb dokument an\u00ebtar\u00ebve t\u00eb komiteteve, i cili tregonte se 84% e sip\u00ebrfaqes nga toka pjellore e cila \u00ebsht\u00eb e lidhur me sistemin e kanalizimit t\u00eb uj\u00ebrave, do t\u00eb jet\u00eb n\u00eb Shtetin Hebre dhe vet\u00ebm 16% n\u00eb Shtetin Arab. Me t\u00eb v\u00ebrtet\u00eb \u00ebsht\u00eb nj\u00eb ndarje shum\u00eb e drejt\u00eb q\u00eb 1\/3 e popullsis\u00eb t\u00eb marr\u00eb 84% t\u00eb sip\u00ebrfaqes, nd\u00ebrsa 2\/3-at t\u00eb k\u00ebnaqen me 16%.!<\/p>\n<div id=\"attachment_11864\" style=\"width: 984px\" class=\"wp-caption aligncenter\"><img loading=\"lazy\" decoding=\"async\" aria-describedby=\"caption-attachment-11864\" class=\"size-full wp-image-11864\" src=\"https:\/\/www.ahmadiyya-islam.org\/al\/wp-content\/uploads\/sites\/3\/2021\/06\/Palestine-in-British-Map-974x1024-1.jpg\" alt=\"Nj\u00eb thirrje e fuqishme p\u00ebr mbrojtjen e t\u00eb drejtave t\u00eb palestinez\u00ebve\" width=\"974\" height=\"1024\" srcset=\"https:\/\/www.ahmadiyya-islam.org\/al\/wp-content\/uploads\/sites\/3\/2021\/06\/Palestine-in-British-Map-974x1024-1.jpg 974w, https:\/\/www.ahmadiyya-islam.org\/al\/wp-content\/uploads\/sites\/3\/2021\/06\/Palestine-in-British-Map-974x1024-1-285x300.jpg 285w, https:\/\/www.ahmadiyya-islam.org\/al\/wp-content\/uploads\/sites\/3\/2021\/06\/Palestine-in-British-Map-974x1024-1-768x807.jpg 768w\" sizes=\"auto, (max-width: 974px) 100vw, 974px\" \/><p id=\"caption-attachment-11864\" class=\"wp-caption-text\">Palestina n\u00eb hart\u00ebn britanike t\u00eb vitit 1924<br \/>\u00a9 Wikimedia Commons<\/p><\/div>\n<p>Vet\u00eb Komiteti i Posa\u00e7\u00ebm i OKB-s\u00eb ka v\u00ebrejtur se eksporti m\u00eb i madh nga Palestina p\u00ebrb\u00ebhet nga agrumet, dhe mbjellja e tyre ndahet pothuajse gjysm\u00eb p\u00ebr gjysm\u00eb midis arab\u00ebve dhe hebrenjve, si dhe (pas ndarjes s\u00eb kufijve) zona e agrumeve do t\u00eb kaloj\u00eb pothuajse t\u00ebr\u00ebsisht n\u00eb Shtetin Hebre. Sa e drejt\u00eb \u00ebsht\u00eb kjo? Palestina prodhon vet\u00ebm 50% t\u00eb drith\u00ebrave nga ajo q\u00eb i duhen, dhe pjesa tjet\u00ebr duhet t\u00eb importohet. 80% e zon\u00ebs q\u00eb prodhon drith\u00ebra gjendet n\u00eb Shtetin Hebre, dhe vet\u00ebm 20% n\u00eb Shtetin Arab.<\/p>\n<p>P\u00ebrve\u00e7 k\u00ebsaj, mbetet edhe \u00e7\u00ebshtja e mund\u00ebsis\u00eb p\u00ebr zhvillim. Shikoni n\u00eb hart\u00eb. Ku ka hap\u00ebsir\u00eb p\u00ebr zhvillim n\u00eb Shtetin Arab? Nj\u00eb p\u00ebrfaq\u00ebsues na tha &#8211; Oh, mund t\u00eb krijoni ullishte edhe n\u00eb kodra. Pa dyshim, ju mund t\u00eb rrisni prodhimin e ullinjve n\u00eb kodra; por mesatarisht ullinjve u duhen 25 vjet derisa t\u00eb jap\u00eb prodhimin e plot\u00eb.<\/p>\n<div id=\"attachment_11876\" style=\"width: 570px\" class=\"wp-caption aligncenter\"><img loading=\"lazy\" decoding=\"async\" aria-describedby=\"caption-attachment-11876\" class=\"size-full wp-image-11876\" src=\"https:\/\/www.ahmadiyya-islam.org\/al\/wp-content\/uploads\/sites\/3\/2021\/06\/UN_Partition_Plan_Palestine-560x1024-1.jpg\" alt=\"Nj\u00eb thirrje e fuqishme p\u00ebr mbrojtjen e t\u00eb drejtave t\u00eb palestinez\u00ebve\" width=\"560\" height=\"1024\" srcset=\"https:\/\/www.ahmadiyya-islam.org\/al\/wp-content\/uploads\/sites\/3\/2021\/06\/UN_Partition_Plan_Palestine-560x1024-1.jpg 560w, https:\/\/www.ahmadiyya-islam.org\/al\/wp-content\/uploads\/sites\/3\/2021\/06\/UN_Partition_Plan_Palestine-560x1024-1-164x300.jpg 164w\" sizes=\"auto, (max-width: 560px) 100vw, 560px\" \/><p id=\"caption-attachment-11876\" class=\"wp-caption-text\">Plani i ndarjes s\u00eb Palestin\u00ebs nga OKB n\u00eb 1947<br \/>\u00a9 Wikimedia Commons<\/p><\/div>\n<p>Po si do t\u00eb jet\u00eb bujq\u00ebsia e zakonshme? Ashtu si\u00e7 \u00ebsht\u00eb theksuar n\u00eb Komitet, n\u00eb Negeb (Negev), beduin\u00ebt arab\u00eb kan\u00eb kultivuar dy milion\u00eb dunam (dylym)<a href=\"#_ftn1\" name=\"_ftnref1\">[1]<\/a> tok\u00eb, n\u00eb var\u00ebsi t\u00eb reshjeve t\u00eb pakta t\u00eb shiut dhe tani 99% e k\u00ebsaj sip\u00ebrfaqeje po i jepet Shtetit Hebre. N\u00eb k\u00ebt\u00eb zon\u00eb, 15% e tok\u00ebs \u00ebsht\u00eb n\u00eb pron\u00ebsi t\u00eb pronar\u00ebve privat\u00eb. Nga 15% e k\u00ebsaj sip\u00ebrfaqe, 14% \u00ebsht\u00eb n\u00eb pron\u00ebsi t\u00eb arab\u00ebve dhe 1% n\u00eb pron\u00ebsi t\u00eb hebrenjve, nd\u00ebrsa tani e gjith\u00eb kjo sip\u00ebrfaqe, do t\u00eb p\u00ebrfundoj\u00eb n\u00eb territorin e Shtetit Hebre. Popullsia arabe \u00ebsht\u00eb mbi nj\u00ebqind mij\u00eb, nd\u00ebrkoh\u00eb popullsia hebre \u00ebsht\u00eb vet\u00ebm dy mij\u00eb, megjithat\u00eb e gjith\u00eb kjo sip\u00ebrfaqe do t\u00eb p\u00ebrfundoj\u00eb n\u00eb Shtetin Hebre.<\/p>\n<p>Tani merrni zon\u00ebn q\u00eb ndodhet n\u00eb jug. T\u00eb gjith\u00eb kan\u00eb pranuar se ai trek\u00ebnd\u00ebsh k\u00ebndngusht\u00eb \u00ebsht\u00eb nj\u00eb tok\u00eb shterp\u00eb e papunuar, nj\u00eb shkret\u00ebtir\u00eb e p\u00ebrv\u00ebluar. Ndon\u00ebse informacioni q\u00eb posedoj mund t\u00eb mos jet\u00eb i sakt\u00eb, megjithat\u00eb jam n\u00eb dijeni q\u00eb p\u00ebrfaq\u00ebsuesi i Shteteve t\u00eb Bashkuara n\u00eb N\u00ebn-Komitetin 1 ka ngritur t\u00eb nj\u00ebjt\u00ebn pyetje se p\u00ebrse kjo zon\u00eb i \u00ebsht\u00eb caktuar Shtetit Hebre. Por, atij nuk i \u00ebsht\u00eb dh\u00ebn\u00eb asnj\u00eb arsye. Sidoqoft\u00eb, n\u00ebse dikush e analizon hart\u00ebn, ai mund t\u00eb gjej\u00eb nj\u00eb arsye: Ky hap e \u00e7on kufirin e Shtetit Hebre deri n\u00eb Gjirin Akaba dhe k\u00ebshtu i jep atij nj\u00eb dalje n\u00eb Detin e Kuq. Para pak kohe, n\u00eb lidhje me planin q\u00eb ishte propozuar s\u00eb fundmi dhe q\u00eb nuk ishte miratuar, Pushteti i Mandatit ishte i etur p\u00ebr ta siguruar at\u00eb zon\u00eb. Sidoqoft\u00eb, Pushteti i Mandatit ishte m\u00eb i sinqert\u00eb dhe kishte treguar qart\u00eb se arsyeja p\u00ebrse donin ta zgjeronin deri n\u00eb k\u00ebt\u00eb zon\u00eb ishte t\u00eb siguronte rrug\u00eb n\u00eb Gjirin Akaba, i cili kishte r\u00ebnd\u00ebsi strategjike p\u00ebr interesat e tij. A me t\u00eb v\u00ebrtet\u00eb kjo zon\u00eb mban r\u00ebnd\u00ebsin\u00eb strategjike p\u00ebr Shtetin Hebre? Kjo nuk duket e v\u00ebrtet\u00eb, pasi n\u00ebse flasim p\u00ebr dalje n\u00eb det, Shteti Hebre laget vet\u00eb nga uj\u00ebrat e Mesdheut. Pse duhet t\u00eb kalojn\u00eb n\u00ebp\u00ebr k\u00ebt\u00eb shkret\u00ebtir\u00eb q\u00eb t\u00eb dalin n\u00eb Gjirin Akaba? Kujt i interesohet r\u00ebnd\u00ebsia strategjike e k\u00ebtij vendi? N\u00eb fakt, kjo zon\u00eb do t\u00eb q\u00ebndroj\u00eb n\u00eb Shtetin Hebre p\u00ebr q\u00ebllime t\u00eb tjera, dhe deri tani nuk \u00ebsht\u00eb dh\u00ebn\u00eb asnj\u00eb arsye p\u00ebr p\u00ebrfshirjen e saj.<\/p>\n<p>Analizoni situat\u00ebn n\u00eb lidhje me industrin\u00eb. Praktikisht e gjith\u00eb industria hebraike ndodhet brenda kufijve t\u00eb Shtetit Hebre. Pasi e vura n\u00eb dukje k\u00ebt\u00eb \u00e7\u00ebshtje n\u00eb Komitet, nj\u00eb p\u00ebrfaq\u00ebsues nd\u00ebrhyri dhe tha: \u201cAt\u00ebher\u00eb, po t\u00ebrhiqni v\u00ebrejtjen se p\u00ebrse industria hebre gjendet brenda Shtetit Hebre!? Por ajo k\u00ebtu duhet t\u00eb jet\u00eb\u201d. Sigurisht, ajo aty duhet t\u00eb jet\u00eb dhe nuk kam th\u00ebn\u00eb ndryshe. Un\u00eb kam th\u00ebn\u00eb q\u00eb kjo ishte plot\u00ebsisht e drejt\u00eb dhe e duhur. Megjithat\u00eb, \u00e7far\u00eb \u00ebsht\u00eb b\u00ebr\u00eb n\u00eb lidhje me industrin\u00eb arabe? 40% e industris\u00eb arabe \u00ebsht\u00eb p\u00ebrfshir\u00eb brenda kufijve t\u00eb Shtetit Hebre. Po kjo, a \u00ebsht\u00eb e drejt\u00eb?<\/p>\n<p>Si p\u00ebrgjigje do t\u00eb thuhet, si\u00e7 \u00ebsht\u00eb th\u00ebn\u00eb deri tani, se arab\u00ebve u \u00ebsht\u00eb b\u00ebr\u00eb nj\u00eb l\u00ebshim i madh n\u00eb lidhje me Xhafa. Por \u00e7far\u00eb \u00ebsht\u00eb ky koncesion? Qyteti Xhafa i cili banohet kryesisht nga arab\u00ebt \u00ebsht\u00eb prer\u00eb si nj\u00eb enklav\u00eb (territor i rrethuar) q\u00eb do t\u00eb p\u00ebrfshihet n\u00eb shtetin arab. Pse \u00ebsht\u00eb trajtuar si nj\u00eb enklav\u00eb? Harta e p\u00ebrfshir\u00eb n\u00eb raportin e pakic\u00ebs s\u00eb Komitetit t\u00eb Posa\u00e7\u00ebm 1 tregon se p\u00ebrmes zonave arabe, ajo mund t\u00eb lidhej me pjes\u00ebn jugore t\u00eb Shtetit Arab. Harta e p\u00ebrfshir\u00eb n\u00eb raportin e shumic\u00ebs 2 tregon se, p\u00ebrmes zonave kryesisht arabe, qyteti mund t\u00eb jet\u00eb pjes\u00eb e Shtetit Arab. At\u00ebher\u00eb, pse duhet t\u00eb mbetet si nj\u00eb enklav\u00eb? Tokat midis qytetit Xhafa dhe Shtetit Arab n\u00eb lindje dhe n\u00eb jug jan\u00eb kryesisht arabe. Pse duhet t\u00eb trajtohet Xhafa si nj\u00eb enklav\u00eb?<\/p>\n<div id=\"attachment_11877\" style=\"width: 1000px\" class=\"wp-caption aligncenter\"><img loading=\"lazy\" decoding=\"async\" aria-describedby=\"caption-attachment-11877\" class=\"size-full wp-image-11877\" src=\"https:\/\/www.ahmadiyya-islam.org\/al\/wp-content\/uploads\/sites\/3\/2021\/06\/Sir-Zafrulla-Khan-UN-Assembly-3-990x760-1.jpg\" alt=\"Nj\u00eb thirrje e fuqishme p\u00ebr mbrojtjen e t\u00eb drejtave t\u00eb palestinez\u00ebve\" width=\"990\" height=\"760\" srcset=\"https:\/\/www.ahmadiyya-islam.org\/al\/wp-content\/uploads\/sites\/3\/2021\/06\/Sir-Zafrulla-Khan-UN-Assembly-3-990x760-1.jpg 990w, https:\/\/www.ahmadiyya-islam.org\/al\/wp-content\/uploads\/sites\/3\/2021\/06\/Sir-Zafrulla-Khan-UN-Assembly-3-990x760-1-300x230.jpg 300w, https:\/\/www.ahmadiyya-islam.org\/al\/wp-content\/uploads\/sites\/3\/2021\/06\/Sir-Zafrulla-Khan-UN-Assembly-3-990x760-1-768x590.jpg 768w\" sizes=\"auto, (max-width: 990px) 100vw, 990px\" \/><p id=\"caption-attachment-11877\" class=\"wp-caption-text\">Presidenti i Asambles\u00eb s\u00eb P\u00ebrgjithshme Muhamed Zafrulla Khan (majtas), Nga Pakistani dhe N\u00ebnsekretari i OKB-s\u00eb p\u00ebr \u00c7\u00ebshtjet e Asambles\u00eb s\u00eb P\u00ebrgjithshme, C.V. Narasimhan, i cili \u00ebsht\u00eb gjithashtu Shef i Kabinetit, duke shk\u00ebmbyer mendime n\u00eb sall\u00ebn e konferenc\u00ebs<br \/>Burim: UN Photos<\/p><\/div>\n<p>N\u00eb lidhje me kufijt\u00eb \u00ebsht\u00eb propozuar nj\u00eb amendament dhe \u00ebsht\u00eb sugjeruar q\u00eb, n\u00ebse ndarja \u00ebsht\u00eb e pashmangshme, t\u00eb pakt\u00ebn duhet t\u00eb p\u00ebrcaktohen kufijt\u00eb n\u00eb m\u00ebnyr\u00eb t\u00eb ndershme. Amendamenti propozon q\u00eb kufijt\u00eb t\u00eb rekomandohen nga nj\u00eb komision i p\u00ebrb\u00ebr\u00eb nga tre ekspert\u00eb kufijsh, t\u00eb cil\u00ebt do t\u00eb em\u00ebrohen nga K\u00ebshilli i Sigurimit. Ky komision duhet t\u00eb siguronte q\u00eb brenda Shtetit Arab nuk duhet t\u00eb kishte tok\u00ebn n\u00eb pron\u00ebsi t\u00eb hebrenjve m\u00eb shum\u00eb se 10% t\u00eb tok\u00ebs n\u00eb pron\u00ebsi private atje, dhe, n\u00eb t\u00eb nj\u00ebjt\u00ebn m\u00ebnyr\u00eb, n\u00eb Shtetin Hebre nuk do t\u00eb kishte nj\u00eb zon\u00eb n\u00eb pron\u00ebsin\u00eb arabe m\u00eb t\u00eb madhe sesa 10% t\u00eb pron\u00ebsis\u00eb private atje. Ky propozim duhet t\u00eb ishte mjaft i drejt\u00eb, megjithat\u00eb ai nuk gjeti pothuajse asnj\u00eb mb\u00ebshtetje jasht\u00eb Shteteve Arabe.<\/p>\n<p>Tani arrijm\u00eb te pyetja n\u00ebse ky plan \u00ebsht\u00eb me t\u00eb v\u00ebrtet\u00eb i zbatuesh\u00ebm. Si\u00e7 e kam th\u00ebn\u00eb, p\u00ebrfaq\u00ebsuesi i Shteteve t\u00eb Bashkuara ka shprehur shpres\u00ebn q\u00eb n\u00ebse e p\u00ebrkrahin shtetet fqinje arabe p\u00ebrreth si dhe populli i Palestin\u00ebs, ky plan mund t\u00eb funksionoj\u00eb. Sigurisht shtetet fqinje arabe nuk do ta mb\u00ebshtesin nj\u00eb eksperiment t\u00eb till\u00eb; por gjith\u00e7ka q\u00eb mund t\u00eb pritet prej tyre \u00ebsht\u00eb q\u00eb, si shtetet sovrane, ato nuk do t\u00eb nd\u00ebrmarrin asnj\u00eb hap q\u00eb u kund\u00ebrvihet detyrimeve t\u00eb tyre sipas traktatit.<\/p>\n<p>Por, arab\u00ebt e Palestin\u00ebs kan\u00eb deklaruar se ata nuk do t\u00eb bashk\u00ebpunojn\u00eb. An\u00ebtar\u00ebt e Asambles\u00eb gjithashtu duhet t\u00eb din\u00eb se ky plan nuk \u00ebsht\u00eb nj\u00eb eksperiment. Ky nuk \u00ebsht\u00eb si eksperiment q\u00eb ishte b\u00ebr\u00eb n\u00eb lidhje me Komitetin e P\u00ebrkohsh\u00ebm [<em>Interim Committee<\/em>] i cili ishte krijuar para nj\u00eb viti, ku n\u00ebse plani d\u00ebshton, ai mund t\u00eb t\u00ebrhiqet dhe Asambleja e P\u00ebrgjithshme mund t\u00eb miratoj\u00eb nj\u00eb plan tjet\u00ebr.<\/p>\n<p>P\u00ebrkundrazi, ky plan \u00ebsht\u00eb propozuar si nj\u00eb zgjidhje e p\u00ebrhershme. N\u00ebse plani d\u00ebshton, d\u00ebshton dhe OKB-ja. Kjo organizat\u00eb \u00ebsht\u00eb nj\u00eb struktur\u00eb e p\u00ebrhershme, prandaj ky plan p\u00ebrfaq\u00ebson meritat, nderin madje vet\u00eb ekzistenc\u00ebn e OKB-s\u00eb. Prandaj, m\u00eb mir\u00eb t\u00eb p\u00ebrqendrojm\u00eb gjith\u00eb v\u00ebmendjen ton\u00eb n\u00eb k\u00ebt\u00eb faz\u00eb p\u00ebr t\u00eb kuptuar se \u00e7far\u00eb situate po i drejtohemi. A \u00ebsht\u00eb e gatshme Asambleja e P\u00ebrgjithshme p\u00ebr ta v\u00ebn\u00eb k\u00ebt\u00eb bast?<\/p>\n<div id=\"attachment_11878\" style=\"width: 1000px\" class=\"wp-caption aligncenter\"><img loading=\"lazy\" decoding=\"async\" aria-describedby=\"caption-attachment-11878\" class=\"size-full wp-image-11878\" src=\"https:\/\/www.ahmadiyya-islam.org\/al\/wp-content\/uploads\/sites\/3\/2021\/06\/UN7701598_39d_-2-990x857-1.jpg\" alt=\"Nj\u00eb thirrje e fuqishme p\u00ebr mbrojtjen e t\u00eb drejtave t\u00eb palestinez\u00ebve\" width=\"990\" height=\"857\" srcset=\"https:\/\/www.ahmadiyya-islam.org\/al\/wp-content\/uploads\/sites\/3\/2021\/06\/UN7701598_39d_-2-990x857-1.jpg 990w, https:\/\/www.ahmadiyya-islam.org\/al\/wp-content\/uploads\/sites\/3\/2021\/06\/UN7701598_39d_-2-990x857-1-300x260.jpg 300w, https:\/\/www.ahmadiyya-islam.org\/al\/wp-content\/uploads\/sites\/3\/2021\/06\/UN7701598_39d_-2-990x857-1-768x665.jpg 768w\" sizes=\"auto, (max-width: 990px) 100vw, 990px\" \/><p id=\"caption-attachment-11878\" class=\"wp-caption-text\">Presidenti i Asambles\u00eb s\u00eb P\u00ebrgjithshme Oswaldo Aranha (i dyti nga e majta) bisedon me (nga e majta n\u00eb t\u00eb djatht\u00eb) Mohamed Zafrullah Khan, Kryetari i delegacionit i Pakistanit; Camille Chamoun, Ministri i Brendsh\u00ebm i Libanit dhe Kryetar i delegacionit; dhe Larry Lesueur, komentator n\u00eb radio CBS, pas takimit t\u00eb 127-t\u00eb t\u00eb Asambles\u00eb s\u00eb P\u00ebrgjithshme t\u00eb OKB-s\u00eb shtyu p\u00ebr 24 or\u00eb votimin p\u00ebrfundimtar mbi ndarjen e Palestin\u00ebs n\u00eb Flushing Meadows, New York.<br \/>Burim: UN Photos<\/p><\/div>\n<p>Le t\u00eb ndalemi pak dhe t\u00eb shqyrtojm\u00eb p\u00ebrpara se t\u00eb nisim OKB-n\u00eb n\u00eb nj\u00eb rrug\u00eb, q\u00eb e detyron at\u00eb p\u00ebr t\u00eb zbatuar nj\u00eb plan, t\u00eb cilit i mungon justifikimi moral dhe q\u00eb \u00ebsht\u00eb p\u00ebrtej autoritetit t\u00eb saj ligjor dhe juridik dhe q\u00eb \u00ebsht\u00eb e pamundur t\u00eb arrihet. N\u00ebse ju e b\u00ebni k\u00ebt\u00eb p\u00ebrpjekje t\u00eb kot\u00eb dhe fatale, i keni shkelur n\u00ebp\u00ebr k\u00ebmb\u00eb d\u00ebshirat dhe aspiratat e 66% t\u00eb popullit t\u00eb Palestin\u00ebs. Ju do t\u00eb shkat\u00ebrroni besimin dhe do t\u00eb zhg\u00ebnjeni shpresat e t\u00eb gjitha shteteve fqinje n\u00eb ndershm\u00ebrin\u00eb dhe paan\u00ebsin\u00eb e OKB-s\u00eb, ve\u00e7an\u00ebrisht duke par\u00eb at\u00eb q\u00eb ka ndodhur gjat\u00eb tri ose kat\u00ebr dit\u00ebve t\u00eb fundit, t\u00eb gjitha manovrat, madje edhe n\u00eb lidhje me mbledhjet e Asambles\u00eb s\u00eb P\u00ebrgjithshme, n\u00eb t\u00eb cil\u00ebn po marrin pjes\u00eb shtetet e m\u00ebdha dhe t\u00eb nderuara.<\/p>\n<p>N\u00eb zemrat e popullatave t\u00eb t\u00eb gjitha vendeve, nga Bregu i Atlantikut t\u00eb Afrik\u00ebs Veriore deri n\u00eb stepat e Azis\u00eb Qendrore, ju mbillni dyshim dhe mosbesim ndaj planeve dhe motiveve t\u00eb fuqive per\u00ebndimore. Ju po rrezikoni t\u00eb shkat\u00ebrroni \u00e7do mund\u00ebsi t\u00eb bashk\u00ebpunimit t\u00eb sinqert\u00eb midis Lindjes dhe Per\u00ebndimit, n\u00eb nj\u00eb shkall\u00eb q\u00eb \u00ebsht\u00eb p\u00ebrtej mund\u00ebsis\u00eb s\u00eb riparimit. P\u00ebr ta zbatuar k\u00ebt\u00eb plan me dhun\u00eb dhe forc\u00eb, keni futur pyka Per\u00ebndimore n\u00eb zemr\u00ebn e Lindjes s\u00eb Mesme.<\/p>\n<p>Si e ka p\u00ebrmbushur OKB-ja p\u00ebrgjegj\u00ebsin\u00eb e saj n\u00eb lidhje me k\u00ebt\u00eb \u00e7\u00ebshtje shum\u00eb t\u00eb v\u00ebshtir\u00eb, shum\u00eb t\u00eb ndjeshme dhe shum\u00eb njer\u00ebzore?<\/p>\n<p>Ka pasur dy propozime, dhe ato jan\u00eb p\u00ebrshkruar si propozime ekstreme. Nj\u00eb propozim parashikonte nj\u00eb shtet unitar dhe tjetri k\u00ebrkonte ndarje. U ngrit\u00ebn dy n\u00ebn-komisione. Nj\u00ebri n\u00ebn-komision mb\u00ebshteti planin unitar dhe kishte p\u00ebrgjegj\u00ebsin\u00eb p\u00ebr t\u00eb hartuar nj\u00eb propozim q\u00eb i p\u00ebrgjigjej k\u00ebtij plani. Nd\u00ebrsa n\u00ebn-komisioni i dyt\u00eb p\u00ebrb\u00ebhej nga an\u00ebtar\u00ebt q\u00eb p\u00ebrkrahnin ndarjen e territorit dhe gjegj\u00ebsisht kishte p\u00ebrgjegj\u00ebsin\u00eb t\u00eb hartonte nj\u00eb propozim mbi k\u00ebt\u00eb baz\u00eb.<\/p>\n<p>A ka b\u00ebr\u00eb ndonj\u00eb p\u00ebrpjekje Organizata e Kombeve t\u00eb Bashkuara p\u00ebr t\u00eb afruar arabin dhe hebreun s\u00eb bashku, p\u00ebr t\u00eb gjetur nj\u00eb rrug\u00eb t\u00eb mesme q\u00eb mund t\u00eb siguroj\u00eb nj\u00eb zgjidhje mbi t\u00eb cil\u00ebn t\u00eb dy popujt mund t\u00eb kombinohen p\u00ebr t\u00eb punuar &#8211; e vetmja zgjidhje q\u00eb mund t\u00eb ket\u00eb ndonj\u00eb shans t\u00eb mundsh\u00ebm p\u00ebr t&#8217;u p\u00ebrpunuar me sukses?<\/p>\n<p>Ishte raporti i pakic\u00ebs. Gjithashtu, pati edhe disa sugjerime t\u00eb tjera, dhe, n\u00ebse burr\u00ebshtet\u00ebsia nuk \u00ebsht\u00eb falemintuar plot\u00ebsisht, ekziston mund\u00ebsia p\u00ebr sugjerime t\u00eb tjera, t\u00eb cilat mund t\u00eb shqyrtoheshin nga nj\u00eb organ i tret\u00eb. Nj\u00eb num\u00ebr i madh i delegacioneve nuk e kan\u00eb mb\u00ebshtetur as iden\u00eb unitare dhe as iden\u00eb e ndarjes. P\u00ebrse nuk u p\u00ebrdor zot\u00ebsia e tyre p\u00ebr t\u00eb gjetur ndonj\u00eb zgjidhje apo nj\u00eb rrug\u00eb t\u00eb mesme?<\/p>\n<div id=\"attachment_11879\" style=\"width: 416px\" class=\"wp-caption aligncenter\"><img loading=\"lazy\" decoding=\"async\" aria-describedby=\"caption-attachment-11879\" class=\"size-full wp-image-11879\" src=\"https:\/\/www.ahmadiyya-islam.org\/al\/wp-content\/uploads\/sites\/3\/2021\/06\/UN-Security-Council.jpg\" alt=\"Nj\u00eb thirrje e fuqishme p\u00ebr mbrojtjen e t\u00eb drejtave t\u00eb palestinez\u00ebve\" width=\"406\" height=\"268\" srcset=\"https:\/\/www.ahmadiyya-islam.org\/al\/wp-content\/uploads\/sites\/3\/2021\/06\/UN-Security-Council.jpg 406w, https:\/\/www.ahmadiyya-islam.org\/al\/wp-content\/uploads\/sites\/3\/2021\/06\/UN-Security-Council-300x198.jpg 300w\" sizes=\"auto, (max-width: 406px) 100vw, 406px\" \/><p id=\"caption-attachment-11879\" class=\"wp-caption-text\">Dhoma e K\u00ebshillit t\u00eb Sigurimit t\u00eb OKB-s\u00eb<\/p><\/div>\n<p>Kur N\u00ebn-Komiteti 2 filloi pun\u00ebn, e gjeti veten t\u00eb p\u00ebrb\u00ebr\u00eb nga an\u00ebtar\u00eb q\u00eb kishin marr\u00eb nj\u00eb mendim n\u00eb m\u00ebnyr\u00eb konsensuale. P\u00ebrfaq\u00ebsuesi i Kolumbis\u00eb, i cili nd\u00ebrkoh\u00eb ishte zgjedhur Kryetar i N\u00ebn-Komitetit, kishte shprehur pak\u00ebnaq\u00ebsin\u00eb mbi k\u00ebt\u00eb situat\u00eb. Ai kishte sugjeruar q\u00eb t\u2019i drejtoheshin Kryetarit t\u00eb Komitetit Ad Hoc p\u00ebr \u00c7\u00ebshtjen Palestineze dhe t&#8217;i k\u00ebrkonin em\u00ebrimin n\u00eb N\u00ebn-Komitetin 2 disa shtete t\u00eb tjera p\u00ebrve\u00e7 Kolumbis\u00eb q\u00eb nuk ishin pro ides\u00eb s\u00eb nj\u00eb shteti unitar, shtete t\u00eb cilat mund t\u00eb merrnin nj\u00eb q\u00ebndrim t\u00eb mes\u00ebm, dhe t\u00eb p\u00ebrpiqen t\u00eb gjenin nj\u00eb zgjidhje q\u00eb mund t\u00eb jet\u00eb e pranueshme p\u00ebr t\u00eb gjitha pal\u00ebt.<\/p>\n<p>Kjo k\u00ebrkes\u00eb iu dor\u00ebzua Kryetarit t\u00eb Komitetit Ad Hoc dhe ai u informua gjithashtu se dy nga shtetet arabe ishin t\u00eb gatshme p\u00ebr t\u2019u larguar nga N\u00ebn-Komiteti, p\u00ebr t\u2019i hapur rrug\u00eb riformimit dhe rind\u00ebrtimit t\u00eb tij. Por, ky sugjerim u refuzua; Kryetari nuk denjoi as t\u2019i p\u00ebrgjigjej k\u00ebrkes\u00ebs. E vetmja p\u00ebrpjekje q\u00eb ishte b\u00ebr\u00eb n\u00eb k\u00ebt\u00eb drejtim, u refuzua t\u00ebr\u00ebsisht.<\/p>\n<p>Tani na \u00ebsht\u00eb th\u00ebn\u00eb: Ju duhet t\u00eb pranoni ose ndarjen ose asgj\u00eb. A \u00ebsht\u00eb k\u00ebshtu dhe a \u00ebsht\u00eb kjo zgjidhja e vetme? Sa mb\u00ebshtetje t\u00eb mir\u00ebfillt\u00eb ka marr\u00eb plani i ndarjes? N\u00eb Komitetin Ad Hoc, ai mori mb\u00ebshtetjen e 25 delegacioneve. Disa nga k\u00ebto 25 delegacione jan\u00eb shprehur se e kan\u00eb mb\u00ebshtetur planin e ndarjes me gjysm\u00eb zemre, nd\u00ebrsa t\u00eb tjer\u00ebt than\u00eb se e kan\u00eb votuar planin me ngurrim, p\u00ebr t\u00eb vetmen arsye se nuk u ishte ofruar asnj\u00eb zgjidhje tjet\u00ebr. Kjo tregon se Asambleja e P\u00ebrgjithshme n\u00eb t\u00ebr\u00ebsi, nuk \u00ebsht\u00eb e k\u00ebnaqur t\u00eb angazhohet n\u00eb k\u00ebt\u00eb zgjidhje t\u00eb ashtuquajtur.<\/p>\n<p>U p\u00ebrmend q\u00eb n\u00ebse nuk pranohet plani i ndarjes, nuk do t\u00eb arrijm\u00eb asnj\u00eb zgjidhje. P\u00ebrkundrazi, n\u00ebse pranohet ndarja, e kemi marr\u00eb hapin fatal. Arab\u00ebt dhe hebrenjt\u00eb do t\u00eb ndahen me an\u00eb t\u00eb dhun\u00ebs dhe ata kurr\u00eb nuk do t\u00eb ken\u00eb shans p\u00ebr t&#8217;u bashkuar s\u00ebrish. Nj\u00eb num\u00ebr i madh hakmarrjesh t\u00eb pap\u00ebrfunduara do t\u00eb bllokoj\u00eb rrug\u00ebn p\u00ebrpara. N\u00ebse e shtyni zbatimin e k\u00ebtij plani dhe nuk nd\u00ebrmerrni hapin fatal, ju s\u00ebrish u keni l\u00ebn\u00eb hapur arab\u00ebve dhe hebrenjve mund\u00ebsin\u00eb e nj\u00eb zgjidhjeje pajtimi p\u00ebrmes s\u00eb cil\u00ebs ata t\u00eb nd\u00ebrtojn\u00eb nj\u00eb t\u00eb ardhme t\u00eb bashkuar. Nuk \u00ebsht\u00eb se n\u00ebse nuk merrni nj\u00eb vendim p\u00ebrfundimtar sot, juridiksioni juaj do t\u00eb tkurret apo t\u00eb shfuqizohet.<\/p>\n<p>Kjo do t\u00eb thot\u00eb se &#8230; asnj\u00ebra nga k\u00ebto dy zgjidhje nuk \u00ebsht\u00eb e pranueshme, dhe q\u00eb duhet gjetur ndonj\u00eb rrug\u00eb tjet\u00ebr. P\u00ebrgjegj\u00ebsia bie mbi ju, prandaj mos i shmangeni k\u00ebtij shans. Mos e mbyllni der\u00ebn q\u00eb mund t\u00eb mos hapet p\u00ebrs\u00ebri. Organizata e Kombeve t\u00eb Bashkuara duhet t\u00eb gjej\u00eb nj\u00eb zgjidhje q\u00eb nuk \u00ebsht\u00eb vet\u00ebm e drejt\u00eb dhe e ndershme, por q\u00eb ka mund\u00ebsin\u00eb m\u00eb t\u00eb madhe p\u00ebr suksesin n\u00eb lidhje me popullsin\u00eb hebre dhe arabe n\u00eb Palestin\u00eb.<\/p>\n<div id=\"attachment_11880\" style=\"width: 1000px\" class=\"wp-caption aligncenter\"><img loading=\"lazy\" decoding=\"async\" aria-describedby=\"caption-attachment-11880\" class=\"size-full wp-image-11880\" src=\"https:\/\/www.ahmadiyya-islam.org\/al\/wp-content\/uploads\/sites\/3\/2021\/06\/Sir-Zafrullah-Khan-UN-Assembly-4-990x697-1.jpg\" alt=\"Nj\u00eb thirrje e fuqishme p\u00ebr mbrojtjen e t\u00eb drejtave t\u00eb palestinez\u00ebve\" width=\"990\" height=\"697\" srcset=\"https:\/\/www.ahmadiyya-islam.org\/al\/wp-content\/uploads\/sites\/3\/2021\/06\/Sir-Zafrullah-Khan-UN-Assembly-4-990x697-1.jpg 990w, https:\/\/www.ahmadiyya-islam.org\/al\/wp-content\/uploads\/sites\/3\/2021\/06\/Sir-Zafrullah-Khan-UN-Assembly-4-990x697-1-300x211.jpg 300w, https:\/\/www.ahmadiyya-islam.org\/al\/wp-content\/uploads\/sites\/3\/2021\/06\/Sir-Zafrullah-Khan-UN-Assembly-4-990x697-1-768x541.jpg 768w\" sizes=\"auto, (max-width: 990px) 100vw, 990px\" \/><p id=\"caption-attachment-11880\" class=\"wp-caption-text\">(Nga e majta n\u00eb t\u00eb djatht\u00eb): Ushtruesi i Detyr\u00ebs s\u00eb Sekretarit t\u00eb P\u00ebrgjithsh\u00ebm t\u00eb OKB-s\u00eb U Thant; Presidenti i Asambles\u00eb s\u00eb P\u00ebrgjithshme Muhamed Zafrulla Khan (Pakistan); dhe K\u00ebshilltari Ligjor i OKB-s\u00eb Konstandin Stavropulos.<br \/>Burim: UN Photos<\/p><\/div>\n<p>Vota jon\u00eb sot, n\u00ebse nuk mb\u00ebshtet ndarjen, nuk p\u00ebrjashton mund\u00ebsin\u00eb e zgjidhjve t\u00eb tjera. Vota jon\u00eb, n\u00ebse miraton ndarjen, mbyll mund\u00ebsin\u00eb e t\u00eb gjitha zgjidhjeve paq\u00ebsore. L\u00ebreni at\u00eb q\u00eb do t\u00eb marr\u00eb p\u00ebrsip\u00ebr k\u00ebt\u00eb p\u00ebrgjegj\u00ebsi. Thirrja ime p\u00ebr ju \u00ebsht\u00eb: mos e mbyllni k\u00ebt\u00eb mund\u00ebsi. Kombet e Bashkuara duhet t\u00eb synojn\u00eb t\u00eb afrohen, t\u00eb bashkohen dhe t\u00eb gjejn\u00eb konvergjenc\u00eb e jo t\u00eb ndahen dhe shfaqin divergjenc\u00eb.<\/p>\n<p>P\u00ebrfaq\u00ebsuesi i Shteteve t\u00eb Bashkuara iu referua lutjes dhe d\u00ebshir\u00ebs sime q\u00eb un\u00eb kisha shprehur n\u00eb fund t\u00eb fjalimit tim n\u00eb Komitetin Ad Hoc. Un\u00eb e p\u00ebrs\u00ebris k\u00ebt\u00eb lutje me p\u00ebrul\u00ebsi, me sinqeritet dhe me d\u00ebshir\u00eb t\u00eb zellshme:<\/p>\n<p>Qoft\u00eb Ai q\u00eb sundon mbi gjitha zemrat dhe i di mendimet dhe q\u00ebllimet m\u00eb t\u00eb fshehura, i cili vet\u00ebm mund t\u00eb \u00e7moj\u00eb vler\u00ebn e v\u00ebrtet\u00eb dhe parashikon pasojat e t\u00eb gjitha veprimeve njer\u00ebzore, me madh\u00ebshtin\u00eb dhe m\u00ebshir\u00ebn e Tij t\u00eb drejtoj\u00eb gjykimin ton\u00eb! Ajo q\u00eb ne vendosim k\u00ebtu sot, ndihmoft\u00eb dhe nxitt\u00eb paqen, mbar\u00ebsin\u00eb dhe mir\u00ebqenien e t\u00eb gjitha krijesave t\u00eb Tij: hebrenj, arab\u00eb e johebrenj, dhe riktheft\u00eb lavdin\u00eb e Tij p\u00ebrgjithmon\u00eb!<\/p>\n<p>Sir Muhammad Zafrulla Khan p\u00ebrfundoi fjal\u00ebn e tij n\u00eb arabisht.<\/p>\n<p style=\"text-align: center;\">\u0648\u064e\u0622\u062e\u0650\u0631\u064f \u062f\u064e\u0639\u0652\u0648\u064e\u0627\u0646\u064e\u0627 \u0623\u064e\u0646\u0650 \u0627\u0644\u0652\u062d\u064e\u0645\u0652\u062f\u064f \u0644\u0650\u0644\u0651\u064e\u0647\u0650 \u0631\u064e\u0628\u0651\u0650 \u0627\u0644\u0652\u0639\u064e\u0627\u0644\u064e\u0645\u0650\u064a\u0646\u064e<\/p>\n<p>(P\u00ebrkthyer nga arabishtja): &#8220;Thirrja jon\u00eb e fundit \u00ebsht\u00eb: Lavdia \u00ebsht\u00eb e Allahut, Zotit t\u00eb bot\u00ebve!&#8221;<\/p>\n<hr \/>\n<p><strong>Sh\u00ebnime:<\/strong><\/p>\n<p><a href=\"#_ftnref1\" name=\"_ftn1\">[1]<\/a> dunam, dynym ose dylym ishte nj\u00eb mas\u00eb e sip\u00ebrfaqes s\u00eb tok\u00ebs q\u00eb p\u00ebrdorej n\u00eb vendet q\u00eb jan\u00eb pushtuar nga Perandoria Osmane. Nj\u00eb dunam \u00ebsht\u00eb i barabart\u00eb me 1000 metra katror\u00eb. (sh\u00ebnim p\u00ebrkthy.)<\/p>\n<p><strong>Burim:\u00a0<\/strong>United Nations: <a href=\"https:\/\/unispal.un.org\/UNISPAL.NSF\/0\/93DCDF1CBC3F2C6685256CF3005723F2\">https:\/\/unispal.un.org\/UNISPAL.NSF\/0\/93DCDF1CBC3F2C6685256CF3005723F2<\/a><\/p>\n<h2>LEXONI:<\/h2>\n<ul>\n<li><a href=\"https:\/\/www.ahmadiyya-islam.org\/al\/personalitete\/sir-muhammad-zafarullah-khan\/\" rel=\"noopener\">Kush ishte Sir Muhammad Zafarullah Khan?<\/a><\/li>\n<li><a href=\"https:\/\/www.ahmadiyya-islam.org\/al\/videos\/udhetimi-im-nga-ateizmi-ne-besim\/\">Udh\u00ebtimi im nga ateizmi n\u00eb besim<\/a><\/li>\n<\/ul>\n","protected":false},"excerpt":{"rendered":"<p>Konflikti shkat\u00ebrrues midis Palestin\u00ebs dhe Izraelit ka ekzistuar p\u00ebr dekada t\u00eb t\u00ebra. N\u00eb k\u00ebt\u00eb fjalim historik, autori t\u00ebrheq v\u00ebmendje ndaj t\u00eb drejtave t\u00eb palestinez\u00ebve, t\u00eb cilat edhe at\u00ebher\u00eb po shkeleshin n\u00ebp\u00ebrk\u00ebmb\u00eb.<\/p>\n","protected":false},"featured_media":11882,"template":"","tags":[833,806,649],"authors":[467],"content_source":[543],"class_list":["post-11862","articles","type-articles","status-publish","has-post-thumbnail","hentry","tag-izraeli","tag-konflikti-izraelito-palestinez","tag-palestina","topics-drejtesia","topics-politika","article-cat-fjalime","country-city-nju-jork","country-city-shba","authors-sir-muhammad-zafarullah-khan","content_source-review-of-religions"],"acf":[],"yoast_head":"<!-- This site is optimized with the Yoast SEO Premium plugin v21.1 (Yoast SEO v27.4) - https:\/\/yoast.com\/product\/yoast-seo-premium-wordpress\/ -->\n<title>Thirrje e fuqishme e historike n\u00eb OKB, p\u00ebr t\u00eb drejtat e palestinez\u00ebve<\/title>\n<meta name=\"description\" content=\"P\u00ebr \u00e7\u00ebshtjen e Palestin\u00ebs, vota jon\u00eb sot, n\u00ebse nuk mb\u00ebshtet ndarjen, nuk p\u00ebrjashton mund\u00ebsin\u00eb e zgjidhjve t\u00eb tjera. Vota jon\u00eb, n\u00ebse miraton ndarjen, mbyll mund\u00ebsin\u00eb e t\u00eb gjitha zgjidhjeve paq\u00ebsore.\" \/>\n<meta name=\"robots\" content=\"index, follow, max-snippet:-1, max-image-preview:large, max-video-preview:-1\" \/>\n<link rel=\"canonical\" href=\"https:\/\/www.ahmadiyya-islam.org\/al\/artikuj\/thirrje-e-fuqishme-historike-ne-okb-per-te-drejtat-e-palestinezeve\/\" \/>\n<meta property=\"og:locale\" content=\"sq_AL\" \/>\n<meta property=\"og:type\" content=\"article\" \/>\n<meta property=\"og:title\" content=\"Nj\u00eb thirrje e fuqishme dhe historike n\u00eb OKB, p\u00ebr t\u00eb drejtat e palestinez\u00ebve\" \/>\n<meta property=\"og:description\" content=\"P\u00ebr \u00e7\u00ebshtjen e Palestin\u00ebs, vota jon\u00eb sot, n\u00ebse nuk mb\u00ebshtet ndarjen, nuk p\u00ebrjashton mund\u00ebsin\u00eb e zgjidhjve t\u00eb tjera. Vota jon\u00eb, n\u00ebse miraton ndarjen, mbyll mund\u00ebsin\u00eb e t\u00eb gjitha zgjidhjeve paq\u00ebsore.\" \/>\n<meta property=\"og:url\" content=\"https:\/\/www.ahmadiyya-islam.org\/al\/artikuj\/thirrje-e-fuqishme-historike-ne-okb-per-te-drejtat-e-palestinezeve\/\" \/>\n<meta property=\"og:site_name\" content=\"Xhemati Musliman Ahmedia\" \/>\n<meta property=\"article:modified_time\" content=\"2026-03-23T09:15:00+00:00\" \/>\n<meta property=\"og:image\" content=\"https:\/\/www.ahmadiyya-islam.org\/al\/wp-content\/uploads\/sites\/3\/2021\/06\/pexels-haley-black-2087322-1000-678.jpg\" \/>\n\t<meta property=\"og:image:width\" content=\"1000\" \/>\n\t<meta property=\"og:image:height\" content=\"667\" \/>\n\t<meta property=\"og:image:type\" content=\"image\/jpeg\" \/>\n<meta name=\"twitter:card\" content=\"summary_large_image\" \/>\n<meta name=\"twitter:label1\" content=\"Est. reading time\" \/>\n\t<meta name=\"twitter:data1\" content=\"43 minutes\" \/>\n<script type=\"application\/ld+json\" class=\"yoast-schema-graph\">{\"@context\":\"https:\\\/\\\/schema.org\",\"@graph\":[{\"@type\":\"WebPage\",\"@id\":\"https:\\\/\\\/www.ahmadiyya-islam.org\\\/al\\\/artikuj\\\/thirrje-e-fuqishme-historike-ne-okb-per-te-drejtat-e-palestinezeve\\\/\",\"url\":\"https:\\\/\\\/www.ahmadiyya-islam.org\\\/al\\\/artikuj\\\/thirrje-e-fuqishme-historike-ne-okb-per-te-drejtat-e-palestinezeve\\\/\",\"name\":\"Thirrje e fuqishme e historike n\u00eb OKB, p\u00ebr t\u00eb drejtat e palestinez\u00ebve\",\"isPartOf\":{\"@id\":\"https:\\\/\\\/www.ahmadiyya-islam.org\\\/al\\\/#website\"},\"primaryImageOfPage\":{\"@id\":\"https:\\\/\\\/www.ahmadiyya-islam.org\\\/al\\\/artikuj\\\/thirrje-e-fuqishme-historike-ne-okb-per-te-drejtat-e-palestinezeve\\\/#primaryimage\"},\"image\":{\"@id\":\"https:\\\/\\\/www.ahmadiyya-islam.org\\\/al\\\/artikuj\\\/thirrje-e-fuqishme-historike-ne-okb-per-te-drejtat-e-palestinezeve\\\/#primaryimage\"},\"thumbnailUrl\":\"https:\\\/\\\/www.ahmadiyya-islam.org\\\/al\\\/wp-content\\\/uploads\\\/sites\\\/3\\\/2021\\\/06\\\/pexels-haley-black-2087322-1000-678.jpg\",\"datePublished\":\"2021-06-11T10:36:01+00:00\",\"dateModified\":\"2026-03-23T09:15:00+00:00\",\"description\":\"P\u00ebr \u00e7\u00ebshtjen e Palestin\u00ebs, vota jon\u00eb sot, n\u00ebse nuk mb\u00ebshtet ndarjen, nuk p\u00ebrjashton mund\u00ebsin\u00eb e zgjidhjve t\u00eb tjera. Vota jon\u00eb, n\u00ebse miraton ndarjen, mbyll mund\u00ebsin\u00eb e t\u00eb gjitha zgjidhjeve paq\u00ebsore.\",\"breadcrumb\":{\"@id\":\"https:\\\/\\\/www.ahmadiyya-islam.org\\\/al\\\/artikuj\\\/thirrje-e-fuqishme-historike-ne-okb-per-te-drejtat-e-palestinezeve\\\/#breadcrumb\"},\"inLanguage\":\"sq-AL\",\"potentialAction\":[{\"@type\":\"ReadAction\",\"target\":[\"https:\\\/\\\/www.ahmadiyya-islam.org\\\/al\\\/artikuj\\\/thirrje-e-fuqishme-historike-ne-okb-per-te-drejtat-e-palestinezeve\\\/\"]}]},{\"@type\":\"ImageObject\",\"inLanguage\":\"sq-AL\",\"@id\":\"https:\\\/\\\/www.ahmadiyya-islam.org\\\/al\\\/artikuj\\\/thirrje-e-fuqishme-historike-ne-okb-per-te-drejtat-e-palestinezeve\\\/#primaryimage\",\"url\":\"https:\\\/\\\/www.ahmadiyya-islam.org\\\/al\\\/wp-content\\\/uploads\\\/sites\\\/3\\\/2021\\\/06\\\/pexels-haley-black-2087322-1000-678.jpg\",\"contentUrl\":\"https:\\\/\\\/www.ahmadiyya-islam.org\\\/al\\\/wp-content\\\/uploads\\\/sites\\\/3\\\/2021\\\/06\\\/pexels-haley-black-2087322-1000-678.jpg\",\"width\":1000,\"height\":667,\"caption\":\"Foto von Haley Black von Pexels\"},{\"@type\":\"BreadcrumbList\",\"@id\":\"https:\\\/\\\/www.ahmadiyya-islam.org\\\/al\\\/artikuj\\\/thirrje-e-fuqishme-historike-ne-okb-per-te-drejtat-e-palestinezeve\\\/#breadcrumb\",\"itemListElement\":[{\"@type\":\"ListItem\",\"position\":1,\"name\":\"Home\",\"item\":\"https:\\\/\\\/www.ahmadiyya-islam.org\\\/al\\\/\"},{\"@type\":\"ListItem\",\"position\":2,\"name\":\"Artikujt\",\"item\":\"https:\\\/\\\/www.ahmadiyya-islam.org\\\/al\\\/artikuj\\\/\"},{\"@type\":\"ListItem\",\"position\":3,\"name\":\"Nj\u00eb thirrje e fuqishme dhe historike n\u00eb OKB, p\u00ebr t\u00eb drejtat e palestinez\u00ebve\"}]},{\"@type\":\"WebSite\",\"@id\":\"https:\\\/\\\/www.ahmadiyya-islam.org\\\/al\\\/#website\",\"url\":\"https:\\\/\\\/www.ahmadiyya-islam.org\\\/al\\\/\",\"name\":\"Xhemati Musliman Ahmedia\",\"description\":\"Albania\",\"potentialAction\":[{\"@type\":\"SearchAction\",\"target\":{\"@type\":\"EntryPoint\",\"urlTemplate\":\"https:\\\/\\\/www.ahmadiyya-islam.org\\\/al\\\/?s={search_term_string}\"},\"query-input\":{\"@type\":\"PropertyValueSpecification\",\"valueRequired\":true,\"valueName\":\"search_term_string\"}}],\"inLanguage\":\"sq-AL\"}]}<\/script>\n<!-- \/ Yoast SEO Premium plugin. -->","yoast_head_json":{"title":"Thirrje e fuqishme e historike n\u00eb OKB, p\u00ebr t\u00eb drejtat e palestinez\u00ebve","description":"P\u00ebr \u00e7\u00ebshtjen e Palestin\u00ebs, vota jon\u00eb sot, n\u00ebse nuk mb\u00ebshtet ndarjen, nuk p\u00ebrjashton mund\u00ebsin\u00eb e zgjidhjve t\u00eb tjera. Vota jon\u00eb, n\u00ebse miraton ndarjen, mbyll mund\u00ebsin\u00eb e t\u00eb gjitha zgjidhjeve paq\u00ebsore.","robots":{"index":"index","follow":"follow","max-snippet":"max-snippet:-1","max-image-preview":"max-image-preview:large","max-video-preview":"max-video-preview:-1"},"canonical":"https:\/\/www.ahmadiyya-islam.org\/al\/artikuj\/thirrje-e-fuqishme-historike-ne-okb-per-te-drejtat-e-palestinezeve\/","og_locale":"sq_AL","og_type":"article","og_title":"Nj\u00eb thirrje e fuqishme dhe historike n\u00eb OKB, p\u00ebr t\u00eb drejtat e palestinez\u00ebve","og_description":"P\u00ebr \u00e7\u00ebshtjen e Palestin\u00ebs, vota jon\u00eb sot, n\u00ebse nuk mb\u00ebshtet ndarjen, nuk p\u00ebrjashton mund\u00ebsin\u00eb e zgjidhjve t\u00eb tjera. Vota jon\u00eb, n\u00ebse miraton ndarjen, mbyll mund\u00ebsin\u00eb e t\u00eb gjitha zgjidhjeve paq\u00ebsore.","og_url":"https:\/\/www.ahmadiyya-islam.org\/al\/artikuj\/thirrje-e-fuqishme-historike-ne-okb-per-te-drejtat-e-palestinezeve\/","og_site_name":"Xhemati Musliman Ahmedia","article_modified_time":"2026-03-23T09:15:00+00:00","og_image":[{"width":1000,"height":667,"url":"https:\/\/www.ahmadiyya-islam.org\/al\/wp-content\/uploads\/sites\/3\/2021\/06\/pexels-haley-black-2087322-1000-678.jpg","type":"image\/jpeg"}],"twitter_card":"summary_large_image","twitter_misc":{"Est. reading time":"43 minutes"},"schema":{"@context":"https:\/\/schema.org","@graph":[{"@type":"WebPage","@id":"https:\/\/www.ahmadiyya-islam.org\/al\/artikuj\/thirrje-e-fuqishme-historike-ne-okb-per-te-drejtat-e-palestinezeve\/","url":"https:\/\/www.ahmadiyya-islam.org\/al\/artikuj\/thirrje-e-fuqishme-historike-ne-okb-per-te-drejtat-e-palestinezeve\/","name":"Thirrje e fuqishme e historike n\u00eb OKB, p\u00ebr t\u00eb drejtat e palestinez\u00ebve","isPartOf":{"@id":"https:\/\/www.ahmadiyya-islam.org\/al\/#website"},"primaryImageOfPage":{"@id":"https:\/\/www.ahmadiyya-islam.org\/al\/artikuj\/thirrje-e-fuqishme-historike-ne-okb-per-te-drejtat-e-palestinezeve\/#primaryimage"},"image":{"@id":"https:\/\/www.ahmadiyya-islam.org\/al\/artikuj\/thirrje-e-fuqishme-historike-ne-okb-per-te-drejtat-e-palestinezeve\/#primaryimage"},"thumbnailUrl":"https:\/\/www.ahmadiyya-islam.org\/al\/wp-content\/uploads\/sites\/3\/2021\/06\/pexels-haley-black-2087322-1000-678.jpg","datePublished":"2021-06-11T10:36:01+00:00","dateModified":"2026-03-23T09:15:00+00:00","description":"P\u00ebr \u00e7\u00ebshtjen e Palestin\u00ebs, vota jon\u00eb sot, n\u00ebse nuk mb\u00ebshtet ndarjen, nuk p\u00ebrjashton mund\u00ebsin\u00eb e zgjidhjve t\u00eb tjera. Vota jon\u00eb, n\u00ebse miraton ndarjen, mbyll mund\u00ebsin\u00eb e t\u00eb gjitha zgjidhjeve paq\u00ebsore.","breadcrumb":{"@id":"https:\/\/www.ahmadiyya-islam.org\/al\/artikuj\/thirrje-e-fuqishme-historike-ne-okb-per-te-drejtat-e-palestinezeve\/#breadcrumb"},"inLanguage":"sq-AL","potentialAction":[{"@type":"ReadAction","target":["https:\/\/www.ahmadiyya-islam.org\/al\/artikuj\/thirrje-e-fuqishme-historike-ne-okb-per-te-drejtat-e-palestinezeve\/"]}]},{"@type":"ImageObject","inLanguage":"sq-AL","@id":"https:\/\/www.ahmadiyya-islam.org\/al\/artikuj\/thirrje-e-fuqishme-historike-ne-okb-per-te-drejtat-e-palestinezeve\/#primaryimage","url":"https:\/\/www.ahmadiyya-islam.org\/al\/wp-content\/uploads\/sites\/3\/2021\/06\/pexels-haley-black-2087322-1000-678.jpg","contentUrl":"https:\/\/www.ahmadiyya-islam.org\/al\/wp-content\/uploads\/sites\/3\/2021\/06\/pexels-haley-black-2087322-1000-678.jpg","width":1000,"height":667,"caption":"Foto von Haley Black von Pexels"},{"@type":"BreadcrumbList","@id":"https:\/\/www.ahmadiyya-islam.org\/al\/artikuj\/thirrje-e-fuqishme-historike-ne-okb-per-te-drejtat-e-palestinezeve\/#breadcrumb","itemListElement":[{"@type":"ListItem","position":1,"name":"Home","item":"https:\/\/www.ahmadiyya-islam.org\/al\/"},{"@type":"ListItem","position":2,"name":"Artikujt","item":"https:\/\/www.ahmadiyya-islam.org\/al\/artikuj\/"},{"@type":"ListItem","position":3,"name":"Nj\u00eb thirrje e fuqishme dhe historike n\u00eb OKB, p\u00ebr t\u00eb drejtat e palestinez\u00ebve"}]},{"@type":"WebSite","@id":"https:\/\/www.ahmadiyya-islam.org\/al\/#website","url":"https:\/\/www.ahmadiyya-islam.org\/al\/","name":"Xhemati Musliman Ahmedia","description":"Albania","potentialAction":[{"@type":"SearchAction","target":{"@type":"EntryPoint","urlTemplate":"https:\/\/www.ahmadiyya-islam.org\/al\/?s={search_term_string}"},"query-input":{"@type":"PropertyValueSpecification","valueRequired":true,"valueName":"search_term_string"}}],"inLanguage":"sq-AL"}]}},"_links":{"self":[{"href":"https:\/\/www.ahmadiyya-islam.org\/al\/wp-json\/wp\/v2\/articles\/11862","targetHints":{"allow":["GET"]}}],"collection":[{"href":"https:\/\/www.ahmadiyya-islam.org\/al\/wp-json\/wp\/v2\/articles"}],"about":[{"href":"https:\/\/www.ahmadiyya-islam.org\/al\/wp-json\/wp\/v2\/types\/articles"}],"wp:featuredmedia":[{"embeddable":true,"href":"https:\/\/www.ahmadiyya-islam.org\/al\/wp-json\/wp\/v2\/media\/11882"}],"wp:attachment":[{"href":"https:\/\/www.ahmadiyya-islam.org\/al\/wp-json\/wp\/v2\/media?parent=11862"}],"wp:term":[{"taxonomy":"post_tag","embeddable":true,"href":"https:\/\/www.ahmadiyya-islam.org\/al\/wp-json\/wp\/v2\/tags?post=11862"},{"taxonomy":"authors","embeddable":true,"href":"https:\/\/www.ahmadiyya-islam.org\/al\/wp-json\/wp\/v2\/authors?post=11862"},{"taxonomy":"content_source","embeddable":true,"href":"https:\/\/www.ahmadiyya-islam.org\/al\/wp-json\/wp\/v2\/content_source?post=11862"}],"curies":[{"name":"wp","href":"https:\/\/api.w.org\/{rel}","templated":true}]}}