{"id":11800,"date":"2021-05-13T17:38:36","date_gmt":"2021-05-13T17:38:36","guid":{"rendered":"https:\/\/www.ahmadiyya-islam.org\/al\/?post_type=articles&#038;p=11800"},"modified":"2021-05-14T10:00:02","modified_gmt":"2021-05-14T10:00:02","slug":"toka-e-shenjte-dhe-media-e-pashenjte-raportimi-i-drejte-i-konfliktit-izraelito-palestinez","status":"publish","type":"articles","link":"https:\/\/www.ahmadiyya-islam.org\/al\/artikuj\/toka-e-shenjte-dhe-media-e-pashenjte-raportimi-i-drejte-i-konfliktit-izraelito-palestinez\/","title":{"rendered":"Toka e Shenjt\u00eb dhe media e pashenjt\u00eb: Raportimi i drejt\u00eb i konfliktit izraelito-palestinez"},"content":{"rendered":"<p>Padrejt\u00ebsit\u00eb e vazhdueshme t\u00eb Izraelit kund\u00ebr popullit Palestinez kan\u00eb zbuluar nj\u00eb paragjykim t\u00eb ashp\u00ebr n\u00eb raportime dhe rr\u00ebfime t\u00eb shtyra nga politikan\u00eb dhe media.<\/p>\n<p>Nd\u00ebrsa b\u00ebri jehon\u00eb n\u00eb mediat sociale, media dhe figurat politike kan\u00eb folur p\u00ebr konfliktin, por kan\u00eb filluar me an\u00ebn e kund\u00ebrt t\u00eb historis\u00eb &#8211; duke filluar me reagimet e dhunshme nga ana palestineze.<\/p>\n<p>Nuk ka dyshim se ka dhun\u00eb nga palestinez\u00ebt, e cila duhet t\u00eb d\u00ebnohet, por si\u00e7 theksoi Hazret Kalifi i Pest\u00eb i Mesihut t\u00eb Premtuar, n\u00eb nj\u00eb hutbe t\u00eb tij t\u00eb s\u00eb premtes:<img loading=\"lazy\" decoding=\"async\" class=\"aligncenter size-full wp-image-11804\" src=\"https:\/\/www.ahmadiyya-islam.org\/al\/wp-content\/uploads\/sites\/3\/2021\/05\/A296ACA3-5238-45C1-9DA8-9FCE2DBCB774.jpeg\" alt=\"kalifi i xhematit\" width=\"693\" height=\"511\" srcset=\"https:\/\/www.ahmadiyya-islam.org\/al\/wp-content\/uploads\/sites\/3\/2021\/05\/A296ACA3-5238-45C1-9DA8-9FCE2DBCB774.jpeg 693w, https:\/\/www.ahmadiyya-islam.org\/al\/wp-content\/uploads\/sites\/3\/2021\/05\/A296ACA3-5238-45C1-9DA8-9FCE2DBCB774-300x221.jpeg 300w\" sizes=\"auto, (max-width: 693px) 100vw, 693px\" \/><\/p>\n<blockquote><p>\u201cKrahasuar me Izraelin, palestinez\u00ebt nuk kan\u00eb asnj\u00eb fuqi dhe ushtri. N\u00ebse thuhet se edhe Hamasi po kryen mizori, at\u00ebher\u00eb vendet islamike duhet t&#8217;i ndalojn\u00eb edhe ato. Sidoqoft\u00eb, n\u00ebse do t\u00eb krahasosh t\u00eb dyja pal\u00ebt, \u00ebsht\u00eb sikur nj\u00ebra pal\u00eb po p\u00ebrdor shkopinj p\u00ebr t\u00eb kryer \u201cmizori\u201d, nd\u00ebrsa pala tjet\u00ebr po p\u00ebrdor nj\u00eb ushtri dhe raketa p\u00ebr t\u00eb kryer mizorin\u00eb e saj.&#8221; (Hutbja e s\u00eb premtes e dat\u00ebs 25 korrik 2014)<\/p><\/blockquote>\n<p>Duke folur p\u00ebr p\u00ebrpjekjet izraelite p\u00ebr t\u00eb vendosur vendbanime n\u00eb Sheikh Jarrah dhe p\u00ebr t\u00eb detyruar palestinez\u00ebt t\u00eb largohen nga sht\u00ebpit\u00eb e tyre, gj\u00eb q\u00eb shkaktoi dhun\u00ebn e fundit, Saleh Higazi, Z\u00ebvend\u00ebsdrejtori p\u00ebr Lindjen e Mesme dhe Afrik\u00ebn e Veriut n\u00eb Amnesty International tha:<\/p>\n<blockquote><p>&#8220;Dhuna e fundit sjell n\u00eb fokus t\u00eb mpreht\u00eb fushat\u00ebn e k\u00ebmb\u00ebngul\u00ebse t\u00eb Izraelit p\u00ebr t\u00eb zgjeruar vendbanimet e paligjshme izraelite dhe p\u00ebr t\u00eb rritur d\u00ebbimet e detyruara t\u00eb banor\u00ebve palestinez\u00eb, \u00a0si\u00e7 ndodhi n\u00eb Sheik Jarrah, p\u00ebr t\u00eb hapur rrug\u00ebn p\u00ebr kolon\u00ebt izraelit\u00eb. K\u00ebto d\u00ebbime t\u00eb detyruara jan\u00eb pjes\u00eb e nj\u00eb modeli t\u00eb vazhduesh\u00ebm n\u00eb Sheikh Jarrah, ato shkelin n\u00eb m\u00ebnyr\u00eb flagrante ligjin nd\u00ebrkomb\u00ebtar dhe konsiderohen si krime lufte.\u201d<\/p><\/blockquote>\n<p>Si rezultat, palestinez\u00ebt protestuan n\u00eb qytete, duke p\u00ebrfshir\u00eb Jeruzalemin, por u p\u00ebrball\u00ebn me forc\u00ebn e pap\u00ebrmbajtur t\u00eb ushtris\u00eb izraelite, e cila hyri n\u00eb xhamin\u00eb al-Aksa, nj\u00eb nga vendet m\u00eb t\u00eb shenjta p\u00ebr musliman\u00ebt, duke q\u00eblluar plumba \u00e7eliku t\u00eb veshura me gom\u00eb dhe duke hedhur bomba asfiksuese drejt besimtar\u00ebve. Ky agresion ndodhi n\u00eb muajin e shenjt\u00eb t\u00eb Ramazanit dhe gjat\u00eb dit\u00ebve t\u00eb mundshme t\u00eb Nat\u00ebs s\u00eb Kadrit. Ministri i Par\u00eb i Skocis\u00eb, Nicola Sturgeon me t\u00eb drejt\u00eb shkroi n\u00eb Twitter:<\/p>\n<blockquote><p>\u201cSulmimi n\u00eb nj\u00eb vend adhurimi n\u00eb \u00e7do koh\u00eb \u00ebsht\u00eb i d\u00ebnuesh\u00ebm, por sulmimi i nj\u00eb xhamie gjat\u00eb Ramazanit \u00ebsht\u00eb krejt\u00ebsisht i papranuesh\u00ebm. \u00cbsht\u00eb gjithashtu nj\u00eb shkelje e s\u00eb drejt\u00ebs nd\u00ebrkomb\u00ebtare. Izraeli duhet t\u00eb marr\u00eb parasysh thirrjet p\u00ebr t\u00eb ndaluar dhun\u00ebn menj\u00ebher\u00eb.\u201d<\/p><\/blockquote>\n<blockquote class=\"twitter-tweet\" data-width=\"550\" data-dnt=\"true\">\n<p lang=\"en\" dir=\"ltr\">Attacking a place of worship at any time is reprehensible, but attacking a mosque during Ramadan is utterly indefensible. It is also a violation of international law. Israel should heed calls to halt the violence immediately. <a href=\"https:\/\/twitter.com\/hashtag\/SheikhJarrah?src=hash&amp;ref_src=twsrc%5Etfw\">#SheikhJarrah<\/a> <a href=\"https:\/\/t.co\/4H4Bu8MCwh\">https:\/\/t.co\/4H4Bu8MCwh<\/a><\/p>\n<p>&mdash; Nicola Sturgeon (@NicolaSturgeon) <a href=\"https:\/\/twitter.com\/NicolaSturgeon\/status\/1391012494345388035?ref_src=twsrc%5Etfw\">May 8, 2021<\/a><\/p><\/blockquote>\n<p><script async src=\"https:\/\/platform.twitter.com\/widgets.js\" charset=\"utf-8\"><\/script><\/p>\n<p>N\u00eb kontrast me k\u00ebt\u00eb sfond, raportimi n\u00eb mediat per\u00ebndimore \u00ebsht\u00eb p\u00ebrqendruar n\u00eb raketat e l\u00ebshuara nga Hamas q\u00eb erdh\u00ebn m\u00eb von\u00eb dhe n\u00eb \u201ckund\u00ebrp\u00ebrgjigjen mbrojt\u00ebse\u201d nga Izraeli.<\/p>\n<p>Shumica e publikut q\u00eb lexon k\u00ebta tituj nuk do t\u00eb ket\u00eb asnj\u00eb ide p\u00ebr historikun dhe p\u00ebr ngjarjet q\u00eb \u00e7uan n\u00eb hedhjen e raketave nga Hamasi, t\u00eb cilat gjithashtu duhet t\u00eb d\u00ebnohen, dhe do t\u00eb futet n\u00eb narrativ\u00ebn se Palestinez\u00ebt kan\u00eb qen\u00eb agresor\u00ebt.<\/p>\n<p>Shpesh, k\u00ebta tituj do t\u00eb redaktohen dhe ndryshohen p\u00ebr shkak t\u00eb reagimit t\u00eb publikut. Edhe pranimi se &#8220;palestinez\u00ebt&#8221; po vriten n\u00eb sulmet ajrore ka qen\u00eb e v\u00ebshtir\u00eb p\u00ebr mediat.<\/p>\n<p>New York Times, n\u00eb nj\u00eb titull kryesor, tha:<\/p>\n<blockquote><p>\u201cMilitant\u00ebt e Gaz\u00ebs l\u00ebshojn\u00eb raketa n\u00eb Jeruzalem; Izraeli p\u00ebrgjigjet me sulme ajrore \u201d.<\/p><\/blockquote>\n<p>N\u00eb nj\u00eb titull t\u00eb fshir\u00eb m\u00eb von\u00eb, New York Post raportoi n\u00eb m\u00ebnyr\u00eb t\u00eb gabuar:<\/p>\n<blockquote><p>&#8220;Sulmet ajrore nga militant\u00ebt e Hamasit vrasin 20 veta n\u00eb Izrael, p\u00ebrfshir\u00eb n\u00ebnt\u00eb f\u00ebmij\u00eb&#8221;.<\/p><\/blockquote>\n<p>Vdekjet n\u00eb t\u00eb v\u00ebrtet\u00eb ndodh\u00ebn n\u00eb Gaza, p\u00ebrfshir\u00eb f\u00ebmij\u00ebt e pafajsh\u00ebm, p\u00ebr shkak t\u00eb raketave izraelite.<\/p>\n<p>DW News shkroi n\u00eb Twitter:<\/p>\n<blockquote><p>&#8220;Zyrtar\u00ebt palestinez\u00eb t\u00eb sh\u00ebndet\u00ebsis\u00eb n\u00eb rripin e Gaz\u00ebs thon\u00eb se 20 njer\u00ebz, p\u00ebrfshir\u00eb n\u00ebnt\u00eb f\u00ebmij\u00eb, jan\u00eb vrar\u00eb n\u00eb luftime me Izraelin&#8221;.<\/p><\/blockquote>\n<blockquote class=\"twitter-tweet\" data-width=\"550\" data-dnt=\"true\">\n<p lang=\"en\" dir=\"ltr\">Palestinian health officials in the Gaza Strip say 20 people, including nine children, have been killed in fighting with Israel.<\/p>\n<p>Follow live updates: <a href=\"https:\/\/t.co\/cBiYKclAXG\">https:\/\/t.co\/cBiYKclAXG<\/a><\/p>\n<p>&mdash; DW News (@dwnews) <a href=\"https:\/\/twitter.com\/dwnews\/status\/1391836436983332867?ref_src=twsrc%5Etfw\">May 10, 2021<\/a><\/p><\/blockquote>\n<p><script async src=\"https:\/\/platform.twitter.com\/widgets.js\" charset=\"utf-8\"><\/script><\/p>\n<p>E v\u00ebrteta \u00ebsht\u00eb se f\u00ebmij\u00ebt nuk po luftonin fare, por u vran\u00eb nga bombat e hedhura nga Izraeli n\u00eb rripin e Gaz\u00ebs.<\/p>\n<p>N\u00eb nj\u00eb titull trondit\u00ebs n\u00eb Twitter, The New York Times raportoi:<\/p>\n<blockquote><p>&#8220;Militant\u00ebt e Gaz\u00ebs hap\u00ebn raketa dhe policia izraelite luftoi me protestuesit palestinez\u00eb n\u00eb Jeruzalem, n\u00eb nj\u00eb kreshendo t\u00eb papritur t\u00eb dhun\u00ebs q\u00eb e vuri Izraelin n\u00eb skaj.&#8221;<\/p><\/blockquote>\n<blockquote class=\"twitter-tweet\" data-width=\"550\" data-dnt=\"true\">\n<p lang=\"en\" dir=\"ltr\">Breaking News: Gaza militants fired rockets and the Israeli police fought with Palestinian protesters in Jerusalem, in a sudden crescendo of violence that put Israel on edge. <a href=\"https:\/\/t.co\/XJcETHZdOd\">https:\/\/t.co\/XJcETHZdOd<\/a><\/p>\n<p>&mdash; The New York Times (@nytimes) <a href=\"https:\/\/twitter.com\/nytimes\/status\/1391788220589936640?ref_src=twsrc%5Etfw\">May 10, 2021<\/a><\/p><\/blockquote>\n<p><script async src=\"https:\/\/platform.twitter.com\/widgets.js\" charset=\"utf-8\"><\/script><\/p>\n<p>Ky titull thell\u00ebsisht mashtrues e ktheu plot\u00ebsisht rendin e ngjarjeve dhe ua vuri t\u00eb gjith\u00eb fajin palestinez\u00ebve p\u00ebr dhun\u00ebn e fundit.<\/p>\n<p>Edhe intervistat duket se jan\u00eb orkestruar p\u00ebr t\u00eb filluar me reagimet palestineze.<\/p>\n<p>Gjat\u00eb nj\u00eb interviste t\u00eb BBC Newsnight n\u00eb lidhje me situat\u00ebn e Hamasit, Husam Zomlot, Shefi i Misionit Palestinez n\u00eb MB, iu p\u00ebrgjigj Emily Maitlis duke th\u00ebn\u00eb:<\/p>\n<blockquote><p>&#8220;[\u2026] Sekretari i Jasht\u00ebm i Mbret\u00ebris\u00eb s\u00eb Bashkuar \u00ebsht\u00eb i shpejt\u00eb p\u00ebr t\u00eb d\u00ebnuar Hamasin dhe kurr\u00eb p\u00ebr t\u00eb d\u00ebnuar mizorit\u00eb e p\u00ebrditshme Izraelite [\u2026] Gjithmon\u00eb historia fillon kur reagimi Palestinez ndodh sikur t\u00eb fillonte me Hamas &#8211; shikoni n\u00eb pyetjen tuaj, pyetja juaj \u00ebsht\u00eb rreth Hamasit, raketa, raketa&#8221;.<\/p><\/blockquote>\n<p>Ai m\u00eb tej tha:<\/p>\n<blockquote><p>\u201cFillon me reagimin palestinez, me simptom\u00ebn e s\u00ebmundjes. Asnj\u00ebher\u00eb nuk e viziton s\u00ebmundjen. S\u00ebmundja \u00ebsht\u00eb se ky shtet, Izraeli, shteti pushtues po zbaton masa drakonike kund\u00ebr popullit ton\u00eb n\u00eb t\u00eb gjitha kuptimet [\u2026] &#8220;<\/p><\/blockquote>\n<p>Ned Prince, z\u00ebdh\u00ebn\u00ebsi i Departamentit t\u00eb Shtetit t\u00eb Shteteve t\u00eb Bashkuara nuk e d\u00ebnoi qart\u00eb vdekjen e civil\u00ebve palestinez\u00eb, p\u00ebrfshir\u00eb f\u00ebmij\u00ebt dhe t\u00eb drejt\u00ebn e tyre p\u00ebr vet\u00ebmbrojtje, kur u shty nga gazetar\u00ebt.<\/p>\n<p>Sekretari i Jasht\u00ebm Britanik, Dominic Raab gjithashtu u p\u00ebrq\u00ebndrua te &#8220;raketat e hedhura n\u00eb Jeruzalem&#8221; n\u00eb komentin e tij t\u00eb dh\u00ebn\u00eb n\u00eb Twitter:<\/p>\n<blockquote><p>\u201cBritania e Madhe d\u00ebnon hedhjen e raketave n\u00eb Jeruzalem dhe vendet brenda Izraelit. Dhuna e vazhdueshme n\u00eb Jeruzalem dhe Gaza duhet t\u00eb ndalet. Na duhet nj\u00eb de-p\u00ebrshkall\u00ebzim i menj\u00ebhersh\u00ebm nga t\u00eb gjitha an\u00ebt, dhe t&#8217;i jepet fund targetimit t\u00eb popullatave civile\u201d<\/p><\/blockquote>\n<blockquote class=\"twitter-tweet\" data-width=\"550\" data-dnt=\"true\">\n<p lang=\"en\" dir=\"ltr\">The UK condemns the firing of rockets at Jerusalem and locations within Israel. The ongoing violence in Jerusalem and Gaza must stop. We need an immediate de-escalation on all sides, and end to targeting of civilian populations<\/p>\n<p>&mdash; Dominic Raab (@DominicRaab) <a href=\"https:\/\/twitter.com\/DominicRaab\/status\/1391815855839789057?ref_src=twsrc%5Etfw\">May 10, 2021<\/a><\/p><\/blockquote>\n<p><script async src=\"https:\/\/platform.twitter.com\/widgets.js\" charset=\"utf-8\"><\/script><\/p>\n<p>Ka pasur media q\u00eb kan\u00eb raportuar n\u00eb m\u00ebnyr\u00eb t\u00eb drejt\u00eb dhe madje u kan\u00eb dh\u00ebn\u00eb nj\u00eb z\u00eb palestinez\u00ebve q\u00eb jan\u00eb duke u detyruar t\u00eb largohen nga sht\u00ebpit\u00eb e tyre n\u00eb Sheik Jarrah; p\u00ebr shembull, CNN duke intervistuar nj\u00eb shkrimtar palestinez, Mohammed El-Kurd, sht\u00ebpia e t\u00eb cilit mund t\u00eb merret prej tij n\u00eb Sheikh Jarrah. Nj\u00eb gazetari e till\u00eb duhet t\u00eb b\u00ebhet norm\u00eb.<\/p>\n<p>Agjendat dhe paragjykimet jan\u00eb t\u00eb qarta p\u00ebr t\u00eb gjith\u00eb p\u00ebr t\u00eb par\u00eb dhe jan\u00eb pjes\u00eb e padrejt\u00ebsive t\u00eb pafund q\u00eb vuan bota jon\u00eb. Qeverit\u00eb per\u00ebndimore dhe mediat po shtyjn\u00eb paragjykimin e tyre n\u00eb konfliktin izraelito-palestinez dhe kjo vet\u00ebm rrit zem\u00ebrimin.<\/p>\n<p>Hazret Mirza Masrur Ahmed, Kalifi i Pest\u00eb i Mesihut t\u00eb Premtuar, n\u00eb fjalimin e tij historik n\u00eb Parlamentin Europian, tha:<\/p>\n<blockquote><p>\u201c&#8230; Megjithat\u00eb, ajo q\u00eb ndodh n\u00eb realitet, kur dikush b\u00ebn nj\u00eb shkelje apo padrejt\u00ebsi, viktima k\u00ebrkon t\u00eb hakmerret n\u00eb nj\u00eb m\u00ebnyr\u00eb plot\u00ebsisht t\u00eb pajustifikueshme dhe joproporcionale, madje shum\u00eb her\u00eb m\u00eb t\u00eb madhe se padrejt\u00ebsia e b\u00ebr\u00eb.\u00a0 Pik\u00ebrisht, k\u00ebt\u00eb e d\u00ebshmojm\u00eb k\u00ebto dit\u00eb n\u00eb konfliktin e shkall\u00ebzuar midis Izraelit dhe Palestin\u00ebs.<\/p>\n<p>Fuqit\u00eb e m\u00ebdha kan\u00eb shprehur keqardhjen dhe shqet\u00ebsimin e tyre p\u00ebr situat\u00ebn n\u00eb Siri, Liban ose n\u00eb Egjipt, edhe pse mund t\u00eb argumentohet q\u00eb ato n\u00eb thelb jan\u00eb \u00e7\u00ebshtjet e tyre t\u00eb brendshme, por nuk duket se ato jan\u00eb t\u00eb shqet\u00ebsuar p\u00ebr popullin palestinez. Ky standard i duksh\u00ebm i dyfisht\u00eb, po shton m\u00ebri dhe urrejtje n\u00eb zemrat e popujve t\u00eb shteteve muslimane ndaj shteteve t\u00eb fuqishme.<\/p>\n<p>&#8230; Le t\u00eb jet\u00eb e qart\u00eb, q\u00eb un\u00eb po flas n\u00eb mb\u00ebshtetje apo favor t\u00eb ndonj\u00eb shteti t\u00eb caktuar. Ajo q\u00eb dua t\u00eb them \u00ebsht\u00eb q\u00eb t\u00eb gjitha format e mizoris\u00eb, kudo gjenden ato, duhen asgj\u00ebsuar dhe duhen ndaluar, pa marr\u00eb parasysh se ato kryhen nga populli palestinez, populli izraelit apo populli i cilitdo shteti tjet\u00ebr. Mizorit\u00eb duhen ndaluar me \u00e7do kusht, sepse n\u00ebse ato lejohen t\u00eb p\u00ebrhapen, at\u00ebher\u00eb flak\u00ebt e urrejtjes sigurisht do t\u00eb p\u00ebrpijn\u00eb gjith\u00eb bot\u00ebn &#8230;\u201d<\/p><\/blockquote>\n<p style=\"text-align: right;\">(Fjalimi n\u00eb Parlamentin Europian, m\u00eb 4 dhjetor 2012)<\/p>\n<p>LEXONI:<\/p>\n<ul>\n<li><a href=\"https:\/\/www.ahmadiyya-islam.org\/al\/artikuj\/c-eshte-media-sociale-dobia-rrezikshmeria-rrjetet-sociale\/\">\u00c7\u2019\u00ebsht\u00eb media sociale? A mendoni se dini mjaftuesh\u00ebm p\u00ebr rrjetet sociale?<\/a><\/li>\n<li><a href=\"https:\/\/www.ahmadiyya-islam.org\/al\/librat\/kriza-boterore-dhe-rruga-drejt-paqes\/leter-kryeministri-izraeli\/\">Let\u00ebr Kryeministrit t\u00eb Izraelit<\/a><\/li>\n<\/ul>\n","protected":false},"excerpt":{"rendered":"<p>Padrejt\u00ebsit\u00eb e vazhdueshme t\u00eb Izraelit kund\u00ebr popullit Palestinez kan\u00eb zbuluar nj\u00eb paragjykim t\u00eb ashp\u00ebr n\u00eb raportime dhe rr\u00ebfime t\u00eb shtyra nga politikan\u00eb dhe media. Nd\u00ebrsa b\u00ebri jehon\u00eb n\u00eb mediat sociale, media dhe figurat politike kan\u00eb folur p\u00ebr konfliktin, por kan\u00eb filluar me an\u00ebn e kund\u00ebrt t\u00eb historis\u00eb &#8211; duke filluar me reagimet e dhunshme nga<\/p>\n","protected":false},"featured_media":11803,"template":"","tags":[],"authors":[],"content_source":[555],"class_list":["post-11800","articles","type-articles","status-publish","has-post-thumbnail","hentry","topics-paqja-globale","article-cat-artikuj","content_source-alhakam"],"acf":[],"yoast_head":"<!-- This site is optimized with the Yoast SEO Premium plugin v21.1 (Yoast SEO v27.4) - https:\/\/yoast.com\/product\/yoast-seo-premium-wordpress\/ -->\n<title>Toka e Shenjt\u00eb dhe media e pashenjt\u00eb: Raportimi i drejt\u00eb i konfliktit izraelito-palestinez<\/title>\n<meta name=\"robots\" content=\"index, follow, max-snippet:-1, max-image-preview:large, max-video-preview:-1\" \/>\n<link rel=\"canonical\" href=\"https:\/\/www.ahmadiyya-islam.org\/al\/artikuj\/toka-e-shenjte-dhe-media-e-pashenjte-raportimi-i-drejte-i-konfliktit-izraelito-palestinez\/\" \/>\n<meta property=\"og:locale\" content=\"sq_AL\" \/>\n<meta property=\"og:type\" content=\"article\" \/>\n<meta property=\"og:title\" content=\"Toka e Shenjt\u00eb dhe media e pashenjt\u00eb: Raportimi i drejt\u00eb i konfliktit izraelito-palestinez\" \/>\n<meta property=\"og:description\" content=\"Padrejt\u00ebsit\u00eb e vazhdueshme t\u00eb Izraelit kund\u00ebr popullit Palestinez kan\u00eb zbuluar nj\u00eb paragjykim t\u00eb ashp\u00ebr n\u00eb raportime dhe rr\u00ebfime t\u00eb shtyra nga politikan\u00eb dhe media. Nd\u00ebrsa b\u00ebri jehon\u00eb n\u00eb mediat sociale, media dhe figurat politike kan\u00eb folur p\u00ebr konfliktin, por kan\u00eb filluar me an\u00ebn e kund\u00ebrt t\u00eb historis\u00eb &#8211; duke filluar me reagimet e dhunshme nga\" \/>\n<meta property=\"og:url\" content=\"https:\/\/www.ahmadiyya-islam.org\/al\/artikuj\/toka-e-shenjte-dhe-media-e-pashenjte-raportimi-i-drejte-i-konfliktit-izraelito-palestinez\/\" \/>\n<meta property=\"og:site_name\" content=\"Xhemati Musliman Ahmedia\" \/>\n<meta property=\"article:modified_time\" content=\"2021-05-14T10:00:02+00:00\" \/>\n<meta property=\"og:image\" content=\"https:\/\/www.ahmadiyya-islam.org\/al\/wp-content\/uploads\/sites\/3\/2021\/05\/F60CCF5B-623D-4C0A-B4EF-2FE5DAD62004.jpeg\" \/>\n\t<meta property=\"og:image:width\" content=\"604\" \/>\n\t<meta property=\"og:image:height\" content=\"402\" \/>\n\t<meta property=\"og:image:type\" content=\"image\/jpeg\" \/>\n<meta name=\"twitter:card\" content=\"summary_large_image\" \/>\n<meta name=\"twitter:label1\" content=\"Est. reading time\" \/>\n\t<meta name=\"twitter:data1\" content=\"6 minutes\" \/>\n<script type=\"application\/ld+json\" class=\"yoast-schema-graph\">{\"@context\":\"https:\\\/\\\/schema.org\",\"@graph\":[{\"@type\":\"WebPage\",\"@id\":\"https:\\\/\\\/www.ahmadiyya-islam.org\\\/al\\\/artikuj\\\/toka-e-shenjte-dhe-media-e-pashenjte-raportimi-i-drejte-i-konfliktit-izraelito-palestinez\\\/\",\"url\":\"https:\\\/\\\/www.ahmadiyya-islam.org\\\/al\\\/artikuj\\\/toka-e-shenjte-dhe-media-e-pashenjte-raportimi-i-drejte-i-konfliktit-izraelito-palestinez\\\/\",\"name\":\"Toka e Shenjt\u00eb dhe media e pashenjt\u00eb: Raportimi i drejt\u00eb i konfliktit izraelito-palestinez\",\"isPartOf\":{\"@id\":\"https:\\\/\\\/www.ahmadiyya-islam.org\\\/al\\\/#website\"},\"primaryImageOfPage\":{\"@id\":\"https:\\\/\\\/www.ahmadiyya-islam.org\\\/al\\\/artikuj\\\/toka-e-shenjte-dhe-media-e-pashenjte-raportimi-i-drejte-i-konfliktit-izraelito-palestinez\\\/#primaryimage\"},\"image\":{\"@id\":\"https:\\\/\\\/www.ahmadiyya-islam.org\\\/al\\\/artikuj\\\/toka-e-shenjte-dhe-media-e-pashenjte-raportimi-i-drejte-i-konfliktit-izraelito-palestinez\\\/#primaryimage\"},\"thumbnailUrl\":\"https:\\\/\\\/www.ahmadiyya-islam.org\\\/al\\\/wp-content\\\/uploads\\\/sites\\\/3\\\/2021\\\/05\\\/F60CCF5B-623D-4C0A-B4EF-2FE5DAD62004.jpeg\",\"datePublished\":\"2021-05-13T17:38:36+00:00\",\"dateModified\":\"2021-05-14T10:00:02+00:00\",\"breadcrumb\":{\"@id\":\"https:\\\/\\\/www.ahmadiyya-islam.org\\\/al\\\/artikuj\\\/toka-e-shenjte-dhe-media-e-pashenjte-raportimi-i-drejte-i-konfliktit-izraelito-palestinez\\\/#breadcrumb\"},\"inLanguage\":\"sq-AL\",\"potentialAction\":[{\"@type\":\"ReadAction\",\"target\":[\"https:\\\/\\\/www.ahmadiyya-islam.org\\\/al\\\/artikuj\\\/toka-e-shenjte-dhe-media-e-pashenjte-raportimi-i-drejte-i-konfliktit-izraelito-palestinez\\\/\"]}]},{\"@type\":\"ImageObject\",\"inLanguage\":\"sq-AL\",\"@id\":\"https:\\\/\\\/www.ahmadiyya-islam.org\\\/al\\\/artikuj\\\/toka-e-shenjte-dhe-media-e-pashenjte-raportimi-i-drejte-i-konfliktit-izraelito-palestinez\\\/#primaryimage\",\"url\":\"https:\\\/\\\/www.ahmadiyya-islam.org\\\/al\\\/wp-content\\\/uploads\\\/sites\\\/3\\\/2021\\\/05\\\/F60CCF5B-623D-4C0A-B4EF-2FE5DAD62004.jpeg\",\"contentUrl\":\"https:\\\/\\\/www.ahmadiyya-islam.org\\\/al\\\/wp-content\\\/uploads\\\/sites\\\/3\\\/2021\\\/05\\\/F60CCF5B-623D-4C0A-B4EF-2FE5DAD62004.jpeg\",\"width\":604,\"height\":402,\"caption\":\"dhuna ne palestine gaza\"},{\"@type\":\"BreadcrumbList\",\"@id\":\"https:\\\/\\\/www.ahmadiyya-islam.org\\\/al\\\/artikuj\\\/toka-e-shenjte-dhe-media-e-pashenjte-raportimi-i-drejte-i-konfliktit-izraelito-palestinez\\\/#breadcrumb\",\"itemListElement\":[{\"@type\":\"ListItem\",\"position\":1,\"name\":\"Home\",\"item\":\"https:\\\/\\\/www.ahmadiyya-islam.org\\\/al\\\/\"},{\"@type\":\"ListItem\",\"position\":2,\"name\":\"Artikujt\",\"item\":\"https:\\\/\\\/www.ahmadiyya-islam.org\\\/al\\\/artikuj\\\/\"},{\"@type\":\"ListItem\",\"position\":3,\"name\":\"Toka e Shenjt\u00eb dhe media e pashenjt\u00eb: Raportimi i drejt\u00eb i konfliktit izraelito-palestinez\"}]},{\"@type\":\"WebSite\",\"@id\":\"https:\\\/\\\/www.ahmadiyya-islam.org\\\/al\\\/#website\",\"url\":\"https:\\\/\\\/www.ahmadiyya-islam.org\\\/al\\\/\",\"name\":\"Xhemati Musliman Ahmedia\",\"description\":\"Albania\",\"potentialAction\":[{\"@type\":\"SearchAction\",\"target\":{\"@type\":\"EntryPoint\",\"urlTemplate\":\"https:\\\/\\\/www.ahmadiyya-islam.org\\\/al\\\/?s={search_term_string}\"},\"query-input\":{\"@type\":\"PropertyValueSpecification\",\"valueRequired\":true,\"valueName\":\"search_term_string\"}}],\"inLanguage\":\"sq-AL\"}]}<\/script>\n<!-- \/ Yoast SEO Premium plugin. -->","yoast_head_json":{"title":"Toka e Shenjt\u00eb dhe media e pashenjt\u00eb: Raportimi i drejt\u00eb i konfliktit izraelito-palestinez","robots":{"index":"index","follow":"follow","max-snippet":"max-snippet:-1","max-image-preview":"max-image-preview:large","max-video-preview":"max-video-preview:-1"},"canonical":"https:\/\/www.ahmadiyya-islam.org\/al\/artikuj\/toka-e-shenjte-dhe-media-e-pashenjte-raportimi-i-drejte-i-konfliktit-izraelito-palestinez\/","og_locale":"sq_AL","og_type":"article","og_title":"Toka e Shenjt\u00eb dhe media e pashenjt\u00eb: Raportimi i drejt\u00eb i konfliktit izraelito-palestinez","og_description":"Padrejt\u00ebsit\u00eb e vazhdueshme t\u00eb Izraelit kund\u00ebr popullit Palestinez kan\u00eb zbuluar nj\u00eb paragjykim t\u00eb ashp\u00ebr n\u00eb raportime dhe rr\u00ebfime t\u00eb shtyra nga politikan\u00eb dhe media. Nd\u00ebrsa b\u00ebri jehon\u00eb n\u00eb mediat sociale, media dhe figurat politike kan\u00eb folur p\u00ebr konfliktin, por kan\u00eb filluar me an\u00ebn e kund\u00ebrt t\u00eb historis\u00eb &#8211; duke filluar me reagimet e dhunshme nga","og_url":"https:\/\/www.ahmadiyya-islam.org\/al\/artikuj\/toka-e-shenjte-dhe-media-e-pashenjte-raportimi-i-drejte-i-konfliktit-izraelito-palestinez\/","og_site_name":"Xhemati Musliman Ahmedia","article_modified_time":"2021-05-14T10:00:02+00:00","og_image":[{"width":604,"height":402,"url":"https:\/\/www.ahmadiyya-islam.org\/al\/wp-content\/uploads\/sites\/3\/2021\/05\/F60CCF5B-623D-4C0A-B4EF-2FE5DAD62004.jpeg","type":"image\/jpeg"}],"twitter_card":"summary_large_image","twitter_misc":{"Est. reading time":"6 minutes"},"schema":{"@context":"https:\/\/schema.org","@graph":[{"@type":"WebPage","@id":"https:\/\/www.ahmadiyya-islam.org\/al\/artikuj\/toka-e-shenjte-dhe-media-e-pashenjte-raportimi-i-drejte-i-konfliktit-izraelito-palestinez\/","url":"https:\/\/www.ahmadiyya-islam.org\/al\/artikuj\/toka-e-shenjte-dhe-media-e-pashenjte-raportimi-i-drejte-i-konfliktit-izraelito-palestinez\/","name":"Toka e Shenjt\u00eb dhe media e pashenjt\u00eb: Raportimi i drejt\u00eb i konfliktit izraelito-palestinez","isPartOf":{"@id":"https:\/\/www.ahmadiyya-islam.org\/al\/#website"},"primaryImageOfPage":{"@id":"https:\/\/www.ahmadiyya-islam.org\/al\/artikuj\/toka-e-shenjte-dhe-media-e-pashenjte-raportimi-i-drejte-i-konfliktit-izraelito-palestinez\/#primaryimage"},"image":{"@id":"https:\/\/www.ahmadiyya-islam.org\/al\/artikuj\/toka-e-shenjte-dhe-media-e-pashenjte-raportimi-i-drejte-i-konfliktit-izraelito-palestinez\/#primaryimage"},"thumbnailUrl":"https:\/\/www.ahmadiyya-islam.org\/al\/wp-content\/uploads\/sites\/3\/2021\/05\/F60CCF5B-623D-4C0A-B4EF-2FE5DAD62004.jpeg","datePublished":"2021-05-13T17:38:36+00:00","dateModified":"2021-05-14T10:00:02+00:00","breadcrumb":{"@id":"https:\/\/www.ahmadiyya-islam.org\/al\/artikuj\/toka-e-shenjte-dhe-media-e-pashenjte-raportimi-i-drejte-i-konfliktit-izraelito-palestinez\/#breadcrumb"},"inLanguage":"sq-AL","potentialAction":[{"@type":"ReadAction","target":["https:\/\/www.ahmadiyya-islam.org\/al\/artikuj\/toka-e-shenjte-dhe-media-e-pashenjte-raportimi-i-drejte-i-konfliktit-izraelito-palestinez\/"]}]},{"@type":"ImageObject","inLanguage":"sq-AL","@id":"https:\/\/www.ahmadiyya-islam.org\/al\/artikuj\/toka-e-shenjte-dhe-media-e-pashenjte-raportimi-i-drejte-i-konfliktit-izraelito-palestinez\/#primaryimage","url":"https:\/\/www.ahmadiyya-islam.org\/al\/wp-content\/uploads\/sites\/3\/2021\/05\/F60CCF5B-623D-4C0A-B4EF-2FE5DAD62004.jpeg","contentUrl":"https:\/\/www.ahmadiyya-islam.org\/al\/wp-content\/uploads\/sites\/3\/2021\/05\/F60CCF5B-623D-4C0A-B4EF-2FE5DAD62004.jpeg","width":604,"height":402,"caption":"dhuna ne palestine gaza"},{"@type":"BreadcrumbList","@id":"https:\/\/www.ahmadiyya-islam.org\/al\/artikuj\/toka-e-shenjte-dhe-media-e-pashenjte-raportimi-i-drejte-i-konfliktit-izraelito-palestinez\/#breadcrumb","itemListElement":[{"@type":"ListItem","position":1,"name":"Home","item":"https:\/\/www.ahmadiyya-islam.org\/al\/"},{"@type":"ListItem","position":2,"name":"Artikujt","item":"https:\/\/www.ahmadiyya-islam.org\/al\/artikuj\/"},{"@type":"ListItem","position":3,"name":"Toka e Shenjt\u00eb dhe media e pashenjt\u00eb: Raportimi i drejt\u00eb i konfliktit izraelito-palestinez"}]},{"@type":"WebSite","@id":"https:\/\/www.ahmadiyya-islam.org\/al\/#website","url":"https:\/\/www.ahmadiyya-islam.org\/al\/","name":"Xhemati Musliman Ahmedia","description":"Albania","potentialAction":[{"@type":"SearchAction","target":{"@type":"EntryPoint","urlTemplate":"https:\/\/www.ahmadiyya-islam.org\/al\/?s={search_term_string}"},"query-input":{"@type":"PropertyValueSpecification","valueRequired":true,"valueName":"search_term_string"}}],"inLanguage":"sq-AL"}]}},"_links":{"self":[{"href":"https:\/\/www.ahmadiyya-islam.org\/al\/wp-json\/wp\/v2\/articles\/11800","targetHints":{"allow":["GET"]}}],"collection":[{"href":"https:\/\/www.ahmadiyya-islam.org\/al\/wp-json\/wp\/v2\/articles"}],"about":[{"href":"https:\/\/www.ahmadiyya-islam.org\/al\/wp-json\/wp\/v2\/types\/articles"}],"wp:featuredmedia":[{"embeddable":true,"href":"https:\/\/www.ahmadiyya-islam.org\/al\/wp-json\/wp\/v2\/media\/11803"}],"wp:attachment":[{"href":"https:\/\/www.ahmadiyya-islam.org\/al\/wp-json\/wp\/v2\/media?parent=11800"}],"wp:term":[{"taxonomy":"post_tag","embeddable":true,"href":"https:\/\/www.ahmadiyya-islam.org\/al\/wp-json\/wp\/v2\/tags?post=11800"},{"taxonomy":"authors","embeddable":true,"href":"https:\/\/www.ahmadiyya-islam.org\/al\/wp-json\/wp\/v2\/authors?post=11800"},{"taxonomy":"content_source","embeddable":true,"href":"https:\/\/www.ahmadiyya-islam.org\/al\/wp-json\/wp\/v2\/content_source?post=11800"}],"curies":[{"name":"wp","href":"https:\/\/api.w.org\/{rel}","templated":true}]}}