{"id":11441,"date":"2020-11-11T19:48:25","date_gmt":"2020-11-11T19:48:25","guid":{"rendered":"https:\/\/www.ahmadiyya-islam.org\/al\/?post_type=articles&#038;p=11441"},"modified":"2020-11-11T19:59:16","modified_gmt":"2020-11-11T19:59:16","slug":"si-duhet-ta-festojme-ditelindjen-e-profetit-muhamed","status":"publish","type":"articles","link":"https:\/\/www.ahmadiyya-islam.org\/al\/artikuj\/si-duhet-ta-festojme-ditelindjen-e-profetit-muhamed\/","title":{"rendered":"Si duhet ta festojm\u00eb dit\u00eblindjen e Profetit Muhammed s.a.v.s.?"},"content":{"rendered":"<p>Me emrin e Allahut, t\u00eb Gjith\u00ebm\u00ebshirshmit, M\u00ebshir\u00ebb\u00ebr\u00ebsit<\/p>\n<p><strong>Xhelsa Siretun-Nebijj s.a.v.s.<br \/>\n<\/strong><\/p>\n<p><strong>Mbledhja e dit\u00ebs s\u00eb Profetit (Paqja qoft\u00eb mbi t\u00eb), 08.11.2020, ora 14:30<\/strong><\/p>\n<p><strong>Fjalimi p\u00ebrmbyll\u00ebs <\/strong><em>(Fjalim i p\u00ebrkthyer n\u00eb shqip nga gjermanishtja)<\/em><\/p>\n<h2>Hyrje<\/h2>\n<p>Dita e \u201cSiretun-Nebij\u201d \u00ebsht\u00eb nj\u00eb dit\u00eb n\u00eb t\u00eb cil\u00ebn ne e fal\u00ebnderojm\u00eb Allahun p\u00ebr hirin m\u00eb t\u00eb madh q\u00eb ai na ka dh\u00ebn\u00eb neve. Ai e d\u00ebrgoi Profetin Muhammed s.a.v.s. si m\u00ebshir\u00eb p\u00ebr t\u00eb gjith\u00eb bot\u00ebn dhe si nj\u00eb shembull i p\u00ebrsosur p\u00ebr t\u00eb gjith\u00eb besimtar\u00ebt. Profeti i Shenjt\u00eb s.a.v.s. hodhi themelet e paqes n\u00eb shoq\u00ebri. Ai s.a.v.s. vendosi t\u00eb drejtat e grave, udh\u00ebzoi q\u00eb t\u00eb jemi t\u00eb sjellsh\u00ebm me prind\u00ebrit, t\u00eb trajtojm\u00eb f\u00ebmij\u00ebt me dashuri, t\u00eb respektojm\u00eb fqinj\u00ebt dhe t\u00eb af\u00ebrmit, t\u00eb ndihmojm\u00eb t\u00eb varf\u00ebrit dhe nevojtar\u00ebt dhe t\u00eb tregojm\u00eb dhembshuri p\u00ebr t\u00eb gjith\u00eb njer\u00ebzit, pavar\u00ebsisht nga ngjyra e l\u00ebkur\u00ebs, feja apo komb\u00ebsia q\u00eb i p\u00ebrkasim.<\/p>\n<h2>Si sillej Profeti Muhammed s.a.v.s. me ata q\u00eb e fyenin?<\/h2>\n<p>P\u00ebr k\u00ebt\u00eb arsye musliman\u00ebt kan\u00eb nj\u00eb dashuri kaq t\u00eb thell\u00eb p\u00ebr t\u00eb D\u00ebrguarin e Allahut n\u00eb zemrat e tyre saq\u00eb \u00e7do n\u00ebn\u00e7mim ose ofendim kund\u00ebr tij shkakton dhimbje t\u00eb thell\u00eb tek ne. Ekstremist\u00ebt radikal\u00eb iu p\u00ebrgjigj\u00ebn k\u00ebtyre karikaturave me dhun\u00eb, edhe pse Profeti Muhammed s.a.v.s. kishte ndaluar shprehimisht dhun\u00ebn. Shembulli i tij i p\u00ebrsosur na tregon se si ai reagoi vet\u00eb ndaj ofendimeve dhe k\u00ebshtu dha nj\u00eb shembull p\u00ebr musliman\u00ebt.<\/p>\n<p>Ebu Lehebi, nj\u00eb armik i Profetit t\u00eb Allahut s.a.v.s. s\u00eb bashku me gruan e tij ishin t\u00eb njohur p\u00ebr hedhjen e gur\u00ebve, talljeve ose plehrave mbi Profetin s.a.v.s.. N\u00eb nj\u00eb hadith, p\u00ebrgjigjja e vetme e Profetits.a.v.s. ishte nj\u00eb lutje, e cila \u00ebsht\u00eb:<\/p>\n<p><img loading=\"lazy\" decoding=\"async\" class=\"aligncenter size-full wp-image-11442\" src=\"https:\/\/www.ahmadiyya-islam.org\/al\/wp-content\/uploads\/sites\/3\/2020\/11\/lutja-la-havle.jpg\" alt=\"Lutje p\u00ebr fuqi\" width=\"250\" height=\"61\" \/><\/p>\n<blockquote>\n<p style=\"text-align: left;\"><em>L\u0101 havle ve l\u0101 kuvvete il-l\u0101 bil-l\u0101h<\/em><\/p>\n<p style=\"text-align: left;\"><strong>\u201cAskush nuk ka fuqi gjith\u00ebp\u00ebrfshir\u00ebse p\u00ebrve\u00e7 Allahut\u201d.<\/strong><\/p>\n<\/blockquote>\n<p>Dhuna nuk ishte kurr\u00eb nj\u00eb zgjidhje p\u00ebr njer\u00ebzit q\u00eb fyenin Profetin s.a.v.s.. Nj\u00eb shembull tjet\u00ebr nga Ibn Seluli[1] e b\u00ebn t\u00eb qart\u00eb edhe nj\u00eb her\u00eb se sa e r\u00ebnd\u00ebsishme ishte nj\u00eb zgjidhje paq\u00ebsore p\u00ebr Profetin s.a.v.s.. Kur Ibn Seluli hyri n\u00eb nj\u00eb dialog me Profetin s.a.v.s., ai filloi ta fyej\u00eb at\u00eb, dhe disa shok\u00eb u ngrit\u00ebn p\u00ebr ta sulmuar at\u00eb. Profeti s.a.v.s. menj\u00ebher\u00eb i qet\u00ebsoi shok\u00ebt e tij dhe i udh\u00ebzoi t\u00eb ishin paq\u00ebsor\u00eb me nj\u00ebri-tjetrin. Kjo ngjarje nuk ndodhi n\u00eb Mek\u00eb, ku musliman\u00ebt ishin ende n\u00eb pakic\u00eb, por n\u00eb Medine, kur Profeti s.a.v.s. ishte zgjedhur tashm\u00eb n\u00eb krye dhe ishte n\u00eb nj\u00eb pozit\u00eb t\u00eb pushtetit.<\/p>\n<h2>Hadithi i famsh\u00ebm rreth ep\u00ebrsis\u00eb s\u00eb komb\u00ebsis\u00eb dhe ngjyr\u00ebs<\/h2>\n<p>N\u00eb predikimin e tij t\u00eb famsh\u00ebm lamtumir\u00ebs n\u00eb malin Arafat, Profeti Muhammed s.a.v.s. tha:<\/p>\n<p><img loading=\"lazy\" decoding=\"async\" class=\"aligncenter size-full wp-image-11443\" src=\"https:\/\/www.ahmadiyya-islam.org\/al\/wp-content\/uploads\/sites\/3\/2020\/11\/Hadithi-ne-Arafat.jpg\" alt=\"Hadithi ep\u00ebrsia arabi i bardhi\" width=\"388\" height=\"150\" srcset=\"https:\/\/www.ahmadiyya-islam.org\/al\/wp-content\/uploads\/sites\/3\/2020\/11\/Hadithi-ne-Arafat.jpg 388w, https:\/\/www.ahmadiyya-islam.org\/al\/wp-content\/uploads\/sites\/3\/2020\/11\/Hadithi-ne-Arafat-300x116.jpg 300w\" sizes=\"auto, (max-width: 388px) 100vw, 388px\" \/><\/p>\n<blockquote><p>\u201c<em>Nj\u00eb arab nuk ka p\u00ebrpar\u00ebsi ndaj nj\u00eb joarabi. Nj\u00eb joarab nuk ka p\u00ebrpar\u00ebsi ndaj nj\u00eb arabi. Nj\u00eb i kuq nuk \u00ebsht\u00eb m\u00eb superior se nj\u00eb i zi, as nj\u00eb i zi nuk \u00ebsht\u00eb m\u00eb superior se nj\u00eb i kuq<\/em>\u201d.[2]<\/p><\/blockquote>\n<p>N\u00eb nj\u00eb transmetim tjet\u00ebr, Profeti Muhammed s.a.v.s. tha:<\/p>\n<p><img loading=\"lazy\" decoding=\"async\" class=\"aligncenter size-full wp-image-11444\" src=\"https:\/\/www.ahmadiyya-islam.org\/al\/wp-content\/uploads\/sites\/3\/2020\/11\/Zoti-shikon-zemrat.jpg\" alt=\"hadithi pamja dhe zemra\" width=\"389\" height=\"110\" srcset=\"https:\/\/www.ahmadiyya-islam.org\/al\/wp-content\/uploads\/sites\/3\/2020\/11\/Zoti-shikon-zemrat.jpg 389w, https:\/\/www.ahmadiyya-islam.org\/al\/wp-content\/uploads\/sites\/3\/2020\/11\/Zoti-shikon-zemrat-300x85.jpg 300w\" sizes=\"auto, (max-width: 389px) 100vw, 389px\" \/><\/p>\n<blockquote>\n<p style=\"text-align: left;\">\u201c<em>Me t\u00eb v\u00ebrtet\u00eb, Allahu nuk shikon trupat tuaj ose pamjen tuaj, por Ai shikon zemrat tuaja<\/em>\u201d.[3]<\/p>\n<\/blockquote>\n<h2>Askujt nuk i \u00ebsht\u00eb garantuar shp\u00ebtimi<\/h2>\n<p>Profeti Muhammed s.a.v.s. ua kishte b\u00ebr\u00eb t\u00eb qart\u00eb t\u00eb gjith\u00eb shok\u00ebve, miqve dhe an\u00ebtar\u00ebve t\u00eb familjes s\u00eb tij se nuk kishte asnj\u00eb garanci t\u00eb dh\u00ebn\u00eb ndaj Allahut. Ai ia b\u00ebri t\u00eb qart\u00eb vajz\u00ebs s\u00eb tij Hazret Fatimes r.anha:<\/p>\n<blockquote><p>\u201c<em>O Fatime! Mos u mb\u00ebshtet n\u00eb k\u00ebt\u00eb marr\u00ebdh\u00ebnie se je bij\u00eb e nj\u00eb profeti. Asnj\u00eb pyetje se kush \u00ebsht\u00eb babai juaj nuk do t\u00eb b\u00ebhet n\u00eb Dit\u00ebn e Gjykimit. Aty veprat do t\u00eb llogariten!<\/em>\u201d[4]<\/p><\/blockquote>\n<p>Me m\u00ebsimin e p\u00ebrsosur t\u00eb Kuranit dhe praktik\u00ebn e tij shembullore, Profeti i Shenjt\u00eb s.a.v.s. e ka shnd\u00ebrruar popullin arab t\u00eb ndar\u00eb dhe barbar n\u00eb nj\u00eb popull paq\u00ebsor dhe besimtar dhe na ka l\u00ebn\u00eb nj\u00eb shembull se si mund ta b\u00ebjm\u00eb bot\u00ebn nj\u00eb bot\u00eb m\u00eb t\u00eb mir\u00eb dhe nj\u00eb kontakt t\u00eb gjall\u00eb p\u00ebr t\u00eb \u00e7muar Zotin.<\/p>\n<h2>Ndjekja e Profetit Muhammed s.a.v.s. \u00ebsht\u00eb e domosdoshme<\/h2>\n<p>Mesihu i Premtuar a.s. na sugjeroi r\u00ebnd\u00ebsin\u00eb e madhe t\u00eb ndjekjes s\u00eb Profetit t\u00eb Shenjt\u00eb s.a.v.s. me gjith\u00eb forc\u00ebn dhe tha:<\/p>\n<blockquote><p>\u201c<em>Si t\u2019i shprehim mir\u00ebnjohje Zotit, i Cili na mund\u00ebsoi ndjekjen e atij Profeti, q\u00eb sh\u00ebrben si diell p\u00ebr shpirtrat fisnik\u00eb, ashtu sikur kemi diellin p\u00ebr trupat ton\u00eb. Ai u shfaq kur pushtonte err\u00ebsira gjithkund, dhe me an\u00eb t\u00eb drit\u00ebs s\u00eb tij, ndri\u00e7oi gjith\u00eb bot\u00ebn. Ai as nuk u lodh e as nuk u kapit derisa nuk e \u00e7liroi gjith\u00eb Arabin\u00eb nga shirku. Ai \u00ebsht\u00eb vet argument p\u00ebr v\u00ebrtet\u00ebsin\u00eb e tij, sepse drita e tij \u00ebsht\u00eb e pranishme n\u00eb \u00e7do koh\u00eb, bindja e n\u00ebnshtrimi ndaj tij e d\u00eblir\u00ebson njeriun ashtu sikur uji i past\u00ebr i lumit heq njollat e rrob\u00ebs<\/em>\u201d.[5]<\/p><\/blockquote>\n<p>Mesihu i Premtuar, Hazret Mirza Ghulam Ahmedi a.s., u shfaq n\u00eb koh\u00ebt e fundit si pasqyrimi i p\u00ebrsosur i Profetit ton\u00eb t\u00eb dashur s.a.v.s. n\u00eb m\u00ebnyr\u00eb q\u00eb t\u00eb mbroj\u00eb virtytet dhe vlerat fisnike t\u00eb Profetit t\u00eb Shenjt\u00eb s.a.v.s. edhe nj\u00eb her\u00eb n\u00eb epok\u00ebn ton\u00eb, p\u00ebr t\u00eb mbyllur hendekun q\u00eb ka lindur midis njer\u00ebzve dhe Krijuesit t\u00eb tyre dhe p\u00ebr t\u2019i sjell\u00eb ata p\u00ebrs\u00ebri n\u00eb af\u00ebrsi t\u00eb Zotit me t\u00eb cilin Profeti i Shenjt\u00eb s.a.v.s. dikur bashkoi pasuesit e tij t\u00eb p\u00ebrsosur. Lidhur me favorin dhe hirin q\u00eb mori nga Allahu, ai nj\u00eb her\u00eb tha se ky nder i ishte dh\u00ebn\u00eb vet\u00ebm p\u00ebrmes bindjes ndaj Profetit t\u00eb Shenjt\u00eb, dhe n\u00ebse ai nuk do t\u00eb kishte qen\u00eb nd\u00ebr ndjek\u00ebsit e tij dhe nuk do ta kishte ndjekur me t\u00eb v\u00ebrtet\u00eb, ai edhepse mund t\u00eb kishte b\u00ebr\u00eb vepra t\u00eb mira sa malet n\u00eb tok\u00eb, ato vepra kurr\u00eb nuk do t\u2019ia jepnin k\u00ebt\u00eb favor.<\/p>\n<p>Mesihu i Premtuar a.s. tha:<\/p>\n<blockquote><p>\u201c<em>Trajtojini t\u00eb gjith\u00eb krijesat e Zotit me dashuri t\u00eb thell\u00eb sikur t\u00eb ishin an\u00ebtar\u00eb t\u00eb ngusht\u00eb t\u00eb familjes tuaj. Trajtojeni njer\u00ebzimin n\u00eb t\u00eb nj\u00ebjt\u00ebn m\u00ebnyr\u00eb sikurse nj\u00eb n\u00ebn\u00eb e trajton f\u00ebmij\u00ebn e saj<\/em>\u201d.[6]<\/p><\/blockquote>\n<h2>Xhemati Musliman Ahmedi &#8211; nj\u00eb komunitet multietnik<\/h2>\n<p>Xhemati Musliman Ahmedia nuk \u00ebsht\u00eb komunitet i nj\u00eb populli ose e nj\u00eb vendi, \u00ebsht\u00eb komunitet q\u00eb e p\u00ebrfaq\u00ebson nj\u00eb fe universale me njer\u00ebz nga e gjith\u00eb bota. E vetmja gj\u00eb q\u00eb ka r\u00ebnd\u00ebsi p\u00ebr Zotin \u00ebsht\u00eb druajtja ndaj Zotit:<\/p>\n<p><img loading=\"lazy\" decoding=\"async\" class=\"aligncenter size-full wp-image-11445\" src=\"https:\/\/www.ahmadiyya-islam.org\/al\/wp-content\/uploads\/sites\/3\/2020\/11\/Druajtja-ndaj-Zotit.jpg\" alt=\"Takva ndaj Zotit\" width=\"389\" height=\"106\" srcset=\"https:\/\/www.ahmadiyya-islam.org\/al\/wp-content\/uploads\/sites\/3\/2020\/11\/Druajtja-ndaj-Zotit.jpg 389w, https:\/\/www.ahmadiyya-islam.org\/al\/wp-content\/uploads\/sites\/3\/2020\/11\/Druajtja-ndaj-Zotit-300x82.jpg 300w\" sizes=\"auto, (max-width: 389px) 100vw, 389px\" \/><\/p>\n<blockquote><p>\u201c<strong>Tek Allahu, m\u00eb i nderuari mes jush \u00ebsht\u00eb ai q\u00eb ka m\u00eb shum\u00eb takva (druajtje). Sigurisht, Allahu \u00ebsht\u00eb i Gjith\u00ebdijsh\u00ebm, i Gjithinformuar<\/strong>\u201d.[7]<\/p><\/blockquote>\n<p>Kjo gjithmon\u00eb duhet t\u00eb merret parasysh brenda radh\u00ebve tona, n\u00eb m\u00ebnyr\u00eb q\u00eb ne t\u00eb mund t\u00eb ofrojm\u00eb veten si nj\u00eb nj\u00ebsi e fort\u00eb p\u00ebrpara Kalifit t\u00eb Mesihut t\u00eb koh\u00ebs ton\u00eb. Ne ve\u00e7an\u00ebrisht duhet t\u2019i kushtojm\u00eb v\u00ebmendje k\u00ebtij mendimi kur vendosim p\u00ebr nj\u00eb martes\u00eb.\u00a0Hazreti Kalifi i Pest\u00eb i Mesihut t\u00eb Premtuar (Allahu e ndihmoft\u00eb fuqimisht) ua b\u00ebri t\u00eb qart\u00eb prind\u00ebrve t\u00eb Xhematit Ahmedia t\u00eb Gjermanis\u00eb n\u00eb nj\u00eb mesazh t\u00eb ve\u00e7ant\u00eb p\u00ebr \u00e7\u00ebshtjet e martes\u00ebs:<\/p>\n<blockquote><p>\u201c<em>Un\u00eb nj\u00eb her\u00eb citova Hazret Mesihun e Premtuar a.s. n\u00eb nj\u00eb fjalim t\u00eb s\u00eb Premtes dhe deklarova se origjina e ndryshme familjare nuk ka arsye p\u00ebr madh\u00ebshti. Allahu krijoi prejardhje t\u00eb ndryshme n\u00eb m\u00ebnyr\u00eb q\u00eb njer\u00ebrit t\u00eb njihen me nj\u00ebri-tjetrin. Sot \u00ebsht\u00eb e v\u00ebshtir\u00eb t\u00eb gjesh se kush ishin paraardh\u00ebsit e kat\u00ebr brezave m\u00eb par\u00eb. Nuk \u00ebsht\u00eb n\u00eb dinjitetin e nj\u00eb personi besimtar t\u00eb p\u00ebrfshihet n\u00eb mosmarr\u00ebveshjet e prejardhjes. Allahu ka vendosur q\u00eb prejardhja nuk ka r\u00ebnd\u00ebsi para Tij. Madh\u00ebshtia dhe nderi i v\u00ebrtet\u00eb q\u00ebndron n\u00eb druajtjen ndaj Zotit. Prandaj nuk duhet t\u00eb p\u00ebrfshiheni n\u00eb k\u00ebto gj\u00ebra. N\u00eb drit\u00ebn e k\u00ebtyre deklaratave ju duhet t\u00eb shihni vet\u00ebm n\u00ebse djali apo vajza jan\u00eb ahmedian\u00eb dhe q\u00eb t\u00eb dy pajtohen p\u00ebr martes\u00ebn. Ata nuk duhet t\u00eb pengojn\u00eb pa nevoj\u00eb martes\u00ebn ose t\u00eb provojn\u00eb f\u00ebmij\u00ebt e tyre. T\u00eb druajtur ndaj Zotit dhe t\u00eb shoq\u00ebruar me lutje, ata duhet t\u00eb zgjidhin martes\u00ebn<\/em>\u201d.[8]<\/p><\/blockquote>\n<h2>N\u00eb \u00e7far\u00eb duhet t\u00eb fokusohemi gjat\u00eb gjith\u00eb koh\u00ebs?<\/h2>\n<p>Me hirin e Zotit dhe bekimet e Kalifatit, Xhemati Musliman Ahmedia i Gjermanis\u00eb po p\u00ebrjeton rritje dhe p\u00ebrparim t\u00eb q\u00ebndruesh\u00ebm n\u00eb Xhemat. Nga ana tjet\u00ebr, ne p\u00ebrjetojm\u00eb nj\u00eb m\u00ebnyr\u00eb t\u00eb shpejt\u00eb t\u00eb t\u00eb menduarit me nj\u00eb mbingarkes\u00eb t\u00eb fort\u00eb informacioni t\u00eb gj\u00ebrave t\u00eb panevojshme me rrezikun q\u00eb t\u00eb mos e shohim q\u00ebllimin ton\u00eb. Ne duhet t\u00eb jemi vigjilent\u00eb dhe t\u00eb punojm\u00eb shum\u00eb fort p\u00ebr veten ton\u00eb. Ne duhet t\u00eb thellohemi, t\u00eb reflektojm\u00eb dhe vazhdojm\u00eb t\u00eb pyesim veten:<\/p>\n<ul>\n<li>\u00c7far\u00eb kontributi mund t\u00eb jap p\u00ebr Zotin?<\/li>\n<li>\u00c7far\u00eb t\u00eb b\u00ebj p\u00ebr madh\u00ebshtin\u00eb e Profetit Muhamed s.a.v.s.? A lexoj t\u00eb pakt\u00ebn Durud Sherif (lutje bekimi dhe salavate)?<\/li>\n<li>A gjej koh\u00eb p\u00ebr Xhematin dhe programet e Xhematit?<\/li>\n<li>Kur pata koh\u00eb t\u00eb mendoja vet\u00ebm p\u00ebr aspektet pozitive t\u00eb jet\u00ebs sime dhe ta fal\u00ebnderoja Zotin p\u00ebr t\u00eb? P\u00ebrmendet n\u00eb hadith se kur bintee shi, Profeti i Shenjt\u00eb s.a.v.s. hyri n\u00eb oborr dhe nxori gjuh\u00ebn p\u00ebr t\u00eb shijuar pikat e shiut dhe m\u00eb pas tha:<\/li>\n<\/ul>\n<p><img loading=\"lazy\" decoding=\"async\" class=\"aligncenter size-full wp-image-11446\" src=\"https:\/\/www.ahmadiyya-islam.org\/al\/wp-content\/uploads\/sites\/3\/2020\/11\/Shiu-nga-Zoti.jpg\" alt=\"Shiu bekim nga Zoti\" width=\"226\" height=\"52\" \/><\/p>\n<p>\u201c<em>Ky \u00ebsht\u00eb nj\u00eb bekim i fresk\u00ebt nga Zoti im<\/em>\u201d.[9] P\u00ebr Profetin e Shenjt\u00eb s.a.v.s. ishin nuk ishin pika shiu n\u00eb gjuh\u00eb, por nj\u00eb bekim nga Zoti!<\/p>\n<ul>\n<li>A e kam pyetur ndonj\u00ebher\u00eb fqinjin tim n\u00ebse ai ka nevoj\u00eb p\u00ebr mb\u00ebshtetje p\u00ebr shkak t\u00eb rrethanave t\u00eb Koronavirusit?<\/li>\n<li>A gjej koh\u00eb p\u00ebr prind\u00ebrit dhe familjen time?<\/li>\n<li>A m\u00eb intereson martesa e f\u00ebmij\u00ebve t\u00eb mi?<\/li>\n<li>A lutem dhe a b\u00ebj Tehexhud (namaz nate) pes\u00eb her\u00eb n\u00eb dit\u00eb?<\/li>\n<\/ul>\n<p>Mesihu i Premtuar a.s. tha:<\/p>\n<blockquote><p>\u201c<em>P\u00ebr sa koh\u00eb q\u00eb nj\u00eb person nuk merret me veten e tij, ai nuk mund t\u00eb b\u00ebhet m\u00eb i mir\u00eb<\/em>\u201d.[10]<\/p><\/blockquote>\n<h2>Namazi dhe lutja sipas Profetit t\u00eb Shenjt\u00eb s.a.v.s. dhe Mesihut t\u00eb Premtuar a.s.<\/h2>\n<p>Vet\u00ebreflektimi m\u00eb i madh \u00ebsht\u00eb namazi! Profeti i Shenjt\u00eb s.a.v.s. tha:<\/p>\n<p><img loading=\"lazy\" decoding=\"async\" class=\"aligncenter size-full wp-image-11447\" src=\"https:\/\/www.ahmadiyya-islam.org\/al\/wp-content\/uploads\/sites\/3\/2020\/11\/Namazi-qetesim-i-syrit.jpg\" alt=\"Namazi freskim i syve\" width=\"273\" height=\"54\" \/><\/p>\n<blockquote><p>\u201c<em>K\u00ebnaq\u00ebsia dhe freskia e syve t\u00eb mi gjendet n\u00eb namaz<\/em>\u201d.[11]<\/p><\/blockquote>\n<p>Lutja \u00ebsht\u00eb ajo q\u00eb na jep forc\u00eb n\u00eb jet\u00ebn e p\u00ebrditshme dhe nj\u00eb ndryshim pozitiv tek ne!<\/p>\n<p>Mesihu i Premtuar a.s. tha:<\/p>\n<blockquote><p>\u201c<em>Lutja q\u00eb sjell k\u00ebnaq\u00ebsi dhe zell p\u00ebr m\u00eb shum\u00eb adhurim, komunikon me Zotin dhe ofrohet n\u00eb t\u00eb gjitha efektet e p\u00ebrul\u00ebsis\u00eb sjell nj\u00eb ndryshim n\u00eb jet\u00ebn njer\u00ebzore. Dhe ai ndryshim ndjehet menj\u00ebher\u00eb nga ata q\u00eb luten k\u00ebshtu. Ky ndryshim e b\u00ebn at\u00eb t\u00eb kuptoj\u00eb se ai nuk \u00ebsht\u00eb m\u00eb ai q\u00eb ishte m\u00eb par\u00eb<\/em>\u201d.[12]<\/p><\/blockquote>\n<h2>\u00c7far\u00eb thon\u00eb studimet e fundit shkencore n\u00eb lidhje me lutjen?<\/h2>\n<p>K\u00ebto ndryshime q\u00eb lutja mund t\u00eb sjell\u00eb jan\u00eb studiuar dhe studiuar shkenc\u00ebrisht n\u00eb vitet e fundit. Studimet zbulojn\u00eb shum\u00eb p\u00ebrfitime t\u00eb lutjes dhe meditimit p\u00ebr sh\u00ebndetin mendor dhe fizik. P\u00ebrfitimet e p\u00ebrmendura p\u00ebrfshijn\u00eb: leht\u00ebsimin e stresit dhe ankthit, promovimin e nj\u00eb opinioni m\u00eb pozitiv[13], p\u00ebrmir\u00ebsimin i aft\u00ebsive p\u00ebr t\u2019iu kushtuar v\u00ebmendje[14] dhe luftimin e depresionit[15]. Hulumtimi gjithashtu tregon nj\u00eb lidhje midis lutjes dhe zvog\u00eblimit t\u00eb zakoneve t\u00eb d\u00ebmshme, t\u00eb tilla si konsumimi i tep\u00ebrt i alkoolit[16]. Nj\u00eb studim tjet\u00ebr gjeti nj\u00eb lidhje t\u00eb ngusht\u00eb midis lutjes dhe k\u00ebnaq\u00ebsis\u00eb n\u00eb marr\u00ebdh\u00ebnie.[17]<\/p>\n<p>Na duhen t\u00eb gjitha k\u00ebto ndryshime pozitive tani m\u00eb shum\u00eb se kurr\u00eb!<\/p>\n<p>Rezultate t\u00eb tilla t\u00eb studimeve tregojn\u00eb se dobia e lutjes nuk \u00ebsht\u00eb as hipotetike dhe as iluzive dhe se lutjet nuk jan\u00eb thjesht p\u00ebrs\u00ebritje t\u00eb fjal\u00ebve boshe. P\u00ebrkundrazi, lutja ka efekte t\u00eb prekshme. Ajo shkakton ndryshime t\u00eb matshme tek ne. Ne mund t\u00eb shikojm\u00eb efektet.<\/p>\n<p>N\u00ebse nuk e keni filluar rregullisht namazin, provojeni! Lutju Allahut n\u00eb <em>sexhde <\/em>q\u00eb t\u00eb hap zemr\u00ebn t\u00ebnde!<\/p>\n<h2>N\u00eb cil\u00ebn pozit\u00eb gjat\u00eb namazit jemi m\u00eb af\u00ebr Zotit t\u00eb Madh\u00ebruar?<\/h2>\n<p>Profeti i Shenjt\u00eb, Muhammedi s.a.v.s. tha di\u00e7ka shum\u00eb interesante e cila shpjegon se \u00e7far\u00eb ndodh kur nj\u00eb musliman b\u00ebn sexhde dhe lutet. \u00cbsht\u00eb p\u00ebrshkruar si momenti kur nj\u00eb person \u00ebsht\u00eb m\u00eb af\u00ebr Zotit t\u00eb tij. Thjesht kulmi i lutjes. Profeti i Shenjt\u00eb, Muhammedi s.a.v.s. la nj\u00eb trash\u00ebgimi t\u00eb mrekullueshme t\u00eb udh\u00ebzimit shpirt\u00ebror, e cila pasqyrohet n\u00eb fjal\u00ebt vijuese:<\/p>\n<p><img loading=\"lazy\" decoding=\"async\" class=\"aligncenter size-full wp-image-11448\" src=\"https:\/\/www.ahmadiyya-islam.org\/al\/wp-content\/uploads\/sites\/3\/2020\/11\/Sexhdeja-afer-Zotit.jpg\" alt=\"Sexhde Zoti af\u00ebrsia\" width=\"386\" height=\"100\" srcset=\"https:\/\/www.ahmadiyya-islam.org\/al\/wp-content\/uploads\/sites\/3\/2020\/11\/Sexhdeja-afer-Zotit.jpg 386w, https:\/\/www.ahmadiyya-islam.org\/al\/wp-content\/uploads\/sites\/3\/2020\/11\/Sexhdeja-afer-Zotit-300x78.jpg 300w\" sizes=\"auto, (max-width: 386px) 100vw, 386px\" \/><\/p>\n<blockquote><p>\u201c<em>Gjat\u00eb sexhdes n\u00eb lutje, njeriu \u00ebsht\u00eb m\u00eb af\u00ebr Zotit t\u00eb tij. Prandaj duhet t\u00eb luteni intensivisht n\u00eb sexhde<\/em>\u201d.[18]<\/p><\/blockquote>\n<p>Ky moment \u00ebsht\u00eb gjith\u00e7ka!<\/p>\n<p>Kjo heshtje, me kok\u00ebn n\u00eb tok\u00eb, duke ditur q\u00eb Zoti i Plotfuqish\u00ebm po ju d\u00ebgjon, ju turp\u00ebroheni dhe filloni t\u00eb qani. Dikush pyet veten pse duhet t\u00eb jem i denj\u00eb q\u00eb Krijuesi i universit t\u00eb m\u00eb d\u00ebgjoj\u00eb? Kur je si \u00e7do shpirt tjet\u00ebr, si \u00e7do qenie njer\u00ebzore q\u00eb p\u00ebrjeton lindjen dhe vdekjen. Por ai moment ekziston. Dhe mund t\u00eb p\u00ebrjetohet nga \u00e7dokush, n\u00eb \u00e7do koh\u00eb, deri n\u00eb at\u00eb pik\u00eb sa lutja t\u00eb b\u00ebhet pjes\u00eb integrale e jet\u00ebs. N\u00eb k\u00ebt\u00eb pik\u00eb do t\u00eb kuptoni pse lutja \u00ebsht\u00eb thelb\u00ebsore.<\/p>\n<h2>Lutja e p\u00ebrbashk\u00ebt me an\u00ebtar\u00ebt e familjes shton dashurin\u00eb<\/h2>\n<p>Sidomos tani p\u00ebr shkak t\u00eb situat\u00ebs aktuale, ne duhet t\u00eb b\u00ebjm\u00eb m\u00eb shum\u00eb namaz t\u00eb p\u00ebrbashk\u00ebt n\u00eb sht\u00ebpi s\u00eb bashku me familjen. Nuk ka asgj\u00eb m\u00eb t\u00eb mir\u00eb se n\u00eb namaz kur burri lutet p\u00ebr gruan dhe f\u00ebmij\u00ebt e tij dhe, n\u00eb t\u00eb nj\u00ebjt\u00ebn koh\u00eb, gruaja p\u00ebr burrin dhe f\u00ebmij\u00ebt e saj dhe f\u00ebmij\u00ebt p\u00ebr prind\u00ebrit e tyre. Kjo jo vet\u00ebm q\u00eb krijon nj\u00eb atmosfer\u00eb shpirt\u00ebrore brenda kat\u00ebr mureve tuaja, por gjithashtu lejon q\u00eb nj\u00eb dimension i ri i dashuris\u00eb t\u00eb lul\u00ebzoj\u00eb n\u00eb zem\u00ebr. Mesihu i Premtuar a.s. p\u00ebrshkruan marr\u00ebdh\u00ebnien e babait me f\u00ebmiun e tij si nj\u00eb nd\u00ebrveprim. Ai p\u00ebrshkruan se lutja e babait p\u00ebr f\u00ebmij\u00ebn e tij dhe lutja e f\u00ebmij\u00ebs p\u00ebr baban\u00eb e tij kan\u00eb nj\u00eb ndikim shum\u00eb t\u00eb madh n\u00eb p\u00ebrgjigjen e lutjeve.[19]<\/p>\n<h2>Namazi i Profetit t\u00eb Shenjt\u00eb s.a.v.s. gjat\u00eb s\u00ebmundjes s\u00eb r\u00ebnd\u00eb ose lodhjes s\u00eb tep\u00ebrt<\/h2>\n<p><img loading=\"lazy\" decoding=\"async\" class=\"aligncenter size-full wp-image-11449\" src=\"https:\/\/www.ahmadiyya-islam.org\/al\/wp-content\/uploads\/sites\/3\/2020\/11\/Namazi-dhe-semundja-e-Profetit.jpg\" alt=\"Namazi gjat\u00eb s\u00ebmundjes\" width=\"391\" height=\"262\" srcset=\"https:\/\/www.ahmadiyya-islam.org\/al\/wp-content\/uploads\/sites\/3\/2020\/11\/Namazi-dhe-semundja-e-Profetit.jpg 391w, https:\/\/www.ahmadiyya-islam.org\/al\/wp-content\/uploads\/sites\/3\/2020\/11\/Namazi-dhe-semundja-e-Profetit-300x201.jpg 300w\" sizes=\"auto, (max-width: 391px) 100vw, 391px\" \/><\/p>\n<p>Profeti i Shenjt\u00eb s.a.v.s. ishte aq i etur p\u00ebr t\u00eb marr\u00eb pjes\u00eb n\u00eb lutjet e zakonshme, saq\u00eb edhe gjat\u00eb s\u00ebmundjes s\u00eb r\u00ebnd\u00eb, kur nuk lejohej vet\u00ebm t\u00eb b\u00ebje lutjet n\u00eb dhom\u00ebn e vet, por edhe i shtrir\u00eb n\u00eb shtrat, ai shkoi n\u00eb xhami p\u00ebr t\u00eb drejtuar lutjet. N\u00eb nj\u00eb rast kur ai nuk ishte n\u00eb gjendje t\u00eb shkonte n\u00eb xhami, porositi Hazret Ebu Bekrin r.anhu t\u00eb drejtoj\u00eb namazin. Pas pak, megjithat\u00eb, ai ndjeu nj\u00eb p\u00ebrmir\u00ebsim n\u00eb sh\u00ebndetin e tij dhe k\u00ebrkoi ndihm\u00eb p\u00ebr t\u00eb arritur n\u00eb xhami. Ai vari krah\u00ebt mbi supet e dy burrave, por ishte aq i dob\u00ebt saq\u00eb, sipas Hazret Aishes r.anha, k\u00ebmb\u00ebt e tij zvarriteshin p\u00ebrgjat\u00eb dyshemes\u00eb.[20]<\/p>\n<p><img loading=\"lazy\" decoding=\"async\" class=\"aligncenter size-full wp-image-11450\" src=\"https:\/\/www.ahmadiyya-islam.org\/al\/wp-content\/uploads\/sites\/3\/2020\/11\/Namazi-litari-dhe-Zejnebja.jpg\" alt=\"Namazi rehatia mb\u00ebshtetja\" width=\"390\" height=\"308\" srcset=\"https:\/\/www.ahmadiyya-islam.org\/al\/wp-content\/uploads\/sites\/3\/2020\/11\/Namazi-litari-dhe-Zejnebja.jpg 390w, https:\/\/www.ahmadiyya-islam.org\/al\/wp-content\/uploads\/sites\/3\/2020\/11\/Namazi-litari-dhe-Zejnebja-300x237.jpg 300w\" sizes=\"auto, (max-width: 390px) 100vw, 390px\" \/><\/p>\n<p>Pasi Profeti i Shenjt\u00eb s.a.v.s. erdhi n\u00eb sht\u00ebpi, vuri re nj\u00eb litar t\u00eb shtrir\u00eb midis dy shtyllave. Ai s.a.v.s. pyeti se \u00e7far\u00eb do t\u00eb thoshte kjo dhe m\u00ebsoi se gruaja e tij, Hazret Zejnebja r.anha e p\u00ebrdorte litarin p\u00ebr t\u2019u mb\u00ebshtetur kur ajo lodhej gjat\u00eb lutjeve t\u00eb saj t\u00eb gjata. Ai s.a.v.s. e hoqi litarin dhe tha q\u00eb lutjet duhej t\u00eb vazhdonin vet\u00ebm p\u00ebr sa koh\u00eb q\u00eb dikush \u00ebsht\u00eb rehat dhe i qet\u00eb, dhe n\u00ebse dikush \u00ebsht\u00eb i lodhur, ai duhet t\u00eb ulet. Lutja nuk \u00ebsht\u00eb nj\u00eb nd\u00ebshkim dhe n\u00ebse njeriu vazhdon t\u00eb lutet pasi trupi t\u00eb lodhet, ai do t\u00eb d\u00ebshtoj\u00eb. [21]<\/p>\n<p>Aq e v\u00ebshtir\u00eb ishte p\u00ebr gruan e Profetit t\u00eb Shenjt\u00eb s.a.v.s. q\u00eb t\u00eb k\u00ebrkonte bekimet e Allahut!<\/p>\n<h2>P\u00ebrhumbja e njeriut n\u00eb Qenien e Allahut (<em>fena fil-lah<\/em>)<\/h2>\n<p>Un\u00eb d\u00ebshiroj ta mbylli fjalimin tim me nj\u00eb citim nga Mesihu i Premtuar a.s. dhe themeluesi i Xhematit Musliman Ahmedia:<\/p>\n<blockquote><p><em>\u201cDerisa njeriu nuk e konsideron veten asgj\u00eb ose t\u00eb ngjashme me t\u00eb dhe derisa nuk dor\u00ebzohet p\u00ebrpara Zotit, gj\u00eb q\u00eb \u00ebsht\u00eb e drejta e Krijuesit ndaj tij, ai nuk fiton bekimin dhe hir\u00ebsin\u00eb e Tij. Por n\u00ebse ai e b\u00ebn k\u00ebt\u00eb, fiton at\u00eb lumturi, q\u00eb nuk ka k\u00ebnaq\u00ebsi m\u00eb t\u00eb madhe se ajo.\u201d<\/em>[22]<\/p><\/blockquote>\n<h2>P\u00ebrfundim<\/h2>\n<p>Allahu na mund\u00ebsoft\u00eb, n\u00ebn udh\u00ebheqjen e bekuar t\u00eb pasardh\u00ebsve t\u00eb Mesihut t\u00eb Premtuar a.s., Kalifit t\u00eb tij t\u00eb udh\u00ebhequr nga Zoti \u2013 Hazret Mirza Masrur Ahmedi \u2013 Allahu e ndihmoft\u00eb fuqimisht, p\u00ebr t\u00eb ndjekur gjurm\u00ebt e k\u00ebtij Profeti t\u00eb nderuar dhe fisnik s.a.v.s., p\u00ebr t\u00eb ndjekur shembullin e veprave t\u00eb Profetit t\u00eb Shenjt\u00eb s.a.v.s. dhe t\u00eb ndri\u00e7ojm\u00eb bot\u00ebn me drit\u00ebn e tij [Amin].<\/p>\n<p><iframe loading=\"lazy\" title=\"Jalsa Seeratun Nabi - LIVE | Deutsch\" width=\"900\" height=\"506\" src=\"https:\/\/www.youtube.com\/embed\/cS47jMV9bAA?start=6411&#038;feature=oembed\" frameborder=\"0\" allow=\"accelerometer; autoplay; clipboard-write; encrypted-media; gyroscope; picture-in-picture\" allowfullscreen><\/iframe><\/p>\n<hr \/>\n<h2>Referencat<\/h2>\n<p>[1] Kryetar i fisit arab Benu Khazrexh dhe nj\u00eb nga njer\u00ebzit kryesor\u00eb t\u00eb Medin\u00ebs.<br \/>\n[2] Imam Ahmed Ibn Hanbel, \u201c<em>Musned<\/em>\u201d, hadithi nr. <a href=\"https:\/\/archive.org\/details\/musnadahmed\/ahmd_38\/page\/n473\/mode\/2up\">23489<\/a>.<br \/>\n[3] Imam Muslim, \u201c<em>Sahih<\/em>\u201d, kitab: \u201c<em>El-Birr ves-sileh vel-adeb<\/em>\u201d, hadithi nr. <a href=\"https:\/\/archive.org\/details\/SahihMuslim-Arabic-english7Vol.Set\/SahihMuslimVol.6-ahadith5646-6722\/page\/n431\/mode\/2up\">6542<\/a>.<br \/>\n[4] Hazret Mirza Ghulam Ahmedi a.s., \u201c<em>Malfuzat<\/em>\u201d, v\u00ebllimi 4, fq. 145-146.<br \/>\n[5] Hazret Mirza Ghulam Ahmedi a.s., \u201c<em>\u00c7ashmai Ma\u2019rifet<\/em>\u201d, \u201c<em>Ruhani Khazain<\/em>\u201d, v\u00ebll. 23, Lond\u00ebr 2009, fq. <a href=\"https:\/\/www.alislam.org\/library\/browse\/volume\/Ruhani_Khazain_Computerised\/?l=Urdu&amp;p=23#page\/302\/mode\/1up\">302-303<\/a>.<br \/>\n[6] \u201c<a href=\"https:\/\/www.alislam.org\/library\/books\/A-Message-for-Our-Time.pdf\"><em>A message for our time \u2013 on tolerance, public sevice, and the pursuit of peace<\/em><\/a>\u201d, a compilation of Speeches of His Holliness Mirza Masroor Ahmad, Islam International Publication LTD., Surrey, UK 2019, pg. 47.<br \/>\n[7] Kurani Fam\u00eblart\u00eb 49:14.<br \/>\n[8] Hazret Mirza Masrur Ahmedi a.b.a., \u201c<em>Mesazh prind\u00ebrve<\/em>\u201d, 15 Mars 2016.<br \/>\n[9] Imam Ebu Davud, \u201c<em>Sunen<\/em>\u201d, kitab: \u201c<em>El-Edeb<\/em>\u201d, bab: \u201c<em>Ma xhae fil-Matar<\/em>\u201d, hadithi nr. <a href=\"https:\/\/sunnah.com\/abudawud\/43\/328\">5100<\/a>.<br \/>\n[10] Hazret Mirza Ghulam Ahmedi a.s., \u201c<em>Malfuzat<\/em>\u201d, v\u00ebllimi 3, fq. 345.<br \/>\n[11] Imam En-Nesai, \u201c<em>Sunen<\/em>\u201d, kitab: \u201c<em>\u2018Ishretun-nisai<\/em>\u201d, bab: \u201c<em>Hubun-nisai<\/em>\u201d, hadithi nr. <a href=\"https:\/\/sunnah.com\/nasai\/36\/2\">3940<\/a>.<br \/>\n[12]\u00a0Hazret Mirza Ghulam Ahmedi a.s., \u201c<em>Malfuzat<\/em>\u201d, v\u00ebllimi 6, fq. 378.<br \/>\n[13] Derrick Wong, M.D., \u201c<a href=\"https:\/\/web.archive.org\/web\/20090201075605\/http:\/\/www.centrastate.com\/body.cfm?id=520&amp;action=detail&amp;articlepath=%2FAtoz%2Fdc%2Fcen%2Fcanc%2Fgen%2Fmindspirit.html\"><em>Mind and Spirit<\/em><\/a>\u201d, CentraState Healthcare System, UCSF Division of Hematology and Oncology, San Francisco, CA., June 2006.<br \/>\n[14] Julie (Athman) Ernst &amp; Martha Monroe, \u201c<a href=\"https:\/\/www.tandfonline.com\/doi\/abs\/10.1080\/13504620600942998\"><em>The effects of environmental- based education on students\u2019 critical thinking skills and disposition toward critical thinking<\/em><\/a>\u201d, revista: \u201c<em>Environmental Education Research<\/em>\u201d, v\u00ebllimi 10, nr. 4, Lond\u00ebr 2004, fq. 507-522.<br \/>\n[15] John E. P\u00e9rez,Amy Rex Smith, Rebecca L. Norris, Katia M. Canenguez, Elizabeth F. Tracey, and Susan B. DeCristofaro, \u201c<a href=\"https:\/\/pubmed.ncbi.nlm.nih.gov\/21487725\/\"><em>Types of prayer and depressive symptoms among cancer patients: the mediating role of rumination and social support<\/em><\/a>\u201d, revista: \u201c<em>Journal of Behavioral Medicine<\/em>\u201d, v\u00ebllimi 34, nr. 6, Berlin 2011, fq. 519-530.<br \/>\n[16] Lambert, N. M., Fincham, F. D., Marks, L. D., &amp; Stillman, T. F., \u201c<a href=\"https:\/\/psycnet.apa.org\/buy\/2010-12599-004\"><em>Invocations and intoxication: Does prayer decrease alcohol consumption?<\/em><\/a>\u201d, revista \u201c<em>Psychology of Addictive Behaviors<\/em>\u201d, v\u00ebllimi 24, nr. 2, Washington D.C., 2010, fq. 209-219.<br \/>\n[17] Nathaniel M. Lambert, Frank D. Fincham, Scott Stanley, \u201c<a href=\"https:\/\/www.researchgate.net\/publication\/258189819_Prayer_and_satisfaction_with_sacrifice_in_close_relationships\"><em>Prayer and satisfaction with sacrifice in close relationships<\/em><\/a>\u201d, revista \u201c<em>Journal of Social and Personal Relationships<\/em>\u201d, v\u00ebllimi 29, nr. 8, California 2012, fq. 1058-1070.<br \/>\n[18] Imam Muslim, \u201c<em>Sahih<\/em>\u201d, kitab: \u201c<em>Es-Salat<\/em>\u201d, bab: \u201c<em>Ma jukalu fir-ruku\u2018i ves-sexhdeti<\/em>\u201d, hadithi nr. <a href=\"https:\/\/archive.org\/details\/SahihMuslim-Arabic-english7Vol.Set\/SahihMuslimVol.1-ahadith0001-1160\/page\/n593\/mode\/2up\">1083<\/a>.<br \/>\n[19] Hazret Mirza Ghulam Ahmedi a.s., \u201c<em>Malfuzat<\/em>\u201d, v\u00ebllimi 2, fq. 2.<br \/>\n[20] Imam Buhari, \u201c<em>Sahih<\/em>\u201d, kitab: \u201c<em>El-Edhan<\/em>\u201d, bab: \u201c<em>Haddul-meridi en jesh\u2019hedel-xhema\u2018ati<\/em>\u201d, hadithi nr. <a href=\"https:\/\/sunnah.com\/bukhari\/10\/58\">664<\/a>, <a href=\"https:\/\/sunnah.com\/bukhari\/10\/59\">665<\/a>.<br \/>\n[21] Imam Buhari, \u201c<em>Sahih<\/em>\u201d, kitab: \u201c<em>Et-Tehexh-xhud<\/em>\u201d, bab: \u201c<em>Ma jukrehu minet-teshdidi fil-\u2018ibadeti<\/em>\u201d, hadithi nr. <a href=\"https:\/\/sunnah.com\/bukhari\/19\/31\">1150<\/a>.<br \/>\n[22] Hazret Mirza Ghulam Ahmedi a.s., \u201c<a href=\"https:\/\/www.alislam.org\/library\/books\/Malfuzat-1.pdf\"><em>Malfuzat \u2013 Saying and Discourses of the Promised Messiah<\/em><\/a>\u201d, v\u00ebllimi 1, Islam International Publications Ltd., Surrey UK, 2018, fq. 162.<\/p>\n","protected":false},"excerpt":{"rendered":"<p>Musliman\u00ebt kan\u00eb nj\u00eb dashuri t\u00eb madhe p\u00ebr Profetin Muhammed n\u00eb zemrat e tyre saq\u00eb \u00e7do n\u00ebn\u00e7mim kund\u00ebr tij shkakton dhimbje t\u00eb thell\u00eb.<\/p>\n","protected":false},"featured_media":11453,"template":"","tags":[],"authors":[466],"content_source":[],"class_list":["post-11441","articles","type-articles","status-publish","has-post-thumbnail","hentry","topics-namazi","topics-profeti-muhammed-s-a","article-cat-fjalime","authors-abdullah-uwe-wagishauser"],"acf":[],"yoast_head":"<!-- This site is optimized with the Yoast SEO Premium plugin v21.1 (Yoast SEO v27.4) - https:\/\/yoast.com\/product\/yoast-seo-premium-wordpress\/ -->\n<title>Si duhet ta festojm\u00eb dit\u00eblindjen e Profetit Muhammed s.a.v.s.?<\/title>\n<meta name=\"description\" content=\"Musliman\u00ebt kan\u00eb nj\u00eb dashuri t\u00eb madhe p\u00ebr Profetin Muhammed n\u00eb zemrat e tyre saq\u00eb \u00e7do n\u00ebn\u00e7mim kund\u00ebr tij shkakton dhimbje t\u00eb thell\u00eb.\" \/>\n<meta name=\"robots\" content=\"index, follow, max-snippet:-1, max-image-preview:large, max-video-preview:-1\" \/>\n<link rel=\"canonical\" href=\"https:\/\/www.ahmadiyya-islam.org\/al\/artikuj\/si-duhet-ta-festojme-ditelindjen-e-profetit-muhamed\/\" \/>\n<meta property=\"og:locale\" content=\"sq_AL\" \/>\n<meta property=\"og:type\" content=\"article\" \/>\n<meta property=\"og:title\" content=\"Si duhet ta festojm\u00eb dit\u00eblindjen e Profetit Muhammed s.a.v.s.?\" \/>\n<meta property=\"og:description\" content=\"Musliman\u00ebt kan\u00eb nj\u00eb dashuri t\u00eb madhe p\u00ebr Profetin Muhammed n\u00eb zemrat e tyre saq\u00eb \u00e7do n\u00ebn\u00e7mim kund\u00ebr tij shkakton dhimbje t\u00eb thell\u00eb.\" \/>\n<meta property=\"og:url\" content=\"https:\/\/www.ahmadiyya-islam.org\/al\/artikuj\/si-duhet-ta-festojme-ditelindjen-e-profetit-muhamed\/\" \/>\n<meta property=\"og:site_name\" content=\"Xhemati Musliman Ahmedia\" \/>\n<meta property=\"article:modified_time\" content=\"2020-11-11T19:59:16+00:00\" \/>\n<meta property=\"og:image\" content=\"https:\/\/www.ahmadiyya-islam.org\/al\/wp-content\/uploads\/sites\/3\/2020\/11\/ditelindja-e-profetit-ne-gjermani-2.jpg\" \/>\n\t<meta property=\"og:image:width\" content=\"1081\" \/>\n\t<meta property=\"og:image:height\" content=\"721\" \/>\n\t<meta property=\"og:image:type\" content=\"image\/jpeg\" \/>\n<meta name=\"twitter:card\" content=\"summary_large_image\" \/>\n<meta name=\"twitter:label1\" content=\"Est. reading time\" \/>\n\t<meta name=\"twitter:data1\" content=\"17 minutes\" \/>\n<script type=\"application\/ld+json\" class=\"yoast-schema-graph\">{\"@context\":\"https:\\\/\\\/schema.org\",\"@graph\":[{\"@type\":\"WebPage\",\"@id\":\"https:\\\/\\\/www.ahmadiyya-islam.org\\\/al\\\/artikuj\\\/si-duhet-ta-festojme-ditelindjen-e-profetit-muhamed\\\/\",\"url\":\"https:\\\/\\\/www.ahmadiyya-islam.org\\\/al\\\/artikuj\\\/si-duhet-ta-festojme-ditelindjen-e-profetit-muhamed\\\/\",\"name\":\"Si duhet ta festojm\u00eb dit\u00eblindjen e Profetit Muhammed s.a.v.s.?\",\"isPartOf\":{\"@id\":\"https:\\\/\\\/www.ahmadiyya-islam.org\\\/al\\\/#website\"},\"primaryImageOfPage\":{\"@id\":\"https:\\\/\\\/www.ahmadiyya-islam.org\\\/al\\\/artikuj\\\/si-duhet-ta-festojme-ditelindjen-e-profetit-muhamed\\\/#primaryimage\"},\"image\":{\"@id\":\"https:\\\/\\\/www.ahmadiyya-islam.org\\\/al\\\/artikuj\\\/si-duhet-ta-festojme-ditelindjen-e-profetit-muhamed\\\/#primaryimage\"},\"thumbnailUrl\":\"https:\\\/\\\/www.ahmadiyya-islam.org\\\/al\\\/wp-content\\\/uploads\\\/sites\\\/3\\\/2020\\\/11\\\/ditelindja-e-profetit-ne-gjermani-2.jpg\",\"datePublished\":\"2020-11-11T19:48:25+00:00\",\"dateModified\":\"2020-11-11T19:59:16+00:00\",\"description\":\"Musliman\u00ebt kan\u00eb nj\u00eb dashuri t\u00eb madhe p\u00ebr Profetin Muhammed n\u00eb zemrat e tyre saq\u00eb \u00e7do n\u00ebn\u00e7mim kund\u00ebr tij shkakton dhimbje t\u00eb thell\u00eb.\",\"breadcrumb\":{\"@id\":\"https:\\\/\\\/www.ahmadiyya-islam.org\\\/al\\\/artikuj\\\/si-duhet-ta-festojme-ditelindjen-e-profetit-muhamed\\\/#breadcrumb\"},\"inLanguage\":\"sq-AL\",\"potentialAction\":[{\"@type\":\"ReadAction\",\"target\":[\"https:\\\/\\\/www.ahmadiyya-islam.org\\\/al\\\/artikuj\\\/si-duhet-ta-festojme-ditelindjen-e-profetit-muhamed\\\/\"]}]},{\"@type\":\"ImageObject\",\"inLanguage\":\"sq-AL\",\"@id\":\"https:\\\/\\\/www.ahmadiyya-islam.org\\\/al\\\/artikuj\\\/si-duhet-ta-festojme-ditelindjen-e-profetit-muhamed\\\/#primaryimage\",\"url\":\"https:\\\/\\\/www.ahmadiyya-islam.org\\\/al\\\/wp-content\\\/uploads\\\/sites\\\/3\\\/2020\\\/11\\\/ditelindja-e-profetit-ne-gjermani-2.jpg\",\"contentUrl\":\"https:\\\/\\\/www.ahmadiyya-islam.org\\\/al\\\/wp-content\\\/uploads\\\/sites\\\/3\\\/2020\\\/11\\\/ditelindja-e-profetit-ne-gjermani-2.jpg\",\"width\":1081,\"height\":721,\"caption\":\"ditelindja e profetit\"},{\"@type\":\"BreadcrumbList\",\"@id\":\"https:\\\/\\\/www.ahmadiyya-islam.org\\\/al\\\/artikuj\\\/si-duhet-ta-festojme-ditelindjen-e-profetit-muhamed\\\/#breadcrumb\",\"itemListElement\":[{\"@type\":\"ListItem\",\"position\":1,\"name\":\"Home\",\"item\":\"https:\\\/\\\/www.ahmadiyya-islam.org\\\/al\\\/\"},{\"@type\":\"ListItem\",\"position\":2,\"name\":\"Artikujt\",\"item\":\"https:\\\/\\\/www.ahmadiyya-islam.org\\\/al\\\/artikuj\\\/\"},{\"@type\":\"ListItem\",\"position\":3,\"name\":\"Si duhet ta festojm\u00eb dit\u00eblindjen e Profetit Muhammed s.a.v.s.?\"}]},{\"@type\":\"WebSite\",\"@id\":\"https:\\\/\\\/www.ahmadiyya-islam.org\\\/al\\\/#website\",\"url\":\"https:\\\/\\\/www.ahmadiyya-islam.org\\\/al\\\/\",\"name\":\"Xhemati Musliman Ahmedia\",\"description\":\"Albania\",\"potentialAction\":[{\"@type\":\"SearchAction\",\"target\":{\"@type\":\"EntryPoint\",\"urlTemplate\":\"https:\\\/\\\/www.ahmadiyya-islam.org\\\/al\\\/?s={search_term_string}\"},\"query-input\":{\"@type\":\"PropertyValueSpecification\",\"valueRequired\":true,\"valueName\":\"search_term_string\"}}],\"inLanguage\":\"sq-AL\"}]}<\/script>\n<!-- \/ Yoast SEO Premium plugin. -->","yoast_head_json":{"title":"Si duhet ta festojm\u00eb dit\u00eblindjen e Profetit Muhammed s.a.v.s.?","description":"Musliman\u00ebt kan\u00eb nj\u00eb dashuri t\u00eb madhe p\u00ebr Profetin Muhammed n\u00eb zemrat e tyre saq\u00eb \u00e7do n\u00ebn\u00e7mim kund\u00ebr tij shkakton dhimbje t\u00eb thell\u00eb.","robots":{"index":"index","follow":"follow","max-snippet":"max-snippet:-1","max-image-preview":"max-image-preview:large","max-video-preview":"max-video-preview:-1"},"canonical":"https:\/\/www.ahmadiyya-islam.org\/al\/artikuj\/si-duhet-ta-festojme-ditelindjen-e-profetit-muhamed\/","og_locale":"sq_AL","og_type":"article","og_title":"Si duhet ta festojm\u00eb dit\u00eblindjen e Profetit Muhammed s.a.v.s.?","og_description":"Musliman\u00ebt kan\u00eb nj\u00eb dashuri t\u00eb madhe p\u00ebr Profetin Muhammed n\u00eb zemrat e tyre saq\u00eb \u00e7do n\u00ebn\u00e7mim kund\u00ebr tij shkakton dhimbje t\u00eb thell\u00eb.","og_url":"https:\/\/www.ahmadiyya-islam.org\/al\/artikuj\/si-duhet-ta-festojme-ditelindjen-e-profetit-muhamed\/","og_site_name":"Xhemati Musliman Ahmedia","article_modified_time":"2020-11-11T19:59:16+00:00","og_image":[{"width":1081,"height":721,"url":"https:\/\/www.ahmadiyya-islam.org\/al\/wp-content\/uploads\/sites\/3\/2020\/11\/ditelindja-e-profetit-ne-gjermani-2.jpg","type":"image\/jpeg"}],"twitter_card":"summary_large_image","twitter_misc":{"Est. reading time":"17 minutes"},"schema":{"@context":"https:\/\/schema.org","@graph":[{"@type":"WebPage","@id":"https:\/\/www.ahmadiyya-islam.org\/al\/artikuj\/si-duhet-ta-festojme-ditelindjen-e-profetit-muhamed\/","url":"https:\/\/www.ahmadiyya-islam.org\/al\/artikuj\/si-duhet-ta-festojme-ditelindjen-e-profetit-muhamed\/","name":"Si duhet ta festojm\u00eb dit\u00eblindjen e Profetit Muhammed s.a.v.s.?","isPartOf":{"@id":"https:\/\/www.ahmadiyya-islam.org\/al\/#website"},"primaryImageOfPage":{"@id":"https:\/\/www.ahmadiyya-islam.org\/al\/artikuj\/si-duhet-ta-festojme-ditelindjen-e-profetit-muhamed\/#primaryimage"},"image":{"@id":"https:\/\/www.ahmadiyya-islam.org\/al\/artikuj\/si-duhet-ta-festojme-ditelindjen-e-profetit-muhamed\/#primaryimage"},"thumbnailUrl":"https:\/\/www.ahmadiyya-islam.org\/al\/wp-content\/uploads\/sites\/3\/2020\/11\/ditelindja-e-profetit-ne-gjermani-2.jpg","datePublished":"2020-11-11T19:48:25+00:00","dateModified":"2020-11-11T19:59:16+00:00","description":"Musliman\u00ebt kan\u00eb nj\u00eb dashuri t\u00eb madhe p\u00ebr Profetin Muhammed n\u00eb zemrat e tyre saq\u00eb \u00e7do n\u00ebn\u00e7mim kund\u00ebr tij shkakton dhimbje t\u00eb thell\u00eb.","breadcrumb":{"@id":"https:\/\/www.ahmadiyya-islam.org\/al\/artikuj\/si-duhet-ta-festojme-ditelindjen-e-profetit-muhamed\/#breadcrumb"},"inLanguage":"sq-AL","potentialAction":[{"@type":"ReadAction","target":["https:\/\/www.ahmadiyya-islam.org\/al\/artikuj\/si-duhet-ta-festojme-ditelindjen-e-profetit-muhamed\/"]}]},{"@type":"ImageObject","inLanguage":"sq-AL","@id":"https:\/\/www.ahmadiyya-islam.org\/al\/artikuj\/si-duhet-ta-festojme-ditelindjen-e-profetit-muhamed\/#primaryimage","url":"https:\/\/www.ahmadiyya-islam.org\/al\/wp-content\/uploads\/sites\/3\/2020\/11\/ditelindja-e-profetit-ne-gjermani-2.jpg","contentUrl":"https:\/\/www.ahmadiyya-islam.org\/al\/wp-content\/uploads\/sites\/3\/2020\/11\/ditelindja-e-profetit-ne-gjermani-2.jpg","width":1081,"height":721,"caption":"ditelindja e profetit"},{"@type":"BreadcrumbList","@id":"https:\/\/www.ahmadiyya-islam.org\/al\/artikuj\/si-duhet-ta-festojme-ditelindjen-e-profetit-muhamed\/#breadcrumb","itemListElement":[{"@type":"ListItem","position":1,"name":"Home","item":"https:\/\/www.ahmadiyya-islam.org\/al\/"},{"@type":"ListItem","position":2,"name":"Artikujt","item":"https:\/\/www.ahmadiyya-islam.org\/al\/artikuj\/"},{"@type":"ListItem","position":3,"name":"Si duhet ta festojm\u00eb dit\u00eblindjen e Profetit Muhammed s.a.v.s.?"}]},{"@type":"WebSite","@id":"https:\/\/www.ahmadiyya-islam.org\/al\/#website","url":"https:\/\/www.ahmadiyya-islam.org\/al\/","name":"Xhemati Musliman Ahmedia","description":"Albania","potentialAction":[{"@type":"SearchAction","target":{"@type":"EntryPoint","urlTemplate":"https:\/\/www.ahmadiyya-islam.org\/al\/?s={search_term_string}"},"query-input":{"@type":"PropertyValueSpecification","valueRequired":true,"valueName":"search_term_string"}}],"inLanguage":"sq-AL"}]}},"_links":{"self":[{"href":"https:\/\/www.ahmadiyya-islam.org\/al\/wp-json\/wp\/v2\/articles\/11441","targetHints":{"allow":["GET"]}}],"collection":[{"href":"https:\/\/www.ahmadiyya-islam.org\/al\/wp-json\/wp\/v2\/articles"}],"about":[{"href":"https:\/\/www.ahmadiyya-islam.org\/al\/wp-json\/wp\/v2\/types\/articles"}],"wp:featuredmedia":[{"embeddable":true,"href":"https:\/\/www.ahmadiyya-islam.org\/al\/wp-json\/wp\/v2\/media\/11453"}],"wp:attachment":[{"href":"https:\/\/www.ahmadiyya-islam.org\/al\/wp-json\/wp\/v2\/media?parent=11441"}],"wp:term":[{"taxonomy":"post_tag","embeddable":true,"href":"https:\/\/www.ahmadiyya-islam.org\/al\/wp-json\/wp\/v2\/tags?post=11441"},{"taxonomy":"authors","embeddable":true,"href":"https:\/\/www.ahmadiyya-islam.org\/al\/wp-json\/wp\/v2\/authors?post=11441"},{"taxonomy":"content_source","embeddable":true,"href":"https:\/\/www.ahmadiyya-islam.org\/al\/wp-json\/wp\/v2\/content_source?post=11441"}],"curies":[{"name":"wp","href":"https:\/\/api.w.org\/{rel}","templated":true}]}}