{"id":11073,"date":"2020-06-05T10:18:45","date_gmt":"2020-06-05T10:18:45","guid":{"rendered":"https:\/\/www.ahmadiyya-islam.org\/al\/?post_type=articles&#038;p=11073"},"modified":"2020-06-05T10:18:45","modified_gmt":"2020-06-05T10:18:45","slug":"disa-mesime-nga-karantina","status":"publish","type":"articles","link":"https:\/\/www.ahmadiyya-islam.org\/al\/artikuj\/disa-mesime-nga-karantina\/","title":{"rendered":"Disa m\u00ebsime nga karantina"},"content":{"rendered":"<p><em>N\u00eb vitin 1931, dijetari i shquar i Xhematit Mevlana Ebul-\u2018Ata Xhalend\u2019heri udh\u00ebtoi p\u00ebr n\u00eb Palestin\u00eb p\u00ebr thirrje n\u00eb Islam. Ato dit\u00eb, n\u00eb Basra (Irak) ishte p\u00ebrhapur kolera. Gjat\u00eb udh\u00ebtimit, ngaq\u00eb edhe ai kaloi nga Basra, u detyrua t\u00eb q\u00ebndronte disa dit\u00eb n\u00eb karantin\u00eb. M\u00eb von\u00eb, ai shkroi nj\u00eb artikull p\u00ebr k\u00ebt\u00eb ngjarje, t\u00eb cilin kemi k\u00ebnaq\u00ebsin\u00eb ta sjellim p\u00ebr lexuesit tan\u00eb. (Redaksia)<\/em><\/p>\n<hr \/>\n<p>Un\u00eb erdha nga India n\u00eb Palestin\u00eb nga rruga e Irakut dhe Siris\u00eb. P\u00ebr t\u00eb ndjekur k\u00ebt\u00eb rrug\u00eb, duhet t\u00eb udh\u00ebtosh me anije nga qyteti Kara\u00e7i [sot n\u00eb Pakistan] deri n\u00eb Basra [Irak]. Nga Basra deri n\u00eb Bagdad punon hekurudha. M\u00eb pas, nga Bagdadi, n\u00ebp\u00ebrmjet transportit rrugor, duke kaluar Damask\u00ebn dhe Bejrutin, vjen deri n\u00eb Hajfa.<\/p>\n<p>M\u00eb 16 gusht, un\u00eb u nisa me anije nga Kara\u00e7i dhe, m\u00eb 20 gusht, mb\u00ebrrita n\u00eb Basra. Deri at\u00ebher\u00eb, ishte p\u00ebrhapur kolera n\u00eb Basra. P\u00ebr k\u00ebt\u00eb arsye ishte e detyruar t\u00eb merrje dy gjilp\u00ebra, p\u00ebrpara se t\u00eb zbrisje n\u00eb portin detar t\u00eb Basras\u00eb. Un\u00eb nj\u00ebr\u00ebn e kisha marr\u00eb n\u00eb Kara\u00e7i, kurse tjetr\u00ebn n\u00eb anije gjat\u00eb udh\u00ebtimit. Udh\u00ebtar\u00ebt e Bagdatit nuk ishin t\u00eb lejuar t\u00eb hynin n\u00eb Basra. Nga porti erdha direkt n\u00eb stacionin e trenit dhe mb\u00ebrrita n\u00eb Bagdad.<\/p>\n<p>Kolera e p\u00ebrhapur n\u00eb Basra s\u00eb shpejti do t\u00eb b\u00ebhej shkaku i karantinimit tim, vet\u00ebm sepse un\u00eb mora ajrin e Basras\u00eb. Njer\u00ebzit e till\u00eb shteti irakian i detyron t\u00eb q\u00ebndrojn\u00eb t\u00eb pakt\u00ebn pes\u00eb dit\u00eb n\u00eb karantin\u00eb, m\u00eb pas ata marrin leje nga Departamenti i Sh\u00ebndet\u00ebs\u00ebsi. Un\u00eb sipas specifikave t\u00eb mia, q\u00ebndrova af\u00ebrsisht n\u00ebnt\u00eb dit\u00eb, vet\u00ebm at\u00ebher\u00eb ma l\u00ebshuan lejen.<\/p>\n<p>Por, m\u00eb 1 shtator, kur mb\u00ebrrita n\u00eb Damask\u00eb, edhe aty u detyrova t\u00eb q\u00ebndroja nj\u00eb dit\u00eb. Edhe ata, pas ekzaminimit, m\u00eb l\u00ebshuan certifikat\u00ebn se nuk kisha efekte t\u00eb mikrobit t\u00eb koleras\u00eb.<\/p>\n<p>S\u00ebrish, edhe n\u00eb kufirin e Palestin\u00ebs m\u00eb ndaluan p\u00ebr karantinimin, sepse sipas tyre, testi i m\u00ebparsh\u00ebm ishte b\u00ebr\u00eb nga shteti francez, kurse ky ishte nj\u00eb shtet tjet\u00ebr. U detyrova t\u00eb karantinohesha edhe p\u00ebr nj\u00eb jav\u00eb tjet\u00ebr af\u00ebr Hajfas\u00eb (Haifa), ku do t\u00eb testohesha dy her\u00eb p\u00ebr t\u00eb marr\u00eb certifikimin. M\u00eb n\u00eb fund, m\u00eb 8 shtator mbarrita te destinacioni. <em>Elhamdulil-lah!<\/em><\/p>\n<h2>\u00c7far\u00eb \u00ebsht\u00eb karantina?<\/h2>\n<p>N\u00eb rast epidemie n\u00eb ndonj\u00eb zon\u00eb t\u00eb caktuar, \u00e7do shtet sigurohet p\u00ebr njer\u00ebzit q\u00eb hyjn\u00eb n\u00eb kufijt\u00eb e tij, q\u00eb n\u00ebse ata jan\u00eb t\u00eb paprekur nga s\u00ebmundja e p\u00ebrhapur apo jo. P\u00ebr ta ditur k\u00ebt\u00eb, njer\u00ebzit duhet t\u00eb q\u00ebndrojn\u00eb p\u00ebr nj\u00eb koh\u00eb t\u00eb caktuar n\u00eb nj\u00eb vend t\u00eb posa\u00e7\u00ebm. Nj\u00eb vend i till\u00eb quhet karantin\u00eb.<\/p>\n<p>N\u00eb arabisht karantin\u00ebs i thon\u00eb \u062d\u062c\u0631 \u0635\u062d\u06cc. Mua m\u2019u desh t\u00eb rrija n\u00eb karantin\u00eb n\u00eb dy vende, ku kam kuptuar mir\u00eb se n\u00eb \u00e7far\u00eb situate kalon njeriu, ku asnj\u00ebri nuk mund ta vizitoj\u00eb at\u00eb. Askush nuk mund t\u00eb informohet p\u00ebr t\u00eb se n\u00eb \u00e7far\u00eb gjendje \u00ebsht\u00eb.<\/p>\n<p>Kur isha n\u00eb karantin\u00ebn e Hajfas\u00eb, an\u00ebtar\u00ebt e Xhematit bashk\u00eb me t\u00eb nderuarin Mevlana Xhelaluddin, erdh\u00ebn p\u00ebr t\u00eb m\u00eb takuar, por ata nuk kishin t\u00eb drejt\u00eb as p\u00ebr t\u00eb m\u00eb dh\u00ebn\u00eb dor\u00ebn. Q\u00ebndruan p\u00ebrtej barrier\u00ebs prej telash dha m\u00eb than\u00eb <em>selamalejkum<\/em> dhe u larguan.<\/p>\n<p>Edhe ushqimi nuk serviret aq i preferuar. E forta \u00ebsht\u00eb q\u00eb duhet t\u00eb paguash p\u00ebr gjith\u00eb k\u00ebt\u00eb q\u00ebndrim dhe ushqim. Shkurt, karantina \u00ebsht\u00eb nj\u00eb burg p\u00ebr disa dit\u00eb q\u00eb t\u00eb q\u00ebndrosh i vet\u00ebm dhe i izoluar. E n\u00ebse doni ta kuptoni me terma islam\u00eb, karantina \u00ebsht\u00eb nj\u00eb lloj <a href=\"https:\/\/www.ahmadiyya-islam.org\/al\/pyetje\/cfare-eshte-itikafi-cilat-jane-kushtet-e-itikafit\/\" target=\"_blank\" rel=\"noopener noreferrer\"><em>itikafi<\/em><\/a>.<\/p>\n<h2>7 m\u00ebsime nga karantina<\/h2>\n<p>Ka disa m\u00ebsime q\u00eb mund t\u00eb nxjerrim nga karantina. <strong>M\u00ebsimi i par\u00eb<\/strong> \u00ebsht\u00eb q\u00eb flamuri q\u00eb vendoset n\u00eb karantin\u00eb ka ngjyr\u00eb t\u00eb verdh\u00eb, gj\u00eb q\u00eb simbolizon s\u00ebmundjen ose pranin\u00eb e njer\u00ebzve t\u00eb s\u00ebmur\u00eb. N\u00eb hadithe p\u00ebrmendet q\u00eb kur do t\u00eb zbres\u00eb Mesihu i Premtuar, ai do t\u00eb jet\u00eb <a href=\"https:\/\/www.ahmadiyya-islam.org\/al\/artikuj\/shenjat-e-ardhjes-se-imam-mehdiut-ne-baze-te-haditheve\/\" target=\"_blank\" rel=\"noopener noreferrer\">i veshur me dy \u00e7ar\u00e7afe t\u00eb verdha<\/a>. Sipas dijes s\u00eb interpretimit t\u00eb \u00ebndrrave, k\u00ebto dy \u00e7ar\u00e7afe t\u00eb verdha n\u00ebnkuptojn\u00eb dy s\u00ebmundje. K\u00ebt\u00eb shpjegim e p\u00ebrforcon edhe ngjyra e flamurit t\u00eb karantin\u00ebs. Eh, sikur kund\u00ebrsthar\u00ebt tan\u00eb ta kuptonin k\u00ebt\u00eb pik\u00eb [q\u00eb jan\u00eb duke pritur Isain birin e Merjemes t\u00eb zbres\u00eb prej qiellit, i veshur me dy \u00e7ar\u00e7afe t\u00eb verdha]!<\/p>\n<p><strong>M\u00ebsimi dyt\u00eb<\/strong> \u00ebsht\u00eb q\u00eb \u00ebsht\u00eb e domosdoshme q\u00eb njeriu t\u2019i shmanget shoq\u00ebris\u00eb s\u00eb keqe. Shikoni, pra, un\u00eb as nuk kisha hyr\u00eb n\u00eb Basra, por ngaq\u00eb vet\u00ebm kalova nga kufiri i saj, e p\u00ebsova karantin\u00ebn. Sa bukur e thot\u00eb Zoti n\u00eb Kuran:<\/p>\n<blockquote><p><strong><img loading=\"lazy\" decoding=\"async\" class=\"aligncenter size-full wp-image-11076\" src=\"https:\/\/www.ahmadiyya-islam.org\/al\/wp-content\/uploads\/sites\/3\/2020\/06\/karantina-izolimi-covid-19-1.png\" alt=\"mesime nga karantina\" width=\"378\" height=\"167\" srcset=\"https:\/\/www.ahmadiyya-islam.org\/al\/wp-content\/uploads\/sites\/3\/2020\/06\/karantina-izolimi-covid-19-1.png 378w, https:\/\/www.ahmadiyya-islam.org\/al\/wp-content\/uploads\/sites\/3\/2020\/06\/karantina-izolimi-covid-19-1-300x133.png 300w\" sizes=\"auto, (max-width: 378px) 100vw, 378px\" \/>\u201cMos anoni nga ata q\u00eb b\u00ebn\u00eb padrejt\u00ebsi, sepse do t\u2019ju prek\u00eb zjarri (edhe ju)\u201d<\/strong>[1]<\/p><\/blockquote>\n<p><strong>M\u00ebsimi i tret\u00eb<\/strong> q\u00eb marrim nga karantina \u00ebsht\u00eb q\u00eb derisa nj\u00eb shtet i k\u00ebsaj bote merr kaq shum\u00eb masa p\u00ebrpara se nj\u00eb njeri t\u00eb hyj\u00eb n\u00eb t\u00eb, sa shum\u00eb kufizime mund t\u00eb ket\u00eb n\u00eb Shtetin Hyjnor dhe n\u00eb Sundimin Qiellor? Disa njer\u00ebz arrijn\u00eb edhe t\u00eb mashtrojn\u00eb shtetet e k\u00ebsaj bote, por kush mund ta mashtroj\u00eb Zotin q\u00eb deperton deri n\u00eb thell\u00ebsi t\u00eb zemr\u00ebs s\u00eb njeriut?!<\/p>\n<p><strong>M\u00ebsimi i kat\u00ebrt\u00eb<\/strong> nga karantina \u00ebsht\u00eb se \u00ebsht\u00eb e nevojshme t\u00eb kalosh testin dhe prov\u00ebn p\u00ebrpara se t\u00eb hyj\u00eb n\u00eb nj\u00eb mbret\u00ebri a shtet t\u00eb ri. N\u00eb t\u00eb nj\u00ebjt\u00ebn m\u00ebnyr\u00eb, kur njeriu largon s\u00ebmundjen e mohimit dhe d\u00ebshiron t\u00eb hyj\u00eb n\u00eb mbret\u00ebrin\u00eb e besimit, \u00ebsht\u00eb e nevojshme q\u00eb ai t\u00eb kaloj\u00eb disa sprova, n\u00eb m\u00ebnyr\u00eb q\u00eb t\u00eb pastrohet dhe t\u00eb marr\u00eb certifikat\u00ebn se nuk ka m\u00eb papast\u00ebrti n\u00eb shpirtin e tij.<\/p>\n<p>P\u00ebr k\u00ebt\u00eb arsye, Allahu i Madh\u00ebrish\u00ebm tha:<\/p>\n<blockquote><p><strong><img loading=\"lazy\" decoding=\"async\" class=\"aligncenter size-full wp-image-11075\" src=\"https:\/\/www.ahmadiyya-islam.org\/al\/wp-content\/uploads\/sites\/3\/2020\/06\/karantina-izolimi-covid-19-2.png\" alt=\"mesime nga karantina\" width=\"371\" height=\"128\" srcset=\"https:\/\/www.ahmadiyya-islam.org\/al\/wp-content\/uploads\/sites\/3\/2020\/06\/karantina-izolimi-covid-19-2.png 371w, https:\/\/www.ahmadiyya-islam.org\/al\/wp-content\/uploads\/sites\/3\/2020\/06\/karantina-izolimi-covid-19-2-300x104.png 300w\" sizes=\"auto, (max-width: 371px) 100vw, 371px\" \/>\u201cA menduan njer\u00ebzit q\u00eb do t\u00eb lihen t\u00eb thon\u00eb \u2013 Ne besuam, dhe nuk do t\u00eb sprovohen?!\u201d<\/strong>[2]<\/p><\/blockquote>\n<p><strong>M\u00ebsimi i pest\u00eb<\/strong> q\u00eb marr nga karantina \u00ebsht\u00eb v\u00ebshtir\u00ebsia p\u00ebr pak koh\u00eb n\u00eb hyrje t\u00eb di\u00e7kaje \u00ebsht\u00eb e mir\u00eb p\u00ebr vet njeriun. Prandaj, duke par\u00eb v\u00ebshtir\u00ebsit\u00eb n\u00eb Xhematin e Zotit, gabojn\u00eb ata an\u00ebtar\u00eb t\u00eb tij q\u00eb mendojn\u00eb se do t\u00eb shkat\u00ebrrohen, sepse k\u00ebto v\u00ebshtir\u00ebsi jan\u00eb vet\u00ebm p\u00ebr t\u00eb mir\u00ebn dhe kalitjen e tyre.<\/p>\n<p><strong>M\u00ebsimi i gjasht\u00eb<\/strong> q\u00eb marrim nga karantina \u00ebsht\u00eb se feja islame \u00ebsht\u00eb nj\u00eb fe e p\u00ebrsosur dhe e p\u00ebrshtatshme p\u00ebr natyr\u00ebn e njeriut, sepse ajo synon ta b\u00ebj\u00eb njeriun t\u00eb fort\u00eb duke e porositur p\u00ebr p\u00ebrpjekje dhe ushtrime t\u00eb vazhdueshme dhe duke e b\u00ebr\u00eb gati p\u00ebr \u00e7do t\u00eb papritur q\u00eb mund t\u2019i dal\u00eb n\u00eb jet\u00eb. Karantina n\u00eb aspektin e izolimit, ngjason shum\u00eb me <a href=\"https:\/\/www.ahmadiyya-islam.org\/al\/pyetje\/cfare-eshte-itikafi-cilat-jane-kushtet-e-itikafit\/\" target=\"_blank\" rel=\"noopener noreferrer\"><em>itikafin<\/em><\/a>.<\/p>\n<p><strong>M\u00ebsimi i shtat\u00eb<\/strong> nga karantina \u00ebsht\u00eb q\u00eb njeriu ka frik\u00eb derisa t\u2019i dal\u00eb rezultati se \u00ebsht\u00eb i sh\u00ebndetsh\u00ebm. E kur i jepet certifikata se \u00ebsht\u00eb i sh\u00ebndetsh\u00ebm, ai e harron gjith\u00eb ankthin dhe ndihet i g\u00ebzuar dhe i lumtur.<\/p>\n<p>N\u00eb t\u00eb nj\u00ebjt\u00ebn m\u00ebnyr\u00eb, edhe v\u00ebshtir\u00ebsit\u00eb e k\u00ebsaj bote i duken asgj\u00eb, pas marrjes s\u00eb certifikat\u00ebs s\u00eb p\u00eblqimit t\u00eb Zotit dhe njeriu, i g\u00ebzuar dhe i lumtur, hyn n\u00eb xhenetin e Zotit ku nuk ka as vdekje e as frik\u00ebn e vdekjes: e kjo certifikat\u00eb \u00ebsht\u00eb komunikimi i \u00ebmb\u00ebl i Zotit q\u00eb i b\u00ebhet me k\u00ebto fjal\u00eb:<\/p>\n<blockquote><p><strong><img loading=\"lazy\" decoding=\"async\" class=\"aligncenter size-full wp-image-11076\" src=\"https:\/\/www.ahmadiyya-islam.org\/al\/wp-content\/uploads\/sites\/3\/2020\/06\/karantina-izolimi-covid-19-1.png\" alt=\"mesime nga karantina\" width=\"378\" height=\"167\" srcset=\"https:\/\/www.ahmadiyya-islam.org\/al\/wp-content\/uploads\/sites\/3\/2020\/06\/karantina-izolimi-covid-19-1.png 378w, https:\/\/www.ahmadiyya-islam.org\/al\/wp-content\/uploads\/sites\/3\/2020\/06\/karantina-izolimi-covid-19-1-300x133.png 300w\" sizes=\"auto, (max-width: 378px) 100vw, 378px\" \/>\u201cO shpirt i qet\u00ebsuar (Nefsun mutmeinneh)! Kthehu te Zoti yt, i k\u00ebnaqur dhe duke gjetur k\u00ebnaq\u00ebsin\u00eb (e Tij)! Hyr te rob\u00ebrit e Mi dhe hyr n\u00eb xhenetin Tim!\u201d<\/strong>[3]<\/p><\/blockquote>\n<p style=\"text-align: right\">(Botuar p\u00ebr her\u00eb t\u00eb par\u00eb n\u00eb gjuh\u00ebn urdu<br \/>\nn\u00eb revist\u00ebn \u201cMisbah\u201d, 15 tetor, 1931)<\/p>\n<hr \/>\n<p>[1] Kurani Fam\u00eblart\u00eb 11:114.<br \/>\n[2] Kurani Fam\u00eblart\u00eb 29:3.<br \/>\n[3] Kurani Fam\u00eblart\u00eb 89:28-31.<\/p>\n","protected":false},"excerpt":{"rendered":"<p>I men\u00e7ur \u00ebsht\u00eb ai q\u00eb kupton dhe nxjerr m\u00ebsime edhe nga v\u00ebshtir\u00ebsit\u00eb q\u00eb i dalin n\u00eb jet\u00eb. K\u00ebtu keni 7 m\u00ebsime q\u00eb nxori nj\u00eb dijetar i shquar i Xhematit Ahmedia kur ai ishte n\u00eb karantin\u00eb. <\/p>\n","protected":false},"featured_media":11077,"template":"","tags":[585,548],"authors":[],"content_source":[],"class_list":["post-11073","articles","type-articles","status-publish","has-post-thumbnail","hentry","tag-coronavirus","tag-itikafi","topics-besimi","topics-shendeti","article-cat-artikuj"],"acf":[],"yoast_head":"<!-- This site is optimized with the Yoast SEO Premium plugin v21.1 (Yoast SEO v27.4) - https:\/\/yoast.com\/product\/yoast-seo-premium-wordpress\/ -->\n<title>Disa m\u00ebsime nga karantina<\/title>\n<meta name=\"description\" content=\"I men\u00e7ur \u00ebsht\u00eb ai q\u00eb kupton dhe nxjerr m\u00ebsime edhe nga v\u00ebshtir\u00ebsit\u00eb q\u00eb i dalin n\u00eb jet\u00eb. K\u00ebtu keni 7 m\u00ebsime q\u00eb nxori nj\u00eb dijetar i shquar i Xhematit Ahmedia kur ai ishte n\u00eb karantin\u00eb.\" \/>\n<meta name=\"robots\" content=\"index, follow, max-snippet:-1, max-image-preview:large, max-video-preview:-1\" \/>\n<link rel=\"canonical\" href=\"https:\/\/www.ahmadiyya-islam.org\/al\/artikuj\/disa-mesime-nga-karantina\/\" \/>\n<meta property=\"og:locale\" content=\"sq_AL\" \/>\n<meta property=\"og:type\" content=\"article\" \/>\n<meta property=\"og:title\" content=\"Disa m\u00ebsime nga karantina\" \/>\n<meta property=\"og:description\" content=\"I men\u00e7ur \u00ebsht\u00eb ai q\u00eb kupton dhe nxjerr m\u00ebsime edhe nga v\u00ebshtir\u00ebsit\u00eb q\u00eb i dalin n\u00eb jet\u00eb. K\u00ebtu keni 7 m\u00ebsime q\u00eb nxori nj\u00eb dijetar i shquar i Xhematit Ahmedia kur ai ishte n\u00eb karantin\u00eb.\" \/>\n<meta property=\"og:url\" content=\"https:\/\/www.ahmadiyya-islam.org\/al\/artikuj\/disa-mesime-nga-karantina\/\" \/>\n<meta property=\"og:site_name\" content=\"Xhemati Musliman Ahmedia\" \/>\n<meta property=\"og:image\" content=\"https:\/\/www.ahmadiyya-islam.org\/al\/wp-content\/uploads\/sites\/3\/2020\/06\/karantina-izolimi-mesime.jpg\" \/>\n\t<meta property=\"og:image:width\" content=\"1536\" \/>\n\t<meta property=\"og:image:height\" content=\"864\" \/>\n\t<meta property=\"og:image:type\" content=\"image\/jpeg\" \/>\n<meta name=\"twitter:card\" content=\"summary_large_image\" \/>\n<meta name=\"twitter:label1\" content=\"Est. reading time\" \/>\n\t<meta name=\"twitter:data1\" content=\"7 minutes\" \/>\n<script type=\"application\/ld+json\" class=\"yoast-schema-graph\">{\"@context\":\"https:\\\/\\\/schema.org\",\"@graph\":[{\"@type\":\"WebPage\",\"@id\":\"https:\\\/\\\/www.ahmadiyya-islam.org\\\/al\\\/artikuj\\\/disa-mesime-nga-karantina\\\/\",\"url\":\"https:\\\/\\\/www.ahmadiyya-islam.org\\\/al\\\/artikuj\\\/disa-mesime-nga-karantina\\\/\",\"name\":\"Disa m\u00ebsime nga karantina\",\"isPartOf\":{\"@id\":\"https:\\\/\\\/www.ahmadiyya-islam.org\\\/al\\\/#website\"},\"primaryImageOfPage\":{\"@id\":\"https:\\\/\\\/www.ahmadiyya-islam.org\\\/al\\\/artikuj\\\/disa-mesime-nga-karantina\\\/#primaryimage\"},\"image\":{\"@id\":\"https:\\\/\\\/www.ahmadiyya-islam.org\\\/al\\\/artikuj\\\/disa-mesime-nga-karantina\\\/#primaryimage\"},\"thumbnailUrl\":\"https:\\\/\\\/www.ahmadiyya-islam.org\\\/al\\\/wp-content\\\/uploads\\\/sites\\\/3\\\/2020\\\/06\\\/karantina-izolimi-mesime.jpg\",\"datePublished\":\"2020-06-05T10:18:45+00:00\",\"description\":\"I men\u00e7ur \u00ebsht\u00eb ai q\u00eb kupton dhe nxjerr m\u00ebsime edhe nga v\u00ebshtir\u00ebsit\u00eb q\u00eb i dalin n\u00eb jet\u00eb. K\u00ebtu keni 7 m\u00ebsime q\u00eb nxori nj\u00eb dijetar i shquar i Xhematit Ahmedia kur ai ishte n\u00eb karantin\u00eb.\",\"breadcrumb\":{\"@id\":\"https:\\\/\\\/www.ahmadiyya-islam.org\\\/al\\\/artikuj\\\/disa-mesime-nga-karantina\\\/#breadcrumb\"},\"inLanguage\":\"sq-AL\",\"potentialAction\":[{\"@type\":\"ReadAction\",\"target\":[\"https:\\\/\\\/www.ahmadiyya-islam.org\\\/al\\\/artikuj\\\/disa-mesime-nga-karantina\\\/\"]}]},{\"@type\":\"ImageObject\",\"inLanguage\":\"sq-AL\",\"@id\":\"https:\\\/\\\/www.ahmadiyya-islam.org\\\/al\\\/artikuj\\\/disa-mesime-nga-karantina\\\/#primaryimage\",\"url\":\"https:\\\/\\\/www.ahmadiyya-islam.org\\\/al\\\/wp-content\\\/uploads\\\/sites\\\/3\\\/2020\\\/06\\\/karantina-izolimi-mesime.jpg\",\"contentUrl\":\"https:\\\/\\\/www.ahmadiyya-islam.org\\\/al\\\/wp-content\\\/uploads\\\/sites\\\/3\\\/2020\\\/06\\\/karantina-izolimi-mesime.jpg\",\"width\":1536,\"height\":864,\"caption\":\"karantina izolimi mesime\"},{\"@type\":\"BreadcrumbList\",\"@id\":\"https:\\\/\\\/www.ahmadiyya-islam.org\\\/al\\\/artikuj\\\/disa-mesime-nga-karantina\\\/#breadcrumb\",\"itemListElement\":[{\"@type\":\"ListItem\",\"position\":1,\"name\":\"Home\",\"item\":\"https:\\\/\\\/www.ahmadiyya-islam.org\\\/al\\\/\"},{\"@type\":\"ListItem\",\"position\":2,\"name\":\"Artikujt\",\"item\":\"https:\\\/\\\/www.ahmadiyya-islam.org\\\/al\\\/artikuj\\\/\"},{\"@type\":\"ListItem\",\"position\":3,\"name\":\"Disa m\u00ebsime nga karantina\"}]},{\"@type\":\"WebSite\",\"@id\":\"https:\\\/\\\/www.ahmadiyya-islam.org\\\/al\\\/#website\",\"url\":\"https:\\\/\\\/www.ahmadiyya-islam.org\\\/al\\\/\",\"name\":\"Xhemati Musliman Ahmedia\",\"description\":\"Albania\",\"potentialAction\":[{\"@type\":\"SearchAction\",\"target\":{\"@type\":\"EntryPoint\",\"urlTemplate\":\"https:\\\/\\\/www.ahmadiyya-islam.org\\\/al\\\/?s={search_term_string}\"},\"query-input\":{\"@type\":\"PropertyValueSpecification\",\"valueRequired\":true,\"valueName\":\"search_term_string\"}}],\"inLanguage\":\"sq-AL\"}]}<\/script>\n<!-- \/ Yoast SEO Premium plugin. -->","yoast_head_json":{"title":"Disa m\u00ebsime nga karantina","description":"I men\u00e7ur \u00ebsht\u00eb ai q\u00eb kupton dhe nxjerr m\u00ebsime edhe nga v\u00ebshtir\u00ebsit\u00eb q\u00eb i dalin n\u00eb jet\u00eb. K\u00ebtu keni 7 m\u00ebsime q\u00eb nxori nj\u00eb dijetar i shquar i Xhematit Ahmedia kur ai ishte n\u00eb karantin\u00eb.","robots":{"index":"index","follow":"follow","max-snippet":"max-snippet:-1","max-image-preview":"max-image-preview:large","max-video-preview":"max-video-preview:-1"},"canonical":"https:\/\/www.ahmadiyya-islam.org\/al\/artikuj\/disa-mesime-nga-karantina\/","og_locale":"sq_AL","og_type":"article","og_title":"Disa m\u00ebsime nga karantina","og_description":"I men\u00e7ur \u00ebsht\u00eb ai q\u00eb kupton dhe nxjerr m\u00ebsime edhe nga v\u00ebshtir\u00ebsit\u00eb q\u00eb i dalin n\u00eb jet\u00eb. K\u00ebtu keni 7 m\u00ebsime q\u00eb nxori nj\u00eb dijetar i shquar i Xhematit Ahmedia kur ai ishte n\u00eb karantin\u00eb.","og_url":"https:\/\/www.ahmadiyya-islam.org\/al\/artikuj\/disa-mesime-nga-karantina\/","og_site_name":"Xhemati Musliman Ahmedia","og_image":[{"width":1536,"height":864,"url":"https:\/\/www.ahmadiyya-islam.org\/al\/wp-content\/uploads\/sites\/3\/2020\/06\/karantina-izolimi-mesime.jpg","type":"image\/jpeg"}],"twitter_card":"summary_large_image","twitter_misc":{"Est. reading time":"7 minutes"},"schema":{"@context":"https:\/\/schema.org","@graph":[{"@type":"WebPage","@id":"https:\/\/www.ahmadiyya-islam.org\/al\/artikuj\/disa-mesime-nga-karantina\/","url":"https:\/\/www.ahmadiyya-islam.org\/al\/artikuj\/disa-mesime-nga-karantina\/","name":"Disa m\u00ebsime nga karantina","isPartOf":{"@id":"https:\/\/www.ahmadiyya-islam.org\/al\/#website"},"primaryImageOfPage":{"@id":"https:\/\/www.ahmadiyya-islam.org\/al\/artikuj\/disa-mesime-nga-karantina\/#primaryimage"},"image":{"@id":"https:\/\/www.ahmadiyya-islam.org\/al\/artikuj\/disa-mesime-nga-karantina\/#primaryimage"},"thumbnailUrl":"https:\/\/www.ahmadiyya-islam.org\/al\/wp-content\/uploads\/sites\/3\/2020\/06\/karantina-izolimi-mesime.jpg","datePublished":"2020-06-05T10:18:45+00:00","description":"I men\u00e7ur \u00ebsht\u00eb ai q\u00eb kupton dhe nxjerr m\u00ebsime edhe nga v\u00ebshtir\u00ebsit\u00eb q\u00eb i dalin n\u00eb jet\u00eb. K\u00ebtu keni 7 m\u00ebsime q\u00eb nxori nj\u00eb dijetar i shquar i Xhematit Ahmedia kur ai ishte n\u00eb karantin\u00eb.","breadcrumb":{"@id":"https:\/\/www.ahmadiyya-islam.org\/al\/artikuj\/disa-mesime-nga-karantina\/#breadcrumb"},"inLanguage":"sq-AL","potentialAction":[{"@type":"ReadAction","target":["https:\/\/www.ahmadiyya-islam.org\/al\/artikuj\/disa-mesime-nga-karantina\/"]}]},{"@type":"ImageObject","inLanguage":"sq-AL","@id":"https:\/\/www.ahmadiyya-islam.org\/al\/artikuj\/disa-mesime-nga-karantina\/#primaryimage","url":"https:\/\/www.ahmadiyya-islam.org\/al\/wp-content\/uploads\/sites\/3\/2020\/06\/karantina-izolimi-mesime.jpg","contentUrl":"https:\/\/www.ahmadiyya-islam.org\/al\/wp-content\/uploads\/sites\/3\/2020\/06\/karantina-izolimi-mesime.jpg","width":1536,"height":864,"caption":"karantina izolimi mesime"},{"@type":"BreadcrumbList","@id":"https:\/\/www.ahmadiyya-islam.org\/al\/artikuj\/disa-mesime-nga-karantina\/#breadcrumb","itemListElement":[{"@type":"ListItem","position":1,"name":"Home","item":"https:\/\/www.ahmadiyya-islam.org\/al\/"},{"@type":"ListItem","position":2,"name":"Artikujt","item":"https:\/\/www.ahmadiyya-islam.org\/al\/artikuj\/"},{"@type":"ListItem","position":3,"name":"Disa m\u00ebsime nga karantina"}]},{"@type":"WebSite","@id":"https:\/\/www.ahmadiyya-islam.org\/al\/#website","url":"https:\/\/www.ahmadiyya-islam.org\/al\/","name":"Xhemati Musliman Ahmedia","description":"Albania","potentialAction":[{"@type":"SearchAction","target":{"@type":"EntryPoint","urlTemplate":"https:\/\/www.ahmadiyya-islam.org\/al\/?s={search_term_string}"},"query-input":{"@type":"PropertyValueSpecification","valueRequired":true,"valueName":"search_term_string"}}],"inLanguage":"sq-AL"}]}},"_links":{"self":[{"href":"https:\/\/www.ahmadiyya-islam.org\/al\/wp-json\/wp\/v2\/articles\/11073","targetHints":{"allow":["GET"]}}],"collection":[{"href":"https:\/\/www.ahmadiyya-islam.org\/al\/wp-json\/wp\/v2\/articles"}],"about":[{"href":"https:\/\/www.ahmadiyya-islam.org\/al\/wp-json\/wp\/v2\/types\/articles"}],"wp:featuredmedia":[{"embeddable":true,"href":"https:\/\/www.ahmadiyya-islam.org\/al\/wp-json\/wp\/v2\/media\/11077"}],"wp:attachment":[{"href":"https:\/\/www.ahmadiyya-islam.org\/al\/wp-json\/wp\/v2\/media?parent=11073"}],"wp:term":[{"taxonomy":"post_tag","embeddable":true,"href":"https:\/\/www.ahmadiyya-islam.org\/al\/wp-json\/wp\/v2\/tags?post=11073"},{"taxonomy":"authors","embeddable":true,"href":"https:\/\/www.ahmadiyya-islam.org\/al\/wp-json\/wp\/v2\/authors?post=11073"},{"taxonomy":"content_source","embeddable":true,"href":"https:\/\/www.ahmadiyya-islam.org\/al\/wp-json\/wp\/v2\/content_source?post=11073"}],"curies":[{"name":"wp","href":"https:\/\/api.w.org\/{rel}","templated":true}]}}